{"id":493871,"date":"2026-01-30T15:29:02","date_gmt":"2026-01-30T14:29:02","guid":{"rendered":"https:\/\/www.radiopiu.net\/wordpress\/?p=493871"},"modified":"2026-01-30T15:29:02","modified_gmt":"2026-01-30T14:29:02","slug":"sedico-accende-il-carnevale-2026-tra-feste-carri-e-spettacoli","status":"publish","type":"post","link":"https:\/\/www.radiopiu.net\/wordpress\/sedico-accende-il-carnevale-2026-tra-feste-carri-e-spettacoli\/","title":{"rendered":"SEDICO ACCENDE IL CARNEVALE 2026 TRA FESTE, CARRI E SPETTACOLI"},"content":{"rendered":"<p>********<\/p>\n<p>&nbsp;<\/p>\n<p><a class=\"dt-pswp-item\" href=\"https:\/\/www.radiopiu.net\/wordpress\/wp-content\/uploads\/2026\/01\/carn-sedico-2026-copertina.jpg\" data-dt-img-description=\"\" data-large_image_width=\"955\" data-large_image_height=\"723\"><img loading=\"lazy\" decoding=\"async\" class=\" wp-image-491807 aligncenter\" src=\"https:\/\/www.radiopiu.net\/wordpress\/wp-content\/uploads\/2026\/01\/carn-sedico-2026-copertina-300x227.jpg\" alt=\"\" width=\"222\" height=\"168\" srcset=\"https:\/\/www.radiopiu.net\/wordpress\/wp-content\/uploads\/2026\/01\/carn-sedico-2026-copertina-300x227.jpg 300w, https:\/\/www.radiopiu.net\/wordpress\/wp-content\/uploads\/2026\/01\/carn-sedico-2026-copertina-768x581.jpg 768w, https:\/\/www.radiopiu.net\/wordpress\/wp-content\/uploads\/2026\/01\/carn-sedico-2026-copertina.jpg 955w\" sizes=\"auto, (max-width: 222px) 100vw, 222px\" \/><\/a><\/p>\n<p><strong>SEDICO <\/strong>Cresce l\u2019attesa a Sedico per il gran debutto del Carnevale 2026. Domani sera, sabato 31 gennaio, a partire dalle ore 21.00, al Palaskating di via Ricolt (zona impianti sportivi) \u00e8 in programma il \u201cCarnival Party Sedico 2026\u201d, grande festa di lancio con musica anni \u201980 e \u201990 rigorosamente da vinile a cura di Radio Pi\u00f9, diretta radiofonica, animazione e premi per le maschere pi\u00f9 originali e per quelle provenienti da pi\u00f9 lontano. Sar\u00e0 attivo un fornito chiosco con panini, patatine, bibite e cocktail. L\u2019ingresso \u00e8 libero. Tutti per\u00f2 attendono soprattutto, tra poco pi\u00f9 di una settimana, l\u2019uscita dal capannone di via Vittime del Vajont delle opere realizzate dai maestri carristi sedicensi. Sono ore di lavoro febbrile e incessante per i volontari dell\u2019Associazione Carnevale Sedico, che dormono poco pur di completare in tempo i carri nei laboratori dove vengono costruiti, con un impegno iniziato gi\u00e0 lo scorso giugno. Sta quindi per partire il conto alla rovescia verso il Carnevale di Sedico, la grande kermesse che per due settimane far\u00e0 del paese la capitale bellunese del Carnevale. Dopo la festa di lancio del 31 gennaio, il programma proseguir\u00e0 sabato 7 febbraio 2026 alle ore 18.30, negli spazi espositivi del Nuovo Polo Culturale, con l\u2019apertura della mostra degli elaborati delle scuole del Comune di Sedico che partecipano alla 4\u00aa edizione di \u201cCarnevalarte\u201d, ex tempore sul tema \u201cUn Carnevale\u2026 olimpico\u201d, memorial Livio Maraga. Si continuer\u00e0 domenica 8 febbraio 2026, dalle ore 15, con il tradizionale corso mascherato dei grandiosi carri allegorici dei gruppi sedicensi, la partecipazione straordinaria del Corpo Musicale Comunale di Sedico in maschera, animazione per i pi\u00f9 piccoli con Cirillo e B\u00f2 e spettacolo finale al parco. La sfilata sar\u00e0 trasmessa in diretta radiofonica su Radio Pi\u00f9 e presentata da Alessia Dall\u2019O\u2019. Il fine settimana successivo sar\u00e0 quello clou che accompagner\u00e0 verso la chiusura del Carnevale 2026. Sabato 14 febbraio 2026, dalle ore 15, spazio al Carnevale dei Bambini con la partecipazione delle scuole del Comune di Sedico e, a seguire, la sfilata dei carri mascherati dei gruppi sedicensi. In piazza super animazione per i pi\u00f9 piccoli con Heroebus, autobus a tema supereroi, in collaborazione con Supermercati Kanguro. A conclusione del pomeriggio \u201cAperitivo in maschera\u201d con chiosco, musica e diretta radiofonica a cura di Radio Pi\u00f9, quindi grande spettacolo pirotecnico finale a cura di Pirotecnica Papa. Domenica 15 febbraio 2026, sempre dalle ore 15, andr\u00e0 in scena il secondo grandioso corso mascherato con i carri dei gruppi sedicensi, affiancati da carri e gruppi provenienti da tutta la provincia e dal raduno delle Ape 50 a cura del gruppo \u201cScarburati in zona\u201d. Torner\u00e0 anche l\u2019animazione con Heroebus per i bambini. Anche questa sfilata sar\u00e0 trasmessa in diretta su Radio Pi\u00f9 e presentata da Alessia Dall\u2019O\u2019. Gran finale marted\u00ec 17 febbraio 2026, ultimo giorno di Carnevale, con una giornata dedicata ai bambini e i Laboratori creativi di Irene. Per informazioni e iscrizioni: <a class=\"decorated-link cursor-pointer\" rel=\"noopener\" data-start=\"3041\" data-end=\"3066\">carnevalesedico@gmail.com<\/a>. Per tutta la durata della manifestazione saranno attivi forniti chioschi con bevande calde e un mini luna park. Per i pi\u00f9 piccoli sar\u00e0 presente uno stand di truccabimbi con Bidibi Bodibi Bu. Sar\u00e0 inoltre possibile acquistare i biglietti della Lotteria di Carnevale, con primo premio un buono viaggio del valore di mille euro ed estrazione finale sabato 28 febbraio alle ore 18.<\/p>\n<p>&nbsp;<\/p>\n<p>&nbsp;<\/p>\n<p>&nbsp;<\/p>\n<p>&nbsp;<\/p>\n<p>&nbsp;<\/p>\n<p>**********<\/p>\n","protected":false},"excerpt":{"rendered":"<p>******** &nbsp; SEDICO Cresce l\u2019attesa a Sedico per il gran debutto del Carnevale 2026. Domani sera, sabato 31 gennaio, a partire dalle ore 21.00, al Palaskating di via Ricolt (zona impianti sportivi) \u00e8 in programma il \u201cCarnival Party Sedico 2026\u201d, grande festa di lancio con musica anni \u201980 e \u201990 rigorosamente da vinile a cura&hellip;<\/p>\n","protected":false},"author":4,"featured_media":491807,"comment_status":"closed","ping_status":"closed","sticky":false,"template":"","format":"standard","meta":{"_monsterinsights_skip_tracking":false,"_monsterinsights_sitenote_active":false,"_monsterinsights_sitenote_note":"","_monsterinsights_sitenote_category":0,"footnotes":""},"categories":[104,49],"tags":[],"class_list":["post-493871","post","type-post","status-publish","format-standard","has-post-thumbnail","hentry","category-evidenza_3","category-news-18","category-104","category-49","description-off"],"img_url":"https:\/\/www.radiopiu.net\/wordpress\/wp-content\/uploads\/2026\/01\/carn-sedico-2026-copertina.jpg","_links":{"self":[{"href":"https:\/\/www.radiopiu.net\/wordpress\/wp-json\/wp\/v2\/posts\/493871","targetHints":{"allow":["GET"]}}],"collection":[{"href":"https:\/\/www.radiopiu.net\/wordpress\/wp-json\/wp\/v2\/posts"}],"about":[{"href":"https:\/\/www.radiopiu.net\/wordpress\/wp-json\/wp\/v2\/types\/post"}],"author":[{"embeddable":true,"href":"https:\/\/www.radiopiu.net\/wordpress\/wp-json\/wp\/v2\/users\/4"}],"replies":[{"embeddable":true,"href":"https:\/\/www.radiopiu.net\/wordpress\/wp-json\/wp\/v2\/comments?post=493871"}],"version-history":[{"count":1,"href":"https:\/\/www.radiopiu.net\/wordpress\/wp-json\/wp\/v2\/posts\/493871\/revisions"}],"predecessor-version":[{"id":493872,"href":"https:\/\/www.radiopiu.net\/wordpress\/wp-json\/wp\/v2\/posts\/493871\/revisions\/493872"}],"wp:featuredmedia":[{"embeddable":true,"href":"https:\/\/www.radiopiu.net\/wordpress\/wp-json\/wp\/v2\/media\/491807"}],"wp:attachment":[{"href":"https:\/\/www.radiopiu.net\/wordpress\/wp-json\/wp\/v2\/media?parent=493871"}],"wp:term":[{"taxonomy":"category","embeddable":true,"href":"https:\/\/www.radiopiu.net\/wordpress\/wp-json\/wp\/v2\/categories?post=493871"},{"taxonomy":"post_tag","embeddable":true,"href":"https:\/\/www.radiopiu.net\/wordpress\/wp-json\/wp\/v2\/tags?post=493871"}],"curies":[{"name":"wp","href":"https:\/\/api.w.org\/{rel}","templated":true}]}}