{"id":493892,"date":"2026-01-31T05:49:24","date_gmt":"2026-01-31T04:49:24","guid":{"rendered":"https:\/\/www.radiopiu.net\/wordpress\/?p=493892"},"modified":"2026-01-31T06:06:29","modified_gmt":"2026-01-31T05:06:29","slug":"acqua-non-potabile-a-colle-santa-lucia-sib-raccomanda-la-bollitura","status":"publish","type":"post","link":"https:\/\/www.radiopiu.net\/wordpress\/acqua-non-potabile-a-colle-santa-lucia-sib-raccomanda-la-bollitura\/","title":{"rendered":"ACQUA NON POTABILE A COLLE SANTA LUCIA: SIB RACCOMANDA LA BOLLITURA"},"content":{"rendered":"<p>*********<\/p>\n<p>&nbsp;<\/p>\n<p><a class=\"dt-pswp-item\" href=\"https:\/\/www.radiopiu.net\/wordpress\/wp-content\/uploads\/2023\/01\/bicchiere-acqua.png\" data-dt-img-description=\"\" data-large_image_width=\"1800\" data-large_image_height=\"1166\"><img loading=\"lazy\" decoding=\"async\" class=\"size-medium wp-image-315608 aligncenter\" src=\"https:\/\/www.radiopiu.net\/wordpress\/wp-content\/uploads\/2023\/01\/bicchiere-acqua-300x194.png\" alt=\"\" width=\"300\" height=\"194\" srcset=\"https:\/\/www.radiopiu.net\/wordpress\/wp-content\/uploads\/2023\/01\/bicchiere-acqua-300x194.png 300w, https:\/\/www.radiopiu.net\/wordpress\/wp-content\/uploads\/2023\/01\/bicchiere-acqua-1024x663.png 1024w, https:\/\/www.radiopiu.net\/wordpress\/wp-content\/uploads\/2023\/01\/bicchiere-acqua-768x497.png 768w, https:\/\/www.radiopiu.net\/wordpress\/wp-content\/uploads\/2023\/01\/bicchiere-acqua-1536x995.png 1536w, https:\/\/www.radiopiu.net\/wordpress\/wp-content\/uploads\/2023\/01\/bicchiere-acqua.png 1800w\" sizes=\"auto, (max-width: 300px) 100vw, 300px\" \/><\/a><\/p>\n<p>&nbsp;<\/p>\n<p><strong>COLLE SANTA LUCIA<\/strong> Servizi Integrati Bellunesi informa i cittadini di Colle Santa Lucia, nelle localit\u00e0 Soppelse, Pallua, Costa, Villagrande e Varazza, che l\u2019acqua erogata dall\u2019acquedotto non \u00e8 potabile. L\u2019uso per scopi alimentari \u00e8 consentito solo previa bollitura. Per garantire la continuit\u00e0 del servizio, SIB ha predisposto una cisterna sostitutiva presso il garage sotto il Municipio. Sono gi\u00e0 state avviate le operazioni di pulizia e disinfezione dei serbatoi e della rete idrica. L\u2019azienda invita la popolazione a seguire le indicazioni fornite e comunica che ulteriori aggiornamenti saranno diffusi nei prossimi giorni, garantendo la sicurezza dell\u2019approvvigionamento idrico.<\/p>\n<p>&nbsp;<\/p>\n<p>&nbsp;<\/p>\n<p>&nbsp;<\/p>\n<p>*********<\/p>\n","protected":false},"excerpt":{"rendered":"<p>********* &nbsp; &nbsp; COLLE SANTA LUCIA Servizi Integrati Bellunesi informa i cittadini di Colle Santa Lucia, nelle localit\u00e0 Soppelse, Pallua, Costa, Villagrande e Varazza, che l\u2019acqua erogata dall\u2019acquedotto non \u00e8 potabile. L\u2019uso per scopi alimentari \u00e8 consentito solo previa bollitura. Per garantire la continuit\u00e0 del servizio, SIB ha predisposto una cisterna sostitutiva presso il garage&hellip;<\/p>\n","protected":false},"author":4,"featured_media":315608,"comment_status":"closed","ping_status":"closed","sticky":false,"template":"","format":"standard","meta":{"_monsterinsights_skip_tracking":false,"_monsterinsights_sitenote_active":false,"_monsterinsights_sitenote_note":"","_monsterinsights_sitenote_category":0,"footnotes":""},"categories":[51,49],"tags":[],"class_list":["post-493892","post","type-post","status-publish","format-standard","has-post-thumbnail","hentry","category-evidenza-top","category-news-18","category-51","category-49","description-off"],"img_url":"https:\/\/www.radiopiu.net\/wordpress\/wp-content\/uploads\/2023\/01\/bicchiere-acqua.png","_links":{"self":[{"href":"https:\/\/www.radiopiu.net\/wordpress\/wp-json\/wp\/v2\/posts\/493892","targetHints":{"allow":["GET"]}}],"collection":[{"href":"https:\/\/www.radiopiu.net\/wordpress\/wp-json\/wp\/v2\/posts"}],"about":[{"href":"https:\/\/www.radiopiu.net\/wordpress\/wp-json\/wp\/v2\/types\/post"}],"author":[{"embeddable":true,"href":"https:\/\/www.radiopiu.net\/wordpress\/wp-json\/wp\/v2\/users\/4"}],"replies":[{"embeddable":true,"href":"https:\/\/www.radiopiu.net\/wordpress\/wp-json\/wp\/v2\/comments?post=493892"}],"version-history":[{"count":1,"href":"https:\/\/www.radiopiu.net\/wordpress\/wp-json\/wp\/v2\/posts\/493892\/revisions"}],"predecessor-version":[{"id":493893,"href":"https:\/\/www.radiopiu.net\/wordpress\/wp-json\/wp\/v2\/posts\/493892\/revisions\/493893"}],"wp:featuredmedia":[{"embeddable":true,"href":"https:\/\/www.radiopiu.net\/wordpress\/wp-json\/wp\/v2\/media\/315608"}],"wp:attachment":[{"href":"https:\/\/www.radiopiu.net\/wordpress\/wp-json\/wp\/v2\/media?parent=493892"}],"wp:term":[{"taxonomy":"category","embeddable":true,"href":"https:\/\/www.radiopiu.net\/wordpress\/wp-json\/wp\/v2\/categories?post=493892"},{"taxonomy":"post_tag","embeddable":true,"href":"https:\/\/www.radiopiu.net\/wordpress\/wp-json\/wp\/v2\/tags?post=493892"}],"curies":[{"name":"wp","href":"https:\/\/api.w.org\/{rel}","templated":true}]}}