{"id":493965,"date":"2026-01-30T23:59:40","date_gmt":"2026-01-30T22:59:40","guid":{"rendered":"https:\/\/www.radiopiu.net\/wordpress\/?p=493965"},"modified":"2026-01-30T23:35:35","modified_gmt":"2026-01-30T22:35:35","slug":"disco-piu-dal-31-gennaio-al-06-febbraio-2026","status":"publish","type":"post","link":"https:\/\/www.radiopiu.net\/wordpress\/disco-piu-dal-31-gennaio-al-06-febbraio-2026\/","title":{"rendered":"DISCO PIU\u2019 DAL 31 GENNAIO AL 06 FEBBRAIO 2026"},"content":{"rendered":"<p>*********<\/p>\n<p>&nbsp;<\/p>\n<p><strong><a class=\"dt-pswp-item\" href=\"https:\/\/www.radiopiu.net\/wordpress\/wp-content\/uploads\/2026\/01\/springsteen.jpg\" data-dt-img-description=\"\" data-large_image_width=\"1026\" data-large_image_height=\"1015\"><img loading=\"lazy\" decoding=\"async\" class=\" wp-image-493966 alignleft\" src=\"https:\/\/www.radiopiu.net\/wordpress\/wp-content\/uploads\/2026\/01\/springsteen-300x297.jpg\" alt=\"\" width=\"173\" height=\"171\" srcset=\"https:\/\/www.radiopiu.net\/wordpress\/wp-content\/uploads\/2026\/01\/springsteen-300x297.jpg 300w, https:\/\/www.radiopiu.net\/wordpress\/wp-content\/uploads\/2026\/01\/springsteen-1024x1013.jpg 1024w, https:\/\/www.radiopiu.net\/wordpress\/wp-content\/uploads\/2026\/01\/springsteen-768x760.jpg 768w, https:\/\/www.radiopiu.net\/wordpress\/wp-content\/uploads\/2026\/01\/springsteen.jpg 1026w\" sizes=\"auto, (max-width: 173px) 100vw, 173px\" \/><\/a>I SUCCESSI DI DOMANI<\/strong><\/p>\n<p><strong>LI ASCOLTI OGGI\u2026SU RADIO PIU\u2019<\/strong><\/p>\n<p><strong>IL DISCO PIU\u2019 DAL 31 GENNAIO AL 06 FEBBRAIO 2026 E\u2019:<\/strong><\/p>\n<p><strong>ARTISTA:<\/strong>\u00a0<strong>Bruce Springsteen<\/strong><\/p>\n<p><strong>TITOLO:\u00a0Streets Of Minneapolis<\/strong><\/p>\n<p><strong>ETICHETTA: Sony Music<\/strong><\/p>\n<p><strong>\u00a0<\/strong><\/p>\n<p>Bruce Springsteen ha pubblicato il nuovo singolo <em>Streets of Minneapolis<\/em>, una potente canzone di protesta dedicata alla gente di Minneapolis, ai vicini immigrati e alla memoria di Alex Pretti e Renee Good, due cittadini uccisi durante un\u2019operazione dell\u2019ICE che ha scatenato proteste e indignazione nazionale. \u00a0Scritta e registrata in pochi giorni, Springsteen definisce il brano una risposta allo \u201cstato di terrore\u201d che si \u00e8 abbattuto sulla citt\u00e0, unendo testi evocativi con una denuncia esplicita delle tensioni sociali e politiche attuali negli Stati Uniti. \u00a0Il singolo \u00e8 un appello alla libert\u00e0 e alla solidariet\u00e0, richiamando l\u2019attenzione anche sulla situazione degli immigrati e sulla necessit\u00e0 di giustizia.<\/p>\n<p>&nbsp;<\/p>\n<p><iframe loading=\"lazy\" title=\"Bruce Springsteen - Streets Of Minneapolis (Official Audio)\" width=\"1200\" height=\"675\" src=\"https:\/\/www.youtube.com\/embed\/wWKSoxG1K7w?feature=oembed\" frameborder=\"0\" allow=\"accelerometer; autoplay; clipboard-write; encrypted-media; gyroscope; picture-in-picture; web-share\" referrerpolicy=\"strict-origin-when-cross-origin\" allowfullscreen><\/iframe><\/p>\n<p>&nbsp;<\/p>\n<p>&nbsp;<\/p>\n<p>&nbsp;<\/p>\n<p>&nbsp;<\/p>\n<p>********<\/p>\n","protected":false},"excerpt":{"rendered":"<p>********* &nbsp; I SUCCESSI DI DOMANI LI ASCOLTI OGGI\u2026SU RADIO PIU\u2019 IL DISCO PIU\u2019 DAL 31 GENNAIO AL 06 FEBBRAIO 2026 E\u2019: ARTISTA:\u00a0Bruce Springsteen TITOLO:\u00a0Streets Of Minneapolis ETICHETTA: Sony Music \u00a0 Bruce Springsteen ha pubblicato il nuovo singolo Streets of Minneapolis, una potente canzone di protesta dedicata alla gente di Minneapolis, ai vicini immigrati e&hellip;<\/p>\n","protected":false},"author":4,"featured_media":493966,"comment_status":"closed","ping_status":"closed","sticky":false,"template":"","format":"standard","meta":{"_monsterinsights_skip_tracking":false,"_monsterinsights_sitenote_active":false,"_monsterinsights_sitenote_note":"","_monsterinsights_sitenote_category":0,"footnotes":""},"categories":[15],"tags":[],"class_list":["post-493965","post","type-post","status-publish","format-standard","has-post-thumbnail","hentry","category-discopiu","category-15","description-off"],"img_url":"https:\/\/www.radiopiu.net\/wordpress\/wp-content\/uploads\/2026\/01\/springsteen.jpg","_links":{"self":[{"href":"https:\/\/www.radiopiu.net\/wordpress\/wp-json\/wp\/v2\/posts\/493965","targetHints":{"allow":["GET"]}}],"collection":[{"href":"https:\/\/www.radiopiu.net\/wordpress\/wp-json\/wp\/v2\/posts"}],"about":[{"href":"https:\/\/www.radiopiu.net\/wordpress\/wp-json\/wp\/v2\/types\/post"}],"author":[{"embeddable":true,"href":"https:\/\/www.radiopiu.net\/wordpress\/wp-json\/wp\/v2\/users\/4"}],"replies":[{"embeddable":true,"href":"https:\/\/www.radiopiu.net\/wordpress\/wp-json\/wp\/v2\/comments?post=493965"}],"version-history":[{"count":1,"href":"https:\/\/www.radiopiu.net\/wordpress\/wp-json\/wp\/v2\/posts\/493965\/revisions"}],"predecessor-version":[{"id":493967,"href":"https:\/\/www.radiopiu.net\/wordpress\/wp-json\/wp\/v2\/posts\/493965\/revisions\/493967"}],"wp:featuredmedia":[{"embeddable":true,"href":"https:\/\/www.radiopiu.net\/wordpress\/wp-json\/wp\/v2\/media\/493966"}],"wp:attachment":[{"href":"https:\/\/www.radiopiu.net\/wordpress\/wp-json\/wp\/v2\/media?parent=493965"}],"wp:term":[{"taxonomy":"category","embeddable":true,"href":"https:\/\/www.radiopiu.net\/wordpress\/wp-json\/wp\/v2\/categories?post=493965"},{"taxonomy":"post_tag","embeddable":true,"href":"https:\/\/www.radiopiu.net\/wordpress\/wp-json\/wp\/v2\/tags?post=493965"}],"curies":[{"name":"wp","href":"https:\/\/api.w.org\/{rel}","templated":true}]}}