{"id":493977,"date":"2026-01-31T05:53:10","date_gmt":"2026-01-31T04:53:10","guid":{"rendered":"https:\/\/www.radiopiu.net\/wordpress\/?p=493977"},"modified":"2026-01-31T08:33:35","modified_gmt":"2026-01-31T07:33:35","slug":"biglietto-mancante-umanita-assente","status":"publish","type":"post","link":"https:\/\/www.radiopiu.net\/wordpress\/biglietto-mancante-umanita-assente\/","title":{"rendered":"BIGLIETTO MANCANTE, UMANIT\u00c0 ASSENTE"},"content":{"rendered":"<p>***<\/p>\n<div class=\"[--thread-content-max-width:40rem] @w-lg\/main:[--thread-content-max-width:48rem] mx-auto max-w-(--thread-content-max-width) flex-1 group\/turn-messages focus-visible:outline-hidden relative flex w-full min-w-0 flex-col agent-turn\" tabindex=\"-1\">\n<div class=\"z-0 flex min-h-[46px] justify-start\">\n<p><strong>LA VIGNETTA DI PIERALDO VIGNAZIA 2026<\/strong><\/p>\n<\/div>\n<\/div>\n<div class=\"[--thread-content-max-width:40rem] @w-lg\/main:[--thread-content-max-width:48rem] mx-auto max-w-(--thread-content-max-width) flex-1 group\/turn-messages focus-visible:outline-hidden relative flex w-full min-w-0 flex-col agent-turn\" tabindex=\"-1\">\n<div class=\"z-0 flex min-h-[46px] justify-start\">\n<h3><a class=\"dt-pswp-item\" href=\"https:\/\/www.radiopiu.net\/wordpress\/wp-content\/uploads\/2026\/01\/bdb21a09-dab9-44e9-81cb-1305c6a286ed-2.jpg\" data-dt-img-description=\"\" data-large_image_width=\"591\" data-large_image_height=\"591\"><img loading=\"lazy\" decoding=\"async\" class=\"size-medium wp-image-493976 aligncenter\" src=\"https:\/\/www.radiopiu.net\/wordpress\/wp-content\/uploads\/2026\/01\/bdb21a09-dab9-44e9-81cb-1305c6a286ed-2-300x300.jpg\" alt=\"\" width=\"300\" height=\"300\" srcset=\"https:\/\/www.radiopiu.net\/wordpress\/wp-content\/uploads\/2026\/01\/bdb21a09-dab9-44e9-81cb-1305c6a286ed-2-300x300.jpg 300w, https:\/\/www.radiopiu.net\/wordpress\/wp-content\/uploads\/2026\/01\/bdb21a09-dab9-44e9-81cb-1305c6a286ed-2-150x150.jpg 150w, https:\/\/www.radiopiu.net\/wordpress\/wp-content\/uploads\/2026\/01\/bdb21a09-dab9-44e9-81cb-1305c6a286ed-2.jpg 591w\" sizes=\"auto, (max-width: 300px) 100vw, 300px\" \/><\/a><\/h3>\n<p>\u201cQui si ride, ma poco. Un bambino chiede cosa dovr\u00e0 fare da grande, nella neve. E la risposta sembra gi\u00e0 scritta: arrangiarsi. Perch\u00e9 <em data-start=\"221\" data-end=\"240\">a volte ritornano<\/em> le storie in cui un minore resta a piedi, non sale sull\u2019autobus perch\u00e9 non ha i soldi, e si ritrova da solo, nella neve, come se fosse normale. Il sergente \u00e8 grande, scuro, silenzioso\u2026 come certe regole applicate senza cervello. Una vignetta che fa satira, s\u00ec, ma soprattutto mette a nudo un\u2019idea pericolosa: che il regolamento conti pi\u00f9 delle persone. Anche quando la persona \u00e8 un bambino.\u201d (mm)<\/p>\n<blockquote>\n<h2 data-start=\"0\" data-end=\"67\"><strong data-start=\"13\" data-end=\"67\">\u00a0BIMBO A PIEDI SOTTO LA NEVE<\/strong><\/h2>\n<\/blockquote>\n<article class=\"text-token-text-primary w-full focus:outline-none [--shadow-height:45px] has-data-writing-block:pointer-events-none has-data-writing-block:-mt-(--shadow-height) has-data-writing-block:pt-(--shadow-height) [&amp;:has([data-writing-block])&gt;*]:pointer-events-auto scroll-mt-[calc(var(--header-height)+min(200px,max(70px,20svh)))]\" dir=\"auto\" tabindex=\"-1\" data-turn-id=\"4cbf13b6-d98f-4242-8dee-ffd2f90ad2fc\" data-testid=\"conversation-turn-244\" data-scroll-anchor=\"false\" data-turn=\"assistant\">\n<div class=\"text-base my-auto mx-auto [--thread-content-margin:--spacing(4)] @w-sm\/main:[--thread-content-margin:--spacing(6)] @w-lg\/main:[--thread-content-margin:--spacing(16)] px-(--thread-content-margin)\">\n<div class=\"[--thread-content-max-width:40rem] @w-lg\/main:[--thread-content-max-width:48rem] mx-auto max-w-(--thread-content-max-width) flex-1 group\/turn-messages focus-visible:outline-hidden relative flex w-full min-w-0 flex-col agent-turn\" tabindex=\"-1\">\n<div class=\"flex max-w-full flex-col grow\">\n<div class=\"min-h-8 text-message relative flex w-full flex-col items-end gap-2 text-start break-words whitespace-normal [.text-message+&amp;]:mt-1\" dir=\"auto\" data-message-author-role=\"assistant\" data-message-id=\"0298183e-3596-4fcd-a067-da5bb840ee51\" data-message-model-slug=\"gpt-5-2\">\n<div class=\"flex w-full flex-col gap-1 empty:hidden first:pt-[1px]\">\n<div class=\"markdown prose dark:prose-invert w-full wrap-break-word dark markdown-new-styling\">\n<p data-start=\"24\" data-end=\"511\" data-is-last-node=\"\" data-is-only-node=\"\"><a class=\"dt-pswp-item\" href=\"https:\/\/www.radiopiu.net\/wordpress\/wp-content\/uploads\/2026\/01\/4a9175d1-f6ea-426a-8ee7-d33ab6283737.jpg\" data-dt-img-description=\"\" data-large_image_width=\"1536\" data-large_image_height=\"1024\"><img loading=\"lazy\" decoding=\"async\" class=\"size-medium wp-image-493728 aligncenter\" src=\"https:\/\/www.radiopiu.net\/wordpress\/wp-content\/uploads\/2026\/01\/4a9175d1-f6ea-426a-8ee7-d33ab6283737-300x200.jpg\" alt=\"\" width=\"300\" height=\"200\" srcset=\"https:\/\/www.radiopiu.net\/wordpress\/wp-content\/uploads\/2026\/01\/4a9175d1-f6ea-426a-8ee7-d33ab6283737-300x200.jpg 300w, https:\/\/www.radiopiu.net\/wordpress\/wp-content\/uploads\/2026\/01\/4a9175d1-f6ea-426a-8ee7-d33ab6283737-1024x683.jpg 1024w, https:\/\/www.radiopiu.net\/wordpress\/wp-content\/uploads\/2026\/01\/4a9175d1-f6ea-426a-8ee7-d33ab6283737-768x512.jpg 768w, https:\/\/www.radiopiu.net\/wordpress\/wp-content\/uploads\/2026\/01\/4a9175d1-f6ea-426a-8ee7-d33ab6283737.jpg 1536w\" sizes=\"auto, (max-width: 300px) 100vw, 300px\" \/><\/a><\/p>\n<article class=\"text-token-text-primary w-full focus:outline-none [--shadow-height:45px] has-data-writing-block:pointer-events-none has-data-writing-block:-mt-(--shadow-height) has-data-writing-block:pt-(--shadow-height) [&amp;:has([data-writing-block])&gt;*]:pointer-events-auto scroll-mt-[calc(var(--header-height)+min(200px,max(70px,20svh)))]\" dir=\"auto\" tabindex=\"-1\" data-turn-id=\"4cbf13b6-d98f-4242-8dee-ffd2f90ad2fc\" data-testid=\"conversation-turn-244\" data-scroll-anchor=\"false\" data-turn=\"assistant\">\n<div class=\"text-base my-auto mx-auto [--thread-content-margin:--spacing(4)] @w-sm\/main:[--thread-content-margin:--spacing(6)] @w-lg\/main:[--thread-content-margin:--spacing(16)] px-(--thread-content-margin)\">\n<div class=\"[--thread-content-max-width:40rem] @w-lg\/main:[--thread-content-max-width:48rem] mx-auto max-w-(--thread-content-max-width) flex-1 group\/turn-messages focus-visible:outline-hidden relative flex w-full min-w-0 flex-col agent-turn\" tabindex=\"-1\">\n<div class=\"flex max-w-full flex-col grow\">\n<div class=\"min-h-8 text-message relative flex w-full flex-col items-end gap-2 text-start break-words whitespace-normal [.text-message+&amp;]:mt-1\" dir=\"auto\" data-message-author-role=\"assistant\" data-message-id=\"0298183e-3596-4fcd-a067-da5bb840ee51\" data-message-model-slug=\"gpt-5-2\">\n<div class=\"flex w-full flex-col gap-1 empty:hidden first:pt-[1px]\">\n<div class=\"markdown prose dark:prose-invert w-full wrap-break-word dark markdown-new-styling\">\n<p data-start=\"24\" data-end=\"511\" data-is-last-node=\"\" data-is-only-node=\"\"><strong data-start=\"217\" data-end=\"246\">Autista sospeso in via preventiva<\/strong> e l&#8217;azienda dei trasporti pubblici bellunese DOLOMITIBUS ha\u00a0 avviato un\u2019indagine interna. L\u2019azienda ribadisce che <strong data-start=\"305\" data-end=\"355\">nessun minore deve mai essere lasciato a terra<\/strong>, anche senza biglietto. In corso verifiche sui filmati di bordo e <strong data-start=\"422\" data-end=\"446\">ricerca di testimoni<\/strong> tra i passeggeri. L\u2019esito potrebbe portare al <strong data-start=\"493\" data-end=\"510\">licenziamento<\/strong>.<\/p>\n<\/div>\n<\/div>\n<\/div>\n<\/div>\n<\/div>\n<\/div>\n<\/article>\n<blockquote>\n<h2 style=\"text-align: center;\" data-start=\"0\" data-end=\"62\"><strong data-start=\"13\" data-end=\"62\">OLIMPIADI A 10 EURO: LA RI<\/strong><\/h2>\n<\/blockquote>\n<\/div>\n<\/div>\n<\/div>\n<\/div>\n<\/div>\n<\/div>\n<\/article>\n<blockquote>\n<h2 data-start=\"0\" data-end=\"62\"><strong data-start=\"13\" data-end=\"62\">OLIMPIADI A 10 EURO: LA RIVOLTA DEI BELLUNESI<\/strong><\/h2>\n<\/blockquote>\n<p data-start=\"64\" data-end=\"681\" data-is-last-node=\"\" data-is-only-node=\"\">\u00c8 bufera sul biglietto da 10 euro sulla linea Calalzo\u2013Cortina e sul fondo provinciale da 10 mila euro per i residenti, giudicato insufficiente e paradossale. Dopo il caso del bambino di 11 anni lasciato a piedi, studenti, sindacati, categorie economiche e politica chiedono il ritorno alle vecchie tariffe: i Giochi, dicono, non possono essere pagati dai bellunesi. La Provincia difende le scelte legate ai costi del trasporto olimpico, ma ammette che si cercano correttivi. Intanto cresce la protesta contro un trasporto pubblico ritenuto caro, iniquo e lontano dai bisogni del territorio<br \/>\n<a class=\"dt-pswp-item\" href=\"https:\/\/www.radiopiu.net\/wordpress\/wp-content\/uploads\/2026\/01\/4825161d-505b-4a91-b038-50920923b342.png\" data-dt-img-description=\"\" data-large_image_width=\"1536\" data-large_image_height=\"1024\"><img loading=\"lazy\" decoding=\"async\" class=\"size-medium wp-image-493640 aligncenter\" src=\"https:\/\/www.radiopiu.net\/wordpress\/wp-content\/uploads\/2026\/01\/4825161d-505b-4a91-b038-50920923b342-300x200.png\" alt=\"\" width=\"300\" height=\"200\" srcset=\"https:\/\/www.radiopiu.net\/wordpress\/wp-content\/uploads\/2026\/01\/4825161d-505b-4a91-b038-50920923b342-300x200.png 300w, https:\/\/www.radiopiu.net\/wordpress\/wp-content\/uploads\/2026\/01\/4825161d-505b-4a91-b038-50920923b342-1024x683.png 1024w, https:\/\/www.radiopiu.net\/wordpress\/wp-content\/uploads\/2026\/01\/4825161d-505b-4a91-b038-50920923b342-768x512.png 768w, https:\/\/www.radiopiu.net\/wordpress\/wp-content\/uploads\/2026\/01\/4825161d-505b-4a91-b038-50920923b342.png 1536w\" sizes=\"auto, (max-width: 300px) 100vw, 300px\" \/><\/a><\/p>\n<blockquote>\n<h2 data-start=\"0\" data-end=\"92\"><strong data-start=\"13\" data-end=\"92\">\u201cNON DEVE CAPITARE PI\u00d9\u201d: I GENITORI ROMPONO IL SILENZIO, ESPOSTO IN PROCURA<\/strong><\/h2>\n<\/blockquote>\n<p data-start=\"94\" data-end=\"740\" data-is-last-node=\"\" data-is-only-node=\"\">\u00abSiamo qui per evitare che accada ancora\u00bb: cos\u00ec i genitori del bambino di 11 anni lasciato a piedi sotto la neve, intervenuti a <em data-start=\"249\" data-end=\"264\">1Mattina News<\/em>. Raccontano amarezza e stupore, ma anche l\u2019idea di una comunit\u00e0 che avrebbe dovuto proteggere un minore. Intanto il Codacons presenta un esposto alla Procura di Belluno, parlando di possibile abbandono di minore e di gravi responsabilit\u00e0 non solo dell\u2019autista, ma anche dell\u2019azienda e delle istituzioni. Sotto accusa anche il biglietto da 10 euro legato alle Olimpiadi: un rincaro che, secondo Codacons, avrebbe contribuito a creare una situazione di pericolo per un bambino.<\/p>\n<h3><span style=\"color: #ff0000;\"><strong>e quella di ieri&#8230;<\/strong><\/span><\/h3>\n<div class=\"page-title-head hgroup\">\n<h1 class=\"entry-title\">BIGLIETTO UNICO: USCITA<\/h1>\n<\/div>\n<div class=\"page-title-breadcrumbs\">\n<h3 data-start=\"0\" data-end=\"266\">La vignetta di Pieraldo Vignazia non fa sconti: dietro il sorriso dell\u2019ironia c\u2019\u00e8 un territorio che cambia pelle e caccia chi la vive. Il biglietto del bus aumenta, l\u2019Olimpiade avanza e il messaggio \u00e8 chiaro: non serve incentivare i residenti, basta spingerli fuori. \u201cMondo Resort\u201d non \u00e8 una battuta, \u00e8 una diagnosi: paesi che diventano vetrina (ma senza marchi a cinque cerchi o riferimenti all\u2019evento che conosciamo), evento, consumo. Chi abita? Un fastidio logistico. Le Olimpiadi arrivano, i prezzi salgono. E ai cittadini resta solo una possibilit\u00e0: adattarsi o andarsene. (mm)<\/h3>\n<p class=\"photoswipe-wrapper\" data-start=\"268\" data-end=\"503\" data-is-last-node=\"\" data-is-only-node=\"\"><a class=\"dt-pswp-item pspw-wrap-ready\" href=\"https:\/\/www.radiopiu.net\/wordpress\/wp-content\/uploads\/2026\/01\/897c0b09-d749-4f20-8b7a-9d34f6be3e92.jpg\" data-dt-img-description=\"\" data-large_image_width=\"1093\" data-large_image_height=\"893\"><img loading=\"lazy\" decoding=\"async\" class=\"size-medium wp-image-493864 aligncenter\" src=\"https:\/\/www.radiopiu.net\/wordpress\/wp-content\/uploads\/2026\/01\/897c0b09-d749-4f20-8b7a-9d34f6be3e92-300x245.jpg\" sizes=\"auto, (max-width: 300px) 100vw, 300px\" srcset=\"https:\/\/www.radiopiu.net\/wordpress\/wp-content\/uploads\/2026\/01\/897c0b09-d749-4f20-8b7a-9d34f6be3e92-300x245.jpg 300w, https:\/\/www.radiopiu.net\/wordpress\/wp-content\/uploads\/2026\/01\/897c0b09-d749-4f20-8b7a-9d34f6be3e92-1024x837.jpg 1024w, https:\/\/www.radiopiu.net\/wordpress\/wp-content\/uploads\/2026\/01\/897c0b09-d749-4f20-8b7a-9d34f6be3e92-768x627.jpg 768w, https:\/\/www.radiopiu.net\/wordpress\/wp-content\/uploads\/2026\/01\/897c0b09-d749-4f20-8b7a-9d34f6be3e92.jpg 1093w\" alt=\"\" width=\"300\" height=\"245\" \/><\/a><\/p>\n<\/div>\n<\/div>\n<\/div>\n","protected":false},"excerpt":{"rendered":"<p>*** LA VIGNETTA DI PIERALDO VIGNAZIA 2026 \u201cQui si ride, ma poco. Un bambino chiede cosa dovr\u00e0 fare da grande, nella neve. E la risposta sembra gi\u00e0 scritta: arrangiarsi. Perch\u00e9 a volte ritornano le storie in cui un minore resta a piedi, non sale sull\u2019autobus perch\u00e9 non ha i soldi, e si ritrova da solo,&hellip;<\/p>\n","protected":false},"author":4,"featured_media":493976,"comment_status":"closed","ping_status":"closed","sticky":false,"template":"","format":"standard","meta":{"_monsterinsights_skip_tracking":false,"_monsterinsights_sitenote_active":false,"_monsterinsights_sitenote_note":"","_monsterinsights_sitenote_category":0,"footnotes":""},"categories":[51,49],"tags":[],"class_list":["post-493977","post","type-post","status-publish","format-standard","has-post-thumbnail","hentry","category-evidenza-top","category-news-18","category-51","category-49","description-off"],"img_url":"https:\/\/www.radiopiu.net\/wordpress\/wp-content\/uploads\/2026\/01\/bdb21a09-dab9-44e9-81cb-1305c6a286ed-2.jpg","_links":{"self":[{"href":"https:\/\/www.radiopiu.net\/wordpress\/wp-json\/wp\/v2\/posts\/493977","targetHints":{"allow":["GET"]}}],"collection":[{"href":"https:\/\/www.radiopiu.net\/wordpress\/wp-json\/wp\/v2\/posts"}],"about":[{"href":"https:\/\/www.radiopiu.net\/wordpress\/wp-json\/wp\/v2\/types\/post"}],"author":[{"embeddable":true,"href":"https:\/\/www.radiopiu.net\/wordpress\/wp-json\/wp\/v2\/users\/4"}],"replies":[{"embeddable":true,"href":"https:\/\/www.radiopiu.net\/wordpress\/wp-json\/wp\/v2\/comments?post=493977"}],"version-history":[{"count":6,"href":"https:\/\/www.radiopiu.net\/wordpress\/wp-json\/wp\/v2\/posts\/493977\/revisions"}],"predecessor-version":[{"id":494018,"href":"https:\/\/www.radiopiu.net\/wordpress\/wp-json\/wp\/v2\/posts\/493977\/revisions\/494018"}],"wp:featuredmedia":[{"embeddable":true,"href":"https:\/\/www.radiopiu.net\/wordpress\/wp-json\/wp\/v2\/media\/493976"}],"wp:attachment":[{"href":"https:\/\/www.radiopiu.net\/wordpress\/wp-json\/wp\/v2\/media?parent=493977"}],"wp:term":[{"taxonomy":"category","embeddable":true,"href":"https:\/\/www.radiopiu.net\/wordpress\/wp-json\/wp\/v2\/categories?post=493977"},{"taxonomy":"post_tag","embeddable":true,"href":"https:\/\/www.radiopiu.net\/wordpress\/wp-json\/wp\/v2\/tags?post=493977"}],"curies":[{"name":"wp","href":"https:\/\/api.w.org\/{rel}","templated":true}]}}