{"id":49772,"date":"2018-06-01T06:59:43","date_gmt":"2018-06-01T04:59:43","guid":{"rendered":"http:\/\/www.radiopiu.net\/wordpress\/?p=49772"},"modified":"2018-06-01T11:39:58","modified_gmt":"2018-06-01T09:39:58","slug":"giornale-radiopiu-01-giugno-2018-direttore-mirko-mezzacasa","status":"publish","type":"post","link":"https:\/\/www.radiopiu.net\/wordpress\/giornale-radiopiu-01-giugno-2018-direttore-mirko-mezzacasa\/","title":{"rendered":"GIORNALE RADIOPIU 01 GIUGNO 2018 DIRETTORE MIRKO MEZZACASA"},"content":{"rendered":"<blockquote>\n<h1>A CANALE\u00a0 D&#8217;AGORDO I GIOCHI DE NA OLTA, WALTER IMPROVVISA, IL PAESE RISPONDE<\/h1>\n<p>http:\/\/www.radiopiu.net\/wordpress\/i-giochi-de-na-olta-oggi-a-canale-dagordo\/<\/p><\/blockquote>\n<blockquote>\n<h1><\/h1>\n<h1><\/h1>\n<h1>METEO. STATO DI ATTENZIONE PER TEMPORALI NEL BELLUNESE.<\/h1>\n<\/blockquote>\n<p><strong><img loading=\"lazy\" decoding=\"async\" class=\" wp-image-18663 alignleft\" src=\"http:\/\/www.radiopiu.net\/wordpress\/wp-content\/uploads\/2016\/04\/meteo_script.gif\" alt=\"\" width=\"155\" height=\"155\" \/>VENEZIA<\/strong> Il Centro Funzionale Decentrato della Protezione Civile della Regione Veneto, sulla base delle condizioni meteo attese, ha emesso lo Stato di Attenzione per criticit\u00e0 idrogeologica, riferito allo scenario di possibili temporali forti, sul bacino idrografico \u201cAlto Piave\u201d, in provincia di Belluno. L\u2019avviso ha validit\u00e0 dalle 8 di questa mattina, fino alle 8 di domani. Il CentroFunzionale Decentrato ha anche emesso un Bollettino Temporali, in versione sperimentale 2018, relativo all\u2019area della frana di Borca di Cadore (Belluno), dichiarando il livello di allerta 2, Stato di Attenzione Rinforzata, fino alla mezzanotte<\/p>\n<p>&nbsp;<\/p>\n<p>&nbsp;<\/p>\n<blockquote>\n<h1>VIABILITA&#8217;<\/h1>\n<\/blockquote>\n<p><img loading=\"lazy\" decoding=\"async\" class=\" wp-image-13451 alignleft\" src=\"http:\/\/www.radiopiu.net\/wordpress\/wp-content\/uploads\/2015\/11\/strada_3.jpg\" alt=\"\" width=\"154\" height=\"154\" \/>FINO a questa sera interdizione totale lungo la provinciale 347 del Cereda e Duran tra gli abitati di Cordelle e Pradel dalle 8.15 alle 12.30 e dalle 14 alle 18 anche nei giorni festivi e prefestivi. Posa cavidotto Enel.<br \/>\nFINO al 15 giugno lungo la provinciale 347 del Cereda e Duran senso unico alternato con semaforo in Comune di Gosaldo anche nei giorni festivi e prefestivi. Ripristino barriere di sicurezza.<br \/>\nFINO al 3 agosto senso unico alternato regolato da semaforo lungo la provinciale 24 della Valparola in Comune di Livinallongo del Col di Lana compresi festivi e prefestivi<\/p>\n<p>anche infrasettimanali. Consolidamento corpo stradale.<\/p>\n<p>&nbsp;<\/p>\n<p>&nbsp;<\/p>\n<p>&nbsp;<\/p>\n<blockquote>\n<h1>BELLUNO, MERCATO DEL LAVORO IN PROVINCIA<\/h1>\n<\/blockquote>\n<p><strong>di Mirko Mezzacasa<\/strong><br \/>\nSULLA HOME PAGE DEL SITO WWW.RADIOPIU.NET pubblichiamo i dati comprensivi di grafici e tabelle circa l&#8217;andamento del mercato del lavoro in Provincia con il commento in audio del presidente Roberto Padrin. L&#8217;ufficio statistica della Provincia ha infatti pubblicato i dati estratti dagli archivi dei centri per l&#8217;impiego sul mercato del lavoro aggiornati al primo trimestre 2018.<\/p>\n<p><a href=\"http:\/\/statistica.provincia.belluno.it\/images\/Lavoro\/News_MdL_1trim2018.pdf\">CLICCA QUI PER ACCEDERE ALLE STATISTICHE<\/a><\/p>\n<p><strong>I disoccupati in Provincia<\/strong><br \/>\nIl primo trimestre del 2018 presenta una ulteriore diminuzione dei disoccupati che risulta consistente come si pu\u00f2 osservare sia dalla tabella che dal grafico . In particolare questa diminuzione continua con costanza a riassorbire i disoccupati da pi\u00f9 di dodici mesi e rappresenta un segnale evidente che la ripresa economica \u00e8 ancora attiva. Il dato conferma la tendenza alla diminuzione dei disoccupati per tutte le aree della Provincia. Il numero delle donne disoccupate continua anch\u2019esso a diminuire e come sempre in misura minore rispetto al numero dei maschi. I rialzi di dicembre ed agosto sono dovuti alla stagionalit\u00e0. I dati mettono in luce che la diminuzione \u00e8 presente non solo nella classe pi\u00f9 giovane, cio\u00e8 quella da 18 a 29 anni, ma anche nelle altre classi d\u2019et\u00e0. Il numero complessivo dei contratti \u00e8 ancora cresciuto in misura consistente e a parte i contratti a tempo indeterminato, che mantengono un buon livello, tutte le altre tipologie aumentano la propria consistenza. Un segnale importante risulta la crescita non solo dell\u2019alberghiero e ristorazione ma anche dei comparti industriali che trainano con la loro crescita anche i servizi alle imprese. Il numero totale di avviamenti vedono Agordo stabile, mentre Belluno, Feltre e Pieve di Cadore risultano in crescita. E\u2019 evidente che l\u2019aumento dei contratti \u00e8 dovuto in buona parte ai contratti a tempo determinato. Questa dinamica, gi\u00e0 registrata nei trimestri precedenti, prosegue anche nel primo trimestre del 2018. <strong>IL COMMENTO DEL PRESIDENTE DELLA PROVINCIA ROBERTO PADRIN<\/strong><\/p>\n<audio class=\"wp-audio-shortcode\" id=\"audio-49772-1\" preload=\"none\" style=\"width: 100%;\" controls=\"controls\"><source type=\"audio\/mpeg\" src=\"http:\/\/www.radiopiu.net\/wordpress\/wp-content\/uploads\/2018\/06\/PADRIN-RASS.mp3?_=1\" \/><a href=\"http:\/\/www.radiopiu.net\/wordpress\/wp-content\/uploads\/2018\/06\/PADRIN-RASS.mp3\">http:\/\/www.radiopiu.net\/wordpress\/wp-content\/uploads\/2018\/06\/PADRIN-RASS.mp3<\/a><\/audio>\n<p>&nbsp;<\/p>\n<p>&nbsp;<\/p>\n<p>&nbsp;<\/p>\n<p>&nbsp;<\/p>\n<p>&nbsp;<\/p>\n<blockquote>\n<h1>E&#8217; MORTO ATTILIO SOMMACAL STORICO AMMINISTRATORE COMUNALE<\/h1>\n<\/blockquote>\n<p><strong>MEL<\/strong><br \/>\n<strong>di Damiano Tormen<\/strong><\/p>\n<audio class=\"wp-audio-shortcode\" id=\"audio-49772-2\" preload=\"none\" style=\"width: 100%;\" controls=\"controls\"><source type=\"audio\/mpeg\" src=\"http:\/\/www.radiopiu.net\/wordpress\/wp-content\/uploads\/2018\/06\/gr-01-morto-a-mel.mp3?_=2\" \/><a href=\"http:\/\/www.radiopiu.net\/wordpress\/wp-content\/uploads\/2018\/06\/gr-01-morto-a-mel.mp3\">http:\/\/www.radiopiu.net\/wordpress\/wp-content\/uploads\/2018\/06\/gr-01-morto-a-mel.mp3<\/a><\/audio>\n<blockquote>\n<h1><\/h1>\n<\/blockquote>\n<h1><\/h1>\n<p>&nbsp;<\/p>\n<p>&nbsp;<\/p>\n<p>&nbsp;<\/p>\n<p align=\"JUSTIFY\"><span style=\"font-size: medium;\"><b>AL VIA COSTRUZIONE BRIGLIA SELETTIVA SUL TORRENTE ZUNAIA A TUTELA CENTRO DI ALLEGHE. ASSESSORE DIFESA DEL SUOLO: &#8220;ALTRI 520 MILA EURO PER LA SICUREZZA IDROGEOLOGICA\u201d<img loading=\"lazy\" decoding=\"async\" class=\"aligncenter wp-image-49686 size-large\" src=\"http:\/\/www.radiopiu.net\/wordpress\/wp-content\/uploads\/2018\/05\/Torrente-Zunaia_2-1024x576.jpg\" alt=\"\" width=\"1024\" height=\"576\" srcset=\"https:\/\/www.radiopiu.net\/wordpress\/wp-content\/uploads\/2018\/05\/Torrente-Zunaia_2-1024x576.jpg 1024w, https:\/\/www.radiopiu.net\/wordpress\/wp-content\/uploads\/2018\/05\/Torrente-Zunaia_2-300x169.jpg 300w, https:\/\/www.radiopiu.net\/wordpress\/wp-content\/uploads\/2018\/05\/Torrente-Zunaia_2-768x432.jpg 768w, https:\/\/www.radiopiu.net\/wordpress\/wp-content\/uploads\/2018\/05\/Torrente-Zunaia_2.jpg 1599w\" sizes=\"auto, (max-width: 1024px) 100vw, 1024px\" \/><\/b><\/span><\/p>\n<p align=\"JUSTIFY\"><strong><span style=\"font-size: medium;\">VENEZIA\u00a0 <\/span><\/strong><span style=\"font-size: medium;\">Al via\u00a0<\/span><span style=\"font-size: medium;\">\u00a0nuovo e ulteriore intervento per migliorare la sicurezza idrogeologica nel territorio del comune di Alleghe e relativo alla costruzione di una briglia selettiva costituita da una traversa in calcestruzzo armato sul torrente Zunaia.\u00a0<\/span>\u201c<span style=\"font-size: medium;\">L\u2019opera &#8211; spiega l\u2019assessore regionale alla difesa del suolo &#8211; avr\u00e0 l\u2019importante funzione di trattenere temporaneamente il materiale di granulometria pi\u00f9 grossolana che, in caso di piena, potrebbe creare problemi a valle\u201d. I lavori sono previsti ad integrazione e completamento delle opere idrauliche gi\u00e0 attive sul torrente Zunaia: \u201cattraverso questo specifico intervento, per il quale abbiamo impegnato 520.000 euro &#8211; precisa l\u2019assessore &#8211; saremo in grado di controllare e ridurre il trasporto solido, impedendo che le quantit\u00e0 pi\u00f9 ingenti raggiungano il centro di Alleghe in prossimit\u00e0 dello sbocco del torrente Zunaia nel lago di Alleghe\u201d.\u00a0<\/span><span style=\"font-size: medium;\">Dal punto di vista tecnico, i lavori prevedono la realizzazione di un&#8217;ampia piazza di deposito, lunga 125 metri e larga da 30 a 65 metri, delimitata a valle dalla briglia a fessura e da un rilevato arginale, costruito con il materiale proveniente dall\u2019alveo, che separa la pista da sci in sponda destra. La briglia selettiva a fessura sar\u00e0 dotata di un invaso a monte del volume di circa 3600 metri cubi, \u201cun invaso che, naturalmente, sar\u00e0 svuotato a intervalli periodici \u2013 aggiunge &#8211; per garantire l&#8217;efficienza della briglia a protezione dell&#8217;abitato dai detriti\u201d.\u00a0<\/span>\u201c<span style=\"font-size: medium;\">Dopo aver verificato nei giorni scorsi l\u2019accessibilit\u00e0 e le condizioni di sicurezza della pista d\u2019accesso al cantiere &#8211; conclude l\u2019assessore -, verifica necessaria a seguito di una recente frana e risultata positiva, ora si pu\u00f2 partire. Contiamo di ultimare i lavori per fine novembre\u201d.<\/span><\/p>\n<blockquote>\n<h1><\/h1>\n<\/blockquote>\n<h1><\/h1>\n<p>&nbsp;<\/p>\n<p>&nbsp;<\/p>\n<p>&nbsp;<\/p>\n<h1>CONSIGLI COMUNALI CONTRO IL TAGLIO DEI SERVIZI, ANCHE IN TRIBUNALE A BELLUNO.<\/h1>\n<blockquote>\n<div id=\"attachment_49474\" style=\"width: 1034px\" class=\"wp-caption aligncenter\"><img loading=\"lazy\" decoding=\"async\" aria-describedby=\"caption-attachment-49474\" class=\"wp-image-49474 size-large\" src=\"http:\/\/www.radiopiu.net\/wordpress\/wp-content\/uploads\/2018\/05\/2018-05-28-19.14.37-1024x768.jpg\" alt=\"\" width=\"1024\" height=\"768\" srcset=\"https:\/\/www.radiopiu.net\/wordpress\/wp-content\/uploads\/2018\/05\/2018-05-28-19.14.37-1024x768.jpg 1024w, https:\/\/www.radiopiu.net\/wordpress\/wp-content\/uploads\/2018\/05\/2018-05-28-19.14.37-300x225.jpg 300w, https:\/\/www.radiopiu.net\/wordpress\/wp-content\/uploads\/2018\/05\/2018-05-28-19.14.37-768x576.jpg 768w\" sizes=\"auto, (max-width: 1024px) 100vw, 1024px\" \/><p id=\"caption-attachment-49474\" class=\"wp-caption-text\">dav<\/p><\/div><\/blockquote>\n<p><strong>TAIBON<\/strong> Il Consiglio comunale di Taibon Agordino all&#8217;unanimit\u00e0 ha approvato l&#8217;ordine del giorno contro la soppressione della sezione fallimentare del Tribunale di Belluno. In previsione una serie di tagli in base ai numeri, delle imprese e della popolazione residente. In Veneto verrebbero tagliate due sezioni, Belluno accorpata a Treviso e Rovigo con Padova. Fa il paio con l&#8217;accorpamento della Camera di Commercio di Belluno con Treviso. Eppure non si tiene conto come questa provincia vanti settori importanti come il distretto dell&#8217;occhiale su scala mondiale o il settore turistico con gli impianti a fune e che guarda ai mondiali 2021 se non addirittura all&#8217;evento Olimpico. Ma come sempre, come anche e soprattutto per la sanit\u00e0 sono riforme che guardano solo ai numeri e non certo alla specificit\u00e0 montana del bellunese. I consiglieri di Taibon hanno dunque approvato un ordine del giorno cos\u00ec riassunto dall&#8217;assessore Michele Fusina.<br \/>\n<strong>AUDIO<\/strong><\/p>\n<audio class=\"wp-audio-shortcode\" id=\"audio-49772-3\" preload=\"none\" style=\"width: 100%;\" controls=\"controls\"><source type=\"audio\/mpeg\" src=\"http:\/\/www.radiopiu.net\/wordpress\/wp-content\/uploads\/2018\/06\/MICHELE.mp3?_=3\" \/><a href=\"http:\/\/www.radiopiu.net\/wordpress\/wp-content\/uploads\/2018\/06\/MICHELE.mp3\">http:\/\/www.radiopiu.net\/wordpress\/wp-content\/uploads\/2018\/06\/MICHELE.mp3<\/a><\/audio>\n<p>Franco Benvegn\u00f9 portavoce del gruppo di opposizione guarda al nuovo Governo, quando ci sar\u00e0 con l&#8217;auspicio le cose possano cambiare.<br \/>\n<strong>AUDIO<\/strong><\/p>\n<audio class=\"wp-audio-shortcode\" id=\"audio-49772-4\" preload=\"none\" style=\"width: 100%;\" controls=\"controls\"><source type=\"audio\/mpeg\" src=\"http:\/\/www.radiopiu.net\/wordpress\/wp-content\/uploads\/2018\/06\/FRANCO.mp3?_=4\" \/><a href=\"http:\/\/www.radiopiu.net\/wordpress\/wp-content\/uploads\/2018\/06\/FRANCO.mp3\">http:\/\/www.radiopiu.net\/wordpress\/wp-content\/uploads\/2018\/06\/FRANCO.mp3<\/a><\/audio>\n<p>&nbsp;<\/p>\n<p>&nbsp;<\/p>\n<p>&nbsp;<\/p>\n<p>&nbsp;<\/p>\n<blockquote>\n<h1>RESTYLING DA CAMPO<\/h1>\n<\/blockquote>\n<p><strong>VOLTAGO<\/strong> Proseguono a pieno ritmo i lavori al campo di calcio &#8220;Renzo Da Campo&#8221; di Voltago, micropali per dare sostegno alle scarpate e piloni per l&#8217;illuminazione notturna<br \/>\ndal giornale radio di RADIO PIU l&#8217;intervista al consigliere comunale Patrick Conedera<\/p>\n<blockquote>\n<h1>AUDIO<\/h1>\n<\/blockquote>\n<audio class=\"wp-audio-shortcode\" id=\"audio-49772-5\" preload=\"none\" style=\"width: 100%;\" controls=\"controls\"><source type=\"audio\/mpeg\" src=\"http:\/\/www.radiopiu.net\/wordpress\/wp-content\/uploads\/2018\/05\/gr-16-campo-voltago-1.mp3?_=5\" \/><a href=\"http:\/\/www.radiopiu.net\/wordpress\/wp-content\/uploads\/2018\/05\/gr-16-campo-voltago-1.mp3\">http:\/\/www.radiopiu.net\/wordpress\/wp-content\/uploads\/2018\/05\/gr-16-campo-voltago-1.mp3<\/a><\/audio>\n<p><img loading=\"lazy\" decoding=\"async\" class=\"aligncenter wp-image-49667 size-large\" src=\"http:\/\/www.radiopiu.net\/wordpress\/wp-content\/uploads\/2018\/05\/WhatsApp-Image-2018-05-31-at-11.27.46-1024x768.jpeg\" alt=\"\" width=\"1024\" height=\"768\" srcset=\"https:\/\/www.radiopiu.net\/wordpress\/wp-content\/uploads\/2018\/05\/WhatsApp-Image-2018-05-31-at-11.27.46-1024x768.jpeg 1024w, https:\/\/www.radiopiu.net\/wordpress\/wp-content\/uploads\/2018\/05\/WhatsApp-Image-2018-05-31-at-11.27.46-300x225.jpeg 300w, https:\/\/www.radiopiu.net\/wordpress\/wp-content\/uploads\/2018\/05\/WhatsApp-Image-2018-05-31-at-11.27.46-768x576.jpeg 768w, https:\/\/www.radiopiu.net\/wordpress\/wp-content\/uploads\/2018\/05\/WhatsApp-Image-2018-05-31-at-11.27.46.jpeg 1600w\" sizes=\"auto, (max-width: 1024px) 100vw, 1024px\" \/><\/p>\n<p>&nbsp;<\/p>\n<p>&nbsp;<\/p>\n<p>&nbsp;<\/p>\n<p>&nbsp;<\/p>\n<p>&nbsp;<\/p>\n<blockquote>\n<h1>17 MILIONI DA SPENDERE<\/h1>\n<\/blockquote>\n<p><strong><img loading=\"lazy\" decoding=\"async\" class=\"size-medium wp-image-49741 alignleft\" src=\"http:\/\/www.radiopiu.net\/wordpress\/wp-content\/uploads\/2018\/05\/IMG_20180531_113106-300x169.jpg\" alt=\"\" width=\"300\" height=\"169\" srcset=\"https:\/\/www.radiopiu.net\/wordpress\/wp-content\/uploads\/2018\/05\/IMG_20180531_113106-300x169.jpg 300w, https:\/\/www.radiopiu.net\/wordpress\/wp-content\/uploads\/2018\/05\/IMG_20180531_113106-768x433.jpg 768w, https:\/\/www.radiopiu.net\/wordpress\/wp-content\/uploads\/2018\/05\/IMG_20180531_113106-1024x577.jpg 1024w\" sizes=\"auto, (max-width: 300px) 100vw, 300px\" \/>FELTRE<\/strong> Un consuntivo dell&#8217;attivit\u00e0 svolta nel 2017 ed uno sguardo prospettico sull&#8217;anno in corso. Sono quelli forniti oggi dall&#8217;assessore ai lavori pubblici del Comune di Feltre Adis Zatta. Per quanto riguarda il rendiconto dell&#8217;esercizio concluso, spiccano i 2,2 milioni di opere gi\u00e0 terminate e collaudate, a cui si assommano i 2,1 milioni di progetti definitivi o esecutivi e gli oltre 10 milioni di progettazioni preliminari e studi di fattibilit\u00e0 in corso. Numeri di rilievo anche sul fronte dei pagamenti in conto capitale. Zatta ha esposto i dati salienti relativi ai lavori attualmente &#8220;in pancia&#8221; all&#8217;amministrazione. Ai quasi 3 milioni di opere in corso, si sommano i 14,8 milioni di interventi in fase di progetto, per i quali \u00e8 gi\u00e0 stato ottenuto il finanziamento, per un totale di 17,7 milioni di opere.<br \/>\n<span style=\"color: #ff0000;\">AI MICROFONI DI RADIO PIU&#8217; L&#8217;ASSESSORE ADIS ZATTA<\/span><br \/>\n<strong>audio<\/strong><\/p>\n<audio class=\"wp-audio-shortcode\" id=\"audio-49772-6\" preload=\"none\" style=\"width: 100%;\" controls=\"controls\"><source type=\"audio\/mpeg\" src=\"http:\/\/www.radiopiu.net\/wordpress\/wp-content\/uploads\/2018\/06\/ZATTA-RASS.mp3?_=6\" \/><a href=\"http:\/\/www.radiopiu.net\/wordpress\/wp-content\/uploads\/2018\/06\/ZATTA-RASS.mp3\">http:\/\/www.radiopiu.net\/wordpress\/wp-content\/uploads\/2018\/06\/ZATTA-RASS.mp3<\/a><\/audio>\n<p>&nbsp;<\/p>\n<p>&nbsp;<\/p>\n<p>&nbsp;<\/p>\n<p>&nbsp;<\/p>\n<p>&nbsp;<\/p>\n<blockquote>\n<h1>SCELTA PREMIO DI RISULTATO, NON PER TUTTI<\/h1>\n<\/blockquote>\n<p><strong><img loading=\"lazy\" decoding=\"async\" class=\"size-full wp-image-48459 alignleft\" src=\"http:\/\/www.radiopiu.net\/wordpress\/wp-content\/uploads\/2018\/05\/luxottica.jpg\" alt=\"\" width=\"244\" height=\"207\" \/>AGORDO<\/strong> Da venerd\u00ec i dipendenti Luxottica hanno la possibilit\u00e0 di decidere liberamente eventuali utilizzi alternativi del premio di risultato, vi sono in teoria tre opzioni possibili che, in pratica, diventano quattro. Luxottica chiede di effettuare la scelta esclusivamente online, accedendo al portale welfare, l&#8217;Azienda ha previsto assistenza e infopoint dedicati per tutti coloro che riscontrassero problemi di password o comunque difficolt\u00e0 ad accedere al portale.<br \/>\n&#8220;Veniamo alle opzioni &#8211; dice Emilio Bez coordinatore Uiltec nella Rsu Luxottica Agordo &#8211; la prima \u00e8 semplicemente il consueto pagamento del premio al 10 luglio, il pagamento \u00e8 assoggettato alla contribuzione Inps ma per il resto beneficia della tassazione agevolata al 10% quindi molto pi\u00f9 favorevole rispetto alla normale retribuzione. La seconda opzione \u00e8 la conversione di una quota a scelta del premio in banca ore, fino al 100%, la parte trasformata in tempo non ha pi\u00f9 la tassazione agevolata, le ore saranno inserite nella normale retribuzione, la banca ore non ha scadenza ma ha un limite di capienza di 180 ore, l&#8217;eventuale eccedenza confluisce nel Fondo Individuale Transitorio (F.I.T.) e questo ha la scadenza molto ravvicinata del 31 agosto. Terza scelta \u00e8 la trasformazione di una percentuale del premio in servizi welfare. Questo comporta come vantaggio l&#8217;azzeramento della contribuzione Inps e della tassazione, inoltre l&#8217;azienda aggiunge una quota del 10% alla somma convertita. Va tuttavia tenuto presente che la gestione delle somme trasformate in welfare va fatta esclusivamente online tramite il portale dedicato, inoltre \u00e8 necessario valutare attentamente come sfruttare al meglio la cifra a disposizione; ad esempio, eventuali spese mediche o di altro genere che siano solitamente inseribili dal 730 poi non potranno ovviamente essere portate in detrazione l&#8217;anno successivo, essendo derivate da reddito gi\u00e0 detassato all&#8217;origine. La quarta possibilit\u00e0 \u00e8 trasformare prima una quota in welfare per poi versarla nel proprio fondo pensione, soluzione potenzialmente interessante per coloro che aderiscono alla previdenza complementare, vale a dire una consistente fetta dei dipendenti&#8221;. Tutto questo vale solo per i dipendenti Luxottica, i somministrati infatti, oltre a non disporre della banca ore, hanno il premio esclusivamente in busta paga, soggetto a tassazione ordinaria, e non hanno possibilit\u00e0 di conversione in servizi welfare, in quanto il loro premio di risultato \u00e8 basato su parametri differenti che non consentono di rispettare la rigida normativa fiscale in materia.<\/p>\n<p>&nbsp;<\/p>\n<p>&nbsp;<\/p>\n<p>&nbsp;<\/p>\n<p>&nbsp;<\/p>\n<blockquote>\n<h1>ISTITUTO MINERARIO, 150 ANNI DI STORIA<\/h1>\n<\/blockquote>\n<p><img loading=\"lazy\" decoding=\"async\" class=\"size-medium wp-image-12434\" src=\"http:\/\/www.radiopiu.net\/wordpress\/wp-content\/uploads\/2015\/10\/20110615_follador-300x200.jpg\" alt=\"\" width=\"300\" height=\"200\" \/><\/p>\n<p><strong>AGORDO<\/strong> Oggi &#8220;C&#8217;\u00e8 qualche cosa di nuovo nelle Dolomiti&#8221; convegno organizzato dall&#8217;Istituto Minerario Umberto Follador dalle 8 all&#8217;Auditorium della scuola intitolato al professor Antonio Favretti. Alle 20,30 presentazione del libro &#8220;Istituto Tecnico Minerario-Agordo, 150 anni di storia&#8221; a cura dell&#8217;associazione Periti Industriali Minerari di Agordo.<\/p>\n<p><strong>AUDIO<\/strong><\/p>\n<audio class=\"wp-audio-shortcode\" id=\"audio-49772-7\" preload=\"none\" style=\"width: 100%;\" controls=\"controls\"><source type=\"audio\/mpeg\" src=\"http:\/\/www.radiopiu.net\/wordpress\/wp-content\/uploads\/2018\/06\/gr-01-luca-minerario.mp3?_=7\" \/><a href=\"http:\/\/www.radiopiu.net\/wordpress\/wp-content\/uploads\/2018\/06\/gr-01-luca-minerario.mp3\">http:\/\/www.radiopiu.net\/wordpress\/wp-content\/uploads\/2018\/06\/gr-01-luca-minerario.mp3<\/a><\/audio>\n<p>&nbsp;<\/p>\n<p>&nbsp;<\/p>\n<p>&nbsp;<\/p>\n<p>&nbsp;<\/p>\n<p>&nbsp;<\/p>\n<blockquote>\n<h1>LAVORARE ALL&#8217;ESTERO, ESPERIENZA DI UN BELLUNESE EX ALLIEVO DELL&#8217;ITI SEGATO. IL CONVEGNO.<\/h1>\n<\/blockquote>\n<p><strong><img loading=\"lazy\" decoding=\"async\" class=\"size-medium wp-image-49773 alignleft\" src=\"http:\/\/www.radiopiu.net\/wordpress\/wp-content\/uploads\/2018\/06\/stefano_dallarmi-300x300.jpg\" alt=\"\" width=\"300\" height=\"300\" srcset=\"https:\/\/www.radiopiu.net\/wordpress\/wp-content\/uploads\/2018\/06\/stefano_dallarmi-300x300.jpg 300w, https:\/\/www.radiopiu.net\/wordpress\/wp-content\/uploads\/2018\/06\/stefano_dallarmi-150x150.jpg 150w, https:\/\/www.radiopiu.net\/wordpress\/wp-content\/uploads\/2018\/06\/stefano_dallarmi.jpg 500w\" sizes=\"auto, (max-width: 300px) 100vw, 300px\" \/>BELLUNO<\/strong> L\u2019Associazione Bellunesi nel Mondo, con la collaborazione dell\u2019Iti \u201cSegato\u201d, organizza per oggi alle 10, presso l\u2019Aula magna dell&#8217;Istituto tecnico Segato il convegno con protagonista Stefano Dall\u2019Armi, membro della community di Bellunoradici.net. Dopo il diploma all\u2019iti \u201cSegato\u201d si \u00e8 laureato in Ingegneria all\u2019Universit\u00e0 degli Studi di Padova. Decide presto di emigrare trasferendosi a Londra dove inizia la sua carriera lavorativa nel settore dell&#8217;industria petrolifera e del gas. Allo stato attuale lavora per la Schlumberger, multinazionale petrolifera del Texas (USA). \u00abPenso che condividere un lunga esperienza internazionale potrebbe essere d\u2019aiuto a quei ragazzi che si affacciano al mondo del lavoro e che presto dovranno prendere una strada che li porter\u00e0 a lavorare o in ambito locale o su un mercato sempre pi\u00f9 globale &#8211; il pensiero di Dall\u2019Armi &#8211; mi piacerebbe che per questi ragazzi questa sia non solo una decisione cosciente, ma che fossero anche ben informati sui pro e i contro di tale scelta. Un altro tema su cui discuteremo sar\u00e0 come essere competitivi sul mercato del lavoro internazionale\u00bb. Un appuntamento importante e utile per gli studenti dell\u2019Iti. L\u2019iniziativa, coordinata dal direttore Abm Marco Crepaz e dal professore Michele Zancanaro, ha visto subito il parere positivo del preside Salvatore Russotto. \u00abQuesto \u00e8 un ulteriore risultato di Bellunoradici.net &#8211; il commento del presidente Abm Oscar De Bona &#8211; e vogliamo proporre altri incontri simili, perch\u00e9 i bellunesi nel mondo, attraverso il nostro socialnetwork, possono dare un valido supporto ai nostri ragazzi, soprattutto in questa fase di incertezza economica e lavorativa\u00bb.<\/p>\n<p>&nbsp;<\/p>\n<p>&nbsp;<\/p>\n<p>&nbsp;<\/p>\n<p>&nbsp;<\/p>\n<blockquote>\n<h1>LELE VIVE<\/h1>\n<\/blockquote>\n<p><strong><img loading=\"lazy\" decoding=\"async\" class=\"size-medium wp-image-48288 alignleft\" src=\"http:\/\/www.radiopiu.net\/wordpress\/wp-content\/uploads\/2018\/05\/lele-vive-locandina-148x300.jpg\" alt=\"\" width=\"148\" height=\"300\" srcset=\"https:\/\/www.radiopiu.net\/wordpress\/wp-content\/uploads\/2018\/05\/lele-vive-locandina-148x300.jpg 148w, https:\/\/www.radiopiu.net\/wordpress\/wp-content\/uploads\/2018\/05\/lele-vive-locandina-768x1560.jpg 768w, https:\/\/www.radiopiu.net\/wordpress\/wp-content\/uploads\/2018\/05\/lele-vive-locandina-504x1024.jpg 504w, https:\/\/www.radiopiu.net\/wordpress\/wp-content\/uploads\/2018\/05\/lele-vive-locandina.jpg 1890w\" sizes=\"auto, (max-width: 148px) 100vw, 148px\" \/><\/strong><\/p>\n<p>&nbsp;<\/p>\n<p>&nbsp;<\/p>\n<p>&nbsp;<\/p>\n<p>&nbsp;<\/p>\n<p><strong>CANALE D&#8217;AGORDO<\/strong> Un&#8217;altra importante iniziativa al Museo Albino Luciani di Canale d&#8217;Agordo e con la Fondazione Papa Luciani &#8220;Lele Vive&#8221; in memoria di padre Ezechiele Ramin, missionario colombiano martire della fede. La mostra sar\u00e0 aperta da domani, inaugurazione alle 17.30, pensieri di padre Lele di Giampaolo Muliari, mostra di alcuni documenti di padre Lele per concessione della famiglia Ramin. informazioni al Musal Albino Luciani. tel. 0437 1948001.<br \/>\nAUDIO<\/p>\n<audio class=\"wp-audio-shortcode\" id=\"audio-49772-8\" preload=\"none\" style=\"width: 100%;\" controls=\"controls\"><source type=\"audio\/mpeg\" src=\"http:\/\/www.radiopiu.net\/wordpress\/wp-content\/uploads\/2018\/06\/gr-17-loris-serafini-canale.mp3?_=8\" \/><a href=\"http:\/\/www.radiopiu.net\/wordpress\/wp-content\/uploads\/2018\/06\/gr-17-loris-serafini-canale.mp3\">http:\/\/www.radiopiu.net\/wordpress\/wp-content\/uploads\/2018\/06\/gr-17-loris-serafini-canale.mp3<\/a><\/audio>\n<p>&nbsp;<\/p>\n<p>&nbsp;<\/p>\n<p>&nbsp;<\/p>\n<p>&nbsp;<\/p>\n<blockquote>\n<h2>OCCUPAZIONE: IN VENETO 53 MILA POSTI DI LAVORO IN PI\u00d9 NEL PRIMO TRIMESTRE 2018, IN RIPRESA ANCHE I TEMPI INDETERMINATI \u2013 ASSESSORE REGIONALE, \u201cIN RIPRESA L\u2019OCCUPAZIONE STABILE\u201d<\/h2>\n<\/blockquote>\n<p><strong><img loading=\"lazy\" decoding=\"async\" class=\"size-medium wp-image-12588 alignleft\" src=\"http:\/\/www.radiopiu.net\/wordpress\/wp-content\/uploads\/2015\/11\/Disoccupazione-300x228.jpg\" alt=\"\" width=\"300\" height=\"228\" \/>VENEZIA<\/strong> Nuovo picco dell\u2019occupazione regionale: il primo trimestre 2018 registra l\u2019aumento di 53 mila posti di lavoro, secondo l\u2019Osservatorio di Veneto Lavoro. Da gennaio a marzo 2018 si sono registrate in Veneto circa 225 mila assunzioni, il 17% in pi\u00f9 rispetto allo stesso periodo dello scorso anno, e 172 mila cessazioni (+22,7%), per un saldo complessivo di +53.200 posti di lavoro, il risultato migliore dal 2009 a oggi relativamente a questo periodo dell\u2019anno. \u201cI dati occupazionali della nostra regione sono positivi ormai da molti mesi \u2013 commenta l\u2019assessore regionale al lavoro \u2013 Ci sono le premesse per un consolidamento e un ulteriore impulso alla ripresa, ora dobbiamo fare in modo di non disperdere questo potenziale, ma proseguire sulla strada che abbiamo intrapreso. Le nostre imprese devono essere messe nelle condizioni di poter tornare a investire, anche e soprattutto sul capitale umano. E chi ancora rimane escluso dal mercato del lavoro deve essere aiutato a rientrarvi o, nel caso dei lavoratori pi\u00f9 anziani, a transitare verso il pensionamento nella maniera meno traumatica possibile\u201d. La \u2018Bussola\u2019, il report periodico dell\u2019ente regionale deputato a monitorare il mercato del lavoro, conferma la prosecuzione della fase di crescita in atto ormai da qualche anno. La crescita occupazionale coinvolge tanto i lavoratori pi\u00f9 anziani (+30%) quanto i giovani under 30 (+18%) e interessa in maniera diffusa tutti i settori produttivi. Saldi positivi si registrano infatti per l\u2019agricoltura, l\u2019industria e i servizi, con metalmeccanico e turismo a fare ancora da traino. Si conferma anche la ripresa del settore delle costruzioni (assunzioni aumentate del 18%) che, con un incremento di oltre 3 mila posti di lavoro, tocca il livello occupazionale pi\u00f9 elevato degli ultimi dieci anni. L\u2019unico comparto che mostra ancora un saldo negativo, seppure lievemente, \u00e8 quello dei servizi finanziari. A livello territoriale, l\u2019occupazione dimostra saldi particolarmente positivi nelle province di Verona (+16.300), Treviso (+9.200) e Padova (+7.700). Segno pi\u00f9 anche a Venezia (+9.900), Vicenza (+7.200) e Rovigo (+3.300), che per\u00f2 peggiorano il risultato del 2017, mentre nel Bellunese si \u00e8 registrata la perdita di circa 500 posti di lavoro.<br \/>\nCirca il 60% dei nuovi posti di lavoro \u00e8 a tempo determinato. Ma dopo oltre un anno tornano a crescere anche i contratti a tempo indeterminato (+10.500), anche per l\u2019effetto congiunto di diversi fattori: da un lato, l\u2019aumento delle trasformazioni di contratti a termine, proporzionale all\u2019incremento delle assunzioni a tempo determinato cui si assiste da diverso tempo; dall\u2019altro i nuovi incentivi in vigore nel 2018 per gli under 35, attesi dai datori di lavoro e che potrebbero averli spinti a posticipare al nuovo anno assunzioni gi\u00e0 programmate. Quanto agli incentivi, con l\u2019avvio del 2018 ha iniziato a esaurirsi l\u2019agevolazione triennale prevista dalla legge di stabilit\u00e0 2015 per le assunzioni e le trasformazioni a tempo indeterminato, che ha assicurato al datore di lavoro un risparmio fino a 8.060 euro l\u2019anno. Secondo l\u2019analisi di Veneto Lavoro, scadute le agevolazioni, non \u00e8 avvenuta la temuta ondata di licenziamenti: anzi i contratti che hanno usufruito dell\u2019esonero sembrano dimostrarsi pi\u00f9 stabili, con un tasso di sopravvivenza del 55%, a fronte di una percentuale inferiore al 50% registrata dai contratti non agevolati. \u201cI contratti a termine si stanno traducendo in posti a tempo indeterminato e l\u2019apprendistato continua a crescere \u2013 sottolinea l\u2019assessore &#8211; . Questo significa che nel medio periodo possiamo attenderci una crescita dell\u2019occupazione stabile. Per sostenerla \u00e8 necessario un sistema efficace di politiche attive, capace di agevolare e rendere pi\u00f9 sicura la transizione tra un lavoro e un altro. Ed \u00e8 proprio in questa direzione che la Regione si sta muovendo con determinazione\u201d. Tra le altre tipologie contrattuali, infatti, continua la crescita dell\u2019apprendistato (+26%), dei contratti di somministrazione (+18%), a conferma di un mercato del lavoro regionale dinamico ma ancora caratterizzato dall\u2019incertezza, e del lavoro intermittente (+49%), come effetto diretto dell\u2019abolizione dei voucher. Lo scarso ricorso agli strumenti introdotti in sostituzione dei voucher per le prestazioni di lavoro occasionale (Libretto Famiglia e PrestO) dimostra come molte imprese abbiano dirottato verso altre tipologie contrattuali (lavoro intermittente e tempo determinato) rapporti di lavoro precedentemente regolati da forme di lavoro accessorio. I disoccupati iscritti ai Centri per l\u2019impiego del Veneto erano 312 mila al 31 marzo 2018, tra persone effettivamente in cerca di lavoro, disponibili e occupati di breve durata. Si tratta per la maggior parte di donne (55%), adulti tra i 30 e i 55 anni (53%) e persone in possesso del solo titolo di licenza media (35%). Circa il 30% dei disoccupati amministrativi percepisce la Naspi o un altro ammortizzatore sociale. La Bussola di maggio 2018 \u00e8 disponibile<\/p>\n<p>&nbsp;<\/p>\n<p>&nbsp;<\/p>\n<p>&nbsp;<\/p>\n<blockquote>\n<h2>LAVORO: IN VENETO PRENDE FORMA IL PIANO STRATEGICO SICUREZZA \u2013 ASSESSORE ALLA SANIT\u00c0: \u201cPRIMO OBIETTIVO \u00c8 LA RIDUZIONE DEL RISCHIO\u201d<\/h2>\n<\/blockquote>\n<p><strong><img loading=\"lazy\" decoding=\"async\" class=\"size-full wp-image-49787 alignleft\" src=\"http:\/\/www.radiopiu.net\/wordpress\/wp-content\/uploads\/2018\/06\/images.jpg\" alt=\"\" width=\"275\" height=\"183\" \/>VENEZIA<\/strong> Sta prendendo forma in veneto il piano strategico regionale per la sicurezza sul lavoro, frutto del tavolo di coordinamento tra tutti gli enti preposti voluto dal presidente della regione e convocato dieci giorni fa. Oggi il coordinamento degli enti preposti, di cui fanno parte Regione, Spisal, Arpav, Inail, Ispettorato Interregionale del lavoro, Vigili del Fuoco e parti sociali, ha esaminato a palazzo Balbi una prima bozza di obiettivi e azioni specifiche, che fa sintesi delle prime proposte avanzate. \u201cIl piano strategico, che la Giunta regionale intende adottare entro giugno, deve mirare prima di tutto alla prevenzione e alla riduzione del rischio sui luoghi di lavoro \u2013 ha premesso l\u2019assessore alla sanit\u00e0, che ha coordinato il tavolo \u2013 In Veneto gli infortuni sui luoghi di lavoro sono in diminuzione negli ultimi anni, ma purtroppo aumentano gli incidenti mortali. I dati ci dicono che, per ogni incidente mortale che si verifica, ci sono 300 mila situazioni di rischio che possono essere prevenute e modificate. E\u2019 su questo che istituzioni, operatori della prevenzione, consulenti, organizzazioni di categoria e sindacati possono lavorare in modo coordinato. L\u2019analisi dei mancati incidenti aiuta ad evitare infortuni mortali. Il Programma regionale per l\u2019epidemiologia occupazionale ha calcolato che, grazie alle azioni di prevenzione attuate dagli Spisal dal 2012 al 2016 e alla conseguente riduzione dei fattori di rischio, \u00e8 stato possibile abbattere del 12 per cento il tasso degli incidenti, vale a dire di evitare 4 mila infortuni sul lavoro, di cui almeno 3 mortali\u201d. \u201cLa prevenzione del rischio \u2013 ha ribadito l\u2019assessore \u2013 \u00e8 quindi il cardine del nuovo piano strategico: intensificare, ma soprattutto riqualificare vigilanza e controlli sui luoghi di lavoro, significa accompagnare aziende e lavoratori a verificare preventivamente la correttezza delle procedure e delle attrezzature adottate per evitare che ci siano situazioni e comportamenti di sottovalutazione del rischio. Gi\u00e0 entro giugno \u2013 ha annunciato &#8211; \u00e8 prevista l\u2019approvazione del piano formativo triennale per gli operatori degli Spisal, promosso dalla Regione in collaborazione con la Fondazione Scuola di Sanit\u00e0 Pubblica, per migliorare, diversificare e affinare la metodologia di intervento degli \u2018specialisti\u2019 della sicurezza sui luoghi di lavoro\u201d. La bozza di piano strategico all\u2019esame del tavolo regionale indica otto macroobiettivi da perseguire in Veneto: l\u2019incremento delle risorse umane negli Spisal, l\u2019intensificazione dei controlli; l\u2019aumento dell\u2019omogeneit\u00e0, della qualit\u00e0 e dell\u2019efficacia della funzione di vigilanza; l\u2019ottimizzazione delle risorse finanziarie; una formazione pi\u00f9 efficace; semplificazione nelle procedure per le aziende e per gli enti preposti; pi\u00f9 collaborazione; e una migliore comunicazione. \u201cOgni obiettivo sar\u00e0 declinato in azioni specifiche, a breve, medio e lungo periodo \u2013 fa sapere l\u2019assessore \u2013 in modo da consolidare e migliorare l\u2019attivit\u00e0 esistente e introdurre, l\u00e0 dove possibile, \u2018buone pratiche\u2019 per ridurre il rischio di infortuni e malattie professionali. Tra le prime indicazioni raccolte, ci sono l\u2019individuazione condivisa di metodi efficaci per il controllo del rispetto della normativa e per la formazione e l\u2019avvio della trasmissione telematica delle notifiche per l\u2019apertura di nuovi cantieri\u201d. La bozza di piano strategico ritorna ora all\u2019esame di tutti i componenti del tavolo regionale, per ulteriori valutazioni e affinamenti, in vista del prossimo incontro previsto entro la prima met\u00e0 di giugno.<\/p>\n<p>&nbsp;<\/p>\n<p>&nbsp;<\/p>\n<p>&nbsp;<\/p>\n<blockquote>\n<h1>IMPOSSIBILE CHE DIVENTA REALTA&#8217;<\/h1>\n<\/blockquote>\n<p><strong><img loading=\"lazy\" decoding=\"async\" class=\"size-medium wp-image-11357 alignleft\" src=\"http:\/\/www.radiopiu.net\/wordpress\/wp-content\/uploads\/2015\/09\/ternapds-300x199.jpg\" alt=\"\" width=\"300\" height=\"199\" \/>BELLUNO<\/strong> Terna ha ritirato il progetto di elettrodotto Dolo-Camin (Riviera del Brenta) per predisporre una soluzione migliorativa e CONCERTATA con il territorio. Non possiamo che esserne felici, perch\u00e9 dimostra che quando ci sono volont\u00e0 e compattezza le cose si ottengono. In Riviera gli amministratrori locali hanno nominato dei tecnici, professionisti e competenti, per discutere con il proponente il progetto. In particolare il prof. Giovanni Campeol e l&#8217;ingegner Ariano Mantuano, gli stessi che hanno lavorato anche nel Bellunese. Nessun sindaco, come hanno pi\u00f9 volte dichiarato gli stessi amministratori durante gli incontri cui abbiamo partecipato, si \u00e8 mai presentato da Terna da solo, a differenza dei nostri. Tutti gli amministratori hanno saputo compattarsi e portare avanti una posizione unitaria, superando i particolarismi e gli egoismi e guardando al bene comune di un&#8217;intera zona. Alla miopia la Riviera del Brenta ha saputo sostituire la lungimiranza: nessuno ha mai detto no a Terna, ma s\u00ec a un buon progetto, con le linee interrate e non piloni alti 50-60 metri davanti a ville di pregio e vicino ai paesi.<br \/>\nGli amici della Riviera, con i quali abbiamo collaborato (e continueremo a farlo), i sindaci e il comitato &#8220;No elettrodotto aereo&#8221; hanno ottenuto quello che noi chiediamo da sempre per il nostro territorio: il ritiro del progetto per discutere il miglior intervento con chi il territorio lo abita e lo amministra. Questa vittoria (della battaglia, non certo della guerra) la sentiamo anche un po&#8217; nostra, perch\u00e9 in tutta Italia si fa tesoro di quanto svolto dai Comitati nel Bellunese.Con la Risoluzione 72 approvata dal consiglio regionale Veneto nel 2014 si \u00e8 chiesto di &#8220;riprogettare partendo dai territori&#8221;. Esattamente quello che \u00e8 stato fatto adesso in Riviera del Brenta.<br \/>\nAnche per il progetto Dolo-Camin Terna ha provato a raccontare la favola che da anni racconta da noi: che i cavi non si possono interrare, che il progetto era il migliore, che avrebbe liberato ettari di territorio dai tralicci&#8230; ,nessuno ci ha creduto. In Riviera rivedono il progetto, Brugnaro ha gi\u00e0 ottenuto l&#8217;interramento dei cavi in laguna, Trentino e Piemonte hanno progetti che prevedono interramenti importanti: perch\u00e9 solo nel Bellunese no? Le Dolomiti Unesco valgono meno del resto d&#8217;Italia? Forse abbiamo solo la sfortuna di avere amministrazioni come quelle di Soverzene e Ponte nelle Alpi, che illuse di risolvere alcuni loro problemi elettrici non si rendono conto che la soluzione non \u00e8 spostare quattro pali da un luogo a un altro, ma \u00e8 riprogettare l&#8217;intera opera come fatto in Riviera. Guardando alle nuove tecnologie e alla situazione elettrica nel suo complesso.<\/p>\n<p>&nbsp;<\/p>\n<p>&nbsp;<\/p>\n<p>&nbsp;<\/p>\n<blockquote>\n<h1>TUTTI PER L&#8217;ACQUA, 3^GIORNATA CON VIVERACQUA PER LE SCUOLE<\/h1>\n<p><img loading=\"lazy\" decoding=\"async\" class=\"aligncenter wp-image-49771 size-large\" src=\"http:\/\/www.radiopiu.net\/wordpress\/wp-content\/uploads\/2018\/06\/IMG-20180531-WA0000-1024x576.jpg\" alt=\"\" width=\"1024\" height=\"576\" srcset=\"https:\/\/www.radiopiu.net\/wordpress\/wp-content\/uploads\/2018\/06\/IMG-20180531-WA0000-1024x576.jpg 1024w, https:\/\/www.radiopiu.net\/wordpress\/wp-content\/uploads\/2018\/06\/IMG-20180531-WA0000-300x169.jpg 300w, https:\/\/www.radiopiu.net\/wordpress\/wp-content\/uploads\/2018\/06\/IMG-20180531-WA0000-768x432.jpg 768w, https:\/\/www.radiopiu.net\/wordpress\/wp-content\/uploads\/2018\/06\/IMG-20180531-WA0000.jpg 1600w\" sizes=\"auto, (max-width: 1024px) 100vw, 1024px\" \/><\/p><\/blockquote>\n<p><strong>VICENZA<\/strong> Oltre 200 studenti, provenienti da istituti scolastici di tutto il Veneto, hanno partecipato oggi alla 3^ Giornata di educazione ambientale &#8220;Tutti per l&#8217;acqua&#8221;, organizzata dai gestori idrici del Veneto riuniti nel consorzio Viveracqua. L&#8217;ormai tradizionale appuntamento di festa dedicato alle scuole venete si \u00e8 tenuto per questa terza edizione nella splendida cornice naturalistica del Parco delle Risorgive del Bacchiglione, a Dueville (VI). L&#8217;evento, rivolto alle classi delle scuole primarie e secondarie di I grado che hanno vinto i concorsi promossi in ambito locale da ciascun gestore idrico, ha visto la partecipazione di una decina di classi, provenienti dalle province di Belluno, Padova, Treviso e Vicenza, rispettivamente vincitrici dei concorsi indetti dai gestori Bim Gsp, acquevenete, Alto Trevigiano Servizi e Viacqua. Nell&#8217;ambito della stretta collaborazione tra i gestori idrici pubblici del Veneto, infatti, un accento particolare \u00e8 posto sulle tematiche dell&#8217;educazione ambientale per le scuole: per questo anno scolastico i gestori hanno voluto proporre, all&#8217;interno dei concorsi riservati alle proprie scuole, la tematica &#8220;Raccontaci da dove arriva l&#8217;acqua che bevi&#8221;, con l&#8217;obiettivo di sensibilizzare i ragazzi alla conoscenza della risorsa idrica e di conseguenza a un consumo pi\u00f9 consapevole. Queste le classi premiate nel corso della giornata: per acquevenete, la classe 4\u00b0 della Scuola Primaria &#8220;G. Pascoli&#8221; di Cinto Euganeo (PD) e la classe 1\u00b0A della Scuola Secondaria di I grado &#8220;F. Petrarca&#8221; di Arqu\u00e0 Petrarca (PD); per ATS, le classi 4\u00b0A e 4\u00b0B della Scuola Primaria &#8220;M. Graziani Tagliapietra&#8221; di Mignagola di Carbonera (TV) e la classe 1\u00b0B della Scuola Secondaria di I grado di Trevignano (TV); per Bim Gsp la 3\u00b0B e la 3\u00b0C della Scuola Primaria &#8220;G. Cibien&#8221; di Limana (BL) e la 1\u00b0E della Scuola Secondaria di I grado &#8220;S. Ricci&#8221; di Belluno; per Viacqua la 4\u00b0B della Scuola Primaria &#8220;B. Brandellero&#8221; di Valli del Pasubio (VI) e la 1\u00b0D della Scuola Secondaria di I grado &#8220;D. Alighieri&#8221; di Caldogno (VI). Durante la mattinata, gli studenti sono stati accompagnati da guide ambientali che li hanno condotti alla scoperta della culla delle sorgenti del Bacchiglione, uno dei pi\u00f9 importanti fiumi di risorgiva d&#8217;Europa, per conoscerne il meraviglioso habitat naturalistico e faunistico. Alle 12.15 si \u00e8 tenuta la premiazione delle classi partecipanti, che oltre alla giornata didattica gratuita si sono aggiudicate un microscopio scientifico. A premiare le classi \u00e8 intervenuto il Presidente di Viveracqua, Fabio Trolese. \u00abDa sempre come gestori siamo molto attivi nel campo dell&#8217;educazione ambientale per le giovani generazioni\u00bb ha sottolineato Trolese \u00abe questo evento a livello regionale, promosso da Viveracqua e giunto alla terza edizione, \u00e8 nato proprio per offrire una opportunit\u00e0 in pi\u00f9 a quegli studenti che maggiormente si sono distinti nella nostra regione per l&#8217;impegno profuso nei progetti dedicati al tema dell&#8217;acqua. \u00c8 anche grazie a futuri cittadini informati e consapevoli, come questi ragazzi, che possiamo rafforzare il nostro impegno in difesa della risorsa idrica e del valore dell&#8217;acqua pubblica, tematiche che sono al centro del nostro lavoro quotidiano in qualit\u00e0 di gestori\u00bb. Viveracqua \u00e8 il consorzio che riunisce 12 gestori veneti del servizio idrico integrato, tutti di totale propriet\u00e0 pubblica, in un progetto di stabile collaborazione per rispondere ai bisogni dei cittadini e avere pi\u00f9 forza nei confronti di finanziatori e istituzioni. Attualmente i gestori aderenti a Viveracqua servono un bacino d&#8217;utenza di 4,8 milioni di abitanti.<\/p>\n<p>&nbsp;<\/p>\n<p>&nbsp;<\/p>\n<blockquote>\n<h1>DOPO PARTO, PROPOSTE PER LE NEO MAMME<\/h1>\n<\/blockquote>\n<p><strong>FELTRE\u00a0\u00a0<\/strong><span style=\"font-size: medium;\">Feltre. Dopo Parto: il sostegno continua. Il consultorio familiare di Feltre propone un ricco calendario di attivit\u00e0 alle neo mamme per promuovere il benessere di mamma e bambino fin dai primi delicati mesi.\u00a0<\/span><span style=\"font-size: medium;\">Oltre al percorso che precede il parto durante il quale viene proposto un percorso di preparazione e sostegno alla genitorialit\u00e0, in collaborazione con le ostetriche del punto nascita, il Consultorio ha consolidato una serie di iniziative per il dopo parto per:\u00a0<\/span><span style=\"font-size: medium;\">-favorire l&#8217;incontro e la conoscenza con altre mamme che condividono la stessa esperienza\u00a0<\/span><span style=\"font-size: medium;\">-promuovere proteggere e sostenere l&#8217;allattamento materno aderendo alla politica aziendale di\u00a0 &#8220;Ospedale Amico dei Bambini&#8221;\u00a0<\/span><span style=\"font-size: medium;\">&#8211; sostenere la genitorialit\u00e0 al momento del ritorno a casa dall&#8217;ospedale.\u00a0<\/span><span style=\"font-size: medium;\">Il sostegno attivo nel dopo parto prevede il contatto telefonico precoce dopo la dimissione di tutte le mamme residenti nel territorio feltrino da parte delle ostetriche del consultorio. Questo permette di rilevare i bisogni\/ difficolt\u00e0 delle mamme rispetto all&#8217;allattamento, alla cura del bambino e allo stato emotivo della mamma offrendo o una risposta precoce e tempestiva attraverso l&#8217;accesso all&#8217; ambulatorio o qualora la mamma sia in difficolt\u00e0 con una visita a domicilio.\u00a0<\/span><span style=\"font-size: medium;\">Fin dal ricovero ospedaliero, nell\u2019unit\u00e0 operativa di ostetricia e ginecologia, \u00e8 operativa una procedura condivisa con la salute mentale per il riconoscimento e la presa in carico precoce delle possibili depressioni post parto.\u00a0<\/span><span style=\"font-size: medium;\">E&#8217; operativa anche una linea telefonica dedicata ai dubbi sull&#8217;allattamento, il &#8220;telefono bianco&#8221;, attivo dal luned\u00ec al venerd\u00ec dalle 8 alle 13.\u00a0<\/span><span style=\"font-size: medium;\">Alle mamme vengono proposti, inoltre, gli incontri settimanali dopo il parto presso le sedi distrettuali di Mel e Feltre e presso le biblioteche dei Comuni di Santa Giustina, Alano di\u00a0 Piave e Quero-Vas. Questi incontri offrono alle mamme l&#8217;occasione di ritrovarsi e di condividere emozioni ed esperienze legate a questo momento di cambiamento della famiglia con la possibilit\u00e0 di confrontarsi con l&#8217;ostetrica rispetto a bisogni, informazioni e dubbi. Durante gli incontri l&#8217;ostetrica propone: il massaggio al bambino, la ginnastica del perineo per recuperare la sua funzione, riflessioni sull&#8217;esperienza della nascita e cura del proprio bambino e l&#8217;introduzione dei cibi solidi dopo il sesto mese di vita del bambino.\u00a0 Vengono inoltre programmati degli incontri a tema:con le fisioterapiste infantili\u00a0 rispetto alla corretta posizione da tenere durante il sonno del bambino, con l&#8217;infermiere professionale pediatrico su come fare la disostruzione delle vie aeree nei bambini e su come attivare\u00a0 correttamente la richiesta di aiuto al servizio 118, con le logopediste per conoscere le tappe dello sviluppo del linguaggio e promuoverlo, con le psicologhe\/i per riflettere su come cambia la famiglia e la coppia con l&#8217;arrivo del bambino, sulle emozioni che l&#8217;arrivo e la cura di un bambino evoca,\u00a0 ma anche sull&#8217;importanza del prendersi cura di s\u00e8 attraverso il make-up in un momento cos\u00ec intenso e faticoso.\u00a0\u00a0<\/span><span style=\"font-size: medium;\">Insomma, una proposta a tutto tondo e gratuita pensata per i bisogni dei neo genitori. Per informazioni rivolgersi al consultorio familiare di Feltre allo 0439\/883170<br \/>\n<\/span><\/p>\n<p>&nbsp;<\/p>\n<p>&nbsp;<\/p>\n<p>&nbsp;<\/p>\n<p>&nbsp;<\/p>\n<p><img loading=\"lazy\" decoding=\"async\" class=\"aligncenter wp-image-49786 size-full\" src=\"http:\/\/www.radiopiu.net\/wordpress\/wp-content\/uploads\/2018\/06\/download.jpg\" alt=\"\" width=\"421\" height=\"120\" srcset=\"https:\/\/www.radiopiu.net\/wordpress\/wp-content\/uploads\/2018\/06\/download.jpg 421w, https:\/\/www.radiopiu.net\/wordpress\/wp-content\/uploads\/2018\/06\/download-300x86.jpg 300w\" sizes=\"auto, (max-width: 421px) 100vw, 421px\" \/><\/p>\n<p><strong>PROLOCO, IL FUTURO<\/strong><br \/>\nTAIBON Questa sera alle 18 nella sala San Rocco dell&#8217;ex Municipio assemblea straordinaria della Proloco di Taibon per il rinnovo delle cariche sociali e la nomina della segreteria<\/p>\n<p><strong>APRE LA MOSTRA AL PORDOI<\/strong><br \/>\nLIVINALLONGO L&#8217;Associazione Storico Culturale Col di Lana Buchenstein informa che la Mostra \u201cCol di Lana Monte di Sangue \u201c al Passo Pordoi, aprir\u00e0 domani fino ad ottobre dalle 10 alle 17.30.<\/p>\n<p><strong>IL ROSARIO AL SAS DE LA MADONA<\/strong><br \/>\nVOLTAGO Domenica alle 20 al Cristo di Calincros (anche in caso di maltempo) sar\u00f9 recitato il rosario per iniziativa di un gruppo di devoti alla Madonna di Piandison. Nel 1937 il 5 luglio e per altre volte fino al 2 ottobre, in localit\u00e0 Piandison, appena sopra l&#8217;abitato di Voltago, a sei bambini del paese, intenti a pascolare le mucche, apparve la Madonna. Da quel giorno il masso erratico del luogo \u00e8 meta quotidiana di molti federli devoti a Maria.<\/p>\n<p><strong>CON IL CAI SULLA CRODA ROSSA<\/strong><br \/>\nAGORDO Domenica 3 giugno escursione con la sezione agordina del Cai alla cima Lavinores (m2462) nel gruppo della Croda Rossa. Ritrovo ad Agordo alle 6.30, partenza dal Rifugio Ra Stua (si arriva con mezzi propri) alle 9. Tempo 6-7 ore, dislivello 770 metri, Informazioni e iscrizioni 380 6983040, accompagnatori Anna Magro, Antonello Cibien, Dario Dell&#8217;Osbel.<\/p>\n<p>&nbsp;<\/p>\n<p>&nbsp;<\/p>\n<p>&nbsp;<\/p>\n<blockquote>\n<h1>CORSO SULLA NUOVA PRIVACY CON IL CSV<\/h1>\n<p align=\"JUSTIFY\"><strong><span style=\"font-family: Corbel, sans-serif;\">BELLUNO. <\/span><\/strong><span style=\"font-family: Corbel, sans-serif;\"><b>Sabato 9 giugno dalle 9.30 alle 12 in sala Bianchi<\/b><\/span><span style=\"font-family: Corbel, sans-serif;\"> a Belluno si svolge il primo di una serie di incontri organizzati dal Csv di Belluno per approfondire la <\/span><span style=\"font-family: Corbel, sans-serif;\"><b>nuova privacy<\/b><\/span><span style=\"font-family: Corbel, sans-serif;\"> in tutte le sue sfaccettature. L&#8217;incontro, condotto dalla docente <\/span><span style=\"font-family: Corbel, sans-serif;\"><b>Cinzia Cassiadoro<\/b><\/span><span style=\"font-family: Corbel, sans-serif;\">, \u00e8 rivolto in particolare ai rappresentanti delle associazioni di volontariato, visto che il focus saranno proprio i cambiamenti legati alle loro attivit\u00e0. Si parler\u00e0 di cenni normativi e contesto (dalla Direttiva europea al GDPR, il contenuto del Regolamento, i principi base, le definizioni, i soggetti coinvolti, la nuova figura del Data protection officer, i diritti dell&#8217;interessato), degli adempimenti (informativa, consenso, formazione continua, registro delle attivit\u00e0 di trattamento, <\/span><span style=\"font-family: Corbel, sans-serif;\"><i>data breach<\/i><\/span><span style=\"font-family: Corbel, sans-serif;\">, valutazione dell&#8217;impatto, consultazione preventiva), della vecchia normativa (videosorveglianza, gelocalizzazione, lavoro dipendente, telemarketing, profilazione, amministrazione di sistema, cookies), infine di regime sanzionatorio. <\/span><span style=\"font-family: Corbel, sans-serif;\"><b>Le iscrizioni sono aperte fino all&#8217;8 giugno<\/b><\/span><span style=\"font-family: Corbel, sans-serif;\"> a <\/span><span style=\"color: #0000ff;\"><u><a href=\"mailto:info@csvbelluno.it\"><span style=\"font-family: Corbel, sans-serif;\">info@csvbelluno.it<\/span><\/a><\/u><\/span><span style=\"font-family: Corbel, sans-serif;\"> o 0437950374 (\u00e8 sufficiente indicare nome, cognome e associazione di appartenenza). Il corso \u00e8 gratuito. La prossima tappa sar\u00e0 nel territorio feltrino, a seguire altre per arrivare cos\u00ec a coprire tutta la provincia.<\/span><\/p>\n<\/blockquote>\n<p>&nbsp;<\/p>\n<p>&nbsp;<\/p>\n<p>&nbsp;<\/p>\n<p>&nbsp;<\/p>\n<blockquote>\n<h1>SECONDO SINGOLO PER JOHN WISE<\/h1>\n<\/blockquote>\n<p><img loading=\"lazy\" decoding=\"async\" class=\"size-medium wp-image-45743 alignleft\" src=\"http:\/\/www.radiopiu.net\/wordpress\/wp-content\/uploads\/2018\/03\/john-wise-300x225.jpg\" alt=\"\" width=\"300\" height=\"225\" srcset=\"https:\/\/www.radiopiu.net\/wordpress\/wp-content\/uploads\/2018\/03\/john-wise-300x225.jpg 300w, https:\/\/www.radiopiu.net\/wordpress\/wp-content\/uploads\/2018\/03\/john-wise-768x576.jpg 768w, https:\/\/www.radiopiu.net\/wordpress\/wp-content\/uploads\/2018\/03\/john-wise.jpg 1000w\" sizes=\"auto, (max-width: 300px) 100vw, 300px\" \/><\/p>\n<p>&nbsp;<\/p>\n<p>The train, \u00e8 il secondo singolo per il gruppo di Nicol\u00f2 Savio, Michele Conedera e Fabio De Zaiacomo. Da lunedi in programmazione nel Disco Pi\u00f9 della settimana. Presentazione ufficiale alle 15.30 e 21.30. Pensieri, speranze e progetti per il trio di ragazzi di Agordo, La Valle e Taibon.<br \/>\n<a href=\"https:\/\/www.facebook.com\/JohnWise3Hs\/videos\/1045737552216767\/\">PROMO VIDEO<\/a><\/p>\n<p><a href=\"https:\/\/www.facebook.com\/mirko.mezzacasa\/videos\/10216953775103451\/\">VIDEO RADIO<\/a><\/p>\n<p>&nbsp;<\/p>\n<p>&nbsp;<\/p>\n<p>&nbsp;<\/p>\n<p>&nbsp;<\/p>\n<blockquote>\n<h1>LO SPORT<\/h1>\n<\/blockquote>\n<p><strong>TORNEO AGORDINO DI CALCIO.<\/strong><br \/>\n<strong>di Marco Gaz<\/strong><br \/>\nTra domani e domenica si gioca la seconda giornata della 45\u00b0 edizione del Campionato Agordino di calcio. Unico anticipo del sabato il match tra Alleghe e Le Ville sul campo di Boscoverde di Rocca Pietore. Tutte le altre partite si giocheranno domenica alle ore 16. Intanto la seconda giornata \u00e8 stata inaugurata dal match tra Taibon e Cencenighe. Sul lungo Tegnas nessun vincitore. termina 1 a 1 la sfida del girone B.<br \/>\nAUDIO<\/p>\n<audio class=\"wp-audio-shortcode\" id=\"audio-49772-9\" preload=\"none\" style=\"width: 100%;\" controls=\"controls\"><source type=\"audio\/mpeg\" src=\"http:\/\/www.radiopiu.net\/wordpress\/wp-content\/uploads\/2018\/06\/GR-CAMPIONATO-AGORDINO.mp3?_=9\" \/><a href=\"http:\/\/www.radiopiu.net\/wordpress\/wp-content\/uploads\/2018\/06\/GR-CAMPIONATO-AGORDINO.mp3\">http:\/\/www.radiopiu.net\/wordpress\/wp-content\/uploads\/2018\/06\/GR-CAMPIONATO-AGORDINO.mp3<\/a><\/audio>\n<p>&nbsp;<\/p>\n<p>&nbsp;<\/p>\n<p>&nbsp;<\/p>\n<blockquote>\n<h1><strong>4 PAS, DOMENICA SUL BROI<\/strong><\/h1>\n<p><img loading=\"lazy\" decoding=\"async\" class=\"aligncenter wp-image-49785 size-full\" src=\"http:\/\/www.radiopiu.net\/wordpress\/wp-content\/uploads\/2018\/06\/30581468_582751448778372_1795491757012144808_n.jpg\" alt=\"\" width=\"640\" height=\"640\" srcset=\"https:\/\/www.radiopiu.net\/wordpress\/wp-content\/uploads\/2018\/06\/30581468_582751448778372_1795491757012144808_n.jpg 640w, https:\/\/www.radiopiu.net\/wordpress\/wp-content\/uploads\/2018\/06\/30581468_582751448778372_1795491757012144808_n-150x150.jpg 150w, https:\/\/www.radiopiu.net\/wordpress\/wp-content\/uploads\/2018\/06\/30581468_582751448778372_1795491757012144808_n-300x300.jpg 300w\" sizes=\"auto, (max-width: 640px) 100vw, 640px\" \/><\/p><\/blockquote>\n<p><strong>AGORDO<\/strong> Si avvicina sempre di pi\u00f9 la trail running &#8220;4 pas in doi&#8221;. L&#8217;edizione di quest&#8217;anno sar\u00e0 caratterizzata da 2 novit\u00e0; Trofei ADMO in combinata con TransCivetta Karpos e 4 pas tra le leggende agordine (panelli dedicati alla cultura locale sul percorso breve da 6 km). Se non vi siete ancora iscritti; per quanto riguarda la gara competitiva e non da 15 km, fino a oggi il prezzo sar\u00e0 di 38 euro a coppia, mentre la mattina della gara, 44 euro a coppia. Per la gara di 6 km invece, 20euro per i bambini nati dal 2003 al 2018, 30.00 euro adulti nati fino al 2002 e per le coppie di adulti e bambini 25euro . Per ulteriori informazioni, visitare il sito: www.4pasindoi.it, Iscrizioni presso l&#8217;ufficio turistico di Agordo.<br \/>\n<a href=\"https:\/\/www.facebook.com\/4pasin2\/videos\/601979016855615\/\">VIDEO<\/a><br \/>\n<a href=\"https:\/\/www.facebook.com\/4pasin2\/\">PAGINA FACEBOOK<\/a><\/p>\n<p>&nbsp;<\/p>\n<p>&nbsp;<\/p>\n<blockquote>\n<h1>SUCCESSI ONDABLU<\/h1>\n<p><img loading=\"lazy\" decoding=\"async\" class=\"aligncenter wp-image-49797 size-large\" src=\"http:\/\/www.radiopiu.net\/wordpress\/wp-content\/uploads\/2018\/06\/2018-05-27_Belluno-1024x576.jpg\" alt=\"\" width=\"1024\" height=\"576\" srcset=\"https:\/\/www.radiopiu.net\/wordpress\/wp-content\/uploads\/2018\/06\/2018-05-27_Belluno-1024x576.jpg 1024w, https:\/\/www.radiopiu.net\/wordpress\/wp-content\/uploads\/2018\/06\/2018-05-27_Belluno-300x169.jpg 300w, https:\/\/www.radiopiu.net\/wordpress\/wp-content\/uploads\/2018\/06\/2018-05-27_Belluno-768x432.jpg 768w\" sizes=\"auto, (max-width: 1024px) 100vw, 1024px\" \/><\/p>\n<p>Domenica 27 maggio si \u00e8 tenuta presso la piscina di Belluno l&#8217;ultima giornata di gare di nuoto, valide per le classifiche regionali degli atleti veneti della categoria &#8220;Esordienti. E&#8217; stata una giornata ricca di soddisfazioni per i ragazzi della societ\u00e0 Ondablu nella quale militano atleti delle piscine di Pedavena, Santa Giustina e Agordo. I pi\u00f9 piccoli, &#8220;Esordienti B&#8221; hanno gareggiato di buon mattino mettendo in evidenza buone nuotate e miglioramenti generalizzati che ne hanno consentito l&#8217;inserimento nelle parti alte delle classifiche in gare impegnative come: i 100 stile libero, i 200 misti, i 400 stile e i 50 delfino.A seguire \u00e8 stata la volta dei pi\u00f9 grandi &#8220;Esordienti A&#8221;, che hanno fatto incetta di medaglie, valorizzate dal buon livello complessivo della gara.Anna de Boni ha portando a casa la vittoria nei 50 dorso e il secondo posto nei 200 misti con rilievi cronometrici di spessore.Camilla Dalla Libera e Emma De Marco si sono confermate eccelenti interpreti della rana monopolizzando rispettivamente il primo e secondo gradino del podio.Piacevoli sorprese sono arrivate dai delfinisti Francesco De Bacco e Angela Gorza che hanno chiuso al primo e al secondo posto le gare dei 200 delfino. Numerosi i piazzamenti nei primi dieci degli altri ragazzi.A completare il quadro positivo le staffette: prima e terza le femminili e quarta la maschile.Grazie alle buone prestazioni fornite nel corso della stagione saranno numerosi i portacolori di Ondablu che parteciperanno ai campionati regionali di luglio.<\/p><\/blockquote>\n<p>&nbsp;<\/p>\n<p>&nbsp;<\/p>\n<p>&nbsp;<\/p>\n<blockquote>\n<h1><b>Da sabato ad Auronzo azzurri in gara: in palio ci sono i posti per l\u2019Europeo di canoa 2018<\/b><\/h1>\n<p><img loading=\"lazy\" decoding=\"async\" class=\"aligncenter wp-image-49799 size-large\" src=\"http:\/\/www.radiopiu.net\/wordpress\/wp-content\/uploads\/2018\/06\/incontroregione-1024x768.jpg\" alt=\"\" width=\"1024\" height=\"768\" srcset=\"https:\/\/www.radiopiu.net\/wordpress\/wp-content\/uploads\/2018\/06\/incontroregione-1024x768.jpg 1024w, https:\/\/www.radiopiu.net\/wordpress\/wp-content\/uploads\/2018\/06\/incontroregione-300x225.jpg 300w, https:\/\/www.radiopiu.net\/wordpress\/wp-content\/uploads\/2018\/06\/incontroregione-768x576.jpg 768w, https:\/\/www.radiopiu.net\/wordpress\/wp-content\/uploads\/2018\/06\/incontroregione.jpg 1632w\" sizes=\"auto, (max-width: 1024px) 100vw, 1024px\" \/><\/p><\/blockquote>\n<p><b>Weekend di gare sul lago di Santa Caterina per i canoisti in lotta per un posto all\u2019europeo in programma sempre ad Auronzo dal 27\/6 all\u20191\/7. Il 13 giugno conferenza stampa a Belluno, il comitato organizzatore ricevuto nei giorni scorsi in Regione dall\u2019ass. Corazzari a Venezia\u00a0<\/b>La grande canoa internazionale si prepara all\u2019evento continentale di fine giugno con l\u2019europeo junior e under 23 di Auronzo di Cadore e lo fa tra\u00a0<b>sabato 2 e domenica 3 giugno con la gara nazionale di velocit\u00e0 in programma proprio sul lago di Santa Caterina<\/b>. Una sorta di prova generale che agli organizzatori servir\u00e0 per rodare gli ultimi ingranaggi in vista delle sfide europee mentre per gli atleti, azzurri in primis, sar\u00e0 gara valida come prova selettiva per qualificarsi e ottenere l\u2019opportunit\u00e0 di vestire la maglia azzurra, dal 27 giugno, e lottare per i titoli italiani in casa.\u00a0 S<b>i comincer\u00e0 sabato 2 giugno con batterie e semifinali in programma a partire dalle 08:00 e le prime finali per le medaglie che prenderanno il via alle 11:00 con le spettacolari gare sui 200 metri. Nel pomeriggio, dalle 14.30 alle 17.30 invece, spazio alle qualifiche sui 1000 che lasceranno spazio poi alle finali in programma fino alle 19.15. Domenica invece si inizier\u00e0 alle 08:00 con le prove sui 500 e, dalle 11.15, con le finali per canoa e paracanoa.<\/b>\u00a0 Tanti i nomi di spicco al via, tra i quali il finalista di Rio 2016\u00a0<b>Carlo Tacchini<\/b>, campione europeo under 23 in carica, specialista del C1 1000 e vincitore della medaglia di bronzo in coppa del mondo, due settimane fa a Szeged, in Ungheria tra i senior.\u00a0 E\u2019una canoa italiana che quindi si presenta al via con grandi ambizioni e che promette spettacolo, sabato e domenica ma anche e ovviamente tra fine giugno e l\u20191 luglio con il campionato europeo in programma tra le acque tricolori del lago di Santa Caterina.\u00a0 Un evento, preceduto nei giorni scorsi dall\u2019incontro avvenuto a Palazzo Balbi, in Regione Veneto a Venezia, tra l\u2019assessore regionale al territorio, cultura e sport\u00a0<b>Cristiano Corazzari<\/b>, il rappresentante del comitato organizzatore degli europei di Auronzo\u00a0<b>Andrea Bedin<\/b>\u00a0e l\u2019assessore al bilancio del comune di Auronzo di Cadore\u00a0<b>Andrea Costa<\/b>. Un incontro durante il quale si \u00e8 fatto il punto della situazione in vista dell\u2019importante appuntamento continentale di fine giugno e si \u00e8 parlato anche dello sviluppo futuro dell\u2019attivit\u00e0 canoistica sul lago di Santa Caterina. Il tutto, focalizzando l\u2019attenzione sulle opportunit\u00e0 turistiche ed economiche per il comprensorio bellunese che da tempo ha scoperto gli sport della pagaia.<\/p>\n<p><img loading=\"lazy\" decoding=\"async\" class=\"size-medium wp-image-49800 alignleft\" src=\"http:\/\/www.radiopiu.net\/wordpress\/wp-content\/uploads\/2018\/06\/tacchiniszeged-300x146.jpg\" alt=\"\" width=\"300\" height=\"146\" srcset=\"https:\/\/www.radiopiu.net\/wordpress\/wp-content\/uploads\/2018\/06\/tacchiniszeged-300x146.jpg 300w, https:\/\/www.radiopiu.net\/wordpress\/wp-content\/uploads\/2018\/06\/tacchiniszeged-768x374.jpg 768w, https:\/\/www.radiopiu.net\/wordpress\/wp-content\/uploads\/2018\/06\/tacchiniszeged.jpg 960w\" sizes=\"auto, (max-width: 300px) 100vw, 300px\" \/> \u201c<i>Il Veneto \u00e8 una Regione ad alta vocazione sportiva &#8211; commenta l\u2019assessore regionale allo sport Cristiano Corazzari &#8211; tale affermazione viene attestata dai nostri atleti, che entrano regolarmente nel medagliere delle Olimpiadi, dai nostri campioni, che primeggiano nelle gare di tutte le discipline sportive, dai nostri impianti, che possono vantare standard qualitativi di elevato livello e dallo straordinario lavoro delle associazioni locali. La conformazione del nostro stesso territorio si presta inoltre alla pratica di qualsiasi attivit\u00e0 sportiva, favorendone in modo naturale lo svolgimento e la diffusione, e il \u201cfattore\u201d sport costituisce una componente importante della nostra societ\u00e0. Ben si inserisce in questo contesto la canoa, con la gara nazionale di velocit\u00e0 in programma proprio sul lago di Santa Caterina che si prepara all\u2019evento continentale di fine giugno ad Auronzo di Cadore. Come sempre sono certo che la nostra comunit\u00e0 sapr\u00e0 accogliere in modo eccellente sportivi, tecnici, amanti dello sport e anche della montagna e l\u2019Europeo di canoa 2018, oltre ad un appuntamento sportivo sar\u00e0 una ulteriore occasione di promozione culturale e turistica.\u201d\u00a0<\/i><i>\u201cSiamo a meno di 30 giorni dagli Europei che possiamo considerare storici per il Cadore, per il Veneto e per l&#8217;Italia &#8211; sottolinea per il comitato organizzatore Andrea Bedin &#8211;\u00a0<\/i><i>\u00e8<\/i><i>\u00a0la prima volta che si svolgono nel veneto dei campionati europei di canoa velocit\u00e0, la disciplina che porter\u00e0 molti di questi giovani campioni alle Olimpiadi di Tokyo 2020.<\/i><i>\u00a0<\/i><i>Con la macchina organizzativa c&#8217;\u00e8 ancora molto lavoro da fare ma siamo a buon punto.<\/i><i>\u00a0<\/i><i>Il contesto del lago di Santa Caterina \u00e8 unico in Europa e, salvo rarissime eccezioni, unico al mondo.<\/i><i>\u00a0<\/i><i>Non \u00e8 stato facile realizzare un evento con un cos\u00ec alto tasso tecnico &#8211; canoisticamente parlando &#8211; ad Auronzo di Cadore, paese prettamente di montagna; ma ci sono le premesse per fare una bella figura.<\/i><i>\u00a0<\/i><i>Ringrazio la Regione del Veneto, la Provincia di Belluno e il Comune di Auronzo di Cadore per il contributo che stanno fornendo per la riuscita dell&#8217;evento\u201d.\u00a0\u00a0<\/i><i>\u201cCrediamo in questo evento e proprio per questo stiamo investendo molto su quello che \u00e8 oramai uno dei campi gara pi\u00f9 apprezzati nel mondo della canoa &#8211; ha commentato l\u2019assessore comunale Andrea Costa &#8211; uno dei prossimi passi \u00e8 far si che anche a livello di associazioni locali ci sia ancor pi\u00f9 partecipazione e consideriamo questo europeo come punto di partenza, e non come punto di arrivo, per sviluppare in maniera decisiva la canoa sulle Dolomiti. Oltre all\u2019aspetto sportivo, eventi come quello in programma a fine giugno sono fondamentali come volano turistico per far conoscere Auronzo di Cadore e le sue bellezze in tutta Europa. Presentarci bene, metterci a disposizione degli sportivi e delle oltre 1200 persone che arriveranno a fine giugno e qui rimarranno per una settimana a gareggiare in canoa avr\u00e0 di sicuro un ritorno in termini importanti, per l\u2019immediato ma anche e soprattutto per lo sviluppo futuro del territorio. E\u2019un\u2019occasione da non perdere e noi siamo pronti a sfruttarla al meglio\u201d.\u00a0<\/i><\/p>\n<p>&nbsp;<\/p>\n<p>&nbsp;<\/p>\n<p>&nbsp;<\/p>\n<blockquote>\n<h1>METEO<\/h1>\n<\/blockquote>\n<p><strong>PREVISIONI DEL TEMPO DA OGGI A LUNEDI<\/strong><br \/>\n<strong>Venerdi 1<\/strong><br \/>\nTempo atteso: Giornata pi\u00f9 soleggiata con ampie schiarite mattutine, anche se permarr\u00e0 il rischio di locali nubi basse soprattutto in Valbelluna, e successivo sviluppo di cumuli, che potranno dar luogo a locali fenomeni di instabilit\u00e0 al pomeriggio\/sera. Clima diurno sempre caldo di stampo tardo primaverile.<br \/>\nPrecipitazioni: Generalmente assenti fino alle ore centrali (0\/20%); tra mezzogiorno e il pomeriggio possibili rovesci o temporali locali, che potranno attardarsi anche in serata soprattutto sulle Dolomiti (50\/60%), dove non si esclude possano risultare isolatamente intensi.<br \/>\nTemperature: Senza notevoli variazioni. Su Prealpi a 1500 m min 12\u00b0C max 16\u00b0C, a 2000 m min 10\u00b0C max 13\u00b0C. Su Dolomiti a 2000 m min 9\u00b0C max 14\u00b0C, a 3000 m min 3\u00b0C max 5\u00b0C.<br \/>\nVenti: Deboli o moderati nelle valli per brezze; in quota deboli da Sud-Ovest, a 5-10 km\/h a 2000 m, 5-15 km\/h a 3000 m.<br \/>\n<strong>Sabato 2<\/strong><br \/>\nTempo atteso: Ampie schiarite mattutine e attivit\u00e0 cumuliforme diurna nelle ore pi\u00f9 calde; la forte convezione potr\u00e0 determinare uno sviluppo localmente anche intenso dei cumuli cui potranno associarsi fenomeni di instabilit\u00e0.<br \/>\nPrecipitazioni: Fino a met\u00e0 mattina generalmente assenti (0\/20%); dalle ore centrali e al pomeriggio probabili rovesci o temporali di calore (50\/60%), in esaurimento in serata.<br \/>\nTemperature: Stazionarie. Su Prealpi a 1500 m min 12\u00b0C max 15\u00b0C, a 2000 m min 10\u00b0C max 12\u00b0C. Su Dolomiti a 2000 m min 8\u00b0C max 13\u00b0C, a 3000 m min 3\u00b0C max 4\u00b0C.<br \/>\nVenti: Deboli o moderati nelle valli per brezze; in quota deboli in rotazione a Nord-Ovest, a 5-10 km\/h a 2000 m, 5-15 km\/h a 3000 m.<br \/>\n<strong>Domenica 3<\/strong><br \/>\nTempo variabile, a tratti instabile tra ore centrali e pomeriggio. Aumenter\u00e0 un po&#8217; il rischio di qualche nube bassa mattutina, poi in giornata ampie schiarite seguite da sviluppo di cumuli che potranno portare rovesci o temporali sparsi. Clima sempre caldo.<br \/>\n<strong>Lunedi 4<\/strong><br \/>\nTempo maggiormente instabile, con nuvolosit\u00e0 irregolare spesso intensa associata a rovesci e temporali a tratti anche diffusi, soprattutto nelle ore centrali della giornata. Lieve calo termico diurno. Previsore: G.M.<\/p>\n","protected":false},"excerpt":{"rendered":"<p>A CANALE\u00a0 D&#8217;AGORDO I GIOCHI DE NA OLTA, WALTER IMPROVVISA, IL PAESE RISPONDE http:\/\/www.radiopiu.net\/wordpress\/i-giochi-de-na-olta-oggi-a-canale-dagordo\/ METEO. STATO DI ATTENZIONE PER TEMPORALI NEL BELLUNESE. VENEZIA Il Centro Funzionale Decentrato della Protezione Civile della Regione Veneto, sulla base delle condizioni meteo attese, ha emesso lo Stato di Attenzione per criticit\u00e0 idrogeologica, riferito allo scenario di possibili temporali forti,&hellip;<\/p>\n","protected":false},"author":1,"featured_media":49785,"comment_status":"closed","ping_status":"closed","sticky":false,"template":"","format":"standard","meta":{"_monsterinsights_skip_tracking":false,"_monsterinsights_sitenote_active":false,"_monsterinsights_sitenote_note":"","_monsterinsights_sitenote_category":0,"footnotes":""},"categories":[2,49],"tags":[],"class_list":["post-49772","post","type-post","status-publish","format-standard","has-post-thumbnail","hentry","category-news","category-news-18","category-2","category-49","description-off"],"img_url":"https:\/\/www.radiopiu.net\/wordpress\/wp-content\/uploads\/2018\/06\/30581468_582751448778372_1795491757012144808_n.jpg","_links":{"self":[{"href":"https:\/\/www.radiopiu.net\/wordpress\/wp-json\/wp\/v2\/posts\/49772","targetHints":{"allow":["GET"]}}],"collection":[{"href":"https:\/\/www.radiopiu.net\/wordpress\/wp-json\/wp\/v2\/posts"}],"about":[{"href":"https:\/\/www.radiopiu.net\/wordpress\/wp-json\/wp\/v2\/types\/post"}],"author":[{"embeddable":true,"href":"https:\/\/www.radiopiu.net\/wordpress\/wp-json\/wp\/v2\/users\/1"}],"replies":[{"embeddable":true,"href":"https:\/\/www.radiopiu.net\/wordpress\/wp-json\/wp\/v2\/comments?post=49772"}],"version-history":[{"count":0,"href":"https:\/\/www.radiopiu.net\/wordpress\/wp-json\/wp\/v2\/posts\/49772\/revisions"}],"wp:featuredmedia":[{"embeddable":true,"href":"https:\/\/www.radiopiu.net\/wordpress\/wp-json\/wp\/v2\/media\/49785"}],"wp:attachment":[{"href":"https:\/\/www.radiopiu.net\/wordpress\/wp-json\/wp\/v2\/media?parent=49772"}],"wp:term":[{"taxonomy":"category","embeddable":true,"href":"https:\/\/www.radiopiu.net\/wordpress\/wp-json\/wp\/v2\/categories?post=49772"},{"taxonomy":"post_tag","embeddable":true,"href":"https:\/\/www.radiopiu.net\/wordpress\/wp-json\/wp\/v2\/tags?post=49772"}],"curies":[{"name":"wp","href":"https:\/\/api.w.org\/{rel}","templated":true}]}}