{"id":49913,"date":"2018-06-03T17:39:39","date_gmt":"2018-06-03T15:39:39","guid":{"rendered":"http:\/\/www.radiopiu.net\/wordpress\/?p=49913"},"modified":"2018-06-04T09:36:36","modified_gmt":"2018-06-04T07:36:36","slug":"meteo-da-stanotte-stato-di-attenzione-per-possibili-temporali-in-tutto-il-veneto","status":"publish","type":"post","link":"https:\/\/www.radiopiu.net\/wordpress\/meteo-da-stanotte-stato-di-attenzione-per-possibili-temporali-in-tutto-il-veneto\/","title":{"rendered":"METEO. DA STANOTTE STATO DI ATTENZIONE PER POSSIBILI TEMPORALI IN TUTTO IL VENETO"},"content":{"rendered":"<p><strong>VENEZIA<\/strong>\u00a0 In riferimento alla situazione meteorologica attesa sul territorio regionale, il Centro Funzionale Decentrato della Regione del Veneto, al fine di garantire un monitoraggio costante della situazione e la massima prontezza operativa del Sistema di Protezione Civile, dichiara, per possibili situazioni di criticit\u00e0 idrogeologica dovuta a precipitazioni sparse a prevalente carattere di rovescio o a temporali localmente anche forti, dalla mezzanotte di oggi fino alle ore 14.00 di marted\u00ec 5 giugno lo stato di ALLARME (da riconfigurare, a livello locale, in fase di pre-allarme, a seconda dell\u2019intensit\u00e0 dei fenomeni) in tutti i bacini idrografici del Veneto.<\/p>\n<p><strong>Queste le previsioni dell\u2019ARPAV:<\/strong><\/p>\n<p>l<strong>uned\u00ec 4 giugno<\/strong>: nuvoloso, a tratti molto nuvoloso. Probabili schiarite nel pomeriggio, pi\u00f9 significative in montagna a fine giornata. Probabilit\u00e0 di precipitazioni sparse in aumento dal mattino a partire dalle zone montane e dalla pianura centro-occidentale, a prevalente carattere di rovescio o temporale, con possibilit\u00e0 di fenomeni localmente intensi. Temporaneo diradamento dei fenomeni nel pomeriggio con ripresa sulle zone centro-meridionali in serata. Sulle zone montane precipitazioni in esaurimento dalla serata. Temperature minime senza notevoli variazioni, massime in contenuto calo;<\/p>\n<p><strong>marted\u00ec 5<\/strong> giugno: sereno o poco nuvoloso, salvo residua variabilit\u00e0 fino al primo mattino sulla pianura meridionale e modesta nuvolosit\u00e0 cumuliforme pomeridiana sulle zone montane e pedemontane. Tra la notte e il primo mattino probabilit\u00e0 di precipitazioni medio-alta (50-75%) sulla pianura meridionale, anche a carattere di rovescio o temporale, occasionalmente intenso. In seguito precipitazioni in prevalenza assenti, salvo probabilit\u00e0 medio-bassa di locali precipitazioni anche a carattere di rovescio sulle zone montane e pedemontane.<\/p>\n","protected":false},"excerpt":{"rendered":"<p>VENEZIA\u00a0 In riferimento alla situazione meteorologica attesa sul territorio regionale, il Centro Funzionale Decentrato della Regione del Veneto, al fine di garantire un monitoraggio costante della situazione e la massima prontezza operativa del Sistema di Protezione Civile, dichiara, per possibili situazioni di criticit\u00e0 idrogeologica dovuta a precipitazioni sparse a prevalente carattere di rovescio o a&hellip;<\/p>\n","protected":false},"author":1,"featured_media":0,"comment_status":"closed","ping_status":"closed","sticky":false,"template":"","format":"standard","meta":{"_monsterinsights_skip_tracking":false,"_monsterinsights_sitenote_active":false,"_monsterinsights_sitenote_note":"","_monsterinsights_sitenote_category":0,"footnotes":""},"categories":[2,49],"tags":[],"class_list":["post-49913","post","type-post","status-publish","format-standard","hentry","category-news","category-news-18","category-2","category-49","description-off"],"img_url":false,"_links":{"self":[{"href":"https:\/\/www.radiopiu.net\/wordpress\/wp-json\/wp\/v2\/posts\/49913","targetHints":{"allow":["GET"]}}],"collection":[{"href":"https:\/\/www.radiopiu.net\/wordpress\/wp-json\/wp\/v2\/posts"}],"about":[{"href":"https:\/\/www.radiopiu.net\/wordpress\/wp-json\/wp\/v2\/types\/post"}],"author":[{"embeddable":true,"href":"https:\/\/www.radiopiu.net\/wordpress\/wp-json\/wp\/v2\/users\/1"}],"replies":[{"embeddable":true,"href":"https:\/\/www.radiopiu.net\/wordpress\/wp-json\/wp\/v2\/comments?post=49913"}],"version-history":[{"count":0,"href":"https:\/\/www.radiopiu.net\/wordpress\/wp-json\/wp\/v2\/posts\/49913\/revisions"}],"wp:attachment":[{"href":"https:\/\/www.radiopiu.net\/wordpress\/wp-json\/wp\/v2\/media?parent=49913"}],"wp:term":[{"taxonomy":"category","embeddable":true,"href":"https:\/\/www.radiopiu.net\/wordpress\/wp-json\/wp\/v2\/categories?post=49913"},{"taxonomy":"post_tag","embeddable":true,"href":"https:\/\/www.radiopiu.net\/wordpress\/wp-json\/wp\/v2\/tags?post=49913"}],"curies":[{"name":"wp","href":"https:\/\/api.w.org\/{rel}","templated":true}]}}