{"id":500239,"date":"2026-03-13T15:36:12","date_gmt":"2026-03-13T14:36:12","guid":{"rendered":"https:\/\/www.radiopiu.net\/wordpress\/?p=500239"},"modified":"2026-03-13T15:36:47","modified_gmt":"2026-03-13T14:36:47","slug":"antonio-da-ronch","status":"publish","type":"post","link":"https:\/\/www.radiopiu.net\/wordpress\/antonio-da-ronch\/","title":{"rendered":"DOMANI A BELLUNO  L&#8217;ULTIMO SALUTO AD ANTONIO DA RONCH"},"content":{"rendered":"<p>**<\/p>\n<p><strong>BELLUNO<\/strong> I funerali di Antonio Da Ronch\u00a0 si svolgeranno domani alle 11 nella sala del regno dei Testimoni di Geova in via San Gervasio 110 a Belluno.<\/p>\n<p><strong>Per chi impossibilitato a partecipare in presenza potr\u00e0 seguire la funzione tramite zoom con i seguenti codici: ID RIUNIONE 473 296 4621 CODICE D&#8217;ACCESSO 2026<\/strong><\/p>\n<p>&nbsp;<\/p>\n<p>&nbsp;<\/p>\n<p>&nbsp;<\/p>\n<p>&nbsp;<\/p>\n<article class=\"text-token-text-primary w-full focus:outline-none [--shadow-height:45px] has-data-writing-block:pointer-events-none has-data-writing-block:-mt-(--shadow-height) has-data-writing-block:pt-(--shadow-height) [&amp;:has([data-writing-block])&gt;*]:pointer-events-auto scroll-mt-[calc(var(--header-height)+min(200px,max(70px,20svh)))]\" dir=\"auto\" tabindex=\"-1\" data-turn-id=\"request-WEB:17050ad1-1bd4-40e3-88ef-f3e57320bdc4-29\" data-testid=\"conversation-turn-60\" data-scroll-anchor=\"false\" data-turn=\"assistant\">\n<div class=\"text-base my-auto mx-auto [--thread-content-margin:var(--thread-content-margin-xs,calc(var(--spacing)*4))] @w-sm\/main:[--thread-content-margin:var(--thread-content-margin-sm,calc(var(--spacing)*6))] @w-lg\/main:[--thread-content-margin:var(--thread-content-margin-lg,calc(var(--spacing)*16))] px-(--thread-content-margin)\">\n<div class=\"[--thread-content-max-width:40rem] @w-lg\/main:[--thread-content-max-width:48rem] mx-auto max-w-(--thread-content-max-width) flex-1 group\/turn-messages focus-visible:outline-hidden relative flex w-full min-w-0 flex-col agent-turn\" tabindex=\"-1\">\n<div class=\"flex max-w-full flex-col gap-4 grow\">\n<div class=\"min-h-8 text-message relative flex w-full flex-col items-end gap-2 text-start break-words whitespace-normal [.text-message+&amp;]:mt-1\" dir=\"auto\" data-message-author-role=\"assistant\" data-message-id=\"1ddaec18-50aa-41c6-99e0-1435718b76a3\" data-message-model-slug=\"gpt-5-3\">\n<div class=\"flex w-full flex-col gap-1 empty:hidden\">\n<div class=\"markdown prose dark:prose-invert w-full wrap-break-word dark markdown-new-styling\"><a class=\"dt-pswp-item\" href=\"https:\/\/www.radiopiu.net\/wordpress\/wp-content\/uploads\/2026\/03\/643371270_2390230841440607_8892287618097434146_n.jpg\" data-dt-img-description=\"\" data-large_image_width=\"720\" data-large_image_height=\"956\"><img loading=\"lazy\" decoding=\"async\" class=\"aligncenter size-medium wp-image-500262\" src=\"https:\/\/www.radiopiu.net\/wordpress\/wp-content\/uploads\/2026\/03\/643371270_2390230841440607_8892287618097434146_n-226x300.jpg\" alt=\"\" width=\"226\" height=\"300\" srcset=\"https:\/\/www.radiopiu.net\/wordpress\/wp-content\/uploads\/2026\/03\/643371270_2390230841440607_8892287618097434146_n-226x300.jpg 226w, https:\/\/www.radiopiu.net\/wordpress\/wp-content\/uploads\/2026\/03\/643371270_2390230841440607_8892287618097434146_n.jpg 720w\" sizes=\"auto, (max-width: 226px) 100vw, 226px\" \/><\/a><\/div>\n<\/div>\n<\/div>\n<\/div>\n<div class=\"z-0 flex min-h-[46px] justify-start\"><\/div>\n<\/div>\n<\/div>\n<\/article>\n<article class=\"text-token-text-primary w-full focus:outline-none [--shadow-height:45px] has-data-writing-block:pointer-events-none has-data-writing-block:-mt-(--shadow-height) has-data-writing-block:pt-(--shadow-height) [&amp;:has([data-writing-block])&gt;*]:pointer-events-auto scroll-mt-(--header-height)\" dir=\"auto\" tabindex=\"-1\" data-turn-id=\"33d82b7a-4b4e-4856-a674-b8ecf983d932\" data-testid=\"conversation-turn-61\" data-scroll-anchor=\"false\" data-turn=\"user\">\n<div class=\"text-base my-auto mx-auto pt-12 [--thread-content-margin:var(--thread-content-margin-xs,calc(var(--spacing)*4))] @w-sm\/main:[--thread-content-margin:var(--thread-content-margin-sm,calc(var(--spacing)*6))] @w-lg\/main:[--thread-content-margin:var(--thread-content-margin-lg,calc(var(--spacing)*16))] px-(--thread-content-margin)\">\n<div class=\"[--thread-content-max-width:40rem] @w-lg\/main:[--thread-content-max-width:48rem] mx-auto max-w-(--thread-content-max-width) flex-1 group\/turn-messages focus-visible:outline-hidden relative flex w-full min-w-0 flex-col\" tabindex=\"-1\">\n<div class=\"flex max-w-full flex-col gap-4 grow\">\n<div class=\"min-h-8 text-message relative flex w-full flex-col items-end gap-2 text-start break-words whitespace-normal [.text-message+&amp;]:mt-1\" dir=\"auto\" data-message-author-role=\"user\" data-message-id=\"33d82b7a-4b4e-4856-a674-b8ecf983d932\">\n<div class=\"flex w-full flex-col gap-1 empty:hidden items-end rtl:items-start\">\n<div class=\"user-message-bubble-color corner-superellipse\/0.98 relative rounded-[22px] px-4 py-2.5 leading-6 max-w-(--user-chat-width,70%)\">\n<div class=\"whitespace-pre-wrap\">\n<div class=\"flex flex-col text-sm pb-25\">\n<article class=\"text-token-text-primary w-full focus:outline-none [--shadow-height:45px] has-data-writing-block:pointer-events-none has-data-writing-block:-mt-(--shadow-height) has-data-writing-block:pt-(--shadow-height) [&amp;:has([data-writing-block])&gt;*]:pointer-events-auto scroll-mt-[calc(var(--header-height)+min(200px,max(70px,20svh)))]\" dir=\"auto\" tabindex=\"-1\" data-turn-id=\"request-WEB:17050ad1-1bd4-40e3-88ef-f3e57320bdc4-33\" data-testid=\"conversation-turn-68\" data-scroll-anchor=\"true\" data-turn=\"assistant\">\n<div class=\"text-base my-auto mx-auto pb-10 [--thread-content-margin:var(--thread-content-margin-xs,calc(var(--spacing)*4))] @w-sm\/main:[--thread-content-margin:var(--thread-content-margin-sm,calc(var(--spacing)*6))] @w-lg\/main:[--thread-content-margin:var(--thread-content-margin-lg,calc(var(--spacing)*16))] px-(--thread-content-margin)\">\n<div class=\"[--thread-content-max-width:40rem] @w-lg\/main:[--thread-content-max-width:48rem] mx-auto max-w-(--thread-content-max-width) flex-1 group\/turn-messages focus-visible:outline-hidden relative flex w-full min-w-0 flex-col agent-turn\" tabindex=\"-1\">\n<div class=\"flex max-w-full flex-col gap-4 grow\">\n<div class=\"min-h-8 text-message relative flex w-full flex-col items-end gap-2 text-start break-words whitespace-normal [.text-message+&amp;]:mt-1\" dir=\"auto\" data-message-author-role=\"assistant\" data-message-id=\"e31967d1-910a-4118-b6c4-aaeea08247fc\" data-message-model-slug=\"gpt-5-3\">\n<div class=\"flex w-full flex-col gap-1 empty:hidden\">\n<div class=\"markdown prose dark:prose-invert w-full wrap-break-word dark markdown-new-styling\">\n<p data-start=\"46\" data-end=\"332\">\u00c8 mancato in seguito ad una breve malattia,\u00a0 all\u2019et\u00e0 di 84 anni,\u00a0 Antonio Da Ronch. Negli ultimi giorni era ricoverato all\u2019ospedale di Agordo, nel reparto di Medicina, dove \u00e8 stato seguito con attenzione dall\u2019\u00e9quipe sanitaria e dalla dottoressa Corazzin delle cure palliative. \u00abLa vita \u00e8 cos\u00ec \u2013 raccontano i figli \u2013. Pap\u00e0 fino a un mese fa era l\u2019esempio della vitalit\u00e0, sempre impegnato nelle cose di casa e nei lavori quotidiani. Poi la malattia\u00bb. Un ricordo che restituisce l\u2019immagine di un uomo attivo, legato alla famiglia e alla quotidianit\u00e0. Antonio era conosciuto anche per la sua grande passione per la pesca, un amore coltivato per tutta la vita e vissuto come momento di serenit\u00e0 e contatto con la natura. Lascia la moglie Maddalena, i figli Rino, Piero, Nadia e Marta, i nipoti Francesco, Serena, Camilla, Matilda ed Emma, la nuora, i due generi e tutti i parenti che oggi lo ricordano con affetto. Per sua volont\u00e0 il corpo sar\u00e0 cremato. In seguito familiari e amici potranno ritrovarsi per un discorso funebre in sua memoria che si terr\u00e0 nella Sala del Regno dei Testimoni di Geova, in via San Gervasio a Belluno, momento di raccoglimento dedicato al ricordo della sua vita e dell\u2019affetto che ha lasciato in chi lo ha conosciuto.<\/p>\n<blockquote>\n<p data-start=\"46\" data-end=\"332\"><em><a class=\"dt-pswp-item\" href=\"https:\/\/www.radiopiu.net\/wordpress\/wp-content\/uploads\/2026\/03\/011e9490-b499-4c50-813b-bd76f3ff1427.jpg\" data-dt-img-description=\"\" data-large_image_width=\"1600\" data-large_image_height=\"1200\"><img loading=\"lazy\" decoding=\"async\" class=\"aligncenter size-medium wp-image-500242\" src=\"https:\/\/www.radiopiu.net\/wordpress\/wp-content\/uploads\/2026\/03\/011e9490-b499-4c50-813b-bd76f3ff1427-300x225.jpg\" alt=\"\" width=\"300\" height=\"225\" srcset=\"https:\/\/www.radiopiu.net\/wordpress\/wp-content\/uploads\/2026\/03\/011e9490-b499-4c50-813b-bd76f3ff1427-300x225.jpg 300w, https:\/\/www.radiopiu.net\/wordpress\/wp-content\/uploads\/2026\/03\/011e9490-b499-4c50-813b-bd76f3ff1427-1024x768.jpg 1024w, https:\/\/www.radiopiu.net\/wordpress\/wp-content\/uploads\/2026\/03\/011e9490-b499-4c50-813b-bd76f3ff1427-768x576.jpg 768w, https:\/\/www.radiopiu.net\/wordpress\/wp-content\/uploads\/2026\/03\/011e9490-b499-4c50-813b-bd76f3ff1427-1536x1152.jpg 1536w, https:\/\/www.radiopiu.net\/wordpress\/wp-content\/uploads\/2026\/03\/011e9490-b499-4c50-813b-bd76f3ff1427.jpg 1600w\" sizes=\"auto, (max-width: 300px) 100vw, 300px\" \/><\/a><\/em><\/p>\n<p data-start=\"46\" data-end=\"332\"><em>&#8220;Ma io so che devo aspettare un po\u2019. E terr\u00f2 qui con me questa immagine perch\u00e9 io so che proveremo grande gioia sempre, e per noi sar\u00e0 vera vita&#8221;<br \/>\n*<\/em><\/p>\n<p>*<\/p><\/blockquote>\n<\/div>\n<\/div>\n<hr \/>\n<div class=\"flex w-full flex-col gap-1 empty:hidden\">\n<div class=\"markdown prose dark:prose-invert w-full wrap-break-word dark markdown-new-styling\">\n<blockquote>\n<p data-start=\"46\" data-end=\"332\">__<\/p>\n<\/blockquote>\n<\/div>\n<\/div>\n<\/div>\n<\/div>\n<div class=\"z-0 flex min-h-[46px] justify-start\"><\/div>\n<div class=\"mt-3 w-full empty:hidden\">\n<div class=\"text-center\"><\/div>\n<\/div>\n<\/div>\n<\/div>\n<\/article>\n<\/div>\n<div class=\"pointer-events-none h-px w-px absolute bottom-0\" aria-hidden=\"true\" data-edge=\"true\"><\/div>\n<\/div>\n<\/div>\n<\/div>\n<\/div>\n<\/div>\n<\/div>\n<\/div>\n<\/article>\n","protected":false},"excerpt":{"rendered":"<p>** BELLUNO I funerali di Antonio Da Ronch\u00a0 si svolgeranno domani alle 11 nella sala del regno dei Testimoni di Geova in via San Gervasio 110 a Belluno. Per chi impossibilitato a partecipare in presenza potr\u00e0 seguire la funzione tramite zoom con i seguenti codici: ID RIUNIONE 473 296 4621 CODICE D&#8217;ACCESSO 2026 &nbsp; &nbsp;&hellip;<\/p>\n","protected":false},"author":4,"featured_media":501420,"comment_status":"closed","ping_status":"closed","sticky":false,"template":"","format":"standard","meta":{"_monsterinsights_skip_tracking":false,"_monsterinsights_sitenote_active":false,"_monsterinsights_sitenote_note":"","_monsterinsights_sitenote_category":0,"footnotes":""},"categories":[49],"tags":[],"class_list":["post-500239","post","type-post","status-publish","format-standard","has-post-thumbnail","hentry","category-news-18","category-49","description-off"],"img_url":"https:\/\/www.radiopiu.net\/wordpress\/wp-content\/uploads\/2026\/03\/Screenshot-2026-03-13-153402.png","_links":{"self":[{"href":"https:\/\/www.radiopiu.net\/wordpress\/wp-json\/wp\/v2\/posts\/500239","targetHints":{"allow":["GET"]}}],"collection":[{"href":"https:\/\/www.radiopiu.net\/wordpress\/wp-json\/wp\/v2\/posts"}],"about":[{"href":"https:\/\/www.radiopiu.net\/wordpress\/wp-json\/wp\/v2\/types\/post"}],"author":[{"embeddable":true,"href":"https:\/\/www.radiopiu.net\/wordpress\/wp-json\/wp\/v2\/users\/4"}],"replies":[{"embeddable":true,"href":"https:\/\/www.radiopiu.net\/wordpress\/wp-json\/wp\/v2\/comments?post=500239"}],"version-history":[{"count":6,"href":"https:\/\/www.radiopiu.net\/wordpress\/wp-json\/wp\/v2\/posts\/500239\/revisions"}],"predecessor-version":[{"id":501422,"href":"https:\/\/www.radiopiu.net\/wordpress\/wp-json\/wp\/v2\/posts\/500239\/revisions\/501422"}],"wp:featuredmedia":[{"embeddable":true,"href":"https:\/\/www.radiopiu.net\/wordpress\/wp-json\/wp\/v2\/media\/501420"}],"wp:attachment":[{"href":"https:\/\/www.radiopiu.net\/wordpress\/wp-json\/wp\/v2\/media?parent=500239"}],"wp:term":[{"taxonomy":"category","embeddable":true,"href":"https:\/\/www.radiopiu.net\/wordpress\/wp-json\/wp\/v2\/categories?post=500239"},{"taxonomy":"post_tag","embeddable":true,"href":"https:\/\/www.radiopiu.net\/wordpress\/wp-json\/wp\/v2\/tags?post=500239"}],"curies":[{"name":"wp","href":"https:\/\/api.w.org\/{rel}","templated":true}]}}