{"id":501007,"date":"2026-03-12T05:53:59","date_gmt":"2026-03-12T04:53:59","guid":{"rendered":"https:\/\/www.radiopiu.net\/wordpress\/?p=501007"},"modified":"2026-03-13T06:38:26","modified_gmt":"2026-03-13T05:38:26","slug":"giornale-radiopiu-12-marzo-2026-direttore-mirko-mezzacasa","status":"publish","type":"post","link":"https:\/\/www.radiopiu.net\/wordpress\/giornale-radiopiu-12-marzo-2026-direttore-mirko-mezzacasa\/","title":{"rendered":"GIORNALE RADIOPIU 12 MARZO 2026 DIRETTORE MIRKO MEZZACASA"},"content":{"rendered":"<p>*********<\/p>\n<div class=\"page-title-head hgroup\"><\/div>\n<div class=\"flex flex-col text-sm pb-25\">\n<article class=\"text-token-text-primary w-full focus:outline-none [--shadow-height:45px] has-data-writing-block:pointer-events-none has-data-writing-block:-mt-(--shadow-height) has-data-writing-block:pt-(--shadow-height) [&amp;:has([data-writing-block])&gt;*]:pointer-events-auto scroll-mt-[calc(var(--header-height)+min(200px,max(70px,20svh)))]\" dir=\"auto\" tabindex=\"-1\" data-turn-id=\"request-WEB:545a5307-a0c9-41c7-9a5f-bf65aefdb8ec-5\" data-testid=\"conversation-turn-12\" data-scroll-anchor=\"true\" data-turn=\"assistant\">\n<div class=\"text-base my-auto mx-auto pb-10 [--thread-content-margin:--spacing(4)] @w-sm\/main:[--thread-content-margin:--spacing(6)] @w-lg\/main:[--thread-content-margin:--spacing(16)] px-(--thread-content-margin)\">\n<div class=\"[--thread-content-max-width:40rem] @w-lg\/main:[--thread-content-max-width:48rem] mx-auto max-w-(--thread-content-max-width) flex-1 group\/turn-messages focus-visible:outline-hidden relative flex w-full min-w-0 flex-col agent-turn\" tabindex=\"-1\">\n<div class=\"z-0 flex min-h-[46px] justify-start\">\n<h1><a class=\"dt-pswp-item\" href=\"https:\/\/www.radiopiu.net\/wordpress\/wp-content\/uploads\/2026\/03\/9d5dce83-69e0-4bc8-bd13-6fa30f9d5bef.png\" data-dt-img-description=\"\" data-large_image_width=\"1536\" data-large_image_height=\"1024\"><img loading=\"lazy\" decoding=\"async\" class=\"aligncenter size-medium wp-image-501202\" src=\"https:\/\/www.radiopiu.net\/wordpress\/wp-content\/uploads\/2026\/03\/9d5dce83-69e0-4bc8-bd13-6fa30f9d5bef-300x200.png\" alt=\"\" width=\"300\" height=\"200\" srcset=\"https:\/\/www.radiopiu.net\/wordpress\/wp-content\/uploads\/2026\/03\/9d5dce83-69e0-4bc8-bd13-6fa30f9d5bef-300x200.png 300w, https:\/\/www.radiopiu.net\/wordpress\/wp-content\/uploads\/2026\/03\/9d5dce83-69e0-4bc8-bd13-6fa30f9d5bef-1024x683.png 1024w, https:\/\/www.radiopiu.net\/wordpress\/wp-content\/uploads\/2026\/03\/9d5dce83-69e0-4bc8-bd13-6fa30f9d5bef-768x512.png 768w, https:\/\/www.radiopiu.net\/wordpress\/wp-content\/uploads\/2026\/03\/9d5dce83-69e0-4bc8-bd13-6fa30f9d5bef.png 1536w\" sizes=\"auto, (max-width: 300px) 100vw, 300px\" \/><\/a>LA\u00a0 \u00a0 APP<\/h1>\n<p><strong><em><span style=\"color: #ff0000;\">LA\u00a0 APP PER IOS-IPHONE di Nicola Vettorello<\/span><\/em><\/strong><\/p>\n<p><strong><span style=\"color: #0000ff;\"><a style=\"color: #0000ff;\" href=\"https:\/\/apps.apple.com\/it\/app\/radio-pi%C3%B9-emittente-agordina\/id1515939845\">https:\/\/apps.apple.com\/it\/app\/radio-pi%C3%B9-emittente-agordina\/id1515939845<\/a><\/span><\/strong><\/p>\n<p><strong><em style=\"color: #ff0000;\">LA\u00a0 APP RADIO\u00a0 PER ANDROID di Nicola Vettorello<\/em><\/strong><\/p>\n<p><strong><span style=\"color: #0000ff;\"><a style=\"color: #0000ff;\" href=\"https:\/\/play.google.com\/store\/apps\/details?id=net.radiopiu.iniko\" target=\"_blank\" rel=\"noopener noreferrer\">https:\/\/<\/a><a style=\"color: #0000ff;\" href=\"https:\/\/play.google.com\/store\/apps\/details?id=net.radiopiu.iniko\" target=\"_blank\" rel=\"noopener noreferrer\">play.google.com\/store\/apps\/details?id=net.radiopiu.iniko\u00a0\u00a0\u00a0\u00a0\u00a0<\/a><\/span><\/strong><\/p>\n<p>&nbsp;<\/p>\n<p>&nbsp;<\/p>\n<hr \/>\n<p>&nbsp;<\/p>\n<div class=\"page-title-head hgroup\"><\/div>\n<div class=\"flex flex-col text-sm pb-25\">\n<article class=\"text-token-text-primary w-full focus:outline-none [--shadow-height:45px] has-data-writing-block:pointer-events-none has-data-writing-block:-mt-(--shadow-height) has-data-writing-block:pt-(--shadow-height) [&amp;:has([data-writing-block])&gt;*]:pointer-events-auto scroll-mt-[calc(var(--header-height)+min(200px,max(70px,20svh)))]\" dir=\"auto\" tabindex=\"-1\" data-turn-id=\"da2f8a29-4751-44ac-b06a-20d94aeccf8b\" data-testid=\"conversation-turn-28\" data-scroll-anchor=\"true\" data-turn=\"assistant\">\n<div class=\"text-base my-auto mx-auto pb-10 [--thread-content-margin:--spacing(4)] @w-sm\/main:[--thread-content-margin:--spacing(6)] @w-lg\/main:[--thread-content-margin:--spacing(16)] px-(--thread-content-margin)\">\n<div class=\"[--thread-content-max-width:40rem] @w-lg\/main:[--thread-content-max-width:48rem] mx-auto max-w-(--thread-content-max-width) flex-1 group\/turn-messages focus-visible:outline-hidden relative flex w-full min-w-0 flex-col agent-turn\" tabindex=\"-1\">\n<div class=\"flex max-w-full flex-col grow\">\n<div class=\"min-h-8 text-message relative flex w-full flex-col items-end gap-2 text-start break-words whitespace-normal [.text-message+&amp;]:mt-1\" dir=\"auto\" data-message-author-role=\"assistant\" data-message-id=\"77cb542f-301b-441f-9a5c-c89ea331616b\" data-message-model-slug=\"gpt-5-2\">\n<div class=\"flex w-full flex-col gap-1 empty:hidden first:pt-[1px]\">\n<div class=\"markdown prose dark:prose-invert w-full break-words dark markdown-new-styling\">\n<div id=\"writing-block-77cb542f-301b-441f-9a5c-c89ea331616b\" class=\"group relative z-0 my-4 w-full overflow-visible rounded-2xl bg-token-bg-primary dark:bg-[#2a2a2a] shadow-[0px_0px_0px_1px_rgba(0,0,0,0.07),0px_4px_80px_rgba(0,0,0,0.02)]\" data-writing-block=\"true\">\n<div class=\"writing-block-editor markdown-new-styling relative flow-root pt-(--writing-block-editor-pt) pe-(--writing-block-editor-pr) pb-(--writing-block-editor-pb) ps-(--writing-block-editor-pl)\">\n<div class=\"ProseMirror markdown prose dark:prose-invert w-full min-h-6 break-words focus:outline-none\" contenteditable=\"true\" translate=\"no\" aria-disabled=\"false\">\n<h2 style=\"text-align: center;\" data-start=\"0\" data-end=\"74\"><strong data-start=\"0\" data-end=\"74\">OGGI ALLA RADIO: UNA GIORNATA DI NOTIZIE, STORIE E MUSICA SU RADIO PI\u00d9\u00a0<\/strong><\/h2>\n<p data-start=\"76\" data-end=\"465\"><a class=\"dt-pswp-item\" href=\"https:\/\/www.radiopiu.net\/wordpress\/wp-content\/uploads\/2026\/03\/30fc7c43-dfd3-4e71-8703-2446b739fc56.png\" data-dt-img-description=\"\" data-large_image_width=\"1536\" data-large_image_height=\"1024\"><img loading=\"lazy\" decoding=\"async\" class=\"aligncenter size-medium wp-image-501178\" src=\"https:\/\/www.radiopiu.net\/wordpress\/wp-content\/uploads\/2026\/03\/30fc7c43-dfd3-4e71-8703-2446b739fc56-300x200.png\" alt=\"\" width=\"300\" height=\"200\" srcset=\"https:\/\/www.radiopiu.net\/wordpress\/wp-content\/uploads\/2026\/03\/30fc7c43-dfd3-4e71-8703-2446b739fc56-300x200.png 300w, https:\/\/www.radiopiu.net\/wordpress\/wp-content\/uploads\/2026\/03\/30fc7c43-dfd3-4e71-8703-2446b739fc56-1024x683.png 1024w, https:\/\/www.radiopiu.net\/wordpress\/wp-content\/uploads\/2026\/03\/30fc7c43-dfd3-4e71-8703-2446b739fc56-768x512.png 768w, https:\/\/www.radiopiu.net\/wordpress\/wp-content\/uploads\/2026\/03\/30fc7c43-dfd3-4e71-8703-2446b739fc56.png 1536w\" sizes=\"auto, (max-width: 300px) 100vw, 300px\" \/><\/a><br \/>\nLa giornata su Radio Pi\u00f9 parte come sempre presto e con il ritmo giusto. Alle 8.05 si accendono i microfoni con la rassegna stampa locale, per capire cosa succede nel territorio e iniziare la mattina informati. Subito dopo, alle 8.30, arriva l\u2019appuntamento con \u201cPi\u00f9 Siamo\u201d insieme a Marina Don\u00e0, spazio dedicato alle persone, alle storie e alla vita della comunit\u00e0. Alle 9.30 si viaggia invece fuori dai confini locali con Reporter: collegamento dalla Francia, dove Dario Mezzacasa racconta l\u2019esperienza dello skating a Tolosa. Poco dopo, alle 10.10, \u00e8 il momento di \u201cSei in Radio\u201d, con le curiosit\u00e0 e gli spunti pi\u00f9 divertenti che arrivano direttamente da Facebook. 1030\u00a0 REPORTER CON MARIA RITA GENTILIN, QUINDICINALE APPUNTAMENTO ALLA RADIO\u00a0 Alle 11.00 spazio al mondo dei videogiochi e della cultura pop con \u201cArcade Show\u201d, giunto alla puntata numero 49 con Elia Casagrande. A met\u00e0 giornata, alle 12.30, arriva il momento del Giornale Radio principale, il punto completo sulle notizie del territorio. Il pomeriggio si apre alle 13.10 con uno speciale dedicato all\u2019atletica in Val di Zoldo, in vista dell\u2019appuntamento del fine settimana a Tolech. Subito dopo, alle 13.30, spazio alle atmosfere americane con la musica country di Alex Nascinben. Alle 14.00 si parla di tradizione e territorio con \u201cLa Vecia Popa\u201d, con Thomas e Valentina, dedicata all\u2019evento di domenica sul Broi di Agordo. Alle 15.00 torna Marina Don\u00e0 con \u201cTime for Me\u201d, oggi con ospite Stefano Tacca. Nel tardo pomeriggio, alle 16.45, si alza il volume con le hit di Mirco Bencivenni, perfette per accompagnare il rientro verso sera. E quando la giornata si avvicina alla conclusione, 1830 ANDREA DAL FARRA PRESENTA BAITE APERTE E SPLASH PARTY AD ALLEGHE\u00a0 alle 19.20, spazio allo sport con \u201cCortina come Olimpia\u201d, lo sguardo di Radio Pi\u00f9 sulle Paralimpiadi e sulle storie che rendono lo sport qualcosa di molto pi\u00f9 di una gara.<\/p>\n<p><a class=\"dt-pswp-item\" href=\"https:\/\/www.radiopiu.net\/wordpress\/wp-content\/uploads\/2026\/03\/WhatsApp-Image-2026-03-11-at-20.52.34.jpeg\" data-dt-img-description=\"\" data-large_image_width=\"1224\" data-large_image_height=\"1267\"><img loading=\"lazy\" decoding=\"async\" class=\"aligncenter size-medium wp-image-501216\" src=\"https:\/\/www.radiopiu.net\/wordpress\/wp-content\/uploads\/2026\/03\/WhatsApp-Image-2026-03-11-at-20.52.34-290x300.jpeg\" alt=\"\" width=\"290\" height=\"300\" srcset=\"https:\/\/www.radiopiu.net\/wordpress\/wp-content\/uploads\/2026\/03\/WhatsApp-Image-2026-03-11-at-20.52.34-290x300.jpeg 290w, https:\/\/www.radiopiu.net\/wordpress\/wp-content\/uploads\/2026\/03\/WhatsApp-Image-2026-03-11-at-20.52.34-989x1024.jpeg 989w, https:\/\/www.radiopiu.net\/wordpress\/wp-content\/uploads\/2026\/03\/WhatsApp-Image-2026-03-11-at-20.52.34-768x795.jpeg 768w, https:\/\/www.radiopiu.net\/wordpress\/wp-content\/uploads\/2026\/03\/WhatsApp-Image-2026-03-11-at-20.52.34.jpeg 1224w\" sizes=\"auto, (max-width: 290px) 100vw, 290px\" \/><\/a><\/p>\n<\/div>\n<\/div>\n<\/div>\n<\/div>\n<\/div>\n<\/div>\n<\/div>\n<\/div>\n<\/div>\n<\/article>\n<\/div>\n<hr \/>\n<div class=\"x11i5rnm xat24cr x1mh8g0r x1vvkbs xtlvy1s x126k92a\">\n<h1><strong><br \/>\n<span style=\"color: #0000ff;\">N di parom &#8211; L Almanach de la nosta jent<\/span>\u00a0 <\/strong><strong style=\"font-size: 14px;\"><span style=\"color: #ff0000;\">OGNI GIORNO ALLE CINQUE E ALLE NOVE E DIECI\u00a0 DEL MATTINO<\/span> <\/strong><\/h1>\n<h1><strong style=\"font-size: 14px;\">LA PUNTATA DI OGGI, 12 MARZO 2026<\/strong><\/h1>\n<audio class=\"wp-audio-shortcode\" id=\"audio-501007-1\" preload=\"none\" style=\"width: 100%;\" controls=\"controls\"><source type=\"audio\/mpeg\" src=\"https:\/\/www.radiopiu.net\/wordpress\/wp-content\/uploads\/2026\/03\/AL4-1.mp3?_=1\" \/><a href=\"https:\/\/www.radiopiu.net\/wordpress\/wp-content\/uploads\/2026\/03\/AL4-1.mp3\">https:\/\/www.radiopiu.net\/wordpress\/wp-content\/uploads\/2026\/03\/AL4-1.mp3<\/a><\/audio>\n<p>&nbsp;<\/p>\n<\/div>\n<div class=\"x11i5rnm xat24cr x1mh8g0r x1vvkbs xtlvy1s x126k92a\">\n<div dir=\"auto\">\n<hr \/>\n<\/div>\n<\/div>\n<blockquote>\n<h1><\/h1>\n<\/blockquote>\n<h1 style=\"text-align: center;\"><strong>NOTIZIE DELLA NOTTE LA RASSEGNA STAMPA NAZIONALE, AGGIORNAMENTO OGNI GIORNO ALLE SEI DEL MATTINO\u00a0<\/strong><\/h1>\n<h1 style=\"text-align: center;\"><strong><br \/>\n<a class=\"dt-pswp-item\" href=\"https:\/\/www.radiopiu.net\/wordpress\/wp-content\/uploads\/2026\/03\/Screenshot-2026-03-12-050034.png\" data-dt-img-description=\"\" data-large_image_width=\"457\" data-large_image_height=\"146\"><img loading=\"lazy\" decoding=\"async\" class=\"aligncenter wp-image-501179 size-full\" src=\"https:\/\/www.radiopiu.net\/wordpress\/wp-content\/uploads\/2026\/03\/Screenshot-2026-03-12-050034.png\" alt=\"\" width=\"457\" height=\"146\" srcset=\"https:\/\/www.radiopiu.net\/wordpress\/wp-content\/uploads\/2026\/03\/Screenshot-2026-03-12-050034.png 457w, https:\/\/www.radiopiu.net\/wordpress\/wp-content\/uploads\/2026\/03\/Screenshot-2026-03-12-050034-300x96.png 300w\" sizes=\"auto, (max-width: 457px) 100vw, 457px\" \/><\/a><br \/>\n<\/strong><\/h1>\n<div class=\"text-base my-auto mx-auto [--thread-content-margin:var(--thread-content-margin-xs,calc(var(--spacing)*4))] @w-sm\/main:[--thread-content-margin:var(--thread-content-margin-sm,calc(var(--spacing)*6))] @w-lg\/main:[--thread-content-margin:var(--thread-content-margin-lg,calc(var(--spacing)*16))] px-(--thread-content-margin)\">\n<div class=\"[--thread-content-max-width:40rem] @w-lg\/main:[--thread-content-max-width:48rem] mx-auto max-w-(--thread-content-max-width) flex-1 group\/turn-messages focus-visible:outline-hidden relative flex w-full min-w-0 flex-col agent-turn\" tabindex=\"-1\">\n<div class=\"flex max-w-full flex-col gap-4 grow\">\n<div class=\"min-h-8 text-message relative flex w-full flex-col items-end gap-2 text-start break-words whitespace-normal [.text-message+&amp;]:mt-1\" dir=\"auto\" data-message-author-role=\"assistant\" data-message-id=\"fcc7ed63-cb1d-4b50-97e1-70a7ea03c285\" data-message-model-slug=\"gpt-5-3\">\n<div class=\"flex w-full flex-col gap-1 empty:hidden\">\n<div class=\"markdown prose dark:prose-invert w-full wrap-break-word dark markdown-new-styling\">\n<p data-start=\"0\" data-end=\"625\"><strong>MEDIO ORIENTE IN FIAMME<\/strong><br data-start=\"23\" data-end=\"26\" \/>Missile contro la base italiana a Erbil, in Iraq. Il ministro della Difesa Crosetto conferma che non ci sono feriti tra i militari italiani, riparati nei bunker. Intanto Israele intensifica i raid contro obiettivi in Iran e nell\u2019est del Libano, dove secondo fonti locali si contano almeno otto morti. Gli Stati Uniti tengono nel mirino i porti iraniani e cresce l\u2019allerta mine nel Golfo. Secondo Forbes l\u2019operazione militare costa circa un miliardo di dollari al giorno. Negli Stati Uniti la guerra divide anche l\u2019area Maga, mentre Donald Trump insiste: \u201cFiniremo il lavoro in Iran e finir\u00e0 presto\u201d.<\/p>\n<p data-start=\"627\" data-end=\"1084\"><strong>TENSIONE DIPLOMATICA SULL\u2019IRAN<\/strong><br data-start=\"657\" data-end=\"660\" \/>Teheran condanna l\u2019Onu dopo il voto che chiede lo stop agli attacchi nel Golfo. Trump rivendica la superiorit\u00e0 militare americana e afferma: \u201cAbbiamo vinto la guerra contro l\u2019Iran in un\u2019ora\u201d. Sul fronte diplomatico, secondo i media l\u2019inviato russo Kirill Dmitriev sarebbe a Miami per colloqui con gli Stati Uniti. In Italia la Camera approva la risoluzione di maggioranza sulla linea del governo su Iran e Consiglio europeo.<\/p>\n<p data-start=\"1282\" data-end=\"1488\"><strong>SENEGAL, STRETTA SUI DIRITTI<\/strong><br data-start=\"1310\" data-end=\"1313\" \/>Il Senegal raddoppia le pene detentive previste per i reati legati all\u2019omosessualit\u00e0. La decisione riaccende il dibattito internazionale sui diritti civili nel Paese africano.<\/p>\n<p data-start=\"1490\" data-end=\"1645\"><strong>BRACCIANO, FINE PENA<\/strong><br data-start=\"1510\" data-end=\"1513\" \/>Torna libero l\u2019uomo condannato a 14 anni per aver annegato la fidanzata sedicenne nel lago di Bracciano, dopo aver scontato la pena.<\/p>\n<p data-start=\"1647\" data-end=\"1885\" data-is-last-node=\"\" data-is-only-node=\"\"><strong>REGNO UNITO, CASO MANDELSON<\/strong><br data-start=\"1674\" data-end=\"1677\" \/>Polemiche nel Regno Unito: emergono rivelazioni secondo cui il premier Keir Starmer sarebbe stato a conoscenza delle controversie legate a Peter Mandelson prima della nomina, riaccendendo lo scontro politico.<\/p>\n<\/div>\n<\/div>\n<\/div>\n<\/div>\n<div class=\"z-0 flex min-h-[46px] justify-start\"><strong>CHAMPIONS LEAGUE<\/strong><br data-start=\"1102\" data-end=\"1105\" \/>Serata europea di calcio: il Real Madrid trascinato da Valverde entusiasma il Bernabeu e conquista la vittoria. Successo anche per il Paris Saint-Germain che batte il Chelsea.<\/div>\n<\/div>\n<\/div>\n<h1>IL GIORNALE DELLE SEI DEL MATTINO<\/h1>\n<audio class=\"wp-audio-shortcode\" id=\"audio-501007-2\" preload=\"none\" style=\"width: 100%;\" controls=\"controls\"><source type=\"audio\/mpeg\" src=\"https:\/\/www.radiopiu.net\/wordpress\/wp-content\/uploads\/2026\/03\/GIORNALEDELLESEI-9.mp3?_=2\" \/><a href=\"https:\/\/www.radiopiu.net\/wordpress\/wp-content\/uploads\/2026\/03\/GIORNALEDELLESEI-9.mp3\">https:\/\/www.radiopiu.net\/wordpress\/wp-content\/uploads\/2026\/03\/GIORNALEDELLESEI-9.mp3<\/a><\/audio>\n<p>&nbsp;<\/p>\n<p>&nbsp;<\/p>\n<p>&nbsp;<\/p>\n<hr \/>\n<p>&nbsp;<\/p>\n<h1 style=\"text-align: center;\"><span style=\"color: #ff0000;\">I podcast informativi del mattino &#8211; audio &#8211;\u00a0<\/span><\/h1>\n<p><strong>OGNI GIORNO ALLE SETTE DEL MATTINO, LA RASSEGNA STAMPA LOCALE FLASH&#8230; PER CHI VA IN FRETTA. I TITOLI DAI GIORNALI E DAL SITO WWW.RADIOPIU.NET <span style=\"color: #0000ff;\">viene pubblicato alle 7.00<\/span> <span style=\"color: #ff0000;\">DIRETTA RADIO\u00a0 <\/span><\/strong><em><span style=\"color: #ff0000;\">per chi va in fretta&#8230; tante notizie in pochi minuti. L&#8217;informazione locale alla radio, ogni ora dalle 7 del mattino alle 19 della sera.<\/span><\/em><\/p>\n<h1 style=\"text-align: center;\">DALL&#8217;ITALIA<\/h1>\n<div class=\"text-base my-auto mx-auto [--thread-content-margin:--spacing(4)] @w-sm\/main:[--thread-content-margin:--spacing(6)] @w-lg\/main:[--thread-content-margin:--spacing(16)] px-(--thread-content-margin)\">\n<div class=\"[--thread-content-max-width:40rem] @w-lg\/main:[--thread-content-max-width:48rem] mx-auto max-w-(--thread-content-max-width) flex-1 group\/turn-messages focus-visible:outline-hidden relative flex w-full min-w-0 flex-col agent-turn\" tabindex=\"-1\">\n<div class=\"flex max-w-full flex-col grow\">\n<div class=\"min-h-8 text-message relative flex w-full flex-col items-end gap-2 text-start break-words whitespace-normal [.text-message+&amp;]:mt-1\" dir=\"auto\" data-message-author-role=\"assistant\" data-message-id=\"267fcfff-1a0f-4670-9dc4-51b6552dafd9\" data-message-model-slug=\"gpt-5-2\">\n<div class=\"flex w-full flex-col gap-1 empty:hidden first:pt-[1px]\">\n<div class=\"markdown prose dark:prose-invert w-full wrap-break-word dark markdown-new-styling\">\n<div class=\"flex flex-col text-sm pb-25\">\n<article class=\"text-token-text-primary w-full focus:outline-none [--shadow-height:45px] has-data-writing-block:pointer-events-none has-data-writing-block:-mt-(--shadow-height) has-data-writing-block:pt-(--shadow-height) [&amp;:has([data-writing-block])&gt;*]:pointer-events-auto scroll-mt-[calc(var(--header-height)+min(200px,max(70px,20svh)))]\" dir=\"auto\" tabindex=\"-1\" data-turn-id=\"request-69b239ba-6b9c-8396-a5b4-7d2b5786a607-0\" data-testid=\"conversation-turn-10\" data-scroll-anchor=\"true\" data-turn=\"assistant\">\n<div class=\"text-base my-auto mx-auto pb-10 [--thread-content-margin:var(--thread-content-margin-xs,calc(var(--spacing)*4))] @w-sm\/main:[--thread-content-margin:var(--thread-content-margin-sm,calc(var(--spacing)*6))] @w-lg\/main:[--thread-content-margin:var(--thread-content-margin-lg,calc(var(--spacing)*16))] px-(--thread-content-margin)\">\n<div class=\"[--thread-content-max-width:40rem] @w-lg\/main:[--thread-content-max-width:48rem] mx-auto max-w-(--thread-content-max-width) flex-1 group\/turn-messages focus-visible:outline-hidden relative flex w-full min-w-0 flex-col agent-turn\" tabindex=\"-1\">\n<div class=\"flex max-w-full flex-col gap-4 grow\">\n<div class=\"min-h-8 text-message relative flex w-full flex-col items-end gap-2 text-start break-words whitespace-normal [.text-message+&amp;]:mt-1\" dir=\"auto\" data-message-author-role=\"assistant\" data-message-id=\"063288c0-9854-4d57-b792-fcbc90a0bd40\" data-message-model-slug=\"gpt-5-3\">\n<div class=\"flex w-full flex-col gap-1 empty:hidden\">\n<div class=\"markdown prose dark:prose-invert w-full wrap-break-word dark markdown-new-styling\">\n<p data-start=\"0\" data-end=\"8\"><strong><a class=\"dt-pswp-item\" href=\"https:\/\/www.radiopiu.net\/wordpress\/wp-content\/uploads\/2026\/03\/Screenshot-2026-03-12-050310.png\" data-dt-img-description=\"\" data-large_image_width=\"490\" data-large_image_height=\"159\"><img loading=\"lazy\" decoding=\"async\" class=\"aligncenter wp-image-501180 size-full\" src=\"https:\/\/www.radiopiu.net\/wordpress\/wp-content\/uploads\/2026\/03\/Screenshot-2026-03-12-050310.png\" alt=\"\" width=\"490\" height=\"159\" srcset=\"https:\/\/www.radiopiu.net\/wordpress\/wp-content\/uploads\/2026\/03\/Screenshot-2026-03-12-050310.png 490w, https:\/\/www.radiopiu.net\/wordpress\/wp-content\/uploads\/2026\/03\/Screenshot-2026-03-12-050310-300x97.png 300w\" sizes=\"auto, (max-width: 490px) 100vw, 490px\" \/><\/a>MILANO<\/strong><\/p>\n<p data-start=\"10\" data-end=\"445\">Il giudice per le indagini preliminari di Milano ha archiviato le inchieste sul caso di fine vita che coinvolgevano Marco Cappato. Secondo il gip non c\u2019\u00e8 stato aiuto al suicidio. Cappato parla di \u201cun precedente importante\u201d nel dibattito sul fine vita in Italia. Sempre a Milano, in appello si riapre il processo per l\u2019omicidio di un uomo ucciso per delle cuffiette: la Corte ha disposto una perizia psichiatrica per l\u2019imputato Rezza.<\/p>\n<p data-start=\"447\" data-end=\"455\"><strong>TERAMO<\/strong><\/p>\n<p data-start=\"457\" data-end=\"696\">In Abruzzo la polizia ha arrestato alcune persone legate a un gruppo di estrema destra che progettava raid punitivi a sfondo razziale contro migranti e comunit\u00e0 nomadi. L\u2019indagine ha sventato pestaggi organizzati e possibili aggressioni.<\/p>\n<p data-start=\"698\" data-end=\"706\"><strong>MILANO<\/strong><\/p>\n<p data-start=\"708\" data-end=\"912\">Momenti di paura in citt\u00e0: un cavo dell\u2019alta tensione \u00e8 ceduto provocando fiamme su un tram. Non si registrano feriti ma il mezzo \u00e8 stato evacuato e la linea bloccata per consentire i controlli tecnici.<\/p>\n<p data-start=\"914\" data-end=\"931\"><strong>REGGIO CALABRIA<\/strong><\/p>\n<p data-start=\"933\" data-end=\"1187\">Aggressione su un autobus: alcune persone hanno bloccato il mezzo con un\u2019auto, sono salite a bordo e hanno picchiato l\u2019autista. I sindacati dei trasporti denunciano che le aggressioni al personale del trasporto pubblico sono ormai sempre pi\u00f9 frequenti.<\/p>\n<p data-start=\"1593\" data-end=\"1602\"><strong>SALENTO<\/strong><\/p>\n<p data-start=\"1604\" data-end=\"1825\" data-is-last-node=\"\" data-is-only-node=\"\">Si riapre il mistero di una ventottenne scomparsa nel 1999: nuovi accertamenti sono in corso lungo la costa salentina dopo il racconto di una donna che ha indicato un cumulo di pietre dove potrebbero trovarsi resti umani.<\/p>\n<\/div>\n<\/div>\n<\/div>\n<\/div>\n<div class=\"mt-3 w-full empty:hidden\">\n<div class=\"text-center\"><\/div>\n<\/div>\n<\/div>\n<\/div>\n<\/article>\n<\/div>\n<div class=\"pointer-events-none h-px w-px absolute bottom-0\" aria-hidden=\"true\" data-edge=\"true\"><\/div>\n<\/div>\n<\/div>\n<\/div>\n<\/div>\n<div class=\"z-0 flex min-h-[46px] justify-start\"><\/div>\n<\/div>\n<\/div>\n<div class=\"pointer-events-none h-px w-px absolute bottom-0\" aria-hidden=\"true\" data-edge=\"true\"><\/div>\n<p>&nbsp;<\/p>\n<div class=\"flex flex-col text-sm pb-25\">\n<article class=\"text-token-text-primary w-full focus:outline-none [--shadow-height:45px] has-data-writing-block:pointer-events-none has-data-writing-block:-mt-(--shadow-height) has-data-writing-block:pt-(--shadow-height) [&amp;:has([data-writing-block])&gt;*]:pointer-events-auto scroll-mt-[calc(var(--header-height)+min(200px,max(70px,20svh)))]\" dir=\"auto\" tabindex=\"-1\" data-turn-id=\"4725b8e7-448d-49ef-90cd-737bcdd880f6\" data-testid=\"conversation-turn-10\" data-scroll-anchor=\"true\" data-turn=\"assistant\">\n<div class=\"text-base my-auto mx-auto pb-10 [--thread-content-margin:--spacing(4)] @w-sm\/main:[--thread-content-margin:--spacing(6)] @w-lg\/main:[--thread-content-margin:--spacing(16)] px-(--thread-content-margin)\">\n<div class=\"[--thread-content-max-width:40rem] @w-lg\/main:[--thread-content-max-width:48rem] mx-auto max-w-(--thread-content-max-width) flex-1 group\/turn-messages focus-visible:outline-hidden relative flex w-full min-w-0 flex-col agent-turn\" tabindex=\"-1\">\n<hr \/>\n<h1><\/h1>\n<h1 style=\"text-align: center;\">DALLA REGIONE VENETO<\/h1>\n<div class=\"flex flex-col text-sm pb-25\">\n<article class=\"text-token-text-primary w-full focus:outline-none [--shadow-height:45px] has-data-writing-block:pointer-events-none has-data-writing-block:-mt-(--shadow-height) has-data-writing-block:pt-(--shadow-height) [&amp;:has([data-writing-block])&gt;*]:pointer-events-auto scroll-mt-[calc(var(--header-height)+min(200px,max(70px,20svh)))]\" dir=\"auto\" tabindex=\"-1\" data-turn-id=\"request-WEB:395a30ce-c02d-48c6-adac-8c26190c19fc-13\" data-testid=\"conversation-turn-28\" data-scroll-anchor=\"true\" data-turn=\"assistant\">\n<div class=\"text-base my-auto mx-auto pb-10 [--thread-content-margin:--spacing(4)] @w-sm\/main:[--thread-content-margin:--spacing(6)] @w-lg\/main:[--thread-content-margin:--spacing(16)] px-(--thread-content-margin)\">\n<div class=\"[--thread-content-max-width:40rem] @w-lg\/main:[--thread-content-max-width:48rem] mx-auto max-w-(--thread-content-max-width) flex-1 group\/turn-messages focus-visible:outline-hidden relative flex w-full min-w-0 flex-col agent-turn\" tabindex=\"-1\">\n<div class=\"flex max-w-full flex-col grow\">\n<div class=\"min-h-8 text-message relative flex w-full flex-col items-end gap-2 text-start break-words whitespace-normal [.text-message+&amp;]:mt-1\" dir=\"auto\" data-message-author-role=\"assistant\" data-message-id=\"591443fe-dd2a-4daf-aacb-ee3a0ce88286\" data-message-model-slug=\"gpt-5-2\">\n<div class=\"flex w-full flex-col gap-1 empty:hidden first:pt-[1px]\">\n<div class=\"markdown prose dark:prose-invert w-full wrap-break-word dark markdown-new-styling\">\n<div class=\"flex flex-col text-sm pb-25\">\n<article class=\"text-token-text-primary w-full focus:outline-none [--shadow-height:45px] has-data-writing-block:pointer-events-none has-data-writing-block:-mt-(--shadow-height) has-data-writing-block:pt-(--shadow-height) [&amp;:has([data-writing-block])&gt;*]:pointer-events-auto scroll-mt-[calc(var(--header-height)+min(200px,max(70px,20svh)))]\" dir=\"auto\" tabindex=\"-1\" data-turn-id=\"request-WEB:8a5e7093-3d62-4bde-8de5-bd2a8fc79713-22\" data-testid=\"conversation-turn-46\" data-scroll-anchor=\"true\" data-turn=\"assistant\">\n<div class=\"text-base my-auto mx-auto pb-10 [--thread-content-margin:--spacing(4)] @w-sm\/main:[--thread-content-margin:--spacing(6)] @w-lg\/main:[--thread-content-margin:--spacing(16)] px-(--thread-content-margin)\">\n<div class=\"[--thread-content-max-width:40rem] @w-lg\/main:[--thread-content-max-width:48rem] mx-auto max-w-(--thread-content-max-width) flex-1 group\/turn-messages focus-visible:outline-hidden relative flex w-full min-w-0 flex-col agent-turn\" tabindex=\"-1\">\n<div class=\"flex max-w-full flex-col grow\">\n<div class=\"min-h-8 text-message relative flex w-full flex-col items-end gap-2 text-start break-words whitespace-normal [.text-message+&amp;]:mt-1\" dir=\"auto\" data-message-author-role=\"assistant\" data-message-id=\"fd94cd0c-b9c7-45f7-a79b-d93166b5150e\" data-message-model-slug=\"gpt-5-2\">\n<div class=\"flex w-full flex-col gap-1 empty:hidden first:pt-[1px]\">\n<div class=\"markdown prose dark:prose-invert w-full wrap-break-word dark markdown-new-styling\"><\/div>\n<\/div>\n<\/div>\n<\/div>\n<div class=\"mt-3 w-full empty:hidden\">\n<div class=\"text-center\">\n<div class=\"flex flex-col text-sm pb-25\">\n<article class=\"text-token-text-primary w-full focus:outline-none [--shadow-height:45px] has-data-writing-block:pointer-events-none has-data-writing-block:-mt-(--shadow-height) has-data-writing-block:pt-(--shadow-height) [&amp;:has([data-writing-block])&gt;*]:pointer-events-auto scroll-mt-[calc(var(--header-height)+min(200px,max(70px,20svh)))]\" dir=\"auto\" tabindex=\"-1\" data-turn-id=\"request-69b239ba-6b9c-8396-a5b4-7d2b5786a607-2\" data-testid=\"conversation-turn-14\" data-scroll-anchor=\"true\" data-turn=\"assistant\">\n<div class=\"text-base my-auto mx-auto pb-10 [--thread-content-margin:var(--thread-content-margin-xs,calc(var(--spacing)*4))] @w-sm\/main:[--thread-content-margin:var(--thread-content-margin-sm,calc(var(--spacing)*6))] @w-lg\/main:[--thread-content-margin:var(--thread-content-margin-lg,calc(var(--spacing)*16))] px-(--thread-content-margin)\">\n<div class=\"[--thread-content-max-width:40rem] @w-lg\/main:[--thread-content-max-width:48rem] mx-auto max-w-(--thread-content-max-width) flex-1 group\/turn-messages focus-visible:outline-hidden relative flex w-full min-w-0 flex-col agent-turn\" tabindex=\"-1\">\n<div class=\"flex max-w-full flex-col gap-4 grow\">\n<div class=\"min-h-8 text-message relative flex w-full flex-col items-end gap-2 text-start break-words whitespace-normal [.text-message+&amp;]:mt-1\" dir=\"auto\" data-message-author-role=\"assistant\" data-message-id=\"27fd0306-fa2f-4d6f-a17d-348dcc898e87\" data-message-model-slug=\"gpt-5-3\">\n<div class=\"flex w-full flex-col gap-1 empty:hidden\">\n<div class=\"markdown prose dark:prose-invert w-full wrap-break-word dark markdown-new-styling\">\n<p data-start=\"755\" data-end=\"764\"><strong><a class=\"dt-pswp-item\" href=\"https:\/\/www.radiopiu.net\/wordpress\/wp-content\/uploads\/2026\/03\/Screenshot-2026-03-12-050706.png\" data-dt-img-description=\"\" data-large_image_width=\"511\" data-large_image_height=\"151\"><img loading=\"lazy\" decoding=\"async\" class=\"aligncenter wp-image-501181 size-full\" src=\"https:\/\/www.radiopiu.net\/wordpress\/wp-content\/uploads\/2026\/03\/Screenshot-2026-03-12-050706.png\" alt=\"\" width=\"511\" height=\"151\" srcset=\"https:\/\/www.radiopiu.net\/wordpress\/wp-content\/uploads\/2026\/03\/Screenshot-2026-03-12-050706.png 511w, https:\/\/www.radiopiu.net\/wordpress\/wp-content\/uploads\/2026\/03\/Screenshot-2026-03-12-050706-300x89.png 300w\" sizes=\"auto, (max-width: 511px) 100vw, 511px\" \/><\/a>TREVISO<\/strong><\/p>\n<p data-start=\"766\" data-end=\"1025\">Una lavoratrice licenziata mentre era in maternit\u00e0 \u00e8 stata reintegrata dal tribunale. La donna era stata costretta anche a servire il caff\u00e8 ai colleghi. Il giudice ha stabilito che gli episodi configurano molestie e ha dichiarato illegittimo il licenziamento.<\/p>\n<p data-start=\"1027\" data-end=\"1036\"><strong>VENEZIA<\/strong><\/p>\n<p data-start=\"1038\" data-end=\"1237\">Perseguitava il professore universitario che lo aveva bocciato: nei confronti di uno studente di 26 anni nel Veneziano \u00e8 stato disposto il braccialetto elettronico come misura cautelare per stalking.<\/p>\n<p data-start=\"1239\" data-end=\"1247\"><strong>MILANO<\/strong><\/p>\n<p data-start=\"1249\" data-end=\"1450\">Dal Policlinico arriva un\u2019innovazione medica: brevettato un formaggio con fosforo non assorbibile, pensato per le persone con problemi renali. Il prodotto \u00e8 gi\u00e0 in distribuzione anche nei supermercati.<\/p>\n<p data-start=\"1452\" data-end=\"1460\"><strong>VERONA<\/strong><\/p>\n<p data-start=\"1462\" data-end=\"1661\">All\u2019ospedale di Borgo Trento la visita speciale di \u201cSpiderman\u201d. Da dieci anni il 32enne Mattia Villardita gira gli ospedali italiani vestito da supereroe per portare un sorriso ai bambini ricoverati.<\/p>\n<p data-start=\"1673\" data-end=\"1856\" data-is-last-node=\"\" data-is-only-node=\"\"><strong>VENEZIA<\/strong><\/p>\n<p class=\"post-single-title\">Caso Venezi, consigliere del MiC si dimette dalla Fenice Tortato, &#8216;questione meramente politica, non serve un musicista e me ne vado&#8217;<\/p>\n<\/div>\n<\/div>\n<\/div>\n<\/div>\n<\/div>\n<\/div>\n<\/article>\n<\/div>\n<\/div>\n<\/div>\n<\/div>\n<\/div>\n<\/article>\n<\/div>\n<div class=\"pointer-events-none h-px w-px absolute bottom-0\" aria-hidden=\"true\" data-edge=\"true\"><strong>VENETO<\/strong><\/div>\n<div aria-hidden=\"true\" data-edge=\"true\">\n<p class=\"kicker\">Economia, Confartigianato, &#8216;export Veneto in flessione dello 0,9%, male Usa e Gb&#8217;<\/p>\n<\/div>\n<\/div>\n<\/div>\n<\/div>\n<\/div>\n<\/div>\n<\/div>\n<\/article>\n<\/div>\n<p>&nbsp;<\/p>\n<\/div>\n<\/div>\n<\/article>\n<\/div>\n<hr \/>\n<p>&nbsp;<\/p>\n<blockquote>\n<h1><\/h1>\n<h1><a class=\"dt-pswp-item\" href=\"https:\/\/www.radiopiu.net\/wordpress\/wp-content\/uploads\/2024\/05\/La-Val-che-Urla-Mirko-300x169-1.jpg\" data-dt-img-description=\"\" data-large_image_width=\"300\" data-large_image_height=\"169\"><img loading=\"lazy\" decoding=\"async\" class=\"wp-image-388263 aligncenter\" src=\"https:\/\/www.radiopiu.net\/wordpress\/wp-content\/uploads\/2024\/05\/La-Val-che-Urla-Mirko-300x169-1.jpg\" alt=\"\" width=\"215\" height=\"121\" \/><\/a><\/h1>\n<h1 style=\"text-align: center;\">RASSEGNA STAMPA, ORE 7 DEL MATTINO. LE ANTICIPAZIONI<\/h1>\n<p><strong>DI MIRKO MEZZACASA<span style=\"color: #ff0000;\"> aggiornamento alle sette del mattino<\/span><\/strong><\/p><\/blockquote>\n<div class=\"flex flex-col text-sm pb-25\">\n<article class=\"text-token-text-primary w-full focus:outline-none [--shadow-height:45px] has-data-writing-block:pointer-events-none has-data-writing-block:-mt-(--shadow-height) has-data-writing-block:pt-(--shadow-height) [&amp;:has([data-writing-block])&gt;*]:pointer-events-auto scroll-mt-[calc(var(--header-height)+min(200px,max(70px,20svh)))]\" dir=\"auto\" tabindex=\"-1\" data-turn-id=\"request-WEB:395a30ce-c02d-48c6-adac-8c26190c19fc-24\" data-testid=\"conversation-turn-50\" data-scroll-anchor=\"true\" data-turn=\"assistant\">\n<div class=\"text-base my-auto mx-auto pb-10 [--thread-content-margin:--spacing(4)] @w-sm\/main:[--thread-content-margin:--spacing(6)] @w-lg\/main:[--thread-content-margin:--spacing(16)] px-(--thread-content-margin)\"><\/div>\n<\/article>\n<\/div>\n<div class=\"pointer-events-none h-px w-px absolute bottom-0\" aria-hidden=\"true\" data-edge=\"true\">\n<article class=\"text-token-text-primary w-full focus:outline-none [--shadow-height:45px] has-data-writing-block:pointer-events-none has-data-writing-block:-mt-(--shadow-height) has-data-writing-block:pt-(--shadow-height) [&amp;:has([data-writing-block])&gt;*]:pointer-events-auto scroll-mt-[calc(var(--header-height)+min(200px,max(70px,20svh)))]\" dir=\"auto\" tabindex=\"-1\" data-turn-id=\"request-WEB:395a30ce-c02d-48c6-adac-8c26190c19fc-23\" data-testid=\"conversation-turn-48\" data-scroll-anchor=\"false\" data-turn=\"assistant\">\n<div class=\"text-base my-auto mx-auto [--thread-content-margin:--spacing(4)] @w-sm\/main:[--thread-content-margin:--spacing(6)] @w-lg\/main:[--thread-content-margin:--spacing(16)] px-(--thread-content-margin)\">\n<div class=\"[--thread-content-max-width:40rem] @w-lg\/main:[--thread-content-max-width:48rem] mx-auto max-w-(--thread-content-max-width) flex-1 group\/turn-messages focus-visible:outline-hidden relative flex w-full min-w-0 flex-col agent-turn\" tabindex=\"-1\">\n<div class=\"flex max-w-full flex-col grow\">\n<div class=\"min-h-8 text-message relative flex w-full flex-col items-end gap-2 text-start break-words whitespace-normal [.text-message+&amp;]:mt-1\" dir=\"auto\" data-message-author-role=\"assistant\" data-message-id=\"7fddf4eb-6fdb-4366-a540-b1ae38b50a9b\" data-message-model-slug=\"gpt-5-2\">\n<div class=\"flex w-full flex-col gap-1 empty:hidden first:pt-[1px]\">\n<div class=\"markdown prose dark:prose-invert w-full wrap-break-word dark markdown-new-styling\">\n<div class=\"flex flex-col text-sm pb-25\">\n<article class=\"text-token-text-primary w-full focus:outline-none [--shadow-height:45px] has-data-writing-block:pointer-events-none has-data-writing-block:-mt-(--shadow-height) has-data-writing-block:pt-(--shadow-height) [&amp;:has([data-writing-block])&gt;*]:pointer-events-auto scroll-mt-[calc(var(--header-height)+min(200px,max(70px,20svh)))]\" dir=\"auto\" tabindex=\"-1\" data-turn-id=\"request-WEB:59677e25-2b00-49d2-ac56-f4bd152f0e56-16\" data-testid=\"conversation-turn-34\" data-scroll-anchor=\"true\" data-turn=\"assistant\">\n<div class=\"text-base my-auto mx-auto pb-10 [--thread-content-margin:--spacing(4)] @w-sm\/main:[--thread-content-margin:--spacing(6)] @w-lg\/main:[--thread-content-margin:--spacing(16)] px-(--thread-content-margin)\">\n<div class=\"[--thread-content-max-width:40rem] @w-lg\/main:[--thread-content-max-width:48rem] mx-auto max-w-(--thread-content-max-width) flex-1 group\/turn-messages focus-visible:outline-hidden relative flex w-full min-w-0 flex-col agent-turn\" tabindex=\"-1\">\n<div class=\"flex max-w-full flex-col grow\">\n<div class=\"min-h-8 text-message relative flex w-full flex-col items-end gap-2 text-start break-words whitespace-normal [.text-message+&amp;]:mt-1\" dir=\"auto\" data-message-author-role=\"assistant\" data-message-id=\"c470da22-b8fc-4951-a4c1-a3460cfcc73c\" data-message-model-slug=\"gpt-5-2\">\n<div class=\"flex w-full flex-col gap-1 empty:hidden first:pt-[1px]\">\n<div class=\"markdown prose dark:prose-invert w-full wrap-break-word dark markdown-new-styling\">\n<div class=\"pointer-events-none h-px w-px absolute bottom-0\" aria-hidden=\"true\" data-edge=\"true\">\n<article class=\"text-token-text-primary w-full focus:outline-none [--shadow-height:45px] has-data-writing-block:pointer-events-none has-data-writing-block:-mt-(--shadow-height) has-data-writing-block:pt-(--shadow-height) [&amp;:has([data-writing-block])&gt;*]:pointer-events-auto scroll-mt-[calc(var(--header-height)+min(200px,max(70px,20svh)))]\" dir=\"auto\" tabindex=\"-1\" data-turn-id=\"request-WEB:550dd49c-242d-4a86-9b84-975bcd145a32-30\" data-testid=\"conversation-turn-62\" data-scroll-anchor=\"false\" data-turn=\"assistant\">\n<div class=\"text-base my-auto mx-auto [--thread-content-margin:--spacing(4)] @w-sm\/main:[--thread-content-margin:--spacing(6)] @w-lg\/main:[--thread-content-margin:--spacing(16)] px-(--thread-content-margin)\">\n<div class=\"[--thread-content-max-width:40rem] @w-lg\/main:[--thread-content-max-width:48rem] mx-auto max-w-(--thread-content-max-width) flex-1 group\/turn-messages focus-visible:outline-hidden relative flex w-full min-w-0 flex-col agent-turn\" tabindex=\"-1\">\n<div class=\"flex max-w-full flex-col grow\">\n<div class=\"min-h-8 text-message relative flex w-full flex-col items-end gap-2 text-start break-words whitespace-normal [.text-message+&amp;]:mt-1\" dir=\"auto\" data-message-author-role=\"assistant\" data-message-id=\"264db2b0-d3f9-4abe-9360-3542daf637df\" data-message-model-slug=\"gpt-5-2\">\n<div class=\"flex w-full flex-col gap-1 empty:hidden first:pt-[1px]\">\n<div class=\"markdown prose dark:prose-invert w-full wrap-break-word dark markdown-new-styling\">\n<div class=\"pointer-events-none h-px w-px absolute bottom-0\" aria-hidden=\"true\" data-edge=\"true\">\n<p data-start=\"2245\" data-end=\"2348\">\n<\/div>\n<\/div>\n<\/div>\n<\/div>\n<\/div>\n<\/div>\n<\/div>\n<\/article>\n<\/div>\n<\/div>\n<\/div>\n<\/div>\n<\/div>\n<\/div>\n<\/div>\n<\/article>\n<\/div>\n<\/div>\n<\/div>\n<\/div>\n<\/div>\n<\/div>\n<\/div>\n<\/article>\n<\/div>\n<p>&nbsp;<\/p>\n<h1 data-start=\"128\" data-end=\"155\">&#x1f4f0; RASSEGNA STAMPA LOCALE, OGNI GIORNO ALLE 7 PER CHI VA DI FRETTA, ALLE 8.05 DA 43 ANNI<\/h1>\n<\/div>\n<\/div>\n<\/div>\n<\/article>\n<\/div>\n<div class=\"flex flex-col text-sm pb-25\">\n<article class=\"text-token-text-primary w-full focus:outline-none [--shadow-height:45px] has-data-writing-block:pointer-events-none has-data-writing-block:-mt-(--shadow-height) has-data-writing-block:pt-(--shadow-height) [&amp;:has([data-writing-block])&gt;*]:pointer-events-auto scroll-mt-[calc(var(--header-height)+min(200px,max(70px,20svh)))]\" dir=\"auto\" tabindex=\"-1\" data-turn-id=\"request-WEB:545a5307-a0c9-41c7-9a5f-bf65aefdb8ec-5\" data-testid=\"conversation-turn-12\" data-scroll-anchor=\"true\" data-turn=\"assistant\">\n<div class=\"text-base my-auto mx-auto pb-10 [--thread-content-margin:--spacing(4)] @w-sm\/main:[--thread-content-margin:--spacing(6)] @w-lg\/main:[--thread-content-margin:--spacing(16)] px-(--thread-content-margin)\">\n<div class=\"[--thread-content-max-width:40rem] @w-lg\/main:[--thread-content-max-width:48rem] mx-auto max-w-(--thread-content-max-width) flex-1 group\/turn-messages focus-visible:outline-hidden relative flex w-full min-w-0 flex-col agent-turn\" tabindex=\"-1\">\n<div class=\"z-0 flex min-h-[46px] justify-start\">\n<div class=\"pointer-events-none h-px w-px absolute bottom-0\" aria-hidden=\"true\" data-edge=\"true\">\n<article class=\"text-token-text-primary w-full focus:outline-none [--shadow-height:45px] has-data-writing-block:pointer-events-none has-data-writing-block:-mt-(--shadow-height) has-data-writing-block:pt-(--shadow-height) [&amp;:has([data-writing-block])&gt;*]:pointer-events-auto scroll-mt-[calc(var(--header-height)+min(200px,max(70px,20svh)))]\" dir=\"auto\" tabindex=\"-1\" data-turn-id=\"request-WEB:395a30ce-c02d-48c6-adac-8c26190c19fc-23\" data-testid=\"conversation-turn-48\" data-scroll-anchor=\"false\" data-turn=\"assistant\">\n<div class=\"text-base my-auto mx-auto [--thread-content-margin:--spacing(4)] @w-sm\/main:[--thread-content-margin:--spacing(6)] @w-lg\/main:[--thread-content-margin:--spacing(16)] px-(--thread-content-margin)\">\n<div class=\"[--thread-content-max-width:40rem] @w-lg\/main:[--thread-content-max-width:48rem] mx-auto max-w-(--thread-content-max-width) flex-1 group\/turn-messages focus-visible:outline-hidden relative flex w-full min-w-0 flex-col agent-turn\" tabindex=\"-1\">\n<div class=\"z-0 flex min-h-[46px] justify-start\">\n<div class=\"pointer-events-none h-px w-px absolute bottom-0\" aria-hidden=\"true\" data-edge=\"true\">\n<article class=\"text-token-text-primary w-full focus:outline-none [--shadow-height:45px] has-data-writing-block:pointer-events-none has-data-writing-block:-mt-(--shadow-height) has-data-writing-block:pt-(--shadow-height) [&amp;:has([data-writing-block])&gt;*]:pointer-events-auto scroll-mt-(--header-height)\" dir=\"auto\" tabindex=\"-1\" data-turn-id=\"be71d048-10d6-4822-b6f8-d8ba31ea41c6\" data-testid=\"conversation-turn-49\" data-scroll-anchor=\"false\" data-turn=\"user\">\n<div class=\"text-base my-auto mx-auto pt-12 [--thread-content-margin:--spacing(4)] @w-sm\/main:[--thread-content-margin:--spacing(6)] @w-lg\/main:[--thread-content-margin:--spacing(16)] px-(--thread-content-margin)\">\n<div class=\"[--thread-content-max-width:40rem] @w-lg\/main:[--thread-content-max-width:48rem] mx-auto max-w-(--thread-content-max-width) flex-1 group\/turn-messages focus-visible:outline-hidden relative flex w-full min-w-0 flex-col\" tabindex=\"-1\">\n<div class=\"flex max-w-full flex-col grow\">\n<div class=\"min-h-8 text-message relative flex w-full flex-col items-end gap-2 text-start break-words whitespace-normal [.text-message+&amp;]:mt-1\" dir=\"auto\" data-message-author-role=\"user\" data-message-id=\"be71d048-10d6-4822-b6f8-d8ba31ea41c6\">\n<div class=\"flex w-full flex-col gap-1 empty:hidden items-end rtl:items-start\">\n<div class=\"user-message-bubble-color corner-superellipse\/1.1 relative rounded-[18px] px-4 py-1.5 data-[multiline]:py-3 max-w-[var(--user-chat-width,70%)]\">\n<p>DI MIRKO MEZZACASA<\/p>\n<audio class=\"wp-audio-shortcode\" id=\"audio-501007-3\" preload=\"none\" style=\"width: 100%;\" controls=\"controls\"><source type=\"audio\/mpeg\" src=\"https:\/\/www.radiopiu.net\/wordpress\/wp-content\/uploads\/2026\/03\/GF07-9.mp3?_=3\" \/><a href=\"https:\/\/www.radiopiu.net\/wordpress\/wp-content\/uploads\/2026\/03\/GF07-9.mp3\">https:\/\/www.radiopiu.net\/wordpress\/wp-content\/uploads\/2026\/03\/GF07-9.mp3<\/a><\/audio>\n<p>&nbsp;<\/p>\n<p>&nbsp;<\/p>\n<\/div>\n<\/div>\n<\/div>\n<\/div>\n<\/div>\n<\/div>\n<\/article>\n<\/div>\n<\/div>\n<\/div>\n<\/div>\n<\/article>\n<\/div>\n<\/div>\n<\/div>\n<\/div>\n<\/article>\n<\/div>\n<div class=\"flex flex-col text-sm pb-25\">\n<article class=\"text-token-text-primary w-full focus:outline-none [--shadow-height:45px] has-data-writing-block:pointer-events-none has-data-writing-block:-mt-(--shadow-height) has-data-writing-block:pt-(--shadow-height) [&amp;:has([data-writing-block])&gt;*]:pointer-events-auto scroll-mt-[calc(var(--header-height)+min(200px,max(70px,20svh)))]\" dir=\"auto\" tabindex=\"-1\" data-turn-id=\"request-WEB:545a5307-a0c9-41c7-9a5f-bf65aefdb8ec-5\" data-testid=\"conversation-turn-12\" data-scroll-anchor=\"true\" data-turn=\"assistant\">\n<div class=\"text-base my-auto mx-auto pb-10 [--thread-content-margin:--spacing(4)] @w-sm\/main:[--thread-content-margin:--spacing(6)] @w-lg\/main:[--thread-content-margin:--spacing(16)] px-(--thread-content-margin)\">\n<div class=\"[--thread-content-max-width:40rem] @w-lg\/main:[--thread-content-max-width:48rem] mx-auto max-w-(--thread-content-max-width) flex-1 group\/turn-messages focus-visible:outline-hidden relative flex w-full min-w-0 flex-col agent-turn\" tabindex=\"-1\">\n<div class=\"z-0 flex min-h-[46px] justify-start\">\n<p>&nbsp;<\/p>\n<hr \/>\n<p>&nbsp;<\/p>\n<h1><span style=\"color: #ff0000;\"><a class=\"dt-pswp-item\" href=\"https:\/\/www.radiopiu.net\/wordpress\/wp-content\/uploads\/2024\/11\/8.jpg\" data-dt-img-description=\"\" data-large_image_width=\"180\" data-large_image_height=\"180\"><img loading=\"lazy\" decoding=\"async\" class=\"size-full wp-image-417910 aligncenter\" src=\"https:\/\/www.radiopiu.net\/wordpress\/wp-content\/uploads\/2024\/11\/8.jpg\" alt=\"\" width=\"180\" height=\"180\" srcset=\"https:\/\/www.radiopiu.net\/wordpress\/wp-content\/uploads\/2024\/11\/8.jpg 180w, https:\/\/www.radiopiu.net\/wordpress\/wp-content\/uploads\/2024\/11\/8-150x150.jpg 150w\" sizes=\"auto, (max-width: 180px) 100vw, 180px\" \/><\/a><\/span><\/h1>\n<h1><span style=\"color: #ff0000;\">I podcast informativi del mattino &#8211; video &#8211;\u00a0<\/span><\/h1>\n<h2 style=\"text-align: left;\"><strong>RASSEGNA STAMPA LOCALE, ORE OTTO<\/strong><\/h2>\n<h2><strong><span style=\"color: #0000ff;\">viene\u00a0 <\/span><\/strong><strong><span style=\"color: #0000ff;\">pubblicata alle 8.05 <span style=\"color: #ff0000;\">DIRETTA RADIO\u00a0 \u00a0<\/span><\/span><\/strong><strong>DI MIRKO MEZZACASA<\/strong><\/h2>\n<h1><span style=\"color: #ff0000;\"><strong>VIDEO\u00a0 \u00a0in diretta AGGIORNAMENTO\u00a0 dalle 8 del mattino<\/strong><\/span><\/h1>\n\n\t\t\t<style type='text\/css'>\n\t\t\t\t#gallery-1 {\n\t\t\t\t\tmargin: auto;\n\t\t\t\t}\n\t\t\t\t#gallery-1 .gallery-item {\n\t\t\t\t\tfloat: left;\n\t\t\t\t\tmargin-top: 10px;\n\t\t\t\t\ttext-align: center;\n\t\t\t\t\twidth: 33%;\n\t\t\t\t}\n\t\t\t\t#gallery-1 img {\n\t\t\t\t\tborder: 2px solid #cfcfcf;\n\t\t\t\t}\n\t\t\t\t#gallery-1 .gallery-caption {\n\t\t\t\t\tmargin-left: 0;\n\t\t\t\t}\n\t\t\t\t\/* see gallery_shortcode() in wp-includes\/media.php *\/\n\t\t\t<\/style>\n\t\t<div id='gallery-1' class='dt-gallery-container gallery galleryid-501007 gallery-columns-3 gallery-size-medium'><dl class='gallery-item'>\n\t\t\t\t<dt class='gallery-icon landscape'>\n\t\t\t\t\t<a class=\"rollover rollover-zoom dt-pswp-item\" title=\"Screenshot 2026-03-12 054044\" data-dt-img-description=\"\" data-large_image_width=\"700\" data-large_image_height=\"341\"href='https:\/\/www.radiopiu.net\/wordpress\/wp-content\/uploads\/2026\/03\/Screenshot-2026-03-12-054044.png'><img loading=\"lazy\" decoding=\"async\" width=\"300\" height=\"146\" src=\"https:\/\/www.radiopiu.net\/wordpress\/wp-content\/uploads\/2026\/03\/Screenshot-2026-03-12-054044-300x146.png\" class=\"attachment-medium size-medium\" alt=\"\" srcset=\"https:\/\/www.radiopiu.net\/wordpress\/wp-content\/uploads\/2026\/03\/Screenshot-2026-03-12-054044-300x146.png 300w, https:\/\/www.radiopiu.net\/wordpress\/wp-content\/uploads\/2026\/03\/Screenshot-2026-03-12-054044.png 700w\" sizes=\"auto, (max-width: 300px) 100vw, 300px\" \/><\/a>\n\t\t\t\t<\/dt><\/dl><dl class='gallery-item'>\n\t\t\t\t<dt class='gallery-icon landscape'>\n\t\t\t\t\t<a class=\"rollover rollover-zoom dt-pswp-item\" title=\"Screenshot 2026-03-12 050954\" data-dt-img-description=\"\" data-large_image_width=\"643\" data-large_image_height=\"361\"href='https:\/\/www.radiopiu.net\/wordpress\/wp-content\/uploads\/2026\/03\/Screenshot-2026-03-12-050954.png'><img loading=\"lazy\" decoding=\"async\" width=\"300\" height=\"168\" src=\"https:\/\/www.radiopiu.net\/wordpress\/wp-content\/uploads\/2026\/03\/Screenshot-2026-03-12-050954-300x168.png\" class=\"attachment-medium size-medium\" alt=\"\" srcset=\"https:\/\/www.radiopiu.net\/wordpress\/wp-content\/uploads\/2026\/03\/Screenshot-2026-03-12-050954-300x168.png 300w, https:\/\/www.radiopiu.net\/wordpress\/wp-content\/uploads\/2026\/03\/Screenshot-2026-03-12-050954.png 643w\" sizes=\"auto, (max-width: 300px) 100vw, 300px\" \/><\/a>\n\t\t\t\t<\/dt><\/dl><dl class='gallery-item'>\n\t\t\t\t<dt class='gallery-icon landscape'>\n\t\t\t\t\t<a class=\"rollover rollover-zoom dt-pswp-item\" title=\"Screenshot 2026-03-12 051014\" data-dt-img-description=\"\" data-large_image_width=\"1235\" data-large_image_height=\"445\"href='https:\/\/www.radiopiu.net\/wordpress\/wp-content\/uploads\/2026\/03\/Screenshot-2026-03-12-051014.png'><img loading=\"lazy\" decoding=\"async\" width=\"300\" height=\"108\" src=\"https:\/\/www.radiopiu.net\/wordpress\/wp-content\/uploads\/2026\/03\/Screenshot-2026-03-12-051014-300x108.png\" class=\"attachment-medium size-medium\" alt=\"\" srcset=\"https:\/\/www.radiopiu.net\/wordpress\/wp-content\/uploads\/2026\/03\/Screenshot-2026-03-12-051014-300x108.png 300w, https:\/\/www.radiopiu.net\/wordpress\/wp-content\/uploads\/2026\/03\/Screenshot-2026-03-12-051014-1024x369.png 1024w, https:\/\/www.radiopiu.net\/wordpress\/wp-content\/uploads\/2026\/03\/Screenshot-2026-03-12-051014-768x277.png 768w, https:\/\/www.radiopiu.net\/wordpress\/wp-content\/uploads\/2026\/03\/Screenshot-2026-03-12-051014.png 1235w\" sizes=\"auto, (max-width: 300px) 100vw, 300px\" \/><\/a>\n\t\t\t\t<\/dt><\/dl><br style=\"clear: both\" \/>\n\t\t\t<\/div>\n\n<\/div>\n<\/div>\n<\/div>\n<\/article>\n<\/div>\n<p><iframe loading=\"lazy\" title=\"DAL 1983 LA RASSEGNA STAMPA LOCALE di mirko mezzacasa. L&#039;ORIGINALE\" width=\"1200\" height=\"675\" src=\"https:\/\/www.youtube.com\/embed\/znM9mEeaf0s?feature=oembed\" frameborder=\"0\" allow=\"accelerometer; autoplay; clipboard-write; encrypted-media; gyroscope; picture-in-picture; web-share\" referrerpolicy=\"strict-origin-when-cross-origin\" allowfullscreen><\/iframe><\/p>\n<p>&nbsp;<\/p>\n<hr \/>\n<p>&nbsp;<\/p>\n<blockquote>\n<h3 style=\"text-align: center;\">OGGI I LAVORI SUL PONTE DEGLI ALPINI: MODIFICHE ALLA VIABILIT\u00c0<\/h3>\n<\/blockquote>\n<p><strong><a class=\"dt-pswp-item\" href=\"https:\/\/www.radiopiu.net\/wordpress\/wp-content\/uploads\/2026\/03\/moasdgjhsu.jpg\" data-dt-img-description=\"\" data-large_image_width=\"730\" data-large_image_height=\"460\"><img loading=\"lazy\" decoding=\"async\" class=\"aligncenter size-medium wp-image-501125\" src=\"https:\/\/www.radiopiu.net\/wordpress\/wp-content\/uploads\/2026\/03\/moasdgjhsu-300x189.jpg\" alt=\"\" width=\"300\" height=\"189\" srcset=\"https:\/\/www.radiopiu.net\/wordpress\/wp-content\/uploads\/2026\/03\/moasdgjhsu-300x189.jpg 300w, https:\/\/www.radiopiu.net\/wordpress\/wp-content\/uploads\/2026\/03\/moasdgjhsu.jpg 730w\" sizes=\"auto, (max-width: 300px) 100vw, 300px\" \/><\/a>\u00a0<\/strong><\/p>\n<p><strong>BELLUNO<\/strong> Oggi saranno eseguiti interventi di ripristino del calcestruzzo sui pilastri portanti del ponte degli Alpini. I lavori interesseranno due fasce orarie, dalle 8.30 alle 12.00 e dalle 14.00 alle 17.00, con conseguenti modifiche alla viabilit\u00e0. Il traffico sar\u00e0 regolato a senso unico alternato da personale dedicato, con limite di velocit\u00e0 di 30 km\/h e divieto di sorpasso nelle zone di cantiere. I marciapiedi saranno chiusi di volta in volta, obbligando i pedoni a utilizzare quello opposto. Gli automobilisti e i pedoni sono invitati a pianificare gli spostamenti considerando queste restrizioni, al fine di evitare disagi e garantire la sicurezza durante le operazioni di manutenzione.<\/p>\n<p>&nbsp;<\/p>\n<p>&nbsp;<\/p>\n<hr \/>\n<p>&nbsp;<\/p>\n<blockquote>\n<h3 style=\"text-align: center;\"><\/h3>\n<\/blockquote>\n<p><strong><a class=\"dt-pswp-item\" href=\"https:\/\/www.radiopiu.net\/wordpress\/wp-content\/uploads\/2023\/08\/acqua.jpeg\" data-dt-img-description=\"\" data-large_image_width=\"1038\" data-large_image_height=\"688\"><img loading=\"lazy\" decoding=\"async\" class=\"aligncenter size-medium wp-image-348061\" src=\"https:\/\/www.radiopiu.net\/wordpress\/wp-content\/uploads\/2023\/08\/acqua-300x199.jpeg\" alt=\"\" width=\"300\" height=\"199\" srcset=\"https:\/\/www.radiopiu.net\/wordpress\/wp-content\/uploads\/2023\/08\/acqua-300x199.jpeg 300w, https:\/\/www.radiopiu.net\/wordpress\/wp-content\/uploads\/2023\/08\/acqua-1024x679.jpeg 1024w, https:\/\/www.radiopiu.net\/wordpress\/wp-content\/uploads\/2023\/08\/acqua-768x509.jpeg 768w, https:\/\/www.radiopiu.net\/wordpress\/wp-content\/uploads\/2023\/08\/acqua.jpeg 1038w\" sizes=\"auto, (max-width: 300px) 100vw, 300px\" \/><\/a>\u00a0<\/strong><\/p>\n<p>LIVINALLONGO DEL COL DI LANA nelle LOCALITA&#8217; ALFAURO, CREPAZ, PEZZEI, RUAZ, S.GIOVANNI l&#8217;acqua erogata dall&#8217;acquedotto non \u00e8 potabile e pu\u00f2 essere usata per scopi alimentari SOLO PREVIA bollitura. Verr\u00e0 effettuato servizio sostitutivo con con cisterna c\/o LATTERIA SOCIALE DI ARABBA.<\/p>\n<p>LIVINALLONGO DEL COL DI LANA in localit\u00e0 LARZONEI l&#8217;acqua erogata dall&#8217;acquedotto non \u00e8 potabile e pu\u00f2 essere usata per scopi alimentari SOLO PREVIA bollitura. Verr\u00e0 effettuato servizio sostitutivo con consegna di acqua in bottiglia alle utenze interessate<\/p>\n<p>VOLTAGO AGORDINO in localit\u00e0 DIGOMAN l&#8217;acqua erogata dall&#8217;acquedotto \u00e8 di nuovo potabile e pu\u00f2 essere usata, quindi, per scopi alimentari.<\/p>\n<p>LIVINALLONGO nelle localit\u00e0 PIEVE,COL SOTTO CHIESA, RETIC e GRUOPPA, l&#8217;acqua erogata dall&#8217;acquedotto \u00e8 di nuovo potabile e pu\u00f2 essere usata, quindi, per scopi alimentari.<\/p>\n<p>&nbsp;<\/p>\n<p>*<\/p>\n<h2 style=\"text-align: center;\"><\/h2>\n<p>*<\/p>\n<hr \/>\n<hr \/>\n<h2 style=\"text-align: center;\"><\/h2>\n<h2 style=\"text-align: center;\"><span style=\"text-align: center;\">DONNA DI 50 ANNI MUORE DOPO AVER CHIESTO AIUTO<\/span><\/h2>\n<p><a class=\"dt-pswp-item\" href=\"https:\/\/www.radiopiu.net\/wordpress\/wp-content\/uploads\/2026\/03\/arsie.jpg\" data-dt-img-description=\"\" data-large_image_width=\"500\" data-large_image_height=\"375\"><img loading=\"lazy\" decoding=\"async\" class=\"aligncenter size-medium wp-image-501194\" src=\"https:\/\/www.radiopiu.net\/wordpress\/wp-content\/uploads\/2026\/03\/arsie-300x225.jpg\" alt=\"\" width=\"300\" height=\"225\" srcset=\"https:\/\/www.radiopiu.net\/wordpress\/wp-content\/uploads\/2026\/03\/arsie-300x225.jpg 300w, https:\/\/www.radiopiu.net\/wordpress\/wp-content\/uploads\/2026\/03\/arsie.jpg 500w\" sizes=\"auto, (max-width: 300px) 100vw, 300px\" \/><\/a><strong>MALORE IMPROVVISO AL BAR<\/strong><br \/>\n<strong>ARSI\u00c9\u00a0\u2013<\/strong> Tragedia marted\u00ec mattina al bar del paese, dove una donna di 50 anni Manuela Bristot \u00e8 morta dopo un malore improvviso. Era entrata nel locale per il consueto caff\u00e8 quando ha detto di non sentirsi bene. I presenti l\u2019hanno subito soccorsa facendola stendere a terra con le gambe sollevate in attesa dell\u2019arrivo del 118, ma per lei non c\u2019\u00e8 stato nulla da fare. I sanitari arrivati dall\u2019ospedale di Feltre hanno potuto solo constatarne il decesso. La donna era molto conosciuta in paese, dove lavorava come addetta alle pulizie in alcuni uffici pubblici. Viveva nella frazione di Rocca e si spostava ogni giorno con l\u2019autobus per andare al lavoro.<\/p>\n<p>&nbsp;<\/p>\n<p>&nbsp;<\/p>\n<hr \/>\n<blockquote>\n<h2><\/h2>\n<h2 style=\"text-align: center;\">ANZIANA SALVATA, APPARTAMENTO DISTRUTTO DALLE FIAMME<\/h2>\n<p><a class=\"dt-pswp-item\" href=\"https:\/\/www.radiopiu.net\/wordpress\/wp-content\/uploads\/2026\/03\/Screenshot-2026-03-12-052407.png\" data-dt-img-description=\"\" data-large_image_width=\"446\" data-large_image_height=\"264\"><img loading=\"lazy\" decoding=\"async\" class=\"aligncenter size-medium wp-image-501188\" src=\"https:\/\/www.radiopiu.net\/wordpress\/wp-content\/uploads\/2026\/03\/Screenshot-2026-03-12-052407-300x178.png\" alt=\"\" width=\"300\" height=\"178\" srcset=\"https:\/\/www.radiopiu.net\/wordpress\/wp-content\/uploads\/2026\/03\/Screenshot-2026-03-12-052407-300x178.png 300w, https:\/\/www.radiopiu.net\/wordpress\/wp-content\/uploads\/2026\/03\/Screenshot-2026-03-12-052407.png 446w\" sizes=\"auto, (max-width: 300px) 100vw, 300px\" \/><\/a><\/p>\n<p><strong>PIEVE DI CADORE<\/strong> \u2013 Paura nel tardo pomeriggio a Pozzale, dove un incendio \u00e8 scoppiato in un appartamento al piano terra di una palazzina in via Longiar\u00f9. Le fiamme, partite probabilmente dalla cucina, si sono propagate rapidamente. Un\u2019anziana residente \u00e8 stata messa in salvo dai vigili del fuoco di Pieve di Cadore, intervenuti con il supporto dei volontari di Calalzo, e affidata ai sanitari del 118 per accertamenti. Fortunatamente non ha riportato ustioni n\u00e9 intossicazioni. Il rogo \u00e8 stato domato rapidamente, evitando che si estendesse anche al fienile vicino, ma l\u2019appartamento ha riportato gravi danni ed \u00e8 ora inagibile. La donna \u00e8 stata dimessa dall\u2019ospedale e ha trovato ospitalit\u00e0 dal figlio in attesa del ripristino dell\u2019alloggio.<\/p>\n<p>*<\/p>\n<h2 style=\"text-align: center;\"><\/h2>\n<p>*<\/p>\n<hr \/>\n<hr \/>\n<h2 style=\"text-align: center;\"><\/h2>\n<\/blockquote>\n<h3 style=\"text-align: center;\">ROGO NELLA LAVANDERIA CAPANNONE DISTRUTTO, VENTI FAMIGLIE SENZA LAVORO<br \/>\npossibile corto circuito, ma non e&#8217; escluso il dolo.<\/h3>\n<h3 style=\"text-align: center;\"><a class=\"dt-pswp-item\" href=\"https:\/\/www.radiopiu.net\/wordpress\/wp-content\/uploads\/2026\/03\/SCR-20260310-ttlg.jpeg\" data-dt-img-description=\"\" data-large_image_width=\"1358\" data-large_image_height=\"862\"><img loading=\"lazy\" decoding=\"async\" class=\"aligncenter size-medium wp-image-501003\" src=\"https:\/\/www.radiopiu.net\/wordpress\/wp-content\/uploads\/2026\/03\/SCR-20260310-ttlg-300x190.jpeg\" alt=\"\" width=\"300\" height=\"190\" srcset=\"https:\/\/www.radiopiu.net\/wordpress\/wp-content\/uploads\/2026\/03\/SCR-20260310-ttlg-300x190.jpeg 300w, https:\/\/www.radiopiu.net\/wordpress\/wp-content\/uploads\/2026\/03\/SCR-20260310-ttlg-1024x650.jpeg 1024w, https:\/\/www.radiopiu.net\/wordpress\/wp-content\/uploads\/2026\/03\/SCR-20260310-ttlg-768x487.jpeg 768w, https:\/\/www.radiopiu.net\/wordpress\/wp-content\/uploads\/2026\/03\/SCR-20260310-ttlg.jpeg 1358w\" sizes=\"auto, (max-width: 300px) 100vw, 300px\" \/><\/a><\/h3>\n<p style=\"text-align: left;\"><strong>SEREN DEL GRAPPA\u00a0<\/strong> Un incendio ha distrutto la lavanderia industriale di Rasai, lasciando una ventina di persone senza lavoro. Le fiamme hanno devastato il reparto lavaggio: macchinari distrutti, tetto squarciato e danni gravissimi all\u2019interno del capannone. Il rogo \u00e8 scoppiato marted\u00ec sera, quando l\u2019attivit\u00e0 era gi\u00e0 chiusa da poco. I vigili del fuoco sono intervenuti rapidamente evitando che l\u2019incendio si estendesse al capannone vicino dedicato alla stireria, ma l\u2019azienda resta di fatto ferma. La Procura di Belluno ha aperto un fascicolo per chiarire le cause: tra le ipotesi un guasto elettrico oppure un\u2019origine dolosa. Le indagini dei tecnici non saranno semplici perch\u00e9 il fuoco ha distrutto quasi tutto.<\/p>\n<p style=\"text-align: left;\"><a class=\"dt-pswp-item\" href=\"https:\/\/www.radiopiu.net\/wordpress\/wp-content\/uploads\/2026\/03\/Screenshot-2026-03-12-053220.png\" data-dt-img-description=\"\" data-large_image_width=\"560\" data-large_image_height=\"219\"><img loading=\"lazy\" decoding=\"async\" class=\"aligncenter wp-image-501191 size-full\" src=\"https:\/\/www.radiopiu.net\/wordpress\/wp-content\/uploads\/2026\/03\/Screenshot-2026-03-12-053220.png\" alt=\"\" width=\"560\" height=\"219\" srcset=\"https:\/\/www.radiopiu.net\/wordpress\/wp-content\/uploads\/2026\/03\/Screenshot-2026-03-12-053220.png 560w, https:\/\/www.radiopiu.net\/wordpress\/wp-content\/uploads\/2026\/03\/Screenshot-2026-03-12-053220-300x117.png 300w\" sizes=\"auto, (max-width: 560px) 100vw, 560px\" \/><\/a><\/p>\n<p>*<\/p>\n<p>&nbsp;<\/p>\n<hr \/>\n<p>&nbsp;<\/p>\n<blockquote>\n<h3 style=\"text-align: center;\">CHIAMA IL 112 PER TIMORE DI UNA TRUFFA: I CARABINIERI LE RIDANNO SERENIT\u00c0<\/h3>\n<\/blockquote>\n<p><strong><a class=\"dt-pswp-item\" href=\"https:\/\/www.radiopiu.net\/wordpress\/wp-content\/uploads\/2026\/03\/Screenshot-2026-03-11-092224.png\" data-dt-img-description=\"\" data-large_image_width=\"557\" data-large_image_height=\"329\"><img loading=\"lazy\" decoding=\"async\" class=\"aligncenter size-medium wp-image-501063\" src=\"https:\/\/www.radiopiu.net\/wordpress\/wp-content\/uploads\/2026\/03\/Screenshot-2026-03-11-092224-300x177.png\" alt=\"\" width=\"300\" height=\"177\" srcset=\"https:\/\/www.radiopiu.net\/wordpress\/wp-content\/uploads\/2026\/03\/Screenshot-2026-03-11-092224-300x177.png 300w, https:\/\/www.radiopiu.net\/wordpress\/wp-content\/uploads\/2026\/03\/Screenshot-2026-03-11-092224.png 557w\" sizes=\"auto, (max-width: 300px) 100vw, 300px\" \/><\/a>\u00a0<\/strong><\/p>\n<p><strong>SAN VITO DI CADORE <\/strong>Nei giorni scorsi a San Vito di Cadore, i Carabinieri sono intervenuti dopo la chiamata al 112 di un\u2019anziana donna spaventata da telefonate sospette. La signora aveva ricevuto tre chiamate da sconosciuti che annunciavano visite improvvise, temendo una truffa. Una pattuglia della Stazione locale \u00e8 arrivata rapidamente, controllando l\u2019area e scongiurando rischi di furto o truffa. I militari le hanno spiegato come comportarsi in situazioni simili, consigliandole di non fidarsi di sconosciuti e di non aprire la porta. Oltre alla sicurezza, i Carabinieri hanno ascoltato l\u2019anziana, sola e senza familiari, offrendo compagnia e rassicurazione. Hanno anche contattato una persona di fiducia a Borca di Cadore, creando una rete di supporto. L\u2019intervento dimostra come l\u2019Arma non sia solo presidio di sicurezza, ma anche punto di riferimento umano per la comunit\u00e0, pronta a offrire consigli e conforto in caso di bisogno.<\/p>\n<p>&nbsp;<\/p>\n<p>&nbsp;<\/p>\n<hr \/>\n<p>&nbsp;<\/p>\n<blockquote>\n<h3 style=\"text-align: center;\">CONTROLLI SUI VEICOLI CON TARGA STRANIERA: SEI PATENTI RITIRATE<\/h3>\n<\/blockquote>\n<p><strong><img loading=\"lazy\" decoding=\"async\" class=\"aligncenter\" src=\"https:\/\/www.radiopiu.net\/wordpress\/wp-content\/uploads\/2026\/02\/Nuovo-software-polizia-locale.jpeg\" width=\"230\" height=\"157\" \/>\u00a0<\/strong><\/p>\n<p><strong>BELLUNO <\/strong>Nel mese di febbraio la Polizia locale di Belluno ha effettuato controlli mirati sui veicoli con targa straniera, in particolare a causa dell\u2019aumento di presenze internazionali legato al periodo olimpico. L\u2019operazione ha portato alla verifica di oltre 100 automobilisti e altrettanti veicoli provenienti da 33 Paesi diversi. Durante i controlli, effettuati in varie zone della citt\u00e0, sono emerse diverse irregolarit\u00e0, soprattutto legate all\u2019uso improprio di patenti straniere: alcune persone residenti in Italia da oltre un anno continuavano a guidare con documenti non pi\u00f9 validi secondo la normativa italiana. Il bilancio dell\u2019attivit\u00e0 comprende sei patenti ritirate, due veicoli sottoposti a fermo amministrativo e otto verbali complessivi. In alcuni casi i veicoli risultavano sospesi dalla circolazione, con rischi per la sicurezza stradale. Il sindaco Oscar De Pellegrin e il comandante Antonio Codemo hanno sottolineato come l\u2019obiettivo principale sia prevenire comportamenti irregolari e garantire sicurezza e rispetto delle norme sulle strade. L\u2019operazione fa parte di un piano di controlli straordinari destinato a proseguire nei prossimi mesi.<\/p>\n<p>*<\/p>\n<h2 style=\"text-align: center;\"><\/h2>\n<p>&nbsp;<\/p>\n<hr \/>\n<p>&nbsp;<\/p>\n<h3 style=\"text-align: center;\">SCONTRO AUTO-MOTO RAGAZZA DI 19 ANNI FERITA LIEVEMENTE<\/h3>\n<h3 style=\"text-align: center;\"><a class=\"dt-pswp-item\" href=\"https:\/\/www.radiopiu.net\/wordpress\/wp-content\/uploads\/2025\/05\/CARABINIERI-2.jpeg\" data-dt-img-description=\"\" data-large_image_width=\"1452\" data-large_image_height=\"1076\"><img loading=\"lazy\" decoding=\"async\" class=\"aligncenter size-medium wp-image-451217\" src=\"https:\/\/www.radiopiu.net\/wordpress\/wp-content\/uploads\/2025\/05\/CARABINIERI-2-300x222.jpeg\" alt=\"\" width=\"300\" height=\"222\" srcset=\"https:\/\/www.radiopiu.net\/wordpress\/wp-content\/uploads\/2025\/05\/CARABINIERI-2-300x222.jpeg 300w, https:\/\/www.radiopiu.net\/wordpress\/wp-content\/uploads\/2025\/05\/CARABINIERI-2-1024x759.jpeg 1024w, https:\/\/www.radiopiu.net\/wordpress\/wp-content\/uploads\/2025\/05\/CARABINIERI-2-768x569.jpeg 768w, https:\/\/www.radiopiu.net\/wordpress\/wp-content\/uploads\/2025\/05\/CARABINIERI-2.jpeg 1452w\" sizes=\"auto, (max-width: 300px) 100vw, 300px\" \/><\/a><\/h3>\n<p><strong>PEDAVENA \u2013<\/strong> Incidente nel pomeriggio nella frazione di Murle, dove un\u2019auto e una moto si sono scontrate. Ad avere la peggio \u00e8 stata la 19enne alla guida della motocicletta, finita a terra dopo l\u2019impatto con una Fiat 500L condotta da un giovane. La ragazza ha riportato escoriazioni e alcune contusioni, ma \u00e8 rimasta cosciente ed \u00e8 riuscita ad alzarsi da sola. Sul posto sono intervenuti i sanitari del 118, i vigili del fuoco di Feltre e i carabinieri per i rilievi.La motociclista \u00e8 stata accompagnata al pronto soccorso di Feltre per le medicazioni ed \u00e8 stata dimessa in serata. Illeso il conducente dell\u2019auto, che ha riportato solo danni al paraurti.<\/p>\n<p>&nbsp;<\/p>\n<hr \/>\n<p>&nbsp;<\/p>\n<blockquote>\n<h3 style=\"text-align: center;\">ELEZIONI PROVINCIALI: SFIDA TRA STAUNOVO POLACCO E VIECELI PER LA SUCCESSIONE A PADRIN A PALAZZO PILONI<\/h3>\n<p><span style=\"color: #ff0000;\">sabato alle 17 diretta radio su tutti i canali dalla sala Don Tamis ad Agordo. Conosciamo i candidati a presidente in un incontro con la redazione di radiopiu e gli amministratori agordini\u00a0<\/span><\/p><\/blockquote>\n<p><strong><a class=\"dt-pswp-item\" href=\"https:\/\/www.radiopiu.net\/wordpress\/wp-content\/uploads\/2026\/03\/3aa06092-9d2d-4952-9156-c856f4950b80.jpg\" data-dt-img-description=\"\" data-large_image_width=\"1600\" data-large_image_height=\"1008\"><img loading=\"lazy\" decoding=\"async\" class=\"aligncenter size-medium wp-image-501096\" src=\"https:\/\/www.radiopiu.net\/wordpress\/wp-content\/uploads\/2026\/03\/3aa06092-9d2d-4952-9156-c856f4950b80-300x189.jpg\" alt=\"\" width=\"300\" height=\"189\" srcset=\"https:\/\/www.radiopiu.net\/wordpress\/wp-content\/uploads\/2026\/03\/3aa06092-9d2d-4952-9156-c856f4950b80-300x189.jpg 300w, https:\/\/www.radiopiu.net\/wordpress\/wp-content\/uploads\/2026\/03\/3aa06092-9d2d-4952-9156-c856f4950b80-1024x645.jpg 1024w, https:\/\/www.radiopiu.net\/wordpress\/wp-content\/uploads\/2026\/03\/3aa06092-9d2d-4952-9156-c856f4950b80-768x484.jpg 768w, https:\/\/www.radiopiu.net\/wordpress\/wp-content\/uploads\/2026\/03\/3aa06092-9d2d-4952-9156-c856f4950b80-1536x968.jpg 1536w, https:\/\/www.radiopiu.net\/wordpress\/wp-content\/uploads\/2026\/03\/3aa06092-9d2d-4952-9156-c856f4950b80.jpg 1600w\" sizes=\"auto, (max-width: 300px) 100vw, 300px\" \/><\/a>\u00a0<\/strong><\/p>\n<p><strong>BELLUNO<\/strong> Manca una settimana esatta alle elezioni provinciali, che porteranno all&#8217;individuazione del successore a Palazzo Piloni di Roberto Padrin. Marco Staunovo Polacco, sindaco di Comelico Superiore, \u00e8 il candidato per il centrodestra; il centrosinistra punta sul primo cittadino di San Gregorio nelle Alpi, Nicola Vieceli, gi\u00e0 oggi consigliere provinciale.<\/p>\n<p><strong>DI DANIELE DALVIT<\/strong><\/p>\n<audio class=\"wp-audio-shortcode\" id=\"audio-501007-4\" preload=\"none\" style=\"width: 100%;\" controls=\"controls\"><source type=\"audio\/mpeg\" src=\"https:\/\/www.radiopiu.net\/wordpress\/wp-content\/uploads\/2026\/03\/Servizio-Elezioni-provincia-Vieceli.mp3?_=4\" \/><a href=\"https:\/\/www.radiopiu.net\/wordpress\/wp-content\/uploads\/2026\/03\/Servizio-Elezioni-provincia-Vieceli.mp3\">https:\/\/www.radiopiu.net\/wordpress\/wp-content\/uploads\/2026\/03\/Servizio-Elezioni-provincia-Vieceli.mp3<\/a><\/audio>\n<p>&nbsp;<\/p>\n<hr \/>\n<p>&nbsp;<\/p>\n<blockquote>\n<h3 style=\"text-align: center;\">POSTA FERMA IN VIA FOCH: LA SEGNALAZIONE ARRIVA A \u201cDILLO A RADIO PI\u00d9\u201d<\/h3>\n<\/blockquote>\n<p><strong><a class=\"dt-pswp-item\" href=\"https:\/\/www.radiopiu.net\/wordpress\/wp-content\/uploads\/2026\/03\/Screenshot-2026-03-11-092952.png\" data-dt-img-description=\"\" data-large_image_width=\"680\" data-large_image_height=\"414\"><img loading=\"lazy\" decoding=\"async\" class=\"aligncenter size-medium wp-image-501066\" src=\"https:\/\/www.radiopiu.net\/wordpress\/wp-content\/uploads\/2026\/03\/Screenshot-2026-03-11-092952-300x183.png\" alt=\"\" width=\"300\" height=\"183\" srcset=\"https:\/\/www.radiopiu.net\/wordpress\/wp-content\/uploads\/2026\/03\/Screenshot-2026-03-11-092952-300x183.png 300w, https:\/\/www.radiopiu.net\/wordpress\/wp-content\/uploads\/2026\/03\/Screenshot-2026-03-11-092952.png 680w\" sizes=\"auto, (max-width: 300px) 100vw, 300px\" \/><\/a>\u00a0<\/strong><\/p>\n<p><strong>AGORDO <\/strong>Ad Agordo, in via Foch, la posta non arriva pi\u00f9 da oltre due settimane. A segnalarlo alla rubrica \u201cDillo a Radio Pi\u00f9\u201d \u00e8 un cittadino, che racconta una situazione iniziata il 23 febbraio, quando la strada \u00e8 stata chiusa al traffico per i lavori all\u2019acquedotto, consentendo soltanto il passaggio pedonale. Da quel momento, spiega il residente, la corrispondenza non viene pi\u00f9 recapitata. Rivolgendosi all\u2019ufficio postale di Agordo, per\u00f2, la risposta sarebbe stata che la consegna non dipende da loro, ma dal centro di distribuzione di Taibon Agordino. Un riferimento che, secondo quanto racconta il cittadino, non avrebbe per\u00f2 nemmeno un contatto diretto per chiedere chiarimenti. Il risultato? La posta resta ferma e i residenti non sanno se e quando verr\u00e0 consegnata. \u00abIo dovrei andare a ritirare la posta personalmente?\u00bb si chiede il nostro ascoltatore nella lettera inviata alla radio, sottolineando come la chiusura della strada non impedisca comunque il passaggio a piedi. Il cittadino solleva anche una domanda pi\u00f9 ampia sul funzionamento del servizio: \u00abPoste Italiane dice di arrivare ovunque. Ma qui la posta non arriva pi\u00f9. \u00c8 normale?\u00bb. Una situazione che, secondo il segnalante, meriterebbe chiarimenti ufficiali per capire se si tratta di un disservizio temporaneo o di una decisione organizzativa, e soprattutto quando i residenti di via Foch potranno tornare a ricevere regolarmente la loro corrispondenza. Radio Pi\u00f9 resta naturalmente disponibile a ospitare eventuali repliche o spiegazioni da parte di Poste Italiane.<\/p>\n<p><strong>In seguito all&#8217;articolo dall&#8217;ufficio stampa di poste italiane riceviamo e pubblichiamo<\/strong><\/p>\n<p>L\u2019azienda comunica che il servizio di recapito nella zona \u00e8 regolare e che i portalettere possono accedere alle abitazioni e stanno effettuando normalmente le consegne anche durante il periodo dei lavori alla viabilit\u00e0. Poste Italiane ha inoltre segnalato che l\u2019immagine utilizzata a corredo della notizia non corrisponde a una situazione reale, trattandosi di una rappresentazione non autentica. Infatti si tratta di foto realizzata con il supporto dell&#8217;intelligenza artificiale, come facilmente deducibile. Radio Pi\u00f9 riporta quindi la precisazione ricevuta dall\u2019azienda, restando come sempre a disposizione per segnalazioni, chiarimenti e repliche da parte dei cittadini e degli enti interessati.<\/p>\n<p><strong><a class=\"dt-pswp-item\" href=\"https:\/\/www.radiopiu.net\/wordpress\/wp-content\/uploads\/2026\/03\/915fc18f-8c01-4328-a7cc-1d6102f5ac28.png\" data-dt-img-description=\"\" data-large_image_width=\"1536\" data-large_image_height=\"1024\"><img loading=\"lazy\" decoding=\"async\" class=\"aligncenter size-medium wp-image-501186\" src=\"https:\/\/www.radiopiu.net\/wordpress\/wp-content\/uploads\/2026\/03\/915fc18f-8c01-4328-a7cc-1d6102f5ac28-300x200.png\" alt=\"\" width=\"300\" height=\"200\" srcset=\"https:\/\/www.radiopiu.net\/wordpress\/wp-content\/uploads\/2026\/03\/915fc18f-8c01-4328-a7cc-1d6102f5ac28-300x200.png 300w, https:\/\/www.radiopiu.net\/wordpress\/wp-content\/uploads\/2026\/03\/915fc18f-8c01-4328-a7cc-1d6102f5ac28-1024x683.png 1024w, https:\/\/www.radiopiu.net\/wordpress\/wp-content\/uploads\/2026\/03\/915fc18f-8c01-4328-a7cc-1d6102f5ac28-768x512.png 768w, https:\/\/www.radiopiu.net\/wordpress\/wp-content\/uploads\/2026\/03\/915fc18f-8c01-4328-a7cc-1d6102f5ac28.png 1536w\" sizes=\"auto, (max-width: 300px) 100vw, 300px\" \/><\/a><\/strong><\/p>\n<p><strong>Come immaginavamo la risposta dell&#8217;utente dopo le giustificazioni di poste italiane \u00e8 arrivata in fretta<\/strong><\/p>\n<p>&#8221; l&#8217;interlocutore &#8211; che si arrampica alla foto inserita e non capisce che \u00e8 volutamente un&#8217;immagine provocatoria; ironia: che cos&#8217;\u00e8? Non ha spiegato che la mano destra di Agordo non sa cosa fa la sinistra a Taibon e nemmeno il ritardo delle due settimane nella consegna: ne fa fede L&#8217;Amico del Popolo ma mi manca ancora altra corrispondenza.\u00a0 Ma guarda un po&#8217; che nel frattempo ecco una prima consegna effettuata nel pomeriggio dell&#8217;11 marzo dopo la comparsa in rete delle notizia Come difenderci dall&#8217;intelligenza naturale?<\/p>\n<p>&nbsp;<\/p>\n<hr \/>\n<p>&nbsp;<\/p>\n<blockquote>\n<h3 style=\"text-align: center;\">INAUGURATO A TAIBON IL NUOVO CENTRO DI DISTRIBUZIONE POSTE ITALIANE<\/h3>\n<\/blockquote>\n<p><strong>TAIBON <\/strong>Presentato il nuovo Centro di Distribuzione di Poste Italiane a Taibon Agordino, in via Strapont. La struttura, di 300 metri quadrati con un piazzale di 500, sostituisce le sedi di Agordo e Alleghe e servir\u00e0 sedici comuni dell\u2019Agordino. Il centro impiega 17 persone e dispone di nuove attrezzature e mezzi per velocizzare la gestione di posta e pacchi, con consegne previste anche nel pomeriggio e il sabato. Il servizio coprir\u00e0 oltre 18 mila abitanti e circa 16 mila punti di recapito tra abitazioni, uffici e aziende. Secondo Poste Italiane si tratta di un investimento importante per garantire servizi efficienti anche nei territori di montagna. L\u2019apertura del nuovo Centro\u00a0 rappresenta un segnale importante per il territorio agordino. In aree di montagna, dove le distanze e la viabilit\u00e0 possono rendere pi\u00f9 complessi i servizi quotidiani, investimenti di questo tipo assumono un valore ancora maggiore. La scelta di accorpare le sedi di Agordo e Alleghe in una struttura pi\u00f9 ampia e moderna punta a migliorare l\u2019organizzazione del lavoro mentre cresce il numero di pacchi legati al commercio online. Resta ora da vedere se questo potenziamento logistico si tradurr\u00e0 concretamente in un servizio pi\u00f9 efficiente e capillare per cittadini, aziende e uffici pubblici dei sedici comuni serviti. In territori come l\u2019Agordino, la qualit\u00e0 dei servizi di base \u2013 dalla posta ai trasporti \u2013 \u00e8 infatti una componente fondamentale per mantenere vive le comunit\u00e0 e sostenere l\u2019economia locale.<\/p>\n\n\t\t\t<style type='text\/css'>\n\t\t\t\t#gallery-2 {\n\t\t\t\t\tmargin: auto;\n\t\t\t\t}\n\t\t\t\t#gallery-2 .gallery-item {\n\t\t\t\t\tfloat: left;\n\t\t\t\t\tmargin-top: 10px;\n\t\t\t\t\ttext-align: center;\n\t\t\t\t\twidth: 50%;\n\t\t\t\t}\n\t\t\t\t#gallery-2 img {\n\t\t\t\t\tborder: 2px solid #cfcfcf;\n\t\t\t\t}\n\t\t\t\t#gallery-2 .gallery-caption {\n\t\t\t\t\tmargin-left: 0;\n\t\t\t\t}\n\t\t\t\t\/* see gallery_shortcode() in wp-includes\/media.php *\/\n\t\t\t<\/style>\n\t\t<div id='gallery-2' class='dt-gallery-container gallery galleryid-501007 gallery-columns-2 gallery-size-medium'><dl class='gallery-item'>\n\t\t\t\t<dt class='gallery-icon landscape'>\n\t\t\t\t\t<a class=\"rollover rollover-zoom dt-pswp-item\" title=\"Screenshot 2026-03-11 153031\" data-dt-img-description=\"\" data-large_image_width=\"671\" data-large_image_height=\"468\"href='https:\/\/www.radiopiu.net\/wordpress\/wp-content\/uploads\/2026\/03\/Screenshot-2026-03-11-153031.png'><img loading=\"lazy\" decoding=\"async\" width=\"300\" height=\"209\" src=\"https:\/\/www.radiopiu.net\/wordpress\/wp-content\/uploads\/2026\/03\/Screenshot-2026-03-11-153031-300x209.png\" class=\"attachment-medium size-medium\" alt=\"\" srcset=\"https:\/\/www.radiopiu.net\/wordpress\/wp-content\/uploads\/2026\/03\/Screenshot-2026-03-11-153031-300x209.png 300w, https:\/\/www.radiopiu.net\/wordpress\/wp-content\/uploads\/2026\/03\/Screenshot-2026-03-11-153031.png 671w\" sizes=\"auto, (max-width: 300px) 100vw, 300px\" \/><\/a>\n\t\t\t\t<\/dt><\/dl><dl class='gallery-item'>\n\t\t\t\t<dt class='gallery-icon landscape'>\n\t\t\t\t\t<a class=\"rollover rollover-zoom dt-pswp-item\" title=\"Screenshot 2026-03-11 153023\" data-dt-img-description=\"\" data-large_image_width=\"709\" data-large_image_height=\"348\"href='https:\/\/www.radiopiu.net\/wordpress\/wp-content\/uploads\/2026\/03\/Screenshot-2026-03-11-153023.png'><img loading=\"lazy\" decoding=\"async\" width=\"300\" height=\"147\" src=\"https:\/\/www.radiopiu.net\/wordpress\/wp-content\/uploads\/2026\/03\/Screenshot-2026-03-11-153023-300x147.png\" class=\"attachment-medium size-medium\" alt=\"\" srcset=\"https:\/\/www.radiopiu.net\/wordpress\/wp-content\/uploads\/2026\/03\/Screenshot-2026-03-11-153023-300x147.png 300w, https:\/\/www.radiopiu.net\/wordpress\/wp-content\/uploads\/2026\/03\/Screenshot-2026-03-11-153023.png 709w\" sizes=\"auto, (max-width: 300px) 100vw, 300px\" \/><\/a>\n\t\t\t\t<\/dt><\/dl><br style=\"clear: both\" \/>\n\t\t\t<\/div>\n\n<p>&nbsp;<\/p>\n<hr \/>\n<p><span style=\"color: #ff0000;\"><strong>LA GIUDIZIARIA OGGI<\/strong><\/span><br \/>\n<span style=\"color: #ff0000;\"><strong>DAL CORRIERE DELLE ALPI &#8211; SINTESI<\/strong><\/span><br \/>\n<span style=\"color: #ff0000;\"><strong>GIGI SOSSO<\/strong><\/span><\/p>\n<p><a class=\"dt-pswp-item\" href=\"https:\/\/www.radiopiu.net\/wordpress\/wp-content\/uploads\/2026\/03\/3955e2d0-88eb-4136-859e-7f62b0727cd7.png\" data-dt-img-description=\"\" data-large_image_width=\"1536\" data-large_image_height=\"1024\"><img loading=\"lazy\" decoding=\"async\" class=\"aligncenter size-medium wp-image-501196\" src=\"https:\/\/www.radiopiu.net\/wordpress\/wp-content\/uploads\/2026\/03\/3955e2d0-88eb-4136-859e-7f62b0727cd7-300x200.png\" alt=\"\" width=\"300\" height=\"200\" srcset=\"https:\/\/www.radiopiu.net\/wordpress\/wp-content\/uploads\/2026\/03\/3955e2d0-88eb-4136-859e-7f62b0727cd7-300x200.png 300w, https:\/\/www.radiopiu.net\/wordpress\/wp-content\/uploads\/2026\/03\/3955e2d0-88eb-4136-859e-7f62b0727cd7-1024x683.png 1024w, https:\/\/www.radiopiu.net\/wordpress\/wp-content\/uploads\/2026\/03\/3955e2d0-88eb-4136-859e-7f62b0727cd7-768x512.png 768w, https:\/\/www.radiopiu.net\/wordpress\/wp-content\/uploads\/2026\/03\/3955e2d0-88eb-4136-859e-7f62b0727cd7.png 1536w\" sizes=\"auto, (max-width: 300px) 100vw, 300px\" \/><\/a><\/p>\n<h3 style=\"text-align: center;\">PROF A PROCESSO CANCELLA IL REGISTRO ELETTRONICO E FINISCE IN TRIBUNALE<\/h3>\n<p><strong>ALLEGHE<\/strong> \u2013 Un professore di matematica e scienze \u00e8 finito a processo con l\u2019accusa di danneggiamento di dati informatici utilizzati da un ente pubblico. Secondo l\u2019accusa, nel 2023 avrebbe cancellato tutti i dati dal computer della scuola usato come registro elettronico prima di riconsegnarlo. L\u2019insegnante sostiene di non aver fatto nulla di illecito, convinto che i dati fossero comunque salvati nel portale dell\u2019istituto e quindi recuperabili. La dirigente scolastica ha presentato denuncia e il caso \u00e8 arrivato in Tribunale a Belluno. Il professore rischia da uno a quattro anni di reclusione. Il processo \u00e8 appena iniziato: sono stati indicati i testimoni e la prossima udienza \u00e8 fissata in autunno, quando verranno ascoltate le prime testimonianze. L\u2019imputato punta all\u2019assoluzione.<\/p>\n<blockquote>\n<h3>CASA GELIDA E VIOLENZE DAVANTI ALLA FIGLIA<\/h3>\n<\/blockquote>\n<p><strong>BELLUNO \u2013<\/strong> Un uomo \u00e8 a processo con accuse molto gravi di maltrattamenti in famiglia e violenza sessuale nei confronti della moglie. Secondo l\u2019accusa, per circa tre anni la donna e la loro bambina avrebbero vissuto in una casa fatiscente e fredda, con termosifoni spenti e continue violenze.\u00a0 Le indagini sono partite dopo l\u2019accesso della donna al Pronto soccorso dell\u2019ospedale San Martino, da cui sarebbero emersi episodi di calci, pugni, schiaffi, minacce e rapporti non consenzienti, spesso anche davanti alla figlia. In aula si \u00e8 discusso delle intercettazioni ambientali raccolte dagli investigatori nell\u2019abitazione: la richiesta della difesa di dichiararle inutilizzabili \u00e8 stata respinta. Una perita dovr\u00e0 ora trascrivere 35 registrazioni prima della prossima udienza.<\/p>\n<blockquote>\n<h3>INSULTI SUI SOCIAL POST SUL COVID, CASO DI DIFFAMAZIONE IN TRIBUNALE<\/h3>\n<\/blockquote>\n<p><strong>PIEVE DI CADORE<\/strong> \u2013 Finisce in tribunale una vicenda nata sui social durante il periodo del Covid-19. Un uomo \u00e8 accusato di diffamazione aggravata per alcuni commenti pubblicati su Facebook contro un blogger. Nel post l\u2019imputato avrebbe usato insulti e accuse pesanti, definendolo tra l\u2019altro \u00abcialtrone\u00bb e \u00abcomplottista\u00bb. Il blogger ha presentato querela e si \u00e8 costituito parte civile, chiedendo il risarcimento dei danni. Il giudice ha deciso che il processo si far\u00e0: l\u2019udienza di ieri era solo preliminare e non c\u2019\u00e8 stato alcun proscioglimento. Ora la vicenda proseguir\u00e0 in aula, dove verranno esaminate le responsabilit\u00e0 e le eventuali conseguenze civili.<\/p>\n<h3 style=\"text-align: center;\">FINTA LAUREA EX PORTAVOCE CONDANNATO A LAVORI SOCIALMENTE UTILI<\/h3>\n<p><strong>CORTINA \u2013<\/strong> Aveva ottenuto l\u2019incarico di portavoce del sindaco dichiarando una laurea che in realt\u00e0 non possedeva. Per questo un uomo \u00e8 accusato di truffa, falso e uso di atto falso. Il giudice ha accolto la richiesta della messa alla prova: l\u2019imputato svolger\u00e0 cinque mesi di lavori di pubblica utilit\u00e0 presso un\u2019associazione culturale di Venezia. Il Comune aveva chiesto la restituzione degli stipendi percepiti durante l\u2019incarico, ma ricever\u00e0 solo 400 euro. L\u2019uomo era stato assunto nel dicembre 2022 e aveva lavorato alcuni mesi prima che emergesse l\u2019assenza del titolo di studio richiesto.<\/p>\n<p>&nbsp;<\/p>\n<hr \/>\n<p>&nbsp;<\/p>\n<blockquote>\n<h3 style=\"text-align: center;\">SINDACATI VENETI: NO ALLA SOPPRESSIONE DELLE CONSIGLIERE DI PARIT\u00c0<\/h3>\n<\/blockquote>\n<p><strong><a class=\"dt-pswp-item\" href=\"https:\/\/www.radiopiu.net\/wordpress\/wp-content\/uploads\/2024\/09\/SINDACATI-300x300-1.jpg\" data-dt-img-description=\"\" data-large_image_width=\"300\" data-large_image_height=\"300\"><img loading=\"lazy\" decoding=\"async\" class=\"aligncenter wp-image-408996\" src=\"https:\/\/www.radiopiu.net\/wordpress\/wp-content\/uploads\/2024\/09\/SINDACATI-300x300-1.jpg\" alt=\"\" width=\"158\" height=\"158\" srcset=\"https:\/\/www.radiopiu.net\/wordpress\/wp-content\/uploads\/2024\/09\/SINDACATI-300x300-1.jpg 300w, https:\/\/www.radiopiu.net\/wordpress\/wp-content\/uploads\/2024\/09\/SINDACATI-300x300-1-150x150.jpg 150w\" sizes=\"auto, (max-width: 158px) 100vw, 158px\" \/><\/a>\u00a0<\/strong><\/p>\n<p><strong>VENEZIA <\/strong>Cgil, Cisl e Uil del Veneto esprimono forte preoccupazione per la soppressione delle Consigliere di parit\u00e0 regionali e territoriali e il trasferimento delle loro competenze a un nuovo organismo centrale con sede a Roma. Secondo i sindacati, questa scelta indebolisce il sistema di tutela contro le discriminazioni sul lavoro, eliminando presidi territoriali che per anni hanno rappresentato un punto di riferimento diretto per lavoratrici e lavoratori. La decisione viene giudicata ancora pi\u00f9 grave in un contesto nazionale segnato da carenze nelle politiche per i diritti e la parit\u00e0, aggravate dalla bocciatura della proposta di legge sul congedo parentale paritario e obbligatorio. Il decreto prevede solo la possibilit\u00e0, e non l\u2019obbligo, di istituire articolazioni territoriali del nuovo organismo, con il rischio di ridurre le tutele esistenti e di entrare in contrasto con la direttiva europea 2024\/1500. I sindacati chiedono quindi modifiche al provvedimento, garantendo presidi territoriali stabili, risorse adeguate e continuit\u00e0 alle funzioni di tutela e assistenza legale.<\/p>\n<p>&nbsp;<\/p>\n<p>&nbsp;<\/p>\n<hr \/>\n<h3 style=\"text-align: center;\">BELLUNO | CONTRASTO A VIOLENZA E DISUGUAGLIANZA, CONVEGNO PUBBLICO DI CGIL CISL UIL<\/h3>\n<p>Intervistati SONIA BRIDDA (SEGRETERIA UIL VENETO), ESMERALDA RIZZI (POLITICHE DI GENERE CGIL NAZIONALE), ROBERTA BARBIERI (SEGRETERIA CISL BELLUNO TREVISO) (Servizio di\u00a0Tiziana Bolognani)<\/p>\n<p><iframe loading=\"lazy\" title=\"CONTRASTO A VIOLENZA E DISUGUAGLIANZA, CONVEGNO PUBBLICO DI CGIL CISL UIL | 11\/03\/2026\" width=\"1200\" height=\"675\" src=\"https:\/\/www.youtube.com\/embed\/oE_nCrMROSw?feature=oembed\" frameborder=\"0\" allow=\"accelerometer; autoplay; clipboard-write; encrypted-media; gyroscope; picture-in-picture; web-share\" referrerpolicy=\"strict-origin-when-cross-origin\" allowfullscreen><\/iframe><\/p>\n<h3 style=\"text-align: center;\"><\/h3>\n<hr \/>\n<p>&nbsp;<\/p>\n<blockquote>\n<h3 style=\"text-align: center;\">DIRITTI DELLE DONNE, VIOLENZA E PARIT\u00c0 SALARIALE: IL CONFRONTO DEI SINDACATI A BELLUNO<\/h3>\n<\/blockquote>\n<p><strong><a class=\"dt-pswp-item\" href=\"https:\/\/www.radiopiu.net\/wordpress\/wp-content\/uploads\/2026\/03\/KLJGH.jpg\" data-dt-img-description=\"\" data-large_image_width=\"849\" data-large_image_height=\"385\"><img loading=\"lazy\" decoding=\"async\" class=\"aligncenter size-medium wp-image-501117\" src=\"https:\/\/www.radiopiu.net\/wordpress\/wp-content\/uploads\/2026\/03\/KLJGH-300x136.jpg\" alt=\"\" width=\"300\" height=\"136\" srcset=\"https:\/\/www.radiopiu.net\/wordpress\/wp-content\/uploads\/2026\/03\/KLJGH-300x136.jpg 300w, https:\/\/www.radiopiu.net\/wordpress\/wp-content\/uploads\/2026\/03\/KLJGH-768x348.jpg 768w, https:\/\/www.radiopiu.net\/wordpress\/wp-content\/uploads\/2026\/03\/KLJGH.jpg 849w\" sizes=\"auto, (max-width: 300px) 100vw, 300px\" \/><\/a>\u00a0<\/strong><\/p>\n<p><strong>BELLUNO <\/strong>In occasione della Giornata internazionale della Donna, Cgil Belluno, Cisl Belluno Treviso con il Coordinamento Donne e Politiche di Genere e Uil Veneto Belluno hanno promosso a Belluno il convegno \u201cContinuare l\u20198 marzo: contrasto alla violenza e alla disuguaglianza\u201d. L\u2019iniziativa, ospitata al Centro Diocesano Giovanni XXIII, ha affrontato due temi centrali: il disegno di legge di riforma dell\u2019articolo 609 bis del codice penale sulla violenza sessuale e la direttiva europea sulla parit\u00e0 salariale. L\u2019incontro, aperto al pubblico, ha voluto favorire un confronto tra istituzioni, esperti e parti sociali per approfondire strumenti giuridici e politiche utili a contrastare la violenza di genere e promuovere l\u2019uguaglianza nel lavoro. Dopo i saluti istituzionali e l\u2019introduzione della segretaria Cgil Belluno Denise Casanova, giuristi ed esperti hanno illustrato i contenuti delle nuove norme. I sindacati hanno ribadito l\u2019impegno unitario per i diritti delle donne, sottolineando l\u2019importanza di informazione, consapevolezza e cambiamento culturale per superare le disuguaglianze di genere.<\/p>\n<p><strong>PER LE TRE RADIO BARBARA PAOLAZZI<\/strong><\/p>\n<audio class=\"wp-audio-shortcode\" id=\"audio-501007-5\" preload=\"none\" style=\"width: 100%;\" controls=\"controls\"><source type=\"audio\/mpeg\" src=\"https:\/\/www.radiopiu.net\/wordpress\/wp-content\/uploads\/2026\/03\/paolazzi-sindacati.mp3?_=5\" \/><a href=\"https:\/\/www.radiopiu.net\/wordpress\/wp-content\/uploads\/2026\/03\/paolazzi-sindacati.mp3\">https:\/\/www.radiopiu.net\/wordpress\/wp-content\/uploads\/2026\/03\/paolazzi-sindacati.mp3<\/a><\/audio>\n<p>&nbsp;<\/p>\n<p><iframe loading=\"lazy\" title=\"8 MARZO 2026 SINDACATI\" width=\"1200\" height=\"675\" src=\"https:\/\/www.youtube.com\/embed\/rn2EbEI1qPk?feature=oembed\" frameborder=\"0\" allow=\"accelerometer; autoplay; clipboard-write; encrypted-media; gyroscope; picture-in-picture; web-share\" referrerpolicy=\"strict-origin-when-cross-origin\" allowfullscreen><\/iframe><\/p>\n<p>&nbsp;<\/p>\n<hr \/>\n<p>&nbsp;<\/p>\n<blockquote>\n<h3 style=\"text-align: center;\">\u201cIMPEGNO OLTRE I CONFINI\u201d: PROGETTO PER RAFFORZARE IL VOLONTARIATO NELL\u2019ALTO BELLUNESE<\/h3>\n<\/blockquote>\n<p><strong><a class=\"dt-pswp-item\" href=\"https:\/\/www.radiopiu.net\/wordpress\/wp-content\/uploads\/2026\/03\/Giancarlo-Cavallin-presidente-Csv-Belluno-Treviso-ufficio-1.jpg\" data-dt-img-description=\"\" data-large_image_width=\"2048\" data-large_image_height=\"1365\"><img loading=\"lazy\" decoding=\"async\" class=\"aligncenter size-medium wp-image-501112\" src=\"https:\/\/www.radiopiu.net\/wordpress\/wp-content\/uploads\/2026\/03\/Giancarlo-Cavallin-presidente-Csv-Belluno-Treviso-ufficio-1-300x200.jpg\" alt=\"\" width=\"300\" height=\"200\" srcset=\"https:\/\/www.radiopiu.net\/wordpress\/wp-content\/uploads\/2026\/03\/Giancarlo-Cavallin-presidente-Csv-Belluno-Treviso-ufficio-1-300x200.jpg 300w, https:\/\/www.radiopiu.net\/wordpress\/wp-content\/uploads\/2026\/03\/Giancarlo-Cavallin-presidente-Csv-Belluno-Treviso-ufficio-1-1024x683.jpg 1024w, https:\/\/www.radiopiu.net\/wordpress\/wp-content\/uploads\/2026\/03\/Giancarlo-Cavallin-presidente-Csv-Belluno-Treviso-ufficio-1-768x512.jpg 768w, https:\/\/www.radiopiu.net\/wordpress\/wp-content\/uploads\/2026\/03\/Giancarlo-Cavallin-presidente-Csv-Belluno-Treviso-ufficio-1-1536x1024.jpg 1536w, https:\/\/www.radiopiu.net\/wordpress\/wp-content\/uploads\/2026\/03\/Giancarlo-Cavallin-presidente-Csv-Belluno-Treviso-ufficio-1.jpg 2048w\" sizes=\"auto, (max-width: 300px) 100vw, 300px\" \/><\/a>\u00a0<\/strong><\/p>\n<p><strong>BELLUNO <\/strong>Rafforzare il volontariato e favorire la collaborazione tra territori alpini: \u00e8 questo l\u2019obiettivo del progetto \u201cImpegno oltre i confini \u2013 Il volontariato unisce\u201d, iniziativa del programma Interreg VI-A Italia-Austria CLLD Dolomiti Live che coinvolge Osttirol, Alto Bellunese e Val Pusteria. Partner del progetto sono Regionsmanagement Osttirol, Csv Alto Adige e Csv Belluno Treviso, che collaboreranno fino al 2027 per valorizzare esperienze, strutture e buone pratiche del volontariato. Nel Bellunese il Csv concentrer\u00e0 le attivit\u00e0 in Cadore, Agordino e Longaronese-Zoldano, territori segnati da spopolamento, invecchiamento e difficolt\u00e0 di accesso ai servizi. Il progetto punta a creare reti di collaborazione e nuove opportunit\u00e0 di partecipazione, attraverso conferenze, workshop e momenti di scambio. Sono previsti anche corsi di formazione su sicurezza e comunicazione per le associazioni e iniziative innovative come la \u201cbiblioteca vivente\u201d. Il primo appuntamento sar\u00e0 una visita di scambio a Lienz il 22 aprile, durante la Settimana del Volontariato. Iscrizioni aperte fino al 18 marzo per dieci volontari dell\u2019area del Gal Alto Bellunese.<\/p>\n<p>&nbsp;<\/p>\n<p>&nbsp;<\/p>\n<hr \/>\n<p>&nbsp;<\/p>\n<blockquote>\n<h3 style=\"text-align: center;\">CONTRO LA VIOLENZA SUI SANITARI: LO SPOT FNOMCEO RILANCIA LA FIDUCIA TRA MEDICI E PAZIENTI<\/h3>\n<\/blockquote>\n<p><strong>ROMA <\/strong>In occasione della Giornata nazionale di educazione e prevenzione contro la violenza sugli operatori sanitari, che si celebra oggi, la Federazione nazionale degli Ordini dei Medici (FNOMCeO) ha lanciato un nuovo spot di sensibilizzazione dal titolo \u201cIl medico per me \u00e8 uno di famiglia\u201d. L\u2019iniziativa nasce per richiamare l\u2019attenzione sul crescente numero di aggressioni ai professionisti della sanit\u00e0, in particolare nei reparti di emergenza-urgenza. Lo spot racconta l\u2019attesa in un pronto soccorso e mette in luce il valore del rapporto umano tra medico e paziente, ribaltando i ruoli quando \u00e8 il paziente stesso a preoccuparsi per la stanchezza del medico. Il messaggio finale sottolinea l\u2019importanza di questa relazione di fiducia. Secondo il presidente FNOMCeO Filippo Anelli, la campagna vuole rafforzare il legame tra cittadini e medici e promuovere un cambiamento culturale che riconosca il valore della sanit\u00e0 pubblica e protegga chi ogni giorno si prende cura delle persone.<\/p>\n<p><strong>LO SPOT<\/strong><\/p>\n<p><iframe loading=\"lazy\" title=\"\u00c8 impossibile non voler bene ai medici\" width=\"1200\" height=\"675\" src=\"https:\/\/www.youtube.com\/embed\/KYqll_S0KlM?feature=oembed\" frameborder=\"0\" allow=\"accelerometer; autoplay; clipboard-write; encrypted-media; gyroscope; picture-in-picture; web-share\" referrerpolicy=\"strict-origin-when-cross-origin\" allowfullscreen><\/iframe><\/p>\n<p>&nbsp;<\/p>\n<hr \/>\n<p>&nbsp;<\/p>\n<blockquote>\n<h3 style=\"text-align: center;\">E SPORTIAMO INCLUSIONE: CASA VENETO ACCOGLIE INCONTRI SULLA DISABILIT\u00c0 E LO SPORT<\/h3>\n<\/blockquote>\n<p><strong><a class=\"dt-pswp-item\" href=\"https:\/\/www.radiopiu.net\/wordpress\/wp-content\/uploads\/2025\/10\/CORTINA-scaled.jpeg\" data-dt-img-description=\"\" data-large_image_width=\"2560\" data-large_image_height=\"1760\"><img loading=\"lazy\" decoding=\"async\" class=\"aligncenter wp-image-476894\" src=\"https:\/\/www.radiopiu.net\/wordpress\/wp-content\/uploads\/2025\/10\/CORTINA-300x206.jpeg\" alt=\"\" width=\"232\" height=\"159\" srcset=\"https:\/\/www.radiopiu.net\/wordpress\/wp-content\/uploads\/2025\/10\/CORTINA-300x206.jpeg 300w, https:\/\/www.radiopiu.net\/wordpress\/wp-content\/uploads\/2025\/10\/CORTINA-1024x704.jpeg 1024w, https:\/\/www.radiopiu.net\/wordpress\/wp-content\/uploads\/2025\/10\/CORTINA-768x528.jpeg 768w, https:\/\/www.radiopiu.net\/wordpress\/wp-content\/uploads\/2025\/10\/CORTINA-1536x1056.jpeg 1536w, https:\/\/www.radiopiu.net\/wordpress\/wp-content\/uploads\/2025\/10\/CORTINA-2048x1408.jpeg 2048w\" sizes=\"auto, (max-width: 232px) 100vw, 232px\" \/><\/a>\u00a0<\/strong><\/p>\n<p><strong>CORTINA <\/strong>Prosegue con successo a Casa Veneto, a Cortina d\u2019Ampezzo, il ciclo \u201ceSPORTiamo inclusione\u201d, dedicato a disabilit\u00e0, innovazione sociale e sport, legato alle Paralimpiadi Milano Cortina 2026. Oggi si terr\u00e0 il quarto incontro, \u201cMa quanto siamo accessibili ed inclusivi?\u201d, con Giuseppe Fasiol, Lucas Pavanetto e il Generale Eugenio Martis, moderati da Francesca Carollo. La sessione prevede momenti musicali con Gabriele Bettin di Asolo Musica. Il progetto continuer\u00e0 fino al 13 marzo, dalle 13.30 alle 14.30, con accesso libero e diretta televisiva su Antenna 3 Medianordest, promuovendo dibattito e sensibilizzazione su inclusione e sport.<\/p>\n<p>&nbsp;<\/p>\n<p>&nbsp;<\/p>\n<hr \/>\n<p>&nbsp;<\/p>\n<blockquote>\n<h3 style=\"text-align: center;\">\u201cLA LIBELLULA\u201d: A BELLUNO NASCE UN GRUPPO DI SOSTEGNO PER DONNE IN DIFFICOLT\u00c0 RELAZIONALE<\/h3>\n<\/blockquote>\n<p><strong><a class=\"dt-pswp-item\" href=\"https:\/\/www.radiopiu.net\/wordpress\/wp-content\/uploads\/2026\/03\/LA-LIBELLULA.jpg\" data-dt-img-description=\"\" data-large_image_width=\"716\" data-large_image_height=\"295\"><img loading=\"lazy\" decoding=\"async\" class=\"aligncenter size-medium wp-image-501114\" src=\"https:\/\/www.radiopiu.net\/wordpress\/wp-content\/uploads\/2026\/03\/LA-LIBELLULA-300x124.jpg\" alt=\"\" width=\"300\" height=\"124\" srcset=\"https:\/\/www.radiopiu.net\/wordpress\/wp-content\/uploads\/2026\/03\/LA-LIBELLULA-300x124.jpg 300w, https:\/\/www.radiopiu.net\/wordpress\/wp-content\/uploads\/2026\/03\/LA-LIBELLULA.jpg 716w\" sizes=\"auto, (max-width: 300px) 100vw, 300px\" \/><\/a>\u00a0<\/strong><\/p>\n<p><strong>BELLUNO <\/strong>Il Consultorio Familiare dell\u2019ULSS 1 Dolomiti avvia a Belluno \u201cLa Libellula\u201d, un gruppo di sostegno e ascolto rivolto alle donne che stanno vivendo o hanno vissuto relazioni affettive difficili e complesse. L\u2019iniziativa nasce in risposta alla crescente richiesta di supporto psicologico in un contesto sociale in cui le relazioni di coppia sono sempre pi\u00f9 segnate da conflitti, difficolt\u00e0 comunicative e pressioni emotive. Il gruppo offre uno spazio protetto e riservato in cui le partecipanti possono condividere esperienze, confrontarsi e sentirsi comprese, superando il senso di isolamento. Il percorso mira ad accompagnare le donne verso una maggiore consapevolezza di s\u00e9, favorendo il recupero delle energie emotive, il superamento di dinamiche di colpevolizzazione o dipendenza e la costruzione di nuovi equilibri di benessere. Gli incontri si tengono ogni due settimane presso il Consultorio Familiare di Belluno e sono condotti da uno psicologo. Per partecipare \u00e8 necessario effettuare prima un colloquio individuale conoscitivo con un operatore della struttura.<\/p>\n<p>&nbsp;<\/p>\n<p>&nbsp;<\/p>\n<hr \/>\n<p>&nbsp;<\/p>\n<h2 style=\"text-align: center;\"><span style=\"color: #ff0000;\">CONSIGLI COMUNALI IN AGORDINO<\/span><\/h2>\n<p><strong><a class=\"dt-pswp-item\" href=\"https:\/\/www.radiopiu.net\/wordpress\/wp-content\/uploads\/2023\/10\/CANALE-DAGORDO.jpg\" data-dt-img-description=\"\" data-large_image_width=\"1280\" data-large_image_height=\"720\"><img loading=\"lazy\" decoding=\"async\" class=\"aligncenter size-medium wp-image-355525\" src=\"https:\/\/www.radiopiu.net\/wordpress\/wp-content\/uploads\/2023\/10\/CANALE-DAGORDO-300x169.jpg\" alt=\"\" width=\"300\" height=\"169\" srcset=\"https:\/\/www.radiopiu.net\/wordpress\/wp-content\/uploads\/2023\/10\/CANALE-DAGORDO-300x169.jpg 300w, https:\/\/www.radiopiu.net\/wordpress\/wp-content\/uploads\/2023\/10\/CANALE-DAGORDO-1024x576.jpg 1024w, https:\/\/www.radiopiu.net\/wordpress\/wp-content\/uploads\/2023\/10\/CANALE-DAGORDO-768x432.jpg 768w, https:\/\/www.radiopiu.net\/wordpress\/wp-content\/uploads\/2023\/10\/CANALE-DAGORDO.jpg 1280w\" sizes=\"auto, (max-width: 300px) 100vw, 300px\" \/><\/a>\u00a0<\/strong><\/p>\n<p><strong>CANALE D&#8217;AGORDO<\/strong> Consiglio comunale convocato gioved\u00ec 19 marzo alle ore 20 nella Sala Lina Zand\u00f2 \u201cBolda\u201d. All\u2019ordine del giorno: ratifica della variazione urgente al bilancio di previsione 2026-2028, rinnovo della convenzione con l\u2019Unione Montana Agordina per il servizio autorizzazioni paesaggistiche e nuova convenzione con la Fondazione Papa Luciani per la gestione del museo.<\/p>\n<p>&nbsp;<\/p>\n<p>&nbsp;<\/p>\n<hr \/>\n<p>&nbsp;<\/p>\n<blockquote>\n<h3 style=\"text-align: center;\"><strong>GUARDIA DI FINANZA: CONCORSO PER 983 ALLIEVI MARESCIALLI<\/strong><\/h3>\n<\/blockquote>\n<p><strong><a class=\"dt-pswp-item\" href=\"https:\/\/www.radiopiu.net\/wordpress\/wp-content\/uploads\/2024\/09\/GUARDIA-FINANZA.jpg\" data-dt-img-description=\"\" data-large_image_width=\"900\" data-large_image_height=\"900\"><img loading=\"lazy\" decoding=\"async\" class=\"aligncenter wp-image-409000\" src=\"https:\/\/www.radiopiu.net\/wordpress\/wp-content\/uploads\/2024\/09\/GUARDIA-FINANZA-300x300.jpg\" alt=\"\" width=\"126\" height=\"126\" srcset=\"https:\/\/www.radiopiu.net\/wordpress\/wp-content\/uploads\/2024\/09\/GUARDIA-FINANZA-300x300.jpg 300w, https:\/\/www.radiopiu.net\/wordpress\/wp-content\/uploads\/2024\/09\/GUARDIA-FINANZA-150x150.jpg 150w, https:\/\/www.radiopiu.net\/wordpress\/wp-content\/uploads\/2024\/09\/GUARDIA-FINANZA-768x768.jpg 768w, https:\/\/www.radiopiu.net\/wordpress\/wp-content\/uploads\/2024\/09\/GUARDIA-FINANZA.jpg 900w\" sizes=\"auto, (max-width: 126px) 100vw, 126px\" \/><\/a>\u00a0<\/strong><\/p>\n<p><strong>ROMA <\/strong>La Guardia di Finanza ha indetto il concorso, per titoli ed esami, per 983 allievi marescialli al 98\u00b0 corso presso la Scuola Ispettori e Sovrintendenti per l\u2019anno accademico 2026\/2027. Dei posti, 923 sono destinati al contingente ordinario (8 riservati ai familiari di caduti in servizio) e 60 al contingente di mare, suddivisi tra varie specializzazioni. Possono partecipare cittadini italiani tra 17 e 26 anni (scadenza ore 12 del 23 marzo 2026). Domande solo online sul portale concorsi.gdf.gov.it tramite SPID o CIE. Informazioni anche sull\u2019App \u201cGdF Concorsi\u201d.<\/p>\n<p>&nbsp;<\/p>\n<p>&nbsp;<\/p>\n<hr \/>\n<p>&nbsp;<\/p>\n<blockquote>\n<h3 style=\"text-align: center;\">LA SCACCHIERA SOTTO IL CALICANTO: LIBRO, ARTE E SCACCHI ALLA BIBLIOTECA DI AGORDO<\/h3>\n<\/blockquote>\n<p><strong><a class=\"dt-pswp-item\" href=\"https:\/\/www.radiopiu.net\/wordpress\/wp-content\/uploads\/2026\/03\/bacfb3c5-2708-4de2-b3a4-530b88338d73.jpg\" data-dt-img-description=\"\" data-large_image_width=\"1600\" data-large_image_height=\"1117\"><img loading=\"lazy\" decoding=\"async\" class=\"aligncenter size-medium wp-image-501163\" src=\"https:\/\/www.radiopiu.net\/wordpress\/wp-content\/uploads\/2026\/03\/bacfb3c5-2708-4de2-b3a4-530b88338d73-300x209.jpg\" alt=\"\" width=\"300\" height=\"209\" srcset=\"https:\/\/www.radiopiu.net\/wordpress\/wp-content\/uploads\/2026\/03\/bacfb3c5-2708-4de2-b3a4-530b88338d73-300x209.jpg 300w, https:\/\/www.radiopiu.net\/wordpress\/wp-content\/uploads\/2026\/03\/bacfb3c5-2708-4de2-b3a4-530b88338d73-1024x715.jpg 1024w, https:\/\/www.radiopiu.net\/wordpress\/wp-content\/uploads\/2026\/03\/bacfb3c5-2708-4de2-b3a4-530b88338d73-768x536.jpg 768w, https:\/\/www.radiopiu.net\/wordpress\/wp-content\/uploads\/2026\/03\/bacfb3c5-2708-4de2-b3a4-530b88338d73-1536x1072.jpg 1536w, https:\/\/www.radiopiu.net\/wordpress\/wp-content\/uploads\/2026\/03\/bacfb3c5-2708-4de2-b3a4-530b88338d73.jpg 1600w\" sizes=\"auto, (max-width: 300px) 100vw, 300px\" \/><\/a>\u00a0<\/strong><\/p>\n<p><strong>AGORDO <\/strong>Domani alle 17.30 la Biblioteca Civica di Agordo ospiter\u00e0 la presentazione del libro <em data-start=\"191\" data-end=\"225\">La scacchiera sotto il calicanto<\/em> di Giovanni Lorusso. L\u2019iniziativa, organizzata in collaborazione con il Circolo Culturale Agordino, propone un incontro dedicato a racconti, fiabe e disegni che uniscono arte, letteratura e il mondo degli scacchi. Il volume \u00e8 pensato per lettori di tutte le et\u00e0, dai bambini agli adulti curiosi. Durante l\u2019evento l\u2019autore dialogher\u00e0 con il pubblico, raccontando la nascita delle storie e delle illustrazioni presenti nel libro. L\u2019ingresso \u00e8 libero e aperto a tutti gli appassionati di lettura, creativit\u00e0 e gioco degli scacchi.<\/p>\n<p>&nbsp;<\/p>\n<p>&nbsp;<\/p>\n<hr \/>\n<p>&nbsp;<\/p>\n<blockquote>\n<h3 style=\"text-align: center;\">MARCO OSSANNA FESTEGGIA 50 ANNI IN CONSOLLE ALLO CHALET 70<\/h3>\n<\/blockquote>\n<p><strong><a class=\"dt-pswp-item\" href=\"https:\/\/www.radiopiu.net\/wordpress\/wp-content\/uploads\/2026\/03\/21b9b82e-7279-46d1-abec-8ddc7ac70a2d.jpg\" data-dt-img-description=\"\" data-large_image_width=\"1179\" data-large_image_height=\"1478\"><img loading=\"lazy\" decoding=\"async\" class=\"aligncenter size-medium wp-image-501130\" src=\"https:\/\/www.radiopiu.net\/wordpress\/wp-content\/uploads\/2026\/03\/21b9b82e-7279-46d1-abec-8ddc7ac70a2d-239x300.jpg\" alt=\"\" width=\"239\" height=\"300\" srcset=\"https:\/\/www.radiopiu.net\/wordpress\/wp-content\/uploads\/2026\/03\/21b9b82e-7279-46d1-abec-8ddc7ac70a2d-239x300.jpg 239w, https:\/\/www.radiopiu.net\/wordpress\/wp-content\/uploads\/2026\/03\/21b9b82e-7279-46d1-abec-8ddc7ac70a2d-817x1024.jpg 817w, https:\/\/www.radiopiu.net\/wordpress\/wp-content\/uploads\/2026\/03\/21b9b82e-7279-46d1-abec-8ddc7ac70a2d-768x963.jpg 768w, https:\/\/www.radiopiu.net\/wordpress\/wp-content\/uploads\/2026\/03\/21b9b82e-7279-46d1-abec-8ddc7ac70a2d.jpg 1179w\" sizes=\"auto, (max-width: 239px) 100vw, 239px\" \/><\/a>\u00a0<\/strong><\/p>\n<p><strong>BELLUNO <\/strong>Una serata speciale dedicata alla musica e alla storia della nightlife. Domani alle 21, allo Chalet 70 in Nevegal, il DJ Marco Ossanna celebrer\u00e0 i suoi primi 50 anni in console con un evento che promette emozioni, ricordi e tanta musica. La serata, intitolata \u201cI miei primi 50 anni in console\u201d, sar\u00e0 un viaggio attraverso le sonorit\u00e0 e le esperienze che hanno segnato la lunga carriera dell\u2019artista, punto di riferimento per diverse generazioni di appassionati. Ospite speciale dell\u2019evento sar\u00e0 proprio Marco Ossanna, protagonista di una carriera costruita tra club, eventi e serate indimenticabili. L\u2019appuntamento \u00e8 allo Chalet 70, in Piazzale Nevegal 210. Per informazioni e prenotazioni \u00e8 disponibile il numero 328 329 8768. Una festa imperdibile per gli amanti della musica.<\/p>\n<p><strong>LO SPOT ALLA RADIO<\/strong><\/p>\n<audio class=\"wp-audio-shortcode\" id=\"audio-501007-6\" preload=\"none\" style=\"width: 100%;\" controls=\"controls\"><source type=\"audio\/mpeg\" src=\"https:\/\/www.radiopiu.net\/wordpress\/wp-content\/uploads\/2026\/03\/chalet-70.mp3?_=6\" \/><a href=\"https:\/\/www.radiopiu.net\/wordpress\/wp-content\/uploads\/2026\/03\/chalet-70.mp3\">https:\/\/www.radiopiu.net\/wordpress\/wp-content\/uploads\/2026\/03\/chalet-70.mp3<\/a><\/audio>\n<p>&nbsp;<\/p>\n<hr \/>\n<p>&nbsp;<\/p>\n<blockquote>\n<h3 style=\"text-align: center;\">SAVE THE DATE: MUSICA E OSPITI D\u2019ECCEZIONE AL RIFUGIO LARESEI<\/h3>\n<\/blockquote>\n<p><strong><a class=\"dt-pswp-item\" href=\"https:\/\/www.radiopiu.net\/wordpress\/wp-content\/uploads\/2026\/03\/521cd068-a2ac-47be-8a3b-f1488d1c7c13.jpg\" data-dt-img-description=\"\" data-large_image_width=\"513\" data-large_image_height=\"640\"><img loading=\"lazy\" decoding=\"async\" class=\"aligncenter size-medium wp-image-500078\" src=\"https:\/\/www.radiopiu.net\/wordpress\/wp-content\/uploads\/2026\/03\/521cd068-a2ac-47be-8a3b-f1488d1c7c13-240x300.jpg\" alt=\"\" width=\"240\" height=\"300\" srcset=\"https:\/\/www.radiopiu.net\/wordpress\/wp-content\/uploads\/2026\/03\/521cd068-a2ac-47be-8a3b-f1488d1c7c13-240x300.jpg 240w, https:\/\/www.radiopiu.net\/wordpress\/wp-content\/uploads\/2026\/03\/521cd068-a2ac-47be-8a3b-f1488d1c7c13.jpg 513w\" sizes=\"auto, (max-width: 240px) 100vw, 240px\" \/><\/a>\u00a0<\/strong><\/p>\n<p><strong>FALCADE<\/strong> Luned\u00ec 6 aprile dalle 10.30 il Rifugio Laresei di Falcade ospiter\u00e0 \u201cSave the Date \u2013 Unstoppable Festival\u201d, evento che promette energia, musica e divertimento nel cuore delle Dolomiti Bellunesi. Protagonisti della giornata saranno special guest di primo piano: Prezioso, storico volto di Radio Deejay e Radio m2o, Walter Pizzulli e Marco Melandri, pronti ad animare il pubblico con performance coinvolgenti. Alla consolle anche i resident dj Morgan e Battaglia, che accompagneranno la festa in un\u2019atmosfera tutta da vivere. L\u2019iniziativa unisce musica, sport e promozione della montagna. In caso di maltempo l\u2019evento sar\u00e0 cancellato. L\u2019appuntamento si preannuncia come uno dei momenti clou del fine stagione invernale a Falcade.<\/p>\n\n\t\t\t<style type='text\/css'>\n\t\t\t\t#gallery-3 {\n\t\t\t\t\tmargin: auto;\n\t\t\t\t}\n\t\t\t\t#gallery-3 .gallery-item {\n\t\t\t\t\tfloat: left;\n\t\t\t\t\tmargin-top: 10px;\n\t\t\t\t\ttext-align: center;\n\t\t\t\t\twidth: 25%;\n\t\t\t\t}\n\t\t\t\t#gallery-3 img {\n\t\t\t\t\tborder: 2px solid #cfcfcf;\n\t\t\t\t}\n\t\t\t\t#gallery-3 .gallery-caption {\n\t\t\t\t\tmargin-left: 0;\n\t\t\t\t}\n\t\t\t\t\/* see gallery_shortcode() in wp-includes\/media.php *\/\n\t\t\t<\/style>\n\t\t<div id='gallery-3' class='dt-gallery-container gallery galleryid-501007 gallery-columns-4 gallery-size-medium'><dl class='gallery-item'>\n\t\t\t\t<dt class='gallery-icon portrait'>\n\t\t\t\t\t<a class=\"rollover\" href='https:\/\/www.radiopiu.net\/wordpress\/save-the-date-musica-e-ospiti-deccezione-al-rifugio-laresei\/0a293717-7580-42db-9140-07e13797c2e3\/'><img loading=\"lazy\" decoding=\"async\" width=\"240\" height=\"300\" src=\"https:\/\/www.radiopiu.net\/wordpress\/wp-content\/uploads\/2026\/03\/0a293717-7580-42db-9140-07e13797c2e3-240x300.jpg\" class=\"attachment-medium size-medium\" alt=\"\" srcset=\"https:\/\/www.radiopiu.net\/wordpress\/wp-content\/uploads\/2026\/03\/0a293717-7580-42db-9140-07e13797c2e3-240x300.jpg 240w, https:\/\/www.radiopiu.net\/wordpress\/wp-content\/uploads\/2026\/03\/0a293717-7580-42db-9140-07e13797c2e3-819x1024.jpg 819w, https:\/\/www.radiopiu.net\/wordpress\/wp-content\/uploads\/2026\/03\/0a293717-7580-42db-9140-07e13797c2e3-768x960.jpg 768w, https:\/\/www.radiopiu.net\/wordpress\/wp-content\/uploads\/2026\/03\/0a293717-7580-42db-9140-07e13797c2e3.jpg 1080w\" sizes=\"auto, (max-width: 240px) 100vw, 240px\" \/><\/a>\n\t\t\t\t<\/dt><\/dl><dl class='gallery-item'>\n\t\t\t\t<dt class='gallery-icon portrait'>\n\t\t\t\t\t<a class=\"rollover\" href='https:\/\/www.radiopiu.net\/wordpress\/save-the-date-musica-e-ospiti-deccezione-al-rifugio-laresei\/4b7ad474-1c5a-49f0-8045-ee37f2b03787\/'><img loading=\"lazy\" decoding=\"async\" width=\"240\" height=\"300\" src=\"https:\/\/www.radiopiu.net\/wordpress\/wp-content\/uploads\/2026\/03\/4b7ad474-1c5a-49f0-8045-ee37f2b03787-240x300.jpg\" class=\"attachment-medium size-medium\" alt=\"\" srcset=\"https:\/\/www.radiopiu.net\/wordpress\/wp-content\/uploads\/2026\/03\/4b7ad474-1c5a-49f0-8045-ee37f2b03787-240x300.jpg 240w, https:\/\/www.radiopiu.net\/wordpress\/wp-content\/uploads\/2026\/03\/4b7ad474-1c5a-49f0-8045-ee37f2b03787-819x1024.jpg 819w, https:\/\/www.radiopiu.net\/wordpress\/wp-content\/uploads\/2026\/03\/4b7ad474-1c5a-49f0-8045-ee37f2b03787-768x960.jpg 768w, https:\/\/www.radiopiu.net\/wordpress\/wp-content\/uploads\/2026\/03\/4b7ad474-1c5a-49f0-8045-ee37f2b03787.jpg 1080w\" sizes=\"auto, (max-width: 240px) 100vw, 240px\" \/><\/a>\n\t\t\t\t<\/dt><\/dl><dl class='gallery-item'>\n\t\t\t\t<dt class='gallery-icon portrait'>\n\t\t\t\t\t<a class=\"rollover\" href='https:\/\/www.radiopiu.net\/wordpress\/save-the-date-musica-e-ospiti-deccezione-al-rifugio-laresei\/6e8a3e61-45a7-4fad-8148-a84b0950b861\/'><img loading=\"lazy\" decoding=\"async\" width=\"240\" height=\"300\" src=\"https:\/\/www.radiopiu.net\/wordpress\/wp-content\/uploads\/2026\/03\/6e8a3e61-45a7-4fad-8148-a84b0950b861-240x300.jpg\" class=\"attachment-medium size-medium\" alt=\"\" srcset=\"https:\/\/www.radiopiu.net\/wordpress\/wp-content\/uploads\/2026\/03\/6e8a3e61-45a7-4fad-8148-a84b0950b861-240x300.jpg 240w, https:\/\/www.radiopiu.net\/wordpress\/wp-content\/uploads\/2026\/03\/6e8a3e61-45a7-4fad-8148-a84b0950b861-819x1024.jpg 819w, https:\/\/www.radiopiu.net\/wordpress\/wp-content\/uploads\/2026\/03\/6e8a3e61-45a7-4fad-8148-a84b0950b861-768x960.jpg 768w, https:\/\/www.radiopiu.net\/wordpress\/wp-content\/uploads\/2026\/03\/6e8a3e61-45a7-4fad-8148-a84b0950b861.jpg 1080w\" sizes=\"auto, (max-width: 240px) 100vw, 240px\" \/><\/a>\n\t\t\t\t<\/dt><\/dl><dl class='gallery-item'>\n\t\t\t\t<dt class='gallery-icon portrait'>\n\t\t\t\t\t<a class=\"rollover\" href='https:\/\/www.radiopiu.net\/wordpress\/save-the-date-musica-e-ospiti-deccezione-al-rifugio-laresei\/117e1797-e85b-4f6a-a904-ebf5315c0332\/'><img loading=\"lazy\" decoding=\"async\" width=\"240\" height=\"300\" src=\"https:\/\/www.radiopiu.net\/wordpress\/wp-content\/uploads\/2026\/03\/117e1797-e85b-4f6a-a904-ebf5315c0332-240x300.jpg\" class=\"attachment-medium size-medium\" alt=\"\" srcset=\"https:\/\/www.radiopiu.net\/wordpress\/wp-content\/uploads\/2026\/03\/117e1797-e85b-4f6a-a904-ebf5315c0332-240x300.jpg 240w, https:\/\/www.radiopiu.net\/wordpress\/wp-content\/uploads\/2026\/03\/117e1797-e85b-4f6a-a904-ebf5315c0332-819x1024.jpg 819w, https:\/\/www.radiopiu.net\/wordpress\/wp-content\/uploads\/2026\/03\/117e1797-e85b-4f6a-a904-ebf5315c0332-768x960.jpg 768w, https:\/\/www.radiopiu.net\/wordpress\/wp-content\/uploads\/2026\/03\/117e1797-e85b-4f6a-a904-ebf5315c0332.jpg 1080w\" sizes=\"auto, (max-width: 240px) 100vw, 240px\" \/><\/a>\n\t\t\t\t<\/dt><\/dl><br style=\"clear: both\" \/>\n\t\t\t<\/div>\n\n<p>&nbsp;<\/p>\n<p>&nbsp;<\/p>\n<p>&nbsp;<\/p>\n<hr \/>\n<p>&nbsp;<\/p>\n<h1 style=\"text-align: center;\"><span style=\"color: #ff6600;\">IERI ALLA RADIO<\/span><\/h1>\n<blockquote>\n<h2 style=\"text-align: center;\"><span style=\"color: #ff00ff;\">OGGI COME IERI, QUARTO ANNO. CON SILVIA BALDO<\/span><\/h2>\n<\/blockquote>\n<p><strong><a class=\"dt-pswp-item\" href=\"https:\/\/www.radiopiu.net\/wordpress\/wp-content\/uploads\/2026\/03\/SANDRA-MILO.jpg\" data-dt-img-description=\"\" data-large_image_width=\"960\" data-large_image_height=\"540\"><img loading=\"lazy\" decoding=\"async\" class=\"wp-image-501140 aligncenter\" src=\"https:\/\/www.radiopiu.net\/wordpress\/wp-content\/uploads\/2026\/03\/SANDRA-MILO-300x169.jpg\" alt=\"\" width=\"258\" height=\"145\" srcset=\"https:\/\/www.radiopiu.net\/wordpress\/wp-content\/uploads\/2026\/03\/SANDRA-MILO-300x169.jpg 300w, https:\/\/www.radiopiu.net\/wordpress\/wp-content\/uploads\/2026\/03\/SANDRA-MILO-768x432.jpg 768w, https:\/\/www.radiopiu.net\/wordpress\/wp-content\/uploads\/2026\/03\/SANDRA-MILO.jpg 960w\" sizes=\"auto, (max-width: 258px) 100vw, 258px\" \/><\/a><\/strong><\/p>\n<p><strong>11 MARZO<\/strong><\/p>\n<audio class=\"wp-audio-shortcode\" id=\"audio-501007-7\" preload=\"none\" style=\"width: 100%;\" controls=\"controls\"><source type=\"audio\/mpeg\" src=\"https:\/\/www.radiopiu.net\/wordpress\/wp-content\/uploads\/2026\/03\/SIBI3-1.mp3?_=7\" \/><a href=\"https:\/\/www.radiopiu.net\/wordpress\/wp-content\/uploads\/2026\/03\/SIBI3-1.mp3\">https:\/\/www.radiopiu.net\/wordpress\/wp-content\/uploads\/2026\/03\/SIBI3-1.mp3<\/a><\/audio>\n<p>&nbsp;<\/p>\n<h2><strong>LA RACCOLTA COMPLETA <a href=\"https:\/\/www.radiopiu.net\/wordpress\/quartoanno09mar\/\"><span style=\"color: #0000ff;\">CLICCA QUI<\/span><\/a><\/strong><\/h2>\n<p>&nbsp;<\/p>\n<hr \/>\n<p>&nbsp;<\/p>\n<h2 style=\"text-align: center;\"><span style=\"color: #ff99cc;\">LIBER&#8230; SULLE ORME DI LIANA CAVALLET<\/span><\/h2>\n<p><span style=\"color: #ff0000;\"><strong><a class=\"dt-pswp-item\" href=\"https:\/\/www.radiopiu.net\/wordpress\/wp-content\/uploads\/2026\/03\/715iHDzMNCL._AC_UF10001000_QL80_.jpg\" data-dt-img-description=\"\" data-large_image_width=\"667\" data-large_image_height=\"1000\"><img loading=\"lazy\" decoding=\"async\" class=\" wp-image-501153 alignleft\" src=\"https:\/\/www.radiopiu.net\/wordpress\/wp-content\/uploads\/2026\/03\/715iHDzMNCL._AC_UF10001000_QL80_-200x300.jpg\" alt=\"\" width=\"105\" height=\"158\" srcset=\"https:\/\/www.radiopiu.net\/wordpress\/wp-content\/uploads\/2026\/03\/715iHDzMNCL._AC_UF10001000_QL80_-200x300.jpg 200w, https:\/\/www.radiopiu.net\/wordpress\/wp-content\/uploads\/2026\/03\/715iHDzMNCL._AC_UF10001000_QL80_.jpg 667w\" sizes=\"auto, (max-width: 105px) 100vw, 105px\" \/><\/a>PUNTATA 24 Giovanni Soppelsa recensisce &#8220;Nel Nome Del Figlio Hamnet&#8221; di Maggie O&#8217;Farrell<\/strong><\/span><\/p>\n<audio class=\"wp-audio-shortcode\" id=\"audio-501007-8\" preload=\"none\" style=\"width: 100%;\" controls=\"controls\"><source type=\"audio\/mpeg\" src=\"https:\/\/www.radiopiu.net\/wordpress\/wp-content\/uploads\/2026\/03\/LIANA-1.mp3?_=8\" \/><a href=\"https:\/\/www.radiopiu.net\/wordpress\/wp-content\/uploads\/2026\/03\/LIANA-1.mp3\">https:\/\/www.radiopiu.net\/wordpress\/wp-content\/uploads\/2026\/03\/LIANA-1.mp3<\/a><\/audio>\n<p>&nbsp;<\/p>\n<h2><strong>LA RACCOLTA COMPLETA <a href=\"https:\/\/www.radiopiu.net\/wordpress\/liber2025\/\"><span style=\"color: #3366ff;\">CLICCA QUI<\/span><\/a><\/strong><\/h2>\n<p>&nbsp;<\/p>\n<hr \/>\n<p>&nbsp;<\/p>\n<h2 style=\"text-align: center;\"><span style=\"color: #cc99ff;\">SE NON LA SMETTI TI MANDO DAL PRESIDE<\/span><\/h2>\n<p><strong><a class=\"dt-pswp-item\" href=\"https:\/\/www.radiopiu.net\/wordpress\/wp-content\/uploads\/2025\/07\/primo-piano-gli-studenti-che-scrivono-e-leggono-gli-fogli-di-risposta-degli-esami-di-esercitazione-in-aula-della-scuola-con-lo-stress_73622-858-300x200-1.jpg\" data-dt-img-description=\"\" data-large_image_width=\"300\" data-large_image_height=\"200\"><img loading=\"lazy\" decoding=\"async\" class=\"aligncenter size-full wp-image-458570\" src=\"https:\/\/www.radiopiu.net\/wordpress\/wp-content\/uploads\/2025\/07\/primo-piano-gli-studenti-che-scrivono-e-leggono-gli-fogli-di-risposta-degli-esami-di-esercitazione-in-aula-della-scuola-con-lo-stress_73622-858-300x200-1.jpg\" alt=\"\" width=\"300\" height=\"200\" \/><\/a>\u00a0<\/strong><\/p>\n<p><strong>DI MIRKO MEZZACASA<\/strong><\/p>\n<p>CON LA PROF. MARIA ROSA SALMAZO<\/p>\n<p><strong>PUNTATA DEL 11 MARZO 2026<\/strong><\/p>\n<audio class=\"wp-audio-shortcode\" id=\"audio-501007-9\" preload=\"none\" style=\"width: 100%;\" controls=\"controls\"><source type=\"audio\/mpeg\" src=\"https:\/\/www.radiopiu.net\/wordpress\/wp-content\/uploads\/2026\/03\/PRESIDE-1.mp3?_=9\" \/><a href=\"https:\/\/www.radiopiu.net\/wordpress\/wp-content\/uploads\/2026\/03\/PRESIDE-1.mp3\">https:\/\/www.radiopiu.net\/wordpress\/wp-content\/uploads\/2026\/03\/PRESIDE-1.mp3<\/a><\/audio>\n<p>&nbsp;<\/p>\n<hr \/>\n<p>&nbsp;<\/p>\n<h2 style=\"text-align: center;\"><span style=\"color: #33cccc;\">AMAZING CALENDAR, CON MICHELA E MARINA<\/span><\/h2>\n<p><span style=\"color: #0000ff;\"><strong><a class=\"dt-pswp-item\" href=\"https:\/\/www.radiopiu.net\/wordpress\/wp-content\/uploads\/2025\/01\/CROCERA.jpg\" data-dt-img-description=\"\" data-large_image_width=\"1280\" data-large_image_height=\"852\"><img loading=\"lazy\" decoding=\"async\" class=\" wp-image-433219 alignleft\" src=\"https:\/\/www.radiopiu.net\/wordpress\/wp-content\/uploads\/2025\/01\/CROCERA-300x200.jpg\" alt=\"\" width=\"152\" height=\"101\" srcset=\"https:\/\/www.radiopiu.net\/wordpress\/wp-content\/uploads\/2025\/01\/CROCERA-300x200.jpg 300w, https:\/\/www.radiopiu.net\/wordpress\/wp-content\/uploads\/2025\/01\/CROCERA-1024x682.jpg 1024w, https:\/\/www.radiopiu.net\/wordpress\/wp-content\/uploads\/2025\/01\/CROCERA-768x511.jpg 768w, https:\/\/www.radiopiu.net\/wordpress\/wp-content\/uploads\/2025\/01\/CROCERA.jpg 1280w\" sizes=\"auto, (max-width: 152px) 100vw, 152px\" \/><\/a>34a PUNTATA &#8211; PARTE UNO<\/strong><\/span><\/p>\n<audio class=\"wp-audio-shortcode\" id=\"audio-501007-10\" preload=\"none\" style=\"width: 100%;\" controls=\"controls\"><source type=\"audio\/mpeg\" src=\"https:\/\/www.radiopiu.net\/wordpress\/wp-content\/uploads\/2026\/02\/AMAZING-CALENDAR-33-PUNTATA-1.mp3?_=10\" \/><a href=\"https:\/\/www.radiopiu.net\/wordpress\/wp-content\/uploads\/2026\/02\/AMAZING-CALENDAR-33-PUNTATA-1.mp3\">https:\/\/www.radiopiu.net\/wordpress\/wp-content\/uploads\/2026\/02\/AMAZING-CALENDAR-33-PUNTATA-1.mp3<\/a><\/audio>\n<p><span style=\"color: #0000ff;\">\u00a0<\/span><\/p>\n<p><span style=\"color: #0000ff;\"><strong>PARTE DUE<\/strong><\/span><\/p>\n<audio class=\"wp-audio-shortcode\" id=\"audio-501007-11\" preload=\"none\" style=\"width: 100%;\" controls=\"controls\"><source type=\"audio\/mpeg\" src=\"https:\/\/www.radiopiu.net\/wordpress\/wp-content\/uploads\/2026\/02\/AMAZING-CALENDAR-33-PUNTATA-2.mp3?_=11\" \/><a href=\"https:\/\/www.radiopiu.net\/wordpress\/wp-content\/uploads\/2026\/02\/AMAZING-CALENDAR-33-PUNTATA-2.mp3\">https:\/\/www.radiopiu.net\/wordpress\/wp-content\/uploads\/2026\/02\/AMAZING-CALENDAR-33-PUNTATA-2.mp3<\/a><\/audio>\n<p><span style=\"color: #0000ff;\">\u00a0<\/span><\/p>\n<p><span style=\"color: #0000ff;\"><strong>PARTE TRE<\/strong><\/span><\/p>\n<audio class=\"wp-audio-shortcode\" id=\"audio-501007-12\" preload=\"none\" style=\"width: 100%;\" controls=\"controls\"><source type=\"audio\/mpeg\" src=\"https:\/\/www.radiopiu.net\/wordpress\/wp-content\/uploads\/2026\/02\/AMAZING-CALENDAR-33-PUNTATA-3.mp3?_=12\" \/><a href=\"https:\/\/www.radiopiu.net\/wordpress\/wp-content\/uploads\/2026\/02\/AMAZING-CALENDAR-33-PUNTATA-3.mp3\">https:\/\/www.radiopiu.net\/wordpress\/wp-content\/uploads\/2026\/02\/AMAZING-CALENDAR-33-PUNTATA-3.mp3<\/a><\/audio>\n<p><span style=\"color: #0000ff;\">\u00a0\u00a0<\/span><\/p>\n<h2><strong>LA RACCOLTA COMPLETA <a href=\"https:\/\/www.radiopiu.net\/wordpress\/amazing-calendar-con-michela-e-marina-la-raccolta\/\"><span style=\"color: #3366ff;\">CLICCA QUI<\/span><\/a><\/strong><\/h2>\n<p>&nbsp;<\/p>\n<hr \/>\n<p>&nbsp;<\/p>\n<h2 style=\"text-align: center;\"><span style=\"color: #ffcc00;\">LA PRIMA EDIZIONE DELLA CIVETTA A TOLECH<\/span><\/h2>\n<p><strong><a class=\"dt-pswp-item\" href=\"https:\/\/www.radiopiu.net\/wordpress\/wp-content\/uploads\/2026\/03\/49097471-ac9e-4109-965b-9a41e30134ae.jpg\" data-dt-img-description=\"\" data-large_image_width=\"1179\" data-large_image_height=\"758\"><img loading=\"lazy\" decoding=\"async\" class=\"aligncenter size-medium wp-image-500967\" src=\"https:\/\/www.radiopiu.net\/wordpress\/wp-content\/uploads\/2026\/03\/49097471-ac9e-4109-965b-9a41e30134ae-300x193.jpg\" alt=\"\" width=\"300\" height=\"193\" srcset=\"https:\/\/www.radiopiu.net\/wordpress\/wp-content\/uploads\/2026\/03\/49097471-ac9e-4109-965b-9a41e30134ae-300x193.jpg 300w, https:\/\/www.radiopiu.net\/wordpress\/wp-content\/uploads\/2026\/03\/49097471-ac9e-4109-965b-9a41e30134ae-1024x658.jpg 1024w, https:\/\/www.radiopiu.net\/wordpress\/wp-content\/uploads\/2026\/03\/49097471-ac9e-4109-965b-9a41e30134ae-768x494.jpg 768w, https:\/\/www.radiopiu.net\/wordpress\/wp-content\/uploads\/2026\/03\/49097471-ac9e-4109-965b-9a41e30134ae.jpg 1179w\" sizes=\"auto, (max-width: 300px) 100vw, 300px\" \/><\/a>\u00a0<\/strong><\/p>\n<p><strong>DI MIRKO MEZZACASA<\/strong><\/p>\n<p>OSPITE: Lorenzo Bogo<\/p>\n<audio class=\"wp-audio-shortcode\" id=\"audio-501007-13\" preload=\"none\" style=\"width: 100%;\" controls=\"controls\"><source type=\"audio\/mpeg\" src=\"https:\/\/www.radiopiu.net\/wordpress\/wp-content\/uploads\/2026\/03\/LORENZO-BOGO-VAL-DI-ZOLDO.mp3?_=13\" \/><a href=\"https:\/\/www.radiopiu.net\/wordpress\/wp-content\/uploads\/2026\/03\/LORENZO-BOGO-VAL-DI-ZOLDO.mp3\">https:\/\/www.radiopiu.net\/wordpress\/wp-content\/uploads\/2026\/03\/LORENZO-BOGO-VAL-DI-ZOLDO.mp3<\/a><\/audio>\n<p>&nbsp;<\/p>\n<hr \/>\n<p>&nbsp;<\/p>\n<blockquote class=\"wp-embedded-content\" data-secret=\"ZjvWhv1hsF\"><p><a href=\"https:\/\/www.radiopiu.net\/wordpress\/curiosando-il-programmaa\/\">CURIOSANDO&#8230; IL PROGRAMMA DI PAOLA LANCIATO<\/a><\/p><\/blockquote>\n<p><iframe loading=\"lazy\" class=\"wp-embedded-content\" sandbox=\"allow-scripts\" security=\"restricted\" style=\"position: absolute; visibility: hidden;\" title=\"&#8220;CURIOSANDO&#8230; IL PROGRAMMA DI PAOLA LANCIATO&#8221; &#8212; Radio Pi\u00f9\" src=\"https:\/\/www.radiopiu.net\/wordpress\/curiosando-il-programmaa\/embed\/#?secret=CHxETkg8lo#?secret=ZjvWhv1hsF\" data-secret=\"ZjvWhv1hsF\" width=\"600\" height=\"338\" frameborder=\"0\" marginwidth=\"0\" marginheight=\"0\" scrolling=\"no\"><\/iframe><\/p>\n<p>&nbsp;<\/p>\n<hr \/>\n<p>&nbsp;<\/p>\n<blockquote class=\"wp-embedded-content\" data-secret=\"jcCF9KC2OX\"><p><a href=\"https:\/\/www.radiopiu.net\/wordpress\/cortinacomeolimpia28\/\">CORTINA COME OLIMPIA &#8211; LO SPORT PRENDE VOCE- PROGETTO TRE RADIO<\/a><\/p><\/blockquote>\n<p><iframe loading=\"lazy\" class=\"wp-embedded-content\" sandbox=\"allow-scripts\" security=\"restricted\" style=\"position: absolute; visibility: hidden;\" title=\"&#8220;CORTINA COME OLIMPIA &#8211; LO SPORT PRENDE VOCE- PROGETTO TRE RADIO&#8221; &#8212; Radio Pi\u00f9\" src=\"https:\/\/www.radiopiu.net\/wordpress\/cortinacomeolimpia28\/embed\/#?secret=filf6nZcyg#?secret=jcCF9KC2OX\" data-secret=\"jcCF9KC2OX\" width=\"600\" height=\"338\" frameborder=\"0\" marginwidth=\"0\" marginheight=\"0\" scrolling=\"no\"><\/iframe><\/p>\n<p>&nbsp;<\/p>\n<hr \/>\n<p>&nbsp;<\/p>\n<blockquote>\n<h2 style=\"text-align: center;\"><span style=\"color: #33cccc;\">LE BOLLICINE VI ASPETTANO DA DOLOMITI BEER &amp; WINE SHOP A SEDICO<\/span><\/h2>\n<\/blockquote>\n<p><strong><a class=\"dt-pswp-item\" href=\"https:\/\/www.radiopiu.net\/wordpress\/wp-content\/uploads\/2026\/03\/vini.jpg\" data-dt-img-description=\"\" data-large_image_width=\"1455\" data-large_image_height=\"1455\"><img loading=\"lazy\" decoding=\"async\" class=\"aligncenter size-medium wp-image-500972\" src=\"https:\/\/www.radiopiu.net\/wordpress\/wp-content\/uploads\/2026\/03\/vini-300x300.jpg\" alt=\"\" width=\"300\" height=\"300\" srcset=\"https:\/\/www.radiopiu.net\/wordpress\/wp-content\/uploads\/2026\/03\/vini-300x300.jpg 300w, https:\/\/www.radiopiu.net\/wordpress\/wp-content\/uploads\/2026\/03\/vini-1024x1024.jpg 1024w, https:\/\/www.radiopiu.net\/wordpress\/wp-content\/uploads\/2026\/03\/vini-150x150.jpg 150w, https:\/\/www.radiopiu.net\/wordpress\/wp-content\/uploads\/2026\/03\/vini-768x768.jpg 768w, https:\/\/www.radiopiu.net\/wordpress\/wp-content\/uploads\/2026\/03\/vini.jpg 1455w\" sizes=\"auto, (max-width: 300px) 100vw, 300px\" \/><\/a>\u00a0<\/strong><\/p>\n<p><strong>SEDICO<\/strong> Si brinda al Dolomiti Beer &amp; Wine Shop di Sedico. Oggi degustazione speciale dedicata alle bollicine: metodo ancestrale. Lo staff vi aspetta dalle 17 alle 19.<\/p>\n<p><strong>L&#8217;INVITO DI VALENTINA<\/strong><\/p>\n<audio class=\"wp-audio-shortcode\" id=\"audio-501007-14\" preload=\"none\" style=\"width: 100%;\" controls=\"controls\"><source type=\"audio\/mpeg\" src=\"https:\/\/www.radiopiu.net\/wordpress\/wp-content\/uploads\/2026\/03\/12-mar.mp3?_=14\" \/><a href=\"https:\/\/www.radiopiu.net\/wordpress\/wp-content\/uploads\/2026\/03\/12-mar.mp3\">https:\/\/www.radiopiu.net\/wordpress\/wp-content\/uploads\/2026\/03\/12-mar.mp3<\/a><\/audio>\n<p>&nbsp;<\/p>\n<hr \/>\n<p>&nbsp;<\/p>\n<p><span style=\"color: #ff0000;\"><img loading=\"lazy\" decoding=\"async\" class=\"wp-image-61958 size-full aligncenter\" src=\"https:\/\/www.radiopiu.net\/wordpress\/wp-content\/uploads\/2018\/09\/appuntamenti.jpeg\" alt=\"\" width=\"800\" height=\"100\" srcset=\"https:\/\/www.radiopiu.net\/wordpress\/wp-content\/uploads\/2018\/09\/appuntamenti.jpeg 800w, https:\/\/www.radiopiu.net\/wordpress\/wp-content\/uploads\/2018\/09\/appuntamenti-300x38.jpeg 300w, https:\/\/www.radiopiu.net\/wordpress\/wp-content\/uploads\/2018\/09\/appuntamenti-768x96.jpeg 768w\" sizes=\"auto, (max-width: 800px) 100vw, 800px\" \/><\/span><\/p>\n<p>&nbsp;<\/p>\n\n\t\t\t<style type='text\/css'>\n\t\t\t\t#gallery-4 {\n\t\t\t\t\tmargin: auto;\n\t\t\t\t}\n\t\t\t\t#gallery-4 .gallery-item {\n\t\t\t\t\tfloat: left;\n\t\t\t\t\tmargin-top: 10px;\n\t\t\t\t\ttext-align: center;\n\t\t\t\t\twidth: 20%;\n\t\t\t\t}\n\t\t\t\t#gallery-4 img {\n\t\t\t\t\tborder: 2px solid #cfcfcf;\n\t\t\t\t}\n\t\t\t\t#gallery-4 .gallery-caption {\n\t\t\t\t\tmargin-left: 0;\n\t\t\t\t}\n\t\t\t\t\/* see gallery_shortcode() in wp-includes\/media.php *\/\n\t\t\t<\/style>\n\t\t<div id='gallery-4' class='dt-gallery-container gallery galleryid-501007 gallery-columns-5 gallery-size-thumbnail'><dl class='gallery-item'>\n\t\t\t\t<dt class='gallery-icon portrait'>\n\t\t\t\t\t<a class=\"rollover rollover-zoom dt-pswp-item\" title=\"4e967043-c873-4f5f-b1c6-d5dbc3a0bb33\" data-dt-img-description=\"\" data-large_image_width=\"1414\" data-large_image_height=\"2000\"href='https:\/\/www.radiopiu.net\/wordpress\/wp-content\/uploads\/2026\/01\/4e967043-c873-4f5f-b1c6-d5dbc3a0bb33.jpg'><img loading=\"lazy\" decoding=\"async\" width=\"150\" height=\"150\" src=\"https:\/\/www.radiopiu.net\/wordpress\/wp-content\/uploads\/2026\/01\/4e967043-c873-4f5f-b1c6-d5dbc3a0bb33-150x150.jpg\" class=\"attachment-thumbnail size-thumbnail\" alt=\"\" \/><\/a>\n\t\t\t\t<\/dt><\/dl><dl class='gallery-item'>\n\t\t\t\t<dt class='gallery-icon portrait'>\n\t\t\t\t\t<a class=\"rollover rollover-zoom dt-pswp-item\" title=\"rEsistere 1\" data-dt-img-description=\"\" data-large_image_width=\"1587\" data-large_image_height=\"2245\"href='https:\/\/www.radiopiu.net\/wordpress\/wp-content\/uploads\/2026\/02\/rEsistere-1.jpg'><img loading=\"lazy\" decoding=\"async\" width=\"150\" height=\"150\" src=\"https:\/\/www.radiopiu.net\/wordpress\/wp-content\/uploads\/2026\/02\/rEsistere-1-150x150.jpg\" class=\"attachment-thumbnail size-thumbnail\" alt=\"\" \/><\/a>\n\t\t\t\t<\/dt><\/dl><dl class='gallery-item'>\n\t\t\t\t<dt class='gallery-icon portrait'>\n\t\t\t\t\t<a class=\"rollover rollover-zoom dt-pswp-item\" title=\"Grandiosamente locandina 2026\" data-dt-img-description=\"\" data-large_image_width=\"1240\" data-large_image_height=\"1754\"href='https:\/\/www.radiopiu.net\/wordpress\/wp-content\/uploads\/2026\/03\/Grandiosamente-locandina-2026.jpg'><img loading=\"lazy\" decoding=\"async\" width=\"150\" height=\"150\" src=\"https:\/\/www.radiopiu.net\/wordpress\/wp-content\/uploads\/2026\/03\/Grandiosamente-locandina-2026-150x150.jpg\" class=\"attachment-thumbnail size-thumbnail\" alt=\"\" \/><\/a>\n\t\t\t\t<\/dt><\/dl><dl class='gallery-item'>\n\t\t\t\t<dt class='gallery-icon portrait'>\n\t\t\t\t\t<a class=\"rollover rollover-zoom dt-pswp-item\" title=\"Stefano Dal Molin locandina marzo 2026 Si e\u0300 alzato il vento\" data-dt-img-description=\"\" data-large_image_width=\"1296\" data-large_image_height=\"1727\"href='https:\/\/www.radiopiu.net\/wordpress\/wp-content\/uploads\/2026\/03\/Stefano-Dal-Molin-locandina-marzo-2026-Si-e-alzato-il-vento.jpg'><img loading=\"lazy\" decoding=\"async\" width=\"150\" height=\"150\" src=\"https:\/\/www.radiopiu.net\/wordpress\/wp-content\/uploads\/2026\/03\/Stefano-Dal-Molin-locandina-marzo-2026-Si-e-alzato-il-vento-150x150.jpg\" class=\"attachment-thumbnail size-thumbnail\" alt=\"\" \/><\/a>\n\t\t\t\t<\/dt><\/dl><dl class='gallery-item'>\n\t\t\t\t<dt class='gallery-icon portrait'>\n\t\t\t\t\t<a class=\"rollover rollover-zoom dt-pswp-item\" title=\"5816eae8-7f78-4d14-8f12-dcf2637d91c8\" data-dt-img-description=\"\" data-large_image_width=\"1546\" data-large_image_height=\"2048\"href='https:\/\/www.radiopiu.net\/wordpress\/wp-content\/uploads\/2026\/03\/5816eae8-7f78-4d14-8f12-dcf2637d91c8.jpg'><img loading=\"lazy\" decoding=\"async\" width=\"150\" height=\"150\" src=\"https:\/\/www.radiopiu.net\/wordpress\/wp-content\/uploads\/2026\/03\/5816eae8-7f78-4d14-8f12-dcf2637d91c8-150x150.jpg\" class=\"attachment-thumbnail size-thumbnail\" alt=\"\" \/><\/a>\n\t\t\t\t<\/dt><\/dl><br style=\"clear: both\" \/><dl class='gallery-item'>\n\t\t\t\t<dt class='gallery-icon portrait'>\n\t\t\t\t\t<a class=\"rollover rollover-zoom dt-pswp-item\" title=\"21b9b82e-7279-46d1-abec-8ddc7ac70a2d\" data-dt-img-description=\"\" data-large_image_width=\"1179\" data-large_image_height=\"1478\"href='https:\/\/www.radiopiu.net\/wordpress\/wp-content\/uploads\/2026\/03\/21b9b82e-7279-46d1-abec-8ddc7ac70a2d.jpg'><img loading=\"lazy\" decoding=\"async\" width=\"150\" height=\"150\" src=\"https:\/\/www.radiopiu.net\/wordpress\/wp-content\/uploads\/2026\/03\/21b9b82e-7279-46d1-abec-8ddc7ac70a2d-150x150.jpg\" class=\"attachment-thumbnail size-thumbnail\" alt=\"\" \/><\/a>\n\t\t\t\t<\/dt><\/dl><dl class='gallery-item'>\n\t\t\t\t<dt class='gallery-icon portrait'>\n\t\t\t\t\t<a class=\"rollover rollover-zoom dt-pswp-item\" title=\"377f4f47-c756-49d1-9b0a-8aef51ecd524\" data-dt-img-description=\"\" data-large_image_width=\"1447\" data-large_image_height=\"2048\"href='https:\/\/www.radiopiu.net\/wordpress\/wp-content\/uploads\/2026\/03\/377f4f47-c756-49d1-9b0a-8aef51ecd524.jpg'><img loading=\"lazy\" decoding=\"async\" width=\"150\" height=\"150\" src=\"https:\/\/www.radiopiu.net\/wordpress\/wp-content\/uploads\/2026\/03\/377f4f47-c756-49d1-9b0a-8aef51ecd524-150x150.jpg\" class=\"attachment-thumbnail size-thumbnail\" alt=\"\" \/><\/a>\n\t\t\t\t<\/dt><\/dl><dl class='gallery-item'>\n\t\t\t\t<dt class='gallery-icon landscape'>\n\t\t\t\t\t<a class=\"rollover rollover-zoom dt-pswp-item\" title=\"2.baite_sito\" data-dt-img-description=\"\" data-large_image_width=\"2555\" data-large_image_height=\"1048\"href='https:\/\/www.radiopiu.net\/wordpress\/wp-content\/uploads\/2026\/03\/2.baite_sito.png'><img loading=\"lazy\" decoding=\"async\" width=\"150\" height=\"150\" src=\"https:\/\/www.radiopiu.net\/wordpress\/wp-content\/uploads\/2026\/03\/2.baite_sito-150x150.png\" class=\"attachment-thumbnail size-thumbnail\" alt=\"\" \/><\/a>\n\t\t\t\t<\/dt><\/dl><dl class='gallery-item'>\n\t\t\t\t<dt class='gallery-icon portrait'>\n\t\t\t\t\t<a class=\"rollover rollover-zoom dt-pswp-item\" title=\"SCR-20260307-kciv\" data-dt-img-description=\"\" data-large_image_width=\"1496\" data-large_image_height=\"1810\"href='https:\/\/www.radiopiu.net\/wordpress\/wp-content\/uploads\/2026\/03\/SCR-20260307-kciv.png'><img loading=\"lazy\" decoding=\"async\" width=\"150\" height=\"150\" src=\"https:\/\/www.radiopiu.net\/wordpress\/wp-content\/uploads\/2026\/03\/SCR-20260307-kciv-150x150.png\" class=\"attachment-thumbnail size-thumbnail\" alt=\"\" \/><\/a>\n\t\t\t\t<\/dt><\/dl><dl class='gallery-item'>\n\t\t\t\t<dt class='gallery-icon portrait'>\n\t\t\t\t\t<a class=\"rollover rollover-zoom dt-pswp-item\" title=\"646322451_1334817498686844_8579841250699781747_n\" data-dt-img-description=\"\" data-large_image_width=\"1240\" data-large_image_height=\"1754\"href='https:\/\/www.radiopiu.net\/wordpress\/wp-content\/uploads\/2026\/03\/646322451_1334817498686844_8579841250699781747_n.jpg'><img loading=\"lazy\" decoding=\"async\" width=\"150\" height=\"150\" src=\"https:\/\/www.radiopiu.net\/wordpress\/wp-content\/uploads\/2026\/03\/646322451_1334817498686844_8579841250699781747_n-150x150.jpg\" class=\"attachment-thumbnail size-thumbnail\" alt=\"\" \/><\/a>\n\t\t\t\t<\/dt><\/dl><br style=\"clear: both\" \/><dl class='gallery-item'>\n\t\t\t\t<dt class='gallery-icon portrait'>\n\t\t\t\t\t<a class=\"rollover rollover-zoom dt-pswp-item\" title=\"eaba0432-f993-4a2c-9e60-c03da4aed240\" data-dt-img-description=\"\" data-large_image_width=\"983\" data-large_image_height=\"1374\"href='https:\/\/www.radiopiu.net\/wordpress\/wp-content\/uploads\/2026\/03\/eaba0432-f993-4a2c-9e60-c03da4aed240.jpg'><img loading=\"lazy\" decoding=\"async\" width=\"150\" height=\"150\" src=\"https:\/\/www.radiopiu.net\/wordpress\/wp-content\/uploads\/2026\/03\/eaba0432-f993-4a2c-9e60-c03da4aed240-150x150.jpg\" class=\"attachment-thumbnail size-thumbnail\" alt=\"\" \/><\/a>\n\t\t\t\t<\/dt><\/dl><dl class='gallery-item'>\n\t\t\t\t<dt class='gallery-icon portrait'>\n\t\t\t\t\t<a class=\"rollover rollover-zoom dt-pswp-item\" title=\"586740953_1283004097175673_3623727418094522816_n\" data-dt-img-description=\"\" data-large_image_width=\"514\" data-large_image_height=\"720\"href='https:\/\/www.radiopiu.net\/wordpress\/wp-content\/uploads\/2025\/11\/586740953_1283004097175673_3623727418094522816_n.jpg'><img loading=\"lazy\" decoding=\"async\" width=\"150\" height=\"150\" src=\"https:\/\/www.radiopiu.net\/wordpress\/wp-content\/uploads\/2025\/11\/586740953_1283004097175673_3623727418094522816_n-150x150.jpg\" class=\"attachment-thumbnail size-thumbnail\" alt=\"\" \/><\/a>\n\t\t\t\t<\/dt><\/dl><dl class='gallery-item'>\n\t\t\t\t<dt class='gallery-icon portrait'>\n\t\t\t\t\t<a class=\"rollover rollover-zoom dt-pswp-item\" title=\"584332528_1279625560846860_1524691345192499574_n\" data-dt-img-description=\"\" data-large_image_width=\"417\" data-large_image_height=\"590\"href='https:\/\/www.radiopiu.net\/wordpress\/wp-content\/uploads\/2025\/11\/584332528_1279625560846860_1524691345192499574_n.jpg'><img loading=\"lazy\" decoding=\"async\" width=\"150\" height=\"150\" src=\"https:\/\/www.radiopiu.net\/wordpress\/wp-content\/uploads\/2025\/11\/584332528_1279625560846860_1524691345192499574_n-150x150.jpg\" class=\"attachment-thumbnail size-thumbnail\" alt=\"\" \/><\/a>\n\t\t\t\t<\/dt><\/dl><dl class='gallery-item'>\n\t\t\t\t<dt class='gallery-icon portrait'>\n\t\t\t\t\t<a class=\"rollover rollover-zoom dt-pswp-item\" title=\"e65e010f-2ee0-47e6-9114-dacef690c3d1\" data-dt-img-description=\"\" data-large_image_width=\"1024\" data-large_image_height=\"1280\"href='https:\/\/www.radiopiu.net\/wordpress\/wp-content\/uploads\/2026\/01\/e65e010f-2ee0-47e6-9114-dacef690c3d1.jpg'><img loading=\"lazy\" decoding=\"async\" width=\"150\" height=\"150\" src=\"https:\/\/www.radiopiu.net\/wordpress\/wp-content\/uploads\/2026\/01\/e65e010f-2ee0-47e6-9114-dacef690c3d1-150x150.jpg\" class=\"attachment-thumbnail size-thumbnail\" alt=\"\" \/><\/a>\n\t\t\t\t<\/dt><\/dl><dl class='gallery-item'>\n\t\t\t\t<dt class='gallery-icon portrait'>\n\t\t\t\t\t<a class=\"rollover rollover-zoom dt-pswp-item\" title=\"521cd068-a2ac-47be-8a3b-f1488d1c7c13\" data-dt-img-description=\"\" data-large_image_width=\"513\" data-large_image_height=\"640\"href='https:\/\/www.radiopiu.net\/wordpress\/wp-content\/uploads\/2026\/03\/521cd068-a2ac-47be-8a3b-f1488d1c7c13.jpg'><img loading=\"lazy\" decoding=\"async\" width=\"150\" height=\"150\" src=\"https:\/\/www.radiopiu.net\/wordpress\/wp-content\/uploads\/2026\/03\/521cd068-a2ac-47be-8a3b-f1488d1c7c13-150x150.jpg\" class=\"attachment-thumbnail size-thumbnail\" alt=\"\" \/><\/a>\n\t\t\t\t<\/dt><\/dl><br style=\"clear: both\" \/><dl class='gallery-item'>\n\t\t\t\t<dt class='gallery-icon portrait'>\n\t\t\t\t\t<a class=\"rollover rollover-zoom dt-pswp-item\" title=\"3c7fa214-99cc-47e4-8d26-d1df3cd8b201\" data-dt-img-description=\"\" data-large_image_width=\"1190\" data-large_image_height=\"1600\"href='https:\/\/www.radiopiu.net\/wordpress\/wp-content\/uploads\/2026\/03\/3c7fa214-99cc-47e4-8d26-d1df3cd8b201.jpg'><img loading=\"lazy\" decoding=\"async\" width=\"150\" height=\"150\" src=\"https:\/\/www.radiopiu.net\/wordpress\/wp-content\/uploads\/2026\/03\/3c7fa214-99cc-47e4-8d26-d1df3cd8b201-150x150.jpg\" class=\"attachment-thumbnail size-thumbnail\" alt=\"\" \/><\/a>\n\t\t\t\t<\/dt><\/dl><dl class='gallery-item'>\n\t\t\t\t<dt class='gallery-icon portrait'>\n\t\t\t\t\t<a class=\"rollover rollover-zoom dt-pswp-item\" title=\"ac3bec6c-9d20-4068-b6cc-fe32828b8691\" data-dt-img-description=\"\" data-large_image_width=\"939\" data-large_image_height=\"1302\"href='https:\/\/www.radiopiu.net\/wordpress\/wp-content\/uploads\/2026\/03\/ac3bec6c-9d20-4068-b6cc-fe32828b8691.jpg'><img loading=\"lazy\" decoding=\"async\" width=\"150\" height=\"150\" src=\"https:\/\/www.radiopiu.net\/wordpress\/wp-content\/uploads\/2026\/03\/ac3bec6c-9d20-4068-b6cc-fe32828b8691-150x150.jpg\" class=\"attachment-thumbnail size-thumbnail\" alt=\"\" \/><\/a>\n\t\t\t\t<\/dt><\/dl><dl class='gallery-item'>\n\t\t\t\t<dt class='gallery-icon portrait'>\n\t\t\t\t\t<a class=\"rollover rollover-zoom dt-pswp-item\" title=\"649829132_1399275798668081_1623068814339304057_n\" data-dt-img-description=\"\" data-large_image_width=\"1131\" data-large_image_height=\"1600\"href='https:\/\/www.radiopiu.net\/wordpress\/wp-content\/uploads\/2026\/03\/649829132_1399275798668081_1623068814339304057_n.jpg'><img loading=\"lazy\" decoding=\"async\" width=\"150\" height=\"150\" src=\"https:\/\/www.radiopiu.net\/wordpress\/wp-content\/uploads\/2026\/03\/649829132_1399275798668081_1623068814339304057_n-150x150.jpg\" class=\"attachment-thumbnail size-thumbnail\" alt=\"\" \/><\/a>\n\t\t\t\t<\/dt><\/dl>\n\t\t\t\t<br style='clear: both' \/>\n\t\t\t<\/div>\n\n<p>&nbsp;<\/p>\n<p>&nbsp;<\/p>\n<hr \/>\n<p>&nbsp;<\/p>\n<p class=\"mceTemp\"><a class=\"dt-pswp-item\" href=\"https:\/\/www.radiopiu.net\/wordpress\/wp-content\/uploads\/2018\/09\/WhatsApp-Image-2018-09-20-at-16.04.06.jpeg\" data-dt-img-description=\"\" data-large_image_width=\"800\" data-large_image_height=\"100\"><img loading=\"lazy\" decoding=\"async\" class=\"wp-image-61378 size-full aligncenter\" src=\"https:\/\/www.radiopiu.net\/wordpress\/wp-content\/uploads\/2018\/09\/WhatsApp-Image-2018-09-20-at-16.04.06.jpeg\" alt=\"\" width=\"800\" height=\"100\" srcset=\"https:\/\/www.radiopiu.net\/wordpress\/wp-content\/uploads\/2018\/09\/WhatsApp-Image-2018-09-20-at-16.04.06.jpeg 800w, https:\/\/www.radiopiu.net\/wordpress\/wp-content\/uploads\/2018\/09\/WhatsApp-Image-2018-09-20-at-16.04.06-300x38.jpeg 300w, https:\/\/www.radiopiu.net\/wordpress\/wp-content\/uploads\/2018\/09\/WhatsApp-Image-2018-09-20-at-16.04.06-768x96.jpeg 768w\" sizes=\"auto, (max-width: 800px) 100vw, 800px\" \/><\/a><\/p>\n<p>&nbsp;<\/p>\n<p><center><b>OGGI<\/b><\/center>Tra la notte e il mattino cielo nuvoloso o molto nuvoloso. Al pomeriggio tendenza ad attenuazione della copertura nuvolosa, con schiarite pi\u00f9 probabili verso sera.<br \/>\n<b>Precipitazioni: <\/b>Deboli irregolari al mattino con leggero aumento della probabilit\u00e0 di piovaschi o rovesci sparsi nelle ore centrali (30-50%). Limite delle eventuali nevicate a 1400\/1700 m, anche a quote inferiori durante i rovesci specie su Dolomiti. Accumuli scarsi ed irregolari.<br \/>\nTemperature diurne in calo.<\/p>\n<hr \/>\n<p><center><b>DOMANI<\/b><\/center>Attenuazione della nuvolosit\u00e0 fino a poco nuvoloso al mattino con nubi basse nelle valli e ampi periodi soleggiati altrove, poi addensamenti nel pomeriggio, localmente intensi su Prealpi. In serata generale aumento della nuvolosit\u00e0 per nubi stratiformi.<br \/>\n<b>Precipitazioni: <\/b>Residui e isolati deboli piovaschi nottetempo, con qualche fiocco oltre i 1500\/1800 m e qualche goccia nelle valli.<br \/>\nTemperature minime in calo, soprattutto laddove nel corso della notte il cielo sia prevalentemente sereno, massime in aumento per il maggiore soleggiamento diurno.<\/p>\n<hr \/>\n<p><center><b>SABATO<\/b><\/center>Cielo nuvoloso con qualche irregolare schiarita fino al mattino. Precipitazioni pi\u00f9 probabili dalle ore centrali alla sera con eventuale limite neve a 1300 &#8211; 1600 m. Temperature massime in calo, minime in aumento.<\/p>\n<hr \/>\n<p><center><b>DOMENICA<\/b><\/center>Nuvolosit\u00e0 irregolare con qualche schiarita alternata ad annuvolamenti pi\u00f9 consistenti. Non escluso il verificarsi qualche precipitazione sparsa. Temperature stazionarie o in lieve aumento nei valori massimi.<\/p>\n<p>&nbsp;<\/p>\n<hr \/>\n<p>&nbsp;<\/p>\n<p class=\"mceTemp\"><a class=\"dt-pswp-item\" href=\"https:\/\/www.radiopiu.net\/wordpress\/wp-content\/uploads\/2018\/09\/sport.jpg\" data-dt-img-description=\"\" data-large_image_width=\"800\" data-large_image_height=\"100\"><img loading=\"lazy\" decoding=\"async\" class=\"aligncenter wp-image-60761 size-full\" src=\"https:\/\/www.radiopiu.net\/wordpress\/wp-content\/uploads\/2018\/09\/sport.jpg\" alt=\"\" width=\"800\" height=\"100\" srcset=\"https:\/\/www.radiopiu.net\/wordpress\/wp-content\/uploads\/2018\/09\/sport.jpg 800w, https:\/\/www.radiopiu.net\/wordpress\/wp-content\/uploads\/2018\/09\/sport-300x38.jpg 300w, https:\/\/www.radiopiu.net\/wordpress\/wp-content\/uploads\/2018\/09\/sport-768x96.jpg 768w\" sizes=\"auto, (max-width: 800px) 100vw, 800px\" \/> <\/a><\/p>\n<p><span style=\"color: #0000ff;\"><strong>\u00a0 \u00a0<\/strong><\/span><\/p>\n<p><span style=\"color: #0000ff;\"><strong>KARATE<\/strong><\/span><\/p>\n<blockquote>\n<h3 style=\"text-align: center;\">KARATE, MARIA CHIARA MASOCH CAMPIONESSA REGIONALE: TERZO TITOLO CONSECUTIVO<\/h3>\n<\/blockquote>\n<p><strong><a class=\"dt-pswp-item\" href=\"https:\/\/www.radiopiu.net\/wordpress\/wp-content\/uploads\/2026\/03\/LFSBHLA.jpg\" data-dt-img-description=\"\" data-large_image_width=\"868\" data-large_image_height=\"540\"><img loading=\"lazy\" decoding=\"async\" class=\"aligncenter size-medium wp-image-501109\" src=\"https:\/\/www.radiopiu.net\/wordpress\/wp-content\/uploads\/2026\/03\/LFSBHLA-300x187.jpg\" alt=\"\" width=\"300\" height=\"187\" srcset=\"https:\/\/www.radiopiu.net\/wordpress\/wp-content\/uploads\/2026\/03\/LFSBHLA-300x187.jpg 300w, https:\/\/www.radiopiu.net\/wordpress\/wp-content\/uploads\/2026\/03\/LFSBHLA-768x478.jpg 768w, https:\/\/www.radiopiu.net\/wordpress\/wp-content\/uploads\/2026\/03\/LFSBHLA.jpg 868w\" sizes=\"auto, (max-width: 300px) 100vw, 300px\" \/><\/a>\u00a0<\/strong><\/p>\n<p><strong>BELLUNO <\/strong>Dopo una serie di risultati positivi, Mariachiara Masoch centra uno degli obiettivi principali della stagione conquistando il titolo regionale nella categoria fino a 50 kg. A Ros\u00e0 (Vicenza) l\u2019atleta agordina ha infatti ottenuto la vittoria che le vale anche la qualificazione alle finali nazionali della classe seniores assoluta, in programma tra tre settimane a Ostia. Per Masoch si tratta del terzo titolo regionale consecutivo. Il successo arriva al termine di un avvio di stagione molto brillante: terzo posto nella Under 21 al Grand Prix Internazionale di Croazia, un altro bronzo all\u2019Open di Lombardia \u2013 gara valida per il ranking nazionale FIJLKAM \u2013 e poi un oro e un argento tra Seniores e Under 21 al Trofeo Veneto. Grande soddisfazione nel Karate Team Dolomiti 1970 diretto dal maestro Moreno. Intanto il calendario agonistico prosegue con appuntamenti importanti: Coppa Italia a Follonica, finale del Campionato Italiano Assoluto a Ostia e Open League di Riccione. Continuano anche gli allenamenti nelle sedi di Belluno, Taibon, Caprile, Valdobbiadene e Crocetta.<\/p>\n<p>&nbsp;<\/p>\n<p><span style=\"color: #0000ff;\"><strong>CORSA IN MONTAGNA<\/strong><\/span><\/p>\n<blockquote>\n<h3 style=\"text-align: center;\">\u201cCIVETTA A T\u00d2LECH\u201d, NUOVA CORSA SULLA NEVE IN VAL DI ZOLDO<\/h3>\n<\/blockquote>\n<p><a class=\"dt-pswp-item\" href=\"https:\/\/www.radiopiu.net\/wordpress\/wp-content\/uploads\/2026\/03\/monte-civetta-innevato.jpeg\" data-dt-img-description=\"\" data-large_image_width=\"2048\" data-large_image_height=\"1363\"><img loading=\"lazy\" decoding=\"async\" class=\"aligncenter size-medium wp-image-501106\" src=\"https:\/\/www.radiopiu.net\/wordpress\/wp-content\/uploads\/2026\/03\/monte-civetta-innevato-300x200.jpeg\" alt=\"\" width=\"300\" height=\"200\" srcset=\"https:\/\/www.radiopiu.net\/wordpress\/wp-content\/uploads\/2026\/03\/monte-civetta-innevato-300x200.jpeg 300w, https:\/\/www.radiopiu.net\/wordpress\/wp-content\/uploads\/2026\/03\/monte-civetta-innevato-1024x682.jpeg 1024w, https:\/\/www.radiopiu.net\/wordpress\/wp-content\/uploads\/2026\/03\/monte-civetta-innevato-768x511.jpeg 768w, https:\/\/www.radiopiu.net\/wordpress\/wp-content\/uploads\/2026\/03\/monte-civetta-innevato-1536x1022.jpeg 1536w, https:\/\/www.radiopiu.net\/wordpress\/wp-content\/uploads\/2026\/03\/monte-civetta-innevato.jpeg 2048w\" sizes=\"auto, (max-width: 300px) 100vw, 300px\" \/><\/a><\/p>\n<p>Nasce una nuova competizione in Val di Zoldo \u2013 Dolomiti Bellunesi. Sabato 14 marzo \u00e8 in programma la prima edizione di \u201cCivetta a T\u00f2lech\u201d, corsa in salita su terreno innevato organizzata dall\u2019Atletica Zoldo. Il nome deriva da un\u2019espressione ladina di Zoldo che significa \u201ccamminare sulla neve senza sprofondare\u201d. La gara si svolger\u00e0 sotto il monte Civetta lungo un percorso di 4 chilometri con 350 metri di dislivello positivo, in parte illuminato da fiaccole. La partenza \u00e8 fissata alle 19.30 dalla frazione di Pecol, con risalita della Val di Pecol fino a Pian del Cr\u00e9p, dove al Ristoro Da Bepi sar\u00e0 posto il traguardo e il punto ristoro finale. Il tempo massimo per completare il tracciato \u00e8 di due ore. La partecipazione \u00e8 prevista in forma competitiva e non competitiva, con un massimo di 150 atleti. Iscrizioni fino a oggi a 25 euro oppure il giorno della gara entro le 18 al costo di 30 euro. La quota include anche il rientro in cabinovia.<\/p>\n<p>&nbsp;<\/p>\n<p>&nbsp;<\/p>\n<p>&nbsp;<\/p>\n<p>&nbsp;<\/p>\n<p>&nbsp;<\/p>\n<p>************<\/p>\n","protected":false},"excerpt":{"rendered":"<p>********* LA\u00a0 \u00a0 APP LA\u00a0 APP PER IOS-IPHONE di Nicola Vettorello https:\/\/apps.apple.com\/it\/app\/radio-pi%C3%B9-emittente-agordina\/id1515939845 LA\u00a0 APP RADIO\u00a0 PER ANDROID di Nicola Vettorello https:\/\/play.google.com\/store\/apps\/details?id=net.radiopiu.iniko\u00a0\u00a0\u00a0\u00a0\u00a0 &nbsp; &nbsp; &nbsp; OGGI ALLA RADIO: UNA GIORNATA DI NOTIZIE, STORIE E MUSICA SU RADIO PI\u00d9\u00a0 La giornata su Radio Pi\u00f9 parte come sempre presto e con il ritmo giusto. Alle 8.05 si accendono&hellip;<\/p>\n","protected":false},"author":4,"featured_media":501202,"comment_status":"closed","ping_status":"closed","sticky":false,"template":"","format":"standard","meta":{"_monsterinsights_skip_tracking":false,"_monsterinsights_sitenote_active":false,"_monsterinsights_sitenote_note":"","_monsterinsights_sitenote_category":0,"footnotes":""},"categories":[51,86,49],"tags":[],"class_list":["post-501007","post","type-post","status-publish","format-standard","has-post-thumbnail","hentry","category-evidenza-top","category-gr","category-news-18","category-51","category-86","category-49","description-off"],"img_url":"https:\/\/www.radiopiu.net\/wordpress\/wp-content\/uploads\/2026\/03\/9d5dce83-69e0-4bc8-bd13-6fa30f9d5bef.png","_links":{"self":[{"href":"https:\/\/www.radiopiu.net\/wordpress\/wp-json\/wp\/v2\/posts\/501007","targetHints":{"allow":["GET"]}}],"collection":[{"href":"https:\/\/www.radiopiu.net\/wordpress\/wp-json\/wp\/v2\/posts"}],"about":[{"href":"https:\/\/www.radiopiu.net\/wordpress\/wp-json\/wp\/v2\/types\/post"}],"author":[{"embeddable":true,"href":"https:\/\/www.radiopiu.net\/wordpress\/wp-json\/wp\/v2\/users\/4"}],"replies":[{"embeddable":true,"href":"https:\/\/www.radiopiu.net\/wordpress\/wp-json\/wp\/v2\/comments?post=501007"}],"version-history":[{"count":46,"href":"https:\/\/www.radiopiu.net\/wordpress\/wp-json\/wp\/v2\/posts\/501007\/revisions"}],"predecessor-version":[{"id":501403,"href":"https:\/\/www.radiopiu.net\/wordpress\/wp-json\/wp\/v2\/posts\/501007\/revisions\/501403"}],"wp:featuredmedia":[{"embeddable":true,"href":"https:\/\/www.radiopiu.net\/wordpress\/wp-json\/wp\/v2\/media\/501202"}],"wp:attachment":[{"href":"https:\/\/www.radiopiu.net\/wordpress\/wp-json\/wp\/v2\/media?parent=501007"}],"wp:term":[{"taxonomy":"category","embeddable":true,"href":"https:\/\/www.radiopiu.net\/wordpress\/wp-json\/wp\/v2\/categories?post=501007"},{"taxonomy":"post_tag","embeddable":true,"href":"https:\/\/www.radiopiu.net\/wordpress\/wp-json\/wp\/v2\/tags?post=501007"}],"curies":[{"name":"wp","href":"https:\/\/api.w.org\/{rel}","templated":true}]}}