{"id":501121,"date":"2026-03-12T05:50:27","date_gmt":"2026-03-12T04:50:27","guid":{"rendered":"https:\/\/www.radiopiu.net\/wordpress\/?p=501121"},"modified":"2026-03-12T06:18:10","modified_gmt":"2026-03-12T05:18:10","slug":"oggibl","status":"publish","type":"post","link":"https:\/\/www.radiopiu.net\/wordpress\/oggibl\/","title":{"rendered":"OGGI  I LAVORI SUL PONTE DEGLI ALPINI: MODIFICHE ALLA VIABILIT\u00c0"},"content":{"rendered":"<p>**********<\/p>\n<p>&nbsp;<\/p>\n<p><strong><a class=\"dt-pswp-item\" href=\"https:\/\/www.radiopiu.net\/wordpress\/wp-content\/uploads\/2026\/03\/moasdgjhsu.jpg\" data-dt-img-description=\"\" data-large_image_width=\"730\" data-large_image_height=\"460\"><img loading=\"lazy\" decoding=\"async\" class=\"aligncenter size-medium wp-image-501125\" src=\"https:\/\/www.radiopiu.net\/wordpress\/wp-content\/uploads\/2026\/03\/moasdgjhsu-300x189.jpg\" alt=\"\" width=\"300\" height=\"189\" srcset=\"https:\/\/www.radiopiu.net\/wordpress\/wp-content\/uploads\/2026\/03\/moasdgjhsu-300x189.jpg 300w, https:\/\/www.radiopiu.net\/wordpress\/wp-content\/uploads\/2026\/03\/moasdgjhsu.jpg 730w\" sizes=\"auto, (max-width: 300px) 100vw, 300px\" \/><\/a>\u00a0<\/strong><\/p>\n<p><strong>BELLUN OGGI <\/strong>saranno eseguiti interventi di ripristino del calcestruzzo sui pilastri portanti del ponte degli Alpini. I lavori interesseranno due fasce orarie, dalle 8.30 alle 12.00 e dalle 14.00 alle 17.00, con conseguenti modifiche alla viabilit\u00e0. Il traffico sar\u00e0 regolato a senso unico alternato da personale dedicato, con limite di velocit\u00e0 di 30 km\/h e divieto di sorpasso nelle zone di cantiere. I marciapiedi saranno chiusi di volta in volta, obbligando i pedoni a utilizzare quello opposto. Gli automobilisti e i pedoni sono invitati a pianificare gli spostamenti considerando queste restrizioni, al fine di evitare disagi e garantire la sicurezza durante le operazioni di manutenzione.<\/p>\n<p>&nbsp;<\/p>\n<p>&nbsp;<\/p>\n<p>&nbsp;<\/p>\n<p>*********<\/p>\n","protected":false},"excerpt":{"rendered":"<p>********** &nbsp; \u00a0 BELLUN OGGI saranno eseguiti interventi di ripristino del calcestruzzo sui pilastri portanti del ponte degli Alpini. I lavori interesseranno due fasce orarie, dalle 8.30 alle 12.00 e dalle 14.00 alle 17.00, con conseguenti modifiche alla viabilit\u00e0. Il traffico sar\u00e0 regolato a senso unico alternato da personale dedicato, con limite di velocit\u00e0 di&hellip;<\/p>\n","protected":false},"author":4,"featured_media":501125,"comment_status":"closed","ping_status":"closed","sticky":false,"template":"","format":"standard","meta":{"_monsterinsights_skip_tracking":false,"_monsterinsights_sitenote_active":false,"_monsterinsights_sitenote_note":"","_monsterinsights_sitenote_category":0,"footnotes":""},"categories":[51,138,49],"tags":[],"class_list":["post-501121","post","type-post","status-publish","format-standard","has-post-thumbnail","hentry","category-evidenza-top","category-girovagando","category-news-18","category-51","category-138","category-49","description-off"],"img_url":"https:\/\/www.radiopiu.net\/wordpress\/wp-content\/uploads\/2026\/03\/moasdgjhsu.jpg","_links":{"self":[{"href":"https:\/\/www.radiopiu.net\/wordpress\/wp-json\/wp\/v2\/posts\/501121","targetHints":{"allow":["GET"]}}],"collection":[{"href":"https:\/\/www.radiopiu.net\/wordpress\/wp-json\/wp\/v2\/posts"}],"about":[{"href":"https:\/\/www.radiopiu.net\/wordpress\/wp-json\/wp\/v2\/types\/post"}],"author":[{"embeddable":true,"href":"https:\/\/www.radiopiu.net\/wordpress\/wp-json\/wp\/v2\/users\/4"}],"replies":[{"embeddable":true,"href":"https:\/\/www.radiopiu.net\/wordpress\/wp-json\/wp\/v2\/comments?post=501121"}],"version-history":[{"count":2,"href":"https:\/\/www.radiopiu.net\/wordpress\/wp-json\/wp\/v2\/posts\/501121\/revisions"}],"predecessor-version":[{"id":501213,"href":"https:\/\/www.radiopiu.net\/wordpress\/wp-json\/wp\/v2\/posts\/501121\/revisions\/501213"}],"wp:featuredmedia":[{"embeddable":true,"href":"https:\/\/www.radiopiu.net\/wordpress\/wp-json\/wp\/v2\/media\/501125"}],"wp:attachment":[{"href":"https:\/\/www.radiopiu.net\/wordpress\/wp-json\/wp\/v2\/media?parent=501121"}],"wp:term":[{"taxonomy":"category","embeddable":true,"href":"https:\/\/www.radiopiu.net\/wordpress\/wp-json\/wp\/v2\/categories?post=501121"},{"taxonomy":"post_tag","embeddable":true,"href":"https:\/\/www.radiopiu.net\/wordpress\/wp-json\/wp\/v2\/tags?post=501121"}],"curies":[{"name":"wp","href":"https:\/\/api.w.org\/{rel}","templated":true}]}}