{"id":501161,"date":"2026-03-13T05:55:11","date_gmt":"2026-03-13T04:55:11","guid":{"rendered":"https:\/\/www.radiopiu.net\/wordpress\/?p=501161"},"modified":"2026-03-13T08:41:20","modified_gmt":"2026-03-13T07:41:20","slug":"giornale-radiopiu-13-marzo-2026-direttore-mirko-mezzacasa","status":"publish","type":"post","link":"https:\/\/www.radiopiu.net\/wordpress\/giornale-radiopiu-13-marzo-2026-direttore-mirko-mezzacasa\/","title":{"rendered":"GIORNALE RADIOPIU 13 MARZO 2026 DIRETTORE MIRKO MEZZACASA"},"content":{"rendered":"<p>*********<\/p>\n<p>&nbsp;<\/p>\n<div class=\"page-title-head hgroup\">\n<p><a class=\"dt-pswp-item\" href=\"https:\/\/www.radiopiu.net\/wordpress\/wp-content\/uploads\/2026\/03\/f9866267-5899-451b-8d91-88d8857f97de.png\" data-dt-img-description=\"\" data-large_image_width=\"1536\" data-large_image_height=\"1024\"><img loading=\"lazy\" decoding=\"async\" class=\"aligncenter size-medium wp-image-501395\" src=\"https:\/\/www.radiopiu.net\/wordpress\/wp-content\/uploads\/2026\/03\/f9866267-5899-451b-8d91-88d8857f97de-300x200.png\" alt=\"\" width=\"300\" height=\"200\" srcset=\"https:\/\/www.radiopiu.net\/wordpress\/wp-content\/uploads\/2026\/03\/f9866267-5899-451b-8d91-88d8857f97de-300x200.png 300w, https:\/\/www.radiopiu.net\/wordpress\/wp-content\/uploads\/2026\/03\/f9866267-5899-451b-8d91-88d8857f97de-1024x683.png 1024w, https:\/\/www.radiopiu.net\/wordpress\/wp-content\/uploads\/2026\/03\/f9866267-5899-451b-8d91-88d8857f97de-768x512.png 768w, https:\/\/www.radiopiu.net\/wordpress\/wp-content\/uploads\/2026\/03\/f9866267-5899-451b-8d91-88d8857f97de.png 1536w\" sizes=\"auto, (max-width: 300px) 100vw, 300px\" \/><\/a><\/p>\n<\/div>\n<div class=\"flex flex-col text-sm pb-25\">\n<article class=\"text-token-text-primary w-full focus:outline-none [--shadow-height:45px] has-data-writing-block:pointer-events-none has-data-writing-block:-mt-(--shadow-height) has-data-writing-block:pt-(--shadow-height) [&amp;:has([data-writing-block])&gt;*]:pointer-events-auto scroll-mt-[calc(var(--header-height)+min(200px,max(70px,20svh)))]\" dir=\"auto\" tabindex=\"-1\" data-turn-id=\"request-WEB:545a5307-a0c9-41c7-9a5f-bf65aefdb8ec-5\" data-testid=\"conversation-turn-12\" data-scroll-anchor=\"true\" data-turn=\"assistant\">\n<div class=\"text-base my-auto mx-auto pb-10 [--thread-content-margin:--spacing(4)] @w-sm\/main:[--thread-content-margin:--spacing(6)] @w-lg\/main:[--thread-content-margin:--spacing(16)] px-(--thread-content-margin)\">\n<div class=\"[--thread-content-max-width:40rem] @w-lg\/main:[--thread-content-max-width:48rem] mx-auto max-w-(--thread-content-max-width) flex-1 group\/turn-messages focus-visible:outline-hidden relative flex w-full min-w-0 flex-col agent-turn\" tabindex=\"-1\">\n<div class=\"z-0 flex min-h-[46px] justify-start\">\n<h1>LA\u00a0 \u00a0 APP<\/h1>\n<p><strong><em><span style=\"color: #ff0000;\">LA\u00a0 APP PER IOS-IPHONE di Nicola Vettorello<\/span><\/em><\/strong><\/p>\n<p><strong><span style=\"color: #0000ff;\"><a style=\"color: #0000ff;\" href=\"https:\/\/apps.apple.com\/it\/app\/radio-pi%C3%B9-emittente-agordina\/id1515939845\">https:\/\/apps.apple.com\/it\/app\/radio-pi%C3%B9-emittente-agordina\/id1515939845<\/a><\/span><\/strong><\/p>\n<p><strong><em style=\"color: #ff0000;\">LA\u00a0 APP RADIO\u00a0 PER ANDROID di Nicola Vettorello<\/em><\/strong><\/p>\n<p><strong><span style=\"color: #0000ff;\"><a style=\"color: #0000ff;\" href=\"https:\/\/play.google.com\/store\/apps\/details?id=net.radiopiu.iniko\" target=\"_blank\" rel=\"noopener noreferrer\">https:\/\/<\/a><a style=\"color: #0000ff;\" href=\"https:\/\/play.google.com\/store\/apps\/details?id=net.radiopiu.iniko\" target=\"_blank\" rel=\"noopener noreferrer\">play.google.com\/store\/apps\/details?id=net.radiopiu.iniko\u00a0\u00a0\u00a0\u00a0\u00a0<\/a><\/span><\/strong><\/p>\n<p>&nbsp;<\/p>\n<p>&nbsp;<\/p>\n<hr \/>\n<p>&nbsp;<\/p>\n<div class=\"page-title-head hgroup\"><\/div>\n<div class=\"flex flex-col text-sm pb-25\">\n<article class=\"text-token-text-primary w-full focus:outline-none [--shadow-height:45px] has-data-writing-block:pointer-events-none has-data-writing-block:-mt-(--shadow-height) has-data-writing-block:pt-(--shadow-height) [&amp;:has([data-writing-block])&gt;*]:pointer-events-auto scroll-mt-[calc(var(--header-height)+min(200px,max(70px,20svh)))]\" dir=\"auto\" tabindex=\"-1\" data-turn-id=\"da2f8a29-4751-44ac-b06a-20d94aeccf8b\" data-testid=\"conversation-turn-28\" data-scroll-anchor=\"true\" data-turn=\"assistant\">\n<div class=\"text-base my-auto mx-auto pb-10 [--thread-content-margin:--spacing(4)] @w-sm\/main:[--thread-content-margin:--spacing(6)] @w-lg\/main:[--thread-content-margin:--spacing(16)] px-(--thread-content-margin)\">\n<div class=\"[--thread-content-max-width:40rem] @w-lg\/main:[--thread-content-max-width:48rem] mx-auto max-w-(--thread-content-max-width) flex-1 group\/turn-messages focus-visible:outline-hidden relative flex w-full min-w-0 flex-col agent-turn\" tabindex=\"-1\">\n<div class=\"flex max-w-full flex-col grow\">\n<div class=\"min-h-8 text-message relative flex w-full flex-col items-end gap-2 text-start break-words whitespace-normal [.text-message+&amp;]:mt-1\" dir=\"auto\" data-message-author-role=\"assistant\" data-message-id=\"77cb542f-301b-441f-9a5c-c89ea331616b\" data-message-model-slug=\"gpt-5-2\">\n<div class=\"flex w-full flex-col gap-1 empty:hidden first:pt-[1px]\">\n<div class=\"markdown prose dark:prose-invert w-full break-words dark markdown-new-styling\">\n<div id=\"writing-block-77cb542f-301b-441f-9a5c-c89ea331616b\" class=\"group relative z-0 my-4 w-full overflow-visible rounded-2xl bg-token-bg-primary dark:bg-[#2a2a2a] shadow-[0px_0px_0px_1px_rgba(0,0,0,0.07),0px_4px_80px_rgba(0,0,0,0.02)]\" data-writing-block=\"true\">\n<div class=\"writing-block-editor markdown-new-styling relative flow-root pt-(--writing-block-editor-pt) pe-(--writing-block-editor-pr) pb-(--writing-block-editor-pb) ps-(--writing-block-editor-pl)\">\n<div class=\"ProseMirror markdown prose dark:prose-invert w-full min-h-6 break-words focus:outline-none\" contenteditable=\"true\" translate=\"no\" aria-disabled=\"false\">\n<h1 style=\"text-align: center;\" data-start=\"0\" data-end=\"84\"><strong data-start=\"0\" data-end=\"84\">Radio Pi\u00f9: una giornata in onda tra informazione, musica e storie di casa nostra<\/strong><\/h1>\n<div class=\"flex flex-col text-sm pb-25\">\n<article class=\"text-token-text-primary w-full focus:outline-none [--shadow-height:45px] has-data-writing-block:pointer-events-none has-data-writing-block:-mt-(--shadow-height) has-data-writing-block:pt-(--shadow-height) [&amp;:has([data-writing-block])&gt;*]:pointer-events-auto scroll-mt-[calc(var(--header-height)+min(200px,max(70px,20svh)))]\" dir=\"auto\" tabindex=\"-1\" data-turn-id=\"request-WEB:fbbe4325-27b6-4876-941a-645f4f78e2e9-0\" data-testid=\"conversation-turn-2\" data-scroll-anchor=\"true\" data-turn=\"assistant\">\n<div class=\"text-base my-auto mx-auto pb-10 [--thread-content-margin:var(--thread-content-margin-xs,calc(var(--spacing)*4))] @w-sm\/main:[--thread-content-margin:var(--thread-content-margin-sm,calc(var(--spacing)*6))] @w-lg\/main:[--thread-content-margin:var(--thread-content-margin-lg,calc(var(--spacing)*16))] px-(--thread-content-margin)\">\n<div class=\"[--thread-content-max-width:40rem] @w-lg\/main:[--thread-content-max-width:48rem] mx-auto max-w-(--thread-content-max-width) flex-1 group\/turn-messages focus-visible:outline-hidden relative flex w-full min-w-0 flex-col agent-turn\" tabindex=\"-1\">\n<div class=\"flex max-w-full flex-col gap-4 grow\">\n<div class=\"min-h-8 text-message relative flex w-full flex-col items-end gap-2 text-start break-words whitespace-normal [.text-message+&amp;]:mt-1\" dir=\"auto\" data-message-author-role=\"assistant\" data-message-id=\"6d3729d1-8b30-4b37-aa01-5018f3ae820b\" data-message-model-slug=\"gpt-5-3\">\n<div class=\"flex w-full flex-col gap-1 empty:hidden\">\n<div class=\"markdown prose dark:prose-invert w-full wrap-break-word dark markdown-new-styling\">\n<p style=\"text-align: center;\" data-start=\"86\" data-end=\"209\">La giornata su <strong data-start=\"101\" data-end=\"114\">Radio Pi\u00f9<\/strong> parte presto e, come sempre, lo fa con il profumo del caff\u00e8 e dei giornali appena sfogliati.<\/p>\n<p style=\"text-align: center;\" data-start=\"211\" data-end=\"400\"><a class=\"dt-pswp-item\" href=\"https:\/\/www.radiopiu.net\/wordpress\/wp-content\/uploads\/2026\/03\/Screenshot-2026-03-13-045850.png\" data-dt-img-description=\"\" data-large_image_width=\"498\" data-large_image_height=\"346\"><img loading=\"lazy\" decoding=\"async\" class=\"aligncenter size-medium wp-image-501367\" src=\"https:\/\/www.radiopiu.net\/wordpress\/wp-content\/uploads\/2026\/03\/Screenshot-2026-03-13-045850-300x208.png\" alt=\"\" width=\"300\" height=\"208\" srcset=\"https:\/\/www.radiopiu.net\/wordpress\/wp-content\/uploads\/2026\/03\/Screenshot-2026-03-13-045850-300x208.png 300w, https:\/\/www.radiopiu.net\/wordpress\/wp-content\/uploads\/2026\/03\/Screenshot-2026-03-13-045850.png 498w\" sizes=\"auto, (max-width: 300px) 100vw, 300px\" \/><\/a><\/p>\n<p style=\"text-align: left;\" data-start=\"211\" data-end=\"400\">Alle <strong data-start=\"216\" data-end=\"224\">8.05<\/strong> si accendono i microfoni con la <strong data-start=\"257\" data-end=\"283\">rassegna stampa locale<\/strong>, il momento perfetto per capire cosa succede tra le nostre valli, tra notizie, curiosit\u00e0 e qualche commento a caldo. Alle <strong data-start=\"407\" data-end=\"415\">8.30<\/strong> arriva l\u2019energia di <strong data-start=\"436\" data-end=\"451\">\u201cPi\u00f9 Siamo\u201d<\/strong> con <strong data-start=\"456\" data-end=\"471\">Marina Don\u00e0<\/strong>, che accompagna gli ascoltatori tra chiacchiere, sorrisi e storie del territorio. La musica nuova non pu\u00f2 mancare: alle <strong data-start=\"593\" data-end=\"601\">9.30<\/strong> ecco <strong data-start=\"607\" data-end=\"620\">\u201cPremier\u201d<\/strong>, con <strong data-start=\"626\" data-end=\"639\">Marco Gaz<\/strong>, che porta in radio le <strong data-start=\"663\" data-end=\"682\">novit\u00e0 musicali<\/strong> appena arrivate, quelle che presto sentiremo cantare ovunque. Alle <strong data-start=\"751\" data-end=\"760\">10.10<\/strong> spazio alla tradizione con <strong data-start=\"788\" data-end=\"819\">\u201cMusla \u2013 Le nove in ladino\u201d<\/strong>, insieme ad <strong data-start=\"832\" data-end=\"851\">Anna da Falcade<\/strong>: lingua, cultura e identit\u00e0 delle Dolomiti raccontate con passione. Subito dopo, alle <strong data-start=\"939\" data-end=\"948\">10.30<\/strong>, si parla di eventi e divertimento: <strong data-start=\"985\" data-end=\"1018\">\u201cBaite Aperte e Splash Party\u201d<\/strong>, in programma da domenica ad <strong data-start=\"1048\" data-end=\"1059\">Alleghe<\/strong>, raccontati da <strong data-start=\"1075\" data-end=\"1095\">Andrea Dal Farra<\/strong>. Un\u2019anticipazione di festa tra montagna, musica e tanta voglia di stare insieme. Alle <strong data-start=\"1183\" data-end=\"1192\">11.00<\/strong> arriva uno dei programmi pi\u00f9 amati: <strong data-start=\"1229\" data-end=\"1246\">\u201cBatticinque\u201d<\/strong>, con <strong data-start=\"1252\" data-end=\"1272\">Marina e Alessio<\/strong>, il format che <strong data-start=\"1288\" data-end=\"1313\">unisce le generazioni<\/strong>, dove si incontrano ricordi, musica e punti di vista diversi\u2026 ma sempre con lo stesso spirito. Alle <strong data-start=\"1415\" data-end=\"1424\">12.30<\/strong> il punto sull\u2019attualit\u00e0 con il <strong data-start=\"1456\" data-end=\"1496\">Giornale Radio \u2013 edizione principale<\/strong>, per restare aggiornati su ci\u00f2 che succede vicino e lontano. Subito dopo, alle <strong data-start=\"1577\" data-end=\"1586\">13.10<\/strong>, una storia che profuma di avventura: <strong data-start=\"1625\" data-end=\"1642\">Gabriele Riva<\/strong>, partito da <strong data-start=\"1655\" data-end=\"1666\">Voltago<\/strong> per girare il mondo\u2026 e ora di nuovo a casa. Un viaggio tra esperienze, incontri e ritorni alle radici 1330 COLLAGE OPERAZIONE NOSTALGIA CON LORIS SCUSSEL. Il pomeriggio continua alle <strong data-start=\"1799\" data-end=\"1808\">14.00<\/strong> con <strong data-start=\"1813\" data-end=\"1828\">\u201cMusic ABC\u201d<\/strong>, insieme a <strong data-start=\"1840\" data-end=\"1858\">David e Marina<\/strong>, tra musica, curiosit\u00e0 e leggerezza. Alle <strong data-start=\"1902\" data-end=\"1911\">15.10<\/strong> si entra gi\u00e0 nel clima del fine settimana con <strong data-start=\"1958\" data-end=\"1985\">\u201cWeek End \u2013 Marina c\u2019\u00e8\u201d<\/strong>, il programma che accende la voglia di relax, eventi e tempo libero. In serata, alle <strong data-start=\"2072\" data-end=\"2081\">19.05<\/strong>, arrivano <strong data-start=\"2092\" data-end=\"2132\">le anticipazioni dal TG di Antenna 3<\/strong>, per uno sguardo veloce alle notizie della televisione. E alle <strong data-start=\"2197\" data-end=\"2206\">19.20<\/strong> spazio allo sport e ai grandi eventi con <strong data-start=\"2248\" data-end=\"2289\">\u201cCortina come Olimpia \u2013 Paralimpiadi\u201d<\/strong>, perch\u00e9 le montagne di casa nostra continuano a guardare al futuro e allo sport internazionale. Una giornata piena, insomma: <strong data-start=\"2416\" data-end=\"2476\">informazione, musica, tradizione e storie del territorio<\/strong>, tutto rigorosamente in diretta su <strong data-start=\"2512\" data-end=\"2525\">Radio Pi\u00f9<\/strong>. Perch\u00e9 la radio, quando \u00e8 fatta con passione, sa sempre come tenere compagnia.<\/p>\n<\/div>\n<\/div>\n<\/div>\n<\/div>\n<\/div>\n<\/div>\n<\/article>\n<\/div>\n<p>&nbsp;<\/p>\n<p>&nbsp;<\/p>\n<\/div>\n<\/div>\n<\/div>\n<\/div>\n<\/div>\n<\/div>\n<\/div>\n<\/div>\n<\/div>\n<\/article>\n<\/div>\n<hr \/>\n<div class=\"x11i5rnm xat24cr x1mh8g0r x1vvkbs xtlvy1s x126k92a\">\n<h1><strong><br \/>\n<span style=\"color: #0000ff;\">N di parom &#8211; L Almanach de la nosta jent<\/span>\u00a0 <\/strong><strong style=\"font-size: 14px;\"><span style=\"color: #ff0000;\">OGNI GIORNO ALLE CINQUE E ALLE NOVE E DIECI\u00a0 DEL MATTINO<\/span> <\/strong><\/h1>\n<h1><strong style=\"font-size: 14px;\">LA PUNTATA DI OGGI, 13 MARZO 2026<\/strong><\/h1>\n<audio class=\"wp-audio-shortcode\" id=\"audio-501161-1\" preload=\"none\" style=\"width: 100%;\" controls=\"controls\"><source type=\"audio\/mpeg\" src=\"https:\/\/www.radiopiu.net\/wordpress\/wp-content\/uploads\/2026\/03\/AL5-1.mp3?_=1\" \/><a href=\"https:\/\/www.radiopiu.net\/wordpress\/wp-content\/uploads\/2026\/03\/AL5-1.mp3\">https:\/\/www.radiopiu.net\/wordpress\/wp-content\/uploads\/2026\/03\/AL5-1.mp3<\/a><\/audio>\n<p>&nbsp;<\/p>\n<\/div>\n<div class=\"x11i5rnm xat24cr x1mh8g0r x1vvkbs xtlvy1s x126k92a\">\n<div dir=\"auto\">\n<hr \/>\n<\/div>\n<\/div>\n<blockquote>\n<h1><\/h1>\n<\/blockquote>\n<h1 style=\"text-align: center;\"><strong>NOTIZIE DELLA NOTTE LA RASSEGNA STAMPA NAZIONALE, AGGIORNAMENTO OGNI GIORNO ALLE SEI DEL MATTINO<\/strong><\/h1>\n<p>&nbsp;<\/p>\n<p data-start=\"0\" data-end=\"9\"><strong data-start=\"0\" data-end=\"9\"><a class=\"dt-pswp-item\" href=\"https:\/\/www.radiopiu.net\/wordpress\/wp-content\/uploads\/2026\/03\/Screenshot-2026-03-13-052533.png\" data-dt-img-description=\"\" data-large_image_width=\"502\" data-large_image_height=\"163\"><img loading=\"lazy\" decoding=\"async\" class=\"aligncenter wp-image-501383 size-full\" src=\"https:\/\/www.radiopiu.net\/wordpress\/wp-content\/uploads\/2026\/03\/Screenshot-2026-03-13-052533.png\" alt=\"\" width=\"502\" height=\"163\" srcset=\"https:\/\/www.radiopiu.net\/wordpress\/wp-content\/uploads\/2026\/03\/Screenshot-2026-03-13-052533.png 502w, https:\/\/www.radiopiu.net\/wordpress\/wp-content\/uploads\/2026\/03\/Screenshot-2026-03-13-052533-300x97.png 300w\" sizes=\"auto, (max-width: 502px) 100vw, 502px\" \/><\/a>MONDO<\/strong><\/p>\n<p data-start=\"11\" data-end=\"675\">Le tensioni internazionali continuano a crescere, soprattutto in Medio Oriente. Dopo gli ultimi sviluppi legati allo <strong data-start=\"128\" data-end=\"149\">Stretto di Hormuz<\/strong>, il prezzo del petrolio \u00e8 tornato a salire fino a sfiorare i <strong data-start=\"211\" data-end=\"236\">100 dollari al barile<\/strong>, con pesanti ripercussioni sui mercati finanziari. Secondo fonti internazionali, l\u2019Iran avrebbe iniziato a posare mine nello stretto strategico per il traffico petrolifero mondiale, mentre la nuova guida iraniana <strong data-start=\"450\" data-end=\"470\">Mojtaba Khamenei<\/strong> ha promesso vendetta. Nella stessa area si registra anche un incidente aereo: un <strong data-start=\"552\" data-end=\"583\">aereo cisterna statunitense<\/strong> \u00e8 precipitato in Iraq, ma secondo le prime informazioni non si tratterebbe di fuoco nemico.<\/p>\n<p data-start=\"677\" data-end=\"684\"><strong data-start=\"677\" data-end=\"684\">USA<\/strong><\/p>\n<p data-start=\"686\" data-end=\"1248\">Negli Stati Uniti cresce la tensione dopo la <strong data-start=\"731\" data-end=\"757\">sparatoria in Michigan<\/strong>, definita dalle autorit\u00e0 un atto di violenza contro la <strong data-start=\"813\" data-end=\"833\">comunit\u00e0 ebraica<\/strong>. Il premier israeliano <strong data-start=\"857\" data-end=\"879\">Benjamin Netanyahu<\/strong> ha commentato l\u2019episodio affermando che l\u2019antisemitismo non conosce confini. Secondo alcune ricostruzioni dei media, la famiglia dell\u2019assalitore sarebbe stata uccisa in precedenza durante un raid israeliano in Libano. Intanto Washington ha avviato <strong data-start=\"1128\" data-end=\"1170\">indagini su circa 60 economie mondiali<\/strong> per verificare possibili pratiche di lavoro forzato nelle filiere produttive.<\/p>\n<p data-start=\"1250\" data-end=\"1260\"><strong data-start=\"1250\" data-end=\"1260\">EUROPA<\/strong><\/p>\n<p data-start=\"1262\" data-end=\"1500\">Dalla Francia arriva la notizia della morte di <strong data-start=\"1309\" data-end=\"1333\">un militare francese<\/strong> in un attacco avvenuto a <strong data-start=\"1359\" data-end=\"1368\">Erbil<\/strong>, in Iraq. A confermarlo \u00e8 stato il presidente <strong data-start=\"1415\" data-end=\"1434\">Emmanuel Macron<\/strong>, che ha espresso cordoglio e vicinanza alla famiglia del soldato.<\/p>\n<p data-start=\"1502\" data-end=\"1514\"><strong data-start=\"1502\" data-end=\"1514\">ECONOMIA<\/strong><\/p>\n<p data-start=\"1516\" data-end=\"1893\">I timori legati alla crisi energetica hanno pesato anche sui mercati. Le <strong data-start=\"1589\" data-end=\"1613\">Borse internazionali<\/strong> hanno chiuso in calo e la piazza finanziaria di <strong data-start=\"1662\" data-end=\"1671\">Tokyo<\/strong> ha aperto la giornata con un ribasso dell\u2019<strong data-start=\"1714\" data-end=\"1723\">1,40%<\/strong>. Nel frattempo gli Stati Uniti hanno autorizzato l\u2019acquisto di <strong data-start=\"1787\" data-end=\"1821\">petrolio russo gi\u00e0 in transito<\/strong>, una decisione legata alle tensioni sull\u2019approvvigionamento energetico.<\/p>\n<p data-start=\"1895\" data-end=\"1904\"><strong data-start=\"1895\" data-end=\"1904\">SPORT<\/strong><\/p>\n<p data-start=\"1906\" data-end=\"2078\">al torneo di <strong data-start=\"1936\" data-end=\"1952\">Indian Wells<\/strong> il numero uno del tennis mondiale <strong data-start=\"1987\" data-end=\"2005\">Carlos Alcaraz<\/strong> conquista la <strong data-start=\"2019\" data-end=\"2033\">semifinale<\/strong>, superando il britannico <strong data-start=\"2059\" data-end=\"2077\">Cameron Norrie<\/strong>.<strong>\u00a0<\/strong><\/p>\n<h1>IL GIORNALE DELLE SEI DEL MATTINO<\/h1>\n<audio class=\"wp-audio-shortcode\" id=\"audio-501161-2\" preload=\"none\" style=\"width: 100%;\" controls=\"controls\"><source type=\"audio\/mpeg\" src=\"https:\/\/www.radiopiu.net\/wordpress\/wp-content\/uploads\/2026\/03\/GIORNALEDELLESEI-10.mp3?_=2\" \/><a href=\"https:\/\/www.radiopiu.net\/wordpress\/wp-content\/uploads\/2026\/03\/GIORNALEDELLESEI-10.mp3\">https:\/\/www.radiopiu.net\/wordpress\/wp-content\/uploads\/2026\/03\/GIORNALEDELLESEI-10.mp3<\/a><\/audio>\n<p>&nbsp;<\/p>\n<p>&nbsp;<\/p>\n<p>&nbsp;<\/p>\n<hr \/>\n<p>&nbsp;<\/p>\n<h1 style=\"text-align: center;\"><span style=\"color: #ff0000;\">I podcast informativi del mattino &#8211; audio &#8211;\u00a0<\/span><\/h1>\n<p><strong>OGNI GIORNO ALLE SETTE DEL MATTINO, LA RASSEGNA STAMPA LOCALE FLASH&#8230; PER CHI VA IN FRETTA. I TITOLI DAI GIORNALI E DAL SITO WWW.RADIOPIU.NET <span style=\"color: #0000ff;\">viene pubblicato alle 7.00<\/span> <span style=\"color: #ff0000;\">DIRETTA RADIO\u00a0 <\/span><\/strong><em><span style=\"color: #ff0000;\">per chi va in fretta&#8230; tante notizie in pochi minuti. L&#8217;informazione locale alla radio, ogni ora dalle 7 del mattino alle 19 della sera.<\/span><\/em><\/p>\n<h1 style=\"text-align: center;\">DALL&#8217;ITALIA<\/h1>\n<div class=\"text-base my-auto mx-auto [--thread-content-margin:--spacing(4)] @w-sm\/main:[--thread-content-margin:--spacing(6)] @w-lg\/main:[--thread-content-margin:--spacing(16)] px-(--thread-content-margin)\">\n<div class=\"[--thread-content-max-width:40rem] @w-lg\/main:[--thread-content-max-width:48rem] mx-auto max-w-(--thread-content-max-width) flex-1 group\/turn-messages focus-visible:outline-hidden relative flex w-full min-w-0 flex-col agent-turn\" tabindex=\"-1\">\n<div class=\"flex max-w-full flex-col grow\">\n<div class=\"min-h-8 text-message relative flex w-full flex-col items-end gap-2 text-start break-words whitespace-normal [.text-message+&amp;]:mt-1\" dir=\"auto\" data-message-author-role=\"assistant\" data-message-id=\"267fcfff-1a0f-4670-9dc4-51b6552dafd9\" data-message-model-slug=\"gpt-5-2\">\n<div class=\"flex w-full flex-col gap-1 empty:hidden first:pt-[1px]\">\n<div class=\"markdown prose dark:prose-invert w-full wrap-break-word dark markdown-new-styling\">\n<p data-start=\"0\" data-end=\"10\"><strong data-start=\"0\" data-end=\"10\"><a class=\"dt-pswp-item\" href=\"https:\/\/www.radiopiu.net\/wordpress\/wp-content\/uploads\/2026\/03\/Screenshot-2026-03-13-052836.png\" data-dt-img-description=\"\" data-large_image_width=\"503\" data-large_image_height=\"152\"><img loading=\"lazy\" decoding=\"async\" class=\"aligncenter wp-image-501384 size-full\" src=\"https:\/\/www.radiopiu.net\/wordpress\/wp-content\/uploads\/2026\/03\/Screenshot-2026-03-13-052836.png\" alt=\"\" width=\"503\" height=\"152\" srcset=\"https:\/\/www.radiopiu.net\/wordpress\/wp-content\/uploads\/2026\/03\/Screenshot-2026-03-13-052836.png 503w, https:\/\/www.radiopiu.net\/wordpress\/wp-content\/uploads\/2026\/03\/Screenshot-2026-03-13-052836-300x91.png 300w\" sizes=\"auto, (max-width: 503px) 100vw, 503px\" \/><\/a>MESSINA<\/strong><\/p>\n<p data-start=\"12\" data-end=\"313\">L\u2019apertura della cronaca nazionale arriva da <strong data-start=\"57\" data-end=\"68\">Messina<\/strong>, dove un uomo di <strong data-start=\"86\" data-end=\"97\">67 anni<\/strong> ha confessato l\u2019omicidio dell\u2019ex compagna <strong data-start=\"140\" data-end=\"151\">Daniela<\/strong>. Dopo il fermo ha ammesso il femminicidio. Chi viveva vicino alla coppia racconta che il clima era teso da tempo e che molti temevano potesse finire in tragedia.<\/p>\n<p data-start=\"315\" data-end=\"592\">Restando nella cronaca giudiziaria, nuovi sviluppi nel caso della morte di <strong data-start=\"390\" data-end=\"412\">Liliana Resinovich<\/strong>. Secondo le indagini, sulle <strong data-start=\"441\" data-end=\"463\">scarpe della donna<\/strong> sarebbe stato trovato materiale utilizzato per <strong data-start=\"511\" data-end=\"532\">affilare coltelli<\/strong>, un elemento che potrebbe aprire nuove piste investigative.<\/p>\n<p data-start=\"594\" data-end=\"863\"><strong>ROMA<\/strong> nel carcere minorile di <strong data-start=\"630\" data-end=\"649\">Casal del Marmo<\/strong>, la Procura indaga su <strong data-start=\"672\" data-end=\"701\">dieci agenti penitenziari<\/strong> accusati di presunte torture e maltrattamenti ai danni di detenuti minorenni. Il caso riaccende il dibattito sulle condizioni dei giovani nelle strutture penali.<\/p>\n<p data-start=\"865\" data-end=\"1220\"><strong>ROMA<\/strong>\u00a0 minori, un report di <strong data-start=\"908\" data-end=\"929\">Save the Children<\/strong> segnala un aumento dei ragazzi coinvolti in <strong data-start=\"974\" data-end=\"998\">associazioni mafiose<\/strong> in Italia. Parallelamente cresce anche il fenomeno degli <strong data-start=\"1056\" data-end=\"1070\">hikikomori<\/strong>: secondo le stime sarebbero circa <strong data-start=\"1105\" data-end=\"1117\">200 mila<\/strong> i giovani che vivono isolati, con un impatto sempre pi\u00f9 forte tra le ragazze tra i <strong data-start=\"1201\" data-end=\"1219\">13 e i 15 anni<\/strong>.<\/p>\n<p data-start=\"1222\" data-end=\"1443\"><strong>FOGGIA<\/strong>\u00a0proseguono le ricerche di <strong data-start=\"1265\" data-end=\"1290\">Elena Rebeca Burcioiu<\/strong>, la ragazza scomparsa: gli investigatori stanno valutando anche la pista del <strong data-start=\"1368\" data-end=\"1398\">racket della prostituzione<\/strong>, dopo alcune minacce ricevute dalla giovane.<\/p>\n<p data-start=\"1687\" data-end=\"1922\"><strong>NAPOLI<\/strong>\u00a0un disabile sarebbe stato <strong data-start=\"1765\" data-end=\"1789\">abusato e minacciato<\/strong> da un gruppo di persone; a <strong data-start=\"1817\" data-end=\"1828\">Taranto<\/strong> un bambino di <strong data-start=\"1843\" data-end=\"1855\">tre anni<\/strong> \u00e8 morto dopo un malore improvviso nonostante la corsa in ospedale.<\/p>\n<p data-start=\"1924\" data-end=\"2095\"><strong>ROMA<\/strong> Disagi anche all\u2019aeroporto di <strong data-start=\"1954\" data-end=\"1967\">Fiumicino<\/strong>, dove un forte nubifragio ha causato <strong data-start=\"2005\" data-end=\"2043\">infiltrazioni d\u2019acqua nei terminal<\/strong>, senza per\u00f2 interrompere l\u2019operativit\u00e0 dello scalo.<\/p>\n<p data-start=\"2097\" data-end=\"2301\"><strong>ROMA<\/strong> polemiche sul <strong data-start=\"2118\" data-end=\"2141\">divieto di coltelli<\/strong> previsto dal decreto sicurezza: escursionisti e fungaioli protestano sostenendo che, in montagna, questi strumenti possono essere utili e persino salvare vite.<\/p>\n<\/div>\n<\/div>\n<\/div>\n<\/div>\n<div class=\"z-0 flex min-h-[46px] justify-start\"><\/div>\n<\/div>\n<\/div>\n<div class=\"pointer-events-none h-px w-px absolute bottom-0\" aria-hidden=\"true\" data-edge=\"true\"><\/div>\n<p>&nbsp;<\/p>\n<div class=\"flex flex-col text-sm pb-25\">\n<article class=\"text-token-text-primary w-full focus:outline-none [--shadow-height:45px] has-data-writing-block:pointer-events-none has-data-writing-block:-mt-(--shadow-height) has-data-writing-block:pt-(--shadow-height) [&amp;:has([data-writing-block])&gt;*]:pointer-events-auto scroll-mt-[calc(var(--header-height)+min(200px,max(70px,20svh)))]\" dir=\"auto\" tabindex=\"-1\" data-turn-id=\"4725b8e7-448d-49ef-90cd-737bcdd880f6\" data-testid=\"conversation-turn-10\" data-scroll-anchor=\"true\" data-turn=\"assistant\">\n<div class=\"text-base my-auto mx-auto pb-10 [--thread-content-margin:--spacing(4)] @w-sm\/main:[--thread-content-margin:--spacing(6)] @w-lg\/main:[--thread-content-margin:--spacing(16)] px-(--thread-content-margin)\">\n<div class=\"[--thread-content-max-width:40rem] @w-lg\/main:[--thread-content-max-width:48rem] mx-auto max-w-(--thread-content-max-width) flex-1 group\/turn-messages focus-visible:outline-hidden relative flex w-full min-w-0 flex-col agent-turn\" tabindex=\"-1\">\n<hr \/>\n<h1><\/h1>\n<h1 style=\"text-align: center;\">DALLA REGIONE VENETO<\/h1>\n<p><a class=\"dt-pswp-item\" href=\"https:\/\/www.radiopiu.net\/wordpress\/wp-content\/uploads\/2026\/03\/Screenshot-2026-03-13-053315.png\" data-dt-img-description=\"\" data-large_image_width=\"393\" data-large_image_height=\"159\"><img loading=\"lazy\" decoding=\"async\" class=\"aligncenter wp-image-501385 size-full\" src=\"https:\/\/www.radiopiu.net\/wordpress\/wp-content\/uploads\/2026\/03\/Screenshot-2026-03-13-053315.png\" alt=\"\" width=\"393\" height=\"159\" srcset=\"https:\/\/www.radiopiu.net\/wordpress\/wp-content\/uploads\/2026\/03\/Screenshot-2026-03-13-053315.png 393w, https:\/\/www.radiopiu.net\/wordpress\/wp-content\/uploads\/2026\/03\/Screenshot-2026-03-13-053315-300x121.png 300w\" sizes=\"auto, (max-width: 393px) 100vw, 393px\" \/><\/a><\/p>\n<div class=\"flex flex-col text-sm pb-25\">\n<article class=\"text-token-text-primary w-full focus:outline-none [--shadow-height:45px] has-data-writing-block:pointer-events-none has-data-writing-block:-mt-(--shadow-height) has-data-writing-block:pt-(--shadow-height) [&amp;:has([data-writing-block])&gt;*]:pointer-events-auto scroll-mt-[calc(var(--header-height)+min(200px,max(70px,20svh)))]\" dir=\"auto\" tabindex=\"-1\" data-turn-id=\"request-WEB:395a30ce-c02d-48c6-adac-8c26190c19fc-13\" data-testid=\"conversation-turn-28\" data-scroll-anchor=\"true\" data-turn=\"assistant\">\n<div class=\"text-base my-auto mx-auto pb-10 [--thread-content-margin:--spacing(4)] @w-sm\/main:[--thread-content-margin:--spacing(6)] @w-lg\/main:[--thread-content-margin:--spacing(16)] px-(--thread-content-margin)\">\n<div class=\"[--thread-content-max-width:40rem] @w-lg\/main:[--thread-content-max-width:48rem] mx-auto max-w-(--thread-content-max-width) flex-1 group\/turn-messages focus-visible:outline-hidden relative flex w-full min-w-0 flex-col agent-turn\" tabindex=\"-1\">\n<div class=\"flex max-w-full flex-col grow\">\n<div class=\"min-h-8 text-message relative flex w-full flex-col items-end gap-2 text-start break-words whitespace-normal [.text-message+&amp;]:mt-1\" dir=\"auto\" data-message-author-role=\"assistant\" data-message-id=\"591443fe-dd2a-4daf-aacb-ee3a0ce88286\" data-message-model-slug=\"gpt-5-2\">\n<div class=\"flex w-full flex-col gap-1 empty:hidden first:pt-[1px]\">\n<div class=\"markdown prose dark:prose-invert w-full wrap-break-word dark markdown-new-styling\">\n<div class=\"flex flex-col text-sm pb-25\">\n<article class=\"text-token-text-primary w-full focus:outline-none [--shadow-height:45px] has-data-writing-block:pointer-events-none has-data-writing-block:-mt-(--shadow-height) has-data-writing-block:pt-(--shadow-height) [&amp;:has([data-writing-block])&gt;*]:pointer-events-auto scroll-mt-[calc(var(--header-height)+min(200px,max(70px,20svh)))]\" dir=\"auto\" tabindex=\"-1\" data-turn-id=\"request-WEB:8a5e7093-3d62-4bde-8de5-bd2a8fc79713-22\" data-testid=\"conversation-turn-46\" data-scroll-anchor=\"true\" data-turn=\"assistant\">\n<div class=\"text-base my-auto mx-auto pb-10 [--thread-content-margin:--spacing(4)] @w-sm\/main:[--thread-content-margin:--spacing(6)] @w-lg\/main:[--thread-content-margin:--spacing(16)] px-(--thread-content-margin)\">\n<div class=\"[--thread-content-max-width:40rem] @w-lg\/main:[--thread-content-max-width:48rem] mx-auto max-w-(--thread-content-max-width) flex-1 group\/turn-messages focus-visible:outline-hidden relative flex w-full min-w-0 flex-col agent-turn\" tabindex=\"-1\">\n<div class=\"flex max-w-full flex-col grow\">\n<div class=\"min-h-8 text-message relative flex w-full flex-col items-end gap-2 text-start break-words whitespace-normal [.text-message+&amp;]:mt-1\" dir=\"auto\" data-message-author-role=\"assistant\" data-message-id=\"fd94cd0c-b9c7-45f7-a79b-d93166b5150e\" data-message-model-slug=\"gpt-5-2\">\n<div class=\"flex w-full flex-col gap-1 empty:hidden first:pt-[1px]\">\n<div class=\"markdown prose dark:prose-invert w-full wrap-break-word dark markdown-new-styling\">\n<article class=\"text-token-text-primary w-full focus:outline-none [--shadow-height:45px] has-data-writing-block:pointer-events-none has-data-writing-block:-mt-(--shadow-height) has-data-writing-block:pt-(--shadow-height) [&amp;:has([data-writing-block])&gt;*]:pointer-events-auto scroll-mt-(--header-height)\" dir=\"auto\" tabindex=\"-1\" data-turn-id=\"3c8d6b47-ab5e-4b2c-a01c-9cec02360b81\" data-testid=\"conversation-turn-35\" data-scroll-anchor=\"false\" data-turn=\"user\"><\/article>\n<article class=\"text-token-text-primary w-full focus:outline-none [--shadow-height:45px] has-data-writing-block:pointer-events-none has-data-writing-block:-mt-(--shadow-height) has-data-writing-block:pt-(--shadow-height) [&amp;:has([data-writing-block])&gt;*]:pointer-events-auto scroll-mt-[calc(var(--header-height)+min(200px,max(70px,20svh)))]\" dir=\"auto\" tabindex=\"-1\" data-turn-id=\"request-WEB:fbbe4325-27b6-4876-941a-645f4f78e2e9-17\" data-testid=\"conversation-turn-36\" data-scroll-anchor=\"true\" data-turn=\"assistant\">\n<div class=\"text-base my-auto mx-auto pb-10 [--thread-content-margin:var(--thread-content-margin-xs,calc(var(--spacing)*4))] @w-sm\/main:[--thread-content-margin:var(--thread-content-margin-sm,calc(var(--spacing)*6))] @w-lg\/main:[--thread-content-margin:var(--thread-content-margin-lg,calc(var(--spacing)*16))] px-(--thread-content-margin)\">\n<div class=\"[--thread-content-max-width:40rem] @w-lg\/main:[--thread-content-max-width:48rem] mx-auto max-w-(--thread-content-max-width) flex-1 group\/turn-messages focus-visible:outline-hidden relative flex w-full min-w-0 flex-col agent-turn\" tabindex=\"-1\">\n<div class=\"flex max-w-full flex-col gap-4 grow\">\n<div class=\"min-h-8 text-message relative flex w-full flex-col items-end gap-2 text-start break-words whitespace-normal [.text-message+&amp;]:mt-1\" dir=\"auto\" data-message-author-role=\"assistant\" data-message-id=\"838e7ef2-f73f-4b7d-8449-562162a50ae5\" data-message-model-slug=\"gpt-5-3\">\n<div class=\"flex w-full flex-col gap-1 empty:hidden\">\n<div class=\"markdown prose dark:prose-invert w-full wrap-break-word dark markdown-new-styling\">\n<p data-start=\"0\" data-end=\"10\"><strong data-start=\"0\" data-end=\"10\">VENEZIA\u00a0 \u00a0<\/strong>\u00a0La Regione ha aperto le <strong data-start=\"75\" data-end=\"156\">domande per le borse di studio destinate agli studenti delle scuole superiori<\/strong> per l\u2019anno scolastico <strong data-start=\"179\" data-end=\"192\">2025-2026<\/strong>. L\u2019assessore \u00a0ha parlato di un sostegno concreto alle famiglie venete, pensato per aiutare i ragazzi nelle spese legate allo studio.<\/p>\n<p data-start=\"354\" data-end=\"620\"><strong>TREVISO<\/strong> Nel <strong data-start=\"358\" data-end=\"372\">Trevigiano<\/strong> i carabinieri hanno <strong data-start=\"393\" data-end=\"418\">arrestato un ventenne<\/strong> accusato di aver rapinato un medico nella sua abitazione. L\u2019episodio sarebbe avvenuto con <strong data-start=\"509\" data-end=\"525\">due complici<\/strong>, attualmente ricercati. Le indagini proseguono per ricostruire l\u2019intera dinamica della rapina.<\/p>\n<p data-start=\"622\" data-end=\"869\"><strong>VENEZIA\u00a0<\/strong> arrivano dati preoccupanti sulla <strong data-start=\"673\" data-end=\"697\">criminalit\u00e0 minorile<\/strong>. Tra il <strong data-start=\"706\" data-end=\"724\">2014 e il 2024<\/strong> i reati commessi da minori sono aumentati, con un incremento significativo soprattutto a <strong data-start=\"814\" data-end=\"825\">Venezia<\/strong>, dove si registrano pi\u00f9 casi di <strong data-start=\"858\" data-end=\"868\">rapine<\/strong>.<\/p>\n<p data-start=\"871\" data-end=\"1138\"><strong>VERONA<\/strong> Una nota pi\u00f9 positiva arriva da <strong data-start=\"903\" data-end=\"913\">Verona<\/strong>, dove lo \u201c<strong data-start=\"924\" data-end=\"937\">Spiderman<\/strong> italiano\u201d, <strong data-start=\"949\" data-end=\"970\">Mattia Villardita<\/strong>, ha fatto visita ai piccoli pazienti dell\u2019<strong data-start=\"1013\" data-end=\"1038\">ospedale Borgo Trento<\/strong>. Da dieci anni il volontario gira l\u2019Italia in costume per portare un sorriso ai bambini ricoverati.<\/p>\n<p data-start=\"871\" data-end=\"1138\"><strong>VENEZIA<\/strong> Schlein:\u00a0 Venezia sui conflitti di interesse ha qualcosa da raccontare&#8217;Ci rivedremo presto per sostenere Martella, persona perbene&#8217;<\/p>\n<\/div>\n<\/div>\n<\/div>\n<\/div>\n<\/div>\n<\/div>\n<\/article>\n<\/div>\n<\/div>\n<\/div>\n<\/div>\n<div class=\"mt-3 w-full empty:hidden\">\n<div class=\"text-center\">\n<p data-start=\"1152\" data-end=\"1489\"><strong>MILANO<\/strong> il giudice per le indagini preliminari ha disposto l\u2019<strong data-start=\"1242\" data-end=\"1259\">archiviazione<\/strong> per <strong data-start=\"1264\" data-end=\"1281\">Marco Cappato<\/strong>, accusato di aiuto al suicidio dopo aver accompagnato due malati in Svizzera. Secondo il gip non si \u00e8 trattato di sostegno al suicidio ma della fine di una situazione considerata <strong data-start=\"1461\" data-end=\"1488\">accanimento terapeutico<\/strong>.<\/p>\n<p data-start=\"1491\" data-end=\"1501\"><strong>VENEZIA <\/strong>Caos su Russia alla Biennale, Giuli sfiducia rappresentante MiC, lei resiste Mollicone: &#8220;Buttafuoco ci ripensi&#8221;. Pd e M5s con il presidente. Salvini: &#8220;Nessuno escluso&#8221;<\/p>\n<\/div>\n<\/div>\n<\/div>\n<\/div>\n<\/article>\n<\/div>\n<div class=\"pointer-events-none h-px w-px absolute bottom-0\" aria-hidden=\"true\" data-edge=\"true\"><\/div>\n<\/div>\n<\/div>\n<\/div>\n<\/div>\n<\/div>\n<\/div>\n<\/article>\n<\/div>\n<p>&nbsp;<\/p>\n<\/div>\n<\/div>\n<\/article>\n<\/div>\n<hr \/>\n<p>&nbsp;<\/p>\n<blockquote>\n<h1><\/h1>\n<h1><a class=\"dt-pswp-item\" href=\"https:\/\/www.radiopiu.net\/wordpress\/wp-content\/uploads\/2024\/05\/La-Val-che-Urla-Mirko-300x169-1.jpg\" data-dt-img-description=\"\" data-large_image_width=\"300\" data-large_image_height=\"169\"><img loading=\"lazy\" decoding=\"async\" class=\"wp-image-388263 aligncenter\" src=\"https:\/\/www.radiopiu.net\/wordpress\/wp-content\/uploads\/2024\/05\/La-Val-che-Urla-Mirko-300x169-1.jpg\" alt=\"\" width=\"215\" height=\"121\" \/><\/a><\/h1>\n<h1 style=\"text-align: center;\">RASSEGNA STAMPA, ORE 7 DEL MATTINO. LE ANTICIPAZIONI<\/h1>\n<p><strong>DI MIRKO MEZZACASA<span style=\"color: #ff0000;\"> aggiornamento alle sette del mattino<\/span><\/strong><\/p><\/blockquote>\n<div class=\"flex flex-col text-sm pb-25\">\n<article class=\"text-token-text-primary w-full focus:outline-none [--shadow-height:45px] has-data-writing-block:pointer-events-none has-data-writing-block:-mt-(--shadow-height) has-data-writing-block:pt-(--shadow-height) [&amp;:has([data-writing-block])&gt;*]:pointer-events-auto scroll-mt-[calc(var(--header-height)+min(200px,max(70px,20svh)))]\" dir=\"auto\" tabindex=\"-1\" data-turn-id=\"request-WEB:395a30ce-c02d-48c6-adac-8c26190c19fc-24\" data-testid=\"conversation-turn-50\" data-scroll-anchor=\"true\" data-turn=\"assistant\">\n<div class=\"text-base my-auto mx-auto pb-10 [--thread-content-margin:--spacing(4)] @w-sm\/main:[--thread-content-margin:--spacing(6)] @w-lg\/main:[--thread-content-margin:--spacing(16)] px-(--thread-content-margin)\"><\/div>\n<\/article>\n<\/div>\n<div class=\"pointer-events-none h-px w-px absolute bottom-0\" aria-hidden=\"true\" data-edge=\"true\">\n<article class=\"text-token-text-primary w-full focus:outline-none [--shadow-height:45px] has-data-writing-block:pointer-events-none has-data-writing-block:-mt-(--shadow-height) has-data-writing-block:pt-(--shadow-height) [&amp;:has([data-writing-block])&gt;*]:pointer-events-auto scroll-mt-[calc(var(--header-height)+min(200px,max(70px,20svh)))]\" dir=\"auto\" tabindex=\"-1\" data-turn-id=\"request-WEB:395a30ce-c02d-48c6-adac-8c26190c19fc-23\" data-testid=\"conversation-turn-48\" data-scroll-anchor=\"false\" data-turn=\"assistant\">\n<div class=\"text-base my-auto mx-auto [--thread-content-margin:--spacing(4)] @w-sm\/main:[--thread-content-margin:--spacing(6)] @w-lg\/main:[--thread-content-margin:--spacing(16)] px-(--thread-content-margin)\">\n<div class=\"[--thread-content-max-width:40rem] @w-lg\/main:[--thread-content-max-width:48rem] mx-auto max-w-(--thread-content-max-width) flex-1 group\/turn-messages focus-visible:outline-hidden relative flex w-full min-w-0 flex-col agent-turn\" tabindex=\"-1\">\n<div class=\"flex max-w-full flex-col grow\">\n<div class=\"min-h-8 text-message relative flex w-full flex-col items-end gap-2 text-start break-words whitespace-normal [.text-message+&amp;]:mt-1\" dir=\"auto\" data-message-author-role=\"assistant\" data-message-id=\"7fddf4eb-6fdb-4366-a540-b1ae38b50a9b\" data-message-model-slug=\"gpt-5-2\">\n<div class=\"flex w-full flex-col gap-1 empty:hidden first:pt-[1px]\">\n<div class=\"markdown prose dark:prose-invert w-full wrap-break-word dark markdown-new-styling\">\n<div class=\"flex flex-col text-sm pb-25\">\n<article class=\"text-token-text-primary w-full focus:outline-none [--shadow-height:45px] has-data-writing-block:pointer-events-none has-data-writing-block:-mt-(--shadow-height) has-data-writing-block:pt-(--shadow-height) [&amp;:has([data-writing-block])&gt;*]:pointer-events-auto scroll-mt-[calc(var(--header-height)+min(200px,max(70px,20svh)))]\" dir=\"auto\" tabindex=\"-1\" data-turn-id=\"request-WEB:59677e25-2b00-49d2-ac56-f4bd152f0e56-16\" data-testid=\"conversation-turn-34\" data-scroll-anchor=\"true\" data-turn=\"assistant\">\n<div class=\"text-base my-auto mx-auto pb-10 [--thread-content-margin:--spacing(4)] @w-sm\/main:[--thread-content-margin:--spacing(6)] @w-lg\/main:[--thread-content-margin:--spacing(16)] px-(--thread-content-margin)\">\n<div class=\"[--thread-content-max-width:40rem] @w-lg\/main:[--thread-content-max-width:48rem] mx-auto max-w-(--thread-content-max-width) flex-1 group\/turn-messages focus-visible:outline-hidden relative flex w-full min-w-0 flex-col agent-turn\" tabindex=\"-1\">\n<div class=\"flex max-w-full flex-col grow\">\n<div class=\"min-h-8 text-message relative flex w-full flex-col items-end gap-2 text-start break-words whitespace-normal [.text-message+&amp;]:mt-1\" dir=\"auto\" data-message-author-role=\"assistant\" data-message-id=\"c470da22-b8fc-4951-a4c1-a3460cfcc73c\" data-message-model-slug=\"gpt-5-2\">\n<div class=\"flex w-full flex-col gap-1 empty:hidden first:pt-[1px]\">\n<div class=\"markdown prose dark:prose-invert w-full wrap-break-word dark markdown-new-styling\">\n<div class=\"pointer-events-none h-px w-px absolute bottom-0\" aria-hidden=\"true\" data-edge=\"true\">\n<article class=\"text-token-text-primary w-full focus:outline-none [--shadow-height:45px] has-data-writing-block:pointer-events-none has-data-writing-block:-mt-(--shadow-height) has-data-writing-block:pt-(--shadow-height) [&amp;:has([data-writing-block])&gt;*]:pointer-events-auto scroll-mt-[calc(var(--header-height)+min(200px,max(70px,20svh)))]\" dir=\"auto\" tabindex=\"-1\" data-turn-id=\"request-WEB:550dd49c-242d-4a86-9b84-975bcd145a32-30\" data-testid=\"conversation-turn-62\" data-scroll-anchor=\"false\" data-turn=\"assistant\">\n<div class=\"text-base my-auto mx-auto [--thread-content-margin:--spacing(4)] @w-sm\/main:[--thread-content-margin:--spacing(6)] @w-lg\/main:[--thread-content-margin:--spacing(16)] px-(--thread-content-margin)\">\n<div class=\"[--thread-content-max-width:40rem] @w-lg\/main:[--thread-content-max-width:48rem] mx-auto max-w-(--thread-content-max-width) flex-1 group\/turn-messages focus-visible:outline-hidden relative flex w-full min-w-0 flex-col agent-turn\" tabindex=\"-1\">\n<div class=\"flex max-w-full flex-col grow\">\n<div class=\"min-h-8 text-message relative flex w-full flex-col items-end gap-2 text-start break-words whitespace-normal [.text-message+&amp;]:mt-1\" dir=\"auto\" data-message-author-role=\"assistant\" data-message-id=\"264db2b0-d3f9-4abe-9360-3542daf637df\" data-message-model-slug=\"gpt-5-2\">\n<div class=\"flex w-full flex-col gap-1 empty:hidden first:pt-[1px]\">\n<div class=\"markdown prose dark:prose-invert w-full wrap-break-word dark markdown-new-styling\">\n<div class=\"pointer-events-none h-px w-px absolute bottom-0\" aria-hidden=\"true\" data-edge=\"true\">\n<p data-start=\"2245\" data-end=\"2348\">\n<\/div>\n<\/div>\n<\/div>\n<\/div>\n<\/div>\n<\/div>\n<\/div>\n<\/article>\n<\/div>\n<\/div>\n<\/div>\n<\/div>\n<\/div>\n<\/div>\n<\/div>\n<\/article>\n<\/div>\n<\/div>\n<\/div>\n<\/div>\n<\/div>\n<\/div>\n<\/div>\n<\/article>\n<\/div>\n<p>&nbsp;<\/p>\n<h1 data-start=\"128\" data-end=\"155\">&#x1f4f0; RASSEGNA STAMPA LOCALE, OGNI GIORNO ALLE 7 PER CHI VA DI FRETTA, ALLE 8.05 DA 43 ANNI<\/h1>\n<\/div>\n<\/div>\n<\/div>\n<\/article>\n<\/div>\n<div class=\"flex flex-col text-sm pb-25\">\n<article class=\"text-token-text-primary w-full focus:outline-none [--shadow-height:45px] has-data-writing-block:pointer-events-none has-data-writing-block:-mt-(--shadow-height) has-data-writing-block:pt-(--shadow-height) [&amp;:has([data-writing-block])&gt;*]:pointer-events-auto scroll-mt-[calc(var(--header-height)+min(200px,max(70px,20svh)))]\" dir=\"auto\" tabindex=\"-1\" data-turn-id=\"request-WEB:545a5307-a0c9-41c7-9a5f-bf65aefdb8ec-5\" data-testid=\"conversation-turn-12\" data-scroll-anchor=\"true\" data-turn=\"assistant\">\n<div class=\"text-base my-auto mx-auto pb-10 [--thread-content-margin:--spacing(4)] @w-sm\/main:[--thread-content-margin:--spacing(6)] @w-lg\/main:[--thread-content-margin:--spacing(16)] px-(--thread-content-margin)\">\n<div class=\"[--thread-content-max-width:40rem] @w-lg\/main:[--thread-content-max-width:48rem] mx-auto max-w-(--thread-content-max-width) flex-1 group\/turn-messages focus-visible:outline-hidden relative flex w-full min-w-0 flex-col agent-turn\" tabindex=\"-1\">\n<div class=\"z-0 flex min-h-[46px] justify-start\">\n<div class=\"pointer-events-none h-px w-px absolute bottom-0\" aria-hidden=\"true\" data-edge=\"true\">\n<article class=\"text-token-text-primary w-full focus:outline-none [--shadow-height:45px] has-data-writing-block:pointer-events-none has-data-writing-block:-mt-(--shadow-height) has-data-writing-block:pt-(--shadow-height) [&amp;:has([data-writing-block])&gt;*]:pointer-events-auto scroll-mt-[calc(var(--header-height)+min(200px,max(70px,20svh)))]\" dir=\"auto\" tabindex=\"-1\" data-turn-id=\"request-WEB:395a30ce-c02d-48c6-adac-8c26190c19fc-23\" data-testid=\"conversation-turn-48\" data-scroll-anchor=\"false\" data-turn=\"assistant\">\n<div class=\"text-base my-auto mx-auto [--thread-content-margin:--spacing(4)] @w-sm\/main:[--thread-content-margin:--spacing(6)] @w-lg\/main:[--thread-content-margin:--spacing(16)] px-(--thread-content-margin)\">\n<div class=\"[--thread-content-max-width:40rem] @w-lg\/main:[--thread-content-max-width:48rem] mx-auto max-w-(--thread-content-max-width) flex-1 group\/turn-messages focus-visible:outline-hidden relative flex w-full min-w-0 flex-col agent-turn\" tabindex=\"-1\">\n<div class=\"z-0 flex min-h-[46px] justify-start\">\n<div class=\"pointer-events-none h-px w-px absolute bottom-0\" aria-hidden=\"true\" data-edge=\"true\">\n<article class=\"text-token-text-primary w-full focus:outline-none [--shadow-height:45px] has-data-writing-block:pointer-events-none has-data-writing-block:-mt-(--shadow-height) has-data-writing-block:pt-(--shadow-height) [&amp;:has([data-writing-block])&gt;*]:pointer-events-auto scroll-mt-(--header-height)\" dir=\"auto\" tabindex=\"-1\" data-turn-id=\"be71d048-10d6-4822-b6f8-d8ba31ea41c6\" data-testid=\"conversation-turn-49\" data-scroll-anchor=\"false\" data-turn=\"user\">\n<div class=\"text-base my-auto mx-auto pt-12 [--thread-content-margin:--spacing(4)] @w-sm\/main:[--thread-content-margin:--spacing(6)] @w-lg\/main:[--thread-content-margin:--spacing(16)] px-(--thread-content-margin)\">\n<div class=\"[--thread-content-max-width:40rem] @w-lg\/main:[--thread-content-max-width:48rem] mx-auto max-w-(--thread-content-max-width) flex-1 group\/turn-messages focus-visible:outline-hidden relative flex w-full min-w-0 flex-col\" tabindex=\"-1\">\n<div class=\"flex max-w-full flex-col grow\">\n<div class=\"min-h-8 text-message relative flex w-full flex-col items-end gap-2 text-start break-words whitespace-normal [.text-message+&amp;]:mt-1\" dir=\"auto\" data-message-author-role=\"user\" data-message-id=\"be71d048-10d6-4822-b6f8-d8ba31ea41c6\">\n<div class=\"flex w-full flex-col gap-1 empty:hidden items-end rtl:items-start\">\n<div class=\"user-message-bubble-color corner-superellipse\/1.1 relative rounded-[18px] px-4 py-1.5 data-[multiline]:py-3 max-w-[var(--user-chat-width,70%)]\">\n<p>DI MIRKO MEZZACASA<\/p>\n<audio class=\"wp-audio-shortcode\" id=\"audio-501161-3\" preload=\"none\" style=\"width: 100%;\" controls=\"controls\"><source type=\"audio\/mpeg\" src=\"https:\/\/www.radiopiu.net\/wordpress\/wp-content\/uploads\/2026\/03\/GF07-10.mp3?_=3\" \/><a href=\"https:\/\/www.radiopiu.net\/wordpress\/wp-content\/uploads\/2026\/03\/GF07-10.mp3\">https:\/\/www.radiopiu.net\/wordpress\/wp-content\/uploads\/2026\/03\/GF07-10.mp3<\/a><\/audio>\n<p>&nbsp;<\/p>\n<p>&nbsp;<\/p>\n<\/div>\n<\/div>\n<\/div>\n<\/div>\n<\/div>\n<\/div>\n<\/article>\n<\/div>\n<div class=\"flex flex-col text-sm pb-25\">\n<article class=\"text-token-text-primary w-full focus:outline-none [--shadow-height:45px] has-data-writing-block:pointer-events-none has-data-writing-block:-mt-(--shadow-height) has-data-writing-block:pt-(--shadow-height) [&amp;:has([data-writing-block])&gt;*]:pointer-events-auto scroll-mt-[calc(var(--header-height)+min(200px,max(70px,20svh)))]\" dir=\"auto\" tabindex=\"-1\" data-turn-id=\"6396bcad-d60e-4a56-bb34-35612dfbda6f\" data-testid=\"conversation-turn-128\" data-scroll-anchor=\"true\" data-turn=\"assistant\">\n<div class=\"text-base my-auto mx-auto pb-10 [--thread-content-margin:--spacing(4)] @w-sm\/main:[--thread-content-margin:--spacing(6)] @w-lg\/main:[--thread-content-margin:--spacing(16)] px-(--thread-content-margin)\">\n<div class=\"[--thread-content-max-width:40rem] @w-lg\/main:[--thread-content-max-width:48rem] mx-auto max-w-(--thread-content-max-width) flex-1 group\/turn-messages focus-visible:outline-hidden relative flex w-full min-w-0 flex-col agent-turn\" tabindex=\"-1\">\n<div class=\"flex max-w-full flex-col grow\">\n<div class=\"min-h-8 text-message relative flex w-full flex-col items-end gap-2 text-start break-words whitespace-normal [.text-message+&amp;]:mt-1\" dir=\"auto\" data-message-author-role=\"assistant\" data-message-id=\"e1f3858c-d840-4462-97ca-2f881886e23b\" data-message-model-slug=\"gpt-5-2\">\n<div class=\"flex w-full flex-col gap-1 empty:hidden first:pt-[1px]\">\n<div class=\"markdown prose dark:prose-invert w-full wrap-break-word dark markdown-new-styling\">\n<div class=\"flex h-svh w-screen flex-col\">\n<div class=\"relative z-0 flex min-h-0 w-full flex-1\">\n<div class=\"relative flex min-h-0 w-full flex-1\">\n<div class=\"@container\/main relative flex min-w-0 flex-1 flex-col -translate-y-[calc(env(safe-area-inset-bottom,0px)\/2)] pt-[calc(env(safe-area-inset-bottom,0px)\/2)]\">\n<div class=\"@w-sm\/main:[scrollbar-gutter:stable_both-edges] touch:[scrollbar-width:none] relative flex min-h-0 min-w-0 flex-1 flex-col [scrollbar-gutter:stable] not-print:overflow-x-clip not-print:overflow-y-auto scroll-pt-(--header-height) [--sticky-padding-top:var(--header-height)] has-data-[fixed-header=less-than-xl]:@w-xl\/main:scroll-pt-0 has-data-[fixed-header=less-than-xl]:@w-xl\/main:[--sticky-padding-top:0px] has-data-[fixed-header=less-than-xxl]:@w-2xl\/main:scroll-pt-0 has-data-[fixed-header=less-than-xxl]:@w-2xl\/main:[--sticky-padding-top:0px]\" data-scroll-root=\"\">\n<div id=\"thread\" class=\"group\/thread flex flex-col min-h-full\">\n<div class=\"composer-parent flex flex-1 flex-col focus-visible:outline-0\" role=\"presentation\">\n<div class=\"relative basis-auto flex-col -mb-(--composer-overlap-px) [--composer-overlap-px:28px] grow flex\">\n<div class=\"flex flex-col text-sm pb-25\">\n<article class=\"text-token-text-primary w-full focus:outline-none [--shadow-height:45px] has-data-writing-block:pointer-events-none has-data-writing-block:-mt-(--shadow-height) has-data-writing-block:pt-(--shadow-height) [&amp;:has([data-writing-block])&gt;*]:pointer-events-auto scroll-mt-[calc(var(--header-height)+min(200px,max(70px,20svh)))]\" dir=\"auto\" tabindex=\"-1\" data-turn-id=\"aa5cda40-ad08-42ce-bf30-0508940a0d23\" data-testid=\"conversation-turn-62\" data-scroll-anchor=\"true\" data-turn=\"assistant\">\n<div class=\"text-base my-auto mx-auto pb-10 [--thread-content-margin:--spacing(4)] @w-sm\/main:[--thread-content-margin:--spacing(6)] @w-lg\/main:[--thread-content-margin:--spacing(16)] px-(--thread-content-margin)\">\n<div class=\"[--thread-content-max-width:40rem] @w-lg\/main:[--thread-content-max-width:48rem] mx-auto max-w-(--thread-content-max-width) flex-1 group\/turn-messages focus-visible:outline-hidden relative flex w-full min-w-0 flex-col agent-turn\" tabindex=\"-1\">\n<div class=\"flex max-w-full flex-col grow\">\n<div class=\"min-h-8 text-message relative flex w-full flex-col items-end gap-2 text-start break-words whitespace-normal [.text-message+&amp;]:mt-1\" dir=\"auto\" data-message-author-role=\"assistant\" data-message-id=\"d4146dd0-662c-4cdd-bbea-6d96efca9319\" data-message-model-slug=\"gpt-5-2\">\n<div class=\"flex w-full flex-col gap-1 empty:hidden first:pt-[1px]\">\n<div class=\"markdown prose dark:prose-invert w-full wrap-break-word dark markdown-new-styling\">\n<div class=\"relative basis-auto flex-col -mb-(--composer-overlap-px) [--composer-overlap-px:28px] grow flex\">\n<div class=\"flex flex-col text-sm pb-25\">\n<article class=\"text-token-text-primary w-full focus:outline-none [--shadow-height:45px] has-data-writing-block:pointer-events-none has-data-writing-block:-mt-(--shadow-height) has-data-writing-block:pt-(--shadow-height) [&amp;:has([data-writing-block])&gt;*]:pointer-events-auto scroll-mt-[calc(var(--header-height)+min(200px,max(70px,20svh)))]\" dir=\"auto\" tabindex=\"-1\" data-turn-id=\"81350bf5-52fb-42ef-83ef-88b4111dbe54\" data-testid=\"conversation-turn-28\" data-scroll-anchor=\"true\" data-turn=\"assistant\">\n<div class=\"text-base my-auto mx-auto pb-10 [--thread-content-margin:--spacing(4)] @w-sm\/main:[--thread-content-margin:--spacing(6)] @w-lg\/main:[--thread-content-margin:--spacing(16)] px-(--thread-content-margin)\">\n<div class=\"[--thread-content-max-width:40rem] @w-lg\/main:[--thread-content-max-width:48rem] mx-auto max-w-(--thread-content-max-width) flex-1 group\/turn-messages focus-visible:outline-hidden relative flex w-full min-w-0 flex-col agent-turn\" tabindex=\"-1\">\n<div class=\"flex max-w-full flex-col grow\">\n<div class=\"min-h-8 text-message relative flex w-full flex-col items-end gap-2 text-start break-words whitespace-normal [.text-message+&amp;]:mt-1\" dir=\"auto\" data-message-author-role=\"assistant\" data-message-id=\"199cbd49-05ce-45fd-b525-d3c7639e2a69\" data-message-model-slug=\"gpt-5-2\">\n<div class=\"flex w-full flex-col gap-1 empty:hidden first:pt-[1px]\">\n<div class=\"markdown prose dark:prose-invert w-full wrap-break-word dark markdown-new-styling\">\n<div class=\"flex flex-col text-sm pb-25\">\n<article class=\"text-token-text-primary w-full focus:outline-none [--shadow-height:45px] has-data-writing-block:pointer-events-none has-data-writing-block:-mt-(--shadow-height) has-data-writing-block:pt-(--shadow-height) [&amp;:has([data-writing-block])&gt;*]:pointer-events-auto scroll-mt-[calc(var(--header-height)+min(200px,max(70px,20svh)))]\" dir=\"auto\" tabindex=\"-1\" data-turn-id=\"78c97f80-bdc6-43b1-a375-f3de13fb174c\" data-testid=\"conversation-turn-34\" data-scroll-anchor=\"true\" data-turn=\"assistant\">\n<div class=\"text-base my-auto mx-auto pb-10 [--thread-content-margin:--spacing(4)] @w-sm\/main:[--thread-content-margin:--spacing(6)] @w-lg\/main:[--thread-content-margin:--spacing(16)] px-(--thread-content-margin)\">\n<div class=\"[--thread-content-max-width:40rem] @w-lg\/main:[--thread-content-max-width:48rem] mx-auto max-w-(--thread-content-max-width) flex-1 group\/turn-messages focus-visible:outline-hidden relative flex w-full min-w-0 flex-col agent-turn\" tabindex=\"-1\">\n<div class=\"flex max-w-full flex-col grow\">\n<div class=\"min-h-8 text-message relative flex w-full flex-col items-end gap-2 text-start break-words whitespace-normal [.text-message+&amp;]:mt-1\" dir=\"auto\" data-message-author-role=\"assistant\" data-message-id=\"3bb62ed5-4654-4deb-83da-f5b920ca13b7\" data-message-model-slug=\"gpt-5-2\">\n<div class=\"flex w-full flex-col gap-1 empty:hidden first:pt-[1px]\">\n<div class=\"markdown prose dark:prose-invert w-full wrap-break-word dark markdown-new-styling\">\n<div class=\"flex flex-col text-sm pb-25\">\n<article class=\"text-token-text-primary w-full focus:outline-none [--shadow-height:45px] has-data-writing-block:pointer-events-none has-data-writing-block:-mt-(--shadow-height) has-data-writing-block:pt-(--shadow-height) [&amp;:has([data-writing-block])&gt;*]:pointer-events-auto scroll-mt-[calc(var(--header-height)+min(200px,max(70px,20svh)))]\" dir=\"auto\" tabindex=\"-1\" data-turn-id=\"1c73cbbe-8723-4066-99eb-75301fa1d490\" data-testid=\"conversation-turn-122\" data-scroll-anchor=\"true\" data-turn=\"assistant\">\n<div class=\"text-base my-auto mx-auto pb-10 [--thread-content-margin:--spacing(4)] @w-sm\/main:[--thread-content-margin:--spacing(6)] @w-lg\/main:[--thread-content-margin:--spacing(16)] px-(--thread-content-margin)\">\n<div class=\"[--thread-content-max-width:40rem] @w-lg\/main:[--thread-content-max-width:48rem] mx-auto max-w-(--thread-content-max-width) flex-1 group\/turn-messages focus-visible:outline-hidden relative flex w-full min-w-0 flex-col agent-turn\" tabindex=\"-1\">\n<div class=\"z-0 flex min-h-[46px] justify-start\"><\/div>\n<\/div>\n<\/div>\n<\/article>\n<\/div>\n<\/div>\n<\/div>\n<\/div>\n<\/div>\n<\/div>\n<\/div>\n<\/article>\n<\/div>\n<\/div>\n<\/div>\n<\/div>\n<\/div>\n<\/div>\n<\/div>\n<\/article>\n<\/div>\n<\/div>\n<\/div>\n<\/div>\n<\/div>\n<\/div>\n<\/div>\n<\/div>\n<\/article>\n<\/div>\n<\/div>\n<\/div>\n<\/div>\n<\/div>\n<\/div>\n<\/div>\n<\/div>\n<\/div>\n<\/div>\n<\/div>\n<\/div>\n<\/div>\n<\/div>\n<\/div>\n<\/article>\n<\/div>\n<\/div>\n<\/div>\n<\/div>\n<\/article>\n<\/div>\n<hr \/>\n<p>&nbsp;<\/p>\n<p><strong class=\"photoswipe-wrapper\"><a class=\"dt-pswp-item\" href=\"https:\/\/www.radiopiu.net\/wordpress\/wp-content\/uploads\/2026\/01\/file-2.jpg\" data-dt-img-description=\"\" data-large_image_width=\"640\" data-large_image_height=\"640\"><img loading=\"lazy\" decoding=\"async\" class=\"aligncenter wp-image-492076\" src=\"https:\/\/www.radiopiu.net\/wordpress\/wp-content\/uploads\/2026\/01\/file-2-300x300.jpg\" alt=\"\" width=\"182\" height=\"182\" srcset=\"https:\/\/www.radiopiu.net\/wordpress\/wp-content\/uploads\/2026\/01\/file-2-300x300.jpg 300w, https:\/\/www.radiopiu.net\/wordpress\/wp-content\/uploads\/2026\/01\/file-2-150x150.jpg 150w, https:\/\/www.radiopiu.net\/wordpress\/wp-content\/uploads\/2026\/01\/file-2.jpg 640w\" sizes=\"auto, (max-width: 182px) 100vw, 182px\" \/><\/a><br \/>\nogni sera alle 19 le anticipazioni alla radio, quello che poi seguirete nel TELEGIORNALE BELLUNESE\u00a0 in onda alle 19.30 sul CANALE 10 del digitale terrestre.\u00a0\u00a0<\/strong><\/p>\n<blockquote>\n<h2>ANTICIPAZIONI,\u00a0 DI\u00a0 \u00a0 TIZIANA BOLOGNANI<\/h2>\n<audio class=\"wp-audio-shortcode\" id=\"audio-501161-4\" preload=\"none\" style=\"width: 100%;\" controls=\"controls\"><source type=\"audio\/mpeg\" src=\"https:\/\/www.radiopiu.net\/wordpress\/wp-content\/uploads\/2026\/03\/ANTENNA3-7.mp3?_=4\" \/><a href=\"https:\/\/www.radiopiu.net\/wordpress\/wp-content\/uploads\/2026\/03\/ANTENNA3-7.mp3\">https:\/\/www.radiopiu.net\/wordpress\/wp-content\/uploads\/2026\/03\/ANTENNA3-7.mp3<\/a><\/audio><\/blockquote>\n<p>&nbsp;<\/p>\n<p>&nbsp;<\/p>\n<\/div>\n<\/div>\n<\/div>\n<\/article>\n<\/div>\n<div class=\"flex flex-col text-sm pb-25\">\n<article class=\"text-token-text-primary w-full focus:outline-none [--shadow-height:45px] has-data-writing-block:pointer-events-none has-data-writing-block:-mt-(--shadow-height) has-data-writing-block:pt-(--shadow-height) [&amp;:has([data-writing-block])&gt;*]:pointer-events-auto scroll-mt-[calc(var(--header-height)+min(200px,max(70px,20svh)))]\" dir=\"auto\" tabindex=\"-1\" data-turn-id=\"request-WEB:545a5307-a0c9-41c7-9a5f-bf65aefdb8ec-5\" data-testid=\"conversation-turn-12\" data-scroll-anchor=\"true\" data-turn=\"assistant\">\n<div class=\"text-base my-auto mx-auto pb-10 [--thread-content-margin:--spacing(4)] @w-sm\/main:[--thread-content-margin:--spacing(6)] @w-lg\/main:[--thread-content-margin:--spacing(16)] px-(--thread-content-margin)\">\n<div class=\"[--thread-content-max-width:40rem] @w-lg\/main:[--thread-content-max-width:48rem] mx-auto max-w-(--thread-content-max-width) flex-1 group\/turn-messages focus-visible:outline-hidden relative flex w-full min-w-0 flex-col agent-turn\" tabindex=\"-1\">\n<div class=\"z-0 flex min-h-[46px] justify-start\">\n<p>&nbsp;<\/p>\n<p>&nbsp;<\/p>\n<hr \/>\n<p>&nbsp;<\/p>\n<h1><span style=\"color: #ff0000;\"><a class=\"dt-pswp-item\" href=\"https:\/\/www.radiopiu.net\/wordpress\/wp-content\/uploads\/2024\/11\/8.jpg\" data-dt-img-description=\"\" data-large_image_width=\"180\" data-large_image_height=\"180\"><img loading=\"lazy\" decoding=\"async\" class=\"size-full wp-image-417910 aligncenter\" src=\"https:\/\/www.radiopiu.net\/wordpress\/wp-content\/uploads\/2024\/11\/8.jpg\" alt=\"\" width=\"180\" height=\"180\" srcset=\"https:\/\/www.radiopiu.net\/wordpress\/wp-content\/uploads\/2024\/11\/8.jpg 180w, https:\/\/www.radiopiu.net\/wordpress\/wp-content\/uploads\/2024\/11\/8-150x150.jpg 150w\" sizes=\"auto, (max-width: 180px) 100vw, 180px\" \/><\/a><\/span><\/h1>\n<h1><span style=\"color: #ff0000;\">I podcast informativi del mattino &#8211; video &#8211;\u00a0<\/span><\/h1>\n<h2 style=\"text-align: left;\"><strong>RASSEGNA STAMPA LOCALE, ORE OTTO<\/strong><\/h2>\n<h2><strong><span style=\"color: #0000ff;\">viene\u00a0 <\/span><\/strong><strong><span style=\"color: #0000ff;\">pubblicata alle 8.05 <span style=\"color: #ff0000;\">DIRETTA RADIO\u00a0 \u00a0<\/span><\/span><\/strong><strong>DI MIRKO MEZZACASA<\/strong><\/h2>\n<h1><span style=\"color: #ff0000;\"><strong>VIDEO\u00a0 \u00a0in diretta AGGIORNAMENTO\u00a0 dalle 8 del mattino<\/strong><\/span><\/h1>\n<p><iframe loading=\"lazy\" title=\"DAL 1983 LA RASSEGNA STAMPA LOCALE di mirko mezzacasa. L&#039;ORIGINALE\" width=\"1200\" height=\"675\" src=\"https:\/\/www.youtube.com\/embed\/0QaIKsG23AA?feature=oembed\" frameborder=\"0\" allow=\"accelerometer; autoplay; clipboard-write; encrypted-media; gyroscope; picture-in-picture; web-share\" referrerpolicy=\"strict-origin-when-cross-origin\" allowfullscreen><\/iframe><\/p>\n<\/div>\n<\/div>\n<\/div>\n<\/article>\n<\/div>\n<p>&nbsp;<\/p>\n<hr \/>\n<p>&nbsp;<\/p>\n<blockquote>\n<h3 style=\"text-align: center;\">ACQUA DI NUOVO POTABILE A LIVINALLONGO E VOLTAGO<\/h3>\n<\/blockquote>\n<p><strong><a class=\"dt-pswp-item\" href=\"https:\/\/www.radiopiu.net\/wordpress\/wp-content\/uploads\/2023\/08\/acqua.jpeg\" data-dt-img-description=\"\" data-large_image_width=\"1038\" data-large_image_height=\"688\"><img loading=\"lazy\" decoding=\"async\" class=\"aligncenter size-medium wp-image-348061\" src=\"https:\/\/www.radiopiu.net\/wordpress\/wp-content\/uploads\/2023\/08\/acqua-300x199.jpeg\" alt=\"\" width=\"300\" height=\"199\" srcset=\"https:\/\/www.radiopiu.net\/wordpress\/wp-content\/uploads\/2023\/08\/acqua-300x199.jpeg 300w, https:\/\/www.radiopiu.net\/wordpress\/wp-content\/uploads\/2023\/08\/acqua-1024x679.jpeg 1024w, https:\/\/www.radiopiu.net\/wordpress\/wp-content\/uploads\/2023\/08\/acqua-768x509.jpeg 768w, https:\/\/www.radiopiu.net\/wordpress\/wp-content\/uploads\/2023\/08\/acqua.jpeg 1038w\" sizes=\"auto, (max-width: 300px) 100vw, 300px\" \/><\/a>\u00a0<\/strong><\/p>\n<p><strong>REDAZIONE <\/strong><span class=\"BZ_Pyq_fadeIn\">Servizi <\/span><span class=\"BZ_Pyq_fadeIn\">Integrati <\/span><span class=\"BZ_Pyq_fadeIn\">Bellunesi <\/span><span class=\"BZ_Pyq_fadeIn\">informa <\/span><span class=\"BZ_Pyq_fadeIn\">la <\/span><span class=\"BZ_Pyq_fadeIn\">popolazione <\/span><span class=\"BZ_Pyq_fadeIn\">di <\/span><span class=\"BZ_Pyq_fadeIn\">Livinallongo <\/span><span class=\"BZ_Pyq_fadeIn\">del <\/span><span class=\"BZ_Pyq_fadeIn\">Col <\/span><span class=\"BZ_Pyq_fadeIn\">di <\/span><span class=\"BZ_Pyq_fadeIn\">Lana <\/span><span class=\"BZ_Pyq_fadeIn\">che <\/span><span class=\"BZ_Pyq_fadeIn\">nelle <\/span><span class=\"BZ_Pyq_fadeIn\">localit\u00e0 <\/span><span class=\"BZ_Pyq_fadeIn\">Pieve, <\/span><span class=\"BZ_Pyq_fadeIn\">Col <\/span><span class=\"BZ_Pyq_fadeIn\">Sotto <\/span><span class=\"BZ_Pyq_fadeIn\">Chiesa, <\/span><span class=\"BZ_Pyq_fadeIn\">Retic <\/span><span class=\"BZ_Pyq_fadeIn\">e <\/span><span class=\"BZ_Pyq_fadeIn\">Gruoppa <\/span><span class=\"BZ_Pyq_fadeIn\">l\u2019acqua <\/span><span class=\"BZ_Pyq_fadeIn\">erogata <\/span><span class=\"BZ_Pyq_fadeIn\">dall\u2019acquedotto <\/span><span class=\"BZ_Pyq_fadeIn\">\u00e8 <\/span><span class=\"BZ_Pyq_fadeIn\">tornata <\/span><span class=\"BZ_Pyq_fadeIn\">potabile <\/span><span class=\"BZ_Pyq_fadeIn\">e <\/span><span class=\"BZ_Pyq_fadeIn\">pu\u00f2 <\/span><span class=\"BZ_Pyq_fadeIn\">quindi <\/span><span class=\"BZ_Pyq_fadeIn\">essere <\/span><span class=\"BZ_Pyq_fadeIn\">utilizzata <\/span><span class=\"BZ_Pyq_fadeIn\">normalmente <\/span><span class=\"BZ_Pyq_fadeIn\">anche <\/span><span class=\"BZ_Pyq_fadeIn\">per <\/span><span class=\"BZ_Pyq_fadeIn\">scopi <\/span><span class=\"BZ_Pyq_fadeIn\">alimentari, <\/span><span class=\"BZ_Pyq_fadeIn\">senza <\/span><span class=\"BZ_Pyq_fadeIn\">necessit\u00e0 <\/span><span class=\"BZ_Pyq_fadeIn\">di <\/span><span class=\"BZ_Pyq_fadeIn\">bollitura. <\/span><span class=\"BZ_Pyq_fadeIn\">La <\/span><span class=\"BZ_Pyq_fadeIn\">societ\u00e0 <\/span><span class=\"BZ_Pyq_fadeIn\">comunica <\/span><span class=\"BZ_Pyq_fadeIn\">che, <\/span><span class=\"BZ_Pyq_fadeIn\">a <\/span><span class=\"BZ_Pyq_fadeIn\">seguito <\/span><span class=\"BZ_Pyq_fadeIn\">degli <\/span><span class=\"BZ_Pyq_fadeIn\">interventi <\/span><span class=\"BZ_Pyq_fadeIn\">di <\/span><span class=\"BZ_Pyq_fadeIn\">pulizia <\/span><span class=\"BZ_Pyq_fadeIn\">e <\/span><span class=\"BZ_Pyq_fadeIn\">disinfezione <\/span><span class=\"BZ_Pyq_fadeIn\">dei <\/span><span class=\"BZ_Pyq_fadeIn\">serbatoi <\/span><span class=\"BZ_Pyq_fadeIn\">e <\/span><span class=\"BZ_Pyq_fadeIn\">della <\/span><span class=\"BZ_Pyq_fadeIn\">rete <\/span><span class=\"BZ_Pyq_fadeIn\">idrica, <\/span><span class=\"BZ_Pyq_fadeIn\">sono <\/span><span class=\"BZ_Pyq_fadeIn\">state <\/span><span class=\"BZ_Pyq_fadeIn\">ripristinate <\/span><span class=\"BZ_Pyq_fadeIn\">le <\/span><span class=\"BZ_Pyq_fadeIn\">normali <\/span><span class=\"BZ_Pyq_fadeIn\">condizioni <\/span><span class=\"BZ_Pyq_fadeIn\">di <\/span><span class=\"BZ_Pyq_fadeIn\">sicurezza <\/span><span class=\"BZ_Pyq_fadeIn\">e <\/span><span class=\"BZ_Pyq_fadeIn\">qualit\u00e0 <\/span><span class=\"BZ_Pyq_fadeIn\">dell\u2019acqua. <\/span><span class=\"BZ_Pyq_fadeIn\">Anche <\/span><span class=\"BZ_Pyq_fadeIn\">nella <\/span><span class=\"BZ_Pyq_fadeIn\">localit\u00e0 <\/span><span class=\"BZ_Pyq_fadeIn\">Digoman <\/span><span class=\"BZ_Pyq_fadeIn\">di <\/span><span class=\"BZ_Pyq_fadeIn\">Voltago <\/span><span class=\"BZ_Pyq_fadeIn\">Agordino <\/span><span class=\"BZ_Pyq_fadeIn\">la <\/span><span class=\"BZ_Pyq_fadeIn\">situazione <\/span><span class=\"BZ_Pyq_fadeIn\">\u00e8 <\/span><span class=\"BZ_Pyq_fadeIn\">rientrata <\/span><span class=\"BZ_Pyq_fadeIn\">nella <\/span><span class=\"BZ_Pyq_fadeIn\">normalit\u00e0 <\/span><span class=\"BZ_Pyq_fadeIn\">e <\/span><span class=\"BZ_Pyq_fadeIn\">l\u2019acqua <\/span><span class=\"BZ_Pyq_fadeIn\">\u00e8 <\/span><span class=\"BZ_Pyq_fadeIn\">nuovamente <\/span><span class=\"BZ_Pyq_fadeIn\">potabile.<\/span><\/p>\n<p>&nbsp;<\/p>\n<blockquote>\n<h3 style=\"text-align: center;\"><span class=\"BZ_Pyq_fadeIn\">ACQUA <\/span><span class=\"BZ_Pyq_fadeIn\">NON <\/span><span class=\"BZ_Pyq_fadeIn\">POTABILE <\/span><span class=\"BZ_Pyq_fadeIn\">IN <\/span><span class=\"BZ_Pyq_fadeIn\">ALCUNE <\/span><span class=\"BZ_Pyq_fadeIn\">LOCALIT\u00c0 <\/span><span class=\"BZ_Pyq_fadeIn\">DI <\/span><span class=\"BZ_Pyq_fadeIn\">LIVINALLONGO<\/span><\/h3>\n<\/blockquote>\n<p><span class=\"BZ_Pyq_fadeIn\"><strong>LIVINALLONGO <\/strong>Servizi <\/span><span class=\"BZ_Pyq_fadeIn\">Integrati <\/span><span class=\"BZ_Pyq_fadeIn\">Bellunesi <\/span><span class=\"BZ_Pyq_fadeIn\">informa <\/span><span class=\"BZ_Pyq_fadeIn\">che <\/span><span class=\"BZ_Pyq_fadeIn\">a <\/span><span class=\"BZ_Pyq_fadeIn\">Livinallongo <\/span><span class=\"BZ_Pyq_fadeIn\">del <\/span><span class=\"BZ_Pyq_fadeIn\">Col <\/span><span class=\"BZ_Pyq_fadeIn\">di <\/span><span class=\"BZ_Pyq_fadeIn\">Lana, <\/span><span class=\"BZ_Pyq_fadeIn\">nelle <\/span><span class=\"BZ_Pyq_fadeIn\">localit\u00e0 <\/span><span class=\"BZ_Pyq_fadeIn\">Alfauro, <\/span><span class=\"BZ_Pyq_fadeIn\">Crepaz, <\/span><span class=\"BZ_Pyq_fadeIn\">Pezzei, <\/span><span class=\"BZ_Pyq_fadeIn\">Ruaz <\/span><span class=\"BZ_Pyq_fadeIn\">e <\/span><span class=\"BZ_Pyq_fadeIn\">San <\/span><span class=\"BZ_Pyq_fadeIn\">Giovanni, <\/span><span class=\"BZ_Pyq_fadeIn\">l\u2019acqua <\/span><span class=\"BZ_Pyq_fadeIn\">dell\u2019acquedotto <\/span><span class=\"BZ_Pyq_fadeIn\">non <\/span><span class=\"BZ_Pyq_fadeIn\">\u00e8 <\/span><span class=\"BZ_Pyq_fadeIn\">potabile. <\/span><span class=\"BZ_Pyq_fadeIn\">Pu\u00f2 <\/span><span class=\"BZ_Pyq_fadeIn\">essere <\/span><span class=\"BZ_Pyq_fadeIn\">utilizzata <\/span><span class=\"BZ_Pyq_fadeIn\">per <\/span><span class=\"BZ_Pyq_fadeIn\">scopi <\/span><span class=\"BZ_Pyq_fadeIn\">alimentari <\/span><span class=\"BZ_Pyq_fadeIn\">solo <\/span><span class=\"BZ_Pyq_fadeIn\">previa <\/span><span class=\"BZ_Pyq_fadeIn\">bollitura. <\/span><span class=\"BZ_Pyq_fadeIn\">Attivato <\/span><span class=\"BZ_Pyq_fadeIn\">un <\/span><span class=\"BZ_Pyq_fadeIn\">servizio <\/span><span class=\"BZ_Pyq_fadeIn\">sostitutivo <\/span><span class=\"BZ_Pyq_fadeIn\">con <\/span><span class=\"BZ_Pyq_fadeIn\">cisterna <\/span><span class=\"BZ_Pyq_fadeIn\">presso <\/span><span class=\"BZ_Pyq_fadeIn\">la <\/span><span class=\"BZ_Pyq_fadeIn\">Latteria <\/span><span class=\"BZ_Pyq_fadeIn\">Sociale <\/span><span class=\"BZ_Pyq_fadeIn\">di <\/span><span class=\"BZ_Pyq_fadeIn\">Arabba. <\/span><span class=\"BZ_Pyq_fadeIn\">Avviati <\/span><span class=\"BZ_Pyq_fadeIn\">interventi <\/span><span class=\"BZ_Pyq_fadeIn\">di <\/span><span class=\"BZ_Pyq_fadeIn\">pulizia <\/span><span class=\"BZ_Pyq_fadeIn\">e <\/span><span class=\"BZ_Pyq_fadeIn\">disinfezione <\/span><span class=\"BZ_Pyq_fadeIn\">di <\/span><span class=\"BZ_Pyq_fadeIn\">serbatoi <\/span><span class=\"BZ_Pyq_fadeIn\">e <\/span><span class=\"BZ_Pyq_fadeIn\">rete <\/span><span class=\"BZ_Pyq_fadeIn\">idrica.<\/span><\/p>\n<p>&nbsp;<\/p>\n<p>&nbsp;<\/p>\n<hr \/>\n<p>&nbsp;<\/p>\n<blockquote>\n<h3 style=\"text-align: center;\">INFORTUNIO SUL LAVORO, OPERAIO PORTATO AL PRONTO SOCCORSO<\/h3>\n<\/blockquote>\n<p><strong><a class=\"dt-pswp-item\" href=\"https:\/\/www.radiopiu.net\/wordpress\/wp-content\/uploads\/2026\/03\/Screenshot-2026-03-12-142143-e1773321730148.png\" data-dt-img-description=\"\" data-large_image_width=\"141\" data-large_image_height=\"138\"><img loading=\"lazy\" decoding=\"async\" class=\"aligncenter size-full wp-image-501263\" src=\"https:\/\/www.radiopiu.net\/wordpress\/wp-content\/uploads\/2026\/03\/Screenshot-2026-03-12-142143-e1773321730148.png\" alt=\"\" width=\"141\" height=\"138\" \/><\/a>\u00a0<\/strong><\/p>\n<p><strong>PEDAVENA<\/strong><\/p>\n<div class=\"flex max-w-full flex-col gap-4 grow\">\n<div class=\"min-h-8 text-message relative flex w-full flex-col items-end gap-2 text-start break-words whitespace-normal [.text-message+&amp;]:mt-1\" dir=\"auto\" data-message-author-role=\"assistant\" data-message-id=\"f2757cd2-ce2e-43f7-97ee-bef077cfeb66\" data-message-model-slug=\"gpt-5-3\">\n<div class=\"flex w-full flex-col gap-1 empty:hidden\">\n<div class=\"markdown prose dark:prose-invert w-full wrap-break-word dark markdown-new-styling\">\n<p data-start=\"68\" data-end=\"262\">Un operaio di 42 anni, originario di Caltanissetta, \u00e8 rimasto ferito ieri mattina in un infortunio sul lavoro nel cantiere di ristrutturazione dell\u2019ufficio postale di Pedavena. L\u2019incidente \u00e8 avvenuto poco prima delle 8.30 nello stabile di via Giovanni Luciani, interessato dai lavori del progetto Polis di Poste Italiane. L\u2019uomo, dipendente di una ditta edile impegnata nel cantiere, \u00e8 caduto pesantemente a terra, forse a causa di un malessere. Soccorso dal Suem 118, \u00e8 stato trasportato al Pronto soccorso di Feltre e successivamente trasferito all\u2019ospedale Ca\u2019 Foncello di Treviso per ulteriori accertamenti. Le sue condizioni sono serie ma non sarebbe in pericolo di vita. Sul posto sono intervenuti carabinieri e tecnici dello Spisal per verificare la dinamica dell\u2019incidente. I lavori alle Poste di Pedavena sono ormai agli ultimi giorni e la riapertura \u00e8 prevista il prossimo mese.<\/p>\n<\/div>\n<\/div>\n<\/div>\n<\/div>\n<div class=\"z-0 flex min-h-[46px] justify-start\"><\/div>\n<p>&nbsp;<\/p>\n<p>&nbsp;<\/p>\n<hr \/>\n<p>&nbsp;<\/p>\n<div class=\"page-title-head hgroup\">\n<h3 class=\"entry-title\" style=\"text-align: center;\">ALLARME INTRUSIONE ALLA DOLOMIEU: EDUCATORE INSEGUE IL MALVIVENTE E CADE IN UN TOMBINO<\/h3>\n<\/div>\n<div class=\"page-title-breadcrumbs\"><\/div>\n<p><strong>LONGARONE<\/strong><\/p>\n<div class=\"flex max-w-full flex-col gap-4 grow\">\n<div class=\"min-h-8 text-message relative flex w-full flex-col items-end gap-2 text-start break-words whitespace-normal [.text-message+&amp;]:mt-1\" dir=\"auto\" data-message-author-role=\"assistant\" data-message-id=\"5459b272-9f9e-4f33-8022-e6252040943f\" data-message-model-slug=\"gpt-5-3\">\n<div class=\"flex w-full flex-col gap-1 empty:hidden\">\n<div class=\"markdown prose dark:prose-invert w-full wrap-break-word dark markdown-new-styling\">\n<p class=\"photoswipe-wrapper\" data-start=\"92\" data-end=\"303\"><a class=\"dt-pswp-item pspw-wrap-ready\" href=\"https:\/\/www.radiopiu.net\/wordpress\/wp-content\/uploads\/2026\/03\/Screenshot-2026-03-13-050459.png\" data-dt-img-description=\"\" data-large_image_width=\"496\" data-large_image_height=\"154\"><img loading=\"lazy\" decoding=\"async\" class=\"aligncenter wp-image-501371 size-full\" src=\"https:\/\/www.radiopiu.net\/wordpress\/wp-content\/uploads\/2026\/03\/Screenshot-2026-03-13-050459.png\" sizes=\"auto, (max-width: 496px) 100vw, 496px\" srcset=\"https:\/\/www.radiopiu.net\/wordpress\/wp-content\/uploads\/2026\/03\/Screenshot-2026-03-13-050459.png 496w, https:\/\/www.radiopiu.net\/wordpress\/wp-content\/uploads\/2026\/03\/Screenshot-2026-03-13-050459-300x93.png 300w\" alt=\"\" width=\"496\" height=\"154\" \/><\/a><\/p>\n<\/div>\n<\/div>\n<\/div>\n<\/div>\n<div class=\"flex max-w-full flex-col gap-4 grow\">\n<div class=\"min-h-8 text-message relative flex w-full flex-col items-end gap-2 text-start break-words whitespace-normal [.text-message+&amp;]:mt-1\" dir=\"auto\" data-message-author-role=\"assistant\" data-message-id=\"5459b272-9f9e-4f33-8022-e6252040943f\" data-message-model-slug=\"gpt-5-3\">\n<div class=\"flex w-full flex-col gap-1 empty:hidden\">\n<div class=\"markdown prose dark:prose-invert w-full wrap-break-word dark markdown-new-styling\">\n<p data-start=\"92\" data-end=\"303\">Momenti di paura nella serata di ieri a Longarone, all\u2019istituto alberghiero Dolomieu, dove un educatore \u00e8 rimasto ferito mentre interveniva per un presunto tentativo di intrusione nel convitto femminile. L\u2019uomo, un dipendente cinquantenne della scuola, \u00e8 stato soccorso poco dopo le 21 dall\u2019ambulanza del Suem 118 e dai vigili del fuoco, che lo hanno recuperato da un tombino profondo circa tre metri nel quale era caduto accidentalmente. Trasportato all\u2019ospedale San Martino di Belluno, l\u2019educatore \u00e8 rimasto sempre cosciente e avrebbe riportato un politrauma, ma le sue condizioni non sembrano gravi. Secondo una prima ricostruzione, uno sconosciuto avrebbe tentato di entrare nel convitto femminile, forzando una finestra. Alcune studentesse si sarebbero accorte del movimento sospetto e avrebbero dato l\u2019allarme. L\u2019educatore di turno sarebbe arrivato subito sul posto e, durante le concitate fasi successive \u2013 forse un inseguimento o un tentativo di fermare l\u2019intruso \u2013 sarebbe caduto nel tombino. Sul posto sono intervenute anche due pattuglie della polizia, che hanno raccolto le prime testimonianze tra le studentesse per chiarire quanto accaduto e verificare eventuali responsabilit\u00e0 legate alla sicurezza dell\u2019area. Informate immediatamente la dirigente scolastica Maria Pastrello e la vice Serena Dal Borgo. Dalla scuola -tramite il CORRIERE DELLE ALPI &#8211;\u00a0 fanno sapere che l\u2019educatore non ha mai perso conoscenza e che nessuna studentessa \u00e8 rimasta ferita. Le indagini sono in corso per capire se si sia trattato davvero di un tentativo di effrazione e per ricostruire con precisione la dinamica dell\u2019incidente. Nel frattempo i vigili del fuoco e la polizia stileranno relazioni dettagliate sull\u2019accaduto.<br \/>\n*<\/p>\n<p>*<\/p>\n<\/div>\n<\/div>\n<\/div>\n<\/div>\n<hr \/>\n<p>&nbsp;<\/p>\n<blockquote>\n<h3 style=\"text-align: center;\">CONSULTA CONFERMA I LIMITI ALLO IURE SANGUINIS<\/h3>\n<\/blockquote>\n<p><strong><a class=\"dt-pswp-item\" href=\"https:\/\/www.radiopiu.net\/wordpress\/wp-content\/uploads\/2024\/11\/PASSAPORTO.jpg\" data-dt-img-description=\"\" data-large_image_width=\"1280\" data-large_image_height=\"908\"><img loading=\"lazy\" decoding=\"async\" class=\"aligncenter size-medium wp-image-421670\" src=\"https:\/\/www.radiopiu.net\/wordpress\/wp-content\/uploads\/2024\/11\/PASSAPORTO-300x213.jpg\" alt=\"\" width=\"300\" height=\"213\" srcset=\"https:\/\/www.radiopiu.net\/wordpress\/wp-content\/uploads\/2024\/11\/PASSAPORTO-300x213.jpg 300w, https:\/\/www.radiopiu.net\/wordpress\/wp-content\/uploads\/2024\/11\/PASSAPORTO-1024x726.jpg 1024w, https:\/\/www.radiopiu.net\/wordpress\/wp-content\/uploads\/2024\/11\/PASSAPORTO-768x545.jpg 768w, https:\/\/www.radiopiu.net\/wordpress\/wp-content\/uploads\/2024\/11\/PASSAPORTO.jpg 1280w\" sizes=\"auto, (max-width: 300px) 100vw, 300px\" \/><\/a>\u00a0<\/strong><\/p>\n<p><strong>REDAZIONE <\/strong><span class=\"BZ_Pyq_fadeIn\">La <\/span><span class=\"hover:entity-accent entity-underline inline cursor-pointer align-baseline\"><span class=\"whitespace-normal\">Corte costituzionale<\/span><\/span> <span class=\"BZ_Pyq_fadeIn\">ha <\/span><span class=\"BZ_Pyq_fadeIn\">dichiarato <\/span><span class=\"BZ_Pyq_fadeIn\">in <\/span><span class=\"BZ_Pyq_fadeIn\">parte <\/span><span class=\"BZ_Pyq_fadeIn\">non <\/span><span class=\"BZ_Pyq_fadeIn\">fondate <\/span><span class=\"BZ_Pyq_fadeIn\">e <\/span><span class=\"BZ_Pyq_fadeIn\">in <\/span><span class=\"BZ_Pyq_fadeIn\">parte <\/span><span class=\"BZ_Pyq_fadeIn\">inammissibili <\/span><span class=\"BZ_Pyq_fadeIn\">le <\/span><span class=\"BZ_Pyq_fadeIn\">questioni <\/span><span class=\"BZ_Pyq_fadeIn\">di <\/span><span class=\"BZ_Pyq_fadeIn\">legittimit\u00e0 <\/span><span class=\"BZ_Pyq_fadeIn\">sollevate <\/span><span class=\"BZ_Pyq_fadeIn\">dal <\/span><span class=\"BZ_Pyq_fadeIn\">Tribunale <\/span><span class=\"BZ_Pyq_fadeIn\">di <\/span><span class=\"BZ_Pyq_fadeIn\">Torino <\/span><span class=\"BZ_Pyq_fadeIn\">sulle <\/span><span class=\"BZ_Pyq_fadeIn\">nuove <\/span><span class=\"BZ_Pyq_fadeIn\">norme <\/span><span class=\"BZ_Pyq_fadeIn\">riguardanti <\/span><span class=\"BZ_Pyq_fadeIn\">la <\/span><span class=\"BZ_Pyq_fadeIn\">cittadinanza <\/span><span class=\"BZ_Pyq_fadeIn\">italiana. <\/span><span class=\"BZ_Pyq_fadeIn\">Al <\/span><span class=\"BZ_Pyq_fadeIn\">centro <\/span><span class=\"BZ_Pyq_fadeIn\">del <\/span><span class=\"BZ_Pyq_fadeIn\">giudizio <\/span><span class=\"BZ_Pyq_fadeIn\">l\u2019articolo <\/span><span class=\"BZ_Pyq_fadeIn\">1 <\/span><span class=\"BZ_Pyq_fadeIn\">del <\/span><span class=\"BZ_Pyq_fadeIn\">decreto-<\/span><span class=\"BZ_Pyq_fadeIn\">legge <\/span><span class=\"BZ_Pyq_fadeIn\">n. <\/span><span class=\"BZ_Pyq_fadeIn\">36 <\/span><span class=\"BZ_Pyq_fadeIn\">del <\/span><span class=\"BZ_Pyq_fadeIn\">2025, <\/span><span class=\"BZ_Pyq_fadeIn\">convertito <\/span><span class=\"BZ_Pyq_fadeIn\">nella <\/span><span class=\"BZ_Pyq_fadeIn\">legge <\/span><span class=\"BZ_Pyq_fadeIn\">n. <\/span><span class=\"BZ_Pyq_fadeIn\">74 <\/span><span class=\"BZ_Pyq_fadeIn\">del <\/span><span class=\"BZ_Pyq_fadeIn\">2025, <\/span><span class=\"BZ_Pyq_fadeIn\">che <\/span><span class=\"BZ_Pyq_fadeIn\">introduce <\/span><span class=\"BZ_Pyq_fadeIn\">limiti <\/span><span class=\"BZ_Pyq_fadeIn\">alla <\/span><span class=\"BZ_Pyq_fadeIn\">trasmissione <\/span><span class=\"BZ_Pyq_fadeIn\">automatica <\/span><span class=\"BZ_Pyq_fadeIn\">della <\/span><span class=\"BZ_Pyq_fadeIn\">cittadinanza <\/span><span class=\"BZ_Pyq_fadeIn\">per <\/span><span class=\"BZ_Pyq_fadeIn\">discendenza. <\/span><span class=\"BZ_Pyq_fadeIn\">Per <\/span><span class=\"BZ_Pyq_fadeIn\">anni <\/span><span class=\"BZ_Pyq_fadeIn\">lo <\/span><em data-start=\"479\" data-end=\"495\"><span class=\"BZ_Pyq_fadeIn\">iure <\/span><span class=\"BZ_Pyq_fadeIn\">sanguinis<\/span><\/em> <span class=\"BZ_Pyq_fadeIn\">ha <\/span><span class=\"BZ_Pyq_fadeIn\">consentito <\/span><span class=\"BZ_Pyq_fadeIn\">a <\/span><span class=\"BZ_Pyq_fadeIn\">discendenti <\/span><span class=\"BZ_Pyq_fadeIn\">anche <\/span><span class=\"BZ_Pyq_fadeIn\">molto <\/span><span class=\"BZ_Pyq_fadeIn\">lontani <\/span><span class=\"BZ_Pyq_fadeIn\">di <\/span><span class=\"BZ_Pyq_fadeIn\">italiani <\/span><span class=\"BZ_Pyq_fadeIn\">di <\/span><span class=\"BZ_Pyq_fadeIn\">ottenere <\/span><span class=\"BZ_Pyq_fadeIn\">il <\/span><span class=\"BZ_Pyq_fadeIn\">passaporto <\/span><span class=\"BZ_Pyq_fadeIn\">nazionale <\/span><span class=\"BZ_Pyq_fadeIn\">semplicemente <\/span><span class=\"BZ_Pyq_fadeIn\">dimostrando <\/span><span class=\"BZ_Pyq_fadeIn\">l\u2019esistenza <\/span><span class=\"BZ_Pyq_fadeIn\">di <\/span><span class=\"BZ_Pyq_fadeIn\">un <\/span><span class=\"BZ_Pyq_fadeIn\">antenato, <\/span><span class=\"BZ_Pyq_fadeIn\">spesso <\/span><span class=\"BZ_Pyq_fadeIn\">senza <\/span><span class=\"BZ_Pyq_fadeIn\">alcun <\/span><span class=\"BZ_Pyq_fadeIn\">legame <\/span><span class=\"BZ_Pyq_fadeIn\">reale <\/span><span class=\"BZ_Pyq_fadeIn\">con <\/span><span class=\"BZ_Pyq_fadeIn\">il <\/span><span class=\"BZ_Pyq_fadeIn\">Paese. <\/span><span class=\"BZ_Pyq_fadeIn\">La <\/span><span class=\"BZ_Pyq_fadeIn\">nuova <\/span><span class=\"BZ_Pyq_fadeIn\">normativa <\/span><span class=\"BZ_Pyq_fadeIn\">stabilisce <\/span><span class=\"BZ_Pyq_fadeIn\">invece <\/span><span class=\"BZ_Pyq_fadeIn\">che <\/span><span class=\"BZ_Pyq_fadeIn\">chi <\/span><span class=\"BZ_Pyq_fadeIn\">nasce <\/span><span class=\"BZ_Pyq_fadeIn\">all\u2019estero <\/span><span class=\"BZ_Pyq_fadeIn\">e <\/span><span class=\"BZ_Pyq_fadeIn\">possiede <\/span><span class=\"BZ_Pyq_fadeIn\">gi\u00e0 <\/span><span class=\"BZ_Pyq_fadeIn\">un\u2019altra <\/span><span class=\"BZ_Pyq_fadeIn\">cittadinanza <\/span><span class=\"BZ_Pyq_fadeIn\">non <\/span><span class=\"BZ_Pyq_fadeIn\">\u00e8 <\/span><span class=\"BZ_Pyq_fadeIn\">considerato <\/span><span class=\"BZ_Pyq_fadeIn\">automaticamente <\/span><span class=\"BZ_Pyq_fadeIn\">cittadino <\/span><span class=\"BZ_Pyq_fadeIn\">italiano, <\/span><span class=\"BZ_Pyq_fadeIn\">salvo <\/span><span class=\"BZ_Pyq_fadeIn\">dimostrare <\/span><span class=\"BZ_Pyq_fadeIn\">un <\/span><span class=\"BZ_Pyq_fadeIn\">rapporto <\/span><span class=\"BZ_Pyq_fadeIn\">concreto <\/span><span class=\"BZ_Pyq_fadeIn\">con <\/span><span class=\"BZ_Pyq_fadeIn\">l\u2019Italia. <\/span><span class=\"BZ_Pyq_fadeIn\">La <\/span><span class=\"BZ_Pyq_fadeIn\">legge <\/span><span class=\"BZ_Pyq_fadeIn\">prevede <\/span><span class=\"BZ_Pyq_fadeIn\">inoltre <\/span><span class=\"BZ_Pyq_fadeIn\">alcune <\/span><span class=\"BZ_Pyq_fadeIn\">condizioni <\/span><span class=\"BZ_Pyq_fadeIn\">precise: <\/span><span class=\"BZ_Pyq_fadeIn\">aver <\/span><span class=\"BZ_Pyq_fadeIn\">presentato <\/span><span class=\"BZ_Pyq_fadeIn\">domanda <\/span><span class=\"BZ_Pyq_fadeIn\">di <\/span><span class=\"BZ_Pyq_fadeIn\">riconoscimento <\/span><span class=\"BZ_Pyq_fadeIn\">entro <\/span><span class=\"BZ_Pyq_fadeIn\">il <\/span><span class=\"BZ_Pyq_fadeIn\">27 <\/span><span class=\"BZ_Pyq_fadeIn\">marzo <\/span><span class=\"BZ_Pyq_fadeIn\">2025 <\/span><span class=\"BZ_Pyq_fadeIn\">oppure <\/span><span class=\"BZ_Pyq_fadeIn\">dimostrare <\/span><span class=\"BZ_Pyq_fadeIn\">che <\/span><span class=\"BZ_Pyq_fadeIn\">un <\/span><span class=\"BZ_Pyq_fadeIn\">genitore <\/span><span class=\"BZ_Pyq_fadeIn\">o <\/span><span class=\"BZ_Pyq_fadeIn\">un <\/span><span class=\"BZ_Pyq_fadeIn\">nonno <\/span><span class=\"BZ_Pyq_fadeIn\">possedesse <\/span><span class=\"BZ_Pyq_fadeIn\">esclusivamente <\/span><span class=\"BZ_Pyq_fadeIn\">la <\/span><span class=\"BZ_Pyq_fadeIn\">cittadinanza <\/span><span class=\"BZ_Pyq_fadeIn\">italiana. <\/span><span class=\"BZ_Pyq_fadeIn\">In <\/span><span class=\"BZ_Pyq_fadeIn\">alternativa, <\/span><span class=\"BZ_Pyq_fadeIn\">vale <\/span><span class=\"BZ_Pyq_fadeIn\">la <\/span><span class=\"BZ_Pyq_fadeIn\">residenza <\/span><span class=\"BZ_Pyq_fadeIn\">in <\/span><span class=\"BZ_Pyq_fadeIn\">Italia <\/span><span class=\"BZ_Pyq_fadeIn\">di <\/span><span class=\"BZ_Pyq_fadeIn\">almeno <\/span><span class=\"BZ_Pyq_fadeIn\">due <\/span><span class=\"BZ_Pyq_fadeIn\">anni <\/span><span class=\"BZ_Pyq_fadeIn\">di <\/span><span class=\"BZ_Pyq_fadeIn\">un <\/span><span class=\"BZ_Pyq_fadeIn\">genitore <\/span><span class=\"BZ_Pyq_fadeIn\">prima <\/span><span class=\"BZ_Pyq_fadeIn\">della <\/span><span class=\"BZ_Pyq_fadeIn\">nascita <\/span><span class=\"BZ_Pyq_fadeIn\">o <\/span><span class=\"BZ_Pyq_fadeIn\">dell\u2019adozione. <\/span><span class=\"BZ_Pyq_fadeIn\">Secondo <\/span><span class=\"BZ_Pyq_fadeIn\">la <\/span><span class=\"BZ_Pyq_fadeIn\">Consulta, <\/span><span class=\"BZ_Pyq_fadeIn\">la <\/span><span class=\"BZ_Pyq_fadeIn\">distinzione <\/span><span class=\"BZ_Pyq_fadeIn\">basata <\/span><span class=\"BZ_Pyq_fadeIn\">sulla <\/span><span class=\"BZ_Pyq_fadeIn\">data <\/span><span class=\"BZ_Pyq_fadeIn\">di <\/span><span class=\"BZ_Pyq_fadeIn\">presentazione <\/span><span class=\"BZ_Pyq_fadeIn\">della <\/span><span class=\"BZ_Pyq_fadeIn\">domanda <\/span><span class=\"BZ_Pyq_fadeIn\">non <\/span><span class=\"BZ_Pyq_fadeIn\">\u00e8 <\/span><span class=\"BZ_Pyq_fadeIn\">arbitraria <\/span><span class=\"BZ_Pyq_fadeIn\">ma <\/span><span class=\"BZ_Pyq_fadeIn\">risponde <\/span><span class=\"BZ_Pyq_fadeIn\">a <\/span><span class=\"BZ_Pyq_fadeIn\">una <\/span><span class=\"BZ_Pyq_fadeIn\">scelta <\/span><span class=\"BZ_Pyq_fadeIn\">politica <\/span><span class=\"BZ_Pyq_fadeIn\">legittima <\/span><span class=\"BZ_Pyq_fadeIn\">di <\/span><span class=\"BZ_Pyq_fadeIn\">rafforzare <\/span><span class=\"BZ_Pyq_fadeIn\">il <\/span><span class=\"BZ_Pyq_fadeIn\">legame <\/span><span class=\"BZ_Pyq_fadeIn\">reale <\/span><span class=\"BZ_Pyq_fadeIn\">con <\/span><span class=\"BZ_Pyq_fadeIn\">la <\/span><span class=\"BZ_Pyq_fadeIn\">comunit\u00e0 <\/span><span class=\"BZ_Pyq_fadeIn\">nazionale.<\/span><\/p>\n<p>&nbsp;<\/p>\n<hr \/>\n<p><strong><span class=\"BZ_Pyq_fadeIn\"><br \/>\n<span style=\"color: #ff0000;\">OGGI LA GIUDIZIARIA<\/span><br \/>\n<span style=\"color: #ff0000;\">DAL CORRIERE DELLE ALPI &#8211; SINTESI<\/span><\/span><\/strong><\/p>\n<p><strong><span style=\"color: #ff0000;\">GIGI SOSSO<\/span><\/strong><\/p>\n<h2 style=\"text-align: center;\" data-start=\"0\" data-end=\"44\"><strong data-start=\"0\" data-end=\"44\"><a class=\"dt-pswp-item\" href=\"https:\/\/www.radiopiu.net\/wordpress\/wp-content\/uploads\/2026\/03\/Screenshot-2026-03-13-051853-1.png\" data-dt-img-description=\"\" data-large_image_width=\"411\" data-large_image_height=\"284\"><img loading=\"lazy\" decoding=\"async\" class=\"aligncenter wp-image-501389 size-full\" src=\"https:\/\/www.radiopiu.net\/wordpress\/wp-content\/uploads\/2026\/03\/Screenshot-2026-03-13-051853-1.png\" alt=\"\" width=\"411\" height=\"284\" srcset=\"https:\/\/www.radiopiu.net\/wordpress\/wp-content\/uploads\/2026\/03\/Screenshot-2026-03-13-051853-1.png 411w, https:\/\/www.radiopiu.net\/wordpress\/wp-content\/uploads\/2026\/03\/Screenshot-2026-03-13-051853-1-300x207.png 300w\" sizes=\"auto, (max-width: 411px) 100vw, 411px\" \/><\/a><\/strong><\/h2>\n<h2 style=\"text-align: center;\" data-start=\"0\" data-end=\"44\"><strong data-start=\"0\" data-end=\"44\">FAVORIRONO LA FUGA DEL MEDICO CONDANNATO<\/strong><\/h2>\n<p data-start=\"46\" data-end=\"244\"><strong>BELLUNO<\/strong> Nuovi sviluppi nel caso dello psichiatra Maurizio Guglielmo, fuggito in Belize dopo la condanna definitiva a 5 anni e 4 mesi per circonvenzione dell\u2019anziano milionario Guido Ricci. La Procura di Belluno accusa di procurata inosservanza di pena l\u2019avvocato napoletano Massimo Romano e i bellunesi Fabio Frare e Tiziano Dal Farra, ritenuti coinvolti nel tentativo di favorire la latitanza del medico. Secondo le indagini dei carabinieri, Dal Farra avrebbe mantenuto i contatti tra Guglielmo e la madre, mentre Frare sarebbe stato visto entrare nella casa di famiglia con atteggiamento sospetto. Si ipotizzava anche un trasferimento dell\u2019anziana in Belize. Il piano per\u00f2 \u00e8 fallito: i documenti del medico sono stati rubati e la giustizia italiana ha bloccato i beni della madre con un amministratore di sostegno. Il processo proseguir\u00e0 il 6 luglio.<\/p>\n<p>&nbsp;<\/p>\n<h2 style=\"text-align: center;\" data-start=\"0\" data-end=\"42\"><strong data-start=\"0\" data-end=\"42\">HASHISH IN COMUNIT\u00c0, ACCUSATO UN AMICO<\/strong><\/h2>\n<p><strong>BELLUNO<\/strong> Tensione alla Residenza sanitaria di Cusighe, dove un ospite, particolarmente agitato, avrebbe aggredito un operatore prendendolo per il collo. Durante un controllo nel suo borsello gli infermieri hanno trovato hashish. Alla domanda su chi glielo avesse procurato, l\u2019uomo ha indicato Devid Vidale, che per\u00f2 nega ogni coinvolgimento nell\u2019accusa di spaccio. Attualmente si trova agli arresti domiciliari al Cepac di Ficarolo ed \u00e8 in attesa di entrare in una comunit\u00e0 di recupero. Il principale accusatore, per\u00f2, \u00e8 stato giudicato incapace di testimoniare da uno psichiatra. In tribunale sono state quindi acquisite le sue dichiarazioni del 2023, ma il giudice dovr\u00e0 valutarne attentamente l\u2019attendibilit\u00e0. Il processo proseguir\u00e0 con nuove testimonianze: prossima udienza il 25 maggio.<\/p>\n<h2 style=\"text-align: center;\" data-start=\"0\" data-end=\"54\"><strong data-start=\"0\" data-end=\"54\">UBRIACO IN BICICLETTA, VALORI RECORD ALL\u2019ALCOLTEST<\/strong><\/h2>\n<p><strong>FELTRE <\/strong>Pedalava per le strade di Feltre con vistose sbandate, attirando l\u2019attenzione di una pattuglia di polizia. Fermato per un controllo, un 35enne italiano \u00e8 risultato fortemente ubriaco all\u2019alcoltest. I valori rilevati sono stati impressionanti: 3,30 e 3,56 grammi di alcol per litro di sangue, livelli che sfiorano il coma etilico e che in condizioni normali richiederebbero un intervento medico. L\u2019uomo \u00e8 stato denunciato per guida in stato di ebbrezza, reato che vale anche per chi conduce una bicicletta. Il caso \u00e8 finito in tribunale, dove la difesa potrebbe contestare il funzionamento dell\u2019etilometro. Il Codice della strada prevede una multa da 1.500 a 6.000 euro e l\u2019arresto da sei mesi a un anno. In questo caso non \u00e8 prevista la sospensione della patente.<\/p>\n<p>&nbsp;<\/p>\n<hr \/>\n<p>&nbsp;<\/p>\n<h1 class=\"_title post-title entry-title\">BELLUNO | SANITA\u2019, SCONTRO SU FONDO DA 30 ML. DEL BIANCO: \u00abOPERAZIONE DI MARKETING\u00bb<\/h1>\n<p>Intervistati ALESSANDRO DEL BIANCO CONSIGLIERE REGIONALE PD (AL TELEFONO) (Servizio di\u00a0<a href=\"https:\/\/antennatre.medianordest.it\/redazione\/Tiziana-Bolognani\/\">Tiziana Bolognani<\/a>)<\/p>\n<p><iframe loading=\"lazy\" title=\"SANITA&#039;, SCONTRO SU FONDO DA 30 ML. DEL BIANCO: \u00abOPERAZIONE DI MARKETING\u00bb | 12\/03\/2026\" width=\"1200\" height=\"675\" src=\"https:\/\/www.youtube.com\/embed\/DP5LGk_N3tw?feature=oembed\" frameborder=\"0\" allow=\"accelerometer; autoplay; clipboard-write; encrypted-media; gyroscope; picture-in-picture; web-share\" referrerpolicy=\"strict-origin-when-cross-origin\" allowfullscreen><\/iframe><\/p>\n<hr \/>\n<p>&nbsp;<\/p>\n<blockquote>\n<h3 style=\"text-align: center;\">SEREN DEL GRAPPA, AL VIA I LAVORI DI MESSA IN SICUREZZA A COL DEI BOFFAT<\/h3>\n<\/blockquote>\n<p><strong>SEREN DEL GRAPPA\u00a0 <\/strong><span class=\"BZ_Pyq_fadeIn\">Partiranno <\/span><span class=\"BZ_Pyq_fadeIn\">nel <\/span><span class=\"BZ_Pyq_fadeIn\">mese <\/span><span class=\"BZ_Pyq_fadeIn\">di <\/span><span class=\"BZ_Pyq_fadeIn\">aprile <\/span><span class=\"BZ_Pyq_fadeIn\">i <\/span><span class=\"BZ_Pyq_fadeIn\">lavori <\/span><span class=\"BZ_Pyq_fadeIn\">di <\/span><span class=\"BZ_Pyq_fadeIn\">ripristino <\/span><span class=\"BZ_Pyq_fadeIn\">e <\/span><span class=\"BZ_Pyq_fadeIn\">messa <\/span><span class=\"BZ_Pyq_fadeIn\">in <\/span><span class=\"BZ_Pyq_fadeIn\">sicurezza <\/span><span class=\"BZ_Pyq_fadeIn\">in <\/span><span class=\"BZ_Pyq_fadeIn\">localit\u00e0 <\/span><span class=\"BZ_Pyq_fadeIn\">Pian <\/span><span class=\"BZ_Pyq_fadeIn\">dei <\/span><span class=\"BZ_Pyq_fadeIn\">Boffat, <\/span><span class=\"BZ_Pyq_fadeIn\">nella <\/span><span class=\"BZ_Pyq_fadeIn\">Valle <\/span><span class=\"BZ_Pyq_fadeIn\">di <\/span><span class=\"BZ_Pyq_fadeIn\">Seren, <\/span><span class=\"BZ_Pyq_fadeIn\">nel <\/span><span class=\"BZ_Pyq_fadeIn\">territorio <\/span><span class=\"BZ_Pyq_fadeIn\">di <\/span><span class=\"BZ_Pyq_fadeIn\">Seren <\/span><span class=\"BZ_Pyq_fadeIn\">del <\/span><span class=\"BZ_Pyq_fadeIn\">Grappa. <\/span><span class=\"BZ_Pyq_fadeIn\">L\u2019intervento <\/span><span class=\"BZ_Pyq_fadeIn\">\u00e8 <\/span><span class=\"BZ_Pyq_fadeIn\">stato <\/span><span class=\"BZ_Pyq_fadeIn\">confermato <\/span><span class=\"BZ_Pyq_fadeIn\">dopo <\/span><span class=\"BZ_Pyq_fadeIn\">il <\/span><span class=\"BZ_Pyq_fadeIn\">sopralluogo <\/span><span class=\"BZ_Pyq_fadeIn\">svolto <\/span><span class=\"BZ_Pyq_fadeIn\">mercoled\u00ec <\/span><span class=\"BZ_Pyq_fadeIn\">con <\/span><span class=\"BZ_Pyq_fadeIn\">il <\/span><span class=\"BZ_Pyq_fadeIn\">progettista, <\/span><span class=\"BZ_Pyq_fadeIn\">il <\/span><span class=\"BZ_Pyq_fadeIn\">geologo <\/span><span class=\"BZ_Pyq_fadeIn\">e <\/span><span class=\"BZ_Pyq_fadeIn\">il <\/span><span class=\"BZ_Pyq_fadeIn\">rappresentante <\/span><span class=\"BZ_Pyq_fadeIn\">della <\/span><span class=\"BZ_Pyq_fadeIn\">ditta <\/span><span class=\"BZ_Pyq_fadeIn\">incaricata <\/span><span class=\"BZ_Pyq_fadeIn\">dei <\/span><span class=\"BZ_Pyq_fadeIn\">lavori. <\/span><span class=\"BZ_Pyq_fadeIn\">L\u2019opera <\/span><span class=\"BZ_Pyq_fadeIn\">si <\/span><span class=\"BZ_Pyq_fadeIn\">rende <\/span><span class=\"BZ_Pyq_fadeIn\">necessaria <\/span><span class=\"BZ_Pyq_fadeIn\">a <\/span><span class=\"BZ_Pyq_fadeIn\">seguito <\/span><span class=\"BZ_Pyq_fadeIn\">del <\/span><span class=\"BZ_Pyq_fadeIn\">violento <\/span><span class=\"BZ_Pyq_fadeIn\">evento <\/span><span class=\"BZ_Pyq_fadeIn\">alluvionale <\/span><span class=\"BZ_Pyq_fadeIn\">che <\/span><span class=\"BZ_Pyq_fadeIn\">tra <\/span><span class=\"BZ_Pyq_fadeIn\">il <\/span><span class=\"BZ_Pyq_fadeIn\">5 <\/span><span class=\"BZ_Pyq_fadeIn\">e <\/span><span class=\"BZ_Pyq_fadeIn\">il <\/span><span class=\"BZ_Pyq_fadeIn\">6 <\/span><span class=\"BZ_Pyq_fadeIn\">dicembre <\/span><span class=\"BZ_Pyq_fadeIn\">2020 <\/span><span class=\"BZ_Pyq_fadeIn\">colp\u00ec <\/span><span class=\"BZ_Pyq_fadeIn\">l\u2019area, <\/span><span class=\"BZ_Pyq_fadeIn\">provocando <\/span><span class=\"BZ_Pyq_fadeIn\">frane <\/span><span class=\"BZ_Pyq_fadeIn\">e <\/span><span class=\"BZ_Pyq_fadeIn\">smottamenti. <\/span><span class=\"BZ_Pyq_fadeIn\">In <\/span><span class=\"BZ_Pyq_fadeIn\">particolare, <\/span><span class=\"BZ_Pyq_fadeIn\">il <\/span><span class=\"BZ_Pyq_fadeIn\">nubifragio <\/span><span class=\"BZ_Pyq_fadeIn\">caus\u00f2 <\/span><span class=\"BZ_Pyq_fadeIn\">il <\/span><span class=\"BZ_Pyq_fadeIn\">distacco <\/span><span class=\"BZ_Pyq_fadeIn\">di <\/span><span class=\"BZ_Pyq_fadeIn\">una <\/span><span class=\"BZ_Pyq_fadeIn\">grande <\/span><span class=\"BZ_Pyq_fadeIn\">massa <\/span><span class=\"BZ_Pyq_fadeIn\">di <\/span><span class=\"BZ_Pyq_fadeIn\">materiale <\/span><span class=\"BZ_Pyq_fadeIn\">che <\/span><span class=\"BZ_Pyq_fadeIn\">arriv\u00f2 <\/span><span class=\"BZ_Pyq_fadeIn\">fino <\/span><span class=\"BZ_Pyq_fadeIn\">alla <\/span><span class=\"BZ_Pyq_fadeIn\">strada <\/span><span class=\"BZ_Pyq_fadeIn\">comunale <\/span><span class=\"BZ_Pyq_fadeIn\">vicino <\/span><span class=\"BZ_Pyq_fadeIn\">all\u2019abitato <\/span><span class=\"BZ_Pyq_fadeIn\">di <\/span><span class=\"BZ_Pyq_fadeIn\">Col <\/span><span class=\"BZ_Pyq_fadeIn\">dei <\/span><span class=\"BZ_Pyq_fadeIn\">Boffat, <\/span><span class=\"BZ_Pyq_fadeIn\">rendendo <\/span><span class=\"BZ_Pyq_fadeIn\">indispensabile <\/span><span class=\"BZ_Pyq_fadeIn\">un <\/span><span class=\"BZ_Pyq_fadeIn\">intervento <\/span><span class=\"BZ_Pyq_fadeIn\">strutturale. <\/span><span class=\"BZ_Pyq_fadeIn\">Il <\/span><span class=\"BZ_Pyq_fadeIn\">progetto <\/span><span class=\"BZ_Pyq_fadeIn\">esecutivo <\/span><span class=\"BZ_Pyq_fadeIn\">\u00e8 <\/span><span class=\"BZ_Pyq_fadeIn\">stato <\/span><span class=\"BZ_Pyq_fadeIn\">redatto <\/span><span class=\"BZ_Pyq_fadeIn\">dalla <\/span><span class=\"BZ_Pyq_fadeIn\">societ\u00e0 <\/span><span class=\"BZ_Pyq_fadeIn\">Alpigeo <\/span><span class=\"BZ_Pyq_fadeIn\">di <\/span><span class=\"BZ_Pyq_fadeIn\">Belluno <\/span><span class=\"BZ_Pyq_fadeIn\">e <\/span><span class=\"BZ_Pyq_fadeIn\">punta <\/span><span class=\"BZ_Pyq_fadeIn\">a <\/span><span class=\"BZ_Pyq_fadeIn\">risolvere <\/span><span class=\"BZ_Pyq_fadeIn\">in <\/span><span class=\"BZ_Pyq_fadeIn\">modo <\/span><span class=\"BZ_Pyq_fadeIn\">definitivo <\/span><span class=\"BZ_Pyq_fadeIn\">le <\/span><span class=\"BZ_Pyq_fadeIn\">criticit\u00e0 <\/span><span class=\"BZ_Pyq_fadeIn\">del <\/span><span class=\"BZ_Pyq_fadeIn\">versante. <\/span><span class=\"BZ_Pyq_fadeIn\">Sono <\/span><span class=\"BZ_Pyq_fadeIn\">previsti <\/span><span class=\"BZ_Pyq_fadeIn\">il <\/span><span class=\"BZ_Pyq_fadeIn\">consolidamento <\/span><span class=\"BZ_Pyq_fadeIn\">della <\/span><span class=\"BZ_Pyq_fadeIn\">nicchia <\/span><span class=\"BZ_Pyq_fadeIn\">di <\/span><span class=\"BZ_Pyq_fadeIn\">frana <\/span><span class=\"BZ_Pyq_fadeIn\">con <\/span><span class=\"BZ_Pyq_fadeIn\">strutture <\/span><span class=\"BZ_Pyq_fadeIn\">ancorate <\/span><span class=\"BZ_Pyq_fadeIn\">al <\/span><span class=\"BZ_Pyq_fadeIn\">terreno, <\/span><span class=\"BZ_Pyq_fadeIn\">la <\/span><span class=\"BZ_Pyq_fadeIn\">realizzazione <\/span><span class=\"BZ_Pyq_fadeIn\">di <\/span><span class=\"BZ_Pyq_fadeIn\">trincee <\/span><span class=\"BZ_Pyq_fadeIn\">drenanti <\/span><span class=\"BZ_Pyq_fadeIn\">per <\/span><span class=\"BZ_Pyq_fadeIn\">la <\/span><span class=\"BZ_Pyq_fadeIn\">gestione <\/span><span class=\"BZ_Pyq_fadeIn\">delle <\/span><span class=\"BZ_Pyq_fadeIn\">acque <\/span><span class=\"BZ_Pyq_fadeIn\">sotterranee <\/span><span class=\"BZ_Pyq_fadeIn\">e <\/span><span class=\"BZ_Pyq_fadeIn\">la <\/span><span class=\"BZ_Pyq_fadeIn\">sistemazione <\/span><span class=\"BZ_Pyq_fadeIn\">della <\/span><span class=\"BZ_Pyq_fadeIn\">viabilit\u00e0 <\/span><span class=\"BZ_Pyq_fadeIn\">con <\/span><span class=\"BZ_Pyq_fadeIn\">la <\/span><span class=\"BZ_Pyq_fadeIn\">pulizia <\/span><span class=\"BZ_Pyq_fadeIn\">del <\/span><span class=\"BZ_Pyq_fadeIn\">tombotto <\/span><span class=\"BZ_Pyq_fadeIn\">esistente <\/span><span class=\"BZ_Pyq_fadeIn\">e <\/span><span class=\"BZ_Pyq_fadeIn\">la <\/span><span class=\"BZ_Pyq_fadeIn\">costruzione <\/span><span class=\"BZ_Pyq_fadeIn\">di <\/span><span class=\"BZ_Pyq_fadeIn\">un <\/span><span class=\"BZ_Pyq_fadeIn\">nuovo <\/span><span class=\"BZ_Pyq_fadeIn\">pozzetto <\/span><span class=\"BZ_Pyq_fadeIn\">di <\/span><span class=\"BZ_Pyq_fadeIn\">raccolta. <\/span><span class=\"BZ_Pyq_fadeIn\">L\u2019intervento <\/span><span class=\"BZ_Pyq_fadeIn\">ha <\/span><span class=\"BZ_Pyq_fadeIn\">un <\/span><span class=\"BZ_Pyq_fadeIn\">costo <\/span><span class=\"BZ_Pyq_fadeIn\">complessivo <\/span><span class=\"BZ_Pyq_fadeIn\">di <\/span><span class=\"BZ_Pyq_fadeIn\">170 <\/span><span class=\"BZ_Pyq_fadeIn\">mila <\/span><span class=\"BZ_Pyq_fadeIn\">euro.<\/span><\/p>\n<p><strong>IL SINDACO DI SEREN DEL GRAPPA DARIO SCOPEL<\/strong><\/p>\n<div style=\"width: 1200px;\" class=\"wp-video\"><video class=\"wp-video-shortcode\" id=\"video-501161-1\" width=\"1200\" height=\"675\" preload=\"metadata\" controls=\"controls\"><source type=\"video\/mp4\" src=\"https:\/\/www.radiopiu.net\/wordpress\/wp-content\/uploads\/2026\/03\/WhatsApp-Video-2026-03-12-at-15.23.23.mp4?_=1\" \/><a href=\"https:\/\/www.radiopiu.net\/wordpress\/wp-content\/uploads\/2026\/03\/WhatsApp-Video-2026-03-12-at-15.23.23.mp4\">https:\/\/www.radiopiu.net\/wordpress\/wp-content\/uploads\/2026\/03\/WhatsApp-Video-2026-03-12-at-15.23.23.mp4<\/a><\/video><\/div>\n<p>&nbsp;<\/p>\n\n\t\t\t<style type='text\/css'>\n\t\t\t\t#gallery-1 {\n\t\t\t\t\tmargin: auto;\n\t\t\t\t}\n\t\t\t\t#gallery-1 .gallery-item {\n\t\t\t\t\tfloat: left;\n\t\t\t\t\tmargin-top: 10px;\n\t\t\t\t\ttext-align: center;\n\t\t\t\t\twidth: 20%;\n\t\t\t\t}\n\t\t\t\t#gallery-1 img {\n\t\t\t\t\tborder: 2px solid #cfcfcf;\n\t\t\t\t}\n\t\t\t\t#gallery-1 .gallery-caption {\n\t\t\t\t\tmargin-left: 0;\n\t\t\t\t}\n\t\t\t\t\/* see gallery_shortcode() in wp-includes\/media.php *\/\n\t\t\t<\/style>\n\t\t<div id='gallery-1' class='dt-gallery-container gallery galleryid-501161 gallery-columns-5 gallery-size-thumbnail'><dl class='gallery-item'>\n\t\t\t\t<dt class='gallery-icon landscape'>\n\t\t\t\t\t<a class=\"rollover rollover-zoom dt-pswp-item\" title=\"ee2967be-41fb-4bfe-b5f5-77b202ce77e1\" data-dt-img-description=\"\" data-large_image_width=\"1600\" data-large_image_height=\"1200\"href='https:\/\/www.radiopiu.net\/wordpress\/wp-content\/uploads\/2026\/03\/ee2967be-41fb-4bfe-b5f5-77b202ce77e1.jpg'><img loading=\"lazy\" decoding=\"async\" width=\"150\" height=\"150\" src=\"https:\/\/www.radiopiu.net\/wordpress\/wp-content\/uploads\/2026\/03\/ee2967be-41fb-4bfe-b5f5-77b202ce77e1-150x150.jpg\" class=\"attachment-thumbnail size-thumbnail\" alt=\"\" \/><\/a>\n\t\t\t\t<\/dt><\/dl><dl class='gallery-item'>\n\t\t\t\t<dt class='gallery-icon portrait'>\n\t\t\t\t\t<a class=\"rollover rollover-zoom dt-pswp-item\" title=\"7da209f8-c8b4-4393-9e12-6b98ba60b2be\" data-dt-img-description=\"\" data-large_image_width=\"1200\" data-large_image_height=\"1600\"href='https:\/\/www.radiopiu.net\/wordpress\/wp-content\/uploads\/2026\/03\/7da209f8-c8b4-4393-9e12-6b98ba60b2be.jpg'><img loading=\"lazy\" decoding=\"async\" width=\"150\" height=\"150\" src=\"https:\/\/www.radiopiu.net\/wordpress\/wp-content\/uploads\/2026\/03\/7da209f8-c8b4-4393-9e12-6b98ba60b2be-150x150.jpg\" class=\"attachment-thumbnail size-thumbnail\" alt=\"\" \/><\/a>\n\t\t\t\t<\/dt><\/dl><dl class='gallery-item'>\n\t\t\t\t<dt class='gallery-icon portrait'>\n\t\t\t\t\t<a class=\"rollover rollover-zoom dt-pswp-item\" title=\"caa6c32b-3ac2-402f-baa3-be20d56f8485\" data-dt-img-description=\"\" data-large_image_width=\"762\" data-large_image_height=\"1600\"href='https:\/\/www.radiopiu.net\/wordpress\/wp-content\/uploads\/2026\/03\/caa6c32b-3ac2-402f-baa3-be20d56f8485.jpg'><img loading=\"lazy\" decoding=\"async\" width=\"150\" height=\"150\" src=\"https:\/\/www.radiopiu.net\/wordpress\/wp-content\/uploads\/2026\/03\/caa6c32b-3ac2-402f-baa3-be20d56f8485-150x150.jpg\" class=\"attachment-thumbnail size-thumbnail\" alt=\"\" \/><\/a>\n\t\t\t\t<\/dt><\/dl><dl class='gallery-item'>\n\t\t\t\t<dt class='gallery-icon landscape'>\n\t\t\t\t\t<a class=\"rollover rollover-zoom dt-pswp-item\" title=\"3a2feeab-9e17-46bb-a9c6-70766b9d6789\" data-dt-img-description=\"\" data-large_image_width=\"1600\" data-large_image_height=\"762\"href='https:\/\/www.radiopiu.net\/wordpress\/wp-content\/uploads\/2026\/03\/3a2feeab-9e17-46bb-a9c6-70766b9d6789.jpg'><img loading=\"lazy\" decoding=\"async\" width=\"150\" height=\"150\" src=\"https:\/\/www.radiopiu.net\/wordpress\/wp-content\/uploads\/2026\/03\/3a2feeab-9e17-46bb-a9c6-70766b9d6789-150x150.jpg\" class=\"attachment-thumbnail size-thumbnail\" alt=\"\" \/><\/a>\n\t\t\t\t<\/dt><\/dl><dl class='gallery-item'>\n\t\t\t\t<dt class='gallery-icon portrait'>\n\t\t\t\t\t<a class=\"rollover rollover-zoom dt-pswp-item\" title=\"009b548a-1b26-429b-a7f9-107632f82f9c\" data-dt-img-description=\"\" data-large_image_width=\"1200\" data-large_image_height=\"1600\"href='https:\/\/www.radiopiu.net\/wordpress\/wp-content\/uploads\/2026\/03\/009b548a-1b26-429b-a7f9-107632f82f9c.jpg'><img loading=\"lazy\" decoding=\"async\" width=\"150\" height=\"150\" src=\"https:\/\/www.radiopiu.net\/wordpress\/wp-content\/uploads\/2026\/03\/009b548a-1b26-429b-a7f9-107632f82f9c-150x150.jpg\" class=\"attachment-thumbnail size-thumbnail\" alt=\"\" \/><\/a>\n\t\t\t\t<\/dt><\/dl><br style=\"clear: both\" \/>\n\t\t\t<\/div>\n\n<p>&nbsp;<\/p>\n<hr \/>\n<p>&nbsp;<\/p>\n<blockquote>\n<h3><span class=\"BZ_Pyq_fadeIn\">DISCRIMINAZIONI <\/span><span class=\"BZ_Pyq_fadeIn\">SUL <\/span><span class=\"BZ_Pyq_fadeIn\">LAVORO, <\/span><span class=\"BZ_Pyq_fadeIn\">NEL <\/span><span class=\"BZ_Pyq_fadeIn\">2025 <\/span><span class=\"BZ_Pyq_fadeIn\">AUMENTANO <\/span><span class=\"BZ_Pyq_fadeIn\">LE <\/span><span class=\"BZ_Pyq_fadeIn\">SEGNALAZIONI <\/span><span class=\"BZ_Pyq_fadeIn\">NEL <\/span><span class=\"BZ_Pyq_fadeIn\">BELLUNESE<\/span><\/h3>\n<\/blockquote>\n<p><span class=\"BZ_Pyq_fadeIn\"><strong><a class=\"dt-pswp-item\" href=\"https:\/\/www.radiopiu.net\/wordpress\/wp-content\/uploads\/2020\/03\/SMART-WORKING.jpg\" data-dt-img-description=\"\" data-large_image_width=\"1198\" data-large_image_height=\"844\"><img loading=\"lazy\" decoding=\"async\" class=\"aligncenter size-medium wp-image-120941\" src=\"https:\/\/www.radiopiu.net\/wordpress\/wp-content\/uploads\/2020\/03\/SMART-WORKING-300x211.jpg\" alt=\"\" width=\"300\" height=\"211\" srcset=\"https:\/\/www.radiopiu.net\/wordpress\/wp-content\/uploads\/2020\/03\/SMART-WORKING-300x211.jpg 300w, https:\/\/www.radiopiu.net\/wordpress\/wp-content\/uploads\/2020\/03\/SMART-WORKING-1024x721.jpg 1024w, https:\/\/www.radiopiu.net\/wordpress\/wp-content\/uploads\/2020\/03\/SMART-WORKING-768x541.jpg 768w, https:\/\/www.radiopiu.net\/wordpress\/wp-content\/uploads\/2020\/03\/SMART-WORKING.jpg 1198w\" sizes=\"auto, (max-width: 300px) 100vw, 300px\" \/><\/a>\u00a0<\/strong><\/span><\/p>\n<p><span class=\"BZ_Pyq_fadeIn\"><strong>BELLUNO <\/strong>Un <\/span><span class=\"BZ_Pyq_fadeIn\">anno <\/span><span class=\"BZ_Pyq_fadeIn\">intenso <\/span><span class=\"BZ_Pyq_fadeIn\">sul <\/span><span class=\"BZ_Pyq_fadeIn\">fronte <\/span><span class=\"BZ_Pyq_fadeIn\">della <\/span><span class=\"BZ_Pyq_fadeIn\">tutela <\/span><span class=\"BZ_Pyq_fadeIn\">dei <\/span><span class=\"BZ_Pyq_fadeIn\">diritti <\/span><span class=\"BZ_Pyq_fadeIn\">e <\/span><span class=\"BZ_Pyq_fadeIn\">della <\/span><span class=\"BZ_Pyq_fadeIn\">parit\u00e0 <\/span><span class=\"BZ_Pyq_fadeIn\">di <\/span><span class=\"BZ_Pyq_fadeIn\">genere <\/span><span class=\"BZ_Pyq_fadeIn\">nel <\/span><span class=\"BZ_Pyq_fadeIn\">mondo <\/span><span class=\"BZ_Pyq_fadeIn\">del <\/span><span class=\"BZ_Pyq_fadeIn\">lavoro. <\/span><span class=\"BZ_Pyq_fadeIn\">\u00c8 <\/span><span class=\"BZ_Pyq_fadeIn\">quanto <\/span><span class=\"BZ_Pyq_fadeIn\">emerge <\/span><span class=\"BZ_Pyq_fadeIn\">dalla <\/span><span class=\"BZ_Pyq_fadeIn\">relazione <\/span><span class=\"BZ_Pyq_fadeIn\">sull\u2019attivit\u00e0 <\/span><span class=\"BZ_Pyq_fadeIn\">2025 <\/span><span class=\"BZ_Pyq_fadeIn\">presentata <\/span><span class=\"BZ_Pyq_fadeIn\">dalla <\/span><span class=\"BZ_Pyq_fadeIn\">consigliera <\/span><span class=\"BZ_Pyq_fadeIn\">di <\/span><span class=\"BZ_Pyq_fadeIn\">parit\u00e0 <\/span><span class=\"BZ_Pyq_fadeIn\">della <\/span><span class=\"BZ_Pyq_fadeIn\">Provincia <\/span><span class=\"BZ_Pyq_fadeIn\">di <\/span><span class=\"BZ_Pyq_fadeIn\">Belluno, <\/span><span class=\"hover:entity-accent entity-underline inline cursor-pointer align-baseline\"><span class=\"whitespace-normal\">Flavia Monego<\/span><\/span><span class=\"BZ_Pyq_fadeIn\">. <\/span><span class=\"BZ_Pyq_fadeIn\">Nel <\/span><span class=\"BZ_Pyq_fadeIn\">corso <\/span><span class=\"BZ_Pyq_fadeIn\">dell\u2019anno <\/span><span class=\"BZ_Pyq_fadeIn\">l\u2019ufficio <\/span><span class=\"BZ_Pyq_fadeIn\">ha <\/span><span class=\"BZ_Pyq_fadeIn\">registrato <\/span><span class=\"BZ_Pyq_fadeIn\">135 <\/span><span class=\"BZ_Pyq_fadeIn\">accessi <\/span><span class=\"BZ_Pyq_fadeIn\">al <\/span><span class=\"BZ_Pyq_fadeIn\">servizio <\/span><span class=\"BZ_Pyq_fadeIn\">di <\/span><span class=\"BZ_Pyq_fadeIn\">consulenza: <\/span><span class=\"BZ_Pyq_fadeIn\">76 <\/span><span class=\"BZ_Pyq_fadeIn\">da <\/span><span class=\"BZ_Pyq_fadeIn\">parte <\/span><span class=\"BZ_Pyq_fadeIn\">di <\/span><span class=\"BZ_Pyq_fadeIn\">donne <\/span><span class=\"BZ_Pyq_fadeIn\">e <\/span><span class=\"BZ_Pyq_fadeIn\">59 <\/span><span class=\"BZ_Pyq_fadeIn\">da <\/span><span class=\"BZ_Pyq_fadeIn\">uomini, <\/span><span class=\"BZ_Pyq_fadeIn\">un <\/span><span class=\"BZ_Pyq_fadeIn\">dato <\/span><span class=\"BZ_Pyq_fadeIn\">in <\/span><span class=\"BZ_Pyq_fadeIn\">lieve <\/span><span class=\"BZ_Pyq_fadeIn\">aumento <\/span><span class=\"BZ_Pyq_fadeIn\">rispetto <\/span><span class=\"BZ_Pyq_fadeIn\">all\u2019anno <\/span><span class=\"BZ_Pyq_fadeIn\">precedente. <\/span><span class=\"BZ_Pyq_fadeIn\">Quindici <\/span><span class=\"BZ_Pyq_fadeIn\">i <\/span><span class=\"BZ_Pyq_fadeIn\">casi <\/span><span class=\"BZ_Pyq_fadeIn\">di <\/span><span class=\"BZ_Pyq_fadeIn\">discriminazione <\/span><span class=\"BZ_Pyq_fadeIn\">trattati <\/span><span class=\"BZ_Pyq_fadeIn\">con <\/span><span class=\"BZ_Pyq_fadeIn\">incontri <\/span><span class=\"BZ_Pyq_fadeIn\">di <\/span><span class=\"BZ_Pyq_fadeIn\">mediazione <\/span><span class=\"BZ_Pyq_fadeIn\">tra <\/span><span class=\"BZ_Pyq_fadeIn\">lavoratori <\/span><span class=\"BZ_Pyq_fadeIn\">e <\/span><span class=\"BZ_Pyq_fadeIn\">datori <\/span><span class=\"BZ_Pyq_fadeIn\">di <\/span><span class=\"BZ_Pyq_fadeIn\">lavoro: <\/span><span class=\"BZ_Pyq_fadeIn\">quattro <\/span><span class=\"BZ_Pyq_fadeIn\">legati <\/span><span class=\"BZ_Pyq_fadeIn\">alla <\/span><span class=\"BZ_Pyq_fadeIn\">conciliazione <\/span><span class=\"BZ_Pyq_fadeIn\">tra <\/span><span class=\"BZ_Pyq_fadeIn\">vita <\/span><span class=\"BZ_Pyq_fadeIn\">familiare <\/span><span class=\"BZ_Pyq_fadeIn\">e <\/span><span class=\"BZ_Pyq_fadeIn\">lavoro, <\/span><span class=\"BZ_Pyq_fadeIn\">uno <\/span><span class=\"BZ_Pyq_fadeIn\">allo <\/span><span class=\"BZ_Pyq_fadeIn\">smart <\/span><span class=\"BZ_Pyq_fadeIn\">working <\/span><span class=\"BZ_Pyq_fadeIn\">per <\/span><span class=\"BZ_Pyq_fadeIn\">esigenze <\/span><span class=\"BZ_Pyq_fadeIn\">di <\/span><span class=\"BZ_Pyq_fadeIn\">genitorialit\u00e0, <\/span><span class=\"BZ_Pyq_fadeIn\">nove <\/span><span class=\"BZ_Pyq_fadeIn\">a <\/span><span class=\"BZ_Pyq_fadeIn\">molestie <\/span><span class=\"BZ_Pyq_fadeIn\">e <\/span><span class=\"BZ_Pyq_fadeIn\">uno <\/span><span class=\"BZ_Pyq_fadeIn\">a <\/span><span class=\"BZ_Pyq_fadeIn\">molestie <\/span><span class=\"BZ_Pyq_fadeIn\">sessuali. <\/span><span class=\"BZ_Pyq_fadeIn\">In <\/span><span class=\"BZ_Pyq_fadeIn\">dodici <\/span><span class=\"BZ_Pyq_fadeIn\">situazioni <\/span><span class=\"BZ_Pyq_fadeIn\">la <\/span><span class=\"BZ_Pyq_fadeIn\">mediazione <\/span><span class=\"BZ_Pyq_fadeIn\">si <\/span><span class=\"BZ_Pyq_fadeIn\">\u00e8 <\/span><span class=\"BZ_Pyq_fadeIn\">conclusa <\/span><span class=\"BZ_Pyq_fadeIn\">positivamente. <\/span><span class=\"BZ_Pyq_fadeIn\">Secondo <\/span><span class=\"BZ_Pyq_fadeIn\">la <\/span><span class=\"BZ_Pyq_fadeIn\">consigliera, <\/span><span class=\"BZ_Pyq_fadeIn\">molte <\/span><span class=\"BZ_Pyq_fadeIn\">segnalazioni <\/span><span class=\"BZ_Pyq_fadeIn\">riguardano <\/span><span class=\"BZ_Pyq_fadeIn\">giovani <\/span><span class=\"BZ_Pyq_fadeIn\">madri <\/span><span class=\"BZ_Pyq_fadeIn\">che <\/span><span class=\"BZ_Pyq_fadeIn\">faticano <\/span><span class=\"BZ_Pyq_fadeIn\">a <\/span><span class=\"BZ_Pyq_fadeIn\">ottenere <\/span><span class=\"BZ_Pyq_fadeIn\">strumenti <\/span><span class=\"BZ_Pyq_fadeIn\">di <\/span><span class=\"BZ_Pyq_fadeIn\">conciliazione <\/span><span class=\"BZ_Pyq_fadeIn\">come <\/span><span class=\"BZ_Pyq_fadeIn\">part-<\/span><span class=\"BZ_Pyq_fadeIn\">time <\/span><span class=\"BZ_Pyq_fadeIn\">o <\/span><span class=\"BZ_Pyq_fadeIn\">lavoro <\/span><span class=\"BZ_Pyq_fadeIn\">agile, <\/span><span class=\"BZ_Pyq_fadeIn\">oltre <\/span><span class=\"BZ_Pyq_fadeIn\">a <\/span><span class=\"BZ_Pyq_fadeIn\">episodi <\/span><span class=\"BZ_Pyq_fadeIn\">di <\/span><span class=\"BZ_Pyq_fadeIn\">linguaggio <\/span><span class=\"BZ_Pyq_fadeIn\">offensivo <\/span><span class=\"BZ_Pyq_fadeIn\">e <\/span><span class=\"BZ_Pyq_fadeIn\">comportamenti <\/span><span class=\"BZ_Pyq_fadeIn\">molesti <\/span><span class=\"BZ_Pyq_fadeIn\">sul <\/span><span class=\"BZ_Pyq_fadeIn\">posto <\/span><span class=\"BZ_Pyq_fadeIn\">di <\/span><span class=\"BZ_Pyq_fadeIn\">lavoro. <\/span><span class=\"BZ_Pyq_fadeIn\">Nel <\/span><span class=\"BZ_Pyq_fadeIn\">2025 <\/span><span class=\"BZ_Pyq_fadeIn\">\u00e8 <\/span><span class=\"BZ_Pyq_fadeIn\">stata <\/span><span class=\"BZ_Pyq_fadeIn\">inoltre <\/span><span class=\"BZ_Pyq_fadeIn\">rafforzata <\/span><span class=\"BZ_Pyq_fadeIn\">la <\/span><span class=\"BZ_Pyq_fadeIn\">rete <\/span><span class=\"BZ_Pyq_fadeIn\">territoriale <\/span><span class=\"BZ_Pyq_fadeIn\">per <\/span><span class=\"BZ_Pyq_fadeIn\">la <\/span><span class=\"BZ_Pyq_fadeIn\">parit\u00e0 <\/span><span class=\"BZ_Pyq_fadeIn\">di <\/span><span class=\"BZ_Pyq_fadeIn\">genere <\/span><span class=\"BZ_Pyq_fadeIn\">con <\/span><span class=\"BZ_Pyq_fadeIn\">la <\/span><span class=\"BZ_Pyq_fadeIn\">sottoscrizione <\/span><span class=\"BZ_Pyq_fadeIn\">di <\/span><span class=\"BZ_Pyq_fadeIn\">protocolli <\/span><span class=\"BZ_Pyq_fadeIn\">e <\/span><span class=\"BZ_Pyq_fadeIn\">iniziative <\/span><span class=\"BZ_Pyq_fadeIn\">di <\/span><span class=\"BZ_Pyq_fadeIn\">sensibilizzazione <\/span><span class=\"BZ_Pyq_fadeIn\">rivolte <\/span><span class=\"BZ_Pyq_fadeIn\">a <\/span><span class=\"BZ_Pyq_fadeIn\">istituzioni, <\/span><span class=\"BZ_Pyq_fadeIn\">lavoratori <\/span><span class=\"BZ_Pyq_fadeIn\">e <\/span><span class=\"BZ_Pyq_fadeIn\">giovani <\/span><span class=\"BZ_Pyq_fadeIn\">del <\/span><span class=\"BZ_Pyq_fadeIn\">territorio <\/span><span class=\"BZ_Pyq_fadeIn\">bellunese.<\/span><\/p>\n<p>&nbsp;<\/p>\n<p>&nbsp;<\/p>\n<hr \/>\n<p>&nbsp;<\/p>\n<blockquote>\n<h3 style=\"text-align: center;\">COLLAUDI IN CORSO PER LA CABINOVIA APOLLONIO SOCREPES<\/h3>\n<\/blockquote>\n<p><strong><a class=\"dt-pswp-item\" href=\"https:\/\/www.radiopiu.net\/wordpress\/wp-content\/uploads\/2026\/03\/372ecc16-8765-44db-97f4-204ff7e08738.jpg\" data-dt-img-description=\"\" data-large_image_width=\"1600\" data-large_image_height=\"1200\"><img loading=\"lazy\" decoding=\"async\" class=\"aligncenter size-medium wp-image-501361\" src=\"https:\/\/www.radiopiu.net\/wordpress\/wp-content\/uploads\/2026\/03\/372ecc16-8765-44db-97f4-204ff7e08738-300x225.jpg\" alt=\"\" width=\"300\" height=\"225\" srcset=\"https:\/\/www.radiopiu.net\/wordpress\/wp-content\/uploads\/2026\/03\/372ecc16-8765-44db-97f4-204ff7e08738-300x225.jpg 300w, https:\/\/www.radiopiu.net\/wordpress\/wp-content\/uploads\/2026\/03\/372ecc16-8765-44db-97f4-204ff7e08738-1024x768.jpg 1024w, https:\/\/www.radiopiu.net\/wordpress\/wp-content\/uploads\/2026\/03\/372ecc16-8765-44db-97f4-204ff7e08738-768x576.jpg 768w, https:\/\/www.radiopiu.net\/wordpress\/wp-content\/uploads\/2026\/03\/372ecc16-8765-44db-97f4-204ff7e08738-1536x1152.jpg 1536w, https:\/\/www.radiopiu.net\/wordpress\/wp-content\/uploads\/2026\/03\/372ecc16-8765-44db-97f4-204ff7e08738.jpg 1600w\" sizes=\"auto, (max-width: 300px) 100vw, 300px\" \/><\/a>\u00a0<\/strong><\/p>\n<p><strong>CORTINA <\/strong>Dopo il completamento dei lavori dell\u2019impianto funiviario Apollonio Socrepes il 5 marzo, proseguono senza sosta le verifiche di Ansfisa e i collaudi di sicurezza. L\u2019infrastruttura \u00e8 attualmente in funzione a uso privato per consentire test tecnici e il trasporto di materiali tra monte e valle. I primi giri completi delle cabine hanno dato esito positivo. I controlli continueranno nelle prossime settimane per garantire la piena funzionalit\u00e0 dell\u2019impianto, considerato una delle principali eredit\u00e0 dei Giochi per il territorio di Cortina d\u2019Ampezzo.<\/p>\n<p><strong>PER LE TRE RADIO BARBARA PAOLAZZI<\/strong><\/p>\n<audio class=\"wp-audio-shortcode\" id=\"audio-501161-5\" preload=\"none\" style=\"width: 100%;\" controls=\"controls\"><source type=\"audio\/mpeg\" src=\"https:\/\/www.radiopiu.net\/wordpress\/wp-content\/uploads\/2026\/03\/PAOLAZZI-SIMICO.mp3?_=5\" \/><a href=\"https:\/\/www.radiopiu.net\/wordpress\/wp-content\/uploads\/2026\/03\/PAOLAZZI-SIMICO.mp3\">https:\/\/www.radiopiu.net\/wordpress\/wp-content\/uploads\/2026\/03\/PAOLAZZI-SIMICO.mp3<\/a><\/audio>\n<p>&nbsp;<\/p>\n<hr \/>\n<p>&nbsp;<\/p>\n<blockquote>\n<h3 style=\"text-align: center;\">BALDENICH, NUOVE REGOLE PER LA SOSTA TRA RESIDENTI E ATTIVIT\u00c0 COMMERCIALI<\/h3>\n<\/blockquote>\n<p><strong><a class=\"dt-pswp-item\" href=\"https:\/\/www.radiopiu.net\/wordpress\/wp-content\/uploads\/2022\/12\/PALAZZO-ROSSO.png\" data-dt-img-description=\"\" data-large_image_width=\"2076\" data-large_image_height=\"1328\"><img loading=\"lazy\" decoding=\"async\" class=\"aligncenter size-medium wp-image-313801\" src=\"https:\/\/www.radiopiu.net\/wordpress\/wp-content\/uploads\/2022\/12\/PALAZZO-ROSSO-300x192.png\" alt=\"\" width=\"300\" height=\"192\" srcset=\"https:\/\/www.radiopiu.net\/wordpress\/wp-content\/uploads\/2022\/12\/PALAZZO-ROSSO-300x192.png 300w, https:\/\/www.radiopiu.net\/wordpress\/wp-content\/uploads\/2022\/12\/PALAZZO-ROSSO-1024x655.png 1024w, https:\/\/www.radiopiu.net\/wordpress\/wp-content\/uploads\/2022\/12\/PALAZZO-ROSSO-768x491.png 768w, https:\/\/www.radiopiu.net\/wordpress\/wp-content\/uploads\/2022\/12\/PALAZZO-ROSSO-1536x983.png 1536w, https:\/\/www.radiopiu.net\/wordpress\/wp-content\/uploads\/2022\/12\/PALAZZO-ROSSO-2048x1310.png 2048w\" sizes=\"auto, (max-width: 300px) 100vw, 300px\" \/><\/a>\u00a0<\/strong><\/p>\n<p><strong>BELLUNO <\/strong>A Baldenich, a lavori conclusi, la sosta in Piazzale Resistenza rester\u00e0 libera, mentre i posti auto sulla destra scendendo da via Plebiscito saranno regolati con disco orario di 90 minuti. L\u2019obiettivo dell\u2019Amministrazione \u00e8 chiaro: favorire la rotazione dei veicoli per agevolare le attivit\u00e0 economiche e garantire allo stesso tempo parcheggi ai residenti. \u201cVogliamo evitare la sosta prolungata, garantendo disponibilit\u00e0 a chi frequenta negozi, servizi e l\u2019area sportiva \u2013 spiega l\u2019assessore ai lavori pubblici, Paolo Gamba. I cantieri porteranno a una riorganizzazione complessiva, utile a prevenire confusione durante eventi sportivi e a favorire tutti gli utenti della zona. La nuova configurazione prevede la suddivisione dello spazio in aree, l\u2019inserimento di verde e aiuole, e una gestione ordinata dei parcheggi. L\u2019obiettivo \u00e8 conciliare le esigenze dei residenti, degli sportivi e dei commercianti, garantendo sicurezza per pedoni e ciclisti e una fruizione pi\u00f9 armoniosa dell\u2019area.<\/p>\n<p>&nbsp;<\/p>\n<p>&nbsp;<\/p>\n<hr \/>\n<p>&nbsp;<\/p>\n<blockquote>\n<h3 style=\"text-align: center;\">OCCHIALI RAY-BAN META INTELLIGENTI PER L\u2019AUTONOMIA DEI NON VEDENTI<\/h3>\n<\/blockquote>\n<p><strong>BELLUNO <\/strong>Gioved\u00ec 29 gennaio 2026, al Centro Giovanni XXIII di Belluno, si \u00e8 svolto un incontro dedicato alle nuove tecnologie per la disabilit\u00e0 visiva. L\u2019iniziativa, promossa dall\u2019Unione Italiana dei Ciechi e degli Ipovedenti di Belluno, ha visto la partecipazione di esperti di EssilorLuxottica e di persone con disabilit\u00e0 visiva interessate a conoscere le potenzialit\u00e0 dei nuovi strumenti tecnologici. Protagonista dell\u2019appuntamento \u00e8 stato l\u2019innovativo Ray-Ban Meta smart glasses, un dispositivo che unisce design e tecnologia avanzata. Durante la dimostrazione, gli specialisti hanno illustrato le principali funzioni degli occhiali intelligenti, capaci di aiutare chi ha difficolt\u00e0 visive a riconoscere oggetti e persone e ad accedere pi\u00f9 facilmente a informazioni utili nella vita quotidiana. Secondo la presidente dell\u2019UICI di Belluno, Luciana Dalle Molle, questi strumenti rappresentano un importante passo avanti verso una maggiore autonomia e inclusione sociale. L\u2019incontro ha permesso ai partecipanti di sperimentare direttamente il dispositivo e comprenderne le potenzialit\u00e0. L\u2019iniziativa ha evidenziato il valore della collaborazione tra associazioni, aziende e territorio nel promuovere soluzioni innovative capaci di migliorare concretamente la qualit\u00e0 della vita delle persone con disabilit\u00e0 visiva.<\/p>\n<p><strong>PER LE TRE RADIO BARBARA PAOLAZZI<\/strong><\/p>\n<audio class=\"wp-audio-shortcode\" id=\"audio-501161-6\" preload=\"none\" style=\"width: 100%;\" controls=\"controls\"><source type=\"audio\/mpeg\" src=\"https:\/\/www.radiopiu.net\/wordpress\/wp-content\/uploads\/2026\/03\/PAOLAZZI-RAYBAN.mp3?_=6\" \/><a href=\"https:\/\/www.radiopiu.net\/wordpress\/wp-content\/uploads\/2026\/03\/PAOLAZZI-RAYBAN.mp3\">https:\/\/www.radiopiu.net\/wordpress\/wp-content\/uploads\/2026\/03\/PAOLAZZI-RAYBAN.mp3<\/a><\/audio>\n<p>&nbsp;<\/p>\n\n\t\t\t<style type='text\/css'>\n\t\t\t\t#gallery-2 {\n\t\t\t\t\tmargin: auto;\n\t\t\t\t}\n\t\t\t\t#gallery-2 .gallery-item {\n\t\t\t\t\tfloat: left;\n\t\t\t\t\tmargin-top: 10px;\n\t\t\t\t\ttext-align: center;\n\t\t\t\t\twidth: 20%;\n\t\t\t\t}\n\t\t\t\t#gallery-2 img {\n\t\t\t\t\tborder: 2px solid #cfcfcf;\n\t\t\t\t}\n\t\t\t\t#gallery-2 .gallery-caption {\n\t\t\t\t\tmargin-left: 0;\n\t\t\t\t}\n\t\t\t\t\/* see gallery_shortcode() in wp-includes\/media.php *\/\n\t\t\t<\/style>\n\t\t<div id='gallery-2' class='dt-gallery-container gallery galleryid-501161 gallery-columns-5 gallery-size-thumbnail'><dl class='gallery-item'>\n\t\t\t\t<dt class='gallery-icon landscape'>\n\t\t\t\t\t<a class=\"rollover rollover-zoom dt-pswp-item\" title=\"WhatsApp Image 2026-01-30 at 09.03.15 (1)\" data-dt-img-description=\"\" data-large_image_width=\"2048\" data-large_image_height=\"1536\"href='https:\/\/www.radiopiu.net\/wordpress\/wp-content\/uploads\/2026\/03\/WhatsApp-Image-2026-01-30-at-09.03.15-1.jpeg'><img loading=\"lazy\" decoding=\"async\" width=\"150\" height=\"150\" src=\"https:\/\/www.radiopiu.net\/wordpress\/wp-content\/uploads\/2026\/03\/WhatsApp-Image-2026-01-30-at-09.03.15-1-150x150.jpeg\" class=\"attachment-thumbnail size-thumbnail\" alt=\"\" \/><\/a>\n\t\t\t\t<\/dt><\/dl><dl class='gallery-item'>\n\t\t\t\t<dt class='gallery-icon landscape'>\n\t\t\t\t\t<a class=\"rollover rollover-zoom dt-pswp-item\" title=\"WhatsApp Image 2026-01-30 at 09.03.15\" data-dt-img-description=\"\" data-large_image_width=\"2048\" data-large_image_height=\"1450\"href='https:\/\/www.radiopiu.net\/wordpress\/wp-content\/uploads\/2026\/03\/WhatsApp-Image-2026-01-30-at-09.03.15.jpeg'><img loading=\"lazy\" decoding=\"async\" width=\"150\" height=\"150\" src=\"https:\/\/www.radiopiu.net\/wordpress\/wp-content\/uploads\/2026\/03\/WhatsApp-Image-2026-01-30-at-09.03.15-150x150.jpeg\" class=\"attachment-thumbnail size-thumbnail\" alt=\"\" \/><\/a>\n\t\t\t\t<\/dt><\/dl><dl class='gallery-item'>\n\t\t\t\t<dt class='gallery-icon portrait'>\n\t\t\t\t\t<a class=\"rollover rollover-zoom dt-pswp-item\" title=\"WhatsApp Image 2026-01-30 at 09.03.16 (2)\" data-dt-img-description=\"\" data-large_image_width=\"1536\" data-large_image_height=\"2048\"href='https:\/\/www.radiopiu.net\/wordpress\/wp-content\/uploads\/2026\/03\/WhatsApp-Image-2026-01-30-at-09.03.16-2.jpeg'><img loading=\"lazy\" decoding=\"async\" width=\"150\" height=\"150\" src=\"https:\/\/www.radiopiu.net\/wordpress\/wp-content\/uploads\/2026\/03\/WhatsApp-Image-2026-01-30-at-09.03.16-2-150x150.jpeg\" class=\"attachment-thumbnail size-thumbnail\" alt=\"\" \/><\/a>\n\t\t\t\t<\/dt><\/dl><dl class='gallery-item'>\n\t\t\t\t<dt class='gallery-icon portrait'>\n\t\t\t\t\t<a class=\"rollover rollover-zoom dt-pswp-item\" title=\"WhatsApp Image 2026-01-30 at 09.03.15 (2)\" data-dt-img-description=\"\" data-large_image_width=\"1536\" data-large_image_height=\"2048\"href='https:\/\/www.radiopiu.net\/wordpress\/wp-content\/uploads\/2026\/03\/WhatsApp-Image-2026-01-30-at-09.03.15-2.jpeg'><img loading=\"lazy\" decoding=\"async\" width=\"150\" height=\"150\" src=\"https:\/\/www.radiopiu.net\/wordpress\/wp-content\/uploads\/2026\/03\/WhatsApp-Image-2026-01-30-at-09.03.15-2-150x150.jpeg\" class=\"attachment-thumbnail size-thumbnail\" alt=\"\" \/><\/a>\n\t\t\t\t<\/dt><\/dl><dl class='gallery-item'>\n\t\t\t\t<dt class='gallery-icon landscape'>\n\t\t\t\t\t<a class=\"rollover rollover-zoom dt-pswp-item\" title=\"WhatsApp Image 2026-01-30 at 09.03.16 (1)\" data-dt-img-description=\"\" data-large_image_width=\"2048\" data-large_image_height=\"1536\"href='https:\/\/www.radiopiu.net\/wordpress\/wp-content\/uploads\/2026\/03\/WhatsApp-Image-2026-01-30-at-09.03.16-1.jpeg'><img loading=\"lazy\" decoding=\"async\" width=\"150\" height=\"150\" src=\"https:\/\/www.radiopiu.net\/wordpress\/wp-content\/uploads\/2026\/03\/WhatsApp-Image-2026-01-30-at-09.03.16-1-150x150.jpeg\" class=\"attachment-thumbnail size-thumbnail\" alt=\"\" \/><\/a>\n\t\t\t\t<\/dt><\/dl><br style=\"clear: both\" \/>\n\t\t\t<\/div>\n\n<p>&nbsp;<\/p>\n<hr \/>\n<p>&nbsp;<\/p>\n<blockquote>\n<h3 style=\"text-align: center;\"><span class=\"BZ_Pyq_fadeIn\">PASQUER <\/span><span class=\"BZ_Pyq_fadeIn\">DIVENTA <\/span><span class=\"BZ_Pyq_fadeIn\">POLO <\/span><span class=\"BZ_Pyq_fadeIn\">PER <\/span><span class=\"BZ_Pyq_fadeIn\">L\u2019INFANZIA: <\/span><span class=\"BZ_Pyq_fadeIn\">UN <\/span><span class=\"BZ_Pyq_fadeIn\">LABORATORIO <\/span><span class=\"BZ_Pyq_fadeIn\">DI <\/span><span class=\"BZ_Pyq_fadeIn\">FUTURO <\/span><span class=\"BZ_Pyq_fadeIn\">PER <\/span><span class=\"BZ_Pyq_fadeIn\">I <\/span><span class=\"BZ_Pyq_fadeIn\">BAMBINI <\/span><span class=\"BZ_Pyq_fadeIn\">0-<\/span><span class=\"BZ_Pyq_fadeIn\">6<\/span><\/h3>\n<\/blockquote>\n<p><span class=\"BZ_Pyq_fadeIn\"><strong>FELTRE <\/strong>Un <\/span><span class=\"BZ_Pyq_fadeIn\">riconoscimento <\/span><span class=\"BZ_Pyq_fadeIn\">che <\/span><span class=\"BZ_Pyq_fadeIn\">va <\/span><span class=\"BZ_Pyq_fadeIn\">oltre <\/span><span class=\"BZ_Pyq_fadeIn\">una <\/span><span class=\"BZ_Pyq_fadeIn\">semplice <\/span><span class=\"BZ_Pyq_fadeIn\">targa <\/span><span class=\"BZ_Pyq_fadeIn\">sulla <\/span><span class=\"BZ_Pyq_fadeIn\">porta <\/span><span class=\"BZ_Pyq_fadeIn\">e <\/span><span class=\"BZ_Pyq_fadeIn\">che <\/span><span class=\"BZ_Pyq_fadeIn\">certifica <\/span><span class=\"BZ_Pyq_fadeIn\">un\u2019eccellenza <\/span><span class=\"BZ_Pyq_fadeIn\">educativa <\/span><span class=\"BZ_Pyq_fadeIn\">radicata <\/span><span class=\"BZ_Pyq_fadeIn\">nel <\/span><span class=\"BZ_Pyq_fadeIn\">territorio <\/span><span class=\"BZ_Pyq_fadeIn\">feltrino. <\/span><span class=\"BZ_Pyq_fadeIn\">Il <\/span><span class=\"BZ_Pyq_fadeIn\">nido \u201c<\/span><span class=\"BZ_Pyq_fadeIn\">Il <\/span><span class=\"BZ_Pyq_fadeIn\">Maggiociondolo\u201d <\/span><span class=\"BZ_Pyq_fadeIn\">del <\/span><span class=\"BZ_Pyq_fadeIn\">Comune <\/span><span class=\"BZ_Pyq_fadeIn\">di <\/span><span class=\"BZ_Pyq_fadeIn\">Feltre <\/span><span class=\"BZ_Pyq_fadeIn\">e <\/span><span class=\"BZ_Pyq_fadeIn\">la <\/span><span class=\"BZ_Pyq_fadeIn\">Scuola <\/span><span class=\"BZ_Pyq_fadeIn\">dell\u2019Infanzia <\/span><span class=\"BZ_Pyq_fadeIn\">Statale <\/span><span class=\"BZ_Pyq_fadeIn\">di <\/span><span class=\"BZ_Pyq_fadeIn\">Pasquer, <\/span><span class=\"BZ_Pyq_fadeIn\">parte <\/span><span class=\"BZ_Pyq_fadeIn\">dell\u2019Istituto <\/span><span class=\"BZ_Pyq_fadeIn\">Comprensivo <\/span><span class=\"BZ_Pyq_fadeIn\">di <\/span><span class=\"BZ_Pyq_fadeIn\">Feltre, <\/span><span class=\"BZ_Pyq_fadeIn\">sono <\/span><span class=\"BZ_Pyq_fadeIn\">stati <\/span><span class=\"BZ_Pyq_fadeIn\">ufficialmente <\/span><span class=\"BZ_Pyq_fadeIn\">inseriti <\/span><span class=\"BZ_Pyq_fadeIn\">nel <\/span><span class=\"BZ_Pyq_fadeIn\">registro <\/span><span class=\"BZ_Pyq_fadeIn\">regionale <\/span><span class=\"BZ_Pyq_fadeIn\">dei <\/span><span class=\"BZ_Pyq_fadeIn\">Poli <\/span><span class=\"BZ_Pyq_fadeIn\">per <\/span><span class=\"BZ_Pyq_fadeIn\">l\u2019Infanzia. <\/span><span class=\"BZ_Pyq_fadeIn\">Nasce <\/span><span class=\"BZ_Pyq_fadeIn\">cos\u00ec <\/span><span class=\"BZ_Pyq_fadeIn\">il <\/span><span class=\"BZ_Pyq_fadeIn\">Polo \u201c<\/span><span class=\"BZ_Pyq_fadeIn\">Spazio <\/span><span class=\"BZ_Pyq_fadeIn\">per <\/span><span class=\"BZ_Pyq_fadeIn\">crescere\u201d, <\/span><span class=\"BZ_Pyq_fadeIn\">un <\/span><span class=\"BZ_Pyq_fadeIn\">sistema <\/span><span class=\"BZ_Pyq_fadeIn\">integrato <\/span><span class=\"BZ_Pyq_fadeIn\">che <\/span><span class=\"BZ_Pyq_fadeIn\">accompagna <\/span><span class=\"BZ_Pyq_fadeIn\">i <\/span><span class=\"BZ_Pyq_fadeIn\">bambini <\/span><span class=\"BZ_Pyq_fadeIn\">dai <\/span><span class=\"BZ_Pyq_fadeIn\">0 <\/span><span class=\"BZ_Pyq_fadeIn\">ai <\/span><span class=\"BZ_Pyq_fadeIn\">6 <\/span><span class=\"BZ_Pyq_fadeIn\">anni <\/span><span class=\"BZ_Pyq_fadeIn\">in <\/span><span class=\"BZ_Pyq_fadeIn\">un <\/span><span class=\"BZ_Pyq_fadeIn\">percorso <\/span><span class=\"BZ_Pyq_fadeIn\">educativo <\/span><span class=\"BZ_Pyq_fadeIn\">continuo <\/span><span class=\"BZ_Pyq_fadeIn\">e <\/span><span class=\"BZ_Pyq_fadeIn\">armonioso. <\/span><span class=\"BZ_Pyq_fadeIn\">Qui <\/span><span class=\"BZ_Pyq_fadeIn\">i <\/span><span class=\"BZ_Pyq_fadeIn\">piccoli <\/span><span class=\"BZ_Pyq_fadeIn\">possono <\/span><span class=\"BZ_Pyq_fadeIn\">crescere <\/span><span class=\"BZ_Pyq_fadeIn\">in <\/span><span class=\"BZ_Pyq_fadeIn\">un <\/span><span class=\"BZ_Pyq_fadeIn\">ambiente <\/span><span class=\"BZ_Pyq_fadeIn\">familiare <\/span><span class=\"BZ_Pyq_fadeIn\">e <\/span><span class=\"BZ_Pyq_fadeIn\">coerente, <\/span><span class=\"BZ_Pyq_fadeIn\">dove <\/span><span class=\"BZ_Pyq_fadeIn\">educatrici <\/span><span class=\"BZ_Pyq_fadeIn\">e <\/span><span class=\"BZ_Pyq_fadeIn\">insegnanti <\/span><span class=\"BZ_Pyq_fadeIn\">lavorano <\/span><span class=\"BZ_Pyq_fadeIn\">in <\/span><span class=\"BZ_Pyq_fadeIn\">sinergia, <\/span><span class=\"BZ_Pyq_fadeIn\">offrendo <\/span><span class=\"BZ_Pyq_fadeIn\">stabilit\u00e0 <\/span><span class=\"BZ_Pyq_fadeIn\">e <\/span><span class=\"BZ_Pyq_fadeIn\">fiducia <\/span><span class=\"BZ_Pyq_fadeIn\">anche <\/span><span class=\"BZ_Pyq_fadeIn\">alle <\/span><span class=\"BZ_Pyq_fadeIn\">famiglie. <\/span><span class=\"BZ_Pyq_fadeIn\">A <\/span><span class=\"BZ_Pyq_fadeIn\">settembre <\/span><span class=\"BZ_Pyq_fadeIn\">il <\/span><span class=\"BZ_Pyq_fadeIn\">personale <\/span><span class=\"BZ_Pyq_fadeIn\">ha <\/span><span class=\"BZ_Pyq_fadeIn\">partecipato <\/span><span class=\"BZ_Pyq_fadeIn\">a <\/span><span class=\"BZ_Pyq_fadeIn\">una <\/span><span class=\"BZ_Pyq_fadeIn\">formazione <\/span><span class=\"BZ_Pyq_fadeIn\">comune <\/span><span class=\"BZ_Pyq_fadeIn\">dedicata <\/span><span class=\"BZ_Pyq_fadeIn\">all\u2019Outdoor <\/span><span class=\"BZ_Pyq_fadeIn\">Education, <\/span><span class=\"BZ_Pyq_fadeIn\">trasformando <\/span><span class=\"BZ_Pyq_fadeIn\">la <\/span><span class=\"BZ_Pyq_fadeIn\">natura <\/span><span class=\"BZ_Pyq_fadeIn\">in <\/span><span class=\"BZ_Pyq_fadeIn\">una <\/span><span class=\"BZ_Pyq_fadeIn\">vera <\/span><span class=\"BZ_Pyq_fadeIn\">aula <\/span><span class=\"BZ_Pyq_fadeIn\">a <\/span><span class=\"BZ_Pyq_fadeIn\">cielo <\/span><span class=\"BZ_Pyq_fadeIn\">aperto. <\/span><span class=\"BZ_Pyq_fadeIn\">Fango, <\/span><span class=\"BZ_Pyq_fadeIn\">foglie <\/span><span class=\"BZ_Pyq_fadeIn\">e <\/span><span class=\"BZ_Pyq_fadeIn\">stagioni <\/span><span class=\"BZ_Pyq_fadeIn\">diventano <\/span><span class=\"BZ_Pyq_fadeIn\">strumenti <\/span><span class=\"BZ_Pyq_fadeIn\">di <\/span><span class=\"BZ_Pyq_fadeIn\">apprendimento, <\/span><span class=\"BZ_Pyq_fadeIn\">mentre <\/span><span class=\"BZ_Pyq_fadeIn\">laboratori <\/span><span class=\"BZ_Pyq_fadeIn\">condivisi <\/span><span class=\"BZ_Pyq_fadeIn\">e <\/span><span class=\"BZ_Pyq_fadeIn\">momenti <\/span><span class=\"BZ_Pyq_fadeIn\">di <\/span><span class=\"BZ_Pyq_fadeIn\">narrazione <\/span><span class=\"BZ_Pyq_fadeIn\">rafforzano <\/span><span class=\"BZ_Pyq_fadeIn\">il <\/span><span class=\"BZ_Pyq_fadeIn\">senso <\/span><span class=\"BZ_Pyq_fadeIn\">di <\/span><span class=\"BZ_Pyq_fadeIn\">comunit\u00e0 <\/span><span class=\"BZ_Pyq_fadeIn\">tra <\/span><span class=\"BZ_Pyq_fadeIn\">bambini <\/span><span class=\"BZ_Pyq_fadeIn\">di <\/span><span class=\"BZ_Pyq_fadeIn\">et\u00e0 <\/span><span class=\"BZ_Pyq_fadeIn\">diverse. \u201c<\/span><span class=\"BZ_Pyq_fadeIn\">Il <\/span><span class=\"BZ_Pyq_fadeIn\">Polo <\/span><span class=\"BZ_Pyq_fadeIn\">Spazio <\/span><span class=\"BZ_Pyq_fadeIn\">per <\/span><span class=\"BZ_Pyq_fadeIn\">crescere <\/span><span class=\"BZ_Pyq_fadeIn\">\u00e8 <\/span><span class=\"BZ_Pyq_fadeIn\">un <\/span><span class=\"BZ_Pyq_fadeIn\">laboratorio <\/span><span class=\"BZ_Pyq_fadeIn\">di <\/span><span class=\"BZ_Pyq_fadeIn\">futuro\u201d, <\/span><span class=\"BZ_Pyq_fadeIn\">sottolinea <\/span><span class=\"BZ_Pyq_fadeIn\">Enrica <\/span><span class=\"BZ_Pyq_fadeIn\">Colmanet.<\/span><\/p>\n\n\t\t\t<style type='text\/css'>\n\t\t\t\t#gallery-3 {\n\t\t\t\t\tmargin: auto;\n\t\t\t\t}\n\t\t\t\t#gallery-3 .gallery-item {\n\t\t\t\t\tfloat: left;\n\t\t\t\t\tmargin-top: 10px;\n\t\t\t\t\ttext-align: center;\n\t\t\t\t\twidth: 50%;\n\t\t\t\t}\n\t\t\t\t#gallery-3 img {\n\t\t\t\t\tborder: 2px solid #cfcfcf;\n\t\t\t\t}\n\t\t\t\t#gallery-3 .gallery-caption {\n\t\t\t\t\tmargin-left: 0;\n\t\t\t\t}\n\t\t\t\t\/* see gallery_shortcode() in wp-includes\/media.php *\/\n\t\t\t<\/style>\n\t\t<div id='gallery-3' class='dt-gallery-container gallery galleryid-501161 gallery-columns-2 gallery-size-medium'><dl class='gallery-item'>\n\t\t\t\t<dt class='gallery-icon landscape'>\n\t\t\t\t\t<a class=\"rollover rollover-zoom dt-pswp-item\" title=\"IC FELTRE pasquer 1\" data-dt-img-description=\"\" data-large_image_width=\"1600\" data-large_image_height=\"900\"href='https:\/\/www.radiopiu.net\/wordpress\/wp-content\/uploads\/2026\/03\/IC-FELTRE-pasquer-1.jpg'><img loading=\"lazy\" decoding=\"async\" width=\"300\" height=\"169\" src=\"https:\/\/www.radiopiu.net\/wordpress\/wp-content\/uploads\/2026\/03\/IC-FELTRE-pasquer-1-300x169.jpg\" class=\"attachment-medium size-medium\" alt=\"\" srcset=\"https:\/\/www.radiopiu.net\/wordpress\/wp-content\/uploads\/2026\/03\/IC-FELTRE-pasquer-1-300x169.jpg 300w, https:\/\/www.radiopiu.net\/wordpress\/wp-content\/uploads\/2026\/03\/IC-FELTRE-pasquer-1-1024x576.jpg 1024w, https:\/\/www.radiopiu.net\/wordpress\/wp-content\/uploads\/2026\/03\/IC-FELTRE-pasquer-1-768x432.jpg 768w, https:\/\/www.radiopiu.net\/wordpress\/wp-content\/uploads\/2026\/03\/IC-FELTRE-pasquer-1-1536x864.jpg 1536w, https:\/\/www.radiopiu.net\/wordpress\/wp-content\/uploads\/2026\/03\/IC-FELTRE-pasquer-1.jpg 1600w\" sizes=\"auto, (max-width: 300px) 100vw, 300px\" \/><\/a>\n\t\t\t\t<\/dt><\/dl><dl class='gallery-item'>\n\t\t\t\t<dt class='gallery-icon landscape'>\n\t\t\t\t\t<a class=\"rollover rollover-zoom dt-pswp-item\" title=\"IC FELTRE pasquer 2\" data-dt-img-description=\"\" data-large_image_width=\"1600\" data-large_image_height=\"900\"href='https:\/\/www.radiopiu.net\/wordpress\/wp-content\/uploads\/2026\/03\/IC-FELTRE-pasquer-2.jpg'><img loading=\"lazy\" decoding=\"async\" width=\"300\" height=\"169\" src=\"https:\/\/www.radiopiu.net\/wordpress\/wp-content\/uploads\/2026\/03\/IC-FELTRE-pasquer-2-300x169.jpg\" class=\"attachment-medium size-medium\" alt=\"\" srcset=\"https:\/\/www.radiopiu.net\/wordpress\/wp-content\/uploads\/2026\/03\/IC-FELTRE-pasquer-2-300x169.jpg 300w, https:\/\/www.radiopiu.net\/wordpress\/wp-content\/uploads\/2026\/03\/IC-FELTRE-pasquer-2-1024x576.jpg 1024w, https:\/\/www.radiopiu.net\/wordpress\/wp-content\/uploads\/2026\/03\/IC-FELTRE-pasquer-2-768x432.jpg 768w, https:\/\/www.radiopiu.net\/wordpress\/wp-content\/uploads\/2026\/03\/IC-FELTRE-pasquer-2-1536x864.jpg 1536w, https:\/\/www.radiopiu.net\/wordpress\/wp-content\/uploads\/2026\/03\/IC-FELTRE-pasquer-2.jpg 1600w\" sizes=\"auto, (max-width: 300px) 100vw, 300px\" \/><\/a>\n\t\t\t\t<\/dt><\/dl><br style=\"clear: both\" \/>\n\t\t\t<\/div>\n\n<p>&nbsp;<\/p>\n<p>&nbsp;<\/p>\n<hr \/>\n<p>&nbsp;<\/p>\n<blockquote>\n<h3 style=\"text-align: center;\">BELLUNO: PRESTO TERMINERANNO GLI EVENTI PER LE OLIMPIADI E PARALIMPIADI<\/h3>\n<\/blockquote>\n<p><strong><a class=\"dt-pswp-item\" href=\"https:\/\/www.radiopiu.net\/wordpress\/wp-content\/uploads\/2026\/03\/38085ae4-ff4c-4cff-8a17-ce567e41828a-300x225-1.jpg\" data-dt-img-description=\"\" data-large_image_width=\"300\" data-large_image_height=\"225\"><img loading=\"lazy\" decoding=\"async\" class=\"aligncenter size-full wp-image-499443\" src=\"https:\/\/www.radiopiu.net\/wordpress\/wp-content\/uploads\/2026\/03\/38085ae4-ff4c-4cff-8a17-ce567e41828a-300x225-1.jpg\" alt=\"\" width=\"300\" height=\"225\" \/><\/a>\u00a0<\/strong><\/p>\n<p><strong>PER LE TRE RADIO BARBARA PAOLAZZI<\/strong><\/p>\n<audio class=\"wp-audio-shortcode\" id=\"audio-501161-7\" preload=\"none\" style=\"width: 100%;\" controls=\"controls\"><source type=\"audio\/mpeg\" src=\"https:\/\/www.radiopiu.net\/wordpress\/wp-content\/uploads\/2026\/03\/PAOLAZZI-BELLUNO-INIZIATIVE-OLIMPIADI.mp3?_=7\" \/><a href=\"https:\/\/www.radiopiu.net\/wordpress\/wp-content\/uploads\/2026\/03\/PAOLAZZI-BELLUNO-INIZIATIVE-OLIMPIADI.mp3\">https:\/\/www.radiopiu.net\/wordpress\/wp-content\/uploads\/2026\/03\/PAOLAZZI-BELLUNO-INIZIATIVE-OLIMPIADI.mp3<\/a><\/audio>\n<p>&nbsp;<\/p>\n<hr \/>\n<p>&nbsp;<\/p>\n<blockquote>\n<h3 style=\"text-align: center;\">BIODIVERSIT\u00c0 E AGRICOLTURA, DUE SEMINARI NEL BELLUNESE CON IL GENETISTA SALVATORE CECCARELLI<\/h3>\n<\/blockquote>\n<p><strong><a class=\"dt-pswp-item\" href=\"https:\/\/www.radiopiu.net\/wordpress\/wp-content\/uploads\/2026\/03\/JFHLJGHSo.jpg\" data-dt-img-description=\"\" data-large_image_width=\"558\" data-large_image_height=\"643\"><img loading=\"lazy\" decoding=\"async\" class=\"aligncenter size-medium wp-image-501280\" src=\"https:\/\/www.radiopiu.net\/wordpress\/wp-content\/uploads\/2026\/03\/JFHLJGHSo-260x300.jpg\" alt=\"\" width=\"260\" height=\"300\" srcset=\"https:\/\/www.radiopiu.net\/wordpress\/wp-content\/uploads\/2026\/03\/JFHLJGHSo-260x300.jpg 260w, https:\/\/www.radiopiu.net\/wordpress\/wp-content\/uploads\/2026\/03\/JFHLJGHSo.jpg 558w\" sizes=\"auto, (max-width: 260px) 100vw, 260px\" \/><\/a>\u00a0<\/strong><\/p>\n<p><strong>SEDICO\/AGORDO <\/strong><span class=\"BZ_Pyq_fadeIn\">La <\/span><span class=\"BZ_Pyq_fadeIn\">biodiversit\u00e0 <\/span><span class=\"BZ_Pyq_fadeIn\">come <\/span><span class=\"BZ_Pyq_fadeIn\">chiave <\/span><span class=\"BZ_Pyq_fadeIn\">per <\/span><span class=\"BZ_Pyq_fadeIn\">un\u2019agricoltura <\/span><span class=\"BZ_Pyq_fadeIn\">pi\u00f9 <\/span><span class=\"BZ_Pyq_fadeIn\">resiliente, <\/span><span class=\"BZ_Pyq_fadeIn\">sostenibile <\/span><span class=\"BZ_Pyq_fadeIn\">e <\/span><span class=\"BZ_Pyq_fadeIn\">partecipata. <\/span><span class=\"BZ_Pyq_fadeIn\">\u00c8 <\/span><span class=\"BZ_Pyq_fadeIn\">questo <\/span><span class=\"BZ_Pyq_fadeIn\">il <\/span><span class=\"BZ_Pyq_fadeIn\">tema <\/span><span class=\"BZ_Pyq_fadeIn\">al <\/span><span class=\"BZ_Pyq_fadeIn\">centro <\/span><span class=\"BZ_Pyq_fadeIn\">dei <\/span><span class=\"BZ_Pyq_fadeIn\">due <\/span><span class=\"BZ_Pyq_fadeIn\">seminari <\/span><span class=\"BZ_Pyq_fadeIn\">pubblici <\/span><span class=\"BZ_Pyq_fadeIn\">promossi <\/span><span class=\"BZ_Pyq_fadeIn\">dal <\/span><span class=\"BZ_Pyq_fadeIn\">Biodistretto <\/span><span class=\"BZ_Pyq_fadeIn\">Terre <\/span><span class=\"BZ_Pyq_fadeIn\">Bellunesi <\/span><span class=\"BZ_Pyq_fadeIn\">con <\/span><span class=\"BZ_Pyq_fadeIn\">il <\/span><span class=\"BZ_Pyq_fadeIn\">contributo <\/span><span class=\"BZ_Pyq_fadeIn\">del <\/span><span class=\"BZ_Pyq_fadeIn\">Ministero <\/span><span class=\"BZ_Pyq_fadeIn\">dell\u2019Agricoltura, <\/span><span class=\"BZ_Pyq_fadeIn\">della <\/span><span class=\"BZ_Pyq_fadeIn\">Sovranit\u00e0 <\/span><span class=\"BZ_Pyq_fadeIn\">Alimentare <\/span><span class=\"BZ_Pyq_fadeIn\">e <\/span><span class=\"BZ_Pyq_fadeIn\">delle <\/span><span class=\"BZ_Pyq_fadeIn\">Foreste (<\/span><span class=\"BZ_Pyq_fadeIn\">MASAF)<\/span><span class=\"BZ_Pyq_fadeIn\">. <\/span><span class=\"BZ_Pyq_fadeIn\">Protagonista <\/span><span class=\"BZ_Pyq_fadeIn\">degli <\/span><span class=\"BZ_Pyq_fadeIn\">incontri <\/span><span class=\"BZ_Pyq_fadeIn\">sar\u00e0 <\/span><span class=\"BZ_Pyq_fadeIn\">il <\/span><span class=\"BZ_Pyq_fadeIn\">professor <\/span><span class=\"BZ_Pyq_fadeIn\">Salvatore <\/span><span class=\"BZ_Pyq_fadeIn\">Ceccarelli, <\/span><span class=\"BZ_Pyq_fadeIn\">genetista <\/span><span class=\"BZ_Pyq_fadeIn\">agrario <\/span><span class=\"BZ_Pyq_fadeIn\">di <\/span><span class=\"BZ_Pyq_fadeIn\">fama <\/span><span class=\"BZ_Pyq_fadeIn\">mondiale <\/span><span class=\"BZ_Pyq_fadeIn\">e <\/span><span class=\"BZ_Pyq_fadeIn\">pioniere <\/span><span class=\"BZ_Pyq_fadeIn\">del <\/span><span class=\"BZ_Pyq_fadeIn\">miglioramento <\/span><span class=\"BZ_Pyq_fadeIn\">genetico <\/span><span class=\"BZ_Pyq_fadeIn\">partecipativo, <\/span><span class=\"BZ_Pyq_fadeIn\">da <\/span><span class=\"BZ_Pyq_fadeIn\">anni <\/span><span class=\"BZ_Pyq_fadeIn\">impegnato <\/span><span class=\"BZ_Pyq_fadeIn\">nella <\/span><span class=\"BZ_Pyq_fadeIn\">promozione <\/span><span class=\"BZ_Pyq_fadeIn\">della <\/span><span class=\"BZ_Pyq_fadeIn\">biodiversit\u00e0 <\/span><span class=\"BZ_Pyq_fadeIn\">agricola. <\/span><span class=\"BZ_Pyq_fadeIn\">Il <\/span><span class=\"BZ_Pyq_fadeIn\">primo <\/span><span class=\"BZ_Pyq_fadeIn\">seminario <\/span><span class=\"BZ_Pyq_fadeIn\">si <\/span><span class=\"BZ_Pyq_fadeIn\">terr\u00e0 <\/span><span class=\"BZ_Pyq_fadeIn\">gioved\u00ec <\/span><span class=\"BZ_Pyq_fadeIn\">19 <\/span><span class=\"BZ_Pyq_fadeIn\">marzo <\/span><span class=\"BZ_Pyq_fadeIn\">dalle <\/span><span class=\"BZ_Pyq_fadeIn\">9 <\/span><span class=\"BZ_Pyq_fadeIn\">alle <\/span><span class=\"BZ_Pyq_fadeIn\">12 <\/span><span class=\"BZ_Pyq_fadeIn\">al <\/span><span class=\"BZ_Pyq_fadeIn\">Centro <\/span><span class=\"BZ_Pyq_fadeIn\">Consorzi <\/span><span class=\"BZ_Pyq_fadeIn\">di <\/span><span class=\"BZ_Pyq_fadeIn\">Sedico (<\/span><span class=\"BZ_Pyq_fadeIn\">zona <\/span><span class=\"BZ_Pyq_fadeIn\">industriale <\/span><span class=\"BZ_Pyq_fadeIn\">Gresal), <\/span><span class=\"BZ_Pyq_fadeIn\">con <\/span><span class=\"BZ_Pyq_fadeIn\">registrazione <\/span><span class=\"BZ_Pyq_fadeIn\">dei <\/span><span class=\"BZ_Pyq_fadeIn\">partecipanti <\/span><span class=\"BZ_Pyq_fadeIn\">dalle <\/span><span class=\"BZ_Pyq_fadeIn\">8.30. <\/span><span class=\"BZ_Pyq_fadeIn\">L\u2019incontro <\/span><span class=\"BZ_Pyq_fadeIn\">approfondir\u00e0 <\/span><span class=\"BZ_Pyq_fadeIn\">il <\/span><span class=\"BZ_Pyq_fadeIn\">ruolo <\/span><span class=\"BZ_Pyq_fadeIn\">della <\/span><span class=\"BZ_Pyq_fadeIn\">biodiversit\u00e0 <\/span><span class=\"BZ_Pyq_fadeIn\">nel <\/span><span class=\"BZ_Pyq_fadeIn\">suolo, <\/span><span class=\"BZ_Pyq_fadeIn\">negli <\/span><span class=\"BZ_Pyq_fadeIn\">ecosistemi <\/span><span class=\"BZ_Pyq_fadeIn\">e <\/span><span class=\"BZ_Pyq_fadeIn\">nell\u2019organismo <\/span><span class=\"BZ_Pyq_fadeIn\">umano, <\/span><span class=\"BZ_Pyq_fadeIn\">analizzando <\/span><span class=\"BZ_Pyq_fadeIn\">le <\/span><span class=\"BZ_Pyq_fadeIn\">cause <\/span><span class=\"BZ_Pyq_fadeIn\">e <\/span><span class=\"BZ_Pyq_fadeIn\">le <\/span><span class=\"BZ_Pyq_fadeIn\">conseguenze <\/span><span class=\"BZ_Pyq_fadeIn\">della <\/span><span class=\"BZ_Pyq_fadeIn\">sua <\/span><span class=\"BZ_Pyq_fadeIn\">progressiva <\/span><span class=\"BZ_Pyq_fadeIn\">perdita. <\/span><span class=\"BZ_Pyq_fadeIn\">Sar\u00e0 <\/span><span class=\"BZ_Pyq_fadeIn\">inoltre <\/span><span class=\"BZ_Pyq_fadeIn\">esplorato <\/span><span class=\"BZ_Pyq_fadeIn\">il <\/span><span class=\"BZ_Pyq_fadeIn\">legame <\/span><span class=\"BZ_Pyq_fadeIn\">tra <\/span><span class=\"BZ_Pyq_fadeIn\">diversit\u00e0 <\/span><span class=\"BZ_Pyq_fadeIn\">della <\/span><span class=\"BZ_Pyq_fadeIn\">dieta, <\/span><span class=\"BZ_Pyq_fadeIn\">salute <\/span><span class=\"BZ_Pyq_fadeIn\">fisica <\/span><span class=\"BZ_Pyq_fadeIn\">e <\/span><span class=\"BZ_Pyq_fadeIn\">mentale <\/span><span class=\"BZ_Pyq_fadeIn\">e <\/span><span class=\"BZ_Pyq_fadeIn\">modelli <\/span><span class=\"BZ_Pyq_fadeIn\">di <\/span><span class=\"BZ_Pyq_fadeIn\">produzione <\/span><span class=\"BZ_Pyq_fadeIn\">e <\/span><span class=\"BZ_Pyq_fadeIn\">distribuzione <\/span><span class=\"BZ_Pyq_fadeIn\">del <\/span><span class=\"BZ_Pyq_fadeIn\">cibo. <\/span><span class=\"BZ_Pyq_fadeIn\">Il <\/span><span class=\"BZ_Pyq_fadeIn\">secondo <\/span><span class=\"BZ_Pyq_fadeIn\">appuntamento <\/span><span class=\"BZ_Pyq_fadeIn\">\u00e8 <\/span><span class=\"BZ_Pyq_fadeIn\">previsto <\/span><span class=\"BZ_Pyq_fadeIn\">lo <\/span><span class=\"BZ_Pyq_fadeIn\">stesso <\/span><span class=\"BZ_Pyq_fadeIn\">giorno <\/span><span class=\"BZ_Pyq_fadeIn\">ad <\/span><span class=\"BZ_Pyq_fadeIn\">Agordo, <\/span><span class=\"BZ_Pyq_fadeIn\">dalle <\/span><span class=\"BZ_Pyq_fadeIn\">14.30 <\/span><span class=\"BZ_Pyq_fadeIn\">alle <\/span><span class=\"BZ_Pyq_fadeIn\">17.30 <\/span><span class=\"BZ_Pyq_fadeIn\">nella <\/span><span class=\"BZ_Pyq_fadeIn\">sala <\/span><span class=\"BZ_Pyq_fadeIn\">convegni <\/span><span class=\"BZ_Pyq_fadeIn\">Don <\/span><span class=\"BZ_Pyq_fadeIn\">Tamis. <\/span><span class=\"BZ_Pyq_fadeIn\">Il <\/span><span class=\"BZ_Pyq_fadeIn\">focus <\/span><span class=\"BZ_Pyq_fadeIn\">sar\u00e0 <\/span><span class=\"BZ_Pyq_fadeIn\">sull\u2019evoluzione <\/span><span class=\"BZ_Pyq_fadeIn\">delle <\/span><span class=\"BZ_Pyq_fadeIn\">specie <\/span><span class=\"BZ_Pyq_fadeIn\">coltivate <\/span><span class=\"BZ_Pyq_fadeIn\">e <\/span><span class=\"BZ_Pyq_fadeIn\">sul <\/span><span class=\"BZ_Pyq_fadeIn\">confronto <\/span><span class=\"BZ_Pyq_fadeIn\">tra <\/span><span class=\"BZ_Pyq_fadeIn\">miglioramento <\/span><span class=\"BZ_Pyq_fadeIn\">genetico <\/span><span class=\"BZ_Pyq_fadeIn\">convenzionale <\/span><span class=\"BZ_Pyq_fadeIn\">e <\/span><span class=\"BZ_Pyq_fadeIn\">approcci <\/span><span class=\"BZ_Pyq_fadeIn\">partecipativi.<\/span><\/p>\n<p><strong>Iniziativa finanziata dal Ministero dell\u2019Agricoltura, della Sovranit\u00e0 Alimentare e delle Foreste, MASAF con Decreto DG del 28\/11\/2024<\/strong><\/p>\n<p>&nbsp;<\/p>\n<p>&nbsp;<\/p>\n<hr \/>\n<p>&nbsp;<\/p>\n<blockquote>\n<h3 style=\"text-align: center;\">A FELTRE IL FESTIVAL \u201cYOU AND ME: WE\u201d: UN MESE DI DIALOGHI, ARTE E TEATRO PER RIFLETTERE SULLE PARI OPPORTUNIT\u00c0<\/h3>\n<\/blockquote>\n<p><strong><a class=\"dt-pswp-item\" href=\"https:\/\/www.radiopiu.net\/wordpress\/wp-content\/uploads\/2026\/03\/unnamed-16.jpg\" data-dt-img-description=\"\" data-large_image_width=\"1217\" data-large_image_height=\"1722\"><img loading=\"lazy\" decoding=\"async\" class=\"aligncenter size-medium wp-image-501306\" src=\"https:\/\/www.radiopiu.net\/wordpress\/wp-content\/uploads\/2026\/03\/unnamed-16-212x300.jpg\" alt=\"\" width=\"212\" height=\"300\" srcset=\"https:\/\/www.radiopiu.net\/wordpress\/wp-content\/uploads\/2026\/03\/unnamed-16-212x300.jpg 212w, https:\/\/www.radiopiu.net\/wordpress\/wp-content\/uploads\/2026\/03\/unnamed-16-724x1024.jpg 724w, https:\/\/www.radiopiu.net\/wordpress\/wp-content\/uploads\/2026\/03\/unnamed-16-768x1087.jpg 768w, https:\/\/www.radiopiu.net\/wordpress\/wp-content\/uploads\/2026\/03\/unnamed-16-1086x1536.jpg 1086w, https:\/\/www.radiopiu.net\/wordpress\/wp-content\/uploads\/2026\/03\/unnamed-16.jpg 1217w\" sizes=\"auto, (max-width: 212px) 100vw, 212px\" \/><\/a>\u00a0<\/strong><\/p>\n<p><strong>DI ALESSIA DALL&#8217;O&#8217;<\/strong><\/p>\n<p><strong>FELTRE <\/strong>Prende il via una nuova rassegna dedicata al tema delle pari opportunit\u00e0. Dal 18 marzo al 19 aprile il <strong>Teatro de la Sena<\/strong> ospiter\u00e0 \u201cYou and Me: We \u2013 Festival delle Pari Opportunit\u00e0\u201d, un ciclo di incontri culturali che coinvolger\u00e0 studiosi, divulgatori e artisti per stimolare una riflessione pubblica su linguaggio, societ\u00e0, ambiente e identit\u00e0. Il festival si aprir\u00e0 mercoled\u00ec 18 marzo alle 20.30 con la sociolinguista <strong>Vera Gheno<\/strong>, tra le pi\u00f9 note studiose italiane del rapporto tra lingua e societ\u00e0. Il suo intervento, intitolato <em>\u201cLe molte facce del sessismo linguistico\u201d<\/em>, guider\u00e0 il pubblico in un viaggio tra parole, stereotipi e cambiamenti culturali, mostrando come il linguaggio non sia mai neutro ma contribuisca a costruire il modo in cui percepiamo ruoli, identit\u00e0 e relazioni. L\u2019iniziativa fa parte del progetto europeo <strong>EQUALIT-\u00c0<\/strong>, nell\u2019ambito del programma <strong>Interreg Italia\u2013Austria<\/strong>, e prevede diversi appuntamenti tra conferenze, incontri con le scuole, laboratori artistici e teatro. Tutti gli eventi sono a ingresso libero fino a esaurimento dei posti disponibili.<\/p>\n<p>&nbsp;<\/p>\n<p>&nbsp;<\/p>\n<hr \/>\n<p>&nbsp;<\/p>\n<h2 style=\"text-align: center;\"><span style=\"color: #ff0000;\">CONSIGLI COMUNALI IN AGORDINO<\/span><\/h2>\n<p><strong><a class=\"dt-pswp-item\" href=\"https:\/\/www.radiopiu.net\/wordpress\/wp-content\/uploads\/2023\/10\/CANALE-DAGORDO.jpg\" data-dt-img-description=\"\" data-large_image_width=\"1280\" data-large_image_height=\"720\"><img loading=\"lazy\" decoding=\"async\" class=\"aligncenter size-medium wp-image-355525\" src=\"https:\/\/www.radiopiu.net\/wordpress\/wp-content\/uploads\/2023\/10\/CANALE-DAGORDO-300x169.jpg\" alt=\"\" width=\"300\" height=\"169\" srcset=\"https:\/\/www.radiopiu.net\/wordpress\/wp-content\/uploads\/2023\/10\/CANALE-DAGORDO-300x169.jpg 300w, https:\/\/www.radiopiu.net\/wordpress\/wp-content\/uploads\/2023\/10\/CANALE-DAGORDO-1024x576.jpg 1024w, https:\/\/www.radiopiu.net\/wordpress\/wp-content\/uploads\/2023\/10\/CANALE-DAGORDO-768x432.jpg 768w, https:\/\/www.radiopiu.net\/wordpress\/wp-content\/uploads\/2023\/10\/CANALE-DAGORDO.jpg 1280w\" sizes=\"auto, (max-width: 300px) 100vw, 300px\" \/><\/a>\u00a0<\/strong><\/p>\n<p><strong>CANALE D&#8217;AGORDO<\/strong> Consiglio comunale convocato gioved\u00ec 19 marzo alle ore 20 nella Sala Lina Zand\u00f2 \u201cBolda\u201d. All\u2019ordine del giorno: ratifica della variazione urgente al bilancio di previsione 2026-2028, rinnovo della convenzione con l\u2019Unione Montana Agordina per il servizio autorizzazioni paesaggistiche e nuova convenzione con la Fondazione Papa Luciani per la gestione del museo.<\/p>\n<p><strong>RIVAMONTE<\/strong> Consiglio comunale venerd\u00ec 20 marzo alle 18:30. Due punti in discussione: una variazione a bilancio e modifiche al regolamento sull&#8217;imposta di soggiorno<\/p>\n<p>&nbsp;<\/p>\n<hr \/>\n<p>&nbsp;<\/p>\n<blockquote>\n<h3 style=\"text-align: center;\">LA SCACCHIERA SOTTO IL CALICANTO: LIBRO, ARTE E SCACCHI ALLA BIBLIOTECA DI AGORDO<\/h3>\n<\/blockquote>\n<p><strong><a class=\"dt-pswp-item\" href=\"https:\/\/www.radiopiu.net\/wordpress\/wp-content\/uploads\/2026\/03\/bacfb3c5-2708-4de2-b3a4-530b88338d73.jpg\" data-dt-img-description=\"\" data-large_image_width=\"1600\" data-large_image_height=\"1117\"><img loading=\"lazy\" decoding=\"async\" class=\"aligncenter size-medium wp-image-501163\" src=\"https:\/\/www.radiopiu.net\/wordpress\/wp-content\/uploads\/2026\/03\/bacfb3c5-2708-4de2-b3a4-530b88338d73-300x209.jpg\" alt=\"\" width=\"300\" height=\"209\" srcset=\"https:\/\/www.radiopiu.net\/wordpress\/wp-content\/uploads\/2026\/03\/bacfb3c5-2708-4de2-b3a4-530b88338d73-300x209.jpg 300w, https:\/\/www.radiopiu.net\/wordpress\/wp-content\/uploads\/2026\/03\/bacfb3c5-2708-4de2-b3a4-530b88338d73-1024x715.jpg 1024w, https:\/\/www.radiopiu.net\/wordpress\/wp-content\/uploads\/2026\/03\/bacfb3c5-2708-4de2-b3a4-530b88338d73-768x536.jpg 768w, https:\/\/www.radiopiu.net\/wordpress\/wp-content\/uploads\/2026\/03\/bacfb3c5-2708-4de2-b3a4-530b88338d73-1536x1072.jpg 1536w, https:\/\/www.radiopiu.net\/wordpress\/wp-content\/uploads\/2026\/03\/bacfb3c5-2708-4de2-b3a4-530b88338d73.jpg 1600w\" sizes=\"auto, (max-width: 300px) 100vw, 300px\" \/><\/a>\u00a0<\/strong><\/p>\n<p><strong>AGORDO <\/strong>Oggi alle 17.30 la Biblioteca Civica di Agordo ospiter\u00e0 la presentazione del libro <em data-start=\"191\" data-end=\"225\">La scacchiera sotto il calicanto<\/em> di Giovanni Lorusso. L\u2019iniziativa, organizzata in collaborazione con il Circolo Culturale Agordino, propone un incontro dedicato a racconti, fiabe e disegni che uniscono arte, letteratura e il mondo degli scacchi. Il volume \u00e8 pensato per lettori di tutte le et\u00e0, dai bambini agli adulti curiosi. Durante l\u2019evento l\u2019autore dialogher\u00e0 con il pubblico, raccontando la nascita delle storie e delle illustrazioni presenti nel libro. L\u2019ingresso \u00e8 libero e aperto a tutti gli appassionati di lettura, creativit\u00e0 e gioco degli scacchi.<\/p>\n<p>&nbsp;<\/p>\n<p>&nbsp;<\/p>\n<hr \/>\n<p>&nbsp;<\/p>\n<blockquote>\n<h3 style=\"text-align: center;\">MARCO OSSANNA FESTEGGIA 50 ANNI IN CONSOLLE ALLO CHALET 70<\/h3>\n<\/blockquote>\n<p><strong><a class=\"dt-pswp-item\" href=\"https:\/\/www.radiopiu.net\/wordpress\/wp-content\/uploads\/2026\/03\/21b9b82e-7279-46d1-abec-8ddc7ac70a2d.jpg\" data-dt-img-description=\"\" data-large_image_width=\"1179\" data-large_image_height=\"1478\"><img loading=\"lazy\" decoding=\"async\" class=\"aligncenter size-medium wp-image-501130\" src=\"https:\/\/www.radiopiu.net\/wordpress\/wp-content\/uploads\/2026\/03\/21b9b82e-7279-46d1-abec-8ddc7ac70a2d-239x300.jpg\" alt=\"\" width=\"239\" height=\"300\" srcset=\"https:\/\/www.radiopiu.net\/wordpress\/wp-content\/uploads\/2026\/03\/21b9b82e-7279-46d1-abec-8ddc7ac70a2d-239x300.jpg 239w, https:\/\/www.radiopiu.net\/wordpress\/wp-content\/uploads\/2026\/03\/21b9b82e-7279-46d1-abec-8ddc7ac70a2d-817x1024.jpg 817w, https:\/\/www.radiopiu.net\/wordpress\/wp-content\/uploads\/2026\/03\/21b9b82e-7279-46d1-abec-8ddc7ac70a2d-768x963.jpg 768w, https:\/\/www.radiopiu.net\/wordpress\/wp-content\/uploads\/2026\/03\/21b9b82e-7279-46d1-abec-8ddc7ac70a2d.jpg 1179w\" sizes=\"auto, (max-width: 239px) 100vw, 239px\" \/><\/a>\u00a0<\/strong><\/p>\n<p><strong>BELLUNO <\/strong>Una serata speciale dedicata alla musica e alla storia della nightlife. Oggi alle 21, allo Chalet 70 in Nevegal, il DJ Marco Ossanna celebrer\u00e0 i suoi primi 50 anni in console con un evento che promette emozioni, ricordi e tanta musica. La serata, intitolata \u201cI miei primi 50 anni in console\u201d, sar\u00e0 un viaggio attraverso le sonorit\u00e0 e le esperienze che hanno segnato la lunga carriera dell\u2019artista, punto di riferimento per diverse generazioni di appassionati. Ospite speciale dell\u2019evento sar\u00e0 proprio Marco Ossanna, protagonista di una carriera costruita tra club, eventi e serate indimenticabili. L\u2019appuntamento \u00e8 allo Chalet 70, in Piazzale Nevegal 210. Per informazioni e prenotazioni \u00e8 disponibile il numero 328 329 8768. Una festa imperdibile per gli amanti della musica.<\/p>\n<p><strong>LO SPOT ALLA RADIO<\/strong><\/p>\n<audio class=\"wp-audio-shortcode\" id=\"audio-501161-8\" preload=\"none\" style=\"width: 100%;\" controls=\"controls\"><source type=\"audio\/mpeg\" src=\"https:\/\/www.radiopiu.net\/wordpress\/wp-content\/uploads\/2026\/03\/chalet-70.mp3?_=8\" \/><a href=\"https:\/\/www.radiopiu.net\/wordpress\/wp-content\/uploads\/2026\/03\/chalet-70.mp3\">https:\/\/www.radiopiu.net\/wordpress\/wp-content\/uploads\/2026\/03\/chalet-70.mp3<\/a><\/audio>\n<p>&nbsp;<\/p>\n<hr \/>\n<p>&nbsp;<\/p>\n<blockquote>\n<h3 style=\"text-align: center;\">FINE SETTIMANA DI MUSICA E FESTA ALL\u2019OH PERBACCO WINE DI CENCENIGHE<\/h3>\n<\/blockquote>\n<p><strong>CENCENIGHE <\/strong><span class=\"BZ_Pyq_fadeIn\">Un <\/span><span class=\"BZ_Pyq_fadeIn\">weekend <\/span><span class=\"BZ_Pyq_fadeIn\">all\u2019insegna <\/span><span class=\"BZ_Pyq_fadeIn\">della <\/span><span class=\"BZ_Pyq_fadeIn\">musica, <\/span><span class=\"BZ_Pyq_fadeIn\">del <\/span><span class=\"BZ_Pyq_fadeIn\">divertimento <\/span><span class=\"BZ_Pyq_fadeIn\">e <\/span><span class=\"BZ_Pyq_fadeIn\">del <\/span><span class=\"BZ_Pyq_fadeIn\">buon <\/span><span class=\"BZ_Pyq_fadeIn\">vino <\/span><span class=\"BZ_Pyq_fadeIn\">quello <\/span><span class=\"BZ_Pyq_fadeIn\">in <\/span><span class=\"BZ_Pyq_fadeIn\">programma <\/span><span class=\"BZ_Pyq_fadeIn\">a <\/span><span class=\"BZ_Pyq_fadeIn\">Oh <\/span><span class=\"BZ_Pyq_fadeIn\">Perbacco <\/span><span class=\"BZ_Pyq_fadeIn\">Wine, <\/span><span class=\"BZ_Pyq_fadeIn\">locale <\/span><span class=\"BZ_Pyq_fadeIn\">sempre <\/span><span class=\"BZ_Pyq_fadeIn\">pi\u00f9 <\/span><span class=\"BZ_Pyq_fadeIn\">punto <\/span><span class=\"BZ_Pyq_fadeIn\">di <\/span><span class=\"BZ_Pyq_fadeIn\">riferimento <\/span><span class=\"BZ_Pyq_fadeIn\">per <\/span><span class=\"BZ_Pyq_fadeIn\">la <\/span><span class=\"BZ_Pyq_fadeIn\">movida <\/span><span class=\"BZ_Pyq_fadeIn\">dell\u2019Agordino. <\/span><span class=\"BZ_Pyq_fadeIn\">Sabato <\/span><span class=\"BZ_Pyq_fadeIn\">14 <\/span><span class=\"BZ_Pyq_fadeIn\">marzo <\/span><span class=\"BZ_Pyq_fadeIn\">andr\u00e0 <\/span><span class=\"BZ_Pyq_fadeIn\">in <\/span><span class=\"BZ_Pyq_fadeIn\">scena <\/span><span class=\"BZ_Pyq_fadeIn\">la <\/span><span class=\"BZ_Pyq_fadeIn\">suggestiva <\/span><span class=\"BZ_Pyq_fadeIn\">White <\/span><span class=\"BZ_Pyq_fadeIn\">Party<\/span><span class=\"BZ_Pyq_fadeIn\">, <\/span><span class=\"BZ_Pyq_fadeIn\">una <\/span><span class=\"BZ_Pyq_fadeIn\">serata <\/span><span class=\"BZ_Pyq_fadeIn\">elegante <\/span><span class=\"BZ_Pyq_fadeIn\">e <\/span><span class=\"BZ_Pyq_fadeIn\">spettacolare. <\/span><span class=\"BZ_Pyq_fadeIn\">Protagonista <\/span><span class=\"BZ_Pyq_fadeIn\">della <\/span><span class=\"BZ_Pyq_fadeIn\">scena <\/span><span class=\"BZ_Pyq_fadeIn\">sar\u00e0 <\/span><span class=\"BZ_Pyq_fadeIn\">la <\/span><span class=\"BZ_Pyq_fadeIn\">violinista <\/span><span class=\"BZ_Pyq_fadeIn\">Eudora<\/span><span class=\"BZ_Pyq_fadeIn\">, <\/span><span class=\"BZ_Pyq_fadeIn\">pronta <\/span><span class=\"BZ_Pyq_fadeIn\">a <\/span><span class=\"BZ_Pyq_fadeIn\">regalare <\/span><span class=\"BZ_Pyq_fadeIn\">un\u2019esibizione <\/span><span class=\"BZ_Pyq_fadeIn\">dal <\/span><span class=\"BZ_Pyq_fadeIn\">forte <\/span><span class=\"BZ_Pyq_fadeIn\">impatto <\/span><span class=\"BZ_Pyq_fadeIn\">scenico. <\/span><span class=\"BZ_Pyq_fadeIn\">La <\/span><span class=\"BZ_Pyq_fadeIn\">serata <\/span><span class=\"BZ_Pyq_fadeIn\">inizier\u00e0 <\/span><span class=\"BZ_Pyq_fadeIn\">alle <\/span><span class=\"BZ_Pyq_fadeIn\">18:<\/span><span class=\"BZ_Pyq_fadeIn\">00 <\/span><span class=\"BZ_Pyq_fadeIn\">con <\/span><span class=\"BZ_Pyq_fadeIn\">l\u2019aperitivo <\/span><span class=\"BZ_Pyq_fadeIn\">musicale <\/span><span class=\"BZ_Pyq_fadeIn\">di <\/span><span class=\"BZ_Pyq_fadeIn\">DJ <\/span><span class=\"BZ_Pyq_fadeIn\">Benji<\/span><span class=\"BZ_Pyq_fadeIn\">, <\/span><span class=\"BZ_Pyq_fadeIn\">accompagnato <\/span><span class=\"BZ_Pyq_fadeIn\">da <\/span><span class=\"BZ_Pyq_fadeIn\">uno <\/span><span class=\"BZ_Pyq_fadeIn\">speciale <\/span><span class=\"BZ_Pyq_fadeIn\">men\u00f9 <\/span><span class=\"BZ_Pyq_fadeIn\">irlandese<\/span><span class=\"BZ_Pyq_fadeIn\">, <\/span><span class=\"BZ_Pyq_fadeIn\">mentre <\/span><span class=\"BZ_Pyq_fadeIn\">il <\/span><span class=\"BZ_Pyq_fadeIn\">live <\/span><span class=\"BZ_Pyq_fadeIn\">show<\/span> <span class=\"BZ_Pyq_fadeIn\">prender\u00e0 <\/span><span class=\"BZ_Pyq_fadeIn\">il <\/span><span class=\"BZ_Pyq_fadeIn\">via <\/span><span class=\"BZ_Pyq_fadeIn\">alle <\/span><span class=\"BZ_Pyq_fadeIn\">21:<\/span><span class=\"BZ_Pyq_fadeIn\">00<\/span><span class=\"BZ_Pyq_fadeIn\">, <\/span><span class=\"BZ_Pyq_fadeIn\">tra <\/span><span class=\"BZ_Pyq_fadeIn\">musica, <\/span><span class=\"BZ_Pyq_fadeIn\">atmosfera <\/span><span class=\"BZ_Pyq_fadeIn\">e <\/span><span class=\"BZ_Pyq_fadeIn\">brindisi. <\/span><span class=\"BZ_Pyq_fadeIn\">Il <\/span><span class=\"BZ_Pyq_fadeIn\">divertimento <\/span><span class=\"BZ_Pyq_fadeIn\">continuer\u00e0 <\/span><span class=\"BZ_Pyq_fadeIn\">anche <\/span><span class=\"BZ_Pyq_fadeIn\">domenica <\/span><span class=\"BZ_Pyq_fadeIn\">15 <\/span><span class=\"BZ_Pyq_fadeIn\">marzo<\/span> <span class=\"BZ_Pyq_fadeIn\">con <\/span><span class=\"BZ_Pyq_fadeIn\">la <\/span><span class=\"BZ_Pyq_fadeIn\">\u201c<\/span><span class=\"BZ_Pyq_fadeIn\">Domenica <\/span><span class=\"BZ_Pyq_fadeIn\">Bestiale\u201d<\/span><span class=\"BZ_Pyq_fadeIn\">, <\/span><span class=\"BZ_Pyq_fadeIn\">evento <\/span><span class=\"BZ_Pyq_fadeIn\">pensato <\/span><span class=\"BZ_Pyq_fadeIn\">per <\/span><span class=\"BZ_Pyq_fadeIn\">chiudere <\/span><span class=\"BZ_Pyq_fadeIn\">il <\/span><span class=\"BZ_Pyq_fadeIn\">weekend <\/span><span class=\"BZ_Pyq_fadeIn\">in <\/span><span class=\"BZ_Pyq_fadeIn\">grande <\/span><span class=\"BZ_Pyq_fadeIn\">stile. <\/span><span class=\"BZ_Pyq_fadeIn\">Dalle <\/span><span class=\"BZ_Pyq_fadeIn\">17:<\/span><span class=\"BZ_Pyq_fadeIn\">00 <\/span><span class=\"BZ_Pyq_fadeIn\">alle <\/span><span class=\"BZ_Pyq_fadeIn\">22:<\/span><span class=\"BZ_Pyq_fadeIn\">30<\/span> <span class=\"BZ_Pyq_fadeIn\">la <\/span><span class=\"BZ_Pyq_fadeIn\">consolle <\/span><span class=\"BZ_Pyq_fadeIn\">sar\u00e0 <\/span><span class=\"BZ_Pyq_fadeIn\">affidata <\/span><span class=\"BZ_Pyq_fadeIn\">ai <\/span><span class=\"BZ_Pyq_fadeIn\">Morgan &amp; <\/span><span class=\"BZ_Pyq_fadeIn\">Battaglia <\/span><span class=\"BZ_Pyq_fadeIn\">DJs<\/span><span class=\"BZ_Pyq_fadeIn\">, <\/span><span class=\"BZ_Pyq_fadeIn\">pronti <\/span><span class=\"BZ_Pyq_fadeIn\">a <\/span><span class=\"BZ_Pyq_fadeIn\">far <\/span><span class=\"BZ_Pyq_fadeIn\">ballare <\/span><span class=\"BZ_Pyq_fadeIn\">il <\/span><span class=\"BZ_Pyq_fadeIn\">pubblico <\/span><span class=\"BZ_Pyq_fadeIn\">con <\/span><span class=\"BZ_Pyq_fadeIn\">una <\/span><span class=\"BZ_Pyq_fadeIn\">selezione <\/span><span class=\"BZ_Pyq_fadeIn\">musicale <\/span><span class=\"BZ_Pyq_fadeIn\">energica.<\/span><\/p>\n\n\t\t\t<style type='text\/css'>\n\t\t\t\t#gallery-4 {\n\t\t\t\t\tmargin: auto;\n\t\t\t\t}\n\t\t\t\t#gallery-4 .gallery-item {\n\t\t\t\t\tfloat: left;\n\t\t\t\t\tmargin-top: 10px;\n\t\t\t\t\ttext-align: center;\n\t\t\t\t\twidth: 50%;\n\t\t\t\t}\n\t\t\t\t#gallery-4 img {\n\t\t\t\t\tborder: 2px solid #cfcfcf;\n\t\t\t\t}\n\t\t\t\t#gallery-4 .gallery-caption {\n\t\t\t\t\tmargin-left: 0;\n\t\t\t\t}\n\t\t\t\t\/* see gallery_shortcode() in wp-includes\/media.php *\/\n\t\t\t<\/style>\n\t\t<div id='gallery-4' class='dt-gallery-container gallery galleryid-501161 gallery-columns-2 gallery-size-medium'><dl class='gallery-item'>\n\t\t\t\t<dt class='gallery-icon portrait'>\n\t\t\t\t\t<a class=\"rollover rollover-zoom dt-pswp-item\" title=\"24df738e-81f4-4749-b946-b79fb5fb44ff\" data-dt-img-description=\"\" data-large_image_width=\"716\" data-large_image_height=\"1029\"href='https:\/\/www.radiopiu.net\/wordpress\/wp-content\/uploads\/2026\/03\/24df738e-81f4-4749-b946-b79fb5fb44ff.jpg'><img loading=\"lazy\" decoding=\"async\" width=\"209\" height=\"300\" src=\"https:\/\/www.radiopiu.net\/wordpress\/wp-content\/uploads\/2026\/03\/24df738e-81f4-4749-b946-b79fb5fb44ff-209x300.jpg\" class=\"attachment-medium size-medium\" alt=\"\" srcset=\"https:\/\/www.radiopiu.net\/wordpress\/wp-content\/uploads\/2026\/03\/24df738e-81f4-4749-b946-b79fb5fb44ff-209x300.jpg 209w, https:\/\/www.radiopiu.net\/wordpress\/wp-content\/uploads\/2026\/03\/24df738e-81f4-4749-b946-b79fb5fb44ff-713x1024.jpg 713w, https:\/\/www.radiopiu.net\/wordpress\/wp-content\/uploads\/2026\/03\/24df738e-81f4-4749-b946-b79fb5fb44ff.jpg 716w\" sizes=\"auto, (max-width: 209px) 100vw, 209px\" \/><\/a>\n\t\t\t\t<\/dt><\/dl><dl class='gallery-item'>\n\t\t\t\t<dt class='gallery-icon landscape'>\n\t\t\t\t\t<a class=\"rollover rollover-zoom dt-pswp-item\" title=\"3b2a339d-8ac3-41eb-babb-ff7e080f7610\" data-dt-img-description=\"\" data-large_image_width=\"1600\" data-large_image_height=\"1600\"href='https:\/\/www.radiopiu.net\/wordpress\/wp-content\/uploads\/2026\/03\/3b2a339d-8ac3-41eb-babb-ff7e080f7610.jpg'><img loading=\"lazy\" decoding=\"async\" width=\"300\" height=\"300\" src=\"https:\/\/www.radiopiu.net\/wordpress\/wp-content\/uploads\/2026\/03\/3b2a339d-8ac3-41eb-babb-ff7e080f7610-300x300.jpg\" class=\"attachment-medium size-medium\" alt=\"\" srcset=\"https:\/\/www.radiopiu.net\/wordpress\/wp-content\/uploads\/2026\/03\/3b2a339d-8ac3-41eb-babb-ff7e080f7610-300x300.jpg 300w, https:\/\/www.radiopiu.net\/wordpress\/wp-content\/uploads\/2026\/03\/3b2a339d-8ac3-41eb-babb-ff7e080f7610-1024x1024.jpg 1024w, https:\/\/www.radiopiu.net\/wordpress\/wp-content\/uploads\/2026\/03\/3b2a339d-8ac3-41eb-babb-ff7e080f7610-150x150.jpg 150w, https:\/\/www.radiopiu.net\/wordpress\/wp-content\/uploads\/2026\/03\/3b2a339d-8ac3-41eb-babb-ff7e080f7610-768x768.jpg 768w, https:\/\/www.radiopiu.net\/wordpress\/wp-content\/uploads\/2026\/03\/3b2a339d-8ac3-41eb-babb-ff7e080f7610-1536x1536.jpg 1536w, https:\/\/www.radiopiu.net\/wordpress\/wp-content\/uploads\/2026\/03\/3b2a339d-8ac3-41eb-babb-ff7e080f7610.jpg 1600w\" sizes=\"auto, (max-width: 300px) 100vw, 300px\" \/><\/a>\n\t\t\t\t<\/dt><\/dl><br style=\"clear: both\" \/>\n\t\t\t<\/div>\n\n<p>&nbsp;<\/p>\n<hr \/>\n<p>&nbsp;<\/p>\n<blockquote>\n<h3 style=\"text-align: center;\">SAVE THE DATE: MUSICA E OSPITI D\u2019ECCEZIONE AL RIFUGIO LARESEI<\/h3>\n<\/blockquote>\n<p><strong><a class=\"dt-pswp-item\" href=\"https:\/\/www.radiopiu.net\/wordpress\/wp-content\/uploads\/2026\/03\/521cd068-a2ac-47be-8a3b-f1488d1c7c13.jpg\" data-dt-img-description=\"\" data-large_image_width=\"513\" data-large_image_height=\"640\"><img loading=\"lazy\" decoding=\"async\" class=\"aligncenter size-medium wp-image-500078\" src=\"https:\/\/www.radiopiu.net\/wordpress\/wp-content\/uploads\/2026\/03\/521cd068-a2ac-47be-8a3b-f1488d1c7c13-240x300.jpg\" alt=\"\" width=\"240\" height=\"300\" srcset=\"https:\/\/www.radiopiu.net\/wordpress\/wp-content\/uploads\/2026\/03\/521cd068-a2ac-47be-8a3b-f1488d1c7c13-240x300.jpg 240w, https:\/\/www.radiopiu.net\/wordpress\/wp-content\/uploads\/2026\/03\/521cd068-a2ac-47be-8a3b-f1488d1c7c13.jpg 513w\" sizes=\"auto, (max-width: 240px) 100vw, 240px\" \/><\/a>\u00a0<\/strong><\/p>\n<p><strong>FALCADE<\/strong> Luned\u00ec 6 aprile dalle 10.30 il Rifugio Laresei di Falcade ospiter\u00e0 \u201cSave the Date \u2013 Unstoppable Festival\u201d, evento che promette energia, musica e divertimento nel cuore delle Dolomiti Bellunesi. Protagonisti della giornata saranno special guest di primo piano: Prezioso, storico volto di Radio Deejay e Radio m2o, Walter Pizzulli e Marco Melandri, pronti ad animare il pubblico con performance coinvolgenti. Alla consolle anche i resident dj Morgan e Battaglia, che accompagneranno la festa in un\u2019atmosfera tutta da vivere. L\u2019iniziativa unisce musica, sport e promozione della montagna. In caso di maltempo l\u2019evento sar\u00e0 cancellato. L\u2019appuntamento si preannuncia come uno dei momenti clou del fine stagione invernale a Falcade.<\/p>\n\n\t\t\t<style type='text\/css'>\n\t\t\t\t#gallery-5 {\n\t\t\t\t\tmargin: auto;\n\t\t\t\t}\n\t\t\t\t#gallery-5 .gallery-item {\n\t\t\t\t\tfloat: left;\n\t\t\t\t\tmargin-top: 10px;\n\t\t\t\t\ttext-align: center;\n\t\t\t\t\twidth: 25%;\n\t\t\t\t}\n\t\t\t\t#gallery-5 img {\n\t\t\t\t\tborder: 2px solid #cfcfcf;\n\t\t\t\t}\n\t\t\t\t#gallery-5 .gallery-caption {\n\t\t\t\t\tmargin-left: 0;\n\t\t\t\t}\n\t\t\t\t\/* see gallery_shortcode() in wp-includes\/media.php *\/\n\t\t\t<\/style>\n\t\t<div id='gallery-5' class='dt-gallery-container gallery galleryid-501161 gallery-columns-4 gallery-size-medium'><dl class='gallery-item'>\n\t\t\t\t<dt class='gallery-icon portrait'>\n\t\t\t\t\t<a class=\"rollover\" href='https:\/\/www.radiopiu.net\/wordpress\/save-the-date-musica-e-ospiti-deccezione-al-rifugio-laresei\/0a293717-7580-42db-9140-07e13797c2e3\/'><img loading=\"lazy\" decoding=\"async\" width=\"240\" height=\"300\" src=\"https:\/\/www.radiopiu.net\/wordpress\/wp-content\/uploads\/2026\/03\/0a293717-7580-42db-9140-07e13797c2e3-240x300.jpg\" class=\"attachment-medium size-medium\" alt=\"\" srcset=\"https:\/\/www.radiopiu.net\/wordpress\/wp-content\/uploads\/2026\/03\/0a293717-7580-42db-9140-07e13797c2e3-240x300.jpg 240w, https:\/\/www.radiopiu.net\/wordpress\/wp-content\/uploads\/2026\/03\/0a293717-7580-42db-9140-07e13797c2e3-819x1024.jpg 819w, https:\/\/www.radiopiu.net\/wordpress\/wp-content\/uploads\/2026\/03\/0a293717-7580-42db-9140-07e13797c2e3-768x960.jpg 768w, https:\/\/www.radiopiu.net\/wordpress\/wp-content\/uploads\/2026\/03\/0a293717-7580-42db-9140-07e13797c2e3.jpg 1080w\" sizes=\"auto, (max-width: 240px) 100vw, 240px\" \/><\/a>\n\t\t\t\t<\/dt><\/dl><dl class='gallery-item'>\n\t\t\t\t<dt class='gallery-icon portrait'>\n\t\t\t\t\t<a class=\"rollover\" href='https:\/\/www.radiopiu.net\/wordpress\/save-the-date-musica-e-ospiti-deccezione-al-rifugio-laresei\/4b7ad474-1c5a-49f0-8045-ee37f2b03787\/'><img loading=\"lazy\" decoding=\"async\" width=\"240\" height=\"300\" src=\"https:\/\/www.radiopiu.net\/wordpress\/wp-content\/uploads\/2026\/03\/4b7ad474-1c5a-49f0-8045-ee37f2b03787-240x300.jpg\" class=\"attachment-medium size-medium\" alt=\"\" srcset=\"https:\/\/www.radiopiu.net\/wordpress\/wp-content\/uploads\/2026\/03\/4b7ad474-1c5a-49f0-8045-ee37f2b03787-240x300.jpg 240w, https:\/\/www.radiopiu.net\/wordpress\/wp-content\/uploads\/2026\/03\/4b7ad474-1c5a-49f0-8045-ee37f2b03787-819x1024.jpg 819w, https:\/\/www.radiopiu.net\/wordpress\/wp-content\/uploads\/2026\/03\/4b7ad474-1c5a-49f0-8045-ee37f2b03787-768x960.jpg 768w, https:\/\/www.radiopiu.net\/wordpress\/wp-content\/uploads\/2026\/03\/4b7ad474-1c5a-49f0-8045-ee37f2b03787.jpg 1080w\" sizes=\"auto, (max-width: 240px) 100vw, 240px\" \/><\/a>\n\t\t\t\t<\/dt><\/dl><dl class='gallery-item'>\n\t\t\t\t<dt class='gallery-icon portrait'>\n\t\t\t\t\t<a class=\"rollover\" href='https:\/\/www.radiopiu.net\/wordpress\/save-the-date-musica-e-ospiti-deccezione-al-rifugio-laresei\/6e8a3e61-45a7-4fad-8148-a84b0950b861\/'><img loading=\"lazy\" decoding=\"async\" width=\"240\" height=\"300\" src=\"https:\/\/www.radiopiu.net\/wordpress\/wp-content\/uploads\/2026\/03\/6e8a3e61-45a7-4fad-8148-a84b0950b861-240x300.jpg\" class=\"attachment-medium size-medium\" alt=\"\" srcset=\"https:\/\/www.radiopiu.net\/wordpress\/wp-content\/uploads\/2026\/03\/6e8a3e61-45a7-4fad-8148-a84b0950b861-240x300.jpg 240w, https:\/\/www.radiopiu.net\/wordpress\/wp-content\/uploads\/2026\/03\/6e8a3e61-45a7-4fad-8148-a84b0950b861-819x1024.jpg 819w, https:\/\/www.radiopiu.net\/wordpress\/wp-content\/uploads\/2026\/03\/6e8a3e61-45a7-4fad-8148-a84b0950b861-768x960.jpg 768w, https:\/\/www.radiopiu.net\/wordpress\/wp-content\/uploads\/2026\/03\/6e8a3e61-45a7-4fad-8148-a84b0950b861.jpg 1080w\" sizes=\"auto, (max-width: 240px) 100vw, 240px\" \/><\/a>\n\t\t\t\t<\/dt><\/dl><dl class='gallery-item'>\n\t\t\t\t<dt class='gallery-icon portrait'>\n\t\t\t\t\t<a class=\"rollover\" href='https:\/\/www.radiopiu.net\/wordpress\/save-the-date-musica-e-ospiti-deccezione-al-rifugio-laresei\/117e1797-e85b-4f6a-a904-ebf5315c0332\/'><img loading=\"lazy\" decoding=\"async\" width=\"240\" height=\"300\" src=\"https:\/\/www.radiopiu.net\/wordpress\/wp-content\/uploads\/2026\/03\/117e1797-e85b-4f6a-a904-ebf5315c0332-240x300.jpg\" class=\"attachment-medium size-medium\" alt=\"\" srcset=\"https:\/\/www.radiopiu.net\/wordpress\/wp-content\/uploads\/2026\/03\/117e1797-e85b-4f6a-a904-ebf5315c0332-240x300.jpg 240w, https:\/\/www.radiopiu.net\/wordpress\/wp-content\/uploads\/2026\/03\/117e1797-e85b-4f6a-a904-ebf5315c0332-819x1024.jpg 819w, https:\/\/www.radiopiu.net\/wordpress\/wp-content\/uploads\/2026\/03\/117e1797-e85b-4f6a-a904-ebf5315c0332-768x960.jpg 768w, https:\/\/www.radiopiu.net\/wordpress\/wp-content\/uploads\/2026\/03\/117e1797-e85b-4f6a-a904-ebf5315c0332.jpg 1080w\" sizes=\"auto, (max-width: 240px) 100vw, 240px\" \/><\/a>\n\t\t\t\t<\/dt><\/dl><br style=\"clear: both\" \/>\n\t\t\t<\/div>\n\n<p>&nbsp;<\/p>\n<p>&nbsp;<\/p>\n<hr \/>\n<p>&nbsp;<\/p>\n<blockquote>\n<h3 style=\"text-align: center;\"><span class=\"BZ_Pyq_fadeIn\">RIPARTE <\/span><span class=\"BZ_Pyq_fadeIn\">A <\/span><span class=\"BZ_Pyq_fadeIn\">CANALE <\/span><span class=\"BZ_Pyq_fadeIn\">D\u2019AGORDO <\/span><span class=\"BZ_Pyq_fadeIn\">IL <\/span><span class=\"BZ_Pyq_fadeIn\">CORSO <\/span><span class=\"BZ_Pyq_fadeIn\">DI <\/span><span class=\"BZ_Pyq_fadeIn\">GINNASTICA <\/span><span class=\"BZ_Pyq_fadeIn\">POSTURALE<\/span><\/h3>\n<\/blockquote>\n<p><span class=\"BZ_Pyq_fadeIn\"><strong><a class=\"dt-pswp-item\" href=\"https:\/\/www.radiopiu.net\/wordpress\/wp-content\/uploads\/2026\/03\/ginnastica-posturale.jpg\" data-dt-img-description=\"\" data-large_image_width=\"2560\" data-large_image_height=\"1951\"><img loading=\"lazy\" decoding=\"async\" class=\"aligncenter size-medium wp-image-501303\" src=\"https:\/\/www.radiopiu.net\/wordpress\/wp-content\/uploads\/2026\/03\/ginnastica-posturale-300x229.jpg\" alt=\"\" width=\"300\" height=\"229\" srcset=\"https:\/\/www.radiopiu.net\/wordpress\/wp-content\/uploads\/2026\/03\/ginnastica-posturale-300x229.jpg 300w, https:\/\/www.radiopiu.net\/wordpress\/wp-content\/uploads\/2026\/03\/ginnastica-posturale-1024x780.jpg 1024w, https:\/\/www.radiopiu.net\/wordpress\/wp-content\/uploads\/2026\/03\/ginnastica-posturale-768x585.jpg 768w, https:\/\/www.radiopiu.net\/wordpress\/wp-content\/uploads\/2026\/03\/ginnastica-posturale-1536x1171.jpg 1536w, https:\/\/www.radiopiu.net\/wordpress\/wp-content\/uploads\/2026\/03\/ginnastica-posturale-2048x1561.jpg 2048w\" sizes=\"auto, (max-width: 300px) 100vw, 300px\" \/><\/a>\u00a0<\/strong><\/span><\/p>\n<p><span class=\"BZ_Pyq_fadeIn\"><strong>CANALE D&#8217;AGORDO <\/strong>L\u2019associazione <\/span><span class=\"BZ_Pyq_fadeIn\">Pro <\/span><span class=\"BZ_Pyq_fadeIn\">Loco <\/span><span class=\"BZ_Pyq_fadeIn\">di <\/span><span class=\"BZ_Pyq_fadeIn\">Canale <\/span><span class=\"BZ_Pyq_fadeIn\">d\u2019Agordo <\/span><span class=\"BZ_Pyq_fadeIn\">rilancia <\/span><span class=\"BZ_Pyq_fadeIn\">il <\/span><span class=\"BZ_Pyq_fadeIn\">corso <\/span><span class=\"BZ_Pyq_fadeIn\">di <\/span><span class=\"BZ_Pyq_fadeIn\">ginnastica <\/span><span class=\"BZ_Pyq_fadeIn\">posturale <\/span><span class=\"BZ_Pyq_fadeIn\">guidato <\/span><span class=\"BZ_Pyq_fadeIn\">dalla <\/span><span class=\"BZ_Pyq_fadeIn\">fisioterapista <\/span><span class=\"BZ_Pyq_fadeIn\">Silvana <\/span><span class=\"BZ_Pyq_fadeIn\">Andrich. <\/span><span class=\"BZ_Pyq_fadeIn\">Il <\/span><span class=\"BZ_Pyq_fadeIn\">ciclo <\/span><span class=\"BZ_Pyq_fadeIn\">prevede <\/span><span class=\"BZ_Pyq_fadeIn\">10 <\/span><span class=\"BZ_Pyq_fadeIn\">lezioni <\/span><span class=\"BZ_Pyq_fadeIn\">con <\/span><span class=\"BZ_Pyq_fadeIn\">partenza <\/span><span class=\"BZ_Pyq_fadeIn\">luned\u00ec <\/span><span class=\"BZ_Pyq_fadeIn\">20 <\/span><span class=\"BZ_Pyq_fadeIn\">aprile <\/span><span class=\"BZ_Pyq_fadeIn\">2026. <\/span><span class=\"BZ_Pyq_fadeIn\">Le <\/span><span class=\"BZ_Pyq_fadeIn\">attivit\u00e0 <\/span><span class=\"BZ_Pyq_fadeIn\">si <\/span><span class=\"BZ_Pyq_fadeIn\">svolgeranno <\/span><span class=\"BZ_Pyq_fadeIn\">alla <\/span><span class=\"BZ_Pyq_fadeIn\">Casa <\/span><span class=\"BZ_Pyq_fadeIn\">del <\/span><span class=\"BZ_Pyq_fadeIn\">Popolo, <\/span><span class=\"BZ_Pyq_fadeIn\">sopra <\/span><span class=\"BZ_Pyq_fadeIn\">il <\/span><span class=\"BZ_Pyq_fadeIn\">distretto <\/span><span class=\"BZ_Pyq_fadeIn\">sanitario <\/span><span class=\"BZ_Pyq_fadeIn\">Ulss, <\/span><span class=\"BZ_Pyq_fadeIn\">in <\/span><span class=\"BZ_Pyq_fadeIn\">via <\/span><span class=\"BZ_Pyq_fadeIn\">Roma <\/span><span class=\"BZ_Pyq_fadeIn\">a <\/span><span class=\"BZ_Pyq_fadeIn\">Canale <\/span><span class=\"BZ_Pyq_fadeIn\">d\u2019Agordo. <\/span><span class=\"BZ_Pyq_fadeIn\">I <\/span><span class=\"BZ_Pyq_fadeIn\">partecipanti <\/span><span class=\"BZ_Pyq_fadeIn\">potranno <\/span><span class=\"BZ_Pyq_fadeIn\">scegliere <\/span><span class=\"BZ_Pyq_fadeIn\">tra <\/span><span class=\"BZ_Pyq_fadeIn\">due <\/span><span class=\"BZ_Pyq_fadeIn\">turni: <\/span><span class=\"BZ_Pyq_fadeIn\">dalle <\/span><span class=\"BZ_Pyq_fadeIn\">17.30 <\/span><span class=\"BZ_Pyq_fadeIn\">alle <\/span><span class=\"BZ_Pyq_fadeIn\">19.00 <\/span><span class=\"BZ_Pyq_fadeIn\">oppure <\/span><span class=\"BZ_Pyq_fadeIn\">dalle <\/span><span class=\"BZ_Pyq_fadeIn\">19.00 <\/span><span class=\"BZ_Pyq_fadeIn\">alle <\/span><span class=\"BZ_Pyq_fadeIn\">20.30. <\/span><span class=\"BZ_Pyq_fadeIn\">Le <\/span><span class=\"BZ_Pyq_fadeIn\">lezioni <\/span><span class=\"BZ_Pyq_fadeIn\">sono <\/span><span class=\"BZ_Pyq_fadeIn\">disponibili <\/span><span class=\"BZ_Pyq_fadeIn\">dal <\/span><span class=\"BZ_Pyq_fadeIn\">luned\u00ec <\/span><span class=\"BZ_Pyq_fadeIn\">al <\/span><span class=\"BZ_Pyq_fadeIn\">venerd\u00ec. <\/span><span class=\"BZ_Pyq_fadeIn\">L\u2019iniziativa <\/span><span class=\"BZ_Pyq_fadeIn\">\u00e8 <\/span><span class=\"BZ_Pyq_fadeIn\">pensata <\/span><span class=\"BZ_Pyq_fadeIn\">per <\/span><span class=\"BZ_Pyq_fadeIn\">migliorare <\/span><span class=\"BZ_Pyq_fadeIn\">postura, <\/span><span class=\"BZ_Pyq_fadeIn\">mobilit\u00e0 <\/span><span class=\"BZ_Pyq_fadeIn\">e <\/span><span class=\"BZ_Pyq_fadeIn\">benessere <\/span><span class=\"BZ_Pyq_fadeIn\">fisico. <\/span><span class=\"BZ_Pyq_fadeIn\">I <\/span><span class=\"BZ_Pyq_fadeIn\">posti <\/span><span class=\"BZ_Pyq_fadeIn\">sono <\/span><span class=\"BZ_Pyq_fadeIn\">limitati. <\/span><span class=\"BZ_Pyq_fadeIn\">Per <\/span><span class=\"BZ_Pyq_fadeIn\">informazioni <\/span><span class=\"BZ_Pyq_fadeIn\">e <\/span><span class=\"BZ_Pyq_fadeIn\">iscrizioni <\/span><span class=\"BZ_Pyq_fadeIn\">\u00e8 <\/span><span class=\"BZ_Pyq_fadeIn\">possibile <\/span><span class=\"BZ_Pyq_fadeIn\">contattare <\/span><span class=\"BZ_Pyq_fadeIn\">il <\/span><span class=\"BZ_Pyq_fadeIn\">numero <\/span><span class=\"BZ_Pyq_fadeIn\">3779665237, <\/span><span class=\"BZ_Pyq_fadeIn\">anche <\/span><span class=\"BZ_Pyq_fadeIn\">tramite <\/span><span class=\"BZ_Pyq_fadeIn\">WhatsApp.<\/span><\/p>\n<p>&nbsp;<\/p>\n<p>&nbsp;<\/p>\n<hr \/>\n<p>&nbsp;<\/p>\n<h1 style=\"text-align: center;\"><span style=\"color: #ff6600;\">IERI ALLA RADIO<\/span><\/h1>\n<h2 style=\"text-align: center;\"><span style=\"color: #ff99cc;\">LO SKATING CLUB ARTE DEL PATTINAGGIO IN TRASFERTA A TOLOSA<\/span><\/h2>\n<p><strong>DI MARINA DONA&#8217;<\/strong><\/p>\n<p>OSPITE: Dario Mezzacasa<\/p>\n<audio class=\"wp-audio-shortcode\" id=\"audio-501161-9\" preload=\"none\" style=\"width: 100%;\" controls=\"controls\"><source type=\"audio\/mpeg\" src=\"https:\/\/www.radiopiu.net\/wordpress\/wp-content\/uploads\/2026\/03\/REPORTER-DARIO-MEZZACASA-SKATING-A-TOLOSA-IN-FRANCIA-DEL-7-E-8-MARZO-2026.mp3?_=9\" \/><a href=\"https:\/\/www.radiopiu.net\/wordpress\/wp-content\/uploads\/2026\/03\/REPORTER-DARIO-MEZZACASA-SKATING-A-TOLOSA-IN-FRANCIA-DEL-7-E-8-MARZO-2026.mp3\">https:\/\/www.radiopiu.net\/wordpress\/wp-content\/uploads\/2026\/03\/REPORTER-DARIO-MEZZACASA-SKATING-A-TOLOSA-IN-FRANCIA-DEL-7-E-8-MARZO-2026.mp3<\/a><\/audio>\n<p>&nbsp;<\/p>\n\n\t\t\t<style type='text\/css'>\n\t\t\t\t#gallery-6 {\n\t\t\t\t\tmargin: auto;\n\t\t\t\t}\n\t\t\t\t#gallery-6 .gallery-item {\n\t\t\t\t\tfloat: left;\n\t\t\t\t\tmargin-top: 10px;\n\t\t\t\t\ttext-align: center;\n\t\t\t\t\twidth: 33%;\n\t\t\t\t}\n\t\t\t\t#gallery-6 img {\n\t\t\t\t\tborder: 2px solid #cfcfcf;\n\t\t\t\t}\n\t\t\t\t#gallery-6 .gallery-caption {\n\t\t\t\t\tmargin-left: 0;\n\t\t\t\t}\n\t\t\t\t\/* see gallery_shortcode() in wp-includes\/media.php *\/\n\t\t\t<\/style>\n\t\t<div id='gallery-6' class='dt-gallery-container gallery galleryid-501161 gallery-columns-3 gallery-size-medium'><dl class='gallery-item'>\n\t\t\t\t<dt class='gallery-icon landscape'>\n\t\t\t\t\t<a class=\"rollover rollover-zoom dt-pswp-item\" title=\"3b08f0b6-563b-44a4-bcf2-46b03a71f2b4\" data-dt-img-description=\"\" data-large_image_width=\"1224\" data-large_image_height=\"902\"href='https:\/\/www.radiopiu.net\/wordpress\/wp-content\/uploads\/2026\/03\/3b08f0b6-563b-44a4-bcf2-46b03a71f2b4.jpg'><img loading=\"lazy\" decoding=\"async\" width=\"300\" height=\"221\" src=\"https:\/\/www.radiopiu.net\/wordpress\/wp-content\/uploads\/2026\/03\/3b08f0b6-563b-44a4-bcf2-46b03a71f2b4-300x221.jpg\" class=\"attachment-medium size-medium\" alt=\"\" srcset=\"https:\/\/www.radiopiu.net\/wordpress\/wp-content\/uploads\/2026\/03\/3b08f0b6-563b-44a4-bcf2-46b03a71f2b4-300x221.jpg 300w, https:\/\/www.radiopiu.net\/wordpress\/wp-content\/uploads\/2026\/03\/3b08f0b6-563b-44a4-bcf2-46b03a71f2b4-1024x755.jpg 1024w, https:\/\/www.radiopiu.net\/wordpress\/wp-content\/uploads\/2026\/03\/3b08f0b6-563b-44a4-bcf2-46b03a71f2b4-768x566.jpg 768w, https:\/\/www.radiopiu.net\/wordpress\/wp-content\/uploads\/2026\/03\/3b08f0b6-563b-44a4-bcf2-46b03a71f2b4.jpg 1224w\" sizes=\"auto, (max-width: 300px) 100vw, 300px\" \/><\/a>\n\t\t\t\t<\/dt><\/dl><dl class='gallery-item'>\n\t\t\t\t<dt class='gallery-icon landscape'>\n\t\t\t\t\t<a class=\"rollover rollover-zoom dt-pswp-item\" title=\"34f33bb6-ba61-4814-a018-55c221d138cf\" data-dt-img-description=\"\" data-large_image_width=\"1600\" data-large_image_height=\"1200\"href='https:\/\/www.radiopiu.net\/wordpress\/wp-content\/uploads\/2026\/03\/34f33bb6-ba61-4814-a018-55c221d138cf.jpg'><img loading=\"lazy\" decoding=\"async\" width=\"300\" height=\"225\" src=\"https:\/\/www.radiopiu.net\/wordpress\/wp-content\/uploads\/2026\/03\/34f33bb6-ba61-4814-a018-55c221d138cf-300x225.jpg\" class=\"attachment-medium size-medium\" alt=\"\" srcset=\"https:\/\/www.radiopiu.net\/wordpress\/wp-content\/uploads\/2026\/03\/34f33bb6-ba61-4814-a018-55c221d138cf-300x225.jpg 300w, https:\/\/www.radiopiu.net\/wordpress\/wp-content\/uploads\/2026\/03\/34f33bb6-ba61-4814-a018-55c221d138cf-1024x768.jpg 1024w, https:\/\/www.radiopiu.net\/wordpress\/wp-content\/uploads\/2026\/03\/34f33bb6-ba61-4814-a018-55c221d138cf-768x576.jpg 768w, https:\/\/www.radiopiu.net\/wordpress\/wp-content\/uploads\/2026\/03\/34f33bb6-ba61-4814-a018-55c221d138cf-1536x1152.jpg 1536w, https:\/\/www.radiopiu.net\/wordpress\/wp-content\/uploads\/2026\/03\/34f33bb6-ba61-4814-a018-55c221d138cf.jpg 1600w\" sizes=\"auto, (max-width: 300px) 100vw, 300px\" \/><\/a>\n\t\t\t\t<\/dt><\/dl><dl class='gallery-item'>\n\t\t\t\t<dt class='gallery-icon landscape'>\n\t\t\t\t\t<a class=\"rollover rollover-zoom dt-pswp-item\" title=\"KJGDSLK\" data-dt-img-description=\"\" data-large_image_width=\"1200\" data-large_image_height=\"880\"href='https:\/\/www.radiopiu.net\/wordpress\/wp-content\/uploads\/2026\/03\/KJGDSLK.jpg'><img loading=\"lazy\" decoding=\"async\" width=\"300\" height=\"220\" src=\"https:\/\/www.radiopiu.net\/wordpress\/wp-content\/uploads\/2026\/03\/KJGDSLK-300x220.jpg\" class=\"attachment-medium size-medium\" alt=\"\" srcset=\"https:\/\/www.radiopiu.net\/wordpress\/wp-content\/uploads\/2026\/03\/KJGDSLK-300x220.jpg 300w, https:\/\/www.radiopiu.net\/wordpress\/wp-content\/uploads\/2026\/03\/KJGDSLK-1024x751.jpg 1024w, https:\/\/www.radiopiu.net\/wordpress\/wp-content\/uploads\/2026\/03\/KJGDSLK-768x563.jpg 768w, https:\/\/www.radiopiu.net\/wordpress\/wp-content\/uploads\/2026\/03\/KJGDSLK.jpg 1200w\" sizes=\"auto, (max-width: 300px) 100vw, 300px\" \/><\/a>\n\t\t\t\t<\/dt><\/dl><br style=\"clear: both\" \/>\n\t\t\t<\/div>\n\n<p>&nbsp;<\/p>\n<hr \/>\n<p>&nbsp;<\/p>\n<h2 style=\"text-align: center;\"><span style=\"color: #ff0000;\">SPECIALE SPI CGIL<\/span><\/h2>\n<p><strong><a class=\"dt-pswp-item\" href=\"https:\/\/www.radiopiu.net\/wordpress\/wp-content\/uploads\/2019\/02\/Logo_Spi-CGIL-800x445.jpg\" data-dt-img-description=\"\" data-large_image_width=\"800\" data-large_image_height=\"445\"><img loading=\"lazy\" decoding=\"async\" class=\"aligncenter size-medium wp-image-75538\" src=\"https:\/\/www.radiopiu.net\/wordpress\/wp-content\/uploads\/2019\/02\/Logo_Spi-CGIL-800x445-300x167.jpg\" alt=\"\" width=\"300\" height=\"167\" srcset=\"https:\/\/www.radiopiu.net\/wordpress\/wp-content\/uploads\/2019\/02\/Logo_Spi-CGIL-800x445-300x167.jpg 300w, https:\/\/www.radiopiu.net\/wordpress\/wp-content\/uploads\/2019\/02\/Logo_Spi-CGIL-800x445-768x427.jpg 768w, https:\/\/www.radiopiu.net\/wordpress\/wp-content\/uploads\/2019\/02\/Logo_Spi-CGIL-800x445.jpg 800w\" sizes=\"auto, (max-width: 300px) 100vw, 300px\" \/><\/a>\u00a0<\/strong><\/p>\n<p><strong>DI MIRKO MEZZACASA<\/strong><\/p>\n<p>OSPITE: Maria Rita Gentilin, SPI CGIL<\/p>\n<audio class=\"wp-audio-shortcode\" id=\"audio-501161-10\" preload=\"none\" style=\"width: 100%;\" controls=\"controls\"><source type=\"audio\/mpeg\" src=\"https:\/\/www.radiopiu.net\/wordpress\/wp-content\/uploads\/2026\/03\/SPI-MARIA-RITA-GENTILIN-MARZO-2026-A.mp3?_=10\" \/><a href=\"https:\/\/www.radiopiu.net\/wordpress\/wp-content\/uploads\/2026\/03\/SPI-MARIA-RITA-GENTILIN-MARZO-2026-A.mp3\">https:\/\/www.radiopiu.net\/wordpress\/wp-content\/uploads\/2026\/03\/SPI-MARIA-RITA-GENTILIN-MARZO-2026-A.mp3<\/a><\/audio>\n<p>&nbsp;<\/p>\n<hr \/>\n<p>&nbsp;<\/p>\n<h2 style=\"text-align: center;\"><span style=\"color: #00ccff;\">SEI IN RADIO&#8230; SE di MARINA DONA&#8217;<\/span><\/h2>\n<p><strong>PUNTATA 48\u00a0 \u00a0 \u00a0 \u00a0 \u00a0 AUDIO<br \/>\n<span style=\"color: #ff0000;\"> \u00a0 \u00a0 \u00a0DA&#8230;GRUPPO NATURA BELLUNO<\/span><\/strong><\/p>\n<audio class=\"wp-audio-shortcode\" id=\"audio-501161-11\" preload=\"none\" style=\"width: 100%;\" controls=\"controls\"><source type=\"audio\/mpeg\" src=\"https:\/\/www.radiopiu.net\/wordpress\/wp-content\/uploads\/2026\/03\/SEISE-1.mp3?_=11\" \/><a href=\"https:\/\/www.radiopiu.net\/wordpress\/wp-content\/uploads\/2026\/03\/SEISE-1.mp3\">https:\/\/www.radiopiu.net\/wordpress\/wp-content\/uploads\/2026\/03\/SEISE-1.mp3<\/a><\/audio>\n<p>&nbsp;<\/p>\n<p><a class=\"dt-pswp-item\" href=\"https:\/\/www.radiopiu.net\/wordpress\/wp-content\/uploads\/2026\/03\/bd400c68-5096-4793-91f4-5ebb8403a467.jpg\" data-dt-img-description=\"\" data-large_image_width=\"1145\" data-large_image_height=\"1270\"><img loading=\"lazy\" decoding=\"async\" class=\"aligncenter size-medium wp-image-501347\" src=\"https:\/\/www.radiopiu.net\/wordpress\/wp-content\/uploads\/2026\/03\/bd400c68-5096-4793-91f4-5ebb8403a467-270x300.jpg\" alt=\"\" width=\"270\" height=\"300\" srcset=\"https:\/\/www.radiopiu.net\/wordpress\/wp-content\/uploads\/2026\/03\/bd400c68-5096-4793-91f4-5ebb8403a467-270x300.jpg 270w, https:\/\/www.radiopiu.net\/wordpress\/wp-content\/uploads\/2026\/03\/bd400c68-5096-4793-91f4-5ebb8403a467-923x1024.jpg 923w, https:\/\/www.radiopiu.net\/wordpress\/wp-content\/uploads\/2026\/03\/bd400c68-5096-4793-91f4-5ebb8403a467-768x852.jpg 768w, https:\/\/www.radiopiu.net\/wordpress\/wp-content\/uploads\/2026\/03\/bd400c68-5096-4793-91f4-5ebb8403a467.jpg 1145w\" sizes=\"auto, (max-width: 270px) 100vw, 270px\" \/><\/a><\/p>\n<p>&nbsp;<\/p>\n<h2><strong>LA RACCOLTA COMPLETA <a href=\"https:\/\/www.radiopiu.net\/wordpress\/sei-in-radio-se-12-mar\/\"><span style=\"color: #3366ff;\">CLICCA QUI<\/span><\/a><\/strong><\/h2>\n<p>&nbsp;<\/p>\n<hr \/>\n<p>&nbsp;<\/p>\n<h2 style=\"text-align: center;\"><span style=\"color: #993300;\">ARCADE SHOW..ELIA ALLA RADIO<\/span><\/h2>\n<p align=\"JUSTIFY\"><a class=\"dt-pswp-item\" href=\"https:\/\/www.radiopiu.net\/wordpress\/wp-content\/uploads\/2025\/02\/LOGO-ELIA.png\" data-dt-img-description=\"\" data-large_image_width=\"851\" data-large_image_height=\"774\"><img loading=\"lazy\" decoding=\"async\" class=\"size-medium wp-image-436960 aligncenter\" src=\"https:\/\/www.radiopiu.net\/wordpress\/wp-content\/uploads\/2025\/02\/LOGO-ELIA-300x273.png\" alt=\"\" width=\"300\" height=\"273\" srcset=\"https:\/\/www.radiopiu.net\/wordpress\/wp-content\/uploads\/2025\/02\/LOGO-ELIA-300x273.png 300w, https:\/\/www.radiopiu.net\/wordpress\/wp-content\/uploads\/2025\/02\/LOGO-ELIA-768x699.png 768w, https:\/\/www.radiopiu.net\/wordpress\/wp-content\/uploads\/2025\/02\/LOGO-ELIA.png 851w\" sizes=\"auto, (max-width: 300px) 100vw, 300px\" \/><\/a><\/p>\n<p align=\"JUSTIFY\">Arcade show, Entra nella sala giochi ufficiale di RadioPi\u00f9! Inserisci la moneta e gioca insieme a noi! Attualit\u00e0, cinema, sport, social, spensieratezza e soprattutto musica! Il primo show like a game radiofonico in italia, condotto da Elia.<\/p>\n<p align=\"JUSTIFY\"><strong>PUNTATA 49\/1<\/strong><\/p>\n<audio class=\"wp-audio-shortcode\" id=\"audio-501161-12\" preload=\"none\" style=\"width: 100%;\" controls=\"controls\"><source type=\"audio\/mpeg\" src=\"https:\/\/www.radiopiu.net\/wordpress\/wp-content\/uploads\/2026\/03\/ELIA1-1.mp3?_=12\" \/><a href=\"https:\/\/www.radiopiu.net\/wordpress\/wp-content\/uploads\/2026\/03\/ELIA1-1.mp3\">https:\/\/www.radiopiu.net\/wordpress\/wp-content\/uploads\/2026\/03\/ELIA1-1.mp3<\/a><\/audio>\n<p>&nbsp;<\/p>\n<p align=\"JUSTIFY\"><strong>PUNTATA 49\/2<\/strong><\/p>\n<audio class=\"wp-audio-shortcode\" id=\"audio-501161-13\" preload=\"none\" style=\"width: 100%;\" controls=\"controls\"><source type=\"audio\/mpeg\" src=\"https:\/\/www.radiopiu.net\/wordpress\/wp-content\/uploads\/2026\/03\/ELIA2-1.mp3?_=13\" \/><a href=\"https:\/\/www.radiopiu.net\/wordpress\/wp-content\/uploads\/2026\/03\/ELIA2-1.mp3\">https:\/\/www.radiopiu.net\/wordpress\/wp-content\/uploads\/2026\/03\/ELIA2-1.mp3<\/a><\/audio>\n<p>&nbsp;<\/p>\n<p align=\"JUSTIFY\"><strong>PUNTATA 49\/3<\/strong><\/p>\n<audio class=\"wp-audio-shortcode\" id=\"audio-501161-14\" preload=\"none\" style=\"width: 100%;\" controls=\"controls\"><source type=\"audio\/mpeg\" src=\"https:\/\/www.radiopiu.net\/wordpress\/wp-content\/uploads\/2026\/03\/ELIA3-1.mp3?_=14\" \/><a href=\"https:\/\/www.radiopiu.net\/wordpress\/wp-content\/uploads\/2026\/03\/ELIA3-1.mp3\">https:\/\/www.radiopiu.net\/wordpress\/wp-content\/uploads\/2026\/03\/ELIA3-1.mp3<\/a><\/audio>\n<p>&nbsp;<\/p>\n<h2><strong>LA RACCOLTA COMPLETA <a href=\"https:\/\/www.radiopiu.net\/wordpress\/arcade-show-elia-alla-radio\/\"><span style=\"color: #3366ff;\">CLICCA QUI<\/span><\/a><\/strong><\/h2>\n<p>&nbsp;<\/p>\n<hr \/>\n<p>&nbsp;<\/p>\n<h2 style=\"text-align: center;\"><span style=\"color: #cc99ff;\">TIME 4 ME&#8230;CON STEFANO TACCA<\/span><\/h2>\n<p><strong><a class=\"dt-pswp-item\" href=\"https:\/\/www.radiopiu.net\/wordpress\/wp-content\/uploads\/2026\/03\/WhatsApp-Image-2026-03-11-at-20.52.34.jpeg\" data-dt-img-description=\"\" data-large_image_width=\"1224\" data-large_image_height=\"1267\"><img loading=\"lazy\" decoding=\"async\" class=\"aligncenter size-medium wp-image-501216\" src=\"https:\/\/www.radiopiu.net\/wordpress\/wp-content\/uploads\/2026\/03\/WhatsApp-Image-2026-03-11-at-20.52.34-290x300.jpeg\" alt=\"\" width=\"290\" height=\"300\" srcset=\"https:\/\/www.radiopiu.net\/wordpress\/wp-content\/uploads\/2026\/03\/WhatsApp-Image-2026-03-11-at-20.52.34-290x300.jpeg 290w, https:\/\/www.radiopiu.net\/wordpress\/wp-content\/uploads\/2026\/03\/WhatsApp-Image-2026-03-11-at-20.52.34-989x1024.jpeg 989w, https:\/\/www.radiopiu.net\/wordpress\/wp-content\/uploads\/2026\/03\/WhatsApp-Image-2026-03-11-at-20.52.34-768x795.jpeg 768w, https:\/\/www.radiopiu.net\/wordpress\/wp-content\/uploads\/2026\/03\/WhatsApp-Image-2026-03-11-at-20.52.34.jpeg 1224w\" sizes=\"auto, (max-width: 290px) 100vw, 290px\" \/><\/a>DI MARINA DONA&#8217;<\/strong><\/p>\n<p>OSPITE: Stefano Tacca<\/p>\n<p><strong>PARTE UNO<\/strong><\/p>\n<audio class=\"wp-audio-shortcode\" id=\"audio-501161-15\" preload=\"none\" style=\"width: 100%;\" controls=\"controls\"><source type=\"audio\/mpeg\" src=\"https:\/\/www.radiopiu.net\/wordpress\/wp-content\/uploads\/2026\/03\/TIME1-1.mp3?_=15\" \/><a href=\"https:\/\/www.radiopiu.net\/wordpress\/wp-content\/uploads\/2026\/03\/TIME1-1.mp3\">https:\/\/www.radiopiu.net\/wordpress\/wp-content\/uploads\/2026\/03\/TIME1-1.mp3<\/a><\/audio>\n<p>&nbsp;<\/p>\n<p><strong>PARTE DUE<\/strong><\/p>\n<audio class=\"wp-audio-shortcode\" id=\"audio-501161-16\" preload=\"none\" style=\"width: 100%;\" controls=\"controls\"><source type=\"audio\/mpeg\" src=\"https:\/\/www.radiopiu.net\/wordpress\/wp-content\/uploads\/2026\/03\/TIME2-1.mp3?_=16\" \/><a href=\"https:\/\/www.radiopiu.net\/wordpress\/wp-content\/uploads\/2026\/03\/TIME2-1.mp3\">https:\/\/www.radiopiu.net\/wordpress\/wp-content\/uploads\/2026\/03\/TIME2-1.mp3<\/a><\/audio>\n<p>&nbsp;<\/p>\n<p><strong>PARTE TRE<\/strong><\/p>\n<audio class=\"wp-audio-shortcode\" id=\"audio-501161-17\" preload=\"none\" style=\"width: 100%;\" controls=\"controls\"><source type=\"audio\/mpeg\" src=\"https:\/\/www.radiopiu.net\/wordpress\/wp-content\/uploads\/2026\/03\/TIME3-1.mp3?_=17\" \/><a href=\"https:\/\/www.radiopiu.net\/wordpress\/wp-content\/uploads\/2026\/03\/TIME3-1.mp3\">https:\/\/www.radiopiu.net\/wordpress\/wp-content\/uploads\/2026\/03\/TIME3-1.mp3<\/a><\/audio>\n<p>&nbsp;<\/p>\n<hr \/>\n<p>&nbsp;<\/p>\n<h2 style=\"text-align: center;\"><span style=\"color: #00ffff;\">BAITE APERTE E SPLASH PARTY CON ALLEGHE FUNIVIE<\/span><\/h2>\n<p><strong>DI MIRKO MEZZACASA<\/strong><\/p>\n<p>OSPITE: Andrea Dal Farra<\/p>\n<audio class=\"wp-audio-shortcode\" id=\"audio-501161-18\" preload=\"none\" style=\"width: 100%;\" controls=\"controls\"><source type=\"audio\/mpeg\" src=\"https:\/\/www.radiopiu.net\/wordpress\/wp-content\/uploads\/2026\/03\/ANDREA-DAL-FARRA-SPLASH-E-BAITE.mp3?_=18\" \/><a href=\"https:\/\/www.radiopiu.net\/wordpress\/wp-content\/uploads\/2026\/03\/ANDREA-DAL-FARRA-SPLASH-E-BAITE.mp3\">https:\/\/www.radiopiu.net\/wordpress\/wp-content\/uploads\/2026\/03\/ANDREA-DAL-FARRA-SPLASH-E-BAITE.mp3<\/a><\/audio>\n<p>&nbsp;<\/p>\n\n\t\t\t<style type='text\/css'>\n\t\t\t\t#gallery-7 {\n\t\t\t\t\tmargin: auto;\n\t\t\t\t}\n\t\t\t\t#gallery-7 .gallery-item {\n\t\t\t\t\tfloat: left;\n\t\t\t\t\tmargin-top: 10px;\n\t\t\t\t\ttext-align: center;\n\t\t\t\t\twidth: 50%;\n\t\t\t\t}\n\t\t\t\t#gallery-7 img {\n\t\t\t\t\tborder: 2px solid #cfcfcf;\n\t\t\t\t}\n\t\t\t\t#gallery-7 .gallery-caption {\n\t\t\t\t\tmargin-left: 0;\n\t\t\t\t}\n\t\t\t\t\/* see gallery_shortcode() in wp-includes\/media.php *\/\n\t\t\t<\/style>\n\t\t<div id='gallery-7' class='dt-gallery-container gallery galleryid-501161 gallery-columns-2 gallery-size-medium'><dl class='gallery-item'>\n\t\t\t\t<dt class='gallery-icon landscape'>\n\t\t\t\t\t<a class=\"rollover rollover-zoom dt-pswp-item\" title=\"2.baite_sito\" data-dt-img-description=\"\" data-large_image_width=\"2555\" data-large_image_height=\"1048\"href='https:\/\/www.radiopiu.net\/wordpress\/wp-content\/uploads\/2026\/03\/2.baite_sito.png'><img loading=\"lazy\" decoding=\"async\" width=\"300\" height=\"123\" src=\"https:\/\/www.radiopiu.net\/wordpress\/wp-content\/uploads\/2026\/03\/2.baite_sito-300x123.png\" class=\"attachment-medium size-medium\" alt=\"\" srcset=\"https:\/\/www.radiopiu.net\/wordpress\/wp-content\/uploads\/2026\/03\/2.baite_sito-300x123.png 300w, https:\/\/www.radiopiu.net\/wordpress\/wp-content\/uploads\/2026\/03\/2.baite_sito-1024x420.png 1024w, https:\/\/www.radiopiu.net\/wordpress\/wp-content\/uploads\/2026\/03\/2.baite_sito-768x315.png 768w, https:\/\/www.radiopiu.net\/wordpress\/wp-content\/uploads\/2026\/03\/2.baite_sito-1536x630.png 1536w, https:\/\/www.radiopiu.net\/wordpress\/wp-content\/uploads\/2026\/03\/2.baite_sito-2048x840.png 2048w\" sizes=\"auto, (max-width: 300px) 100vw, 300px\" \/><\/a>\n\t\t\t\t<\/dt><\/dl><dl class='gallery-item'>\n\t\t\t\t<dt class='gallery-icon portrait'>\n\t\t\t\t\t<a class=\"rollover rollover-zoom dt-pswp-item\" title=\"3c7fa214-99cc-47e4-8d26-d1df3cd8b201\" data-dt-img-description=\"\" data-large_image_width=\"1190\" data-large_image_height=\"1600\"href='https:\/\/www.radiopiu.net\/wordpress\/wp-content\/uploads\/2026\/03\/3c7fa214-99cc-47e4-8d26-d1df3cd8b201.jpg'><img loading=\"lazy\" decoding=\"async\" width=\"223\" height=\"300\" src=\"https:\/\/www.radiopiu.net\/wordpress\/wp-content\/uploads\/2026\/03\/3c7fa214-99cc-47e4-8d26-d1df3cd8b201-223x300.jpg\" class=\"attachment-medium size-medium\" alt=\"\" srcset=\"https:\/\/www.radiopiu.net\/wordpress\/wp-content\/uploads\/2026\/03\/3c7fa214-99cc-47e4-8d26-d1df3cd8b201-223x300.jpg 223w, https:\/\/www.radiopiu.net\/wordpress\/wp-content\/uploads\/2026\/03\/3c7fa214-99cc-47e4-8d26-d1df3cd8b201-762x1024.jpg 762w, https:\/\/www.radiopiu.net\/wordpress\/wp-content\/uploads\/2026\/03\/3c7fa214-99cc-47e4-8d26-d1df3cd8b201-768x1033.jpg 768w, https:\/\/www.radiopiu.net\/wordpress\/wp-content\/uploads\/2026\/03\/3c7fa214-99cc-47e4-8d26-d1df3cd8b201-1142x1536.jpg 1142w, https:\/\/www.radiopiu.net\/wordpress\/wp-content\/uploads\/2026\/03\/3c7fa214-99cc-47e4-8d26-d1df3cd8b201.jpg 1190w\" sizes=\"auto, (max-width: 223px) 100vw, 223px\" \/><\/a>\n\t\t\t\t<\/dt><\/dl><br style=\"clear: both\" \/>\n\t\t\t<\/div>\n\n<p>&nbsp;<\/p>\n<hr \/>\n<p>&nbsp;<\/p>\n<h2 style=\"text-align: center;\"><span style=\"color: #33cccc;\">LA VECIA POPA 2026 SUL BROI DI AGORDO<\/span><\/h2>\n<p><strong><a class=\"dt-pswp-item\" href=\"https:\/\/www.radiopiu.net\/wordpress\/wp-content\/uploads\/2024\/02\/VeciaPopa2014b.jpg\" data-dt-img-description=\"\" data-large_image_width=\"1500\" data-large_image_height=\"944\"><img loading=\"lazy\" decoding=\"async\" class=\"aligncenter size-medium wp-image-376680\" src=\"https:\/\/www.radiopiu.net\/wordpress\/wp-content\/uploads\/2024\/02\/VeciaPopa2014b-300x189.jpg\" alt=\"\" width=\"300\" height=\"189\" srcset=\"https:\/\/www.radiopiu.net\/wordpress\/wp-content\/uploads\/2024\/02\/VeciaPopa2014b-300x189.jpg 300w, https:\/\/www.radiopiu.net\/wordpress\/wp-content\/uploads\/2024\/02\/VeciaPopa2014b-1024x644.jpg 1024w, https:\/\/www.radiopiu.net\/wordpress\/wp-content\/uploads\/2024\/02\/VeciaPopa2014b-768x483.jpg 768w, https:\/\/www.radiopiu.net\/wordpress\/wp-content\/uploads\/2024\/02\/VeciaPopa2014b.jpg 1500w\" sizes=\"auto, (max-width: 300px) 100vw, 300px\" \/><\/a>\u00a0<\/strong><\/p>\n<p><strong>DI MIRKO MEZZACASA<\/strong><\/p>\n<p>OSPITI: Thomaso Manfroi e Valentina De Nardin<\/p>\n<audio class=\"wp-audio-shortcode\" id=\"audio-501161-19\" preload=\"none\" style=\"width: 100%;\" controls=\"controls\"><source type=\"audio\/mpeg\" src=\"https:\/\/www.radiopiu.net\/wordpress\/wp-content\/uploads\/2026\/03\/valentina-e-thomas-vecia-popa-2026-m.mp3?_=19\" \/><a href=\"https:\/\/www.radiopiu.net\/wordpress\/wp-content\/uploads\/2026\/03\/valentina-e-thomas-vecia-popa-2026-m.mp3\">https:\/\/www.radiopiu.net\/wordpress\/wp-content\/uploads\/2026\/03\/valentina-e-thomas-vecia-popa-2026-m.mp3<\/a><\/audio>\n<p>&nbsp;<\/p>\n<hr \/>\n<p>&nbsp;<\/p>\n<h2 style=\"text-align: center;\"><span style=\"color: #ffcc00;\">LA PRIMA EDIZIONE DELLA CIVETTA A TOLECH<\/span><\/h2>\n<p><strong><a class=\"dt-pswp-item\" href=\"https:\/\/www.radiopiu.net\/wordpress\/wp-content\/uploads\/2026\/03\/49097471-ac9e-4109-965b-9a41e30134ae.jpg\" data-dt-img-description=\"\" data-large_image_width=\"1179\" data-large_image_height=\"758\"><img loading=\"lazy\" decoding=\"async\" class=\"aligncenter size-medium wp-image-500967\" src=\"https:\/\/www.radiopiu.net\/wordpress\/wp-content\/uploads\/2026\/03\/49097471-ac9e-4109-965b-9a41e30134ae-300x193.jpg\" alt=\"\" width=\"300\" height=\"193\" srcset=\"https:\/\/www.radiopiu.net\/wordpress\/wp-content\/uploads\/2026\/03\/49097471-ac9e-4109-965b-9a41e30134ae-300x193.jpg 300w, https:\/\/www.radiopiu.net\/wordpress\/wp-content\/uploads\/2026\/03\/49097471-ac9e-4109-965b-9a41e30134ae-1024x658.jpg 1024w, https:\/\/www.radiopiu.net\/wordpress\/wp-content\/uploads\/2026\/03\/49097471-ac9e-4109-965b-9a41e30134ae-768x494.jpg 768w, https:\/\/www.radiopiu.net\/wordpress\/wp-content\/uploads\/2026\/03\/49097471-ac9e-4109-965b-9a41e30134ae.jpg 1179w\" sizes=\"auto, (max-width: 300px) 100vw, 300px\" \/><\/a>\u00a0<\/strong><\/p>\n<p><strong>DI MIRKO MEZZACASA<\/strong><\/p>\n<p>OSPITE: Lorenzo Bogo<\/p>\n<audio class=\"wp-audio-shortcode\" id=\"audio-501161-20\" preload=\"none\" style=\"width: 100%;\" controls=\"controls\"><source type=\"audio\/mpeg\" src=\"https:\/\/www.radiopiu.net\/wordpress\/wp-content\/uploads\/2026\/03\/LORENZO-BOGO-VAL-DI-ZOLDO.mp3?_=20\" \/><a href=\"https:\/\/www.radiopiu.net\/wordpress\/wp-content\/uploads\/2026\/03\/LORENZO-BOGO-VAL-DI-ZOLDO.mp3\">https:\/\/www.radiopiu.net\/wordpress\/wp-content\/uploads\/2026\/03\/LORENZO-BOGO-VAL-DI-ZOLDO.mp3<\/a><\/audio>\n<p>&nbsp;<\/p>\n<hr \/>\n<p>&nbsp;<\/p>\n<blockquote class=\"wp-embedded-content\" data-secret=\"Csjc6DmZYT\"><p><a href=\"https:\/\/www.radiopiu.net\/wordpress\/cortinacomeolimpia28\/\">CORTINA COME OLIMPIA &#8211; LO SPORT PRENDE VOCE- PROGETTO TRE RADIO<\/a><\/p><\/blockquote>\n<p><iframe loading=\"lazy\" class=\"wp-embedded-content\" sandbox=\"allow-scripts\" security=\"restricted\" style=\"position: absolute; visibility: hidden;\" title=\"&#8220;CORTINA COME OLIMPIA &#8211; LO SPORT PRENDE VOCE- PROGETTO TRE RADIO&#8221; &#8212; Radio Pi\u00f9\" src=\"https:\/\/www.radiopiu.net\/wordpress\/cortinacomeolimpia28\/embed\/#?secret=ycdDNt3tkj#?secret=Csjc6DmZYT\" data-secret=\"Csjc6DmZYT\" width=\"600\" height=\"338\" frameborder=\"0\" marginwidth=\"0\" marginheight=\"0\" scrolling=\"no\"><\/iframe><\/p>\n<p>&nbsp;<\/p>\n<hr \/>\n<p>&nbsp;<\/p>\n<p><span style=\"color: #ff0000;\"><img loading=\"lazy\" decoding=\"async\" class=\"wp-image-61958 size-full aligncenter\" src=\"https:\/\/www.radiopiu.net\/wordpress\/wp-content\/uploads\/2018\/09\/appuntamenti.jpeg\" alt=\"\" width=\"800\" height=\"100\" srcset=\"https:\/\/www.radiopiu.net\/wordpress\/wp-content\/uploads\/2018\/09\/appuntamenti.jpeg 800w, https:\/\/www.radiopiu.net\/wordpress\/wp-content\/uploads\/2018\/09\/appuntamenti-300x38.jpeg 300w, https:\/\/www.radiopiu.net\/wordpress\/wp-content\/uploads\/2018\/09\/appuntamenti-768x96.jpeg 768w\" sizes=\"auto, (max-width: 800px) 100vw, 800px\" \/><\/span><\/p>\n<p>&nbsp;<\/p>\n\n\t\t\t<style type='text\/css'>\n\t\t\t\t#gallery-8 {\n\t\t\t\t\tmargin: auto;\n\t\t\t\t}\n\t\t\t\t#gallery-8 .gallery-item {\n\t\t\t\t\tfloat: left;\n\t\t\t\t\tmargin-top: 10px;\n\t\t\t\t\ttext-align: center;\n\t\t\t\t\twidth: 20%;\n\t\t\t\t}\n\t\t\t\t#gallery-8 img {\n\t\t\t\t\tborder: 2px solid #cfcfcf;\n\t\t\t\t}\n\t\t\t\t#gallery-8 .gallery-caption {\n\t\t\t\t\tmargin-left: 0;\n\t\t\t\t}\n\t\t\t\t\/* see gallery_shortcode() in wp-includes\/media.php *\/\n\t\t\t<\/style>\n\t\t<div id='gallery-8' class='dt-gallery-container gallery galleryid-501161 gallery-columns-5 gallery-size-thumbnail'><dl class='gallery-item'>\n\t\t\t\t<dt class='gallery-icon portrait'>\n\t\t\t\t\t<a class=\"rollover rollover-zoom dt-pswp-item\" title=\"4e967043-c873-4f5f-b1c6-d5dbc3a0bb33\" data-dt-img-description=\"\" data-large_image_width=\"1414\" data-large_image_height=\"2000\"href='https:\/\/www.radiopiu.net\/wordpress\/wp-content\/uploads\/2026\/01\/4e967043-c873-4f5f-b1c6-d5dbc3a0bb33.jpg'><img loading=\"lazy\" decoding=\"async\" width=\"150\" height=\"150\" src=\"https:\/\/www.radiopiu.net\/wordpress\/wp-content\/uploads\/2026\/01\/4e967043-c873-4f5f-b1c6-d5dbc3a0bb33-150x150.jpg\" class=\"attachment-thumbnail size-thumbnail\" alt=\"\" \/><\/a>\n\t\t\t\t<\/dt><\/dl><dl class='gallery-item'>\n\t\t\t\t<dt class='gallery-icon portrait'>\n\t\t\t\t\t<a class=\"rollover rollover-zoom dt-pswp-item\" title=\"rEsistere 1\" data-dt-img-description=\"\" data-large_image_width=\"1587\" data-large_image_height=\"2245\"href='https:\/\/www.radiopiu.net\/wordpress\/wp-content\/uploads\/2026\/02\/rEsistere-1.jpg'><img loading=\"lazy\" decoding=\"async\" width=\"150\" height=\"150\" src=\"https:\/\/www.radiopiu.net\/wordpress\/wp-content\/uploads\/2026\/02\/rEsistere-1-150x150.jpg\" class=\"attachment-thumbnail size-thumbnail\" alt=\"\" \/><\/a>\n\t\t\t\t<\/dt><\/dl><dl class='gallery-item'>\n\t\t\t\t<dt class='gallery-icon portrait'>\n\t\t\t\t\t<a class=\"rollover rollover-zoom dt-pswp-item\" title=\"Grandiosamente locandina 2026\" data-dt-img-description=\"\" data-large_image_width=\"1240\" data-large_image_height=\"1754\"href='https:\/\/www.radiopiu.net\/wordpress\/wp-content\/uploads\/2026\/03\/Grandiosamente-locandina-2026.jpg'><img loading=\"lazy\" decoding=\"async\" width=\"150\" height=\"150\" src=\"https:\/\/www.radiopiu.net\/wordpress\/wp-content\/uploads\/2026\/03\/Grandiosamente-locandina-2026-150x150.jpg\" class=\"attachment-thumbnail size-thumbnail\" alt=\"\" \/><\/a>\n\t\t\t\t<\/dt><\/dl><dl class='gallery-item'>\n\t\t\t\t<dt class='gallery-icon portrait'>\n\t\t\t\t\t<a class=\"rollover rollover-zoom dt-pswp-item\" title=\"Stefano Dal Molin locandina marzo 2026 Si e\u0300 alzato il vento\" data-dt-img-description=\"\" data-large_image_width=\"1296\" data-large_image_height=\"1727\"href='https:\/\/www.radiopiu.net\/wordpress\/wp-content\/uploads\/2026\/03\/Stefano-Dal-Molin-locandina-marzo-2026-Si-e-alzato-il-vento.jpg'><img loading=\"lazy\" decoding=\"async\" width=\"150\" height=\"150\" src=\"https:\/\/www.radiopiu.net\/wordpress\/wp-content\/uploads\/2026\/03\/Stefano-Dal-Molin-locandina-marzo-2026-Si-e-alzato-il-vento-150x150.jpg\" class=\"attachment-thumbnail size-thumbnail\" alt=\"\" \/><\/a>\n\t\t\t\t<\/dt><\/dl><dl class='gallery-item'>\n\t\t\t\t<dt class='gallery-icon portrait'>\n\t\t\t\t\t<a class=\"rollover rollover-zoom dt-pswp-item\" title=\"5816eae8-7f78-4d14-8f12-dcf2637d91c8\" data-dt-img-description=\"\" data-large_image_width=\"1546\" data-large_image_height=\"2048\"href='https:\/\/www.radiopiu.net\/wordpress\/wp-content\/uploads\/2026\/03\/5816eae8-7f78-4d14-8f12-dcf2637d91c8.jpg'><img loading=\"lazy\" decoding=\"async\" width=\"150\" height=\"150\" src=\"https:\/\/www.radiopiu.net\/wordpress\/wp-content\/uploads\/2026\/03\/5816eae8-7f78-4d14-8f12-dcf2637d91c8-150x150.jpg\" class=\"attachment-thumbnail size-thumbnail\" alt=\"\" \/><\/a>\n\t\t\t\t<\/dt><\/dl><br style=\"clear: both\" \/><dl class='gallery-item'>\n\t\t\t\t<dt class='gallery-icon portrait'>\n\t\t\t\t\t<a class=\"rollover rollover-zoom dt-pswp-item\" title=\"21b9b82e-7279-46d1-abec-8ddc7ac70a2d\" data-dt-img-description=\"\" data-large_image_width=\"1179\" data-large_image_height=\"1478\"href='https:\/\/www.radiopiu.net\/wordpress\/wp-content\/uploads\/2026\/03\/21b9b82e-7279-46d1-abec-8ddc7ac70a2d.jpg'><img loading=\"lazy\" decoding=\"async\" width=\"150\" height=\"150\" src=\"https:\/\/www.radiopiu.net\/wordpress\/wp-content\/uploads\/2026\/03\/21b9b82e-7279-46d1-abec-8ddc7ac70a2d-150x150.jpg\" class=\"attachment-thumbnail size-thumbnail\" alt=\"\" \/><\/a>\n\t\t\t\t<\/dt><\/dl><dl class='gallery-item'>\n\t\t\t\t<dt class='gallery-icon portrait'>\n\t\t\t\t\t<a class=\"rollover rollover-zoom dt-pswp-item\" title=\"377f4f47-c756-49d1-9b0a-8aef51ecd524\" data-dt-img-description=\"\" data-large_image_width=\"1447\" data-large_image_height=\"2048\"href='https:\/\/www.radiopiu.net\/wordpress\/wp-content\/uploads\/2026\/03\/377f4f47-c756-49d1-9b0a-8aef51ecd524.jpg'><img loading=\"lazy\" decoding=\"async\" width=\"150\" height=\"150\" src=\"https:\/\/www.radiopiu.net\/wordpress\/wp-content\/uploads\/2026\/03\/377f4f47-c756-49d1-9b0a-8aef51ecd524-150x150.jpg\" class=\"attachment-thumbnail size-thumbnail\" alt=\"\" \/><\/a>\n\t\t\t\t<\/dt><\/dl><dl class='gallery-item'>\n\t\t\t\t<dt class='gallery-icon portrait'>\n\t\t\t\t\t<a class=\"rollover rollover-zoom dt-pswp-item\" title=\"219a34bc-af37-462b-943d-84bd944fab89\" data-dt-img-description=\"\" data-large_image_width=\"1080\" data-large_image_height=\"1707\"href='https:\/\/www.radiopiu.net\/wordpress\/wp-content\/uploads\/2026\/03\/219a34bc-af37-462b-943d-84bd944fab89.jpg'><img loading=\"lazy\" decoding=\"async\" width=\"150\" height=\"150\" src=\"https:\/\/www.radiopiu.net\/wordpress\/wp-content\/uploads\/2026\/03\/219a34bc-af37-462b-943d-84bd944fab89-150x150.jpg\" class=\"attachment-thumbnail size-thumbnail\" alt=\"\" \/><\/a>\n\t\t\t\t<\/dt><\/dl><dl class='gallery-item'>\n\t\t\t\t<dt class='gallery-icon portrait'>\n\t\t\t\t\t<a class=\"rollover rollover-zoom dt-pswp-item\" title=\"24df738e-81f4-4749-b946-b79fb5fb44ff\" data-dt-img-description=\"\" data-large_image_width=\"716\" data-large_image_height=\"1029\"href='https:\/\/www.radiopiu.net\/wordpress\/wp-content\/uploads\/2026\/03\/24df738e-81f4-4749-b946-b79fb5fb44ff.jpg'><img loading=\"lazy\" decoding=\"async\" width=\"150\" height=\"150\" src=\"https:\/\/www.radiopiu.net\/wordpress\/wp-content\/uploads\/2026\/03\/24df738e-81f4-4749-b946-b79fb5fb44ff-150x150.jpg\" class=\"attachment-thumbnail size-thumbnail\" alt=\"\" \/><\/a>\n\t\t\t\t<\/dt><\/dl><dl class='gallery-item'>\n\t\t\t\t<dt class='gallery-icon landscape'>\n\t\t\t\t\t<a class=\"rollover rollover-zoom dt-pswp-item\" title=\"2.baite_sito\" data-dt-img-description=\"\" data-large_image_width=\"2555\" data-large_image_height=\"1048\"href='https:\/\/www.radiopiu.net\/wordpress\/wp-content\/uploads\/2026\/03\/2.baite_sito.png'><img loading=\"lazy\" decoding=\"async\" width=\"150\" height=\"150\" src=\"https:\/\/www.radiopiu.net\/wordpress\/wp-content\/uploads\/2026\/03\/2.baite_sito-150x150.png\" class=\"attachment-thumbnail size-thumbnail\" alt=\"\" \/><\/a>\n\t\t\t\t<\/dt><\/dl><br style=\"clear: both\" \/><dl class='gallery-item'>\n\t\t\t\t<dt class='gallery-icon portrait'>\n\t\t\t\t\t<a class=\"rollover rollover-zoom dt-pswp-item\" title=\"SCR-20260307-kciv\" data-dt-img-description=\"\" data-large_image_width=\"1496\" data-large_image_height=\"1810\"href='https:\/\/www.radiopiu.net\/wordpress\/wp-content\/uploads\/2026\/03\/SCR-20260307-kciv.png'><img loading=\"lazy\" decoding=\"async\" width=\"150\" height=\"150\" src=\"https:\/\/www.radiopiu.net\/wordpress\/wp-content\/uploads\/2026\/03\/SCR-20260307-kciv-150x150.png\" class=\"attachment-thumbnail size-thumbnail\" alt=\"\" \/><\/a>\n\t\t\t\t<\/dt><\/dl><dl class='gallery-item'>\n\t\t\t\t<dt class='gallery-icon portrait'>\n\t\t\t\t\t<a class=\"rollover rollover-zoom dt-pswp-item\" title=\"646322451_1334817498686844_8579841250699781747_n\" data-dt-img-description=\"\" data-large_image_width=\"1240\" data-large_image_height=\"1754\"href='https:\/\/www.radiopiu.net\/wordpress\/wp-content\/uploads\/2026\/03\/646322451_1334817498686844_8579841250699781747_n.jpg'><img loading=\"lazy\" decoding=\"async\" width=\"150\" height=\"150\" src=\"https:\/\/www.radiopiu.net\/wordpress\/wp-content\/uploads\/2026\/03\/646322451_1334817498686844_8579841250699781747_n-150x150.jpg\" class=\"attachment-thumbnail size-thumbnail\" alt=\"\" \/><\/a>\n\t\t\t\t<\/dt><\/dl><dl class='gallery-item'>\n\t\t\t\t<dt class='gallery-icon landscape'>\n\t\t\t\t\t<a class=\"rollover rollover-zoom dt-pswp-item\" title=\"3b2a339d-8ac3-41eb-babb-ff7e080f7610\" data-dt-img-description=\"\" data-large_image_width=\"1600\" data-large_image_height=\"1600\"href='https:\/\/www.radiopiu.net\/wordpress\/wp-content\/uploads\/2026\/03\/3b2a339d-8ac3-41eb-babb-ff7e080f7610.jpg'><img loading=\"lazy\" decoding=\"async\" width=\"150\" height=\"150\" src=\"https:\/\/www.radiopiu.net\/wordpress\/wp-content\/uploads\/2026\/03\/3b2a339d-8ac3-41eb-babb-ff7e080f7610-150x150.jpg\" class=\"attachment-thumbnail size-thumbnail\" alt=\"\" srcset=\"https:\/\/www.radiopiu.net\/wordpress\/wp-content\/uploads\/2026\/03\/3b2a339d-8ac3-41eb-babb-ff7e080f7610-150x150.jpg 150w, https:\/\/www.radiopiu.net\/wordpress\/wp-content\/uploads\/2026\/03\/3b2a339d-8ac3-41eb-babb-ff7e080f7610-300x300.jpg 300w, https:\/\/www.radiopiu.net\/wordpress\/wp-content\/uploads\/2026\/03\/3b2a339d-8ac3-41eb-babb-ff7e080f7610-1024x1024.jpg 1024w, https:\/\/www.radiopiu.net\/wordpress\/wp-content\/uploads\/2026\/03\/3b2a339d-8ac3-41eb-babb-ff7e080f7610-768x768.jpg 768w, https:\/\/www.radiopiu.net\/wordpress\/wp-content\/uploads\/2026\/03\/3b2a339d-8ac3-41eb-babb-ff7e080f7610-1536x1536.jpg 1536w, https:\/\/www.radiopiu.net\/wordpress\/wp-content\/uploads\/2026\/03\/3b2a339d-8ac3-41eb-babb-ff7e080f7610.jpg 1600w\" sizes=\"auto, (max-width: 150px) 100vw, 150px\" \/><\/a>\n\t\t\t\t<\/dt><\/dl><dl class='gallery-item'>\n\t\t\t\t<dt class='gallery-icon portrait'>\n\t\t\t\t\t<a class=\"rollover rollover-zoom dt-pswp-item\" title=\"JFHLJGHS\u00f2\" data-dt-img-description=\"\" data-large_image_width=\"558\" data-large_image_height=\"643\"href='https:\/\/www.radiopiu.net\/wordpress\/wp-content\/uploads\/2026\/03\/JFHLJGHSo-1.jpg'><img loading=\"lazy\" decoding=\"async\" width=\"150\" height=\"150\" src=\"https:\/\/www.radiopiu.net\/wordpress\/wp-content\/uploads\/2026\/03\/JFHLJGHSo-1-150x150.jpg\" class=\"attachment-thumbnail size-thumbnail\" alt=\"\" \/><\/a>\n\t\t\t\t<\/dt><\/dl><dl class='gallery-item'>\n\t\t\t\t<dt class='gallery-icon portrait'>\n\t\t\t\t\t<a class=\"rollover rollover-zoom dt-pswp-item\" title=\"eaba0432-f993-4a2c-9e60-c03da4aed240\" data-dt-img-description=\"\" data-large_image_width=\"983\" data-large_image_height=\"1374\"href='https:\/\/www.radiopiu.net\/wordpress\/wp-content\/uploads\/2026\/03\/eaba0432-f993-4a2c-9e60-c03da4aed240.jpg'><img loading=\"lazy\" decoding=\"async\" width=\"150\" height=\"150\" src=\"https:\/\/www.radiopiu.net\/wordpress\/wp-content\/uploads\/2026\/03\/eaba0432-f993-4a2c-9e60-c03da4aed240-150x150.jpg\" class=\"attachment-thumbnail size-thumbnail\" alt=\"\" \/><\/a>\n\t\t\t\t<\/dt><\/dl><br style=\"clear: both\" \/><dl class='gallery-item'>\n\t\t\t\t<dt class='gallery-icon portrait'>\n\t\t\t\t\t<a class=\"rollover rollover-zoom dt-pswp-item\" title=\"586740953_1283004097175673_3623727418094522816_n\" data-dt-img-description=\"\" data-large_image_width=\"514\" data-large_image_height=\"720\"href='https:\/\/www.radiopiu.net\/wordpress\/wp-content\/uploads\/2025\/11\/586740953_1283004097175673_3623727418094522816_n.jpg'><img loading=\"lazy\" decoding=\"async\" width=\"150\" height=\"150\" src=\"https:\/\/www.radiopiu.net\/wordpress\/wp-content\/uploads\/2025\/11\/586740953_1283004097175673_3623727418094522816_n-150x150.jpg\" class=\"attachment-thumbnail size-thumbnail\" alt=\"\" \/><\/a>\n\t\t\t\t<\/dt><\/dl><dl class='gallery-item'>\n\t\t\t\t<dt class='gallery-icon portrait'>\n\t\t\t\t\t<a class=\"rollover rollover-zoom dt-pswp-item\" title=\"584332528_1279625560846860_1524691345192499574_n\" data-dt-img-description=\"\" data-large_image_width=\"417\" data-large_image_height=\"590\"href='https:\/\/www.radiopiu.net\/wordpress\/wp-content\/uploads\/2025\/11\/584332528_1279625560846860_1524691345192499574_n.jpg'><img loading=\"lazy\" decoding=\"async\" width=\"150\" height=\"150\" src=\"https:\/\/www.radiopiu.net\/wordpress\/wp-content\/uploads\/2025\/11\/584332528_1279625560846860_1524691345192499574_n-150x150.jpg\" class=\"attachment-thumbnail size-thumbnail\" alt=\"\" \/><\/a>\n\t\t\t\t<\/dt><\/dl><dl class='gallery-item'>\n\t\t\t\t<dt class='gallery-icon portrait'>\n\t\t\t\t\t<a class=\"rollover rollover-zoom dt-pswp-item\" title=\"e65e010f-2ee0-47e6-9114-dacef690c3d1\" data-dt-img-description=\"\" data-large_image_width=\"1024\" data-large_image_height=\"1280\"href='https:\/\/www.radiopiu.net\/wordpress\/wp-content\/uploads\/2026\/01\/e65e010f-2ee0-47e6-9114-dacef690c3d1.jpg'><img loading=\"lazy\" decoding=\"async\" width=\"150\" height=\"150\" src=\"https:\/\/www.radiopiu.net\/wordpress\/wp-content\/uploads\/2026\/01\/e65e010f-2ee0-47e6-9114-dacef690c3d1-150x150.jpg\" class=\"attachment-thumbnail size-thumbnail\" alt=\"\" \/><\/a>\n\t\t\t\t<\/dt><\/dl><dl class='gallery-item'>\n\t\t\t\t<dt class='gallery-icon portrait'>\n\t\t\t\t\t<a class=\"rollover rollover-zoom dt-pswp-item\" title=\"521cd068-a2ac-47be-8a3b-f1488d1c7c13\" data-dt-img-description=\"\" data-large_image_width=\"513\" data-large_image_height=\"640\"href='https:\/\/www.radiopiu.net\/wordpress\/wp-content\/uploads\/2026\/03\/521cd068-a2ac-47be-8a3b-f1488d1c7c13.jpg'><img loading=\"lazy\" decoding=\"async\" width=\"150\" height=\"150\" src=\"https:\/\/www.radiopiu.net\/wordpress\/wp-content\/uploads\/2026\/03\/521cd068-a2ac-47be-8a3b-f1488d1c7c13-150x150.jpg\" class=\"attachment-thumbnail size-thumbnail\" alt=\"\" \/><\/a>\n\t\t\t\t<\/dt><\/dl><dl class='gallery-item'>\n\t\t\t\t<dt class='gallery-icon portrait'>\n\t\t\t\t\t<a class=\"rollover rollover-zoom dt-pswp-item\" title=\"3c7fa214-99cc-47e4-8d26-d1df3cd8b201\" data-dt-img-description=\"\" data-large_image_width=\"1190\" data-large_image_height=\"1600\"href='https:\/\/www.radiopiu.net\/wordpress\/wp-content\/uploads\/2026\/03\/3c7fa214-99cc-47e4-8d26-d1df3cd8b201.jpg'><img loading=\"lazy\" decoding=\"async\" width=\"150\" height=\"150\" src=\"https:\/\/www.radiopiu.net\/wordpress\/wp-content\/uploads\/2026\/03\/3c7fa214-99cc-47e4-8d26-d1df3cd8b201-150x150.jpg\" class=\"attachment-thumbnail size-thumbnail\" alt=\"\" \/><\/a>\n\t\t\t\t<\/dt><\/dl><br style=\"clear: both\" \/><dl class='gallery-item'>\n\t\t\t\t<dt class='gallery-icon portrait'>\n\t\t\t\t\t<a class=\"rollover rollover-zoom dt-pswp-item\" title=\"ac3bec6c-9d20-4068-b6cc-fe32828b8691\" data-dt-img-description=\"\" data-large_image_width=\"939\" data-large_image_height=\"1302\"href='https:\/\/www.radiopiu.net\/wordpress\/wp-content\/uploads\/2026\/03\/ac3bec6c-9d20-4068-b6cc-fe32828b8691.jpg'><img loading=\"lazy\" decoding=\"async\" width=\"150\" height=\"150\" src=\"https:\/\/www.radiopiu.net\/wordpress\/wp-content\/uploads\/2026\/03\/ac3bec6c-9d20-4068-b6cc-fe32828b8691-150x150.jpg\" class=\"attachment-thumbnail size-thumbnail\" alt=\"\" \/><\/a>\n\t\t\t\t<\/dt><\/dl><dl class='gallery-item'>\n\t\t\t\t<dt class='gallery-icon portrait'>\n\t\t\t\t\t<a class=\"rollover rollover-zoom dt-pswp-item\" title=\"gin post can\" data-dt-img-description=\"\" data-large_image_width=\"648\" data-large_image_height=\"819\"href='https:\/\/www.radiopiu.net\/wordpress\/wp-content\/uploads\/2026\/03\/gin-post-can.jpg'><img loading=\"lazy\" decoding=\"async\" width=\"150\" height=\"150\" src=\"https:\/\/www.radiopiu.net\/wordpress\/wp-content\/uploads\/2026\/03\/gin-post-can-150x150.jpg\" class=\"attachment-thumbnail size-thumbnail\" alt=\"\" \/><\/a>\n\t\t\t\t<\/dt><\/dl><dl class='gallery-item'>\n\t\t\t\t<dt class='gallery-icon portrait'>\n\t\t\t\t\t<a class=\"rollover rollover-zoom dt-pswp-item\" title=\"649829132_1399275798668081_1623068814339304057_n\" data-dt-img-description=\"\" data-large_image_width=\"1131\" data-large_image_height=\"1600\"href='https:\/\/www.radiopiu.net\/wordpress\/wp-content\/uploads\/2026\/03\/649829132_1399275798668081_1623068814339304057_n.jpg'><img loading=\"lazy\" decoding=\"async\" width=\"150\" height=\"150\" src=\"https:\/\/www.radiopiu.net\/wordpress\/wp-content\/uploads\/2026\/03\/649829132_1399275798668081_1623068814339304057_n-150x150.jpg\" class=\"attachment-thumbnail size-thumbnail\" alt=\"\" \/><\/a>\n\t\t\t\t<\/dt><\/dl>\n\t\t\t\t<br style='clear: both' \/>\n\t\t\t<\/div>\n\n<p>&nbsp;<\/p>\n<p>&nbsp;<\/p>\n<hr \/>\n<p>&nbsp;<\/p>\n<p class=\"mceTemp\"><a class=\"dt-pswp-item\" href=\"https:\/\/www.radiopiu.net\/wordpress\/wp-content\/uploads\/2018\/09\/WhatsApp-Image-2018-09-20-at-16.04.06.jpeg\" data-dt-img-description=\"\" data-large_image_width=\"800\" data-large_image_height=\"100\"><img loading=\"lazy\" decoding=\"async\" class=\"wp-image-61378 size-full aligncenter\" src=\"https:\/\/www.radiopiu.net\/wordpress\/wp-content\/uploads\/2018\/09\/WhatsApp-Image-2018-09-20-at-16.04.06.jpeg\" alt=\"\" width=\"800\" height=\"100\" srcset=\"https:\/\/www.radiopiu.net\/wordpress\/wp-content\/uploads\/2018\/09\/WhatsApp-Image-2018-09-20-at-16.04.06.jpeg 800w, https:\/\/www.radiopiu.net\/wordpress\/wp-content\/uploads\/2018\/09\/WhatsApp-Image-2018-09-20-at-16.04.06-300x38.jpeg 300w, https:\/\/www.radiopiu.net\/wordpress\/wp-content\/uploads\/2018\/09\/WhatsApp-Image-2018-09-20-at-16.04.06-768x96.jpeg 768w\" sizes=\"auto, (max-width: 800px) 100vw, 800px\" \/><\/a><\/p>\n<p>&nbsp;<\/p>\n<p><center><b>OGGI<\/b><\/center>Attenuazione della nuvolosit\u00e0 nella prima parte della notte fino a poco nuvoloso al primo mattino, con nubi basse in alcune valli e ampi periodi soleggiati altrove, poi addensamenti nel pomeriggio. In serata generale aumento della nuvolosit\u00e0 per nubi stratiformi.<br \/>\n<b>Precipitazioni: <\/b>Generalmente assenti<br \/>\nTemperature minime in calo, soprattutto laddove nel corso della notte il cielo sia prevalentemente sereno, massime in aumento per il maggiore soleggiamento diurno.<\/p>\n<hr \/>\n<p><center><b>DOMANI<\/b><\/center>Cielo nuvoloso o molto nuvoloso.<br \/>\n<b>Precipitazioni: <\/b>Precipitazioni generalmente assenti al mattino, pi\u00f9 probabili al pomeriggio-sera quando saranno di debole o moderata intensit\u00e0, con eventuale limite neve tra 1200 e 1700 m, in funzione della zona e del momento della giornata.<br \/>\nTemperature massime in calo, minime in lieve aumento.<\/p>\n<hr \/>\n<p><center><b>DOMENICA<\/b><\/center>Nuvolosit\u00e0 irregolare con qualche breve schiarita alternata ad annuvolamenti pi\u00f9 consistenti. Piovaschi o rovesci sparsi di debole intensit\u00e0. Temperature stazionarie o in lieve aumento nei valori massimi.<\/p>\n<hr \/>\n<p><center><b>LUNEDI<\/b><\/center>Cielo variabilmente nuvoloso con precipitazioni pi\u00f9 probabili al pomeriggio su Prealpi per l&#8217;ingresso di aria pi\u00f9 fredda e per sfondamento da nord qualora l&#8217;intensit\u00e0 del flusso permetta di raggiungere le Dolomiti settentrionali<\/p>\n<p>&nbsp;<\/p>\n<hr \/>\n<p>&nbsp;<\/p>\n<p class=\"mceTemp\"><a class=\"dt-pswp-item\" href=\"https:\/\/www.radiopiu.net\/wordpress\/wp-content\/uploads\/2018\/09\/sport.jpg\" data-dt-img-description=\"\" data-large_image_width=\"800\" data-large_image_height=\"100\"><img loading=\"lazy\" decoding=\"async\" class=\"aligncenter wp-image-60761 size-full\" src=\"https:\/\/www.radiopiu.net\/wordpress\/wp-content\/uploads\/2018\/09\/sport.jpg\" alt=\"\" width=\"800\" height=\"100\" srcset=\"https:\/\/www.radiopiu.net\/wordpress\/wp-content\/uploads\/2018\/09\/sport.jpg 800w, https:\/\/www.radiopiu.net\/wordpress\/wp-content\/uploads\/2018\/09\/sport-300x38.jpg 300w, https:\/\/www.radiopiu.net\/wordpress\/wp-content\/uploads\/2018\/09\/sport-768x96.jpg 768w\" sizes=\"auto, (max-width: 800px) 100vw, 800px\" \/> <\/a><\/p>\n<p><span style=\"color: #0000ff;\"><strong>\u00a0<\/strong><\/span><\/p>\n<div class=\"page-title-head hgroup\">\n<h1 class=\"entry-title\">PARALIMPIADI CORTINA: SEMIFINALE SFIORATA NEL CURLING, OGGI DE SILVESTRO A CACCIA DELL\u2019ORO<\/h1>\n<\/div>\n<div class=\"page-title-breadcrumbs\">\n<p class=\"photoswipe-wrapper\" data-start=\"96\" data-end=\"196\"><a class=\"dt-pswp-item pspw-wrap-ready\" href=\"https:\/\/www.radiopiu.net\/wordpress\/wp-content\/uploads\/2026\/03\/Screenshot-2026-03-13-052216.png\" data-dt-img-description=\"\" data-large_image_width=\"471\" data-large_image_height=\"148\"><img loading=\"lazy\" decoding=\"async\" class=\"aligncenter wp-image-501381 size-full\" src=\"https:\/\/www.radiopiu.net\/wordpress\/wp-content\/uploads\/2026\/03\/Screenshot-2026-03-13-052216.png\" sizes=\"auto, (max-width: 471px) 100vw, 471px\" srcset=\"https:\/\/www.radiopiu.net\/wordpress\/wp-content\/uploads\/2026\/03\/Screenshot-2026-03-13-052216.png 471w, https:\/\/www.radiopiu.net\/wordpress\/wp-content\/uploads\/2026\/03\/Screenshot-2026-03-13-052216-300x94.png 300w\" alt=\"\" width=\"471\" height=\"148\" \/><\/a><\/p>\n<p data-start=\"96\" data-end=\"196\">Giornata intensa alle\u00a0<strong data-start=\"118\" data-end=\"145\">Paralimpiadi di Cortina<\/strong>, tra emozioni, delusione e nuove speranze azzurre. Nel\u00a0<strong data-start=\"202\" data-end=\"219\">curling misto<\/strong>\u00a0l\u2019Italia ha sfiorato una storica semifinale. In squadra anche la cortinese\u00a0<strong data-start=\"295\" data-end=\"312\">Giada Menardi<\/strong>\u00a0e il cadorino\u00a0<strong data-start=\"327\" data-end=\"349\">Sebastiano Ronzani<\/strong>, protagonisti di un cammino convincente fino alla sfida decisiva contro la\u00a0<strong data-start=\"425\" data-end=\"434\">Corea<\/strong>. Il match \u00e8 stato combattutissimo e si \u00e8 chiuso\u00a0<strong data-start=\"483\" data-end=\"490\">6-5<\/strong>\u00a0per i coreani. Una partita giocata punto su punto, decisa davvero\u00a0<strong data-start=\"560\" data-end=\"584\">per pochi centimetri<\/strong>, che ha lasciato l\u2019amaro in bocca agli azzurri. L\u2019Italia conclude comunque il torneo con un buon\u00a0<strong data-start=\"682\" data-end=\"697\">sesto posto<\/strong>, dimostrando di poter competere ad alto livello internazionale. Ma a Cortina lo sguardo \u00e8 gi\u00e0 rivolto alla giornata di oggi. Tutti gli occhi sono puntati su\u00a0<strong data-start=\"856\" data-end=\"877\">Ren\u00e9 De Silvestro<\/strong>, uno dei grandi protagonisti azzurri dello sci paralimpico. Alle\u00a0<strong data-start=\"946\" data-end=\"951\">9<\/strong>\u00a0sulla\u00a0<strong data-start=\"958\" data-end=\"975\">pista Olympia<\/strong>\u00a0\u00e8 in programma lo\u00a0<strong data-start=\"994\" data-end=\"1012\">slalom gigante<\/strong>, con l\u2019atleta ampezzano pronto a dare tutto per conquistare una\u00a0<strong data-start=\"1077\" data-end=\"1095\">medaglia d\u2019oro<\/strong>\u00a0davanti al pubblico di casa. Cortina sogna e tifa per lui.<\/p>\n<p>&nbsp;<\/p>\n<\/div>\n<h1 class=\"_title post-title entry-title\">CORTINA D\u2019AMPEZZO | PARALIMPIADI: SI PREPARANO I FESTEGGIAMENTI PER LA CHIUSURA<\/h1>\n<p>\u2013 Intervistati MONICA MAZZOCCOLI (ASSESSORE SPORT COMUNE BELLUNO) (Servizio di\u00a0<a href=\"https:\/\/antennatre.medianordest.it\/redazione\/Fabio-Fioravanzi\/\">Fabio Fioravanzi<\/a>)<\/p>\n<p><iframe loading=\"lazy\" title=\"PARALIMPIADI: SI PREPARANO I FESTEGGIAMENTI PER LA CHIUSURA | 12\/03\/2026\" width=\"1200\" height=\"675\" src=\"https:\/\/www.youtube.com\/embed\/jlmRKvu5-90?feature=oembed\" frameborder=\"0\" allow=\"accelerometer; autoplay; clipboard-write; encrypted-media; gyroscope; picture-in-picture; web-share\" referrerpolicy=\"strict-origin-when-cross-origin\" allowfullscreen><\/iframe><\/p>\n<div class=\"bd_header_single bd_header_single_template_2\">\n<div class=\"bd-container\">\n<div class=\"bd_header_single_holder\">\n<h1 class=\"_title post-title entry-title\">CORTINA D\u2019AMPEZZO | \u2018ESPORTIAMO INCLUSIONE\u2019: IL RACCONTO DI ANTONIO FANTIN, CAMPIONE DI NUOTO PARALIMPICO<\/h1>\n<\/div>\n<\/div>\n<\/div>\n<p>Intervistati ANTONIO FANTIN (CAMPIONE DI NUOTO PARALIMPICO) (Servizio di\u00a0<a href=\"https:\/\/antennatre.medianordest.it\/redazione\/Tiziana-Bolognani\/\">Tiziana Bolognani<\/a>)<\/p>\n<hr \/>\n<p><iframe loading=\"lazy\" title=\"&#039;ESPORTIAMO INCLUSIONE&#039;: IL RACCONTO DI ANTONIO FANTIN, CAMPIONE DI NUOTO PARALIMPICO | 12\/03\/2026\" width=\"1200\" height=\"675\" src=\"https:\/\/www.youtube.com\/embed\/9oTHQ5YSZfk?feature=oembed\" frameborder=\"0\" allow=\"accelerometer; autoplay; clipboard-write; encrypted-media; gyroscope; picture-in-picture; web-share\" referrerpolicy=\"strict-origin-when-cross-origin\" allowfullscreen><\/iframe><\/p>\n<p><span style=\"color: #0000ff;\"><strong>SPORT INVERNALI<\/strong><\/span><\/p>\n<blockquote>\n<h3 style=\"text-align: center;\"><span class=\"BZ_Pyq_fadeIn\">A <\/span><span class=\"BZ_Pyq_fadeIn\">FALCADE <\/span><span class=\"BZ_Pyq_fadeIn\">LE <\/span><span class=\"BZ_Pyq_fadeIn\">FINALI <\/span><span class=\"BZ_Pyq_fadeIn\">DEL <\/span><span class=\"BZ_Pyq_fadeIn\">GRAND <\/span><span class=\"BZ_Pyq_fadeIn\">PRIX <\/span><span class=\"BZ_Pyq_fadeIn\">LATTEBUSCHE: <\/span><span class=\"BZ_Pyq_fadeIn\">OLTRE <\/span><span class=\"BZ_Pyq_fadeIn\">650 <\/span><span class=\"BZ_Pyq_fadeIn\">GIOVANI <\/span><span class=\"BZ_Pyq_fadeIn\">SCIATORI <\/span><span class=\"BZ_Pyq_fadeIn\">IN <\/span><span class=\"BZ_Pyq_fadeIn\">GARA<\/span><\/h3>\n<\/blockquote>\n<p><span class=\"BZ_Pyq_fadeIn\">\u00c8 <\/span><span class=\"BZ_Pyq_fadeIn\">tempo <\/span><span class=\"BZ_Pyq_fadeIn\">di <\/span><span class=\"BZ_Pyq_fadeIn\">finali <\/span><span class=\"BZ_Pyq_fadeIn\">per <\/span><span class=\"BZ_Pyq_fadeIn\">il <\/span><span class=\"BZ_Pyq_fadeIn\">Grand <\/span><span class=\"BZ_Pyq_fadeIn\">Prix <\/span><span class=\"BZ_Pyq_fadeIn\">Lattebusche, <\/span><span class=\"BZ_Pyq_fadeIn\">storico <\/span><span class=\"BZ_Pyq_fadeIn\">circuito <\/span><span class=\"BZ_Pyq_fadeIn\">dedicato <\/span><span class=\"BZ_Pyq_fadeIn\">allo <\/span><span class=\"BZ_Pyq_fadeIn\">sci <\/span><span class=\"BZ_Pyq_fadeIn\">alpino <\/span><span class=\"BZ_Pyq_fadeIn\">e <\/span><span class=\"BZ_Pyq_fadeIn\">allo <\/span><span class=\"BZ_Pyq_fadeIn\">sci <\/span><span class=\"BZ_Pyq_fadeIn\">di <\/span><span class=\"BZ_Pyq_fadeIn\">fondo <\/span><span class=\"BZ_Pyq_fadeIn\">per <\/span><span class=\"BZ_Pyq_fadeIn\">le <\/span><span class=\"BZ_Pyq_fadeIn\">categorie <\/span><span class=\"BZ_Pyq_fadeIn\">Baby (<\/span><span class=\"BZ_Pyq_fadeIn\">under <\/span><span class=\"BZ_Pyq_fadeIn\">10) <\/span><span class=\"BZ_Pyq_fadeIn\">e <\/span><span class=\"BZ_Pyq_fadeIn\">Cuccioli (<\/span><span class=\"BZ_Pyq_fadeIn\">under <\/span><span class=\"BZ_Pyq_fadeIn\">12). <\/span><span class=\"BZ_Pyq_fadeIn\">L\u2019atto <\/span><span class=\"BZ_Pyq_fadeIn\">conclusivo <\/span><span class=\"BZ_Pyq_fadeIn\">dell\u2019edizione <\/span><span class=\"BZ_Pyq_fadeIn\">2025-<\/span><span class=\"BZ_Pyq_fadeIn\">2026, <\/span><span class=\"BZ_Pyq_fadeIn\">ideata <\/span><span class=\"BZ_Pyq_fadeIn\">mezzo <\/span><span class=\"BZ_Pyq_fadeIn\">secolo <\/span><span class=\"BZ_Pyq_fadeIn\">fa <\/span><span class=\"BZ_Pyq_fadeIn\">da <\/span><span class=\"BZ_Pyq_fadeIn\">Ivano <\/span><span class=\"BZ_Pyq_fadeIn\">Giopp <\/span><span class=\"BZ_Pyq_fadeIn\">e <\/span><span class=\"BZ_Pyq_fadeIn\">promossa <\/span><span class=\"BZ_Pyq_fadeIn\">da <\/span><span class=\"hover:entity-accent entity-underline inline cursor-pointer align-baseline\"><span class=\"whitespace-normal\">FISI Veneto<\/span><\/span><span class=\"BZ_Pyq_fadeIn\">, <\/span><span class=\"BZ_Pyq_fadeIn\">si <\/span><span class=\"BZ_Pyq_fadeIn\">svolger\u00e0 <\/span><span class=\"BZ_Pyq_fadeIn\">questo <\/span><span class=\"BZ_Pyq_fadeIn\">fine <\/span><span class=\"BZ_Pyq_fadeIn\">settimana <\/span><span class=\"BZ_Pyq_fadeIn\">a <\/span><span class=\"hover:entity-accent entity-underline inline cursor-pointer align-baseline\"><span class=\"whitespace-normal\">Falcade<\/span><\/span><span class=\"BZ_Pyq_fadeIn\">. Fino<\/span><span class=\"BZ_Pyq_fadeIn\">\u00a0<\/span><span class=\"BZ_Pyq_fadeIn\">a <\/span><span class=\"BZ_Pyq_fadeIn\">domenica <\/span><span class=\"BZ_Pyq_fadeIn\">15 <\/span><span class=\"BZ_Pyq_fadeIn\">marzo <\/span><span class=\"BZ_Pyq_fadeIn\">saranno <\/span><span class=\"BZ_Pyq_fadeIn\">oltre <\/span><span class=\"BZ_Pyq_fadeIn\">650 <\/span><span class=\"BZ_Pyq_fadeIn\">i <\/span><span class=\"BZ_Pyq_fadeIn\">giovani <\/span><span class=\"BZ_Pyq_fadeIn\">atleti <\/span><span class=\"BZ_Pyq_fadeIn\">in <\/span><span class=\"BZ_Pyq_fadeIn\">gara, <\/span><span class=\"BZ_Pyq_fadeIn\">per <\/span><span class=\"BZ_Pyq_fadeIn\">pi\u00f9 <\/span><span class=\"BZ_Pyq_fadeIn\">di <\/span><span class=\"BZ_Pyq_fadeIn\">1.100 <\/span><span class=\"BZ_Pyq_fadeIn\">partenze <\/span><span class=\"BZ_Pyq_fadeIn\">complessive. <\/span><span class=\"BZ_Pyq_fadeIn\">Si <\/span><span class=\"BZ_Pyq_fadeIn\">parte <\/span><span class=\"BZ_Pyq_fadeIn\">venerd\u00ec <\/span><span class=\"BZ_Pyq_fadeIn\">con <\/span><span class=\"BZ_Pyq_fadeIn\">lo <\/span><span class=\"BZ_Pyq_fadeIn\">skicross <\/span><span class=\"BZ_Pyq_fadeIn\">Cuccioli <\/span><span class=\"BZ_Pyq_fadeIn\">sulla <\/span><span class=\"BZ_Pyq_fadeIn\">pista <\/span><span class=\"BZ_Pyq_fadeIn\">Paradiso <\/span><span class=\"BZ_Pyq_fadeIn\">della <\/span><span class=\"BZ_Pyq_fadeIn\">Ski <\/span><span class=\"BZ_Pyq_fadeIn\">Area <\/span><span class=\"BZ_Pyq_fadeIn\">San <\/span><span class=\"BZ_Pyq_fadeIn\">Pellegrino. <\/span><span class=\"BZ_Pyq_fadeIn\">Sabato <\/span><span class=\"BZ_Pyq_fadeIn\">spazio <\/span><span class=\"BZ_Pyq_fadeIn\">alla <\/span><span class=\"BZ_Pyq_fadeIn\">finalina <\/span><span class=\"BZ_Pyq_fadeIn\">e <\/span><span class=\"BZ_Pyq_fadeIn\">allo <\/span><span class=\"BZ_Pyq_fadeIn\">slalom <\/span><span class=\"BZ_Pyq_fadeIn\">speciale <\/span><span class=\"BZ_Pyq_fadeIn\">dello <\/span><span class=\"BZ_Pyq_fadeIn\">sci <\/span><span class=\"BZ_Pyq_fadeIn\">alpino <\/span><span class=\"BZ_Pyq_fadeIn\">sulle <\/span><span class=\"BZ_Pyq_fadeIn\">piste <\/span><span class=\"BZ_Pyq_fadeIn\">Le <\/span><span class=\"BZ_Pyq_fadeIn\">Coste, <\/span><span class=\"BZ_Pyq_fadeIn\">mentre <\/span><span class=\"BZ_Pyq_fadeIn\">per <\/span><span class=\"BZ_Pyq_fadeIn\">il <\/span><span class=\"BZ_Pyq_fadeIn\">fondo <\/span><span class=\"BZ_Pyq_fadeIn\">\u00e8 <\/span><span class=\"BZ_Pyq_fadeIn\">prevista <\/span><span class=\"BZ_Pyq_fadeIn\">una <\/span><span class=\"BZ_Pyq_fadeIn\">gimkana <\/span><span class=\"BZ_Pyq_fadeIn\">in <\/span><span class=\"BZ_Pyq_fadeIn\">tecnica <\/span><span class=\"BZ_Pyq_fadeIn\">libera <\/span><span class=\"BZ_Pyq_fadeIn\">sulla <\/span><span class=\"BZ_Pyq_fadeIn\">pista <\/span><span class=\"BZ_Pyq_fadeIn\">Pietro <\/span><span class=\"BZ_Pyq_fadeIn\">Scola. <\/span><span class=\"BZ_Pyq_fadeIn\">Domenica <\/span><span class=\"BZ_Pyq_fadeIn\">gran <\/span><span class=\"BZ_Pyq_fadeIn\">finale <\/span><span class=\"BZ_Pyq_fadeIn\">con <\/span><span class=\"BZ_Pyq_fadeIn\">lo <\/span><span class=\"BZ_Pyq_fadeIn\">slalom <\/span><span class=\"BZ_Pyq_fadeIn\">gigante <\/span><span class=\"BZ_Pyq_fadeIn\">per <\/span><span class=\"BZ_Pyq_fadeIn\">Baby <\/span><span class=\"BZ_Pyq_fadeIn\">e <\/span><span class=\"BZ_Pyq_fadeIn\">Cuccioli <\/span><span class=\"BZ_Pyq_fadeIn\">e <\/span><span class=\"BZ_Pyq_fadeIn\">le <\/span><span class=\"BZ_Pyq_fadeIn\">gare <\/span><span class=\"BZ_Pyq_fadeIn\">di <\/span><span class=\"BZ_Pyq_fadeIn\">fondo <\/span><span class=\"BZ_Pyq_fadeIn\">in <\/span><span class=\"BZ_Pyq_fadeIn\">tecnica <\/span><span class=\"BZ_Pyq_fadeIn\">classica. <\/span><span class=\"BZ_Pyq_fadeIn\">La <\/span><span class=\"BZ_Pyq_fadeIn\">manifestazione <\/span><span class=\"BZ_Pyq_fadeIn\">si <\/span><span class=\"BZ_Pyq_fadeIn\">chiuder\u00e0 <\/span><span class=\"BZ_Pyq_fadeIn\">con <\/span><span class=\"BZ_Pyq_fadeIn\">la <\/span><span class=\"BZ_Pyq_fadeIn\">tradizionale <\/span><span class=\"BZ_Pyq_fadeIn\">sfilata <\/span><span class=\"BZ_Pyq_fadeIn\">degli <\/span><span class=\"BZ_Pyq_fadeIn\">sci <\/span><span class=\"BZ_Pyq_fadeIn\">club <\/span><span class=\"BZ_Pyq_fadeIn\">e <\/span><span class=\"BZ_Pyq_fadeIn\">le <\/span><span class=\"BZ_Pyq_fadeIn\">premiazioni <\/span><span class=\"BZ_Pyq_fadeIn\">al <\/span><span class=\"BZ_Pyq_fadeIn\">Palafalcade, <\/span><span class=\"BZ_Pyq_fadeIn\">coronando <\/span><span class=\"BZ_Pyq_fadeIn\">tre <\/span><span class=\"BZ_Pyq_fadeIn\">giorni <\/span><span class=\"BZ_Pyq_fadeIn\">di <\/span><span class=\"BZ_Pyq_fadeIn\">sport <\/span><span class=\"BZ_Pyq_fadeIn\">e <\/span><span class=\"BZ_Pyq_fadeIn\">divertimento <\/span><span class=\"BZ_Pyq_fadeIn\">sulle <\/span><span class=\"BZ_Pyq_fadeIn\">nevi <\/span><span class=\"BZ_Pyq_fadeIn\">agordine.<\/span><\/p>\n\n\t\t\t<style type='text\/css'>\n\t\t\t\t#gallery-9 {\n\t\t\t\t\tmargin: auto;\n\t\t\t\t}\n\t\t\t\t#gallery-9 .gallery-item {\n\t\t\t\t\tfloat: left;\n\t\t\t\t\tmargin-top: 10px;\n\t\t\t\t\ttext-align: center;\n\t\t\t\t\twidth: 50%;\n\t\t\t\t}\n\t\t\t\t#gallery-9 img {\n\t\t\t\t\tborder: 2px solid #cfcfcf;\n\t\t\t\t}\n\t\t\t\t#gallery-9 .gallery-caption {\n\t\t\t\t\tmargin-left: 0;\n\t\t\t\t}\n\t\t\t\t\/* see gallery_shortcode() in wp-includes\/media.php *\/\n\t\t\t<\/style>\n\t\t<div id='gallery-9' class='dt-gallery-container gallery galleryid-501161 gallery-columns-2 gallery-size-medium'><dl class='gallery-item'>\n\t\t\t\t<dt class='gallery-icon landscape'>\n\t\t\t\t\t<a class=\"rollover rollover-zoom dt-pswp-item\" title=\"lattebusche 2024 - alpino\" data-dt-img-description=\"\" data-large_image_width=\"1980\" data-large_image_height=\"1320\"href='https:\/\/www.radiopiu.net\/wordpress\/wp-content\/uploads\/2026\/03\/lattebusche-2024-alpino.jpg'><img loading=\"lazy\" decoding=\"async\" width=\"300\" height=\"200\" src=\"https:\/\/www.radiopiu.net\/wordpress\/wp-content\/uploads\/2026\/03\/lattebusche-2024-alpino-300x200.jpg\" class=\"attachment-medium size-medium\" alt=\"\" srcset=\"https:\/\/www.radiopiu.net\/wordpress\/wp-content\/uploads\/2026\/03\/lattebusche-2024-alpino-300x200.jpg 300w, https:\/\/www.radiopiu.net\/wordpress\/wp-content\/uploads\/2026\/03\/lattebusche-2024-alpino-1024x683.jpg 1024w, https:\/\/www.radiopiu.net\/wordpress\/wp-content\/uploads\/2026\/03\/lattebusche-2024-alpino-768x512.jpg 768w, https:\/\/www.radiopiu.net\/wordpress\/wp-content\/uploads\/2026\/03\/lattebusche-2024-alpino-1536x1024.jpg 1536w, https:\/\/www.radiopiu.net\/wordpress\/wp-content\/uploads\/2026\/03\/lattebusche-2024-alpino.jpg 1980w\" sizes=\"auto, (max-width: 300px) 100vw, 300px\" \/><\/a>\n\t\t\t\t<\/dt><\/dl><dl class='gallery-item'>\n\t\t\t\t<dt class='gallery-icon landscape'>\n\t\t\t\t\t<a class=\"rollover rollover-zoom dt-pswp-item\" title=\"lattebusche 2025 - fondo\" data-dt-img-description=\"\" data-large_image_width=\"2000\" data-large_image_height=\"1333\"href='https:\/\/www.radiopiu.net\/wordpress\/wp-content\/uploads\/2026\/03\/lattebusche-2025-fondo.jpg'><img loading=\"lazy\" decoding=\"async\" width=\"300\" height=\"200\" src=\"https:\/\/www.radiopiu.net\/wordpress\/wp-content\/uploads\/2026\/03\/lattebusche-2025-fondo-300x200.jpg\" class=\"attachment-medium size-medium\" alt=\"\" srcset=\"https:\/\/www.radiopiu.net\/wordpress\/wp-content\/uploads\/2026\/03\/lattebusche-2025-fondo-300x200.jpg 300w, https:\/\/www.radiopiu.net\/wordpress\/wp-content\/uploads\/2026\/03\/lattebusche-2025-fondo-1024x682.jpg 1024w, https:\/\/www.radiopiu.net\/wordpress\/wp-content\/uploads\/2026\/03\/lattebusche-2025-fondo-768x512.jpg 768w, https:\/\/www.radiopiu.net\/wordpress\/wp-content\/uploads\/2026\/03\/lattebusche-2025-fondo-1536x1024.jpg 1536w, https:\/\/www.radiopiu.net\/wordpress\/wp-content\/uploads\/2026\/03\/lattebusche-2025-fondo.jpg 2000w\" sizes=\"auto, (max-width: 300px) 100vw, 300px\" \/><\/a>\n\t\t\t\t<\/dt><\/dl><br style=\"clear: both\" \/>\n\t\t\t<\/div>\n\n<p>&nbsp;<\/p>\n<p>&nbsp;<\/p>\n<p>&nbsp;<\/p>\n","protected":false},"excerpt":{"rendered":"<p>********* &nbsp; LA\u00a0 \u00a0 APP LA\u00a0 APP PER IOS-IPHONE di Nicola Vettorello https:\/\/apps.apple.com\/it\/app\/radio-pi%C3%B9-emittente-agordina\/id1515939845 LA\u00a0 APP RADIO\u00a0 PER ANDROID di Nicola Vettorello https:\/\/play.google.com\/store\/apps\/details?id=net.radiopiu.iniko\u00a0\u00a0\u00a0\u00a0\u00a0 &nbsp; &nbsp; &nbsp; Radio Pi\u00f9: una giornata in onda tra informazione, musica e storie di casa nostra La giornata su Radio Pi\u00f9 parte presto e, come sempre, lo fa con il profumo del&hellip;<\/p>\n","protected":false},"author":4,"featured_media":501395,"comment_status":"closed","ping_status":"closed","sticky":false,"template":"","format":"standard","meta":{"_monsterinsights_skip_tracking":false,"_monsterinsights_sitenote_active":false,"_monsterinsights_sitenote_note":"","_monsterinsights_sitenote_category":0,"footnotes":""},"categories":[51,86,49],"tags":[],"class_list":["post-501161","post","type-post","status-publish","format-standard","has-post-thumbnail","hentry","category-evidenza-top","category-gr","category-news-18","category-51","category-86","category-49","description-off"],"img_url":"https:\/\/www.radiopiu.net\/wordpress\/wp-content\/uploads\/2026\/03\/f9866267-5899-451b-8d91-88d8857f97de.png","_links":{"self":[{"href":"https:\/\/www.radiopiu.net\/wordpress\/wp-json\/wp\/v2\/posts\/501161","targetHints":{"allow":["GET"]}}],"collection":[{"href":"https:\/\/www.radiopiu.net\/wordpress\/wp-json\/wp\/v2\/posts"}],"about":[{"href":"https:\/\/www.radiopiu.net\/wordpress\/wp-json\/wp\/v2\/types\/post"}],"author":[{"embeddable":true,"href":"https:\/\/www.radiopiu.net\/wordpress\/wp-json\/wp\/v2\/users\/4"}],"replies":[{"embeddable":true,"href":"https:\/\/www.radiopiu.net\/wordpress\/wp-json\/wp\/v2\/comments?post=501161"}],"version-history":[{"count":35,"href":"https:\/\/www.radiopiu.net\/wordpress\/wp-json\/wp\/v2\/posts\/501161\/revisions"}],"predecessor-version":[{"id":501413,"href":"https:\/\/www.radiopiu.net\/wordpress\/wp-json\/wp\/v2\/posts\/501161\/revisions\/501413"}],"wp:featuredmedia":[{"embeddable":true,"href":"https:\/\/www.radiopiu.net\/wordpress\/wp-json\/wp\/v2\/media\/501395"}],"wp:attachment":[{"href":"https:\/\/www.radiopiu.net\/wordpress\/wp-json\/wp\/v2\/media?parent=501161"}],"wp:term":[{"taxonomy":"category","embeddable":true,"href":"https:\/\/www.radiopiu.net\/wordpress\/wp-json\/wp\/v2\/categories?post=501161"},{"taxonomy":"post_tag","embeddable":true,"href":"https:\/\/www.radiopiu.net\/wordpress\/wp-json\/wp\/v2\/tags?post=501161"}],"curies":[{"name":"wp","href":"https:\/\/api.w.org\/{rel}","templated":true}]}}