{"id":501305,"date":"2026-03-12T16:58:28","date_gmt":"2026-03-12T15:58:28","guid":{"rendered":"https:\/\/www.radiopiu.net\/wordpress\/?p=501305"},"modified":"2026-03-12T16:58:28","modified_gmt":"2026-03-12T15:58:28","slug":"a-feltre-il-festival-you-and-me-we-un-mese-di-dialoghi-arte-e-teatro-per-riflettere-sulle-pari-opportunita","status":"publish","type":"post","link":"https:\/\/www.radiopiu.net\/wordpress\/a-feltre-il-festival-you-and-me-we-un-mese-di-dialoghi-arte-e-teatro-per-riflettere-sulle-pari-opportunita\/","title":{"rendered":"A FELTRE IL FESTIVAL \u201cYOU AND ME: WE\u201d: UN MESE DI DIALOGHI, ARTE E TEATRO PER RIFLETTERE SULLE PARI OPPORTUNIT\u00c0"},"content":{"rendered":"<p>*******<\/p>\n<p>&nbsp;<\/p>\n<p><strong><a class=\"dt-pswp-item\" href=\"https:\/\/www.radiopiu.net\/wordpress\/wp-content\/uploads\/2026\/03\/unnamed-16.jpg\" data-dt-img-description=\"\" data-large_image_width=\"1217\" data-large_image_height=\"1722\"><img loading=\"lazy\" decoding=\"async\" class=\"aligncenter size-medium wp-image-501306\" src=\"https:\/\/www.radiopiu.net\/wordpress\/wp-content\/uploads\/2026\/03\/unnamed-16-212x300.jpg\" alt=\"\" width=\"212\" height=\"300\" srcset=\"https:\/\/www.radiopiu.net\/wordpress\/wp-content\/uploads\/2026\/03\/unnamed-16-212x300.jpg 212w, https:\/\/www.radiopiu.net\/wordpress\/wp-content\/uploads\/2026\/03\/unnamed-16-724x1024.jpg 724w, https:\/\/www.radiopiu.net\/wordpress\/wp-content\/uploads\/2026\/03\/unnamed-16-768x1087.jpg 768w, https:\/\/www.radiopiu.net\/wordpress\/wp-content\/uploads\/2026\/03\/unnamed-16-1086x1536.jpg 1086w, https:\/\/www.radiopiu.net\/wordpress\/wp-content\/uploads\/2026\/03\/unnamed-16.jpg 1217w\" sizes=\"auto, (max-width: 212px) 100vw, 212px\" \/><\/a>\u00a0<\/strong><\/p>\n<p><strong>DI ALESSIA DALL&#8217;O&#8217;<\/strong><\/p>\n<p><strong>FELTRE <\/strong>La riflessione sulle pari opportunit\u00e0 diventa un percorso culturale che attraversa linguaggio, ambiente, arte e teatro Dal 18 marzo al 19 aprile il Teatro de la Sena ospiter\u00e0 infatti <em>You and Me: We \u2013 Festival delle Pari Opportunit\u00e0<\/em>, una rassegna di incontri e appuntamenti culturali che intende trasformare uno dei luoghi simbolo della citt\u00e0 in uno spazio di dialogo aperto alla comunit\u00e0.Tutti gli appuntamenti sono a ingresso libero fino a esaurimento dei posti disponibili, a conferma della volont\u00e0 degli organizzatori di rendere il festival un\u2019occasione realmente aperta alla cittadinanza. L\u2019iniziativa rappresenta infatti non solo un calendario di eventi, ma un invito a partecipare a una conversazione pi\u00f9 ampia sul futuro delle comunit\u00e0 e sul valore della parit\u00e0 come motore di crescita sociale.<\/p>\n<p><strong>IL PROGETTO EUROPEO PER LA PARITA\u2019 DI GENERE<\/strong><\/p>\n<p>L\u2019iniziativa si inserisce nel progetto europeo Interreg Italia\u2013Austria, attraverso il progetto EQUALIT-\u00c0, sostenuto dall\u2019Unione Europea, e nasce con l\u2019obiettivo di stimolare una riflessione condivisa sui temi della parit\u00e0 di genere e del ruolo che questi assumono nello sviluppo sociale e culturale dei territori. Non soltanto conferenze, dunque, ma un vero e proprio laboratorio di idee in cui esperti, artisti e cittadini saranno chiamati a confrontarsi su questioni che riguardano da vicino la vita quotidiana delle comunit\u00e0. Gli esiti degli incontri, inoltre, non resteranno confinati alle serate del festival: confluiranno in una pubblicazione finale che raccoglier\u00e0 idee, riflessioni e contributi emersi durante il percorso. Un modo per lasciare alla comunit\u00e0 transfrontaliera coinvolta nel progetto un\u2019eredit\u00e0 concreta e duratura, capace di continuare a generare dialogo anche oltre il sipario del teatro.<\/p>\n<p><strong>IL PRIMO APPUNTAMENTO<\/strong><\/p>\n<p>Ad aprire il festival, mercoled\u00ec 18 marzo alle 20.30, sar\u00e0 la sociolinguista Vera Gheno, tra le pi\u00f9 note studiose italiane del rapporto tra lingua e societ\u00e0. Il suo intervento, dedicato alle \u201cmolte facce del sessismo linguistico\u201d, porter\u00e0 al centro della scena il modo in cui le parole contribuiscono a costruire &#8211; e talvolta a limitare-\u00a0 la rappresentazione delle donne nello spazio pubblico.<\/p>\n<p><strong>TUTTI GLI INCONTRI<\/strong><\/p>\n<p>Il giorno successivo, gioved\u00ec 19 marzo, la riflessione si sposter\u00e0 sul rapporto tra sostenibilit\u00e0 e parit\u00e0. L\u2019esperta di Diversity, Equity &amp; Inclusion Martina Rogato, co-presidente di Women7 Italy, guider\u00e0 infatti un incontro dedicato alla giustizia climatica e al ruolo delle donne nella costruzione del futuro delle comunit\u00e0 locali, sottolineando come le politiche ambientali e sociali siano sempre pi\u00f9 intrecciate. Il festival prevede anche un momento pensato specificamente per il mondo della scuola. Il 26 marzo, al mattino, le cofondatrici di Factanza Media, Bianca Arrighini e Livia Vigan\u00f2, incontreranno gli studenti con una riflessione dal titolo provocatorio: \u201cChi ci viene chiesto di essere, prima ancora di scegliere chi diventare?\u201d. Un dialogo che punta a coinvolgere le nuove generazioni nel ragionamento sull\u2019identit\u00e0, sulle aspettative sociali e sulla libert\u00e0 di autodeterminazione. Il programma proseguir\u00e0 ad aprile con due appuntamenti che intrecciano creativit\u00e0 e pensiero critico. Il 19 aprile alla Galleria Rizzarda si terr\u00e0 un laboratorio gratuito di collage ispirato all\u2019universo dell\u2019artista Hannah H\u00f6ch, figura chiave dell\u2019avanguardia dadaista, capace di utilizzare l\u2019arte come strumento di critica sociale e culturale. Nella stessa giornata, in serata, il Teatro de la Sena torner\u00e0 ad accendersi con lo spettacolo \u201cLa donna dei fili\u201d, portato in scena da Theama Teatro con Anna Zago, tratto dall\u2019omonimo romanzo dello scrittore bellunese Ferdinando Camon.<\/p>\n<p>&nbsp;<\/p>\n<p>&nbsp;<\/p>\n<p>&nbsp;<\/p>\n<p>&nbsp;<\/p>\n<p>*******<\/p>\n","protected":false},"excerpt":{"rendered":"<p>******* &nbsp; \u00a0 DI ALESSIA DALL&#8217;O&#8217; FELTRE La riflessione sulle pari opportunit\u00e0 diventa un percorso culturale che attraversa linguaggio, ambiente, arte e teatro Dal 18 marzo al 19 aprile il Teatro de la Sena ospiter\u00e0 infatti You and Me: We \u2013 Festival delle Pari Opportunit\u00e0, una rassegna di incontri e appuntamenti culturali che intende trasformare&hellip;<\/p>\n","protected":false},"author":4,"featured_media":501306,"comment_status":"closed","ping_status":"closed","sticky":false,"template":"","format":"standard","meta":{"_monsterinsights_skip_tracking":false,"_monsterinsights_sitenote_active":false,"_monsterinsights_sitenote_note":"","_monsterinsights_sitenote_category":0,"footnotes":""},"categories":[49],"tags":[],"class_list":["post-501305","post","type-post","status-publish","format-standard","has-post-thumbnail","hentry","category-news-18","category-49","description-off"],"img_url":"https:\/\/www.radiopiu.net\/wordpress\/wp-content\/uploads\/2026\/03\/unnamed-16.jpg","_links":{"self":[{"href":"https:\/\/www.radiopiu.net\/wordpress\/wp-json\/wp\/v2\/posts\/501305","targetHints":{"allow":["GET"]}}],"collection":[{"href":"https:\/\/www.radiopiu.net\/wordpress\/wp-json\/wp\/v2\/posts"}],"about":[{"href":"https:\/\/www.radiopiu.net\/wordpress\/wp-json\/wp\/v2\/types\/post"}],"author":[{"embeddable":true,"href":"https:\/\/www.radiopiu.net\/wordpress\/wp-json\/wp\/v2\/users\/4"}],"replies":[{"embeddable":true,"href":"https:\/\/www.radiopiu.net\/wordpress\/wp-json\/wp\/v2\/comments?post=501305"}],"version-history":[{"count":1,"href":"https:\/\/www.radiopiu.net\/wordpress\/wp-json\/wp\/v2\/posts\/501305\/revisions"}],"predecessor-version":[{"id":501307,"href":"https:\/\/www.radiopiu.net\/wordpress\/wp-json\/wp\/v2\/posts\/501305\/revisions\/501307"}],"wp:featuredmedia":[{"embeddable":true,"href":"https:\/\/www.radiopiu.net\/wordpress\/wp-json\/wp\/v2\/media\/501306"}],"wp:attachment":[{"href":"https:\/\/www.radiopiu.net\/wordpress\/wp-json\/wp\/v2\/media?parent=501305"}],"wp:term":[{"taxonomy":"category","embeddable":true,"href":"https:\/\/www.radiopiu.net\/wordpress\/wp-json\/wp\/v2\/categories?post=501305"},{"taxonomy":"post_tag","embeddable":true,"href":"https:\/\/www.radiopiu.net\/wordpress\/wp-json\/wp\/v2\/tags?post=501305"}],"curies":[{"name":"wp","href":"https:\/\/api.w.org\/{rel}","templated":true}]}}