{"id":501338,"date":"2026-03-13T05:40:02","date_gmt":"2026-03-13T04:40:02","guid":{"rendered":"https:\/\/www.radiopiu.net\/wordpress\/?p=501338"},"modified":"2026-03-13T05:50:23","modified_gmt":"2026-03-13T04:50:23","slug":"occhiali-ray-ban-meta-intelligenti-per-lautonomia-dei-non-vedenti","status":"publish","type":"post","link":"https:\/\/www.radiopiu.net\/wordpress\/occhiali-ray-ban-meta-intelligenti-per-lautonomia-dei-non-vedenti\/","title":{"rendered":"OCCHIALI RAY-BAN META INTELLIGENTI PER L\u2019AUTONOMIA DEI NON VEDENTI"},"content":{"rendered":"<p>*******<\/p>\n<p>&nbsp;<\/p>\n<p><strong>BELLUNO <\/strong>Gioved\u00ec 29 gennaio 2026, al Centro Giovanni XXIII di Belluno, si \u00e8 svolto un incontro dedicato alle nuove tecnologie per la disabilit\u00e0 visiva. L\u2019iniziativa, promossa dall\u2019Unione Italiana dei Ciechi e degli Ipovedenti di Belluno, ha visto la partecipazione di esperti di EssilorLuxottica e di persone con disabilit\u00e0 visiva interessate a conoscere le potenzialit\u00e0 dei nuovi strumenti tecnologici. Protagonista dell\u2019appuntamento \u00e8 stato l\u2019innovativo Ray-Ban Meta smart glasses, un dispositivo che unisce design e tecnologia avanzata. Durante la dimostrazione, gli specialisti hanno illustrato le principali funzioni degli occhiali intelligenti, capaci di aiutare chi ha difficolt\u00e0 visive a riconoscere oggetti e persone e ad accedere pi\u00f9 facilmente a informazioni utili nella vita quotidiana. Secondo la presidente dell\u2019UICI di Belluno, Luciana Dalle Molle, questi strumenti rappresentano un importante passo avanti verso una maggiore autonomia e inclusione sociale. L\u2019incontro ha permesso ai partecipanti di sperimentare direttamente il dispositivo e comprenderne le potenzialit\u00e0. L\u2019iniziativa ha evidenziato il valore della collaborazione tra associazioni, aziende e territorio nel promuovere soluzioni innovative capaci di migliorare concretamente la qualit\u00e0 della vita delle persone con disabilit\u00e0 visiva.<\/p>\n\n\t\t\t<style type='text\/css'>\n\t\t\t\t#gallery-1 {\n\t\t\t\t\tmargin: auto;\n\t\t\t\t}\n\t\t\t\t#gallery-1 .gallery-item {\n\t\t\t\t\tfloat: left;\n\t\t\t\t\tmargin-top: 10px;\n\t\t\t\t\ttext-align: center;\n\t\t\t\t\twidth: 20%;\n\t\t\t\t}\n\t\t\t\t#gallery-1 img {\n\t\t\t\t\tborder: 2px solid #cfcfcf;\n\t\t\t\t}\n\t\t\t\t#gallery-1 .gallery-caption {\n\t\t\t\t\tmargin-left: 0;\n\t\t\t\t}\n\t\t\t\t\/* see gallery_shortcode() in wp-includes\/media.php *\/\n\t\t\t<\/style>\n\t\t<div id='gallery-1' class='dt-gallery-container gallery galleryid-501338 gallery-columns-5 gallery-size-thumbnail'><dl class='gallery-item'>\n\t\t\t\t<dt class='gallery-icon landscape'>\n\t\t\t\t\t<a class=\"rollover rollover-zoom dt-pswp-item\" title=\"WhatsApp Image 2026-01-30 at 09.03.15 (1)\" data-dt-img-description=\"\" data-large_image_width=\"2048\" data-large_image_height=\"1536\"href='https:\/\/www.radiopiu.net\/wordpress\/wp-content\/uploads\/2026\/03\/WhatsApp-Image-2026-01-30-at-09.03.15-1.jpeg'><img loading=\"lazy\" decoding=\"async\" width=\"150\" height=\"150\" src=\"https:\/\/www.radiopiu.net\/wordpress\/wp-content\/uploads\/2026\/03\/WhatsApp-Image-2026-01-30-at-09.03.15-1-150x150.jpeg\" class=\"attachment-thumbnail size-thumbnail\" alt=\"\" \/><\/a>\n\t\t\t\t<\/dt><\/dl><dl class='gallery-item'>\n\t\t\t\t<dt class='gallery-icon landscape'>\n\t\t\t\t\t<a class=\"rollover rollover-zoom dt-pswp-item\" title=\"WhatsApp Image 2026-01-30 at 09.03.15\" data-dt-img-description=\"\" data-large_image_width=\"2048\" data-large_image_height=\"1450\"href='https:\/\/www.radiopiu.net\/wordpress\/wp-content\/uploads\/2026\/03\/WhatsApp-Image-2026-01-30-at-09.03.15.jpeg'><img loading=\"lazy\" decoding=\"async\" width=\"150\" height=\"150\" src=\"https:\/\/www.radiopiu.net\/wordpress\/wp-content\/uploads\/2026\/03\/WhatsApp-Image-2026-01-30-at-09.03.15-150x150.jpeg\" class=\"attachment-thumbnail size-thumbnail\" alt=\"\" \/><\/a>\n\t\t\t\t<\/dt><\/dl><dl class='gallery-item'>\n\t\t\t\t<dt class='gallery-icon portrait'>\n\t\t\t\t\t<a class=\"rollover rollover-zoom dt-pswp-item\" title=\"WhatsApp Image 2026-01-30 at 09.03.16 (2)\" data-dt-img-description=\"\" data-large_image_width=\"1536\" data-large_image_height=\"2048\"href='https:\/\/www.radiopiu.net\/wordpress\/wp-content\/uploads\/2026\/03\/WhatsApp-Image-2026-01-30-at-09.03.16-2.jpeg'><img loading=\"lazy\" decoding=\"async\" width=\"150\" height=\"150\" src=\"https:\/\/www.radiopiu.net\/wordpress\/wp-content\/uploads\/2026\/03\/WhatsApp-Image-2026-01-30-at-09.03.16-2-150x150.jpeg\" class=\"attachment-thumbnail size-thumbnail\" alt=\"\" \/><\/a>\n\t\t\t\t<\/dt><\/dl><dl class='gallery-item'>\n\t\t\t\t<dt class='gallery-icon portrait'>\n\t\t\t\t\t<a class=\"rollover rollover-zoom dt-pswp-item\" title=\"WhatsApp Image 2026-01-30 at 09.03.15 (2)\" data-dt-img-description=\"\" data-large_image_width=\"1536\" data-large_image_height=\"2048\"href='https:\/\/www.radiopiu.net\/wordpress\/wp-content\/uploads\/2026\/03\/WhatsApp-Image-2026-01-30-at-09.03.15-2.jpeg'><img loading=\"lazy\" decoding=\"async\" width=\"150\" height=\"150\" src=\"https:\/\/www.radiopiu.net\/wordpress\/wp-content\/uploads\/2026\/03\/WhatsApp-Image-2026-01-30-at-09.03.15-2-150x150.jpeg\" class=\"attachment-thumbnail size-thumbnail\" alt=\"\" \/><\/a>\n\t\t\t\t<\/dt><\/dl><dl class='gallery-item'>\n\t\t\t\t<dt class='gallery-icon landscape'>\n\t\t\t\t\t<a class=\"rollover rollover-zoom dt-pswp-item\" title=\"WhatsApp Image 2026-01-30 at 09.03.16 (1)\" data-dt-img-description=\"\" data-large_image_width=\"2048\" data-large_image_height=\"1536\"href='https:\/\/www.radiopiu.net\/wordpress\/wp-content\/uploads\/2026\/03\/WhatsApp-Image-2026-01-30-at-09.03.16-1.jpeg'><img loading=\"lazy\" decoding=\"async\" width=\"150\" height=\"150\" src=\"https:\/\/www.radiopiu.net\/wordpress\/wp-content\/uploads\/2026\/03\/WhatsApp-Image-2026-01-30-at-09.03.16-1-150x150.jpeg\" class=\"attachment-thumbnail size-thumbnail\" alt=\"\" \/><\/a>\n\t\t\t\t<\/dt><\/dl><br style=\"clear: both\" \/>\n\t\t\t<\/div>\n\n<p>&nbsp;<\/p>\n<p>&nbsp;<\/p>\n<p>&nbsp;<\/p>\n<p>&nbsp;<\/p>\n<p>&nbsp;<\/p>\n<p>********<\/p>\n","protected":false},"excerpt":{"rendered":"<p>******* &nbsp; BELLUNO Gioved\u00ec 29 gennaio 2026, al Centro Giovanni XXIII di Belluno, si \u00e8 svolto un incontro dedicato alle nuove tecnologie per la disabilit\u00e0 visiva. L\u2019iniziativa, promossa dall\u2019Unione Italiana dei Ciechi e degli Ipovedenti di Belluno, ha visto la partecipazione di esperti di EssilorLuxottica e di persone con disabilit\u00e0 visiva interessate a conoscere le&hellip;<\/p>\n","protected":false},"author":4,"featured_media":501340,"comment_status":"closed","ping_status":"closed","sticky":false,"template":"","format":"standard","meta":{"_monsterinsights_skip_tracking":false,"_monsterinsights_sitenote_active":false,"_monsterinsights_sitenote_note":"","_monsterinsights_sitenote_category":0,"footnotes":""},"categories":[51,49],"tags":[],"class_list":["post-501338","post","type-post","status-publish","format-standard","has-post-thumbnail","hentry","category-evidenza-top","category-news-18","category-51","category-49","description-off"],"img_url":"https:\/\/www.radiopiu.net\/wordpress\/wp-content\/uploads\/2026\/03\/WhatsApp-Image-2026-01-30-at-09.03.15.jpeg","_links":{"self":[{"href":"https:\/\/www.radiopiu.net\/wordpress\/wp-json\/wp\/v2\/posts\/501338","targetHints":{"allow":["GET"]}}],"collection":[{"href":"https:\/\/www.radiopiu.net\/wordpress\/wp-json\/wp\/v2\/posts"}],"about":[{"href":"https:\/\/www.radiopiu.net\/wordpress\/wp-json\/wp\/v2\/types\/post"}],"author":[{"embeddable":true,"href":"https:\/\/www.radiopiu.net\/wordpress\/wp-json\/wp\/v2\/users\/4"}],"replies":[{"embeddable":true,"href":"https:\/\/www.radiopiu.net\/wordpress\/wp-json\/wp\/v2\/comments?post=501338"}],"version-history":[{"count":2,"href":"https:\/\/www.radiopiu.net\/wordpress\/wp-json\/wp\/v2\/posts\/501338\/revisions"}],"predecessor-version":[{"id":501345,"href":"https:\/\/www.radiopiu.net\/wordpress\/wp-json\/wp\/v2\/posts\/501338\/revisions\/501345"}],"wp:featuredmedia":[{"embeddable":true,"href":"https:\/\/www.radiopiu.net\/wordpress\/wp-json\/wp\/v2\/media\/501340"}],"wp:attachment":[{"href":"https:\/\/www.radiopiu.net\/wordpress\/wp-json\/wp\/v2\/media?parent=501338"}],"wp:term":[{"taxonomy":"category","embeddable":true,"href":"https:\/\/www.radiopiu.net\/wordpress\/wp-json\/wp\/v2\/categories?post=501338"},{"taxonomy":"post_tag","embeddable":true,"href":"https:\/\/www.radiopiu.net\/wordpress\/wp-json\/wp\/v2\/tags?post=501338"}],"curies":[{"name":"wp","href":"https:\/\/api.w.org\/{rel}","templated":true}]}}