{"id":501358,"date":"2026-03-14T05:57:21","date_gmt":"2026-03-14T04:57:21","guid":{"rendered":"https:\/\/www.radiopiu.net\/wordpress\/?p=501358"},"modified":"2026-03-14T09:22:42","modified_gmt":"2026-03-14T08:22:42","slug":"giornale-radiopiu-14-marzo-2026-direttore-mirko-mezzacasa","status":"publish","type":"post","link":"https:\/\/www.radiopiu.net\/wordpress\/giornale-radiopiu-14-marzo-2026-direttore-mirko-mezzacasa\/","title":{"rendered":"GIORNALE RADIOPIU 14 MARZO 2026 DIRETTORE MIRKO MEZZACASA"},"content":{"rendered":"<p>*********<\/p>\n<div class=\"page-title-head hgroup\">\n<p>&nbsp;<\/p>\n<\/div>\n<div class=\"flex flex-col text-sm pb-25\">\n<article class=\"text-token-text-primary w-full focus:outline-none [--shadow-height:45px] has-data-writing-block:pointer-events-none has-data-writing-block:-mt-(--shadow-height) has-data-writing-block:pt-(--shadow-height) [&amp;:has([data-writing-block])&gt;*]:pointer-events-auto scroll-mt-[calc(var(--header-height)+min(200px,max(70px,20svh)))]\" dir=\"auto\" tabindex=\"-1\" data-turn-id=\"request-WEB:545a5307-a0c9-41c7-9a5f-bf65aefdb8ec-5\" data-testid=\"conversation-turn-12\" data-scroll-anchor=\"true\" data-turn=\"assistant\">\n<div class=\"text-base my-auto mx-auto pb-10 [--thread-content-margin:--spacing(4)] @w-sm\/main:[--thread-content-margin:--spacing(6)] @w-lg\/main:[--thread-content-margin:--spacing(16)] px-(--thread-content-margin)\">\n<div class=\"[--thread-content-max-width:40rem] @w-lg\/main:[--thread-content-max-width:48rem] mx-auto max-w-(--thread-content-max-width) flex-1 group\/turn-messages focus-visible:outline-hidden relative flex w-full min-w-0 flex-col agent-turn\" tabindex=\"-1\">\n<div class=\"z-0 flex min-h-[46px] justify-start\">\n<h1>LA\u00a0 \u00a0 APP<\/h1>\n<p><strong><em><span style=\"color: #ff0000;\">LA\u00a0 APP PER IOS-IPHONE di Nicola Vettorello<\/span><\/em><\/strong><\/p>\n<p><strong><span style=\"color: #0000ff;\"><a style=\"color: #0000ff;\" href=\"https:\/\/apps.apple.com\/it\/app\/radio-pi%C3%B9-emittente-agordina\/id1515939845\">https:\/\/apps.apple.com\/it\/app\/radio-pi%C3%B9-emittente-agordina\/id1515939845<\/a><\/span><\/strong><\/p>\n<p><strong><em style=\"color: #ff0000;\">LA\u00a0 APP RADIO\u00a0 PER ANDROID di Nicola Vettorello<\/em><\/strong><\/p>\n<p><strong><span style=\"color: #0000ff;\"><a style=\"color: #0000ff;\" href=\"https:\/\/play.google.com\/store\/apps\/details?id=net.radiopiu.iniko\" target=\"_blank\" rel=\"noopener noreferrer\">https:\/\/<\/a><a style=\"color: #0000ff;\" href=\"https:\/\/play.google.com\/store\/apps\/details?id=net.radiopiu.iniko\" target=\"_blank\" rel=\"noopener noreferrer\">play.google.com\/store\/apps\/details?id=net.radiopiu.iniko\u00a0\u00a0\u00a0\u00a0\u00a0<\/a><\/span><\/strong><\/p>\n<p>&nbsp;<\/p>\n<p>&nbsp;<\/p>\n<hr \/>\n<p>&nbsp;<\/p>\n<div class=\"page-title-head hgroup\"><\/div>\n<div class=\"flex flex-col text-sm pb-25\">\n<article class=\"text-token-text-primary w-full focus:outline-none [--shadow-height:45px] has-data-writing-block:pointer-events-none has-data-writing-block:-mt-(--shadow-height) has-data-writing-block:pt-(--shadow-height) [&amp;:has([data-writing-block])&gt;*]:pointer-events-auto scroll-mt-[calc(var(--header-height)+min(200px,max(70px,20svh)))]\" dir=\"auto\" tabindex=\"-1\" data-turn-id=\"da2f8a29-4751-44ac-b06a-20d94aeccf8b\" data-testid=\"conversation-turn-28\" data-scroll-anchor=\"true\" data-turn=\"assistant\">\n<div class=\"text-base my-auto mx-auto pb-10 [--thread-content-margin:--spacing(4)] @w-sm\/main:[--thread-content-margin:--spacing(6)] @w-lg\/main:[--thread-content-margin:--spacing(16)] px-(--thread-content-margin)\">\n<div class=\"[--thread-content-max-width:40rem] @w-lg\/main:[--thread-content-max-width:48rem] mx-auto max-w-(--thread-content-max-width) flex-1 group\/turn-messages focus-visible:outline-hidden relative flex w-full min-w-0 flex-col agent-turn\" tabindex=\"-1\">\n<div class=\"flex max-w-full flex-col grow\">\n<div class=\"min-h-8 text-message relative flex w-full flex-col items-end gap-2 text-start break-words whitespace-normal [.text-message+&amp;]:mt-1\" dir=\"auto\" data-message-author-role=\"assistant\" data-message-id=\"77cb542f-301b-441f-9a5c-c89ea331616b\" data-message-model-slug=\"gpt-5-2\">\n<div class=\"flex w-full flex-col gap-1 empty:hidden first:pt-[1px]\">\n<div class=\"markdown prose dark:prose-invert w-full break-words dark markdown-new-styling\">\n<div id=\"writing-block-77cb542f-301b-441f-9a5c-c89ea331616b\" class=\"group relative z-0 my-4 w-full overflow-visible rounded-2xl bg-token-bg-primary dark:bg-[#2a2a2a] shadow-[0px_0px_0px_1px_rgba(0,0,0,0.07),0px_4px_80px_rgba(0,0,0,0.02)]\" data-writing-block=\"true\">\n<div class=\"writing-block-editor markdown-new-styling relative flow-root pt-(--writing-block-editor-pt) pe-(--writing-block-editor-pr) pb-(--writing-block-editor-pb) ps-(--writing-block-editor-pl)\">\n<div class=\"ProseMirror markdown prose dark:prose-invert w-full min-h-6 break-words focus:outline-none\" contenteditable=\"true\" translate=\"no\" aria-disabled=\"false\">\n<h1 style=\"text-align: center;\" data-start=\"0\" data-end=\"50\"><strong data-start=\"4\" data-end=\"77\">SU RADIO PI\u00d9: MUSICA, STORIE E INFORMAZIONE NON STOP!<\/strong><\/h1>\n<p><span class=\"BZ_Pyq_fadeIn\"><a class=\"dt-pswp-item\" href=\"https:\/\/www.radiopiu.net\/wordpress\/wp-content\/uploads\/2026\/02\/MARCHIO-RADIO-PIU-2012-1.jpg\" data-dt-img-description=\"\" data-large_image_width=\"841\" data-large_image_height=\"427\"><img loading=\"lazy\" decoding=\"async\" class=\"aligncenter size-medium wp-image-498108\" src=\"https:\/\/www.radiopiu.net\/wordpress\/wp-content\/uploads\/2026\/02\/MARCHIO-RADIO-PIU-2012-1-300x152.jpg\" alt=\"\" width=\"300\" height=\"152\" srcset=\"https:\/\/www.radiopiu.net\/wordpress\/wp-content\/uploads\/2026\/02\/MARCHIO-RADIO-PIU-2012-1-300x152.jpg 300w, https:\/\/www.radiopiu.net\/wordpress\/wp-content\/uploads\/2026\/02\/MARCHIO-RADIO-PIU-2012-1-768x390.jpg 768w, https:\/\/www.radiopiu.net\/wordpress\/wp-content\/uploads\/2026\/02\/MARCHIO-RADIO-PIU-2012-1.jpg 841w\" sizes=\"auto, (max-width: 300px) 100vw, 300px\" \/><\/a>\u00a0<\/span><\/p>\n<p><span class=\"BZ_Pyq_fadeIn\">Radio <\/span><span class=\"BZ_Pyq_fadeIn\">Pi\u00f9 <\/span><span class=\"BZ_Pyq_fadeIn\">propone <\/span><span class=\"BZ_Pyq_fadeIn\">una <\/span><span class=\"BZ_Pyq_fadeIn\">giornata <\/span><span class=\"BZ_Pyq_fadeIn\">ricca <\/span><span class=\"BZ_Pyq_fadeIn\">di <\/span><span class=\"BZ_Pyq_fadeIn\">appuntamenti <\/span><span class=\"BZ_Pyq_fadeIn\">per <\/span><span class=\"BZ_Pyq_fadeIn\">informare, <\/span><span class=\"BZ_Pyq_fadeIn\">intrattenere <\/span><span class=\"BZ_Pyq_fadeIn\">e <\/span><span class=\"BZ_Pyq_fadeIn\">far <\/span><span class=\"BZ_Pyq_fadeIn\">ballare <\/span><span class=\"BZ_Pyq_fadeIn\">i <\/span><span class=\"BZ_Pyq_fadeIn\">propri <\/span><span class=\"BZ_Pyq_fadeIn\">ascoltatori. <\/span><span class=\"BZ_Pyq_fadeIn\">Si <\/span><span class=\"BZ_Pyq_fadeIn\">parte <\/span><span class=\"BZ_Pyq_fadeIn\">alle <\/span><strong data-start=\"202\" data-end=\"210\"><span class=\"BZ_Pyq_fadeIn\">8:<\/span><span class=\"BZ_Pyq_fadeIn\">05<\/span><\/strong> <span class=\"BZ_Pyq_fadeIn\">con <\/span><span class=\"BZ_Pyq_fadeIn\">la <\/span><strong data-start=\"218\" data-end=\"244\"><span class=\"BZ_Pyq_fadeIn\">Rassegna <\/span><span class=\"BZ_Pyq_fadeIn\">Stampa <\/span><span class=\"BZ_Pyq_fadeIn\">Locale<\/span><\/strong><span class=\"BZ_Pyq_fadeIn\">, <\/span><span class=\"BZ_Pyq_fadeIn\">per <\/span><span class=\"BZ_Pyq_fadeIn\">aggiornarsi <\/span><span class=\"BZ_Pyq_fadeIn\">sulle <\/span><span class=\"BZ_Pyq_fadeIn\">principali <\/span><span class=\"BZ_Pyq_fadeIn\">notizie <\/span><span class=\"BZ_Pyq_fadeIn\">del <\/span><span class=\"BZ_Pyq_fadeIn\">territorio, <\/span><span class=\"BZ_Pyq_fadeIn\">seguita <\/span><span class=\"BZ_Pyq_fadeIn\">alle <\/span><strong data-start=\"316\" data-end=\"324\"><span class=\"BZ_Pyq_fadeIn\">8:<\/span><span class=\"BZ_Pyq_fadeIn\">30<\/span><\/strong> <span class=\"BZ_Pyq_fadeIn\">da <\/span><em data-start=\"328\" data-end=\"348\"><span class=\"BZ_Pyq_fadeIn\">Weekend <\/span><span class=\"BZ_Pyq_fadeIn\">Marina <\/span><span class=\"BZ_Pyq_fadeIn\">C\u2019\u00e8<\/span><\/em><span class=\"BZ_Pyq_fadeIn\">, <\/span><span class=\"BZ_Pyq_fadeIn\">spazio <\/span><span class=\"BZ_Pyq_fadeIn\">leggero <\/span><span class=\"BZ_Pyq_fadeIn\">dedicato <\/span><span class=\"BZ_Pyq_fadeIn\">a <\/span><span class=\"BZ_Pyq_fadeIn\">curiosit\u00e0 <\/span><span class=\"BZ_Pyq_fadeIn\">e <\/span><span class=\"BZ_Pyq_fadeIn\">consigli <\/span><span class=\"BZ_Pyq_fadeIn\">per <\/span><span class=\"BZ_Pyq_fadeIn\">il <\/span><span class=\"BZ_Pyq_fadeIn\">tempo <\/span><span class=\"BZ_Pyq_fadeIn\">libero. <\/span><span class=\"BZ_Pyq_fadeIn\">Alle <\/span><strong data-start=\"426\" data-end=\"434\"><span class=\"BZ_Pyq_fadeIn\">9:<\/span><span class=\"BZ_Pyq_fadeIn\">30<\/span><\/strong> <span class=\"BZ_Pyq_fadeIn\">va <\/span><span class=\"BZ_Pyq_fadeIn\">in <\/span><span class=\"BZ_Pyq_fadeIn\">onda <\/span><em data-start=\"446\" data-end=\"488\"><span class=\"BZ_Pyq_fadeIn\">Premiere <\/span><span class=\"BZ_Pyq_fadeIn\">Novit\u00e0 <\/span><span class=\"BZ_Pyq_fadeIn\">Musicali <\/span><span class=\"BZ_Pyq_fadeIn\">della <\/span><span class=\"BZ_Pyq_fadeIn\">Settimana<\/span><\/em><span class=\"BZ_Pyq_fadeIn\">, <\/span><span class=\"BZ_Pyq_fadeIn\">con <\/span><span class=\"BZ_Pyq_fadeIn\">le <\/span><span class=\"BZ_Pyq_fadeIn\">ultime <\/span><span class=\"BZ_Pyq_fadeIn\">uscite <\/span><span class=\"BZ_Pyq_fadeIn\">discografiche, <\/span><span class=\"BZ_Pyq_fadeIn\">mentre <\/span><span class=\"BZ_Pyq_fadeIn\">alle <\/span><strong data-start=\"538\" data-end=\"547\"><span class=\"BZ_Pyq_fadeIn\">10:<\/span><span class=\"BZ_Pyq_fadeIn\">30<\/span><\/strong> <span class=\"BZ_Pyq_fadeIn\">Gianni <\/span><span class=\"BZ_Pyq_fadeIn\">Santomaso <\/span><span class=\"BZ_Pyq_fadeIn\">presenta <\/span><span class=\"BZ_Pyq_fadeIn\">la <\/span><span class=\"BZ_Pyq_fadeIn\">rassegna <\/span><span class=\"BZ_Pyq_fadeIn\">stampa <\/span><span class=\"BZ_Pyq_fadeIn\">de <\/span><em data-start=\"596\" data-end=\"616\"><span class=\"BZ_Pyq_fadeIn\">L\u2019Amico <\/span><span class=\"BZ_Pyq_fadeIn\">del <\/span><span class=\"BZ_Pyq_fadeIn\">Popolo<\/span><\/em><span class=\"BZ_Pyq_fadeIn\">, <\/span><span class=\"BZ_Pyq_fadeIn\">con <\/span><span class=\"BZ_Pyq_fadeIn\">approfondimenti <\/span><span class=\"BZ_Pyq_fadeIn\">sul <\/span><span class=\"BZ_Pyq_fadeIn\">territorio. <\/span><span class=\"BZ_Pyq_fadeIn\">Alle <\/span><strong data-start=\"659\" data-end=\"668\"><span class=\"BZ_Pyq_fadeIn\">11:<\/span><span class=\"BZ_Pyq_fadeIn\">00<\/span><\/strong><span class=\"BZ_Pyq_fadeIn\">, <\/span><span class=\"BZ_Pyq_fadeIn\">divertimento <\/span><span class=\"BZ_Pyq_fadeIn\">assicurato <\/span><span class=\"BZ_Pyq_fadeIn\">con <\/span><em data-start=\"698\" data-end=\"711\"><span class=\"BZ_Pyq_fadeIn\">Arcade <\/span><span class=\"BZ_Pyq_fadeIn\">Show<\/span><\/em> <span class=\"BZ_Pyq_fadeIn\">di <\/span><span class=\"BZ_Pyq_fadeIn\">Elia<\/span><span class=\"BZ_Pyq_fadeIn\">. <\/span><span class=\"BZ_Pyq_fadeIn\">Dopo <\/span><span class=\"BZ_Pyq_fadeIn\">il <\/span><span class=\"BZ_Pyq_fadeIn\">GR <\/span><span class=\"BZ_Pyq_fadeIn\">principale <\/span><span class=\"BZ_Pyq_fadeIn\">delle <\/span><strong data-start=\"781\" data-end=\"790\"><span class=\"BZ_Pyq_fadeIn\">12:<\/span><span class=\"BZ_Pyq_fadeIn\">30<\/span><\/strong><span class=\"BZ_Pyq_fadeIn\">, <\/span><span class=\"BZ_Pyq_fadeIn\">alle <\/span><strong data-start=\"797\" data-end=\"806\" data-is-only-node=\"\"><span class=\"BZ_Pyq_fadeIn\">13:<\/span><span class=\"BZ_Pyq_fadeIn\">10<\/span><\/strong> <span class=\"BZ_Pyq_fadeIn\">spazio <\/span><span class=\"BZ_Pyq_fadeIn\">allo <\/span><em data-start=\"819\" data-end=\"841\"><span class=\"BZ_Pyq_fadeIn\">Speciale <\/span><span class=\"BZ_Pyq_fadeIn\">Gron <\/span><span class=\"BZ_Pyq_fadeIn\">Trophy<\/span><\/em><span class=\"BZ_Pyq_fadeIn\">. <\/span><span class=\"BZ_Pyq_fadeIn\">Alle <\/span><strong data-start=\"877\" data-end=\"886\"><span class=\"BZ_Pyq_fadeIn\">14:<\/span><span class=\"BZ_Pyq_fadeIn\">00<\/span><\/strong><span class=\"BZ_Pyq_fadeIn\">, <\/span><span class=\"BZ_Pyq_fadeIn\">DJ <\/span><span class=\"BZ_Pyq_fadeIn\">Jack <\/span><span class=\"BZ_Pyq_fadeIn\">anima <\/span><span class=\"BZ_Pyq_fadeIn\">le <\/span><span class=\"BZ_Pyq_fadeIn\">frequenze <\/span><span class=\"BZ_Pyq_fadeIn\">con <\/span><em data-start=\"919\" data-end=\"933\"><span class=\"BZ_Pyq_fadeIn\">Electro <\/span><span class=\"BZ_Pyq_fadeIn\">Shok<\/span><\/em><span class=\"BZ_Pyq_fadeIn\">, <\/span><span class=\"BZ_Pyq_fadeIn\">seguito <\/span><span class=\"BZ_Pyq_fadeIn\">alle <\/span><strong data-start=\"948\" data-end=\"957\"><span class=\"BZ_Pyq_fadeIn\">15:<\/span><span class=\"BZ_Pyq_fadeIn\">00<\/span><\/strong> <span class=\"BZ_Pyq_fadeIn\">dalla <\/span><em data-start=\"964\" data-end=\"999\"><span class=\"BZ_Pyq_fadeIn\">Classifica <\/span><span class=\"BZ_Pyq_fadeIn\">Ufficiale <\/span><span class=\"BZ_Pyq_fadeIn\">di <\/span><span class=\"BZ_Pyq_fadeIn\">Radio <\/span><span class=\"BZ_Pyq_fadeIn\">Pi\u00f9<\/span><\/em> <span class=\"BZ_Pyq_fadeIn\">con <\/span><span class=\"BZ_Pyq_fadeIn\">Marco <\/span><span class=\"BZ_Pyq_fadeIn\">Gaz. <\/span><span class=\"BZ_Pyq_fadeIn\">La <\/span><span class=\"BZ_Pyq_fadeIn\">giornata <\/span><span class=\"BZ_Pyq_fadeIn\">si <\/span><span class=\"BZ_Pyq_fadeIn\">chiude <\/span><span class=\"BZ_Pyq_fadeIn\">con <\/span><span class=\"BZ_Pyq_fadeIn\">un <\/span><span class=\"BZ_Pyq_fadeIn\">appuntamento <\/span><span class=\"BZ_Pyq_fadeIn\">istituzionale: <\/span><span class=\"BZ_Pyq_fadeIn\">alle <\/span><strong data-start=\"1080\" data-end=\"1089\"><span class=\"BZ_Pyq_fadeIn\">17:<\/span><span class=\"BZ_Pyq_fadeIn\">00<\/span><\/strong><span class=\"BZ_Pyq_fadeIn\">, <\/span><span class=\"BZ_Pyq_fadeIn\">in <\/span><span class=\"BZ_Pyq_fadeIn\">diretta <\/span><span class=\"BZ_Pyq_fadeIn\">dalla <\/span><span class=\"BZ_Pyq_fadeIn\">Sala <\/span><span class=\"BZ_Pyq_fadeIn\">Don <\/span><span class=\"BZ_Pyq_fadeIn\">Tamis, <\/span><span class=\"BZ_Pyq_fadeIn\">la <\/span><span class=\"BZ_Pyq_fadeIn\">presentazione <\/span><span class=\"BZ_Pyq_fadeIn\">dei <\/span><span class=\"BZ_Pyq_fadeIn\">candidati <\/span><span class=\"BZ_Pyq_fadeIn\">alla <\/span><span class=\"BZ_Pyq_fadeIn\">Presidenza <\/span><span class=\"BZ_Pyq_fadeIn\">della <\/span><span class=\"BZ_Pyq_fadeIn\">Provincia <\/span><span class=\"BZ_Pyq_fadeIn\">di <\/span><span class=\"BZ_Pyq_fadeIn\">Belluno. <\/span><span class=\"BZ_Pyq_fadeIn\">Una <\/span><span class=\"BZ_Pyq_fadeIn\">programmazione <\/span><span class=\"BZ_Pyq_fadeIn\">variegata, <\/span><span class=\"BZ_Pyq_fadeIn\">tra <\/span><span class=\"BZ_Pyq_fadeIn\">musica, <\/span><span class=\"BZ_Pyq_fadeIn\">informazione <\/span><span class=\"BZ_Pyq_fadeIn\">e <\/span><span class=\"BZ_Pyq_fadeIn\">intrattenimento, <\/span><span class=\"BZ_Pyq_fadeIn\">pensata <\/span><span class=\"BZ_Pyq_fadeIn\">per <\/span><span class=\"BZ_Pyq_fadeIn\">tutti <\/span><span class=\"BZ_Pyq_fadeIn\">gli <\/span><span class=\"BZ_Pyq_fadeIn\">ascoltatori.<\/span><\/p>\n<p>&nbsp;<\/p>\n<\/div>\n<\/div>\n<\/div>\n<\/div>\n<\/div>\n<\/div>\n<\/div>\n<\/div>\n<\/div>\n<\/article>\n<\/div>\n<hr \/>\n<div class=\"x11i5rnm xat24cr x1mh8g0r x1vvkbs xtlvy1s x126k92a\">\n<h1><strong><br \/>\n<span style=\"color: #0000ff;\">N di parom &#8211; L Almanach de la nosta jent<\/span>\u00a0 <\/strong><strong style=\"font-size: 14px;\"><span style=\"color: #ff0000;\">OGNI GIORNO ALLE CINQUE E ALLE NOVE E DIECI\u00a0 DEL MATTINO<\/span> <\/strong><\/h1>\n<h1><strong style=\"font-size: 14px;\">LA PUNTATA DI OGGI, 14 MARZO 2026<\/strong><\/h1>\n<audio class=\"wp-audio-shortcode\" id=\"audio-501358-1\" preload=\"none\" style=\"width: 100%;\" controls=\"controls\"><source type=\"audio\/mpeg\" src=\"https:\/\/www.radiopiu.net\/wordpress\/wp-content\/uploads\/2026\/03\/AL6-1.mp3?_=1\" \/><a href=\"https:\/\/www.radiopiu.net\/wordpress\/wp-content\/uploads\/2026\/03\/AL6-1.mp3\">https:\/\/www.radiopiu.net\/wordpress\/wp-content\/uploads\/2026\/03\/AL6-1.mp3<\/a><\/audio>\n<p>&nbsp;<\/p>\n<\/div>\n<div class=\"x11i5rnm xat24cr x1mh8g0r x1vvkbs xtlvy1s x126k92a\">\n<div dir=\"auto\">\n<hr \/>\n<\/div>\n<\/div>\n<blockquote>\n<h1><\/h1>\n<\/blockquote>\n<h1 style=\"text-align: center;\"><strong>NOTIZIE DELLA NOTTE LA RASSEGNA STAMPA NAZIONALE, AGGIORNAMENTO OGNI GIORNO ALLE SEI DEL MATTINO\u00a0<\/strong><\/h1>\n<h1>IL GIORNALE DELLE SEI DEL MATTINO<\/h1>\n<audio class=\"wp-audio-shortcode\" id=\"audio-501358-2\" preload=\"none\" style=\"width: 100%;\" controls=\"controls\"><source type=\"audio\/mpeg\" src=\"https:\/\/www.radiopiu.net\/wordpress\/wp-content\/uploads\/2026\/03\/GIORNALEDELLESEI-11.mp3?_=2\" \/><a href=\"https:\/\/www.radiopiu.net\/wordpress\/wp-content\/uploads\/2026\/03\/GIORNALEDELLESEI-11.mp3\">https:\/\/www.radiopiu.net\/wordpress\/wp-content\/uploads\/2026\/03\/GIORNALEDELLESEI-11.mp3<\/a><\/audio>\n<p>&nbsp;<\/p>\n<p><strong data-start=\"0\" data-end=\"17\"><a class=\"dt-pswp-item\" href=\"https:\/\/www.radiopiu.net\/wordpress\/wp-content\/uploads\/2026\/03\/b40eafc7-b33a-470c-87fb-db2ee045550b.jpg\" data-dt-img-description=\"\" data-large_image_width=\"1536\" data-large_image_height=\"864\"><img loading=\"lazy\" decoding=\"async\" class=\"aligncenter size-medium wp-image-501569\" src=\"https:\/\/www.radiopiu.net\/wordpress\/wp-content\/uploads\/2026\/03\/b40eafc7-b33a-470c-87fb-db2ee045550b-300x169.jpg\" alt=\"\" width=\"300\" height=\"169\" srcset=\"https:\/\/www.radiopiu.net\/wordpress\/wp-content\/uploads\/2026\/03\/b40eafc7-b33a-470c-87fb-db2ee045550b-300x169.jpg 300w, https:\/\/www.radiopiu.net\/wordpress\/wp-content\/uploads\/2026\/03\/b40eafc7-b33a-470c-87fb-db2ee045550b-1024x576.jpg 1024w, https:\/\/www.radiopiu.net\/wordpress\/wp-content\/uploads\/2026\/03\/b40eafc7-b33a-470c-87fb-db2ee045550b-768x432.jpg 768w, https:\/\/www.radiopiu.net\/wordpress\/wp-content\/uploads\/2026\/03\/b40eafc7-b33a-470c-87fb-db2ee045550b.jpg 1536w\" sizes=\"auto, (max-width: 300px) 100vw, 300px\" \/><\/a>\u00a0<\/strong><\/p>\n<p><strong data-start=\"0\" data-end=\"17\">MEDIO ORIENTE<\/strong> \u2014 Sale la tensione nella regione con nuovi movimenti militari degli Stati Uniti. Secondo il <em data-start=\"110\" data-end=\"131\">Wall Street Journal<\/em>, il presidente <span class=\"hover:entity-accent entity-underline inline cursor-pointer align-baseline\"><span class=\"whitespace-normal\">Donald Trump<\/span><\/span> avrebbe disposto l\u2019invio di circa cinquemila marines e di ulteriori unit\u00e0 navali nell\u2019area. Tra gli obiettivi strategici ci sarebbe anche l\u2019isola iraniana di <span class=\"hover:entity-accent entity-underline inline cursor-pointer align-baseline\"><span class=\"whitespace-normal\">Kharg Island<\/span><\/span>, importante snodo per l\u2019export di petrolio di <span class=\"hover:entity-accent entity-underline inline cursor-pointer align-baseline\"><span class=\"whitespace-normal\">Iran<\/span><\/span>.<\/p>\n<p><strong data-start=\"469\" data-end=\"477\">ROMA<\/strong> \u2014 Sul fronte diplomatico, il <em data-start=\"507\" data-end=\"524\">Financial Times<\/em> ha parlato di presunti contatti tra <span class=\"hover:entity-accent entity-underline inline cursor-pointer align-baseline\"><span class=\"whitespace-normal\">Italia<\/span><\/span> e <span class=\"hover:entity-accent entity-underline inline cursor-pointer align-baseline\"><span class=\"whitespace-normal\">Francia<\/span><\/span> con Teheran per garantire la sicurezza del traffico nello <span class=\"hover:entity-accent entity-underline inline cursor-pointer align-baseline\"><span class=\"whitespace-normal\">Stretto di Hormuz<\/span><\/span>. Una ricostruzione smentita da <span class=\"hover:entity-accent entity-underline inline cursor-pointer align-baseline\"><span class=\"whitespace-normal\">Presidenza del Consiglio dei Ministri<\/span><\/span> e dal ministro degli Esteri <span class=\"hover:entity-accent entity-underline inline cursor-pointer align-baseline\"><span class=\"whitespace-normal\">Antonio Tajani<\/span><\/span>, che ha chiarito: \u201cNon stiamo trattando con l\u2019Iran per il passaggio da Hormuz\u201d.<\/p>\n<p><strong data-start=\"953\" data-end=\"964\">TEHERAN<\/strong> \u2014 Intanto la leadership iraniana ha reagito con toni di sfida. Manifestazioni pro-Palestina si sono svolte nella capitale con la partecipazione del presidente <span class=\"hover:entity-accent entity-underline inline cursor-pointer align-baseline\"><span class=\"whitespace-normal\">Masoud Pezeshkian<\/span><\/span>. Gli Stati Uniti avrebbero annunciato una taglia da 10 milioni di dollari su alcuni leader iraniani, mentre fonti americane sostengono che il nuovo capo supremo iraniano sarebbe rimasto sfigurato in un recente attacco.<\/p>\n<p><strong data-start=\"1384\" data-end=\"1393\">ERBIL<\/strong> \u2014 In <span class=\"hover:entity-accent entity-underline inline cursor-pointer align-baseline\"><span class=\"whitespace-normal\">Erbil<\/span><\/span>, nel Kurdistan iracheno, un militare francese \u00e8 morto in un attacco contro una base occidentale. Il presidente <span class=\"hover:entity-accent entity-underline inline cursor-pointer align-baseline\"><span class=\"whitespace-normal\">Emmanuel Macron<\/span><\/span> ha definito l\u2019episodio \u201cinaccettabile\u201d, promettendo una risposta coordinata con gli alleati.<\/p>\n<p><strong data-start=\"1684\" data-end=\"1695\">MERCATI<\/strong> \u2014 La crisi si riflette anche sull\u2019energia. Il petrolio continua a oscillare con il Brent che ha superato i 100 dollari al barile, mentre gli operatori temono possibili blocchi del traffico nello <span class=\"hover:entity-accent entity-underline inline cursor-pointer align-baseline\"><span class=\"whitespace-normal\">Stretto di Hormuz<\/span><\/span>, uno dei passaggi marittimi pi\u00f9 importanti al mondo per il trasporto di greggio. I mercati restano in forte incertezza mentre cresce l\u2019allarme per i prezzi dei carburanti.<\/p>\n<p>&nbsp;<\/p>\n<p>&nbsp;<\/p>\n<hr \/>\n<p>&nbsp;<\/p>\n<h1 style=\"text-align: center;\"><span style=\"color: #ff0000;\">I podcast informativi del mattino &#8211; audio &#8211;\u00a0<\/span><\/h1>\n<p><strong>OGNI GIORNO ALLE SETTE DEL MATTINO, LA RASSEGNA STAMPA LOCALE FLASH&#8230; PER CHI VA IN FRETTA. I TITOLI DAI GIORNALI E DAL SITO WWW.RADIOPIU.NET <span style=\"color: #0000ff;\">viene pubblicato alle 7.00<\/span> <span style=\"color: #ff0000;\">DIRETTA RADIO\u00a0 <\/span><\/strong><em><span style=\"color: #ff0000;\">per chi va in fretta&#8230; tante notizie in pochi minuti. L&#8217;informazione locale alla radio, ogni ora dalle 7 del mattino alle 19 della sera.<\/span><\/em><\/p>\n<h1 style=\"text-align: center;\">DALL&#8217;ITALIA<\/h1>\n<div class=\"text-base my-auto mx-auto [--thread-content-margin:--spacing(4)] @w-sm\/main:[--thread-content-margin:--spacing(6)] @w-lg\/main:[--thread-content-margin:--spacing(16)] px-(--thread-content-margin)\">\n<div class=\"[--thread-content-max-width:40rem] @w-lg\/main:[--thread-content-max-width:48rem] mx-auto max-w-(--thread-content-max-width) flex-1 group\/turn-messages focus-visible:outline-hidden relative flex w-full min-w-0 flex-col agent-turn\" tabindex=\"-1\">\n<div class=\"flex max-w-full flex-col grow\">\n<div class=\"min-h-8 text-message relative flex w-full flex-col items-end gap-2 text-start break-words whitespace-normal [.text-message+&amp;]:mt-1\" dir=\"auto\" data-message-author-role=\"assistant\" data-message-id=\"267fcfff-1a0f-4670-9dc4-51b6552dafd9\" data-message-model-slug=\"gpt-5-2\">\n<div class=\"flex w-full flex-col gap-1 empty:hidden first:pt-[1px]\">\n<div class=\"markdown prose dark:prose-invert w-full wrap-break-word dark markdown-new-styling\">\n<p data-start=\"1769\" data-end=\"1885\" data-is-last-node=\"\" data-is-only-node=\"\"><strong data-start=\"0\" data-end=\"9\"><a href=\"https:\/\/www.radiopiu.net\/wordpress\/wp-content\/uploads\/2026\/03\/4b3d091975fbe043ea5e118b4332dbcb.webp\"><img loading=\"lazy\" decoding=\"async\" class=\"aligncenter size-medium wp-image-501568\" src=\"https:\/\/www.radiopiu.net\/wordpress\/wp-content\/uploads\/2026\/03\/4b3d091975fbe043ea5e118b4332dbcb-300x200.webp\" alt=\"\" width=\"300\" height=\"200\" srcset=\"https:\/\/www.radiopiu.net\/wordpress\/wp-content\/uploads\/2026\/03\/4b3d091975fbe043ea5e118b4332dbcb-300x200.webp 300w, https:\/\/www.radiopiu.net\/wordpress\/wp-content\/uploads\/2026\/03\/4b3d091975fbe043ea5e118b4332dbcb-768x512.webp 768w, https:\/\/www.radiopiu.net\/wordpress\/wp-content\/uploads\/2026\/03\/4b3d091975fbe043ea5e118b4332dbcb.webp 774w\" sizes=\"auto, (max-width: 300px) 100vw, 300px\" \/><\/a>\u00a0<\/strong><\/p>\n<p data-start=\"1769\" data-end=\"1885\" data-is-last-node=\"\" data-is-only-node=\"\"><strong data-start=\"0\" data-end=\"9\">PARMA<\/strong> \u2014 La procura ha chiesto una condanna a 26 anni di carcere per Chiara Petrolini (foto: ANSA) nel processo in corso. La giovane ha parlato per la prima volta in aula dichiarando: \u201cNon sono un\u2019assassina\u201d. Il procedimento riguarda la morte dei suoi due neonati e proseguir\u00e0 con le prossime fasi del dibattimento.<\/p>\n<p data-start=\"1769\" data-end=\"1885\" data-is-last-node=\"\" data-is-only-node=\"\"><strong data-start=\"309\" data-end=\"319\">ITALIA<\/strong> \u2014 Crescono le donazioni di organi nei primi mesi dell\u2019anno. In due mesi sono state registrate 340 donazioni, un numero in aumento rispetto allo stesso periodo del 2025. Tra le testimonianze anche quella della madre di Domenico, che ha scelto la donazione dopo la morte del figlio: \u201cSapere che pu\u00f2 aiutare altri mi riempie di gioia\u201d.<\/p>\n<p data-start=\"1769\" data-end=\"1885\" data-is-last-node=\"\" data-is-only-node=\"\"><strong data-start=\"656\" data-end=\"664\">ROMA<\/strong> \u2014 \u00c8 stato rinviato a giudizio il padre del bambino di 11 anni morto nell\u2019esplosione di un camper. La tragedia avvenne mentre il mezzo era parcheggiato in un\u2019area boschiva. I giudici dovranno ora stabilire eventuali responsabilit\u00e0 nella gestione del veicolo e nelle circostanze che portarono alla deflagrazione.<\/p>\n<p data-start=\"1769\" data-end=\"1885\" data-is-last-node=\"\" data-is-only-node=\"\"><strong data-start=\"979\" data-end=\"989\">ITALIA<\/strong> \u2014 Nuovo incontro tra Nathan, il padre che vive da tempo isolato in un bosco con la sua famiglia, e i servizi sociali. L\u2019uomo \u00e8 rimasto per circa tre ore con l\u2019assistente sociale nel tentativo di trovare un accordo che gli permetta di riabbracciare i figli.<\/p>\n<p data-start=\"1769\" data-end=\"1885\" data-is-last-node=\"\" data-is-only-node=\"\"><strong data-start=\"1250\" data-end=\"1259\">CAPRI<\/strong> \u2014 \u00c8 indagato un collega per la morte del costumista Luca Canfora, noto per il lavoro nel cinema e in particolare nei film di Paolo Sorrentino. Secondo gli investigatori alcune dichiarazioni rese alla procura non coinciderebbero con quanto emerso dalle immagini di videosorveglianza.<\/p>\n<p data-start=\"1769\" data-end=\"1885\" data-is-last-node=\"\" data-is-only-node=\"\"><strong data-start=\"1546\" data-end=\"1554\">ROMA<\/strong> \u2014 Tre operai sono morti in un incidente stradale sull\u2019autostrada A1 mentre si recavano al lavoro. Il mezzo su cui viaggiavano si \u00e8 scontrato con un altro veicolo. La Cgil del Lazio chiede interventi urgenti per fermare quella che definisce una strage continua di lavoratori sulle strade e nei luoghi di lavoro.<\/p>\n<\/div>\n<\/div>\n<\/div>\n<\/div>\n<div class=\"z-0 flex min-h-[46px] justify-start\"><\/div>\n<\/div>\n<\/div>\n<div class=\"pointer-events-none h-px w-px absolute bottom-0\" aria-hidden=\"true\" data-edge=\"true\"><\/div>\n<p>&nbsp;<\/p>\n<div class=\"flex flex-col text-sm pb-25\">\n<article class=\"text-token-text-primary w-full focus:outline-none [--shadow-height:45px] has-data-writing-block:pointer-events-none has-data-writing-block:-mt-(--shadow-height) has-data-writing-block:pt-(--shadow-height) [&amp;:has([data-writing-block])&gt;*]:pointer-events-auto scroll-mt-[calc(var(--header-height)+min(200px,max(70px,20svh)))]\" dir=\"auto\" tabindex=\"-1\" data-turn-id=\"4725b8e7-448d-49ef-90cd-737bcdd880f6\" data-testid=\"conversation-turn-10\" data-scroll-anchor=\"true\" data-turn=\"assistant\">\n<div class=\"text-base my-auto mx-auto pb-10 [--thread-content-margin:--spacing(4)] @w-sm\/main:[--thread-content-margin:--spacing(6)] @w-lg\/main:[--thread-content-margin:--spacing(16)] px-(--thread-content-margin)\">\n<div class=\"[--thread-content-max-width:40rem] @w-lg\/main:[--thread-content-max-width:48rem] mx-auto max-w-(--thread-content-max-width) flex-1 group\/turn-messages focus-visible:outline-hidden relative flex w-full min-w-0 flex-col agent-turn\" tabindex=\"-1\">\n<hr \/>\n<h1><\/h1>\n<h1 style=\"text-align: center;\">DALLA REGIONE VENETO<\/h1>\n<div class=\"flex flex-col text-sm pb-25\">\n<article class=\"text-token-text-primary w-full focus:outline-none [--shadow-height:45px] has-data-writing-block:pointer-events-none has-data-writing-block:-mt-(--shadow-height) has-data-writing-block:pt-(--shadow-height) [&amp;:has([data-writing-block])&gt;*]:pointer-events-auto scroll-mt-[calc(var(--header-height)+min(200px,max(70px,20svh)))]\" dir=\"auto\" tabindex=\"-1\" data-turn-id=\"request-WEB:395a30ce-c02d-48c6-adac-8c26190c19fc-13\" data-testid=\"conversation-turn-28\" data-scroll-anchor=\"true\" data-turn=\"assistant\">\n<div class=\"text-base my-auto mx-auto pb-10 [--thread-content-margin:--spacing(4)] @w-sm\/main:[--thread-content-margin:--spacing(6)] @w-lg\/main:[--thread-content-margin:--spacing(16)] px-(--thread-content-margin)\">\n<div class=\"[--thread-content-max-width:40rem] @w-lg\/main:[--thread-content-max-width:48rem] mx-auto max-w-(--thread-content-max-width) flex-1 group\/turn-messages focus-visible:outline-hidden relative flex w-full min-w-0 flex-col agent-turn\" tabindex=\"-1\">\n<div class=\"flex max-w-full flex-col grow\">\n<div class=\"min-h-8 text-message relative flex w-full flex-col items-end gap-2 text-start break-words whitespace-normal [.text-message+&amp;]:mt-1\" dir=\"auto\" data-message-author-role=\"assistant\" data-message-id=\"591443fe-dd2a-4daf-aacb-ee3a0ce88286\" data-message-model-slug=\"gpt-5-2\">\n<div class=\"flex w-full flex-col gap-1 empty:hidden first:pt-[1px]\">\n<div class=\"markdown prose dark:prose-invert w-full wrap-break-word dark markdown-new-styling\">\n<div class=\"flex flex-col text-sm pb-25\">\n<article class=\"text-token-text-primary w-full focus:outline-none [--shadow-height:45px] has-data-writing-block:pointer-events-none has-data-writing-block:-mt-(--shadow-height) has-data-writing-block:pt-(--shadow-height) [&amp;:has([data-writing-block])&gt;*]:pointer-events-auto scroll-mt-[calc(var(--header-height)+min(200px,max(70px,20svh)))]\" dir=\"auto\" tabindex=\"-1\" data-turn-id=\"request-WEB:8a5e7093-3d62-4bde-8de5-bd2a8fc79713-22\" data-testid=\"conversation-turn-46\" data-scroll-anchor=\"true\" data-turn=\"assistant\">\n<div class=\"text-base my-auto mx-auto pb-10 [--thread-content-margin:--spacing(4)] @w-sm\/main:[--thread-content-margin:--spacing(6)] @w-lg\/main:[--thread-content-margin:--spacing(16)] px-(--thread-content-margin)\">\n<div class=\"[--thread-content-max-width:40rem] @w-lg\/main:[--thread-content-max-width:48rem] mx-auto max-w-(--thread-content-max-width) flex-1 group\/turn-messages focus-visible:outline-hidden relative flex w-full min-w-0 flex-col agent-turn\" tabindex=\"-1\">\n<div class=\"flex max-w-full flex-col grow\">\n<div class=\"min-h-8 text-message relative flex w-full flex-col items-end gap-2 text-start break-words whitespace-normal [.text-message+&amp;]:mt-1\" dir=\"auto\" data-message-author-role=\"assistant\" data-message-id=\"fd94cd0c-b9c7-45f7-a79b-d93166b5150e\" data-message-model-slug=\"gpt-5-2\">\n<div class=\"flex w-full flex-col gap-1 empty:hidden first:pt-[1px]\">\n<div class=\"markdown prose dark:prose-invert w-full wrap-break-word dark markdown-new-styling\">\n<p><strong data-start=\"0\" data-end=\"11\"><a class=\"dt-pswp-item\" href=\"https:\/\/www.radiopiu.net\/wordpress\/wp-content\/uploads\/2025\/11\/CARABINIERI-2025.jpg\" data-dt-img-description=\"\" data-large_image_width=\"1475\" data-large_image_height=\"1109\"><img loading=\"lazy\" decoding=\"async\" class=\"aligncenter size-medium wp-image-482931\" src=\"https:\/\/www.radiopiu.net\/wordpress\/wp-content\/uploads\/2025\/11\/CARABINIERI-2025-300x226.jpg\" alt=\"\" width=\"300\" height=\"226\" srcset=\"https:\/\/www.radiopiu.net\/wordpress\/wp-content\/uploads\/2025\/11\/CARABINIERI-2025-300x226.jpg 300w, https:\/\/www.radiopiu.net\/wordpress\/wp-content\/uploads\/2025\/11\/CARABINIERI-2025-1024x770.jpg 1024w, https:\/\/www.radiopiu.net\/wordpress\/wp-content\/uploads\/2025\/11\/CARABINIERI-2025-768x577.jpg 768w, https:\/\/www.radiopiu.net\/wordpress\/wp-content\/uploads\/2025\/11\/CARABINIERI-2025.jpg 1475w\" sizes=\"auto, (max-width: 300px) 100vw, 300px\" \/><\/a>\u00a0<\/strong><\/p>\n<p><strong data-start=\"0\" data-end=\"11\">VENEZIA<\/strong> \u2014 Un uomo \u00e8 stato ferito con una coltellata dalla compagna durante una lite domestica nel Veneziano. La vittima \u00e8 stata soccorsa e trasportata in ospedale in gravi condizioni, ma non sarebbe in pericolo di vita. Sull\u2019episodio indagano i carabinieri per chiarire la dinamica della discussione sfociata nell\u2019aggressione.<\/p>\n<p><strong data-start=\"334\" data-end=\"345\">VENEZIA<\/strong> \u2014 Il sistema Mose diventa ufficialmente patrimonio dello Stato. L\u2019infrastruttura che protegge la laguna dall\u2019acqua alta \u00e8 stata consegnata all\u2019Autorit\u00e0 per la Laguna di Venezia, che ne curer\u00e0 gestione e manutenzione. Il passaggio segna una nuova fase nella governance dell\u2019opera dopo anni di lavori e polemiche.<\/p>\n<p><strong data-start=\"661\" data-end=\"681\">MILANO \u2013 CORTINA<\/strong> \u2014 Ottimi risultati per la squadra azzurra alle Paralimpiadi invernali. L\u2019Italia conquista tre medaglie d\u2019oro e un argento, superando cos\u00ec il bottino ottenuto a Lillehammer nel 1994. Un risultato che rafforza l\u2019attesa e l\u2019entusiasmo in vista dei Giochi di Milano-Cortina.<\/p>\n<p><strong data-start=\"956\" data-end=\"967\">VENEZIA<\/strong> \u2014 In politica, Erika Stefani ha lanciato Venexus, definita la prima piattaforma pensata per mettere in collegamento Regione e comunit\u00e0 locali. L\u2019obiettivo \u00e8 favorire la partecipazione dei cittadini e creare uno spazio di confronto su progetti e sviluppo del territorio.<\/p>\n<p><strong data-start=\"1241\" data-end=\"1252\">VENEZIA<\/strong> \u2014 Nel turismo, secondo Federalberghi, i movimenti in Veneto nel mese di gennaio registrano un lieve calo rispetto allo scorso anno. Dopo il buon andamento del 2025, le aspettative restano comunque positive, anche se l\u2019effetto Olimpiadi per ora non sembra trainare in modo significativo le presenze nelle Dolomiti.<\/p>\n<\/div>\n<\/div>\n<\/div>\n<\/div>\n<div class=\"mt-3 w-full empty:hidden\">\n<div class=\"text-center\"><\/div>\n<\/div>\n<\/div>\n<\/div>\n<\/article>\n<\/div>\n<div class=\"pointer-events-none h-px w-px absolute bottom-0\" aria-hidden=\"true\" data-edge=\"true\"><\/div>\n<\/div>\n<\/div>\n<\/div>\n<\/div>\n<\/div>\n<\/div>\n<\/article>\n<\/div>\n<p>&nbsp;<\/p>\n<\/div>\n<\/div>\n<\/article>\n<\/div>\n<hr \/>\n<p>&nbsp;<\/p>\n<blockquote>\n<h1><\/h1>\n<h1><a class=\"dt-pswp-item\" href=\"https:\/\/www.radiopiu.net\/wordpress\/wp-content\/uploads\/2024\/05\/La-Val-che-Urla-Mirko-300x169-1.jpg\" data-dt-img-description=\"\" data-large_image_width=\"300\" data-large_image_height=\"169\"><img loading=\"lazy\" decoding=\"async\" class=\"wp-image-388263 aligncenter\" src=\"https:\/\/www.radiopiu.net\/wordpress\/wp-content\/uploads\/2024\/05\/La-Val-che-Urla-Mirko-300x169-1.jpg\" alt=\"\" width=\"215\" height=\"121\" \/><\/a><\/h1>\n<h1 style=\"text-align: center;\">RASSEGNA STAMPA, ORE 7 DEL MATTINO. LE ANTICIPAZIONI<\/h1>\n<p><strong>DI MIRKO MEZZACASA<span style=\"color: #ff0000;\"> aggiornamento alle sette del mattino<\/span><\/strong><\/p><\/blockquote>\n<div class=\"flex flex-col text-sm pb-25\">\n<article class=\"text-token-text-primary w-full focus:outline-none [--shadow-height:45px] has-data-writing-block:pointer-events-none has-data-writing-block:-mt-(--shadow-height) has-data-writing-block:pt-(--shadow-height) [&amp;:has([data-writing-block])&gt;*]:pointer-events-auto scroll-mt-[calc(var(--header-height)+min(200px,max(70px,20svh)))]\" dir=\"auto\" tabindex=\"-1\" data-turn-id=\"request-WEB:395a30ce-c02d-48c6-adac-8c26190c19fc-24\" data-testid=\"conversation-turn-50\" data-scroll-anchor=\"true\" data-turn=\"assistant\">\n<div class=\"text-base my-auto mx-auto pb-10 [--thread-content-margin:--spacing(4)] @w-sm\/main:[--thread-content-margin:--spacing(6)] @w-lg\/main:[--thread-content-margin:--spacing(16)] px-(--thread-content-margin)\">\n<p data-start=\"0\" data-end=\"327\"><strong data-start=\"0\" data-end=\"10\">AGORDO<\/strong> \u2014 Una donna di 66 anni \u00e8 rimasta ferita dopo essere stata investita da un\u2019Ape mentre attraversava la strada in Piazza Libert\u00e0. L\u2019incidente \u00e8 avvenuto nel pomeriggio di ieri. La donna \u00e8 stata soccorsa dal personale sanitario e trasportata all\u2019ospedale di Agordo con ferite di media gravit\u00e0 per ulteriori accertamenti.<\/p>\n<p data-start=\"329\" data-end=\"722\"><strong data-start=\"329\" data-end=\"351\">COMELICO SUPERIORE<\/strong> \u2014 I vigili del fuoco sono intervenuti in localit\u00e0 Casamazzagno per un incendio di vegetazione sviluppatosi intorno alle 16.20. Sedici operatori, tra il distaccamento di Santo Stefano di Cadore e i volontari di Dosoledo, hanno lavorato per contenere le fiamme in un\u2019area prativa. Il rogo \u00e8 stato circoscritto evitando che raggiungesse le abitazioni vicine.<\/p>\n<p data-start=\"724\" data-end=\"1255\"><strong data-start=\"724\" data-end=\"735\">BELLUNO<\/strong> \u2014 Mattinata di interventi per il Suem 118 Dolomiti tra strada e piste da sci. A Bribano un uomo di 63 anni \u00e8 rimasto ferito in un incidente stradale ed \u00e8 stato trasportato all\u2019ospedale San Martino con codice di gravit\u00e0 elevato. In montagna, sotto il Rifugio Lagazuoi a Cortina, una sciatrice di 43 anni si \u00e8 infortunata al ginocchio durante un fuoripista ed \u00e8 stata recuperata dall\u2019elicottero Falco e portata al Codivilla. Un\u2019altra sciatrice \u00e8 stata soccorsa sulle piste di Falcade e trasferita all\u2019ospedale di Belluno.<\/p>\n<p data-start=\"1257\" data-end=\"1657\"><strong data-start=\"1257\" data-end=\"1268\">BELLUNO<\/strong> \u2014 Difesa del suolo e sicurezza del territorio restano tra le priorit\u00e0 della Provincia. Il presidente uscente Roberto Padrin ha tracciato il bilancio degli interventi realizzati, ricordando anche la nascita del Centro coordinamento soccorsi a Belluno. Per i prossimi anni sono previsti nuovi investimenti: 1 milione e 350 mila euro nel 2026, oltre 4 milioni nel 2027 e un milione nel 2028.<\/p>\n<p data-start=\"1659\" data-end=\"2003\"><strong data-start=\"1659\" data-end=\"1670\">BELLUNO<\/strong> \u2014 Condanna a due anni e sei mesi di carcere per un cittadino romeno di 46 anni responsabile della rapina alla farmacia Santo Stefano avvenuta nell\u2019agosto scorso. L\u2019uomo aveva minacciato con un coltello il farmacista per ottenere un ansiolitico. La pena \u00e8 stata ridotta per la seminfermit\u00e0 mentale e per il risarcimento alla vittima.<\/p>\n<p data-start=\"2005\" data-end=\"2387\" data-is-last-node=\"\" data-is-only-node=\"\"><strong data-start=\"2005\" data-end=\"2018\">LONGARONE<\/strong> \u2014 Al via la 45\u00aa edizione di Agrimont, la fiera nazionale dedicata all\u2019agricoltura di montagna. La manifestazione propone incontri su filiere agroalimentari, foreste e allevamento alpino, con degustazioni e attivit\u00e0 aperte al pubblico. Nel fine settimana spazio anche al gelato artigianale con convegni, assaggi e la consegna del premio giornalistico \u201cIvano Pocchiesa\u201d.<\/p>\n<\/div>\n<\/article>\n<\/div>\n<div class=\"pointer-events-none h-px w-px absolute bottom-0\" aria-hidden=\"true\" data-edge=\"true\">\n<article class=\"text-token-text-primary w-full focus:outline-none [--shadow-height:45px] has-data-writing-block:pointer-events-none has-data-writing-block:-mt-(--shadow-height) has-data-writing-block:pt-(--shadow-height) [&amp;:has([data-writing-block])&gt;*]:pointer-events-auto scroll-mt-[calc(var(--header-height)+min(200px,max(70px,20svh)))]\" dir=\"auto\" tabindex=\"-1\" data-turn-id=\"request-WEB:395a30ce-c02d-48c6-adac-8c26190c19fc-23\" data-testid=\"conversation-turn-48\" data-scroll-anchor=\"false\" data-turn=\"assistant\">\n<div class=\"text-base my-auto mx-auto [--thread-content-margin:--spacing(4)] @w-sm\/main:[--thread-content-margin:--spacing(6)] @w-lg\/main:[--thread-content-margin:--spacing(16)] px-(--thread-content-margin)\">\n<div class=\"[--thread-content-max-width:40rem] @w-lg\/main:[--thread-content-max-width:48rem] mx-auto max-w-(--thread-content-max-width) flex-1 group\/turn-messages focus-visible:outline-hidden relative flex w-full min-w-0 flex-col agent-turn\" tabindex=\"-1\">\n<div class=\"flex max-w-full flex-col grow\">\n<div class=\"min-h-8 text-message relative flex w-full flex-col items-end gap-2 text-start break-words whitespace-normal [.text-message+&amp;]:mt-1\" dir=\"auto\" data-message-author-role=\"assistant\" data-message-id=\"7fddf4eb-6fdb-4366-a540-b1ae38b50a9b\" data-message-model-slug=\"gpt-5-2\">\n<div class=\"flex w-full flex-col gap-1 empty:hidden first:pt-[1px]\">\n<div class=\"markdown prose dark:prose-invert w-full wrap-break-word dark markdown-new-styling\">\n<div class=\"flex flex-col text-sm pb-25\">\n<article class=\"text-token-text-primary w-full focus:outline-none [--shadow-height:45px] has-data-writing-block:pointer-events-none has-data-writing-block:-mt-(--shadow-height) has-data-writing-block:pt-(--shadow-height) [&amp;:has([data-writing-block])&gt;*]:pointer-events-auto scroll-mt-[calc(var(--header-height)+min(200px,max(70px,20svh)))]\" dir=\"auto\" tabindex=\"-1\" data-turn-id=\"request-WEB:59677e25-2b00-49d2-ac56-f4bd152f0e56-16\" data-testid=\"conversation-turn-34\" data-scroll-anchor=\"true\" data-turn=\"assistant\">\n<div class=\"text-base my-auto mx-auto pb-10 [--thread-content-margin:--spacing(4)] @w-sm\/main:[--thread-content-margin:--spacing(6)] @w-lg\/main:[--thread-content-margin:--spacing(16)] px-(--thread-content-margin)\">\n<div class=\"[--thread-content-max-width:40rem] @w-lg\/main:[--thread-content-max-width:48rem] mx-auto max-w-(--thread-content-max-width) flex-1 group\/turn-messages focus-visible:outline-hidden relative flex w-full min-w-0 flex-col agent-turn\" tabindex=\"-1\">\n<div class=\"flex max-w-full flex-col grow\">\n<div class=\"min-h-8 text-message relative flex w-full flex-col items-end gap-2 text-start break-words whitespace-normal [.text-message+&amp;]:mt-1\" dir=\"auto\" data-message-author-role=\"assistant\" data-message-id=\"c470da22-b8fc-4951-a4c1-a3460cfcc73c\" data-message-model-slug=\"gpt-5-2\">\n<div class=\"flex w-full flex-col gap-1 empty:hidden first:pt-[1px]\">\n<div class=\"markdown prose dark:prose-invert w-full wrap-break-word dark markdown-new-styling\">\n<div class=\"pointer-events-none h-px w-px absolute bottom-0\" aria-hidden=\"true\" data-edge=\"true\">\n<article class=\"text-token-text-primary w-full focus:outline-none [--shadow-height:45px] has-data-writing-block:pointer-events-none has-data-writing-block:-mt-(--shadow-height) has-data-writing-block:pt-(--shadow-height) [&amp;:has([data-writing-block])&gt;*]:pointer-events-auto scroll-mt-[calc(var(--header-height)+min(200px,max(70px,20svh)))]\" dir=\"auto\" tabindex=\"-1\" data-turn-id=\"request-WEB:550dd49c-242d-4a86-9b84-975bcd145a32-30\" data-testid=\"conversation-turn-62\" data-scroll-anchor=\"false\" data-turn=\"assistant\">\n<div class=\"text-base my-auto mx-auto [--thread-content-margin:--spacing(4)] @w-sm\/main:[--thread-content-margin:--spacing(6)] @w-lg\/main:[--thread-content-margin:--spacing(16)] px-(--thread-content-margin)\">\n<div class=\"[--thread-content-max-width:40rem] @w-lg\/main:[--thread-content-max-width:48rem] mx-auto max-w-(--thread-content-max-width) flex-1 group\/turn-messages focus-visible:outline-hidden relative flex w-full min-w-0 flex-col agent-turn\" tabindex=\"-1\">\n<div class=\"flex max-w-full flex-col grow\">\n<div class=\"min-h-8 text-message relative flex w-full flex-col items-end gap-2 text-start break-words whitespace-normal [.text-message+&amp;]:mt-1\" dir=\"auto\" data-message-author-role=\"assistant\" data-message-id=\"264db2b0-d3f9-4abe-9360-3542daf637df\" data-message-model-slug=\"gpt-5-2\">\n<div class=\"flex w-full flex-col gap-1 empty:hidden first:pt-[1px]\">\n<div class=\"markdown prose dark:prose-invert w-full wrap-break-word dark markdown-new-styling\">\n<div class=\"pointer-events-none h-px w-px absolute bottom-0\" aria-hidden=\"true\" data-edge=\"true\">\n<p data-start=\"2245\" data-end=\"2348\">\n<\/div>\n<\/div>\n<\/div>\n<\/div>\n<\/div>\n<\/div>\n<\/div>\n<\/article>\n<\/div>\n<\/div>\n<\/div>\n<\/div>\n<\/div>\n<\/div>\n<\/div>\n<\/article>\n<\/div>\n<\/div>\n<\/div>\n<\/div>\n<\/div>\n<\/div>\n<\/div>\n<\/article>\n<\/div>\n<p>&nbsp;<\/p>\n<h1 data-start=\"128\" data-end=\"155\">&#x1f4f0; RASSEGNA STAMPA LOCALE, OGNI GIORNO ALLE 7 PER CHI VA DI FRETTA, ALLE 8.05 DA 43 ANNI<\/h1>\n<\/div>\n<\/div>\n<\/div>\n<\/article>\n<\/div>\n<div class=\"flex flex-col text-sm pb-25\">\n<article class=\"text-token-text-primary w-full focus:outline-none [--shadow-height:45px] has-data-writing-block:pointer-events-none has-data-writing-block:-mt-(--shadow-height) has-data-writing-block:pt-(--shadow-height) [&amp;:has([data-writing-block])&gt;*]:pointer-events-auto scroll-mt-[calc(var(--header-height)+min(200px,max(70px,20svh)))]\" dir=\"auto\" tabindex=\"-1\" data-turn-id=\"request-WEB:545a5307-a0c9-41c7-9a5f-bf65aefdb8ec-5\" data-testid=\"conversation-turn-12\" data-scroll-anchor=\"true\" data-turn=\"assistant\">\n<div class=\"text-base my-auto mx-auto pb-10 [--thread-content-margin:--spacing(4)] @w-sm\/main:[--thread-content-margin:--spacing(6)] @w-lg\/main:[--thread-content-margin:--spacing(16)] px-(--thread-content-margin)\">\n<div class=\"[--thread-content-max-width:40rem] @w-lg\/main:[--thread-content-max-width:48rem] mx-auto max-w-(--thread-content-max-width) flex-1 group\/turn-messages focus-visible:outline-hidden relative flex w-full min-w-0 flex-col agent-turn\" tabindex=\"-1\">\n<div class=\"z-0 flex min-h-[46px] justify-start\">\n<div class=\"pointer-events-none h-px w-px absolute bottom-0\" aria-hidden=\"true\" data-edge=\"true\">\n<article class=\"text-token-text-primary w-full focus:outline-none [--shadow-height:45px] has-data-writing-block:pointer-events-none has-data-writing-block:-mt-(--shadow-height) has-data-writing-block:pt-(--shadow-height) [&amp;:has([data-writing-block])&gt;*]:pointer-events-auto scroll-mt-[calc(var(--header-height)+min(200px,max(70px,20svh)))]\" dir=\"auto\" tabindex=\"-1\" data-turn-id=\"request-WEB:395a30ce-c02d-48c6-adac-8c26190c19fc-23\" data-testid=\"conversation-turn-48\" data-scroll-anchor=\"false\" data-turn=\"assistant\">\n<div class=\"text-base my-auto mx-auto [--thread-content-margin:--spacing(4)] @w-sm\/main:[--thread-content-margin:--spacing(6)] @w-lg\/main:[--thread-content-margin:--spacing(16)] px-(--thread-content-margin)\">\n<div class=\"[--thread-content-max-width:40rem] @w-lg\/main:[--thread-content-max-width:48rem] mx-auto max-w-(--thread-content-max-width) flex-1 group\/turn-messages focus-visible:outline-hidden relative flex w-full min-w-0 flex-col agent-turn\" tabindex=\"-1\">\n<div class=\"z-0 flex min-h-[46px] justify-start\">\n<div class=\"pointer-events-none h-px w-px absolute bottom-0\" aria-hidden=\"true\" data-edge=\"true\">\n<article class=\"text-token-text-primary w-full focus:outline-none [--shadow-height:45px] has-data-writing-block:pointer-events-none has-data-writing-block:-mt-(--shadow-height) has-data-writing-block:pt-(--shadow-height) [&amp;:has([data-writing-block])&gt;*]:pointer-events-auto scroll-mt-(--header-height)\" dir=\"auto\" tabindex=\"-1\" data-turn-id=\"be71d048-10d6-4822-b6f8-d8ba31ea41c6\" data-testid=\"conversation-turn-49\" data-scroll-anchor=\"false\" data-turn=\"user\">\n<div class=\"text-base my-auto mx-auto pt-12 [--thread-content-margin:--spacing(4)] @w-sm\/main:[--thread-content-margin:--spacing(6)] @w-lg\/main:[--thread-content-margin:--spacing(16)] px-(--thread-content-margin)\">\n<div class=\"[--thread-content-max-width:40rem] @w-lg\/main:[--thread-content-max-width:48rem] mx-auto max-w-(--thread-content-max-width) flex-1 group\/turn-messages focus-visible:outline-hidden relative flex w-full min-w-0 flex-col\" tabindex=\"-1\">\n<div class=\"flex max-w-full flex-col grow\">\n<div class=\"min-h-8 text-message relative flex w-full flex-col items-end gap-2 text-start break-words whitespace-normal [.text-message+&amp;]:mt-1\" dir=\"auto\" data-message-author-role=\"user\" data-message-id=\"be71d048-10d6-4822-b6f8-d8ba31ea41c6\">\n<div class=\"flex w-full flex-col gap-1 empty:hidden items-end rtl:items-start\">\n<div class=\"user-message-bubble-color corner-superellipse\/1.1 relative rounded-[18px] px-4 py-1.5 data-[multiline]:py-3 max-w-[var(--user-chat-width,70%)]\">\n<audio class=\"wp-audio-shortcode\" id=\"audio-501358-3\" preload=\"none\" style=\"width: 100%;\" controls=\"controls\"><source type=\"audio\/mpeg\" src=\"https:\/\/www.radiopiu.net\/wordpress\/wp-content\/uploads\/2026\/03\/GF07-11.mp3?_=3\" \/><a href=\"https:\/\/www.radiopiu.net\/wordpress\/wp-content\/uploads\/2026\/03\/GF07-11.mp3\">https:\/\/www.radiopiu.net\/wordpress\/wp-content\/uploads\/2026\/03\/GF07-11.mp3<\/a><\/audio>\n<p>&nbsp;<\/p>\n<\/div>\n<\/div>\n<\/div>\n<\/div>\n<\/div>\n<\/div>\n<\/article>\n<\/div>\n<div class=\"flex flex-col text-sm pb-25\">\n<article class=\"text-token-text-primary w-full focus:outline-none [--shadow-height:45px] has-data-writing-block:pointer-events-none has-data-writing-block:-mt-(--shadow-height) has-data-writing-block:pt-(--shadow-height) [&amp;:has([data-writing-block])&gt;*]:pointer-events-auto scroll-mt-[calc(var(--header-height)+min(200px,max(70px,20svh)))]\" dir=\"auto\" tabindex=\"-1\" data-turn-id=\"6396bcad-d60e-4a56-bb34-35612dfbda6f\" data-testid=\"conversation-turn-128\" data-scroll-anchor=\"true\" data-turn=\"assistant\">\n<div class=\"text-base my-auto mx-auto pb-10 [--thread-content-margin:--spacing(4)] @w-sm\/main:[--thread-content-margin:--spacing(6)] @w-lg\/main:[--thread-content-margin:--spacing(16)] px-(--thread-content-margin)\">\n<div class=\"[--thread-content-max-width:40rem] @w-lg\/main:[--thread-content-max-width:48rem] mx-auto max-w-(--thread-content-max-width) flex-1 group\/turn-messages focus-visible:outline-hidden relative flex w-full min-w-0 flex-col agent-turn\" tabindex=\"-1\">\n<div class=\"flex max-w-full flex-col grow\">\n<div class=\"min-h-8 text-message relative flex w-full flex-col items-end gap-2 text-start break-words whitespace-normal [.text-message+&amp;]:mt-1\" dir=\"auto\" data-message-author-role=\"assistant\" data-message-id=\"e1f3858c-d840-4462-97ca-2f881886e23b\" data-message-model-slug=\"gpt-5-2\">\n<div class=\"flex w-full flex-col gap-1 empty:hidden first:pt-[1px]\">\n<div class=\"markdown prose dark:prose-invert w-full wrap-break-word dark markdown-new-styling\">\n<div class=\"flex h-svh w-screen flex-col\">\n<div class=\"relative z-0 flex min-h-0 w-full flex-1\">\n<div class=\"relative flex min-h-0 w-full flex-1\">\n<div class=\"@container\/main relative flex min-w-0 flex-1 flex-col -translate-y-[calc(env(safe-area-inset-bottom,0px)\/2)] pt-[calc(env(safe-area-inset-bottom,0px)\/2)]\">\n<div class=\"@w-sm\/main:[scrollbar-gutter:stable_both-edges] touch:[scrollbar-width:none] relative flex min-h-0 min-w-0 flex-1 flex-col [scrollbar-gutter:stable] not-print:overflow-x-clip not-print:overflow-y-auto scroll-pt-(--header-height) [--sticky-padding-top:var(--header-height)] has-data-[fixed-header=less-than-xl]:@w-xl\/main:scroll-pt-0 has-data-[fixed-header=less-than-xl]:@w-xl\/main:[--sticky-padding-top:0px] has-data-[fixed-header=less-than-xxl]:@w-2xl\/main:scroll-pt-0 has-data-[fixed-header=less-than-xxl]:@w-2xl\/main:[--sticky-padding-top:0px]\" data-scroll-root=\"\">\n<div id=\"thread\" class=\"group\/thread flex flex-col min-h-full\">\n<div class=\"composer-parent flex flex-1 flex-col focus-visible:outline-0\" role=\"presentation\">\n<div class=\"relative basis-auto flex-col -mb-(--composer-overlap-px) [--composer-overlap-px:28px] grow flex\">\n<div class=\"flex flex-col text-sm pb-25\">\n<article class=\"text-token-text-primary w-full focus:outline-none [--shadow-height:45px] has-data-writing-block:pointer-events-none has-data-writing-block:-mt-(--shadow-height) has-data-writing-block:pt-(--shadow-height) [&amp;:has([data-writing-block])&gt;*]:pointer-events-auto scroll-mt-[calc(var(--header-height)+min(200px,max(70px,20svh)))]\" dir=\"auto\" tabindex=\"-1\" data-turn-id=\"aa5cda40-ad08-42ce-bf30-0508940a0d23\" data-testid=\"conversation-turn-62\" data-scroll-anchor=\"true\" data-turn=\"assistant\">\n<div class=\"text-base my-auto mx-auto pb-10 [--thread-content-margin:--spacing(4)] @w-sm\/main:[--thread-content-margin:--spacing(6)] @w-lg\/main:[--thread-content-margin:--spacing(16)] px-(--thread-content-margin)\">\n<div class=\"[--thread-content-max-width:40rem] @w-lg\/main:[--thread-content-max-width:48rem] mx-auto max-w-(--thread-content-max-width) flex-1 group\/turn-messages focus-visible:outline-hidden relative flex w-full min-w-0 flex-col agent-turn\" tabindex=\"-1\">\n<div class=\"flex max-w-full flex-col grow\">\n<div class=\"min-h-8 text-message relative flex w-full flex-col items-end gap-2 text-start break-words whitespace-normal [.text-message+&amp;]:mt-1\" dir=\"auto\" data-message-author-role=\"assistant\" data-message-id=\"d4146dd0-662c-4cdd-bbea-6d96efca9319\" data-message-model-slug=\"gpt-5-2\">\n<div class=\"flex w-full flex-col gap-1 empty:hidden first:pt-[1px]\">\n<div class=\"markdown prose dark:prose-invert w-full wrap-break-word dark markdown-new-styling\">\n<div class=\"relative basis-auto flex-col -mb-(--composer-overlap-px) [--composer-overlap-px:28px] grow flex\">\n<div class=\"flex flex-col text-sm pb-25\">\n<article class=\"text-token-text-primary w-full focus:outline-none [--shadow-height:45px] has-data-writing-block:pointer-events-none has-data-writing-block:-mt-(--shadow-height) has-data-writing-block:pt-(--shadow-height) [&amp;:has([data-writing-block])&gt;*]:pointer-events-auto scroll-mt-[calc(var(--header-height)+min(200px,max(70px,20svh)))]\" dir=\"auto\" tabindex=\"-1\" data-turn-id=\"81350bf5-52fb-42ef-83ef-88b4111dbe54\" data-testid=\"conversation-turn-28\" data-scroll-anchor=\"true\" data-turn=\"assistant\">\n<div class=\"text-base my-auto mx-auto pb-10 [--thread-content-margin:--spacing(4)] @w-sm\/main:[--thread-content-margin:--spacing(6)] @w-lg\/main:[--thread-content-margin:--spacing(16)] px-(--thread-content-margin)\">\n<div class=\"[--thread-content-max-width:40rem] @w-lg\/main:[--thread-content-max-width:48rem] mx-auto max-w-(--thread-content-max-width) flex-1 group\/turn-messages focus-visible:outline-hidden relative flex w-full min-w-0 flex-col agent-turn\" tabindex=\"-1\">\n<div class=\"flex max-w-full flex-col grow\">\n<div class=\"min-h-8 text-message relative flex w-full flex-col items-end gap-2 text-start break-words whitespace-normal [.text-message+&amp;]:mt-1\" dir=\"auto\" data-message-author-role=\"assistant\" data-message-id=\"199cbd49-05ce-45fd-b525-d3c7639e2a69\" data-message-model-slug=\"gpt-5-2\">\n<div class=\"flex w-full flex-col gap-1 empty:hidden first:pt-[1px]\">\n<div class=\"markdown prose dark:prose-invert w-full wrap-break-word dark markdown-new-styling\">\n<div class=\"flex flex-col text-sm pb-25\">\n<article class=\"text-token-text-primary w-full focus:outline-none [--shadow-height:45px] has-data-writing-block:pointer-events-none has-data-writing-block:-mt-(--shadow-height) has-data-writing-block:pt-(--shadow-height) [&amp;:has([data-writing-block])&gt;*]:pointer-events-auto scroll-mt-[calc(var(--header-height)+min(200px,max(70px,20svh)))]\" dir=\"auto\" tabindex=\"-1\" data-turn-id=\"78c97f80-bdc6-43b1-a375-f3de13fb174c\" data-testid=\"conversation-turn-34\" data-scroll-anchor=\"true\" data-turn=\"assistant\">\n<div class=\"text-base my-auto mx-auto pb-10 [--thread-content-margin:--spacing(4)] @w-sm\/main:[--thread-content-margin:--spacing(6)] @w-lg\/main:[--thread-content-margin:--spacing(16)] px-(--thread-content-margin)\">\n<div class=\"[--thread-content-max-width:40rem] @w-lg\/main:[--thread-content-max-width:48rem] mx-auto max-w-(--thread-content-max-width) flex-1 group\/turn-messages focus-visible:outline-hidden relative flex w-full min-w-0 flex-col agent-turn\" tabindex=\"-1\">\n<div class=\"flex max-w-full flex-col grow\">\n<div class=\"min-h-8 text-message relative flex w-full flex-col items-end gap-2 text-start break-words whitespace-normal [.text-message+&amp;]:mt-1\" dir=\"auto\" data-message-author-role=\"assistant\" data-message-id=\"3bb62ed5-4654-4deb-83da-f5b920ca13b7\" data-message-model-slug=\"gpt-5-2\">\n<div class=\"flex w-full flex-col gap-1 empty:hidden first:pt-[1px]\">\n<div class=\"markdown prose dark:prose-invert w-full wrap-break-word dark markdown-new-styling\">\n<div class=\"flex flex-col text-sm pb-25\">\n<article class=\"text-token-text-primary w-full focus:outline-none [--shadow-height:45px] has-data-writing-block:pointer-events-none has-data-writing-block:-mt-(--shadow-height) has-data-writing-block:pt-(--shadow-height) [&amp;:has([data-writing-block])&gt;*]:pointer-events-auto scroll-mt-[calc(var(--header-height)+min(200px,max(70px,20svh)))]\" dir=\"auto\" tabindex=\"-1\" data-turn-id=\"1c73cbbe-8723-4066-99eb-75301fa1d490\" data-testid=\"conversation-turn-122\" data-scroll-anchor=\"true\" data-turn=\"assistant\">\n<div class=\"text-base my-auto mx-auto pb-10 [--thread-content-margin:--spacing(4)] @w-sm\/main:[--thread-content-margin:--spacing(6)] @w-lg\/main:[--thread-content-margin:--spacing(16)] px-(--thread-content-margin)\">\n<div class=\"[--thread-content-max-width:40rem] @w-lg\/main:[--thread-content-max-width:48rem] mx-auto max-w-(--thread-content-max-width) flex-1 group\/turn-messages focus-visible:outline-hidden relative flex w-full min-w-0 flex-col agent-turn\" tabindex=\"-1\">\n<div class=\"z-0 flex min-h-[46px] justify-start\"><\/div>\n<\/div>\n<\/div>\n<\/article>\n<\/div>\n<\/div>\n<\/div>\n<\/div>\n<\/div>\n<\/div>\n<\/div>\n<\/article>\n<\/div>\n<\/div>\n<\/div>\n<\/div>\n<\/div>\n<\/div>\n<\/div>\n<\/article>\n<\/div>\n<\/div>\n<\/div>\n<\/div>\n<\/div>\n<\/div>\n<\/div>\n<\/div>\n<\/article>\n<\/div>\n<\/div>\n<\/div>\n<\/div>\n<\/div>\n<\/div>\n<\/div>\n<\/div>\n<\/div>\n<\/div>\n<\/div>\n<\/div>\n<\/div>\n<\/div>\n<\/div>\n<\/article>\n<\/div>\n<\/div>\n<\/div>\n<\/div>\n<\/article>\n<\/div>\n<hr \/>\n<p>&nbsp;<\/p>\n<p>&nbsp;<\/p>\n<p><strong class=\"photoswipe-wrapper\"><a class=\"dt-pswp-item\" href=\"https:\/\/www.radiopiu.net\/wordpress\/wp-content\/uploads\/2026\/01\/file-2.jpg\" data-dt-img-description=\"\" data-large_image_width=\"640\" data-large_image_height=\"640\"><img loading=\"lazy\" decoding=\"async\" class=\"aligncenter size-medium wp-image-492076\" src=\"https:\/\/www.radiopiu.net\/wordpress\/wp-content\/uploads\/2026\/01\/file-2-300x300.jpg\" alt=\"\" width=\"300\" height=\"300\" srcset=\"https:\/\/www.radiopiu.net\/wordpress\/wp-content\/uploads\/2026\/01\/file-2-300x300.jpg 300w, https:\/\/www.radiopiu.net\/wordpress\/wp-content\/uploads\/2026\/01\/file-2-150x150.jpg 150w, https:\/\/www.radiopiu.net\/wordpress\/wp-content\/uploads\/2026\/01\/file-2.jpg 640w\" sizes=\"auto, (max-width: 300px) 100vw, 300px\" \/><\/a><br \/>\nogni sera alle 19 le anticipazioni alla radio, quello che poi seguirete nel TELEGIORNALE BELLUNESE\u00a0 in onda alle 19.30 sul CANALE 10 del digitale terrestre.\u00a0\u00a0<\/strong><\/p>\n<blockquote>\n<h2>ANTICIPAZIONI,\u00a0 DI\u00a0 TIZIANA BOLOGNANI<\/h2>\n<\/blockquote>\n<audio class=\"wp-audio-shortcode\" id=\"audio-501358-4\" preload=\"none\" style=\"width: 100%;\" controls=\"controls\"><source type=\"audio\/mpeg\" src=\"https:\/\/www.radiopiu.net\/wordpress\/wp-content\/uploads\/2026\/03\/ANTENNA3-8.mp3?_=4\" \/><a href=\"https:\/\/www.radiopiu.net\/wordpress\/wp-content\/uploads\/2026\/03\/ANTENNA3-8.mp3\">https:\/\/www.radiopiu.net\/wordpress\/wp-content\/uploads\/2026\/03\/ANTENNA3-8.mp3<\/a><\/audio>\n<p>&nbsp;<\/p>\n<\/div>\n<\/div>\n<\/div>\n<\/article>\n<\/div>\n<div class=\"flex flex-col text-sm pb-25\">\n<article class=\"text-token-text-primary w-full focus:outline-none [--shadow-height:45px] has-data-writing-block:pointer-events-none has-data-writing-block:-mt-(--shadow-height) has-data-writing-block:pt-(--shadow-height) [&amp;:has([data-writing-block])&gt;*]:pointer-events-auto scroll-mt-[calc(var(--header-height)+min(200px,max(70px,20svh)))]\" dir=\"auto\" tabindex=\"-1\" data-turn-id=\"request-WEB:545a5307-a0c9-41c7-9a5f-bf65aefdb8ec-5\" data-testid=\"conversation-turn-12\" data-scroll-anchor=\"true\" data-turn=\"assistant\">\n<div class=\"text-base my-auto mx-auto pb-10 [--thread-content-margin:--spacing(4)] @w-sm\/main:[--thread-content-margin:--spacing(6)] @w-lg\/main:[--thread-content-margin:--spacing(16)] px-(--thread-content-margin)\">\n<div class=\"[--thread-content-max-width:40rem] @w-lg\/main:[--thread-content-max-width:48rem] mx-auto max-w-(--thread-content-max-width) flex-1 group\/turn-messages focus-visible:outline-hidden relative flex w-full min-w-0 flex-col agent-turn\" tabindex=\"-1\">\n<div class=\"z-0 flex min-h-[46px] justify-start\">\n<p>&nbsp;<\/p>\n<p>&nbsp;<\/p>\n<hr \/>\n<p>&nbsp;<\/p>\n<h1><span style=\"color: #ff0000;\"><a class=\"dt-pswp-item\" href=\"https:\/\/www.radiopiu.net\/wordpress\/wp-content\/uploads\/2024\/11\/8.jpg\" data-dt-img-description=\"\" data-large_image_width=\"180\" data-large_image_height=\"180\"><img loading=\"lazy\" decoding=\"async\" class=\"size-full wp-image-417910 aligncenter\" src=\"https:\/\/www.radiopiu.net\/wordpress\/wp-content\/uploads\/2024\/11\/8.jpg\" alt=\"\" width=\"180\" height=\"180\" srcset=\"https:\/\/www.radiopiu.net\/wordpress\/wp-content\/uploads\/2024\/11\/8.jpg 180w, https:\/\/www.radiopiu.net\/wordpress\/wp-content\/uploads\/2024\/11\/8-150x150.jpg 150w\" sizes=\"auto, (max-width: 180px) 100vw, 180px\" \/><\/a><\/span><\/h1>\n<h1><span style=\"color: #ff0000;\">I podcast informativi del mattino &#8211; video &#8211;\u00a0<\/span><\/h1>\n<h2 style=\"text-align: left;\"><strong>RASSEGNA STAMPA LOCALE, ORE OTTO<\/strong><\/h2>\n<h2><strong><span style=\"color: #0000ff;\">viene\u00a0 <\/span><\/strong><strong><span style=\"color: #0000ff;\">pubblicata alle 8.05 <span style=\"color: #ff0000;\">DIRETTA RADIO\u00a0 \u00a0<\/span><\/span><\/strong><strong>DI MIRKO MEZZACASA<\/strong><\/h2>\n<h1><span style=\"color: #ff0000;\"><strong>VIDEO\u00a0 \u00a0in diretta AGGIORNAMENTO\u00a0 dalle 8 del mattino<\/strong><\/span><\/h1>\n<p><iframe loading=\"lazy\" title=\"DAL 1983 LA RASSEGNA STAMPA LOCALE di mirko mezzacasa. L&#039;ORIGINALE\" width=\"1200\" height=\"675\" src=\"https:\/\/www.youtube.com\/embed\/ETBShzzgWJs?feature=oembed\" frameborder=\"0\" allow=\"accelerometer; autoplay; clipboard-write; encrypted-media; gyroscope; picture-in-picture; web-share\" referrerpolicy=\"strict-origin-when-cross-origin\" allowfullscreen><\/iframe><\/p>\n<p>&nbsp;<\/p>\n\n\t\t\t<style type='text\/css'>\n\t\t\t\t#gallery-1 {\n\t\t\t\t\tmargin: auto;\n\t\t\t\t}\n\t\t\t\t#gallery-1 .gallery-item {\n\t\t\t\t\tfloat: left;\n\t\t\t\t\tmargin-top: 10px;\n\t\t\t\t\ttext-align: center;\n\t\t\t\t\twidth: 33%;\n\t\t\t\t}\n\t\t\t\t#gallery-1 img {\n\t\t\t\t\tborder: 2px solid #cfcfcf;\n\t\t\t\t}\n\t\t\t\t#gallery-1 .gallery-caption {\n\t\t\t\t\tmargin-left: 0;\n\t\t\t\t}\n\t\t\t\t\/* see gallery_shortcode() in wp-includes\/media.php *\/\n\t\t\t<\/style>\n\t\t<div id='gallery-1' class='dt-gallery-container gallery galleryid-501358 gallery-columns-3 gallery-size-medium'><dl class='gallery-item'>\n\t\t\t\t<dt class='gallery-icon landscape'>\n\t\t\t\t\t<a class=\"rollover rollover-zoom dt-pswp-item\" title=\"SCR-20260314-fkqj\" data-dt-img-description=\"\" data-large_image_width=\"1456\" data-large_image_height=\"676\"href='https:\/\/www.radiopiu.net\/wordpress\/wp-content\/uploads\/2026\/03\/SCR-20260314-fkqj.png'><img loading=\"lazy\" decoding=\"async\" width=\"300\" height=\"139\" src=\"https:\/\/www.radiopiu.net\/wordpress\/wp-content\/uploads\/2026\/03\/SCR-20260314-fkqj-300x139.png\" class=\"attachment-medium size-medium\" alt=\"\" srcset=\"https:\/\/www.radiopiu.net\/wordpress\/wp-content\/uploads\/2026\/03\/SCR-20260314-fkqj-300x139.png 300w, https:\/\/www.radiopiu.net\/wordpress\/wp-content\/uploads\/2026\/03\/SCR-20260314-fkqj-1024x475.png 1024w, https:\/\/www.radiopiu.net\/wordpress\/wp-content\/uploads\/2026\/03\/SCR-20260314-fkqj-768x357.png 768w, https:\/\/www.radiopiu.net\/wordpress\/wp-content\/uploads\/2026\/03\/SCR-20260314-fkqj.png 1456w\" sizes=\"auto, (max-width: 300px) 100vw, 300px\" \/><\/a>\n\t\t\t\t<\/dt><\/dl><dl class='gallery-item'>\n\t\t\t\t<dt class='gallery-icon landscape'>\n\t\t\t\t\t<a class=\"rollover rollover-zoom dt-pswp-item\" title=\"SCR-20260314-fkme\" data-dt-img-description=\"\" data-large_image_width=\"1086\" data-large_image_height=\"700\"href='https:\/\/www.radiopiu.net\/wordpress\/wp-content\/uploads\/2026\/03\/SCR-20260314-fkme.png'><img loading=\"lazy\" decoding=\"async\" width=\"300\" height=\"193\" src=\"https:\/\/www.radiopiu.net\/wordpress\/wp-content\/uploads\/2026\/03\/SCR-20260314-fkme-300x193.png\" class=\"attachment-medium size-medium\" alt=\"\" srcset=\"https:\/\/www.radiopiu.net\/wordpress\/wp-content\/uploads\/2026\/03\/SCR-20260314-fkme-300x193.png 300w, https:\/\/www.radiopiu.net\/wordpress\/wp-content\/uploads\/2026\/03\/SCR-20260314-fkme-1024x660.png 1024w, https:\/\/www.radiopiu.net\/wordpress\/wp-content\/uploads\/2026\/03\/SCR-20260314-fkme-768x495.png 768w, https:\/\/www.radiopiu.net\/wordpress\/wp-content\/uploads\/2026\/03\/SCR-20260314-fkme.png 1086w\" sizes=\"auto, (max-width: 300px) 100vw, 300px\" \/><\/a>\n\t\t\t\t<\/dt><\/dl><dl class='gallery-item'>\n\t\t\t\t<dt class='gallery-icon landscape'>\n\t\t\t\t\t<a class=\"rollover rollover-zoom dt-pswp-item\" title=\"SCR-20260314-fjok\" data-dt-img-description=\"\" data-large_image_width=\"1820\" data-large_image_height=\"634\"href='https:\/\/www.radiopiu.net\/wordpress\/wp-content\/uploads\/2026\/03\/SCR-20260314-fjok.png'><img loading=\"lazy\" decoding=\"async\" width=\"300\" height=\"105\" src=\"https:\/\/www.radiopiu.net\/wordpress\/wp-content\/uploads\/2026\/03\/SCR-20260314-fjok-300x105.png\" class=\"attachment-medium size-medium\" alt=\"\" srcset=\"https:\/\/www.radiopiu.net\/wordpress\/wp-content\/uploads\/2026\/03\/SCR-20260314-fjok-300x105.png 300w, https:\/\/www.radiopiu.net\/wordpress\/wp-content\/uploads\/2026\/03\/SCR-20260314-fjok-1024x357.png 1024w, https:\/\/www.radiopiu.net\/wordpress\/wp-content\/uploads\/2026\/03\/SCR-20260314-fjok-768x268.png 768w, https:\/\/www.radiopiu.net\/wordpress\/wp-content\/uploads\/2026\/03\/SCR-20260314-fjok-1536x535.png 1536w, https:\/\/www.radiopiu.net\/wordpress\/wp-content\/uploads\/2026\/03\/SCR-20260314-fjok.png 1820w\" sizes=\"auto, (max-width: 300px) 100vw, 300px\" \/><\/a>\n\t\t\t\t<\/dt><\/dl><br style=\"clear: both\" \/>\n\t\t\t<\/div>\n\n<\/div>\n<\/div>\n<\/div>\n<\/article>\n<\/div>\n<p>&nbsp;<\/p>\n<p>&nbsp;<\/p>\n<hr \/>\n<p>&nbsp;<\/p>\n<blockquote>\n<h3 style=\"text-align: center;\"><span class=\"BZ_Pyq_fadeIn\">ACQUA <\/span><span class=\"BZ_Pyq_fadeIn\">NON <\/span><span class=\"BZ_Pyq_fadeIn\">POTABILE <\/span><span class=\"BZ_Pyq_fadeIn\">IN <\/span><span class=\"BZ_Pyq_fadeIn\">ALCUNE <\/span><span class=\"BZ_Pyq_fadeIn\">LOCALIT\u00c0 <\/span><span class=\"BZ_Pyq_fadeIn\">DI <\/span><span class=\"BZ_Pyq_fadeIn\">LIVINALLONGO<\/span><\/h3>\n<\/blockquote>\n<p><strong><a class=\"dt-pswp-item\" href=\"https:\/\/www.radiopiu.net\/wordpress\/wp-content\/uploads\/2023\/08\/acqua.jpeg\" data-dt-img-description=\"\" data-large_image_width=\"1038\" data-large_image_height=\"688\"><img loading=\"lazy\" decoding=\"async\" class=\"aligncenter size-medium wp-image-348061\" src=\"https:\/\/www.radiopiu.net\/wordpress\/wp-content\/uploads\/2023\/08\/acqua-300x199.jpeg\" alt=\"\" width=\"300\" height=\"199\" srcset=\"https:\/\/www.radiopiu.net\/wordpress\/wp-content\/uploads\/2023\/08\/acqua-300x199.jpeg 300w, https:\/\/www.radiopiu.net\/wordpress\/wp-content\/uploads\/2023\/08\/acqua-1024x679.jpeg 1024w, https:\/\/www.radiopiu.net\/wordpress\/wp-content\/uploads\/2023\/08\/acqua-768x509.jpeg 768w, https:\/\/www.radiopiu.net\/wordpress\/wp-content\/uploads\/2023\/08\/acqua.jpeg 1038w\" sizes=\"auto, (max-width: 300px) 100vw, 300px\" \/><\/a>\u00a0<\/strong><\/p>\n<p><span class=\"BZ_Pyq_fadeIn\"><strong>LIVINALLONGO <\/strong>Servizi <\/span><span class=\"BZ_Pyq_fadeIn\">Integrati <\/span><span class=\"BZ_Pyq_fadeIn\">Bellunesi <\/span><span class=\"BZ_Pyq_fadeIn\">informa <\/span><span class=\"BZ_Pyq_fadeIn\">che <\/span><span class=\"BZ_Pyq_fadeIn\">a <\/span><span class=\"BZ_Pyq_fadeIn\">Livinallongo <\/span><span class=\"BZ_Pyq_fadeIn\">del <\/span><span class=\"BZ_Pyq_fadeIn\">Col <\/span><span class=\"BZ_Pyq_fadeIn\">di <\/span><span class=\"BZ_Pyq_fadeIn\">Lana, <\/span><span class=\"BZ_Pyq_fadeIn\">nelle <\/span><span class=\"BZ_Pyq_fadeIn\">localit\u00e0 <\/span><span class=\"BZ_Pyq_fadeIn\">Alfauro, <\/span><span class=\"BZ_Pyq_fadeIn\">Crepaz, <\/span><span class=\"BZ_Pyq_fadeIn\">Pezzei, <\/span><span class=\"BZ_Pyq_fadeIn\">Ruaz <\/span><span class=\"BZ_Pyq_fadeIn\">e <\/span><span class=\"BZ_Pyq_fadeIn\">San <\/span><span class=\"BZ_Pyq_fadeIn\">Giovanni, <\/span><span class=\"BZ_Pyq_fadeIn\">l\u2019acqua <\/span><span class=\"BZ_Pyq_fadeIn\">dell\u2019acquedotto <\/span><span class=\"BZ_Pyq_fadeIn\">non <\/span><span class=\"BZ_Pyq_fadeIn\">\u00e8 <\/span><span class=\"BZ_Pyq_fadeIn\">potabile. <\/span><span class=\"BZ_Pyq_fadeIn\">Pu\u00f2 <\/span><span class=\"BZ_Pyq_fadeIn\">essere <\/span><span class=\"BZ_Pyq_fadeIn\">utilizzata <\/span><span class=\"BZ_Pyq_fadeIn\">per <\/span><span class=\"BZ_Pyq_fadeIn\">scopi <\/span><span class=\"BZ_Pyq_fadeIn\">alimentari <\/span><span class=\"BZ_Pyq_fadeIn\">solo <\/span><span class=\"BZ_Pyq_fadeIn\">previa <\/span><span class=\"BZ_Pyq_fadeIn\">bollitura. <\/span><span class=\"BZ_Pyq_fadeIn\">Attivato <\/span><span class=\"BZ_Pyq_fadeIn\">un <\/span><span class=\"BZ_Pyq_fadeIn\">servizio <\/span><span class=\"BZ_Pyq_fadeIn\">sostitutivo <\/span><span class=\"BZ_Pyq_fadeIn\">con <\/span><span class=\"BZ_Pyq_fadeIn\">cisterna <\/span><span class=\"BZ_Pyq_fadeIn\">presso <\/span><span class=\"BZ_Pyq_fadeIn\">la <\/span><span class=\"BZ_Pyq_fadeIn\">Latteria <\/span><span class=\"BZ_Pyq_fadeIn\">Sociale <\/span><span class=\"BZ_Pyq_fadeIn\">di <\/span><span class=\"BZ_Pyq_fadeIn\">Arabba. <\/span><span class=\"BZ_Pyq_fadeIn\">Avviati <\/span><span class=\"BZ_Pyq_fadeIn\">interventi <\/span><span class=\"BZ_Pyq_fadeIn\">di <\/span><span class=\"BZ_Pyq_fadeIn\">pulizia <\/span><span class=\"BZ_Pyq_fadeIn\">e <\/span><span class=\"BZ_Pyq_fadeIn\">disinfezione <\/span><span class=\"BZ_Pyq_fadeIn\">di <\/span><span class=\"BZ_Pyq_fadeIn\">serbatoi <\/span><span class=\"BZ_Pyq_fadeIn\">e <\/span><span class=\"BZ_Pyq_fadeIn\">rete <\/span><span class=\"BZ_Pyq_fadeIn\">idrica.<\/span><\/p>\n<p>&nbsp;<\/p>\n<blockquote>\n<h3 style=\"text-align: center;\"><span class=\"BZ_Pyq_fadeIn\">SELVA <\/span><span class=\"BZ_Pyq_fadeIn\">DI <\/span><span class=\"BZ_Pyq_fadeIn\">CADORE, <\/span><span class=\"BZ_Pyq_fadeIn\">MARTEDI&#8217; <\/span><span class=\"BZ_Pyq_fadeIn\">INTERRUZIONE <\/span><span class=\"BZ_Pyq_fadeIn\">DELL\u2019ACQUA <\/span><span class=\"BZ_Pyq_fadeIn\">IN <\/span><span class=\"BZ_Pyq_fadeIn\">TUTTO <\/span><span class=\"BZ_Pyq_fadeIn\">IL <\/span><span class=\"BZ_Pyq_fadeIn\">COMUNE<\/span><\/h3>\n<\/blockquote>\n<p data-start=\"72\" data-end=\"411\" data-is-last-node=\"\" data-is-only-node=\"\"><span class=\"BZ_Pyq_fadeIn\">Servizi <\/span><span class=\"BZ_Pyq_fadeIn\">Integrati <\/span><span class=\"BZ_Pyq_fadeIn\">Bellunesi <\/span><span class=\"BZ_Pyq_fadeIn\">informa <\/span><span class=\"BZ_Pyq_fadeIn\">che marted\u00ec<\/span><span class=\"BZ_Pyq_fadeIn\">\u00a0<\/span><span class=\"BZ_Pyq_fadeIn\">verr\u00e0 <\/span><span class=\"BZ_Pyq_fadeIn\">sospesa <\/span><span class=\"BZ_Pyq_fadeIn\">l\u2019erogazione <\/span><span class=\"BZ_Pyq_fadeIn\">dell\u2019acqua <\/span><span class=\"BZ_Pyq_fadeIn\">a <\/span><span class=\"BZ_Pyq_fadeIn\">Selva <\/span><span class=\"BZ_Pyq_fadeIn\">di <\/span><span class=\"BZ_Pyq_fadeIn\">Cadore <\/span><span class=\"BZ_Pyq_fadeIn\">per <\/span><span class=\"BZ_Pyq_fadeIn\">consentire <\/span><span class=\"BZ_Pyq_fadeIn\">lavori <\/span><span class=\"BZ_Pyq_fadeIn\">alla <\/span><span class=\"BZ_Pyq_fadeIn\">rete <\/span><span class=\"BZ_Pyq_fadeIn\">idrica <\/span><span class=\"BZ_Pyq_fadeIn\">comunale. <\/span><span class=\"BZ_Pyq_fadeIn\">L\u2019interruzione <\/span><span class=\"BZ_Pyq_fadeIn\">interesser\u00e0 <\/span><span class=\"BZ_Pyq_fadeIn\">l\u2019intero <\/span><span class=\"BZ_Pyq_fadeIn\">territorio <\/span><span class=\"BZ_Pyq_fadeIn\">comunale. <\/span><span class=\"BZ_Pyq_fadeIn\">I <\/span><span class=\"BZ_Pyq_fadeIn\">tecnici <\/span><span class=\"BZ_Pyq_fadeIn\">saranno <\/span><span class=\"BZ_Pyq_fadeIn\">al <\/span><span class=\"BZ_Pyq_fadeIn\">lavoro <\/span><span class=\"BZ_Pyq_fadeIn\">per <\/span><span class=\"BZ_Pyq_fadeIn\">completare <\/span><span class=\"BZ_Pyq_fadeIn\">l\u2019intervento <\/span><span class=\"BZ_Pyq_fadeIn\">nel <\/span><span class=\"BZ_Pyq_fadeIn\">pi\u00f9 <\/span><span class=\"BZ_Pyq_fadeIn\">breve <\/span><span class=\"BZ_Pyq_fadeIn\">tempo <\/span><span class=\"BZ_Pyq_fadeIn\">possibile <\/span><span class=\"BZ_Pyq_fadeIn\">e <\/span><span class=\"BZ_Pyq_fadeIn\">ridurre <\/span><span class=\"BZ_Pyq_fadeIn\">i <\/span><span class=\"BZ_Pyq_fadeIn\">disagi <\/span><span class=\"BZ_Pyq_fadeIn\">ai <\/span><span class=\"BZ_Pyq_fadeIn\">cittadini.<\/span><\/p>\n<p>&nbsp;<\/p>\n<hr \/>\n<p>&nbsp;<\/p>\n<blockquote>\n<h3 style=\"text-align: center;\">OGGI A BELLUNO L&#8217;ULTIMO SALUTO AD ANTONIO DA RONCH<\/h3>\n<\/blockquote>\n<p><strong><a class=\"dt-pswp-item\" href=\"https:\/\/www.radiopiu.net\/wordpress\/wp-content\/uploads\/2026\/03\/Screenshot-2026-03-13-153402.png\" data-dt-img-description=\"\" data-large_image_width=\"250\" data-large_image_height=\"260\"><img loading=\"lazy\" decoding=\"async\" class=\"aligncenter size-full wp-image-501420\" src=\"https:\/\/www.radiopiu.net\/wordpress\/wp-content\/uploads\/2026\/03\/Screenshot-2026-03-13-153402.png\" alt=\"\" width=\"250\" height=\"260\" \/><\/a>\u00a0<\/strong><\/p>\n<p><strong>BELLUNO <\/strong>I funerali di Antonio Da Ronch\u00a0 si svolgeranno oggi alle 11 nella sala del regno dei Testimoni di Geova in via San Gervasio 110 a Belluno.<\/p>\n<p><strong>Per chi impossibilitato a partecipare in presenza potr\u00e0 seguire la funzione tramite zoom con i seguenti codici. ID RIUNIONE: 473 296 4621 CODICE D&#8217;ACCESSO: 2026<\/strong><\/p>\n<p>&nbsp;<\/p>\n<p>&nbsp;<\/p>\n<hr \/>\n<p>&nbsp;<\/p>\n<blockquote>\n<h3 style=\"text-align: center;\">DONNA INVESTITA DA UN APE IN PIAZZA AD AGORDO<\/h3>\n<\/blockquote>\n<p><strong><a class=\"dt-pswp-item\" href=\"https:\/\/www.radiopiu.net\/wordpress\/wp-content\/uploads\/2026\/03\/KJSGAL.jpg\" data-dt-img-description=\"\" data-large_image_width=\"306\" data-large_image_height=\"225\"><img loading=\"lazy\" decoding=\"async\" class=\"aligncenter size-medium wp-image-501635\" src=\"https:\/\/www.radiopiu.net\/wordpress\/wp-content\/uploads\/2026\/03\/KJSGAL-300x221.jpg\" alt=\"\" width=\"300\" height=\"221\" srcset=\"https:\/\/www.radiopiu.net\/wordpress\/wp-content\/uploads\/2026\/03\/KJSGAL-300x221.jpg 300w, https:\/\/www.radiopiu.net\/wordpress\/wp-content\/uploads\/2026\/03\/KJSGAL.jpg 306w\" sizes=\"auto, (max-width: 300px) 100vw, 300px\" \/><\/a>\u00a0<\/strong><\/p>\n<p><strong>AGORDO<\/strong> Incidente nel pomeriggio di ieri , in Piazza Libert\u00e0, dove una donna di 66 anni del posto \u00e8 stata investita da un Ape mentre attraversava la strada. Sul posto sono intervenuti immediatamente i soccorsi, con l\u2019ambulanza che ha prestato le prime cure sul luogo dell\u2019incidente. La donna, che ha riportato ferite di media gravit\u00e0, \u00e8 stata trasportata all\u2019ospedale di Agordo per ulteriori accertamenti e cure.<\/p>\n<p>&nbsp;<\/p>\n<p>&nbsp;<\/p>\n<hr \/>\n<p>&nbsp;<\/p>\n<blockquote>\n<h3 style=\"text-align: center;\">INCENDIO DI VEGETAZIONE A CASAMAZZAGNO, VIGILI DEL FUOCO AL LAVORO<\/h3>\n<\/blockquote>\n<p><strong><a class=\"dt-pswp-item\" href=\"https:\/\/www.radiopiu.net\/wordpress\/wp-content\/uploads\/2026\/03\/5881829756666318245.jpg\" data-dt-img-description=\"\" data-large_image_width=\"1280\" data-large_image_height=\"960\"><img loading=\"lazy\" decoding=\"async\" class=\"aligncenter size-medium wp-image-501529\" src=\"https:\/\/www.radiopiu.net\/wordpress\/wp-content\/uploads\/2026\/03\/5881829756666318245-300x225.jpg\" alt=\"\" width=\"300\" height=\"225\" srcset=\"https:\/\/www.radiopiu.net\/wordpress\/wp-content\/uploads\/2026\/03\/5881829756666318245-300x225.jpg 300w, https:\/\/www.radiopiu.net\/wordpress\/wp-content\/uploads\/2026\/03\/5881829756666318245-1024x768.jpg 1024w, https:\/\/www.radiopiu.net\/wordpress\/wp-content\/uploads\/2026\/03\/5881829756666318245-768x576.jpg 768w, https:\/\/www.radiopiu.net\/wordpress\/wp-content\/uploads\/2026\/03\/5881829756666318245.jpg 1280w\" sizes=\"auto, (max-width: 300px) 100vw, 300px\" \/><\/a>\u00a0<\/strong><\/p>\n<p><strong>COMELICO SUPERIORE <\/strong>Intervento dei Vigili del Fuoco nel pomeriggio di ieri, per un incendio di vegetazione sviluppatosi in localit\u00e0 Casamazzagno, nel comune di Comelico Superiore. L\u2019allarme \u00e8 scattato intorno alle 16.20, quando le fiamme hanno interessato un\u2019area prativa della zona. Sul posto sono intervenute le squadre dei Vigili del Fuoco del Comando provinciale di Belluno, impegnate nelle operazioni di contenimento del rogo. Complessivamente stanno operando 16 unit\u00e0: 10 operatori del distaccamento permanente di Santo Stefano di Cadore e 6 Vigili del Fuoco volontari del distaccamento di Dosoledo. Grazie al rapido intervento delle squadre \u00e8 stato possibile circoscrivere il fronte dell\u2019incendio, impedendo che le fiamme si propagassero verso le abitazioni presenti nelle vicinanze, che al momento non risultano coinvolte.<\/p>\n<p>&nbsp;<\/p>\n<p>&nbsp;<\/p>\n<hr \/>\n<p>&nbsp;<\/p>\n<blockquote>\n<h3 style=\"text-align: center;\">SOCCORSI TRA STRADA E PISTE DA SCI NEL BELLUNESE: INCIDENTE A BRIBANO, FERITO UN UOMO DI 63 ANNI<\/h3>\n<\/blockquote>\n<p><strong><a class=\"dt-pswp-item\" href=\"https:\/\/www.radiopiu.net\/wordpress\/wp-content\/uploads\/2026\/03\/6ae9a676-5f53-497c-8d38-0751a1f76344.png\" data-dt-img-description=\"\" data-large_image_width=\"1536\" data-large_image_height=\"1024\"><img loading=\"lazy\" decoding=\"async\" class=\"aligncenter size-medium wp-image-501417\" src=\"https:\/\/www.radiopiu.net\/wordpress\/wp-content\/uploads\/2026\/03\/6ae9a676-5f53-497c-8d38-0751a1f76344-300x200.png\" alt=\"\" width=\"300\" height=\"200\" srcset=\"https:\/\/www.radiopiu.net\/wordpress\/wp-content\/uploads\/2026\/03\/6ae9a676-5f53-497c-8d38-0751a1f76344-300x200.png 300w, https:\/\/www.radiopiu.net\/wordpress\/wp-content\/uploads\/2026\/03\/6ae9a676-5f53-497c-8d38-0751a1f76344-1024x683.png 1024w, https:\/\/www.radiopiu.net\/wordpress\/wp-content\/uploads\/2026\/03\/6ae9a676-5f53-497c-8d38-0751a1f76344-768x512.png 768w, https:\/\/www.radiopiu.net\/wordpress\/wp-content\/uploads\/2026\/03\/6ae9a676-5f53-497c-8d38-0751a1f76344.png 1536w\" sizes=\"auto, (max-width: 300px) 100vw, 300px\" \/><\/a>\u00a0<\/strong><\/p>\n<p><strong>BELLUNO <\/strong><span class=\"BZ_Pyq_fadeIn\">Il <\/span><span class=\"BZ_Pyq_fadeIn\">Suem <\/span><span class=\"BZ_Pyq_fadeIn\">118 <\/span><span class=\"BZ_Pyq_fadeIn\">Dolomiti <\/span><span class=\"BZ_Pyq_fadeIn\">\u00e8 <\/span><span class=\"BZ_Pyq_fadeIn\">stato <\/span><span class=\"BZ_Pyq_fadeIn\">impegnato <\/span><span class=\"BZ_Pyq_fadeIn\">in <\/span><span class=\"BZ_Pyq_fadeIn\">diversi <\/span><span class=\"BZ_Pyq_fadeIn\">interventi <\/span><span class=\"BZ_Pyq_fadeIn\">di <\/span><span class=\"BZ_Pyq_fadeIn\">soccorso <\/span><span class=\"BZ_Pyq_fadeIn\">sul <\/span><span class=\"BZ_Pyq_fadeIn\">territorio. <\/span><span class=\"BZ_Pyq_fadeIn\">L\u2019episodio <\/span><span class=\"BZ_Pyq_fadeIn\">pi\u00f9 <\/span><span class=\"BZ_Pyq_fadeIn\">rilevante <\/span><span class=\"BZ_Pyq_fadeIn\">si <\/span><span class=\"BZ_Pyq_fadeIn\">\u00e8 <\/span><span class=\"BZ_Pyq_fadeIn\">verificato <\/span><span class=\"BZ_Pyq_fadeIn\">a <\/span><span class=\"BZ_Pyq_fadeIn\">Bribano, <\/span><span class=\"BZ_Pyq_fadeIn\">dove <\/span><span class=\"BZ_Pyq_fadeIn\">si <\/span><span class=\"BZ_Pyq_fadeIn\">\u00e8 <\/span><span class=\"BZ_Pyq_fadeIn\">verificato <\/span><span class=\"BZ_Pyq_fadeIn\">un <\/span><span class=\"BZ_Pyq_fadeIn\">incidente <\/span><span class=\"BZ_Pyq_fadeIn\">stradale <\/span><span class=\"BZ_Pyq_fadeIn\">che <\/span><span class=\"BZ_Pyq_fadeIn\">ha <\/span><span class=\"BZ_Pyq_fadeIn\">coinvolto <\/span><span class=\"BZ_Pyq_fadeIn\">un <\/span><span class=\"BZ_Pyq_fadeIn\">uomo <\/span><span class=\"BZ_Pyq_fadeIn\">di <\/span><span class=\"BZ_Pyq_fadeIn\">63 <\/span><span class=\"BZ_Pyq_fadeIn\">anni <\/span><span class=\"BZ_Pyq_fadeIn\">residente <\/span><span class=\"BZ_Pyq_fadeIn\">a <\/span><span class=\"BZ_Pyq_fadeIn\">Belluno. <\/span><span class=\"BZ_Pyq_fadeIn\">L\u2019uomo <\/span><span class=\"BZ_Pyq_fadeIn\">\u00e8 <\/span><span class=\"BZ_Pyq_fadeIn\">stato <\/span><span class=\"BZ_Pyq_fadeIn\">soccorso <\/span><span class=\"BZ_Pyq_fadeIn\">dal <\/span><span class=\"BZ_Pyq_fadeIn\">personale <\/span><span class=\"BZ_Pyq_fadeIn\">sanitario <\/span><span class=\"BZ_Pyq_fadeIn\">e <\/span><span class=\"BZ_Pyq_fadeIn\">trasportato <\/span><span class=\"BZ_Pyq_fadeIn\">all\u2019ospedale <\/span><span class=\"BZ_Pyq_fadeIn\">San <\/span><span class=\"BZ_Pyq_fadeIn\">Martino <\/span><span class=\"BZ_Pyq_fadeIn\">con <\/span><span class=\"BZ_Pyq_fadeIn\">codice <\/span><span class=\"BZ_Pyq_fadeIn\">di <\/span><span class=\"BZ_Pyq_fadeIn\">gravit\u00e0 <\/span><span class=\"BZ_Pyq_fadeIn\">3, <\/span><span class=\"BZ_Pyq_fadeIn\">il <\/span><span class=\"BZ_Pyq_fadeIn\">pi\u00f9 <\/span><span class=\"BZ_Pyq_fadeIn\">serio <\/span><span class=\"BZ_Pyq_fadeIn\">registrato <\/span><span class=\"BZ_Pyq_fadeIn\">nella <\/span><span class=\"BZ_Pyq_fadeIn\">mattinata. <\/span><span class=\"BZ_Pyq_fadeIn\">La <\/span><span class=\"BZ_Pyq_fadeIn\">Centrale <\/span><span class=\"BZ_Pyq_fadeIn\">operativa <\/span><span class=\"BZ_Pyq_fadeIn\">del <\/span><span class=\"BZ_Pyq_fadeIn\">118 <\/span><span class=\"BZ_Pyq_fadeIn\">di <\/span><span class=\"BZ_Pyq_fadeIn\">Belluno <\/span><span class=\"BZ_Pyq_fadeIn\">ha <\/span><span class=\"BZ_Pyq_fadeIn\">coordinato <\/span><span class=\"BZ_Pyq_fadeIn\">l\u2019intervento <\/span><span class=\"BZ_Pyq_fadeIn\">e <\/span><span class=\"BZ_Pyq_fadeIn\">l\u2019invio <\/span><span class=\"BZ_Pyq_fadeIn\">dei <\/span><span class=\"BZ_Pyq_fadeIn\">mezzi <\/span><span class=\"BZ_Pyq_fadeIn\">di <\/span><span class=\"BZ_Pyq_fadeIn\">soccorso. <\/span><span class=\"BZ_Pyq_fadeIn\">Altri <\/span><span class=\"BZ_Pyq_fadeIn\">interventi <\/span><span class=\"BZ_Pyq_fadeIn\">hanno <\/span><span class=\"BZ_Pyq_fadeIn\">riguardato <\/span><span class=\"BZ_Pyq_fadeIn\">la <\/span><span class=\"BZ_Pyq_fadeIn\">montagna. <\/span><span class=\"BZ_Pyq_fadeIn\">Sotto <\/span><span class=\"BZ_Pyq_fadeIn\">il <\/span><span class=\"BZ_Pyq_fadeIn\">Rifugio <\/span><span class=\"BZ_Pyq_fadeIn\">Lagazuoi, <\/span><span class=\"BZ_Pyq_fadeIn\">a <\/span><span class=\"BZ_Pyq_fadeIn\">Cortina <\/span><span class=\"BZ_Pyq_fadeIn\">d\u2019Ampezzo, <\/span><span class=\"BZ_Pyq_fadeIn\">una <\/span><span class=\"BZ_Pyq_fadeIn\">sciatrice <\/span><span class=\"BZ_Pyq_fadeIn\">di <\/span><span class=\"BZ_Pyq_fadeIn\">43 <\/span><span class=\"BZ_Pyq_fadeIn\">anni <\/span><span class=\"BZ_Pyq_fadeIn\">di <\/span><span class=\"BZ_Pyq_fadeIn\">Campitello <\/span><span class=\"BZ_Pyq_fadeIn\">di <\/span><span class=\"BZ_Pyq_fadeIn\">Fassa <\/span><span class=\"BZ_Pyq_fadeIn\">si <\/span><span class=\"BZ_Pyq_fadeIn\">\u00e8 <\/span><span class=\"BZ_Pyq_fadeIn\">infortunata <\/span><span class=\"BZ_Pyq_fadeIn\">a <\/span><span class=\"BZ_Pyq_fadeIn\">un <\/span><span class=\"BZ_Pyq_fadeIn\">ginocchio <\/span><span class=\"BZ_Pyq_fadeIn\">mentre <\/span><span class=\"BZ_Pyq_fadeIn\">sciava <\/span><span class=\"BZ_Pyq_fadeIn\">fuoripista <\/span><span class=\"BZ_Pyq_fadeIn\">verso <\/span><span class=\"BZ_Pyq_fadeIn\">il <\/span><span class=\"BZ_Pyq_fadeIn\">Rifugio <\/span><span class=\"BZ_Pyq_fadeIn\">Scotoni. <\/span><span class=\"BZ_Pyq_fadeIn\">\u00c8 <\/span><span class=\"BZ_Pyq_fadeIn\">stata <\/span><span class=\"BZ_Pyq_fadeIn\">recuperata <\/span><span class=\"BZ_Pyq_fadeIn\">dall\u2019elicottero <\/span><span class=\"BZ_Pyq_fadeIn\">Falco <\/span><span class=\"BZ_Pyq_fadeIn\">e <\/span><span class=\"BZ_Pyq_fadeIn\">trasportata <\/span><span class=\"BZ_Pyq_fadeIn\">all\u2019ospedale <\/span><span class=\"BZ_Pyq_fadeIn\">Codivilla. <\/span><span class=\"BZ_Pyq_fadeIn\">Infine, <\/span><span class=\"BZ_Pyq_fadeIn\">sulle <\/span><span class=\"BZ_Pyq_fadeIn\">piste <\/span><span class=\"BZ_Pyq_fadeIn\">di <\/span><span class=\"BZ_Pyq_fadeIn\">Falcade, <\/span><span class=\"BZ_Pyq_fadeIn\">un\u2019altra <\/span><span class=\"BZ_Pyq_fadeIn\">sciatrice <\/span><span class=\"BZ_Pyq_fadeIn\">\u00e8 <\/span><span class=\"BZ_Pyq_fadeIn\">rimasta <\/span><span class=\"BZ_Pyq_fadeIn\">ferita <\/span><span class=\"BZ_Pyq_fadeIn\">durante <\/span><span class=\"BZ_Pyq_fadeIn\">una <\/span><span class=\"BZ_Pyq_fadeIn\">discesa <\/span><span class=\"BZ_Pyq_fadeIn\">ed <\/span><span class=\"BZ_Pyq_fadeIn\">\u00e8 <\/span><span class=\"BZ_Pyq_fadeIn\">stata <\/span><span class=\"BZ_Pyq_fadeIn\">trasferita <\/span><span class=\"BZ_Pyq_fadeIn\">all\u2019ospedale <\/span><span class=\"BZ_Pyq_fadeIn\">di <\/span><span class=\"BZ_Pyq_fadeIn\">Belluno.<\/span><\/p>\n<p>&nbsp;<\/p>\n<p>&nbsp;<\/p>\n<hr \/>\n<p>&nbsp;<\/p>\n<blockquote>\n<h3 style=\"text-align: center;\">DIFESA DEL SUOLO, INVESTIMENTI E PROGRAMMAZIONE IN PROVINCIA DI BELLUNO<\/h3>\n<\/blockquote>\n<p><strong>BELLUNO<\/strong> Il territorio della Provincia di Belluno \u00e8 particolarmente fragile e soggetto a frequenti emergenze, soprattutto frane, che richiedono continui interventi da parte degli enti competenti. La priorit\u00e0 resta sempre la sicurezza della popolazione. La difesa del suolo \u00e8 infatti uno dei temi centrali dell\u2019amministrazione provinciale. In chiusura di mandato, il presidente uscente Roberto Padrin ha tracciato un bilancio delle attivit\u00e0 svolte, evidenziando numerosi interventi e investimenti realizzati sul territorio, ma anche importanti azioni di programmazione. Tra queste l\u2019istituzione del CCS a Belluno, pensato per garantire una gestione coordinata delle emergenze, in vista anche delle Olimpiadi e di eventuali future calamit\u00e0. L\u2019attenzione resta rivolta al futuro, con nuovi interventi gi\u00e0 programmati: 1,35 milioni di euro nel 2026, oltre 4 milioni nel 2027 e un milione nel 2028.<\/p>\n<p><strong>DAL TG DI ANTENNA 3 NORDEST IL SERVIZIO DI FABIO FIORAVANZI<\/strong><\/p>\n<p><iframe loading=\"lazy\" title=\"DIFESA DEL SUOLO: IL BILANCIO DELLA PROVINCIA | 13\/03\/2026\" width=\"1200\" height=\"675\" src=\"https:\/\/www.youtube.com\/embed\/6vpATJierQE?feature=oembed\" frameborder=\"0\" allow=\"accelerometer; autoplay; clipboard-write; encrypted-media; gyroscope; picture-in-picture; web-share\" referrerpolicy=\"strict-origin-when-cross-origin\" allowfullscreen><\/iframe><\/p>\n<p>&nbsp;<\/p>\n<hr \/>\n<p>&nbsp;<\/p>\n<blockquote>\n<h3 style=\"text-align: center;\">BELLUNO AUTONOMA: PER UNA PROVINCIA ELETTIVA E AUTONOMA<\/h3>\n<\/blockquote>\n<p><strong><a class=\"dt-pswp-item\" href=\"https:\/\/www.radiopiu.net\/wordpress\/wp-content\/uploads\/2021\/12\/BARD.png\" data-dt-img-description=\"\" data-large_image_width=\"452\" data-large_image_height=\"448\"><img loading=\"lazy\" decoding=\"async\" class=\"aligncenter wp-image-247298\" src=\"https:\/\/www.radiopiu.net\/wordpress\/wp-content\/uploads\/2021\/12\/BARD-300x297.png\" alt=\"\" width=\"178\" height=\"176\" srcset=\"https:\/\/www.radiopiu.net\/wordpress\/wp-content\/uploads\/2021\/12\/BARD-300x297.png 300w, https:\/\/www.radiopiu.net\/wordpress\/wp-content\/uploads\/2021\/12\/BARD.png 452w\" sizes=\"auto, (max-width: 178px) 100vw, 178px\" \/><\/a>\u00a0<\/strong><\/p>\n<p><strong>BELLUNO <\/strong>Il movimento Belluno Autonoma Regione Dolomiti ribadisce la necessit\u00e0 di una provincia elettiva, capace di affrontare temi strategici come viabilit\u00e0, residenzialit\u00e0, energia e spopolamento, in vista delle elezioni provinciali del 18 marzo. Secondo il movimento, il modello attuale, basato su sindaci e consiglieri comunali scelti dai partiti, non garantisce autonomia n\u00e9 autorevolezza all\u2019ente, producendo esiti scontati e limitando l\u2019azione politica. La proposta \u00e8 di trasformare le norme sull\u2019autonomia montana in realt\u00e0 concreta, attribuendo risorse e competenze alla provincia. Belluno Autonoma sottolinea inoltre l\u2019importanza di riprendere la questione referendaria sui passaggi di regione dei comuni bellunesi, rispettando la volont\u00e0 popolare di Lamon, Sovramonte, Taibon, Voltago e degli ex comuni asburgici. Senza autonomia reale, qualsiasi presidente rimarrebbe limitato alla gestione ordinaria, senza poter garantire un futuro concreto per i territori montani.<\/p>\n<p>&nbsp;<\/p>\n<p>&nbsp;<\/p>\n<hr \/>\n<p>&nbsp;<\/p>\n<blockquote>\n<h3 style=\"text-align: center;\">RAPINA IN FARMACIA PER UN ANSIOLITICO: CONDANNATO A DUE ANNI E MEZZO<\/h3>\n<\/blockquote>\n<p><strong><a class=\"dt-pswp-item\" href=\"https:\/\/www.radiopiu.net\/wordpress\/wp-content\/uploads\/2025\/11\/tribunale-belluno-1.jpg\" data-dt-img-description=\"\" data-large_image_width=\"778\" data-large_image_height=\"518\"><img loading=\"lazy\" decoding=\"async\" class=\"aligncenter size-medium wp-image-481234\" src=\"https:\/\/www.radiopiu.net\/wordpress\/wp-content\/uploads\/2025\/11\/tribunale-belluno-1-300x200.jpg\" alt=\"\" width=\"300\" height=\"200\" srcset=\"https:\/\/www.radiopiu.net\/wordpress\/wp-content\/uploads\/2025\/11\/tribunale-belluno-1-300x200.jpg 300w, https:\/\/www.radiopiu.net\/wordpress\/wp-content\/uploads\/2025\/11\/tribunale-belluno-1-768x511.jpg 768w, https:\/\/www.radiopiu.net\/wordpress\/wp-content\/uploads\/2025\/11\/tribunale-belluno-1.jpg 778w\" sizes=\"auto, (max-width: 300px) 100vw, 300px\" \/><\/a>\u00a0<\/strong><\/p>\n<p><strong>BELLUNO <\/strong>Un cittadino romeno di 46 anni \u00e8 stato condannato a due anni e sei mesi di carcere per la rapina avvenuta nell\u2019agosto scorso alla farmacia Santo Stefano di Belluno. L\u2019uomo aveva minacciato con un coltello il farmacista per ottenere un ansiolitico e lo aveva trattenuto nel negozio fino all\u2019arrivo dei carabinieri, impedendo temporaneamente anche a un cliente di uscire. Inizialmente rischiava fino a 12 anni di reclusione, ma la pena \u00e8 stata ridotta grazie alla seminfermit\u00e0 mentale certificata dallo psichiatra del carcere, al risarcimento alla vittima e al rito abbreviato. Il giudice Enrica Marson ha quindi stabilito la condanna definitiva. L\u2019uomo, gi\u00e0 detenuto nel carcere di Baldenich, dovr\u00e0 restare ancora in cella, ma per un periodo molto inferiore rispetto alle previsioni iniziali.<\/p>\n<p>&nbsp;<\/p>\n<p>&nbsp;<\/p>\n<hr \/>\n<p>&nbsp;<\/p>\n<blockquote>\n<h3 style=\"text-align: center;\">A BELLUNO INCONTRI, GIOCHI ED ESCURSIONI PER IMPARARE L\u2019USO CONSAPEVOLE DEI DISPOSITIVI DIGITALI<\/h3>\n<\/blockquote>\n<p><strong>BELLUNO<\/strong> Incontri, conferenze, giochi ed escursioni per imparare l&#8217;uso consapevole dei dispositivi digitali: da met\u00e0 marzo fino ai primi di aprile, a Belluno arriva \u201cMi connetto di meno\u201d, la rassegna promossa dai Patti digitali bellunesi.<\/p>\n<p><strong>DI DANIELE DALVIT<\/strong><\/p>\n<audio class=\"wp-audio-shortcode\" id=\"audio-501358-5\" preload=\"none\" style=\"width: 100%;\" controls=\"controls\"><source type=\"audio\/mpeg\" src=\"https:\/\/www.radiopiu.net\/wordpress\/wp-content\/uploads\/2026\/03\/Servizio-Mi-connetto-di-meno.mp3?_=5\" \/><a href=\"https:\/\/www.radiopiu.net\/wordpress\/wp-content\/uploads\/2026\/03\/Servizio-Mi-connetto-di-meno.mp3\">https:\/\/www.radiopiu.net\/wordpress\/wp-content\/uploads\/2026\/03\/Servizio-Mi-connetto-di-meno.mp3<\/a><\/audio>\n<p>&nbsp;<\/p>\n\n\t\t\t<style type='text\/css'>\n\t\t\t\t#gallery-2 {\n\t\t\t\t\tmargin: auto;\n\t\t\t\t}\n\t\t\t\t#gallery-2 .gallery-item {\n\t\t\t\t\tfloat: left;\n\t\t\t\t\tmargin-top: 10px;\n\t\t\t\t\ttext-align: center;\n\t\t\t\t\twidth: 50%;\n\t\t\t\t}\n\t\t\t\t#gallery-2 img {\n\t\t\t\t\tborder: 2px solid #cfcfcf;\n\t\t\t\t}\n\t\t\t\t#gallery-2 .gallery-caption {\n\t\t\t\t\tmargin-left: 0;\n\t\t\t\t}\n\t\t\t\t\/* see gallery_shortcode() in wp-includes\/media.php *\/\n\t\t\t<\/style>\n\t\t<div id='gallery-2' class='dt-gallery-container gallery galleryid-501358 gallery-columns-2 gallery-size-medium'><dl class='gallery-item'>\n\t\t\t\t<dt class='gallery-icon landscape'>\n\t\t\t\t\t<a class=\"rollover rollover-zoom dt-pswp-item\" title=\"14347125-905e-4a8c-a0c2-b8eae4972304\" data-dt-img-description=\"\" data-large_image_width=\"1600\" data-large_image_height=\"1200\"href='https:\/\/www.radiopiu.net\/wordpress\/wp-content\/uploads\/2026\/03\/14347125-905e-4a8c-a0c2-b8eae4972304.jpg'><img loading=\"lazy\" decoding=\"async\" width=\"300\" height=\"225\" src=\"https:\/\/www.radiopiu.net\/wordpress\/wp-content\/uploads\/2026\/03\/14347125-905e-4a8c-a0c2-b8eae4972304-300x225.jpg\" class=\"attachment-medium size-medium\" alt=\"\" srcset=\"https:\/\/www.radiopiu.net\/wordpress\/wp-content\/uploads\/2026\/03\/14347125-905e-4a8c-a0c2-b8eae4972304-300x225.jpg 300w, https:\/\/www.radiopiu.net\/wordpress\/wp-content\/uploads\/2026\/03\/14347125-905e-4a8c-a0c2-b8eae4972304-1024x768.jpg 1024w, https:\/\/www.radiopiu.net\/wordpress\/wp-content\/uploads\/2026\/03\/14347125-905e-4a8c-a0c2-b8eae4972304-768x576.jpg 768w, https:\/\/www.radiopiu.net\/wordpress\/wp-content\/uploads\/2026\/03\/14347125-905e-4a8c-a0c2-b8eae4972304-1536x1152.jpg 1536w, https:\/\/www.radiopiu.net\/wordpress\/wp-content\/uploads\/2026\/03\/14347125-905e-4a8c-a0c2-b8eae4972304.jpg 1600w\" sizes=\"auto, (max-width: 300px) 100vw, 300px\" \/><\/a>\n\t\t\t\t<\/dt><\/dl><dl class='gallery-item'>\n\t\t\t\t<dt class='gallery-icon landscape'>\n\t\t\t\t\t<a class=\"rollover rollover-zoom dt-pswp-item\" title=\"52c8a52f-eb69-4638-a715-7c3ac17688ce\" data-dt-img-description=\"\" data-large_image_width=\"1600\" data-large_image_height=\"1200\"href='https:\/\/www.radiopiu.net\/wordpress\/wp-content\/uploads\/2026\/03\/52c8a52f-eb69-4638-a715-7c3ac17688ce.jpg'><img loading=\"lazy\" decoding=\"async\" width=\"300\" height=\"225\" src=\"https:\/\/www.radiopiu.net\/wordpress\/wp-content\/uploads\/2026\/03\/52c8a52f-eb69-4638-a715-7c3ac17688ce-300x225.jpg\" class=\"attachment-medium size-medium\" alt=\"\" srcset=\"https:\/\/www.radiopiu.net\/wordpress\/wp-content\/uploads\/2026\/03\/52c8a52f-eb69-4638-a715-7c3ac17688ce-300x225.jpg 300w, https:\/\/www.radiopiu.net\/wordpress\/wp-content\/uploads\/2026\/03\/52c8a52f-eb69-4638-a715-7c3ac17688ce-1024x768.jpg 1024w, https:\/\/www.radiopiu.net\/wordpress\/wp-content\/uploads\/2026\/03\/52c8a52f-eb69-4638-a715-7c3ac17688ce-768x576.jpg 768w, https:\/\/www.radiopiu.net\/wordpress\/wp-content\/uploads\/2026\/03\/52c8a52f-eb69-4638-a715-7c3ac17688ce-1536x1152.jpg 1536w, https:\/\/www.radiopiu.net\/wordpress\/wp-content\/uploads\/2026\/03\/52c8a52f-eb69-4638-a715-7c3ac17688ce.jpg 1600w\" sizes=\"auto, (max-width: 300px) 100vw, 300px\" \/><\/a>\n\t\t\t\t<\/dt><\/dl><br style=\"clear: both\" \/>\n\t\t\t<\/div>\n\n<p>&nbsp;<\/p>\n<hr \/>\n<p>&nbsp;<\/p>\n<blockquote>\n<h3 style=\"text-align: center;\">POSTE ITALIANE, SPEDIZIONE FALLITA E PACCHI DANNEGGIATI: LA DENUNCIA DELL\u2019ABM<\/h3>\n<\/blockquote>\n<p><strong><a class=\"dt-pswp-item\" href=\"https:\/\/www.radiopiu.net\/wordpress\/wp-content\/uploads\/2026\/03\/pacco_consegnato_abm_poste_italiane.jpeg\" data-dt-img-description=\"\" data-large_image_width=\"2016\" data-large_image_height=\"1134\"><img loading=\"lazy\" decoding=\"async\" class=\"aligncenter size-medium wp-image-501514\" src=\"https:\/\/www.radiopiu.net\/wordpress\/wp-content\/uploads\/2026\/03\/pacco_consegnato_abm_poste_italiane-300x169.jpeg\" alt=\"\" width=\"300\" height=\"169\" srcset=\"https:\/\/www.radiopiu.net\/wordpress\/wp-content\/uploads\/2026\/03\/pacco_consegnato_abm_poste_italiane-300x169.jpeg 300w, https:\/\/www.radiopiu.net\/wordpress\/wp-content\/uploads\/2026\/03\/pacco_consegnato_abm_poste_italiane-1024x576.jpeg 1024w, https:\/\/www.radiopiu.net\/wordpress\/wp-content\/uploads\/2026\/03\/pacco_consegnato_abm_poste_italiane-768x432.jpeg 768w, https:\/\/www.radiopiu.net\/wordpress\/wp-content\/uploads\/2026\/03\/pacco_consegnato_abm_poste_italiane-1536x864.jpeg 1536w, https:\/\/www.radiopiu.net\/wordpress\/wp-content\/uploads\/2026\/03\/pacco_consegnato_abm_poste_italiane.jpeg 2016w\" sizes=\"auto, (max-width: 300px) 100vw, 300px\" \/><\/a>\u00a0<\/strong><\/p>\n<p><strong>BELLUNO <\/strong>Un semplice invio di libri da Belluno a San Biagio di Callalta si \u00e8 trasformato in un incubo logistico per l\u2019Associazione Bellunesi nel Mondo (ABM). Lo scorso 6 marzo, l\u2019Associazione ha spedito sedici copie di un volume tramite Poste Italiane, utilizzando l\u2019imballaggio gi\u00e0 valutato idoneo dalla tipografia e confermato dal personale postale. Nonostante ci\u00f2, la consegna non \u00e8 avvenuta: il pacco \u00e8 risultato in restituzione al mittente, senza alcun avviso lasciato al destinatario, un\u2019azienda sempre presidiata. Al ritorno a Belluno, lo scatolone risultava sventrato e undici libri erano spariti. La destinataria ha dovuto ritirare personalmente la merce, mentre Poste ha incassato il pagamento per un servizio non effettuato. L\u2019ABM ha presentato reclamo richiedendo il rimborso, ma il servizio clienti ha respinto la richiesta, attribuendo il danno a un imballo \u201cnon adeguato\u201d, nonostante fosse lo stesso che aveva permesso il trasporto sicuro da Roma a Belluno.<\/p>\n<p>&nbsp;<\/p>\n<p>&nbsp;<\/p>\n<hr \/>\n<p>&nbsp;<\/p>\n<blockquote>\n<h3 style=\"text-align: center;\">CISL VENETO: \u201cVENEXUS STRUMENTO IMPORTANTE PER LA SOSTENIBILIT\u00c0 E LE SINERGIE TRA PUBBLICO E PRIVATO\u201d<\/h3>\n<\/blockquote>\n<p><strong><a class=\"dt-pswp-item\" href=\"https:\/\/www.radiopiu.net\/wordpress\/wp-content\/uploads\/2022\/02\/Paglini-relazione.jpeg\" data-dt-img-description=\"\" data-large_image_width=\"1368\" data-large_image_height=\"912\"><img loading=\"lazy\" decoding=\"async\" class=\"aligncenter size-medium wp-image-258793\" src=\"https:\/\/www.radiopiu.net\/wordpress\/wp-content\/uploads\/2022\/02\/Paglini-relazione-300x200.jpeg\" alt=\"\" width=\"300\" height=\"200\" srcset=\"https:\/\/www.radiopiu.net\/wordpress\/wp-content\/uploads\/2022\/02\/Paglini-relazione-300x200.jpeg 300w, https:\/\/www.radiopiu.net\/wordpress\/wp-content\/uploads\/2022\/02\/Paglini-relazione-1024x683.jpeg 1024w, https:\/\/www.radiopiu.net\/wordpress\/wp-content\/uploads\/2022\/02\/Paglini-relazione-768x512.jpeg 768w, https:\/\/www.radiopiu.net\/wordpress\/wp-content\/uploads\/2022\/02\/Paglini-relazione.jpeg 1368w\" sizes=\"auto, (max-width: 300px) 100vw, 300px\" \/><\/a>\u00a0<\/strong><\/p>\n<p><strong>MESTRE (VE)\u00a0 <\/strong>\u201cLa sostenibilit\u00e0, ambientale, ma anche sociale e negli assetti organizzativi, rappresenta un orizzonte irrinunciabile e un fattore di competitivit\u00e0 per l\u2019intero sistema Veneto, cos\u00ec come le sinergie che si possono sviluppare nell\u2019ottica di \u2018fare sistema\u2019. Accogliamo con favore il lancio della piattaforma Venexus, da parte della Regione Veneto, per promuovere le partnership pubblico-privato in questo ambito, cos\u00ec come condividiamo il metodo individuato di collaborazione pubblico-privato da estendere anche in altri ambiti, per esempio le politiche abitative\u201d. Cos\u00ec Massimiliano Paglini, segretario generale della Cisl Veneto, commenta la presentazione della nuova infrastruttura digitale, dedicata a mettere in contatto enti locali che propongono progetti di pubblica utilit\u00e0 e imprese che intendono investire in sostenibilit\u00e0. Paglini ribadisce: \u201cProprio la presenza strutturale della Regione \u00e8 essenziale per garantire la preminenza dell\u2019interesse pubblico. Cos\u00ec come riteniamo fondamentale la creazione di una governance condivisa con i portatori di interesse e una concertazione territoriale, attraverso il coinvolgimento delle parti sociali, per definire in via preliminare i bisogni delle comunit\u00e0 locali su cui focalizzare gli interventi. Questo assicurerebbe ancora maggior forza e partecipazione al progetto\u201d.<\/p>\n<p>&nbsp;<\/p>\n<hr \/>\n<p>&nbsp;<\/p>\n<blockquote>\n<h3>FELTRE SI PREPARA AL VOTO: NOMINA SCRUTATORI E SPOSTAMENTO DEL SEGGIO DI ARSON<strong><em><br \/>\n<\/em><\/strong><\/h3>\n<\/blockquote>\n<p><strong><a class=\"dt-pswp-item\" href=\"https:\/\/www.radiopiu.net\/wordpress\/wp-content\/uploads\/2026\/01\/feltrealboino1-scaled.jpg\" data-dt-img-description=\"\" data-large_image_width=\"2560\" data-large_image_height=\"1920\"><img loading=\"lazy\" decoding=\"async\" class=\"aligncenter size-medium wp-image-492453\" src=\"https:\/\/www.radiopiu.net\/wordpress\/wp-content\/uploads\/2026\/01\/feltrealboino1-300x225.jpg\" alt=\"\" width=\"300\" height=\"225\" srcset=\"https:\/\/www.radiopiu.net\/wordpress\/wp-content\/uploads\/2026\/01\/feltrealboino1-300x225.jpg 300w, https:\/\/www.radiopiu.net\/wordpress\/wp-content\/uploads\/2026\/01\/feltrealboino1-1024x768.jpg 1024w, https:\/\/www.radiopiu.net\/wordpress\/wp-content\/uploads\/2026\/01\/feltrealboino1-768x576.jpg 768w, https:\/\/www.radiopiu.net\/wordpress\/wp-content\/uploads\/2026\/01\/feltrealboino1-1536x1152.jpg 1536w, https:\/\/www.radiopiu.net\/wordpress\/wp-content\/uploads\/2026\/01\/feltrealboino1-2048x1536.jpg 2048w\" sizes=\"auto, (max-width: 300px) 100vw, 300px\" \/><\/a>\u00a0<\/strong><\/p>\n<p><strong>DI ALESSIA DALL&#8217;O&#8217;<\/strong><\/p>\n<p><strong>FELTRE <\/strong>A Feltre si avvicina l\u2019appuntamento con il referendum costituzionale del 22 e 23 marzo e il Comune ha diffuso alcune comunicazioni organizzative che riguardano seggi ed elettori del territorio. Tra queste, anche la procedura per la nomina degli scrutatori. Le persone gi\u00e0 iscritte all\u2019albo comunale degli scrutatori hanno potuto comunicare la propria disponibilit\u00e0 a svolgere l\u2019incarico per le consultazioni elettorali. Le segnalazioni saranno prese in considerazione dalla Commissione elettorale nella scelta degli scrutatori che opereranno nei seggi cittadini. Attenzione inoltre a uno spostamento temporaneo di sede: il seggio elettorale numero 12 della frazione di Arson, normalmente ospitato nell\u2019ex latteria turnaria, sar\u00e0 trasferito solo per questa consultazione alla scuola primaria di Villabruna, in via San Martino 2. Gli elettori interessati dovranno quindi recarsi nella nuova sede con la tessera elettorale.<\/p>\n<p>&nbsp;<\/p>\n<p>&nbsp;<\/p>\n<hr \/>\n<p>&nbsp;<\/p>\n<blockquote>\n<h3 style=\"text-align: center;\">ABVS E RUGBY BELLUNO INSIEME PER PROMUOVERE LA DONAZIONE DI SANGUE<\/h3>\n<\/blockquote>\n<p><strong><a class=\"dt-pswp-item\" href=\"https:\/\/www.radiopiu.net\/wordpress\/wp-content\/uploads\/2026\/03\/gruppo-scaled.jpg\" data-dt-img-description=\"\" data-large_image_width=\"2560\" data-large_image_height=\"1922\"><img loading=\"lazy\" decoding=\"async\" class=\"aligncenter size-medium wp-image-501479\" src=\"https:\/\/www.radiopiu.net\/wordpress\/wp-content\/uploads\/2026\/03\/gruppo-300x225.jpg\" alt=\"\" width=\"300\" height=\"225\" srcset=\"https:\/\/www.radiopiu.net\/wordpress\/wp-content\/uploads\/2026\/03\/gruppo-300x225.jpg 300w, https:\/\/www.radiopiu.net\/wordpress\/wp-content\/uploads\/2026\/03\/gruppo-1024x769.jpg 1024w, https:\/\/www.radiopiu.net\/wordpress\/wp-content\/uploads\/2026\/03\/gruppo-768x577.jpg 768w, https:\/\/www.radiopiu.net\/wordpress\/wp-content\/uploads\/2026\/03\/gruppo-1536x1153.jpg 1536w, https:\/\/www.radiopiu.net\/wordpress\/wp-content\/uploads\/2026\/03\/gruppo-2048x1538.jpg 2048w\" sizes=\"auto, (max-width: 300px) 100vw, 300px\" \/><\/a>\u00a0<\/strong><\/p>\n<p><strong>BELLUNO <\/strong>L\u2019Associazione Bellunese Volontari del Sangue (Abvs) e l\u2019Asd Rugby Belluno avviano un progetto per diffondere la cultura della donazione tra giovani atleti e famiglie. L\u2019iniziativa, finanziata dal Fondo Regionale Sangue, ha previsto la fornitura di indumenti sportivi con il logo Abvs ai circa 200 tesserati della societ\u00e0, per un valore di 4.392 euro. Il Rugby Belluno promuover\u00e0 inoltre tra iscritti e familiari le \u201cpromesse di donazione\u201d, disponibilit\u00e0 che consentono all\u2019associazione di contattare i potenziali donatori: circa la met\u00e0 di chi aderisce effettua poi la prima donazione. Il progetto comprende anche l\u2019acquisto di un arco gonfiabile promozionale per eventi sportivi. La sezione Abvs di Belluno conta 1.150 donatori e nel 2025 ha registrato 1.809 donazioni e 118 prime donazioni. Per il 2026 sono previste nuove collaborazioni, tra cui quella con l\u2019associazione Gocce di Sole per il concorso musicale internazionale \u201cCitt\u00e0 di Belluno\u201d.<\/p>\n<p>&nbsp;<\/p>\n<p>&nbsp;<\/p>\n<hr \/>\n<p>&nbsp;<\/p>\n<blockquote>\n<h3 style=\"text-align: center;\">BORGHI PI\u00d9 BELLI D\u2019ITALIA, WEEKEND DI CONFRONTO TRA ENERGIA E COLLABORAZIONE<\/h3>\n<\/blockquote>\n<p><strong>ROCCA PIETORE\u00a0 <\/strong><span class=\"BZ_Pyq_fadeIn\">Fine <\/span><span class=\"BZ_Pyq_fadeIn\">settimana <\/span><span class=\"BZ_Pyq_fadeIn\">intenso <\/span><span class=\"BZ_Pyq_fadeIn\">e <\/span><span class=\"BZ_Pyq_fadeIn\">ricco <\/span><span class=\"BZ_Pyq_fadeIn\">di <\/span><span class=\"BZ_Pyq_fadeIn\">appuntamenti <\/span><span class=\"BZ_Pyq_fadeIn\">per <\/span><span class=\"BZ_Pyq_fadeIn\">i <\/span><span class=\"BZ_Pyq_fadeIn\">rappresentanti <\/span><span class=\"BZ_Pyq_fadeIn\">dei <\/span><span class=\"BZ_Pyq_fadeIn\">Borghi <\/span><span class=\"BZ_Pyq_fadeIn\">pi\u00f9 <\/span><span class=\"BZ_Pyq_fadeIn\">belli <\/span><span class=\"BZ_Pyq_fadeIn\">d\u2019Italia. <\/span><span class=\"BZ_Pyq_fadeIn\">Venerd\u00ec <\/span><span class=\"BZ_Pyq_fadeIn\">scorso <\/span><span class=\"BZ_Pyq_fadeIn\">una <\/span><span class=\"BZ_Pyq_fadeIn\">delegazione <\/span><span class=\"BZ_Pyq_fadeIn\">ha <\/span><span class=\"BZ_Pyq_fadeIn\">preso <\/span><span class=\"BZ_Pyq_fadeIn\">parte <\/span><span class=\"BZ_Pyq_fadeIn\">al <\/span><span class=\"BZ_Pyq_fadeIn\">congresso <\/span><span class=\"BZ_Pyq_fadeIn\">KEI <\/span><span class=\"BZ_Pyq_fadeIn\">Energy <\/span><span class=\"BZ_Pyq_fadeIn\">di <\/span><span class=\"BZ_Pyq_fadeIn\">Rimini, <\/span><span class=\"BZ_Pyq_fadeIn\">importante <\/span><span class=\"BZ_Pyq_fadeIn\">momento <\/span><span class=\"BZ_Pyq_fadeIn\">di <\/span><span class=\"BZ_Pyq_fadeIn\">approfondimento <\/span><span class=\"BZ_Pyq_fadeIn\">dedicato <\/span><span class=\"BZ_Pyq_fadeIn\">ai <\/span><span class=\"BZ_Pyq_fadeIn\">temi <\/span><span class=\"BZ_Pyq_fadeIn\">della <\/span><span class=\"BZ_Pyq_fadeIn\">transizione <\/span><span class=\"BZ_Pyq_fadeIn\">energetica. <\/span><span class=\"BZ_Pyq_fadeIn\">L\u2019incontro <\/span><span class=\"BZ_Pyq_fadeIn\">ha <\/span><span class=\"BZ_Pyq_fadeIn\">offerto <\/span><span class=\"BZ_Pyq_fadeIn\">l\u2019occasione <\/span><span class=\"BZ_Pyq_fadeIn\">per <\/span><span class=\"BZ_Pyq_fadeIn\">confrontarsi <\/span><span class=\"BZ_Pyq_fadeIn\">con <\/span><span class=\"BZ_Pyq_fadeIn\">amministratori <\/span><span class=\"BZ_Pyq_fadeIn\">provenienti <\/span><span class=\"BZ_Pyq_fadeIn\">da <\/span><span class=\"BZ_Pyq_fadeIn\">tutta <\/span><span class=\"BZ_Pyq_fadeIn\">Italia <\/span><span class=\"BZ_Pyq_fadeIn\">su <\/span><span class=\"BZ_Pyq_fadeIn\">progetti <\/span><span class=\"BZ_Pyq_fadeIn\">e <\/span><span class=\"BZ_Pyq_fadeIn\">iniziative <\/span><span class=\"BZ_Pyq_fadeIn\">orientate <\/span><span class=\"BZ_Pyq_fadeIn\">al <\/span><span class=\"BZ_Pyq_fadeIn\">futuro <\/span><span class=\"BZ_Pyq_fadeIn\">dei <\/span><span class=\"BZ_Pyq_fadeIn\">piccoli <\/span><span class=\"BZ_Pyq_fadeIn\">centri <\/span><span class=\"BZ_Pyq_fadeIn\">e <\/span><span class=\"BZ_Pyq_fadeIn\">alla <\/span><span class=\"BZ_Pyq_fadeIn\">sostenibilit\u00e0 <\/span><span class=\"BZ_Pyq_fadeIn\">dei <\/span><span class=\"BZ_Pyq_fadeIn\">territori. <\/span><span class=\"BZ_Pyq_fadeIn\">La <\/span><span class=\"BZ_Pyq_fadeIn\">giornata <\/span><span class=\"BZ_Pyq_fadeIn\">di <\/span><span class=\"BZ_Pyq_fadeIn\">sabato <\/span><span class=\"BZ_Pyq_fadeIn\">si <\/span><span class=\"BZ_Pyq_fadeIn\">\u00e8 <\/span><span class=\"BZ_Pyq_fadeIn\">invece <\/span><span class=\"BZ_Pyq_fadeIn\">svolta <\/span><span class=\"BZ_Pyq_fadeIn\">ad <\/span><span class=\"BZ_Pyq_fadeIn\">Asolo, <\/span><span class=\"BZ_Pyq_fadeIn\">dove <\/span><span class=\"BZ_Pyq_fadeIn\">gli <\/span><span class=\"BZ_Pyq_fadeIn\">undici <\/span><span class=\"BZ_Pyq_fadeIn\">sindaci <\/span><span class=\"BZ_Pyq_fadeIn\">dei <\/span><span class=\"BZ_Pyq_fadeIn\">Borghi <\/span><span class=\"BZ_Pyq_fadeIn\">pi\u00f9 <\/span><span class=\"BZ_Pyq_fadeIn\">belli <\/span><span class=\"BZ_Pyq_fadeIn\">d\u2019Italia <\/span><span class=\"BZ_Pyq_fadeIn\">del <\/span><span class=\"BZ_Pyq_fadeIn\">Veneto <\/span><span class=\"BZ_Pyq_fadeIn\">si <\/span><span class=\"BZ_Pyq_fadeIn\">sono <\/span><span class=\"BZ_Pyq_fadeIn\">riuniti <\/span><span class=\"BZ_Pyq_fadeIn\">per <\/span><span class=\"BZ_Pyq_fadeIn\">nominare <\/span><span class=\"BZ_Pyq_fadeIn\">il <\/span><span class=\"BZ_Pyq_fadeIn\">nuovo <\/span><span class=\"BZ_Pyq_fadeIn\">coordinatore <\/span><span class=\"BZ_Pyq_fadeIn\">regionale <\/span><span class=\"BZ_Pyq_fadeIn\">e <\/span><span class=\"BZ_Pyq_fadeIn\">il <\/span><span class=\"BZ_Pyq_fadeIn\">rappresentante <\/span><span class=\"BZ_Pyq_fadeIn\">veneto <\/span><span class=\"BZ_Pyq_fadeIn\">nel <\/span><span class=\"BZ_Pyq_fadeIn\">direttivo <\/span><span class=\"BZ_Pyq_fadeIn\">nazionale <\/span><span class=\"BZ_Pyq_fadeIn\">dell\u2019associazione. <\/span><span class=\"BZ_Pyq_fadeIn\">\u00c8 <\/span><span class=\"BZ_Pyq_fadeIn\">stata <\/span><span class=\"BZ_Pyq_fadeIn\">una <\/span><span class=\"BZ_Pyq_fadeIn\">giornata <\/span><span class=\"BZ_Pyq_fadeIn\">di <\/span><span class=\"BZ_Pyq_fadeIn\">dialogo <\/span><span class=\"BZ_Pyq_fadeIn\">e <\/span><span class=\"BZ_Pyq_fadeIn\">amicizia <\/span><span class=\"BZ_Pyq_fadeIn\">tra <\/span><span class=\"BZ_Pyq_fadeIn\">amministratori, <\/span><span class=\"BZ_Pyq_fadeIn\">utile <\/span><span class=\"BZ_Pyq_fadeIn\">per <\/span><span class=\"BZ_Pyq_fadeIn\">rafforzare <\/span><span class=\"BZ_Pyq_fadeIn\">relazioni <\/span><span class=\"BZ_Pyq_fadeIn\">e <\/span><span class=\"BZ_Pyq_fadeIn\">avviare <\/span><span class=\"BZ_Pyq_fadeIn\">nuove <\/span><span class=\"BZ_Pyq_fadeIn\">collaborazioni. <\/span><span class=\"BZ_Pyq_fadeIn\">La <\/span><span class=\"BZ_Pyq_fadeIn\">partecipazione <\/span><span class=\"BZ_Pyq_fadeIn\">a <\/span><span class=\"BZ_Pyq_fadeIn\">questi <\/span><span class=\"BZ_Pyq_fadeIn\">incontri <\/span><span class=\"BZ_Pyq_fadeIn\">rappresenta <\/span><span class=\"BZ_Pyq_fadeIn\">la <\/span><span class=\"BZ_Pyq_fadeIn\">volont\u00e0 <\/span><span class=\"BZ_Pyq_fadeIn\">di <\/span><span class=\"BZ_Pyq_fadeIn\">crescere, <\/span><span class=\"BZ_Pyq_fadeIn\">condividere <\/span><span class=\"BZ_Pyq_fadeIn\">esperienze <\/span><span class=\"BZ_Pyq_fadeIn\">e <\/span><span class=\"BZ_Pyq_fadeIn\">lavorare <\/span><span class=\"BZ_Pyq_fadeIn\">insieme <\/span><span class=\"BZ_Pyq_fadeIn\">per <\/span><span class=\"BZ_Pyq_fadeIn\">valorizzare <\/span><span class=\"BZ_Pyq_fadeIn\">il <\/span><span class=\"BZ_Pyq_fadeIn\">patrimonio <\/span><span class=\"BZ_Pyq_fadeIn\">e <\/span><span class=\"BZ_Pyq_fadeIn\">l\u2019identit\u00e0 <\/span><span class=\"BZ_Pyq_fadeIn\">dei <\/span><span class=\"BZ_Pyq_fadeIn\">borghi.<\/span><\/p>\n\n\t\t\t<style type='text\/css'>\n\t\t\t\t#gallery-3 {\n\t\t\t\t\tmargin: auto;\n\t\t\t\t}\n\t\t\t\t#gallery-3 .gallery-item {\n\t\t\t\t\tfloat: left;\n\t\t\t\t\tmargin-top: 10px;\n\t\t\t\t\ttext-align: center;\n\t\t\t\t\twidth: 50%;\n\t\t\t\t}\n\t\t\t\t#gallery-3 img {\n\t\t\t\t\tborder: 2px solid #cfcfcf;\n\t\t\t\t}\n\t\t\t\t#gallery-3 .gallery-caption {\n\t\t\t\t\tmargin-left: 0;\n\t\t\t\t}\n\t\t\t\t\/* see gallery_shortcode() in wp-includes\/media.php *\/\n\t\t\t<\/style>\n\t\t<div id='gallery-3' class='dt-gallery-container gallery galleryid-501358 gallery-columns-2 gallery-size-medium'><dl class='gallery-item'>\n\t\t\t\t<dt class='gallery-icon landscape'>\n\t\t\t\t\t<a class=\"rollover rollover-zoom dt-pswp-item\" title=\"be2ee445-47ea-4cde-8fbc-1dc8ddc12661\" data-dt-img-description=\"\" data-large_image_width=\"2048\" data-large_image_height=\"1536\"href='https:\/\/www.radiopiu.net\/wordpress\/wp-content\/uploads\/2026\/03\/be2ee445-47ea-4cde-8fbc-1dc8ddc12661.jpg'><img loading=\"lazy\" decoding=\"async\" width=\"300\" height=\"225\" src=\"https:\/\/www.radiopiu.net\/wordpress\/wp-content\/uploads\/2026\/03\/be2ee445-47ea-4cde-8fbc-1dc8ddc12661-300x225.jpg\" class=\"attachment-medium size-medium\" alt=\"\" srcset=\"https:\/\/www.radiopiu.net\/wordpress\/wp-content\/uploads\/2026\/03\/be2ee445-47ea-4cde-8fbc-1dc8ddc12661-300x225.jpg 300w, https:\/\/www.radiopiu.net\/wordpress\/wp-content\/uploads\/2026\/03\/be2ee445-47ea-4cde-8fbc-1dc8ddc12661-1024x768.jpg 1024w, https:\/\/www.radiopiu.net\/wordpress\/wp-content\/uploads\/2026\/03\/be2ee445-47ea-4cde-8fbc-1dc8ddc12661-768x576.jpg 768w, https:\/\/www.radiopiu.net\/wordpress\/wp-content\/uploads\/2026\/03\/be2ee445-47ea-4cde-8fbc-1dc8ddc12661-1536x1152.jpg 1536w, https:\/\/www.radiopiu.net\/wordpress\/wp-content\/uploads\/2026\/03\/be2ee445-47ea-4cde-8fbc-1dc8ddc12661.jpg 2048w\" sizes=\"auto, (max-width: 300px) 100vw, 300px\" \/><\/a>\n\t\t\t\t<\/dt><\/dl><dl class='gallery-item'>\n\t\t\t\t<dt class='gallery-icon landscape'>\n\t\t\t\t\t<a class=\"rollover rollover-zoom dt-pswp-item\" title=\"218bc346-d620-4409-97e8-635fc4fd9f8c\" data-dt-img-description=\"\" data-large_image_width=\"2048\" data-large_image_height=\"945\"href='https:\/\/www.radiopiu.net\/wordpress\/wp-content\/uploads\/2026\/03\/218bc346-d620-4409-97e8-635fc4fd9f8c.jpg'><img loading=\"lazy\" decoding=\"async\" width=\"300\" height=\"138\" src=\"https:\/\/www.radiopiu.net\/wordpress\/wp-content\/uploads\/2026\/03\/218bc346-d620-4409-97e8-635fc4fd9f8c-300x138.jpg\" class=\"attachment-medium size-medium\" alt=\"\" srcset=\"https:\/\/www.radiopiu.net\/wordpress\/wp-content\/uploads\/2026\/03\/218bc346-d620-4409-97e8-635fc4fd9f8c-300x138.jpg 300w, https:\/\/www.radiopiu.net\/wordpress\/wp-content\/uploads\/2026\/03\/218bc346-d620-4409-97e8-635fc4fd9f8c-1024x473.jpg 1024w, https:\/\/www.radiopiu.net\/wordpress\/wp-content\/uploads\/2026\/03\/218bc346-d620-4409-97e8-635fc4fd9f8c-768x354.jpg 768w, https:\/\/www.radiopiu.net\/wordpress\/wp-content\/uploads\/2026\/03\/218bc346-d620-4409-97e8-635fc4fd9f8c-1536x709.jpg 1536w, https:\/\/www.radiopiu.net\/wordpress\/wp-content\/uploads\/2026\/03\/218bc346-d620-4409-97e8-635fc4fd9f8c.jpg 2048w\" sizes=\"auto, (max-width: 300px) 100vw, 300px\" \/><\/a>\n\t\t\t\t<\/dt><\/dl><br style=\"clear: both\" \/>\n\t\t\t<\/div>\n\n<p>&nbsp;<\/p>\n<hr \/>\n<p>&nbsp;<\/p>\n<blockquote>\n<h3 style=\"text-align: center;\">SCONTRO LEGALE SUI PANNELLI FOTOVOLTAICI A FALCADE ALTO<\/h3>\n<\/blockquote>\n<p><strong><a class=\"dt-pswp-item\" href=\"https:\/\/www.radiopiu.net\/wordpress\/wp-content\/uploads\/2022\/12\/MUNICIPIO-FALCADE.png\" data-dt-img-description=\"\" data-large_image_width=\"941\" data-large_image_height=\"655\"><img loading=\"lazy\" decoding=\"async\" class=\"aligncenter size-medium wp-image-314065\" src=\"https:\/\/www.radiopiu.net\/wordpress\/wp-content\/uploads\/2022\/12\/MUNICIPIO-FALCADE-300x209.png\" alt=\"\" width=\"300\" height=\"209\" srcset=\"https:\/\/www.radiopiu.net\/wordpress\/wp-content\/uploads\/2022\/12\/MUNICIPIO-FALCADE-300x209.png 300w, https:\/\/www.radiopiu.net\/wordpress\/wp-content\/uploads\/2022\/12\/MUNICIPIO-FALCADE-768x535.png 768w, https:\/\/www.radiopiu.net\/wordpress\/wp-content\/uploads\/2022\/12\/MUNICIPIO-FALCADE.png 941w\" sizes=\"auto, (max-width: 300px) 100vw, 300px\" \/><\/a>\u00a0<\/strong><\/p>\n<p><strong>FALCADE <\/strong>A Falcade Alto \u00e8 in corso una lunga disputa legale sull\u2019installazione di pannelli fotovoltaici sul tetto di un edificio all\u2019ingresso del borgo. Nel 2021 il proprietario aveva chiesto l\u2019autorizzazione per ristrutturare l\u2019immobile, ottenendo il via libera con il limite di installare solo due file di pannelli su una falda. Successivamente ha coperto entrambe le falde con pannelli di colore rosso mattone. La Soprintendenza ha giudicato l\u2019intervento dannoso per il paesaggio tutelato dal vincolo del 1961 e il Comune ha ordinato la rimozione. Il Tar nel 2025 ha accolto il ricorso del privato chiedendo nuove motivazioni agli enti. Dopo un nuovo parere negativo di Comune e Soprintendenza, il proprietario ha presentato un ulteriore ricorso al Tar, riaprendo lo scontro giudiziario.<\/p>\n<p>&nbsp;<\/p>\n<p>&nbsp;<\/p>\n<hr \/>\n<p>&nbsp;<\/p>\n<blockquote>\n<h3 style=\"text-align: center;\">CALALZO: CAMBIO MEDICO DI BASE, DA CORT\u00c0 FUMEI SUBENTRA A BOLGE<\/h3>\n<\/blockquote>\n<p><strong><a class=\"dt-pswp-item\" href=\"https:\/\/www.radiopiu.net\/wordpress\/wp-content\/uploads\/2023\/08\/Cambio_medico.jpg\" data-dt-img-description=\"\" data-large_image_width=\"1323\" data-large_image_height=\"954\"><img loading=\"lazy\" decoding=\"async\" class=\"aligncenter size-medium wp-image-347008\" src=\"https:\/\/www.radiopiu.net\/wordpress\/wp-content\/uploads\/2023\/08\/Cambio_medico-300x216.jpg\" alt=\"\" width=\"300\" height=\"216\" srcset=\"https:\/\/www.radiopiu.net\/wordpress\/wp-content\/uploads\/2023\/08\/Cambio_medico-300x216.jpg 300w, https:\/\/www.radiopiu.net\/wordpress\/wp-content\/uploads\/2023\/08\/Cambio_medico-1024x738.jpg 1024w, https:\/\/www.radiopiu.net\/wordpress\/wp-content\/uploads\/2023\/08\/Cambio_medico-768x554.jpg 768w, https:\/\/www.radiopiu.net\/wordpress\/wp-content\/uploads\/2023\/08\/Cambio_medico.jpg 1323w\" sizes=\"auto, (max-width: 300px) 100vw, 300px\" \/><\/a>\u00a0<\/strong><\/p>\n<p><strong>BELLUNO <\/strong>La dottoressa Giuliana Bolge concluder\u00e0 il proprio incarico a tempo indeterminato come Medico di Medicina Generale il 20 marzo 2026, ultimo giorno di servizio. Da luned\u00ec 23 marzo l\u2019incarico sar\u00e0 assunto a tempo determinato dalla dottoressa Beatrice Da Cort\u00e0 Fumei, medico del Ruolo Unico a ciclo di scelta. Il passaggio degli assistiti avverr\u00e0 automaticamente, senza necessit\u00e0 per i cittadini di recarsi agli sportelli. La dottoressa Da Cort\u00e0 Fumei entrer\u00e0 nella Medicina di Rete \u201cCentro Cadore\u201d e ricever\u00e0 nell\u2019ambulatorio di Calalzo, in viale Marconi 14. Gli orari saranno: luned\u00ec e gioved\u00ec 9.00-12.30, marted\u00ec e mercoled\u00ec 15.30-19.00, venerd\u00ec 8.30-11.30. Per appuntamenti: telefono 351 3577181, e-mail <a href=\"mailto:dott.dacortafumei@gmail.com\">dott.dacortafumei@gmail.com<\/a>. L\u2019Ulss Dolomiti ringrazia la dottoressa Bolge per il servizio svolto e augura buon lavoro alla nuova incaricata. Per informazioni: Ufficio Anagrafe di Belluno, 0437 516757 (12.00-13.00).<\/p>\n<p>&nbsp;<\/p>\n<p>&nbsp;<\/p>\n<hr \/>\n<p>&nbsp;<\/p>\n<blockquote>\n<h3 style=\"text-align: center;\">AGRIMONT 2026: AGRICOLTURA, FORESTE E PASCOLI AL CENTRO DELLA FIERA<\/h3>\n<\/blockquote>\n<p><strong><a class=\"dt-pswp-item\" href=\"https:\/\/www.radiopiu.net\/wordpress\/wp-content\/uploads\/2026\/03\/Agrimont-Longarone-Fiere-2025-12.jpg\" data-dt-img-description=\"\" data-large_image_width=\"1600\" data-large_image_height=\"900\"><img loading=\"lazy\" decoding=\"async\" class=\"aligncenter size-medium wp-image-501518\" src=\"https:\/\/www.radiopiu.net\/wordpress\/wp-content\/uploads\/2026\/03\/Agrimont-Longarone-Fiere-2025-12-300x169.jpg\" alt=\"\" width=\"300\" height=\"169\" srcset=\"https:\/\/www.radiopiu.net\/wordpress\/wp-content\/uploads\/2026\/03\/Agrimont-Longarone-Fiere-2025-12-300x169.jpg 300w, https:\/\/www.radiopiu.net\/wordpress\/wp-content\/uploads\/2026\/03\/Agrimont-Longarone-Fiere-2025-12-1024x576.jpg 1024w, https:\/\/www.radiopiu.net\/wordpress\/wp-content\/uploads\/2026\/03\/Agrimont-Longarone-Fiere-2025-12-768x432.jpg 768w, https:\/\/www.radiopiu.net\/wordpress\/wp-content\/uploads\/2026\/03\/Agrimont-Longarone-Fiere-2025-12-1536x864.jpg 1536w, https:\/\/www.radiopiu.net\/wordpress\/wp-content\/uploads\/2026\/03\/Agrimont-Longarone-Fiere-2025-12.jpg 1600w\" sizes=\"auto, (max-width: 300px) 100vw, 300px\" \/><\/a>\u00a0<\/strong><\/p>\n<p><strong>LONGARONE <\/strong>Oggi prende il via la 45\u00aa Agrimont, fiera nazionale dell\u2019agricoltura in montagna, e la 7\u00aa Fiera&amp;Festival delle Foreste. L\u2019inaugurazione sar\u00e0 presieduta dall\u2019Assessore Dario Bond e dal senatore Luca De Carlo. A seguire, presentazione del Cansiglio Bike Day 2026, evento ciclistico aperto a tutti con partenza dal Pian Cansiglio. Il programma prevede convegni e approfondimenti sul settore agroalimentare e forestale. Alle 10 il convegno <em>\u201cLatte di Montagna \u2013 tra qualit\u00e0, ambiente e mercato\u201d<\/em> promuove il dialogo tra operatori della filiera. Nel pomeriggio focus sui pascoli e le foreste: alle 14 Veneto Agricoltura illustra <em>Modelli di governance partecipata nel settore forestale<\/em>, mentre dalle 14.30 l\u2019Istituto Agrario \u201cAntonio della Lucia\u201d e l\u2019Associazione Allevatori del Veneto discutono l\u2019allevamento alpino in occasione dell\u2019Anno Internazionale dei Pascoli e dei Pastori 2026, promosso dalla FAO. La giornata si chiude con un seminario sulla legge 131\/2025 per le zone montane e attivit\u00e0 aperte al pubblico del Biodistretto Terre Bellunesi, tra degustazioni, filiere tradizionali e approfondimenti sulla biodiversit\u00e0. Orari: venerd\u00ec 14.30-19, sabato e domenica 9-19.<\/p>\n<p>&nbsp;<\/p>\n<p>&nbsp;<\/p>\n<hr \/>\n<p>&nbsp;<\/p>\n<blockquote>\n<h3 style=\"text-align: center;\">AGRIMONT: IL GELATO ARTIGIANALE PROTAGONISTA A LONGARONE<\/h3>\n<\/blockquote>\n<p><strong><a class=\"dt-pswp-item\" href=\"https:\/\/www.radiopiu.net\/wordpress\/wp-content\/uploads\/2020\/04\/GELATO.jpg\" data-dt-img-description=\"\" data-large_image_width=\"1920\" data-large_image_height=\"1277\"><img loading=\"lazy\" decoding=\"async\" class=\"aligncenter size-medium wp-image-133588\" src=\"https:\/\/www.radiopiu.net\/wordpress\/wp-content\/uploads\/2020\/04\/GELATO-300x200.jpg\" alt=\"\" width=\"300\" height=\"200\" srcset=\"https:\/\/www.radiopiu.net\/wordpress\/wp-content\/uploads\/2020\/04\/GELATO-300x200.jpg 300w, https:\/\/www.radiopiu.net\/wordpress\/wp-content\/uploads\/2020\/04\/GELATO-1024x681.jpg 1024w, https:\/\/www.radiopiu.net\/wordpress\/wp-content\/uploads\/2020\/04\/GELATO-768x511.jpg 768w, https:\/\/www.radiopiu.net\/wordpress\/wp-content\/uploads\/2020\/04\/GELATO-1536x1022.jpg 1536w, https:\/\/www.radiopiu.net\/wordpress\/wp-content\/uploads\/2020\/04\/GELATO.jpg 1920w\" sizes=\"auto, (max-width: 300px) 100vw, 300px\" \/><\/a>\u00a0<\/strong><\/p>\n<p><strong>LONGARONE <\/strong>Sabato 21 e domenica 22 marzo, Agrimont 2026 a Longarone mette al centro il gelato artigianale con eventi, degustazioni e approfondimenti. Sabato 21, al Centro Congressi, si terr\u00e0 il convegno \u201cIl Gelato Veneto nella cucina italiana patrimonio Unesco\u201d, con interventi di Roberta Garibaldi, Simona Stoppa, Pier Luigi Petrillo e lo chef Enzo De Pr\u00e0, seguiti da degustazioni. Domenica 22, in occasione della 14\u00aa Giornata Europea del Gelato Artigianale, il pubblico potr\u00e0 assaggiare gelati ispirati al territorio e alla sostenibilit\u00e0, tra cui \u201cIl dolcefreddo profumo della foresta\u201d e specialit\u00e0 con abete bianco, fiordilatte e miele Life Vaia. La giornata prevede incontri su benessere, piacere e neurogastronomia, con esperti come Angelo Grasso e Francesco Meneguzzo. Alle 11 sar\u00e0 conferito l\u201911\u00b0 Premio giornalistico \u201cIvano Pocchiesa\u201d a Franco Cesare Puglisi, per la promozione del gelato artigianale. Orari fiera: sabato e domenica 9-19, venerd\u00ec 14.30-19.<\/p>\n<p>&nbsp;<\/p>\n<p>&nbsp;<\/p>\n<hr \/>\n<p>&nbsp;<\/p>\n<blockquote>\n<h3 style=\"text-align: center;\">TRACCE DI DONNA, IL VIA A FELTRE CON TILT<\/h3>\n<\/blockquote>\n<p><strong>DI ALESSIA DALL&#8217;O&#8217;<\/strong><\/p>\n<p><strong>FELTRE\u00a0 <\/strong>Ha preso a Palazzo Bianco l\u2019edizione 2026 della rassegna \u201cTracce di Donna\u201d, organizzata dall\u2019associazione TILT \u2013 Tutti Insieme Lavoriamo per il Territorio, realt\u00e0 tutta al femminile che da circa dieci anni, nel mese di marzo, propone iniziative dedicate alla valorizzazione delle figure femminili del territorio. La serata inaugurale ha visto gli interventi delle artiste Roberta Cadorin, Rosanna Cecchet, Sonia Luzzato e Fulvia Celli, con il contributo della conservatrice dei Musei Civici di Feltre Tiziana Casagrande e la moderazione di Isabella Pilo. Ad accompagnare l\u2019incontro anche le musiche delle allieve della Scuola di Musica Francesco Sandi e le testimonianze di due giovani donne del territorio. La rassegna prosegue ora con un percorso diffuso tra arte e fotografia in diversi luoghi della citt\u00e0. Tra i protagonisti anche i lavori in raku dell\u2019artista feltrina Fulvia Celli, fotografati da Paolo Ferrassa ed esposti nel chiostro della chiesa di Santa Maria degli Angeli, insieme alla mostra collettiva al Fondaco delle Biade e alla rassegna fotografica \u201cAutoscatto\u201d del collettivo F-CUBE. Il prossimo appuntamento sar\u00e0 domenica 15 marzo alle 16.30 con la visita guidata \u201cTrame dipinte e passi lievi, volti femminili di Feltre\u201d.<\/p>\n\n\t\t\t<style type='text\/css'>\n\t\t\t\t#gallery-4 {\n\t\t\t\t\tmargin: auto;\n\t\t\t\t}\n\t\t\t\t#gallery-4 .gallery-item {\n\t\t\t\t\tfloat: left;\n\t\t\t\t\tmargin-top: 10px;\n\t\t\t\t\ttext-align: center;\n\t\t\t\t\twidth: 20%;\n\t\t\t\t}\n\t\t\t\t#gallery-4 img {\n\t\t\t\t\tborder: 2px solid #cfcfcf;\n\t\t\t\t}\n\t\t\t\t#gallery-4 .gallery-caption {\n\t\t\t\t\tmargin-left: 0;\n\t\t\t\t}\n\t\t\t\t\/* see gallery_shortcode() in wp-includes\/media.php *\/\n\t\t\t<\/style>\n\t\t<div id='gallery-4' class='dt-gallery-container gallery galleryid-501358 gallery-columns-5 gallery-size-thumbnail'><dl class='gallery-item'>\n\t\t\t\t<dt class='gallery-icon portrait'>\n\t\t\t\t\t<a class=\"rollover\" href='https:\/\/www.radiopiu.net\/wordpress\/tracce-di-donna-il-via-ieri-sera-a-feltre-con-tilt\/foto-di-cristina-possiedi-2\/'><img loading=\"lazy\" decoding=\"async\" width=\"150\" height=\"150\" src=\"https:\/\/www.radiopiu.net\/wordpress\/wp-content\/uploads\/2026\/03\/Foto-di-Cristina-Possiedi-2-150x150.jpeg\" class=\"attachment-thumbnail size-thumbnail\" alt=\"\" \/><\/a>\n\t\t\t\t<\/dt><\/dl><dl class='gallery-item'>\n\t\t\t\t<dt class='gallery-icon portrait'>\n\t\t\t\t\t<a class=\"rollover\" href='https:\/\/www.radiopiu.net\/wordpress\/tracce-di-donna-il-via-ieri-sera-a-feltre-con-tilt\/foto-di-cristina-possiedi-3\/'><img loading=\"lazy\" decoding=\"async\" width=\"150\" height=\"150\" src=\"https:\/\/www.radiopiu.net\/wordpress\/wp-content\/uploads\/2026\/03\/Foto-di-Cristina-Possiedi-3-150x150.jpeg\" class=\"attachment-thumbnail size-thumbnail\" alt=\"\" \/><\/a>\n\t\t\t\t<\/dt><\/dl><dl class='gallery-item'>\n\t\t\t\t<dt class='gallery-icon landscape'>\n\t\t\t\t\t<a class=\"rollover\" href='https:\/\/www.radiopiu.net\/wordpress\/tracce-di-donna-il-via-ieri-sera-a-feltre-con-tilt\/foto-di-cristina-possiedi-4\/'><img loading=\"lazy\" decoding=\"async\" width=\"150\" height=\"150\" src=\"https:\/\/www.radiopiu.net\/wordpress\/wp-content\/uploads\/2026\/03\/Foto-di-Cristina-Possiedi-4-150x150.jpeg\" class=\"attachment-thumbnail size-thumbnail\" alt=\"\" \/><\/a>\n\t\t\t\t<\/dt><\/dl><dl class='gallery-item'>\n\t\t\t\t<dt class='gallery-icon landscape'>\n\t\t\t\t\t<a class=\"rollover\" href='https:\/\/www.radiopiu.net\/wordpress\/tracce-di-donna-il-via-ieri-sera-a-feltre-con-tilt\/foto-di-cristina-possiedi-5\/'><img loading=\"lazy\" decoding=\"async\" width=\"150\" height=\"150\" src=\"https:\/\/www.radiopiu.net\/wordpress\/wp-content\/uploads\/2026\/03\/Foto-di-cristina-Possiedi-5-150x150.jpeg\" class=\"attachment-thumbnail size-thumbnail\" alt=\"\" \/><\/a>\n\t\t\t\t<\/dt><\/dl><dl class='gallery-item'>\n\t\t\t\t<dt class='gallery-icon portrait'>\n\t\t\t\t\t<a class=\"rollover\" href='https:\/\/www.radiopiu.net\/wordpress\/tracce-di-donna-il-via-ieri-sera-a-feltre-con-tilt\/foto-di-cristina-possiedi\/'><img loading=\"lazy\" decoding=\"async\" width=\"150\" height=\"150\" src=\"https:\/\/www.radiopiu.net\/wordpress\/wp-content\/uploads\/2026\/03\/Foto-di-Cristina-Possiedi-150x150.jpeg\" class=\"attachment-thumbnail size-thumbnail\" alt=\"\" \/><\/a>\n\t\t\t\t<\/dt><\/dl><br style=\"clear: both\" \/>\n\t\t\t<\/div>\n\n<p>&nbsp;<\/p>\n<p>&nbsp;<\/p>\n<hr \/>\n<p>&nbsp;<\/p>\n<blockquote>\n<h3 style=\"text-align: center;\">VOLONTARIATO AZIENDALE: CONVEGNO SU RESPONSABILIT\u00c0 E IMPATTO A BELLUNO<\/h3>\n<\/blockquote>\n<p><strong><a class=\"dt-pswp-item\" href=\"https:\/\/www.radiopiu.net\/wordpress\/wp-content\/uploads\/2018\/08\/CSV.png\" data-dt-img-description=\"\" data-large_image_width=\"296\" data-large_image_height=\"170\"><img loading=\"lazy\" decoding=\"async\" class=\"aligncenter size-full wp-image-57221\" src=\"https:\/\/www.radiopiu.net\/wordpress\/wp-content\/uploads\/2018\/08\/CSV.png\" alt=\"\" width=\"296\" height=\"170\" \/><\/a>\u00a0<\/strong><\/p>\n<p><strong>BELLUNO <\/strong>Mercoled\u00ec 18 marzo 2026, Villa Doglioni-Dalmas a Belluno ospita un punto stampa e il convegno <em>\u201cDalla responsabilit\u00e0 all&#8217;impatto. Il volontariato aziendale nelle nuove strategie di sviluppo locale\u201d<\/em>, promosso da Csv Belluno Treviso con Confindustria Belluno Dolomiti, Epta, Comitato d\u2019Intesa e Afdvs, con il sostegno di Fondazione Cariverona. L\u2019iniziativa, su invito, favorisce il confronto tra imprese e Terzo Settore sul ruolo strategico della responsabilit\u00e0 sociale d\u2019impresa per costruire un welfare territoriale condiviso. Verranno presentati i risultati di esperienze concrete di volontariato aziendale nel territorio bellunese e un innovativo strumento di RSI pensato per gli enti del Terzo Settore. Il punto stampa \u00e8 alle 17.00, seguito dal convegno alle 17.30, nella Sala \u201cCaldart\u201d (via San Lucano 32).<\/p>\n<p>&nbsp;<\/p>\n<p>&nbsp;<\/p>\n<hr \/>\n<p>&nbsp;<\/p>\n<blockquote>\n<h3 style=\"text-align: center;\">CASEL DI PORCEN: LA VOCE DELLE DONNE PROTAGONISTA IN UNA SERATA DI RIFLESSIONE E POESIA<\/h3>\n<\/blockquote>\n<p><strong>DI ALESSIA DALL&#8217;O&#8217;<\/strong><\/p>\n<p><strong>SEREN DEL GRAPPA <\/strong>Presso il Cas\u00e8l di Porcen, una serata di riflessione e poesia ha accompagnato le iniziative legate alla Giornata Internazionale dei Diritti della Donna. L\u2019incontro, promosso dal gruppo di volontari Coscritti del Feltrino del \u201965, ha affrontato il tema della violenza e della disparit\u00e0 di genere con testimonianze, dati e momenti artistici. Tra gli interventi, quello della presidente dell\u2019associazione Belluno Donna, Anna Cubattoli, che ha illustrato il lavoro di ascolto, supporto e prevenzione portato avanti sul territorio a favore delle donne vittime di violenza. La serata ha lasciato spazio anche alla poesia, con le letture del gruppo amatoriale \u201cSiamo tutti poeti o aspiranti tali\u201d. Un momento partecipato, che ha riportato al centro la necessit\u00e0 di un impegno culturale condiviso per contrastare la violenza di genere.<\/p>\n\n\t\t\t<style type='text\/css'>\n\t\t\t\t#gallery-5 {\n\t\t\t\t\tmargin: auto;\n\t\t\t\t}\n\t\t\t\t#gallery-5 .gallery-item {\n\t\t\t\t\tfloat: left;\n\t\t\t\t\tmargin-top: 10px;\n\t\t\t\t\ttext-align: center;\n\t\t\t\t\twidth: 50%;\n\t\t\t\t}\n\t\t\t\t#gallery-5 img {\n\t\t\t\t\tborder: 2px solid #cfcfcf;\n\t\t\t\t}\n\t\t\t\t#gallery-5 .gallery-caption {\n\t\t\t\t\tmargin-left: 0;\n\t\t\t\t}\n\t\t\t\t\/* see gallery_shortcode() in wp-includes\/media.php *\/\n\t\t\t<\/style>\n\t\t<div id='gallery-5' class='dt-gallery-container gallery galleryid-501358 gallery-columns-2 gallery-size-medium'><dl class='gallery-item'>\n\t\t\t\t<dt class='gallery-icon landscape'>\n\t\t\t\t\t<a class=\"rollover rollover-zoom dt-pswp-item\" title=\"1000811772\" data-dt-img-description=\"\" data-large_image_width=\"2560\" data-large_image_height=\"1928\"href='https:\/\/www.radiopiu.net\/wordpress\/wp-content\/uploads\/2026\/03\/1000811772-scaled.jpg'><img loading=\"lazy\" decoding=\"async\" width=\"300\" height=\"226\" src=\"https:\/\/www.radiopiu.net\/wordpress\/wp-content\/uploads\/2026\/03\/1000811772-300x226.jpg\" class=\"attachment-medium size-medium\" alt=\"\" srcset=\"https:\/\/www.radiopiu.net\/wordpress\/wp-content\/uploads\/2026\/03\/1000811772-300x226.jpg 300w, https:\/\/www.radiopiu.net\/wordpress\/wp-content\/uploads\/2026\/03\/1000811772-1024x771.jpg 1024w, https:\/\/www.radiopiu.net\/wordpress\/wp-content\/uploads\/2026\/03\/1000811772-768x578.jpg 768w, https:\/\/www.radiopiu.net\/wordpress\/wp-content\/uploads\/2026\/03\/1000811772-1536x1157.jpg 1536w, https:\/\/www.radiopiu.net\/wordpress\/wp-content\/uploads\/2026\/03\/1000811772-2048x1542.jpg 2048w\" sizes=\"auto, (max-width: 300px) 100vw, 300px\" \/><\/a>\n\t\t\t\t<\/dt><\/dl><dl class='gallery-item'>\n\t\t\t\t<dt class='gallery-icon portrait'>\n\t\t\t\t\t<a class=\"rollover rollover-zoom dt-pswp-item\" title=\"1000811898\" data-dt-img-description=\"\" data-large_image_width=\"1536\" data-large_image_height=\"2048\"href='https:\/\/www.radiopiu.net\/wordpress\/wp-content\/uploads\/2026\/03\/1000811898.jpg'><img loading=\"lazy\" decoding=\"async\" width=\"225\" height=\"300\" src=\"https:\/\/www.radiopiu.net\/wordpress\/wp-content\/uploads\/2026\/03\/1000811898-225x300.jpg\" class=\"attachment-medium size-medium\" alt=\"\" srcset=\"https:\/\/www.radiopiu.net\/wordpress\/wp-content\/uploads\/2026\/03\/1000811898-225x300.jpg 225w, https:\/\/www.radiopiu.net\/wordpress\/wp-content\/uploads\/2026\/03\/1000811898-768x1024.jpg 768w, https:\/\/www.radiopiu.net\/wordpress\/wp-content\/uploads\/2026\/03\/1000811898-1152x1536.jpg 1152w, https:\/\/www.radiopiu.net\/wordpress\/wp-content\/uploads\/2026\/03\/1000811898.jpg 1536w\" sizes=\"auto, (max-width: 225px) 100vw, 225px\" \/><\/a>\n\t\t\t\t<\/dt><\/dl><br style=\"clear: both\" \/>\n\t\t\t<\/div>\n\n<p>&nbsp;<\/p>\n<p>&nbsp;<\/p>\n<hr \/>\n<p>&nbsp;<\/p>\n<h2 style=\"text-align: center;\"><span style=\"color: #ff0000;\">CONSIGLI COMUNALI IN AGORDINO<\/span><\/h2>\n<p><strong><a class=\"dt-pswp-item\" href=\"https:\/\/www.radiopiu.net\/wordpress\/wp-content\/uploads\/2023\/10\/CANALE-DAGORDO.jpg\" data-dt-img-description=\"\" data-large_image_width=\"1280\" data-large_image_height=\"720\"><img loading=\"lazy\" decoding=\"async\" class=\"aligncenter size-medium wp-image-355525\" src=\"https:\/\/www.radiopiu.net\/wordpress\/wp-content\/uploads\/2023\/10\/CANALE-DAGORDO-300x169.jpg\" alt=\"\" width=\"300\" height=\"169\" srcset=\"https:\/\/www.radiopiu.net\/wordpress\/wp-content\/uploads\/2023\/10\/CANALE-DAGORDO-300x169.jpg 300w, https:\/\/www.radiopiu.net\/wordpress\/wp-content\/uploads\/2023\/10\/CANALE-DAGORDO-1024x576.jpg 1024w, https:\/\/www.radiopiu.net\/wordpress\/wp-content\/uploads\/2023\/10\/CANALE-DAGORDO-768x432.jpg 768w, https:\/\/www.radiopiu.net\/wordpress\/wp-content\/uploads\/2023\/10\/CANALE-DAGORDO.jpg 1280w\" sizes=\"auto, (max-width: 300px) 100vw, 300px\" \/><\/a>\u00a0<\/strong><\/p>\n<p><strong>CANALE D&#8217;AGORDO<\/strong> Consiglio comunale convocato gioved\u00ec 19 marzo alle ore 20 nella Sala Lina Zand\u00f2 \u201cBolda\u201d. All\u2019ordine del giorno: ratifica della variazione urgente al bilancio di previsione 2026-2028, rinnovo della convenzione con l\u2019Unione Montana Agordina per il servizio autorizzazioni paesaggistiche e nuova convenzione con la Fondazione Papa Luciani per la gestione del museo.<\/p>\n<p><strong>RIVAMONTE<\/strong> Consiglio comunale venerd\u00ec 20 marzo alle 18:30. Due punti in discussione: una variazione a bilancio e modifiche al regolamento sull&#8217;imposta di soggiorno<\/p>\n<p>&nbsp;<\/p>\n<p>&nbsp;<\/p>\n<hr \/>\n<p>&nbsp;<\/p>\n<blockquote>\n<h3 style=\"text-align: center;\">BIODIVERSIT\u00c0 E AGRICOLTURA, DUE SEMINARI NEL BELLUNESE CON IL GENETISTA SALVATORE CECCARELLI<\/h3>\n<\/blockquote>\n<p><strong><a class=\"dt-pswp-item\" href=\"https:\/\/www.radiopiu.net\/wordpress\/wp-content\/uploads\/2026\/03\/JFHLJGHSo.jpg\" data-dt-img-description=\"\" data-large_image_width=\"558\" data-large_image_height=\"643\"><img loading=\"lazy\" decoding=\"async\" class=\"aligncenter size-medium wp-image-501280\" src=\"https:\/\/www.radiopiu.net\/wordpress\/wp-content\/uploads\/2026\/03\/JFHLJGHSo-260x300.jpg\" alt=\"\" width=\"260\" height=\"300\" srcset=\"https:\/\/www.radiopiu.net\/wordpress\/wp-content\/uploads\/2026\/03\/JFHLJGHSo-260x300.jpg 260w, https:\/\/www.radiopiu.net\/wordpress\/wp-content\/uploads\/2026\/03\/JFHLJGHSo.jpg 558w\" sizes=\"auto, (max-width: 260px) 100vw, 260px\" \/><\/a>\u00a0<\/strong><\/p>\n<p><strong>SEDICO\/AGORDO <\/strong><span class=\"BZ_Pyq_fadeIn\">La <\/span><span class=\"BZ_Pyq_fadeIn\">biodiversit\u00e0 <\/span><span class=\"BZ_Pyq_fadeIn\">come <\/span><span class=\"BZ_Pyq_fadeIn\">chiave <\/span><span class=\"BZ_Pyq_fadeIn\">per <\/span><span class=\"BZ_Pyq_fadeIn\">un\u2019agricoltura <\/span><span class=\"BZ_Pyq_fadeIn\">pi\u00f9 <\/span><span class=\"BZ_Pyq_fadeIn\">resiliente, <\/span><span class=\"BZ_Pyq_fadeIn\">sostenibile <\/span><span class=\"BZ_Pyq_fadeIn\">e <\/span><span class=\"BZ_Pyq_fadeIn\">partecipata. <\/span><span class=\"BZ_Pyq_fadeIn\">\u00c8 <\/span><span class=\"BZ_Pyq_fadeIn\">questo <\/span><span class=\"BZ_Pyq_fadeIn\">il <\/span><span class=\"BZ_Pyq_fadeIn\">tema <\/span><span class=\"BZ_Pyq_fadeIn\">al <\/span><span class=\"BZ_Pyq_fadeIn\">centro <\/span><span class=\"BZ_Pyq_fadeIn\">dei <\/span><span class=\"BZ_Pyq_fadeIn\">due <\/span><span class=\"BZ_Pyq_fadeIn\">seminari <\/span><span class=\"BZ_Pyq_fadeIn\">pubblici <\/span><span class=\"BZ_Pyq_fadeIn\">promossi <\/span><span class=\"BZ_Pyq_fadeIn\">dal <\/span><span class=\"BZ_Pyq_fadeIn\">Biodistretto <\/span><span class=\"BZ_Pyq_fadeIn\">Terre <\/span><span class=\"BZ_Pyq_fadeIn\">Bellunesi <\/span><span class=\"BZ_Pyq_fadeIn\">con <\/span><span class=\"BZ_Pyq_fadeIn\">il <\/span><span class=\"BZ_Pyq_fadeIn\">contributo <\/span><span class=\"BZ_Pyq_fadeIn\">del <\/span><span class=\"BZ_Pyq_fadeIn\">Ministero <\/span><span class=\"BZ_Pyq_fadeIn\">dell\u2019Agricoltura, <\/span><span class=\"BZ_Pyq_fadeIn\">della <\/span><span class=\"BZ_Pyq_fadeIn\">Sovranit\u00e0 <\/span><span class=\"BZ_Pyq_fadeIn\">Alimentare <\/span><span class=\"BZ_Pyq_fadeIn\">e <\/span><span class=\"BZ_Pyq_fadeIn\">delle <\/span><span class=\"BZ_Pyq_fadeIn\">Foreste (<\/span><span class=\"BZ_Pyq_fadeIn\">MASAF)<\/span><span class=\"BZ_Pyq_fadeIn\">. <\/span><span class=\"BZ_Pyq_fadeIn\">Protagonista <\/span><span class=\"BZ_Pyq_fadeIn\">degli <\/span><span class=\"BZ_Pyq_fadeIn\">incontri <\/span><span class=\"BZ_Pyq_fadeIn\">sar\u00e0 <\/span><span class=\"BZ_Pyq_fadeIn\">il <\/span><span class=\"BZ_Pyq_fadeIn\">professor <\/span><span class=\"BZ_Pyq_fadeIn\">Salvatore <\/span><span class=\"BZ_Pyq_fadeIn\">Ceccarelli, <\/span><span class=\"BZ_Pyq_fadeIn\">genetista <\/span><span class=\"BZ_Pyq_fadeIn\">agrario <\/span><span class=\"BZ_Pyq_fadeIn\">di <\/span><span class=\"BZ_Pyq_fadeIn\">fama <\/span><span class=\"BZ_Pyq_fadeIn\">mondiale <\/span><span class=\"BZ_Pyq_fadeIn\">e <\/span><span class=\"BZ_Pyq_fadeIn\">pioniere <\/span><span class=\"BZ_Pyq_fadeIn\">del <\/span><span class=\"BZ_Pyq_fadeIn\">miglioramento <\/span><span class=\"BZ_Pyq_fadeIn\">genetico <\/span><span class=\"BZ_Pyq_fadeIn\">partecipativo, <\/span><span class=\"BZ_Pyq_fadeIn\">da <\/span><span class=\"BZ_Pyq_fadeIn\">anni <\/span><span class=\"BZ_Pyq_fadeIn\">impegnato <\/span><span class=\"BZ_Pyq_fadeIn\">nella <\/span><span class=\"BZ_Pyq_fadeIn\">promozione <\/span><span class=\"BZ_Pyq_fadeIn\">della <\/span><span class=\"BZ_Pyq_fadeIn\">biodiversit\u00e0 <\/span><span class=\"BZ_Pyq_fadeIn\">agricola. <\/span><span class=\"BZ_Pyq_fadeIn\">Il <\/span><span class=\"BZ_Pyq_fadeIn\">primo <\/span><span class=\"BZ_Pyq_fadeIn\">seminario <\/span><span class=\"BZ_Pyq_fadeIn\">si <\/span><span class=\"BZ_Pyq_fadeIn\">terr\u00e0 <\/span><span class=\"BZ_Pyq_fadeIn\">gioved\u00ec <\/span><span class=\"BZ_Pyq_fadeIn\">19 <\/span><span class=\"BZ_Pyq_fadeIn\">marzo <\/span><span class=\"BZ_Pyq_fadeIn\">dalle <\/span><span class=\"BZ_Pyq_fadeIn\">9 <\/span><span class=\"BZ_Pyq_fadeIn\">alle <\/span><span class=\"BZ_Pyq_fadeIn\">12 <\/span><span class=\"BZ_Pyq_fadeIn\">al <\/span><span class=\"BZ_Pyq_fadeIn\">Centro <\/span><span class=\"BZ_Pyq_fadeIn\">Consorzi <\/span><span class=\"BZ_Pyq_fadeIn\">di <\/span><span class=\"BZ_Pyq_fadeIn\">Sedico (<\/span><span class=\"BZ_Pyq_fadeIn\">zona <\/span><span class=\"BZ_Pyq_fadeIn\">industriale <\/span><span class=\"BZ_Pyq_fadeIn\">Gresal), <\/span><span class=\"BZ_Pyq_fadeIn\">con <\/span><span class=\"BZ_Pyq_fadeIn\">registrazione <\/span><span class=\"BZ_Pyq_fadeIn\">dei <\/span><span class=\"BZ_Pyq_fadeIn\">partecipanti <\/span><span class=\"BZ_Pyq_fadeIn\">dalle <\/span><span class=\"BZ_Pyq_fadeIn\">8.30. <\/span><span class=\"BZ_Pyq_fadeIn\">L\u2019incontro <\/span><span class=\"BZ_Pyq_fadeIn\">approfondir\u00e0 <\/span><span class=\"BZ_Pyq_fadeIn\">il <\/span><span class=\"BZ_Pyq_fadeIn\">ruolo <\/span><span class=\"BZ_Pyq_fadeIn\">della <\/span><span class=\"BZ_Pyq_fadeIn\">biodiversit\u00e0 <\/span><span class=\"BZ_Pyq_fadeIn\">nel <\/span><span class=\"BZ_Pyq_fadeIn\">suolo, <\/span><span class=\"BZ_Pyq_fadeIn\">negli <\/span><span class=\"BZ_Pyq_fadeIn\">ecosistemi <\/span><span class=\"BZ_Pyq_fadeIn\">e <\/span><span class=\"BZ_Pyq_fadeIn\">nell\u2019organismo <\/span><span class=\"BZ_Pyq_fadeIn\">umano, <\/span><span class=\"BZ_Pyq_fadeIn\">analizzando <\/span><span class=\"BZ_Pyq_fadeIn\">le <\/span><span class=\"BZ_Pyq_fadeIn\">cause <\/span><span class=\"BZ_Pyq_fadeIn\">e <\/span><span class=\"BZ_Pyq_fadeIn\">le <\/span><span class=\"BZ_Pyq_fadeIn\">conseguenze <\/span><span class=\"BZ_Pyq_fadeIn\">della <\/span><span class=\"BZ_Pyq_fadeIn\">sua <\/span><span class=\"BZ_Pyq_fadeIn\">progressiva <\/span><span class=\"BZ_Pyq_fadeIn\">perdita. <\/span><span class=\"BZ_Pyq_fadeIn\">Sar\u00e0 <\/span><span class=\"BZ_Pyq_fadeIn\">inoltre <\/span><span class=\"BZ_Pyq_fadeIn\">esplorato <\/span><span class=\"BZ_Pyq_fadeIn\">il <\/span><span class=\"BZ_Pyq_fadeIn\">legame <\/span><span class=\"BZ_Pyq_fadeIn\">tra <\/span><span class=\"BZ_Pyq_fadeIn\">diversit\u00e0 <\/span><span class=\"BZ_Pyq_fadeIn\">della <\/span><span class=\"BZ_Pyq_fadeIn\">dieta, <\/span><span class=\"BZ_Pyq_fadeIn\">salute <\/span><span class=\"BZ_Pyq_fadeIn\">fisica <\/span><span class=\"BZ_Pyq_fadeIn\">e <\/span><span class=\"BZ_Pyq_fadeIn\">mentale <\/span><span class=\"BZ_Pyq_fadeIn\">e <\/span><span class=\"BZ_Pyq_fadeIn\">modelli <\/span><span class=\"BZ_Pyq_fadeIn\">di <\/span><span class=\"BZ_Pyq_fadeIn\">produzione <\/span><span class=\"BZ_Pyq_fadeIn\">e <\/span><span class=\"BZ_Pyq_fadeIn\">distribuzione <\/span><span class=\"BZ_Pyq_fadeIn\">del <\/span><span class=\"BZ_Pyq_fadeIn\">cibo. <\/span><span class=\"BZ_Pyq_fadeIn\">Il <\/span><span class=\"BZ_Pyq_fadeIn\">secondo <\/span><span class=\"BZ_Pyq_fadeIn\">appuntamento <\/span><span class=\"BZ_Pyq_fadeIn\">\u00e8 <\/span><span class=\"BZ_Pyq_fadeIn\">previsto <\/span><span class=\"BZ_Pyq_fadeIn\">lo <\/span><span class=\"BZ_Pyq_fadeIn\">stesso <\/span><span class=\"BZ_Pyq_fadeIn\">giorno <\/span><span class=\"BZ_Pyq_fadeIn\">ad <\/span><span class=\"BZ_Pyq_fadeIn\">Agordo, <\/span><span class=\"BZ_Pyq_fadeIn\">dalle <\/span><span class=\"BZ_Pyq_fadeIn\">14.30 <\/span><span class=\"BZ_Pyq_fadeIn\">alle <\/span><span class=\"BZ_Pyq_fadeIn\">17.30 <\/span><span class=\"BZ_Pyq_fadeIn\">nella <\/span><span class=\"BZ_Pyq_fadeIn\">sala <\/span><span class=\"BZ_Pyq_fadeIn\">convegni <\/span><span class=\"BZ_Pyq_fadeIn\">Don <\/span><span class=\"BZ_Pyq_fadeIn\">Tamis. <\/span><span class=\"BZ_Pyq_fadeIn\">Il <\/span><span class=\"BZ_Pyq_fadeIn\">focus <\/span><span class=\"BZ_Pyq_fadeIn\">sar\u00e0 <\/span><span class=\"BZ_Pyq_fadeIn\">sull\u2019evoluzione <\/span><span class=\"BZ_Pyq_fadeIn\">delle <\/span><span class=\"BZ_Pyq_fadeIn\">specie <\/span><span class=\"BZ_Pyq_fadeIn\">coltivate <\/span><span class=\"BZ_Pyq_fadeIn\">e <\/span><span class=\"BZ_Pyq_fadeIn\">sul <\/span><span class=\"BZ_Pyq_fadeIn\">confronto <\/span><span class=\"BZ_Pyq_fadeIn\">tra <\/span><span class=\"BZ_Pyq_fadeIn\">miglioramento <\/span><span class=\"BZ_Pyq_fadeIn\">genetico <\/span><span class=\"BZ_Pyq_fadeIn\">convenzionale <\/span><span class=\"BZ_Pyq_fadeIn\">e <\/span><span class=\"BZ_Pyq_fadeIn\">approcci <\/span><span class=\"BZ_Pyq_fadeIn\">partecipativi.<\/span><\/p>\n<p><strong>Iniziativa finanziata dal Ministero dell\u2019Agricoltura, della Sovranit\u00e0 Alimentare e delle Foreste, MASAF con Decreto DG del 28\/11\/2024<\/strong><\/p>\n<p>&nbsp;<\/p>\n<p>&nbsp;<\/p>\n<hr \/>\n<p>&nbsp;<\/p>\n<blockquote>\n<h3 style=\"text-align: center;\">FINE SETTIMANA DI MUSICA E FESTA ALL\u2019OH PERBACCO WINE DI CENCENIGHE<\/h3>\n<\/blockquote>\n<p><strong>CENCENIGHE <\/strong><span class=\"BZ_Pyq_fadeIn\">Un <\/span><span class=\"BZ_Pyq_fadeIn\">weekend <\/span><span class=\"BZ_Pyq_fadeIn\">all\u2019insegna <\/span><span class=\"BZ_Pyq_fadeIn\">della <\/span><span class=\"BZ_Pyq_fadeIn\">musica, <\/span><span class=\"BZ_Pyq_fadeIn\">del <\/span><span class=\"BZ_Pyq_fadeIn\">divertimento <\/span><span class=\"BZ_Pyq_fadeIn\">e <\/span><span class=\"BZ_Pyq_fadeIn\">del <\/span><span class=\"BZ_Pyq_fadeIn\">buon <\/span><span class=\"BZ_Pyq_fadeIn\">vino <\/span><span class=\"BZ_Pyq_fadeIn\">quello <\/span><span class=\"BZ_Pyq_fadeIn\">in <\/span><span class=\"BZ_Pyq_fadeIn\">programma <\/span><span class=\"BZ_Pyq_fadeIn\">a <\/span><span class=\"BZ_Pyq_fadeIn\">Oh <\/span><span class=\"BZ_Pyq_fadeIn\">Perbacco <\/span><span class=\"BZ_Pyq_fadeIn\">Wine, <\/span><span class=\"BZ_Pyq_fadeIn\">locale <\/span><span class=\"BZ_Pyq_fadeIn\">sempre <\/span><span class=\"BZ_Pyq_fadeIn\">pi\u00f9 <\/span><span class=\"BZ_Pyq_fadeIn\">punto <\/span><span class=\"BZ_Pyq_fadeIn\">di <\/span><span class=\"BZ_Pyq_fadeIn\">riferimento <\/span><span class=\"BZ_Pyq_fadeIn\">per <\/span><span class=\"BZ_Pyq_fadeIn\">la <\/span><span class=\"BZ_Pyq_fadeIn\">movida <\/span><span class=\"BZ_Pyq_fadeIn\">dell\u2019Agordino. <\/span><span class=\"BZ_Pyq_fadeIn\">Sabato <\/span><span class=\"BZ_Pyq_fadeIn\">14 <\/span><span class=\"BZ_Pyq_fadeIn\">marzo <\/span><span class=\"BZ_Pyq_fadeIn\">andr\u00e0 <\/span><span class=\"BZ_Pyq_fadeIn\">in <\/span><span class=\"BZ_Pyq_fadeIn\">scena <\/span><span class=\"BZ_Pyq_fadeIn\">la <\/span><span class=\"BZ_Pyq_fadeIn\">suggestiva <\/span><span class=\"BZ_Pyq_fadeIn\">White <\/span><span class=\"BZ_Pyq_fadeIn\">Party<\/span><span class=\"BZ_Pyq_fadeIn\">, <\/span><span class=\"BZ_Pyq_fadeIn\">una <\/span><span class=\"BZ_Pyq_fadeIn\">serata <\/span><span class=\"BZ_Pyq_fadeIn\">elegante <\/span><span class=\"BZ_Pyq_fadeIn\">e <\/span><span class=\"BZ_Pyq_fadeIn\">spettacolare. <\/span><span class=\"BZ_Pyq_fadeIn\">Protagonista <\/span><span class=\"BZ_Pyq_fadeIn\">della <\/span><span class=\"BZ_Pyq_fadeIn\">scena <\/span><span class=\"BZ_Pyq_fadeIn\">sar\u00e0 <\/span><span class=\"BZ_Pyq_fadeIn\">la <\/span><span class=\"BZ_Pyq_fadeIn\">violinista <\/span><span class=\"BZ_Pyq_fadeIn\">Eudora<\/span><span class=\"BZ_Pyq_fadeIn\">, <\/span><span class=\"BZ_Pyq_fadeIn\">pronta <\/span><span class=\"BZ_Pyq_fadeIn\">a <\/span><span class=\"BZ_Pyq_fadeIn\">regalare <\/span><span class=\"BZ_Pyq_fadeIn\">un\u2019esibizione <\/span><span class=\"BZ_Pyq_fadeIn\">dal <\/span><span class=\"BZ_Pyq_fadeIn\">forte <\/span><span class=\"BZ_Pyq_fadeIn\">impatto <\/span><span class=\"BZ_Pyq_fadeIn\">scenico. <\/span><span class=\"BZ_Pyq_fadeIn\">La <\/span><span class=\"BZ_Pyq_fadeIn\">serata <\/span><span class=\"BZ_Pyq_fadeIn\">inizier\u00e0 <\/span><span class=\"BZ_Pyq_fadeIn\">alle <\/span><span class=\"BZ_Pyq_fadeIn\">18:<\/span><span class=\"BZ_Pyq_fadeIn\">00 <\/span><span class=\"BZ_Pyq_fadeIn\">con <\/span><span class=\"BZ_Pyq_fadeIn\">l\u2019aperitivo <\/span><span class=\"BZ_Pyq_fadeIn\">musicale <\/span><span class=\"BZ_Pyq_fadeIn\">di <\/span><span class=\"BZ_Pyq_fadeIn\">DJ <\/span><span class=\"BZ_Pyq_fadeIn\">Benji<\/span><span class=\"BZ_Pyq_fadeIn\">, <\/span><span class=\"BZ_Pyq_fadeIn\">accompagnato <\/span><span class=\"BZ_Pyq_fadeIn\">da <\/span><span class=\"BZ_Pyq_fadeIn\">uno <\/span><span class=\"BZ_Pyq_fadeIn\">speciale <\/span><span class=\"BZ_Pyq_fadeIn\">men\u00f9 <\/span><span class=\"BZ_Pyq_fadeIn\">irlandese<\/span><span class=\"BZ_Pyq_fadeIn\">, <\/span><span class=\"BZ_Pyq_fadeIn\">mentre <\/span><span class=\"BZ_Pyq_fadeIn\">il <\/span><span class=\"BZ_Pyq_fadeIn\">live <\/span><span class=\"BZ_Pyq_fadeIn\">show<\/span> <span class=\"BZ_Pyq_fadeIn\">prender\u00e0 <\/span><span class=\"BZ_Pyq_fadeIn\">il <\/span><span class=\"BZ_Pyq_fadeIn\">via <\/span><span class=\"BZ_Pyq_fadeIn\">alle <\/span><span class=\"BZ_Pyq_fadeIn\">21:<\/span><span class=\"BZ_Pyq_fadeIn\">00<\/span><span class=\"BZ_Pyq_fadeIn\">, <\/span><span class=\"BZ_Pyq_fadeIn\">tra <\/span><span class=\"BZ_Pyq_fadeIn\">musica, <\/span><span class=\"BZ_Pyq_fadeIn\">atmosfera <\/span><span class=\"BZ_Pyq_fadeIn\">e <\/span><span class=\"BZ_Pyq_fadeIn\">brindisi. <\/span><span class=\"BZ_Pyq_fadeIn\">Il <\/span><span class=\"BZ_Pyq_fadeIn\">divertimento <\/span><span class=\"BZ_Pyq_fadeIn\">continuer\u00e0 <\/span><span class=\"BZ_Pyq_fadeIn\">anche <\/span><span class=\"BZ_Pyq_fadeIn\">domenica <\/span><span class=\"BZ_Pyq_fadeIn\">15 <\/span><span class=\"BZ_Pyq_fadeIn\">marzo<\/span> <span class=\"BZ_Pyq_fadeIn\">con <\/span><span class=\"BZ_Pyq_fadeIn\">la <\/span><span class=\"BZ_Pyq_fadeIn\">\u201c<\/span><span class=\"BZ_Pyq_fadeIn\">Domenica <\/span><span class=\"BZ_Pyq_fadeIn\">Bestiale\u201d<\/span><span class=\"BZ_Pyq_fadeIn\">, <\/span><span class=\"BZ_Pyq_fadeIn\">evento <\/span><span class=\"BZ_Pyq_fadeIn\">pensato <\/span><span class=\"BZ_Pyq_fadeIn\">per <\/span><span class=\"BZ_Pyq_fadeIn\">chiudere <\/span><span class=\"BZ_Pyq_fadeIn\">il <\/span><span class=\"BZ_Pyq_fadeIn\">weekend <\/span><span class=\"BZ_Pyq_fadeIn\">in <\/span><span class=\"BZ_Pyq_fadeIn\">grande <\/span><span class=\"BZ_Pyq_fadeIn\">stile. <\/span><span class=\"BZ_Pyq_fadeIn\">Dalle <\/span><span class=\"BZ_Pyq_fadeIn\">17:<\/span><span class=\"BZ_Pyq_fadeIn\">00 <\/span><span class=\"BZ_Pyq_fadeIn\">alle <\/span><span class=\"BZ_Pyq_fadeIn\">22:<\/span><span class=\"BZ_Pyq_fadeIn\">30<\/span> <span class=\"BZ_Pyq_fadeIn\">la <\/span><span class=\"BZ_Pyq_fadeIn\">consolle <\/span><span class=\"BZ_Pyq_fadeIn\">sar\u00e0 <\/span><span class=\"BZ_Pyq_fadeIn\">affidata <\/span><span class=\"BZ_Pyq_fadeIn\">ai <\/span><span class=\"BZ_Pyq_fadeIn\">Morgan &amp; <\/span><span class=\"BZ_Pyq_fadeIn\">Battaglia <\/span><span class=\"BZ_Pyq_fadeIn\">DJs<\/span><span class=\"BZ_Pyq_fadeIn\">, <\/span><span class=\"BZ_Pyq_fadeIn\">pronti <\/span><span class=\"BZ_Pyq_fadeIn\">a <\/span><span class=\"BZ_Pyq_fadeIn\">far <\/span><span class=\"BZ_Pyq_fadeIn\">ballare <\/span><span class=\"BZ_Pyq_fadeIn\">il <\/span><span class=\"BZ_Pyq_fadeIn\">pubblico <\/span><span class=\"BZ_Pyq_fadeIn\">con <\/span><span class=\"BZ_Pyq_fadeIn\">una <\/span><span class=\"BZ_Pyq_fadeIn\">selezione <\/span><span class=\"BZ_Pyq_fadeIn\">musicale <\/span><span class=\"BZ_Pyq_fadeIn\">energica.<\/span><\/p>\n\n\t\t\t<style type='text\/css'>\n\t\t\t\t#gallery-6 {\n\t\t\t\t\tmargin: auto;\n\t\t\t\t}\n\t\t\t\t#gallery-6 .gallery-item {\n\t\t\t\t\tfloat: left;\n\t\t\t\t\tmargin-top: 10px;\n\t\t\t\t\ttext-align: center;\n\t\t\t\t\twidth: 50%;\n\t\t\t\t}\n\t\t\t\t#gallery-6 img {\n\t\t\t\t\tborder: 2px solid #cfcfcf;\n\t\t\t\t}\n\t\t\t\t#gallery-6 .gallery-caption {\n\t\t\t\t\tmargin-left: 0;\n\t\t\t\t}\n\t\t\t\t\/* see gallery_shortcode() in wp-includes\/media.php *\/\n\t\t\t<\/style>\n\t\t<div id='gallery-6' class='dt-gallery-container gallery galleryid-501358 gallery-columns-2 gallery-size-medium'><dl class='gallery-item'>\n\t\t\t\t<dt class='gallery-icon portrait'>\n\t\t\t\t\t<a class=\"rollover rollover-zoom dt-pswp-item\" title=\"24df738e-81f4-4749-b946-b79fb5fb44ff\" data-dt-img-description=\"\" data-large_image_width=\"716\" data-large_image_height=\"1029\"href='https:\/\/www.radiopiu.net\/wordpress\/wp-content\/uploads\/2026\/03\/24df738e-81f4-4749-b946-b79fb5fb44ff.jpg'><img loading=\"lazy\" decoding=\"async\" width=\"209\" height=\"300\" src=\"https:\/\/www.radiopiu.net\/wordpress\/wp-content\/uploads\/2026\/03\/24df738e-81f4-4749-b946-b79fb5fb44ff-209x300.jpg\" class=\"attachment-medium size-medium\" alt=\"\" srcset=\"https:\/\/www.radiopiu.net\/wordpress\/wp-content\/uploads\/2026\/03\/24df738e-81f4-4749-b946-b79fb5fb44ff-209x300.jpg 209w, https:\/\/www.radiopiu.net\/wordpress\/wp-content\/uploads\/2026\/03\/24df738e-81f4-4749-b946-b79fb5fb44ff-713x1024.jpg 713w, https:\/\/www.radiopiu.net\/wordpress\/wp-content\/uploads\/2026\/03\/24df738e-81f4-4749-b946-b79fb5fb44ff.jpg 716w\" sizes=\"auto, (max-width: 209px) 100vw, 209px\" \/><\/a>\n\t\t\t\t<\/dt><\/dl><dl class='gallery-item'>\n\t\t\t\t<dt class='gallery-icon landscape'>\n\t\t\t\t\t<a class=\"rollover rollover-zoom dt-pswp-item\" title=\"3b2a339d-8ac3-41eb-babb-ff7e080f7610\" data-dt-img-description=\"\" data-large_image_width=\"1600\" data-large_image_height=\"1600\"href='https:\/\/www.radiopiu.net\/wordpress\/wp-content\/uploads\/2026\/03\/3b2a339d-8ac3-41eb-babb-ff7e080f7610.jpg'><img loading=\"lazy\" decoding=\"async\" width=\"300\" height=\"300\" src=\"https:\/\/www.radiopiu.net\/wordpress\/wp-content\/uploads\/2026\/03\/3b2a339d-8ac3-41eb-babb-ff7e080f7610-300x300.jpg\" class=\"attachment-medium size-medium\" alt=\"\" srcset=\"https:\/\/www.radiopiu.net\/wordpress\/wp-content\/uploads\/2026\/03\/3b2a339d-8ac3-41eb-babb-ff7e080f7610-300x300.jpg 300w, https:\/\/www.radiopiu.net\/wordpress\/wp-content\/uploads\/2026\/03\/3b2a339d-8ac3-41eb-babb-ff7e080f7610-1024x1024.jpg 1024w, https:\/\/www.radiopiu.net\/wordpress\/wp-content\/uploads\/2026\/03\/3b2a339d-8ac3-41eb-babb-ff7e080f7610-150x150.jpg 150w, https:\/\/www.radiopiu.net\/wordpress\/wp-content\/uploads\/2026\/03\/3b2a339d-8ac3-41eb-babb-ff7e080f7610-768x768.jpg 768w, https:\/\/www.radiopiu.net\/wordpress\/wp-content\/uploads\/2026\/03\/3b2a339d-8ac3-41eb-babb-ff7e080f7610-1536x1536.jpg 1536w, https:\/\/www.radiopiu.net\/wordpress\/wp-content\/uploads\/2026\/03\/3b2a339d-8ac3-41eb-babb-ff7e080f7610.jpg 1600w\" sizes=\"auto, (max-width: 300px) 100vw, 300px\" \/><\/a>\n\t\t\t\t<\/dt><\/dl><br style=\"clear: both\" \/>\n\t\t\t<\/div>\n\n<p>&nbsp;<\/p>\n<hr \/>\n<p>&nbsp;<\/p>\n<blockquote>\n<h3 style=\"text-align: center;\">DOLOMITI HUB 2026: IL TEATRO COME ESPERIENZA CONDIVISA<\/h3>\n<\/blockquote>\n<p><strong><a class=\"dt-pswp-item\" href=\"https:\/\/www.radiopiu.net\/wordpress\/wp-content\/uploads\/2026\/03\/COMELIANTI-BN-Copia-Copia.jpeg\" data-dt-img-description=\"\" data-large_image_width=\"1093\" data-large_image_height=\"974\"><img loading=\"lazy\" decoding=\"async\" class=\"aligncenter size-medium wp-image-501554\" src=\"https:\/\/www.radiopiu.net\/wordpress\/wp-content\/uploads\/2026\/03\/COMELIANTI-BN-Copia-Copia-300x267.jpeg\" alt=\"\" width=\"300\" height=\"267\" srcset=\"https:\/\/www.radiopiu.net\/wordpress\/wp-content\/uploads\/2026\/03\/COMELIANTI-BN-Copia-Copia-300x267.jpeg 300w, https:\/\/www.radiopiu.net\/wordpress\/wp-content\/uploads\/2026\/03\/COMELIANTI-BN-Copia-Copia-1024x913.jpeg 1024w, https:\/\/www.radiopiu.net\/wordpress\/wp-content\/uploads\/2026\/03\/COMELIANTI-BN-Copia-Copia-768x684.jpeg 768w, https:\/\/www.radiopiu.net\/wordpress\/wp-content\/uploads\/2026\/03\/COMELIANTI-BN-Copia-Copia.jpeg 1093w\" sizes=\"auto, (max-width: 300px) 100vw, 300px\" \/><\/a>\u00a0<\/strong><\/p>\n<p><strong>DI ALESSIA DALL&#8217;O&#8217;<\/strong><\/p>\n<p><strong>FELTRE <\/strong>La Sala Visioni di Dolomiti Hub presenta la stagione teatrale 2026, con spettacoli professionali, nuove produzioni, residenze artistiche e percorsi formativi per tutte le et\u00e0. Lo slogan \u201cA teatro restiamo umani\u201d invita il pubblico a riscoprire il valore dell\u2019esperienza condivisa, tra intrattenimento, riflessione e crescita personale. Si parte\u00a0 Domenica 15 marzo alle 18, protagonista della scena sar\u00e0 \u201c544\u201d, scritto e interpretato da Elisa Marangon con la regia di Irene Curto. Lo spettacolo racconta la storia di Franca Viola, la giovane siciliana che negli anni Sessanta rifiut\u00f2 il cosiddetto \u201cmatrimonio riparatore\u201d, diventando simbolo della battaglia per i diritti delle donne in Italia. Una storia di coraggio che intreccia memoria e riflessione sul presente.<\/p>\n<p>&nbsp;<\/p>\n<p>&nbsp;<\/p>\n<hr \/>\n<p>&nbsp;<\/p>\n<blockquote>\n<h3 style=\"text-align: center;\"><strong>DONNE E RESISTENZA: PRESENTAZIONE DEL LIBRO DI MARGHERITA BECCHETTI\u00a0<\/strong><\/h3>\n<\/blockquote>\n<p><strong><a class=\"dt-pswp-item\" href=\"https:\/\/www.radiopiu.net\/wordpress\/wp-content\/uploads\/2026\/03\/NON_PER_BELLEZZA_copertina.jpg\" data-dt-img-description=\"\" data-large_image_width=\"1000\" data-large_image_height=\"1586\"><img loading=\"lazy\" decoding=\"async\" class=\"aligncenter size-medium wp-image-501476\" src=\"https:\/\/www.radiopiu.net\/wordpress\/wp-content\/uploads\/2026\/03\/NON_PER_BELLEZZA_copertina-189x300.jpg\" alt=\"\" width=\"189\" height=\"300\" srcset=\"https:\/\/www.radiopiu.net\/wordpress\/wp-content\/uploads\/2026\/03\/NON_PER_BELLEZZA_copertina-189x300.jpg 189w, https:\/\/www.radiopiu.net\/wordpress\/wp-content\/uploads\/2026\/03\/NON_PER_BELLEZZA_copertina-646x1024.jpg 646w, https:\/\/www.radiopiu.net\/wordpress\/wp-content\/uploads\/2026\/03\/NON_PER_BELLEZZA_copertina-768x1218.jpg 768w, https:\/\/www.radiopiu.net\/wordpress\/wp-content\/uploads\/2026\/03\/NON_PER_BELLEZZA_copertina-968x1536.jpg 968w, https:\/\/www.radiopiu.net\/wordpress\/wp-content\/uploads\/2026\/03\/NON_PER_BELLEZZA_copertina.jpg 1000w\" sizes=\"auto, (max-width: 189px) 100vw, 189px\" \/><\/a>\u00a0<\/strong><\/p>\n<p><strong>BELLUNO <\/strong>Luned\u00ec alle 18, presso la Biblioteca civica di Belluno a Palazzo Crepadona, sar\u00e0 presentato il libro <em>Non per bellezza. Donne (e uomini) nella lotta partigiana<\/em> di Margherita Becchetti, pubblicato nel 2025. L\u2019iniziativa, promossa dalla Biblioteca civica, dall\u2019Isbrec e dall\u2019Anpi, rientra nel calendario civile di marzo, segnato dalle commemorazioni della Resistenza e dalla Giornata internazionale della donna. Il volume analizza il ruolo delle donne nella lotta di liberazione, evidenziando il loro contributo concreto contro il nazifascismo e la sfida ai pregiudizi dell\u2019epoca. Durante l\u2019incontro, dopo i saluti della direttrice Laura Pontin, l\u2019autrice dialogher\u00e0 con Enrico Bacchetti, direttore dell\u2019Isbrec. Partecipazione libera.<\/p>\n<p>&nbsp;<\/p>\n<p>&nbsp;<\/p>\n<hr \/>\n<p>&nbsp;<\/p>\n<blockquote>\n<h3 style=\"text-align: center;\">STAMPARE FUORI DALLE RIGHE: RASSEGNA SULL\u2019EDITORIA INDIPENDENTE A VILLA BUZZATI<\/h3>\n<\/blockquote>\n<p><strong><a class=\"dt-pswp-item\" href=\"https:\/\/www.radiopiu.net\/wordpress\/wp-content\/uploads\/2026\/03\/stampare-fuori-dalle-righe.jpeg\" data-dt-img-description=\"\" data-large_image_width=\"1280\" data-large_image_height=\"908\"><img loading=\"lazy\" decoding=\"async\" class=\"aligncenter size-medium wp-image-501483\" src=\"https:\/\/www.radiopiu.net\/wordpress\/wp-content\/uploads\/2026\/03\/stampare-fuori-dalle-righe-300x213.jpeg\" alt=\"\" width=\"300\" height=\"213\" srcset=\"https:\/\/www.radiopiu.net\/wordpress\/wp-content\/uploads\/2026\/03\/stampare-fuori-dalle-righe-300x213.jpeg 300w, https:\/\/www.radiopiu.net\/wordpress\/wp-content\/uploads\/2026\/03\/stampare-fuori-dalle-righe-1024x726.jpeg 1024w, https:\/\/www.radiopiu.net\/wordpress\/wp-content\/uploads\/2026\/03\/stampare-fuori-dalle-righe-768x545.jpeg 768w, https:\/\/www.radiopiu.net\/wordpress\/wp-content\/uploads\/2026\/03\/stampare-fuori-dalle-righe.jpeg 1280w\" sizes=\"auto, (max-width: 300px) 100vw, 300px\" \/><\/a>\u00a0<\/strong><\/p>\n<p><strong>BELLUNO <\/strong>Dal 23 al 30 marzo 2026 torna \u201cA casa di Dino\u201d nel Granaio di Villa Buzzati a S. Pellegrino, con la rassegna <em>Stampare fuori dalle righe<\/em>, dedicata all\u2019editoria indipendente. L\u2019iniziativa esplora il libro come spazio creativo e anticonformista, lontano dalle logiche commerciali. Tre incontri: il 23 marzo si parler\u00e0 di <em>Frigidaire<\/em>, rivista simbolo della cultura alternativa anni \u201980-\u201990, con Laura Scarpa e Martina Gennari; il 27 marzo sar\u00e0 presentato <em>Il libro delle pipe<\/em> di Dino Buzzati ed Eppe Ramazzotti, con Lorenzo Vigan\u00f2 e Sebastiano Rech Morassutti; il 30 marzo chiude il progetto <em>Giornaletto Clandestino<\/em>, curato da Daniela Zangrando, che promuove la scrittura e la circolazione delle idee nel territorio. Tutti gli eventi sono ospitati nella sala polifunzionale accessibile del Granaio, con esposizione di libri e riviste.<\/p>\n<p>&nbsp;<\/p>\n<p>&nbsp;<\/p>\n<hr \/>\n<p>&nbsp;<\/p>\n<blockquote>\n<h3 style=\"text-align: center;\">SAVE THE DATE: MUSICA E OSPITI D\u2019ECCEZIONE AL RIFUGIO LARESEI<\/h3>\n<\/blockquote>\n<p><strong><a class=\"dt-pswp-item\" href=\"https:\/\/www.radiopiu.net\/wordpress\/wp-content\/uploads\/2026\/03\/521cd068-a2ac-47be-8a3b-f1488d1c7c13.jpg\" data-dt-img-description=\"\" data-large_image_width=\"513\" data-large_image_height=\"640\"><img loading=\"lazy\" decoding=\"async\" class=\"aligncenter size-medium wp-image-500078\" src=\"https:\/\/www.radiopiu.net\/wordpress\/wp-content\/uploads\/2026\/03\/521cd068-a2ac-47be-8a3b-f1488d1c7c13-240x300.jpg\" alt=\"\" width=\"240\" height=\"300\" srcset=\"https:\/\/www.radiopiu.net\/wordpress\/wp-content\/uploads\/2026\/03\/521cd068-a2ac-47be-8a3b-f1488d1c7c13-240x300.jpg 240w, https:\/\/www.radiopiu.net\/wordpress\/wp-content\/uploads\/2026\/03\/521cd068-a2ac-47be-8a3b-f1488d1c7c13.jpg 513w\" sizes=\"auto, (max-width: 240px) 100vw, 240px\" \/><\/a>\u00a0<\/strong><\/p>\n<p><strong>FALCADE<\/strong> Luned\u00ec 6 aprile dalle 10.30 il Rifugio Laresei di Falcade ospiter\u00e0 \u201cSave the Date \u2013 Unstoppable Festival\u201d, evento che promette energia, musica e divertimento nel cuore delle Dolomiti Bellunesi. Protagonisti della giornata saranno special guest di primo piano: Prezioso, storico volto di Radio Deejay e Radio m2o, Walter Pizzulli e Marco Melandri, pronti ad animare il pubblico con performance coinvolgenti. Alla consolle anche i resident dj Morgan e Battaglia, che accompagneranno la festa in un\u2019atmosfera tutta da vivere. L\u2019iniziativa unisce musica, sport e promozione della montagna. In caso di maltempo l\u2019evento sar\u00e0 cancellato. L\u2019appuntamento si preannuncia come uno dei momenti clou del fine stagione invernale a Falcade.<\/p>\n\n\t\t\t<style type='text\/css'>\n\t\t\t\t#gallery-7 {\n\t\t\t\t\tmargin: auto;\n\t\t\t\t}\n\t\t\t\t#gallery-7 .gallery-item {\n\t\t\t\t\tfloat: left;\n\t\t\t\t\tmargin-top: 10px;\n\t\t\t\t\ttext-align: center;\n\t\t\t\t\twidth: 25%;\n\t\t\t\t}\n\t\t\t\t#gallery-7 img {\n\t\t\t\t\tborder: 2px solid #cfcfcf;\n\t\t\t\t}\n\t\t\t\t#gallery-7 .gallery-caption {\n\t\t\t\t\tmargin-left: 0;\n\t\t\t\t}\n\t\t\t\t\/* see gallery_shortcode() in wp-includes\/media.php *\/\n\t\t\t<\/style>\n\t\t<div id='gallery-7' class='dt-gallery-container gallery galleryid-501358 gallery-columns-4 gallery-size-medium'><dl class='gallery-item'>\n\t\t\t\t<dt class='gallery-icon portrait'>\n\t\t\t\t\t<a class=\"rollover\" href='https:\/\/www.radiopiu.net\/wordpress\/save-the-date-musica-e-ospiti-deccezione-al-rifugio-laresei\/0a293717-7580-42db-9140-07e13797c2e3\/'><img loading=\"lazy\" decoding=\"async\" width=\"240\" height=\"300\" src=\"https:\/\/www.radiopiu.net\/wordpress\/wp-content\/uploads\/2026\/03\/0a293717-7580-42db-9140-07e13797c2e3-240x300.jpg\" class=\"attachment-medium size-medium\" alt=\"\" srcset=\"https:\/\/www.radiopiu.net\/wordpress\/wp-content\/uploads\/2026\/03\/0a293717-7580-42db-9140-07e13797c2e3-240x300.jpg 240w, https:\/\/www.radiopiu.net\/wordpress\/wp-content\/uploads\/2026\/03\/0a293717-7580-42db-9140-07e13797c2e3-819x1024.jpg 819w, https:\/\/www.radiopiu.net\/wordpress\/wp-content\/uploads\/2026\/03\/0a293717-7580-42db-9140-07e13797c2e3-768x960.jpg 768w, https:\/\/www.radiopiu.net\/wordpress\/wp-content\/uploads\/2026\/03\/0a293717-7580-42db-9140-07e13797c2e3.jpg 1080w\" sizes=\"auto, (max-width: 240px) 100vw, 240px\" \/><\/a>\n\t\t\t\t<\/dt><\/dl><dl class='gallery-item'>\n\t\t\t\t<dt class='gallery-icon portrait'>\n\t\t\t\t\t<a class=\"rollover\" href='https:\/\/www.radiopiu.net\/wordpress\/save-the-date-musica-e-ospiti-deccezione-al-rifugio-laresei\/4b7ad474-1c5a-49f0-8045-ee37f2b03787\/'><img loading=\"lazy\" decoding=\"async\" width=\"240\" height=\"300\" src=\"https:\/\/www.radiopiu.net\/wordpress\/wp-content\/uploads\/2026\/03\/4b7ad474-1c5a-49f0-8045-ee37f2b03787-240x300.jpg\" class=\"attachment-medium size-medium\" alt=\"\" srcset=\"https:\/\/www.radiopiu.net\/wordpress\/wp-content\/uploads\/2026\/03\/4b7ad474-1c5a-49f0-8045-ee37f2b03787-240x300.jpg 240w, https:\/\/www.radiopiu.net\/wordpress\/wp-content\/uploads\/2026\/03\/4b7ad474-1c5a-49f0-8045-ee37f2b03787-819x1024.jpg 819w, https:\/\/www.radiopiu.net\/wordpress\/wp-content\/uploads\/2026\/03\/4b7ad474-1c5a-49f0-8045-ee37f2b03787-768x960.jpg 768w, https:\/\/www.radiopiu.net\/wordpress\/wp-content\/uploads\/2026\/03\/4b7ad474-1c5a-49f0-8045-ee37f2b03787.jpg 1080w\" sizes=\"auto, (max-width: 240px) 100vw, 240px\" \/><\/a>\n\t\t\t\t<\/dt><\/dl><dl class='gallery-item'>\n\t\t\t\t<dt class='gallery-icon portrait'>\n\t\t\t\t\t<a class=\"rollover\" href='https:\/\/www.radiopiu.net\/wordpress\/save-the-date-musica-e-ospiti-deccezione-al-rifugio-laresei\/6e8a3e61-45a7-4fad-8148-a84b0950b861\/'><img loading=\"lazy\" decoding=\"async\" width=\"240\" height=\"300\" src=\"https:\/\/www.radiopiu.net\/wordpress\/wp-content\/uploads\/2026\/03\/6e8a3e61-45a7-4fad-8148-a84b0950b861-240x300.jpg\" class=\"attachment-medium size-medium\" alt=\"\" srcset=\"https:\/\/www.radiopiu.net\/wordpress\/wp-content\/uploads\/2026\/03\/6e8a3e61-45a7-4fad-8148-a84b0950b861-240x300.jpg 240w, https:\/\/www.radiopiu.net\/wordpress\/wp-content\/uploads\/2026\/03\/6e8a3e61-45a7-4fad-8148-a84b0950b861-819x1024.jpg 819w, https:\/\/www.radiopiu.net\/wordpress\/wp-content\/uploads\/2026\/03\/6e8a3e61-45a7-4fad-8148-a84b0950b861-768x960.jpg 768w, https:\/\/www.radiopiu.net\/wordpress\/wp-content\/uploads\/2026\/03\/6e8a3e61-45a7-4fad-8148-a84b0950b861.jpg 1080w\" sizes=\"auto, (max-width: 240px) 100vw, 240px\" \/><\/a>\n\t\t\t\t<\/dt><\/dl><dl class='gallery-item'>\n\t\t\t\t<dt class='gallery-icon portrait'>\n\t\t\t\t\t<a class=\"rollover\" href='https:\/\/www.radiopiu.net\/wordpress\/save-the-date-musica-e-ospiti-deccezione-al-rifugio-laresei\/117e1797-e85b-4f6a-a904-ebf5315c0332\/'><img loading=\"lazy\" decoding=\"async\" width=\"240\" height=\"300\" src=\"https:\/\/www.radiopiu.net\/wordpress\/wp-content\/uploads\/2026\/03\/117e1797-e85b-4f6a-a904-ebf5315c0332-240x300.jpg\" class=\"attachment-medium size-medium\" alt=\"\" srcset=\"https:\/\/www.radiopiu.net\/wordpress\/wp-content\/uploads\/2026\/03\/117e1797-e85b-4f6a-a904-ebf5315c0332-240x300.jpg 240w, https:\/\/www.radiopiu.net\/wordpress\/wp-content\/uploads\/2026\/03\/117e1797-e85b-4f6a-a904-ebf5315c0332-819x1024.jpg 819w, https:\/\/www.radiopiu.net\/wordpress\/wp-content\/uploads\/2026\/03\/117e1797-e85b-4f6a-a904-ebf5315c0332-768x960.jpg 768w, https:\/\/www.radiopiu.net\/wordpress\/wp-content\/uploads\/2026\/03\/117e1797-e85b-4f6a-a904-ebf5315c0332.jpg 1080w\" sizes=\"auto, (max-width: 240px) 100vw, 240px\" \/><\/a>\n\t\t\t\t<\/dt><\/dl><br style=\"clear: both\" \/>\n\t\t\t<\/div>\n\n<p>&nbsp;<\/p>\n<p>&nbsp;<\/p>\n<hr \/>\n<p>&nbsp;<\/p>\n<blockquote>\n<h3 style=\"text-align: center;\"><span class=\"BZ_Pyq_fadeIn\">RIPARTE <\/span><span class=\"BZ_Pyq_fadeIn\">A <\/span><span class=\"BZ_Pyq_fadeIn\">CANALE <\/span><span class=\"BZ_Pyq_fadeIn\">D\u2019AGORDO <\/span><span class=\"BZ_Pyq_fadeIn\">IL <\/span><span class=\"BZ_Pyq_fadeIn\">CORSO <\/span><span class=\"BZ_Pyq_fadeIn\">DI <\/span><span class=\"BZ_Pyq_fadeIn\">GINNASTICA <\/span><span class=\"BZ_Pyq_fadeIn\">POSTURALE<\/span><\/h3>\n<\/blockquote>\n<p><span class=\"BZ_Pyq_fadeIn\"><strong><a class=\"dt-pswp-item\" href=\"https:\/\/www.radiopiu.net\/wordpress\/wp-content\/uploads\/2026\/03\/ginnastica-posturale.jpg\" data-dt-img-description=\"\" data-large_image_width=\"2560\" data-large_image_height=\"1951\"><img loading=\"lazy\" decoding=\"async\" class=\"aligncenter size-medium wp-image-501303\" src=\"https:\/\/www.radiopiu.net\/wordpress\/wp-content\/uploads\/2026\/03\/ginnastica-posturale-300x229.jpg\" alt=\"\" width=\"300\" height=\"229\" srcset=\"https:\/\/www.radiopiu.net\/wordpress\/wp-content\/uploads\/2026\/03\/ginnastica-posturale-300x229.jpg 300w, https:\/\/www.radiopiu.net\/wordpress\/wp-content\/uploads\/2026\/03\/ginnastica-posturale-1024x780.jpg 1024w, https:\/\/www.radiopiu.net\/wordpress\/wp-content\/uploads\/2026\/03\/ginnastica-posturale-768x585.jpg 768w, https:\/\/www.radiopiu.net\/wordpress\/wp-content\/uploads\/2026\/03\/ginnastica-posturale-1536x1171.jpg 1536w, https:\/\/www.radiopiu.net\/wordpress\/wp-content\/uploads\/2026\/03\/ginnastica-posturale-2048x1561.jpg 2048w\" sizes=\"auto, (max-width: 300px) 100vw, 300px\" \/><\/a>\u00a0<\/strong><\/span><\/p>\n<p><span class=\"BZ_Pyq_fadeIn\"><strong>CANALE D&#8217;AGORDO <\/strong>L\u2019associazione <\/span><span class=\"BZ_Pyq_fadeIn\">Pro <\/span><span class=\"BZ_Pyq_fadeIn\">Loco <\/span><span class=\"BZ_Pyq_fadeIn\">di <\/span><span class=\"BZ_Pyq_fadeIn\">Canale <\/span><span class=\"BZ_Pyq_fadeIn\">d\u2019Agordo <\/span><span class=\"BZ_Pyq_fadeIn\">rilancia <\/span><span class=\"BZ_Pyq_fadeIn\">il <\/span><span class=\"BZ_Pyq_fadeIn\">corso <\/span><span class=\"BZ_Pyq_fadeIn\">di <\/span><span class=\"BZ_Pyq_fadeIn\">ginnastica <\/span><span class=\"BZ_Pyq_fadeIn\">posturale <\/span><span class=\"BZ_Pyq_fadeIn\">guidato <\/span><span class=\"BZ_Pyq_fadeIn\">dalla <\/span><span class=\"BZ_Pyq_fadeIn\">fisioterapista <\/span><span class=\"BZ_Pyq_fadeIn\">Silvana <\/span><span class=\"BZ_Pyq_fadeIn\">Andrich. <\/span><span class=\"BZ_Pyq_fadeIn\">Il <\/span><span class=\"BZ_Pyq_fadeIn\">ciclo <\/span><span class=\"BZ_Pyq_fadeIn\">prevede <\/span><span class=\"BZ_Pyq_fadeIn\">10 <\/span><span class=\"BZ_Pyq_fadeIn\">lezioni <\/span><span class=\"BZ_Pyq_fadeIn\">con <\/span><span class=\"BZ_Pyq_fadeIn\">partenza <\/span><span class=\"BZ_Pyq_fadeIn\">luned\u00ec <\/span><span class=\"BZ_Pyq_fadeIn\">20 <\/span><span class=\"BZ_Pyq_fadeIn\">aprile <\/span><span class=\"BZ_Pyq_fadeIn\">2026. <\/span><span class=\"BZ_Pyq_fadeIn\">Le <\/span><span class=\"BZ_Pyq_fadeIn\">attivit\u00e0 <\/span><span class=\"BZ_Pyq_fadeIn\">si <\/span><span class=\"BZ_Pyq_fadeIn\">svolgeranno <\/span><span class=\"BZ_Pyq_fadeIn\">alla <\/span><span class=\"BZ_Pyq_fadeIn\">Casa <\/span><span class=\"BZ_Pyq_fadeIn\">del <\/span><span class=\"BZ_Pyq_fadeIn\">Popolo, <\/span><span class=\"BZ_Pyq_fadeIn\">sopra <\/span><span class=\"BZ_Pyq_fadeIn\">il <\/span><span class=\"BZ_Pyq_fadeIn\">distretto <\/span><span class=\"BZ_Pyq_fadeIn\">sanitario <\/span><span class=\"BZ_Pyq_fadeIn\">Ulss, <\/span><span class=\"BZ_Pyq_fadeIn\">in <\/span><span class=\"BZ_Pyq_fadeIn\">via <\/span><span class=\"BZ_Pyq_fadeIn\">Roma <\/span><span class=\"BZ_Pyq_fadeIn\">a <\/span><span class=\"BZ_Pyq_fadeIn\">Canale <\/span><span class=\"BZ_Pyq_fadeIn\">d\u2019Agordo. <\/span><span class=\"BZ_Pyq_fadeIn\">I <\/span><span class=\"BZ_Pyq_fadeIn\">partecipanti <\/span><span class=\"BZ_Pyq_fadeIn\">potranno <\/span><span class=\"BZ_Pyq_fadeIn\">scegliere <\/span><span class=\"BZ_Pyq_fadeIn\">tra <\/span><span class=\"BZ_Pyq_fadeIn\">due <\/span><span class=\"BZ_Pyq_fadeIn\">turni: <\/span><span class=\"BZ_Pyq_fadeIn\">dalle <\/span><span class=\"BZ_Pyq_fadeIn\">17.30 <\/span><span class=\"BZ_Pyq_fadeIn\">alle <\/span><span class=\"BZ_Pyq_fadeIn\">19.00 <\/span><span class=\"BZ_Pyq_fadeIn\">oppure <\/span><span class=\"BZ_Pyq_fadeIn\">dalle <\/span><span class=\"BZ_Pyq_fadeIn\">19.00 <\/span><span class=\"BZ_Pyq_fadeIn\">alle <\/span><span class=\"BZ_Pyq_fadeIn\">20.30. <\/span><span class=\"BZ_Pyq_fadeIn\">Le <\/span><span class=\"BZ_Pyq_fadeIn\">lezioni <\/span><span class=\"BZ_Pyq_fadeIn\">sono <\/span><span class=\"BZ_Pyq_fadeIn\">disponibili <\/span><span class=\"BZ_Pyq_fadeIn\">dal <\/span><span class=\"BZ_Pyq_fadeIn\">luned\u00ec <\/span><span class=\"BZ_Pyq_fadeIn\">al <\/span><span class=\"BZ_Pyq_fadeIn\">venerd\u00ec. <\/span><span class=\"BZ_Pyq_fadeIn\">L\u2019iniziativa <\/span><span class=\"BZ_Pyq_fadeIn\">\u00e8 <\/span><span class=\"BZ_Pyq_fadeIn\">pensata <\/span><span class=\"BZ_Pyq_fadeIn\">per <\/span><span class=\"BZ_Pyq_fadeIn\">migliorare <\/span><span class=\"BZ_Pyq_fadeIn\">postura, <\/span><span class=\"BZ_Pyq_fadeIn\">mobilit\u00e0 <\/span><span class=\"BZ_Pyq_fadeIn\">e <\/span><span class=\"BZ_Pyq_fadeIn\">benessere <\/span><span class=\"BZ_Pyq_fadeIn\">fisico. <\/span><span class=\"BZ_Pyq_fadeIn\">I <\/span><span class=\"BZ_Pyq_fadeIn\">posti <\/span><span class=\"BZ_Pyq_fadeIn\">sono <\/span><span class=\"BZ_Pyq_fadeIn\">limitati. <\/span><span class=\"BZ_Pyq_fadeIn\">Per <\/span><span class=\"BZ_Pyq_fadeIn\">informazioni <\/span><span class=\"BZ_Pyq_fadeIn\">e <\/span><span class=\"BZ_Pyq_fadeIn\">iscrizioni <\/span><span class=\"BZ_Pyq_fadeIn\">\u00e8 <\/span><span class=\"BZ_Pyq_fadeIn\">possibile <\/span><span class=\"BZ_Pyq_fadeIn\">contattare <\/span><span class=\"BZ_Pyq_fadeIn\">il <\/span><span class=\"BZ_Pyq_fadeIn\">numero <\/span><span class=\"BZ_Pyq_fadeIn\">3779665237, <\/span><span class=\"BZ_Pyq_fadeIn\">anche <\/span><span class=\"BZ_Pyq_fadeIn\">tramite <\/span><span class=\"BZ_Pyq_fadeIn\">WhatsApp.<\/span><\/p>\n<p>&nbsp;<\/p>\n<p>&nbsp;<\/p>\n<hr \/>\n<p>&nbsp;<\/p>\n<h1 style=\"text-align: center;\"><span style=\"color: #ff6600;\">IERI ALLA RADIO<\/span><\/h1>\n<h2 style=\"text-align: center;\"><span style=\"color: #333399;\">RADIO PIU&#8217; PREMIERE, LE NOVITA&#8217; MUSICALI DEL FINE SETTIMANA<\/span><\/h2>\n<p><strong><a class=\"dt-pswp-item\" href=\"https:\/\/www.radiopiu.net\/wordpress\/wp-content\/uploads\/2026\/03\/f56c52ab-937b-4517-9855-f8358108287b.jpg\" data-dt-img-description=\"\" data-large_image_width=\"1179\" data-large_image_height=\"576\"><img loading=\"lazy\" decoding=\"async\" class=\"size-medium wp-image-501509 alignleft\" src=\"https:\/\/www.radiopiu.net\/wordpress\/wp-content\/uploads\/2026\/03\/f56c52ab-937b-4517-9855-f8358108287b-300x147.jpg\" alt=\"\" width=\"300\" height=\"147\" srcset=\"https:\/\/www.radiopiu.net\/wordpress\/wp-content\/uploads\/2026\/03\/f56c52ab-937b-4517-9855-f8358108287b-300x147.jpg 300w, https:\/\/www.radiopiu.net\/wordpress\/wp-content\/uploads\/2026\/03\/f56c52ab-937b-4517-9855-f8358108287b-1024x500.jpg 1024w, https:\/\/www.radiopiu.net\/wordpress\/wp-content\/uploads\/2026\/03\/f56c52ab-937b-4517-9855-f8358108287b-768x375.jpg 768w, https:\/\/www.radiopiu.net\/wordpress\/wp-content\/uploads\/2026\/03\/f56c52ab-937b-4517-9855-f8358108287b.jpg 1179w\" sizes=\"auto, (max-width: 300px) 100vw, 300px\" \/><\/a>PUNTATA DEL 13 MARZO 2026<\/strong><\/p>\n<p>Emma &amp; Rkomi &#8211; Vacci Piano<\/p>\n<p>Eros Ramazzotti &amp; Max Pezzali &#8211; Come Nei Film<\/p>\n<audio class=\"wp-audio-shortcode\" id=\"audio-501358-6\" preload=\"none\" style=\"width: 100%;\" controls=\"controls\"><source type=\"audio\/mpeg\" src=\"https:\/\/www.radiopiu.net\/wordpress\/wp-content\/uploads\/2026\/03\/MARCONOVITA.mp3?_=6\" \/><a href=\"https:\/\/www.radiopiu.net\/wordpress\/wp-content\/uploads\/2026\/03\/MARCONOVITA.mp3\">https:\/\/www.radiopiu.net\/wordpress\/wp-content\/uploads\/2026\/03\/MARCONOVITA.mp3<\/a><\/audio>\n<p>&nbsp;<\/p>\n<h2><strong>LA RACCOLTA COMPLETA <a href=\"https:\/\/www.radiopiu.net\/wordpress\/radio-piu-premiere-le-novita-musicali-del-fine-settimana-il-podcast-13-mar26\/\"><span style=\"color: #3366ff;\">CLICCA QUI<\/span><\/a><\/strong><\/h2>\n<p>&nbsp;<\/p>\n<hr \/>\n<p>&nbsp;<\/p>\n<h2 style=\"text-align: center;\"><span style=\"color: #ff00ff;\">&#8220;DINTORN E FORA VIA&#8221;\u00a0 IL PROGRAMMA\u00a0 A CURA DEL MUSLA<\/span><\/h2>\n<p><strong><a class=\"dt-pswp-item\" href=\"https:\/\/www.radiopiu.net\/wordpress\/wp-content\/uploads\/2023\/10\/GIORNALE-QUOTIDIANO.jpg\" data-dt-img-description=\"\" data-large_image_width=\"1280\" data-large_image_height=\"853\"><img loading=\"lazy\" decoding=\"async\" class=\" wp-image-356264 alignleft\" src=\"https:\/\/www.radiopiu.net\/wordpress\/wp-content\/uploads\/2023\/10\/GIORNALE-QUOTIDIANO-300x200.jpg\" alt=\"\" width=\"146\" height=\"97\" srcset=\"https:\/\/www.radiopiu.net\/wordpress\/wp-content\/uploads\/2023\/10\/GIORNALE-QUOTIDIANO-300x200.jpg 300w, https:\/\/www.radiopiu.net\/wordpress\/wp-content\/uploads\/2023\/10\/GIORNALE-QUOTIDIANO-1024x682.jpg 1024w, https:\/\/www.radiopiu.net\/wordpress\/wp-content\/uploads\/2023\/10\/GIORNALE-QUOTIDIANO-768x512.jpg 768w, https:\/\/www.radiopiu.net\/wordpress\/wp-content\/uploads\/2023\/10\/GIORNALE-QUOTIDIANO.jpg 1280w\" sizes=\"auto, (max-width: 146px) 100vw, 146px\" \/><\/a>PUNTATA DEL 13 MARZO 2026 ANNA VALT<\/strong><\/p>\n<audio class=\"wp-audio-shortcode\" id=\"audio-501358-7\" preload=\"none\" style=\"width: 100%;\" controls=\"controls\"><source type=\"audio\/mpeg\" src=\"https:\/\/www.radiopiu.net\/wordpress\/wp-content\/uploads\/2026\/03\/MUSLA-3.mp3?_=7\" \/><a href=\"https:\/\/www.radiopiu.net\/wordpress\/wp-content\/uploads\/2026\/03\/MUSLA-3.mp3\">https:\/\/www.radiopiu.net\/wordpress\/wp-content\/uploads\/2026\/03\/MUSLA-3.mp3<\/a><\/audio>\n<p>&nbsp;<\/p>\n<h2><strong>LA RACCOLTA COMPLETA <a href=\"https:\/\/www.radiopiu.net\/wordpress\/musla\/\"><span style=\"color: #3366ff;\">CLICCA QUI<\/span><\/a><\/strong><\/h2>\n<p>&nbsp;<\/p>\n<hr \/>\n<p>&nbsp;<\/p>\n<h2 style=\"text-align: center;\"><span style=\"color: #800080;\">MUSIC A B C, IL MONDO DELLA MUSICA UNA LETTERA ALLA VOLTA<\/span><\/h2>\n<p><span style=\"color: #ff0000;\"><strong><a class=\"dt-pswp-item\" href=\"https:\/\/www.radiopiu.net\/wordpress\/wp-content\/uploads\/2021\/07\/microfono-radio-ok-768x448-768x448-1.jpg\" data-dt-img-description=\"\" data-large_image_width=\"768\" data-large_image_height=\"448\"><img loading=\"lazy\" decoding=\"async\" class=\" wp-image-220632 alignleft\" src=\"https:\/\/www.radiopiu.net\/wordpress\/wp-content\/uploads\/2021\/07\/microfono-radio-ok-768x448-768x448-1-300x175.jpg\" alt=\"\" width=\"148\" height=\"86\" srcset=\"https:\/\/www.radiopiu.net\/wordpress\/wp-content\/uploads\/2021\/07\/microfono-radio-ok-768x448-768x448-1-300x175.jpg 300w, https:\/\/www.radiopiu.net\/wordpress\/wp-content\/uploads\/2021\/07\/microfono-radio-ok-768x448-768x448-1.jpg 768w\" sizes=\"auto, (max-width: 148px) 100vw, 148px\" \/><\/a>CON MARINA DONA&#8217; E DAVID &#8220;ATHOS&#8221; BEN<\/strong><\/span><\/p>\n<h2><strong>STAGIONE 2025\/2026<\/strong><\/h2>\n<p>&nbsp;<\/p>\n<p>&nbsp;<\/p>\n<p><strong>PUNTATA DEL 13 MARZO<\/strong><\/p>\n<p><strong>PRIMA PARTE<\/strong><\/p>\n<audio class=\"wp-audio-shortcode\" id=\"audio-501358-8\" preload=\"none\" style=\"width: 100%;\" controls=\"controls\"><source type=\"audio\/mpeg\" src=\"https:\/\/www.radiopiu.net\/wordpress\/wp-content\/uploads\/2026\/03\/GOLD1.mp3?_=8\" \/><a href=\"https:\/\/www.radiopiu.net\/wordpress\/wp-content\/uploads\/2026\/03\/GOLD1.mp3\">https:\/\/www.radiopiu.net\/wordpress\/wp-content\/uploads\/2026\/03\/GOLD1.mp3<\/a><\/audio>\n<p>&nbsp;<\/p>\n<p>&nbsp;<\/p>\n<p><strong>SECONDA PARTE<\/strong><\/p>\n<audio class=\"wp-audio-shortcode\" id=\"audio-501358-9\" preload=\"none\" style=\"width: 100%;\" controls=\"controls\"><source type=\"audio\/mpeg\" src=\"https:\/\/www.radiopiu.net\/wordpress\/wp-content\/uploads\/2026\/03\/GOLD2.mp3?_=9\" \/><a href=\"https:\/\/www.radiopiu.net\/wordpress\/wp-content\/uploads\/2026\/03\/GOLD2.mp3\">https:\/\/www.radiopiu.net\/wordpress\/wp-content\/uploads\/2026\/03\/GOLD2.mp3<\/a><\/audio>\n<p>&nbsp;<\/p>\n<p>&nbsp;<\/p>\n<p><strong>TERZA PARTE<\/strong><\/p>\n<audio class=\"wp-audio-shortcode\" id=\"audio-501358-10\" preload=\"none\" style=\"width: 100%;\" controls=\"controls\"><source type=\"audio\/mpeg\" src=\"https:\/\/www.radiopiu.net\/wordpress\/wp-content\/uploads\/2026\/03\/GOLD3.mp3?_=10\" \/><a href=\"https:\/\/www.radiopiu.net\/wordpress\/wp-content\/uploads\/2026\/03\/GOLD3.mp3\">https:\/\/www.radiopiu.net\/wordpress\/wp-content\/uploads\/2026\/03\/GOLD3.mp3<\/a><\/audio>\n<p>&nbsp;<\/p>\n<h2><strong>LA RACCOLTA COMPLETA <a href=\"https:\/\/www.radiopiu.net\/wordpress\/music-a-b-c-il-mondo-della-musica-una-lettera-alla-volta-la-raccolta\/\"><span style=\"color: #3366ff;\">CLICCA QUI<\/span><\/a><\/strong><\/h2>\n<p>&nbsp;<\/p>\n<hr \/>\n<p>&nbsp;<\/p>\n<h2 style=\"text-align: center;\"><span style=\"color: #808000;\">IL GRAPHIC DESIGNER GABRIELE RIVA<\/span><\/h2>\n<p><strong><a class=\"dt-pswp-item\" href=\"https:\/\/www.radiopiu.net\/wordpress\/wp-content\/uploads\/2026\/03\/1db66e9e-d468-450c-9feb-21675ddf222d.jpg\" data-dt-img-description=\"\" data-large_image_width=\"2048\" data-large_image_height=\"1152\"><img loading=\"lazy\" decoding=\"async\" class=\"aligncenter size-medium wp-image-501498\" src=\"https:\/\/www.radiopiu.net\/wordpress\/wp-content\/uploads\/2026\/03\/1db66e9e-d468-450c-9feb-21675ddf222d-300x169.jpg\" alt=\"\" width=\"300\" height=\"169\" srcset=\"https:\/\/www.radiopiu.net\/wordpress\/wp-content\/uploads\/2026\/03\/1db66e9e-d468-450c-9feb-21675ddf222d-300x169.jpg 300w, https:\/\/www.radiopiu.net\/wordpress\/wp-content\/uploads\/2026\/03\/1db66e9e-d468-450c-9feb-21675ddf222d-1024x576.jpg 1024w, https:\/\/www.radiopiu.net\/wordpress\/wp-content\/uploads\/2026\/03\/1db66e9e-d468-450c-9feb-21675ddf222d-768x432.jpg 768w, https:\/\/www.radiopiu.net\/wordpress\/wp-content\/uploads\/2026\/03\/1db66e9e-d468-450c-9feb-21675ddf222d-1536x864.jpg 1536w, https:\/\/www.radiopiu.net\/wordpress\/wp-content\/uploads\/2026\/03\/1db66e9e-d468-450c-9feb-21675ddf222d.jpg 2048w\" sizes=\"auto, (max-width: 300px) 100vw, 300px\" \/><\/a>\u00a0<\/strong><\/p>\n<p><strong>DI MIRKO MEZZACASA<\/strong><\/p>\n<p>OSPITE: Gabriele Riva<\/p>\n<audio class=\"wp-audio-shortcode\" id=\"audio-501358-11\" preload=\"none\" style=\"width: 100%;\" controls=\"controls\"><source type=\"audio\/mpeg\" src=\"https:\/\/www.radiopiu.net\/wordpress\/wp-content\/uploads\/2026\/03\/GABRIELE-RVA-MARZO-2026.mp3?_=11\" \/><a href=\"https:\/\/www.radiopiu.net\/wordpress\/wp-content\/uploads\/2026\/03\/GABRIELE-RVA-MARZO-2026.mp3\">https:\/\/www.radiopiu.net\/wordpress\/wp-content\/uploads\/2026\/03\/GABRIELE-RVA-MARZO-2026.mp3<\/a><\/audio>\n<p>&nbsp;<\/p>\n<hr \/>\n<p>&nbsp;<\/p>\n<h2 style=\"text-align: center;\"><span style=\"color: #33cccc;\">TORNA IL GRON TROPHY A SOSPIROLO<\/span><\/h2>\n<p><strong><a class=\"dt-pswp-item\" href=\"https:\/\/www.radiopiu.net\/wordpress\/wp-content\/uploads\/2026\/03\/44e90af7-d0da-422f-b67f-2b6457393637.jpg\" data-dt-img-description=\"\" data-large_image_width=\"1600\" data-large_image_height=\"1200\"><img loading=\"lazy\" decoding=\"async\" class=\"aligncenter size-medium wp-image-501504\" src=\"https:\/\/www.radiopiu.net\/wordpress\/wp-content\/uploads\/2026\/03\/44e90af7-d0da-422f-b67f-2b6457393637-300x225.jpg\" alt=\"\" width=\"300\" height=\"225\" srcset=\"https:\/\/www.radiopiu.net\/wordpress\/wp-content\/uploads\/2026\/03\/44e90af7-d0da-422f-b67f-2b6457393637-300x225.jpg 300w, https:\/\/www.radiopiu.net\/wordpress\/wp-content\/uploads\/2026\/03\/44e90af7-d0da-422f-b67f-2b6457393637-1024x768.jpg 1024w, https:\/\/www.radiopiu.net\/wordpress\/wp-content\/uploads\/2026\/03\/44e90af7-d0da-422f-b67f-2b6457393637-768x576.jpg 768w, https:\/\/www.radiopiu.net\/wordpress\/wp-content\/uploads\/2026\/03\/44e90af7-d0da-422f-b67f-2b6457393637-1536x1152.jpg 1536w, https:\/\/www.radiopiu.net\/wordpress\/wp-content\/uploads\/2026\/03\/44e90af7-d0da-422f-b67f-2b6457393637.jpg 1600w\" sizes=\"auto, (max-width: 300px) 100vw, 300px\" \/><\/a>\u00a0<\/strong><\/p>\n<p><strong>DI MIRKO MEZZACASA<\/strong><\/p>\n<p>OSPITE: Kevin dal Pont<\/p>\n<audio class=\"wp-audio-shortcode\" id=\"audio-501358-12\" preload=\"none\" style=\"width: 100%;\" controls=\"controls\"><source type=\"audio\/mpeg\" src=\"https:\/\/www.radiopiu.net\/wordpress\/wp-content\/uploads\/2026\/03\/KEVIN-DAL-PONT.mp3?_=12\" \/><a href=\"https:\/\/www.radiopiu.net\/wordpress\/wp-content\/uploads\/2026\/03\/KEVIN-DAL-PONT.mp3\">https:\/\/www.radiopiu.net\/wordpress\/wp-content\/uploads\/2026\/03\/KEVIN-DAL-PONT.mp3<\/a><\/audio>\n<p>&nbsp;<\/p>\n<hr \/>\n<p>&nbsp;<\/p>\n<h2 style=\"text-align: center;\"><span style=\"color: #00ffff;\">BAITE APERTE E SPLASH PARTY CON ALLEGHE FUNIVIE<\/span><\/h2>\n<p><strong>DI MIRKO MEZZACASA<\/strong><\/p>\n<p>OSPITE: Andrea Dal Farra<\/p>\n<audio class=\"wp-audio-shortcode\" id=\"audio-501358-13\" preload=\"none\" style=\"width: 100%;\" controls=\"controls\"><source type=\"audio\/mpeg\" src=\"https:\/\/www.radiopiu.net\/wordpress\/wp-content\/uploads\/2026\/03\/ANDREA-DAL-FARRA-SPLASH-E-BAITE.mp3?_=13\" \/><a href=\"https:\/\/www.radiopiu.net\/wordpress\/wp-content\/uploads\/2026\/03\/ANDREA-DAL-FARRA-SPLASH-E-BAITE.mp3\">https:\/\/www.radiopiu.net\/wordpress\/wp-content\/uploads\/2026\/03\/ANDREA-DAL-FARRA-SPLASH-E-BAITE.mp3<\/a><\/audio>\n<p>&nbsp;<\/p>\n\n\t\t\t<style type='text\/css'>\n\t\t\t\t#gallery-8 {\n\t\t\t\t\tmargin: auto;\n\t\t\t\t}\n\t\t\t\t#gallery-8 .gallery-item {\n\t\t\t\t\tfloat: left;\n\t\t\t\t\tmargin-top: 10px;\n\t\t\t\t\ttext-align: center;\n\t\t\t\t\twidth: 50%;\n\t\t\t\t}\n\t\t\t\t#gallery-8 img {\n\t\t\t\t\tborder: 2px solid #cfcfcf;\n\t\t\t\t}\n\t\t\t\t#gallery-8 .gallery-caption {\n\t\t\t\t\tmargin-left: 0;\n\t\t\t\t}\n\t\t\t\t\/* see gallery_shortcode() in wp-includes\/media.php *\/\n\t\t\t<\/style>\n\t\t<div id='gallery-8' class='dt-gallery-container gallery galleryid-501358 gallery-columns-2 gallery-size-medium'><dl class='gallery-item'>\n\t\t\t\t<dt class='gallery-icon landscape'>\n\t\t\t\t\t<a class=\"rollover rollover-zoom dt-pswp-item\" title=\"2.baite_sito\" data-dt-img-description=\"\" data-large_image_width=\"2555\" data-large_image_height=\"1048\"href='https:\/\/www.radiopiu.net\/wordpress\/wp-content\/uploads\/2026\/03\/2.baite_sito.png'><img loading=\"lazy\" decoding=\"async\" width=\"300\" height=\"123\" src=\"https:\/\/www.radiopiu.net\/wordpress\/wp-content\/uploads\/2026\/03\/2.baite_sito-300x123.png\" class=\"attachment-medium size-medium\" alt=\"\" srcset=\"https:\/\/www.radiopiu.net\/wordpress\/wp-content\/uploads\/2026\/03\/2.baite_sito-300x123.png 300w, https:\/\/www.radiopiu.net\/wordpress\/wp-content\/uploads\/2026\/03\/2.baite_sito-1024x420.png 1024w, https:\/\/www.radiopiu.net\/wordpress\/wp-content\/uploads\/2026\/03\/2.baite_sito-768x315.png 768w, https:\/\/www.radiopiu.net\/wordpress\/wp-content\/uploads\/2026\/03\/2.baite_sito-1536x630.png 1536w, https:\/\/www.radiopiu.net\/wordpress\/wp-content\/uploads\/2026\/03\/2.baite_sito-2048x840.png 2048w\" sizes=\"auto, (max-width: 300px) 100vw, 300px\" \/><\/a>\n\t\t\t\t<\/dt><\/dl><dl class='gallery-item'>\n\t\t\t\t<dt class='gallery-icon portrait'>\n\t\t\t\t\t<a class=\"rollover rollover-zoom dt-pswp-item\" title=\"3c7fa214-99cc-47e4-8d26-d1df3cd8b201\" data-dt-img-description=\"\" data-large_image_width=\"1190\" data-large_image_height=\"1600\"href='https:\/\/www.radiopiu.net\/wordpress\/wp-content\/uploads\/2026\/03\/3c7fa214-99cc-47e4-8d26-d1df3cd8b201.jpg'><img loading=\"lazy\" decoding=\"async\" width=\"223\" height=\"300\" src=\"https:\/\/www.radiopiu.net\/wordpress\/wp-content\/uploads\/2026\/03\/3c7fa214-99cc-47e4-8d26-d1df3cd8b201-223x300.jpg\" class=\"attachment-medium size-medium\" alt=\"\" srcset=\"https:\/\/www.radiopiu.net\/wordpress\/wp-content\/uploads\/2026\/03\/3c7fa214-99cc-47e4-8d26-d1df3cd8b201-223x300.jpg 223w, https:\/\/www.radiopiu.net\/wordpress\/wp-content\/uploads\/2026\/03\/3c7fa214-99cc-47e4-8d26-d1df3cd8b201-762x1024.jpg 762w, https:\/\/www.radiopiu.net\/wordpress\/wp-content\/uploads\/2026\/03\/3c7fa214-99cc-47e4-8d26-d1df3cd8b201-768x1033.jpg 768w, https:\/\/www.radiopiu.net\/wordpress\/wp-content\/uploads\/2026\/03\/3c7fa214-99cc-47e4-8d26-d1df3cd8b201-1142x1536.jpg 1142w, https:\/\/www.radiopiu.net\/wordpress\/wp-content\/uploads\/2026\/03\/3c7fa214-99cc-47e4-8d26-d1df3cd8b201.jpg 1190w\" sizes=\"auto, (max-width: 223px) 100vw, 223px\" \/><\/a>\n\t\t\t\t<\/dt><\/dl><br style=\"clear: both\" \/>\n\t\t\t<\/div>\n\n<p>&nbsp;<\/p>\n<hr \/>\n<p>&nbsp;<\/p>\n<h2 style=\"text-align: center;\"><span style=\"color: #ff9900;\">RIMANDATA AL 22 MARZO LA VECIA POPA 2026 SUL BROI DI AGORDO<\/span><\/h2>\n<p><strong><a class=\"dt-pswp-item\" href=\"https:\/\/www.radiopiu.net\/wordpress\/wp-content\/uploads\/2026\/03\/50537a87-d49c-4004-941d-253662bef73f.jpg\" data-dt-img-description=\"\" data-large_image_width=\"1024\" data-large_image_height=\"1536\"><img loading=\"lazy\" decoding=\"async\" class=\"aligncenter size-medium wp-image-501460\" src=\"https:\/\/www.radiopiu.net\/wordpress\/wp-content\/uploads\/2026\/03\/50537a87-d49c-4004-941d-253662bef73f-200x300.jpg\" alt=\"\" width=\"200\" height=\"300\" srcset=\"https:\/\/www.radiopiu.net\/wordpress\/wp-content\/uploads\/2026\/03\/50537a87-d49c-4004-941d-253662bef73f-200x300.jpg 200w, https:\/\/www.radiopiu.net\/wordpress\/wp-content\/uploads\/2026\/03\/50537a87-d49c-4004-941d-253662bef73f-683x1024.jpg 683w, https:\/\/www.radiopiu.net\/wordpress\/wp-content\/uploads\/2026\/03\/50537a87-d49c-4004-941d-253662bef73f-768x1152.jpg 768w, https:\/\/www.radiopiu.net\/wordpress\/wp-content\/uploads\/2026\/03\/50537a87-d49c-4004-941d-253662bef73f.jpg 1024w\" sizes=\"auto, (max-width: 200px) 100vw, 200px\" \/><\/a>\u00a0<\/strong><\/p>\n<p><strong>AGORDO<\/strong> La Vecia Popa 2026, in programma domenica sul Broi di Agordo, \u00e8 stata rimandata di una settimana a causa delle previsioni meteo che per il fine settimana prevedono maltempo. L&#8217;appuntamento \u00e8 rimandato a domenica 22 marzo.<\/p>\n<p><strong>DI MIRKO MEZZACASA<\/strong><\/p>\n<p>OSPITI: Thomaso Manfroi e Valentina De Nardin<\/p>\n<audio class=\"wp-audio-shortcode\" id=\"audio-501358-14\" preload=\"none\" style=\"width: 100%;\" controls=\"controls\"><source type=\"audio\/mpeg\" src=\"https:\/\/www.radiopiu.net\/wordpress\/wp-content\/uploads\/2026\/03\/valentina-e-thomas-vecia-popa-2026-m.mp3?_=14\" \/><a href=\"https:\/\/www.radiopiu.net\/wordpress\/wp-content\/uploads\/2026\/03\/valentina-e-thomas-vecia-popa-2026-m.mp3\">https:\/\/www.radiopiu.net\/wordpress\/wp-content\/uploads\/2026\/03\/valentina-e-thomas-vecia-popa-2026-m.mp3<\/a><\/audio>\n<p>&nbsp;<\/p>\n<hr \/>\n<p>&nbsp;<\/p>\n<h2 style=\"text-align: center;\"><span style=\"color: #ffcc00;\">LA PRIMA EDIZIONE DELLA CIVETTA A TOLECH<\/span><\/h2>\n<p><strong><a class=\"dt-pswp-item\" href=\"https:\/\/www.radiopiu.net\/wordpress\/wp-content\/uploads\/2026\/03\/49097471-ac9e-4109-965b-9a41e30134ae.jpg\" data-dt-img-description=\"\" data-large_image_width=\"1179\" data-large_image_height=\"758\"><img loading=\"lazy\" decoding=\"async\" class=\"aligncenter size-medium wp-image-500967\" src=\"https:\/\/www.radiopiu.net\/wordpress\/wp-content\/uploads\/2026\/03\/49097471-ac9e-4109-965b-9a41e30134ae-300x193.jpg\" alt=\"\" width=\"300\" height=\"193\" srcset=\"https:\/\/www.radiopiu.net\/wordpress\/wp-content\/uploads\/2026\/03\/49097471-ac9e-4109-965b-9a41e30134ae-300x193.jpg 300w, https:\/\/www.radiopiu.net\/wordpress\/wp-content\/uploads\/2026\/03\/49097471-ac9e-4109-965b-9a41e30134ae-1024x658.jpg 1024w, https:\/\/www.radiopiu.net\/wordpress\/wp-content\/uploads\/2026\/03\/49097471-ac9e-4109-965b-9a41e30134ae-768x494.jpg 768w, https:\/\/www.radiopiu.net\/wordpress\/wp-content\/uploads\/2026\/03\/49097471-ac9e-4109-965b-9a41e30134ae.jpg 1179w\" sizes=\"auto, (max-width: 300px) 100vw, 300px\" \/><\/a>\u00a0<\/strong><\/p>\n<p><strong>DI MIRKO MEZZACASA<\/strong><\/p>\n<p>OSPITE: Lorenzo Bogo<\/p>\n<audio class=\"wp-audio-shortcode\" id=\"audio-501358-15\" preload=\"none\" style=\"width: 100%;\" controls=\"controls\"><source type=\"audio\/mpeg\" src=\"https:\/\/www.radiopiu.net\/wordpress\/wp-content\/uploads\/2026\/03\/LORENZO-BOGO-VAL-DI-ZOLDO.mp3?_=15\" \/><a href=\"https:\/\/www.radiopiu.net\/wordpress\/wp-content\/uploads\/2026\/03\/LORENZO-BOGO-VAL-DI-ZOLDO.mp3\">https:\/\/www.radiopiu.net\/wordpress\/wp-content\/uploads\/2026\/03\/LORENZO-BOGO-VAL-DI-ZOLDO.mp3<\/a><\/audio>\n<p>&nbsp;<\/p>\n<hr \/>\n<p>&nbsp;<\/p>\n<h2 style=\"text-align: center;\"><span style=\"color: #00ccff;\">IL TEMPO DELLA MONTAGNA \u2013 FILM SULL\u2019ARCHITETTURA ALPINA<\/span><\/h2>\n<p><strong><a href=\"https:\/\/www.radiopiu.net\/wordpress\/wp-content\/uploads\/2026\/03\/image.webp\"><img loading=\"lazy\" decoding=\"async\" class=\"aligncenter size-medium wp-image-500775\" src=\"https:\/\/www.radiopiu.net\/wordpress\/wp-content\/uploads\/2026\/03\/image-300x150.webp\" alt=\"\" width=\"300\" height=\"150\" srcset=\"https:\/\/www.radiopiu.net\/wordpress\/wp-content\/uploads\/2026\/03\/image-300x150.webp 300w, https:\/\/www.radiopiu.net\/wordpress\/wp-content\/uploads\/2026\/03\/image-768x384.webp 768w, https:\/\/www.radiopiu.net\/wordpress\/wp-content\/uploads\/2026\/03\/image.webp 940w\" sizes=\"auto, (max-width: 300px) 100vw, 300px\" \/><\/a>\u00a0<\/strong><\/p>\n<p><strong>BELLUNO <\/strong>Gioved\u00ec 19 marzo alle 17.30 al Cinema Italia di Belluno verr\u00e0 proiettato in anteprima provinciale \u201cIl Tempo della Montagna \u2013 ArchitetturAlpinA in dieci storie\u201d, documentario promosso dall\u2019Associazione Architetti Arco Alpino e prodotto da MUSE, con regia di Francesca Molteni e Davide Fois. Il film esplora dieci architetture alpine, raccontando storie di sviluppo sociale, ambientale ed economico. Tra le protagoniste, a Belluno, il nuovo plesso scolastico di Puos d\u2019Alpago progettato dagli architetti Facchinelli, Da Boit e Saviane.<\/p>\n<p><strong>L&#8217;INTERVISTA<\/strong><\/p>\n<p><strong>DI MIRKO MEZZACASA<\/strong><\/p>\n<p>OSPITE: Fabiola De Battista<\/p>\n<audio class=\"wp-audio-shortcode\" id=\"audio-501358-16\" preload=\"none\" style=\"width: 100%;\" controls=\"controls\"><source type=\"audio\/mpeg\" src=\"https:\/\/www.radiopiu.net\/wordpress\/wp-content\/uploads\/2026\/03\/fabiola-de-battista.mp3?_=16\" \/><a href=\"https:\/\/www.radiopiu.net\/wordpress\/wp-content\/uploads\/2026\/03\/fabiola-de-battista.mp3\">https:\/\/www.radiopiu.net\/wordpress\/wp-content\/uploads\/2026\/03\/fabiola-de-battista.mp3<\/a><\/audio>\n<p>&nbsp;<\/p>\n<hr \/>\n<p>&nbsp;<\/p>\n<blockquote class=\"wp-embedded-content\" data-secret=\"UjjOKdFb9M\"><p><a href=\"https:\/\/www.radiopiu.net\/wordpress\/cortinacomeolimpia28\/\">CORTINA COME OLIMPIA &#8211; LO SPORT PRENDE VOCE- PROGETTO TRE RADIO<\/a><\/p><\/blockquote>\n<p><iframe loading=\"lazy\" class=\"wp-embedded-content\" sandbox=\"allow-scripts\" security=\"restricted\" style=\"position: absolute; visibility: hidden;\" title=\"&#8220;CORTINA COME OLIMPIA &#8211; LO SPORT PRENDE VOCE- PROGETTO TRE RADIO&#8221; &#8212; Radio Pi\u00f9\" src=\"https:\/\/www.radiopiu.net\/wordpress\/cortinacomeolimpia28\/embed\/#?secret=ZeIa0pxCA6#?secret=UjjOKdFb9M\" data-secret=\"UjjOKdFb9M\" width=\"600\" height=\"338\" frameborder=\"0\" marginwidth=\"0\" marginheight=\"0\" scrolling=\"no\"><\/iframe><\/p>\n<p>&nbsp;<\/p>\n<hr \/>\n<p>&nbsp;<\/p>\n<p><span style=\"color: #ff0000;\"><img loading=\"lazy\" decoding=\"async\" class=\"wp-image-61958 size-full aligncenter\" src=\"https:\/\/www.radiopiu.net\/wordpress\/wp-content\/uploads\/2018\/09\/appuntamenti.jpeg\" alt=\"\" width=\"800\" height=\"100\" srcset=\"https:\/\/www.radiopiu.net\/wordpress\/wp-content\/uploads\/2018\/09\/appuntamenti.jpeg 800w, https:\/\/www.radiopiu.net\/wordpress\/wp-content\/uploads\/2018\/09\/appuntamenti-300x38.jpeg 300w, https:\/\/www.radiopiu.net\/wordpress\/wp-content\/uploads\/2018\/09\/appuntamenti-768x96.jpeg 768w\" sizes=\"auto, (max-width: 800px) 100vw, 800px\" \/><\/span><\/p>\n<p>&nbsp;<\/p>\n\n\t\t\t<style type='text\/css'>\n\t\t\t\t#gallery-9 {\n\t\t\t\t\tmargin: auto;\n\t\t\t\t}\n\t\t\t\t#gallery-9 .gallery-item {\n\t\t\t\t\tfloat: left;\n\t\t\t\t\tmargin-top: 10px;\n\t\t\t\t\ttext-align: center;\n\t\t\t\t\twidth: 20%;\n\t\t\t\t}\n\t\t\t\t#gallery-9 img {\n\t\t\t\t\tborder: 2px solid #cfcfcf;\n\t\t\t\t}\n\t\t\t\t#gallery-9 .gallery-caption {\n\t\t\t\t\tmargin-left: 0;\n\t\t\t\t}\n\t\t\t\t\/* see gallery_shortcode() in wp-includes\/media.php *\/\n\t\t\t<\/style>\n\t\t<div id='gallery-9' class='dt-gallery-container gallery galleryid-501358 gallery-columns-5 gallery-size-thumbnail'><dl class='gallery-item'>\n\t\t\t\t<dt class='gallery-icon portrait'>\n\t\t\t\t\t<a class=\"rollover rollover-zoom dt-pswp-item\" title=\"4e967043-c873-4f5f-b1c6-d5dbc3a0bb33\" data-dt-img-description=\"\" data-large_image_width=\"1414\" data-large_image_height=\"2000\"href='https:\/\/www.radiopiu.net\/wordpress\/wp-content\/uploads\/2026\/01\/4e967043-c873-4f5f-b1c6-d5dbc3a0bb33.jpg'><img loading=\"lazy\" decoding=\"async\" width=\"150\" height=\"150\" src=\"https:\/\/www.radiopiu.net\/wordpress\/wp-content\/uploads\/2026\/01\/4e967043-c873-4f5f-b1c6-d5dbc3a0bb33-150x150.jpg\" class=\"attachment-thumbnail size-thumbnail\" alt=\"\" \/><\/a>\n\t\t\t\t<\/dt><\/dl><dl class='gallery-item'>\n\t\t\t\t<dt class='gallery-icon portrait'>\n\t\t\t\t\t<a class=\"rollover rollover-zoom dt-pswp-item\" title=\"rEsistere 1\" data-dt-img-description=\"\" data-large_image_width=\"1587\" data-large_image_height=\"2245\"href='https:\/\/www.radiopiu.net\/wordpress\/wp-content\/uploads\/2026\/02\/rEsistere-1.jpg'><img loading=\"lazy\" decoding=\"async\" width=\"150\" height=\"150\" src=\"https:\/\/www.radiopiu.net\/wordpress\/wp-content\/uploads\/2026\/02\/rEsistere-1-150x150.jpg\" class=\"attachment-thumbnail size-thumbnail\" alt=\"\" \/><\/a>\n\t\t\t\t<\/dt><\/dl><dl class='gallery-item'>\n\t\t\t\t<dt class='gallery-icon portrait'>\n\t\t\t\t\t<a class=\"rollover rollover-zoom dt-pswp-item\" title=\"Grandiosamente locandina 2026\" data-dt-img-description=\"\" data-large_image_width=\"1240\" data-large_image_height=\"1754\"href='https:\/\/www.radiopiu.net\/wordpress\/wp-content\/uploads\/2026\/03\/Grandiosamente-locandina-2026.jpg'><img loading=\"lazy\" decoding=\"async\" width=\"150\" height=\"150\" src=\"https:\/\/www.radiopiu.net\/wordpress\/wp-content\/uploads\/2026\/03\/Grandiosamente-locandina-2026-150x150.jpg\" class=\"attachment-thumbnail size-thumbnail\" alt=\"\" \/><\/a>\n\t\t\t\t<\/dt><\/dl><dl class='gallery-item'>\n\t\t\t\t<dt class='gallery-icon portrait'>\n\t\t\t\t\t<a class=\"rollover rollover-zoom dt-pswp-item\" title=\"Stefano Dal Molin locandina marzo 2026 Si e\u0300 alzato il vento\" data-dt-img-description=\"\" data-large_image_width=\"1296\" data-large_image_height=\"1727\"href='https:\/\/www.radiopiu.net\/wordpress\/wp-content\/uploads\/2026\/03\/Stefano-Dal-Molin-locandina-marzo-2026-Si-e-alzato-il-vento.jpg'><img loading=\"lazy\" decoding=\"async\" width=\"150\" height=\"150\" src=\"https:\/\/www.radiopiu.net\/wordpress\/wp-content\/uploads\/2026\/03\/Stefano-Dal-Molin-locandina-marzo-2026-Si-e-alzato-il-vento-150x150.jpg\" class=\"attachment-thumbnail size-thumbnail\" alt=\"\" \/><\/a>\n\t\t\t\t<\/dt><\/dl><dl class='gallery-item'>\n\t\t\t\t<dt class='gallery-icon portrait'>\n\t\t\t\t\t<a class=\"rollover rollover-zoom dt-pswp-item\" title=\"5816eae8-7f78-4d14-8f12-dcf2637d91c8\" data-dt-img-description=\"\" data-large_image_width=\"1546\" data-large_image_height=\"2048\"href='https:\/\/www.radiopiu.net\/wordpress\/wp-content\/uploads\/2026\/03\/5816eae8-7f78-4d14-8f12-dcf2637d91c8.jpg'><img loading=\"lazy\" decoding=\"async\" width=\"150\" height=\"150\" src=\"https:\/\/www.radiopiu.net\/wordpress\/wp-content\/uploads\/2026\/03\/5816eae8-7f78-4d14-8f12-dcf2637d91c8-150x150.jpg\" class=\"attachment-thumbnail size-thumbnail\" alt=\"\" \/><\/a>\n\t\t\t\t<\/dt><\/dl><br style=\"clear: both\" \/><dl class='gallery-item'>\n\t\t\t\t<dt class='gallery-icon portrait'>\n\t\t\t\t\t<a class=\"rollover rollover-zoom dt-pswp-item\" title=\"21b9b82e-7279-46d1-abec-8ddc7ac70a2d\" data-dt-img-description=\"\" data-large_image_width=\"1179\" data-large_image_height=\"1478\"href='https:\/\/www.radiopiu.net\/wordpress\/wp-content\/uploads\/2026\/03\/21b9b82e-7279-46d1-abec-8ddc7ac70a2d.jpg'><img loading=\"lazy\" decoding=\"async\" width=\"150\" height=\"150\" src=\"https:\/\/www.radiopiu.net\/wordpress\/wp-content\/uploads\/2026\/03\/21b9b82e-7279-46d1-abec-8ddc7ac70a2d-150x150.jpg\" class=\"attachment-thumbnail size-thumbnail\" alt=\"\" \/><\/a>\n\t\t\t\t<\/dt><\/dl><dl class='gallery-item'>\n\t\t\t\t<dt class='gallery-icon portrait'>\n\t\t\t\t\t<a class=\"rollover rollover-zoom dt-pswp-item\" title=\"377f4f47-c756-49d1-9b0a-8aef51ecd524\" data-dt-img-description=\"\" data-large_image_width=\"1447\" data-large_image_height=\"2048\"href='https:\/\/www.radiopiu.net\/wordpress\/wp-content\/uploads\/2026\/03\/377f4f47-c756-49d1-9b0a-8aef51ecd524.jpg'><img loading=\"lazy\" decoding=\"async\" width=\"150\" height=\"150\" src=\"https:\/\/www.radiopiu.net\/wordpress\/wp-content\/uploads\/2026\/03\/377f4f47-c756-49d1-9b0a-8aef51ecd524-150x150.jpg\" class=\"attachment-thumbnail size-thumbnail\" alt=\"\" \/><\/a>\n\t\t\t\t<\/dt><\/dl><dl class='gallery-item'>\n\t\t\t\t<dt class='gallery-icon portrait'>\n\t\t\t\t\t<a class=\"rollover rollover-zoom dt-pswp-item\" title=\"219a34bc-af37-462b-943d-84bd944fab89\" data-dt-img-description=\"\" data-large_image_width=\"1080\" data-large_image_height=\"1707\"href='https:\/\/www.radiopiu.net\/wordpress\/wp-content\/uploads\/2026\/03\/219a34bc-af37-462b-943d-84bd944fab89.jpg'><img loading=\"lazy\" decoding=\"async\" width=\"150\" height=\"150\" src=\"https:\/\/www.radiopiu.net\/wordpress\/wp-content\/uploads\/2026\/03\/219a34bc-af37-462b-943d-84bd944fab89-150x150.jpg\" class=\"attachment-thumbnail size-thumbnail\" alt=\"\" \/><\/a>\n\t\t\t\t<\/dt><\/dl><dl class='gallery-item'>\n\t\t\t\t<dt class='gallery-icon portrait'>\n\t\t\t\t\t<a class=\"rollover rollover-zoom dt-pswp-item\" title=\"24df738e-81f4-4749-b946-b79fb5fb44ff\" data-dt-img-description=\"\" data-large_image_width=\"716\" data-large_image_height=\"1029\"href='https:\/\/www.radiopiu.net\/wordpress\/wp-content\/uploads\/2026\/03\/24df738e-81f4-4749-b946-b79fb5fb44ff.jpg'><img loading=\"lazy\" decoding=\"async\" width=\"150\" height=\"150\" src=\"https:\/\/www.radiopiu.net\/wordpress\/wp-content\/uploads\/2026\/03\/24df738e-81f4-4749-b946-b79fb5fb44ff-150x150.jpg\" class=\"attachment-thumbnail size-thumbnail\" alt=\"\" \/><\/a>\n\t\t\t\t<\/dt><\/dl><dl class='gallery-item'>\n\t\t\t\t<dt class='gallery-icon landscape'>\n\t\t\t\t\t<a class=\"rollover rollover-zoom dt-pswp-item\" title=\"2.baite_sito\" data-dt-img-description=\"\" data-large_image_width=\"2555\" data-large_image_height=\"1048\"href='https:\/\/www.radiopiu.net\/wordpress\/wp-content\/uploads\/2026\/03\/2.baite_sito.png'><img loading=\"lazy\" decoding=\"async\" width=\"150\" height=\"150\" src=\"https:\/\/www.radiopiu.net\/wordpress\/wp-content\/uploads\/2026\/03\/2.baite_sito-150x150.png\" class=\"attachment-thumbnail size-thumbnail\" alt=\"\" \/><\/a>\n\t\t\t\t<\/dt><\/dl><br style=\"clear: both\" \/><dl class='gallery-item'>\n\t\t\t\t<dt class='gallery-icon portrait'>\n\t\t\t\t\t<a class=\"rollover rollover-zoom dt-pswp-item\" title=\"SCR-20260307-kciv\" data-dt-img-description=\"\" data-large_image_width=\"1496\" data-large_image_height=\"1810\"href='https:\/\/www.radiopiu.net\/wordpress\/wp-content\/uploads\/2026\/03\/SCR-20260307-kciv.png'><img loading=\"lazy\" decoding=\"async\" width=\"150\" height=\"150\" src=\"https:\/\/www.radiopiu.net\/wordpress\/wp-content\/uploads\/2026\/03\/SCR-20260307-kciv-150x150.png\" class=\"attachment-thumbnail size-thumbnail\" alt=\"\" \/><\/a>\n\t\t\t\t<\/dt><\/dl><dl class='gallery-item'>\n\t\t\t\t<dt class='gallery-icon portrait'>\n\t\t\t\t\t<a class=\"rollover rollover-zoom dt-pswp-item\" title=\"646322451_1334817498686844_8579841250699781747_n\" data-dt-img-description=\"\" data-large_image_width=\"1240\" data-large_image_height=\"1754\"href='https:\/\/www.radiopiu.net\/wordpress\/wp-content\/uploads\/2026\/03\/646322451_1334817498686844_8579841250699781747_n.jpg'><img loading=\"lazy\" decoding=\"async\" width=\"150\" height=\"150\" src=\"https:\/\/www.radiopiu.net\/wordpress\/wp-content\/uploads\/2026\/03\/646322451_1334817498686844_8579841250699781747_n-150x150.jpg\" class=\"attachment-thumbnail size-thumbnail\" alt=\"\" \/><\/a>\n\t\t\t\t<\/dt><\/dl><dl class='gallery-item'>\n\t\t\t\t<dt class='gallery-icon landscape'>\n\t\t\t\t\t<a class=\"rollover rollover-zoom dt-pswp-item\" title=\"3b2a339d-8ac3-41eb-babb-ff7e080f7610\" data-dt-img-description=\"\" data-large_image_width=\"1600\" data-large_image_height=\"1600\"href='https:\/\/www.radiopiu.net\/wordpress\/wp-content\/uploads\/2026\/03\/3b2a339d-8ac3-41eb-babb-ff7e080f7610.jpg'><img loading=\"lazy\" decoding=\"async\" width=\"150\" height=\"150\" src=\"https:\/\/www.radiopiu.net\/wordpress\/wp-content\/uploads\/2026\/03\/3b2a339d-8ac3-41eb-babb-ff7e080f7610-150x150.jpg\" class=\"attachment-thumbnail size-thumbnail\" alt=\"\" srcset=\"https:\/\/www.radiopiu.net\/wordpress\/wp-content\/uploads\/2026\/03\/3b2a339d-8ac3-41eb-babb-ff7e080f7610-150x150.jpg 150w, https:\/\/www.radiopiu.net\/wordpress\/wp-content\/uploads\/2026\/03\/3b2a339d-8ac3-41eb-babb-ff7e080f7610-300x300.jpg 300w, https:\/\/www.radiopiu.net\/wordpress\/wp-content\/uploads\/2026\/03\/3b2a339d-8ac3-41eb-babb-ff7e080f7610-1024x1024.jpg 1024w, https:\/\/www.radiopiu.net\/wordpress\/wp-content\/uploads\/2026\/03\/3b2a339d-8ac3-41eb-babb-ff7e080f7610-768x768.jpg 768w, https:\/\/www.radiopiu.net\/wordpress\/wp-content\/uploads\/2026\/03\/3b2a339d-8ac3-41eb-babb-ff7e080f7610-1536x1536.jpg 1536w, https:\/\/www.radiopiu.net\/wordpress\/wp-content\/uploads\/2026\/03\/3b2a339d-8ac3-41eb-babb-ff7e080f7610.jpg 1600w\" sizes=\"auto, (max-width: 150px) 100vw, 150px\" \/><\/a>\n\t\t\t\t<\/dt><\/dl><dl class='gallery-item'>\n\t\t\t\t<dt class='gallery-icon portrait'>\n\t\t\t\t\t<a class=\"rollover rollover-zoom dt-pswp-item\" title=\"JFHLJGHS\u00f2\" data-dt-img-description=\"\" data-large_image_width=\"558\" data-large_image_height=\"643\"href='https:\/\/www.radiopiu.net\/wordpress\/wp-content\/uploads\/2026\/03\/JFHLJGHSo-1.jpg'><img loading=\"lazy\" decoding=\"async\" width=\"150\" height=\"150\" src=\"https:\/\/www.radiopiu.net\/wordpress\/wp-content\/uploads\/2026\/03\/JFHLJGHSo-1-150x150.jpg\" class=\"attachment-thumbnail size-thumbnail\" alt=\"\" \/><\/a>\n\t\t\t\t<\/dt><\/dl><dl class='gallery-item'>\n\t\t\t\t<dt class='gallery-icon portrait'>\n\t\t\t\t\t<a class=\"rollover rollover-zoom dt-pswp-item\" title=\"eaba0432-f993-4a2c-9e60-c03da4aed240\" data-dt-img-description=\"\" data-large_image_width=\"983\" data-large_image_height=\"1374\"href='https:\/\/www.radiopiu.net\/wordpress\/wp-content\/uploads\/2026\/03\/eaba0432-f993-4a2c-9e60-c03da4aed240.jpg'><img loading=\"lazy\" decoding=\"async\" width=\"150\" height=\"150\" src=\"https:\/\/www.radiopiu.net\/wordpress\/wp-content\/uploads\/2026\/03\/eaba0432-f993-4a2c-9e60-c03da4aed240-150x150.jpg\" class=\"attachment-thumbnail size-thumbnail\" alt=\"\" \/><\/a>\n\t\t\t\t<\/dt><\/dl><br style=\"clear: both\" \/><dl class='gallery-item'>\n\t\t\t\t<dt class='gallery-icon portrait'>\n\t\t\t\t\t<a class=\"rollover rollover-zoom dt-pswp-item\" title=\"586740953_1283004097175673_3623727418094522816_n\" data-dt-img-description=\"\" data-large_image_width=\"514\" data-large_image_height=\"720\"href='https:\/\/www.radiopiu.net\/wordpress\/wp-content\/uploads\/2025\/11\/586740953_1283004097175673_3623727418094522816_n.jpg'><img loading=\"lazy\" decoding=\"async\" width=\"150\" height=\"150\" src=\"https:\/\/www.radiopiu.net\/wordpress\/wp-content\/uploads\/2025\/11\/586740953_1283004097175673_3623727418094522816_n-150x150.jpg\" class=\"attachment-thumbnail size-thumbnail\" alt=\"\" \/><\/a>\n\t\t\t\t<\/dt><\/dl><dl class='gallery-item'>\n\t\t\t\t<dt class='gallery-icon portrait'>\n\t\t\t\t\t<a class=\"rollover rollover-zoom dt-pswp-item\" title=\"584332528_1279625560846860_1524691345192499574_n\" data-dt-img-description=\"\" data-large_image_width=\"417\" data-large_image_height=\"590\"href='https:\/\/www.radiopiu.net\/wordpress\/wp-content\/uploads\/2025\/11\/584332528_1279625560846860_1524691345192499574_n.jpg'><img loading=\"lazy\" decoding=\"async\" width=\"150\" height=\"150\" src=\"https:\/\/www.radiopiu.net\/wordpress\/wp-content\/uploads\/2025\/11\/584332528_1279625560846860_1524691345192499574_n-150x150.jpg\" class=\"attachment-thumbnail size-thumbnail\" alt=\"\" \/><\/a>\n\t\t\t\t<\/dt><\/dl><dl class='gallery-item'>\n\t\t\t\t<dt class='gallery-icon portrait'>\n\t\t\t\t\t<a class=\"rollover rollover-zoom dt-pswp-item\" title=\"e65e010f-2ee0-47e6-9114-dacef690c3d1\" data-dt-img-description=\"\" data-large_image_width=\"1024\" data-large_image_height=\"1280\"href='https:\/\/www.radiopiu.net\/wordpress\/wp-content\/uploads\/2026\/01\/e65e010f-2ee0-47e6-9114-dacef690c3d1.jpg'><img loading=\"lazy\" decoding=\"async\" width=\"150\" height=\"150\" src=\"https:\/\/www.radiopiu.net\/wordpress\/wp-content\/uploads\/2026\/01\/e65e010f-2ee0-47e6-9114-dacef690c3d1-150x150.jpg\" class=\"attachment-thumbnail size-thumbnail\" alt=\"\" \/><\/a>\n\t\t\t\t<\/dt><\/dl><dl class='gallery-item'>\n\t\t\t\t<dt class='gallery-icon portrait'>\n\t\t\t\t\t<a class=\"rollover rollover-zoom dt-pswp-item\" title=\"521cd068-a2ac-47be-8a3b-f1488d1c7c13\" data-dt-img-description=\"\" data-large_image_width=\"513\" data-large_image_height=\"640\"href='https:\/\/www.radiopiu.net\/wordpress\/wp-content\/uploads\/2026\/03\/521cd068-a2ac-47be-8a3b-f1488d1c7c13.jpg'><img loading=\"lazy\" decoding=\"async\" width=\"150\" height=\"150\" src=\"https:\/\/www.radiopiu.net\/wordpress\/wp-content\/uploads\/2026\/03\/521cd068-a2ac-47be-8a3b-f1488d1c7c13-150x150.jpg\" class=\"attachment-thumbnail size-thumbnail\" alt=\"\" \/><\/a>\n\t\t\t\t<\/dt><\/dl><dl class='gallery-item'>\n\t\t\t\t<dt class='gallery-icon portrait'>\n\t\t\t\t\t<a class=\"rollover rollover-zoom dt-pswp-item\" title=\"3c7fa214-99cc-47e4-8d26-d1df3cd8b201\" data-dt-img-description=\"\" data-large_image_width=\"1190\" data-large_image_height=\"1600\"href='https:\/\/www.radiopiu.net\/wordpress\/wp-content\/uploads\/2026\/03\/3c7fa214-99cc-47e4-8d26-d1df3cd8b201.jpg'><img loading=\"lazy\" decoding=\"async\" width=\"150\" height=\"150\" src=\"https:\/\/www.radiopiu.net\/wordpress\/wp-content\/uploads\/2026\/03\/3c7fa214-99cc-47e4-8d26-d1df3cd8b201-150x150.jpg\" class=\"attachment-thumbnail size-thumbnail\" alt=\"\" \/><\/a>\n\t\t\t\t<\/dt><\/dl><br style=\"clear: both\" \/><dl class='gallery-item'>\n\t\t\t\t<dt class='gallery-icon portrait'>\n\t\t\t\t\t<a class=\"rollover rollover-zoom dt-pswp-item\" title=\"ac3bec6c-9d20-4068-b6cc-fe32828b8691\" data-dt-img-description=\"\" data-large_image_width=\"939\" data-large_image_height=\"1302\"href='https:\/\/www.radiopiu.net\/wordpress\/wp-content\/uploads\/2026\/03\/ac3bec6c-9d20-4068-b6cc-fe32828b8691.jpg'><img loading=\"lazy\" decoding=\"async\" width=\"150\" height=\"150\" src=\"https:\/\/www.radiopiu.net\/wordpress\/wp-content\/uploads\/2026\/03\/ac3bec6c-9d20-4068-b6cc-fe32828b8691-150x150.jpg\" class=\"attachment-thumbnail size-thumbnail\" alt=\"\" \/><\/a>\n\t\t\t\t<\/dt><\/dl><dl class='gallery-item'>\n\t\t\t\t<dt class='gallery-icon portrait'>\n\t\t\t\t\t<a class=\"rollover rollover-zoom dt-pswp-item\" title=\"gin post can\" data-dt-img-description=\"\" data-large_image_width=\"648\" data-large_image_height=\"819\"href='https:\/\/www.radiopiu.net\/wordpress\/wp-content\/uploads\/2026\/03\/gin-post-can.jpg'><img loading=\"lazy\" decoding=\"async\" width=\"150\" height=\"150\" src=\"https:\/\/www.radiopiu.net\/wordpress\/wp-content\/uploads\/2026\/03\/gin-post-can-150x150.jpg\" class=\"attachment-thumbnail size-thumbnail\" alt=\"\" \/><\/a>\n\t\t\t\t<\/dt><\/dl><dl class='gallery-item'>\n\t\t\t\t<dt class='gallery-icon portrait'>\n\t\t\t\t\t<a class=\"rollover rollover-zoom dt-pswp-item\" title=\"649829132_1399275798668081_1623068814339304057_n\" data-dt-img-description=\"\" data-large_image_width=\"1131\" data-large_image_height=\"1600\"href='https:\/\/www.radiopiu.net\/wordpress\/wp-content\/uploads\/2026\/03\/649829132_1399275798668081_1623068814339304057_n.jpg'><img loading=\"lazy\" decoding=\"async\" width=\"150\" height=\"150\" src=\"https:\/\/www.radiopiu.net\/wordpress\/wp-content\/uploads\/2026\/03\/649829132_1399275798668081_1623068814339304057_n-150x150.jpg\" class=\"attachment-thumbnail size-thumbnail\" alt=\"\" \/><\/a>\n\t\t\t\t<\/dt><\/dl>\n\t\t\t\t<br style='clear: both' \/>\n\t\t\t<\/div>\n\n<p>&nbsp;<\/p>\n<p>&nbsp;<\/p>\n<hr \/>\n<p>&nbsp;<\/p>\n<p class=\"mceTemp\"><a class=\"dt-pswp-item\" href=\"https:\/\/www.radiopiu.net\/wordpress\/wp-content\/uploads\/2018\/09\/WhatsApp-Image-2018-09-20-at-16.04.06.jpeg\" data-dt-img-description=\"\" data-large_image_width=\"800\" data-large_image_height=\"100\"><img loading=\"lazy\" decoding=\"async\" class=\"wp-image-61378 size-full aligncenter\" src=\"https:\/\/www.radiopiu.net\/wordpress\/wp-content\/uploads\/2018\/09\/WhatsApp-Image-2018-09-20-at-16.04.06.jpeg\" alt=\"\" width=\"800\" height=\"100\" srcset=\"https:\/\/www.radiopiu.net\/wordpress\/wp-content\/uploads\/2018\/09\/WhatsApp-Image-2018-09-20-at-16.04.06.jpeg 800w, https:\/\/www.radiopiu.net\/wordpress\/wp-content\/uploads\/2018\/09\/WhatsApp-Image-2018-09-20-at-16.04.06-300x38.jpeg 300w, https:\/\/www.radiopiu.net\/wordpress\/wp-content\/uploads\/2018\/09\/WhatsApp-Image-2018-09-20-at-16.04.06-768x96.jpeg 768w\" sizes=\"auto, (max-width: 800px) 100vw, 800px\" \/><\/a><\/p>\n<p>&nbsp;<\/p>\n<p><center><b>OGGI<\/b><\/center>Cielo molto nuvoloso o coperto.<br \/>\nPrecipitazioni generalmente assenti al mattino, pi\u00f9 probabili dal pomeriggio con intensit\u00e0 debole o moderata, diffuse ed intensificazione alla sera.<br \/>\nTemperature massime in calo, minime in lieve aumento.<\/p>\n<hr \/>\n<p><center><b>DOMANI<\/b><\/center>Cielo coperto.<br \/>\n<b>Precipitazioni: <\/b>Diffuse nella notte di moderata intensit\u00e0, in attenuazione al primo mattino ed in esaurimento nel corso della giornata. Quota neve simile a sabato (1200-1600 m), in innalzamento a fine episodio.<br \/>\n<b>Temperature: <\/b>Stazionarie o in lieve calo sia nei valori minimi che massimi<\/p>\n<hr \/>\n<p><center><b>LUNEDI<\/b><\/center>Cielo inizialmente poco o parzialmente nuvoloso. In serata annuvolamenti pi\u00f9 consistenti e nuove precipitazioni, meno intense rispetto all&#8217;episodio del fine settimana ed eventualmente nevose oltre i 1400-1700 m.<\/p>\n<hr \/>\n<p><center><b>MARTEDI<\/b><\/center>Miglioramento fino a in prevalenza soleggiato in giornata e assenza di fenomeni.<\/p>\n<p>&nbsp;<\/p>\n<hr \/>\n<p>&nbsp;<\/p>\n<p class=\"mceTemp\"><a class=\"dt-pswp-item\" href=\"https:\/\/www.radiopiu.net\/wordpress\/wp-content\/uploads\/2018\/09\/sport.jpg\" data-dt-img-description=\"\" data-large_image_width=\"800\" data-large_image_height=\"100\"><img loading=\"lazy\" decoding=\"async\" class=\"aligncenter wp-image-60761 size-full\" src=\"https:\/\/www.radiopiu.net\/wordpress\/wp-content\/uploads\/2018\/09\/sport.jpg\" alt=\"\" width=\"800\" height=\"100\" srcset=\"https:\/\/www.radiopiu.net\/wordpress\/wp-content\/uploads\/2018\/09\/sport.jpg 800w, https:\/\/www.radiopiu.net\/wordpress\/wp-content\/uploads\/2018\/09\/sport-300x38.jpg 300w, https:\/\/www.radiopiu.net\/wordpress\/wp-content\/uploads\/2018\/09\/sport-768x96.jpg 768w\" sizes=\"auto, (max-width: 800px) 100vw, 800px\" \/> <\/a><\/p>\n<p><span style=\"color: #0000ff;\"><strong>\u00a0 \u00a0<\/strong><\/span><\/p>\n<p><span style=\"color: #0000ff;\"><strong>PARALIMPIADI<\/strong><\/span><\/p>\n<blockquote>\n<h3 style=\"text-align: center;\">RENE&#8217; DE SILVESTRO VINCE L&#8217;ORO NELLO SLALOM GIGANTE. UNDICESIMO LUCA PALLA<\/h3>\n<\/blockquote>\n<p><strong><a class=\"dt-pswp-item\" href=\"https:\/\/www.radiopiu.net\/wordpress\/wp-content\/uploads\/2026\/03\/rene-de-silvestro.jpg\" data-dt-img-description=\"\" data-large_image_width=\"855\" data-large_image_height=\"465\"><img loading=\"lazy\" decoding=\"async\" class=\"aligncenter size-medium wp-image-501436\" src=\"https:\/\/www.radiopiu.net\/wordpress\/wp-content\/uploads\/2026\/03\/rene-de-silvestro-300x163.jpg\" alt=\"\" width=\"300\" height=\"163\" srcset=\"https:\/\/www.radiopiu.net\/wordpress\/wp-content\/uploads\/2026\/03\/rene-de-silvestro-300x163.jpg 300w, https:\/\/www.radiopiu.net\/wordpress\/wp-content\/uploads\/2026\/03\/rene-de-silvestro-768x418.jpg 768w, https:\/\/www.radiopiu.net\/wordpress\/wp-content\/uploads\/2026\/03\/rene-de-silvestro.jpg 855w\" sizes=\"auto, (max-width: 300px) 100vw, 300px\" \/><\/a>\u00a0<\/strong><\/p>\n<p><span class=\"BZ_Pyq_fadeIn\">Grande <\/span><span class=\"BZ_Pyq_fadeIn\">giornata <\/span><span class=\"BZ_Pyq_fadeIn\">per <\/span><span class=\"BZ_Pyq_fadeIn\">l\u2019Italia <\/span><span class=\"BZ_Pyq_fadeIn\">alle <\/span><span class=\"BZ_Pyq_fadeIn\">Paralimpiadi <\/span><span class=\"BZ_Pyq_fadeIn\">invernali <\/span><span class=\"BZ_Pyq_fadeIn\">di <\/span><span class=\"BZ_Pyq_fadeIn\">Milano-<\/span><span class=\"BZ_Pyq_fadeIn\">Cortina <\/span><span class=\"BZ_Pyq_fadeIn\">2026. <\/span><span class=\"BZ_Pyq_fadeIn\">Lo <\/span><span class=\"BZ_Pyq_fadeIn\">sciatore <\/span><span class=\"BZ_Pyq_fadeIn\">veneto <\/span><span class=\"hover:entity-accent entity-underline inline cursor-pointer align-baseline\"><span class=\"whitespace-normal\">Ren\u00e9 De Silvestro<\/span><\/span> <span class=\"BZ_Pyq_fadeIn\">ha <\/span><span class=\"BZ_Pyq_fadeIn\">conquistato <\/span><span class=\"BZ_Pyq_fadeIn\">oggi <\/span><span class=\"BZ_Pyq_fadeIn\">una <\/span><span class=\"BZ_Pyq_fadeIn\">splendida <\/span><span class=\"BZ_Pyq_fadeIn\">vittoria <\/span><span class=\"BZ_Pyq_fadeIn\">nello <\/span><span class=\"BZ_Pyq_fadeIn\">sci <\/span><span class=\"BZ_Pyq_fadeIn\">alpino <\/span><span class=\"BZ_Pyq_fadeIn\">paralimpico, <\/span><span class=\"BZ_Pyq_fadeIn\">regalando <\/span><span class=\"BZ_Pyq_fadeIn\">un\u2019altra <\/span><span class=\"BZ_Pyq_fadeIn\">medaglia <\/span><span class=\"BZ_Pyq_fadeIn\">alla <\/span><span class=\"BZ_Pyq_fadeIn\">spedizione <\/span><span class=\"BZ_Pyq_fadeIn\">azzurra. <\/span><span class=\"BZ_Pyq_fadeIn\">L\u2019atleta <\/span><span class=\"BZ_Pyq_fadeIn\">di <\/span><span class=\"BZ_Pyq_fadeIn\">San <\/span><span class=\"BZ_Pyq_fadeIn\">Vito <\/span><span class=\"BZ_Pyq_fadeIn\">di <\/span><span class=\"BZ_Pyq_fadeIn\">Cadore <\/span><span class=\"BZ_Pyq_fadeIn\">ha <\/span><span class=\"BZ_Pyq_fadeIn\">disputato <\/span><span class=\"BZ_Pyq_fadeIn\">una <\/span><span class=\"BZ_Pyq_fadeIn\">gara <\/span><span class=\"BZ_Pyq_fadeIn\">straordinaria <\/span><span class=\"BZ_Pyq_fadeIn\">nella <\/span><span class=\"BZ_Pyq_fadeIn\">categoria <\/span><span class=\"BZ_Pyq_fadeIn\">sitting, <\/span><span class=\"BZ_Pyq_fadeIn\">dominando <\/span><span class=\"BZ_Pyq_fadeIn\">la <\/span><span class=\"BZ_Pyq_fadeIn\">prova <\/span><span class=\"BZ_Pyq_fadeIn\">con <\/span><span class=\"BZ_Pyq_fadeIn\">grande <\/span><span class=\"BZ_Pyq_fadeIn\">tecnica <\/span><span class=\"BZ_Pyq_fadeIn\">e <\/span><span class=\"BZ_Pyq_fadeIn\">velocit\u00e0 <\/span><span class=\"BZ_Pyq_fadeIn\">sulle <\/span><span class=\"BZ_Pyq_fadeIn\">piste <\/span><span class=\"BZ_Pyq_fadeIn\">di <\/span><span class=\"BZ_Pyq_fadeIn\">Cortina. <\/span><span class=\"BZ_Pyq_fadeIn\">Dopo <\/span><span class=\"BZ_Pyq_fadeIn\">una <\/span><span class=\"BZ_Pyq_fadeIn\">manche <\/span><span class=\"BZ_Pyq_fadeIn\">molto <\/span><span class=\"BZ_Pyq_fadeIn\">solida, <\/span><span class=\"BZ_Pyq_fadeIn\">De <\/span><span class=\"BZ_Pyq_fadeIn\">Silvestro <\/span><span class=\"BZ_Pyq_fadeIn\">ha <\/span><span class=\"BZ_Pyq_fadeIn\">mantenuto <\/span><span class=\"BZ_Pyq_fadeIn\">sangue <\/span><span class=\"BZ_Pyq_fadeIn\">freddo <\/span><span class=\"BZ_Pyq_fadeIn\">anche <\/span><span class=\"BZ_Pyq_fadeIn\">nella <\/span><span class=\"BZ_Pyq_fadeIn\">seconda <\/span><span class=\"BZ_Pyq_fadeIn\">parte <\/span><span class=\"BZ_Pyq_fadeIn\">della <\/span><span class=\"BZ_Pyq_fadeIn\">gara, <\/span><span class=\"BZ_Pyq_fadeIn\">riuscendo <\/span><span class=\"BZ_Pyq_fadeIn\">a <\/span><span class=\"BZ_Pyq_fadeIn\">precedere <\/span><span class=\"BZ_Pyq_fadeIn\">gli <\/span><span class=\"BZ_Pyq_fadeIn\">avversari <\/span><span class=\"BZ_Pyq_fadeIn\">e <\/span><span class=\"BZ_Pyq_fadeIn\">a <\/span><span class=\"BZ_Pyq_fadeIn\">salire <\/span><span class=\"BZ_Pyq_fadeIn\">sul <\/span><span class=\"BZ_Pyq_fadeIn\">gradino <\/span><span class=\"BZ_Pyq_fadeIn\">pi\u00f9 <\/span><span class=\"BZ_Pyq_fadeIn\">alto <\/span><span class=\"BZ_Pyq_fadeIn\">del <\/span><span class=\"BZ_Pyq_fadeIn\">podio.\u00a0 <\/span><span class=\"BZ_Pyq_fadeIn\">Per <\/span><span class=\"BZ_Pyq_fadeIn\">il <\/span><span class=\"BZ_Pyq_fadeIn\">campione <\/span><span class=\"BZ_Pyq_fadeIn\">azzurro <\/span><span class=\"BZ_Pyq_fadeIn\">si <\/span><span class=\"BZ_Pyq_fadeIn\">tratta <\/span><span class=\"BZ_Pyq_fadeIn\">di <\/span><span class=\"BZ_Pyq_fadeIn\">un <\/span><span class=\"BZ_Pyq_fadeIn\">successo <\/span><span class=\"BZ_Pyq_fadeIn\">importante, <\/span><span class=\"BZ_Pyq_fadeIn\">arrivato <\/span><span class=\"BZ_Pyq_fadeIn\">davanti <\/span><span class=\"BZ_Pyq_fadeIn\">al <\/span><span class=\"BZ_Pyq_fadeIn\">pubblico <\/span><span class=\"BZ_Pyq_fadeIn\">di <\/span><span class=\"BZ_Pyq_fadeIn\">casa, <\/span><span class=\"BZ_Pyq_fadeIn\">che <\/span><span class=\"BZ_Pyq_fadeIn\">lo <\/span><span class=\"BZ_Pyq_fadeIn\">ha <\/span><span class=\"BZ_Pyq_fadeIn\">sostenuto <\/span><span class=\"BZ_Pyq_fadeIn\">lungo <\/span><span class=\"BZ_Pyq_fadeIn\">tutto <\/span><span class=\"BZ_Pyq_fadeIn\">il <\/span><span class=\"BZ_Pyq_fadeIn\">percorso. Sempre nello slalom gigante, ma categoria standing, in gara anche Luca Palla che ha chiuso all&#8217;undicesimo posto.\u00a0<\/span><\/p>\n<p>&nbsp;<\/p>\n<p><span style=\"color: #0000ff;\"><strong>CALCIO<\/strong><\/span><\/p>\n<blockquote>\n<h3 style=\"text-align: center;\"><span class=\"BZ_Pyq_fadeIn\">FINE <\/span><span class=\"BZ_Pyq_fadeIn\">SETTIMANA <\/span><span class=\"BZ_Pyq_fadeIn\">DI <\/span><span class=\"BZ_Pyq_fadeIn\">CALCIO <\/span><span class=\"BZ_Pyq_fadeIn\">PER <\/span><span class=\"BZ_Pyq_fadeIn\">L\u2019AGORDINA: <\/span><span class=\"BZ_Pyq_fadeIn\">SFIDE <\/span><span class=\"BZ_Pyq_fadeIn\">DECISIVE <\/span><span class=\"BZ_Pyq_fadeIn\">IN <\/span><span class=\"BZ_Pyq_fadeIn\">TUTTE <\/span><span class=\"BZ_Pyq_fadeIn\">LE <\/span><span class=\"BZ_Pyq_fadeIn\">CATEGORIE<\/span><\/h3>\n<\/blockquote>\n<p><span class=\"BZ_Pyq_fadeIn\"><a class=\"dt-pswp-item\" href=\"https:\/\/www.radiopiu.net\/wordpress\/wp-content\/uploads\/2019\/09\/AGORDINA-CALCIO.jpeg\" data-dt-img-description=\"\" data-large_image_width=\"225\" data-large_image_height=\"225\"><img loading=\"lazy\" decoding=\"async\" class=\"aligncenter size-full wp-image-97575\" src=\"https:\/\/www.radiopiu.net\/wordpress\/wp-content\/uploads\/2019\/09\/AGORDINA-CALCIO.jpeg\" alt=\"\" width=\"225\" height=\"225\" srcset=\"https:\/\/www.radiopiu.net\/wordpress\/wp-content\/uploads\/2019\/09\/AGORDINA-CALCIO.jpeg 225w, https:\/\/www.radiopiu.net\/wordpress\/wp-content\/uploads\/2019\/09\/AGORDINA-CALCIO-150x150.jpeg 150w\" sizes=\"auto, (max-width: 225px) 100vw, 225px\" \/><\/a>\u00a0<\/span><\/p>\n<p><span class=\"BZ_Pyq_fadeIn\">Il <\/span><span class=\"BZ_Pyq_fadeIn\">fine <\/span><span class=\"BZ_Pyq_fadeIn\">settimana <\/span><span class=\"BZ_Pyq_fadeIn\">calcistico <\/span><span class=\"BZ_Pyq_fadeIn\">dell\u2019Agordina <\/span><span class=\"BZ_Pyq_fadeIn\">si <\/span><span class=\"BZ_Pyq_fadeIn\">preannuncia <\/span><span class=\"BZ_Pyq_fadeIn\">intenso <\/span><span class=\"BZ_Pyq_fadeIn\">e <\/span><span class=\"BZ_Pyq_fadeIn\">ricco <\/span><span class=\"BZ_Pyq_fadeIn\">di <\/span><span class=\"BZ_Pyq_fadeIn\">emozioni <\/span><span class=\"BZ_Pyq_fadeIn\">per <\/span><span class=\"BZ_Pyq_fadeIn\">tutte <\/span><span class=\"BZ_Pyq_fadeIn\">le <\/span><span class=\"BZ_Pyq_fadeIn\">squadre <\/span><span class=\"BZ_Pyq_fadeIn\">del <\/span><span class=\"BZ_Pyq_fadeIn\">settore <\/span><span class=\"BZ_Pyq_fadeIn\">giovanile <\/span><span class=\"BZ_Pyq_fadeIn\">e <\/span><span class=\"BZ_Pyq_fadeIn\">senior. <\/span><span class=\"BZ_Pyq_fadeIn\">In <\/span><span class=\"BZ_Pyq_fadeIn\">Seconda <\/span><span class=\"BZ_Pyq_fadeIn\">Categoria, <\/span><span class=\"BZ_Pyq_fadeIn\">girone <\/span><span class=\"BZ_Pyq_fadeIn\">R <\/span><span class=\"BZ_Pyq_fadeIn\">del <\/span><span class=\"BZ_Pyq_fadeIn\">Veneto, <\/span><span class=\"BZ_Pyq_fadeIn\">domani <\/span><span class=\"BZ_Pyq_fadeIn\">alle <\/span><span class=\"BZ_Pyq_fadeIn\">14:<\/span><span class=\"BZ_Pyq_fadeIn\">30 <\/span><span class=\"BZ_Pyq_fadeIn\">l\u2019Agordina <\/span><span class=\"BZ_Pyq_fadeIn\">affronter\u00e0 <\/span><span class=\"BZ_Pyq_fadeIn\">il <\/span><span class=\"BZ_Pyq_fadeIn\">Ponte <\/span><span class=\"BZ_Pyq_fadeIn\">nelle <\/span><span class=\"BZ_Pyq_fadeIn\">Alpi, <\/span><span class=\"BZ_Pyq_fadeIn\">formazione <\/span><span class=\"BZ_Pyq_fadeIn\">ambiziosa <\/span><span class=\"BZ_Pyq_fadeIn\">che <\/span><span class=\"BZ_Pyq_fadeIn\">punta <\/span><span class=\"BZ_Pyq_fadeIn\">al <\/span><span class=\"BZ_Pyq_fadeIn\">salto <\/span><span class=\"BZ_Pyq_fadeIn\">di <\/span><span class=\"BZ_Pyq_fadeIn\">categoria: <\/span><span class=\"BZ_Pyq_fadeIn\">una <\/span><span class=\"BZ_Pyq_fadeIn\">sfida <\/span><span class=\"BZ_Pyq_fadeIn\">difficile <\/span><span class=\"BZ_Pyq_fadeIn\">ma <\/span><span class=\"BZ_Pyq_fadeIn\">fondamentale <\/span><span class=\"BZ_Pyq_fadeIn\">per <\/span><span class=\"BZ_Pyq_fadeIn\">i <\/span><span class=\"BZ_Pyq_fadeIn\">padroni <\/span><span class=\"BZ_Pyq_fadeIn\">di <\/span><span class=\"BZ_Pyq_fadeIn\">casa. <\/span><span class=\"BZ_Pyq_fadeIn\">Per <\/span><span class=\"BZ_Pyq_fadeIn\">gli <\/span><span class=\"BZ_Pyq_fadeIn\">Allievi <\/span><span class=\"BZ_Pyq_fadeIn\">Regionali, <\/span><span class=\"BZ_Pyq_fadeIn\">domani <\/span><span class=\"BZ_Pyq_fadeIn\">alle <\/span><span class=\"BZ_Pyq_fadeIn\">10:<\/span><span class=\"BZ_Pyq_fadeIn\">30 <\/span><span class=\"BZ_Pyq_fadeIn\">trasferta <\/span><span class=\"BZ_Pyq_fadeIn\">a <\/span><span class=\"BZ_Pyq_fadeIn\">Cavarzano: <\/span><span class=\"BZ_Pyq_fadeIn\">l\u2019Agordina <\/span><span class=\"BZ_Pyq_fadeIn\">\u00e8 <\/span><span class=\"BZ_Pyq_fadeIn\">in <\/span><span class=\"BZ_Pyq_fadeIn\">zona <\/span><span class=\"BZ_Pyq_fadeIn\">salvezza, <\/span><span class=\"BZ_Pyq_fadeIn\">ma <\/span><span class=\"BZ_Pyq_fadeIn\">la <\/span><span class=\"BZ_Pyq_fadeIn\">classifica <\/span><span class=\"BZ_Pyq_fadeIn\">corta <\/span><span class=\"BZ_Pyq_fadeIn\">rende <\/span><span class=\"BZ_Pyq_fadeIn\">ogni <\/span><span class=\"BZ_Pyq_fadeIn\">punto <\/span><span class=\"BZ_Pyq_fadeIn\">prezioso <\/span><span class=\"BZ_Pyq_fadeIn\">per <\/span><span class=\"BZ_Pyq_fadeIn\">mantenere <\/span><span class=\"BZ_Pyq_fadeIn\">la <\/span><span class=\"BZ_Pyq_fadeIn\">posizione <\/span><span class=\"BZ_Pyq_fadeIn\">e <\/span><span class=\"BZ_Pyq_fadeIn\">guardare <\/span><span class=\"BZ_Pyq_fadeIn\">con <\/span><span class=\"BZ_Pyq_fadeIn\">fiducia <\/span><span class=\"BZ_Pyq_fadeIn\">al <\/span><span class=\"BZ_Pyq_fadeIn\">futuro. <\/span><span class=\"BZ_Pyq_fadeIn\">Oggi <\/span><span class=\"BZ_Pyq_fadeIn\">pomeriggio, <\/span><span class=\"BZ_Pyq_fadeIn\">alle <\/span><span class=\"BZ_Pyq_fadeIn\">15, <\/span><span class=\"BZ_Pyq_fadeIn\">i <\/span><span class=\"BZ_Pyq_fadeIn\">Giovanissimi <\/span><span class=\"BZ_Pyq_fadeIn\">Provinciali <\/span><span class=\"BZ_Pyq_fadeIn\">ospitano <\/span><span class=\"BZ_Pyq_fadeIn\">il <\/span><span class=\"BZ_Pyq_fadeIn\">Limana: <\/span><span class=\"BZ_Pyq_fadeIn\">dopo <\/span><span class=\"BZ_Pyq_fadeIn\">due <\/span><span class=\"BZ_Pyq_fadeIn\">sconfitte <\/span><span class=\"BZ_Pyq_fadeIn\">consecutive <\/span><span class=\"BZ_Pyq_fadeIn\">contro <\/span><span class=\"BZ_Pyq_fadeIn\">le <\/span><span class=\"BZ_Pyq_fadeIn\">prime <\/span><span class=\"BZ_Pyq_fadeIn\">della <\/span><span class=\"BZ_Pyq_fadeIn\">classifica, <\/span><span class=\"BZ_Pyq_fadeIn\">la <\/span><span class=\"BZ_Pyq_fadeIn\">squadra <\/span><span class=\"BZ_Pyq_fadeIn\">cercher\u00e0 <\/span><span class=\"BZ_Pyq_fadeIn\">i <\/span><span class=\"BZ_Pyq_fadeIn\">tre <\/span><span class=\"BZ_Pyq_fadeIn\">punti <\/span><span class=\"BZ_Pyq_fadeIn\">per <\/span><span class=\"BZ_Pyq_fadeIn\">consolidare <\/span><span class=\"BZ_Pyq_fadeIn\">il <\/span><span class=\"BZ_Pyq_fadeIn\">terzo <\/span><span class=\"BZ_Pyq_fadeIn\">posto <\/span><span class=\"BZ_Pyq_fadeIn\">e <\/span><span class=\"BZ_Pyq_fadeIn\">rilanciare <\/span><span class=\"BZ_Pyq_fadeIn\">morale <\/span><span class=\"BZ_Pyq_fadeIn\">e <\/span><span class=\"BZ_Pyq_fadeIn\">fiducia. <\/span><span class=\"BZ_Pyq_fadeIn\">Un <\/span><span class=\"BZ_Pyq_fadeIn\">fine <\/span><span class=\"BZ_Pyq_fadeIn\">settimana <\/span><span class=\"BZ_Pyq_fadeIn\">decisivo, <\/span><span class=\"BZ_Pyq_fadeIn\">dunque, <\/span><span class=\"BZ_Pyq_fadeIn\">che <\/span><span class=\"BZ_Pyq_fadeIn\">mette <\/span><span class=\"BZ_Pyq_fadeIn\">in <\/span><span class=\"BZ_Pyq_fadeIn\">luce <\/span><span class=\"BZ_Pyq_fadeIn\">il <\/span><span class=\"BZ_Pyq_fadeIn\">lavoro <\/span><span class=\"BZ_Pyq_fadeIn\">sul <\/span><span class=\"BZ_Pyq_fadeIn\">campo <\/span><span class=\"BZ_Pyq_fadeIn\">e <\/span><span class=\"BZ_Pyq_fadeIn\">l\u2019impegno <\/span><span class=\"BZ_Pyq_fadeIn\">dei <\/span><span class=\"BZ_Pyq_fadeIn\">giovani <\/span><span class=\"BZ_Pyq_fadeIn\">talenti <\/span><span class=\"BZ_Pyq_fadeIn\">dell\u2019Agordina.<\/span><\/p>\n<p>&nbsp;<\/p>\n<p>&nbsp;<\/p>\n<p>&nbsp;<\/p>\n<p>&nbsp;<\/p>\n<p>&nbsp;<\/p>\n","protected":false},"excerpt":{"rendered":"<p>********* &nbsp; LA\u00a0 \u00a0 APP LA\u00a0 APP PER IOS-IPHONE di Nicola Vettorello https:\/\/apps.apple.com\/it\/app\/radio-pi%C3%B9-emittente-agordina\/id1515939845 LA\u00a0 APP RADIO\u00a0 PER ANDROID di Nicola Vettorello https:\/\/play.google.com\/store\/apps\/details?id=net.radiopiu.iniko\u00a0\u00a0\u00a0\u00a0\u00a0 &nbsp; &nbsp; &nbsp; SU RADIO PI\u00d9: MUSICA, STORIE E INFORMAZIONE NON STOP! \u00a0 Radio Pi\u00f9 propone una giornata ricca di appuntamenti per informare, intrattenere e far ballare i propri ascoltatori. Si parte alle&hellip;<\/p>\n","protected":false},"author":4,"featured_media":501479,"comment_status":"closed","ping_status":"closed","sticky":false,"template":"","format":"standard","meta":{"_monsterinsights_skip_tracking":false,"_monsterinsights_sitenote_active":false,"_monsterinsights_sitenote_note":"","_monsterinsights_sitenote_category":0,"footnotes":""},"categories":[51,86,49],"tags":[],"class_list":["post-501358","post","type-post","status-publish","format-standard","has-post-thumbnail","hentry","category-evidenza-top","category-gr","category-news-18","category-51","category-86","category-49","description-off"],"img_url":"https:\/\/www.radiopiu.net\/wordpress\/wp-content\/uploads\/2026\/03\/gruppo-scaled.jpg","_links":{"self":[{"href":"https:\/\/www.radiopiu.net\/wordpress\/wp-json\/wp\/v2\/posts\/501358","targetHints":{"allow":["GET"]}}],"collection":[{"href":"https:\/\/www.radiopiu.net\/wordpress\/wp-json\/wp\/v2\/posts"}],"about":[{"href":"https:\/\/www.radiopiu.net\/wordpress\/wp-json\/wp\/v2\/types\/post"}],"author":[{"embeddable":true,"href":"https:\/\/www.radiopiu.net\/wordpress\/wp-json\/wp\/v2\/users\/4"}],"replies":[{"embeddable":true,"href":"https:\/\/www.radiopiu.net\/wordpress\/wp-json\/wp\/v2\/comments?post=501358"}],"version-history":[{"count":49,"href":"https:\/\/www.radiopiu.net\/wordpress\/wp-json\/wp\/v2\/posts\/501358\/revisions"}],"predecessor-version":[{"id":501637,"href":"https:\/\/www.radiopiu.net\/wordpress\/wp-json\/wp\/v2\/posts\/501358\/revisions\/501637"}],"wp:featuredmedia":[{"embeddable":true,"href":"https:\/\/www.radiopiu.net\/wordpress\/wp-json\/wp\/v2\/media\/501479"}],"wp:attachment":[{"href":"https:\/\/www.radiopiu.net\/wordpress\/wp-json\/wp\/v2\/media?parent=501358"}],"wp:term":[{"taxonomy":"category","embeddable":true,"href":"https:\/\/www.radiopiu.net\/wordpress\/wp-json\/wp\/v2\/categories?post=501358"},{"taxonomy":"post_tag","embeddable":true,"href":"https:\/\/www.radiopiu.net\/wordpress\/wp-json\/wp\/v2\/tags?post=501358"}],"curies":[{"name":"wp","href":"https:\/\/api.w.org\/{rel}","templated":true}]}}