{"id":501416,"date":"2026-03-13T15:04:27","date_gmt":"2026-03-13T14:04:27","guid":{"rendered":"https:\/\/www.radiopiu.net\/wordpress\/?p=501416"},"modified":"2026-03-13T15:04:38","modified_gmt":"2026-03-13T14:04:38","slug":"soccorsi-tra-strada-e-piste-da-sci-nel-bellunese-incidente-a-bribano-ferito-un-uomo-di-63-anni","status":"publish","type":"post","link":"https:\/\/www.radiopiu.net\/wordpress\/soccorsi-tra-strada-e-piste-da-sci-nel-bellunese-incidente-a-bribano-ferito-un-uomo-di-63-anni\/","title":{"rendered":"SOCCORSI TRA STRADA E PISTE DA SCI NEL BELLUNESE &#8211; INCIDENTE A BRIBANO, FERITO UN UOMO DI 63 ANNI"},"content":{"rendered":"<p>**<\/p>\n<p data-start=\"52\" data-end=\"465\"><strong>BELLUNO<\/strong><\/p>\n<p data-start=\"52\" data-end=\"465\"><a class=\"dt-pswp-item\" href=\"https:\/\/www.radiopiu.net\/wordpress\/wp-content\/uploads\/2026\/03\/6ae9a676-5f53-497c-8d38-0751a1f76344.png\" data-dt-img-description=\"\" data-large_image_width=\"1536\" data-large_image_height=\"1024\"><img loading=\"lazy\" decoding=\"async\" class=\"aligncenter size-medium wp-image-501417\" src=\"https:\/\/www.radiopiu.net\/wordpress\/wp-content\/uploads\/2026\/03\/6ae9a676-5f53-497c-8d38-0751a1f76344-300x200.png\" alt=\"\" width=\"300\" height=\"200\" srcset=\"https:\/\/www.radiopiu.net\/wordpress\/wp-content\/uploads\/2026\/03\/6ae9a676-5f53-497c-8d38-0751a1f76344-300x200.png 300w, https:\/\/www.radiopiu.net\/wordpress\/wp-content\/uploads\/2026\/03\/6ae9a676-5f53-497c-8d38-0751a1f76344-1024x683.png 1024w, https:\/\/www.radiopiu.net\/wordpress\/wp-content\/uploads\/2026\/03\/6ae9a676-5f53-497c-8d38-0751a1f76344-768x512.png 768w, https:\/\/www.radiopiu.net\/wordpress\/wp-content\/uploads\/2026\/03\/6ae9a676-5f53-497c-8d38-0751a1f76344.png 1536w\" sizes=\"auto, (max-width: 300px) 100vw, 300px\" \/><\/a><\/p>\n<p data-start=\"52\" data-end=\"465\">\u00c8 stato l\u2019incidente stradale avvenuto a Bribano l\u2019intervento pi\u00f9 rilevante registrato nelle ultime ore dal Suem 118 Dolomiti. L\u2019allarme \u00e8 scattato alle 11.21 per uno scontro che ha coinvolto un uomo di 63 anni residente a Belluno, soccorso dal personale sanitario e trasportato all\u2019ospedale San Martino con codice di gravit\u00e0 3, il pi\u00f9 serio tra quelli registrati nella mattinata.<\/p>\n<p data-start=\"467\" data-end=\"692\">La Centrale operativa del 118 di Belluno ha coordinato l\u2019intervento inviando sul posto i mezzi di soccorso per prestare assistenza al ferito e trasferirlo rapidamente in ospedale per gli accertamenti e le cure necessarie.<\/p>\n<p data-start=\"694\" data-end=\"1253\">Non sono mancati altri interventi sulle Dolomiti. Alle 9.50, sotto il Rifugio Lagazuoi a Cortina d\u2019Ampezzo, intervento del Soccorso Alpino per\u00a0 una sciatrice di 43 anni di Campitello di Fassa \u00e8 rimasta ferita a un ginocchio mentre scendeva in fuoripista verso il Rifugio Scotoni. Impossibilitata a proseguire, \u00e8 stata raggiunta dall\u2019elicottero Falco del Suem, che ha sbarcato in hovering medico e tecnico del soccorso alpino a circa 2.400 metri di quota. Dopo le prime cure la donna \u00e8 stata recuperata e trasportata al Codivilla di Cortina.<\/p>\n<p data-start=\"1255\" data-end=\"1549\">Un terzo intervento si \u00e8 registrato alle 10.57 sulle piste di Falcade, dove una sciatrice \u00e8 rimasta coinvolta in un incidente durante la discesa sul Plateau. Anche in questo caso \u00e8 intervenuto l\u2019elicottero Falco che ha provveduto al trasporto della paziente all\u2019ospedale di Belluno.<\/p>\n<p>__<\/p>\n","protected":false},"excerpt":{"rendered":"<p>** BELLUNO \u00c8 stato l\u2019incidente stradale avvenuto a Bribano l\u2019intervento pi\u00f9 rilevante registrato nelle ultime ore dal Suem 118 Dolomiti. L\u2019allarme \u00e8 scattato alle 11.21 per uno scontro che ha coinvolto un uomo di 63 anni residente a Belluno, soccorso dal personale sanitario e trasportato all\u2019ospedale San Martino con codice di gravit\u00e0 3, il pi\u00f9&hellip;<\/p>\n","protected":false},"author":4,"featured_media":501417,"comment_status":"closed","ping_status":"closed","sticky":false,"template":"","format":"standard","meta":{"_monsterinsights_skip_tracking":false,"_monsterinsights_sitenote_active":false,"_monsterinsights_sitenote_note":"","_monsterinsights_sitenote_category":0,"footnotes":""},"categories":[51,49],"tags":[],"class_list":["post-501416","post","type-post","status-publish","format-standard","has-post-thumbnail","hentry","category-evidenza-top","category-news-18","category-51","category-49","description-off"],"img_url":"https:\/\/www.radiopiu.net\/wordpress\/wp-content\/uploads\/2026\/03\/6ae9a676-5f53-497c-8d38-0751a1f76344.png","_links":{"self":[{"href":"https:\/\/www.radiopiu.net\/wordpress\/wp-json\/wp\/v2\/posts\/501416","targetHints":{"allow":["GET"]}}],"collection":[{"href":"https:\/\/www.radiopiu.net\/wordpress\/wp-json\/wp\/v2\/posts"}],"about":[{"href":"https:\/\/www.radiopiu.net\/wordpress\/wp-json\/wp\/v2\/types\/post"}],"author":[{"embeddable":true,"href":"https:\/\/www.radiopiu.net\/wordpress\/wp-json\/wp\/v2\/users\/4"}],"replies":[{"embeddable":true,"href":"https:\/\/www.radiopiu.net\/wordpress\/wp-json\/wp\/v2\/comments?post=501416"}],"version-history":[{"count":2,"href":"https:\/\/www.radiopiu.net\/wordpress\/wp-json\/wp\/v2\/posts\/501416\/revisions"}],"predecessor-version":[{"id":501419,"href":"https:\/\/www.radiopiu.net\/wordpress\/wp-json\/wp\/v2\/posts\/501416\/revisions\/501419"}],"wp:featuredmedia":[{"embeddable":true,"href":"https:\/\/www.radiopiu.net\/wordpress\/wp-json\/wp\/v2\/media\/501417"}],"wp:attachment":[{"href":"https:\/\/www.radiopiu.net\/wordpress\/wp-json\/wp\/v2\/media?parent=501416"}],"wp:term":[{"taxonomy":"category","embeddable":true,"href":"https:\/\/www.radiopiu.net\/wordpress\/wp-json\/wp\/v2\/categories?post=501416"},{"taxonomy":"post_tag","embeddable":true,"href":"https:\/\/www.radiopiu.net\/wordpress\/wp-json\/wp\/v2\/tags?post=501416"}],"curies":[{"name":"wp","href":"https:\/\/api.w.org\/{rel}","templated":true}]}}