{"id":501546,"date":"2026-03-13T18:56:17","date_gmt":"2026-03-13T17:56:17","guid":{"rendered":"https:\/\/www.radiopiu.net\/wordpress\/?p=501546"},"modified":"2026-03-13T18:57:07","modified_gmt":"2026-03-13T17:57:07","slug":"casel-di-porcen-la-voce-delle-donne-protagonista-in-una-serata-di-riflessione-e-poesia","status":"publish","type":"post","link":"https:\/\/www.radiopiu.net\/wordpress\/casel-di-porcen-la-voce-delle-donne-protagonista-in-una-serata-di-riflessione-e-poesia\/","title":{"rendered":"CASEL DI PORCEN: LA VOCE DELLE DONNE PROTAGONISTA IN UNA SERATA DI RIFLESSIONE E POESIA"},"content":{"rendered":"<p>*********<\/p>\n<p>&nbsp;<\/p>\n<p><strong>DI ALESSIA DALL&#8217;O&#8217;<\/strong><\/p>\n<p><strong>SEREN DEL GRAPPA <\/strong>L\u20198 marzo, in occasione della Giornata Internazionale dei Diritti della Donna e grazie al lavoro del Gruppo di volontari \u201cCoscritti del Feltrino del \u201865\u201d, il Cas\u00e8l di Porcen ha ospitato un incontro capace di intrecciare riflessione civile e poesia, riportando al centro dell\u2019attenzione un tema ancora dolorosamente attuale: la violenza e la disparit\u00e0 di genere.<\/p>\n<p><strong>UNA SERATA PER TUTTI (?)<br \/>\n<\/strong>Il filo conduttore della serata \u00e8 stato quello della violenza maschile contro le donne, affrontato attraverso testimonianze, dati e riflessioni, ma anche poesia. Il pubblico ha gremito la sala del Cas\u00e8l con attenzione e partecipazione. Un segnale positivo, certo. Ma anche uno specchio di una dinamica che continua a ripetersi quasi immutata: <strong>tra i presenti, la grande maggioranza era composta da donne<\/strong>. Un dato che non pu\u00f2 passare inosservato, non nel 2026.<br \/>\nSe da un lato racconta la determinazione con cui diverse attivit\u00e0 di volontariato, donne e uomini, continuano a costruire spazi di confronto e consapevolezza per ambire ad un cambiamento, dall\u2019altro pone una domanda inevitabile: perch\u00e9, ancora oggi, nelle iniziative dedicate ai diritti delle donne e al contrasto alla violenza di genere, gran parte della popolazione maschile non partecipa?<br \/>\nNon si tratta di una questione numerica, ma culturale. Se la violenza contro le donne \u00e8, come ricordano gli inconfutabili dati e la cronaca quotidiana, in larga parte violenza maschile, allora il cambiamento non pu\u00f2 essere delegato a chi ne subisce le conseguenze.<br \/>\nIl rischio, altrimenti, \u00e8 che queste occasioni realizzate con grande impegno e capacit\u00e0 di guardare all\u2019attualit\u00e0 si trasformino &#8211; loro malgrado &#8211; in spazi in cui le donne parlano alle donne, mentre il nodo culturale rimane, in una qualche maniera, intatto.<br \/>\nLa sfida oggi diventa quella importante che ci porta a trasformare queste giornate e queste iniziative in spazi realmente condivisi, dove uomini e donne partecipino insieme alla decostruzione di modelli culturali che per troppo tempo hanno alimentato disuguaglianze e lo stanno facendo tutt\u2019ora. Finch\u00e9 questo non accadr\u00e0 pienamente, ogni 8 marzo continuer\u00e0 a ricordarci non solo quanto \u00e8 stato fatto, ma soprattutto <strong>quanto resta ancora da cambiare<\/strong>.<\/p>\n<p><strong>L\u2019INTERVENTO DI BELLUNO DONNA<\/strong><br \/>\nLa serata, molto interessante e verticale sul tema ha visto l\u2019intervento della dottoressa Anna Cubattoli, presidente dell\u2019associazione Belluno Donna, che ha illustrato con grande chiarezza il lavoro capillare svolto sul territorio provinciale a sostegno delle vittime di violenza e non solo: numerose sono le attivit\u00e0 con giovani donne, scuole e di affiancamento a percorsi istituzionali e personali.<br \/>\nLa realt\u00e0 bellunese,\u00a0 nata nel 2003 e formalizzata poi con il centro attivo dal 2004, \u00e8 nata a seguito di ricerche sulla diffusione della violenza nel territorio e oggi si esprime con un impegno quotidiano e un presidio attivo fatto di ascolto, accompagnamento e soprattutto prevenzione. Ad aprire l\u2019incontro e a fare gli onori di casa \u00e8 stata un\u2019altra presenza femminile importante per il territorio, quella di Denise Guadagnin, assessora al Sociale e vicesindaca del Comune di Seren del Grappa. Un ringraziamento da parte degli organizzatori \u00e8 stato rivolto al sindaco Dario Scopel e all\u2019amministrazione comunale per il patrocinio concesso all\u2019iniziativa.<\/p>\n<p><strong>LA POESIA COME VOCE CIVILE<br \/>\n<\/strong>Accanto alla riflessione civile, la serata ha lasciato spazio anche alla dimensione artistica grazie all\u2019intermezzo poetico del gruppo amatoriale \u201cSiamo tutti poeti o aspiranti tali\u201d. Sul palco si sono alternati autori e autrici che hanno condiviso i propri versi con il pubblico, dimostrando come la poesia possa diventare uno strumento potente per raccontare ferite sociali e trasformarle in presa di coscienza.<br \/>\nL\u2019unica presenza maschile alla serata \u00e8 stata infatti quella dei tre poeti amatoriali, che insieme alle colleghe, hanno partecipato con grande slancio all\u2019iniziativa, portando grandi riflessioni.<br \/>\nDi seguito, una delle poesie lette durante la serata, realizzata da Giorgio Cossalter e dedicata a Giulia Cecchettin e a tutte le \u201cGiulia\u201d che, citando l\u2019autore, \u201covunque ogni giorno sono vittime della malvagit\u00e0 di mostri vestiti da umani che dicono di amare, ignorando che l\u2019amore nulla ha che fare con la violenza\u201d.<\/p>\n\n\t\t\t<style type='text\/css'>\n\t\t\t\t#gallery-1 {\n\t\t\t\t\tmargin: auto;\n\t\t\t\t}\n\t\t\t\t#gallery-1 .gallery-item {\n\t\t\t\t\tfloat: left;\n\t\t\t\t\tmargin-top: 10px;\n\t\t\t\t\ttext-align: center;\n\t\t\t\t\twidth: 50%;\n\t\t\t\t}\n\t\t\t\t#gallery-1 img {\n\t\t\t\t\tborder: 2px solid #cfcfcf;\n\t\t\t\t}\n\t\t\t\t#gallery-1 .gallery-caption {\n\t\t\t\t\tmargin-left: 0;\n\t\t\t\t}\n\t\t\t\t\/* see gallery_shortcode() in wp-includes\/media.php *\/\n\t\t\t<\/style>\n\t\t<div id='gallery-1' class='dt-gallery-container gallery galleryid-501546 gallery-columns-2 gallery-size-medium'><dl class='gallery-item'>\n\t\t\t\t<dt class='gallery-icon landscape'>\n\t\t\t\t\t<a class=\"rollover rollover-zoom dt-pswp-item\" title=\"1000811772\" data-dt-img-description=\"\" data-large_image_width=\"2560\" data-large_image_height=\"1928\"href='https:\/\/www.radiopiu.net\/wordpress\/wp-content\/uploads\/2026\/03\/1000811772-scaled.jpg'><img loading=\"lazy\" decoding=\"async\" width=\"300\" height=\"226\" src=\"https:\/\/www.radiopiu.net\/wordpress\/wp-content\/uploads\/2026\/03\/1000811772-300x226.jpg\" class=\"attachment-medium size-medium\" alt=\"\" srcset=\"https:\/\/www.radiopiu.net\/wordpress\/wp-content\/uploads\/2026\/03\/1000811772-300x226.jpg 300w, https:\/\/www.radiopiu.net\/wordpress\/wp-content\/uploads\/2026\/03\/1000811772-1024x771.jpg 1024w, https:\/\/www.radiopiu.net\/wordpress\/wp-content\/uploads\/2026\/03\/1000811772-768x578.jpg 768w, https:\/\/www.radiopiu.net\/wordpress\/wp-content\/uploads\/2026\/03\/1000811772-1536x1157.jpg 1536w, https:\/\/www.radiopiu.net\/wordpress\/wp-content\/uploads\/2026\/03\/1000811772-2048x1542.jpg 2048w\" sizes=\"auto, (max-width: 300px) 100vw, 300px\" \/><\/a>\n\t\t\t\t<\/dt><\/dl><dl class='gallery-item'>\n\t\t\t\t<dt class='gallery-icon portrait'>\n\t\t\t\t\t<a class=\"rollover rollover-zoom dt-pswp-item\" title=\"1000811898\" data-dt-img-description=\"\" data-large_image_width=\"1536\" data-large_image_height=\"2048\"href='https:\/\/www.radiopiu.net\/wordpress\/wp-content\/uploads\/2026\/03\/1000811898.jpg'><img loading=\"lazy\" decoding=\"async\" width=\"225\" height=\"300\" src=\"https:\/\/www.radiopiu.net\/wordpress\/wp-content\/uploads\/2026\/03\/1000811898-225x300.jpg\" class=\"attachment-medium size-medium\" alt=\"\" srcset=\"https:\/\/www.radiopiu.net\/wordpress\/wp-content\/uploads\/2026\/03\/1000811898-225x300.jpg 225w, https:\/\/www.radiopiu.net\/wordpress\/wp-content\/uploads\/2026\/03\/1000811898-768x1024.jpg 768w, https:\/\/www.radiopiu.net\/wordpress\/wp-content\/uploads\/2026\/03\/1000811898-1152x1536.jpg 1152w, https:\/\/www.radiopiu.net\/wordpress\/wp-content\/uploads\/2026\/03\/1000811898.jpg 1536w\" sizes=\"auto, (max-width: 225px) 100vw, 225px\" \/><\/a>\n\t\t\t\t<\/dt><\/dl><br style=\"clear: both\" \/>\n\t\t\t<\/div>\n\n<p>Arriver\u00e0 la notte<\/p>\n<p>e una mano cupa e assassina<\/p>\n<p>porr\u00e0 fine alla vita di un&#8217;angelo<\/p>\n<p>colpevole solo di<\/p>\n<p>non amare pi\u00f9 un mostro.<\/p>\n<p>Ma questo presunto bravo ragazzo<\/p>\n<p>non ha avuto rispetto<\/p>\n<p>per la persona che diceva di amare.<\/p>\n<p>Gli erano accanto solo demoni<\/p>\n<p>e all&#8217;efferatezza del suo gesto,<\/p>\n<p>c&#8217;\u00e8 stato solo il seguito<\/p>\n<p>di un grande dolore<\/p>\n<p>senza una fine.<\/p>\n<p>Alle tante donne che<\/p>\n<p>non finiremo pi\u00f9 tristemente di ricordare,<\/p>\n<p>alle tante insensate<\/p>\n<p>motivazioni per giustificare ,<\/p>\n<p>questi gesti carichi di violenza.<\/p>\n<p>L&#8217;amore per sempre non esiste<\/p>\n<p>per questi mostri<\/p>\n<p>vestiti da umani.<\/p>\n<p>Nemmeno il fuoco dell&#8217;inferno<\/p>\n<p>possa darvi pace<\/p>\n<p>perch\u00e9 nonostante tutto<\/p>\n<p>voi avete tolto ad una famiglia<\/p>\n<p>l&#8217;affetto pi\u00f9 caro.<\/p>\n<p>Ne odio, ne violenza<\/p>\n<p>ma per voi solo indifferenza.<\/p>\n<p>&nbsp;<\/p>\n<p>&nbsp;<\/p>\n<p>&nbsp;<\/p>\n<p>&nbsp;<\/p>\n<p>&nbsp;<\/p>\n<p>**********<\/p>\n","protected":false},"excerpt":{"rendered":"<p>********* &nbsp; DI ALESSIA DALL&#8217;O&#8217; SEREN DEL GRAPPA L\u20198 marzo, in occasione della Giornata Internazionale dei Diritti della Donna e grazie al lavoro del Gruppo di volontari \u201cCoscritti del Feltrino del \u201865\u201d, il Cas\u00e8l di Porcen ha ospitato un incontro capace di intrecciare riflessione civile e poesia, riportando al centro dell\u2019attenzione un tema ancora dolorosamente&hellip;<\/p>\n","protected":false},"author":4,"featured_media":501548,"comment_status":"closed","ping_status":"closed","sticky":false,"template":"","format":"standard","meta":{"_monsterinsights_skip_tracking":false,"_monsterinsights_sitenote_active":false,"_monsterinsights_sitenote_note":"","_monsterinsights_sitenote_category":0,"footnotes":""},"categories":[1],"tags":[],"class_list":["post-501546","post","type-post","status-publish","format-standard","has-post-thumbnail","hentry","category-senza-categoria","category-1","description-off"],"img_url":"https:\/\/www.radiopiu.net\/wordpress\/wp-content\/uploads\/2026\/03\/1000811898.jpg","_links":{"self":[{"href":"https:\/\/www.radiopiu.net\/wordpress\/wp-json\/wp\/v2\/posts\/501546","targetHints":{"allow":["GET"]}}],"collection":[{"href":"https:\/\/www.radiopiu.net\/wordpress\/wp-json\/wp\/v2\/posts"}],"about":[{"href":"https:\/\/www.radiopiu.net\/wordpress\/wp-json\/wp\/v2\/types\/post"}],"author":[{"embeddable":true,"href":"https:\/\/www.radiopiu.net\/wordpress\/wp-json\/wp\/v2\/users\/4"}],"replies":[{"embeddable":true,"href":"https:\/\/www.radiopiu.net\/wordpress\/wp-json\/wp\/v2\/comments?post=501546"}],"version-history":[{"count":2,"href":"https:\/\/www.radiopiu.net\/wordpress\/wp-json\/wp\/v2\/posts\/501546\/revisions"}],"predecessor-version":[{"id":501550,"href":"https:\/\/www.radiopiu.net\/wordpress\/wp-json\/wp\/v2\/posts\/501546\/revisions\/501550"}],"wp:featuredmedia":[{"embeddable":true,"href":"https:\/\/www.radiopiu.net\/wordpress\/wp-json\/wp\/v2\/media\/501548"}],"wp:attachment":[{"href":"https:\/\/www.radiopiu.net\/wordpress\/wp-json\/wp\/v2\/media?parent=501546"}],"wp:term":[{"taxonomy":"category","embeddable":true,"href":"https:\/\/www.radiopiu.net\/wordpress\/wp-json\/wp\/v2\/categories?post=501546"},{"taxonomy":"post_tag","embeddable":true,"href":"https:\/\/www.radiopiu.net\/wordpress\/wp-json\/wp\/v2\/tags?post=501546"}],"curies":[{"name":"wp","href":"https:\/\/api.w.org\/{rel}","templated":true}]}}