{"id":501588,"date":"2026-03-16T05:34:04","date_gmt":"2026-03-16T04:34:04","guid":{"rendered":"https:\/\/www.radiopiu.net\/wordpress\/?p=501588"},"modified":"2026-03-16T07:59:54","modified_gmt":"2026-03-16T06:59:54","slug":"giornale-radiopiu-16-marzo-2026-direttore-mirko-mezzacasa","status":"publish","type":"post","link":"https:\/\/www.radiopiu.net\/wordpress\/giornale-radiopiu-16-marzo-2026-direttore-mirko-mezzacasa\/","title":{"rendered":"GIORNALE RADIOPIU 16 MARZO 2026 DIRETTORE MIRKO MEZZACASA"},"content":{"rendered":"<p>********<\/p>\n<p>&nbsp;<\/p>\n<div class=\"page-title-head hgroup\"><\/div>\n<div class=\"flex flex-col text-sm pb-25\">\n<article class=\"text-token-text-primary w-full focus:outline-none [--shadow-height:45px] has-data-writing-block:pointer-events-none has-data-writing-block:-mt-(--shadow-height) has-data-writing-block:pt-(--shadow-height) [&amp;:has([data-writing-block])&gt;*]:pointer-events-auto scroll-mt-[calc(var(--header-height)+min(200px,max(70px,20svh)))]\" dir=\"auto\" tabindex=\"-1\" data-turn-id=\"request-WEB:545a5307-a0c9-41c7-9a5f-bf65aefdb8ec-5\" data-testid=\"conversation-turn-12\" data-scroll-anchor=\"true\" data-turn=\"assistant\">\n<div class=\"text-base my-auto mx-auto pb-10 [--thread-content-margin:--spacing(4)] @w-sm\/main:[--thread-content-margin:--spacing(6)] @w-lg\/main:[--thread-content-margin:--spacing(16)] px-(--thread-content-margin)\">\n<div class=\"[--thread-content-max-width:40rem] @w-lg\/main:[--thread-content-max-width:48rem] mx-auto max-w-(--thread-content-max-width) flex-1 group\/turn-messages focus-visible:outline-hidden relative flex w-full min-w-0 flex-col agent-turn\" tabindex=\"-1\">\n<div class=\"z-0 flex min-h-[46px] justify-start\">\n<h1><a class=\"dt-pswp-item\" href=\"https:\/\/www.radiopiu.net\/wordpress\/wp-content\/uploads\/2026\/03\/3eb3486c-daf0-4c80-be2a-fb80b0b8ec6b.png\" data-dt-img-description=\"\" data-large_image_width=\"1536\" data-large_image_height=\"1024\"><img loading=\"lazy\" decoding=\"async\" class=\"aligncenter size-medium wp-image-501904\" src=\"https:\/\/www.radiopiu.net\/wordpress\/wp-content\/uploads\/2026\/03\/3eb3486c-daf0-4c80-be2a-fb80b0b8ec6b-300x200.png\" alt=\"\" width=\"300\" height=\"200\" srcset=\"https:\/\/www.radiopiu.net\/wordpress\/wp-content\/uploads\/2026\/03\/3eb3486c-daf0-4c80-be2a-fb80b0b8ec6b-300x200.png 300w, https:\/\/www.radiopiu.net\/wordpress\/wp-content\/uploads\/2026\/03\/3eb3486c-daf0-4c80-be2a-fb80b0b8ec6b-1024x683.png 1024w, https:\/\/www.radiopiu.net\/wordpress\/wp-content\/uploads\/2026\/03\/3eb3486c-daf0-4c80-be2a-fb80b0b8ec6b-768x512.png 768w, https:\/\/www.radiopiu.net\/wordpress\/wp-content\/uploads\/2026\/03\/3eb3486c-daf0-4c80-be2a-fb80b0b8ec6b.png 1536w\" sizes=\"auto, (max-width: 300px) 100vw, 300px\" \/><\/a>LA\u00a0 \u00a0 APP<\/h1>\n<p><strong><em><span style=\"color: #ff0000;\">LA\u00a0 APP PER IOS-IPHONE di Nicola Vettorello<\/span><\/em><\/strong><\/p>\n<p><strong><span style=\"color: #0000ff;\"><a style=\"color: #0000ff;\" href=\"https:\/\/apps.apple.com\/it\/app\/radio-pi%C3%B9-emittente-agordina\/id1515939845\">https:\/\/apps.apple.com\/it\/app\/radio-pi%C3%B9-emittente-agordina\/id1515939845<\/a><\/span><\/strong><\/p>\n<p><strong><em style=\"color: #ff0000;\">LA\u00a0 APP RADIO\u00a0 PER ANDROID di Nicola Vettorello<\/em><\/strong><\/p>\n<p><strong><span style=\"color: #0000ff;\"><a style=\"color: #0000ff;\" href=\"https:\/\/play.google.com\/store\/apps\/details?id=net.radiopiu.iniko\" target=\"_blank\" rel=\"noopener noreferrer\">https:\/\/<\/a><a style=\"color: #0000ff;\" href=\"https:\/\/play.google.com\/store\/apps\/details?id=net.radiopiu.iniko\" target=\"_blank\" rel=\"noopener noreferrer\">play.google.com\/store\/apps\/details?id=net.radiopiu.iniko\u00a0\u00a0\u00a0\u00a0\u00a0<\/a><\/span><\/strong><\/p>\n<p>&nbsp;<\/p>\n<p>&nbsp;<\/p>\n<hr \/>\n<p>&nbsp;<\/p>\n<div class=\"page-title-head hgroup\"><\/div>\n<div class=\"flex flex-col text-sm pb-25\">\n<article class=\"text-token-text-primary w-full focus:outline-none [--shadow-height:45px] has-data-writing-block:pointer-events-none has-data-writing-block:-mt-(--shadow-height) has-data-writing-block:pt-(--shadow-height) [&amp;:has([data-writing-block])&gt;*]:pointer-events-auto scroll-mt-[calc(var(--header-height)+min(200px,max(70px,20svh)))]\" dir=\"auto\" tabindex=\"-1\" data-turn-id=\"da2f8a29-4751-44ac-b06a-20d94aeccf8b\" data-testid=\"conversation-turn-28\" data-scroll-anchor=\"true\" data-turn=\"assistant\">\n<div class=\"text-base my-auto mx-auto pb-10 [--thread-content-margin:--spacing(4)] @w-sm\/main:[--thread-content-margin:--spacing(6)] @w-lg\/main:[--thread-content-margin:--spacing(16)] px-(--thread-content-margin)\">\n<div class=\"[--thread-content-max-width:40rem] @w-lg\/main:[--thread-content-max-width:48rem] mx-auto max-w-(--thread-content-max-width) flex-1 group\/turn-messages focus-visible:outline-hidden relative flex w-full min-w-0 flex-col agent-turn\" tabindex=\"-1\">\n<div class=\"flex max-w-full flex-col grow\">\n<div class=\"min-h-8 text-message relative flex w-full flex-col items-end gap-2 text-start break-words whitespace-normal [.text-message+&amp;]:mt-1\" dir=\"auto\" data-message-author-role=\"assistant\" data-message-id=\"77cb542f-301b-441f-9a5c-c89ea331616b\" data-message-model-slug=\"gpt-5-2\">\n<div class=\"flex w-full flex-col gap-1 empty:hidden first:pt-[1px]\">\n<div class=\"markdown prose dark:prose-invert w-full break-words dark markdown-new-styling\">\n<div id=\"writing-block-77cb542f-301b-441f-9a5c-c89ea331616b\" class=\"group relative z-0 my-4 w-full overflow-visible rounded-2xl bg-token-bg-primary dark:bg-[#2a2a2a] shadow-[0px_0px_0px_1px_rgba(0,0,0,0.07),0px_4px_80px_rgba(0,0,0,0.02)]\" data-writing-block=\"true\">\n<div class=\"writing-block-editor markdown-new-styling relative flow-root pt-(--writing-block-editor-pt) pe-(--writing-block-editor-pr) pb-(--writing-block-editor-pb) ps-(--writing-block-editor-pl)\">\n<div class=\"ProseMirror markdown prose dark:prose-invert w-full min-h-6 break-words focus:outline-none\" contenteditable=\"true\" translate=\"no\" aria-disabled=\"false\">\n<h1 style=\"text-align: center;\" data-start=\"0\" data-end=\"50\"><strong data-start=\"0\" data-end=\"80\">OGGI ALLA RADIO: INFORMAZIONE, STORIE E MUSICA NEL PALINSESTO DELLA GIORNATA<\/strong><\/h1>\n<p><span class=\"BZ_Pyq_fadeIn\"><a class=\"dt-pswp-item\" href=\"https:\/\/www.radiopiu.net\/wordpress\/wp-content\/uploads\/2026\/02\/MARCHIO-RADIO-PIU-2012-1.jpg\" data-dt-img-description=\"\" data-large_image_width=\"841\" data-large_image_height=\"427\"><img loading=\"lazy\" decoding=\"async\" class=\"aligncenter size-medium wp-image-498108\" src=\"https:\/\/www.radiopiu.net\/wordpress\/wp-content\/uploads\/2026\/02\/MARCHIO-RADIO-PIU-2012-1-300x152.jpg\" alt=\"\" width=\"300\" height=\"152\" srcset=\"https:\/\/www.radiopiu.net\/wordpress\/wp-content\/uploads\/2026\/02\/MARCHIO-RADIO-PIU-2012-1-300x152.jpg 300w, https:\/\/www.radiopiu.net\/wordpress\/wp-content\/uploads\/2026\/02\/MARCHIO-RADIO-PIU-2012-1-768x390.jpg 768w, https:\/\/www.radiopiu.net\/wordpress\/wp-content\/uploads\/2026\/02\/MARCHIO-RADIO-PIU-2012-1.jpg 841w\" sizes=\"auto, (max-width: 300px) 100vw, 300px\" \/><\/a>\u00a0<\/span><\/p>\n<div class=\"flex flex-col text-sm pb-25\">\n<article class=\"text-token-text-primary w-full focus:outline-none [--shadow-height:45px] has-data-writing-block:pointer-events-none has-data-writing-block:-mt-(--shadow-height) has-data-writing-block:pt-(--shadow-height) [&amp;:has([data-writing-block])&gt;*]:pointer-events-auto scroll-mt-[calc(var(--header-height)+min(200px,max(70px,20svh)))]\" dir=\"auto\" tabindex=\"-1\" data-turn-id=\"request-WEB:a435df5d-81d5-4aa2-b1b8-6cfba477e99d-10\" data-testid=\"conversation-turn-22\" data-scroll-anchor=\"true\" data-turn=\"assistant\">\n<div class=\"text-base my-auto mx-auto pb-10 [--thread-content-margin:var(--thread-content-margin-xs,calc(var(--spacing)*4))] @w-sm\/main:[--thread-content-margin:var(--thread-content-margin-sm,calc(var(--spacing)*6))] @w-lg\/main:[--thread-content-margin:var(--thread-content-margin-lg,calc(var(--spacing)*16))] px-(--thread-content-margin)\">\n<div class=\"[--thread-content-max-width:40rem] @w-lg\/main:[--thread-content-max-width:48rem] mx-auto max-w-(--thread-content-max-width) flex-1 group\/turn-messages focus-visible:outline-hidden relative flex w-full min-w-0 flex-col agent-turn\" tabindex=\"-1\">\n<div class=\"flex max-w-full flex-col gap-4 grow\">\n<div class=\"min-h-8 text-message relative flex w-full flex-col items-end gap-2 text-start break-words whitespace-normal [.text-message+&amp;]:mt-1\" dir=\"auto\" data-message-author-role=\"assistant\" data-message-id=\"d2b05717-a5c9-4084-9129-54fe8811bac9\" data-message-model-slug=\"gpt-5-3\">\n<div class=\"flex w-full flex-col gap-1 empty:hidden\">\n<div class=\"markdown prose dark:prose-invert w-full wrap-break-word dark markdown-new-styling\">\n<p data-start=\"256\" data-end=\"416\"><span style=\"color: #0000ff;\"><strong>DA OGGI ALLA RADIO, OGNI LUNEDI E GIOVEDI ALLE 13.10 IL NUOVO PROGRAMMA DI LIBERA\u00a0<\/strong><strong> biografie delle vittime innocenti delle mafie.\u00a0 Oggi Giuseppe Letizia\u00a0 &#8211;\u00a0 Presidio Agordino di Libera<\/strong><\/span><\/p>\n<p>La mattinata si apre alle <strong data-start=\"282\" data-end=\"290\">8.05<\/strong> con la <strong data-start=\"298\" data-end=\"324\">rassegna stampa locale<\/strong>, uno spazio dedicato alle principali notizie del territorio e agli articoli dei quotidiani. Alle <strong data-start=\"423\" data-end=\"431\">8.30<\/strong> torna <strong data-start=\"438\" data-end=\"453\">\u201cPi\u00f9 siamo\u201d<\/strong> con <strong data-start=\"458\" data-end=\"473\">Marina Don\u00e0<\/strong>, mentre alle <strong data-start=\"487\" data-end=\"495\">9.30<\/strong> spazio alla storia e alla memoria con <strong data-start=\"534\" data-end=\"554\">\u201cOggi come ieri\u201d<\/strong> condotto da <strong data-start=\"567\" data-end=\"583\">Silvia Baldo<\/strong>. Alle <strong data-start=\"591\" data-end=\"599\">9.45<\/strong> appuntamento con <strong data-start=\"617\" data-end=\"651\">\u201cI racconti di Paolo Soppelsa\u201d<\/strong>, un momento dedicato a storie, curiosit\u00e0 e tradizioni del territorio. Alle <strong data-start=\"728\" data-end=\"737\">10.10<\/strong> andr\u00e0 in onda l\u2019approfondimento di <strong data-start=\"773\" data-end=\"810\">SIB \u2013 Servizi Integrati Bellunesi<\/strong>, con <strong data-start=\"816\" data-end=\"836\">Barbara Paolazzi<\/strong>, in un collegamento realizzato <strong data-start=\"868\" data-end=\"888\">per le tre radio<\/strong>. Alle <strong data-start=\"896\" data-end=\"905\">10.30<\/strong> spazio alla cultura e al mondo del lavoro con <strong data-start=\"952\" data-end=\"983\">\u201cPeriti Minerari nel mondo\u201d<\/strong>, che oggi vedr\u00e0 protagonista <strong data-start=\"1013\" data-end=\"1031\">Ivano Mariotti<\/strong>. La mattinata prosegue alle <strong data-start=\"1061\" data-end=\"1070\">11.30<\/strong> con <strong data-start=\"1075\" data-end=\"1091\">\u201cCuriosando\u201d<\/strong>, il programma condotto da <strong data-start=\"1118\" data-end=\"1136\">Paola Lanciato<\/strong>, dedicato a notizie, curiosit\u00e0 e approfondimenti. Alle <strong data-start=\"1193\" data-end=\"1202\">12.30<\/strong> l\u2019appuntamento con il <strong data-start=\"1225\" data-end=\"1242\">GR principale<\/strong>, con tutte le notizie della giornata. Nel pomeriggio il palinsesto continua alle <strong data-start=\"1325\" data-end=\"1334\">15.10<\/strong> con <strong data-start=\"1339\" data-end=\"1364\">\u201cLo sport del luned\u00ec\u201d<\/strong> di <strong data-start=\"1368\" data-end=\"1381\">Marco Gaz<\/strong>, dedicato ai risultati e ai commenti sulle principali competizioni sportive. A chiudere la giornata, alle <strong data-start=\"1489\" data-end=\"1498\">16.30<\/strong>, la musica con <strong data-start=\"1514\" data-end=\"1526\">\u201cLe hit\u201d<\/strong> selezionate da <strong data-start=\"1542\" data-end=\"1562\">Mirco Bencivenni<\/strong>, per accompagnare gli ascoltatori con i brani pi\u00f9 amati. Un palinsesto vario che unisce informazione, cultura, sport e intrattenimento, confermando il ruolo della radio come punto di riferimento quotidiano per il territorio.<\/p>\n<\/div>\n<\/div>\n<\/div>\n<\/div>\n<div class=\"z-0 flex min-h-[46px] justify-start\"><\/div>\n<div class=\"mt-3 w-full empty:hidden\"><\/div>\n<\/div>\n<\/div>\n<\/article>\n<\/div>\n<div class=\"pointer-events-none h-px w-px absolute bottom-0\" aria-hidden=\"true\" data-edge=\"true\"><a class=\"dt-pswp-item\" href=\"https:\/\/www.radiopiu.net\/wordpress\/wp-content\/uploads\/2026\/03\/967cde68-1d09-44cd-a0b8-3b7cc2902484.png\" data-dt-img-description=\"\" data-large_image_width=\"1536\" data-large_image_height=\"1024\"><img loading=\"lazy\" decoding=\"async\" class=\"aligncenter size-medium wp-image-501874\" src=\"https:\/\/www.radiopiu.net\/wordpress\/wp-content\/uploads\/2026\/03\/967cde68-1d09-44cd-a0b8-3b7cc2902484-300x200.png\" alt=\"\" width=\"300\" height=\"200\" srcset=\"https:\/\/www.radiopiu.net\/wordpress\/wp-content\/uploads\/2026\/03\/967cde68-1d09-44cd-a0b8-3b7cc2902484-300x200.png 300w, https:\/\/www.radiopiu.net\/wordpress\/wp-content\/uploads\/2026\/03\/967cde68-1d09-44cd-a0b8-3b7cc2902484-1024x683.png 1024w, https:\/\/www.radiopiu.net\/wordpress\/wp-content\/uploads\/2026\/03\/967cde68-1d09-44cd-a0b8-3b7cc2902484-768x512.png 768w, https:\/\/www.radiopiu.net\/wordpress\/wp-content\/uploads\/2026\/03\/967cde68-1d09-44cd-a0b8-3b7cc2902484.png 1536w\" sizes=\"auto, (max-width: 300px) 100vw, 300px\" \/><\/a><\/div>\n<p><strong>FINE DELLE OLIMPIADI E PARALIMPIADI&#8230; IERI SERA\u00a0 SPETTACOLO ECCEZIONALE DI FINE EVENTO A CORTINA, TRA LE COSE MAGNIFICHE ANCHE IL PROFILO DELL&#8217;AGNER, AGORDINO AL CENTO PER CENTO&#8230;\u00a0<\/strong><\/p>\n<p><a class=\"dt-pswp-item\" href=\"https:\/\/www.radiopiu.net\/wordpress\/wp-content\/uploads\/2026\/03\/Screenshot-2026-03-16-045052.png\" data-dt-img-description=\"\" data-large_image_width=\"359\" data-large_image_height=\"323\"><img loading=\"lazy\" decoding=\"async\" class=\"aligncenter size-medium wp-image-501875\" src=\"https:\/\/www.radiopiu.net\/wordpress\/wp-content\/uploads\/2026\/03\/Screenshot-2026-03-16-045052-300x270.png\" alt=\"\" width=\"300\" height=\"270\" srcset=\"https:\/\/www.radiopiu.net\/wordpress\/wp-content\/uploads\/2026\/03\/Screenshot-2026-03-16-045052-300x270.png 300w, https:\/\/www.radiopiu.net\/wordpress\/wp-content\/uploads\/2026\/03\/Screenshot-2026-03-16-045052.png 359w\" sizes=\"auto, (max-width: 300px) 100vw, 300px\" \/><\/a><br \/>\n<span style=\"color: #ff0000;\"><strong>DUE MESI&#8230;OGNI GIORNO SULLA NOTIZIA.\u00a0 <\/strong><\/span><span style=\"color: #ff0000;\"><strong>SULLE TRE RADIO! IL PROGRAMMA RADIOFONICO DEDICATO AI RISULTATI OLIMPICI E PARALIMPICI <\/strong><\/span><span style=\"color: #ff0000;\"><strong>OGNI GIORNO SULLE TRE RADIO, IL GIORNALE IN INGLESE, LE INTERVISTE, I RISULTATI, LE CURIOSITA&#8217;<\/strong><\/span><br \/>\n<strong>SQUADRA TRE RADIO: RADIOPIU, RADIOCLUB103, RADIOPRIMIERO <\/strong><strong>IN TUTTA LA PROVINCIA, IN TUTTO IL VENETO: IL PROGRAMMA RADIOFONICO OLIMPICO<\/strong><br \/>\n<span style=\"color: #339966;\"><strong>GRAZIE A CHI CI HA SOSTENUTO, GRAZIE A CHI CI HA SEGUITO GRAZIE ALLE REDAZIONI DELLE TRE RADIO A BIAGIO, DANIELE, MARTINA, ANDREA, BARBARA, PAOLO, MIRKO&#8230;.. E TUTTI GLI ALTRI<\/strong><\/span><\/p>\n<p>&nbsp;<\/p>\n<blockquote class=\"wp-embedded-content\" data-secret=\"R2LNRuqmFr\"><p><a href=\"https:\/\/www.radiopiu.net\/wordpress\/cortinacomeolimpia28\/\">CORTINA COME OLIMPIA &#8211; LO SPORT PRENDE VOCE- PROGETTO TRE RADIO<\/a><\/p><\/blockquote>\n<p><iframe loading=\"lazy\" class=\"wp-embedded-content\" sandbox=\"allow-scripts\" security=\"restricted\" style=\"position: absolute; visibility: hidden;\" title=\"&#8220;CORTINA COME OLIMPIA &#8211; LO SPORT PRENDE VOCE- PROGETTO TRE RADIO&#8221; &#8212; Radio Pi\u00f9\" src=\"https:\/\/www.radiopiu.net\/wordpress\/cortinacomeolimpia28\/embed\/#?secret=28I3FSV3bY#?secret=R2LNRuqmFr\" data-secret=\"R2LNRuqmFr\" width=\"600\" height=\"338\" frameborder=\"0\" marginwidth=\"0\" marginheight=\"0\" scrolling=\"no\"><\/iframe><\/p>\n<\/div>\n<\/div>\n<\/div>\n<\/div>\n<\/div>\n<\/div>\n<\/div>\n<\/div>\n<\/div>\n<\/article>\n<\/div>\n<hr \/>\n<div class=\"x11i5rnm xat24cr x1mh8g0r x1vvkbs xtlvy1s x126k92a\">\n<h1><strong><br \/>\n<span style=\"color: #0000ff;\">N di parom &#8211; L Almanach de la nosta jent<\/span>\u00a0 <\/strong><strong style=\"font-size: 14px;\"><span style=\"color: #ff0000;\">OGNI GIORNO ALLE CINQUE E ALLE NOVE E DIECI\u00a0 DEL MATTINO<\/span> <\/strong><\/h1>\n<h1><strong style=\"font-size: 14px;\">LA PUNTATA DI OGGI, 16 MARZO 2026<\/strong><\/h1>\n<audio class=\"wp-audio-shortcode\" id=\"audio-501588-1\" preload=\"none\" style=\"width: 100%;\" controls=\"controls\"><source type=\"audio\/mpeg\" src=\"https:\/\/www.radiopiu.net\/wordpress\/wp-content\/uploads\/2026\/03\/AL1-2.mp3?_=1\" \/><a href=\"https:\/\/www.radiopiu.net\/wordpress\/wp-content\/uploads\/2026\/03\/AL1-2.mp3\">https:\/\/www.radiopiu.net\/wordpress\/wp-content\/uploads\/2026\/03\/AL1-2.mp3<\/a><\/audio>\n<p>&nbsp;<\/p>\n<\/div>\n<div class=\"x11i5rnm xat24cr x1mh8g0r x1vvkbs xtlvy1s x126k92a\">\n<div dir=\"auto\">\n<hr \/>\n<\/div>\n<\/div>\n<blockquote>\n<h1><\/h1>\n<\/blockquote>\n<h1><strong>NOTIZIE DELLA NOTTE LA RASSEGNA STAMPA NAZIONALE, AGGIORNAMENTO OGNI GIORNO ALLE SEI DEL MATTINO<\/strong><\/h1>\n\n\t\t\t<style type='text\/css'>\n\t\t\t\t#gallery-1 {\n\t\t\t\t\tmargin: auto;\n\t\t\t\t}\n\t\t\t\t#gallery-1 .gallery-item {\n\t\t\t\t\tfloat: left;\n\t\t\t\t\tmargin-top: 10px;\n\t\t\t\t\ttext-align: center;\n\t\t\t\t\twidth: 33%;\n\t\t\t\t}\n\t\t\t\t#gallery-1 img {\n\t\t\t\t\tborder: 2px solid #cfcfcf;\n\t\t\t\t}\n\t\t\t\t#gallery-1 .gallery-caption {\n\t\t\t\t\tmargin-left: 0;\n\t\t\t\t}\n\t\t\t\t\/* see gallery_shortcode() in wp-includes\/media.php *\/\n\t\t\t<\/style>\n\t\t<div id='gallery-1' class='dt-gallery-container gallery galleryid-501588 gallery-columns-3 gallery-size-thumbnail'><dl class='gallery-item'>\n\t\t\t\t<dt class='gallery-icon landscape'>\n\t\t\t\t\t<a class=\"rollover rollover-zoom dt-pswp-item\" title=\"1_OE-V3HVrTRSZqCu3p_KqJQ\" data-dt-img-description=\"\" data-large_image_width=\"800\" data-large_image_height=\"571\"href='https:\/\/www.radiopiu.net\/wordpress\/wp-content\/uploads\/2026\/03\/1_OE-V3HVrTRSZqCu3p_KqJQ.jpg'><img loading=\"lazy\" decoding=\"async\" width=\"150\" height=\"150\" src=\"https:\/\/www.radiopiu.net\/wordpress\/wp-content\/uploads\/2026\/03\/1_OE-V3HVrTRSZqCu3p_KqJQ-150x150.jpg\" class=\"attachment-thumbnail size-thumbnail\" alt=\"\" \/><\/a>\n\t\t\t\t<\/dt><\/dl><dl class='gallery-item'>\n\t\t\t\t<dt class='gallery-icon landscape'>\n\t\t\t\t\t<a class=\"rollover rollover-zoom dt-pswp-item\" title=\"W23IYtazFXPOuX3L2cpUQItYeEiy4BW84mXb2r4uGoQ0EABFNmnSdny2uN5f7ilzW74axBzjnpalfGBV9bJpFKsNhmB0vnTZC_qLof1TJCM\" data-dt-img-description=\"\" data-large_image_width=\"1024\" data-large_image_height=\"683\"href='https:\/\/www.radiopiu.net\/wordpress\/wp-content\/uploads\/2026\/03\/W23IYtazFXPOuX3L2cpUQItYeEiy4BW84mXb2r4uGoQ0EABFNmnSdny2uN5f7ilzW74axBzjnpalfGBV9bJpFKsNhmB0vnTZC_qLof1TJCM.jpg'><img loading=\"lazy\" decoding=\"async\" width=\"150\" height=\"150\" src=\"https:\/\/www.radiopiu.net\/wordpress\/wp-content\/uploads\/2026\/03\/W23IYtazFXPOuX3L2cpUQItYeEiy4BW84mXb2r4uGoQ0EABFNmnSdny2uN5f7ilzW74axBzjnpalfGBV9bJpFKsNhmB0vnTZC_qLof1TJCM-150x150.jpg\" class=\"attachment-thumbnail size-thumbnail\" alt=\"\" \/><\/a>\n\t\t\t\t<\/dt><\/dl><dl class='gallery-item'>\n\t\t\t\t<dt class='gallery-icon landscape'>\n\t\t\t\t\t<a class=\"rollover rollover-zoom dt-pswp-item\" title=\"pa9n-ZLV1RrA8ZtMSpaV3_KM49vu3irkmPMOsr7OMTNLp7v4NOYYXEvvA-S9R8y_OD6gjRV4wV0h3tUR8YV5YHtELnIUzH7vAH0T1jt8O0A\" data-dt-img-description=\"\" data-large_image_width=\"1024\" data-large_image_height=\"683\"href='https:\/\/www.radiopiu.net\/wordpress\/wp-content\/uploads\/2026\/03\/pa9n-ZLV1RrA8ZtMSpaV3_KM49vu3irkmPMOsr7OMTNLp7v4NOYYXEvvA-S9R8y_OD6gjRV4wV0h3tUR8YV5YHtELnIUzH7vAH0T1jt8O0A.jpg'><img loading=\"lazy\" decoding=\"async\" width=\"150\" height=\"150\" src=\"https:\/\/www.radiopiu.net\/wordpress\/wp-content\/uploads\/2026\/03\/pa9n-ZLV1RrA8ZtMSpaV3_KM49vu3irkmPMOsr7OMTNLp7v4NOYYXEvvA-S9R8y_OD6gjRV4wV0h3tUR8YV5YHtELnIUzH7vAH0T1jt8O0A-150x150.jpg\" class=\"attachment-thumbnail size-thumbnail\" alt=\"\" \/><\/a>\n\t\t\t\t<\/dt><\/dl><br style=\"clear: both\" \/>\n\t\t\t<\/div>\n\n<p><strong>\u00a0<\/strong><\/p>\n<p data-start=\"261\" data-end=\"315\"><strong data-start=\"261\" data-end=\"315\">KUWAIT \u2013 ATTACCO IRANIANO CONTRO UNA BASE MILITARE<\/strong><\/p>\n<p data-start=\"317\" data-end=\"654\">Sale la tensione in Medio Oriente. L\u2019Iran ha colpito la base di <strong data-start=\"381\" data-end=\"407\">Ali Al Salem in Kuwait<\/strong>, dove \u00e8 presente anche personale italiano. Nell\u2019attacco sarebbe stato distrutto un drone. Dopo l\u2019episodio \u00e8 stato deciso di mantenere nella struttura <strong data-start=\"558\" data-end=\"590\">solo il personale essenziale<\/strong>, mentre la situazione resta monitorata dalle autorit\u00e0 militari.<\/p>\n<p data-start=\"656\" data-end=\"697\"><strong data-start=\"656\" data-end=\"697\">CINA \u2013 ANTONELLI VINCE IL GRAN PREMIO<\/strong><\/p>\n<p data-start=\"699\" data-end=\"925\">Grande festa per l\u2019Italia in Formula 1. <strong data-start=\"739\" data-end=\"789\">Kimi Antonelli ha vinto il Gran Premio di Cina<\/strong>, riportando una vittoria italiana che mancava da <strong data-start=\"839\" data-end=\"852\">vent\u2019anni<\/strong>. Un successo che segna una giornata storica per il motorsport nazionale.<\/p>\n<p data-start=\"927\" data-end=\"966\"><strong data-start=\"927\" data-end=\"966\">ITALIA \u2013 BEBE VIO LASCIA LA SCHERMA<\/strong><\/p>\n<p data-start=\"968\" data-end=\"1207\">La campionessa paralimpica <strong data-start=\"995\" data-end=\"1007\">Bebe Vio<\/strong> ha annunciato che lascer\u00e0 la scherma. L\u2019atleta ha spiegato di voler intraprendere una nuova sfida sportiva dedicandosi alla <strong data-start=\"1132\" data-end=\"1158\">velocit\u00e0 nei 100 metri<\/strong>, aprendo cos\u00ec una nuova fase della sua carriera.<\/p>\n<p data-start=\"1209\" data-end=\"1242\"><strong data-start=\"1209\" data-end=\"1242\">HOLLYWOOD \u2013 NOTTE DEGLI OSCAR<\/strong><\/p>\n<p data-start=\"1244\" data-end=\"1663\">Premi assegnati anche nel mondo del cinema. L\u2019Oscar per il <strong data-start=\"1303\" data-end=\"1319\">miglior film<\/strong> va a <em data-start=\"1325\" data-end=\"1353\">Una battaglia dopo l\u2019altra<\/em>.<br data-start=\"1354\" data-end=\"1357\" \/><strong data-start=\"1357\" data-end=\"1375\">Jessie Buckley<\/strong> conquista la statuetta come <strong data-start=\"1404\" data-end=\"1436\">miglior attrice protagonista<\/strong> per <em data-start=\"1441\" data-end=\"1449\">Hamnet<\/em>, mentre il premio per la <strong data-start=\"1475\" data-end=\"1493\">migliore regia<\/strong> \u00e8 stato assegnato a <strong data-start=\"1514\" data-end=\"1538\">Paul Thomas Anderson<\/strong>.<br data-start=\"1539\" data-end=\"1542\" \/>Storico riconoscimento anche per <strong data-start=\"1575\" data-end=\"1600\">Autumn Durald Arkapaw<\/strong>, prima donna a vincere l\u2019Oscar per la <strong data-start=\"1639\" data-end=\"1662\">migliore fotografia<\/strong>.<\/p>\n<p data-start=\"1665\" data-end=\"1702\"><strong data-start=\"1665\" data-end=\"1702\">WASHINGTON \u2013 TENSIONI COMMERCIALI<\/strong><\/p>\n<p data-start=\"1704\" data-end=\"2039\">Sul piano internazionale continuano le tensioni economiche. <strong data-start=\"1764\" data-end=\"1775\">Pechino<\/strong> ha invitato gli Stati Uniti a correggere quelli che definisce <strong data-start=\"1838\" data-end=\"1879\">comportamenti scorretti sul commercio<\/strong>, mentre il presidente <strong data-start=\"1902\" data-end=\"1918\">Donald Trump<\/strong> ha dichiarato che i contatti con l\u2019Iran proseguono, ma che al momento <strong data-start=\"1989\" data-end=\"2038\">non ci sarebbero le condizioni per un accordo<\/strong>.<\/p>\n<p data-start=\"2041\" data-end=\"2069\"><strong data-start=\"2041\" data-end=\"2069\">ITALIA \u2013 PASQUA PI\u00d9 CARA<\/strong><\/p>\n<p data-start=\"2071\" data-end=\"2288\">Intanto si annuncia una <strong data-start=\"2095\" data-end=\"2129\">Pasqua all\u2019insegna dei rincari<\/strong>. In aumento i prezzi delle <strong data-start=\"2157\" data-end=\"2202\">uova di cioccolato, dei viaggi e dei voli<\/strong>, con costi che secondo le stime raggiungono livelli tra i pi\u00f9 alti degli ultimi anni.<\/p>\n<p><strong>\u00a0<\/strong><\/p>\n<h1>IL GIORNALE DELLE SEI DEL MATTINO<\/h1>\n<audio class=\"wp-audio-shortcode\" id=\"audio-501588-2\" preload=\"none\" style=\"width: 100%;\" controls=\"controls\"><source type=\"audio\/mpeg\" src=\"https:\/\/www.radiopiu.net\/wordpress\/wp-content\/uploads\/2026\/03\/GIORNALEDELLESEI-12.mp3?_=2\" \/><a href=\"https:\/\/www.radiopiu.net\/wordpress\/wp-content\/uploads\/2026\/03\/GIORNALEDELLESEI-12.mp3\">https:\/\/www.radiopiu.net\/wordpress\/wp-content\/uploads\/2026\/03\/GIORNALEDELLESEI-12.mp3<\/a><\/audio>\n<p>&nbsp;<\/p>\n<p>&nbsp;<\/p>\n<p>&nbsp;<\/p>\n<hr \/>\n<p>&nbsp;<\/p>\n<h1 style=\"text-align: center;\"><span style=\"color: #ff0000;\">I podcast informativi del mattino &#8211; audio &#8211;\u00a0<\/span><\/h1>\n<p><strong>OGNI GIORNO ALLE SETTE DEL MATTINO, LA RASSEGNA STAMPA LOCALE FLASH&#8230; PER CHI VA IN FRETTA. I TITOLI DAI GIORNALI E DAL SITO WWW.RADIOPIU.NET <span style=\"color: #0000ff;\">viene pubblicato alle 7.00<\/span> <span style=\"color: #ff0000;\">DIRETTA RADIO\u00a0 <\/span><\/strong><em><span style=\"color: #ff0000;\">per chi va in fretta&#8230; tante notizie in pochi minuti. L&#8217;informazione locale alla radio, ogni ora dalle 7 del mattino alle 19 della sera.<\/span><\/em><\/p>\n<h1 style=\"text-align: center;\">DALL&#8217;ITALIA<\/h1>\n<div class=\"text-base my-auto mx-auto [--thread-content-margin:--spacing(4)] @w-sm\/main:[--thread-content-margin:--spacing(6)] @w-lg\/main:[--thread-content-margin:--spacing(16)] px-(--thread-content-margin)\">\n<div class=\"[--thread-content-max-width:40rem] @w-lg\/main:[--thread-content-max-width:48rem] mx-auto max-w-(--thread-content-max-width) flex-1 group\/turn-messages focus-visible:outline-hidden relative flex w-full min-w-0 flex-col agent-turn\" tabindex=\"-1\">\n<div class=\"flex max-w-full flex-col grow\">\n<div class=\"min-h-8 text-message relative flex w-full flex-col items-end gap-2 text-start break-words whitespace-normal [.text-message+&amp;]:mt-1\" dir=\"auto\" data-message-author-role=\"assistant\" data-message-id=\"267fcfff-1a0f-4670-9dc4-51b6552dafd9\" data-message-model-slug=\"gpt-5-2\">\n<div class=\"flex w-full flex-col gap-1 empty:hidden first:pt-[1px]\">\n<div class=\"markdown prose dark:prose-invert w-full wrap-break-word dark markdown-new-styling\"><\/div>\n<\/div>\n<\/div>\n<\/div>\n<div class=\"z-0 flex min-h-[46px] justify-start\">\n<div class=\"flex flex-col text-sm pb-25\">\n<article class=\"text-token-text-primary w-full focus:outline-none [--shadow-height:45px] has-data-writing-block:pointer-events-none has-data-writing-block:-mt-(--shadow-height) has-data-writing-block:pt-(--shadow-height) [&amp;:has([data-writing-block])&gt;*]:pointer-events-auto scroll-mt-[calc(var(--header-height)+min(200px,max(70px,20svh)))]\" dir=\"auto\" tabindex=\"-1\" data-turn-id=\"request-WEB:a435df5d-81d5-4aa2-b1b8-6cfba477e99d-22\" data-testid=\"conversation-turn-46\" data-scroll-anchor=\"true\" data-turn=\"assistant\">\n<div class=\"text-base my-auto mx-auto pb-10 [--thread-content-margin:var(--thread-content-margin-xs,calc(var(--spacing)*4))] @w-sm\/main:[--thread-content-margin:var(--thread-content-margin-sm,calc(var(--spacing)*6))] @w-lg\/main:[--thread-content-margin:var(--thread-content-margin-lg,calc(var(--spacing)*16))] px-(--thread-content-margin)\">\n<div class=\"[--thread-content-max-width:40rem] @w-lg\/main:[--thread-content-max-width:48rem] mx-auto max-w-(--thread-content-max-width) flex-1 group\/turn-messages focus-visible:outline-hidden relative flex w-full min-w-0 flex-col agent-turn\" tabindex=\"-1\">\n<div class=\"flex max-w-full flex-col gap-4 grow\">\n<div class=\"min-h-8 text-message relative flex w-full flex-col items-end gap-2 text-start break-words whitespace-normal [.text-message+&amp;]:mt-1\" dir=\"auto\" data-message-author-role=\"assistant\" data-message-id=\"64bc829c-a92a-4a95-a5ae-b3606eabdb0e\" data-message-model-slug=\"gpt-5-3\">\n<div class=\"flex w-full flex-col gap-1 empty:hidden\">\n<div class=\"markdown prose dark:prose-invert w-full wrap-break-word dark markdown-new-styling\">\n<p data-start=\"0\" data-end=\"49\"><strong data-start=\"0\" data-end=\"49\"><a class=\"dt-pswp-item\" href=\"https:\/\/www.radiopiu.net\/wordpress\/wp-content\/uploads\/2026\/03\/Screenshot-2026-03-16-052328.png\" data-dt-img-description=\"\" data-large_image_width=\"567\" data-large_image_height=\"159\"><img loading=\"lazy\" decoding=\"async\" class=\"aligncenter wp-image-501902 size-full\" src=\"https:\/\/www.radiopiu.net\/wordpress\/wp-content\/uploads\/2026\/03\/Screenshot-2026-03-16-052328.png\" alt=\"\" width=\"567\" height=\"159\" srcset=\"https:\/\/www.radiopiu.net\/wordpress\/wp-content\/uploads\/2026\/03\/Screenshot-2026-03-16-052328.png 567w, https:\/\/www.radiopiu.net\/wordpress\/wp-content\/uploads\/2026\/03\/Screenshot-2026-03-16-052328-300x84.png 300w\" sizes=\"auto, (max-width: 567px) 100vw, 567px\" \/><\/a><br \/>\nBERGAMO \u2013 SCONTRO TRA QUATTRO AUTO, DUE MORTI<\/strong><\/p>\n<p data-start=\"51\" data-end=\"315\">Grave incidente nel Bergamasco dove uno <strong data-start=\"91\" data-end=\"119\">scontro tra quattro auto<\/strong> ha provocato la morte di <strong data-start=\"145\" data-end=\"165\">genero e suocera<\/strong>. Nell\u2019impatto sono rimaste ferite in modo lieve <strong data-start=\"214\" data-end=\"245\">due bambine e la loro madre<\/strong>. Le forze dell\u2019ordine stanno ricostruendo la dinamica dell\u2019incidente.<\/p>\n<p data-start=\"317\" data-end=\"381\"><strong data-start=\"317\" data-end=\"381\">RIMINI \u2013 BIMBA DI 4 ANNI MUORE DOPO IL PASSAGGIO IN OSPEDALE<\/strong><\/p>\n<p data-start=\"383\" data-end=\"595\">A Rimini una <strong data-start=\"396\" data-end=\"425\">bambina di 4 anni \u00e8 morta<\/strong> dopo essere stata dimessa dal pronto soccorso. Sono in corso accertamenti sanitari e con ogni probabilit\u00e0 sar\u00e0 disposta <strong data-start=\"546\" data-end=\"560\">l\u2019autopsia<\/strong> per chiarire le cause del decesso.<\/p>\n<p data-start=\"597\" data-end=\"645\"><strong data-start=\"597\" data-end=\"645\">LAMPEDUSA \u2013 BIMBO DISPERSO DOPO UN NAUFRAGIO<\/strong><\/p>\n<p data-start=\"647\" data-end=\"848\">Tragedia nel Mediterraneo: <strong data-start=\"674\" data-end=\"717\">un bambino di due anni risulta disperso<\/strong> dopo il naufragio di una barca di migranti al largo di Lampedusa. <strong data-start=\"784\" data-end=\"830\">Sessantaquattro persone sono state salvate<\/strong> dai soccorritori.<\/p>\n<p data-start=\"850\" data-end=\"895\"><strong data-start=\"850\" data-end=\"895\">INCIDENTE CON SETTE PERSONE IN AUTO<\/strong><\/p>\n<p data-start=\"897\" data-end=\"1141\">Nel Verbano Cusio Ossola proseguono le indagini sull\u2019incidente in cui ha perso la vita <strong data-start=\"984\" data-end=\"1000\">un trentenne<\/strong>. A bordo dell\u2019auto c\u2019erano <strong data-start=\"1028\" data-end=\"1045\">sette persone<\/strong> e gli investigatori stanno verificando il rispetto del numero massimo di passeggeri consentito.<\/p>\n<p data-start=\"1406\" data-end=\"1434\"><strong data-start=\"1406\" data-end=\"1434\">ITALIA \u2013 PASQUA PI\u00d9 CARA<\/strong><\/p>\n<p data-start=\"1436\" data-end=\"1617\">Sul fronte economico si annuncia una <strong data-start=\"1473\" data-end=\"1507\">Pasqua all\u2019insegna dei rincari<\/strong>: aumentano i prezzi delle <strong data-start=\"1534\" data-end=\"1567\">uova di cioccolato e dei voli<\/strong>, con costi ai livelli pi\u00f9 alti degli ultimi anni.<\/p>\n<p data-start=\"1619\" data-end=\"1648\"><strong data-start=\"1619\" data-end=\"1648\">ROMA \u2013 TENSIONI AL CORTEO<\/strong><\/p>\n<p data-start=\"1650\" data-end=\"1900\" data-is-last-node=\"\" data-is-only-node=\"\">Momenti di tensione durante un corteo nella capitale: sono stati <strong data-start=\"1715\" data-end=\"1805\">bruciati cartelloni con le immagini della premier Giorgia Meloni e del ministro Nordio<\/strong> nel corso della manifestazione contro la guerra in Medio Oriente e la riforma della giustizia.<\/p>\n<\/div>\n<\/div>\n<\/div>\n<\/div>\n<div class=\"z-0 flex min-h-[46px] justify-start\"><\/div>\n<\/div>\n<\/div>\n<\/article>\n<\/div>\n<\/div>\n<\/div>\n<\/div>\n<div class=\"pointer-events-none h-px w-px absolute bottom-0\" aria-hidden=\"true\" data-edge=\"true\"><\/div>\n<p>&nbsp;<\/p>\n<div class=\"flex flex-col text-sm pb-25\">\n<article class=\"text-token-text-primary w-full focus:outline-none [--shadow-height:45px] has-data-writing-block:pointer-events-none has-data-writing-block:-mt-(--shadow-height) has-data-writing-block:pt-(--shadow-height) [&amp;:has([data-writing-block])&gt;*]:pointer-events-auto scroll-mt-[calc(var(--header-height)+min(200px,max(70px,20svh)))]\" dir=\"auto\" tabindex=\"-1\" data-turn-id=\"4725b8e7-448d-49ef-90cd-737bcdd880f6\" data-testid=\"conversation-turn-10\" data-scroll-anchor=\"true\" data-turn=\"assistant\">\n<div class=\"text-base my-auto mx-auto pb-10 [--thread-content-margin:--spacing(4)] @w-sm\/main:[--thread-content-margin:--spacing(6)] @w-lg\/main:[--thread-content-margin:--spacing(16)] px-(--thread-content-margin)\">\n<div class=\"[--thread-content-max-width:40rem] @w-lg\/main:[--thread-content-max-width:48rem] mx-auto max-w-(--thread-content-max-width) flex-1 group\/turn-messages focus-visible:outline-hidden relative flex w-full min-w-0 flex-col agent-turn\" tabindex=\"-1\">\n<hr \/>\n<h1><\/h1>\n<h1 style=\"text-align: center;\">DALLA REGIONE VENETO<\/h1>\n<p><a class=\"dt-pswp-item\" href=\"https:\/\/www.radiopiu.net\/wordpress\/wp-content\/uploads\/2026\/03\/d6e72ed6-c3a9-4a15-beef-31434c75a890.png\" data-dt-img-description=\"\" data-large_image_width=\"1536\" data-large_image_height=\"1024\"><img loading=\"lazy\" decoding=\"async\" class=\"aligncenter size-medium wp-image-501903\" src=\"https:\/\/www.radiopiu.net\/wordpress\/wp-content\/uploads\/2026\/03\/d6e72ed6-c3a9-4a15-beef-31434c75a890-300x200.png\" alt=\"\" width=\"300\" height=\"200\" srcset=\"https:\/\/www.radiopiu.net\/wordpress\/wp-content\/uploads\/2026\/03\/d6e72ed6-c3a9-4a15-beef-31434c75a890-300x200.png 300w, https:\/\/www.radiopiu.net\/wordpress\/wp-content\/uploads\/2026\/03\/d6e72ed6-c3a9-4a15-beef-31434c75a890-1024x683.png 1024w, https:\/\/www.radiopiu.net\/wordpress\/wp-content\/uploads\/2026\/03\/d6e72ed6-c3a9-4a15-beef-31434c75a890-768x512.png 768w, https:\/\/www.radiopiu.net\/wordpress\/wp-content\/uploads\/2026\/03\/d6e72ed6-c3a9-4a15-beef-31434c75a890.png 1536w\" sizes=\"auto, (max-width: 300px) 100vw, 300px\" \/><\/a><\/p>\n<div class=\"flex flex-col text-sm pb-25\">\n<article class=\"text-token-text-primary w-full focus:outline-none [--shadow-height:45px] has-data-writing-block:pointer-events-none has-data-writing-block:-mt-(--shadow-height) has-data-writing-block:pt-(--shadow-height) [&amp;:has([data-writing-block])&gt;*]:pointer-events-auto scroll-mt-[calc(var(--header-height)+min(200px,max(70px,20svh)))]\" dir=\"auto\" tabindex=\"-1\" data-turn-id=\"request-WEB:395a30ce-c02d-48c6-adac-8c26190c19fc-13\" data-testid=\"conversation-turn-28\" data-scroll-anchor=\"true\" data-turn=\"assistant\">\n<div class=\"text-base my-auto mx-auto pb-10 [--thread-content-margin:--spacing(4)] @w-sm\/main:[--thread-content-margin:--spacing(6)] @w-lg\/main:[--thread-content-margin:--spacing(16)] px-(--thread-content-margin)\">\n<div class=\"[--thread-content-max-width:40rem] @w-lg\/main:[--thread-content-max-width:48rem] mx-auto max-w-(--thread-content-max-width) flex-1 group\/turn-messages focus-visible:outline-hidden relative flex w-full min-w-0 flex-col agent-turn\" tabindex=\"-1\">\n<div class=\"flex max-w-full flex-col grow\">\n<div class=\"min-h-8 text-message relative flex w-full flex-col items-end gap-2 text-start break-words whitespace-normal [.text-message+&amp;]:mt-1\" dir=\"auto\" data-message-author-role=\"assistant\" data-message-id=\"591443fe-dd2a-4daf-aacb-ee3a0ce88286\" data-message-model-slug=\"gpt-5-2\">\n<div class=\"flex w-full flex-col gap-1 empty:hidden first:pt-[1px]\">\n<div class=\"markdown prose dark:prose-invert w-full wrap-break-word dark markdown-new-styling\">\n<div class=\"flex flex-col text-sm pb-25\">\n<article class=\"text-token-text-primary w-full focus:outline-none [--shadow-height:45px] has-data-writing-block:pointer-events-none has-data-writing-block:-mt-(--shadow-height) has-data-writing-block:pt-(--shadow-height) [&amp;:has([data-writing-block])&gt;*]:pointer-events-auto scroll-mt-[calc(var(--header-height)+min(200px,max(70px,20svh)))]\" dir=\"auto\" tabindex=\"-1\" data-turn-id=\"request-WEB:8a5e7093-3d62-4bde-8de5-bd2a8fc79713-22\" data-testid=\"conversation-turn-46\" data-scroll-anchor=\"true\" data-turn=\"assistant\">\n<div class=\"text-base my-auto mx-auto pb-10 [--thread-content-margin:--spacing(4)] @w-sm\/main:[--thread-content-margin:--spacing(6)] @w-lg\/main:[--thread-content-margin:--spacing(16)] px-(--thread-content-margin)\">\n<div class=\"[--thread-content-max-width:40rem] @w-lg\/main:[--thread-content-max-width:48rem] mx-auto max-w-(--thread-content-max-width) flex-1 group\/turn-messages focus-visible:outline-hidden relative flex w-full min-w-0 flex-col agent-turn\" tabindex=\"-1\">\n<div class=\"flex max-w-full flex-col grow\">\n<div class=\"min-h-8 text-message relative flex w-full flex-col items-end gap-2 text-start break-words whitespace-normal [.text-message+&amp;]:mt-1\" dir=\"auto\" data-message-author-role=\"assistant\" data-message-id=\"fd94cd0c-b9c7-45f7-a79b-d93166b5150e\" data-message-model-slug=\"gpt-5-2\">\n<div class=\"flex w-full flex-col gap-1 empty:hidden first:pt-[1px]\">\n<div class=\"markdown prose dark:prose-invert w-full wrap-break-word dark markdown-new-styling\">\n<div class=\"flex flex-col text-sm pb-25\">\n<article class=\"text-token-text-primary w-full focus:outline-none [--shadow-height:45px] has-data-writing-block:pointer-events-none has-data-writing-block:-mt-(--shadow-height) has-data-writing-block:pt-(--shadow-height) [&amp;:has([data-writing-block])&gt;*]:pointer-events-auto scroll-mt-[calc(var(--header-height)+min(200px,max(70px,20svh)))]\" dir=\"auto\" tabindex=\"-1\" data-turn-id=\"request-WEB:a435df5d-81d5-4aa2-b1b8-6cfba477e99d-24\" data-testid=\"conversation-turn-50\" data-scroll-anchor=\"true\" data-turn=\"assistant\">\n<div class=\"text-base my-auto mx-auto pb-10 [--thread-content-margin:var(--thread-content-margin-xs,calc(var(--spacing)*4))] @w-sm\/main:[--thread-content-margin:var(--thread-content-margin-sm,calc(var(--spacing)*6))] @w-lg\/main:[--thread-content-margin:var(--thread-content-margin-lg,calc(var(--spacing)*16))] px-(--thread-content-margin)\">\n<div class=\"[--thread-content-max-width:40rem] @w-lg\/main:[--thread-content-max-width:48rem] mx-auto max-w-(--thread-content-max-width) flex-1 group\/turn-messages focus-visible:outline-hidden relative flex w-full min-w-0 flex-col agent-turn\" tabindex=\"-1\">\n<div class=\"flex max-w-full flex-col gap-4 grow\">\n<div class=\"min-h-8 text-message relative flex w-full flex-col items-end gap-2 text-start break-words whitespace-normal [.text-message+&amp;]:mt-1\" dir=\"auto\" data-message-author-role=\"assistant\" data-message-id=\"40743d7d-9495-424f-8421-8a392a360f89\" data-message-model-slug=\"gpt-5-3\">\n<div class=\"flex w-full flex-col gap-1 empty:hidden\">\n<div class=\"markdown prose dark:prose-invert w-full wrap-break-word dark markdown-new-styling\">\n<p data-start=\"663\" data-end=\"710\"><strong data-start=\"663\" data-end=\"710\">VENETO \u2013 INCIDENTI STRADALI, DIVERSI FERITI<\/strong><\/p>\n<p data-start=\"712\" data-end=\"985\">Mattinata segnata da diversi incidenti. In uno <strong data-start=\"759\" data-end=\"822\">scontro tra due auto cinque persone sono finite in ospedale<\/strong>, tra cui <strong data-start=\"832\" data-end=\"847\">due bambini<\/strong>. In un altro episodio una vettura \u00e8 <strong data-start=\"884\" data-end=\"928\">uscita di strada finendo contro una casa<\/strong> dopo essere precipitata per alcuni metri e ribaltandosi.<\/p>\n<p data-start=\"987\" data-end=\"1027\"><strong data-start=\"987\" data-end=\"1027\">PADOVA \u2013 CONTROLLI SULL\u2019IMMIGRAZIONE<\/strong><\/p>\n<p data-start=\"1029\" data-end=\"1265\">A Padova proseguono le operazioni delle forze dell\u2019ordine: <strong data-start=\"1088\" data-end=\"1149\">26 provvedimenti di allontanamento di cittadini stranieri<\/strong> in quindici giorni. Disposti <strong data-start=\"1179\" data-end=\"1195\">tre rimpatri<\/strong> e <strong data-start=\"1198\" data-end=\"1264\">dodici trasferimenti nei centri di permanenza per il rimpatrio<\/strong>.<\/p>\n<p data-start=\"1267\" data-end=\"1318\"><strong data-start=\"1267\" data-end=\"1318\">CORTINA \u2013 SPRAY AL PEPERONCINO ALLA COOPERATIVA<\/strong><\/p>\n<p data-start=\"1320\" data-end=\"1572\">Momenti di preoccupazione alla <strong data-start=\"1351\" data-end=\"1377\">Cooperativa di Cortina<\/strong>, dove qualcuno ha spruzzato <strong data-start=\"1406\" data-end=\"1430\">spray al peperoncino<\/strong> all\u2019interno del negozio. Alcuni clienti hanno accusato bruciore alla gola e sono intervenuti <strong data-start=\"1524\" data-end=\"1554\">vigili del fuoco e polizia<\/strong> per le verifiche.<\/p>\n<p data-start=\"1574\" data-end=\"1620\"><strong data-start=\"1574\" data-end=\"1620\">CORTINA \u2013 LOCALE CHIUSO PER SERATE ABUSIVE<\/strong><\/p>\n<p data-start=\"1622\" data-end=\"1828\">Sempre a Cortina un locale \u00e8 stato <strong data-start=\"1657\" data-end=\"1687\">chiuso per quindici giorni<\/strong> dopo aver organizzato serate danzanti senza rispettare le <strong data-start=\"1746\" data-end=\"1781\">misure di sicurezza antincendio<\/strong>, ignorando un precedente decreto del prefetto.<\/p>\n<p data-start=\"1830\" data-end=\"1895\"><strong data-start=\"1830\" data-end=\"1895\">VENEZIA \u2013 APPELLO DEL PATRIARCA SULL\u2019INTELLIGENZA ARTIFICIALE<\/strong><\/p>\n<p data-start=\"1897\" data-end=\"2135\">Il patriarca di Venezia <strong data-start=\"1921\" data-end=\"1943\">Francesco Moraglia<\/strong> invita politica e mondo del lavoro a collaborare per affrontare le <strong data-start=\"2011\" data-end=\"2070\">ricadute dell\u2019intelligenza artificiale sull\u2019occupazione<\/strong>, esprimendo solidariet\u00e0 ai lavoratori della societ\u00e0 InvestCloud.<\/p>\n<p data-start=\"2137\" data-end=\"2168\"><strong data-start=\"2137\" data-end=\"2168\">VENEZIA \u2013 ELEZIONI COMUNALI<\/strong><\/p>\n<p data-start=\"2170\" data-end=\"2368\">Sul fronte politico, il candidato del centrosinistra <strong data-start=\"2223\" data-end=\"2242\">Andrea Martella<\/strong> auspica che <strong data-start=\"2255\" data-end=\"2275\">Felice Pellicani<\/strong> abbia un ruolo da protagonista nella lista del Partito Democratico per le prossime comunali.<\/p>\n<p data-start=\"2370\" data-end=\"2397\"><strong data-start=\"2370\" data-end=\"2397\">ITALIA \u2013 EMERGENZA CASA<\/strong><\/p>\n<p data-start=\"2399\" data-end=\"2614\" data-is-last-node=\"\" data-is-only-node=\"\">Preoccupazione per quaranta famiglie coinvolte nella chiusura di un progetto di <strong data-start=\"2479\" data-end=\"2497\">social housing<\/strong>: gli assegnatari hanno <strong data-start=\"2521\" data-end=\"2580\">sessanta giorni per decidere se acquistare l\u2019abitazione<\/strong>, altrimenti rischiano lo sfratto.<\/p>\n<\/div>\n<\/div>\n<\/div>\n<\/div>\n<div class=\"z-0 flex min-h-[46px] justify-start\"><\/div>\n<div class=\"mt-3 w-full empty:hidden\">\n<div class=\"text-center\"><\/div>\n<\/div>\n<\/div>\n<\/div>\n<\/article>\n<\/div>\n<\/div>\n<\/div>\n<\/div>\n<\/div>\n<\/div>\n<\/div>\n<\/article>\n<\/div>\n<\/div>\n<\/div>\n<\/div>\n<\/div>\n<\/div>\n<\/div>\n<\/article>\n<\/div>\n<p>&nbsp;<\/p>\n<\/div>\n<\/div>\n<\/article>\n<\/div>\n<hr \/>\n<p>&nbsp;<\/p>\n<blockquote>\n<h1><\/h1>\n<h1><a class=\"dt-pswp-item\" href=\"https:\/\/www.radiopiu.net\/wordpress\/wp-content\/uploads\/2024\/05\/La-Val-che-Urla-Mirko-300x169-1.jpg\" data-dt-img-description=\"\" data-large_image_width=\"300\" data-large_image_height=\"169\"><img loading=\"lazy\" decoding=\"async\" class=\"wp-image-388263 aligncenter\" src=\"https:\/\/www.radiopiu.net\/wordpress\/wp-content\/uploads\/2024\/05\/La-Val-che-Urla-Mirko-300x169-1.jpg\" alt=\"\" width=\"215\" height=\"121\" \/><\/a><\/h1>\n<h1 style=\"text-align: center;\">RASSEGNA STAMPA, ORE 7 DEL MATTINO. LE ANTICIPAZIONI<\/h1>\n<p><strong>DI MIRKO MEZZACASA<span style=\"color: #ff0000;\"> aggiornamento alle sette del mattino<\/span><\/strong><\/p><\/blockquote>\n<div class=\"flex flex-col text-sm pb-25\">\n<article class=\"text-token-text-primary w-full focus:outline-none [--shadow-height:45px] has-data-writing-block:pointer-events-none has-data-writing-block:-mt-(--shadow-height) has-data-writing-block:pt-(--shadow-height) [&amp;:has([data-writing-block])&gt;*]:pointer-events-auto scroll-mt-[calc(var(--header-height)+min(200px,max(70px,20svh)))]\" dir=\"auto\" tabindex=\"-1\" data-turn-id=\"request-WEB:395a30ce-c02d-48c6-adac-8c26190c19fc-24\" data-testid=\"conversation-turn-50\" data-scroll-anchor=\"true\" data-turn=\"assistant\">\n<div class=\"text-base my-auto mx-auto pb-10 [--thread-content-margin:--spacing(4)] @w-sm\/main:[--thread-content-margin:--spacing(6)] @w-lg\/main:[--thread-content-margin:--spacing(16)] px-(--thread-content-margin)\"><\/div>\n<\/article>\n<\/div>\n<div class=\"pointer-events-none h-px w-px absolute bottom-0\" aria-hidden=\"true\" data-edge=\"true\">\n<article class=\"text-token-text-primary w-full focus:outline-none [--shadow-height:45px] has-data-writing-block:pointer-events-none has-data-writing-block:-mt-(--shadow-height) has-data-writing-block:pt-(--shadow-height) [&amp;:has([data-writing-block])&gt;*]:pointer-events-auto scroll-mt-[calc(var(--header-height)+min(200px,max(70px,20svh)))]\" dir=\"auto\" tabindex=\"-1\" data-turn-id=\"request-WEB:395a30ce-c02d-48c6-adac-8c26190c19fc-23\" data-testid=\"conversation-turn-48\" data-scroll-anchor=\"false\" data-turn=\"assistant\">\n<div class=\"text-base my-auto mx-auto [--thread-content-margin:--spacing(4)] @w-sm\/main:[--thread-content-margin:--spacing(6)] @w-lg\/main:[--thread-content-margin:--spacing(16)] px-(--thread-content-margin)\">\n<div class=\"[--thread-content-max-width:40rem] @w-lg\/main:[--thread-content-max-width:48rem] mx-auto max-w-(--thread-content-max-width) flex-1 group\/turn-messages focus-visible:outline-hidden relative flex w-full min-w-0 flex-col agent-turn\" tabindex=\"-1\">\n<div class=\"flex max-w-full flex-col grow\">\n<div class=\"min-h-8 text-message relative flex w-full flex-col items-end gap-2 text-start break-words whitespace-normal [.text-message+&amp;]:mt-1\" dir=\"auto\" data-message-author-role=\"assistant\" data-message-id=\"7fddf4eb-6fdb-4366-a540-b1ae38b50a9b\" data-message-model-slug=\"gpt-5-2\">\n<div class=\"flex w-full flex-col gap-1 empty:hidden first:pt-[1px]\">\n<div class=\"markdown prose dark:prose-invert w-full wrap-break-word dark markdown-new-styling\">\n<div class=\"flex flex-col text-sm pb-25\">\n<article class=\"text-token-text-primary w-full focus:outline-none [--shadow-height:45px] has-data-writing-block:pointer-events-none has-data-writing-block:-mt-(--shadow-height) has-data-writing-block:pt-(--shadow-height) [&amp;:has([data-writing-block])&gt;*]:pointer-events-auto scroll-mt-[calc(var(--header-height)+min(200px,max(70px,20svh)))]\" dir=\"auto\" tabindex=\"-1\" data-turn-id=\"request-WEB:59677e25-2b00-49d2-ac56-f4bd152f0e56-16\" data-testid=\"conversation-turn-34\" data-scroll-anchor=\"true\" data-turn=\"assistant\">\n<div class=\"text-base my-auto mx-auto pb-10 [--thread-content-margin:--spacing(4)] @w-sm\/main:[--thread-content-margin:--spacing(6)] @w-lg\/main:[--thread-content-margin:--spacing(16)] px-(--thread-content-margin)\">\n<div class=\"[--thread-content-max-width:40rem] @w-lg\/main:[--thread-content-max-width:48rem] mx-auto max-w-(--thread-content-max-width) flex-1 group\/turn-messages focus-visible:outline-hidden relative flex w-full min-w-0 flex-col agent-turn\" tabindex=\"-1\">\n<div class=\"flex max-w-full flex-col grow\">\n<div class=\"min-h-8 text-message relative flex w-full flex-col items-end gap-2 text-start break-words whitespace-normal [.text-message+&amp;]:mt-1\" dir=\"auto\" data-message-author-role=\"assistant\" data-message-id=\"c470da22-b8fc-4951-a4c1-a3460cfcc73c\" data-message-model-slug=\"gpt-5-2\">\n<div class=\"flex w-full flex-col gap-1 empty:hidden first:pt-[1px]\">\n<div class=\"markdown prose dark:prose-invert w-full wrap-break-word dark markdown-new-styling\">\n<div class=\"pointer-events-none h-px w-px absolute bottom-0\" aria-hidden=\"true\" data-edge=\"true\">\n<article class=\"text-token-text-primary w-full focus:outline-none [--shadow-height:45px] has-data-writing-block:pointer-events-none has-data-writing-block:-mt-(--shadow-height) has-data-writing-block:pt-(--shadow-height) [&amp;:has([data-writing-block])&gt;*]:pointer-events-auto scroll-mt-[calc(var(--header-height)+min(200px,max(70px,20svh)))]\" dir=\"auto\" tabindex=\"-1\" data-turn-id=\"request-WEB:550dd49c-242d-4a86-9b84-975bcd145a32-30\" data-testid=\"conversation-turn-62\" data-scroll-anchor=\"false\" data-turn=\"assistant\">\n<div class=\"text-base my-auto mx-auto [--thread-content-margin:--spacing(4)] @w-sm\/main:[--thread-content-margin:--spacing(6)] @w-lg\/main:[--thread-content-margin:--spacing(16)] px-(--thread-content-margin)\">\n<div class=\"[--thread-content-max-width:40rem] @w-lg\/main:[--thread-content-max-width:48rem] mx-auto max-w-(--thread-content-max-width) flex-1 group\/turn-messages focus-visible:outline-hidden relative flex w-full min-w-0 flex-col agent-turn\" tabindex=\"-1\">\n<div class=\"flex max-w-full flex-col grow\">\n<div class=\"min-h-8 text-message relative flex w-full flex-col items-end gap-2 text-start break-words whitespace-normal [.text-message+&amp;]:mt-1\" dir=\"auto\" data-message-author-role=\"assistant\" data-message-id=\"264db2b0-d3f9-4abe-9360-3542daf637df\" data-message-model-slug=\"gpt-5-2\">\n<div class=\"flex w-full flex-col gap-1 empty:hidden first:pt-[1px]\">\n<div class=\"markdown prose dark:prose-invert w-full wrap-break-word dark markdown-new-styling\">\n<div class=\"pointer-events-none h-px w-px absolute bottom-0\" aria-hidden=\"true\" data-edge=\"true\">\n<p data-start=\"2245\" data-end=\"2348\">\n<\/div>\n<\/div>\n<\/div>\n<\/div>\n<\/div>\n<\/div>\n<\/div>\n<\/article>\n<\/div>\n<\/div>\n<\/div>\n<\/div>\n<\/div>\n<\/div>\n<\/div>\n<\/article>\n<\/div>\n<\/div>\n<\/div>\n<\/div>\n<\/div>\n<\/div>\n<\/div>\n<\/article>\n<\/div>\n<p>&nbsp;<\/p>\n<h1 data-start=\"128\" data-end=\"155\">&#x1f4f0; RASSEGNA STAMPA LOCALE, OGNI GIORNO ALLE 7 PER CHI VA DI FRETTA, ALLE 8.05 DA 43 ANNI<\/h1>\n<\/div>\n<\/div>\n<\/div>\n<\/article>\n<\/div>\n<div class=\"flex flex-col text-sm pb-25\">\n<article class=\"text-token-text-primary w-full focus:outline-none [--shadow-height:45px] has-data-writing-block:pointer-events-none has-data-writing-block:-mt-(--shadow-height) has-data-writing-block:pt-(--shadow-height) [&amp;:has([data-writing-block])&gt;*]:pointer-events-auto scroll-mt-[calc(var(--header-height)+min(200px,max(70px,20svh)))]\" dir=\"auto\" tabindex=\"-1\" data-turn-id=\"request-WEB:545a5307-a0c9-41c7-9a5f-bf65aefdb8ec-5\" data-testid=\"conversation-turn-12\" data-scroll-anchor=\"true\" data-turn=\"assistant\">\n<div class=\"text-base my-auto mx-auto pb-10 [--thread-content-margin:--spacing(4)] @w-sm\/main:[--thread-content-margin:--spacing(6)] @w-lg\/main:[--thread-content-margin:--spacing(16)] px-(--thread-content-margin)\">\n<div class=\"[--thread-content-max-width:40rem] @w-lg\/main:[--thread-content-max-width:48rem] mx-auto max-w-(--thread-content-max-width) flex-1 group\/turn-messages focus-visible:outline-hidden relative flex w-full min-w-0 flex-col agent-turn\" tabindex=\"-1\">\n<div class=\"z-0 flex min-h-[46px] justify-start\">\n<div class=\"pointer-events-none h-px w-px absolute bottom-0\" aria-hidden=\"true\" data-edge=\"true\">\n<article class=\"text-token-text-primary w-full focus:outline-none [--shadow-height:45px] has-data-writing-block:pointer-events-none has-data-writing-block:-mt-(--shadow-height) has-data-writing-block:pt-(--shadow-height) [&amp;:has([data-writing-block])&gt;*]:pointer-events-auto scroll-mt-[calc(var(--header-height)+min(200px,max(70px,20svh)))]\" dir=\"auto\" tabindex=\"-1\" data-turn-id=\"request-WEB:395a30ce-c02d-48c6-adac-8c26190c19fc-23\" data-testid=\"conversation-turn-48\" data-scroll-anchor=\"false\" data-turn=\"assistant\">\n<div class=\"text-base my-auto mx-auto [--thread-content-margin:--spacing(4)] @w-sm\/main:[--thread-content-margin:--spacing(6)] @w-lg\/main:[--thread-content-margin:--spacing(16)] px-(--thread-content-margin)\">\n<div class=\"[--thread-content-max-width:40rem] @w-lg\/main:[--thread-content-max-width:48rem] mx-auto max-w-(--thread-content-max-width) flex-1 group\/turn-messages focus-visible:outline-hidden relative flex w-full min-w-0 flex-col agent-turn\" tabindex=\"-1\">\n<div class=\"z-0 flex min-h-[46px] justify-start\">\n<div class=\"pointer-events-none h-px w-px absolute bottom-0\" aria-hidden=\"true\" data-edge=\"true\">\n<article class=\"text-token-text-primary w-full focus:outline-none [--shadow-height:45px] has-data-writing-block:pointer-events-none has-data-writing-block:-mt-(--shadow-height) has-data-writing-block:pt-(--shadow-height) [&amp;:has([data-writing-block])&gt;*]:pointer-events-auto scroll-mt-(--header-height)\" dir=\"auto\" tabindex=\"-1\" data-turn-id=\"be71d048-10d6-4822-b6f8-d8ba31ea41c6\" data-testid=\"conversation-turn-49\" data-scroll-anchor=\"false\" data-turn=\"user\">\n<div class=\"text-base my-auto mx-auto pt-12 [--thread-content-margin:--spacing(4)] @w-sm\/main:[--thread-content-margin:--spacing(6)] @w-lg\/main:[--thread-content-margin:--spacing(16)] px-(--thread-content-margin)\">\n<div class=\"[--thread-content-max-width:40rem] @w-lg\/main:[--thread-content-max-width:48rem] mx-auto max-w-(--thread-content-max-width) flex-1 group\/turn-messages focus-visible:outline-hidden relative flex w-full min-w-0 flex-col\" tabindex=\"-1\">\n<div class=\"flex max-w-full flex-col grow\">\n<div class=\"min-h-8 text-message relative flex w-full flex-col items-end gap-2 text-start break-words whitespace-normal [.text-message+&amp;]:mt-1\" dir=\"auto\" data-message-author-role=\"user\" data-message-id=\"be71d048-10d6-4822-b6f8-d8ba31ea41c6\">\n<div class=\"flex w-full flex-col gap-1 empty:hidden items-end rtl:items-start\">\n<div class=\"user-message-bubble-color corner-superellipse\/1.1 relative rounded-[18px] px-4 py-1.5 data-[multiline]:py-3 max-w-[var(--user-chat-width,70%)]\">\n<p>DI MIRKO MEZZACASA<\/p>\n<audio class=\"wp-audio-shortcode\" id=\"audio-501588-3\" preload=\"none\" style=\"width: 100%;\" controls=\"controls\"><source type=\"audio\/mpeg\" src=\"https:\/\/www.radiopiu.net\/wordpress\/wp-content\/uploads\/2026\/03\/GF07-12.mp3?_=3\" \/><a href=\"https:\/\/www.radiopiu.net\/wordpress\/wp-content\/uploads\/2026\/03\/GF07-12.mp3\">https:\/\/www.radiopiu.net\/wordpress\/wp-content\/uploads\/2026\/03\/GF07-12.mp3<\/a><\/audio>\n<p>&nbsp;<\/p>\n<p>&nbsp;<\/p>\n<\/div>\n<\/div>\n<\/div>\n<\/div>\n<\/div>\n<\/div>\n<\/article>\n<\/div>\n<div class=\"flex flex-col text-sm pb-25\">\n<article class=\"text-token-text-primary w-full focus:outline-none [--shadow-height:45px] has-data-writing-block:pointer-events-none has-data-writing-block:-mt-(--shadow-height) has-data-writing-block:pt-(--shadow-height) [&amp;:has([data-writing-block])&gt;*]:pointer-events-auto scroll-mt-[calc(var(--header-height)+min(200px,max(70px,20svh)))]\" dir=\"auto\" tabindex=\"-1\" data-turn-id=\"6396bcad-d60e-4a56-bb34-35612dfbda6f\" data-testid=\"conversation-turn-128\" data-scroll-anchor=\"true\" data-turn=\"assistant\">\n<div class=\"text-base my-auto mx-auto pb-10 [--thread-content-margin:--spacing(4)] @w-sm\/main:[--thread-content-margin:--spacing(6)] @w-lg\/main:[--thread-content-margin:--spacing(16)] px-(--thread-content-margin)\">\n<div class=\"[--thread-content-max-width:40rem] @w-lg\/main:[--thread-content-max-width:48rem] mx-auto max-w-(--thread-content-max-width) flex-1 group\/turn-messages focus-visible:outline-hidden relative flex w-full min-w-0 flex-col agent-turn\" tabindex=\"-1\">\n<div class=\"flex max-w-full flex-col grow\">\n<div class=\"min-h-8 text-message relative flex w-full flex-col items-end gap-2 text-start break-words whitespace-normal [.text-message+&amp;]:mt-1\" dir=\"auto\" data-message-author-role=\"assistant\" data-message-id=\"e1f3858c-d840-4462-97ca-2f881886e23b\" data-message-model-slug=\"gpt-5-2\">\n<div class=\"flex w-full flex-col gap-1 empty:hidden first:pt-[1px]\">\n<div class=\"markdown prose dark:prose-invert w-full wrap-break-word dark markdown-new-styling\">\n<div class=\"flex h-svh w-screen flex-col\">\n<div class=\"relative z-0 flex min-h-0 w-full flex-1\">\n<div class=\"relative flex min-h-0 w-full flex-1\">\n<div class=\"@container\/main relative flex min-w-0 flex-1 flex-col -translate-y-[calc(env(safe-area-inset-bottom,0px)\/2)] pt-[calc(env(safe-area-inset-bottom,0px)\/2)]\">\n<div class=\"@w-sm\/main:[scrollbar-gutter:stable_both-edges] touch:[scrollbar-width:none] relative flex min-h-0 min-w-0 flex-1 flex-col [scrollbar-gutter:stable] not-print:overflow-x-clip not-print:overflow-y-auto scroll-pt-(--header-height) [--sticky-padding-top:var(--header-height)] has-data-[fixed-header=less-than-xl]:@w-xl\/main:scroll-pt-0 has-data-[fixed-header=less-than-xl]:@w-xl\/main:[--sticky-padding-top:0px] has-data-[fixed-header=less-than-xxl]:@w-2xl\/main:scroll-pt-0 has-data-[fixed-header=less-than-xxl]:@w-2xl\/main:[--sticky-padding-top:0px]\" data-scroll-root=\"\">\n<div id=\"thread\" class=\"group\/thread flex flex-col min-h-full\">\n<div class=\"composer-parent flex flex-1 flex-col focus-visible:outline-0\" role=\"presentation\">\n<div class=\"relative basis-auto flex-col -mb-(--composer-overlap-px) [--composer-overlap-px:28px] grow flex\">\n<div class=\"flex flex-col text-sm pb-25\">\n<article class=\"text-token-text-primary w-full focus:outline-none [--shadow-height:45px] has-data-writing-block:pointer-events-none has-data-writing-block:-mt-(--shadow-height) has-data-writing-block:pt-(--shadow-height) [&amp;:has([data-writing-block])&gt;*]:pointer-events-auto scroll-mt-[calc(var(--header-height)+min(200px,max(70px,20svh)))]\" dir=\"auto\" tabindex=\"-1\" data-turn-id=\"aa5cda40-ad08-42ce-bf30-0508940a0d23\" data-testid=\"conversation-turn-62\" data-scroll-anchor=\"true\" data-turn=\"assistant\">\n<div class=\"text-base my-auto mx-auto pb-10 [--thread-content-margin:--spacing(4)] @w-sm\/main:[--thread-content-margin:--spacing(6)] @w-lg\/main:[--thread-content-margin:--spacing(16)] px-(--thread-content-margin)\">\n<div class=\"[--thread-content-max-width:40rem] @w-lg\/main:[--thread-content-max-width:48rem] mx-auto max-w-(--thread-content-max-width) flex-1 group\/turn-messages focus-visible:outline-hidden relative flex w-full min-w-0 flex-col agent-turn\" tabindex=\"-1\">\n<div class=\"flex max-w-full flex-col grow\">\n<div class=\"min-h-8 text-message relative flex w-full flex-col items-end gap-2 text-start break-words whitespace-normal [.text-message+&amp;]:mt-1\" dir=\"auto\" data-message-author-role=\"assistant\" data-message-id=\"d4146dd0-662c-4cdd-bbea-6d96efca9319\" data-message-model-slug=\"gpt-5-2\">\n<div class=\"flex w-full flex-col gap-1 empty:hidden first:pt-[1px]\">\n<div class=\"markdown prose dark:prose-invert w-full wrap-break-word dark markdown-new-styling\">\n<div class=\"relative basis-auto flex-col -mb-(--composer-overlap-px) [--composer-overlap-px:28px] grow flex\">\n<div class=\"flex flex-col text-sm pb-25\">\n<article class=\"text-token-text-primary w-full focus:outline-none [--shadow-height:45px] has-data-writing-block:pointer-events-none has-data-writing-block:-mt-(--shadow-height) has-data-writing-block:pt-(--shadow-height) [&amp;:has([data-writing-block])&gt;*]:pointer-events-auto scroll-mt-[calc(var(--header-height)+min(200px,max(70px,20svh)))]\" dir=\"auto\" tabindex=\"-1\" data-turn-id=\"81350bf5-52fb-42ef-83ef-88b4111dbe54\" data-testid=\"conversation-turn-28\" data-scroll-anchor=\"true\" data-turn=\"assistant\">\n<div class=\"text-base my-auto mx-auto pb-10 [--thread-content-margin:--spacing(4)] @w-sm\/main:[--thread-content-margin:--spacing(6)] @w-lg\/main:[--thread-content-margin:--spacing(16)] px-(--thread-content-margin)\">\n<div class=\"[--thread-content-max-width:40rem] @w-lg\/main:[--thread-content-max-width:48rem] mx-auto max-w-(--thread-content-max-width) flex-1 group\/turn-messages focus-visible:outline-hidden relative flex w-full min-w-0 flex-col agent-turn\" tabindex=\"-1\">\n<div class=\"flex max-w-full flex-col grow\">\n<div class=\"min-h-8 text-message relative flex w-full flex-col items-end gap-2 text-start break-words whitespace-normal [.text-message+&amp;]:mt-1\" dir=\"auto\" data-message-author-role=\"assistant\" data-message-id=\"199cbd49-05ce-45fd-b525-d3c7639e2a69\" data-message-model-slug=\"gpt-5-2\">\n<div class=\"flex w-full flex-col gap-1 empty:hidden first:pt-[1px]\">\n<div class=\"markdown prose dark:prose-invert w-full wrap-break-word dark markdown-new-styling\">\n<div class=\"flex flex-col text-sm pb-25\">\n<article class=\"text-token-text-primary w-full focus:outline-none [--shadow-height:45px] has-data-writing-block:pointer-events-none has-data-writing-block:-mt-(--shadow-height) has-data-writing-block:pt-(--shadow-height) [&amp;:has([data-writing-block])&gt;*]:pointer-events-auto scroll-mt-[calc(var(--header-height)+min(200px,max(70px,20svh)))]\" dir=\"auto\" tabindex=\"-1\" data-turn-id=\"78c97f80-bdc6-43b1-a375-f3de13fb174c\" data-testid=\"conversation-turn-34\" data-scroll-anchor=\"true\" data-turn=\"assistant\">\n<div class=\"text-base my-auto mx-auto pb-10 [--thread-content-margin:--spacing(4)] @w-sm\/main:[--thread-content-margin:--spacing(6)] @w-lg\/main:[--thread-content-margin:--spacing(16)] px-(--thread-content-margin)\">\n<div class=\"[--thread-content-max-width:40rem] @w-lg\/main:[--thread-content-max-width:48rem] mx-auto max-w-(--thread-content-max-width) flex-1 group\/turn-messages focus-visible:outline-hidden relative flex w-full min-w-0 flex-col agent-turn\" tabindex=\"-1\">\n<div class=\"flex max-w-full flex-col grow\">\n<div class=\"min-h-8 text-message relative flex w-full flex-col items-end gap-2 text-start break-words whitespace-normal [.text-message+&amp;]:mt-1\" dir=\"auto\" data-message-author-role=\"assistant\" data-message-id=\"3bb62ed5-4654-4deb-83da-f5b920ca13b7\" data-message-model-slug=\"gpt-5-2\">\n<div class=\"flex w-full flex-col gap-1 empty:hidden first:pt-[1px]\">\n<div class=\"markdown prose dark:prose-invert w-full wrap-break-word dark markdown-new-styling\">\n<div class=\"flex flex-col text-sm pb-25\">\n<article class=\"text-token-text-primary w-full focus:outline-none [--shadow-height:45px] has-data-writing-block:pointer-events-none has-data-writing-block:-mt-(--shadow-height) has-data-writing-block:pt-(--shadow-height) [&amp;:has([data-writing-block])&gt;*]:pointer-events-auto scroll-mt-[calc(var(--header-height)+min(200px,max(70px,20svh)))]\" dir=\"auto\" tabindex=\"-1\" data-turn-id=\"1c73cbbe-8723-4066-99eb-75301fa1d490\" data-testid=\"conversation-turn-122\" data-scroll-anchor=\"true\" data-turn=\"assistant\">\n<div class=\"text-base my-auto mx-auto pb-10 [--thread-content-margin:--spacing(4)] @w-sm\/main:[--thread-content-margin:--spacing(6)] @w-lg\/main:[--thread-content-margin:--spacing(16)] px-(--thread-content-margin)\">\n<div class=\"[--thread-content-max-width:40rem] @w-lg\/main:[--thread-content-max-width:48rem] mx-auto max-w-(--thread-content-max-width) flex-1 group\/turn-messages focus-visible:outline-hidden relative flex w-full min-w-0 flex-col agent-turn\" tabindex=\"-1\">\n<div class=\"z-0 flex min-h-[46px] justify-start\"><\/div>\n<\/div>\n<\/div>\n<\/article>\n<\/div>\n<\/div>\n<\/div>\n<\/div>\n<\/div>\n<\/div>\n<\/div>\n<\/article>\n<\/div>\n<\/div>\n<\/div>\n<\/div>\n<\/div>\n<\/div>\n<\/div>\n<\/article>\n<\/div>\n<\/div>\n<\/div>\n<\/div>\n<\/div>\n<\/div>\n<\/div>\n<\/div>\n<\/article>\n<\/div>\n<\/div>\n<\/div>\n<\/div>\n<\/div>\n<\/div>\n<\/div>\n<\/div>\n<\/div>\n<\/div>\n<\/div>\n<\/div>\n<\/div>\n<\/div>\n<\/div>\n<\/article>\n<\/div>\n<\/div>\n<\/div>\n<\/div>\n<\/article>\n<\/div>\n<\/div>\n<\/div>\n<\/div>\n<\/article>\n<\/div>\n<div class=\"flex flex-col text-sm pb-25\">\n<article class=\"text-token-text-primary w-full focus:outline-none [--shadow-height:45px] has-data-writing-block:pointer-events-none has-data-writing-block:-mt-(--shadow-height) has-data-writing-block:pt-(--shadow-height) [&amp;:has([data-writing-block])&gt;*]:pointer-events-auto scroll-mt-[calc(var(--header-height)+min(200px,max(70px,20svh)))]\" dir=\"auto\" tabindex=\"-1\" data-turn-id=\"request-WEB:545a5307-a0c9-41c7-9a5f-bf65aefdb8ec-5\" data-testid=\"conversation-turn-12\" data-scroll-anchor=\"true\" data-turn=\"assistant\">\n<div class=\"text-base my-auto mx-auto pb-10 [--thread-content-margin:--spacing(4)] @w-sm\/main:[--thread-content-margin:--spacing(6)] @w-lg\/main:[--thread-content-margin:--spacing(16)] px-(--thread-content-margin)\">\n<div class=\"[--thread-content-max-width:40rem] @w-lg\/main:[--thread-content-max-width:48rem] mx-auto max-w-(--thread-content-max-width) flex-1 group\/turn-messages focus-visible:outline-hidden relative flex w-full min-w-0 flex-col agent-turn\" tabindex=\"-1\">\n<div class=\"z-0 flex min-h-[46px] justify-start\">\n<p>&nbsp;<\/p>\n<p>&nbsp;<\/p>\n<hr \/>\n<p>&nbsp;<\/p>\n<h1><span style=\"color: #ff0000;\"><a class=\"dt-pswp-item\" href=\"https:\/\/www.radiopiu.net\/wordpress\/wp-content\/uploads\/2024\/11\/8.jpg\" data-dt-img-description=\"\" data-large_image_width=\"180\" data-large_image_height=\"180\"><img loading=\"lazy\" decoding=\"async\" class=\"size-full wp-image-417910 aligncenter\" src=\"https:\/\/www.radiopiu.net\/wordpress\/wp-content\/uploads\/2024\/11\/8.jpg\" alt=\"\" width=\"180\" height=\"180\" srcset=\"https:\/\/www.radiopiu.net\/wordpress\/wp-content\/uploads\/2024\/11\/8.jpg 180w, https:\/\/www.radiopiu.net\/wordpress\/wp-content\/uploads\/2024\/11\/8-150x150.jpg 150w\" sizes=\"auto, (max-width: 180px) 100vw, 180px\" \/><\/a><\/span><\/h1>\n<h1><span style=\"color: #ff0000;\">I podcast informativi del mattino &#8211; video &#8211;\u00a0<\/span><\/h1>\n<h2 style=\"text-align: left;\"><strong>RASSEGNA STAMPA LOCALE, ORE OTTO<\/strong><\/h2>\n<h2><strong><span style=\"color: #0000ff;\">viene\u00a0 <\/span><\/strong><strong><span style=\"color: #0000ff;\">pubblicata alle 8.05 <span style=\"color: #ff0000;\">DIRETTA RADIO\u00a0 \u00a0<\/span><\/span><\/strong><strong>DI MIRKO MEZZACASA<\/strong><\/h2>\n<h1><span style=\"color: #ff0000;\"><strong>VIDEO\u00a0 \u00a0in diretta AGGIORNAMENTO\u00a0 dalle 8 del mattino<\/strong><\/span><\/h1>\n\n\t\t\t<style type='text\/css'>\n\t\t\t\t#gallery-2 {\n\t\t\t\t\tmargin: auto;\n\t\t\t\t}\n\t\t\t\t#gallery-2 .gallery-item {\n\t\t\t\t\tfloat: left;\n\t\t\t\t\tmargin-top: 10px;\n\t\t\t\t\ttext-align: center;\n\t\t\t\t\twidth: 50%;\n\t\t\t\t}\n\t\t\t\t#gallery-2 img {\n\t\t\t\t\tborder: 2px solid #cfcfcf;\n\t\t\t\t}\n\t\t\t\t#gallery-2 .gallery-caption {\n\t\t\t\t\tmargin-left: 0;\n\t\t\t\t}\n\t\t\t\t\/* see gallery_shortcode() in wp-includes\/media.php *\/\n\t\t\t<\/style>\n\t\t<div id='gallery-2' class='dt-gallery-container gallery galleryid-501588 gallery-columns-2 gallery-size-medium'><dl class='gallery-item'>\n\t\t\t\t<dt class='gallery-icon landscape'>\n\t\t\t\t\t<a class=\"rollover rollover-zoom dt-pswp-item\" title=\"Screenshot 2026-03-16 050956\" data-dt-img-description=\"\" data-large_image_width=\"670\" data-large_image_height=\"395\"href='https:\/\/www.radiopiu.net\/wordpress\/wp-content\/uploads\/2026\/03\/Screenshot-2026-03-16-050956.png'><img loading=\"lazy\" decoding=\"async\" width=\"300\" height=\"177\" src=\"https:\/\/www.radiopiu.net\/wordpress\/wp-content\/uploads\/2026\/03\/Screenshot-2026-03-16-050956-300x177.png\" class=\"attachment-medium size-medium\" alt=\"\" srcset=\"https:\/\/www.radiopiu.net\/wordpress\/wp-content\/uploads\/2026\/03\/Screenshot-2026-03-16-050956-300x177.png 300w, https:\/\/www.radiopiu.net\/wordpress\/wp-content\/uploads\/2026\/03\/Screenshot-2026-03-16-050956.png 670w\" sizes=\"auto, (max-width: 300px) 100vw, 300px\" \/><\/a>\n\t\t\t\t<\/dt><\/dl><dl class='gallery-item'>\n\t\t\t\t<dt class='gallery-icon landscape'>\n\t\t\t\t\t<a class=\"rollover rollover-zoom dt-pswp-item\" title=\"Screenshot 2026-03-16 050429\" data-dt-img-description=\"\" data-large_image_width=\"623\" data-large_image_height=\"327\"href='https:\/\/www.radiopiu.net\/wordpress\/wp-content\/uploads\/2026\/03\/Screenshot-2026-03-16-050429.png'><img loading=\"lazy\" decoding=\"async\" width=\"300\" height=\"157\" src=\"https:\/\/www.radiopiu.net\/wordpress\/wp-content\/uploads\/2026\/03\/Screenshot-2026-03-16-050429-300x157.png\" class=\"attachment-medium size-medium\" alt=\"\" srcset=\"https:\/\/www.radiopiu.net\/wordpress\/wp-content\/uploads\/2026\/03\/Screenshot-2026-03-16-050429-300x157.png 300w, https:\/\/www.radiopiu.net\/wordpress\/wp-content\/uploads\/2026\/03\/Screenshot-2026-03-16-050429.png 623w\" sizes=\"auto, (max-width: 300px) 100vw, 300px\" \/><\/a>\n\t\t\t\t<\/dt><\/dl><br style=\"clear: both\" \/>\n\t\t\t<\/div>\n\n<p><iframe loading=\"lazy\" title=\"DAL 1983 LA RASSEGNA STAMPA LOCALE di mirko mezzacasa. L&#039;ORIGINALE\" width=\"1200\" height=\"675\" src=\"https:\/\/www.youtube.com\/embed\/Bf8pcYbl8qg?feature=oembed\" frameborder=\"0\" allow=\"accelerometer; autoplay; clipboard-write; encrypted-media; gyroscope; picture-in-picture; web-share\" referrerpolicy=\"strict-origin-when-cross-origin\" allowfullscreen><\/iframe><\/p>\n<hr \/>\n<\/div>\n<\/div>\n<\/div>\n<\/article>\n<\/div>\n<p>&nbsp;<\/p>\n<p>&nbsp;<\/p>\n<p>&nbsp;<\/p>\n<blockquote>\n<h3 style=\"text-align: center;\"><span class=\"BZ_Pyq_fadeIn\">ACQUA <\/span><span class=\"BZ_Pyq_fadeIn\">NON <\/span><span class=\"BZ_Pyq_fadeIn\">POTABILE <\/span><span class=\"BZ_Pyq_fadeIn\">IN <\/span><span class=\"BZ_Pyq_fadeIn\">ALCUNE <\/span><span class=\"BZ_Pyq_fadeIn\">LOCALIT\u00c0 <\/span><span class=\"BZ_Pyq_fadeIn\">DI <\/span><span class=\"BZ_Pyq_fadeIn\">LIVINALLONGO<\/span><\/h3>\n<\/blockquote>\n<p><strong><a class=\"dt-pswp-item\" href=\"https:\/\/www.radiopiu.net\/wordpress\/wp-content\/uploads\/2023\/08\/acqua.jpeg\" data-dt-img-description=\"\" data-large_image_width=\"1038\" data-large_image_height=\"688\"><img loading=\"lazy\" decoding=\"async\" class=\"aligncenter size-medium wp-image-348061\" src=\"https:\/\/www.radiopiu.net\/wordpress\/wp-content\/uploads\/2023\/08\/acqua-300x199.jpeg\" alt=\"\" width=\"300\" height=\"199\" srcset=\"https:\/\/www.radiopiu.net\/wordpress\/wp-content\/uploads\/2023\/08\/acqua-300x199.jpeg 300w, https:\/\/www.radiopiu.net\/wordpress\/wp-content\/uploads\/2023\/08\/acqua-1024x679.jpeg 1024w, https:\/\/www.radiopiu.net\/wordpress\/wp-content\/uploads\/2023\/08\/acqua-768x509.jpeg 768w, https:\/\/www.radiopiu.net\/wordpress\/wp-content\/uploads\/2023\/08\/acqua.jpeg 1038w\" sizes=\"auto, (max-width: 300px) 100vw, 300px\" \/><\/a>\u00a0<\/strong><\/p>\n<p><span class=\"BZ_Pyq_fadeIn\"><strong>LIVINALLONGO <\/strong>Servizi <\/span><span class=\"BZ_Pyq_fadeIn\">Integrati <\/span><span class=\"BZ_Pyq_fadeIn\">Bellunesi <\/span><span class=\"BZ_Pyq_fadeIn\">informa <\/span><span class=\"BZ_Pyq_fadeIn\">che <\/span><span class=\"BZ_Pyq_fadeIn\">a <\/span><span class=\"BZ_Pyq_fadeIn\">Livinallongo <\/span><span class=\"BZ_Pyq_fadeIn\">del <\/span><span class=\"BZ_Pyq_fadeIn\">Col <\/span><span class=\"BZ_Pyq_fadeIn\">di <\/span><span class=\"BZ_Pyq_fadeIn\">Lana, <\/span><span class=\"BZ_Pyq_fadeIn\">nelle <\/span><span class=\"BZ_Pyq_fadeIn\">localit\u00e0 <\/span><span class=\"BZ_Pyq_fadeIn\">Alfauro, <\/span><span class=\"BZ_Pyq_fadeIn\">Crepaz, <\/span><span class=\"BZ_Pyq_fadeIn\">Pezzei, <\/span><span class=\"BZ_Pyq_fadeIn\">Ruaz <\/span><span class=\"BZ_Pyq_fadeIn\">e <\/span><span class=\"BZ_Pyq_fadeIn\">San <\/span><span class=\"BZ_Pyq_fadeIn\">Giovanni, <\/span><span class=\"BZ_Pyq_fadeIn\">l\u2019acqua <\/span><span class=\"BZ_Pyq_fadeIn\">dell\u2019acquedotto <\/span><span class=\"BZ_Pyq_fadeIn\">non <\/span><span class=\"BZ_Pyq_fadeIn\">\u00e8 <\/span><span class=\"BZ_Pyq_fadeIn\">potabile. <\/span><span class=\"BZ_Pyq_fadeIn\">Pu\u00f2 <\/span><span class=\"BZ_Pyq_fadeIn\">essere <\/span><span class=\"BZ_Pyq_fadeIn\">utilizzata <\/span><span class=\"BZ_Pyq_fadeIn\">per <\/span><span class=\"BZ_Pyq_fadeIn\">scopi <\/span><span class=\"BZ_Pyq_fadeIn\">alimentari <\/span><span class=\"BZ_Pyq_fadeIn\">solo <\/span><span class=\"BZ_Pyq_fadeIn\">previa <\/span><span class=\"BZ_Pyq_fadeIn\">bollitura. <\/span><span class=\"BZ_Pyq_fadeIn\">Attivato <\/span><span class=\"BZ_Pyq_fadeIn\">un <\/span><span class=\"BZ_Pyq_fadeIn\">servizio <\/span><span class=\"BZ_Pyq_fadeIn\">sostitutivo <\/span><span class=\"BZ_Pyq_fadeIn\">con <\/span><span class=\"BZ_Pyq_fadeIn\">cisterna <\/span><span class=\"BZ_Pyq_fadeIn\">presso <\/span><span class=\"BZ_Pyq_fadeIn\">la <\/span><span class=\"BZ_Pyq_fadeIn\">Latteria <\/span><span class=\"BZ_Pyq_fadeIn\">Sociale <\/span><span class=\"BZ_Pyq_fadeIn\">di <\/span><span class=\"BZ_Pyq_fadeIn\">Arabba. <\/span><span class=\"BZ_Pyq_fadeIn\">Avviati <\/span><span class=\"BZ_Pyq_fadeIn\">interventi <\/span><span class=\"BZ_Pyq_fadeIn\">di <\/span><span class=\"BZ_Pyq_fadeIn\">pulizia <\/span><span class=\"BZ_Pyq_fadeIn\">e <\/span><span class=\"BZ_Pyq_fadeIn\">disinfezione <\/span><span class=\"BZ_Pyq_fadeIn\">di <\/span><span class=\"BZ_Pyq_fadeIn\">serbatoi <\/span><span class=\"BZ_Pyq_fadeIn\">e <\/span><span class=\"BZ_Pyq_fadeIn\">rete <\/span><span class=\"BZ_Pyq_fadeIn\">idrica.<\/span><\/p>\n<p>&nbsp;<\/p>\n<blockquote>\n<h3 style=\"text-align: center;\"><span class=\"BZ_Pyq_fadeIn\">SELVA <\/span><span class=\"BZ_Pyq_fadeIn\">DI <\/span><span class=\"BZ_Pyq_fadeIn\">CADORE, <\/span><span class=\"BZ_Pyq_fadeIn\">DOMANI <\/span><span class=\"BZ_Pyq_fadeIn\">INTERRUZIONE <\/span><span class=\"BZ_Pyq_fadeIn\">DELL\u2019ACQUA <\/span><span class=\"BZ_Pyq_fadeIn\">IN <\/span><span class=\"BZ_Pyq_fadeIn\">TUTTO <\/span><span class=\"BZ_Pyq_fadeIn\">IL <\/span><span class=\"BZ_Pyq_fadeIn\">COMUNE<\/span><\/h3>\n<\/blockquote>\n<p data-start=\"72\" data-end=\"411\" data-is-last-node=\"\" data-is-only-node=\"\"><span class=\"BZ_Pyq_fadeIn\">Servizi <\/span><span class=\"BZ_Pyq_fadeIn\">Integrati <\/span><span class=\"BZ_Pyq_fadeIn\">Bellunesi <\/span><span class=\"BZ_Pyq_fadeIn\">informa <\/span><span class=\"BZ_Pyq_fadeIn\">che domani<\/span><span class=\"BZ_Pyq_fadeIn\">\u00a0<\/span><span class=\"BZ_Pyq_fadeIn\">verr\u00e0 <\/span><span class=\"BZ_Pyq_fadeIn\">sospesa <\/span><span class=\"BZ_Pyq_fadeIn\">l\u2019erogazione <\/span><span class=\"BZ_Pyq_fadeIn\">dell\u2019acqua <\/span><span class=\"BZ_Pyq_fadeIn\">a <\/span><span class=\"BZ_Pyq_fadeIn\">Selva <\/span><span class=\"BZ_Pyq_fadeIn\">di <\/span><span class=\"BZ_Pyq_fadeIn\">Cadore <\/span><span class=\"BZ_Pyq_fadeIn\">per <\/span><span class=\"BZ_Pyq_fadeIn\">consentire <\/span><span class=\"BZ_Pyq_fadeIn\">lavori <\/span><span class=\"BZ_Pyq_fadeIn\">alla <\/span><span class=\"BZ_Pyq_fadeIn\">rete <\/span><span class=\"BZ_Pyq_fadeIn\">idrica <\/span><span class=\"BZ_Pyq_fadeIn\">comunale. <\/span><span class=\"BZ_Pyq_fadeIn\">L\u2019interruzione <\/span><span class=\"BZ_Pyq_fadeIn\">interesser\u00e0 <\/span><span class=\"BZ_Pyq_fadeIn\">l\u2019intero <\/span><span class=\"BZ_Pyq_fadeIn\">territorio <\/span><span class=\"BZ_Pyq_fadeIn\">comunale. <\/span><span class=\"BZ_Pyq_fadeIn\">I <\/span><span class=\"BZ_Pyq_fadeIn\">tecnici <\/span><span class=\"BZ_Pyq_fadeIn\">saranno <\/span><span class=\"BZ_Pyq_fadeIn\">al <\/span><span class=\"BZ_Pyq_fadeIn\">lavoro <\/span><span class=\"BZ_Pyq_fadeIn\">per <\/span><span class=\"BZ_Pyq_fadeIn\">completare <\/span><span class=\"BZ_Pyq_fadeIn\">l\u2019intervento <\/span><span class=\"BZ_Pyq_fadeIn\">nel <\/span><span class=\"BZ_Pyq_fadeIn\">pi\u00f9 <\/span><span class=\"BZ_Pyq_fadeIn\">breve <\/span><span class=\"BZ_Pyq_fadeIn\">tempo <\/span><span class=\"BZ_Pyq_fadeIn\">possibile <\/span><span class=\"BZ_Pyq_fadeIn\">e <\/span><span class=\"BZ_Pyq_fadeIn\">ridurre <\/span><span class=\"BZ_Pyq_fadeIn\">i <\/span><span class=\"BZ_Pyq_fadeIn\">disagi <\/span><span class=\"BZ_Pyq_fadeIn\">ai <\/span><span class=\"BZ_Pyq_fadeIn\">cittadini.<\/span><\/p>\n<p>&nbsp;<\/p>\n<hr \/>\n<p>&nbsp;<\/p>\n<blockquote>\n<h3 style=\"text-align: center;\">INTERVENTI DI MANUTENZIONE NELLA GALLERIA \u201cCOMELICO\u201d SULLA SS52 CARNICA<\/h3>\n<\/blockquote>\n<p><strong><a class=\"dt-pswp-item\" href=\"https:\/\/www.radiopiu.net\/wordpress\/wp-content\/uploads\/2024\/10\/ANAS.jpg\" data-dt-img-description=\"\" data-large_image_width=\"842\" data-large_image_height=\"595\"><img loading=\"lazy\" decoding=\"async\" class=\"aligncenter wp-image-414157\" src=\"https:\/\/www.radiopiu.net\/wordpress\/wp-content\/uploads\/2024\/10\/ANAS-300x212.jpg\" alt=\"\" width=\"192\" height=\"136\" srcset=\"https:\/\/www.radiopiu.net\/wordpress\/wp-content\/uploads\/2024\/10\/ANAS-300x212.jpg 300w, https:\/\/www.radiopiu.net\/wordpress\/wp-content\/uploads\/2024\/10\/ANAS-768x543.jpg 768w, https:\/\/www.radiopiu.net\/wordpress\/wp-content\/uploads\/2024\/10\/ANAS.jpg 842w\" sizes=\"auto, (max-width: 192px) 100vw, 192px\" \/><\/a>\u00a0<\/strong><\/p>\n<p><strong>VENEZIA<\/strong> Anas comunica che riprenderanno i lavori di manutenzione e adeguamento della galleria \u201cComelico\u201d lungo la strada statale 52 \u201cCarnica\u201d, nei comuni di Auronzo di Cadore e Santo Stefano di Cadore, sospesi durante i Giochi Olimpici e Paralimpici Invernali Milano Cortina 2026. Dal 16 al 23 marzo 2026, la circolazione tra km 81 e km 85 subir\u00e0 modifiche: chiusura notturna dalle 22.00 alle 6.00, restringimento di carreggiata, limite a 30 km\/h, distanza minima di 100 metri e divieto di sorpasso diurno. Sono previsti percorsi alternativi segnalati. Gli interventi riguardano consolidamento della volta, impermeabilizzazione, gestione delle acque e adeguamento di impianti e presidi di sicurezza. Anas invita alla prudenza e al rispetto della segnaletica.<\/p>\n<p>&nbsp;<\/p>\n<hr \/>\n<p>&nbsp;<\/p>\n<div class=\"page-title-head hgroup\">\n<h2 class=\"entry-title\" style=\"text-align: center;\">LUTTO A PONTE NELLE ALPI: ADDIO AL FARMACISTA ANDREA PUCCETTI<\/h2>\n<\/div>\n<div class=\"page-title-breadcrumbs\"><\/div>\n<div class=\"flex flex-col text-sm pb-25\">\n<article class=\"text-token-text-primary w-full focus:outline-none [--shadow-height:45px] has-data-writing-block:pointer-events-none has-data-writing-block:-mt-(--shadow-height) has-data-writing-block:pt-(--shadow-height) [&amp;:has([data-writing-block])&gt;*]:pointer-events-auto scroll-mt-[calc(var(--header-height)+min(200px,max(70px,20svh)))]\" dir=\"auto\" tabindex=\"-1\" data-turn-id=\"request-WEB:a435df5d-81d5-4aa2-b1b8-6cfba477e99d-14\" data-testid=\"conversation-turn-30\" data-scroll-anchor=\"true\" data-turn=\"assistant\">\n<div class=\"text-base my-auto mx-auto pb-10 [--thread-content-margin:var(--thread-content-margin-xs,calc(var(--spacing)*4))] @w-sm\/main:[--thread-content-margin:var(--thread-content-margin-sm,calc(var(--spacing)*6))] @w-lg\/main:[--thread-content-margin:var(--thread-content-margin-lg,calc(var(--spacing)*16))] px-(--thread-content-margin)\">\n<div class=\"[--thread-content-max-width:40rem] @w-lg\/main:[--thread-content-max-width:48rem] mx-auto max-w-(--thread-content-max-width) flex-1 group\/turn-messages focus-visible:outline-hidden relative flex w-full min-w-0 flex-col agent-turn\" tabindex=\"-1\">\n<div class=\"flex max-w-full flex-col gap-4 grow\">\n<div class=\"min-h-8 text-message relative flex w-full flex-col items-end gap-2 text-start break-words whitespace-normal [.text-message+&amp;]:mt-1\" dir=\"auto\" data-message-author-role=\"assistant\" data-message-id=\"cb0ed0ca-913a-4cd5-ab10-d8962c0cc129\" data-message-model-slug=\"gpt-5-3\">\n<div class=\"flex w-full flex-col gap-1 empty:hidden\">\n<div class=\"markdown prose dark:prose-invert w-full wrap-break-word dark markdown-new-styling\">\n<p data-start=\"67\" data-end=\"371\"><a class=\"dt-pswp-item\" href=\"https:\/\/www.radiopiu.net\/wordpress\/wp-content\/uploads\/2026\/03\/Screenshot-2026-03-16-045709.png\" data-dt-img-description=\"\" data-large_image_width=\"302\" data-large_image_height=\"265\"><img loading=\"lazy\" decoding=\"async\" class=\"aligncenter size-medium wp-image-501878\" src=\"https:\/\/www.radiopiu.net\/wordpress\/wp-content\/uploads\/2026\/03\/Screenshot-2026-03-16-045709-300x263.png\" alt=\"\" width=\"300\" height=\"263\" srcset=\"https:\/\/www.radiopiu.net\/wordpress\/wp-content\/uploads\/2026\/03\/Screenshot-2026-03-16-045709-300x263.png 300w, https:\/\/www.radiopiu.net\/wordpress\/wp-content\/uploads\/2026\/03\/Screenshot-2026-03-16-045709.png 302w\" sizes=\"auto, (max-width: 300px) 100vw, 300px\" \/><\/a><\/p>\n<p data-start=\"67\" data-end=\"371\"><strong>PONTE NELLE ALPI<\/strong> \u2013 La comunit\u00e0 piange Andrea Puccetti, storico farmacista del paese, scomparso all\u2019et\u00e0 di 85 anni. Per molti anni aveva gestito la farmacia di famiglia in viale Roma, diventando un punto di riferimento per tanti cittadini grazie alla sua disponibilit\u00e0 e al carattere cordiale. Molto attivo anche nella vita pubblica, era stato consigliere comunale tra gli anni Sessanta e Settanta ed era appassionato di calcio, giocando con Alpes e Ponte Alpi. Lascia le figlie Brigida, Lorena e Chiara, anche lei farmacista, e numerosi nipoti. I funerali si terranno mercoled\u00ec alle 11 nella chiesa di Polpet. Le offerte raccolte saranno devolute all\u2019associazione Apaca.<\/p>\n<\/div>\n<\/div>\n<\/div>\n<\/div>\n<div class=\"z-0 flex min-h-[46px] justify-start\"><\/div>\n<\/div>\n<\/div>\n<\/article>\n<\/div>\n<p>&nbsp;<\/p>\n<hr \/>\n<p>&nbsp;<\/p>\n<blockquote>\n<h3 style=\"text-align: center;\">ESCURSIONISTI BLOCCATI DALLA NEVE A MALGA CAMPIGAT: RECUPERATI CON L\u2019ELICOTTERO DEI VIGILI DEL FUOCO<\/h3>\n<\/blockquote>\n<p><strong>TAIBON <\/strong>Intervento dei Vigili del fuoco nel primo pomeriggio di ieri a Taibon Agordino, per soccorrere alcuni escursionisti rimasti bloccati nei pressi di Malga Campigat. Le abbondanti nevicate cadute nelle ultime ore hanno infatti reso particolarmente difficili gli spostamenti nella zona, impedendo alle persone presenti nella malga di rientrare in sicurezza. Per l\u2019operazione di recupero, in coordinamento con la sala operativa interforze del CCS di Belluno, \u00e8 stato attivato l\u2019elicottero Drago del Reparto Volo dei Vigili del fuoco di Venezia. Il mezzo aereo ha provveduto al recupero degli escursionisti. La scelta di intervenire con l\u2019elicottero \u00e8 stata dettata anche dal rischio valanghe presente nell\u2019area, cos\u00ec da garantire un soccorso pi\u00f9 rapido e sicuro.<\/p>\n\n\t\t\t<style type='text\/css'>\n\t\t\t\t#gallery-3 {\n\t\t\t\t\tmargin: auto;\n\t\t\t\t}\n\t\t\t\t#gallery-3 .gallery-item {\n\t\t\t\t\tfloat: left;\n\t\t\t\t\tmargin-top: 10px;\n\t\t\t\t\ttext-align: center;\n\t\t\t\t\twidth: 20%;\n\t\t\t\t}\n\t\t\t\t#gallery-3 img {\n\t\t\t\t\tborder: 2px solid #cfcfcf;\n\t\t\t\t}\n\t\t\t\t#gallery-3 .gallery-caption {\n\t\t\t\t\tmargin-left: 0;\n\t\t\t\t}\n\t\t\t\t\/* see gallery_shortcode() in wp-includes\/media.php *\/\n\t\t\t<\/style>\n\t\t<div id='gallery-3' class='dt-gallery-container gallery galleryid-501588 gallery-columns-5 gallery-size-thumbnail'><dl class='gallery-item'>\n\t\t\t\t<dt class='gallery-icon landscape'>\n\t\t\t\t\t<a class=\"rollover rollover-zoom dt-pswp-item\" title=\"89226a1e-937f-47d7-8f8d-ad64acd5424f\" data-dt-img-description=\"\" data-large_image_width=\"1280\" data-large_image_height=\"960\"href='https:\/\/www.radiopiu.net\/wordpress\/wp-content\/uploads\/2026\/03\/89226a1e-937f-47d7-8f8d-ad64acd5424f.jpg'><img loading=\"lazy\" decoding=\"async\" width=\"150\" height=\"150\" src=\"https:\/\/www.radiopiu.net\/wordpress\/wp-content\/uploads\/2026\/03\/89226a1e-937f-47d7-8f8d-ad64acd5424f-150x150.jpg\" class=\"attachment-thumbnail size-thumbnail\" alt=\"\" \/><\/a>\n\t\t\t\t<\/dt><\/dl><dl class='gallery-item'>\n\t\t\t\t<dt class='gallery-icon landscape'>\n\t\t\t\t\t<a class=\"rollover rollover-zoom dt-pswp-item\" title=\"79408249-033e-42ae-990c-cf2f28a544e0\" data-dt-img-description=\"\" data-large_image_width=\"1280\" data-large_image_height=\"960\"href='https:\/\/www.radiopiu.net\/wordpress\/wp-content\/uploads\/2026\/03\/79408249-033e-42ae-990c-cf2f28a544e0.jpg'><img loading=\"lazy\" decoding=\"async\" width=\"150\" height=\"150\" src=\"https:\/\/www.radiopiu.net\/wordpress\/wp-content\/uploads\/2026\/03\/79408249-033e-42ae-990c-cf2f28a544e0-150x150.jpg\" class=\"attachment-thumbnail size-thumbnail\" alt=\"\" \/><\/a>\n\t\t\t\t<\/dt><\/dl><dl class='gallery-item'>\n\t\t\t\t<dt class='gallery-icon landscape'>\n\t\t\t\t\t<a class=\"rollover rollover-zoom dt-pswp-item\" title=\"002d6a15-ea63-4495-aec2-4eb261373379\" data-dt-img-description=\"\" data-large_image_width=\"1280\" data-large_image_height=\"879\"href='https:\/\/www.radiopiu.net\/wordpress\/wp-content\/uploads\/2026\/03\/002d6a15-ea63-4495-aec2-4eb261373379.jpg'><img loading=\"lazy\" decoding=\"async\" width=\"150\" height=\"150\" src=\"https:\/\/www.radiopiu.net\/wordpress\/wp-content\/uploads\/2026\/03\/002d6a15-ea63-4495-aec2-4eb261373379-150x150.jpg\" class=\"attachment-thumbnail size-thumbnail\" alt=\"\" \/><\/a>\n\t\t\t\t<\/dt><\/dl><dl class='gallery-item'>\n\t\t\t\t<dt class='gallery-icon landscape'>\n\t\t\t\t\t<a class=\"rollover rollover-zoom dt-pswp-item\" title=\"e2e9203c-79e0-4201-b9c8-150dd959d46d\" data-dt-img-description=\"\" data-large_image_width=\"1280\" data-large_image_height=\"881\"href='https:\/\/www.radiopiu.net\/wordpress\/wp-content\/uploads\/2026\/03\/e2e9203c-79e0-4201-b9c8-150dd959d46d.jpg'><img loading=\"lazy\" decoding=\"async\" width=\"150\" height=\"150\" src=\"https:\/\/www.radiopiu.net\/wordpress\/wp-content\/uploads\/2026\/03\/e2e9203c-79e0-4201-b9c8-150dd959d46d-150x150.jpg\" class=\"attachment-thumbnail size-thumbnail\" alt=\"\" \/><\/a>\n\t\t\t\t<\/dt><\/dl><dl class='gallery-item'>\n\t\t\t\t<dt class='gallery-icon landscape'>\n\t\t\t\t\t<a class=\"rollover rollover-zoom dt-pswp-item\" title=\"03830cf0-2f7e-4edf-93bf-56343575ea11\" data-dt-img-description=\"\" data-large_image_width=\"1280\" data-large_image_height=\"885\"href='https:\/\/www.radiopiu.net\/wordpress\/wp-content\/uploads\/2026\/03\/03830cf0-2f7e-4edf-93bf-56343575ea11.jpg'><img loading=\"lazy\" decoding=\"async\" width=\"150\" height=\"150\" src=\"https:\/\/www.radiopiu.net\/wordpress\/wp-content\/uploads\/2026\/03\/03830cf0-2f7e-4edf-93bf-56343575ea11-150x150.jpg\" class=\"attachment-thumbnail size-thumbnail\" alt=\"\" \/><\/a>\n\t\t\t\t<\/dt><\/dl><br style=\"clear: both\" \/>\n\t\t\t<\/div>\n\n<p>&nbsp;<\/p>\n<hr \/>\n<p>&nbsp;<\/p>\n<blockquote>\n<h3 style=\"text-align: center;\">RECUPERATI IN ELICOTTERO QUATTRO ESCURSIONISTI BLOCCATI DALLA NEVE ALLA BAITA COL MANDRO<\/h3>\n<\/blockquote>\n<p><strong><a class=\"dt-pswp-item\" href=\"https:\/\/www.radiopiu.net\/wordpress\/wp-content\/uploads\/2025\/02\/SALT.jpg\" data-dt-img-description=\"\" data-large_image_width=\"1903\" data-large_image_height=\"1330\"><img loading=\"lazy\" decoding=\"async\" class=\"aligncenter size-medium wp-image-435451\" src=\"https:\/\/www.radiopiu.net\/wordpress\/wp-content\/uploads\/2025\/02\/SALT-300x210.jpg\" alt=\"\" width=\"300\" height=\"210\" srcset=\"https:\/\/www.radiopiu.net\/wordpress\/wp-content\/uploads\/2025\/02\/SALT-300x210.jpg 300w, https:\/\/www.radiopiu.net\/wordpress\/wp-content\/uploads\/2025\/02\/SALT-1024x716.jpg 1024w, https:\/\/www.radiopiu.net\/wordpress\/wp-content\/uploads\/2025\/02\/SALT-768x537.jpg 768w, https:\/\/www.radiopiu.net\/wordpress\/wp-content\/uploads\/2025\/02\/SALT-1536x1074.jpg 1536w, https:\/\/www.radiopiu.net\/wordpress\/wp-content\/uploads\/2025\/02\/SALT.jpg 1903w\" sizes=\"auto, (max-width: 300px) 100vw, 300px\" \/><\/a>\u00a0<\/strong><\/p>\n<p><strong>SAN TOMASO<\/strong> Ieri mattina la Centrale del 118 \u00e8 stata allertata da 4 ragazzi vicentini che, dopo aver passato la notte alla Baita Comunale Col Mandro, si erano svegliati con 50 centimetri di neve fresca e chiedevano aiuto. Per il forte rischio di valanghe e la difficolt\u00e0 di un eventuale rientro dovuta inoltre a un tratto verticale provvisto di cavo e data la presenza di nebbia che impediva l&#8217;intervento dell&#8217;elicottero, \u00e8 stato detto loro di non muoversi, appurato che stavano bene e tenendosi in contatto per aggiornarli. Non appena si \u00e8 aperto un varco nelle nubi, nel pomeriggio Falco \u00e8 decollato e ha raggiunto la baita a 1.840 metri di quota. Sceso in hovering, il tecnico di elisoccorso ha poi imbarcato i 4 escursionisti, di et\u00e0 compresa tra i 19 e 24 anni. I ragazzi sono stati trasportati a Cencenighe, da dove un soccorritore di Alleghe ha accompagnato uno di loro a riprendere la macchina. Era pronta a intervenire in supporto alle operazioni anche una squadra del Soccorso alpino della Val Biois.<\/p>\n<p>&nbsp;<\/p>\n<p>&nbsp;<\/p>\n<p>&nbsp;<\/p>\n<hr \/>\n<p>&nbsp;<\/p>\n<blockquote>\n<h3 style=\"text-align: center;\">AUTO FUORI STRADA A CORTINA: VEICOLO SI CAPOVOLGE DOPO UN VOLO DI QUATTRO METRI<\/h3>\n<\/blockquote>\n<p><strong>CORTINA <\/strong>Intervento dei Vigili del Fuoco nella mattinata di ieri a Cortina d\u2019Ampezzo per un incidente stradale avvenuto intorno alle 7.15 in via Pralongo. Un\u2019autovettura \u00e8 uscita autonomamente dalla carreggiata finendo capovolta contro il muro perimetrale di un\u2019abitazione privata dopo un salto di circa quattro metri. Sul posto \u00e8 intervenuta la squadra dei Vigili del Fuoco del distaccamento di Cortina, che ha trovato il conducente ancora all\u2019interno dell\u2019abitacolo. I soccorritori hanno provveduto a liberarlo e ad affidarlo alle cure del personale sanitario del SUEM 118. L\u2019impatto ha provocato l\u2019abbattimento della recinzione esterna della propriet\u00e0, senza per\u00f2 causare danni strutturali all\u2019edificio. I pompieri hanno quindi messo in sicurezza l\u2019area e il veicolo, verificando l\u2019assenza di perdite di liquidi o altri rischi. Successivamente, con l\u2019ausilio dell\u2019autogru, l\u2019auto \u00e8 stata recuperata e rimossa. Presenti anche i Carabinieri di Cortina per i rilievi.<\/p>\n<div style=\"width: 832px;\" class=\"wp-video\"><video class=\"wp-video-shortcode\" id=\"video-501588-1\" width=\"832\" height=\"464\" preload=\"metadata\" controls=\"controls\"><source type=\"video\/mp4\" src=\"https:\/\/www.radiopiu.net\/wordpress\/wp-content\/uploads\/2026\/03\/VVF-AUTO-CORTINA.mp4?_=1\" \/><a href=\"https:\/\/www.radiopiu.net\/wordpress\/wp-content\/uploads\/2026\/03\/VVF-AUTO-CORTINA.mp4\">https:\/\/www.radiopiu.net\/wordpress\/wp-content\/uploads\/2026\/03\/VVF-AUTO-CORTINA.mp4<\/a><\/video><\/div>\n<p>&nbsp;<\/p>\n\n\t\t\t<style type='text\/css'>\n\t\t\t\t#gallery-4 {\n\t\t\t\t\tmargin: auto;\n\t\t\t\t}\n\t\t\t\t#gallery-4 .gallery-item {\n\t\t\t\t\tfloat: left;\n\t\t\t\t\tmargin-top: 10px;\n\t\t\t\t\ttext-align: center;\n\t\t\t\t\twidth: 33%;\n\t\t\t\t}\n\t\t\t\t#gallery-4 img {\n\t\t\t\t\tborder: 2px solid #cfcfcf;\n\t\t\t\t}\n\t\t\t\t#gallery-4 .gallery-caption {\n\t\t\t\t\tmargin-left: 0;\n\t\t\t\t}\n\t\t\t\t\/* see gallery_shortcode() in wp-includes\/media.php *\/\n\t\t\t<\/style>\n\t\t<div id='gallery-4' class='dt-gallery-container gallery galleryid-501588 gallery-columns-3 gallery-size-medium'><dl class='gallery-item'>\n\t\t\t\t<dt class='gallery-icon landscape'>\n\t\t\t\t\t<a class=\"rollover rollover-zoom dt-pswp-item\" title=\"967939e6-e83e-48ca-8cc8-feb2c34253d6\" data-dt-img-description=\"\" data-large_image_width=\"1280\" data-large_image_height=\"853\"href='https:\/\/www.radiopiu.net\/wordpress\/wp-content\/uploads\/2026\/03\/967939e6-e83e-48ca-8cc8-feb2c34253d6.jpg'><img loading=\"lazy\" decoding=\"async\" width=\"300\" height=\"200\" src=\"https:\/\/www.radiopiu.net\/wordpress\/wp-content\/uploads\/2026\/03\/967939e6-e83e-48ca-8cc8-feb2c34253d6-300x200.jpg\" class=\"attachment-medium size-medium\" alt=\"\" srcset=\"https:\/\/www.radiopiu.net\/wordpress\/wp-content\/uploads\/2026\/03\/967939e6-e83e-48ca-8cc8-feb2c34253d6-300x200.jpg 300w, https:\/\/www.radiopiu.net\/wordpress\/wp-content\/uploads\/2026\/03\/967939e6-e83e-48ca-8cc8-feb2c34253d6-1024x682.jpg 1024w, https:\/\/www.radiopiu.net\/wordpress\/wp-content\/uploads\/2026\/03\/967939e6-e83e-48ca-8cc8-feb2c34253d6-768x512.jpg 768w, https:\/\/www.radiopiu.net\/wordpress\/wp-content\/uploads\/2026\/03\/967939e6-e83e-48ca-8cc8-feb2c34253d6.jpg 1280w\" sizes=\"auto, (max-width: 300px) 100vw, 300px\" \/><\/a>\n\t\t\t\t<\/dt><\/dl><dl class='gallery-item'>\n\t\t\t\t<dt class='gallery-icon landscape'>\n\t\t\t\t\t<a class=\"rollover rollover-zoom dt-pswp-item\" title=\"f9ad3131-fce4-4756-9c09-b4e03756e135\" data-dt-img-description=\"\" data-large_image_width=\"1280\" data-large_image_height=\"853\"href='https:\/\/www.radiopiu.net\/wordpress\/wp-content\/uploads\/2026\/03\/f9ad3131-fce4-4756-9c09-b4e03756e135.jpg'><img loading=\"lazy\" decoding=\"async\" width=\"300\" height=\"200\" src=\"https:\/\/www.radiopiu.net\/wordpress\/wp-content\/uploads\/2026\/03\/f9ad3131-fce4-4756-9c09-b4e03756e135-300x200.jpg\" class=\"attachment-medium size-medium\" alt=\"\" srcset=\"https:\/\/www.radiopiu.net\/wordpress\/wp-content\/uploads\/2026\/03\/f9ad3131-fce4-4756-9c09-b4e03756e135-300x200.jpg 300w, https:\/\/www.radiopiu.net\/wordpress\/wp-content\/uploads\/2026\/03\/f9ad3131-fce4-4756-9c09-b4e03756e135-1024x682.jpg 1024w, https:\/\/www.radiopiu.net\/wordpress\/wp-content\/uploads\/2026\/03\/f9ad3131-fce4-4756-9c09-b4e03756e135-768x512.jpg 768w, https:\/\/www.radiopiu.net\/wordpress\/wp-content\/uploads\/2026\/03\/f9ad3131-fce4-4756-9c09-b4e03756e135.jpg 1280w\" sizes=\"auto, (max-width: 300px) 100vw, 300px\" \/><\/a>\n\t\t\t\t<\/dt><\/dl><dl class='gallery-item'>\n\t\t\t\t<dt class='gallery-icon landscape'>\n\t\t\t\t\t<a class=\"rollover rollover-zoom dt-pswp-item\" title=\"1d111afe-be74-4174-aa4b-6b3d733e496a\" data-dt-img-description=\"\" data-large_image_width=\"1280\" data-large_image_height=\"853\"href='https:\/\/www.radiopiu.net\/wordpress\/wp-content\/uploads\/2026\/03\/1d111afe-be74-4174-aa4b-6b3d733e496a.jpg'><img loading=\"lazy\" decoding=\"async\" width=\"300\" height=\"200\" src=\"https:\/\/www.radiopiu.net\/wordpress\/wp-content\/uploads\/2026\/03\/1d111afe-be74-4174-aa4b-6b3d733e496a-300x200.jpg\" class=\"attachment-medium size-medium\" alt=\"\" srcset=\"https:\/\/www.radiopiu.net\/wordpress\/wp-content\/uploads\/2026\/03\/1d111afe-be74-4174-aa4b-6b3d733e496a-300x200.jpg 300w, https:\/\/www.radiopiu.net\/wordpress\/wp-content\/uploads\/2026\/03\/1d111afe-be74-4174-aa4b-6b3d733e496a-1024x682.jpg 1024w, https:\/\/www.radiopiu.net\/wordpress\/wp-content\/uploads\/2026\/03\/1d111afe-be74-4174-aa4b-6b3d733e496a-768x512.jpg 768w, https:\/\/www.radiopiu.net\/wordpress\/wp-content\/uploads\/2026\/03\/1d111afe-be74-4174-aa4b-6b3d733e496a.jpg 1280w\" sizes=\"auto, (max-width: 300px) 100vw, 300px\" \/><\/a>\n\t\t\t\t<\/dt><\/dl><br style=\"clear: both\" \/>\n\t\t\t<\/div>\n\n<p>&nbsp;<\/p>\n<hr \/>\n<p>&nbsp;<\/p>\n<blockquote>\n<h3 style=\"text-align: center;\">INCENDIO IN AUTORIMESSA A LIMANA, FAMIGLIA EVACUATA<\/h3>\n<\/blockquote>\n<p><strong>LIMANA <\/strong><span class=\"BZ_Pyq_fadeIn\">Un <\/span><span class=\"BZ_Pyq_fadeIn\">incendio <\/span><span class=\"BZ_Pyq_fadeIn\">\u00e8 <\/span><span class=\"BZ_Pyq_fadeIn\">divampato <\/span><span class=\"BZ_Pyq_fadeIn\">all\u2019interno <\/span><span class=\"BZ_Pyq_fadeIn\">dell\u2019autorimessa <\/span><span class=\"BZ_Pyq_fadeIn\">di <\/span><span class=\"BZ_Pyq_fadeIn\">una <\/span><span class=\"BZ_Pyq_fadeIn\">villetta <\/span><span class=\"BZ_Pyq_fadeIn\">unifamiliare. <\/span><span class=\"BZ_Pyq_fadeIn\">L\u2019allarme <\/span><span class=\"BZ_Pyq_fadeIn\">\u00e8 <\/span><span class=\"BZ_Pyq_fadeIn\">scattato <\/span><span class=\"BZ_Pyq_fadeIn\">intorno <\/span><span class=\"BZ_Pyq_fadeIn\">alle <\/span><span class=\"BZ_Pyq_fadeIn\">2:<\/span><span class=\"BZ_Pyq_fadeIn\">40 di sabato, <\/span><span class=\"BZ_Pyq_fadeIn\">quando <\/span><span class=\"BZ_Pyq_fadeIn\">le <\/span><span class=\"BZ_Pyq_fadeIn\">fiamme <\/span><span class=\"BZ_Pyq_fadeIn\">hanno <\/span><span class=\"BZ_Pyq_fadeIn\">coinvolto <\/span><span class=\"BZ_Pyq_fadeIn\">un\u2019autovettura <\/span><span class=\"BZ_Pyq_fadeIn\">parcheggiata <\/span><span class=\"BZ_Pyq_fadeIn\">nel <\/span><span class=\"BZ_Pyq_fadeIn\">garage <\/span><span class=\"BZ_Pyq_fadeIn\">dell\u2019abitazione. <\/span><span class=\"BZ_Pyq_fadeIn\">Sul <\/span><span class=\"BZ_Pyq_fadeIn\">posto <\/span><span class=\"BZ_Pyq_fadeIn\">sono <\/span><span class=\"BZ_Pyq_fadeIn\">intervenuti <\/span><span class=\"BZ_Pyq_fadeIn\">i <\/span><span class=\"BZ_Pyq_fadeIn\">Vigili <\/span><span class=\"BZ_Pyq_fadeIn\">del <\/span><span class=\"BZ_Pyq_fadeIn\">Fuoco <\/span><span class=\"BZ_Pyq_fadeIn\">con <\/span><span class=\"BZ_Pyq_fadeIn\">squadre <\/span><span class=\"BZ_Pyq_fadeIn\">provenienti <\/span><span class=\"BZ_Pyq_fadeIn\">dal <\/span><span class=\"BZ_Pyq_fadeIn\">comando <\/span><span class=\"BZ_Pyq_fadeIn\">di <\/span><span class=\"BZ_Pyq_fadeIn\">Belluno <\/span><span class=\"BZ_Pyq_fadeIn\">e <\/span><span class=\"BZ_Pyq_fadeIn\">dal <\/span><span class=\"BZ_Pyq_fadeIn\">distaccamento <\/span><span class=\"BZ_Pyq_fadeIn\">di <\/span><span class=\"BZ_Pyq_fadeIn\">Feltre. <\/span><span class=\"BZ_Pyq_fadeIn\">In <\/span><span class=\"BZ_Pyq_fadeIn\">azione <\/span><span class=\"BZ_Pyq_fadeIn\">14 <\/span><span class=\"BZ_Pyq_fadeIn\">operatori <\/span><span class=\"BZ_Pyq_fadeIn\">con <\/span><span class=\"BZ_Pyq_fadeIn\">due <\/span><span class=\"BZ_Pyq_fadeIn\">autopompe <\/span><span class=\"BZ_Pyq_fadeIn\">serbatoio, <\/span><span class=\"BZ_Pyq_fadeIn\">due <\/span><span class=\"BZ_Pyq_fadeIn\">autobotti, <\/span><span class=\"BZ_Pyq_fadeIn\">un\u2019autoscala <\/span><span class=\"BZ_Pyq_fadeIn\">e <\/span><span class=\"BZ_Pyq_fadeIn\">il <\/span><span class=\"BZ_Pyq_fadeIn\">carro <\/span><span class=\"BZ_Pyq_fadeIn\">aria, <\/span><span class=\"BZ_Pyq_fadeIn\">impegnati <\/span><span class=\"BZ_Pyq_fadeIn\">nelle <\/span><span class=\"BZ_Pyq_fadeIn\">operazioni <\/span><span class=\"BZ_Pyq_fadeIn\">di <\/span><span class=\"BZ_Pyq_fadeIn\">spegnimento <\/span><span class=\"BZ_Pyq_fadeIn\">e <\/span><span class=\"BZ_Pyq_fadeIn\">messa <\/span><span class=\"BZ_Pyq_fadeIn\">in <\/span><span class=\"BZ_Pyq_fadeIn\">sicurezza. <\/span><span class=\"BZ_Pyq_fadeIn\">Il <\/span><span class=\"BZ_Pyq_fadeIn\">denso <\/span><span class=\"BZ_Pyq_fadeIn\">fumo <\/span><span class=\"BZ_Pyq_fadeIn\">sviluppatosi <\/span><span class=\"BZ_Pyq_fadeIn\">durante <\/span><span class=\"BZ_Pyq_fadeIn\">l\u2019incendio <\/span><span class=\"BZ_Pyq_fadeIn\">si <\/span><span class=\"BZ_Pyq_fadeIn\">\u00e8 <\/span><span class=\"BZ_Pyq_fadeIn\">propagato <\/span><span class=\"BZ_Pyq_fadeIn\">anche <\/span><span class=\"BZ_Pyq_fadeIn\">ai <\/span><span class=\"BZ_Pyq_fadeIn\">locali <\/span><span class=\"BZ_Pyq_fadeIn\">della <\/span><span class=\"BZ_Pyq_fadeIn\">casa, <\/span><span class=\"BZ_Pyq_fadeIn\">rendendo <\/span><span class=\"BZ_Pyq_fadeIn\">necessaria <\/span><span class=\"BZ_Pyq_fadeIn\">l\u2019evacuazione <\/span><span class=\"BZ_Pyq_fadeIn\">precauzionale <\/span><span class=\"BZ_Pyq_fadeIn\">del <\/span><span class=\"BZ_Pyq_fadeIn\">nucleo <\/span><span class=\"BZ_Pyq_fadeIn\">familiare <\/span><span class=\"BZ_Pyq_fadeIn\">composto <\/span><span class=\"BZ_Pyq_fadeIn\">da <\/span><span class=\"BZ_Pyq_fadeIn\">quattro <\/span><span class=\"BZ_Pyq_fadeIn\">persone. <\/span><span class=\"BZ_Pyq_fadeIn\">Grazie <\/span><span class=\"BZ_Pyq_fadeIn\">al <\/span><span class=\"BZ_Pyq_fadeIn\">tempestivo <\/span><span class=\"BZ_Pyq_fadeIn\">intervento <\/span><span class=\"BZ_Pyq_fadeIn\">dei <\/span><span class=\"BZ_Pyq_fadeIn\">soccorritori, <\/span><span class=\"BZ_Pyq_fadeIn\">le <\/span><span class=\"BZ_Pyq_fadeIn\">fiamme <\/span><span class=\"BZ_Pyq_fadeIn\">sono <\/span><span class=\"BZ_Pyq_fadeIn\">state <\/span><span class=\"BZ_Pyq_fadeIn\">circoscritte <\/span><span class=\"BZ_Pyq_fadeIn\">al <\/span><span class=\"BZ_Pyq_fadeIn\">solo <\/span><span class=\"BZ_Pyq_fadeIn\">garage, <\/span><span class=\"BZ_Pyq_fadeIn\">evitando <\/span><span class=\"BZ_Pyq_fadeIn\">che <\/span><span class=\"BZ_Pyq_fadeIn\">l\u2019incendio <\/span><span class=\"BZ_Pyq_fadeIn\">si <\/span><span class=\"BZ_Pyq_fadeIn\">estendesse <\/span><span class=\"BZ_Pyq_fadeIn\">al <\/span><span class=\"BZ_Pyq_fadeIn\">resto <\/span><span class=\"BZ_Pyq_fadeIn\">dell\u2019abitazione. <\/span><span class=\"BZ_Pyq_fadeIn\">Non <\/span><span class=\"BZ_Pyq_fadeIn\">si <\/span><span class=\"BZ_Pyq_fadeIn\">registrano <\/span><span class=\"BZ_Pyq_fadeIn\">feriti <\/span><span class=\"BZ_Pyq_fadeIn\">n\u00e9 <\/span><span class=\"BZ_Pyq_fadeIn\">persone <\/span><span class=\"BZ_Pyq_fadeIn\">intossicate. <\/span><span class=\"BZ_Pyq_fadeIn\">Le <\/span><span class=\"BZ_Pyq_fadeIn\">operazioni <\/span><span class=\"BZ_Pyq_fadeIn\">di <\/span><span class=\"BZ_Pyq_fadeIn\">bonifica <\/span><span class=\"BZ_Pyq_fadeIn\">sono <\/span><span class=\"BZ_Pyq_fadeIn\">proseguite <\/span><span class=\"BZ_Pyq_fadeIn\">per <\/span><span class=\"BZ_Pyq_fadeIn\">eliminare <\/span><span class=\"BZ_Pyq_fadeIn\">eventuali <\/span><span class=\"BZ_Pyq_fadeIn\">focolai <\/span><span class=\"BZ_Pyq_fadeIn\">residui. <\/span><span class=\"BZ_Pyq_fadeIn\">In <\/span><span class=\"BZ_Pyq_fadeIn\">corso <\/span><span class=\"BZ_Pyq_fadeIn\">gli <\/span><span class=\"BZ_Pyq_fadeIn\">accertamenti <\/span><span class=\"BZ_Pyq_fadeIn\">sulle <\/span><span class=\"BZ_Pyq_fadeIn\">cause <\/span><span class=\"BZ_Pyq_fadeIn\">del <\/span><span class=\"BZ_Pyq_fadeIn\">rogo.<\/span><\/p>\n\n\t\t\t<style type='text\/css'>\n\t\t\t\t#gallery-5 {\n\t\t\t\t\tmargin: auto;\n\t\t\t\t}\n\t\t\t\t#gallery-5 .gallery-item {\n\t\t\t\t\tfloat: left;\n\t\t\t\t\tmargin-top: 10px;\n\t\t\t\t\ttext-align: center;\n\t\t\t\t\twidth: 50%;\n\t\t\t\t}\n\t\t\t\t#gallery-5 img {\n\t\t\t\t\tborder: 2px solid #cfcfcf;\n\t\t\t\t}\n\t\t\t\t#gallery-5 .gallery-caption {\n\t\t\t\t\tmargin-left: 0;\n\t\t\t\t}\n\t\t\t\t\/* see gallery_shortcode() in wp-includes\/media.php *\/\n\t\t\t<\/style>\n\t\t<div id='gallery-5' class='dt-gallery-container gallery galleryid-501588 gallery-columns-2 gallery-size-medium'><dl class='gallery-item'>\n\t\t\t\t<dt class='gallery-icon portrait'>\n\t\t\t\t\t<a class=\"rollover rollover-zoom dt-pswp-item\" title=\"08cd93fe-e110-44d8-81d6-288e2fd0546d\" data-dt-img-description=\"\" data-large_image_width=\"720\" data-large_image_height=\"1280\"href='https:\/\/www.radiopiu.net\/wordpress\/wp-content\/uploads\/2026\/03\/08cd93fe-e110-44d8-81d6-288e2fd0546d.jpg'><img loading=\"lazy\" decoding=\"async\" width=\"169\" height=\"300\" src=\"https:\/\/www.radiopiu.net\/wordpress\/wp-content\/uploads\/2026\/03\/08cd93fe-e110-44d8-81d6-288e2fd0546d-169x300.jpg\" class=\"attachment-medium size-medium\" alt=\"\" srcset=\"https:\/\/www.radiopiu.net\/wordpress\/wp-content\/uploads\/2026\/03\/08cd93fe-e110-44d8-81d6-288e2fd0546d-169x300.jpg 169w, https:\/\/www.radiopiu.net\/wordpress\/wp-content\/uploads\/2026\/03\/08cd93fe-e110-44d8-81d6-288e2fd0546d-576x1024.jpg 576w, https:\/\/www.radiopiu.net\/wordpress\/wp-content\/uploads\/2026\/03\/08cd93fe-e110-44d8-81d6-288e2fd0546d.jpg 720w\" sizes=\"auto, (max-width: 169px) 100vw, 169px\" \/><\/a>\n\t\t\t\t<\/dt><\/dl><dl class='gallery-item'>\n\t\t\t\t<dt class='gallery-icon portrait'>\n\t\t\t\t\t<a class=\"rollover rollover-zoom dt-pswp-item\" title=\"ead9b912-1f91-40d7-a2f8-0ffa0cf62f4d\" data-dt-img-description=\"\" data-large_image_width=\"720\" data-large_image_height=\"859\"href='https:\/\/www.radiopiu.net\/wordpress\/wp-content\/uploads\/2026\/03\/ead9b912-1f91-40d7-a2f8-0ffa0cf62f4d.jpg'><img loading=\"lazy\" decoding=\"async\" width=\"251\" height=\"300\" src=\"https:\/\/www.radiopiu.net\/wordpress\/wp-content\/uploads\/2026\/03\/ead9b912-1f91-40d7-a2f8-0ffa0cf62f4d-251x300.jpg\" class=\"attachment-medium size-medium\" alt=\"\" srcset=\"https:\/\/www.radiopiu.net\/wordpress\/wp-content\/uploads\/2026\/03\/ead9b912-1f91-40d7-a2f8-0ffa0cf62f4d-251x300.jpg 251w, https:\/\/www.radiopiu.net\/wordpress\/wp-content\/uploads\/2026\/03\/ead9b912-1f91-40d7-a2f8-0ffa0cf62f4d.jpg 720w\" sizes=\"auto, (max-width: 251px) 100vw, 251px\" \/><\/a>\n\t\t\t\t<\/dt><\/dl><br style=\"clear: both\" \/>\n\t\t\t<\/div>\n\n<p>&nbsp;<\/p>\n<hr \/>\n<p>&nbsp;<\/p>\n<blockquote>\n<h3 style=\"text-align: center;\">INTERVENTO DEI VIGILI DEL FUOCO IN UN\u2019AREA COMMERCIALE DI CORSO ITALIA A CORTINA<\/h3>\n<\/blockquote>\n<p><strong>CORTINA<\/strong> Nel pomeriggio di sabato, intorno alle 16.30, i Vigili del Fuoco sono intervenuti in un\u2019area commerciale di Corso Italia a Cortina d\u2019Ampezzo dopo segnalazioni di clienti che avvertivano bruciore alla gola, temendo una contaminazione dell\u2019aria. La squadra del distaccamento di Cortina, supportata dagli specialisti NBCR, ha effettuato monitoraggi ambientali e, insieme alla Polizia di Stato, ha esaminato le telecamere di videosorveglianza. Gli accertamenti hanno chiarito che l\u2019allarme \u00e8 stato causato dalla fuoriuscita accidentale di una sostanza irritante a base di capsaicina, contenuta in uno spray anti-aggressione in vendita nel centro commerciale, che si \u00e8 rapidamente dispersa senza provocare intossicazioni. Dopo circa un\u2019ora i locali sono stati aerati e messi in sicurezza. La Polizia ha individuato il responsabile, un uomo di 47 anni di Cortina, denunciato a piede libero per procurato allarme e getto pericoloso di cose. L\u2019intervento tempestivo ha permesso di ristabilire rapidamente la sicurezza del centro commerciale.<\/p>\n\n\t\t\t<style type='text\/css'>\n\t\t\t\t#gallery-6 {\n\t\t\t\t\tmargin: auto;\n\t\t\t\t}\n\t\t\t\t#gallery-6 .gallery-item {\n\t\t\t\t\tfloat: left;\n\t\t\t\t\tmargin-top: 10px;\n\t\t\t\t\ttext-align: center;\n\t\t\t\t\twidth: 50%;\n\t\t\t\t}\n\t\t\t\t#gallery-6 img {\n\t\t\t\t\tborder: 2px solid #cfcfcf;\n\t\t\t\t}\n\t\t\t\t#gallery-6 .gallery-caption {\n\t\t\t\t\tmargin-left: 0;\n\t\t\t\t}\n\t\t\t\t\/* see gallery_shortcode() in wp-includes\/media.php *\/\n\t\t\t<\/style>\n\t\t<div id='gallery-6' class='dt-gallery-container gallery galleryid-501588 gallery-columns-2 gallery-size-medium'><dl class='gallery-item'>\n\t\t\t\t<dt class='gallery-icon landscape'>\n\t\t\t\t\t<a class=\"rollover\" href='https:\/\/www.radiopiu.net\/wordpress\/cortina-dampezzo-bl-intervento-dei-vigili-del-fuoco-in-unarea-commerciale-di-corso-italia\/attachment\/5884445039562263926\/'><img loading=\"lazy\" decoding=\"async\" width=\"300\" height=\"225\" src=\"https:\/\/www.radiopiu.net\/wordpress\/wp-content\/uploads\/2026\/03\/5884445039562263926-300x225.jpg\" class=\"attachment-medium size-medium\" alt=\"\" srcset=\"https:\/\/www.radiopiu.net\/wordpress\/wp-content\/uploads\/2026\/03\/5884445039562263926-300x225.jpg 300w, https:\/\/www.radiopiu.net\/wordpress\/wp-content\/uploads\/2026\/03\/5884445039562263926-1024x768.jpg 1024w, https:\/\/www.radiopiu.net\/wordpress\/wp-content\/uploads\/2026\/03\/5884445039562263926-768x576.jpg 768w, https:\/\/www.radiopiu.net\/wordpress\/wp-content\/uploads\/2026\/03\/5884445039562263926.jpg 1280w\" sizes=\"auto, (max-width: 300px) 100vw, 300px\" \/><\/a>\n\t\t\t\t<\/dt><\/dl><dl class='gallery-item'>\n\t\t\t\t<dt class='gallery-icon landscape'>\n\t\t\t\t\t<a class=\"rollover\" href='https:\/\/www.radiopiu.net\/wordpress\/cortina-dampezzo-bl-intervento-dei-vigili-del-fuoco-in-unarea-commerciale-di-corso-italia\/attachment\/5884445039562263925\/'><img loading=\"lazy\" decoding=\"async\" width=\"300\" height=\"225\" src=\"https:\/\/www.radiopiu.net\/wordpress\/wp-content\/uploads\/2026\/03\/5884445039562263925-300x225.jpg\" class=\"attachment-medium size-medium\" alt=\"\" srcset=\"https:\/\/www.radiopiu.net\/wordpress\/wp-content\/uploads\/2026\/03\/5884445039562263925-300x225.jpg 300w, https:\/\/www.radiopiu.net\/wordpress\/wp-content\/uploads\/2026\/03\/5884445039562263925-1024x768.jpg 1024w, https:\/\/www.radiopiu.net\/wordpress\/wp-content\/uploads\/2026\/03\/5884445039562263925-768x576.jpg 768w, https:\/\/www.radiopiu.net\/wordpress\/wp-content\/uploads\/2026\/03\/5884445039562263925.jpg 1280w\" sizes=\"auto, (max-width: 300px) 100vw, 300px\" \/><\/a>\n\t\t\t\t<\/dt><\/dl><br style=\"clear: both\" \/>\n\t\t\t<\/div>\n\n<p>&nbsp;<\/p>\n<div style=\"width: 1200px;\" class=\"wp-video\"><video class=\"wp-video-shortcode\" id=\"video-501588-2\" width=\"1200\" height=\"675\" preload=\"metadata\" controls=\"controls\"><source type=\"video\/mp4\" src=\"https:\/\/www.radiopiu.net\/wordpress\/wp-content\/uploads\/2026\/03\/Video-Cortina.mp4?_=2\" \/><a href=\"https:\/\/www.radiopiu.net\/wordpress\/wp-content\/uploads\/2026\/03\/Video-Cortina.mp4\">https:\/\/www.radiopiu.net\/wordpress\/wp-content\/uploads\/2026\/03\/Video-Cortina.mp4<\/a><\/video><\/div>\n<p>&nbsp;<\/p>\n<hr \/>\n<p>&nbsp;<\/p>\n<blockquote>\n<h3 style=\"text-align: center;\">CORTINA, LICENZA SOSPESA PER 15 GIORNI AL LOCALE \u201cHIERBAS\u201d<\/h3>\n<\/blockquote>\n<p><strong><a class=\"dt-pswp-item\" href=\"https:\/\/www.radiopiu.net\/wordpress\/wp-content\/uploads\/2026\/03\/Questura-di-Belluno-Comunicato-Stampa-del-14.03.2026-sospensione-licenz.LEGATO-scaled.jpg\" data-dt-img-description=\"\" data-large_image_width=\"1441\" data-large_image_height=\"2560\"><img loading=\"lazy\" decoding=\"async\" class=\"aligncenter size-medium wp-image-501626\" src=\"https:\/\/www.radiopiu.net\/wordpress\/wp-content\/uploads\/2026\/03\/Questura-di-Belluno-Comunicato-Stampa-del-14.03.2026-sospensione-licenz.LEGATO-169x300.jpg\" alt=\"\" width=\"169\" height=\"300\" srcset=\"https:\/\/www.radiopiu.net\/wordpress\/wp-content\/uploads\/2026\/03\/Questura-di-Belluno-Comunicato-Stampa-del-14.03.2026-sospensione-licenz.LEGATO-169x300.jpg 169w, https:\/\/www.radiopiu.net\/wordpress\/wp-content\/uploads\/2026\/03\/Questura-di-Belluno-Comunicato-Stampa-del-14.03.2026-sospensione-licenz.LEGATO-577x1024.jpg 577w, https:\/\/www.radiopiu.net\/wordpress\/wp-content\/uploads\/2026\/03\/Questura-di-Belluno-Comunicato-Stampa-del-14.03.2026-sospensione-licenz.LEGATO-768x1364.jpg 768w, https:\/\/www.radiopiu.net\/wordpress\/wp-content\/uploads\/2026\/03\/Questura-di-Belluno-Comunicato-Stampa-del-14.03.2026-sospensione-licenz.LEGATO-865x1536.jpg 865w, https:\/\/www.radiopiu.net\/wordpress\/wp-content\/uploads\/2026\/03\/Questura-di-Belluno-Comunicato-Stampa-del-14.03.2026-sospensione-licenz.LEGATO-1153x2048.jpg 1153w, https:\/\/www.radiopiu.net\/wordpress\/wp-content\/uploads\/2026\/03\/Questura-di-Belluno-Comunicato-Stampa-del-14.03.2026-sospensione-licenz.LEGATO-scaled.jpg 1441w\" sizes=\"auto, (max-width: 169px) 100vw, 169px\" \/><\/a>\u00a0<\/strong><\/p>\n<p><strong>BELLUNO <\/strong><span class=\"BZ_Pyq_fadeIn\">Il <\/span><span class=\"BZ_Pyq_fadeIn\">Questore <\/span><span class=\"BZ_Pyq_fadeIn\">della <\/span><span class=\"BZ_Pyq_fadeIn\">provincia <\/span><span class=\"BZ_Pyq_fadeIn\">di <\/span><span class=\"hover:entity-accent entity-underline inline cursor-pointer align-baseline\"><span class=\"whitespace-normal\">Belluno<\/span><\/span> <span class=\"BZ_Pyq_fadeIn\">ha <\/span><span class=\"BZ_Pyq_fadeIn\">disposto <\/span><span class=\"BZ_Pyq_fadeIn\">la <\/span><span class=\"BZ_Pyq_fadeIn\">sospensione <\/span><span class=\"BZ_Pyq_fadeIn\">della <\/span><span class=\"BZ_Pyq_fadeIn\">licenza <\/span><span class=\"BZ_Pyq_fadeIn\">per <\/span><span class=\"BZ_Pyq_fadeIn\">15 <\/span><span class=\"BZ_Pyq_fadeIn\">giorni <\/span><span class=\"BZ_Pyq_fadeIn\">del <\/span><span class=\"BZ_Pyq_fadeIn\">locale <\/span><span class=\"BZ_Pyq_fadeIn\">di <\/span><span class=\"BZ_Pyq_fadeIn\">pubblico <\/span><span class=\"BZ_Pyq_fadeIn\">spettacolo <\/span><span class=\"BZ_Pyq_fadeIn\">Hierbas <\/span><span class=\"BZ_Pyq_fadeIn\">di <\/span><span class=\"hover:entity-accent entity-underline inline cursor-pointer align-baseline\"><span class=\"whitespace-normal\">Cortina d&#8217;Ampezzo<\/span><\/span><span class=\"BZ_Pyq_fadeIn\">. <\/span><span class=\"BZ_Pyq_fadeIn\">Il <\/span><span class=\"BZ_Pyq_fadeIn\">provvedimento, <\/span><span class=\"BZ_Pyq_fadeIn\">adottato <\/span><span class=\"BZ_Pyq_fadeIn\">ai <\/span><span class=\"BZ_Pyq_fadeIn\">sensi <\/span><span class=\"BZ_Pyq_fadeIn\">dell\u2019articolo <\/span><span class=\"BZ_Pyq_fadeIn\">100 <\/span><span class=\"BZ_Pyq_fadeIn\">del <\/span><span class=\"BZ_Pyq_fadeIn\">Testo <\/span><span class=\"BZ_Pyq_fadeIn\">Unico <\/span><span class=\"BZ_Pyq_fadeIn\">delle <\/span><span class=\"BZ_Pyq_fadeIn\">Leggi <\/span><span class=\"BZ_Pyq_fadeIn\">di <\/span><span class=\"BZ_Pyq_fadeIn\">Pubblica <\/span><span class=\"BZ_Pyq_fadeIn\">Sicurezza (<\/span><span class=\"BZ_Pyq_fadeIn\">TULPS), <\/span><span class=\"BZ_Pyq_fadeIn\">\u00e8 <\/span><span class=\"BZ_Pyq_fadeIn\">stato <\/span><span class=\"BZ_Pyq_fadeIn\">notificato <\/span><span class=\"BZ_Pyq_fadeIn\">dalla <\/span><span class=\"BZ_Pyq_fadeIn\">squadra <\/span><span class=\"BZ_Pyq_fadeIn\">di <\/span><span class=\"BZ_Pyq_fadeIn\">Polizia <\/span><span class=\"BZ_Pyq_fadeIn\">amministrativa. <\/span><span class=\"BZ_Pyq_fadeIn\">La <\/span><span class=\"BZ_Pyq_fadeIn\">decisione <\/span><span class=\"BZ_Pyq_fadeIn\">arriva <\/span><span class=\"BZ_Pyq_fadeIn\">al <\/span><span class=\"BZ_Pyq_fadeIn\">termine <\/span><span class=\"BZ_Pyq_fadeIn\">di <\/span><span class=\"BZ_Pyq_fadeIn\">una <\/span><span class=\"BZ_Pyq_fadeIn\">serie <\/span><span class=\"BZ_Pyq_fadeIn\">di <\/span><span class=\"BZ_Pyq_fadeIn\">accertamenti <\/span><span class=\"BZ_Pyq_fadeIn\">che <\/span><span class=\"BZ_Pyq_fadeIn\">hanno <\/span><span class=\"BZ_Pyq_fadeIn\">evidenziato <\/span><span class=\"BZ_Pyq_fadeIn\">irregolarit\u00e0 <\/span><span class=\"BZ_Pyq_fadeIn\">legate <\/span><span class=\"BZ_Pyq_fadeIn\">al <\/span><span class=\"BZ_Pyq_fadeIn\">rispetto <\/span><span class=\"BZ_Pyq_fadeIn\">delle <\/span><span class=\"BZ_Pyq_fadeIn\">norme <\/span><span class=\"BZ_Pyq_fadeIn\">di <\/span><span class=\"BZ_Pyq_fadeIn\">sicurezza. <\/span><span class=\"BZ_Pyq_fadeIn\">Gi\u00e0 <\/span><span class=\"BZ_Pyq_fadeIn\">dal <\/span><span class=\"BZ_Pyq_fadeIn\">dicembre <\/span><span class=\"BZ_Pyq_fadeIn\">2024 <\/span><span class=\"BZ_Pyq_fadeIn\">il <\/span><span class=\"BZ_Pyq_fadeIn\">locale <\/span><span class=\"BZ_Pyq_fadeIn\">era <\/span><span class=\"BZ_Pyq_fadeIn\">destinatario <\/span><span class=\"BZ_Pyq_fadeIn\">di <\/span><span class=\"BZ_Pyq_fadeIn\">un <\/span><span class=\"BZ_Pyq_fadeIn\">decreto <\/span><span class=\"BZ_Pyq_fadeIn\">del <\/span><span class=\"BZ_Pyq_fadeIn\">Prefetto <\/span><span class=\"BZ_Pyq_fadeIn\">di <\/span><span class=\"BZ_Pyq_fadeIn\">Belluno <\/span><span class=\"BZ_Pyq_fadeIn\">che <\/span><span class=\"BZ_Pyq_fadeIn\">vietava <\/span><span class=\"BZ_Pyq_fadeIn\">l\u2019attivit\u00e0 <\/span><span class=\"BZ_Pyq_fadeIn\">di <\/span><span class=\"BZ_Pyq_fadeIn\">sala <\/span><span class=\"BZ_Pyq_fadeIn\">da <\/span><span class=\"BZ_Pyq_fadeIn\">ballo <\/span><span class=\"BZ_Pyq_fadeIn\">per <\/span><span class=\"BZ_Pyq_fadeIn\">inadempienze <\/span><span class=\"BZ_Pyq_fadeIn\">in <\/span><span class=\"BZ_Pyq_fadeIn\">materia <\/span><span class=\"BZ_Pyq_fadeIn\">di <\/span><span class=\"BZ_Pyq_fadeIn\">prevenzione <\/span><span class=\"BZ_Pyq_fadeIn\">incendi. <\/span><span class=\"BZ_Pyq_fadeIn\">Nonostante <\/span><span class=\"BZ_Pyq_fadeIn\">il <\/span><span class=\"BZ_Pyq_fadeIn\">provvedimento, <\/span><span class=\"BZ_Pyq_fadeIn\">a <\/span><span class=\"BZ_Pyq_fadeIn\">gennaio <\/span><span class=\"BZ_Pyq_fadeIn\">2026 <\/span><span class=\"BZ_Pyq_fadeIn\">il <\/span><span class=\"hover:entity-accent entity-underline inline cursor-pointer align-baseline\"><span class=\"whitespace-normal\">Comune di Cortina<\/span><\/span>\u00a0<span class=\"BZ_Pyq_fadeIn\">aveva <\/span><span class=\"BZ_Pyq_fadeIn\">emesso <\/span><span class=\"BZ_Pyq_fadeIn\">una <\/span><span class=\"BZ_Pyq_fadeIn\">diffida <\/span><span class=\"BZ_Pyq_fadeIn\">dopo <\/span><span class=\"BZ_Pyq_fadeIn\">aver <\/span><span class=\"BZ_Pyq_fadeIn\">riscontrato <\/span><span class=\"BZ_Pyq_fadeIn\">la <\/span><span class=\"BZ_Pyq_fadeIn\">continuazione <\/span><span class=\"BZ_Pyq_fadeIn\">delle <\/span><span class=\"BZ_Pyq_fadeIn\">serate <\/span><span class=\"BZ_Pyq_fadeIn\">danzanti, <\/span><span class=\"BZ_Pyq_fadeIn\">promosse <\/span><span class=\"BZ_Pyq_fadeIn\">anche <\/span><span class=\"BZ_Pyq_fadeIn\">attraverso <\/span><span class=\"BZ_Pyq_fadeIn\">i <\/span><span class=\"BZ_Pyq_fadeIn\">social. <\/span><span class=\"BZ_Pyq_fadeIn\">Le <\/span><span class=\"BZ_Pyq_fadeIn\">violazioni <\/span><span class=\"BZ_Pyq_fadeIn\">sono <\/span><span class=\"BZ_Pyq_fadeIn\">state <\/span><span class=\"BZ_Pyq_fadeIn\">ulteriormente <\/span><span class=\"BZ_Pyq_fadeIn\">confermate <\/span><span class=\"BZ_Pyq_fadeIn\">dai <\/span><span class=\"BZ_Pyq_fadeIn\">controlli <\/span><span class=\"BZ_Pyq_fadeIn\">della <\/span><span class=\"hover:entity-accent entity-underline inline cursor-pointer align-baseline\"><span class=\"whitespace-normal\">Arma dei Carabinieri<\/span><\/span> <span class=\"BZ_Pyq_fadeIn\">di <\/span><span class=\"BZ_Pyq_fadeIn\">Cortina, <\/span><span class=\"BZ_Pyq_fadeIn\">intervenuti <\/span><span class=\"BZ_Pyq_fadeIn\">pi\u00f9 <\/span><span class=\"BZ_Pyq_fadeIn\">volte <\/span><span class=\"BZ_Pyq_fadeIn\">per <\/span><span class=\"BZ_Pyq_fadeIn\">segnalazioni <\/span><span class=\"BZ_Pyq_fadeIn\">di <\/span><span class=\"BZ_Pyq_fadeIn\">disturbo <\/span><span class=\"BZ_Pyq_fadeIn\">e <\/span><span class=\"BZ_Pyq_fadeIn\">per <\/span><span class=\"BZ_Pyq_fadeIn\">una <\/span><span class=\"BZ_Pyq_fadeIn\">lite <\/span><span class=\"BZ_Pyq_fadeIn\">all\u2019interno <\/span><span class=\"BZ_Pyq_fadeIn\">del <\/span><span class=\"BZ_Pyq_fadeIn\">locale, <\/span><span class=\"BZ_Pyq_fadeIn\">sfociata <\/span><span class=\"BZ_Pyq_fadeIn\">in <\/span><span class=\"BZ_Pyq_fadeIn\">lesioni <\/span><span class=\"BZ_Pyq_fadeIn\">e <\/span><span class=\"BZ_Pyq_fadeIn\">che <\/span><span class=\"BZ_Pyq_fadeIn\">ha <\/span><span class=\"BZ_Pyq_fadeIn\">coinvolto <\/span><span class=\"BZ_Pyq_fadeIn\">anche <\/span><span class=\"BZ_Pyq_fadeIn\">il <\/span><span class=\"BZ_Pyq_fadeIn\">personale <\/span><span class=\"BZ_Pyq_fadeIn\">di <\/span><span class=\"BZ_Pyq_fadeIn\">sicurezza.<\/span><\/p>\n<p><a class=\"dt-pswp-item\" href=\"https:\/\/www.radiopiu.net\/wordpress\/wp-content\/uploads\/2026\/03\/e5a7ebc8-66ab-4e93-bfb4-fc249db8f43b-1.png\" data-dt-img-description=\"\" data-large_image_width=\"1536\" data-large_image_height=\"1024\"><img loading=\"lazy\" decoding=\"async\" class=\"aligncenter size-medium wp-image-501884\" src=\"https:\/\/www.radiopiu.net\/wordpress\/wp-content\/uploads\/2026\/03\/e5a7ebc8-66ab-4e93-bfb4-fc249db8f43b-1-300x200.png\" alt=\"\" width=\"300\" height=\"200\" srcset=\"https:\/\/www.radiopiu.net\/wordpress\/wp-content\/uploads\/2026\/03\/e5a7ebc8-66ab-4e93-bfb4-fc249db8f43b-1-300x200.png 300w, https:\/\/www.radiopiu.net\/wordpress\/wp-content\/uploads\/2026\/03\/e5a7ebc8-66ab-4e93-bfb4-fc249db8f43b-1-1024x683.png 1024w, https:\/\/www.radiopiu.net\/wordpress\/wp-content\/uploads\/2026\/03\/e5a7ebc8-66ab-4e93-bfb4-fc249db8f43b-1-768x512.png 768w, https:\/\/www.radiopiu.net\/wordpress\/wp-content\/uploads\/2026\/03\/e5a7ebc8-66ab-4e93-bfb4-fc249db8f43b-1.png 1536w\" sizes=\"auto, (max-width: 300px) 100vw, 300px\" \/><\/a><\/p>\n<blockquote>\n<h3 data-start=\"0\" data-end=\"74\"><strong data-start=\"0\" data-end=\"74\">SPRAY AL PEPERONCINO ALLA COOPERATIVA DI CORTINA: DENUNCIATO UN 47ENNE<\/strong><\/h3>\n<\/blockquote>\n<p data-start=\"76\" data-end=\"361\"><strong>CORTINA<\/strong> \u2013 Uno scherzo che potrebbe costare caro. La polizia del Commissariato di Cortina ha denunciato un uomo di 47 anni, residente in Ampezzo, ritenuto responsabile di aver spruzzato spray al peperoncino all\u2019interno della Cooperativa di corso Italia nel pomeriggio di sabato. L\u2019episodio \u00e8 avvenuto intorno alle 16.30, in un momento di grande affluenza di clienti. Alcune persone hanno iniziato ad avvertire bruciore alla gola e fastidi, mentre i vapori dello spray si diffondevano nel reparto ferramenta. Il personale del negozio ha subito aperto le finestre per arieggiare i locali. Sul posto sono intervenuti vigili del fuoco e polizia. I pompieri, anche con il nucleo Nbcr, hanno effettuato le verifiche necessarie senza ritenere necessario evacuare il negozio. Grazie alle telecamere di sorveglianza, gli agenti sono riusciti a individuare il presunto responsabile, denunciato per procurato allarme e getto pericoloso di cose. Nei prossimi mesi dovr\u00e0 affrontare il processo.<\/p>\n<hr \/>\n<p>&nbsp;<\/p>\n<blockquote>\n<h3 style=\"text-align: center;\">UN NUOVO BANDO PER I LAVORI ALLA CASA DI SOGGIORNO DI TAIBON<\/h3>\n<\/blockquote>\n<p><strong><a class=\"dt-pswp-item\" href=\"https:\/\/www.radiopiu.net\/wordpress\/wp-content\/uploads\/2024\/01\/CASA-SOGGIORNO-TAIBON.png\" data-dt-img-description=\"\" data-large_image_width=\"738\" data-large_image_height=\"526\"><img loading=\"lazy\" decoding=\"async\" class=\"aligncenter size-medium wp-image-371202\" src=\"https:\/\/www.radiopiu.net\/wordpress\/wp-content\/uploads\/2024\/01\/CASA-SOGGIORNO-TAIBON-300x214.png\" alt=\"\" width=\"300\" height=\"214\" srcset=\"https:\/\/www.radiopiu.net\/wordpress\/wp-content\/uploads\/2024\/01\/CASA-SOGGIORNO-TAIBON-300x214.png 300w, https:\/\/www.radiopiu.net\/wordpress\/wp-content\/uploads\/2024\/01\/CASA-SOGGIORNO-TAIBON.png 738w\" sizes=\"auto, (max-width: 300px) 100vw, 300px\" \/><\/a>\u00a0<\/strong><\/p>\n<p><strong>TAIBON<\/strong><\/p>\n<p>DI GIANNI SANTOMASO<\/p>\n<audio class=\"wp-audio-shortcode\" id=\"audio-501588-4\" preload=\"none\" style=\"width: 100%;\" controls=\"controls\"><source type=\"audio\/mpeg\" src=\"https:\/\/www.radiopiu.net\/wordpress\/wp-content\/uploads\/2026\/03\/GIANNI-CASA-SOGIORNO-TAIBON.mp3?_=4\" \/><a href=\"https:\/\/www.radiopiu.net\/wordpress\/wp-content\/uploads\/2026\/03\/GIANNI-CASA-SOGIORNO-TAIBON.mp3\">https:\/\/www.radiopiu.net\/wordpress\/wp-content\/uploads\/2026\/03\/GIANNI-CASA-SOGIORNO-TAIBON.mp3<\/a><\/audio>\n<p>&nbsp;<\/p>\n<div class=\"flex flex-col text-sm pb-25\">\n<article class=\"text-token-text-primary w-full focus:outline-none [--shadow-height:45px] has-data-writing-block:pointer-events-none has-data-writing-block:-mt-(--shadow-height) has-data-writing-block:pt-(--shadow-height) [&amp;:has([data-writing-block])&gt;*]:pointer-events-auto scroll-mt-[calc(var(--header-height)+min(200px,max(70px,20svh)))]\" dir=\"auto\" tabindex=\"-1\" data-turn-id=\"request-WEB:a435df5d-81d5-4aa2-b1b8-6cfba477e99d-12\" data-testid=\"conversation-turn-26\" data-scroll-anchor=\"true\" data-turn=\"assistant\">\n<div class=\"text-base my-auto mx-auto pb-10 [--thread-content-margin:var(--thread-content-margin-xs,calc(var(--spacing)*4))] @w-sm\/main:[--thread-content-margin:var(--thread-content-margin-sm,calc(var(--spacing)*6))] @w-lg\/main:[--thread-content-margin:var(--thread-content-margin-lg,calc(var(--spacing)*16))] px-(--thread-content-margin)\">\n<div class=\"[--thread-content-max-width:40rem] @w-lg\/main:[--thread-content-max-width:48rem] mx-auto max-w-(--thread-content-max-width) flex-1 group\/turn-messages focus-visible:outline-hidden relative flex w-full min-w-0 flex-col agent-turn\" tabindex=\"-1\">\n<div class=\"flex max-w-full flex-col gap-4 grow\">\n<div class=\"min-h-8 text-message relative flex w-full flex-col items-end gap-2 text-start break-words whitespace-normal [.text-message+&amp;]:mt-1\" dir=\"auto\" data-message-author-role=\"assistant\" data-message-id=\"de8dba60-1e8c-4114-8a7c-23cbfbd6cfd6\" data-message-model-slug=\"gpt-5-3\">\n<div class=\"flex w-full flex-col gap-1 empty:hidden\">\n<div class=\"markdown prose dark:prose-invert w-full wrap-break-word dark markdown-new-styling\">\n<h2 style=\"text-align: center;\" data-start=\"0\" data-end=\"69\"><strong data-start=\"0\" data-end=\"69\">CASA DI RIPOSO DI TAIBON, SCONTRO SUI LAVORI: LA DITTA SI DIFENDE<\/strong><\/h2>\n<p data-start=\"71\" data-end=\"302\"><strong>TAIBON<\/strong> \u2013 Nuovo capitolo nella vicenda dei lavori di consolidamento e adeguamento della casa di riposo di Taibon, dopo la decisione dell\u2019Unione Montana Agordina di revocare l\u2019appalto all\u2019impresa Ivs di Monastier (Treviso). L\u2019azienda respinge le accuse di inadempienza sostenendo di aver lavorato su un progetto ritenuto errato, cercando di correggere in corso d\u2019opera alcune criticit\u00e0 emerse nel cantiere. Secondo la ditta, le difformit\u00e0 tra progetto e situazione reale avrebbero creato problemi tecnici e di sicurezza, soprattutto in una struttura dove i lavori si svolgono con anziani ospiti e personale presenti. Tra i punti pi\u00f9 delicati c\u2019\u00e8 il sistema antincendio: il nuovo impianto dovrebbe collegarsi a una centrale gi\u00e0 esistente e datata, ma la documentazione ricevuta \u2013 sostiene l\u2019impresa \u2013 non descriverebbe in modo completo lo stato reale del sistema. Questo avrebbe reso impossibile certificare correttamente l\u2019impianto installato nella parte ristrutturata. L\u2019azienda contesta anche le modalit\u00e0 con cui \u00e8 stato risolto il contratto, ritenendo che la decisione sia stata presa senza un confronto diretto con l\u2019impresa. Ivs afferma inoltre di aver gi\u00e0 realizzato lavori per circa 440 mila euro e di aver sostenuto ulteriori spese per materiali e forniture. La societ\u00e0 non esclude ora azioni legali per contestare la risoluzione dell\u2019appalto e chiedere il risarcimento dei danni. Se la vicenda dovesse approdare in tribunale, il cantiere rischierebbe di fermarsi per diversi mesi.<\/p>\n<\/div>\n<\/div>\n<\/div>\n<\/div>\n<div class=\"z-0 flex min-h-[46px] justify-start\"><\/div>\n<\/div>\n<\/div>\n<\/article>\n<\/div>\n<p>&nbsp;<\/p>\n<hr \/>\n<p>&nbsp;<\/p>\n<blockquote>\n<h3 style=\"text-align: center;\">INCONTRO AD AGORDO PER LA PRESENTAZIONE DEI CANDIDATI ALLA PRESIDENZA DELLA PROVINCIA<\/h3>\n<\/blockquote>\n<p><strong>AGORDO <\/strong>In Sala Don Tamis si \u00e8 svolto un incontro pubblico dedicato alla presentazione dei candidati alla presidenza della Provincia. I cittadini hanno avuto l\u2019opportunit\u00e0 di conoscere da vicino le proposte e le idee dei due aspiranti: Marco Staunovo Polacco, sindaco di Comelico Superiore, e Nicola Vieceli, sindaco di San Gregorio nelle Alpi. L\u2019incontro ha rappresentato un momento di confronto diretto tra i candidati ed elettori, durante il quale il pubblico ha potuto porre domande e approfondire i programmi e le priorit\u00e0 proposte per il futuro del territorio.<\/p>\n\n\t\t\t<style type='text\/css'>\n\t\t\t\t#gallery-7 {\n\t\t\t\t\tmargin: auto;\n\t\t\t\t}\n\t\t\t\t#gallery-7 .gallery-item {\n\t\t\t\t\tfloat: left;\n\t\t\t\t\tmargin-top: 10px;\n\t\t\t\t\ttext-align: center;\n\t\t\t\t\twidth: 33%;\n\t\t\t\t}\n\t\t\t\t#gallery-7 img {\n\t\t\t\t\tborder: 2px solid #cfcfcf;\n\t\t\t\t}\n\t\t\t\t#gallery-7 .gallery-caption {\n\t\t\t\t\tmargin-left: 0;\n\t\t\t\t}\n\t\t\t\t\/* see gallery_shortcode() in wp-includes\/media.php *\/\n\t\t\t<\/style>\n\t\t<div id='gallery-7' class='dt-gallery-container gallery galleryid-501588 gallery-columns-3 gallery-size-medium'><dl class='gallery-item'>\n\t\t\t\t<dt class='gallery-icon landscape'>\n\t\t\t\t\t<a class=\"rollover rollover-zoom dt-pswp-item\" title=\"76f6bd6f-d60f-4bf3-8573-108b85f5b638\" data-dt-img-description=\"\" data-large_image_width=\"2048\" data-large_image_height=\"1536\"href='https:\/\/www.radiopiu.net\/wordpress\/wp-content\/uploads\/2026\/03\/76f6bd6f-d60f-4bf3-8573-108b85f5b638.jpg'><img loading=\"lazy\" decoding=\"async\" width=\"300\" height=\"225\" src=\"https:\/\/www.radiopiu.net\/wordpress\/wp-content\/uploads\/2026\/03\/76f6bd6f-d60f-4bf3-8573-108b85f5b638-300x225.jpg\" class=\"attachment-medium size-medium\" alt=\"\" srcset=\"https:\/\/www.radiopiu.net\/wordpress\/wp-content\/uploads\/2026\/03\/76f6bd6f-d60f-4bf3-8573-108b85f5b638-300x225.jpg 300w, https:\/\/www.radiopiu.net\/wordpress\/wp-content\/uploads\/2026\/03\/76f6bd6f-d60f-4bf3-8573-108b85f5b638-1024x768.jpg 1024w, https:\/\/www.radiopiu.net\/wordpress\/wp-content\/uploads\/2026\/03\/76f6bd6f-d60f-4bf3-8573-108b85f5b638-768x576.jpg 768w, https:\/\/www.radiopiu.net\/wordpress\/wp-content\/uploads\/2026\/03\/76f6bd6f-d60f-4bf3-8573-108b85f5b638-1536x1152.jpg 1536w, https:\/\/www.radiopiu.net\/wordpress\/wp-content\/uploads\/2026\/03\/76f6bd6f-d60f-4bf3-8573-108b85f5b638.jpg 2048w\" sizes=\"auto, (max-width: 300px) 100vw, 300px\" \/><\/a>\n\t\t\t\t<\/dt><\/dl><dl class='gallery-item'>\n\t\t\t\t<dt class='gallery-icon landscape'>\n\t\t\t\t\t<a class=\"rollover rollover-zoom dt-pswp-item\" title=\"df4e008c-557e-428e-b8bb-e42078c80c00\" data-dt-img-description=\"\" data-large_image_width=\"2048\" data-large_image_height=\"1536\"href='https:\/\/www.radiopiu.net\/wordpress\/wp-content\/uploads\/2026\/03\/df4e008c-557e-428e-b8bb-e42078c80c00.jpg'><img loading=\"lazy\" decoding=\"async\" width=\"300\" height=\"225\" src=\"https:\/\/www.radiopiu.net\/wordpress\/wp-content\/uploads\/2026\/03\/df4e008c-557e-428e-b8bb-e42078c80c00-300x225.jpg\" class=\"attachment-medium size-medium\" alt=\"\" srcset=\"https:\/\/www.radiopiu.net\/wordpress\/wp-content\/uploads\/2026\/03\/df4e008c-557e-428e-b8bb-e42078c80c00-300x225.jpg 300w, https:\/\/www.radiopiu.net\/wordpress\/wp-content\/uploads\/2026\/03\/df4e008c-557e-428e-b8bb-e42078c80c00-1024x768.jpg 1024w, https:\/\/www.radiopiu.net\/wordpress\/wp-content\/uploads\/2026\/03\/df4e008c-557e-428e-b8bb-e42078c80c00-768x576.jpg 768w, https:\/\/www.radiopiu.net\/wordpress\/wp-content\/uploads\/2026\/03\/df4e008c-557e-428e-b8bb-e42078c80c00-1536x1152.jpg 1536w, https:\/\/www.radiopiu.net\/wordpress\/wp-content\/uploads\/2026\/03\/df4e008c-557e-428e-b8bb-e42078c80c00.jpg 2048w\" sizes=\"auto, (max-width: 300px) 100vw, 300px\" \/><\/a>\n\t\t\t\t<\/dt><\/dl><dl class='gallery-item'>\n\t\t\t\t<dt class='gallery-icon landscape'>\n\t\t\t\t\t<a class=\"rollover rollover-zoom dt-pswp-item\" title=\"3a3e79bc-711e-4b47-99d6-3813e0e9bdd5\" data-dt-img-description=\"\" data-large_image_width=\"2048\" data-large_image_height=\"1536\"href='https:\/\/www.radiopiu.net\/wordpress\/wp-content\/uploads\/2026\/03\/3a3e79bc-711e-4b47-99d6-3813e0e9bdd5.jpg'><img loading=\"lazy\" decoding=\"async\" width=\"300\" height=\"225\" src=\"https:\/\/www.radiopiu.net\/wordpress\/wp-content\/uploads\/2026\/03\/3a3e79bc-711e-4b47-99d6-3813e0e9bdd5-300x225.jpg\" class=\"attachment-medium size-medium\" alt=\"\" srcset=\"https:\/\/www.radiopiu.net\/wordpress\/wp-content\/uploads\/2026\/03\/3a3e79bc-711e-4b47-99d6-3813e0e9bdd5-300x225.jpg 300w, https:\/\/www.radiopiu.net\/wordpress\/wp-content\/uploads\/2026\/03\/3a3e79bc-711e-4b47-99d6-3813e0e9bdd5-1024x768.jpg 1024w, https:\/\/www.radiopiu.net\/wordpress\/wp-content\/uploads\/2026\/03\/3a3e79bc-711e-4b47-99d6-3813e0e9bdd5-768x576.jpg 768w, https:\/\/www.radiopiu.net\/wordpress\/wp-content\/uploads\/2026\/03\/3a3e79bc-711e-4b47-99d6-3813e0e9bdd5-1536x1152.jpg 1536w, https:\/\/www.radiopiu.net\/wordpress\/wp-content\/uploads\/2026\/03\/3a3e79bc-711e-4b47-99d6-3813e0e9bdd5.jpg 2048w\" sizes=\"auto, (max-width: 300px) 100vw, 300px\" \/><\/a>\n\t\t\t\t<\/dt><\/dl><br style=\"clear: both\" \/>\n\t\t\t<\/div>\n\n<p><strong>LA DIRETTA RADIO PIU&#8217;<\/strong><\/p>\n<p><iframe loading=\"lazy\" title=\"INCONTRO AD AGORDO PER LA PRESENTAZIONE DEI CANDIDATI ALLA PRESIDENZA DELLA PROVINCIA\" width=\"1200\" height=\"675\" src=\"https:\/\/www.youtube.com\/embed\/DahBjE_rU6g?feature=oembed\" frameborder=\"0\" allow=\"accelerometer; autoplay; clipboard-write; encrypted-media; gyroscope; picture-in-picture; web-share\" referrerpolicy=\"strict-origin-when-cross-origin\" allowfullscreen><\/iframe><\/p>\n<p>&nbsp;<\/p>\n<hr \/>\n<p>&nbsp;<\/p>\n<blockquote>\n<h3 style=\"text-align: center;\">CISL: A FELTRE IL CONSIGLIO GENERALE CON LA SEGRETARIA NAZIONALE DANIELA FUMAROLA<\/h3>\n<\/blockquote>\n<p><strong><a class=\"dt-pswp-item\" href=\"https:\/\/www.radiopiu.net\/wordpress\/wp-content\/uploads\/2020\/11\/Schermata-2020-11-11-alle-12.25.13.png\" data-dt-img-description=\"\" data-large_image_width=\"594\" data-large_image_height=\"310\"><img loading=\"lazy\" decoding=\"async\" class=\"aligncenter size-medium wp-image-172025\" src=\"https:\/\/www.radiopiu.net\/wordpress\/wp-content\/uploads\/2020\/11\/Schermata-2020-11-11-alle-12.25.13-300x157.png\" alt=\"\" width=\"300\" height=\"157\" srcset=\"https:\/\/www.radiopiu.net\/wordpress\/wp-content\/uploads\/2020\/11\/Schermata-2020-11-11-alle-12.25.13-300x157.png 300w, https:\/\/www.radiopiu.net\/wordpress\/wp-content\/uploads\/2020\/11\/Schermata-2020-11-11-alle-12.25.13.png 594w\" sizes=\"auto, (max-width: 300px) 100vw, 300px\" \/><\/a>\u00a0<\/strong><\/p>\n<p><strong>FELTRE <\/strong>Pu\u00f2 la partecipazione diventare la chiave per invertire il rischio di declino demografico ed economico del territorio? Da questa domanda partir\u00e0 il Consiglio generale della Cisl Belluno Treviso, in programma marted\u00ec 17 marzo alle 9.30 all\u2019Istituto Colotti di Feltre, alla presenza della segretaria generale nazionale Daniela Fumarola. L\u2019incontro accende i riflettori sulle criticit\u00e0 della provincia: crisi industriali come Hydro, Edim Bosch e Ceramica Dolomite, carenza di abitazioni, difficolt\u00e0 infrastrutturali e invecchiamento della popolazione. Secondo uno studio della Cisl territoriale, nei prossimi 15 anni potrebbero mancare circa 23 mila lavoratori. Il sindacato propone un patto di partecipazione tra istituzioni, imprese e comunit\u00e0. Durante i lavori saranno presentati anche i risultati di una ricerca del Centro Studi Cisl sull\u2019applicazione della nuova legge sulla partecipazione dei lavoratori nelle imprese. Interverranno anche Massimiliano Paglini ed Ettore Innocenti.<\/p>\n<p>&nbsp;<\/p>\n<p>&nbsp;<\/p>\n<hr \/>\n<p>&nbsp;<\/p>\n<blockquote>\n<h3 style=\"text-align: center;\">FORUM DEI BORGHI BANDIERA ARANCIONE A SANREMO<\/h3>\n<\/blockquote>\n<p><strong><a class=\"dt-pswp-item\" href=\"https:\/\/www.radiopiu.net\/wordpress\/wp-content\/uploads\/2026\/03\/Forum-Bandiere-Arancioni.jpeg\" data-dt-img-description=\"\" data-large_image_width=\"1600\" data-large_image_height=\"900\"><img loading=\"lazy\" decoding=\"async\" class=\"aligncenter size-medium wp-image-501837\" src=\"https:\/\/www.radiopiu.net\/wordpress\/wp-content\/uploads\/2026\/03\/Forum-Bandiere-Arancioni-300x169.jpeg\" alt=\"\" width=\"300\" height=\"169\" srcset=\"https:\/\/www.radiopiu.net\/wordpress\/wp-content\/uploads\/2026\/03\/Forum-Bandiere-Arancioni-300x169.jpeg 300w, https:\/\/www.radiopiu.net\/wordpress\/wp-content\/uploads\/2026\/03\/Forum-Bandiere-Arancioni-1024x576.jpeg 1024w, https:\/\/www.radiopiu.net\/wordpress\/wp-content\/uploads\/2026\/03\/Forum-Bandiere-Arancioni-768x432.jpeg 768w, https:\/\/www.radiopiu.net\/wordpress\/wp-content\/uploads\/2026\/03\/Forum-Bandiere-Arancioni-1536x864.jpeg 1536w, https:\/\/www.radiopiu.net\/wordpress\/wp-content\/uploads\/2026\/03\/Forum-Bandiere-Arancioni.jpeg 1600w\" sizes=\"auto, (max-width: 300px) 100vw, 300px\" \/><\/a>\u00a0<\/strong><\/p>\n<p><strong>SANREMO <\/strong>Il 13 e 14 marzo si \u00e8 svolto a Sanremo il Forum annuale dei Paesi Bandiera Arancione, marchio di qualit\u00e0 del Touring Club Italiano dedicato ai borghi dell\u2019entroterra. Dopo la pausa dovuta alla pandemia, l\u2019incontro \u00e8 ripreso riunendo circa 100 comuni italiani per discutere di rigenerazione dei borghi, infrastrutture, transizione energetica e sviluppo locale. Nel panel istituzionale la ministra del Turismo Daniela Santanch\u00e8 ha evidenziato come il turismo di massa interessi solo il 4% del territorio nazionale, sottolineando l\u2019importanza di valorizzare le aree interne. Il Veneto era rappresentato da Borgo Valbelluna, Cison di Valmarino e Valeggio sul Mincio. Il Forum ha favorito scambio di buone pratiche, promozione del turismo lento e collaborazione tra enti per sostenere i piccoli comuni.<\/p>\n<p>&nbsp;<\/p>\n<p>&nbsp;<\/p>\n<hr \/>\n<p>&nbsp;<\/p>\n<blockquote>\n<h3 style=\"text-align: center;\">INAUGURATA A LONGARONE LA 45\u00aa AGRIMONT: AGRICOLTURA DI MONTAGNA PROTAGONISTA<\/h3>\n<\/blockquote>\n<p><strong><a class=\"dt-pswp-item\" href=\"https:\/\/www.radiopiu.net\/wordpress\/wp-content\/uploads\/2026\/03\/Agrimont_2026-060-scaled.jpg\" data-dt-img-description=\"\" data-large_image_width=\"2560\" data-large_image_height=\"1431\"><img loading=\"lazy\" decoding=\"async\" class=\"aligncenter size-medium wp-image-501763\" src=\"https:\/\/www.radiopiu.net\/wordpress\/wp-content\/uploads\/2026\/03\/Agrimont_2026-060-300x168.jpg\" alt=\"\" width=\"300\" height=\"168\" srcset=\"https:\/\/www.radiopiu.net\/wordpress\/wp-content\/uploads\/2026\/03\/Agrimont_2026-060-300x168.jpg 300w, https:\/\/www.radiopiu.net\/wordpress\/wp-content\/uploads\/2026\/03\/Agrimont_2026-060-1024x572.jpg 1024w, https:\/\/www.radiopiu.net\/wordpress\/wp-content\/uploads\/2026\/03\/Agrimont_2026-060-768x429.jpg 768w, https:\/\/www.radiopiu.net\/wordpress\/wp-content\/uploads\/2026\/03\/Agrimont_2026-060-1536x858.jpg 1536w, https:\/\/www.radiopiu.net\/wordpress\/wp-content\/uploads\/2026\/03\/Agrimont_2026-060-2048x1145.jpg 2048w\" sizes=\"auto, (max-width: 300px) 100vw, 300px\" \/><\/a>\u00a0<\/strong><\/p>\n<p><strong>LONGARONE <\/strong>\u00c8 stata inaugurata a Longarone la 45\u00aa edizione di Agrimont insieme alla 7\u00aa Fiera &amp; Festival delle Foreste, con numeri in crescita rispetto allo scorso anno. Sono presenti 279 marchi aziendali: 232 da 13 regioni italiane e 47 da 13 Paesi esteri, con prodotti e tecnologie dedicate all\u2019agricoltura di montagna e al lavoro nei boschi. L\u2019assessore regionale Dario Bond ha sottolineato l\u2019importanza della manifestazione e la necessit\u00e0 di fare sistema, rafforzando il legame tra agricoltura, montagna e turismo, prendendo esempio da modelli europei. Il programma prevede numerosi eventi su latte, foreste, transumanza, pastorizia e apicoltura, oltre alle attivit\u00e0 di Casa Veneto. Il prossimo fine settimana ospiter\u00e0 anche iniziative dedicate alla Giornata europea del gelato. Per il senatore Luca De Carlo, Agrimont \u00e8 ormai un punto di riferimento nazionale per l\u2019agricoltura di montagna. Il sindaco Roberto Padrin ha evidenziato il ruolo decisivo dei giovani nella valorizzazione del territorio e dell\u2019economia montana.<\/p>\n<p>&nbsp;<\/p>\n<hr \/>\n<p>&nbsp;<\/p>\n<div class=\"page-title-head hgroup\">\n<h1 class=\"entry-title\">BAITE APERTE 2026: OLTRE 1300 PARTECIPANTI NONOSTANTE LA NEVE<\/h1>\n<\/div>\n<div class=\"page-title-breadcrumbs\">\n<p data-start=\"67\" data-end=\"410\"><strong>ALLEGHE<\/strong>\u00a0\u2013 Grande partecipazione ieri sulle Dolomiti per\u00a0<strong data-start=\"123\" data-end=\"144\">Baite Aperte 2026<\/strong>, uno degli eventi pi\u00f9 attesi dell\u2019inverno nell\u2019area del Civetta. Nonostante la neve caduta nelle ore precedenti,\u00a0<strong data-start=\"258\" data-end=\"280\">oltre 1300 persone<\/strong>\u00a0hanno preso parte alla manifestazione, confermando il successo dell\u2019iniziativa che unisce sport, natura e tradizione di montagna. Sciatori e ciaspolatori si sono ritrovati fin dal mattino ad\u00a0<strong data-start=\"473\" data-end=\"484\">Alleghe<\/strong>, con la distribuzione degli accrediti alla\u00a0<strong data-start=\"528\" data-end=\"552\">Grande Baita Civetta<\/strong>\u00a0a partire dalle\u00a0<strong data-start=\"569\" data-end=\"577\">9.30<\/strong>, prima della partenza del tour prevista alle\u00a0<strong data-start=\"623\" data-end=\"632\">10.00<\/strong>. L\u2019evento ha portato centinaia di appassionati a muoversi tra piste e sentieri per raggiungere le baite della zona, vivendo una giornata all\u2019insegna della convivialit\u00e0 e dei sapori di montagna.\u00a0 Nonostante le condizioni meteo invernali, l\u2019entusiasmo dei partecipanti non \u00e8 mancato:\u00a0<strong data-start=\"1137\" data-end=\"1153\">Baite Aperte<\/strong>\u00a0si conferma cos\u00ec uno degli appuntamenti pi\u00f9 amati dell\u2019inverno nelle Dolomiti, capace ogni anno di richiamare centinaia di persone tra piste, panorami e baite del territorio. Prossimo appuntamento di fine stagione: 6 aprile, Pasquetta con lo splash party\u2026<\/p>\n<div id=\"gallery-1\" class=\"dt-gallery-container gallery galleryid-501891 gallery-columns-3 gallery-size-medium\">\n<dl class=\"gallery-item\">\n<dt class=\"gallery-icon portrait\"><a class=\"rollover rollover-zoom dt-pswp-item pspw-wrap-ready this-ready\" title=\"645462841_1329380499217986_6597207431802703891_n\" href=\"https:\/\/www.radiopiu.net\/wordpress\/wp-content\/uploads\/2026\/03\/645462841_1329380499217986_6597207431802703891_n.jpg\" data-dt-img-description=\"\" data-large_image_width=\"526\" data-large_image_height=\"789\"><img loading=\"lazy\" decoding=\"async\" class=\"attachment-medium size-medium\" src=\"https:\/\/www.radiopiu.net\/wordpress\/wp-content\/uploads\/2026\/03\/645462841_1329380499217986_6597207431802703891_n-200x300.jpg\" sizes=\"auto, (max-width: 200px) 100vw, 200px\" srcset=\"https:\/\/www.radiopiu.net\/wordpress\/wp-content\/uploads\/2026\/03\/645462841_1329380499217986_6597207431802703891_n-200x300.jpg 200w, https:\/\/www.radiopiu.net\/wordpress\/wp-content\/uploads\/2026\/03\/645462841_1329380499217986_6597207431802703891_n.jpg 526w\" alt=\"\" width=\"200\" height=\"300\" \/><i><\/i><\/a><\/dt>\n<\/dl>\n<dl class=\"gallery-item\">\n<dt class=\"gallery-icon landscape\"><a class=\"rollover rollover-zoom dt-pswp-item pspw-wrap-ready this-ready\" title=\"650107724_1332171522272217_8117565403140903467_n\" href=\"https:\/\/www.radiopiu.net\/wordpress\/wp-content\/uploads\/2026\/03\/650107724_1332171522272217_8117565403140903467_n.jpg\" data-dt-img-description=\"\" data-large_image_width=\"1080\" data-large_image_height=\"527\"><img loading=\"lazy\" decoding=\"async\" class=\"attachment-medium size-medium\" src=\"https:\/\/www.radiopiu.net\/wordpress\/wp-content\/uploads\/2026\/03\/650107724_1332171522272217_8117565403140903467_n-300x146.jpg\" sizes=\"auto, (max-width: 300px) 100vw, 300px\" srcset=\"https:\/\/www.radiopiu.net\/wordpress\/wp-content\/uploads\/2026\/03\/650107724_1332171522272217_8117565403140903467_n-300x146.jpg 300w, https:\/\/www.radiopiu.net\/wordpress\/wp-content\/uploads\/2026\/03\/650107724_1332171522272217_8117565403140903467_n-1024x500.jpg 1024w, https:\/\/www.radiopiu.net\/wordpress\/wp-content\/uploads\/2026\/03\/650107724_1332171522272217_8117565403140903467_n-768x375.jpg 768w, https:\/\/www.radiopiu.net\/wordpress\/wp-content\/uploads\/2026\/03\/650107724_1332171522272217_8117565403140903467_n.jpg 1080w\" alt=\"\" width=\"300\" height=\"146\" \/><i><\/i><\/a><\/dt>\n<\/dl>\n<dl class=\"gallery-item\">\n<dt class=\"gallery-icon portrait\"><a class=\"rollover rollover-zoom dt-pswp-item pspw-wrap-ready this-ready\" title=\"650554406_1332939822195387_6834018324202835399_n\" href=\"https:\/\/www.radiopiu.net\/wordpress\/wp-content\/uploads\/2026\/03\/650554406_1332939822195387_6834018324202835399_n.jpg\" data-dt-img-description=\"\" data-large_image_width=\"526\" data-large_image_height=\"699\"><img loading=\"lazy\" decoding=\"async\" class=\"attachment-medium size-medium\" src=\"https:\/\/www.radiopiu.net\/wordpress\/wp-content\/uploads\/2026\/03\/650554406_1332939822195387_6834018324202835399_n-226x300.jpg\" sizes=\"auto, (max-width: 226px) 100vw, 226px\" srcset=\"https:\/\/www.radiopiu.net\/wordpress\/wp-content\/uploads\/2026\/03\/650554406_1332939822195387_6834018324202835399_n-226x300.jpg 226w, https:\/\/www.radiopiu.net\/wordpress\/wp-content\/uploads\/2026\/03\/650554406_1332939822195387_6834018324202835399_n.jpg 526w\" alt=\"\" width=\"226\" height=\"300\" \/><\/a><\/dt>\n<\/dl>\n<\/div>\n<\/div>\n<p>&nbsp;<\/p>\n<p>&nbsp;<\/p>\n<hr \/>\n<p>&nbsp;<\/p>\n<blockquote>\n<h3 style=\"text-align: center;\">FELTRE ILLUMINA LA TORRE DEL CASTELLO PER LA GIORNATA DEL FIOCCHETTO LILLA<\/h3>\n<\/blockquote>\n<p><strong><a class=\"dt-pswp-item\" href=\"https:\/\/www.radiopiu.net\/wordpress\/wp-content\/uploads\/2026\/03\/Torre-Fiocchetto-Lilla_1.jpeg\" data-dt-img-description=\"\" data-large_image_width=\"2048\" data-large_image_height=\"1536\"><img loading=\"lazy\" decoding=\"async\" class=\"aligncenter size-medium wp-image-501767\" src=\"https:\/\/www.radiopiu.net\/wordpress\/wp-content\/uploads\/2026\/03\/Torre-Fiocchetto-Lilla_1-300x225.jpeg\" alt=\"\" width=\"300\" height=\"225\" srcset=\"https:\/\/www.radiopiu.net\/wordpress\/wp-content\/uploads\/2026\/03\/Torre-Fiocchetto-Lilla_1-300x225.jpeg 300w, https:\/\/www.radiopiu.net\/wordpress\/wp-content\/uploads\/2026\/03\/Torre-Fiocchetto-Lilla_1-1024x768.jpeg 1024w, https:\/\/www.radiopiu.net\/wordpress\/wp-content\/uploads\/2026\/03\/Torre-Fiocchetto-Lilla_1-768x576.jpeg 768w, https:\/\/www.radiopiu.net\/wordpress\/wp-content\/uploads\/2026\/03\/Torre-Fiocchetto-Lilla_1-1536x1152.jpeg 1536w, https:\/\/www.radiopiu.net\/wordpress\/wp-content\/uploads\/2026\/03\/Torre-Fiocchetto-Lilla_1.jpeg 2048w\" sizes=\"auto, (max-width: 300px) 100vw, 300px\" \/><\/a>\u00a0<\/strong><\/p>\n<p><strong>FELTRE <\/strong>La Torre del Castello di Feltre \u00e8 stata illuminata di lilla in occasione della Giornata nazionale del Fiocchetto Lilla del 15 marzo, dedicata alla sensibilizzazione sui Disturbi della Nutrizione e dell\u2019Alimentazione. L\u2019iniziativa vuole richiamare l\u2019attenzione su patologie spesso poco visibili ma con profonde conseguenze per chi ne soffre e per le loro famiglie. Il sindaco Viviana Fusaro ha sottolineato l\u2019importanza di non avere paura di chiedere aiuto e di fare affidamento sui servizi e sui professionisti presenti sul territorio. La ricorrenza \u00e8 promossa da associazioni nazionali di familiari e in tutta Italia \u00e8 accompagnata da eventi e iniziative di informazione. Anche Feltre ha aderito illuminando il simbolo della citt\u00e0 nelle serate del 14 e 15 marzo, per esprimere vicinanza e favorire conoscenza e prevenzione. L\u2019assessore Flavia Colle ha evidenziato il valore della sensibilizzazione per superare stigma e isolamento.<\/p>\n<p>&nbsp;<\/p>\n<p>&nbsp;<\/p>\n<hr \/>\n<p>&nbsp;<\/p>\n<blockquote>\n<h3 style=\"text-align: center;\">GRANDE SUCCESSO PER LA MARATONA DI LETTURA INCLUSIVA A BELLUNO<\/h3>\n<\/blockquote>\n<p><strong>BELLUNO <\/strong>Sabato a Belluno, presso Palazzo Crepadona, si \u00e8 svolta con grande entusiasmo la prima giornata della maratona di lettura inclusiva, organizzata dal Centro Internazionale del Libro Parlato (CILP). L\u2019evento ha visto protagonisti giovani bellunesi con diverse abilit\u00e0, lettori del libro parlato, artisti e appassionati, uniti per raccontare le storie delle Olimpiadi del 1956 in un clima di condivisione e partecipazione. L\u2019iniziativa, prima di tre tappe tra Belluno, Feltre e Cortina, ha coinvolto anche i ragazzi delle associazioni ASSI, AIPD e Unione Italiana Ciechi, dimostrando come la cultura possa diventare veicolo di inclusione. Le letture sono state accompagnate dalle esecuzioni musicali degli allievi della Scuola di Musica Francesco Sandi di Feltre, che hanno reso l\u2019esperienza ancora pi\u00f9 emozionante. Il CILP ha sottolineato come l\u2019evento rappresenti un modello di integrazione e valorizzazione delle diversit\u00e0, confermando il forte legame tra cultura, arte e inclusione sociale a Belluno.<\/p>\n\n\t\t\t<style type='text\/css'>\n\t\t\t\t#gallery-8 {\n\t\t\t\t\tmargin: auto;\n\t\t\t\t}\n\t\t\t\t#gallery-8 .gallery-item {\n\t\t\t\t\tfloat: left;\n\t\t\t\t\tmargin-top: 10px;\n\t\t\t\t\ttext-align: center;\n\t\t\t\t\twidth: 25%;\n\t\t\t\t}\n\t\t\t\t#gallery-8 img {\n\t\t\t\t\tborder: 2px solid #cfcfcf;\n\t\t\t\t}\n\t\t\t\t#gallery-8 .gallery-caption {\n\t\t\t\t\tmargin-left: 0;\n\t\t\t\t}\n\t\t\t\t\/* see gallery_shortcode() in wp-includes\/media.php *\/\n\t\t\t<\/style>\n\t\t<div id='gallery-8' class='dt-gallery-container gallery galleryid-501588 gallery-columns-4 gallery-size-thumbnail'><dl class='gallery-item'>\n\t\t\t\t<dt class='gallery-icon landscape'>\n\t\t\t\t\t<a class=\"rollover rollover-zoom dt-pswp-item\" title=\"7c1a72df-bb4c-42c3-ab6d-7760132e82ee\" data-dt-img-description=\"\" data-large_image_width=\"2000\" data-large_image_height=\"1500\"href='https:\/\/www.radiopiu.net\/wordpress\/wp-content\/uploads\/2026\/03\/7c1a72df-bb4c-42c3-ab6d-7760132e82ee.jpg'><img loading=\"lazy\" decoding=\"async\" width=\"150\" height=\"150\" src=\"https:\/\/www.radiopiu.net\/wordpress\/wp-content\/uploads\/2026\/03\/7c1a72df-bb4c-42c3-ab6d-7760132e82ee-150x150.jpg\" class=\"attachment-thumbnail size-thumbnail\" alt=\"\" \/><\/a>\n\t\t\t\t<\/dt><\/dl><dl class='gallery-item'>\n\t\t\t\t<dt class='gallery-icon landscape'>\n\t\t\t\t\t<a class=\"rollover rollover-zoom dt-pswp-item\" title=\"368e95a7-6b0a-4c43-bf78-c0e71cbee2b7\" data-dt-img-description=\"\" data-large_image_width=\"2000\" data-large_image_height=\"1500\"href='https:\/\/www.radiopiu.net\/wordpress\/wp-content\/uploads\/2026\/03\/368e95a7-6b0a-4c43-bf78-c0e71cbee2b7.jpg'><img loading=\"lazy\" decoding=\"async\" width=\"150\" height=\"150\" src=\"https:\/\/www.radiopiu.net\/wordpress\/wp-content\/uploads\/2026\/03\/368e95a7-6b0a-4c43-bf78-c0e71cbee2b7-150x150.jpg\" class=\"attachment-thumbnail size-thumbnail\" alt=\"\" \/><\/a>\n\t\t\t\t<\/dt><\/dl><dl class='gallery-item'>\n\t\t\t\t<dt class='gallery-icon landscape'>\n\t\t\t\t\t<a class=\"rollover rollover-zoom dt-pswp-item\" title=\"dfc62873-54e7-4b9f-99b0-88b776fdec46\" data-dt-img-description=\"\" data-large_image_width=\"2000\" data-large_image_height=\"1500\"href='https:\/\/www.radiopiu.net\/wordpress\/wp-content\/uploads\/2026\/03\/dfc62873-54e7-4b9f-99b0-88b776fdec46.jpg'><img loading=\"lazy\" decoding=\"async\" width=\"150\" height=\"150\" src=\"https:\/\/www.radiopiu.net\/wordpress\/wp-content\/uploads\/2026\/03\/dfc62873-54e7-4b9f-99b0-88b776fdec46-150x150.jpg\" class=\"attachment-thumbnail size-thumbnail\" alt=\"\" \/><\/a>\n\t\t\t\t<\/dt><\/dl><dl class='gallery-item'>\n\t\t\t\t<dt class='gallery-icon landscape'>\n\t\t\t\t\t<a class=\"rollover rollover-zoom dt-pswp-item\" title=\"1f4fbf56-a3f8-4e08-bc49-27f49f6c9c9b\" data-dt-img-description=\"\" data-large_image_width=\"2000\" data-large_image_height=\"1500\"href='https:\/\/www.radiopiu.net\/wordpress\/wp-content\/uploads\/2026\/03\/1f4fbf56-a3f8-4e08-bc49-27f49f6c9c9b.jpg'><img loading=\"lazy\" decoding=\"async\" width=\"150\" height=\"150\" src=\"https:\/\/www.radiopiu.net\/wordpress\/wp-content\/uploads\/2026\/03\/1f4fbf56-a3f8-4e08-bc49-27f49f6c9c9b-150x150.jpg\" class=\"attachment-thumbnail size-thumbnail\" alt=\"\" \/><\/a>\n\t\t\t\t<\/dt><\/dl><br style=\"clear: both\" \/><dl class='gallery-item'>\n\t\t\t\t<dt class='gallery-icon landscape'>\n\t\t\t\t\t<a class=\"rollover rollover-zoom dt-pswp-item\" title=\"bda4f537-e391-4b90-aa01-669cb829822a\" data-dt-img-description=\"\" data-large_image_width=\"2000\" data-large_image_height=\"1500\"href='https:\/\/www.radiopiu.net\/wordpress\/wp-content\/uploads\/2026\/03\/bda4f537-e391-4b90-aa01-669cb829822a.jpg'><img loading=\"lazy\" decoding=\"async\" width=\"150\" height=\"150\" src=\"https:\/\/www.radiopiu.net\/wordpress\/wp-content\/uploads\/2026\/03\/bda4f537-e391-4b90-aa01-669cb829822a-150x150.jpg\" class=\"attachment-thumbnail size-thumbnail\" alt=\"\" \/><\/a>\n\t\t\t\t<\/dt><\/dl><dl class='gallery-item'>\n\t\t\t\t<dt class='gallery-icon landscape'>\n\t\t\t\t\t<a class=\"rollover rollover-zoom dt-pswp-item\" title=\"e2d61f2b-b438-4a20-8155-4868b3425008\" data-dt-img-description=\"\" data-large_image_width=\"2000\" data-large_image_height=\"1500\"href='https:\/\/www.radiopiu.net\/wordpress\/wp-content\/uploads\/2026\/03\/e2d61f2b-b438-4a20-8155-4868b3425008.jpg'><img loading=\"lazy\" decoding=\"async\" width=\"150\" height=\"150\" src=\"https:\/\/www.radiopiu.net\/wordpress\/wp-content\/uploads\/2026\/03\/e2d61f2b-b438-4a20-8155-4868b3425008-150x150.jpg\" class=\"attachment-thumbnail size-thumbnail\" alt=\"\" \/><\/a>\n\t\t\t\t<\/dt><\/dl><dl class='gallery-item'>\n\t\t\t\t<dt class='gallery-icon landscape'>\n\t\t\t\t\t<a class=\"rollover rollover-zoom dt-pswp-item\" title=\"6a497cfa-18b4-4caf-a443-32c5ce25bfe3\" data-dt-img-description=\"\" data-large_image_width=\"2000\" data-large_image_height=\"1500\"href='https:\/\/www.radiopiu.net\/wordpress\/wp-content\/uploads\/2026\/03\/6a497cfa-18b4-4caf-a443-32c5ce25bfe3.jpg'><img loading=\"lazy\" decoding=\"async\" width=\"150\" height=\"150\" src=\"https:\/\/www.radiopiu.net\/wordpress\/wp-content\/uploads\/2026\/03\/6a497cfa-18b4-4caf-a443-32c5ce25bfe3-150x150.jpg\" class=\"attachment-thumbnail size-thumbnail\" alt=\"\" \/><\/a>\n\t\t\t\t<\/dt><\/dl><dl class='gallery-item'>\n\t\t\t\t<dt class='gallery-icon landscape'>\n\t\t\t\t\t<a class=\"rollover rollover-zoom dt-pswp-item\" title=\"a165bca0-6f09-4433-9e14-93176ae91fc5\" data-dt-img-description=\"\" data-large_image_width=\"2000\" data-large_image_height=\"1500\"href='https:\/\/www.radiopiu.net\/wordpress\/wp-content\/uploads\/2026\/03\/a165bca0-6f09-4433-9e14-93176ae91fc5.jpg'><img loading=\"lazy\" decoding=\"async\" width=\"150\" height=\"150\" src=\"https:\/\/www.radiopiu.net\/wordpress\/wp-content\/uploads\/2026\/03\/a165bca0-6f09-4433-9e14-93176ae91fc5-150x150.jpg\" class=\"attachment-thumbnail size-thumbnail\" alt=\"\" \/><\/a>\n\t\t\t\t<\/dt><\/dl><br style=\"clear: both\" \/><dl class='gallery-item'>\n\t\t\t\t<dt class='gallery-icon landscape'>\n\t\t\t\t\t<a class=\"rollover rollover-zoom dt-pswp-item\" title=\"2226ce63-ba13-4cc2-bdff-c74516a30edc\" data-dt-img-description=\"\" data-large_image_width=\"2000\" data-large_image_height=\"1500\"href='https:\/\/www.radiopiu.net\/wordpress\/wp-content\/uploads\/2026\/03\/2226ce63-ba13-4cc2-bdff-c74516a30edc.jpg'><img loading=\"lazy\" decoding=\"async\" width=\"150\" height=\"150\" src=\"https:\/\/www.radiopiu.net\/wordpress\/wp-content\/uploads\/2026\/03\/2226ce63-ba13-4cc2-bdff-c74516a30edc-150x150.jpg\" class=\"attachment-thumbnail size-thumbnail\" alt=\"\" \/><\/a>\n\t\t\t\t<\/dt><\/dl><dl class='gallery-item'>\n\t\t\t\t<dt class='gallery-icon landscape'>\n\t\t\t\t\t<a class=\"rollover rollover-zoom dt-pswp-item\" title=\"7fb10ada-c491-4d7d-b500-641f94708e99\" data-dt-img-description=\"\" data-large_image_width=\"2000\" data-large_image_height=\"1500\"href='https:\/\/www.radiopiu.net\/wordpress\/wp-content\/uploads\/2026\/03\/7fb10ada-c491-4d7d-b500-641f94708e99.jpg'><img loading=\"lazy\" decoding=\"async\" width=\"150\" height=\"150\" src=\"https:\/\/www.radiopiu.net\/wordpress\/wp-content\/uploads\/2026\/03\/7fb10ada-c491-4d7d-b500-641f94708e99-150x150.jpg\" class=\"attachment-thumbnail size-thumbnail\" alt=\"\" \/><\/a>\n\t\t\t\t<\/dt><\/dl><dl class='gallery-item'>\n\t\t\t\t<dt class='gallery-icon landscape'>\n\t\t\t\t\t<a class=\"rollover rollover-zoom dt-pswp-item\" title=\"ae701f96-9940-4a6c-85ac-9135ff02ffc7\" data-dt-img-description=\"\" data-large_image_width=\"2000\" data-large_image_height=\"1500\"href='https:\/\/www.radiopiu.net\/wordpress\/wp-content\/uploads\/2026\/03\/ae701f96-9940-4a6c-85ac-9135ff02ffc7.jpg'><img loading=\"lazy\" decoding=\"async\" width=\"150\" height=\"150\" src=\"https:\/\/www.radiopiu.net\/wordpress\/wp-content\/uploads\/2026\/03\/ae701f96-9940-4a6c-85ac-9135ff02ffc7-150x150.jpg\" class=\"attachment-thumbnail size-thumbnail\" alt=\"\" \/><\/a>\n\t\t\t\t<\/dt><\/dl><dl class='gallery-item'>\n\t\t\t\t<dt class='gallery-icon landscape'>\n\t\t\t\t\t<a class=\"rollover rollover-zoom dt-pswp-item\" title=\"3e419924-ecf3-448a-a9fb-885c12ded0df\" data-dt-img-description=\"\" data-large_image_width=\"2048\" data-large_image_height=\"1152\"href='https:\/\/www.radiopiu.net\/wordpress\/wp-content\/uploads\/2026\/03\/3e419924-ecf3-448a-a9fb-885c12ded0df.jpg'><img loading=\"lazy\" decoding=\"async\" width=\"150\" height=\"150\" src=\"https:\/\/www.radiopiu.net\/wordpress\/wp-content\/uploads\/2026\/03\/3e419924-ecf3-448a-a9fb-885c12ded0df-150x150.jpg\" class=\"attachment-thumbnail size-thumbnail\" alt=\"\" \/><\/a>\n\t\t\t\t<\/dt><\/dl><br style=\"clear: both\" \/>\n\t\t\t<\/div>\n\n<p>&nbsp;<\/p>\n<hr \/>\n<p>&nbsp;<\/p>\n<blockquote>\n<h3 style=\"text-align: center;\">ANTICA FESTA DELLA MADONNA ADDOLORATA: TRADIZIONE, FEDE E FIERA NEL CENTRO DI BELLUNO<\/h3>\n<\/blockquote>\n<p><strong><a class=\"dt-pswp-item\" href=\"https:\/\/www.radiopiu.net\/wordpress\/wp-content\/uploads\/2023\/05\/FONTANA-PIAZZA-MARTIRI-scaled.jpeg\" data-dt-img-description=\"\" data-large_image_width=\"2560\" data-large_image_height=\"1547\"><img loading=\"lazy\" decoding=\"async\" class=\"aligncenter size-medium wp-image-335259\" src=\"https:\/\/www.radiopiu.net\/wordpress\/wp-content\/uploads\/2023\/05\/FONTANA-PIAZZA-MARTIRI-300x181.jpeg\" alt=\"\" width=\"300\" height=\"181\" srcset=\"https:\/\/www.radiopiu.net\/wordpress\/wp-content\/uploads\/2023\/05\/FONTANA-PIAZZA-MARTIRI-300x181.jpeg 300w, https:\/\/www.radiopiu.net\/wordpress\/wp-content\/uploads\/2023\/05\/FONTANA-PIAZZA-MARTIRI-1024x619.jpeg 1024w, https:\/\/www.radiopiu.net\/wordpress\/wp-content\/uploads\/2023\/05\/FONTANA-PIAZZA-MARTIRI-768x464.jpeg 768w, https:\/\/www.radiopiu.net\/wordpress\/wp-content\/uploads\/2023\/05\/FONTANA-PIAZZA-MARTIRI-1536x928.jpeg 1536w, https:\/\/www.radiopiu.net\/wordpress\/wp-content\/uploads\/2023\/05\/FONTANA-PIAZZA-MARTIRI-2048x1238.jpeg 2048w\" sizes=\"auto, (max-width: 300px) 100vw, 300px\" \/><\/a>\u00a0<\/strong><\/p>\n<p><strong>BELLUNO <\/strong>Domenica 22 marzo Belluno celebra l\u2019Antica Festa della Madonna Addolorata, tradizionale appuntamento che cade due domeniche prima di Pasqua e unisce fede, storia e momenti di festa. Dal 1716 la statua della Madonna dei Sette Dolori, realizzata da Giovanni Battista Alchini, viene portata in processione nel centro storico per ricordare la fine di una pestilenza. La manifestazione \u00e8 nota anche come \u201cSagra dei Fisci\u00f2t\u201d, dai caratteristici fischietti artigianali un tempo molto diffusi. Il corteo religioso partir\u00e0 alle 16 dalla chiesa di Santo Stefano. Durante la giornata il centro ospiter\u00e0 numerose bancarelle con dolciumi, artigianato, oggetti e prodotti tipici, oltre al mercatino dell\u2019antiquariato e agli hobbisti. Alle 10.45 \u00e8 previsto il concerto della Filarmonica di Belluno. Attivo anche un servizio speciale di autobus urbani e, in concomitanza, la domenica ecologica con limitazioni al traffico nel centro storico.<\/p>\n<p>&nbsp;<\/p>\n<p>&nbsp;<\/p>\n<hr \/>\n<p>&nbsp;<\/p>\n<blockquote>\n<h3 style=\"text-align: center;\">MATERIE PRIME: FORTI RINCARI SOLO PER PETROLIO E GAS<\/h3>\n<\/blockquote>\n<p><em><strong><a class=\"dt-pswp-item\" href=\"https:\/\/www.radiopiu.net\/wordpress\/wp-content\/uploads\/2026\/03\/e1.png\" data-dt-img-description=\"\" data-large_image_width=\"1269\" data-large_image_height=\"782\"><img loading=\"lazy\" decoding=\"async\" class=\"size-medium wp-image-501642 alignleft\" src=\"https:\/\/www.radiopiu.net\/wordpress\/wp-content\/uploads\/2026\/03\/e1-300x185.png\" alt=\"\" width=\"300\" height=\"185\" srcset=\"https:\/\/www.radiopiu.net\/wordpress\/wp-content\/uploads\/2026\/03\/e1-300x185.png 300w, https:\/\/www.radiopiu.net\/wordpress\/wp-content\/uploads\/2026\/03\/e1-1024x631.png 1024w, https:\/\/www.radiopiu.net\/wordpress\/wp-content\/uploads\/2026\/03\/e1-768x473.png 768w, https:\/\/www.radiopiu.net\/wordpress\/wp-content\/uploads\/2026\/03\/e1.png 1269w\" sizes=\"auto, (max-width: 300px) 100vw, 300px\" \/><\/a>Niente a che vedere con quanto accadde 4 anni fa, dopo l\u2019inizio dell\u2019invasione russa in Ucraina. Per le famiglie venete, tuttavia, si stima un aumento delle bollette da oltre 751 milioni su base annua.<\/strong><\/em><\/p>\n<p>A quindici giorni dall\u2019avvio del conflitto in Iran, i mercati delle principali materie prime mostrano una tenuta complessivamente solida, senza quelle impennate generalizzate dei prezzi che spesso accompagnano fasi di forte tensione geopolitica.<\/p>\n<p>L\u2019analisi delle quotazioni evidenzia infatti un quadro \u201csorprendentemente\u201d stabile. Molte delle principali commodities hanno addirittura registrato lievi riduzioni di prezzo: il nickel \u00e8 sceso del 2,2 per cento, il rame del 2,3, lo zinco del 2,7, il piombo del 2,9 e lo stagno del 7,8 (vedi Tab. 1). Si tratta di segnali che indicano come le catene di approvvigionamento globali e i mercati internazionali stiano reagendo con una certa resilienza all\u2019incertezza del contesto internazionale.<\/p>\n<p>Tra le materie prime monitorate dall\u2019Ufficio studi della CGIA, soltanto i combustibili fossili hanno mostrato forti tensioni. Il prezzo del petrolio \u00e8 aumentato del 42 per cento, mentre il gas ha registrato una crescita pi\u00f9 significativa, pari al 59,4 per cento. In entrambi i casi gli incrementi di queste ultime due settimane sono stati superiori a quelli verificatesi dopo l\u2019invasione russa all\u2019Ucraina (vedi Tab. 2). Si tratta di dinamiche che riflettono la particolare sensibilit\u00e0 del comparto energetico agli squilibri geopolitici emersi dopo l\u2019avvio del conflitto in Iran.<\/p>\n<p><a class=\"dt-pswp-item\" href=\"https:\/\/www.radiopiu.net\/wordpress\/wp-content\/uploads\/2026\/03\/e2.png\" data-dt-img-description=\"\" data-large_image_width=\"987\" data-large_image_height=\"783\"><img loading=\"lazy\" decoding=\"async\" class=\"size-medium wp-image-501641 alignleft\" src=\"https:\/\/www.radiopiu.net\/wordpress\/wp-content\/uploads\/2026\/03\/e2-300x238.png\" alt=\"\" width=\"300\" height=\"238\" srcset=\"https:\/\/www.radiopiu.net\/wordpress\/wp-content\/uploads\/2026\/03\/e2-300x238.png 300w, https:\/\/www.radiopiu.net\/wordpress\/wp-content\/uploads\/2026\/03\/e2-768x609.png 768w, https:\/\/www.radiopiu.net\/wordpress\/wp-content\/uploads\/2026\/03\/e2.png 987w\" sizes=\"auto, (max-width: 300px) 100vw, 300px\" \/><\/a>Nel complesso, tuttavia, i dati delle prime due settimane suggeriscono che l\u2019impatto del conflitto sui mercati delle materie prime \u00e8 stato finora circoscritto. L\u2019assenza di rialzi diffusi rappresenta un segnale incoraggiante per l\u2019economia internazionale e per il sistema produttivo europeo, che almeno in questa fase non sembra esposto a una nuova ondata generalizzata di rincari delle materie prime.<\/p>\n<p><strong>Niente a che vedere con quanto successo dopo l\u2019invasione russa in Ucraina<\/strong><br \/>\nL\u2019escalation di tensioni in Medio Oriente ha inevitabilmente riacceso il dibattito sugli effetti economici dei conflitti geopolitici. Tuttavia, se si osservano i dati e i precedenti pi\u00f9 recenti, emerge con chiarezza come l\u2019impatto potenziale di questa crisi appaia, almeno per il momento, sensibilmente diverso rispetto a quanto accaduto nel febbraio del 2022 con l\u2019invasione russa dell\u2019Ucraina.<\/p>\n<p>Allora lo shock sui mercati internazionali fu immediato e particolarmente violento. A soli quindici giorni dall\u2019inizio dell\u2019offensiva russa, le principali materie prime registrarono rialzi eccezionali: il prezzo del nickel aument\u00f2 del 93,8 per cento, quello del gas del 48 per cento, mentre i cereali subirono forti tensioni con il granoturco in crescita del 30,3 per cento e il frumento del 29,2 per cento. Anche l\u2019energia e i metalli industriali furono coinvolti nella fiammata dei prezzi: il petrolio sal\u00ec del 16,3 per cento e l\u2019alluminio dell\u20198,3.<\/p>\n<p>Quella reazione dei mercati fu il riflesso della posizione centrale che Russia e Ucraina occupano nelle catene di approvvigionamento globali, in particolare per quanto riguarda energia, metalli e produzioni agricole. L\u2019interruzione o anche solo il rischio di interruzione di tali flussi si tradusse immediatamente in un forte shock sull\u2019offerta, con ripercussioni diffuse sull\u2019economia mondiale.<\/p>\n<p><a class=\"dt-pswp-item\" href=\"https:\/\/www.radiopiu.net\/wordpress\/wp-content\/uploads\/2026\/03\/e3.png\" data-dt-img-description=\"\" data-large_image_width=\"933\" data-large_image_height=\"843\"><img loading=\"lazy\" decoding=\"async\" class=\"size-medium wp-image-501640 alignleft\" src=\"https:\/\/www.radiopiu.net\/wordpress\/wp-content\/uploads\/2026\/03\/e3-300x271.png\" alt=\"\" width=\"300\" height=\"271\" srcset=\"https:\/\/www.radiopiu.net\/wordpress\/wp-content\/uploads\/2026\/03\/e3-300x271.png 300w, https:\/\/www.radiopiu.net\/wordpress\/wp-content\/uploads\/2026\/03\/e3-768x694.png 768w, https:\/\/www.radiopiu.net\/wordpress\/wp-content\/uploads\/2026\/03\/e3.png 933w\" sizes=\"auto, (max-width: 300px) 100vw, 300px\" \/><\/a>Il contesto mediorientale presenta invece caratteristiche differenti. Pur trattandosi di un\u2019area strategica e geopoliticamente sensibile, la struttura delle interdipendenze economiche e commerciali con il resto del mondo \u00e8 diversa e, almeno nella fase iniziale, sembra generare pressioni meno intense sui mercati delle materie prime.<\/p>\n<p>Naturalmente, qualsiasi valutazione resta fortemente condizionata da due variabili decisive: la durata del conflitto e la sua eventuale intensificazione. Un ampliamento del teatro bellico o il coinvolgimento diretto di attori regionali con un peso significativo nei mercati energetici potrebbe rapidamente modificare lo scenario.<\/p>\n<p><strong>Caro bollette: oltre 751 milioni in pi\u00f9 alle famiglie<\/strong><br \/>\nAl netto del caro carburante che in queste ultime due settimane sta alleggerendo il portafoglio anche dei veneti e di eventuali misure di mitigazione del costo delle bollette che il Governo dovrebbe mettere a punto a breve, Nomisma Energia stima che le famiglie italiane potrebbero subire un aumento medio su base annua di 350 euro. Partendo da questa ipotesi, l\u2019Ufficio studi della CGIA ha stimato approssimativamente che il rincaro complessivo delle bollette sui bilanci delle 2,1 milioni di famiglie venete potrebbe toccare i 751,8 milioni di euro. Gli aumenti pi\u00f9 consistenti si concentrerebbero nella provincia di Padova con una stima di 143,7 milioni di euro. Seguono Verona con 143 milioni, Venezia con 134,1, Treviso con 131,3 e Vicenza con 130,4 (vedi Tab. 3).<\/p>\n<p><strong><a class=\"dt-pswp-item\" href=\"https:\/\/www.radiopiu.net\/wordpress\/wp-content\/uploads\/2026\/03\/e4.png\" data-dt-img-description=\"\" data-large_image_width=\"842\" data-large_image_height=\"360\"><img loading=\"lazy\" decoding=\"async\" class=\"size-medium wp-image-501639 alignleft\" src=\"https:\/\/www.radiopiu.net\/wordpress\/wp-content\/uploads\/2026\/03\/e4-300x128.png\" alt=\"\" width=\"300\" height=\"128\" srcset=\"https:\/\/www.radiopiu.net\/wordpress\/wp-content\/uploads\/2026\/03\/e4-300x128.png 300w, https:\/\/www.radiopiu.net\/wordpress\/wp-content\/uploads\/2026\/03\/e4-768x328.png 768w, https:\/\/www.radiopiu.net\/wordpress\/wp-content\/uploads\/2026\/03\/e4.png 842w\" sizes=\"auto, (max-width: 300px) 100vw, 300px\" \/><\/a>Modalit\u00e0 self service: benzina +8,7 % e diesel +18,2%<\/strong><br \/>\nDopo l\u2019attacco militare all\u2019Iran iniziato il 28 febbraio, tra le principali materie prime sono stati soprattutto gas e petrolio a registrare un\u2019impennata dei prezzi. Un aumento dovuto anche a dinamiche speculative che ha avuto effetti immediati sui carburanti. Il risultato \u00e8 stato un forte rincaro alla pompa, che ha messo in difficolt\u00e0 molti automobilisti e, in particolare, quelle categorie che lavorano quotidianamente con un mezzo a motore: autotrasportatori, taxisti, autonoleggiatori con conducente, bus operator, pescatori e agricoltori.<br \/>\nNegli ultimi quindici giorni, infatti, il prezzo della benzina \u00e8 salito dell\u20198,7 per cento, mentre quello del diesel ha registrato un balzo ancora pi\u00f9 marcato: +18,2 per cento. Un aumento che pesa direttamente sul costo del lavoro di queste attivit\u00e0 e sui bilanci di interi settori produttivi (vedi Tab. 4).<\/p>\n<p><strong>Per mitigare i rincari di bollette e carburanti bisogna tagliare Iva, accise e oneri di sistema<\/strong><\/p>\n<p>Il caro carburante registratosi negli ultimi 15 giorni e il possibile aumento nei prossimi mesi delle bollette di luce e gas rischiano di diventare uno dei principali fattori di pressione sul potere d\u2019acquisto delle famiglie e sui costi delle imprese. Ridurre questi prezzi non dipende da una singola misura, ma da una strategia articolata che combini interventi fiscali, regolatori e strutturali.<\/p>\n<p>Nel breve periodo, il governo dovrebbe intervenire sulla componente fiscale. In Italia una parte rilevante del prezzo dei carburanti e dell\u2019energia \u00e8 composta da accise e Iva. Una riduzione temporanea e mirata delle accise sui carburanti o una modulazione dell\u2019Iva sulle bollette energetiche pu\u00f2 offrire un sollievo immediato a famiglie e imprese, soprattutto nei momenti di forte volatilit\u00e0 dei mercati internazionali. Senza contare che \u00e8 necessario intervenire riducendo anche gli oneri di sistema nelle bollette di luce e gas. Bollette pi\u00f9 leggere aiutano a sostenere il potere d\u2019acquisto dei cittadini e migliorano la competitivit\u00e0 delle aziende, in particolare delle piccole e medie imprese. Inoltre, ridurre o riformare questi oneri renderebbe le bollette pi\u00f9 trasparenti e comprensibili, garantendo una distribuzione dei costi energetici pi\u00f9 equa e sostenibile per tutta la collettivit\u00e0.<\/p>\n<p>Un secondo fronte riguarda la regolazione del mercato. \u00c8 essenziale rafforzare i poteri delle autorit\u00e0 di vigilanza per monitorare eventuali speculazioni lungo la filiera energetica e garantire maggiore trasparenza nella formazione dei prezzi. Strumenti come il rafforzamento delle scorte strategiche e meccanismi di acquisto centralizzato del gas possono inoltre aumentare il potere contrattuale del Paese nei confronti dei fornitori internazionali.<br \/>\nNel medio periodo diventa decisiva la diversificazione delle fonti energetiche. Ridurre la dipendenza da pochi fornitori o da singole fonti fossili permette di attenuare gli shock di prezzo. In questa direzione, investimenti pi\u00f9 rapidi nelle energie rinnovabili, nello stoccaggio energetico e nelle infrastrutture di rete possono contribuire a stabilizzare i costi dell\u2019energia.<\/p>\n<p>&nbsp;<\/p>\n<p>&nbsp;<\/p>\n<hr \/>\n<p>&nbsp;<\/p>\n<h2 style=\"text-align: center;\"><span style=\"color: #ff0000;\">CONSIGLI COMUNALI IN AGORDINO<\/span><\/h2>\n<p><strong><a class=\"dt-pswp-item\" href=\"https:\/\/www.radiopiu.net\/wordpress\/wp-content\/uploads\/2023\/10\/CANALE-DAGORDO.jpg\" data-dt-img-description=\"\" data-large_image_width=\"1280\" data-large_image_height=\"720\"><img loading=\"lazy\" decoding=\"async\" class=\"aligncenter size-medium wp-image-355525\" src=\"https:\/\/www.radiopiu.net\/wordpress\/wp-content\/uploads\/2023\/10\/CANALE-DAGORDO-300x169.jpg\" alt=\"\" width=\"300\" height=\"169\" srcset=\"https:\/\/www.radiopiu.net\/wordpress\/wp-content\/uploads\/2023\/10\/CANALE-DAGORDO-300x169.jpg 300w, https:\/\/www.radiopiu.net\/wordpress\/wp-content\/uploads\/2023\/10\/CANALE-DAGORDO-1024x576.jpg 1024w, https:\/\/www.radiopiu.net\/wordpress\/wp-content\/uploads\/2023\/10\/CANALE-DAGORDO-768x432.jpg 768w, https:\/\/www.radiopiu.net\/wordpress\/wp-content\/uploads\/2023\/10\/CANALE-DAGORDO.jpg 1280w\" sizes=\"auto, (max-width: 300px) 100vw, 300px\" \/><\/a>\u00a0<\/strong><\/p>\n<p><strong>CANALE D&#8217;AGORDO<\/strong> Consiglio comunale convocato gioved\u00ec 19 marzo alle ore 20 nella Sala Lina Zand\u00f2 \u201cBolda\u201d. All\u2019ordine del giorno: ratifica della variazione urgente al bilancio di previsione 2026-2028, rinnovo della convenzione con l\u2019Unione Montana Agordina per il servizio autorizzazioni paesaggistiche e nuova convenzione con la Fondazione Papa Luciani per la gestione del museo.<\/p>\n<p><strong>RIVAMONTE<\/strong> Consiglio comunale venerd\u00ec 20 marzo alle 18:30. Due punti in discussione: una variazione a bilancio e modifiche al regolamento sull&#8217;imposta di soggiorno<\/p>\n<p>&nbsp;<\/p>\n<p>&nbsp;<\/p>\n<hr \/>\n<p>&nbsp;<\/p>\n<blockquote>\n<h3 style=\"text-align: center;\">CONVOCAZIONE ASSEMBLEA ANNUALE 2026 DEL COMITATO DI GEMELLAGGIO DI AGORDO<\/h3>\n<\/blockquote>\n<p><strong><a class=\"dt-pswp-item\" href=\"https:\/\/www.radiopiu.net\/wordpress\/wp-content\/uploads\/2026\/03\/COMITATO-GEMELLAGGIO-AGORDO.png\" data-dt-img-description=\"\" data-large_image_width=\"552\" data-large_image_height=\"284\"><img loading=\"lazy\" decoding=\"async\" class=\"aligncenter size-medium wp-image-501761\" src=\"https:\/\/www.radiopiu.net\/wordpress\/wp-content\/uploads\/2026\/03\/COMITATO-GEMELLAGGIO-AGORDO-300x154.png\" alt=\"\" width=\"300\" height=\"154\" srcset=\"https:\/\/www.radiopiu.net\/wordpress\/wp-content\/uploads\/2026\/03\/COMITATO-GEMELLAGGIO-AGORDO-300x154.png 300w, https:\/\/www.radiopiu.net\/wordpress\/wp-content\/uploads\/2026\/03\/COMITATO-GEMELLAGGIO-AGORDO.png 552w\" sizes=\"auto, (max-width: 300px) 100vw, 300px\" \/><\/a>\u00a0<\/strong><\/p>\n<p><strong>AGORDO <\/strong>Il Comitato di Gemellaggio di Agordo invita soci e simpatizzanti all\u2019Assemblea ordinaria annuale che si terr\u00e0 mercoled\u00ec 25 marzo 2026 presso la saletta del Bar Schenot in via Pragrande ad Agordo. La riunione \u00e8 fissata alle 20.30. All\u2019ordine del giorno: rendicontazione 2025 e approvazione del bilancio, tesseramento 2026, iniziative e programmi per il nuovo anno, oltre a varie ed eventuali. I soci sono invitati a partecipare numerosi.<\/p>\n<p>&nbsp;<\/p>\n<p>&nbsp;<\/p>\n<hr \/>\n<p>&nbsp;<\/p>\n<blockquote>\n<h3 style=\"text-align: center;\">BIODIVERSIT\u00c0 E AGRICOLTURA, DUE SEMINARI NEL BELLUNESE CON IL GENETISTA SALVATORE CECCARELLI<\/h3>\n<\/blockquote>\n<p><strong><a class=\"dt-pswp-item\" href=\"https:\/\/www.radiopiu.net\/wordpress\/wp-content\/uploads\/2026\/03\/JFHLJGHSo.jpg\" data-dt-img-description=\"\" data-large_image_width=\"558\" data-large_image_height=\"643\"><img loading=\"lazy\" decoding=\"async\" class=\"aligncenter size-medium wp-image-501280\" src=\"https:\/\/www.radiopiu.net\/wordpress\/wp-content\/uploads\/2026\/03\/JFHLJGHSo-260x300.jpg\" alt=\"\" width=\"260\" height=\"300\" srcset=\"https:\/\/www.radiopiu.net\/wordpress\/wp-content\/uploads\/2026\/03\/JFHLJGHSo-260x300.jpg 260w, https:\/\/www.radiopiu.net\/wordpress\/wp-content\/uploads\/2026\/03\/JFHLJGHSo.jpg 558w\" sizes=\"auto, (max-width: 260px) 100vw, 260px\" \/><\/a>\u00a0<\/strong><\/p>\n<p><strong>SEDICO\/AGORDO <\/strong><span class=\"BZ_Pyq_fadeIn\">La <\/span><span class=\"BZ_Pyq_fadeIn\">biodiversit\u00e0 <\/span><span class=\"BZ_Pyq_fadeIn\">come <\/span><span class=\"BZ_Pyq_fadeIn\">chiave <\/span><span class=\"BZ_Pyq_fadeIn\">per <\/span><span class=\"BZ_Pyq_fadeIn\">un\u2019agricoltura <\/span><span class=\"BZ_Pyq_fadeIn\">pi\u00f9 <\/span><span class=\"BZ_Pyq_fadeIn\">resiliente, <\/span><span class=\"BZ_Pyq_fadeIn\">sostenibile <\/span><span class=\"BZ_Pyq_fadeIn\">e <\/span><span class=\"BZ_Pyq_fadeIn\">partecipata. <\/span><span class=\"BZ_Pyq_fadeIn\">\u00c8 <\/span><span class=\"BZ_Pyq_fadeIn\">questo <\/span><span class=\"BZ_Pyq_fadeIn\">il <\/span><span class=\"BZ_Pyq_fadeIn\">tema <\/span><span class=\"BZ_Pyq_fadeIn\">al <\/span><span class=\"BZ_Pyq_fadeIn\">centro <\/span><span class=\"BZ_Pyq_fadeIn\">dei <\/span><span class=\"BZ_Pyq_fadeIn\">due <\/span><span class=\"BZ_Pyq_fadeIn\">seminari <\/span><span class=\"BZ_Pyq_fadeIn\">pubblici <\/span><span class=\"BZ_Pyq_fadeIn\">promossi <\/span><span class=\"BZ_Pyq_fadeIn\">dal <\/span><span class=\"BZ_Pyq_fadeIn\">Biodistretto <\/span><span class=\"BZ_Pyq_fadeIn\">Terre <\/span><span class=\"BZ_Pyq_fadeIn\">Bellunesi <\/span><span class=\"BZ_Pyq_fadeIn\">con <\/span><span class=\"BZ_Pyq_fadeIn\">il <\/span><span class=\"BZ_Pyq_fadeIn\">contributo <\/span><span class=\"BZ_Pyq_fadeIn\">del <\/span><span class=\"BZ_Pyq_fadeIn\">Ministero <\/span><span class=\"BZ_Pyq_fadeIn\">dell\u2019Agricoltura, <\/span><span class=\"BZ_Pyq_fadeIn\">della <\/span><span class=\"BZ_Pyq_fadeIn\">Sovranit\u00e0 <\/span><span class=\"BZ_Pyq_fadeIn\">Alimentare <\/span><span class=\"BZ_Pyq_fadeIn\">e <\/span><span class=\"BZ_Pyq_fadeIn\">delle <\/span><span class=\"BZ_Pyq_fadeIn\">Foreste (<\/span><span class=\"BZ_Pyq_fadeIn\">MASAF)<\/span><span class=\"BZ_Pyq_fadeIn\">. <\/span><span class=\"BZ_Pyq_fadeIn\">Protagonista <\/span><span class=\"BZ_Pyq_fadeIn\">degli <\/span><span class=\"BZ_Pyq_fadeIn\">incontri <\/span><span class=\"BZ_Pyq_fadeIn\">sar\u00e0 <\/span><span class=\"BZ_Pyq_fadeIn\">il <\/span><span class=\"BZ_Pyq_fadeIn\">professor <\/span><span class=\"BZ_Pyq_fadeIn\">Salvatore <\/span><span class=\"BZ_Pyq_fadeIn\">Ceccarelli, <\/span><span class=\"BZ_Pyq_fadeIn\">genetista <\/span><span class=\"BZ_Pyq_fadeIn\">agrario <\/span><span class=\"BZ_Pyq_fadeIn\">di <\/span><span class=\"BZ_Pyq_fadeIn\">fama <\/span><span class=\"BZ_Pyq_fadeIn\">mondiale <\/span><span class=\"BZ_Pyq_fadeIn\">e <\/span><span class=\"BZ_Pyq_fadeIn\">pioniere <\/span><span class=\"BZ_Pyq_fadeIn\">del <\/span><span class=\"BZ_Pyq_fadeIn\">miglioramento <\/span><span class=\"BZ_Pyq_fadeIn\">genetico <\/span><span class=\"BZ_Pyq_fadeIn\">partecipativo, <\/span><span class=\"BZ_Pyq_fadeIn\">da <\/span><span class=\"BZ_Pyq_fadeIn\">anni <\/span><span class=\"BZ_Pyq_fadeIn\">impegnato <\/span><span class=\"BZ_Pyq_fadeIn\">nella <\/span><span class=\"BZ_Pyq_fadeIn\">promozione <\/span><span class=\"BZ_Pyq_fadeIn\">della <\/span><span class=\"BZ_Pyq_fadeIn\">biodiversit\u00e0 <\/span><span class=\"BZ_Pyq_fadeIn\">agricola. <\/span><span class=\"BZ_Pyq_fadeIn\">Il <\/span><span class=\"BZ_Pyq_fadeIn\">primo <\/span><span class=\"BZ_Pyq_fadeIn\">seminario <\/span><span class=\"BZ_Pyq_fadeIn\">si <\/span><span class=\"BZ_Pyq_fadeIn\">terr\u00e0 <\/span><span class=\"BZ_Pyq_fadeIn\">gioved\u00ec <\/span><span class=\"BZ_Pyq_fadeIn\">19 <\/span><span class=\"BZ_Pyq_fadeIn\">marzo <\/span><span class=\"BZ_Pyq_fadeIn\">dalle <\/span><span class=\"BZ_Pyq_fadeIn\">9 <\/span><span class=\"BZ_Pyq_fadeIn\">alle <\/span><span class=\"BZ_Pyq_fadeIn\">12 <\/span><span class=\"BZ_Pyq_fadeIn\">al <\/span><span class=\"BZ_Pyq_fadeIn\">Centro <\/span><span class=\"BZ_Pyq_fadeIn\">Consorzi <\/span><span class=\"BZ_Pyq_fadeIn\">di <\/span><span class=\"BZ_Pyq_fadeIn\">Sedico (<\/span><span class=\"BZ_Pyq_fadeIn\">zona <\/span><span class=\"BZ_Pyq_fadeIn\">industriale <\/span><span class=\"BZ_Pyq_fadeIn\">Gresal), <\/span><span class=\"BZ_Pyq_fadeIn\">con <\/span><span class=\"BZ_Pyq_fadeIn\">registrazione <\/span><span class=\"BZ_Pyq_fadeIn\">dei <\/span><span class=\"BZ_Pyq_fadeIn\">partecipanti <\/span><span class=\"BZ_Pyq_fadeIn\">dalle <\/span><span class=\"BZ_Pyq_fadeIn\">8.30. <\/span><span class=\"BZ_Pyq_fadeIn\">L\u2019incontro <\/span><span class=\"BZ_Pyq_fadeIn\">approfondir\u00e0 <\/span><span class=\"BZ_Pyq_fadeIn\">il <\/span><span class=\"BZ_Pyq_fadeIn\">ruolo <\/span><span class=\"BZ_Pyq_fadeIn\">della <\/span><span class=\"BZ_Pyq_fadeIn\">biodiversit\u00e0 <\/span><span class=\"BZ_Pyq_fadeIn\">nel <\/span><span class=\"BZ_Pyq_fadeIn\">suolo, <\/span><span class=\"BZ_Pyq_fadeIn\">negli <\/span><span class=\"BZ_Pyq_fadeIn\">ecosistemi <\/span><span class=\"BZ_Pyq_fadeIn\">e <\/span><span class=\"BZ_Pyq_fadeIn\">nell\u2019organismo <\/span><span class=\"BZ_Pyq_fadeIn\">umano, <\/span><span class=\"BZ_Pyq_fadeIn\">analizzando <\/span><span class=\"BZ_Pyq_fadeIn\">le <\/span><span class=\"BZ_Pyq_fadeIn\">cause <\/span><span class=\"BZ_Pyq_fadeIn\">e <\/span><span class=\"BZ_Pyq_fadeIn\">le <\/span><span class=\"BZ_Pyq_fadeIn\">conseguenze <\/span><span class=\"BZ_Pyq_fadeIn\">della <\/span><span class=\"BZ_Pyq_fadeIn\">sua <\/span><span class=\"BZ_Pyq_fadeIn\">progressiva <\/span><span class=\"BZ_Pyq_fadeIn\">perdita. <\/span><span class=\"BZ_Pyq_fadeIn\">Sar\u00e0 <\/span><span class=\"BZ_Pyq_fadeIn\">inoltre <\/span><span class=\"BZ_Pyq_fadeIn\">esplorato <\/span><span class=\"BZ_Pyq_fadeIn\">il <\/span><span class=\"BZ_Pyq_fadeIn\">legame <\/span><span class=\"BZ_Pyq_fadeIn\">tra <\/span><span class=\"BZ_Pyq_fadeIn\">diversit\u00e0 <\/span><span class=\"BZ_Pyq_fadeIn\">della <\/span><span class=\"BZ_Pyq_fadeIn\">dieta, <\/span><span class=\"BZ_Pyq_fadeIn\">salute <\/span><span class=\"BZ_Pyq_fadeIn\">fisica <\/span><span class=\"BZ_Pyq_fadeIn\">e <\/span><span class=\"BZ_Pyq_fadeIn\">mentale <\/span><span class=\"BZ_Pyq_fadeIn\">e <\/span><span class=\"BZ_Pyq_fadeIn\">modelli <\/span><span class=\"BZ_Pyq_fadeIn\">di <\/span><span class=\"BZ_Pyq_fadeIn\">produzione <\/span><span class=\"BZ_Pyq_fadeIn\">e <\/span><span class=\"BZ_Pyq_fadeIn\">distribuzione <\/span><span class=\"BZ_Pyq_fadeIn\">del <\/span><span class=\"BZ_Pyq_fadeIn\">cibo. <\/span><span class=\"BZ_Pyq_fadeIn\">Il <\/span><span class=\"BZ_Pyq_fadeIn\">secondo <\/span><span class=\"BZ_Pyq_fadeIn\">appuntamento <\/span><span class=\"BZ_Pyq_fadeIn\">\u00e8 <\/span><span class=\"BZ_Pyq_fadeIn\">previsto <\/span><span class=\"BZ_Pyq_fadeIn\">lo <\/span><span class=\"BZ_Pyq_fadeIn\">stesso <\/span><span class=\"BZ_Pyq_fadeIn\">giorno <\/span><span class=\"BZ_Pyq_fadeIn\">ad <\/span><span class=\"BZ_Pyq_fadeIn\">Agordo, <\/span><span class=\"BZ_Pyq_fadeIn\">dalle <\/span><span class=\"BZ_Pyq_fadeIn\">14.30 <\/span><span class=\"BZ_Pyq_fadeIn\">alle <\/span><span class=\"BZ_Pyq_fadeIn\">17.30 <\/span><span class=\"BZ_Pyq_fadeIn\">nella <\/span><span class=\"BZ_Pyq_fadeIn\">sala <\/span><span class=\"BZ_Pyq_fadeIn\">convegni <\/span><span class=\"BZ_Pyq_fadeIn\">Don <\/span><span class=\"BZ_Pyq_fadeIn\">Tamis. <\/span><span class=\"BZ_Pyq_fadeIn\">Il <\/span><span class=\"BZ_Pyq_fadeIn\">focus <\/span><span class=\"BZ_Pyq_fadeIn\">sar\u00e0 <\/span><span class=\"BZ_Pyq_fadeIn\">sull\u2019evoluzione <\/span><span class=\"BZ_Pyq_fadeIn\">delle <\/span><span class=\"BZ_Pyq_fadeIn\">specie <\/span><span class=\"BZ_Pyq_fadeIn\">coltivate <\/span><span class=\"BZ_Pyq_fadeIn\">e <\/span><span class=\"BZ_Pyq_fadeIn\">sul <\/span><span class=\"BZ_Pyq_fadeIn\">confronto <\/span><span class=\"BZ_Pyq_fadeIn\">tra <\/span><span class=\"BZ_Pyq_fadeIn\">miglioramento <\/span><span class=\"BZ_Pyq_fadeIn\">genetico <\/span><span class=\"BZ_Pyq_fadeIn\">convenzionale <\/span><span class=\"BZ_Pyq_fadeIn\">e <\/span><span class=\"BZ_Pyq_fadeIn\">approcci <\/span><span class=\"BZ_Pyq_fadeIn\">partecipativi.<\/span><\/p>\n<p><strong>Iniziativa finanziata dal Ministero dell\u2019Agricoltura, della Sovranit\u00e0 Alimentare e delle Foreste, MASAF con Decreto DG del 28\/11\/2024<\/strong><\/p>\n<p>&nbsp;<\/p>\n<p>&nbsp;<\/p>\n<p>&nbsp;<\/p>\n<hr \/>\n<p>&nbsp;<\/p>\n<blockquote>\n<h3 style=\"text-align: center;\">SAVE THE DATE: MUSICA E OSPITI D\u2019ECCEZIONE AL RIFUGIO LARESEI<\/h3>\n<\/blockquote>\n<p><strong><a class=\"dt-pswp-item\" href=\"https:\/\/www.radiopiu.net\/wordpress\/wp-content\/uploads\/2026\/03\/521cd068-a2ac-47be-8a3b-f1488d1c7c13.jpg\" data-dt-img-description=\"\" data-large_image_width=\"513\" data-large_image_height=\"640\"><img loading=\"lazy\" decoding=\"async\" class=\"aligncenter size-medium wp-image-500078\" src=\"https:\/\/www.radiopiu.net\/wordpress\/wp-content\/uploads\/2026\/03\/521cd068-a2ac-47be-8a3b-f1488d1c7c13-240x300.jpg\" alt=\"\" width=\"240\" height=\"300\" srcset=\"https:\/\/www.radiopiu.net\/wordpress\/wp-content\/uploads\/2026\/03\/521cd068-a2ac-47be-8a3b-f1488d1c7c13-240x300.jpg 240w, https:\/\/www.radiopiu.net\/wordpress\/wp-content\/uploads\/2026\/03\/521cd068-a2ac-47be-8a3b-f1488d1c7c13.jpg 513w\" sizes=\"auto, (max-width: 240px) 100vw, 240px\" \/><\/a>\u00a0<\/strong><\/p>\n<p><strong>FALCADE<\/strong> Luned\u00ec 6 aprile dalle 10.30 il Rifugio Laresei di Falcade ospiter\u00e0 \u201cSave the Date \u2013 Unstoppable Festival\u201d, evento che promette energia, musica e divertimento nel cuore delle Dolomiti Bellunesi. Protagonisti della giornata saranno special guest di primo piano: Prezioso, storico volto di Radio Deejay e Radio m2o, Walter Pizzulli e Marco Melandri, pronti ad animare il pubblico con performance coinvolgenti. Alla consolle anche i resident dj Morgan e Battaglia, che accompagneranno la festa in un\u2019atmosfera tutta da vivere. L\u2019iniziativa unisce musica, sport e promozione della montagna. In caso di maltempo l\u2019evento sar\u00e0 cancellato. L\u2019appuntamento si preannuncia come uno dei momenti clou del fine stagione invernale a Falcade.<\/p>\n\n\t\t\t<style type='text\/css'>\n\t\t\t\t#gallery-9 {\n\t\t\t\t\tmargin: auto;\n\t\t\t\t}\n\t\t\t\t#gallery-9 .gallery-item {\n\t\t\t\t\tfloat: left;\n\t\t\t\t\tmargin-top: 10px;\n\t\t\t\t\ttext-align: center;\n\t\t\t\t\twidth: 25%;\n\t\t\t\t}\n\t\t\t\t#gallery-9 img {\n\t\t\t\t\tborder: 2px solid #cfcfcf;\n\t\t\t\t}\n\t\t\t\t#gallery-9 .gallery-caption {\n\t\t\t\t\tmargin-left: 0;\n\t\t\t\t}\n\t\t\t\t\/* see gallery_shortcode() in wp-includes\/media.php *\/\n\t\t\t<\/style>\n\t\t<div id='gallery-9' class='dt-gallery-container gallery galleryid-501588 gallery-columns-4 gallery-size-medium'><dl class='gallery-item'>\n\t\t\t\t<dt class='gallery-icon portrait'>\n\t\t\t\t\t<a class=\"rollover\" href='https:\/\/www.radiopiu.net\/wordpress\/save-the-date-musica-e-ospiti-deccezione-al-rifugio-laresei\/0a293717-7580-42db-9140-07e13797c2e3\/'><img loading=\"lazy\" decoding=\"async\" width=\"240\" height=\"300\" src=\"https:\/\/www.radiopiu.net\/wordpress\/wp-content\/uploads\/2026\/03\/0a293717-7580-42db-9140-07e13797c2e3-240x300.jpg\" class=\"attachment-medium size-medium\" alt=\"\" srcset=\"https:\/\/www.radiopiu.net\/wordpress\/wp-content\/uploads\/2026\/03\/0a293717-7580-42db-9140-07e13797c2e3-240x300.jpg 240w, https:\/\/www.radiopiu.net\/wordpress\/wp-content\/uploads\/2026\/03\/0a293717-7580-42db-9140-07e13797c2e3-819x1024.jpg 819w, https:\/\/www.radiopiu.net\/wordpress\/wp-content\/uploads\/2026\/03\/0a293717-7580-42db-9140-07e13797c2e3-768x960.jpg 768w, https:\/\/www.radiopiu.net\/wordpress\/wp-content\/uploads\/2026\/03\/0a293717-7580-42db-9140-07e13797c2e3.jpg 1080w\" sizes=\"auto, (max-width: 240px) 100vw, 240px\" \/><\/a>\n\t\t\t\t<\/dt><\/dl><dl class='gallery-item'>\n\t\t\t\t<dt class='gallery-icon portrait'>\n\t\t\t\t\t<a class=\"rollover\" href='https:\/\/www.radiopiu.net\/wordpress\/save-the-date-musica-e-ospiti-deccezione-al-rifugio-laresei\/4b7ad474-1c5a-49f0-8045-ee37f2b03787\/'><img loading=\"lazy\" decoding=\"async\" width=\"240\" height=\"300\" src=\"https:\/\/www.radiopiu.net\/wordpress\/wp-content\/uploads\/2026\/03\/4b7ad474-1c5a-49f0-8045-ee37f2b03787-240x300.jpg\" class=\"attachment-medium size-medium\" alt=\"\" srcset=\"https:\/\/www.radiopiu.net\/wordpress\/wp-content\/uploads\/2026\/03\/4b7ad474-1c5a-49f0-8045-ee37f2b03787-240x300.jpg 240w, https:\/\/www.radiopiu.net\/wordpress\/wp-content\/uploads\/2026\/03\/4b7ad474-1c5a-49f0-8045-ee37f2b03787-819x1024.jpg 819w, https:\/\/www.radiopiu.net\/wordpress\/wp-content\/uploads\/2026\/03\/4b7ad474-1c5a-49f0-8045-ee37f2b03787-768x960.jpg 768w, https:\/\/www.radiopiu.net\/wordpress\/wp-content\/uploads\/2026\/03\/4b7ad474-1c5a-49f0-8045-ee37f2b03787.jpg 1080w\" sizes=\"auto, (max-width: 240px) 100vw, 240px\" \/><\/a>\n\t\t\t\t<\/dt><\/dl><dl class='gallery-item'>\n\t\t\t\t<dt class='gallery-icon portrait'>\n\t\t\t\t\t<a class=\"rollover\" href='https:\/\/www.radiopiu.net\/wordpress\/save-the-date-musica-e-ospiti-deccezione-al-rifugio-laresei\/6e8a3e61-45a7-4fad-8148-a84b0950b861\/'><img loading=\"lazy\" decoding=\"async\" width=\"240\" height=\"300\" src=\"https:\/\/www.radiopiu.net\/wordpress\/wp-content\/uploads\/2026\/03\/6e8a3e61-45a7-4fad-8148-a84b0950b861-240x300.jpg\" class=\"attachment-medium size-medium\" alt=\"\" srcset=\"https:\/\/www.radiopiu.net\/wordpress\/wp-content\/uploads\/2026\/03\/6e8a3e61-45a7-4fad-8148-a84b0950b861-240x300.jpg 240w, https:\/\/www.radiopiu.net\/wordpress\/wp-content\/uploads\/2026\/03\/6e8a3e61-45a7-4fad-8148-a84b0950b861-819x1024.jpg 819w, https:\/\/www.radiopiu.net\/wordpress\/wp-content\/uploads\/2026\/03\/6e8a3e61-45a7-4fad-8148-a84b0950b861-768x960.jpg 768w, https:\/\/www.radiopiu.net\/wordpress\/wp-content\/uploads\/2026\/03\/6e8a3e61-45a7-4fad-8148-a84b0950b861.jpg 1080w\" sizes=\"auto, (max-width: 240px) 100vw, 240px\" \/><\/a>\n\t\t\t\t<\/dt><\/dl><dl class='gallery-item'>\n\t\t\t\t<dt class='gallery-icon portrait'>\n\t\t\t\t\t<a class=\"rollover\" href='https:\/\/www.radiopiu.net\/wordpress\/save-the-date-musica-e-ospiti-deccezione-al-rifugio-laresei\/117e1797-e85b-4f6a-a904-ebf5315c0332\/'><img loading=\"lazy\" decoding=\"async\" width=\"240\" height=\"300\" src=\"https:\/\/www.radiopiu.net\/wordpress\/wp-content\/uploads\/2026\/03\/117e1797-e85b-4f6a-a904-ebf5315c0332-240x300.jpg\" class=\"attachment-medium size-medium\" alt=\"\" srcset=\"https:\/\/www.radiopiu.net\/wordpress\/wp-content\/uploads\/2026\/03\/117e1797-e85b-4f6a-a904-ebf5315c0332-240x300.jpg 240w, https:\/\/www.radiopiu.net\/wordpress\/wp-content\/uploads\/2026\/03\/117e1797-e85b-4f6a-a904-ebf5315c0332-819x1024.jpg 819w, https:\/\/www.radiopiu.net\/wordpress\/wp-content\/uploads\/2026\/03\/117e1797-e85b-4f6a-a904-ebf5315c0332-768x960.jpg 768w, https:\/\/www.radiopiu.net\/wordpress\/wp-content\/uploads\/2026\/03\/117e1797-e85b-4f6a-a904-ebf5315c0332.jpg 1080w\" sizes=\"auto, (max-width: 240px) 100vw, 240px\" \/><\/a>\n\t\t\t\t<\/dt><\/dl><br style=\"clear: both\" \/>\n\t\t\t<\/div>\n\n<p>&nbsp;<\/p>\n<p>&nbsp;<\/p>\n<p>&nbsp;<\/p>\n<hr \/>\n<p>&nbsp;<\/p>\n<blockquote>\n<h2 style=\"text-align: center;\"><span style=\"color: #ff0000;\">L&#8217;OPINIONE&#8230;DI FRANCO PIACENTINI<\/span><\/h2>\n<\/blockquote>\n<p><a class=\"dt-pswp-item\" href=\"https:\/\/www.radiopiu.net\/wordpress\/wp-content\/uploads\/2026\/03\/Franco-e-Alberto-21.03.2023.jpg\" data-dt-img-description=\"\" data-large_image_width=\"2141\" data-large_image_height=\"1915\"><img loading=\"lazy\" decoding=\"async\" class=\"aligncenter size-medium wp-image-501808\" src=\"https:\/\/www.radiopiu.net\/wordpress\/wp-content\/uploads\/2026\/03\/Franco-e-Alberto-21.03.2023-300x268.jpg\" alt=\"\" width=\"300\" height=\"268\" srcset=\"https:\/\/www.radiopiu.net\/wordpress\/wp-content\/uploads\/2026\/03\/Franco-e-Alberto-21.03.2023-300x268.jpg 300w, https:\/\/www.radiopiu.net\/wordpress\/wp-content\/uploads\/2026\/03\/Franco-e-Alberto-21.03.2023-1024x916.jpg 1024w, https:\/\/www.radiopiu.net\/wordpress\/wp-content\/uploads\/2026\/03\/Franco-e-Alberto-21.03.2023-768x687.jpg 768w, https:\/\/www.radiopiu.net\/wordpress\/wp-content\/uploads\/2026\/03\/Franco-e-Alberto-21.03.2023-1536x1374.jpg 1536w, https:\/\/www.radiopiu.net\/wordpress\/wp-content\/uploads\/2026\/03\/Franco-e-Alberto-21.03.2023-2048x1832.jpg 2048w\" sizes=\"auto, (max-width: 300px) 100vw, 300px\" \/><\/a><\/p>\n<p>Il 15 dicembre 1972 veniva approvata, in Italia, la legge sull\u2019obiezione di coscienza. Fu un primo passo (con alcune disposizioni negative superate successivamente) per il diritto individuale alla solidariet\u00e0 civile in sostituzione dell\u2019obbligo al servizio militare. Obbligo che all\u2019interno dell\u2019attuale governo nazionale qualcuno vorrebbe riproporre. Prima della legge del 1972, gli obiettori (pacifisti convinti) che si riconoscevano negli insegnamenti e nei valori di don Lorenzo Milani, Aldo Capitini, mons. Giovanni Nervo, venivano (ingiustamente) incarcerati. Oggi, valorizzando i cinquantaquattro anni dell\u2019obiezione di coscienza, si vuole ricordare e ringraziare quei \u201cragazzi\u201d che coerenti con il loro impegno per la pace, per il disarmo e per la non violenza, subirono la carcerazione. Fra questi \u201cragazzi\u201d, con grande dolore per la sua recente inaspettata scomparsa, ricordo con affetto l\u2019obiettore pacifista, grande amico, Alberto Trevisan: nato a Feltre, padovano d\u2019adozione e residente a Rubano. Negli incontri, in particolare, alla Fondazione Emanuela Zancan, e camminando per la pace, soprattutto da Perugia ad Assisi, Alberto mi evidenziava, serenamente, senza alcuna recriminazione, che lui, quell\u2019ingiusta sofferenza del carcere, l\u2019affront\u00f2 con dignit\u00e0 e serenit\u00e0 d\u2019animo, anche perch\u00e9 era \u201cancorato\u201d all\u2019affetto dei suoi familiari e dei tantissimi amici. Caro Alberto, per chi ti ha conosciuto, nella tua salita al Cielo della Pace, \u00e8 sufficiente ribadirti che sei stato un grande Uomo, con straordinari ideali e comportamenti di fratellanza e di solidariet\u00e0, anche se mancherai tantissimo ai tuoi cari familiari, alla societ\u00e0 della pace e alle istituzioni costituzionali, resterai comunque sempre con chi ti ha voluto bene, anche leggendo e\/o rileggendo i tuoi libri: \u201cHo spezzato il mio fucile. Storia di un obiettore di coscienza\u201d; \u201cHo saltato il muro. Storia di un disagio psichico\u201d; \u201cCompagni di viaggio. Un percorso di vita con Giovanni Nervo\u201d. \u00a0Ciao caro Alberto!<\/p>\n<p>Franco Piacentini<\/p>\n<p>&nbsp;<\/p>\n<p>&nbsp;<\/p>\n<hr \/>\n<p>&nbsp;<\/p>\n<h1 style=\"text-align: center;\"><span style=\"color: #ff6600;\">IERI ALLA RADIO<\/span><\/h1>\n<h2 style=\"text-align: center;\"><span style=\"color: #00ccff;\">LA RASSEGNA STAMPA DA L&#8217;AMICO DEL POPOLO<\/span><\/h2>\n<p><strong><a class=\"dt-pswp-item\" href=\"https:\/\/www.radiopiu.net\/wordpress\/wp-content\/uploads\/2020\/03\/AMICO-POPOLOpng.png\" data-dt-img-description=\"\" data-large_image_width=\"225\" data-large_image_height=\"225\"><img loading=\"lazy\" decoding=\"async\" class=\"aligncenter size-full wp-image-123043\" src=\"https:\/\/www.radiopiu.net\/wordpress\/wp-content\/uploads\/2020\/03\/AMICO-POPOLOpng.png\" alt=\"\" width=\"225\" height=\"225\" srcset=\"https:\/\/www.radiopiu.net\/wordpress\/wp-content\/uploads\/2020\/03\/AMICO-POPOLOpng.png 225w, https:\/\/www.radiopiu.net\/wordpress\/wp-content\/uploads\/2020\/03\/AMICO-POPOLOpng-150x150.png 150w\" sizes=\"auto, (max-width: 225px) 100vw, 225px\" \/><\/a>\u00a0<\/strong><\/p>\n<p><strong>DI GIANNI SANTOMASO<\/strong><\/p>\n<audio class=\"wp-audio-shortcode\" id=\"audio-501588-5\" preload=\"none\" style=\"width: 100%;\" controls=\"controls\"><source type=\"audio\/mpeg\" src=\"https:\/\/www.radiopiu.net\/wordpress\/wp-content\/uploads\/2026\/03\/RASSEGNA-GIANNI-1.mp3?_=5\" \/><a href=\"https:\/\/www.radiopiu.net\/wordpress\/wp-content\/uploads\/2026\/03\/RASSEGNA-GIANNI-1.mp3\">https:\/\/www.radiopiu.net\/wordpress\/wp-content\/uploads\/2026\/03\/RASSEGNA-GIANNI-1.mp3<\/a><\/audio>\n<p>&nbsp;<\/p>\n<p>&nbsp;<\/p>\n<hr \/>\n<p>&nbsp;<\/p>\n<h2 style=\"text-align: center;\"><span style=\"color: #993366;\">DUE MINUTI PER TE<\/span><\/h2>\n<p><strong><a class=\"dt-pswp-item\" href=\"https:\/\/www.radiopiu.net\/wordpress\/wp-content\/uploads\/2025\/09\/DON-GIORGIO-LISE.jpg\" data-dt-img-description=\"\" data-large_image_width=\"768\" data-large_image_height=\"448\"><img loading=\"lazy\" decoding=\"async\" class=\"aligncenter size-medium wp-image-470788\" src=\"https:\/\/www.radiopiu.net\/wordpress\/wp-content\/uploads\/2025\/09\/DON-GIORGIO-LISE-300x175.jpg\" alt=\"\" width=\"300\" height=\"175\" srcset=\"https:\/\/www.radiopiu.net\/wordpress\/wp-content\/uploads\/2025\/09\/DON-GIORGIO-LISE-300x175.jpg 300w, https:\/\/www.radiopiu.net\/wordpress\/wp-content\/uploads\/2025\/09\/DON-GIORGIO-LISE.jpg 768w\" sizes=\"auto, (max-width: 300px) 100vw, 300px\" \/><\/a>\u00a0<\/strong><\/p>\n<p><strong>APPUNTAMENTO DELLA DOMENICA CON IL PENSIERO SETTIMANALE DI MONSIGNOR GIORGIO LISE<\/strong><\/p>\n<audio class=\"wp-audio-shortcode\" id=\"audio-501588-6\" preload=\"none\" style=\"width: 100%;\" controls=\"controls\"><source type=\"audio\/mpeg\" src=\"https:\/\/www.radiopiu.net\/wordpress\/wp-content\/uploads\/2026\/03\/DON-GIORGIO-1.mp3?_=6\" \/><a href=\"https:\/\/www.radiopiu.net\/wordpress\/wp-content\/uploads\/2026\/03\/DON-GIORGIO-1.mp3\">https:\/\/www.radiopiu.net\/wordpress\/wp-content\/uploads\/2026\/03\/DON-GIORGIO-1.mp3<\/a><\/audio>\n<p>&nbsp;<\/p>\n<hr \/>\n<p>&nbsp;<\/p>\n<h2 style=\"text-align: center;\"><span style=\"color: #808000;\">IL GRAPHIC DESIGNER GABRIELE RIVA<\/span><\/h2>\n<p><strong><a class=\"dt-pswp-item\" href=\"https:\/\/www.radiopiu.net\/wordpress\/wp-content\/uploads\/2026\/03\/1db66e9e-d468-450c-9feb-21675ddf222d.jpg\" data-dt-img-description=\"\" data-large_image_width=\"2048\" data-large_image_height=\"1152\"><img loading=\"lazy\" decoding=\"async\" class=\"aligncenter size-medium wp-image-501498\" src=\"https:\/\/www.radiopiu.net\/wordpress\/wp-content\/uploads\/2026\/03\/1db66e9e-d468-450c-9feb-21675ddf222d-300x169.jpg\" alt=\"\" width=\"300\" height=\"169\" srcset=\"https:\/\/www.radiopiu.net\/wordpress\/wp-content\/uploads\/2026\/03\/1db66e9e-d468-450c-9feb-21675ddf222d-300x169.jpg 300w, https:\/\/www.radiopiu.net\/wordpress\/wp-content\/uploads\/2026\/03\/1db66e9e-d468-450c-9feb-21675ddf222d-1024x576.jpg 1024w, https:\/\/www.radiopiu.net\/wordpress\/wp-content\/uploads\/2026\/03\/1db66e9e-d468-450c-9feb-21675ddf222d-768x432.jpg 768w, https:\/\/www.radiopiu.net\/wordpress\/wp-content\/uploads\/2026\/03\/1db66e9e-d468-450c-9feb-21675ddf222d-1536x864.jpg 1536w, https:\/\/www.radiopiu.net\/wordpress\/wp-content\/uploads\/2026\/03\/1db66e9e-d468-450c-9feb-21675ddf222d.jpg 2048w\" sizes=\"auto, (max-width: 300px) 100vw, 300px\" \/><\/a>\u00a0<\/strong><\/p>\n<p><strong>DI MIRKO MEZZACASA<\/strong><\/p>\n<p>OSPITE: Gabriele Riva<\/p>\n<audio class=\"wp-audio-shortcode\" id=\"audio-501588-7\" preload=\"none\" style=\"width: 100%;\" controls=\"controls\"><source type=\"audio\/mpeg\" src=\"https:\/\/www.radiopiu.net\/wordpress\/wp-content\/uploads\/2026\/03\/GABRIELE-RVA-MARZO-2026.mp3?_=7\" \/><a href=\"https:\/\/www.radiopiu.net\/wordpress\/wp-content\/uploads\/2026\/03\/GABRIELE-RVA-MARZO-2026.mp3\">https:\/\/www.radiopiu.net\/wordpress\/wp-content\/uploads\/2026\/03\/GABRIELE-RVA-MARZO-2026.mp3<\/a><\/audio>\n<p>&nbsp;<\/p>\n<hr \/>\n<p>&nbsp;<\/p>\n<h2 style=\"text-align: center;\"><span style=\"color: #33cccc;\">TORNA IL GRON TROPHY A SOSPIROLO<\/span><\/h2>\n<p><strong><a class=\"dt-pswp-item\" href=\"https:\/\/www.radiopiu.net\/wordpress\/wp-content\/uploads\/2026\/03\/44e90af7-d0da-422f-b67f-2b6457393637.jpg\" data-dt-img-description=\"\" data-large_image_width=\"1600\" data-large_image_height=\"1200\"><img loading=\"lazy\" decoding=\"async\" class=\"aligncenter size-medium wp-image-501504\" src=\"https:\/\/www.radiopiu.net\/wordpress\/wp-content\/uploads\/2026\/03\/44e90af7-d0da-422f-b67f-2b6457393637-300x225.jpg\" alt=\"\" width=\"300\" height=\"225\" srcset=\"https:\/\/www.radiopiu.net\/wordpress\/wp-content\/uploads\/2026\/03\/44e90af7-d0da-422f-b67f-2b6457393637-300x225.jpg 300w, https:\/\/www.radiopiu.net\/wordpress\/wp-content\/uploads\/2026\/03\/44e90af7-d0da-422f-b67f-2b6457393637-1024x768.jpg 1024w, https:\/\/www.radiopiu.net\/wordpress\/wp-content\/uploads\/2026\/03\/44e90af7-d0da-422f-b67f-2b6457393637-768x576.jpg 768w, https:\/\/www.radiopiu.net\/wordpress\/wp-content\/uploads\/2026\/03\/44e90af7-d0da-422f-b67f-2b6457393637-1536x1152.jpg 1536w, https:\/\/www.radiopiu.net\/wordpress\/wp-content\/uploads\/2026\/03\/44e90af7-d0da-422f-b67f-2b6457393637.jpg 1600w\" sizes=\"auto, (max-width: 300px) 100vw, 300px\" \/><\/a>\u00a0<\/strong><\/p>\n<p><strong>DI MIRKO MEZZACASA<\/strong><\/p>\n<p>OSPITE: Kevin dal Pont<\/p>\n<audio class=\"wp-audio-shortcode\" id=\"audio-501588-8\" preload=\"none\" style=\"width: 100%;\" controls=\"controls\"><source type=\"audio\/mpeg\" src=\"https:\/\/www.radiopiu.net\/wordpress\/wp-content\/uploads\/2026\/03\/KEVIN-DAL-PONT.mp3?_=8\" \/><a href=\"https:\/\/www.radiopiu.net\/wordpress\/wp-content\/uploads\/2026\/03\/KEVIN-DAL-PONT.mp3\">https:\/\/www.radiopiu.net\/wordpress\/wp-content\/uploads\/2026\/03\/KEVIN-DAL-PONT.mp3<\/a><\/audio>\n<p>&nbsp;<\/p>\n<hr \/>\n<p>&nbsp;<\/p>\n<h2 style=\"text-align: center;\"><span style=\"color: #00ffff;\">SPLASH PARTY CON ALLEGHE FUNIVIE<\/span><\/h2>\n<p><strong>DI MIRKO MEZZACASA<\/strong><\/p>\n<p>OSPITE: Andrea Dal Farra<\/p>\n<audio class=\"wp-audio-shortcode\" id=\"audio-501588-9\" preload=\"none\" style=\"width: 100%;\" controls=\"controls\"><source type=\"audio\/mpeg\" src=\"https:\/\/www.radiopiu.net\/wordpress\/wp-content\/uploads\/2026\/03\/ANDREA-DAL-FARRA-SPLASH-E-BAITE.mp3?_=9\" \/><a href=\"https:\/\/www.radiopiu.net\/wordpress\/wp-content\/uploads\/2026\/03\/ANDREA-DAL-FARRA-SPLASH-E-BAITE.mp3\">https:\/\/www.radiopiu.net\/wordpress\/wp-content\/uploads\/2026\/03\/ANDREA-DAL-FARRA-SPLASH-E-BAITE.mp3<\/a><\/audio>\n<p>&nbsp;<\/p>\n\n\t\t\t<style type='text\/css'>\n\t\t\t\t#gallery-10 {\n\t\t\t\t\tmargin: auto;\n\t\t\t\t}\n\t\t\t\t#gallery-10 .gallery-item {\n\t\t\t\t\tfloat: left;\n\t\t\t\t\tmargin-top: 10px;\n\t\t\t\t\ttext-align: center;\n\t\t\t\t\twidth: 50%;\n\t\t\t\t}\n\t\t\t\t#gallery-10 img {\n\t\t\t\t\tborder: 2px solid #cfcfcf;\n\t\t\t\t}\n\t\t\t\t#gallery-10 .gallery-caption {\n\t\t\t\t\tmargin-left: 0;\n\t\t\t\t}\n\t\t\t\t\/* see gallery_shortcode() in wp-includes\/media.php *\/\n\t\t\t<\/style>\n\t\t<div id='gallery-10' class='dt-gallery-container gallery galleryid-501588 gallery-columns-2 gallery-size-medium'><dl class='gallery-item'>\n\t\t\t\t<dt class='gallery-icon landscape'>\n\t\t\t\t\t<a class=\"rollover rollover-zoom dt-pswp-item\" title=\"2.baite_sito\" data-dt-img-description=\"\" data-large_image_width=\"2555\" data-large_image_height=\"1048\"href='https:\/\/www.radiopiu.net\/wordpress\/wp-content\/uploads\/2026\/03\/2.baite_sito.png'><img loading=\"lazy\" decoding=\"async\" width=\"300\" height=\"123\" src=\"https:\/\/www.radiopiu.net\/wordpress\/wp-content\/uploads\/2026\/03\/2.baite_sito-300x123.png\" class=\"attachment-medium size-medium\" alt=\"\" srcset=\"https:\/\/www.radiopiu.net\/wordpress\/wp-content\/uploads\/2026\/03\/2.baite_sito-300x123.png 300w, https:\/\/www.radiopiu.net\/wordpress\/wp-content\/uploads\/2026\/03\/2.baite_sito-1024x420.png 1024w, https:\/\/www.radiopiu.net\/wordpress\/wp-content\/uploads\/2026\/03\/2.baite_sito-768x315.png 768w, https:\/\/www.radiopiu.net\/wordpress\/wp-content\/uploads\/2026\/03\/2.baite_sito-1536x630.png 1536w, https:\/\/www.radiopiu.net\/wordpress\/wp-content\/uploads\/2026\/03\/2.baite_sito-2048x840.png 2048w\" sizes=\"auto, (max-width: 300px) 100vw, 300px\" \/><\/a>\n\t\t\t\t<\/dt><\/dl><dl class='gallery-item'>\n\t\t\t\t<dt class='gallery-icon portrait'>\n\t\t\t\t\t<a class=\"rollover rollover-zoom dt-pswp-item\" title=\"3c7fa214-99cc-47e4-8d26-d1df3cd8b201\" data-dt-img-description=\"\" data-large_image_width=\"1190\" data-large_image_height=\"1600\"href='https:\/\/www.radiopiu.net\/wordpress\/wp-content\/uploads\/2026\/03\/3c7fa214-99cc-47e4-8d26-d1df3cd8b201.jpg'><img loading=\"lazy\" decoding=\"async\" width=\"223\" height=\"300\" src=\"https:\/\/www.radiopiu.net\/wordpress\/wp-content\/uploads\/2026\/03\/3c7fa214-99cc-47e4-8d26-d1df3cd8b201-223x300.jpg\" class=\"attachment-medium size-medium\" alt=\"\" srcset=\"https:\/\/www.radiopiu.net\/wordpress\/wp-content\/uploads\/2026\/03\/3c7fa214-99cc-47e4-8d26-d1df3cd8b201-223x300.jpg 223w, https:\/\/www.radiopiu.net\/wordpress\/wp-content\/uploads\/2026\/03\/3c7fa214-99cc-47e4-8d26-d1df3cd8b201-762x1024.jpg 762w, https:\/\/www.radiopiu.net\/wordpress\/wp-content\/uploads\/2026\/03\/3c7fa214-99cc-47e4-8d26-d1df3cd8b201-768x1033.jpg 768w, https:\/\/www.radiopiu.net\/wordpress\/wp-content\/uploads\/2026\/03\/3c7fa214-99cc-47e4-8d26-d1df3cd8b201-1142x1536.jpg 1142w, https:\/\/www.radiopiu.net\/wordpress\/wp-content\/uploads\/2026\/03\/3c7fa214-99cc-47e4-8d26-d1df3cd8b201.jpg 1190w\" sizes=\"auto, (max-width: 223px) 100vw, 223px\" \/><\/a>\n\t\t\t\t<\/dt><\/dl><br style=\"clear: both\" \/>\n\t\t\t<\/div>\n\n<p>&nbsp;<\/p>\n<hr \/>\n<p>&nbsp;<\/p>\n<h2 style=\"text-align: center;\"><span style=\"color: #ff9900;\">RIMANDATA AL 22 MARZO LA VECIA POPA 2026 SUL BROI DI AGORDO<\/span><\/h2>\n<p><strong><a class=\"dt-pswp-item\" href=\"https:\/\/www.radiopiu.net\/wordpress\/wp-content\/uploads\/2026\/03\/50537a87-d49c-4004-941d-253662bef73f.jpg\" data-dt-img-description=\"\" data-large_image_width=\"1024\" data-large_image_height=\"1536\"><img loading=\"lazy\" decoding=\"async\" class=\"aligncenter size-medium wp-image-501460\" src=\"https:\/\/www.radiopiu.net\/wordpress\/wp-content\/uploads\/2026\/03\/50537a87-d49c-4004-941d-253662bef73f-200x300.jpg\" alt=\"\" width=\"200\" height=\"300\" srcset=\"https:\/\/www.radiopiu.net\/wordpress\/wp-content\/uploads\/2026\/03\/50537a87-d49c-4004-941d-253662bef73f-200x300.jpg 200w, https:\/\/www.radiopiu.net\/wordpress\/wp-content\/uploads\/2026\/03\/50537a87-d49c-4004-941d-253662bef73f-683x1024.jpg 683w, https:\/\/www.radiopiu.net\/wordpress\/wp-content\/uploads\/2026\/03\/50537a87-d49c-4004-941d-253662bef73f-768x1152.jpg 768w, https:\/\/www.radiopiu.net\/wordpress\/wp-content\/uploads\/2026\/03\/50537a87-d49c-4004-941d-253662bef73f.jpg 1024w\" sizes=\"auto, (max-width: 200px) 100vw, 200px\" \/><\/a>\u00a0<\/strong><\/p>\n<p><strong>AGORDO<\/strong> La Vecia Popa 2026, in programma domenica sul Broi di Agordo, \u00e8 stata rimandata di una settimana a causa delle previsioni meteo che per il fine settimana prevedono maltempo. L&#8217;appuntamento \u00e8 rimandato a domenica 22 marzo.<\/p>\n<p><strong>DI MIRKO MEZZACASA<\/strong><\/p>\n<p>OSPITI: Thomaso Manfroi e Valentina De Nardin<\/p>\n<audio class=\"wp-audio-shortcode\" id=\"audio-501588-10\" preload=\"none\" style=\"width: 100%;\" controls=\"controls\"><source type=\"audio\/mpeg\" src=\"https:\/\/www.radiopiu.net\/wordpress\/wp-content\/uploads\/2026\/03\/valentina-e-thomas-vecia-popa-2026-m.mp3?_=10\" \/><a href=\"https:\/\/www.radiopiu.net\/wordpress\/wp-content\/uploads\/2026\/03\/valentina-e-thomas-vecia-popa-2026-m.mp3\">https:\/\/www.radiopiu.net\/wordpress\/wp-content\/uploads\/2026\/03\/valentina-e-thomas-vecia-popa-2026-m.mp3<\/a><\/audio>\n<p>&nbsp;<\/p>\n<hr \/>\n<p>&nbsp;<\/p>\n<h2 style=\"text-align: center;\"><span style=\"color: #00ccff;\">IL TEMPO DELLA MONTAGNA \u2013 FILM SULL\u2019ARCHITETTURA ALPINA<\/span><\/h2>\n<p><strong><a href=\"https:\/\/www.radiopiu.net\/wordpress\/wp-content\/uploads\/2026\/03\/image.webp\"><img loading=\"lazy\" decoding=\"async\" class=\"aligncenter size-medium wp-image-500775\" src=\"https:\/\/www.radiopiu.net\/wordpress\/wp-content\/uploads\/2026\/03\/image-300x150.webp\" alt=\"\" width=\"300\" height=\"150\" srcset=\"https:\/\/www.radiopiu.net\/wordpress\/wp-content\/uploads\/2026\/03\/image-300x150.webp 300w, https:\/\/www.radiopiu.net\/wordpress\/wp-content\/uploads\/2026\/03\/image-768x384.webp 768w, https:\/\/www.radiopiu.net\/wordpress\/wp-content\/uploads\/2026\/03\/image.webp 940w\" sizes=\"auto, (max-width: 300px) 100vw, 300px\" \/><\/a>\u00a0<\/strong><\/p>\n<p><strong>BELLUNO <\/strong>Gioved\u00ec 19 marzo alle 17.30 al Cinema Italia di Belluno verr\u00e0 proiettato in anteprima provinciale \u201cIl Tempo della Montagna \u2013 ArchitetturAlpinA in dieci storie\u201d, documentario promosso dall\u2019Associazione Architetti Arco Alpino e prodotto da MUSE, con regia di Francesca Molteni e Davide Fois. Il film esplora dieci architetture alpine, raccontando storie di sviluppo sociale, ambientale ed economico. Tra le protagoniste, a Belluno, il nuovo plesso scolastico di Puos d\u2019Alpago progettato dagli architetti Facchinelli, Da Boit e Saviane.<\/p>\n<p><strong>L&#8217;INTERVISTA<\/strong><\/p>\n<p><strong>DI MIRKO MEZZACASA<\/strong><\/p>\n<p>OSPITE: Fabiola De Battista<\/p>\n<audio class=\"wp-audio-shortcode\" id=\"audio-501588-11\" preload=\"none\" style=\"width: 100%;\" controls=\"controls\"><source type=\"audio\/mpeg\" src=\"https:\/\/www.radiopiu.net\/wordpress\/wp-content\/uploads\/2026\/03\/fabiola-de-battista.mp3?_=11\" \/><a href=\"https:\/\/www.radiopiu.net\/wordpress\/wp-content\/uploads\/2026\/03\/fabiola-de-battista.mp3\">https:\/\/www.radiopiu.net\/wordpress\/wp-content\/uploads\/2026\/03\/fabiola-de-battista.mp3<\/a><\/audio>\n<p>&nbsp;<\/p>\n<hr \/>\n<p>&nbsp;<\/p>\n<blockquote class=\"wp-embedded-content\" data-secret=\"3RI5yRktEJ\"><p><a href=\"https:\/\/www.radiopiu.net\/wordpress\/piu-siamo-con-marina-settimana-dal-09-al-13-marzo-2026\/\">PIU&#8217; SIAMO&#8230;CON MARINA &#8211; SETTIMANA DAL 09 AL 13 MARZO 2026<\/a><\/p><\/blockquote>\n<p><iframe loading=\"lazy\" class=\"wp-embedded-content\" sandbox=\"allow-scripts\" security=\"restricted\" style=\"position: absolute; visibility: hidden;\" title=\"&#8220;PIU&#8217; SIAMO&#8230;CON MARINA &#8211; SETTIMANA DAL 09 AL 13 MARZO 2026&#8221; &#8212; Radio Pi\u00f9\" src=\"https:\/\/www.radiopiu.net\/wordpress\/piu-siamo-con-marina-settimana-dal-09-al-13-marzo-2026\/embed\/#?secret=4mMODg73nM#?secret=3RI5yRktEJ\" data-secret=\"3RI5yRktEJ\" width=\"600\" height=\"338\" frameborder=\"0\" marginwidth=\"0\" marginheight=\"0\" scrolling=\"no\"><\/iframe><\/p>\n<p>&nbsp;<\/p>\n<hr \/>\n<p>&nbsp;<\/p>\n<blockquote class=\"wp-embedded-content\" data-secret=\"R2LNRuqmFr\"><p><a href=\"https:\/\/www.radiopiu.net\/wordpress\/cortinacomeolimpia28\/\">CORTINA COME OLIMPIA &#8211; LO SPORT PRENDE VOCE- PROGETTO TRE RADIO<\/a><\/p><\/blockquote>\n<p><iframe loading=\"lazy\" class=\"wp-embedded-content\" sandbox=\"allow-scripts\" security=\"restricted\" style=\"position: absolute; visibility: hidden;\" title=\"&#8220;CORTINA COME OLIMPIA &#8211; LO SPORT PRENDE VOCE- PROGETTO TRE RADIO&#8221; &#8212; Radio Pi\u00f9\" src=\"https:\/\/www.radiopiu.net\/wordpress\/cortinacomeolimpia28\/embed\/#?secret=28I3FSV3bY#?secret=R2LNRuqmFr\" data-secret=\"R2LNRuqmFr\" width=\"600\" height=\"338\" frameborder=\"0\" marginwidth=\"0\" marginheight=\"0\" scrolling=\"no\"><\/iframe><\/p>\n<p>&nbsp;<\/p>\n<hr \/>\n<p>&nbsp;<\/p>\n<p><span style=\"color: #ff0000;\"><img loading=\"lazy\" decoding=\"async\" class=\"wp-image-61958 size-full aligncenter\" src=\"https:\/\/www.radiopiu.net\/wordpress\/wp-content\/uploads\/2018\/09\/appuntamenti.jpeg\" alt=\"\" width=\"800\" height=\"100\" srcset=\"https:\/\/www.radiopiu.net\/wordpress\/wp-content\/uploads\/2018\/09\/appuntamenti.jpeg 800w, https:\/\/www.radiopiu.net\/wordpress\/wp-content\/uploads\/2018\/09\/appuntamenti-300x38.jpeg 300w, https:\/\/www.radiopiu.net\/wordpress\/wp-content\/uploads\/2018\/09\/appuntamenti-768x96.jpeg 768w\" sizes=\"auto, (max-width: 800px) 100vw, 800px\" \/><\/span><\/p>\n<p>&nbsp;<\/p>\n\n\t\t\t<style type='text\/css'>\n\t\t\t\t#gallery-11 {\n\t\t\t\t\tmargin: auto;\n\t\t\t\t}\n\t\t\t\t#gallery-11 .gallery-item {\n\t\t\t\t\tfloat: left;\n\t\t\t\t\tmargin-top: 10px;\n\t\t\t\t\ttext-align: center;\n\t\t\t\t\twidth: 20%;\n\t\t\t\t}\n\t\t\t\t#gallery-11 img {\n\t\t\t\t\tborder: 2px solid #cfcfcf;\n\t\t\t\t}\n\t\t\t\t#gallery-11 .gallery-caption {\n\t\t\t\t\tmargin-left: 0;\n\t\t\t\t}\n\t\t\t\t\/* see gallery_shortcode() in wp-includes\/media.php *\/\n\t\t\t<\/style>\n\t\t<div id='gallery-11' class='dt-gallery-container gallery galleryid-501588 gallery-columns-5 gallery-size-thumbnail'><dl class='gallery-item'>\n\t\t\t\t<dt class='gallery-icon portrait'>\n\t\t\t\t\t<a class=\"rollover rollover-zoom dt-pswp-item\" title=\"4e967043-c873-4f5f-b1c6-d5dbc3a0bb33\" data-dt-img-description=\"\" data-large_image_width=\"1414\" data-large_image_height=\"2000\"href='https:\/\/www.radiopiu.net\/wordpress\/wp-content\/uploads\/2026\/01\/4e967043-c873-4f5f-b1c6-d5dbc3a0bb33.jpg'><img loading=\"lazy\" decoding=\"async\" width=\"150\" height=\"150\" src=\"https:\/\/www.radiopiu.net\/wordpress\/wp-content\/uploads\/2026\/01\/4e967043-c873-4f5f-b1c6-d5dbc3a0bb33-150x150.jpg\" class=\"attachment-thumbnail size-thumbnail\" alt=\"\" \/><\/a>\n\t\t\t\t<\/dt><\/dl><dl class='gallery-item'>\n\t\t\t\t<dt class='gallery-icon portrait'>\n\t\t\t\t\t<a class=\"rollover rollover-zoom dt-pswp-item\" title=\"rEsistere 1\" data-dt-img-description=\"\" data-large_image_width=\"1587\" data-large_image_height=\"2245\"href='https:\/\/www.radiopiu.net\/wordpress\/wp-content\/uploads\/2026\/02\/rEsistere-1.jpg'><img loading=\"lazy\" decoding=\"async\" width=\"150\" height=\"150\" src=\"https:\/\/www.radiopiu.net\/wordpress\/wp-content\/uploads\/2026\/02\/rEsistere-1-150x150.jpg\" class=\"attachment-thumbnail size-thumbnail\" alt=\"\" \/><\/a>\n\t\t\t\t<\/dt><\/dl><dl class='gallery-item'>\n\t\t\t\t<dt class='gallery-icon portrait'>\n\t\t\t\t\t<a class=\"rollover rollover-zoom dt-pswp-item\" title=\"Grandiosamente locandina 2026\" data-dt-img-description=\"\" data-large_image_width=\"1240\" data-large_image_height=\"1754\"href='https:\/\/www.radiopiu.net\/wordpress\/wp-content\/uploads\/2026\/03\/Grandiosamente-locandina-2026.jpg'><img loading=\"lazy\" decoding=\"async\" width=\"150\" height=\"150\" src=\"https:\/\/www.radiopiu.net\/wordpress\/wp-content\/uploads\/2026\/03\/Grandiosamente-locandina-2026-150x150.jpg\" class=\"attachment-thumbnail size-thumbnail\" alt=\"\" \/><\/a>\n\t\t\t\t<\/dt><\/dl><dl class='gallery-item'>\n\t\t\t\t<dt class='gallery-icon portrait'>\n\t\t\t\t\t<a class=\"rollover rollover-zoom dt-pswp-item\" title=\"646322451_1334817498686844_8579841250699781747_n\" data-dt-img-description=\"\" data-large_image_width=\"1240\" data-large_image_height=\"1754\"href='https:\/\/www.radiopiu.net\/wordpress\/wp-content\/uploads\/2026\/03\/646322451_1334817498686844_8579841250699781747_n.jpg'><img loading=\"lazy\" decoding=\"async\" width=\"150\" height=\"150\" src=\"https:\/\/www.radiopiu.net\/wordpress\/wp-content\/uploads\/2026\/03\/646322451_1334817498686844_8579841250699781747_n-150x150.jpg\" class=\"attachment-thumbnail size-thumbnail\" alt=\"\" \/><\/a>\n\t\t\t\t<\/dt><\/dl><dl class='gallery-item'>\n\t\t\t\t<dt class='gallery-icon portrait'>\n\t\t\t\t\t<a class=\"rollover rollover-zoom dt-pswp-item\" title=\"JFHLJGHS\u00f2\" data-dt-img-description=\"\" data-large_image_width=\"558\" data-large_image_height=\"643\"href='https:\/\/www.radiopiu.net\/wordpress\/wp-content\/uploads\/2026\/03\/JFHLJGHSo-1.jpg'><img loading=\"lazy\" decoding=\"async\" width=\"150\" height=\"150\" src=\"https:\/\/www.radiopiu.net\/wordpress\/wp-content\/uploads\/2026\/03\/JFHLJGHSo-1-150x150.jpg\" class=\"attachment-thumbnail size-thumbnail\" alt=\"\" \/><\/a>\n\t\t\t\t<\/dt><\/dl><br style=\"clear: both\" \/><dl class='gallery-item'>\n\t\t\t\t<dt class='gallery-icon portrait'>\n\t\t\t\t\t<a class=\"rollover rollover-zoom dt-pswp-item\" title=\"Faoro 2026\" data-dt-img-description=\"\" data-large_image_width=\"1414\" data-large_image_height=\"2000\"href='https:\/\/www.radiopiu.net\/wordpress\/wp-content\/uploads\/2026\/03\/Faoro-2026.png'><img loading=\"lazy\" decoding=\"async\" width=\"150\" height=\"150\" src=\"https:\/\/www.radiopiu.net\/wordpress\/wp-content\/uploads\/2026\/03\/Faoro-2026-150x150.png\" class=\"attachment-thumbnail size-thumbnail\" alt=\"\" \/><\/a>\n\t\t\t\t<\/dt><\/dl><dl class='gallery-item'>\n\t\t\t\t<dt class='gallery-icon portrait'>\n\t\t\t\t\t<a class=\"rollover rollover-zoom dt-pswp-item\" title=\"eaba0432-f993-4a2c-9e60-c03da4aed240\" data-dt-img-description=\"\" data-large_image_width=\"983\" data-large_image_height=\"1374\"href='https:\/\/www.radiopiu.net\/wordpress\/wp-content\/uploads\/2026\/03\/eaba0432-f993-4a2c-9e60-c03da4aed240.jpg'><img loading=\"lazy\" decoding=\"async\" width=\"150\" height=\"150\" src=\"https:\/\/www.radiopiu.net\/wordpress\/wp-content\/uploads\/2026\/03\/eaba0432-f993-4a2c-9e60-c03da4aed240-150x150.jpg\" class=\"attachment-thumbnail size-thumbnail\" alt=\"\" \/><\/a>\n\t\t\t\t<\/dt><\/dl><dl class='gallery-item'>\n\t\t\t\t<dt class='gallery-icon portrait'>\n\t\t\t\t\t<a class=\"rollover rollover-zoom dt-pswp-item\" title=\"586740953_1283004097175673_3623727418094522816_n\" data-dt-img-description=\"\" data-large_image_width=\"514\" data-large_image_height=\"720\"href='https:\/\/www.radiopiu.net\/wordpress\/wp-content\/uploads\/2025\/11\/586740953_1283004097175673_3623727418094522816_n.jpg'><img loading=\"lazy\" decoding=\"async\" width=\"150\" height=\"150\" src=\"https:\/\/www.radiopiu.net\/wordpress\/wp-content\/uploads\/2025\/11\/586740953_1283004097175673_3623727418094522816_n-150x150.jpg\" class=\"attachment-thumbnail size-thumbnail\" alt=\"\" \/><\/a>\n\t\t\t\t<\/dt><\/dl><dl class='gallery-item'>\n\t\t\t\t<dt class='gallery-icon portrait'>\n\t\t\t\t\t<a class=\"rollover rollover-zoom dt-pswp-item\" title=\"584332528_1279625560846860_1524691345192499574_n\" data-dt-img-description=\"\" data-large_image_width=\"417\" data-large_image_height=\"590\"href='https:\/\/www.radiopiu.net\/wordpress\/wp-content\/uploads\/2025\/11\/584332528_1279625560846860_1524691345192499574_n.jpg'><img loading=\"lazy\" decoding=\"async\" width=\"150\" height=\"150\" src=\"https:\/\/www.radiopiu.net\/wordpress\/wp-content\/uploads\/2025\/11\/584332528_1279625560846860_1524691345192499574_n-150x150.jpg\" class=\"attachment-thumbnail size-thumbnail\" alt=\"\" \/><\/a>\n\t\t\t\t<\/dt><\/dl><dl class='gallery-item'>\n\t\t\t\t<dt class='gallery-icon portrait'>\n\t\t\t\t\t<a class=\"rollover rollover-zoom dt-pswp-item\" title=\"e65e010f-2ee0-47e6-9114-dacef690c3d1\" data-dt-img-description=\"\" data-large_image_width=\"1024\" data-large_image_height=\"1280\"href='https:\/\/www.radiopiu.net\/wordpress\/wp-content\/uploads\/2026\/01\/e65e010f-2ee0-47e6-9114-dacef690c3d1.jpg'><img loading=\"lazy\" decoding=\"async\" width=\"150\" height=\"150\" src=\"https:\/\/www.radiopiu.net\/wordpress\/wp-content\/uploads\/2026\/01\/e65e010f-2ee0-47e6-9114-dacef690c3d1-150x150.jpg\" class=\"attachment-thumbnail size-thumbnail\" alt=\"\" \/><\/a>\n\t\t\t\t<\/dt><\/dl><br style=\"clear: both\" \/><dl class='gallery-item'>\n\t\t\t\t<dt class='gallery-icon portrait'>\n\t\t\t\t\t<a class=\"rollover rollover-zoom dt-pswp-item\" title=\"521cd068-a2ac-47be-8a3b-f1488d1c7c13\" data-dt-img-description=\"\" data-large_image_width=\"513\" data-large_image_height=\"640\"href='https:\/\/www.radiopiu.net\/wordpress\/wp-content\/uploads\/2026\/03\/521cd068-a2ac-47be-8a3b-f1488d1c7c13.jpg'><img loading=\"lazy\" decoding=\"async\" width=\"150\" height=\"150\" src=\"https:\/\/www.radiopiu.net\/wordpress\/wp-content\/uploads\/2026\/03\/521cd068-a2ac-47be-8a3b-f1488d1c7c13-150x150.jpg\" class=\"attachment-thumbnail size-thumbnail\" alt=\"\" \/><\/a>\n\t\t\t\t<\/dt><\/dl><dl class='gallery-item'>\n\t\t\t\t<dt class='gallery-icon portrait'>\n\t\t\t\t\t<a class=\"rollover rollover-zoom dt-pswp-item\" title=\"3c7fa214-99cc-47e4-8d26-d1df3cd8b201\" data-dt-img-description=\"\" data-large_image_width=\"1190\" data-large_image_height=\"1600\"href='https:\/\/www.radiopiu.net\/wordpress\/wp-content\/uploads\/2026\/03\/3c7fa214-99cc-47e4-8d26-d1df3cd8b201.jpg'><img loading=\"lazy\" decoding=\"async\" width=\"150\" height=\"150\" src=\"https:\/\/www.radiopiu.net\/wordpress\/wp-content\/uploads\/2026\/03\/3c7fa214-99cc-47e4-8d26-d1df3cd8b201-150x150.jpg\" class=\"attachment-thumbnail size-thumbnail\" alt=\"\" \/><\/a>\n\t\t\t\t<\/dt><\/dl><dl class='gallery-item'>\n\t\t\t\t<dt class='gallery-icon portrait'>\n\t\t\t\t\t<a class=\"rollover rollover-zoom dt-pswp-item\" title=\"ac3bec6c-9d20-4068-b6cc-fe32828b8691\" data-dt-img-description=\"\" data-large_image_width=\"939\" data-large_image_height=\"1302\"href='https:\/\/www.radiopiu.net\/wordpress\/wp-content\/uploads\/2026\/03\/ac3bec6c-9d20-4068-b6cc-fe32828b8691.jpg'><img loading=\"lazy\" decoding=\"async\" width=\"150\" height=\"150\" src=\"https:\/\/www.radiopiu.net\/wordpress\/wp-content\/uploads\/2026\/03\/ac3bec6c-9d20-4068-b6cc-fe32828b8691-150x150.jpg\" class=\"attachment-thumbnail size-thumbnail\" alt=\"\" \/><\/a>\n\t\t\t\t<\/dt><\/dl><dl class='gallery-item'>\n\t\t\t\t<dt class='gallery-icon portrait'>\n\t\t\t\t\t<a class=\"rollover rollover-zoom dt-pswp-item\" title=\"gin post can\" data-dt-img-description=\"\" data-large_image_width=\"648\" data-large_image_height=\"819\"href='https:\/\/www.radiopiu.net\/wordpress\/wp-content\/uploads\/2026\/03\/gin-post-can.jpg'><img loading=\"lazy\" decoding=\"async\" width=\"150\" height=\"150\" src=\"https:\/\/www.radiopiu.net\/wordpress\/wp-content\/uploads\/2026\/03\/gin-post-can-150x150.jpg\" class=\"attachment-thumbnail size-thumbnail\" alt=\"\" \/><\/a>\n\t\t\t\t<\/dt><\/dl><dl class='gallery-item'>\n\t\t\t\t<dt class='gallery-icon portrait'>\n\t\t\t\t\t<a class=\"rollover rollover-zoom dt-pswp-item\" title=\"649829132_1399275798668081_1623068814339304057_n\" data-dt-img-description=\"\" data-large_image_width=\"1131\" data-large_image_height=\"1600\"href='https:\/\/www.radiopiu.net\/wordpress\/wp-content\/uploads\/2026\/03\/649829132_1399275798668081_1623068814339304057_n.jpg'><img loading=\"lazy\" decoding=\"async\" width=\"150\" height=\"150\" src=\"https:\/\/www.radiopiu.net\/wordpress\/wp-content\/uploads\/2026\/03\/649829132_1399275798668081_1623068814339304057_n-150x150.jpg\" class=\"attachment-thumbnail size-thumbnail\" alt=\"\" \/><\/a>\n\t\t\t\t<\/dt><\/dl><br style=\"clear: both\" \/><dl class='gallery-item'>\n\t\t\t\t<dt class='gallery-icon portrait'>\n\t\t\t\t\t<a class=\"rollover rollover-zoom dt-pswp-item\" title=\"corso di pasqua\" data-dt-img-description=\"\" data-large_image_width=\"1131\" data-large_image_height=\"1600\"href='https:\/\/www.radiopiu.net\/wordpress\/wp-content\/uploads\/2026\/03\/corso-di-pasqua.jpg'><img loading=\"lazy\" decoding=\"async\" width=\"150\" height=\"150\" src=\"https:\/\/www.radiopiu.net\/wordpress\/wp-content\/uploads\/2026\/03\/corso-di-pasqua-150x150.jpg\" class=\"attachment-thumbnail size-thumbnail\" alt=\"\" \/><\/a>\n\t\t\t\t<\/dt><\/dl><dl class='gallery-item'>\n\t\t\t\t<dt class='gallery-icon landscape'>\n\t\t\t\t\t<a class=\"rollover rollover-zoom dt-pswp-item\" title=\"EQUIPE SPRING DAYS\" data-dt-img-description=\"\" data-large_image_width=\"1280\" data-large_image_height=\"851\"href='https:\/\/www.radiopiu.net\/wordpress\/wp-content\/uploads\/2026\/03\/EQUIPE-SPRING-DAYS.jpg'><img loading=\"lazy\" decoding=\"async\" width=\"150\" height=\"150\" src=\"https:\/\/www.radiopiu.net\/wordpress\/wp-content\/uploads\/2026\/03\/EQUIPE-SPRING-DAYS-150x150.jpg\" class=\"attachment-thumbnail size-thumbnail\" alt=\"\" \/><\/a>\n\t\t\t\t<\/dt><\/dl>\n\t\t\t\t<br style='clear: both' \/>\n\t\t\t<\/div>\n\n<p>&nbsp;<\/p>\n<p>&nbsp;<\/p>\n<hr \/>\n<p>&nbsp;<\/p>\n<p class=\"mceTemp\"><a class=\"dt-pswp-item\" href=\"https:\/\/www.radiopiu.net\/wordpress\/wp-content\/uploads\/2018\/09\/WhatsApp-Image-2018-09-20-at-16.04.06.jpeg\" data-dt-img-description=\"\" data-large_image_width=\"800\" data-large_image_height=\"100\"><img loading=\"lazy\" decoding=\"async\" class=\"wp-image-61378 size-full aligncenter\" src=\"https:\/\/www.radiopiu.net\/wordpress\/wp-content\/uploads\/2018\/09\/WhatsApp-Image-2018-09-20-at-16.04.06.jpeg\" alt=\"\" width=\"800\" height=\"100\" srcset=\"https:\/\/www.radiopiu.net\/wordpress\/wp-content\/uploads\/2018\/09\/WhatsApp-Image-2018-09-20-at-16.04.06.jpeg 800w, https:\/\/www.radiopiu.net\/wordpress\/wp-content\/uploads\/2018\/09\/WhatsApp-Image-2018-09-20-at-16.04.06-300x38.jpeg 300w, https:\/\/www.radiopiu.net\/wordpress\/wp-content\/uploads\/2018\/09\/WhatsApp-Image-2018-09-20-at-16.04.06-768x96.jpeg 768w\" sizes=\"auto, (max-width: 800px) 100vw, 800px\" \/><\/a><\/p>\n<p>&nbsp;<\/p>\n<p><center><b>OGGI<\/b><\/center>Al mattino cielo da poco a parzialmente nuvoloso, nel pomeriggio e soprattutto verso sera annuvolamenti irregolari via via pi\u00f9 intensi specie su Prealpi.<br \/>\n<b>Precipitazioni: <\/b>Nel pomeriggio\/sera non esclusi isolati e brevi piovaschi o rovesci pi\u00f9 probabili su Prealpi orientali dove sar\u00e0 possibile anche un temporale. Limite neve a 1500-1700 m<br \/>\n<b>Temperature: <\/b>Minime in calo, massime in aumento.<\/p>\n<hr \/>\n<p><center><b>DOMANI<\/b><\/center>Fino al primo mattino cielo poco nuvoloso, in seguito generale aumento della nuvolosit\u00e0 fino a tratti nuvoloso nel pomeriggio ed in serata.<br \/>\n<b>Precipitazioni: <\/b>Su Prealpi nel pomeriggio e soprattutto dalla sera non esclusa qua e l\u00e0 qualche goccia o fiocco di neve oltre i 1500\/1600 m.<br \/>\nTemperature in generale calo specie le minime.<\/p>\n<hr \/>\n<p><center><b>MERCOLEDI<\/b><\/center>Nuvolosit\u00e0 variabile a tratti estesa durante le ore centrali. Ampie schiarite dal pomeriggio\/sera. Poco probabile ma non del tutto esclusa qualche debolissima precipitazione, con eventuali fiocchi oltre i 1500 m. Temperature stazionarie.<\/p>\n<hr \/>\n<p><center><b>GIOVEDI<\/b><\/center>Cielo sereno con aria tersa ed ottima visibilit\u00e0. Temperature minime stazionarie o in lieve calo, massime in aumento<\/p>\n<p>&nbsp;<\/p>\n<blockquote class=\"wp-embedded-content\" data-secret=\"XTIpBhk57B\"><p><a href=\"https:\/\/www.radiopiu.net\/wordpress\/oltre-50-cm-di-neve-fresca-sopra-falcade-il-bollettino-neve-al-suolo-del-centro-valanghe-di-arabba\/\">OLTRE 50 CM DI NEVE FRESCA SOPRA FALCADE. IL BOLLETTINO NEVE AL SUOLO DEL CENTRO VALANGHE DI ARABBA<\/a><\/p><\/blockquote>\n<p><iframe loading=\"lazy\" class=\"wp-embedded-content\" sandbox=\"allow-scripts\" security=\"restricted\" style=\"position: absolute; visibility: hidden;\" title=\"&#8220;OLTRE 50 CM DI NEVE FRESCA SOPRA FALCADE. IL BOLLETTINO NEVE AL SUOLO DEL CENTRO VALANGHE DI ARABBA&#8221; &#8212; Radio Pi\u00f9\" src=\"https:\/\/www.radiopiu.net\/wordpress\/oltre-50-cm-di-neve-fresca-sopra-falcade-il-bollettino-neve-al-suolo-del-centro-valanghe-di-arabba\/embed\/#?secret=iTchS6jSP6#?secret=XTIpBhk57B\" data-secret=\"XTIpBhk57B\" width=\"600\" height=\"338\" frameborder=\"0\" marginwidth=\"0\" marginheight=\"0\" scrolling=\"no\"><\/iframe><\/p>\n<p>&nbsp;<\/p>\n<hr \/>\n<p>&nbsp;<\/p>\n<p class=\"mceTemp\"><a class=\"dt-pswp-item\" href=\"https:\/\/www.radiopiu.net\/wordpress\/wp-content\/uploads\/2018\/09\/sport.jpg\" data-dt-img-description=\"\" data-large_image_width=\"800\" data-large_image_height=\"100\"><img loading=\"lazy\" decoding=\"async\" class=\"aligncenter wp-image-60761 size-full\" src=\"https:\/\/www.radiopiu.net\/wordpress\/wp-content\/uploads\/2018\/09\/sport.jpg\" alt=\"\" width=\"800\" height=\"100\" srcset=\"https:\/\/www.radiopiu.net\/wordpress\/wp-content\/uploads\/2018\/09\/sport.jpg 800w, https:\/\/www.radiopiu.net\/wordpress\/wp-content\/uploads\/2018\/09\/sport-300x38.jpg 300w, https:\/\/www.radiopiu.net\/wordpress\/wp-content\/uploads\/2018\/09\/sport-768x96.jpg 768w\" sizes=\"auto, (max-width: 800px) 100vw, 800px\" \/> <\/a><\/p>\n<p><span style=\"color: #0000ff;\"><strong>\u00a0 \u00a0<\/strong><\/span><\/p>\n<p><span style=\"color: #0000ff;\"><strong>CALCIO<\/strong><\/span><\/p>\n<blockquote>\n<h3 style=\"text-align: center;\">IL PONTE NELLE ALPI RIFILA UNA MANITA ALL&#8217;AGORDINA<\/h3>\n<\/blockquote>\n<p><strong><a class=\"dt-pswp-item\" href=\"https:\/\/www.radiopiu.net\/wordpress\/wp-content\/uploads\/2021\/10\/CALCIO-2021.jpg\" data-dt-img-description=\"\" data-large_image_width=\"1920\" data-large_image_height=\"1280\"><img loading=\"lazy\" decoding=\"async\" class=\"aligncenter size-medium wp-image-235116\" src=\"https:\/\/www.radiopiu.net\/wordpress\/wp-content\/uploads\/2021\/10\/CALCIO-2021-300x200.jpg\" alt=\"\" width=\"300\" height=\"200\" srcset=\"https:\/\/www.radiopiu.net\/wordpress\/wp-content\/uploads\/2021\/10\/CALCIO-2021-300x200.jpg 300w, https:\/\/www.radiopiu.net\/wordpress\/wp-content\/uploads\/2021\/10\/CALCIO-2021-1024x683.jpg 1024w, https:\/\/www.radiopiu.net\/wordpress\/wp-content\/uploads\/2021\/10\/CALCIO-2021-768x512.jpg 768w, https:\/\/www.radiopiu.net\/wordpress\/wp-content\/uploads\/2021\/10\/CALCIO-2021-1536x1024.jpg 1536w, https:\/\/www.radiopiu.net\/wordpress\/wp-content\/uploads\/2021\/10\/CALCIO-2021.jpg 1920w\" sizes=\"auto, (max-width: 300px) 100vw, 300px\" \/><\/a>\u00a0<\/strong><\/p>\n<p><strong>DI MARCO GAZ<\/strong><\/p>\n<p><span style=\"color: #ff0000;\"><strong>SECONDA CATEGORIA \u2013 25\u00aa GIORNATA<\/strong><\/span><\/p>\n<p><strong>AGORDINA \u2013 PONTE NELLE ALPI 0-5<\/strong><\/p>\n<p>Sconfitta sonante per l\u2019Agordina che non riesce a tenere il passo di un Ponte Nelle Alpi che punta in alto in questa stagione. Ospiti che mettono a segno 5 marcature per un risultato che si pu\u00f2 definire a tratti bugiardo perch\u00e9 la squadra di Agordo ha creato delle belle occasioni ma non ha saputo concretizzarle. Parte bene il Ponte che si fa subito pericoloso. L\u2019Agordina si avvicina al gol con Marchiori e Parissenti ma non riescono a trovare la porta. Al 18\u2019 si sblocca la partita e sono gli ospiti che si portano avanti su azione da calcio d\u2019angolo, Il raddoppio arriva al 32\u2019 dopo un\u2019azione corale. Prova a rispondere la squadra di Agordo ma la conclusione di Crepaz non centra i pali. Terza rete ospite subito dopo: conclusione e deviazione di un difensore agordino che spiazza il portiere. Nel finale di tempo il Ponte Nelle Alpi continua a spingere e in pieno recupero cala il poker. Nella ripresa arriva subito il quinto gol della squadra ospite. L\u2019Agordina gioca meglio rispetto alla prima frazione e contiene le incursioni avversarie.<\/p>\n<p><strong>LA CLASSIFICA:<\/strong> JM Feltre 66, Ponte Nelle Alpi 65, Comelico 55, Itlas Santa Giustina 48, Sospirolese 42, Plavis 41, Cadore\/Domegge 34, San Michele Salsa e Auronzo 33, Sarmede 26, Follinese 23, Fulgor Farra 22, Agordina e Nogar\u00e8 20, Lamonese 18, San Vittore 14.<\/p>\n<p><span style=\"color: #3366ff;\"><strong>SETTORE GIOVANILE<\/strong><\/span><\/p>\n<p><span style=\"color: #ff0000;\"><strong>ALLIEVI REGIONALI<\/strong><\/span><\/p>\n<p><strong>CAVARZANO \u2013 AGORDINA 1-1<\/strong><\/p>\n<p>Termina in pareggio il derby bellunese del campionato Allievi Regionali tra Cavarzano ed Agordina. Una sfida combattuta con le due squadre che hanno risposto colpo su colpo. Dopo soli 7\u2019 l\u2019Agordina si porta in vantaggio con Minotto che sfrutta un assist di Dell\u2019Osbel per gonfiare la rete. Padroni di casa che provano a reagire ma la difesa ospite \u00e8 attenta. Il gol del pareggio arriva ad inizio ripresa. Le squadre lottano fino al 90\u2019 ma si devono accontentare di un punto a testa.<\/p>\n<p><span style=\"color: #ff0000;\"><strong>GIOVANISSIMI PROVINCIALI<\/strong><\/span><\/p>\n<p><strong>AGORDINA &#8211; LIMANA 3-3<\/strong><\/p>\n<p>Sagra del gol sul sintetico di Agordo ma la sfida tra Agordina e Limana termina in pareggio. Tre gol a testa per le due formazioni dopo una sfida giocata alla pari. Per l\u2019Agordina doppietta di Chenet e gol di Fusina. Agordina che resta al terzo posto in classifica e la prossima settimana ultima giornata della stagione regolare con gli agordini gi\u00e0 qualificato alla seconda fase del campionato.<\/p>\n<p>&nbsp;<\/p>\n<blockquote class=\"wp-embedded-content\" data-secret=\"wpicJX5AGu\"><p><a href=\"https:\/\/www.radiopiu.net\/wordpress\/agordina-in-prima-linea-ogni-domenica-su-radio-piu-il-podcast\/\">AGORDINA IN PRIMA LINEA, OGNI DOMENICA SU RADIO PIU&#8217; &#8211; IL PODCAST<\/a><\/p><\/blockquote>\n<p><iframe loading=\"lazy\" class=\"wp-embedded-content\" sandbox=\"allow-scripts\" security=\"restricted\" style=\"position: absolute; visibility: hidden;\" title=\"&#8220;AGORDINA IN PRIMA LINEA, OGNI DOMENICA SU RADIO PIU&#8217; &#8211; IL PODCAST&#8221; &#8212; Radio Pi\u00f9\" src=\"https:\/\/www.radiopiu.net\/wordpress\/agordina-in-prima-linea-ogni-domenica-su-radio-piu-il-podcast\/embed\/#?secret=eIEg75cvVA#?secret=wpicJX5AGu\" data-secret=\"wpicJX5AGu\" width=\"600\" height=\"338\" frameborder=\"0\" marginwidth=\"0\" marginheight=\"0\" scrolling=\"no\"><\/iframe><\/p>\n<p>&nbsp;<\/p>\n<p>&nbsp;<\/p>\n<p>&nbsp;<\/p>\n<p><span style=\"color: #0000ff;\"><strong>CORSA CAMPESTRE<\/strong><\/span><\/p>\n<blockquote>\n<h3 style=\"text-align: center;\">AZZURRE D\u2019ORO NEI MONDIALI UNIVERSITARI DI CROSS A CASSINO<\/h3>\n<\/blockquote>\n<p><strong><a class=\"dt-pswp-item\" href=\"https:\/\/www.radiopiu.net\/wordpress\/wp-content\/uploads\/2026\/03\/Arnoldo_Lucia_Cassino2026.jpg\" data-dt-img-description=\"\" data-large_image_width=\"1917\" data-large_image_height=\"1329\"><img loading=\"lazy\" decoding=\"async\" class=\"aligncenter size-medium wp-image-501787\" src=\"https:\/\/www.radiopiu.net\/wordpress\/wp-content\/uploads\/2026\/03\/Arnoldo_Lucia_Cassino2026-300x208.jpg\" alt=\"\" width=\"300\" height=\"208\" srcset=\"https:\/\/www.radiopiu.net\/wordpress\/wp-content\/uploads\/2026\/03\/Arnoldo_Lucia_Cassino2026-300x208.jpg 300w, https:\/\/www.radiopiu.net\/wordpress\/wp-content\/uploads\/2026\/03\/Arnoldo_Lucia_Cassino2026-1024x710.jpg 1024w, https:\/\/www.radiopiu.net\/wordpress\/wp-content\/uploads\/2026\/03\/Arnoldo_Lucia_Cassino2026-768x532.jpg 768w, https:\/\/www.radiopiu.net\/wordpress\/wp-content\/uploads\/2026\/03\/Arnoldo_Lucia_Cassino2026-1536x1065.jpg 1536w, https:\/\/www.radiopiu.net\/wordpress\/wp-content\/uploads\/2026\/03\/Arnoldo_Lucia_Cassino2026.jpg 1917w\" sizes=\"auto, (max-width: 300px) 100vw, 300px\" \/><\/a>\u00a0<\/strong><\/p>\n<p>Giornata storica per l\u2019Italia ai Campionati mondiali universitari di corsa campestre a Cassino: Lucia Arnoldo domina il cross femminile di 10 km, vincendo in 35\u201920\u201d e guidando l\u2019Italia al successo nella classifica a squadre. La zoldana dell\u2019Atletica Dolomiti Belluno compie una rimonta spettacolare, sorpassando la turca Nursena Ceto e precedendo la giapponese Amisa Murayama. Prima azzurra a conquistare un oro individuale nell\u2019edizione della manifestazione, Arnoldo, studentessa in biotecnologie a Verona, si conferma atleta polivalente tra cross, pista e montagna. Applausi anche per Thomas Serafini, ottavo nel cross corto maschile. Oggi il ritorno in gara del team azzurro promette nuove emozioni con le competizioni finali del cross corto. (FOTO: FIDAL)<\/p>\n<p>&nbsp;<\/p>\n<p><span style=\"color: #0000ff;\"><strong>SCI DI FONDO<\/strong><\/span><\/p>\n<p>&nbsp;<\/p>\n<div class=\"page-title-head hgroup\">\n<h1 class=\"entry-title\">SCI NORDICO A FALCADE: IL VAL BIOIS VINCE IL GRAND PRIX<\/h1>\n<\/div>\n<div class=\"page-title-breadcrumbs\"><strong><a class=\"dt-pswp-item\" href=\"https:\/\/www.radiopiu.net\/wordpress\/wp-content\/uploads\/2026\/03\/Screenshot-2026-03-16-050647.png\" data-dt-img-description=\"\" data-large_image_width=\"420\" data-large_image_height=\"544\"><img loading=\"lazy\" decoding=\"async\" class=\"aligncenter size-medium wp-image-501886\" src=\"https:\/\/www.radiopiu.net\/wordpress\/wp-content\/uploads\/2026\/03\/Screenshot-2026-03-16-050647-232x300.png\" alt=\"\" width=\"232\" height=\"300\" srcset=\"https:\/\/www.radiopiu.net\/wordpress\/wp-content\/uploads\/2026\/03\/Screenshot-2026-03-16-050647-232x300.png 232w, https:\/\/www.radiopiu.net\/wordpress\/wp-content\/uploads\/2026\/03\/Screenshot-2026-03-16-050647.png 420w\" sizes=\"auto, (max-width: 232px) 100vw, 232px\" \/><\/a><br \/>\nFALCADE \u2013<\/strong>\u00a0Grande partecipazione sulle nevi di Falcade per le finali regionali del 48\u00b0 Grand Prix di sci nordico, che hanno visto quasi 200 giovani atleti Baby e Cuccioli provenienti da tutto il Veneto sfidarsi sulla pista Pietro Scola. Tra i protagonisti della giornata spiccano Isabel Costa e Nathan Cervo dello Sci Club Marmolada, i pi\u00f9 veloci nella categoria Baby e capaci di firmare una doppietta, vincendo sia la gimkana in tecnica libera del sabato sia la gara in tecnica classica della domenica. Nathan Cervo ha dominato la prova maschile con il tempo di 7\u201915\u2019\u20192, precedendo Martin Kerer del Val Fiorentina e Mattia De Lorenzo Buratta del Val Padola. Tra le ragazze Isabel Costa ha tagliato il traguardo in 4\u201928\u2019\u20194, davanti a Teresa Guglielmini del Rover\u00e8 e alla compagna di squadra Camilla Baker. Nella classifica a squadre successo dello Sci Club Val Biois, che ha chiuso la due giorni con 1400 punti, davanti ad Asiago e Orsago. Annullate invece, a causa del maltempo, le gare di sci alpino previste sempre a Falcade per le categorie Baby e Cuccioli.<\/div>\n<p>&nbsp;<\/p>\n<p>&nbsp;<\/p>\n<blockquote>\n<h3 style=\"text-align: center;\">LORENZO BUSIN CONCLUDE LA BIRKEBEINERRENNET: OTTIMO 35\u00b0 POSTO<\/h3>\n<\/blockquote>\n<p><strong><a class=\"dt-pswp-item\" href=\"https:\/\/www.radiopiu.net\/wordpress\/wp-content\/uploads\/2026\/03\/LORENZO-BUSIN-2026.jpeg\" data-dt-img-description=\"\" data-large_image_width=\"1064\" data-large_image_height=\"686\"><img loading=\"lazy\" decoding=\"async\" class=\"aligncenter size-medium wp-image-501679\" src=\"https:\/\/www.radiopiu.net\/wordpress\/wp-content\/uploads\/2026\/03\/LORENZO-BUSIN-2026-300x193.jpeg\" alt=\"\" width=\"300\" height=\"193\" srcset=\"https:\/\/www.radiopiu.net\/wordpress\/wp-content\/uploads\/2026\/03\/LORENZO-BUSIN-2026-300x193.jpeg 300w, https:\/\/www.radiopiu.net\/wordpress\/wp-content\/uploads\/2026\/03\/LORENZO-BUSIN-2026-1024x660.jpeg 1024w, https:\/\/www.radiopiu.net\/wordpress\/wp-content\/uploads\/2026\/03\/LORENZO-BUSIN-2026-768x495.jpeg 768w, https:\/\/www.radiopiu.net\/wordpress\/wp-content\/uploads\/2026\/03\/LORENZO-BUSIN-2026.jpeg 1064w\" sizes=\"auto, (max-width: 300px) 100vw, 300px\" \/><\/a>\u00a0<\/strong><\/p>\n<p>Ottima prestazione per Lorenzo Busin alla Birkebeinerrennet, la celebre gara di sci di fondo norvegese che si svolge tra Rena e Lillehammer. L\u2019atleta ha completato i 53 chilometri del percorso, caratterizzato da una tradizione unica: i partecipanti devono portare uno zaino di almeno 3,5 chilogrammi, in memoria del salvataggio del piccolo principe norvegese nel 1206 da parte dei guerrieri Birkebeiner durante la guerra civile. Busin ha chiuso la competizione con un brillante 35\u00b0 posto, confermando un risultato di grande valore in una gara storica e molto impegnativa, che ogni anno richiama atleti da tutto il mondo.<\/p>\n<p>&nbsp;<\/p>\n<p><span style=\"color: #0000ff;\"><strong>SNOWBOARD<\/strong><\/span><\/p>\n<blockquote>\n<h3 style=\"text-align: center;\">LUCIA DALMASSO TRIONFA IN CANADA NELLA COPPA DEL MONDO DI SNOWBOARD<\/h3>\n<\/blockquote>\n<p><strong><a class=\"dt-pswp-item\" href=\"https:\/\/www.radiopiu.net\/wordpress\/wp-content\/uploads\/2026\/03\/DALMASSO-2026.jpg\" data-dt-img-description=\"\" data-large_image_width=\"1179\" data-large_image_height=\"774\"><img loading=\"lazy\" decoding=\"async\" class=\"aligncenter size-medium wp-image-501870\" src=\"https:\/\/www.radiopiu.net\/wordpress\/wp-content\/uploads\/2026\/03\/DALMASSO-2026-300x197.jpg\" alt=\"\" width=\"300\" height=\"197\" srcset=\"https:\/\/www.radiopiu.net\/wordpress\/wp-content\/uploads\/2026\/03\/DALMASSO-2026-300x197.jpg 300w, https:\/\/www.radiopiu.net\/wordpress\/wp-content\/uploads\/2026\/03\/DALMASSO-2026-1024x672.jpg 1024w, https:\/\/www.radiopiu.net\/wordpress\/wp-content\/uploads\/2026\/03\/DALMASSO-2026-768x504.jpg 768w, https:\/\/www.radiopiu.net\/wordpress\/wp-content\/uploads\/2026\/03\/DALMASSO-2026.jpg 1179w\" sizes=\"auto, (max-width: 300px) 100vw, 300px\" \/><\/a>\u00a0<\/strong><\/p>\n<p>Grande protagonista della tappa di Coppa del Mondo di snowboard a <span class=\"hover:entity-accent entity-underline inline cursor-pointer align-baseline\"><span class=\"whitespace-normal\">Val Saint\u2011Come<\/span><\/span> \u00e8 stata l\u2019azzurra <span class=\"hover:entity-accent entity-underline inline cursor-pointer align-baseline\"><span class=\"whitespace-normal\">Lucia Dalmasso<\/span><\/span>, che ha confermato l\u2019ottimo momento di forma nello slalom gigante parallelo. In una delle gare disputate, la snowboarder veneta ha ottenuto una prestigiosa vittoria tutta italiana battendo in finale la compagna di squadra <span class=\"hover:entity-accent entity-underline inline cursor-pointer align-baseline\"><span class=\"whitespace-normal\">Jasmin Coratti<\/span><\/span>. Si tratta del terzo successo stagionale e del quinto in carriera nel circuito della <span class=\"hover:entity-accent entity-underline inline cursor-pointer align-baseline\"><span class=\"whitespace-normal\">FIS Snowboard World Cup<\/span><\/span>, risultato che le permette di salire al secondo posto sia nella classifica di specialit\u00e0 sia in quella generale. Nella stessa tappa nordamericana Dalmasso ha anche conquistato un altro podio, chiudendo al terzo posto con il tempo di 1:24.38 nella finale per il bronzo. Davanti a lei si sono piazzate la tedesca <span class=\"hover:entity-accent entity-underline inline cursor-pointer align-baseline\"><span class=\"whitespace-normal\">Ramona Theresia Hofmeister<\/span><\/span> e la giapponese <span class=\"hover:entity-accent entity-underline inline cursor-pointer align-baseline\"><span class=\"whitespace-normal\">Tsubaki Miki<\/span><\/span>. Il risultato conferma la continuit\u00e0 dell\u2019atleta di Falcade tra le migliori specialiste della disciplina a livello internazionale<\/p>\n<p>&nbsp;<\/p>\n<p><span style=\"color: #0000ff;\"><strong>ATLETICA<\/strong><\/span><\/p>\n<blockquote>\n<h3 style=\"text-align: center;\">NUOVO PRESIDENTE PER RUN &amp; FUN BELLUNO: SALVATORI SUCCEDE A BORTOLOMEI<\/h3>\n<\/blockquote>\n<p><a class=\"dt-pswp-item\" href=\"https:\/\/www.radiopiu.net\/wordpress\/wp-content\/uploads\/2026\/03\/unnamed-scaled.jpg\" data-dt-img-description=\"\" data-large_image_width=\"2560\" data-large_image_height=\"1585\"><img loading=\"lazy\" decoding=\"async\" class=\"aligncenter size-medium wp-image-501673\" src=\"https:\/\/www.radiopiu.net\/wordpress\/wp-content\/uploads\/2026\/03\/unnamed-300x186.jpg\" alt=\"\" width=\"300\" height=\"186\" srcset=\"https:\/\/www.radiopiu.net\/wordpress\/wp-content\/uploads\/2026\/03\/unnamed-300x186.jpg 300w, https:\/\/www.radiopiu.net\/wordpress\/wp-content\/uploads\/2026\/03\/unnamed-1024x634.jpg 1024w, https:\/\/www.radiopiu.net\/wordpress\/wp-content\/uploads\/2026\/03\/unnamed-768x475.jpg 768w, https:\/\/www.radiopiu.net\/wordpress\/wp-content\/uploads\/2026\/03\/unnamed-1536x951.jpg 1536w, https:\/\/www.radiopiu.net\/wordpress\/wp-content\/uploads\/2026\/03\/unnamed-2048x1268.jpg 2048w\" sizes=\"auto, (max-width: 300px) 100vw, 300px\" \/><\/a><\/p>\n<p>Cambio al vertice dell\u2019Associazione Sportiva Dilettantistica Run &amp; Fun Belluno. Durante l\u2019assemblea del 13 marzo \u00e8 stato nominato il nuovo consiglio direttivo e Andrea Salvatori \u00e8 stato eletto presidente, succedendo ad Andrea Bortolomei dopo otto anni di mandato. Nel direttivo entrano Martina Schena, Elena \u201cNina\u201d Poncato, Erminia Iaccarino, Andrea Fabbri, Christian Barp, Michele De Cian, Federico Garino, Giangiacomo Nicolini e lo stesso Bortolomei, che rester\u00e0 come consigliere. Fondata nel 2016, Run &amp; Fun Belluno conta oggi oltre 150 soci e si dedica principalmente alla corsa su strada e al trail in montagna. Gli atleti partecipano ogni anno a maratone, mezze maratone, trail e ultra trail in tutta Italia e anche all\u2019estero. Nel 2026 l\u2019associazione festegger\u00e0 i dieci anni di attivit\u00e0. Bortolomei esprime soddisfazione per la crescita della societ\u00e0 e fiducia nel nuovo direttivo.<\/p>\n<p>&nbsp;<\/p>\n<p><span style=\"color: #0000ff;\"><strong>SCI ALPINO<\/strong><\/span><\/p>\n<blockquote>\n<h3 style=\"text-align: center;\">SCI ALPINO: ALLEGHE VINCE IL 37\u00b0 TROFEO DEI COMUNI DEL CIVETTA<\/h3>\n<\/blockquote>\n<p><strong>ALLEGHE<\/strong> Sulla pista Azzurra del comprensorio sciistico del Civetta si \u00e8 svolto il 37\u00b0 Trofeo dei Comuni del Civetta e delle Terre dell\u2019Orso, appuntamento ormai tradizionale che unisce sport e convivialit\u00e0. Alla manifestazione hanno partecipato amministratori e dipendenti, in servizio ed ex, dei sette comuni coinvolti: Alleghe, Livinallongo del Col di Lana, Rocca Pietore, Selva di Cadore, San Tommaso Agordino, Taibon Agordino e Val di Zoldo. Al termine della competizione sugli sci, il trofeo \u00e8 stato conquistato dal Comune di Alleghe, seguito da Taibon Agordino al secondo posto e Selva di Cadore al terzo. Pi\u00f9 che una semplice gara, l\u2019evento si \u00e8 confermato un importante momento di aggregazione e di festa, capace di rafforzare i rapporti tra le amministrazioni e le comunit\u00e0 del territorio.<\/p>\n<h3><strong>PER CONSULTARE LA CLASSIFICA FINALE <a href=\"https:\/\/www.radiopiu.net\/wordpress\/wp-content\/uploads\/2026\/03\/Classifica-punteggi-Comuni-37-Trofeo-Comuni-Civetta-e-Terre-dellOrso-2026_Alleghe.pdf\"><span style=\"color: #3366ff;\">CLICCA QUI<\/span><\/a><\/strong><\/h3>\n\n\t\t\t<style type='text\/css'>\n\t\t\t\t#gallery-12 {\n\t\t\t\t\tmargin: auto;\n\t\t\t\t}\n\t\t\t\t#gallery-12 .gallery-item {\n\t\t\t\t\tfloat: left;\n\t\t\t\t\tmargin-top: 10px;\n\t\t\t\t\ttext-align: center;\n\t\t\t\t\twidth: 25%;\n\t\t\t\t}\n\t\t\t\t#gallery-12 img {\n\t\t\t\t\tborder: 2px solid #cfcfcf;\n\t\t\t\t}\n\t\t\t\t#gallery-12 .gallery-caption {\n\t\t\t\t\tmargin-left: 0;\n\t\t\t\t}\n\t\t\t\t\/* see gallery_shortcode() in wp-includes\/media.php *\/\n\t\t\t<\/style>\n\t\t<div id='gallery-12' class='dt-gallery-container gallery galleryid-501588 gallery-columns-4 gallery-size-medium'><dl class='gallery-item'>\n\t\t\t\t<dt class='gallery-icon landscape'>\n\t\t\t\t\t<a class=\"rollover rollover-zoom dt-pswp-item\" title=\"2d8fde96-8056-42c8-8de9-7bd521d41572\" data-dt-img-description=\"\" data-large_image_width=\"1600\" data-large_image_height=\"1200\"href='https:\/\/www.radiopiu.net\/wordpress\/wp-content\/uploads\/2026\/03\/2d8fde96-8056-42c8-8de9-7bd521d41572.jpg'><img loading=\"lazy\" decoding=\"async\" width=\"300\" height=\"225\" src=\"https:\/\/www.radiopiu.net\/wordpress\/wp-content\/uploads\/2026\/03\/2d8fde96-8056-42c8-8de9-7bd521d41572-300x225.jpg\" class=\"attachment-medium size-medium\" alt=\"\" srcset=\"https:\/\/www.radiopiu.net\/wordpress\/wp-content\/uploads\/2026\/03\/2d8fde96-8056-42c8-8de9-7bd521d41572-300x225.jpg 300w, https:\/\/www.radiopiu.net\/wordpress\/wp-content\/uploads\/2026\/03\/2d8fde96-8056-42c8-8de9-7bd521d41572-1024x768.jpg 1024w, https:\/\/www.radiopiu.net\/wordpress\/wp-content\/uploads\/2026\/03\/2d8fde96-8056-42c8-8de9-7bd521d41572-768x576.jpg 768w, https:\/\/www.radiopiu.net\/wordpress\/wp-content\/uploads\/2026\/03\/2d8fde96-8056-42c8-8de9-7bd521d41572-1536x1152.jpg 1536w, https:\/\/www.radiopiu.net\/wordpress\/wp-content\/uploads\/2026\/03\/2d8fde96-8056-42c8-8de9-7bd521d41572.jpg 1600w\" sizes=\"auto, (max-width: 300px) 100vw, 300px\" \/><\/a>\n\t\t\t\t<\/dt><\/dl><dl class='gallery-item'>\n\t\t\t\t<dt class='gallery-icon landscape'>\n\t\t\t\t\t<a class=\"rollover rollover-zoom dt-pswp-item\" title=\"1728397f-b64f-4230-8b71-62d3ec7cebef\" data-dt-img-description=\"\" data-large_image_width=\"1600\" data-large_image_height=\"1200\"href='https:\/\/www.radiopiu.net\/wordpress\/wp-content\/uploads\/2026\/03\/1728397f-b64f-4230-8b71-62d3ec7cebef.jpg'><img loading=\"lazy\" decoding=\"async\" width=\"300\" height=\"225\" src=\"https:\/\/www.radiopiu.net\/wordpress\/wp-content\/uploads\/2026\/03\/1728397f-b64f-4230-8b71-62d3ec7cebef-300x225.jpg\" class=\"attachment-medium size-medium\" alt=\"\" srcset=\"https:\/\/www.radiopiu.net\/wordpress\/wp-content\/uploads\/2026\/03\/1728397f-b64f-4230-8b71-62d3ec7cebef-300x225.jpg 300w, https:\/\/www.radiopiu.net\/wordpress\/wp-content\/uploads\/2026\/03\/1728397f-b64f-4230-8b71-62d3ec7cebef-1024x768.jpg 1024w, https:\/\/www.radiopiu.net\/wordpress\/wp-content\/uploads\/2026\/03\/1728397f-b64f-4230-8b71-62d3ec7cebef-768x576.jpg 768w, https:\/\/www.radiopiu.net\/wordpress\/wp-content\/uploads\/2026\/03\/1728397f-b64f-4230-8b71-62d3ec7cebef-1536x1152.jpg 1536w, https:\/\/www.radiopiu.net\/wordpress\/wp-content\/uploads\/2026\/03\/1728397f-b64f-4230-8b71-62d3ec7cebef.jpg 1600w\" sizes=\"auto, (max-width: 300px) 100vw, 300px\" \/><\/a>\n\t\t\t\t<\/dt><\/dl><dl class='gallery-item'>\n\t\t\t\t<dt class='gallery-icon landscape'>\n\t\t\t\t\t<a class=\"rollover rollover-zoom dt-pswp-item\" title=\"a717fc1c-e4f6-44b5-b01f-60d060dca401\" data-dt-img-description=\"\" data-large_image_width=\"1600\" data-large_image_height=\"1200\"href='https:\/\/www.radiopiu.net\/wordpress\/wp-content\/uploads\/2026\/03\/a717fc1c-e4f6-44b5-b01f-60d060dca401.jpg'><img loading=\"lazy\" decoding=\"async\" width=\"300\" height=\"225\" src=\"https:\/\/www.radiopiu.net\/wordpress\/wp-content\/uploads\/2026\/03\/a717fc1c-e4f6-44b5-b01f-60d060dca401-300x225.jpg\" class=\"attachment-medium size-medium\" alt=\"\" srcset=\"https:\/\/www.radiopiu.net\/wordpress\/wp-content\/uploads\/2026\/03\/a717fc1c-e4f6-44b5-b01f-60d060dca401-300x225.jpg 300w, https:\/\/www.radiopiu.net\/wordpress\/wp-content\/uploads\/2026\/03\/a717fc1c-e4f6-44b5-b01f-60d060dca401-1024x768.jpg 1024w, https:\/\/www.radiopiu.net\/wordpress\/wp-content\/uploads\/2026\/03\/a717fc1c-e4f6-44b5-b01f-60d060dca401-768x576.jpg 768w, https:\/\/www.radiopiu.net\/wordpress\/wp-content\/uploads\/2026\/03\/a717fc1c-e4f6-44b5-b01f-60d060dca401-1536x1152.jpg 1536w, https:\/\/www.radiopiu.net\/wordpress\/wp-content\/uploads\/2026\/03\/a717fc1c-e4f6-44b5-b01f-60d060dca401.jpg 1600w\" sizes=\"auto, (max-width: 300px) 100vw, 300px\" \/><\/a>\n\t\t\t\t<\/dt><\/dl><dl class='gallery-item'>\n\t\t\t\t<dt class='gallery-icon landscape'>\n\t\t\t\t\t<a class=\"rollover rollover-zoom dt-pswp-item\" title=\"6a8ed782-1f95-46cb-b136-ff4ac901717b\" data-dt-img-description=\"\" data-large_image_width=\"1600\" data-large_image_height=\"1200\"href='https:\/\/www.radiopiu.net\/wordpress\/wp-content\/uploads\/2026\/03\/6a8ed782-1f95-46cb-b136-ff4ac901717b.jpg'><img loading=\"lazy\" decoding=\"async\" width=\"300\" height=\"225\" src=\"https:\/\/www.radiopiu.net\/wordpress\/wp-content\/uploads\/2026\/03\/6a8ed782-1f95-46cb-b136-ff4ac901717b-300x225.jpg\" class=\"attachment-medium size-medium\" alt=\"\" srcset=\"https:\/\/www.radiopiu.net\/wordpress\/wp-content\/uploads\/2026\/03\/6a8ed782-1f95-46cb-b136-ff4ac901717b-300x225.jpg 300w, https:\/\/www.radiopiu.net\/wordpress\/wp-content\/uploads\/2026\/03\/6a8ed782-1f95-46cb-b136-ff4ac901717b-1024x768.jpg 1024w, https:\/\/www.radiopiu.net\/wordpress\/wp-content\/uploads\/2026\/03\/6a8ed782-1f95-46cb-b136-ff4ac901717b-768x576.jpg 768w, https:\/\/www.radiopiu.net\/wordpress\/wp-content\/uploads\/2026\/03\/6a8ed782-1f95-46cb-b136-ff4ac901717b-1536x1152.jpg 1536w, https:\/\/www.radiopiu.net\/wordpress\/wp-content\/uploads\/2026\/03\/6a8ed782-1f95-46cb-b136-ff4ac901717b.jpg 1600w\" sizes=\"auto, (max-width: 300px) 100vw, 300px\" \/><\/a>\n\t\t\t\t<\/dt><\/dl><br style=\"clear: both\" \/><dl class='gallery-item'>\n\t\t\t\t<dt class='gallery-icon landscape'>\n\t\t\t\t\t<a class=\"rollover rollover-zoom dt-pswp-item\" title=\"46663a02-0464-4ba4-b86e-a49f3debf96c\" data-dt-img-description=\"\" data-large_image_width=\"1600\" data-large_image_height=\"1200\"href='https:\/\/www.radiopiu.net\/wordpress\/wp-content\/uploads\/2026\/03\/46663a02-0464-4ba4-b86e-a49f3debf96c.jpg'><img loading=\"lazy\" decoding=\"async\" width=\"300\" height=\"225\" src=\"https:\/\/www.radiopiu.net\/wordpress\/wp-content\/uploads\/2026\/03\/46663a02-0464-4ba4-b86e-a49f3debf96c-300x225.jpg\" class=\"attachment-medium size-medium\" alt=\"\" srcset=\"https:\/\/www.radiopiu.net\/wordpress\/wp-content\/uploads\/2026\/03\/46663a02-0464-4ba4-b86e-a49f3debf96c-300x225.jpg 300w, https:\/\/www.radiopiu.net\/wordpress\/wp-content\/uploads\/2026\/03\/46663a02-0464-4ba4-b86e-a49f3debf96c-1024x768.jpg 1024w, https:\/\/www.radiopiu.net\/wordpress\/wp-content\/uploads\/2026\/03\/46663a02-0464-4ba4-b86e-a49f3debf96c-768x576.jpg 768w, https:\/\/www.radiopiu.net\/wordpress\/wp-content\/uploads\/2026\/03\/46663a02-0464-4ba4-b86e-a49f3debf96c-1536x1152.jpg 1536w, https:\/\/www.radiopiu.net\/wordpress\/wp-content\/uploads\/2026\/03\/46663a02-0464-4ba4-b86e-a49f3debf96c.jpg 1600w\" sizes=\"auto, (max-width: 300px) 100vw, 300px\" \/><\/a>\n\t\t\t\t<\/dt><\/dl><dl class='gallery-item'>\n\t\t\t\t<dt class='gallery-icon landscape'>\n\t\t\t\t\t<a class=\"rollover rollover-zoom dt-pswp-item\" title=\"edb465a2-0476-4cf1-8f28-58f7163a2e00\" data-dt-img-description=\"\" data-large_image_width=\"1600\" data-large_image_height=\"1200\"href='https:\/\/www.radiopiu.net\/wordpress\/wp-content\/uploads\/2026\/03\/edb465a2-0476-4cf1-8f28-58f7163a2e00.jpg'><img loading=\"lazy\" decoding=\"async\" width=\"300\" height=\"225\" src=\"https:\/\/www.radiopiu.net\/wordpress\/wp-content\/uploads\/2026\/03\/edb465a2-0476-4cf1-8f28-58f7163a2e00-300x225.jpg\" class=\"attachment-medium size-medium\" alt=\"\" srcset=\"https:\/\/www.radiopiu.net\/wordpress\/wp-content\/uploads\/2026\/03\/edb465a2-0476-4cf1-8f28-58f7163a2e00-300x225.jpg 300w, https:\/\/www.radiopiu.net\/wordpress\/wp-content\/uploads\/2026\/03\/edb465a2-0476-4cf1-8f28-58f7163a2e00-1024x768.jpg 1024w, https:\/\/www.radiopiu.net\/wordpress\/wp-content\/uploads\/2026\/03\/edb465a2-0476-4cf1-8f28-58f7163a2e00-768x576.jpg 768w, https:\/\/www.radiopiu.net\/wordpress\/wp-content\/uploads\/2026\/03\/edb465a2-0476-4cf1-8f28-58f7163a2e00-1536x1152.jpg 1536w, https:\/\/www.radiopiu.net\/wordpress\/wp-content\/uploads\/2026\/03\/edb465a2-0476-4cf1-8f28-58f7163a2e00.jpg 1600w\" sizes=\"auto, (max-width: 300px) 100vw, 300px\" \/><\/a>\n\t\t\t\t<\/dt><\/dl><dl class='gallery-item'>\n\t\t\t\t<dt class='gallery-icon landscape'>\n\t\t\t\t\t<a class=\"rollover rollover-zoom dt-pswp-item\" title=\"f853b0d0-70e0-4ec4-aa78-b9c5213225d8\" data-dt-img-description=\"\" data-large_image_width=\"1600\" data-large_image_height=\"1200\"href='https:\/\/www.radiopiu.net\/wordpress\/wp-content\/uploads\/2026\/03\/f853b0d0-70e0-4ec4-aa78-b9c5213225d8.jpg'><img loading=\"lazy\" decoding=\"async\" width=\"300\" height=\"225\" src=\"https:\/\/www.radiopiu.net\/wordpress\/wp-content\/uploads\/2026\/03\/f853b0d0-70e0-4ec4-aa78-b9c5213225d8-300x225.jpg\" class=\"attachment-medium size-medium\" alt=\"\" srcset=\"https:\/\/www.radiopiu.net\/wordpress\/wp-content\/uploads\/2026\/03\/f853b0d0-70e0-4ec4-aa78-b9c5213225d8-300x225.jpg 300w, https:\/\/www.radiopiu.net\/wordpress\/wp-content\/uploads\/2026\/03\/f853b0d0-70e0-4ec4-aa78-b9c5213225d8-1024x768.jpg 1024w, https:\/\/www.radiopiu.net\/wordpress\/wp-content\/uploads\/2026\/03\/f853b0d0-70e0-4ec4-aa78-b9c5213225d8-768x576.jpg 768w, https:\/\/www.radiopiu.net\/wordpress\/wp-content\/uploads\/2026\/03\/f853b0d0-70e0-4ec4-aa78-b9c5213225d8-1536x1152.jpg 1536w, https:\/\/www.radiopiu.net\/wordpress\/wp-content\/uploads\/2026\/03\/f853b0d0-70e0-4ec4-aa78-b9c5213225d8.jpg 1600w\" sizes=\"auto, (max-width: 300px) 100vw, 300px\" \/><\/a>\n\t\t\t\t<\/dt><\/dl><dl class='gallery-item'>\n\t\t\t\t<dt class='gallery-icon landscape'>\n\t\t\t\t\t<a class=\"rollover rollover-zoom dt-pswp-item\" title=\"4f0b5310-5c76-400d-928b-e07cdcbfd721\" data-dt-img-description=\"\" data-large_image_width=\"1600\" data-large_image_height=\"1200\"href='https:\/\/www.radiopiu.net\/wordpress\/wp-content\/uploads\/2026\/03\/4f0b5310-5c76-400d-928b-e07cdcbfd721.jpg'><img loading=\"lazy\" decoding=\"async\" width=\"300\" height=\"225\" src=\"https:\/\/www.radiopiu.net\/wordpress\/wp-content\/uploads\/2026\/03\/4f0b5310-5c76-400d-928b-e07cdcbfd721-300x225.jpg\" class=\"attachment-medium size-medium\" alt=\"\" srcset=\"https:\/\/www.radiopiu.net\/wordpress\/wp-content\/uploads\/2026\/03\/4f0b5310-5c76-400d-928b-e07cdcbfd721-300x225.jpg 300w, https:\/\/www.radiopiu.net\/wordpress\/wp-content\/uploads\/2026\/03\/4f0b5310-5c76-400d-928b-e07cdcbfd721-1024x768.jpg 1024w, https:\/\/www.radiopiu.net\/wordpress\/wp-content\/uploads\/2026\/03\/4f0b5310-5c76-400d-928b-e07cdcbfd721-768x576.jpg 768w, https:\/\/www.radiopiu.net\/wordpress\/wp-content\/uploads\/2026\/03\/4f0b5310-5c76-400d-928b-e07cdcbfd721-1536x1152.jpg 1536w, https:\/\/www.radiopiu.net\/wordpress\/wp-content\/uploads\/2026\/03\/4f0b5310-5c76-400d-928b-e07cdcbfd721.jpg 1600w\" sizes=\"auto, (max-width: 300px) 100vw, 300px\" \/><\/a>\n\t\t\t\t<\/dt><\/dl><br style=\"clear: both\" \/>\n\t\t\t<\/div>\n\n<p>&nbsp;<\/p>\n<p><span style=\"color: #0000ff;\"><strong>CORSA IN MONTAGNA<\/strong><\/span><\/p>\n<blockquote>\n<h3 style=\"text-align: center;\">SUCCESSO PER LA PRIMA \u201cCIVETTA A T\u00d2LECH\u201d: COSTA E CAPRARO SUL GRADINO PI\u00d9 ALTO<\/h3>\n<\/blockquote>\n<p><strong><a class=\"dt-pswp-item\" href=\"https:\/\/www.radiopiu.net\/wordpress\/wp-content\/uploads\/2026\/03\/civetta-a-tolech-podio-maschile-14-marzo-2026.jpeg\" data-dt-img-description=\"\" data-large_image_width=\"1600\" data-large_image_height=\"1200\"><img loading=\"lazy\" decoding=\"async\" class=\"aligncenter size-medium wp-image-501831\" src=\"https:\/\/www.radiopiu.net\/wordpress\/wp-content\/uploads\/2026\/03\/civetta-a-tolech-podio-maschile-14-marzo-2026-300x225.jpeg\" alt=\"\" width=\"300\" height=\"225\" srcset=\"https:\/\/www.radiopiu.net\/wordpress\/wp-content\/uploads\/2026\/03\/civetta-a-tolech-podio-maschile-14-marzo-2026-300x225.jpeg 300w, https:\/\/www.radiopiu.net\/wordpress\/wp-content\/uploads\/2026\/03\/civetta-a-tolech-podio-maschile-14-marzo-2026-1024x768.jpeg 1024w, https:\/\/www.radiopiu.net\/wordpress\/wp-content\/uploads\/2026\/03\/civetta-a-tolech-podio-maschile-14-marzo-2026-768x576.jpeg 768w, https:\/\/www.radiopiu.net\/wordpress\/wp-content\/uploads\/2026\/03\/civetta-a-tolech-podio-maschile-14-marzo-2026-1536x1152.jpeg 1536w, https:\/\/www.radiopiu.net\/wordpress\/wp-content\/uploads\/2026\/03\/civetta-a-tolech-podio-maschile-14-marzo-2026.jpeg 1600w\" sizes=\"auto, (max-width: 300px) 100vw, 300px\" \/><\/a>\u00a0<\/strong><\/p>\n<p><strong>VAL DI ZOLDO <\/strong>Grande partecipazione e atmosfera suggestiva per la prima edizione di \u201cCivetta a T\u00f2lech\u201d, la corsa in salita su terreno innevato organizzata dall\u2019Atletica Zoldo sotto le pendici del monte Civetta. Il nome dell\u2019evento deriva da un\u2019espressione della lingua ladina di Zoldo che significa \u201ccamminare sulla neve senza sprofondare\u201d. La gara \u00e8 partita dalla frazione di Pecol, fino al Pian del Cr\u00e9p, con arrivo al Ristoro Da Bepi, dove si sono svolti ristoro e momento conviviale finale. Il percorso, lungo 4 chilometri con 350 metri di dislivello positivo, \u00e8 stato reso ancora pi\u00f9 suggestivo dalla presenza di fiaccole lungo alcuni tratti del tracciato. A conquistare la vittoria nella gara maschile \u00e8 stato Isacco Costa, mentre tra le donne si \u00e8 imposta Debora Capraro.<\/p>\n<p><strong>PER CONSULTARE LE CLASSIFICHE <a href=\"https:\/\/sportdolomiti.it\/cat_classifiche_26\"><span style=\"color: #3366ff;\">CLICCA QUI<\/span><\/a><\/strong><\/p>\n<p>&nbsp;<\/p>\n<p><span style=\"color: #0000ff;\"><strong>TELEMARK<\/strong><\/span><\/p>\n<h3 style=\"text-align: center;\">SCUFONEDA, SUCCESSO PER LA 29\u00aa EDIZIONE TRA NEVE E TELEMARK<\/h3>\n<p>Si \u00e8 conclusa sotto una fitta nevicata la XXIX edizione della Scufoneda, il raduno internazionale dedicato al telemark che ha animato la Val di Fassa e la Ski Area San Pellegrino. Oltre 60 centimetri di neve fresca hanno accompagnato l\u2019ultima giornata, regalando un finale suggestivo all\u2019evento organizzato dall\u2019Associazione Sportiva Scufons del Cogo. La manifestazione ha confermato il forte richiamo della disciplina del \u201ctallone libero\u201d, con numerosi partecipanti dall\u2019Italia e dall\u2019estero. Molto apprezzati i corsi per principianti ed esperti organizzati dalla Scuola Sci Dolomiti Moena con gli Istruttori Nazionali, cos\u00ec come le escursioni guidate con le guide alpine. Grande soddisfazione per organizzatori e APT Val di Fassa, gi\u00e0 proiettati verso la trentesima edizione.<\/p>\n\n\t\t\t<style type='text\/css'>\n\t\t\t\t#gallery-13 {\n\t\t\t\t\tmargin: auto;\n\t\t\t\t}\n\t\t\t\t#gallery-13 .gallery-item {\n\t\t\t\t\tfloat: left;\n\t\t\t\t\tmargin-top: 10px;\n\t\t\t\t\ttext-align: center;\n\t\t\t\t\twidth: 33%;\n\t\t\t\t}\n\t\t\t\t#gallery-13 img {\n\t\t\t\t\tborder: 2px solid #cfcfcf;\n\t\t\t\t}\n\t\t\t\t#gallery-13 .gallery-caption {\n\t\t\t\t\tmargin-left: 0;\n\t\t\t\t}\n\t\t\t\t\/* see gallery_shortcode() in wp-includes\/media.php *\/\n\t\t\t<\/style>\n\t\t<div id='gallery-13' class='dt-gallery-container gallery galleryid-501588 gallery-columns-3 gallery-size-medium'><dl class='gallery-item'>\n\t\t\t\t<dt class='gallery-icon landscape'>\n\t\t\t\t\t<a class=\"rollover rollover-zoom dt-pswp-item\" title=\"6K4A7149\" data-dt-img-description=\"\" data-large_image_width=\"640\" data-large_image_height=\"427\"href='https:\/\/www.radiopiu.net\/wordpress\/wp-content\/uploads\/2026\/03\/6K4A7149.jpeg'><img loading=\"lazy\" decoding=\"async\" width=\"300\" height=\"200\" src=\"https:\/\/www.radiopiu.net\/wordpress\/wp-content\/uploads\/2026\/03\/6K4A7149-300x200.jpeg\" class=\"attachment-medium size-medium\" alt=\"\" srcset=\"https:\/\/www.radiopiu.net\/wordpress\/wp-content\/uploads\/2026\/03\/6K4A7149-300x200.jpeg 300w, https:\/\/www.radiopiu.net\/wordpress\/wp-content\/uploads\/2026\/03\/6K4A7149.jpeg 640w\" sizes=\"auto, (max-width: 300px) 100vw, 300px\" \/><\/a>\n\t\t\t\t<\/dt><\/dl><dl class='gallery-item'>\n\t\t\t\t<dt class='gallery-icon landscape'>\n\t\t\t\t\t<a class=\"rollover rollover-zoom dt-pswp-item\" title=\"PHOTO-2026-03-13-11-09-53\" data-dt-img-description=\"\" data-large_image_width=\"640\" data-large_image_height=\"480\"href='https:\/\/www.radiopiu.net\/wordpress\/wp-content\/uploads\/2026\/03\/PHOTO-2026-03-13-11-09-53.jpeg'><img loading=\"lazy\" decoding=\"async\" width=\"300\" height=\"225\" src=\"https:\/\/www.radiopiu.net\/wordpress\/wp-content\/uploads\/2026\/03\/PHOTO-2026-03-13-11-09-53-300x225.jpeg\" class=\"attachment-medium size-medium\" alt=\"\" srcset=\"https:\/\/www.radiopiu.net\/wordpress\/wp-content\/uploads\/2026\/03\/PHOTO-2026-03-13-11-09-53-300x225.jpeg 300w, https:\/\/www.radiopiu.net\/wordpress\/wp-content\/uploads\/2026\/03\/PHOTO-2026-03-13-11-09-53.jpeg 640w\" sizes=\"auto, (max-width: 300px) 100vw, 300px\" \/><\/a>\n\t\t\t\t<\/dt><\/dl><dl class='gallery-item'>\n\t\t\t\t<dt class='gallery-icon landscape'>\n\t\t\t\t\t<a class=\"rollover rollover-zoom dt-pswp-item\" title=\"IMG_4158\" data-dt-img-description=\"\" data-large_image_width=\"640\" data-large_image_height=\"480\"href='https:\/\/www.radiopiu.net\/wordpress\/wp-content\/uploads\/2026\/03\/IMG_4158.jpeg'><img loading=\"lazy\" decoding=\"async\" width=\"300\" height=\"225\" src=\"https:\/\/www.radiopiu.net\/wordpress\/wp-content\/uploads\/2026\/03\/IMG_4158-300x225.jpeg\" class=\"attachment-medium size-medium\" alt=\"\" srcset=\"https:\/\/www.radiopiu.net\/wordpress\/wp-content\/uploads\/2026\/03\/IMG_4158-300x225.jpeg 300w, https:\/\/www.radiopiu.net\/wordpress\/wp-content\/uploads\/2026\/03\/IMG_4158.jpeg 640w\" sizes=\"auto, (max-width: 300px) 100vw, 300px\" \/><\/a>\n\t\t\t\t<\/dt><\/dl><br style=\"clear: both\" \/>\n\t\t\t<\/div>\n\n<p>&nbsp;<\/p>\n","protected":false},"excerpt":{"rendered":"<p>******** &nbsp; LA\u00a0 \u00a0 APP LA\u00a0 APP PER IOS-IPHONE di Nicola Vettorello https:\/\/apps.apple.com\/it\/app\/radio-pi%C3%B9-emittente-agordina\/id1515939845 LA\u00a0 APP RADIO\u00a0 PER ANDROID di Nicola Vettorello https:\/\/play.google.com\/store\/apps\/details?id=net.radiopiu.iniko\u00a0\u00a0\u00a0\u00a0\u00a0 &nbsp; &nbsp; &nbsp; OGGI ALLA RADIO: INFORMAZIONE, STORIE E MUSICA NEL PALINSESTO DELLA GIORNATA \u00a0 DA OGGI ALLA RADIO, OGNI LUNEDI E GIOVEDI ALLE 13.10 IL NUOVO PROGRAMMA DI LIBERA\u00a0 biografie delle vittime&hellip;<\/p>\n","protected":false},"author":4,"featured_media":501818,"comment_status":"closed","ping_status":"closed","sticky":false,"template":"","format":"standard","meta":{"_monsterinsights_skip_tracking":false,"_monsterinsights_sitenote_active":false,"_monsterinsights_sitenote_note":"","_monsterinsights_sitenote_category":0,"footnotes":""},"categories":[51,86,49],"tags":[],"class_list":["post-501588","post","type-post","status-publish","format-standard","has-post-thumbnail","hentry","category-evidenza-top","category-gr","category-news-18","category-51","category-86","category-49","description-off"],"img_url":"https:\/\/www.radiopiu.net\/wordpress\/wp-content\/uploads\/2026\/03\/89226a1e-937f-47d7-8f8d-ad64acd5424f.jpg","_links":{"self":[{"href":"https:\/\/www.radiopiu.net\/wordpress\/wp-json\/wp\/v2\/posts\/501588","targetHints":{"allow":["GET"]}}],"collection":[{"href":"https:\/\/www.radiopiu.net\/wordpress\/wp-json\/wp\/v2\/posts"}],"about":[{"href":"https:\/\/www.radiopiu.net\/wordpress\/wp-json\/wp\/v2\/types\/post"}],"author":[{"embeddable":true,"href":"https:\/\/www.radiopiu.net\/wordpress\/wp-json\/wp\/v2\/users\/4"}],"replies":[{"embeddable":true,"href":"https:\/\/www.radiopiu.net\/wordpress\/wp-json\/wp\/v2\/comments?post=501588"}],"version-history":[{"count":47,"href":"https:\/\/www.radiopiu.net\/wordpress\/wp-json\/wp\/v2\/posts\/501588\/revisions"}],"predecessor-version":[{"id":501906,"href":"https:\/\/www.radiopiu.net\/wordpress\/wp-json\/wp\/v2\/posts\/501588\/revisions\/501906"}],"wp:featuredmedia":[{"embeddable":true,"href":"https:\/\/www.radiopiu.net\/wordpress\/wp-json\/wp\/v2\/media\/501818"}],"wp:attachment":[{"href":"https:\/\/www.radiopiu.net\/wordpress\/wp-json\/wp\/v2\/media?parent=501588"}],"wp:term":[{"taxonomy":"category","embeddable":true,"href":"https:\/\/www.radiopiu.net\/wordpress\/wp-json\/wp\/v2\/categories?post=501588"},{"taxonomy":"post_tag","embeddable":true,"href":"https:\/\/www.radiopiu.net\/wordpress\/wp-json\/wp\/v2\/tags?post=501588"}],"curies":[{"name":"wp","href":"https:\/\/api.w.org\/{rel}","templated":true}]}}