{"id":501611,"date":"2026-03-14T07:05:44","date_gmt":"2026-03-14T06:05:44","guid":{"rendered":"https:\/\/www.radiopiu.net\/wordpress\/?p=501611"},"modified":"2026-03-14T07:05:44","modified_gmt":"2026-03-14T06:05:44","slug":"disco-piu-dal-14-al-20-marzo-2026","status":"publish","type":"post","link":"https:\/\/www.radiopiu.net\/wordpress\/disco-piu-dal-14-al-20-marzo-2026\/","title":{"rendered":"DISCO PIU\u2019 DAL 14 AL 20\u00a0MARZO 2026"},"content":{"rendered":"<p>******<\/p>\n<p>&nbsp;<\/p>\n<p><strong><a class=\"dt-pswp-item\" href=\"https:\/\/www.radiopiu.net\/wordpress\/wp-content\/uploads\/2026\/03\/a08c809e-f6b8-43e7-a431-0fd7bbb89126.jpg\" data-dt-img-description=\"\" data-large_image_width=\"1026\" data-large_image_height=\"1019\"><img loading=\"lazy\" decoding=\"async\" class=\" wp-image-501613 alignleft\" src=\"https:\/\/www.radiopiu.net\/wordpress\/wp-content\/uploads\/2026\/03\/a08c809e-f6b8-43e7-a431-0fd7bbb89126-300x298.jpg\" alt=\"\" width=\"187\" height=\"186\" srcset=\"https:\/\/www.radiopiu.net\/wordpress\/wp-content\/uploads\/2026\/03\/a08c809e-f6b8-43e7-a431-0fd7bbb89126-300x298.jpg 300w, https:\/\/www.radiopiu.net\/wordpress\/wp-content\/uploads\/2026\/03\/a08c809e-f6b8-43e7-a431-0fd7bbb89126-1024x1017.jpg 1024w, https:\/\/www.radiopiu.net\/wordpress\/wp-content\/uploads\/2026\/03\/a08c809e-f6b8-43e7-a431-0fd7bbb89126-150x150.jpg 150w, https:\/\/www.radiopiu.net\/wordpress\/wp-content\/uploads\/2026\/03\/a08c809e-f6b8-43e7-a431-0fd7bbb89126-768x763.jpg 768w, https:\/\/www.radiopiu.net\/wordpress\/wp-content\/uploads\/2026\/03\/a08c809e-f6b8-43e7-a431-0fd7bbb89126.jpg 1026w\" sizes=\"auto, (max-width: 187px) 100vw, 187px\" \/><\/a>I SUCCESSI DI DOMANI<\/strong><\/p>\n<p><strong>LI ASCOLTI OGGI\u2026SU RADIO PIU\u2019<\/strong><\/p>\n<p><strong>IL DISCO PIU\u2019 DAL 14<\/strong><strong> AL 20<\/strong><strong>\u00a0MARZO 2026 E\u2019:<\/strong><\/p>\n<p><strong>ARTISTA:<\/strong>\u00a0<strong>Annalisa<\/strong><\/p>\n<p><strong>TITOLO: Canzone Estiva<\/strong><\/p>\n<p><strong>ETICHETTA:\u00a0Warner Music<\/strong><\/p>\n<p>&nbsp;<\/p>\n<p>\u201cCanzone Estiva\u201d \u00e8 il titolo del brano inedito di Annalisa (Atlantic Records Italy\/Warner Music Italy) dopo il successo degli ultimi progetti che l\u2019hanno consacrata ancora una volta tra le artiste pi\u00f9 influenti del pop italiano contemporaneo. Il nuovo singolo si inserisce nel percorso aperto dall\u2019album \u201cMa io sono fuoco\u201d, riprendendone il tema e tornando sul simbolo del fuoco inteso come scintilla creativa e, soprattutto, come capacit\u00e0 di reazione e trasformazione. \u00c8 una canzone d\u2019amore a strati che si muove in due diverse direzioni: l\u2019amore verso una persona, ma anche l\u2019amore verso il pubblico. Ed \u00e8 un amore viscerale, esplosivo, non di facile comprensione, ma di certo profondo, legato a filo doppio persino con l\u2019amore per se stessi e con l\u2019autostima. Perch\u00e9 affrontare l\u2019opinione di chi ami, cos\u00ec come l\u2019opinione pubblica, non \u00e8 sempre qualcosa di leggero, anzi. Siamo ci\u00f2 che ci sentiamo di essere, ma anche ci\u00f2 che vedono gli altri, con tante, tantissime paia di occhi; qualunque versione pu\u00f2 essere giudicata nel modo opposto e viceversa, anche se tutti stanno osservando la stessa persona. Da qui l\u2019idea della provocazione <em>\u201cMi vuoi pi\u00f9 suora o pornodiva?\u201d<\/em>, ironizzando ed estremizzando con lo stesso linguaggio del giudizio, ma conoscendo per\u00f2 gi\u00e0 la risposta: l\u2019unica via \u00e8 sempre il darsi per come si \u00e8, essendo entrambe e nessuna, collocata in un personalissimo e disordinato equilibrio precario che si trova nel mezzo. Ricordando anche che la scelta di quale versione vedere racconta una piccola parte di chi \u00e8 osservato, mentre racconta moltissimo di chi osserva.<br \/>\n<strong><em>\u201cE non cambiare discorso<\/em><\/strong><br \/>\n<strong><em>Se mi chiedi come sto<\/em><\/strong><br \/>\n<strong><em>Sei un maledetto elettrochoc<\/em><\/strong><br \/>\n<strong><em>E poi una botta di autostima<\/em><\/strong><br \/>\n<strong><em>Magari stavo meglio prima<\/em><\/strong><br \/>\n<strong><em>Della tua pazza nostalgia<\/em><\/strong><br \/>\n<strong><em>Andate in pace e cos\u00ec sia<\/em><\/strong><br \/>\n<strong><em>Mi vuoi pi\u00f9 suora o pornodiva?<\/em><\/strong><br \/>\n<strong><em>Questa non \u00e8 una canzone estiva\u201d<\/em><\/strong><br \/>\nE se anche il titolo gioca e confonde le aspettative, il brano si muove su un\u2019intensit\u00e0 ritmica che passa da vuoti intensi a pieni dagli ampi spazi, pensati immaginando l\u2019interazione dal palco tra pubblico e artista, rimanendo volutamente personale, indecifrabile. Decide chi ascolta, come sempre.<\/p>\n<p><iframe loading=\"lazy\" title=\"Annalisa - Canzone Estiva (Official Video)\" width=\"1200\" height=\"900\" src=\"https:\/\/www.youtube.com\/embed\/YPEY0DliIEA?feature=oembed\" frameborder=\"0\" allow=\"accelerometer; autoplay; clipboard-write; encrypted-media; gyroscope; picture-in-picture; web-share\" referrerpolicy=\"strict-origin-when-cross-origin\" allowfullscreen><\/iframe><\/p>\n<p>&nbsp;<\/p>\n<p>&nbsp;<\/p>\n<p>&nbsp;<\/p>\n<p>********<\/p>\n","protected":false},"excerpt":{"rendered":"<p>****** &nbsp; I SUCCESSI DI DOMANI LI ASCOLTI OGGI\u2026SU RADIO PIU\u2019 IL DISCO PIU\u2019 DAL 14 AL 20\u00a0MARZO 2026 E\u2019: ARTISTA:\u00a0Annalisa TITOLO: Canzone Estiva ETICHETTA:\u00a0Warner Music &nbsp; \u201cCanzone Estiva\u201d \u00e8 il titolo del brano inedito di Annalisa (Atlantic Records Italy\/Warner Music Italy) dopo il successo degli ultimi progetti che l\u2019hanno consacrata ancora una volta tra&hellip;<\/p>\n","protected":false},"author":4,"featured_media":501613,"comment_status":"closed","ping_status":"closed","sticky":false,"template":"","format":"standard","meta":{"_monsterinsights_skip_tracking":false,"_monsterinsights_sitenote_active":false,"_monsterinsights_sitenote_note":"","_monsterinsights_sitenote_category":0,"footnotes":""},"categories":[15],"tags":[],"class_list":["post-501611","post","type-post","status-publish","format-standard","has-post-thumbnail","hentry","category-discopiu","category-15","description-off"],"img_url":"https:\/\/www.radiopiu.net\/wordpress\/wp-content\/uploads\/2026\/03\/a08c809e-f6b8-43e7-a431-0fd7bbb89126.jpg","_links":{"self":[{"href":"https:\/\/www.radiopiu.net\/wordpress\/wp-json\/wp\/v2\/posts\/501611","targetHints":{"allow":["GET"]}}],"collection":[{"href":"https:\/\/www.radiopiu.net\/wordpress\/wp-json\/wp\/v2\/posts"}],"about":[{"href":"https:\/\/www.radiopiu.net\/wordpress\/wp-json\/wp\/v2\/types\/post"}],"author":[{"embeddable":true,"href":"https:\/\/www.radiopiu.net\/wordpress\/wp-json\/wp\/v2\/users\/4"}],"replies":[{"embeddable":true,"href":"https:\/\/www.radiopiu.net\/wordpress\/wp-json\/wp\/v2\/comments?post=501611"}],"version-history":[{"count":1,"href":"https:\/\/www.radiopiu.net\/wordpress\/wp-json\/wp\/v2\/posts\/501611\/revisions"}],"predecessor-version":[{"id":501614,"href":"https:\/\/www.radiopiu.net\/wordpress\/wp-json\/wp\/v2\/posts\/501611\/revisions\/501614"}],"wp:featuredmedia":[{"embeddable":true,"href":"https:\/\/www.radiopiu.net\/wordpress\/wp-json\/wp\/v2\/media\/501613"}],"wp:attachment":[{"href":"https:\/\/www.radiopiu.net\/wordpress\/wp-json\/wp\/v2\/media?parent=501611"}],"wp:term":[{"taxonomy":"category","embeddable":true,"href":"https:\/\/www.radiopiu.net\/wordpress\/wp-json\/wp\/v2\/categories?post=501611"},{"taxonomy":"post_tag","embeddable":true,"href":"https:\/\/www.radiopiu.net\/wordpress\/wp-json\/wp\/v2\/tags?post=501611"}],"curies":[{"name":"wp","href":"https:\/\/api.w.org\/{rel}","templated":true}]}}