{"id":501716,"date":"2026-03-15T09:30:38","date_gmt":"2026-03-15T08:30:38","guid":{"rendered":"https:\/\/www.radiopiu.net\/wordpress\/?p=501716"},"modified":"2026-03-15T10:30:32","modified_gmt":"2026-03-15T09:30:32","slug":"passo-fedaia-chiusura-immediata-per-pericolo-valanghe","status":"publish","type":"post","link":"https:\/\/www.radiopiu.net\/wordpress\/passo-fedaia-chiusura-immediata-per-pericolo-valanghe\/","title":{"rendered":"PASSO FEDAIA: CHIUSURA IMMEDIATA PER PERICOLO VALANGHE"},"content":{"rendered":"<p>**<\/p>\n<p><strong>ROCCA PIETORE<\/strong><\/p>\n<p><strong><a class=\"dt-pswp-item\" href=\"https:\/\/www.radiopiu.net\/wordpress\/wp-content\/uploads\/2026\/03\/Immagine-2026-03-15-09AA3118.png\" data-dt-img-description=\"\" data-large_image_width=\"428\" data-large_image_height=\"217\"><img loading=\"lazy\" decoding=\"async\" class=\"aligncenter size-medium wp-image-501719\" src=\"https:\/\/www.radiopiu.net\/wordpress\/wp-content\/uploads\/2026\/03\/Immagine-2026-03-15-09AA3118-300x152.png\" alt=\"\" width=\"300\" height=\"152\" srcset=\"https:\/\/www.radiopiu.net\/wordpress\/wp-content\/uploads\/2026\/03\/Immagine-2026-03-15-09AA3118-300x152.png 300w, https:\/\/www.radiopiu.net\/wordpress\/wp-content\/uploads\/2026\/03\/Immagine-2026-03-15-09AA3118.png 428w\" sizes=\"auto, (max-width: 300px) 100vw, 300px\" \/><\/a><br \/>\n<\/strong><\/p>\n<p data-start=\"55\" data-end=\"249\">Nuova chiusura in montagna per motivi di sicurezza. Veneto Strade ha disposto la chiusura immediata della <strong data-start=\"161\" data-end=\"171\">SP 641<\/strong> a partire dalla localit\u00e0 <strong data-start=\"197\" data-end=\"213\">Capanna Bill<\/strong>, a causa del <strong data-start=\"227\" data-end=\"248\">pericolo valanghe<\/strong>.<\/p>\n<p data-start=\"251\" data-end=\"463\">Il provvedimento \u00e8 stato adottato per tutelare gli automobilisti e tutti gli utenti della strada in una fase di forte criticit\u00e0 legata alle condizioni meteo e all\u2019abbondante presenza di neve nell\u2019area dolomitica.<\/p>\n<p data-start=\"465\" data-end=\"733\">Secondo quanto comunicato, <strong data-start=\"492\" data-end=\"564\">la strada rester\u00e0 chiusa fino al cessare delle condizioni di rischio<\/strong>. L\u2019invito rivolto alla popolazione e ai conducenti \u00e8 quello di <strong data-start=\"628\" data-end=\"667\">non avvicinarsi all\u2019area interdetta<\/strong> e di attenersi rigorosamente alla segnaletica presente sul posto.<\/p>\n<p data-start=\"735\" data-end=\"890\">Le immagini diffuse mostrano il tratto stradale completamente innevato, con visibilit\u00e0 ridotta e condizioni che confermano la necessit\u00e0 del provvedimento.<\/p>\n<p data-start=\"892\" data-end=\"1018\">Ulteriori aggiornamenti sulla riapertura della viabilit\u00e0 saranno comunicati non appena il quadro di sicurezza lo consentir\u00e0.<\/p>\n<div class=\"html-div xdj266r x14z9mp xat24cr x1lziwak xexx8yu xyri2b x18d9i69 x1c1uobl x6ikm8r x10wlt62\">\n<div class=\"html-div xdj266r x14z9mp xat24cr x1lziwak x14ctfv x13sv91t x6ikm8r x10wlt62 xerhiuh x1pn3fxy x10zy8in xm9bcq3 x1n2onr6 x1vjfegm x1k4qllp x1mzt3pk x13faqbe x1xr0vuk x1jm4cbz x114wg8e xrrpcnn x14rx4xb x13fuv20 x18b5jzi x1q0q8m5 x1t7ytsu x19livfd x1h2krnu x3p3xfz xet2kk3 x1lu5o8o x1ou5ly4 xofb2d2 xjwep3j\" role=\"presentation\">\n<div dir=\"auto\"><\/div>\n<div class=\"html-div xexx8yu xyri2b x18d9i69 x1c1uobl x1gslohp x14z9mp x12nagc x1lziwak x1yc453h x126k92a x18lvrbx\" dir=\"auto\"><strong>Fedaia zona\u00a0 Malga Ciapela, utenti della strada privi di catene o peggio con pneumatici estivi<\/strong><\/div>\n<\/div>\n<\/div>\n\n\t\t\t<style type='text\/css'>\n\t\t\t\t#gallery-1 {\n\t\t\t\t\tmargin: auto;\n\t\t\t\t}\n\t\t\t\t#gallery-1 .gallery-item {\n\t\t\t\t\tfloat: left;\n\t\t\t\t\tmargin-top: 10px;\n\t\t\t\t\ttext-align: center;\n\t\t\t\t\twidth: 33%;\n\t\t\t\t}\n\t\t\t\t#gallery-1 img {\n\t\t\t\t\tborder: 2px solid #cfcfcf;\n\t\t\t\t}\n\t\t\t\t#gallery-1 .gallery-caption {\n\t\t\t\t\tmargin-left: 0;\n\t\t\t\t}\n\t\t\t\t\/* see gallery_shortcode() in wp-includes\/media.php *\/\n\t\t\t<\/style>\n\t\t<div id='gallery-1' class='dt-gallery-container gallery galleryid-501716 gallery-columns-3 gallery-size-medium'><dl class='gallery-item'>\n\t\t\t\t<dt class='gallery-icon landscape'>\n\t\t\t\t\t<a class=\"rollover rollover-zoom dt-pswp-item\" title=\"ssssssssss\" data-dt-img-description=\"\" data-large_image_width=\"455\" data-large_image_height=\"238\"href='https:\/\/www.radiopiu.net\/wordpress\/wp-content\/uploads\/2026\/03\/ssssssssss.jpg'><img loading=\"lazy\" decoding=\"async\" width=\"300\" height=\"157\" src=\"https:\/\/www.radiopiu.net\/wordpress\/wp-content\/uploads\/2026\/03\/ssssssssss-300x157.jpg\" class=\"attachment-medium size-medium\" alt=\"\" srcset=\"https:\/\/www.radiopiu.net\/wordpress\/wp-content\/uploads\/2026\/03\/ssssssssss-300x157.jpg 300w, https:\/\/www.radiopiu.net\/wordpress\/wp-content\/uploads\/2026\/03\/ssssssssss.jpg 455w\" sizes=\"auto, (max-width: 300px) 100vw, 300px\" \/><\/a>\n\t\t\t\t<\/dt><\/dl><dl class='gallery-item'>\n\t\t\t\t<dt class='gallery-icon landscape'>\n\t\t\t\t\t<a class=\"rollover rollover-zoom dt-pswp-item\" title=\"QQQQQQQQQQQQ\" data-dt-img-description=\"\" data-large_image_width=\"431\" data-large_image_height=\"314\"href='https:\/\/www.radiopiu.net\/wordpress\/wp-content\/uploads\/2026\/03\/QQQQQQQQQQQQ.png'><img loading=\"lazy\" decoding=\"async\" width=\"300\" height=\"219\" src=\"https:\/\/www.radiopiu.net\/wordpress\/wp-content\/uploads\/2026\/03\/QQQQQQQQQQQQ-300x219.png\" class=\"attachment-medium size-medium\" alt=\"\" srcset=\"https:\/\/www.radiopiu.net\/wordpress\/wp-content\/uploads\/2026\/03\/QQQQQQQQQQQQ-300x219.png 300w, https:\/\/www.radiopiu.net\/wordpress\/wp-content\/uploads\/2026\/03\/QQQQQQQQQQQQ.png 431w\" sizes=\"auto, (max-width: 300px) 100vw, 300px\" \/><\/a>\n\t\t\t\t<\/dt><\/dl>\n\t\t\t\t<br style='clear: both' \/>\n\t\t\t<\/div>\n\n<p data-start=\"892\" data-end=\"1018\"><strong>foto ore 9.00 DONT VAL DI ZOLDO<\/strong><\/p>\n<p data-start=\"892\" data-end=\"1018\"><strong><a class=\"dt-pswp-item\" href=\"https:\/\/www.radiopiu.net\/wordpress\/wp-content\/uploads\/2026\/03\/afd56783-049b-40f5-889a-e02a1390eb5a.jpg\" data-dt-img-description=\"\" data-large_image_width=\"1280\" data-large_image_height=\"973\"><img loading=\"lazy\" decoding=\"async\" class=\"aligncenter size-medium wp-image-501717\" src=\"https:\/\/www.radiopiu.net\/wordpress\/wp-content\/uploads\/2026\/03\/afd56783-049b-40f5-889a-e02a1390eb5a-300x228.jpg\" alt=\"\" width=\"300\" height=\"228\" srcset=\"https:\/\/www.radiopiu.net\/wordpress\/wp-content\/uploads\/2026\/03\/afd56783-049b-40f5-889a-e02a1390eb5a-300x228.jpg 300w, https:\/\/www.radiopiu.net\/wordpress\/wp-content\/uploads\/2026\/03\/afd56783-049b-40f5-889a-e02a1390eb5a-1024x778.jpg 1024w, https:\/\/www.radiopiu.net\/wordpress\/wp-content\/uploads\/2026\/03\/afd56783-049b-40f5-889a-e02a1390eb5a-768x584.jpg 768w, https:\/\/www.radiopiu.net\/wordpress\/wp-content\/uploads\/2026\/03\/afd56783-049b-40f5-889a-e02a1390eb5a.jpg 1280w\" sizes=\"auto, (max-width: 300px) 100vw, 300px\" \/><\/a>Da Veneto Strade:<\/strong><\/p>\n<p><img decoding=\"async\" class=\"emoji emoji-small\" draggable=\"false\" src=\"https:\/\/web.telegram.org\/a\/img-apple-64\/1f328.png\" alt=\"&#x1f328;&#xfe0f;\" data-path=\".\/img-apple-64\/1f328.png\" \/>\u00a0PIANO NEVE \u2013 AGGIORNAMENTO CODICE GIALLO<\/p>\n<p>A partire dalla mattina di oggi, domenica 15 marzo, il Piano Neve sulla rete stradale della provincia di Belluno \u00e8 passato da Codice Verde a Codice GIALLO.<\/p>\n<p>In base alla pianificazione disposta dalla Sezione Polizia Stradale di Belluno, sono attivi posti di controllo fissi sui principali assi viari del territorio per il filtraggio dei veicoli che non sono in grado di proseguire la marcia in sicurezza.<\/p>\n<p><img decoding=\"async\" class=\"emoji emoji-small\" draggable=\"false\" src=\"https:\/\/web.telegram.org\/a\/img-apple-64\/1f697.png\" alt=\"&#x1f697;\" data-path=\".\/img-apple-64\/1f697.png\" \/>\u00a0Si raccomanda a tutti gli utenti della strada la massima prudenza, il rispetto delle indicazioni del personale di polizia e l\u2019utilizzo di pneumatici invernali o catene da neve.<\/p>\n<p><img decoding=\"async\" class=\"emoji emoji-small\" draggable=\"false\" src=\"https:\/\/web.telegram.org\/a\/img-apple-64\/1f4cd.png\" alt=\"&#x1f4cd;\" data-path=\".\/img-apple-64\/1f4cd.png\" \/>\u00a0Le strade monitorate interessano i principali collegamenti verso Cortina d\u2019Ampezzo, la Val di Cadore, l\u2019Agordino, la Val di Zoldo e le aree di valico.<\/p>\n<p>Veneto Strade \u00e8 operativa con mezzi spargisale e spalaneve sulle strade di competenza.<\/p>\n<p>vv<\/p>\n<hr \/>\n<p data-start=\"892\" data-end=\"1018\">\n","protected":false},"excerpt":{"rendered":"<p>** ROCCA PIETORE Nuova chiusura in montagna per motivi di sicurezza. Veneto Strade ha disposto la chiusura immediata della SP 641 a partire dalla localit\u00e0 Capanna Bill, a causa del pericolo valanghe. Il provvedimento \u00e8 stato adottato per tutelare gli automobilisti e tutti gli utenti della strada in una fase di forte criticit\u00e0 legata alle&hellip;<\/p>\n","protected":false},"author":4,"featured_media":501717,"comment_status":"closed","ping_status":"closed","sticky":false,"template":"","format":"standard","meta":{"_monsterinsights_skip_tracking":false,"_monsterinsights_sitenote_active":false,"_monsterinsights_sitenote_note":"","_monsterinsights_sitenote_category":0,"footnotes":""},"categories":[51,49],"tags":[],"class_list":["post-501716","post","type-post","status-publish","format-standard","has-post-thumbnail","hentry","category-evidenza-top","category-news-18","category-51","category-49","description-off"],"img_url":"https:\/\/www.radiopiu.net\/wordpress\/wp-content\/uploads\/2026\/03\/afd56783-049b-40f5-889a-e02a1390eb5a.jpg","_links":{"self":[{"href":"https:\/\/www.radiopiu.net\/wordpress\/wp-json\/wp\/v2\/posts\/501716","targetHints":{"allow":["GET"]}}],"collection":[{"href":"https:\/\/www.radiopiu.net\/wordpress\/wp-json\/wp\/v2\/posts"}],"about":[{"href":"https:\/\/www.radiopiu.net\/wordpress\/wp-json\/wp\/v2\/types\/post"}],"author":[{"embeddable":true,"href":"https:\/\/www.radiopiu.net\/wordpress\/wp-json\/wp\/v2\/users\/4"}],"replies":[{"embeddable":true,"href":"https:\/\/www.radiopiu.net\/wordpress\/wp-json\/wp\/v2\/comments?post=501716"}],"version-history":[{"count":6,"href":"https:\/\/www.radiopiu.net\/wordpress\/wp-json\/wp\/v2\/posts\/501716\/revisions"}],"predecessor-version":[{"id":501733,"href":"https:\/\/www.radiopiu.net\/wordpress\/wp-json\/wp\/v2\/posts\/501716\/revisions\/501733"}],"wp:featuredmedia":[{"embeddable":true,"href":"https:\/\/www.radiopiu.net\/wordpress\/wp-json\/wp\/v2\/media\/501717"}],"wp:attachment":[{"href":"https:\/\/www.radiopiu.net\/wordpress\/wp-json\/wp\/v2\/media?parent=501716"}],"wp:term":[{"taxonomy":"category","embeddable":true,"href":"https:\/\/www.radiopiu.net\/wordpress\/wp-json\/wp\/v2\/categories?post=501716"},{"taxonomy":"post_tag","embeddable":true,"href":"https:\/\/www.radiopiu.net\/wordpress\/wp-json\/wp\/v2\/tags?post=501716"}],"curies":[{"name":"wp","href":"https:\/\/api.w.org\/{rel}","templated":true}]}}