{"id":501753,"date":"2026-03-15T10:54:54","date_gmt":"2026-03-15T09:54:54","guid":{"rendered":"https:\/\/www.radiopiu.net\/wordpress\/?p=501753"},"modified":"2026-03-15T17:51:21","modified_gmt":"2026-03-15T16:51:21","slug":"successo-per-la-prima-civetta-a-tolech-costa-e-capraro-sul-gradino-piu-alto","status":"publish","type":"post","link":"https:\/\/www.radiopiu.net\/wordpress\/successo-per-la-prima-civetta-a-tolech-costa-e-capraro-sul-gradino-piu-alto\/","title":{"rendered":"SUCCESSO PER LA PRIMA \u201cCIVETTA A T\u00d2LECH\u201d: COSTA E CAPRARO SUL GRADINO PI\u00d9 ALTO"},"content":{"rendered":"<p>********<\/p>\n<p>&nbsp;<\/p>\n<p><strong><a class=\"dt-pswp-item\" href=\"https:\/\/www.radiopiu.net\/wordpress\/wp-content\/uploads\/2026\/03\/civetta-a-tolech-podio-maschile-14-marzo-2026.jpeg\" data-dt-img-description=\"\" data-large_image_width=\"1600\" data-large_image_height=\"1200\"><img loading=\"lazy\" decoding=\"async\" class=\"aligncenter size-medium wp-image-501831\" src=\"https:\/\/www.radiopiu.net\/wordpress\/wp-content\/uploads\/2026\/03\/civetta-a-tolech-podio-maschile-14-marzo-2026-300x225.jpeg\" alt=\"\" width=\"300\" height=\"225\" srcset=\"https:\/\/www.radiopiu.net\/wordpress\/wp-content\/uploads\/2026\/03\/civetta-a-tolech-podio-maschile-14-marzo-2026-300x225.jpeg 300w, https:\/\/www.radiopiu.net\/wordpress\/wp-content\/uploads\/2026\/03\/civetta-a-tolech-podio-maschile-14-marzo-2026-1024x768.jpeg 1024w, https:\/\/www.radiopiu.net\/wordpress\/wp-content\/uploads\/2026\/03\/civetta-a-tolech-podio-maschile-14-marzo-2026-768x576.jpeg 768w, https:\/\/www.radiopiu.net\/wordpress\/wp-content\/uploads\/2026\/03\/civetta-a-tolech-podio-maschile-14-marzo-2026-1536x1152.jpeg 1536w, https:\/\/www.radiopiu.net\/wordpress\/wp-content\/uploads\/2026\/03\/civetta-a-tolech-podio-maschile-14-marzo-2026.jpeg 1600w\" sizes=\"auto, (max-width: 300px) 100vw, 300px\" \/><\/a>\u00a0<\/strong><\/p>\n<p><strong>VAL DI ZOLDO <\/strong>Grande partecipazione e atmosfera suggestiva per la prima edizione di \u201cCivetta a T\u00f2lech\u201d, la corsa in salita su terreno innevato organizzata dall\u2019Atletica Zoldo sotto le pendici del monte Civetta. Il nome dell\u2019evento deriva da un\u2019espressione della lingua ladina di Zoldo che significa \u201ccamminare sulla neve senza sprofondare\u201d. La gara \u00e8 partita dalla frazione di Pecol, fino al Pian del Cr\u00e9p, con arrivo al Ristoro Da Bepi, dove si sono svolti ristoro e momento conviviale finale. Il percorso, lungo 4 chilometri con 350 metri di dislivello positivo, \u00e8 stato reso ancora pi\u00f9 suggestivo dalla presenza di fiaccole lungo alcuni tratti del tracciato. A conquistare la vittoria nella gara maschile \u00e8 stato Isacco Costa, mentre tra le donne si \u00e8 imposta Debora Capraro.<\/p>\n<p><strong>PER CONSULTARE LE CLASSIFICHE <a href=\"https:\/\/sportdolomiti.it\/cat_classifiche_26\"><span style=\"color: #3366ff;\">CLICCA QUI<\/span><\/a><\/strong><\/p>\n<p>&nbsp;<\/p>\n<p>&nbsp;<\/p>\n<p>&nbsp;<\/p>\n<p>********<\/p>\n","protected":false},"excerpt":{"rendered":"<p>******** &nbsp; \u00a0 VAL DI ZOLDO Grande partecipazione e atmosfera suggestiva per la prima edizione di \u201cCivetta a T\u00f2lech\u201d, la corsa in salita su terreno innevato organizzata dall\u2019Atletica Zoldo sotto le pendici del monte Civetta. Il nome dell\u2019evento deriva da un\u2019espressione della lingua ladina di Zoldo che significa \u201ccamminare sulla neve senza sprofondare\u201d. La gara&hellip;<\/p>\n","protected":false},"author":4,"featured_media":500967,"comment_status":"closed","ping_status":"closed","sticky":false,"template":"","format":"standard","meta":{"_monsterinsights_skip_tracking":false,"_monsterinsights_sitenote_active":false,"_monsterinsights_sitenote_note":"","_monsterinsights_sitenote_category":0,"footnotes":""},"categories":[49],"tags":[],"class_list":["post-501753","post","type-post","status-publish","format-standard","has-post-thumbnail","hentry","category-news-18","category-49","description-off"],"img_url":"https:\/\/www.radiopiu.net\/wordpress\/wp-content\/uploads\/2026\/03\/49097471-ac9e-4109-965b-9a41e30134ae.jpg","_links":{"self":[{"href":"https:\/\/www.radiopiu.net\/wordpress\/wp-json\/wp\/v2\/posts\/501753","targetHints":{"allow":["GET"]}}],"collection":[{"href":"https:\/\/www.radiopiu.net\/wordpress\/wp-json\/wp\/v2\/posts"}],"about":[{"href":"https:\/\/www.radiopiu.net\/wordpress\/wp-json\/wp\/v2\/types\/post"}],"author":[{"embeddable":true,"href":"https:\/\/www.radiopiu.net\/wordpress\/wp-json\/wp\/v2\/users\/4"}],"replies":[{"embeddable":true,"href":"https:\/\/www.radiopiu.net\/wordpress\/wp-json\/wp\/v2\/comments?post=501753"}],"version-history":[{"count":2,"href":"https:\/\/www.radiopiu.net\/wordpress\/wp-json\/wp\/v2\/posts\/501753\/revisions"}],"predecessor-version":[{"id":501833,"href":"https:\/\/www.radiopiu.net\/wordpress\/wp-json\/wp\/v2\/posts\/501753\/revisions\/501833"}],"wp:featuredmedia":[{"embeddable":true,"href":"https:\/\/www.radiopiu.net\/wordpress\/wp-json\/wp\/v2\/media\/500967"}],"wp:attachment":[{"href":"https:\/\/www.radiopiu.net\/wordpress\/wp-json\/wp\/v2\/media?parent=501753"}],"wp:term":[{"taxonomy":"category","embeddable":true,"href":"https:\/\/www.radiopiu.net\/wordpress\/wp-json\/wp\/v2\/categories?post=501753"},{"taxonomy":"post_tag","embeddable":true,"href":"https:\/\/www.radiopiu.net\/wordpress\/wp-json\/wp\/v2\/tags?post=501753"}],"curies":[{"name":"wp","href":"https:\/\/api.w.org\/{rel}","templated":true}]}}