{"id":501842,"date":"2026-03-16T05:31:50","date_gmt":"2026-03-16T04:31:50","guid":{"rendered":"https:\/\/www.radiopiu.net\/wordpress\/?p=501842"},"modified":"2026-03-16T05:37:38","modified_gmt":"2026-03-16T04:37:38","slug":"recuperati-in-elicottero-quattro-escursionisti-bloccati","status":"publish","type":"post","link":"https:\/\/www.radiopiu.net\/wordpress\/recuperati-in-elicottero-quattro-escursionisti-bloccati\/","title":{"rendered":"RECUPERATI IN ELICOTTERO QUATTRO ESCURSIONISTI BLOCCATI DALLA NEVE ALLA BAITA COL MANDRO"},"content":{"rendered":"<p>*******<\/p>\n<p>&nbsp;<\/p>\n<p><strong><a class=\"dt-pswp-item\" href=\"https:\/\/www.radiopiu.net\/wordpress\/wp-content\/uploads\/2025\/02\/SALT.jpg\" data-dt-img-description=\"\" data-large_image_width=\"1903\" data-large_image_height=\"1330\"><img loading=\"lazy\" decoding=\"async\" class=\"aligncenter size-medium wp-image-435451\" src=\"https:\/\/www.radiopiu.net\/wordpress\/wp-content\/uploads\/2025\/02\/SALT-300x210.jpg\" alt=\"\" width=\"300\" height=\"210\" srcset=\"https:\/\/www.radiopiu.net\/wordpress\/wp-content\/uploads\/2025\/02\/SALT-300x210.jpg 300w, https:\/\/www.radiopiu.net\/wordpress\/wp-content\/uploads\/2025\/02\/SALT-1024x716.jpg 1024w, https:\/\/www.radiopiu.net\/wordpress\/wp-content\/uploads\/2025\/02\/SALT-768x537.jpg 768w, https:\/\/www.radiopiu.net\/wordpress\/wp-content\/uploads\/2025\/02\/SALT-1536x1074.jpg 1536w, https:\/\/www.radiopiu.net\/wordpress\/wp-content\/uploads\/2025\/02\/SALT.jpg 1903w\" sizes=\"auto, (max-width: 300px) 100vw, 300px\" \/><\/a>\u00a0<\/strong><\/p>\n<p><strong>SAN TOMASO<\/strong> Questa mattina la Centrale del 118 \u00e8 stata allertata da 4 ragazzi vicentini che, dopo aver passato la notte alla Baita Comunale Col Mandro, si erano svegliati con 50 centimetri di neve fresca e chiedevano aiuto. Per il forte rischio di valanghe e la difficolt\u00e0 di un eventuale rientro dovuta inoltre a un tratto verticale provvisto di cavo e data la presenza di nebbia che impediva l&#8217;intervento dell&#8217;elicottero, \u00e8 stato detto loro di non muoversi, appurato che stavano bene e tenendosi in contatto per aggiornarli. Non appena si \u00e8 aperto un varco nelle nubi, nel pomeriggio Falco \u00e8 decollato e ha raggiunto il bivacco a 1.840 metri di quota. Sceso in hovering, il tecnico di elisoccorso ha poi imbarcato i 4 escursionisti, di et\u00e0 compresa tra i 19 e 24 anni. I ragazzi sono stati trasportati a Cencenighe, da dove un soccorritore di Alleghe ha accompagnato uno di loro a riprendere la macchina. Era pronta a intervenire in supporto alle operazioni anche una squadra del Soccorso alpino della Val Biois.<\/p>\n<p>&nbsp;<\/p>\n<p>&nbsp;<\/p>\n<p>&nbsp;<\/p>\n<p>&nbsp;<\/p>\n<p>********<\/p>\n","protected":false},"excerpt":{"rendered":"<p>******* &nbsp; \u00a0 SAN TOMASO Questa mattina la Centrale del 118 \u00e8 stata allertata da 4 ragazzi vicentini che, dopo aver passato la notte alla Baita Comunale Col Mandro, si erano svegliati con 50 centimetri di neve fresca e chiedevano aiuto. Per il forte rischio di valanghe e la difficolt\u00e0 di un eventuale rientro dovuta&hellip;<\/p>\n","protected":false},"author":4,"featured_media":435451,"comment_status":"closed","ping_status":"closed","sticky":false,"template":"","format":"standard","meta":{"_monsterinsights_skip_tracking":false,"_monsterinsights_sitenote_active":false,"_monsterinsights_sitenote_note":"","_monsterinsights_sitenote_category":0,"footnotes":""},"categories":[51,49],"tags":[],"class_list":["post-501842","post","type-post","status-publish","format-standard","has-post-thumbnail","hentry","category-evidenza-top","category-news-18","category-51","category-49","description-off"],"img_url":"https:\/\/www.radiopiu.net\/wordpress\/wp-content\/uploads\/2025\/02\/SALT.jpg","_links":{"self":[{"href":"https:\/\/www.radiopiu.net\/wordpress\/wp-json\/wp\/v2\/posts\/501842","targetHints":{"allow":["GET"]}}],"collection":[{"href":"https:\/\/www.radiopiu.net\/wordpress\/wp-json\/wp\/v2\/posts"}],"about":[{"href":"https:\/\/www.radiopiu.net\/wordpress\/wp-json\/wp\/v2\/types\/post"}],"author":[{"embeddable":true,"href":"https:\/\/www.radiopiu.net\/wordpress\/wp-json\/wp\/v2\/users\/4"}],"replies":[{"embeddable":true,"href":"https:\/\/www.radiopiu.net\/wordpress\/wp-json\/wp\/v2\/comments?post=501842"}],"version-history":[{"count":3,"href":"https:\/\/www.radiopiu.net\/wordpress\/wp-json\/wp\/v2\/posts\/501842\/revisions"}],"predecessor-version":[{"id":501861,"href":"https:\/\/www.radiopiu.net\/wordpress\/wp-json\/wp\/v2\/posts\/501842\/revisions\/501861"}],"wp:featuredmedia":[{"embeddable":true,"href":"https:\/\/www.radiopiu.net\/wordpress\/wp-json\/wp\/v2\/media\/435451"}],"wp:attachment":[{"href":"https:\/\/www.radiopiu.net\/wordpress\/wp-json\/wp\/v2\/media?parent=501842"}],"wp:term":[{"taxonomy":"category","embeddable":true,"href":"https:\/\/www.radiopiu.net\/wordpress\/wp-json\/wp\/v2\/categories?post=501842"},{"taxonomy":"post_tag","embeddable":true,"href":"https:\/\/www.radiopiu.net\/wordpress\/wp-json\/wp\/v2\/tags?post=501842"}],"curies":[{"name":"wp","href":"https:\/\/api.w.org\/{rel}","templated":true}]}}