{"id":501864,"date":"2026-03-17T05:50:12","date_gmt":"2026-03-17T04:50:12","guid":{"rendered":"https:\/\/www.radiopiu.net\/wordpress\/?p=501864"},"modified":"2026-03-17T07:58:07","modified_gmt":"2026-03-17T06:58:07","slug":"giornale-radiopiu-17-marzo-2026-direttore-mirko-mezzacasa","status":"publish","type":"post","link":"https:\/\/www.radiopiu.net\/wordpress\/giornale-radiopiu-17-marzo-2026-direttore-mirko-mezzacasa\/","title":{"rendered":"GIORNALE RADIOPIU 17 MARZO 2026 DIRETTORE MIRKO MEZZACASA"},"content":{"rendered":"<p>**********<\/p>\n<p><a class=\"dt-pswp-item\" href=\"https:\/\/www.radiopiu.net\/wordpress\/wp-content\/uploads\/2026\/03\/55e4534f-d25b-40b9-b8db-f9e2ab606cc7.png\" data-dt-img-description=\"\" data-large_image_width=\"1536\" data-large_image_height=\"1024\"><img loading=\"lazy\" decoding=\"async\" class=\"aligncenter wp-image-502106 size-full\" src=\"https:\/\/www.radiopiu.net\/wordpress\/wp-content\/uploads\/2026\/03\/55e4534f-d25b-40b9-b8db-f9e2ab606cc7.png\" alt=\"\" width=\"1536\" height=\"1024\" srcset=\"https:\/\/www.radiopiu.net\/wordpress\/wp-content\/uploads\/2026\/03\/55e4534f-d25b-40b9-b8db-f9e2ab606cc7.png 1536w, https:\/\/www.radiopiu.net\/wordpress\/wp-content\/uploads\/2026\/03\/55e4534f-d25b-40b9-b8db-f9e2ab606cc7-300x200.png 300w, https:\/\/www.radiopiu.net\/wordpress\/wp-content\/uploads\/2026\/03\/55e4534f-d25b-40b9-b8db-f9e2ab606cc7-1024x683.png 1024w, https:\/\/www.radiopiu.net\/wordpress\/wp-content\/uploads\/2026\/03\/55e4534f-d25b-40b9-b8db-f9e2ab606cc7-768x512.png 768w\" sizes=\"auto, (max-width: 1536px) 100vw, 1536px\" \/><\/a><\/p>\n<div class=\"flex flex-col text-sm pb-25\">\n<article class=\"text-token-text-primary w-full focus:outline-none [--shadow-height:45px] has-data-writing-block:pointer-events-none has-data-writing-block:-mt-(--shadow-height) has-data-writing-block:pt-(--shadow-height) [&amp;:has([data-writing-block])&gt;*]:pointer-events-auto scroll-mt-[calc(var(--header-height)+min(200px,max(70px,20svh)))]\" dir=\"auto\" tabindex=\"-1\" data-turn-id=\"request-WEB:545a5307-a0c9-41c7-9a5f-bf65aefdb8ec-5\" data-testid=\"conversation-turn-12\" data-scroll-anchor=\"true\" data-turn=\"assistant\">\n<div class=\"text-base my-auto mx-auto pb-10 [--thread-content-margin:--spacing(4)] @w-sm\/main:[--thread-content-margin:--spacing(6)] @w-lg\/main:[--thread-content-margin:--spacing(16)] px-(--thread-content-margin)\">\n<div class=\"[--thread-content-max-width:40rem] @w-lg\/main:[--thread-content-max-width:48rem] mx-auto max-w-(--thread-content-max-width) flex-1 group\/turn-messages focus-visible:outline-hidden relative flex w-full min-w-0 flex-col agent-turn\" tabindex=\"-1\">\n<div class=\"z-0 flex min-h-[46px] justify-start\">\n<h1><\/h1>\n<h1>LA\u00a0 \u00a0 APP<\/h1>\n<p><strong><em><span style=\"color: #ff0000;\">LA\u00a0 APP PER IOS-IPHONE di Nicola Vettorello<\/span><\/em><\/strong><\/p>\n<p><strong><span style=\"color: #0000ff;\"><a style=\"color: #0000ff;\" href=\"https:\/\/apps.apple.com\/it\/app\/radio-pi%C3%B9-emittente-agordina\/id1515939845\">https:\/\/apps.apple.com\/it\/app\/radio-pi%C3%B9-emittente-agordina\/id1515939845<\/a><\/span><\/strong><\/p>\n<p><strong><em style=\"color: #ff0000;\">LA\u00a0 APP RADIO\u00a0 PER ANDROID di Nicola Vettorello<\/em><\/strong><\/p>\n<p><strong><span style=\"color: #0000ff;\"><a style=\"color: #0000ff;\" href=\"https:\/\/play.google.com\/store\/apps\/details?id=net.radiopiu.iniko\" target=\"_blank\" rel=\"noopener noreferrer\">https:\/\/<\/a><a style=\"color: #0000ff;\" href=\"https:\/\/play.google.com\/store\/apps\/details?id=net.radiopiu.iniko\" target=\"_blank\" rel=\"noopener noreferrer\">play.google.com\/store\/apps\/details?id=net.radiopiu.iniko\u00a0\u00a0\u00a0\u00a0\u00a0<\/a><\/span><\/strong><\/p>\n<\/div>\n<\/div>\n<\/div>\n<\/article>\n<\/div>\n<p>&nbsp;<\/p>\n<p>&nbsp;<\/p>\n<hr \/>\n<p>&nbsp;<\/p>\n<h1>DALLA MATITA DI\u00a0 &#8220;VIP&#8221;<\/h1>\n<div class=\"flex flex-col text-sm pb-25\">\n<article class=\"text-token-text-primary w-full focus:outline-none [--shadow-height:45px] has-data-writing-block:pointer-events-none has-data-writing-block:-mt-(--shadow-height) has-data-writing-block:pt-(--shadow-height) [&amp;:has([data-writing-block])&gt;*]:pointer-events-auto scroll-mt-[calc(var(--header-height)+min(200px,max(70px,20svh)))]\" dir=\"auto\" tabindex=\"-1\" data-turn-id=\"request-WEB:545a5307-a0c9-41c7-9a5f-bf65aefdb8ec-5\" data-testid=\"conversation-turn-12\" data-scroll-anchor=\"true\" data-turn=\"assistant\">\n<div class=\"text-base my-auto mx-auto pb-10 [--thread-content-margin:--spacing(4)] @w-sm\/main:[--thread-content-margin:--spacing(6)] @w-lg\/main:[--thread-content-margin:--spacing(16)] px-(--thread-content-margin)\">\n<div class=\"[--thread-content-max-width:40rem] @w-lg\/main:[--thread-content-max-width:48rem] mx-auto max-w-(--thread-content-max-width) flex-1 group\/turn-messages focus-visible:outline-hidden relative flex w-full min-w-0 flex-col agent-turn\" tabindex=\"-1\">\n<div class=\"z-0 flex min-h-[46px] justify-start\">\n<div class=\"flex flex-col text-sm pb-25\">\n<article class=\"text-token-text-primary w-full focus:outline-none [--shadow-height:45px] has-data-writing-block:pointer-events-none has-data-writing-block:-mt-(--shadow-height) has-data-writing-block:pt-(--shadow-height) [&amp;:has([data-writing-block])&gt;*]:pointer-events-auto scroll-mt-[calc(var(--header-height)+min(200px,max(70px,20svh)))]\" dir=\"auto\" tabindex=\"-1\" data-turn-id=\"request-WEB:a7edcfc4-a291-47c4-9f8a-d62256b38be6-12\" data-testid=\"conversation-turn-26\" data-scroll-anchor=\"true\" data-turn=\"assistant\">\n<div class=\"text-base my-auto mx-auto pb-10 [--thread-content-margin:var(--thread-content-margin-xs,calc(var(--spacing)*4))] @w-sm\/main:[--thread-content-margin:var(--thread-content-margin-sm,calc(var(--spacing)*6))] @w-lg\/main:[--thread-content-margin:var(--thread-content-margin-lg,calc(var(--spacing)*16))] px-(--thread-content-margin)\">\n<div class=\"[--thread-content-max-width:40rem] @w-lg\/main:[--thread-content-max-width:48rem] mx-auto max-w-(--thread-content-max-width) flex-1 group\/turn-messages focus-visible:outline-hidden relative flex w-full min-w-0 flex-col agent-turn\" tabindex=\"-1\">\n<div class=\"flex max-w-full flex-col gap-4 grow\">\n<div class=\"min-h-8 text-message relative flex w-full flex-col items-end gap-2 text-start break-words whitespace-normal [.text-message+&amp;]:mt-1\" dir=\"auto\" data-message-author-role=\"assistant\" data-message-id=\"f382224e-245a-48fc-951c-fd93b31e715d\" data-message-model-slug=\"gpt-5-3\">\n<div class=\"flex w-full flex-col gap-1 empty:hidden\">\n<div class=\"markdown prose dark:prose-invert w-full wrap-break-word dark markdown-new-styling\">\n<p data-start=\"0\" data-end=\"680\" data-is-last-node=\"\" data-is-only-node=\"\">Due vignette satiriche firmate PIERALDO Vignazia\u00a0 &#8220;VIP&#8221; puntano il dito sulle contraddizioni della politica e del linguaggio pubblico. Nella prima, intitolata <em data-start=\"152\" data-end=\"181\">\u201cIndipendenza all\u2019italiana\u201d<\/em>, la battuta gioca sul doppio senso tra \u201cbasi\u201d e \u201cvertici\u201d, suggerendo che le decisioni non arrivano dal basso ma dai piani alti del potere. Nella seconda, in stile \u201cguarescando\u201d, un politico annuncia un decreto contro l\u2019antisemitismo e un collega lo interrompe ricordando che anche i palestinesi sono popoli semiti, creando un paradosso linguistico. Due vignette che, con ironia e poche parole, mettono in luce le ambiguit\u00e0 e le semplificazioni del dibattito politico contemporaneo.<\/p>\n<\/div>\n<\/div>\n<\/div>\n<\/div>\n<div class=\"z-0 flex min-h-[46px] justify-start\">\n\n\t\t\t<style type='text\/css'>\n\t\t\t\t#gallery-1 {\n\t\t\t\t\tmargin: auto;\n\t\t\t\t}\n\t\t\t\t#gallery-1 .gallery-item {\n\t\t\t\t\tfloat: left;\n\t\t\t\t\tmargin-top: 10px;\n\t\t\t\t\ttext-align: center;\n\t\t\t\t\twidth: 50%;\n\t\t\t\t}\n\t\t\t\t#gallery-1 img {\n\t\t\t\t\tborder: 2px solid #cfcfcf;\n\t\t\t\t}\n\t\t\t\t#gallery-1 .gallery-caption {\n\t\t\t\t\tmargin-left: 0;\n\t\t\t\t}\n\t\t\t\t\/* see gallery_shortcode() in wp-includes\/media.php *\/\n\t\t\t<\/style>\n\t\t<div id='gallery-1' class='dt-gallery-container gallery galleryid-501864 gallery-columns-2 gallery-size-medium'><dl class='gallery-item'>\n\t\t\t\t<dt class='gallery-icon landscape'>\n\t\t\t\t\t<a class=\"rollover rollover-zoom dt-pswp-item\" title=\"89f7f06a-b947-41b3-8aad-7e4c1e5f4ed9\" data-dt-img-description=\"\" data-large_image_width=\"1075\" data-large_image_height=\"927\"href='https:\/\/www.radiopiu.net\/wordpress\/wp-content\/uploads\/2026\/03\/89f7f06a-b947-41b3-8aad-7e4c1e5f4ed9.jpg'><img loading=\"lazy\" decoding=\"async\" width=\"300\" height=\"259\" src=\"https:\/\/www.radiopiu.net\/wordpress\/wp-content\/uploads\/2026\/03\/89f7f06a-b947-41b3-8aad-7e4c1e5f4ed9-300x259.jpg\" class=\"attachment-medium size-medium\" alt=\"\" srcset=\"https:\/\/www.radiopiu.net\/wordpress\/wp-content\/uploads\/2026\/03\/89f7f06a-b947-41b3-8aad-7e4c1e5f4ed9-300x259.jpg 300w, https:\/\/www.radiopiu.net\/wordpress\/wp-content\/uploads\/2026\/03\/89f7f06a-b947-41b3-8aad-7e4c1e5f4ed9-1024x883.jpg 1024w, https:\/\/www.radiopiu.net\/wordpress\/wp-content\/uploads\/2026\/03\/89f7f06a-b947-41b3-8aad-7e4c1e5f4ed9-768x662.jpg 768w, https:\/\/www.radiopiu.net\/wordpress\/wp-content\/uploads\/2026\/03\/89f7f06a-b947-41b3-8aad-7e4c1e5f4ed9.jpg 1075w\" sizes=\"auto, (max-width: 300px) 100vw, 300px\" \/><\/a>\n\t\t\t\t<\/dt><\/dl><dl class='gallery-item'>\n\t\t\t\t<dt class='gallery-icon landscape'>\n\t\t\t\t\t<a class=\"rollover rollover-zoom dt-pswp-item\" title=\"53daae8b-b082-4cf2-9c9c-f0d711ee1c6c\" data-dt-img-description=\"\" data-large_image_width=\"1080\" data-large_image_height=\"1080\"href='https:\/\/www.radiopiu.net\/wordpress\/wp-content\/uploads\/2026\/03\/53daae8b-b082-4cf2-9c9c-f0d711ee1c6c.jpg'><img loading=\"lazy\" decoding=\"async\" width=\"300\" height=\"300\" src=\"https:\/\/www.radiopiu.net\/wordpress\/wp-content\/uploads\/2026\/03\/53daae8b-b082-4cf2-9c9c-f0d711ee1c6c-300x300.jpg\" class=\"attachment-medium size-medium\" alt=\"\" srcset=\"https:\/\/www.radiopiu.net\/wordpress\/wp-content\/uploads\/2026\/03\/53daae8b-b082-4cf2-9c9c-f0d711ee1c6c-300x300.jpg 300w, https:\/\/www.radiopiu.net\/wordpress\/wp-content\/uploads\/2026\/03\/53daae8b-b082-4cf2-9c9c-f0d711ee1c6c-1024x1024.jpg 1024w, https:\/\/www.radiopiu.net\/wordpress\/wp-content\/uploads\/2026\/03\/53daae8b-b082-4cf2-9c9c-f0d711ee1c6c-150x150.jpg 150w, https:\/\/www.radiopiu.net\/wordpress\/wp-content\/uploads\/2026\/03\/53daae8b-b082-4cf2-9c9c-f0d711ee1c6c-768x768.jpg 768w, https:\/\/www.radiopiu.net\/wordpress\/wp-content\/uploads\/2026\/03\/53daae8b-b082-4cf2-9c9c-f0d711ee1c6c.jpg 1080w\" sizes=\"auto, (max-width: 300px) 100vw, 300px\" \/><\/a>\n\t\t\t\t<\/dt><\/dl><br style=\"clear: both\" \/>\n\t\t\t<\/div>\n\n<\/div>\n<div class=\"mt-3 w-full empty:hidden\">\n<div class=\"text-center\"><\/div>\n<\/div>\n<\/div>\n<\/div>\n<\/article>\n<\/div>\n<div class=\"pointer-events-none h-px w-px absolute bottom-0\" aria-hidden=\"true\" data-edge=\"true\"><\/div>\n<hr \/>\n<p>&nbsp;<\/p>\n<div class=\"page-title-head hgroup\"><\/div>\n<div class=\"flex flex-col text-sm pb-25\">\n<article class=\"text-token-text-primary w-full focus:outline-none [--shadow-height:45px] has-data-writing-block:pointer-events-none has-data-writing-block:-mt-(--shadow-height) has-data-writing-block:pt-(--shadow-height) [&amp;:has([data-writing-block])&gt;*]:pointer-events-auto scroll-mt-[calc(var(--header-height)+min(200px,max(70px,20svh)))]\" dir=\"auto\" tabindex=\"-1\" data-turn-id=\"da2f8a29-4751-44ac-b06a-20d94aeccf8b\" data-testid=\"conversation-turn-28\" data-scroll-anchor=\"true\" data-turn=\"assistant\">\n<div class=\"text-base my-auto mx-auto pb-10 [--thread-content-margin:--spacing(4)] @w-sm\/main:[--thread-content-margin:--spacing(6)] @w-lg\/main:[--thread-content-margin:--spacing(16)] px-(--thread-content-margin)\">\n<div class=\"[--thread-content-max-width:40rem] @w-lg\/main:[--thread-content-max-width:48rem] mx-auto max-w-(--thread-content-max-width) flex-1 group\/turn-messages focus-visible:outline-hidden relative flex w-full min-w-0 flex-col agent-turn\" tabindex=\"-1\">\n<div class=\"flex max-w-full flex-col grow\">\n<div class=\"min-h-8 text-message relative flex w-full flex-col items-end gap-2 text-start break-words whitespace-normal [.text-message+&amp;]:mt-1\" dir=\"auto\" data-message-author-role=\"assistant\" data-message-id=\"77cb542f-301b-441f-9a5c-c89ea331616b\" data-message-model-slug=\"gpt-5-2\">\n<div class=\"flex w-full flex-col gap-1 empty:hidden first:pt-[1px]\">\n<div class=\"markdown prose dark:prose-invert w-full break-words dark markdown-new-styling\">\n<div id=\"writing-block-77cb542f-301b-441f-9a5c-c89ea331616b\" class=\"group relative z-0 my-4 w-full overflow-visible rounded-2xl bg-token-bg-primary dark:bg-[#2a2a2a] shadow-[0px_0px_0px_1px_rgba(0,0,0,0.07),0px_4px_80px_rgba(0,0,0,0.02)]\" data-writing-block=\"true\">\n<div class=\"writing-block-editor markdown-new-styling relative flow-root pt-(--writing-block-editor-pt) pe-(--writing-block-editor-pr) pb-(--writing-block-editor-pb) ps-(--writing-block-editor-pl)\">\n<div class=\"ProseMirror markdown prose dark:prose-invert w-full min-h-6 break-words focus:outline-none\" contenteditable=\"true\" translate=\"no\" aria-disabled=\"false\">\n<h1 style=\"text-align: center;\" data-start=\"0\" data-end=\"50\"><strong data-start=\"4\" data-end=\"77\">SU RADIO PI\u00d9: MUSICA, STORIE E INFORMAZIONE NON STOP!<\/strong><\/h1>\n<p><span class=\"BZ_Pyq_fadeIn\"><a class=\"dt-pswp-item\" href=\"https:\/\/www.radiopiu.net\/wordpress\/wp-content\/uploads\/2026\/02\/MARCHIO-RADIO-PIU-2012-1.jpg\" data-dt-img-description=\"\" data-large_image_width=\"841\" data-large_image_height=\"427\"><img loading=\"lazy\" decoding=\"async\" class=\"aligncenter size-medium wp-image-498108\" src=\"https:\/\/www.radiopiu.net\/wordpress\/wp-content\/uploads\/2026\/02\/MARCHIO-RADIO-PIU-2012-1-300x152.jpg\" alt=\"\" width=\"300\" height=\"152\" srcset=\"https:\/\/www.radiopiu.net\/wordpress\/wp-content\/uploads\/2026\/02\/MARCHIO-RADIO-PIU-2012-1-300x152.jpg 300w, https:\/\/www.radiopiu.net\/wordpress\/wp-content\/uploads\/2026\/02\/MARCHIO-RADIO-PIU-2012-1-768x390.jpg 768w, https:\/\/www.radiopiu.net\/wordpress\/wp-content\/uploads\/2026\/02\/MARCHIO-RADIO-PIU-2012-1.jpg 841w\" sizes=\"auto, (max-width: 300px) 100vw, 300px\" \/><\/a><\/span><\/p>\n<p data-start=\"39\" data-end=\"197\">Giornata ricca di informazione, musica e approfondimenti su <strong data-start=\"99\" data-end=\"112\">Radio Pi\u00f9<\/strong>, con tanti appuntamenti che accompagneranno gli ascoltatori dalla mattina alla sera. Si parte alle <strong data-start=\"213\" data-end=\"221\">8.05<\/strong> con la <strong data-start=\"229\" data-end=\"248\">Rassegna Stampa<\/strong>, l\u2019appuntamento quotidiano dedicato alle principali notizie del territorio e non solo. Alle <strong data-start=\"341\" data-end=\"349\">8.30<\/strong> spazio alla compagnia e al dialogo con <strong data-start=\"389\" data-end=\"404\">\u201cPi\u00f9 Siamo\u201d<\/strong>, insieme a <strong data-start=\"416\" data-end=\"426\">Marina<\/strong>. Alle <strong data-start=\"434\" data-end=\"442\">9.30<\/strong> torna <strong data-start=\"449\" data-end=\"469\">\u201cOggi come ieri\u201d<\/strong> con <strong data-start=\"474\" data-end=\"490\">Silvia Baldo<\/strong>, mentre alle <strong data-start=\"504\" data-end=\"513\">10.10<\/strong> spazio alla lingua ladina con <strong data-start=\"544\" data-end=\"563\">Davide Conedera<\/strong> e <strong data-start=\"566\" data-end=\"597\">\u201cMusla \u2013 Le nove in ladino\u201d<\/strong>. Alle <strong data-start=\"605\" data-end=\"614\">10.30<\/strong> un approfondimento dedicato all\u2019attualit\u00e0: il <strong data-start=\"661\" data-end=\"692\">convegno sulla biodiversit\u00e0<\/strong>, in programma gioved\u00ec nella <strong data-start=\"721\" data-end=\"749\">Sala Don Tamis ad Agordo<\/strong>, raccontato con <strong data-start=\"766\" data-end=\"785\">Renato Da Ronch<\/strong> e il <strong data-start=\"791\" data-end=\"842\">genetista di fama mondiale Salvatore Ceccarelli<\/strong>. Alle <strong data-start=\"850\" data-end=\"859\">11.30<\/strong> arrivano <strong data-start=\"869\" data-end=\"904\">le curiosit\u00e0 di Paola Lancenigo<\/strong>, seguite alle <strong data-start=\"919\" data-end=\"928\">12.00<\/strong> da <strong data-start=\"932\" data-end=\"958\">\u201cLiscio non ti lascio\u201d<\/strong>, l\u2019appuntamento musicale dedicato al ballo liscio. Alle <strong data-start=\"1015\" data-end=\"1024\">12.30<\/strong> il <strong data-start=\"1028\" data-end=\"1045\">GR principale<\/strong> con le notizie della giornata. Nel pomeriggio, alle <strong data-start=\"1099\" data-end=\"1108\">13.10<\/strong>, collegamento con <strong data-start=\"1127\" data-end=\"1148\">Ren\u00e9 De Silvestro<\/strong> e <strong data-start=\"1151\" data-end=\"1176\">Luca Palla da Cortina<\/strong> per parlare di <strong data-start=\"1192\" data-end=\"1205\">Olimpiadi<\/strong>. Alle <strong data-start=\"1212\" data-end=\"1221\">13.30<\/strong> spazio alla <strong data-start=\"1234\" data-end=\"1252\">musica country<\/strong> con <strong data-start=\"1257\" data-end=\"1275\">Alex Nascinben<\/strong>. Alle <strong data-start=\"1283\" data-end=\"1292\">14.00<\/strong> <strong data-start=\"1293\" data-end=\"1312\">Michele Casucci<\/strong> sar\u00e0 ospite di <strong data-start=\"1328\" data-end=\"1341\">Marco Gaz<\/strong> per parlare del <strong data-start=\"1358\" data-end=\"1387\">Torneo Agordino di calcio<\/strong>, mentre alle <strong data-start=\"1401\" data-end=\"1410\">15.00<\/strong> prosegue il <strong data-start=\"1423\" data-end=\"1446\">pomeriggio sportivo<\/strong> sempre con Marco Gaz. Musica protagonista alle <strong data-start=\"1495\" data-end=\"1504\">16.30<\/strong> con <strong data-start=\"1509\" data-end=\"1529\">Mirco Bencivenni<\/strong> e <strong data-start=\"1532\" data-end=\"1554\">le hit del momento<\/strong>. La giornata si chiude alle <strong data-start=\"1584\" data-end=\"1593\">19.10<\/strong> con <strong data-start=\"1598\" data-end=\"1638\">le anticipazioni dal TG di Antenna 3<\/strong>, uno sguardo alle principali notizie in arrivo dal telegiornale.<\/p>\n<p><a class=\"dt-pswp-item\" href=\"https:\/\/www.radiopiu.net\/wordpress\/wp-content\/uploads\/2026\/03\/Screenshot-2026-03-17-045500.png\" data-dt-img-description=\"\" data-large_image_width=\"787\" data-large_image_height=\"236\"><img loading=\"lazy\" decoding=\"async\" class=\"aligncenter wp-image-502079 size-full\" src=\"https:\/\/www.radiopiu.net\/wordpress\/wp-content\/uploads\/2026\/03\/Screenshot-2026-03-17-045500.png\" alt=\"\" width=\"787\" height=\"236\" srcset=\"https:\/\/www.radiopiu.net\/wordpress\/wp-content\/uploads\/2026\/03\/Screenshot-2026-03-17-045500.png 787w, https:\/\/www.radiopiu.net\/wordpress\/wp-content\/uploads\/2026\/03\/Screenshot-2026-03-17-045500-300x90.png 300w, https:\/\/www.radiopiu.net\/wordpress\/wp-content\/uploads\/2026\/03\/Screenshot-2026-03-17-045500-768x230.png 768w\" sizes=\"auto, (max-width: 787px) 100vw, 787px\" \/><\/a><\/p>\n<p>&nbsp;<\/p>\n<\/div>\n<\/div>\n<\/div>\n<\/div>\n<\/div>\n<\/div>\n<\/div>\n<\/div>\n<\/div>\n<\/article>\n<\/div>\n<hr \/>\n<div class=\"x11i5rnm xat24cr x1mh8g0r x1vvkbs xtlvy1s x126k92a\">\n<h1><strong><br \/>\n<span style=\"color: #0000ff;\">N di parom &#8211; L Almanach de la nosta jent<\/span><\/strong><strong style=\"font-size: 14px;\"><span style=\"color: #ff0000;\">OGNI GIORNO ALLE CINQUE E ALLE NOVE E DIECI\u00a0 DEL MATTINO<\/span><\/strong><\/h1>\n<h1><strong style=\"font-size: 14px;\">LA PUNTATA DI OGGI, 17 MARZO 2026<\/strong><\/h1>\n<p>&nbsp;<\/p>\n<\/div>\n<div class=\"x11i5rnm xat24cr x1mh8g0r x1vvkbs xtlvy1s x126k92a\">\n<div dir=\"auto\">\n<hr \/>\n<\/div>\n<\/div>\n<blockquote>\n<h1><\/h1>\n<\/blockquote>\n<h1 style=\"text-align: center;\"><strong>NOTIZIE DELLA NOTTE LA RASSEGNA STAMPA NAZIONALE, AGGIORNAMENTO OGNI GIORNO ALLE SEI DEL MATTINO<\/strong><\/h1>\n<p><a class=\"dt-pswp-item\" href=\"https:\/\/www.radiopiu.net\/wordpress\/wp-content\/uploads\/2026\/03\/Screenshot-2026-03-17-054134.png\" data-dt-img-description=\"\" data-large_image_width=\"443\" data-large_image_height=\"146\"><img loading=\"lazy\" decoding=\"async\" class=\"aligncenter wp-image-502100 size-full\" src=\"https:\/\/www.radiopiu.net\/wordpress\/wp-content\/uploads\/2026\/03\/Screenshot-2026-03-17-054134.png\" alt=\"\" width=\"443\" height=\"146\" srcset=\"https:\/\/www.radiopiu.net\/wordpress\/wp-content\/uploads\/2026\/03\/Screenshot-2026-03-17-054134.png 443w, https:\/\/www.radiopiu.net\/wordpress\/wp-content\/uploads\/2026\/03\/Screenshot-2026-03-17-054134-300x99.png 300w\" sizes=\"auto, (max-width: 443px) 100vw, 443px\" \/><\/a><\/p>\n<h2 data-section-id=\"o3n8u9\" data-start=\"0\" data-end=\"20\"><strong data-start=\"3\" data-end=\"20\">MEDIO ORIENTE<\/strong><\/h2>\n<p data-start=\"22\" data-end=\"733\">Nuova escalation nella guerra tra Israele, Iran e i loro alleati. Nelle ultime ore si sono sentite <strong data-start=\"121\" data-end=\"150\">esplosioni a Dubai e Doha<\/strong> dopo l\u2019allerta per missili e droni iraniani diretti verso i Paesi del Golfo. Le difese aeree hanno intercettato diversi ordigni, ma alcuni detriti sono caduti in aree urbane causando danni e vittime. Gli attacchi arrivano mentre proseguono i raid israeliani su <strong data-start=\"412\" data-end=\"432\">Teheran e Beirut<\/strong>, con centinaia di morti e centinaia di migliaia di sfollati in Libano. Il conflitto, iniziato dopo l\u2019offensiva congiunta di Stati Uniti e Israele contro l\u2019Iran, si sta allargando a tutta la regione e sta mettendo a rischio anche le rotte energetiche del Golfo.<\/p>\n<h2 data-section-id=\"12va10d\" data-start=\"735\" data-end=\"748\"><strong data-start=\"738\" data-end=\"748\">ITALIA<\/strong><\/h2>\n<p data-start=\"750\" data-end=\"1277\">Sul piano politico, la premier Giorgia Meloni ribadisce la prudenza sulla crisi internazionale: intervenire militarmente nello <strong data-start=\"877\" data-end=\"898\">Stretto di Hormuz<\/strong>, ha spiegato, significherebbe un passo verso il coinvolgimento diretto nella guerra. Intanto a Roma diventa un caso l\u2019incontro tra il viceministro degli Esteri Edmondo Cirielli e l\u2019ambasciatore russo, mentre il governo \u00e8 alle prese anche con polemiche interne sul referendum e su presunti sistemi di clientelismo denunciati in Basilicata.<\/p>\n<h2 data-section-id=\"uplukm\" data-start=\"1279\" data-end=\"1293\"><strong data-start=\"1282\" data-end=\"1293\">UCRAINA<\/strong><\/h2>\n<p data-start=\"1295\" data-end=\"1586\">Continuano gli attacchi russi con <strong data-start=\"1329\" data-end=\"1346\">droni su Kiev<\/strong>: alcuni frammenti sono caduti vicino a piazza Maidan, senza provocare vittime gravi. Nella capitale ucraina il presidente Volodymyr Zelensky ha ricevuto l\u2019attore e regista Sean Penn, da tempo sostenitore internazionale della causa ucraina.<\/p>\n<h2 data-section-id=\"l8uky7\" data-start=\"1588\" data-end=\"1600\"><strong data-start=\"1591\" data-end=\"1600\">SPORT<\/strong><\/h2>\n<p data-start=\"1602\" data-end=\"1769\">Sfuma invece il sogno dell\u2019Italia nel <strong data-start=\"1640\" data-end=\"1666\">World Baseball Classic<\/strong>: gli azzurri sono stati battuti 4 a 2 dal Venezuela a Miami e devono dire addio alla corsa nel torneo.<\/p>\n<h1>IL GIORNALE DELLE SEI DEL MATTINO<\/h1>\n<p>&nbsp;<\/p>\n<p>&nbsp;<\/p>\n<p>&nbsp;<\/p>\n<hr \/>\n<p>&nbsp;<\/p>\n<h1 style=\"text-align: center;\"><span style=\"color: #ff0000;\">I podcast informativi del mattino &#8211; audio &#8211;\u00a0<\/span><\/h1>\n<p><strong>OGNI GIORNO ALLE SETTE DEL MATTINO, LA RASSEGNA STAMPA LOCALE FLASH&#8230; PER CHI VA IN FRETTA. I TITOLI DAI GIORNALI E DAL SITO WWW.RADIOPIU.NET <span style=\"color: #0000ff;\">viene pubblicato alle 7.00<\/span> <span style=\"color: #ff0000;\">DIRETTA RADIO\u00a0 <\/span><\/strong><em><span style=\"color: #ff0000;\">per chi va in fretta&#8230; tante notizie in pochi minuti. L&#8217;informazione locale alla radio, ogni ora dalle 7 del mattino alle 19 della sera.<\/span><\/em><\/p>\n<h1 style=\"text-align: center;\">DALL&#8217;ITALIA<\/h1>\n<div class=\"text-base my-auto mx-auto [--thread-content-margin:--spacing(4)] @w-sm\/main:[--thread-content-margin:--spacing(6)] @w-lg\/main:[--thread-content-margin:--spacing(16)] px-(--thread-content-margin)\">\n<div class=\"[--thread-content-max-width:40rem] @w-lg\/main:[--thread-content-max-width:48rem] mx-auto max-w-(--thread-content-max-width) flex-1 group\/turn-messages focus-visible:outline-hidden relative flex w-full min-w-0 flex-col agent-turn\" tabindex=\"-1\">\n<div class=\"flex max-w-full flex-col grow\">\n<div class=\"min-h-8 text-message relative flex w-full flex-col items-end gap-2 text-start break-words whitespace-normal [.text-message+&amp;]:mt-1\" dir=\"auto\" data-message-author-role=\"assistant\" data-message-id=\"267fcfff-1a0f-4670-9dc4-51b6552dafd9\" data-message-model-slug=\"gpt-5-2\">\n<div class=\"flex w-full flex-col gap-1 empty:hidden first:pt-[1px]\">\n<div class=\"markdown prose dark:prose-invert w-full wrap-break-word dark markdown-new-styling\"><\/div>\n<\/div>\n<\/div>\n<\/div>\n<div class=\"z-0 flex min-h-[46px] justify-start\">\n<h2 data-section-id=\"1w9qjbo\" data-start=\"0\" data-end=\"11\"><strong data-start=\"3\" data-end=\"11\" data-wp-editing=\"1\"><a class=\"dt-pswp-item\" href=\"https:\/\/www.radiopiu.net\/wordpress\/wp-content\/uploads\/2026\/03\/Screenshot-2026-03-17-054255.png\" data-dt-img-description=\"\" data-large_image_width=\"426\" data-large_image_height=\"159\"><img loading=\"lazy\" decoding=\"async\" class=\"aligncenter wp-image-502101 size-full\" src=\"https:\/\/www.radiopiu.net\/wordpress\/wp-content\/uploads\/2026\/03\/Screenshot-2026-03-17-054255.png\" alt=\"\" width=\"426\" height=\"159\" srcset=\"https:\/\/www.radiopiu.net\/wordpress\/wp-content\/uploads\/2026\/03\/Screenshot-2026-03-17-054255.png 426w, https:\/\/www.radiopiu.net\/wordpress\/wp-content\/uploads\/2026\/03\/Screenshot-2026-03-17-054255-300x112.png 300w\" sizes=\"auto, (max-width: 426px) 100vw, 426px\" \/><\/a>ROMA<\/strong><\/h2>\n<p data-start=\"13\" data-end=\"341\">Un uomo di 60 anni \u00e8 stato arrestato in flagranza per <strong data-start=\"67\" data-end=\"104\">violenza sessuale su un minorenne<\/strong> nella metropolitana della Capitale. Secondo gli investigatori avrebbe compiuto <strong data-start=\"184\" data-end=\"215\">almeno sei episodi di abuso<\/strong> nei confronti del ragazzo. L\u2019uomo \u00e8 stato fermato dagli agenti e ora dovr\u00e0 rispondere delle accuse davanti alla magistratura.<\/p>\n<h2 data-section-id=\"qrki9c\" data-start=\"343\" data-end=\"356\"><strong data-start=\"346\" data-end=\"356\">NAPOLI<\/strong><\/h2>\n<p data-start=\"358\" data-end=\"716\">Scoperta una rete di <strong data-start=\"379\" data-end=\"438\">truffe informatiche legata alla criminalit\u00e0 organizzata<\/strong>. Un hacker collegato al clan Licciardi sarebbe stato \u201cprestato\u201d ai rivali Mazzarella per attacchi a siti istituzionali e clonazione di carte di credito. Le indagini hanno portato a <strong data-start=\"620\" data-end=\"638\">sedici arresti<\/strong> e a un giro d\u2019affari che fruttava anche <strong data-start=\"679\" data-end=\"715\">duemila o tremila euro al giorno<\/strong>.<\/p>\n<h2 data-section-id=\"1i9dipo\" data-start=\"718\" data-end=\"731\"><strong data-start=\"721\" data-end=\"731\">AREZZO<\/strong><\/h2>\n<p data-start=\"733\" data-end=\"936\">Grave incidente stradale: un\u2019auto \u00e8 uscita di strada e si \u00e8 <strong data-start=\"793\" data-end=\"838\">schiantata contro una rimessa di attrezzi<\/strong>. Nell\u2019impatto \u00e8 morto il conducente. I carabinieri stanno ricostruendo la dinamica dell\u2019accaduto.<\/p>\n<h2 data-section-id=\"1d6x03f\" data-start=\"938\" data-end=\"952\"><strong data-start=\"941\" data-end=\"952\">PRESENA<\/strong><\/h2>\n<p data-start=\"954\" data-end=\"1190\">Uno <strong data-start=\"958\" data-end=\"998\">sciatore \u00e8 rimasto gravemente ferito<\/strong> dopo il distacco di una valanga sul ghiacciaio del Presena. In tutto l\u2019arco alpino, in particolare in <strong data-start=\"1101\" data-end=\"1118\">Valle d\u2019Aosta<\/strong>, il pericolo di valanghe resta molto alto: <strong data-start=\"1162\" data-end=\"1189\">grado quattro su cinque<\/strong>.<\/p>\n<h2 data-section-id=\"1wicqlb\" data-start=\"1192\" data-end=\"1206\"><strong data-start=\"1195\" data-end=\"1206\">ALGHERO<\/strong><\/h2>\n<p data-start=\"1208\" data-end=\"1455\">Macabro ritrovamento in un casolare abbandonato vicino alla costa: <strong data-start=\"1275\" data-end=\"1298\">uno scheletro umano<\/strong> \u00e8 stato trovato in una zona poco distante dalle spiagge. Sono in corso le indagini dei carabinieri per identificare i resti e chiarire le cause della morte.<\/p>\n<\/div>\n<\/div>\n<\/div>\n<div class=\"pointer-events-none h-px w-px absolute bottom-0\" aria-hidden=\"true\" data-edge=\"true\"><\/div>\n<p>&nbsp;<\/p>\n<div class=\"flex flex-col text-sm pb-25\">\n<article class=\"text-token-text-primary w-full focus:outline-none [--shadow-height:45px] has-data-writing-block:pointer-events-none has-data-writing-block:-mt-(--shadow-height) has-data-writing-block:pt-(--shadow-height) [&amp;:has([data-writing-block])&gt;*]:pointer-events-auto scroll-mt-[calc(var(--header-height)+min(200px,max(70px,20svh)))]\" dir=\"auto\" tabindex=\"-1\" data-turn-id=\"4725b8e7-448d-49ef-90cd-737bcdd880f6\" data-testid=\"conversation-turn-10\" data-scroll-anchor=\"true\" data-turn=\"assistant\">\n<div class=\"text-base my-auto mx-auto pb-10 [--thread-content-margin:--spacing(4)] @w-sm\/main:[--thread-content-margin:--spacing(6)] @w-lg\/main:[--thread-content-margin:--spacing(16)] px-(--thread-content-margin)\">\n<div class=\"[--thread-content-max-width:40rem] @w-lg\/main:[--thread-content-max-width:48rem] mx-auto max-w-(--thread-content-max-width) flex-1 group\/turn-messages focus-visible:outline-hidden relative flex w-full min-w-0 flex-col agent-turn\" tabindex=\"-1\">\n<hr \/>\n<h1><\/h1>\n<h1 style=\"text-align: center;\">DALLA REGIONE VENETO<\/h1>\n<div class=\"flex flex-col text-sm pb-25\">\n<article class=\"text-token-text-primary w-full focus:outline-none [--shadow-height:45px] has-data-writing-block:pointer-events-none has-data-writing-block:-mt-(--shadow-height) has-data-writing-block:pt-(--shadow-height) [&amp;:has([data-writing-block])&gt;*]:pointer-events-auto scroll-mt-[calc(var(--header-height)+min(200px,max(70px,20svh)))]\" dir=\"auto\" tabindex=\"-1\" data-turn-id=\"request-WEB:395a30ce-c02d-48c6-adac-8c26190c19fc-13\" data-testid=\"conversation-turn-28\" data-scroll-anchor=\"true\" data-turn=\"assistant\">\n<div class=\"text-base my-auto mx-auto pb-10 [--thread-content-margin:--spacing(4)] @w-sm\/main:[--thread-content-margin:--spacing(6)] @w-lg\/main:[--thread-content-margin:--spacing(16)] px-(--thread-content-margin)\">\n<div class=\"[--thread-content-max-width:40rem] @w-lg\/main:[--thread-content-max-width:48rem] mx-auto max-w-(--thread-content-max-width) flex-1 group\/turn-messages focus-visible:outline-hidden relative flex w-full min-w-0 flex-col agent-turn\" tabindex=\"-1\">\n<div class=\"flex max-w-full flex-col grow\">\n<div class=\"min-h-8 text-message relative flex w-full flex-col items-end gap-2 text-start break-words whitespace-normal [.text-message+&amp;]:mt-1\" dir=\"auto\" data-message-author-role=\"assistant\" data-message-id=\"591443fe-dd2a-4daf-aacb-ee3a0ce88286\" data-message-model-slug=\"gpt-5-2\">\n<div class=\"flex w-full flex-col gap-1 empty:hidden first:pt-[1px]\">\n<div class=\"markdown prose dark:prose-invert w-full wrap-break-word dark markdown-new-styling\">\n<div class=\"flex flex-col text-sm pb-25\">\n<article class=\"text-token-text-primary w-full focus:outline-none [--shadow-height:45px] has-data-writing-block:pointer-events-none has-data-writing-block:-mt-(--shadow-height) has-data-writing-block:pt-(--shadow-height) [&amp;:has([data-writing-block])&gt;*]:pointer-events-auto scroll-mt-[calc(var(--header-height)+min(200px,max(70px,20svh)))]\" dir=\"auto\" tabindex=\"-1\" data-turn-id=\"request-WEB:8a5e7093-3d62-4bde-8de5-bd2a8fc79713-22\" data-testid=\"conversation-turn-46\" data-scroll-anchor=\"true\" data-turn=\"assistant\">\n<div class=\"text-base my-auto mx-auto pb-10 [--thread-content-margin:--spacing(4)] @w-sm\/main:[--thread-content-margin:--spacing(6)] @w-lg\/main:[--thread-content-margin:--spacing(16)] px-(--thread-content-margin)\">\n<div class=\"[--thread-content-max-width:40rem] @w-lg\/main:[--thread-content-max-width:48rem] mx-auto max-w-(--thread-content-max-width) flex-1 group\/turn-messages focus-visible:outline-hidden relative flex w-full min-w-0 flex-col agent-turn\" tabindex=\"-1\">\n<div class=\"mt-3 w-full empty:hidden\">\n<div class=\"text-center\">\n<article class=\"text-token-text-primary w-full focus:outline-none [--shadow-height:45px] has-data-writing-block:pointer-events-none has-data-writing-block:-mt-(--shadow-height) has-data-writing-block:pt-(--shadow-height) [&amp;:has([data-writing-block])&gt;*]:pointer-events-auto scroll-mt-[calc(var(--header-height)+min(200px,max(70px,20svh)))]\" dir=\"auto\" tabindex=\"-1\" data-turn-id=\"request-WEB:a7edcfc4-a291-47c4-9f8a-d62256b38be6-17\" data-testid=\"conversation-turn-36\" data-scroll-anchor=\"true\" data-turn=\"assistant\">\n<div class=\"text-base my-auto mx-auto pb-10 [--thread-content-margin:var(--thread-content-margin-xs,calc(var(--spacing)*4))] @w-sm\/main:[--thread-content-margin:var(--thread-content-margin-sm,calc(var(--spacing)*6))] @w-lg\/main:[--thread-content-margin:var(--thread-content-margin-lg,calc(var(--spacing)*16))] px-(--thread-content-margin)\">\n<div class=\"[--thread-content-max-width:40rem] @w-lg\/main:[--thread-content-max-width:48rem] mx-auto max-w-(--thread-content-max-width) flex-1 group\/turn-messages focus-visible:outline-hidden relative flex w-full min-w-0 flex-col agent-turn\" tabindex=\"-1\">\n<div class=\"flex max-w-full flex-col gap-4 grow\">\n<div class=\"min-h-8 text-message relative flex w-full flex-col items-end gap-2 text-start break-words whitespace-normal [.text-message+&amp;]:mt-1\" dir=\"auto\" data-message-author-role=\"assistant\" data-message-id=\"4029dcf7-0833-42cd-9cff-05879986e1bb\" data-message-model-slug=\"gpt-5-3\">\n<div class=\"flex w-full flex-col gap-1 empty:hidden\">\n<div class=\"streaming-animation markdown prose dark:prose-invert w-full wrap-break-word dark markdown-new-styling\">\n<h2 data-section-id=\"gm5g9x\" data-start=\"0\" data-end=\"14\"><strong data-start=\"3\" data-end=\"14\"><a class=\"dt-pswp-item\" href=\"https:\/\/www.radiopiu.net\/wordpress\/wp-content\/uploads\/2026\/03\/Screenshot-2026-03-17-054442.png\" data-dt-img-description=\"\" data-large_image_width=\"451\" data-large_image_height=\"142\"><img loading=\"lazy\" decoding=\"async\" class=\"aligncenter wp-image-502102 size-full\" src=\"https:\/\/www.radiopiu.net\/wordpress\/wp-content\/uploads\/2026\/03\/Screenshot-2026-03-17-054442.png\" alt=\"\" width=\"451\" height=\"142\" srcset=\"https:\/\/www.radiopiu.net\/wordpress\/wp-content\/uploads\/2026\/03\/Screenshot-2026-03-17-054442.png 451w, https:\/\/www.radiopiu.net\/wordpress\/wp-content\/uploads\/2026\/03\/Screenshot-2026-03-17-054442-300x94.png 300w\" sizes=\"auto, (max-width: 451px) 100vw, 451px\" \/><\/a><\/strong><\/h2>\n<div class=\"flex flex-col text-sm pb-25\">\n<article class=\"text-token-text-primary w-full focus:outline-none [--shadow-height:45px] has-data-writing-block:pointer-events-none has-data-writing-block:-mt-(--shadow-height) has-data-writing-block:pt-(--shadow-height) [&amp;:has([data-writing-block])&gt;*]:pointer-events-auto scroll-mt-[calc(var(--header-height)+min(200px,max(70px,20svh)))]\" dir=\"auto\" tabindex=\"-1\" data-turn-id=\"request-WEB:a7edcfc4-a291-47c4-9f8a-d62256b38be6-18\" data-testid=\"conversation-turn-38\" data-scroll-anchor=\"true\" data-turn=\"assistant\">\n<div class=\"text-base my-auto mx-auto pb-10 [--thread-content-margin:var(--thread-content-margin-xs,calc(var(--spacing)*4))] @w-sm\/main:[--thread-content-margin:var(--thread-content-margin-sm,calc(var(--spacing)*6))] @w-lg\/main:[--thread-content-margin:var(--thread-content-margin-lg,calc(var(--spacing)*16))] px-(--thread-content-margin)\">\n<div class=\"[--thread-content-max-width:40rem] @w-lg\/main:[--thread-content-max-width:48rem] mx-auto max-w-(--thread-content-max-width) flex-1 group\/turn-messages focus-visible:outline-hidden relative flex w-full min-w-0 flex-col agent-turn\" tabindex=\"-1\">\n<div class=\"flex max-w-full flex-col gap-4 grow\">\n<div class=\"min-h-8 text-message relative flex w-full flex-col items-end gap-2 text-start break-words whitespace-normal [.text-message+&amp;]:mt-1\" dir=\"auto\" data-message-author-role=\"assistant\" data-message-id=\"bf692d82-d0ff-455b-aa69-ab19c1433949\" data-message-model-slug=\"gpt-5-3\">\n<div class=\"flex w-full flex-col gap-1 empty:hidden\">\n<div class=\"markdown prose dark:prose-invert w-full wrap-break-word dark markdown-new-styling\">\n<p data-start=\"0\" data-end=\"11\"><strong data-start=\"0\" data-end=\"11\">TREVISO<\/strong><\/p>\n<p data-start=\"13\" data-end=\"326\">Paura sull\u2019autostrada <strong data-start=\"35\" data-end=\"42\">A27<\/strong>, dove un motociclista \u00e8 stato trovato privo di sensi sull\u2019asfalto dopo essere stato sbalzato dalla sella. L\u2019uomo era in arresto cardiaco ma \u00e8 stato salvato grazie al tempestivo intervento dei vigili del fuoco e dei soccorritori che lo hanno rianimato prima del trasporto in ospedale.<\/p>\n<p data-start=\"328\" data-end=\"337\"><strong data-start=\"328\" data-end=\"337\">UDINE<\/strong><\/p>\n<p data-start=\"339\" data-end=\"607\">Arrestato un giovane coinvolto nella <strong data-start=\"376\" data-end=\"408\">truffa del finto carabiniere<\/strong> dopo una fuga sull\u2019autostrada <strong data-start=\"439\" data-end=\"445\">A4<\/strong>. Determinante la collaborazione tra la questura di Udine e la polizia stradale di San Don\u00e0, che ha permesso di bloccare il sospetto al termine dell\u2019inseguimento.<\/p>\n<p data-start=\"609\" data-end=\"619\"><strong data-start=\"609\" data-end=\"619\">VENETO<\/strong><\/p>\n<p data-start=\"621\" data-end=\"913\">Un\u2019inchiesta per <strong data-start=\"638\" data-end=\"657\">abusi su minori<\/strong> potrebbe essere trasferita alla procura di Venezia. Al centro delle indagini un giornalista che avrebbe partecipato a chat straniere con contenuti illegali. Secondo il giudice per le indagini preliminari esiste anche il rischio di inquinamento probatorio.<\/p>\n<p data-start=\"915\" data-end=\"926\"><strong data-start=\"915\" data-end=\"926\">VICENZA<\/strong><\/p>\n<p data-start=\"928\" data-end=\"1171\">Una donna \u00e8 stata <strong data-start=\"946\" data-end=\"994\">ferita con una coltellata da uno sconosciuto<\/strong>. L\u2019aggressore \u00e8 fuggito subito dopo l\u2019attacco, mentre la vittima \u00e8 stata soccorsa e non sarebbe in pericolo di vita. Sono in corso le ricerche da parte delle forze dell\u2019ordine.<\/p>\n<p data-start=\"1173\" data-end=\"1183\"><strong data-start=\"1173\" data-end=\"1183\">PADOVA<\/strong><\/p>\n<p data-start=\"1185\" data-end=\"1441\">Proseguono i controlli sul territorio: negli ultimi <strong data-start=\"1237\" data-end=\"1309\">quindici giorni sono stati emessi 26 provvedimenti di allontanamento<\/strong> nei confronti di cittadini stranieri. Disposti anche tre rimpatri e dodici trasferimenti nei centri di permanenza per il rimpatrio.<\/p>\n<p data-start=\"1674\" data-end=\"1684\"><strong data-start=\"1674\" data-end=\"1684\">VENETO<\/strong><\/p>\n<p data-start=\"1686\" data-end=\"1979\">Sulle strade si registrano diversi incidenti. In uno scontro tra due auto <strong data-start=\"1760\" data-end=\"1802\">cinque persone sono finite in ospedale<\/strong>, tra cui due bambini, con l\u2019intervento dei vigili del fuoco. In un altro caso un\u2019auto \u00e8 uscita di strada finendo contro una casa dopo un volo di diversi metri e capovolgendosi.<\/p>\n<p data-start=\"1981\" data-end=\"1992\"><strong data-start=\"1981\" data-end=\"1992\">VENEZIA<\/strong><\/p>\n<p data-start=\"1994\" data-end=\"2266\" data-is-last-node=\"\" data-is-only-node=\"\">Infine un appello del patriarca di Venezia <strong data-start=\"2037\" data-end=\"2059\">Francesco Moraglia<\/strong>, che invita lavoro e politica a collaborare per affrontare le ricadute dell\u2019intelligenza artificiale sull\u2019occupazione. Il patriarca ha espresso solidariet\u00e0 ai lavoratori di InvestCloud e alle loro famiglie.<\/p>\n<\/div>\n<\/div>\n<\/div>\n<\/div>\n<div class=\"z-0 flex min-h-[46px] justify-start\"><\/div>\n<\/div>\n<\/div>\n<\/article>\n<\/div>\n<\/div>\n<\/div>\n<\/div>\n<\/div>\n<\/div>\n<\/div>\n<\/article>\n<\/div>\n<\/div>\n<\/div>\n<\/div>\n<\/article>\n<\/div>\n<\/div>\n<\/div>\n<\/div>\n<\/div>\n<\/div>\n<\/div>\n<\/article>\n<\/div>\n<p>&nbsp;<\/p>\n<\/div>\n<\/div>\n<\/article>\n<\/div>\n<hr \/>\n<p>&nbsp;<\/p>\n<blockquote>\n<h1><\/h1>\n<h1><a class=\"dt-pswp-item\" href=\"https:\/\/www.radiopiu.net\/wordpress\/wp-content\/uploads\/2024\/05\/La-Val-che-Urla-Mirko-300x169-1.jpg\" data-dt-img-description=\"\" data-large_image_width=\"300\" data-large_image_height=\"169\"><img loading=\"lazy\" decoding=\"async\" class=\"wp-image-388263 aligncenter\" src=\"https:\/\/www.radiopiu.net\/wordpress\/wp-content\/uploads\/2024\/05\/La-Val-che-Urla-Mirko-300x169-1.jpg\" alt=\"\" width=\"215\" height=\"121\" \/><\/a><\/h1>\n<h1 style=\"text-align: center;\">RASSEGNA STAMPA, ORE 7 DEL MATTINO. LE ANTICIPAZIONI<\/h1>\n<p><strong>DI MIRKO MEZZACASA<span style=\"color: #ff0000;\"> aggiornamento alle sette del mattino<\/span><\/strong><\/p><\/blockquote>\n<div class=\"flex flex-col text-sm pb-25\">\n<article class=\"text-token-text-primary w-full focus:outline-none [--shadow-height:45px] has-data-writing-block:pointer-events-none has-data-writing-block:-mt-(--shadow-height) has-data-writing-block:pt-(--shadow-height) [&amp;:has([data-writing-block])&gt;*]:pointer-events-auto scroll-mt-[calc(var(--header-height)+min(200px,max(70px,20svh)))]\" dir=\"auto\" tabindex=\"-1\" data-turn-id=\"request-WEB:395a30ce-c02d-48c6-adac-8c26190c19fc-24\" data-testid=\"conversation-turn-50\" data-scroll-anchor=\"true\" data-turn=\"assistant\">\n<div class=\"text-base my-auto mx-auto pb-10 [--thread-content-margin:--spacing(4)] @w-sm\/main:[--thread-content-margin:--spacing(6)] @w-lg\/main:[--thread-content-margin:--spacing(16)] px-(--thread-content-margin)\"><\/div>\n<\/article>\n<\/div>\n<div class=\"pointer-events-none h-px w-px absolute bottom-0\" aria-hidden=\"true\" data-edge=\"true\">\n<article class=\"text-token-text-primary w-full focus:outline-none [--shadow-height:45px] has-data-writing-block:pointer-events-none has-data-writing-block:-mt-(--shadow-height) has-data-writing-block:pt-(--shadow-height) [&amp;:has([data-writing-block])&gt;*]:pointer-events-auto scroll-mt-[calc(var(--header-height)+min(200px,max(70px,20svh)))]\" dir=\"auto\" tabindex=\"-1\" data-turn-id=\"request-WEB:395a30ce-c02d-48c6-adac-8c26190c19fc-23\" data-testid=\"conversation-turn-48\" data-scroll-anchor=\"false\" data-turn=\"assistant\">\n<div class=\"text-base my-auto mx-auto [--thread-content-margin:--spacing(4)] @w-sm\/main:[--thread-content-margin:--spacing(6)] @w-lg\/main:[--thread-content-margin:--spacing(16)] px-(--thread-content-margin)\">\n<div class=\"[--thread-content-max-width:40rem] @w-lg\/main:[--thread-content-max-width:48rem] mx-auto max-w-(--thread-content-max-width) flex-1 group\/turn-messages focus-visible:outline-hidden relative flex w-full min-w-0 flex-col agent-turn\" tabindex=\"-1\">\n<div class=\"flex max-w-full flex-col grow\">\n<div class=\"min-h-8 text-message relative flex w-full flex-col items-end gap-2 text-start break-words whitespace-normal [.text-message+&amp;]:mt-1\" dir=\"auto\" data-message-author-role=\"assistant\" data-message-id=\"7fddf4eb-6fdb-4366-a540-b1ae38b50a9b\" data-message-model-slug=\"gpt-5-2\">\n<div class=\"flex w-full flex-col gap-1 empty:hidden first:pt-[1px]\">\n<div class=\"markdown prose dark:prose-invert w-full wrap-break-word dark markdown-new-styling\">\n<div class=\"flex flex-col text-sm pb-25\">\n<article class=\"text-token-text-primary w-full focus:outline-none [--shadow-height:45px] has-data-writing-block:pointer-events-none has-data-writing-block:-mt-(--shadow-height) has-data-writing-block:pt-(--shadow-height) [&amp;:has([data-writing-block])&gt;*]:pointer-events-auto scroll-mt-[calc(var(--header-height)+min(200px,max(70px,20svh)))]\" dir=\"auto\" tabindex=\"-1\" data-turn-id=\"request-WEB:59677e25-2b00-49d2-ac56-f4bd152f0e56-16\" data-testid=\"conversation-turn-34\" data-scroll-anchor=\"true\" data-turn=\"assistant\">\n<div class=\"text-base my-auto mx-auto pb-10 [--thread-content-margin:--spacing(4)] @w-sm\/main:[--thread-content-margin:--spacing(6)] @w-lg\/main:[--thread-content-margin:--spacing(16)] px-(--thread-content-margin)\">\n<div class=\"[--thread-content-max-width:40rem] @w-lg\/main:[--thread-content-max-width:48rem] mx-auto max-w-(--thread-content-max-width) flex-1 group\/turn-messages focus-visible:outline-hidden relative flex w-full min-w-0 flex-col agent-turn\" tabindex=\"-1\">\n<div class=\"flex max-w-full flex-col grow\">\n<div class=\"min-h-8 text-message relative flex w-full flex-col items-end gap-2 text-start break-words whitespace-normal [.text-message+&amp;]:mt-1\" dir=\"auto\" data-message-author-role=\"assistant\" data-message-id=\"c470da22-b8fc-4951-a4c1-a3460cfcc73c\" data-message-model-slug=\"gpt-5-2\">\n<div class=\"flex w-full flex-col gap-1 empty:hidden first:pt-[1px]\">\n<div class=\"markdown prose dark:prose-invert w-full wrap-break-word dark markdown-new-styling\">\n<div class=\"pointer-events-none h-px w-px absolute bottom-0\" aria-hidden=\"true\" data-edge=\"true\">\n<article class=\"text-token-text-primary w-full focus:outline-none [--shadow-height:45px] has-data-writing-block:pointer-events-none has-data-writing-block:-mt-(--shadow-height) has-data-writing-block:pt-(--shadow-height) [&amp;:has([data-writing-block])&gt;*]:pointer-events-auto scroll-mt-[calc(var(--header-height)+min(200px,max(70px,20svh)))]\" dir=\"auto\" tabindex=\"-1\" data-turn-id=\"request-WEB:550dd49c-242d-4a86-9b84-975bcd145a32-30\" data-testid=\"conversation-turn-62\" data-scroll-anchor=\"false\" data-turn=\"assistant\">\n<div class=\"text-base my-auto mx-auto [--thread-content-margin:--spacing(4)] @w-sm\/main:[--thread-content-margin:--spacing(6)] @w-lg\/main:[--thread-content-margin:--spacing(16)] px-(--thread-content-margin)\">\n<div class=\"[--thread-content-max-width:40rem] @w-lg\/main:[--thread-content-max-width:48rem] mx-auto max-w-(--thread-content-max-width) flex-1 group\/turn-messages focus-visible:outline-hidden relative flex w-full min-w-0 flex-col agent-turn\" tabindex=\"-1\">\n<div class=\"flex max-w-full flex-col grow\">\n<div class=\"min-h-8 text-message relative flex w-full flex-col items-end gap-2 text-start break-words whitespace-normal [.text-message+&amp;]:mt-1\" dir=\"auto\" data-message-author-role=\"assistant\" data-message-id=\"264db2b0-d3f9-4abe-9360-3542daf637df\" data-message-model-slug=\"gpt-5-2\">\n<div class=\"flex w-full flex-col gap-1 empty:hidden first:pt-[1px]\">\n<div class=\"markdown prose dark:prose-invert w-full wrap-break-word dark markdown-new-styling\">\n<div class=\"pointer-events-none h-px w-px absolute bottom-0\" aria-hidden=\"true\" data-edge=\"true\">\n<p data-start=\"2245\" data-end=\"2348\">\n<\/div>\n<\/div>\n<\/div>\n<\/div>\n<\/div>\n<\/div>\n<\/div>\n<\/article>\n<\/div>\n<\/div>\n<\/div>\n<\/div>\n<\/div>\n<\/div>\n<\/div>\n<\/article>\n<\/div>\n<\/div>\n<\/div>\n<\/div>\n<\/div>\n<\/div>\n<\/div>\n<\/article>\n<\/div>\n<p>&nbsp;<\/p>\n<h1 data-start=\"128\" data-end=\"155\">&#x1f4f0; RASSEGNA STAMPA LOCALE, OGNI GIORNO ALLE 7 PER CHI VA DI FRETTA, ALLE 8.05 DA 43 ANNI<\/h1>\n<\/div>\n<\/div>\n<\/div>\n<\/article>\n<\/div>\n<div class=\"flex flex-col text-sm pb-25\">\n<article class=\"text-token-text-primary w-full focus:outline-none [--shadow-height:45px] has-data-writing-block:pointer-events-none has-data-writing-block:-mt-(--shadow-height) has-data-writing-block:pt-(--shadow-height) [&amp;:has([data-writing-block])&gt;*]:pointer-events-auto scroll-mt-[calc(var(--header-height)+min(200px,max(70px,20svh)))]\" dir=\"auto\" tabindex=\"-1\" data-turn-id=\"request-WEB:545a5307-a0c9-41c7-9a5f-bf65aefdb8ec-5\" data-testid=\"conversation-turn-12\" data-scroll-anchor=\"true\" data-turn=\"assistant\">\n<div class=\"text-base my-auto mx-auto pb-10 [--thread-content-margin:--spacing(4)] @w-sm\/main:[--thread-content-margin:--spacing(6)] @w-lg\/main:[--thread-content-margin:--spacing(16)] px-(--thread-content-margin)\">\n<div class=\"[--thread-content-max-width:40rem] @w-lg\/main:[--thread-content-max-width:48rem] mx-auto max-w-(--thread-content-max-width) flex-1 group\/turn-messages focus-visible:outline-hidden relative flex w-full min-w-0 flex-col agent-turn\" tabindex=\"-1\">\n<div class=\"z-0 flex min-h-[46px] justify-start\">\n<div class=\"pointer-events-none h-px w-px absolute bottom-0\" aria-hidden=\"true\" data-edge=\"true\">\n<article class=\"text-token-text-primary w-full focus:outline-none [--shadow-height:45px] has-data-writing-block:pointer-events-none has-data-writing-block:-mt-(--shadow-height) has-data-writing-block:pt-(--shadow-height) [&amp;:has([data-writing-block])&gt;*]:pointer-events-auto scroll-mt-[calc(var(--header-height)+min(200px,max(70px,20svh)))]\" dir=\"auto\" tabindex=\"-1\" data-turn-id=\"request-WEB:395a30ce-c02d-48c6-adac-8c26190c19fc-23\" data-testid=\"conversation-turn-48\" data-scroll-anchor=\"false\" data-turn=\"assistant\">\n<div class=\"text-base my-auto mx-auto [--thread-content-margin:--spacing(4)] @w-sm\/main:[--thread-content-margin:--spacing(6)] @w-lg\/main:[--thread-content-margin:--spacing(16)] px-(--thread-content-margin)\">\n<div class=\"[--thread-content-max-width:40rem] @w-lg\/main:[--thread-content-max-width:48rem] mx-auto max-w-(--thread-content-max-width) flex-1 group\/turn-messages focus-visible:outline-hidden relative flex w-full min-w-0 flex-col agent-turn\" tabindex=\"-1\">\n<div class=\"z-0 flex min-h-[46px] justify-start\">\n<div class=\"pointer-events-none h-px w-px absolute bottom-0\" aria-hidden=\"true\" data-edge=\"true\">\n<article class=\"text-token-text-primary w-full focus:outline-none [--shadow-height:45px] has-data-writing-block:pointer-events-none has-data-writing-block:-mt-(--shadow-height) has-data-writing-block:pt-(--shadow-height) [&amp;:has([data-writing-block])&gt;*]:pointer-events-auto scroll-mt-(--header-height)\" dir=\"auto\" tabindex=\"-1\" data-turn-id=\"be71d048-10d6-4822-b6f8-d8ba31ea41c6\" data-testid=\"conversation-turn-49\" data-scroll-anchor=\"false\" data-turn=\"user\">\n<div class=\"text-base my-auto mx-auto pt-12 [--thread-content-margin:--spacing(4)] @w-sm\/main:[--thread-content-margin:--spacing(6)] @w-lg\/main:[--thread-content-margin:--spacing(16)] px-(--thread-content-margin)\">\n<div class=\"[--thread-content-max-width:40rem] @w-lg\/main:[--thread-content-max-width:48rem] mx-auto max-w-(--thread-content-max-width) flex-1 group\/turn-messages focus-visible:outline-hidden relative flex w-full min-w-0 flex-col\" tabindex=\"-1\">\n<div class=\"flex max-w-full flex-col grow\">\n<div class=\"min-h-8 text-message relative flex w-full flex-col items-end gap-2 text-start break-words whitespace-normal [.text-message+&amp;]:mt-1\" dir=\"auto\" data-message-author-role=\"user\" data-message-id=\"be71d048-10d6-4822-b6f8-d8ba31ea41c6\">\n<div class=\"flex w-full flex-col gap-1 empty:hidden items-end rtl:items-start\">\n<div class=\"user-message-bubble-color corner-superellipse\/1.1 relative rounded-[18px] px-4 py-1.5 data-[multiline]:py-3 max-w-[var(--user-chat-width,70%)]\">\n<p>DI MIRKO MEZZACASA<\/p>\n<audio class=\"wp-audio-shortcode\" id=\"audio-501864-1\" preload=\"none\" style=\"width: 100%;\" controls=\"controls\"><source type=\"audio\/mpeg\" src=\"https:\/\/www.radiopiu.net\/wordpress\/wp-content\/uploads\/2026\/03\/GF07-13.mp3?_=1\" \/><a href=\"https:\/\/www.radiopiu.net\/wordpress\/wp-content\/uploads\/2026\/03\/GF07-13.mp3\">https:\/\/www.radiopiu.net\/wordpress\/wp-content\/uploads\/2026\/03\/GF07-13.mp3<\/a><\/audio>\n<p>&nbsp;<\/p>\n<\/div>\n<\/div>\n<\/div>\n<\/div>\n<\/div>\n<\/div>\n<\/article>\n<\/div>\n<div class=\"flex flex-col text-sm pb-25\">\n<article class=\"text-token-text-primary w-full focus:outline-none [--shadow-height:45px] has-data-writing-block:pointer-events-none has-data-writing-block:-mt-(--shadow-height) has-data-writing-block:pt-(--shadow-height) [&amp;:has([data-writing-block])&gt;*]:pointer-events-auto scroll-mt-[calc(var(--header-height)+min(200px,max(70px,20svh)))]\" dir=\"auto\" tabindex=\"-1\" data-turn-id=\"6396bcad-d60e-4a56-bb34-35612dfbda6f\" data-testid=\"conversation-turn-128\" data-scroll-anchor=\"true\" data-turn=\"assistant\">\n<div class=\"text-base my-auto mx-auto pb-10 [--thread-content-margin:--spacing(4)] @w-sm\/main:[--thread-content-margin:--spacing(6)] @w-lg\/main:[--thread-content-margin:--spacing(16)] px-(--thread-content-margin)\">\n<div class=\"[--thread-content-max-width:40rem] @w-lg\/main:[--thread-content-max-width:48rem] mx-auto max-w-(--thread-content-max-width) flex-1 group\/turn-messages focus-visible:outline-hidden relative flex w-full min-w-0 flex-col agent-turn\" tabindex=\"-1\">\n<div class=\"flex max-w-full flex-col grow\">\n<div class=\"min-h-8 text-message relative flex w-full flex-col items-end gap-2 text-start break-words whitespace-normal [.text-message+&amp;]:mt-1\" dir=\"auto\" data-message-author-role=\"assistant\" data-message-id=\"e1f3858c-d840-4462-97ca-2f881886e23b\" data-message-model-slug=\"gpt-5-2\">\n<div class=\"flex w-full flex-col gap-1 empty:hidden first:pt-[1px]\">\n<div class=\"markdown prose dark:prose-invert w-full wrap-break-word dark markdown-new-styling\">\n<div class=\"flex h-svh w-screen flex-col\">\n<div class=\"relative z-0 flex min-h-0 w-full flex-1\">\n<div class=\"relative flex min-h-0 w-full flex-1\">\n<div class=\"@container\/main relative flex min-w-0 flex-1 flex-col -translate-y-[calc(env(safe-area-inset-bottom,0px)\/2)] pt-[calc(env(safe-area-inset-bottom,0px)\/2)]\">\n<div class=\"@w-sm\/main:[scrollbar-gutter:stable_both-edges] touch:[scrollbar-width:none] relative flex min-h-0 min-w-0 flex-1 flex-col [scrollbar-gutter:stable] not-print:overflow-x-clip not-print:overflow-y-auto scroll-pt-(--header-height) [--sticky-padding-top:var(--header-height)] has-data-[fixed-header=less-than-xl]:@w-xl\/main:scroll-pt-0 has-data-[fixed-header=less-than-xl]:@w-xl\/main:[--sticky-padding-top:0px] has-data-[fixed-header=less-than-xxl]:@w-2xl\/main:scroll-pt-0 has-data-[fixed-header=less-than-xxl]:@w-2xl\/main:[--sticky-padding-top:0px]\" data-scroll-root=\"\">\n<div id=\"thread\" class=\"group\/thread flex flex-col min-h-full\">\n<div class=\"composer-parent flex flex-1 flex-col focus-visible:outline-0\" role=\"presentation\">\n<div class=\"relative basis-auto flex-col -mb-(--composer-overlap-px) [--composer-overlap-px:28px] grow flex\">\n<div class=\"flex flex-col text-sm pb-25\">\n<article class=\"text-token-text-primary w-full focus:outline-none [--shadow-height:45px] has-data-writing-block:pointer-events-none has-data-writing-block:-mt-(--shadow-height) has-data-writing-block:pt-(--shadow-height) [&amp;:has([data-writing-block])&gt;*]:pointer-events-auto scroll-mt-[calc(var(--header-height)+min(200px,max(70px,20svh)))]\" dir=\"auto\" tabindex=\"-1\" data-turn-id=\"aa5cda40-ad08-42ce-bf30-0508940a0d23\" data-testid=\"conversation-turn-62\" data-scroll-anchor=\"true\" data-turn=\"assistant\">\n<div class=\"text-base my-auto mx-auto pb-10 [--thread-content-margin:--spacing(4)] @w-sm\/main:[--thread-content-margin:--spacing(6)] @w-lg\/main:[--thread-content-margin:--spacing(16)] px-(--thread-content-margin)\">\n<div class=\"[--thread-content-max-width:40rem] @w-lg\/main:[--thread-content-max-width:48rem] mx-auto max-w-(--thread-content-max-width) flex-1 group\/turn-messages focus-visible:outline-hidden relative flex w-full min-w-0 flex-col agent-turn\" tabindex=\"-1\">\n<div class=\"flex max-w-full flex-col grow\">\n<div class=\"min-h-8 text-message relative flex w-full flex-col items-end gap-2 text-start break-words whitespace-normal [.text-message+&amp;]:mt-1\" dir=\"auto\" data-message-author-role=\"assistant\" data-message-id=\"d4146dd0-662c-4cdd-bbea-6d96efca9319\" data-message-model-slug=\"gpt-5-2\">\n<div class=\"flex w-full flex-col gap-1 empty:hidden first:pt-[1px]\">\n<div class=\"markdown prose dark:prose-invert w-full wrap-break-word dark markdown-new-styling\">\n<div class=\"relative basis-auto flex-col -mb-(--composer-overlap-px) [--composer-overlap-px:28px] grow flex\">\n<div class=\"flex flex-col text-sm pb-25\">\n<article class=\"text-token-text-primary w-full focus:outline-none [--shadow-height:45px] has-data-writing-block:pointer-events-none has-data-writing-block:-mt-(--shadow-height) has-data-writing-block:pt-(--shadow-height) [&amp;:has([data-writing-block])&gt;*]:pointer-events-auto scroll-mt-[calc(var(--header-height)+min(200px,max(70px,20svh)))]\" dir=\"auto\" tabindex=\"-1\" data-turn-id=\"81350bf5-52fb-42ef-83ef-88b4111dbe54\" data-testid=\"conversation-turn-28\" data-scroll-anchor=\"true\" data-turn=\"assistant\">\n<div class=\"text-base my-auto mx-auto pb-10 [--thread-content-margin:--spacing(4)] @w-sm\/main:[--thread-content-margin:--spacing(6)] @w-lg\/main:[--thread-content-margin:--spacing(16)] px-(--thread-content-margin)\">\n<div class=\"[--thread-content-max-width:40rem] @w-lg\/main:[--thread-content-max-width:48rem] mx-auto max-w-(--thread-content-max-width) flex-1 group\/turn-messages focus-visible:outline-hidden relative flex w-full min-w-0 flex-col agent-turn\" tabindex=\"-1\">\n<div class=\"flex max-w-full flex-col grow\">\n<div class=\"min-h-8 text-message relative flex w-full flex-col items-end gap-2 text-start break-words whitespace-normal [.text-message+&amp;]:mt-1\" dir=\"auto\" data-message-author-role=\"assistant\" data-message-id=\"199cbd49-05ce-45fd-b525-d3c7639e2a69\" data-message-model-slug=\"gpt-5-2\">\n<div class=\"flex w-full flex-col gap-1 empty:hidden first:pt-[1px]\">\n<div class=\"markdown prose dark:prose-invert w-full wrap-break-word dark markdown-new-styling\">\n<div class=\"flex flex-col text-sm pb-25\">\n<article class=\"text-token-text-primary w-full focus:outline-none [--shadow-height:45px] has-data-writing-block:pointer-events-none has-data-writing-block:-mt-(--shadow-height) has-data-writing-block:pt-(--shadow-height) [&amp;:has([data-writing-block])&gt;*]:pointer-events-auto scroll-mt-[calc(var(--header-height)+min(200px,max(70px,20svh)))]\" dir=\"auto\" tabindex=\"-1\" data-turn-id=\"78c97f80-bdc6-43b1-a375-f3de13fb174c\" data-testid=\"conversation-turn-34\" data-scroll-anchor=\"true\" data-turn=\"assistant\">\n<div class=\"text-base my-auto mx-auto pb-10 [--thread-content-margin:--spacing(4)] @w-sm\/main:[--thread-content-margin:--spacing(6)] @w-lg\/main:[--thread-content-margin:--spacing(16)] px-(--thread-content-margin)\">\n<div class=\"[--thread-content-max-width:40rem] @w-lg\/main:[--thread-content-max-width:48rem] mx-auto max-w-(--thread-content-max-width) flex-1 group\/turn-messages focus-visible:outline-hidden relative flex w-full min-w-0 flex-col agent-turn\" tabindex=\"-1\">\n<div class=\"flex max-w-full flex-col grow\">\n<div class=\"min-h-8 text-message relative flex w-full flex-col items-end gap-2 text-start break-words whitespace-normal [.text-message+&amp;]:mt-1\" dir=\"auto\" data-message-author-role=\"assistant\" data-message-id=\"3bb62ed5-4654-4deb-83da-f5b920ca13b7\" data-message-model-slug=\"gpt-5-2\">\n<div class=\"flex w-full flex-col gap-1 empty:hidden first:pt-[1px]\">\n<div class=\"markdown prose dark:prose-invert w-full wrap-break-word dark markdown-new-styling\">\n<div class=\"flex flex-col text-sm pb-25\">\n<article class=\"text-token-text-primary w-full focus:outline-none [--shadow-height:45px] has-data-writing-block:pointer-events-none has-data-writing-block:-mt-(--shadow-height) has-data-writing-block:pt-(--shadow-height) [&amp;:has([data-writing-block])&gt;*]:pointer-events-auto scroll-mt-[calc(var(--header-height)+min(200px,max(70px,20svh)))]\" dir=\"auto\" tabindex=\"-1\" data-turn-id=\"1c73cbbe-8723-4066-99eb-75301fa1d490\" data-testid=\"conversation-turn-122\" data-scroll-anchor=\"true\" data-turn=\"assistant\">\n<div class=\"text-base my-auto mx-auto pb-10 [--thread-content-margin:--spacing(4)] @w-sm\/main:[--thread-content-margin:--spacing(6)] @w-lg\/main:[--thread-content-margin:--spacing(16)] px-(--thread-content-margin)\">\n<div class=\"[--thread-content-max-width:40rem] @w-lg\/main:[--thread-content-max-width:48rem] mx-auto max-w-(--thread-content-max-width) flex-1 group\/turn-messages focus-visible:outline-hidden relative flex w-full min-w-0 flex-col agent-turn\" tabindex=\"-1\">\n<div class=\"z-0 flex min-h-[46px] justify-start\"><\/div>\n<\/div>\n<\/div>\n<\/article>\n<\/div>\n<\/div>\n<\/div>\n<\/div>\n<\/div>\n<\/div>\n<\/div>\n<\/article>\n<\/div>\n<\/div>\n<\/div>\n<\/div>\n<\/div>\n<\/div>\n<\/div>\n<\/article>\n<\/div>\n<\/div>\n<\/div>\n<\/div>\n<\/div>\n<\/div>\n<\/div>\n<\/div>\n<\/article>\n<\/div>\n<\/div>\n<\/div>\n<\/div>\n<\/div>\n<\/div>\n<\/div>\n<\/div>\n<\/div>\n<\/div>\n<\/div>\n<\/div>\n<\/div>\n<\/div>\n<\/div>\n<\/article>\n<\/div>\n<\/div>\n<\/div>\n<\/div>\n<\/article>\n<\/div>\n<hr \/>\n<p>&nbsp;<\/p>\n<p><strong class=\"photoswipe-wrapper\"><a class=\"dt-pswp-item\" href=\"https:\/\/www.radiopiu.net\/wordpress\/wp-content\/uploads\/2026\/01\/file-2.jpg\" data-dt-img-description=\"\" data-large_image_width=\"640\" data-large_image_height=\"640\"><img loading=\"lazy\" decoding=\"async\" class=\"aligncenter wp-image-492076\" src=\"https:\/\/www.radiopiu.net\/wordpress\/wp-content\/uploads\/2026\/01\/file-2-300x300.jpg\" alt=\"\" width=\"200\" height=\"200\" srcset=\"https:\/\/www.radiopiu.net\/wordpress\/wp-content\/uploads\/2026\/01\/file-2-300x300.jpg 300w, https:\/\/www.radiopiu.net\/wordpress\/wp-content\/uploads\/2026\/01\/file-2-150x150.jpg 150w, https:\/\/www.radiopiu.net\/wordpress\/wp-content\/uploads\/2026\/01\/file-2.jpg 640w\" sizes=\"auto, (max-width: 200px) 100vw, 200px\" \/><\/a><br \/>\nogni sera alle 19 le anticipazioni alla radio, quello che poi seguirete nel TELEGIORNALE BELLUNESE\u00a0 in onda alle 19.30 sul CANALE 10 del digitale terrestre.\u00a0\u00a0<\/strong><\/p>\n<blockquote>\n<h2>ANTICIPAZIONI,\u00a0 DI\u00a0 \u00a0 \u00a0TIZIANA BOLOGNANI<\/h2>\n<audio class=\"wp-audio-shortcode\" id=\"audio-501864-2\" preload=\"none\" style=\"width: 100%;\" controls=\"controls\"><source type=\"audio\/mpeg\" src=\"https:\/\/www.radiopiu.net\/wordpress\/wp-content\/uploads\/2026\/03\/ANTENNA3-9.mp3?_=2\" \/><a href=\"https:\/\/www.radiopiu.net\/wordpress\/wp-content\/uploads\/2026\/03\/ANTENNA3-9.mp3\">https:\/\/www.radiopiu.net\/wordpress\/wp-content\/uploads\/2026\/03\/ANTENNA3-9.mp3<\/a><\/audio><\/blockquote>\n<p>&nbsp;<\/p>\n<p>&nbsp;<\/p>\n<\/div>\n<\/div>\n<\/div>\n<\/article>\n<\/div>\n<div class=\"flex flex-col text-sm pb-25\">\n<article class=\"text-token-text-primary w-full focus:outline-none [--shadow-height:45px] has-data-writing-block:pointer-events-none has-data-writing-block:-mt-(--shadow-height) has-data-writing-block:pt-(--shadow-height) [&amp;:has([data-writing-block])&gt;*]:pointer-events-auto scroll-mt-[calc(var(--header-height)+min(200px,max(70px,20svh)))]\" dir=\"auto\" tabindex=\"-1\" data-turn-id=\"request-WEB:545a5307-a0c9-41c7-9a5f-bf65aefdb8ec-5\" data-testid=\"conversation-turn-12\" data-scroll-anchor=\"true\" data-turn=\"assistant\">\n<div class=\"text-base my-auto mx-auto pb-10 [--thread-content-margin:--spacing(4)] @w-sm\/main:[--thread-content-margin:--spacing(6)] @w-lg\/main:[--thread-content-margin:--spacing(16)] px-(--thread-content-margin)\">\n<div class=\"[--thread-content-max-width:40rem] @w-lg\/main:[--thread-content-max-width:48rem] mx-auto max-w-(--thread-content-max-width) flex-1 group\/turn-messages focus-visible:outline-hidden relative flex w-full min-w-0 flex-col agent-turn\" tabindex=\"-1\">\n<div class=\"z-0 flex min-h-[46px] justify-start\">\n<p>&nbsp;<\/p>\n<p>&nbsp;<\/p>\n<hr \/>\n<p>&nbsp;<\/p>\n<h1><span style=\"color: #ff0000;\"><a class=\"dt-pswp-item\" href=\"https:\/\/www.radiopiu.net\/wordpress\/wp-content\/uploads\/2024\/11\/8.jpg\" data-dt-img-description=\"\" data-large_image_width=\"180\" data-large_image_height=\"180\"><img loading=\"lazy\" decoding=\"async\" class=\"size-full wp-image-417910 aligncenter\" src=\"https:\/\/www.radiopiu.net\/wordpress\/wp-content\/uploads\/2024\/11\/8.jpg\" alt=\"\" width=\"180\" height=\"180\" srcset=\"https:\/\/www.radiopiu.net\/wordpress\/wp-content\/uploads\/2024\/11\/8.jpg 180w, https:\/\/www.radiopiu.net\/wordpress\/wp-content\/uploads\/2024\/11\/8-150x150.jpg 150w\" sizes=\"auto, (max-width: 180px) 100vw, 180px\" \/><\/a><\/span><\/h1>\n<h1><span style=\"color: #ff0000;\">I podcast informativi del mattino &#8211; video &#8211;\u00a0<\/span><\/h1>\n<h2 style=\"text-align: left;\"><strong>RASSEGNA STAMPA LOCALE, ORE OTTO<\/strong><\/h2>\n<h2><strong><span style=\"color: #0000ff;\">viene\u00a0 <\/span><\/strong><strong><span style=\"color: #0000ff;\">pubblicata alle 8.05 <span style=\"color: #ff0000;\">DIRETTA RADIO\u00a0 \u00a0<\/span><\/span><\/strong><strong>DI MIRKO MEZZACASA<\/strong><\/h2>\n<h1><span style=\"color: #ff0000;\"><strong>VIDEO\u00a0 \u00a0in diretta AGGIORNAMENTO\u00a0 dalle 8 del mattino<\/strong><\/span><\/h1>\n\n\t\t\t<style type='text\/css'>\n\t\t\t\t#gallery-2 {\n\t\t\t\t\tmargin: auto;\n\t\t\t\t}\n\t\t\t\t#gallery-2 .gallery-item {\n\t\t\t\t\tfloat: left;\n\t\t\t\t\tmargin-top: 10px;\n\t\t\t\t\ttext-align: center;\n\t\t\t\t\twidth: 33%;\n\t\t\t\t}\n\t\t\t\t#gallery-2 img {\n\t\t\t\t\tborder: 2px solid #cfcfcf;\n\t\t\t\t}\n\t\t\t\t#gallery-2 .gallery-caption {\n\t\t\t\t\tmargin-left: 0;\n\t\t\t\t}\n\t\t\t\t\/* see gallery_shortcode() in wp-includes\/media.php *\/\n\t\t\t<\/style>\n\t\t<div id='gallery-2' class='dt-gallery-container gallery galleryid-501864 gallery-columns-3 gallery-size-medium'><dl class='gallery-item'>\n\t\t\t\t<dt class='gallery-icon landscape'>\n\t\t\t\t\t<a class=\"rollover rollover-zoom dt-pswp-item\" title=\"Screenshot 2026-03-17 052032\" data-dt-img-description=\"\" data-large_image_width=\"568\" data-large_image_height=\"363\"href='https:\/\/www.radiopiu.net\/wordpress\/wp-content\/uploads\/2026\/03\/Screenshot-2026-03-17-052032.png'><img loading=\"lazy\" decoding=\"async\" width=\"300\" height=\"192\" src=\"https:\/\/www.radiopiu.net\/wordpress\/wp-content\/uploads\/2026\/03\/Screenshot-2026-03-17-052032-300x192.png\" class=\"attachment-medium size-medium\" alt=\"\" srcset=\"https:\/\/www.radiopiu.net\/wordpress\/wp-content\/uploads\/2026\/03\/Screenshot-2026-03-17-052032-300x192.png 300w, https:\/\/www.radiopiu.net\/wordpress\/wp-content\/uploads\/2026\/03\/Screenshot-2026-03-17-052032.png 568w\" sizes=\"auto, (max-width: 300px) 100vw, 300px\" \/><\/a>\n\t\t\t\t<\/dt><\/dl><dl class='gallery-item'>\n\t\t\t\t<dt class='gallery-icon landscape'>\n\t\t\t\t\t<a class=\"rollover rollover-zoom dt-pswp-item\" title=\"Screenshot 2026-03-17 052027\" data-dt-img-description=\"\" data-large_image_width=\"549\" data-large_image_height=\"276\"href='https:\/\/www.radiopiu.net\/wordpress\/wp-content\/uploads\/2026\/03\/Screenshot-2026-03-17-052027.png'><img loading=\"lazy\" decoding=\"async\" width=\"300\" height=\"151\" src=\"https:\/\/www.radiopiu.net\/wordpress\/wp-content\/uploads\/2026\/03\/Screenshot-2026-03-17-052027-300x151.png\" class=\"attachment-medium size-medium\" alt=\"\" srcset=\"https:\/\/www.radiopiu.net\/wordpress\/wp-content\/uploads\/2026\/03\/Screenshot-2026-03-17-052027-300x151.png 300w, https:\/\/www.radiopiu.net\/wordpress\/wp-content\/uploads\/2026\/03\/Screenshot-2026-03-17-052027.png 549w\" sizes=\"auto, (max-width: 300px) 100vw, 300px\" \/><\/a>\n\t\t\t\t<\/dt><\/dl><dl class='gallery-item'>\n\t\t\t\t<dt class='gallery-icon landscape'>\n\t\t\t\t\t<a class=\"rollover rollover-zoom dt-pswp-item\" title=\"Screenshot 2026-03-17 051955\" data-dt-img-description=\"\" data-large_image_width=\"684\" data-large_image_height=\"328\"href='https:\/\/www.radiopiu.net\/wordpress\/wp-content\/uploads\/2026\/03\/Screenshot-2026-03-17-051955.png'><img loading=\"lazy\" decoding=\"async\" width=\"300\" height=\"144\" src=\"https:\/\/www.radiopiu.net\/wordpress\/wp-content\/uploads\/2026\/03\/Screenshot-2026-03-17-051955-300x144.png\" class=\"attachment-medium size-medium\" alt=\"\" srcset=\"https:\/\/www.radiopiu.net\/wordpress\/wp-content\/uploads\/2026\/03\/Screenshot-2026-03-17-051955-300x144.png 300w, https:\/\/www.radiopiu.net\/wordpress\/wp-content\/uploads\/2026\/03\/Screenshot-2026-03-17-051955.png 684w\" sizes=\"auto, (max-width: 300px) 100vw, 300px\" \/><\/a>\n\t\t\t\t<\/dt><\/dl><br style=\"clear: both\" \/>\n\t\t\t<\/div>\n\n<\/div>\n<\/div>\n<\/div>\n<\/article>\n<\/div>\n<p><iframe loading=\"lazy\" title=\"DAL 1983 LA RASSEGNA STAMPA LOCALE di mirko mezzacasa. L&#039;ORIGINALE\" width=\"1200\" height=\"675\" src=\"https:\/\/www.youtube.com\/embed\/ybMno0pfZAc?feature=oembed\" frameborder=\"0\" allow=\"accelerometer; autoplay; clipboard-write; encrypted-media; gyroscope; picture-in-picture; web-share\" referrerpolicy=\"strict-origin-when-cross-origin\" allowfullscreen><\/iframe><\/p>\n<p>&nbsp;<\/p>\n<hr \/>\n<p>&nbsp;<\/p>\n<blockquote>\n<h3 style=\"text-align: center;\">LAVORI SULLA SS52 CARNICA: SENSO UNICO ALTERNATO A SANTO STEFANO DI CADORE<\/h3>\n<\/blockquote>\n<p><strong><a class=\"dt-pswp-item\" href=\"https:\/\/www.radiopiu.net\/wordpress\/wp-content\/uploads\/2024\/10\/ANAS.jpg\" data-dt-img-description=\"\" data-large_image_width=\"842\" data-large_image_height=\"595\"><img loading=\"lazy\" decoding=\"async\" class=\"aligncenter wp-image-414157\" src=\"https:\/\/www.radiopiu.net\/wordpress\/wp-content\/uploads\/2024\/10\/ANAS-300x212.jpg\" alt=\"\" width=\"194\" height=\"137\" srcset=\"https:\/\/www.radiopiu.net\/wordpress\/wp-content\/uploads\/2024\/10\/ANAS-300x212.jpg 300w, https:\/\/www.radiopiu.net\/wordpress\/wp-content\/uploads\/2024\/10\/ANAS-768x543.jpg 768w, https:\/\/www.radiopiu.net\/wordpress\/wp-content\/uploads\/2024\/10\/ANAS.jpg 842w\" sizes=\"auto, (max-width: 194px) 100vw, 194px\" \/><\/a>\u00a0<\/strong><\/p>\n<p><strong>VENEZIA <\/strong>Anas informa che lungo la strada statale 52 \u201cCarnica\u201d sar\u00e0 attivato il senso unico alternato nel territorio comunale di Santo Stefano di Cadore per consentire la prosecuzione degli interventi di protezione del corpo stradale. La limitazione riguarda il tratto dal km 86,000 al km 86,900 e sar\u00e0 in vigore fino alle 19.00 del 24 giugno. Il traffico sar\u00e0 regolato da impianto semaforico con supporto di movieri in caso di necessit\u00e0. Sul tratto interessato saranno inoltre in vigore il limite di velocit\u00e0 di 30 km\/h e il divieto di sorpasso. I lavori riguardano la realizzazione di barriere paramassi e il prolungamento delle opere di protezione in corrispondenza della galleria Laste, interventi finalizzati al miglioramento della sicurezza della statale.<\/p>\n<p>&nbsp;<\/p>\n<hr \/>\n<p>&nbsp;<\/p>\n<h1 style=\"text-align: center;\">SAN TOMASO AGORDINO<br \/>\n<a class=\"dt-pswp-item\" href=\"https:\/\/www.radiopiu.net\/wordpress\/wp-content\/uploads\/2026\/03\/61374395-9521-4204-a8e4-121b3710e02e.jpg\" data-dt-img-description=\"\" data-large_image_width=\"960\" data-large_image_height=\"1280\"><img loading=\"lazy\" decoding=\"async\" class=\"aligncenter size-medium wp-image-502110\" src=\"https:\/\/www.radiopiu.net\/wordpress\/wp-content\/uploads\/2026\/03\/61374395-9521-4204-a8e4-121b3710e02e-225x300.jpg\" alt=\"\" width=\"225\" height=\"300\" srcset=\"https:\/\/www.radiopiu.net\/wordpress\/wp-content\/uploads\/2026\/03\/61374395-9521-4204-a8e4-121b3710e02e-225x300.jpg 225w, https:\/\/www.radiopiu.net\/wordpress\/wp-content\/uploads\/2026\/03\/61374395-9521-4204-a8e4-121b3710e02e-768x1024.jpg 768w, https:\/\/www.radiopiu.net\/wordpress\/wp-content\/uploads\/2026\/03\/61374395-9521-4204-a8e4-121b3710e02e.jpg 960w\" sizes=\"auto, (max-width: 225px) 100vw, 225px\" \/><\/a><\/h1>\n<hr \/>\n<p>&nbsp;<\/p>\n<blockquote>\n<h3 style=\"text-align: center;\"><span class=\"BZ_Pyq_fadeIn\">ACQUA <\/span><span class=\"BZ_Pyq_fadeIn\">NON <\/span><span class=\"BZ_Pyq_fadeIn\">POTABILE <\/span><span class=\"BZ_Pyq_fadeIn\">IN <\/span><span class=\"BZ_Pyq_fadeIn\">ALCUNE <\/span><span class=\"BZ_Pyq_fadeIn\">LOCALIT\u00c0 <\/span><span class=\"BZ_Pyq_fadeIn\">DI <\/span><span class=\"BZ_Pyq_fadeIn\">LIVINALLONGO<\/span><\/h3>\n<\/blockquote>\n<p><strong><a class=\"dt-pswp-item\" href=\"https:\/\/www.radiopiu.net\/wordpress\/wp-content\/uploads\/2023\/08\/acqua.jpeg\" data-dt-img-description=\"\" data-large_image_width=\"1038\" data-large_image_height=\"688\"><img loading=\"lazy\" decoding=\"async\" class=\"aligncenter size-medium wp-image-348061\" src=\"https:\/\/www.radiopiu.net\/wordpress\/wp-content\/uploads\/2023\/08\/acqua-300x199.jpeg\" alt=\"\" width=\"300\" height=\"199\" srcset=\"https:\/\/www.radiopiu.net\/wordpress\/wp-content\/uploads\/2023\/08\/acqua-300x199.jpeg 300w, https:\/\/www.radiopiu.net\/wordpress\/wp-content\/uploads\/2023\/08\/acqua-1024x679.jpeg 1024w, https:\/\/www.radiopiu.net\/wordpress\/wp-content\/uploads\/2023\/08\/acqua-768x509.jpeg 768w, https:\/\/www.radiopiu.net\/wordpress\/wp-content\/uploads\/2023\/08\/acqua.jpeg 1038w\" sizes=\"auto, (max-width: 300px) 100vw, 300px\" \/><\/a>\u00a0<\/strong><\/p>\n<p><span class=\"BZ_Pyq_fadeIn\"><strong>LIVINALLONGO <\/strong>Servizi <\/span><span class=\"BZ_Pyq_fadeIn\">Integrati <\/span><span class=\"BZ_Pyq_fadeIn\">Bellunesi <\/span><span class=\"BZ_Pyq_fadeIn\">informa <\/span><span class=\"BZ_Pyq_fadeIn\">che <\/span><span class=\"BZ_Pyq_fadeIn\">a <\/span><span class=\"BZ_Pyq_fadeIn\">Livinallongo <\/span><span class=\"BZ_Pyq_fadeIn\">del <\/span><span class=\"BZ_Pyq_fadeIn\">Col <\/span><span class=\"BZ_Pyq_fadeIn\">di <\/span><span class=\"BZ_Pyq_fadeIn\">Lana, <\/span><span class=\"BZ_Pyq_fadeIn\">nelle <\/span><span class=\"BZ_Pyq_fadeIn\">localit\u00e0 <\/span><span class=\"BZ_Pyq_fadeIn\">Alfauro, <\/span><span class=\"BZ_Pyq_fadeIn\">Crepaz, <\/span><span class=\"BZ_Pyq_fadeIn\">Pezzei, <\/span><span class=\"BZ_Pyq_fadeIn\">Ruaz <\/span><span class=\"BZ_Pyq_fadeIn\">e <\/span><span class=\"BZ_Pyq_fadeIn\">San <\/span><span class=\"BZ_Pyq_fadeIn\">Giovanni, <\/span><span class=\"BZ_Pyq_fadeIn\">l\u2019acqua <\/span><span class=\"BZ_Pyq_fadeIn\">dell\u2019acquedotto <\/span><span class=\"BZ_Pyq_fadeIn\">non <\/span><span class=\"BZ_Pyq_fadeIn\">\u00e8 <\/span><span class=\"BZ_Pyq_fadeIn\">potabile. <\/span><span class=\"BZ_Pyq_fadeIn\">Pu\u00f2 <\/span><span class=\"BZ_Pyq_fadeIn\">essere <\/span><span class=\"BZ_Pyq_fadeIn\">utilizzata <\/span><span class=\"BZ_Pyq_fadeIn\">per <\/span><span class=\"BZ_Pyq_fadeIn\">scopi <\/span><span class=\"BZ_Pyq_fadeIn\">alimentari <\/span><span class=\"BZ_Pyq_fadeIn\">solo <\/span><span class=\"BZ_Pyq_fadeIn\">previa <\/span><span class=\"BZ_Pyq_fadeIn\">bollitura. <\/span><span class=\"BZ_Pyq_fadeIn\">Attivato <\/span><span class=\"BZ_Pyq_fadeIn\">un <\/span><span class=\"BZ_Pyq_fadeIn\">servizio <\/span><span class=\"BZ_Pyq_fadeIn\">sostitutivo <\/span><span class=\"BZ_Pyq_fadeIn\">con <\/span><span class=\"BZ_Pyq_fadeIn\">cisterna <\/span><span class=\"BZ_Pyq_fadeIn\">presso <\/span><span class=\"BZ_Pyq_fadeIn\">la <\/span><span class=\"BZ_Pyq_fadeIn\">Latteria <\/span><span class=\"BZ_Pyq_fadeIn\">Sociale <\/span><span class=\"BZ_Pyq_fadeIn\">di <\/span><span class=\"BZ_Pyq_fadeIn\">Arabba. <\/span><span class=\"BZ_Pyq_fadeIn\">Avviati <\/span><span class=\"BZ_Pyq_fadeIn\">interventi <\/span><span class=\"BZ_Pyq_fadeIn\">di <\/span><span class=\"BZ_Pyq_fadeIn\">pulizia <\/span><span class=\"BZ_Pyq_fadeIn\">e <\/span><span class=\"BZ_Pyq_fadeIn\">disinfezione <\/span><span class=\"BZ_Pyq_fadeIn\">di <\/span><span class=\"BZ_Pyq_fadeIn\">serbatoi <\/span><span class=\"BZ_Pyq_fadeIn\">e <\/span><span class=\"BZ_Pyq_fadeIn\">rete <\/span><span class=\"BZ_Pyq_fadeIn\">idrica.<\/span><\/p>\n<p>&nbsp;<\/p>\n<hr \/>\n<p>&nbsp;<\/p>\n<blockquote>\n<h3 style=\"text-align: center;\">INCIDENTE A BELLUNO, 48ENNE FERITO<\/h3>\n<\/blockquote>\n<p><strong><a class=\"dt-pswp-item\" href=\"https:\/\/www.radiopiu.net\/wordpress\/wp-content\/uploads\/2026\/03\/ambulanza-notte-118-650x432-1.jpg\" data-dt-img-description=\"\" data-large_image_width=\"650\" data-large_image_height=\"432\"><img loading=\"lazy\" decoding=\"async\" class=\"aligncenter size-medium wp-image-502082\" src=\"https:\/\/www.radiopiu.net\/wordpress\/wp-content\/uploads\/2026\/03\/ambulanza-notte-118-650x432-1-300x199.jpg\" alt=\"\" width=\"300\" height=\"199\" srcset=\"https:\/\/www.radiopiu.net\/wordpress\/wp-content\/uploads\/2026\/03\/ambulanza-notte-118-650x432-1-300x199.jpg 300w, https:\/\/www.radiopiu.net\/wordpress\/wp-content\/uploads\/2026\/03\/ambulanza-notte-118-650x432-1.jpg 650w\" sizes=\"auto, (max-width: 300px) 100vw, 300px\" \/><\/a><\/strong><\/p>\n<p>&nbsp;<\/p>\n<h2 style=\"text-align: center;\" data-start=\"0\" data-end=\"71\"><strong data-start=\"17\" data-end=\"71\">INVESTITA A SEDICO, DONNA IN GRAVISSIME CONDIZIONI<\/strong><\/h2>\n<p data-start=\"99\" data-end=\"315\"><strong>SEDICO<\/strong> Grave incidente ieri sera poco dopo le 19 a Sedico, in via del Boscon. Una donna di circa cinquant\u2019anni \u00e8 stata investita da un\u2019auto mentre stava passeggiando lungo la strada insieme a un\u2019altra persona. L\u2019impatto \u00e8 stato molto violento: la donna \u00e8 stata sbalzata in aria e poi caduta sull\u2019asfalto, riportando un grave trauma cranico. Immediato l\u2019allarme al 118. Sul posto sono arrivati l\u2019ambulanza dell\u2019ospedale di Belluno e successivamente l\u2019elicottero del Suem. Dopo essere stata intubata e stabilizzata, la paziente \u00e8 stata trasferita d\u2019urgenza all\u2019ospedale di Treviso. Sul luogo dell\u2019incidente sono intervenuti anche vigili del fuoco e carabinieri, che hanno effettuato i rilievi e chiuso temporaneamente la strada. Il conducente dell\u2019auto, sotto shock, \u00e8 stato ascoltato dai militari. Grande preoccupazione tra i residenti della zona per le condizioni della donna.<\/p>\n<h2 style=\"text-align: center;\"><strong>INCIDENTE A BELLUNO, 48ENNE IN OSPEDALE PER ACCERTAMENTI<\/strong><\/h2>\n<p><strong>REDAZIONE<\/strong> Diversi interventi del Suem 118 nella giornata appena conclusa. Due incidenti si sono verificati sulle piste di Arabba: in entrambi i casi gli sciatori coinvolti sono stati soccorsi dal personale sanitario, ma fortunatamente non hanno riportato conseguenze rilevanti. Un intervento pi\u00f9 significativo \u00e8 avvenuto invece a Limana, dove un uomo di 47 anni \u00e8 rimasto coinvolto in un incidente mentre si trovava in bicicletta. L\u2019uomo ha riportato traumi giudicati di media gravit\u00e0 ed \u00e8 stato trasportato in ospedale per gli accertamenti e le cure necessarie. Altro intervento nel capoluogo: a Belluno, in via San Lorenzo, un uomo di 48 anni \u00e8 rimasto ferito in un incidente. Anche in questo caso \u00e8 stato soccorso dal personale del Suem e trasferito all\u2019ospedale con ferite di media gravit\u00e0.<\/p>\n<p>&nbsp;<\/p>\n<hr \/>\n<p><span style=\"color: #ff0000;\"><strong>OGGI LA GIUDIZIARIA<\/strong><\/span><br \/>\n<span style=\"color: #ff0000;\"><strong>DAL CORRIERE DELLE ALPI &#8211; GIGI SOSSO<\/strong><\/span><\/p>\n<p><a class=\"dt-pswp-item\" href=\"https:\/\/www.radiopiu.net\/wordpress\/wp-content\/uploads\/2026\/03\/8cbbcb04-474a-4478-a93e-1defddb30536-1.png\" data-dt-img-description=\"\" data-large_image_width=\"1536\" data-large_image_height=\"1024\"><img loading=\"lazy\" decoding=\"async\" class=\"aligncenter size-medium wp-image-502099\" src=\"https:\/\/www.radiopiu.net\/wordpress\/wp-content\/uploads\/2026\/03\/8cbbcb04-474a-4478-a93e-1defddb30536-1-300x200.png\" alt=\"\" width=\"300\" height=\"200\" srcset=\"https:\/\/www.radiopiu.net\/wordpress\/wp-content\/uploads\/2026\/03\/8cbbcb04-474a-4478-a93e-1defddb30536-1-300x200.png 300w, https:\/\/www.radiopiu.net\/wordpress\/wp-content\/uploads\/2026\/03\/8cbbcb04-474a-4478-a93e-1defddb30536-1-1024x683.png 1024w, https:\/\/www.radiopiu.net\/wordpress\/wp-content\/uploads\/2026\/03\/8cbbcb04-474a-4478-a93e-1defddb30536-1-768x512.png 768w, https:\/\/www.radiopiu.net\/wordpress\/wp-content\/uploads\/2026\/03\/8cbbcb04-474a-4478-a93e-1defddb30536-1.png 1536w\" sizes=\"auto, (max-width: 300px) 100vw, 300px\" \/><\/a><\/p>\n<div class=\"flex flex-col text-sm pb-25\">\n<article class=\"text-token-text-primary w-full focus:outline-none [--shadow-height:45px] has-data-writing-block:pointer-events-none has-data-writing-block:-mt-(--shadow-height) has-data-writing-block:pt-(--shadow-height) [&amp;:has([data-writing-block])&gt;*]:pointer-events-auto scroll-mt-[calc(var(--header-height)+min(200px,max(70px,20svh)))]\" dir=\"auto\" tabindex=\"-1\" data-turn-id=\"request-WEB:4e4a0edc-ca49-409c-8539-4827504066df-10\" data-testid=\"conversation-turn-22\" data-scroll-anchor=\"true\" data-turn=\"assistant\">\n<div class=\"text-base my-auto mx-auto pb-10 [--thread-content-margin:var(--thread-content-margin-xs,calc(var(--spacing)*4))] @w-sm\/main:[--thread-content-margin:var(--thread-content-margin-sm,calc(var(--spacing)*6))] @w-lg\/main:[--thread-content-margin:var(--thread-content-margin-lg,calc(var(--spacing)*16))] px-(--thread-content-margin)\">\n<div class=\"[--thread-content-max-width:40rem] @w-lg\/main:[--thread-content-max-width:48rem] mx-auto max-w-(--thread-content-max-width) flex-1 group\/turn-messages focus-visible:outline-hidden relative flex w-full min-w-0 flex-col agent-turn\" tabindex=\"-1\">\n<div class=\"flex max-w-full flex-col gap-4 grow\">\n<div class=\"min-h-8 text-message relative flex w-full flex-col items-end gap-2 text-start break-words whitespace-normal [.text-message+&amp;]:mt-1\" dir=\"auto\" data-message-author-role=\"assistant\" data-message-id=\"12b681f5-bb32-47e1-9390-fc1af4554aee\" data-message-model-slug=\"gpt-5-3\">\n<div class=\"flex w-full flex-col gap-1 empty:hidden\">\n<div class=\"markdown prose dark:prose-invert w-full wrap-break-word dark markdown-new-styling\">\n<h3 style=\"text-align: center;\" data-start=\"0\" data-end=\"53\"><strong data-start=\"0\" data-end=\"53\" data-is-last-node=\"\" data-is-only-node=\"\">FINTI RELIGIOSI PER SPILLARE L\u2019EREDIT\u00c0 MILIONARIA<\/strong><\/h3>\n<\/div>\n<\/div>\n<\/div>\n<\/div>\n<div class=\"z-0 flex min-h-[46px] justify-start\">\n<p data-start=\"89\" data-end=\"258\"><strong>BELLUNO<\/strong> Si spacciavano per un diacono di Assisi e per una suora per mettere le mani su un\u2019eredit\u00e0 milionaria. \u00c8 il caso emerso a Belluno e ora finito davanti al giudice. Imputati sono GC, 70 anni di Treviso, e CMP, 46 anni, accusati di sostituzione di persona e circonvenzione di incapace. Secondo l\u2019accusa avrebbero preso di mira una donna bellunese in difficili condizioni di salute, che dopo la morte del marito aveva la disponibilit\u00e0 di circa 280 mila euro di una polizza assicurativa e oltre due milioni di euro in beni immobili. Tra il dicembre 2023 e l\u2019aprile 2024 la coppia avrebbe ottenuto diverse somme di denaro, anche 3-4 mila euro alla volta, oltre al bancomat del marito defunto con cui sarebbero stati effettuati vari prelievi. I carabinieri, dopo le verifiche anche ad Assisi, hanno scoperto che i due religiosi non esistevano. Il processo \u00e8 iniziato ieri davanti al giudice Federico Montalto.<\/p>\n<p data-start=\"89\" data-end=\"258\">\n<\/div>\n<div class=\"mt-3 w-full empty:hidden\">\n<div class=\"text-center\">\n<div class=\"relative basis-auto flex-col -mb-(--composer-overlap-px) [--composer-overlap-px:28px] grow flex\">\n<div class=\"flex flex-col text-sm pb-25\">\n<article class=\"text-token-text-primary w-full focus:outline-none [--shadow-height:45px] has-data-writing-block:pointer-events-none has-data-writing-block:-mt-(--shadow-height) has-data-writing-block:pt-(--shadow-height) [&amp;:has([data-writing-block])&gt;*]:pointer-events-auto scroll-mt-[calc(var(--header-height)+min(200px,max(70px,20svh)))]\" dir=\"auto\" tabindex=\"-1\" data-turn-id=\"request-WEB:4e4a0edc-ca49-409c-8539-4827504066df-18\" data-testid=\"conversation-turn-38\" data-scroll-anchor=\"true\" data-turn=\"assistant\">\n<div class=\"text-base my-auto mx-auto pb-10 [--thread-content-margin:var(--thread-content-margin-xs,calc(var(--spacing)*4))] @w-sm\/main:[--thread-content-margin:var(--thread-content-margin-sm,calc(var(--spacing)*6))] @w-lg\/main:[--thread-content-margin:var(--thread-content-margin-lg,calc(var(--spacing)*16))] px-(--thread-content-margin)\">\n<div class=\"[--thread-content-max-width:40rem] @w-lg\/main:[--thread-content-max-width:48rem] mx-auto max-w-(--thread-content-max-width) flex-1 group\/turn-messages focus-visible:outline-hidden relative flex w-full min-w-0 flex-col agent-turn\" tabindex=\"-1\">\n<div class=\"flex max-w-full flex-col gap-4 grow\">\n<div class=\"min-h-8 text-message relative flex w-full flex-col items-end gap-2 text-start break-words whitespace-normal [.text-message+&amp;]:mt-1\" dir=\"auto\" data-message-author-role=\"assistant\" data-message-id=\"fda0b82c-4982-4938-b263-c787f3bfadb5\" data-message-model-slug=\"gpt-5-3\">\n<div class=\"flex w-full flex-col gap-1 empty:hidden\">\n<div class=\"markdown prose dark:prose-invert w-full wrap-break-word dark markdown-new-styling\">\n<p style=\"text-align: center;\" data-start=\"0\" data-end=\"77\"><strong data-start=\"17\" data-end=\"77\">OPERAIO MORTO SUL LAVORO, MAGNATE DELLE CALZE A PROCESSO<\/strong><\/p>\n<p data-start=\"79\" data-end=\"103\"><strong data-start=\"79\" data-end=\"103\">ALPAGO<\/strong> Prosegue il processo per la morte di Zeljko Manarin, 57 anni, operaio e manutentore della Intersocks di Alpago, morto il 18 dicembre 2023 durante operazioni di carico di un macchinario. L\u2019uomo fu schiacciato da un aspiratore industriale che si ribalt\u00f2 mentre veniva spostato con un muletto. Davanti al giudice Federico Cavalli \u00e8 imputato per omicidio colposo l\u2019imprenditore indiano Paramjeet Singh, patron del gruppo Intersocks. Nel procedimento ci sono gi\u00e0 stati due patteggiamenti: un anno per il carrellista Flavio Fagherazzi e un anno e tre mesi per Adone Peterle, responsabile amministrativo. Colpo di scena nell\u2019ultima udienza: i familiari della vittima hanno ritirato la costituzione di parte civile. Il processo proseguir\u00e0 con il dibattimento fissato per l\u20191 ottobre e il 5 novembre.<\/p>\n<p data-start=\"79\" data-end=\"103\">\n<\/div>\n<\/div>\n<\/div>\n<\/div>\n<div class=\"mt-3 w-full empty:hidden\">\n<h3 class=\"text-center\" style=\"text-align: center;\">PESTAGGIO DOPO LA FESTA A CORTINA<\/h3>\n<\/div>\n<\/div>\n<\/div>\n<\/article>\n<\/div>\n<\/div>\n<div id=\"thread-bottom-container\" class=\"sticky bottom-0 group\/thread-bottom-container relative isolate z-10 w-full basis-auto has-data-has-thread-error:pt-2 has-data-has-thread-error:[box-shadow:var(--sharp-edge-bottom-shadow)] md:border-transparent md:pt-0 dark:border-white\/20 md:dark:border-transparent print:hidden content-fade single-line flex flex-col\">\n<div id=\"thread-bottom\">\n<div>\n<div class=\"text-base mx-auto [--thread-content-margin:var(--thread-content-margin-xs,calc(var(--spacing)*4))] @w-sm\/main:[--thread-content-margin:var(--thread-content-margin-sm,calc(var(--spacing)*6))] @w-lg\/main:[--thread-content-margin:var(--thread-content-margin-lg,calc(var(--spacing)*16))] px-(--thread-content-margin)\">\n<div class=\"[--thread-content-max-width:40rem] @w-lg\/main:[--thread-content-max-width:48rem] mx-auto max-w-(--thread-content-max-width) flex-1 mb-[var(--thread-component-gap,1rem)]\">\n<div class=\"pointer-events-auto relative z-1 flex h-(--composer-container-height,100%) max-w-full flex-(--composer-container-flex,1) flex-col\">\n<form class=\"group\/composer w-full\" data-type=\"unified-composer\">\n<div class=\"\">\n<div class=\"bg-token-bg-primary corner-superellipse\/1.1 cursor-text overflow-clip bg-clip-padding p-2.5 contain-inline-size motion-safe:transition-colors motion-safe:duration-200 motion-safe:ease-in-out dark:bg-[#303030] grid grid-cols-[auto_1fr_auto] [grid-template-areas:'header_header_header'_'leading_primary_trailing'_'._footer_.'] group-data-expanded\/composer:[grid-template-areas:'header_header_header'_'primary_primary_primary'_'leading_footer_trailing'] shadow-short-composer\" data-composer-surface=\"true\">\n<div class=\"-my-2.5 flex min-h-14 items-center overflow-x-hidden px-1.5 [grid-area:primary] group-data-expanded\/composer:mb-0 group-data-expanded\/composer:px-2.5\">\n<div class=\"wcDTda_prosemirror-parent text-token-text-primary max-h-[max(30svh,5rem)] max-h-52 min-h-[var(--deep-research-composer-extra-height,unset)] flex-1 overflow-auto [scrollbar-width:thin] default-browser vertical-scroll-fade-mask\">\n<div id=\"prompt-textarea\" class=\"ProseMirror\" role=\"textbox\" contenteditable=\"true\" translate=\"no\" data-virtualkeyboard=\"true\" aria-multiline=\"true\">\n<div class=\"flex flex-col text-sm pb-25\">\n<article class=\"text-token-text-primary w-full focus:outline-none [--shadow-height:45px] has-data-writing-block:pointer-events-none has-data-writing-block:-mt-(--shadow-height) has-data-writing-block:pt-(--shadow-height) [&amp;:has([data-writing-block])&gt;*]:pointer-events-auto scroll-mt-[calc(var(--header-height)+min(200px,max(70px,20svh)))]\" dir=\"auto\" tabindex=\"-1\" data-turn-id=\"request-WEB:a7edcfc4-a291-47c4-9f8a-d62256b38be6-0\" data-testid=\"conversation-turn-2\" data-scroll-anchor=\"true\" data-turn=\"assistant\">\n<div class=\"text-base my-auto mx-auto pb-10 [--thread-content-margin:var(--thread-content-margin-xs,calc(var(--spacing)*4))] @w-sm\/main:[--thread-content-margin:var(--thread-content-margin-sm,calc(var(--spacing)*6))] @w-lg\/main:[--thread-content-margin:var(--thread-content-margin-lg,calc(var(--spacing)*16))] px-(--thread-content-margin)\">\n<div class=\"[--thread-content-max-width:40rem] @w-lg\/main:[--thread-content-max-width:48rem] mx-auto max-w-(--thread-content-max-width) flex-1 group\/turn-messages focus-visible:outline-hidden relative flex w-full min-w-0 flex-col agent-turn\" tabindex=\"-1\">\n<div class=\"flex max-w-full flex-col gap-4 grow\">\n<div class=\"min-h-8 text-message relative flex w-full flex-col items-end gap-2 text-start break-words whitespace-normal [.text-message+&amp;]:mt-1\" dir=\"auto\" data-message-author-role=\"assistant\" data-message-id=\"84be4f45-df81-4769-a24d-7cb954f97dfb\" data-message-model-slug=\"gpt-5-4-thinking\">\n<div class=\"flex w-full flex-col gap-1 empty:hidden\">\n<div class=\"markdown prose dark:prose-invert w-full wrap-break-word dark markdown-new-styling\">\n<p data-start=\"66\" data-end=\"683\" data-is-last-node=\"\" data-is-only-node=\"\">A Cortina, quattro persone sono a processo per un\u2019aggressione avvenuta nel febbraio 2023 dopo una festa post gara di snowboard sulle Tofane. Tra i feriti ci sono Lino Zanussi, giovane della nota famiglia di imprenditori friulani, e Matteo Alesio Zerial di Trieste. Secondo l\u2019accusa, dopo un diverbio nato all\u2019esterno del tendone dell\u2019apr\u00e8s-ski, i due sarebbero stati picchiati da quattro imputati, tre dei quali dipendenti di un rifugio. Zanussi riport\u00f2 quindici giorni di prognosi. Ieri si \u00e8 aperto il procedimento davanti al giudice Federico Cavalli: il dibattimento inizier\u00e0 il 13 aprile.<\/p>\n<\/div>\n<\/div>\n<\/div>\n<\/div>\n<div class=\"z-0 flex min-h-[46px] justify-start\"><\/div>\n<div class=\"mt-3 w-full empty:hidden\">\n<div class=\"text-center\"><\/div>\n<\/div>\n<\/div>\n<\/div>\n<\/article>\n<\/div>\n<\/div>\n<\/div>\n<\/div>\n<\/div>\n<\/div>\n<\/form>\n<\/div>\n<\/div>\n<\/div>\n<\/div>\n<\/div>\n<\/div>\n<\/div>\n<\/div>\n<\/div>\n<\/div>\n<\/article>\n<\/div>\n<div class=\"pointer-events-none h-px w-px absolute bottom-0\" aria-hidden=\"true\" data-edge=\"true\"><\/div>\n<hr \/>\n<p>&nbsp;<\/p>\n<div class=\"flex flex-col text-sm pb-25\">\n<article class=\"text-token-text-primary w-full focus:outline-none [--shadow-height:45px] has-data-writing-block:pointer-events-none has-data-writing-block:-mt-(--shadow-height) has-data-writing-block:pt-(--shadow-height) [&amp;:has([data-writing-block])&gt;*]:pointer-events-auto scroll-mt-[calc(var(--header-height)+min(200px,max(70px,20svh)))]\" dir=\"auto\" tabindex=\"-1\" data-turn-id=\"request-WEB:4e4a0edc-ca49-409c-8539-4827504066df-16\" data-testid=\"conversation-turn-34\" data-scroll-anchor=\"true\" data-turn=\"assistant\">\n<div class=\"text-base my-auto mx-auto pb-10 [--thread-content-margin:var(--thread-content-margin-xs,calc(var(--spacing)*4))] @w-sm\/main:[--thread-content-margin:var(--thread-content-margin-sm,calc(var(--spacing)*6))] @w-lg\/main:[--thread-content-margin:var(--thread-content-margin-lg,calc(var(--spacing)*16))] px-(--thread-content-margin)\">\n<div class=\"[--thread-content-max-width:40rem] @w-lg\/main:[--thread-content-max-width:48rem] mx-auto max-w-(--thread-content-max-width) flex-1 group\/turn-messages focus-visible:outline-hidden relative flex w-full min-w-0 flex-col agent-turn\" tabindex=\"-1\">\n<div class=\"flex max-w-full flex-col gap-4 grow\">\n<div class=\"min-h-8 text-message relative flex w-full flex-col items-end gap-2 text-start break-words whitespace-normal [.text-message+&amp;]:mt-1\" dir=\"auto\" data-message-author-role=\"assistant\" data-message-id=\"b4e23c7f-555d-4967-8ee6-a3604d8c7ffa\" data-message-model-slug=\"gpt-5-3\">\n<div class=\"flex w-full flex-col gap-1 empty:hidden\">\n<div class=\"markdown prose dark:prose-invert w-full wrap-break-word dark markdown-new-styling\">\n<h2 style=\"text-align: center;\" data-start=\"0\" data-end=\"65\"><strong data-start=\"0\" data-end=\"65\" data-is-last-node=\"\" data-is-only-node=\"\">SETTEVILLE, NUOVE TELECAMERE CONTRO ABBANDONO RIFIUTI E FURTI<\/strong><\/h2>\n<\/div>\n<\/div>\n<\/div>\n<\/div>\n<div class=\"z-0 flex min-h-[46px] justify-start\"><strong><a href=\"https:\/\/www.radiopiu.net\/wordpress\/wp-content\/uploads\/2026\/03\/rifiuti-sulle-strade-della-bergamasca-nuove-telecamere-anti-abbandono-ecco-do_a3d43604-8ad1-11ef-8ebe-259c6932c66f_1920_1080.webp\"><img loading=\"lazy\" decoding=\"async\" class=\"aligncenter size-medium wp-image-502086\" src=\"https:\/\/www.radiopiu.net\/wordpress\/wp-content\/uploads\/2026\/03\/rifiuti-sulle-strade-della-bergamasca-nuove-telecamere-anti-abbandono-ecco-do_a3d43604-8ad1-11ef-8ebe-259c6932c66f_1920_1080-300x169.webp\" alt=\"\" width=\"300\" height=\"169\" srcset=\"https:\/\/www.radiopiu.net\/wordpress\/wp-content\/uploads\/2026\/03\/rifiuti-sulle-strade-della-bergamasca-nuove-telecamere-anti-abbandono-ecco-do_a3d43604-8ad1-11ef-8ebe-259c6932c66f_1920_1080-300x169.webp 300w, https:\/\/www.radiopiu.net\/wordpress\/wp-content\/uploads\/2026\/03\/rifiuti-sulle-strade-della-bergamasca-nuove-telecamere-anti-abbandono-ecco-do_a3d43604-8ad1-11ef-8ebe-259c6932c66f_1920_1080-1024x576.webp 1024w, https:\/\/www.radiopiu.net\/wordpress\/wp-content\/uploads\/2026\/03\/rifiuti-sulle-strade-della-bergamasca-nuove-telecamere-anti-abbandono-ecco-do_a3d43604-8ad1-11ef-8ebe-259c6932c66f_1920_1080-768x432.webp 768w, https:\/\/www.radiopiu.net\/wordpress\/wp-content\/uploads\/2026\/03\/rifiuti-sulle-strade-della-bergamasca-nuove-telecamere-anti-abbandono-ecco-do_a3d43604-8ad1-11ef-8ebe-259c6932c66f_1920_1080-1536x864.webp 1536w, https:\/\/www.radiopiu.net\/wordpress\/wp-content\/uploads\/2026\/03\/rifiuti-sulle-strade-della-bergamasca-nuove-telecamere-anti-abbandono-ecco-do_a3d43604-8ad1-11ef-8ebe-259c6932c66f_1920_1080.webp 1920w\" sizes=\"auto, (max-width: 300px) 100vw, 300px\" \/><\/a><\/strong><\/div>\n<div><\/div>\n<div class=\"z-0 flex min-h-[46px] justify-start\"><strong>S<\/strong><strong>ETTEVILLE<\/strong> \u00a0\u00e8 in corso il rinnovo completo del sistema di videosorveglianza. Il Comune sta installando nuove telecamere nei punti sensibili individuati insieme alle forze dell\u2019ordine, con un investimento di circa 150 mila euro. Da circa un mese sono entrate in funzione anche telecamere mobili contro l\u2019abbandono dei rifiuti. I primi risultati si vedono gi\u00e0: cinque verbali sono stati notificati ad altrettanti responsabili sorpresi a gettare immondizia fuori dai cassonetti o lungo le strade. Le sanzioni sono molto pesanti: da 1.500 fino a 18 mila euro, con possibile sospensione della patente se viene individuato il veicolo. Per le aziende le pene possono arrivare anche all\u2019arresto. Il sindaco Bruno Zanolla sottolinea che l\u2019obiettivo \u00e8 aumentare sicurezza e controllo del territorio, anche in collaborazione con carabinieri e forestali.<\/div>\n<\/div>\n<\/div>\n<\/article>\n<\/div>\n<div class=\"pointer-events-none h-px w-px absolute bottom-0\" aria-hidden=\"true\" data-edge=\"true\"><\/div>\n<p>&nbsp;<\/p>\n<hr \/>\n<p>&nbsp;<\/p>\n<blockquote>\n<h3 style=\"text-align: center;\">SINDACATI BELLUNESI CONTRO IL DECRETO: \u201cA RISCHIO LA CONSIGLIERA DI PARIT\u00c0 TERRITORIALE\u201d<\/h3>\n<\/blockquote>\n<p><strong><a class=\"dt-pswp-item\" href=\"https:\/\/www.radiopiu.net\/wordpress\/wp-content\/uploads\/2026\/03\/66345677-f185-4605-be41-222730e6ea7d.jpg\" data-dt-img-description=\"\" data-large_image_width=\"1600\" data-large_image_height=\"1200\"><img loading=\"lazy\" decoding=\"async\" class=\"aligncenter size-medium wp-image-501980\" src=\"https:\/\/www.radiopiu.net\/wordpress\/wp-content\/uploads\/2026\/03\/66345677-f185-4605-be41-222730e6ea7d-300x225.jpg\" alt=\"\" width=\"300\" height=\"225\" srcset=\"https:\/\/www.radiopiu.net\/wordpress\/wp-content\/uploads\/2026\/03\/66345677-f185-4605-be41-222730e6ea7d-300x225.jpg 300w, https:\/\/www.radiopiu.net\/wordpress\/wp-content\/uploads\/2026\/03\/66345677-f185-4605-be41-222730e6ea7d-1024x768.jpg 1024w, https:\/\/www.radiopiu.net\/wordpress\/wp-content\/uploads\/2026\/03\/66345677-f185-4605-be41-222730e6ea7d-768x576.jpg 768w, https:\/\/www.radiopiu.net\/wordpress\/wp-content\/uploads\/2026\/03\/66345677-f185-4605-be41-222730e6ea7d-1536x1152.jpg 1536w, https:\/\/www.radiopiu.net\/wordpress\/wp-content\/uploads\/2026\/03\/66345677-f185-4605-be41-222730e6ea7d.jpg 1600w\" sizes=\"auto, (max-width: 300px) 100vw, 300px\" \/><\/a>\u00a0<\/strong><\/p>\n<p><strong>BELLUNO<\/strong> \u201cUn grave problema\u201d; \u201cun pretesto\u201d; \u201cerosione di diritti conquistati\u201d: i sindacati bellunesi vanno all&#8217;attacco del decreto nazionale che porterebbe alla soppressione della Consigliera di parit\u00e0 territoriale.<\/p>\n<p><strong>DI DANIELE DALVIT<\/strong><\/p>\n<audio class=\"wp-audio-shortcode\" id=\"audio-501864-3\" preload=\"none\" style=\"width: 100%;\" controls=\"controls\"><source type=\"audio\/mpeg\" src=\"https:\/\/www.radiopiu.net\/wordpress\/wp-content\/uploads\/2026\/03\/Servizio-Sindacati-difesa-consigliera-parita.mp3?_=3\" \/><a href=\"https:\/\/www.radiopiu.net\/wordpress\/wp-content\/uploads\/2026\/03\/Servizio-Sindacati-difesa-consigliera-parita.mp3\">https:\/\/www.radiopiu.net\/wordpress\/wp-content\/uploads\/2026\/03\/Servizio-Sindacati-difesa-consigliera-parita.mp3<\/a><\/audio>\n<p>&nbsp;<\/p>\n<hr \/>\n<p>&nbsp;<\/p>\n<blockquote>\n<h3 style=\"text-align: center;\">DISCARICA PONTE RONCO: MASSIMA ATTENZIONE SUI RISCHI IDRICI<\/h3>\n<\/blockquote>\n<p><strong><a class=\"dt-pswp-item\" href=\"https:\/\/www.radiopiu.net\/wordpress\/wp-content\/uploads\/2019\/10\/download-23.jpg\" data-dt-img-description=\"\" data-large_image_width=\"182\" data-large_image_height=\"277\"><img loading=\"lazy\" decoding=\"async\" class=\"aligncenter size-full wp-image-103547\" src=\"https:\/\/www.radiopiu.net\/wordpress\/wp-content\/uploads\/2019\/10\/download-23.jpg\" alt=\"\" width=\"182\" height=\"277\" \/><\/a>\u00a0<\/strong><\/p>\n<p><strong>BELLUNO <\/strong>Il Consigliere delegato al Demanio Idrico della Provincia di Belluno, Massimo Bortoluzzi, interviene sulle preoccupazioni per la discarica di Ponte Ronco a Canal San Bovo (TN) e il possibile rischio di contaminazione del torrente Vanoi. Bortoluzzi sottolinea che non esiste silenzio: \u00e8 gi\u00e0 stato richiesto ad ARPAV il monitoraggio delle acque con una stazione di campionamento. L\u2019allarme riguarda non solo il Feltrino, ma anche la pianura veneta. Verr\u00e0 inviata una lettera alla Provincia di Trento per chiarimenti su stoccaggio e isolamento dei materiali. La tutela ambientale e della salute pubblica rimane prioritaria.<\/p>\n<p><strong>PER LE TRE RADIO BARBARA PAOLAZZI<\/strong><\/p>\n<audio class=\"wp-audio-shortcode\" id=\"audio-501864-4\" preload=\"none\" style=\"width: 100%;\" controls=\"controls\"><source type=\"audio\/mpeg\" src=\"https:\/\/www.radiopiu.net\/wordpress\/wp-content\/uploads\/2026\/03\/PAOLAZZI-BORTOLUZZI.mp3?_=4\" \/><a href=\"https:\/\/www.radiopiu.net\/wordpress\/wp-content\/uploads\/2026\/03\/PAOLAZZI-BORTOLUZZI.mp3\">https:\/\/www.radiopiu.net\/wordpress\/wp-content\/uploads\/2026\/03\/PAOLAZZI-BORTOLUZZI.mp3<\/a><\/audio>\n<p>&nbsp;<\/p>\n<hr \/>\n<p>&nbsp;<\/p>\n<blockquote>\n<h3 style=\"text-align: center;\">ESSILORLUXOTTICA E DOLCE&amp;GABBANA RINNOVANO LA PARTNERSHIP FINO AL 2050<\/h3>\n<\/blockquote>\n<p><strong><a class=\"dt-pswp-item\" href=\"https:\/\/www.radiopiu.net\/wordpress\/wp-content\/uploads\/2022\/02\/EL_Logotype_black.png\" data-dt-img-description=\"\" data-large_image_width=\"4831\" data-large_image_height=\"525\"><img loading=\"lazy\" decoding=\"async\" class=\"aligncenter size-medium wp-image-257725\" src=\"https:\/\/www.radiopiu.net\/wordpress\/wp-content\/uploads\/2022\/02\/EL_Logotype_black-300x33.png\" alt=\"\" width=\"300\" height=\"33\" srcset=\"https:\/\/www.radiopiu.net\/wordpress\/wp-content\/uploads\/2022\/02\/EL_Logotype_black-300x33.png 300w, https:\/\/www.radiopiu.net\/wordpress\/wp-content\/uploads\/2022\/02\/EL_Logotype_black-1024x111.png 1024w, https:\/\/www.radiopiu.net\/wordpress\/wp-content\/uploads\/2022\/02\/EL_Logotype_black-768x83.png 768w, https:\/\/www.radiopiu.net\/wordpress\/wp-content\/uploads\/2022\/02\/EL_Logotype_black-1536x167.png 1536w, https:\/\/www.radiopiu.net\/wordpress\/wp-content\/uploads\/2022\/02\/EL_Logotype_black-2048x223.png 2048w\" sizes=\"auto, (max-width: 300px) 100vw, 300px\" \/><\/a>\u00a0<\/strong><\/p>\n<p><strong>PARIGI\/MILANO<\/strong> EssilorLuxottica e Dolce&amp;Gabbana hanno annunciato il rinnovo fino al 2050 dell\u2019accordo di licenza per lo sviluppo, la produzione e la distribuzione globale degli occhiali da vista e da sole firmati dal marchio italiano. L\u2019intesa, con un orizzonte di 25 anni, rafforza una collaborazione avviata nel 2004 e considerata tra le pi\u00f9 durature tra industria dell\u2019eyewear e moda. L\u2019obiettivo \u00e8 proseguire un percorso comune basato su innovazione, qualit\u00e0 del prodotto e valorizzazione dello stile italiano nel mondo. Il presidente e amministratore delegato di EssilorLuxottica, Francesco Milleri, ha sottolineato come l\u2019accordo confermi un modello di partnership sempre pi\u00f9 orientato al lungo periodo, capace di integrare visioni strategiche e cultura del prodotto. Anche l\u2019amministratore delegato di Dolce&amp;Gabbana, Alfonso Dolce, ha evidenziato la solidit\u00e0 della collaborazione, che negli anni ha unito eccellenza tecnologica e creativit\u00e0 stilistica, contribuendo al successo internazionale degli occhiali del marchio.<\/p>\n<p>&nbsp;<\/p>\n<p>&nbsp;<\/p>\n<hr \/>\n<p>&nbsp;<\/p>\n<blockquote>\n<h3 style=\"text-align: center;\">ELEZIONI PROVINCIALI A BELLUNO: DOMANI LA SFIDA TRA STAUNOVO POLACCO E VIECELI<br \/>\nAL SEGGIO SOLO SINDACI E CONSIGLIERI. BELLUNO VALE 548 PUNTI, SEDICO, FELTRE, VALBELLUNA S SEDICO 442.. AGORDO 85<\/h3>\n<p>domani gli amministratori voteranno per il rinnovo del solo presidente. Il consiglio, che pure scade oggi, rimarr\u00e0 in carica per novanta giorni, come prevede la legge. Entro questo lasso di tempo vanno convocate e devono svolgersi le elezioni anche per questo organismo.<\/p><\/blockquote>\n<p><strong><a class=\"dt-pswp-item\" href=\"https:\/\/www.radiopiu.net\/wordpress\/wp-content\/uploads\/2026\/03\/2d8f59fa-35e6-4574-824d-f91a59aa4008.jpg\" data-dt-img-description=\"\" data-large_image_width=\"2000\" data-large_image_height=\"1500\"><img loading=\"lazy\" decoding=\"async\" class=\"aligncenter size-medium wp-image-502064\" src=\"https:\/\/www.radiopiu.net\/wordpress\/wp-content\/uploads\/2026\/03\/2d8f59fa-35e6-4574-824d-f91a59aa4008-300x225.jpg\" alt=\"\" width=\"300\" height=\"225\" srcset=\"https:\/\/www.radiopiu.net\/wordpress\/wp-content\/uploads\/2026\/03\/2d8f59fa-35e6-4574-824d-f91a59aa4008-300x225.jpg 300w, https:\/\/www.radiopiu.net\/wordpress\/wp-content\/uploads\/2026\/03\/2d8f59fa-35e6-4574-824d-f91a59aa4008-1024x768.jpg 1024w, https:\/\/www.radiopiu.net\/wordpress\/wp-content\/uploads\/2026\/03\/2d8f59fa-35e6-4574-824d-f91a59aa4008-768x576.jpg 768w, https:\/\/www.radiopiu.net\/wordpress\/wp-content\/uploads\/2026\/03\/2d8f59fa-35e6-4574-824d-f91a59aa4008-1536x1152.jpg 1536w, https:\/\/www.radiopiu.net\/wordpress\/wp-content\/uploads\/2026\/03\/2d8f59fa-35e6-4574-824d-f91a59aa4008.jpg 2000w\" sizes=\"auto, (max-width: 300px) 100vw, 300px\" \/><\/a>\u00a0\u00a0<\/strong><\/p>\n<p><strong>BELLUNO<\/strong> Domani<span class=\"BZ_Pyq_fadeIn\">\u00a0<\/span><span class=\"BZ_Pyq_fadeIn\">si <\/span><span class=\"BZ_Pyq_fadeIn\">terranno <\/span><span class=\"BZ_Pyq_fadeIn\">le <\/span><span class=\"BZ_Pyq_fadeIn\">elezioni <\/span><span class=\"BZ_Pyq_fadeIn\">per <\/span><span class=\"BZ_Pyq_fadeIn\">il <\/span><span class=\"BZ_Pyq_fadeIn\">nuovo <\/span><span class=\"BZ_Pyq_fadeIn\">presidente <\/span><span class=\"BZ_Pyq_fadeIn\">della <\/span><span class=\"BZ_Pyq_fadeIn\">Provincia <\/span><span class=\"BZ_Pyq_fadeIn\">di <\/span><span class=\"BZ_Pyq_fadeIn\">Belluno, <\/span><span class=\"BZ_Pyq_fadeIn\">chiamato <\/span><span class=\"BZ_Pyq_fadeIn\">a <\/span><span class=\"BZ_Pyq_fadeIn\">succedere <\/span><span class=\"BZ_Pyq_fadeIn\">alla <\/span><span class=\"BZ_Pyq_fadeIn\">guida <\/span><span class=\"BZ_Pyq_fadeIn\">di <\/span><span class=\"BZ_Pyq_fadeIn\">Palazzo <\/span><span class=\"BZ_Pyq_fadeIn\">Piloni. <\/span><span class=\"BZ_Pyq_fadeIn\">La <\/span><span class=\"BZ_Pyq_fadeIn\">sfida <\/span><span class=\"BZ_Pyq_fadeIn\">vede <\/span><span class=\"BZ_Pyq_fadeIn\">contrapposti <\/span><span class=\"BZ_Pyq_fadeIn\">due <\/span><span class=\"BZ_Pyq_fadeIn\">candidati: <\/span><span class=\"hover:entity-accent entity-underline inline cursor-pointer align-baseline\"><span class=\"whitespace-normal\">Marco Staunovo Polacco<\/span><\/span><span class=\"BZ_Pyq_fadeIn\">, <\/span><span class=\"BZ_Pyq_fadeIn\">sostenuto <\/span><span class=\"BZ_Pyq_fadeIn\">dal <\/span><span class=\"BZ_Pyq_fadeIn\">centrodestra, <\/span><span class=\"BZ_Pyq_fadeIn\">e <\/span><span class=\"hover:entity-accent entity-underline inline cursor-pointer align-baseline\"><span class=\"whitespace-normal\">Nicola Vieceli<\/span><\/span><span class=\"BZ_Pyq_fadeIn\">, <\/span><span class=\"BZ_Pyq_fadeIn\">candidato <\/span><span class=\"BZ_Pyq_fadeIn\">del <\/span><span class=\"BZ_Pyq_fadeIn\">centrosinistra. <\/span><span class=\"BZ_Pyq_fadeIn\">Staunovo <\/span><span class=\"BZ_Pyq_fadeIn\">Polacco, <\/span><span class=\"BZ_Pyq_fadeIn\">attuale <\/span><span class=\"BZ_Pyq_fadeIn\">sindaco <\/span><span class=\"BZ_Pyq_fadeIn\">di <\/span><span class=\"BZ_Pyq_fadeIn\">Comelico <\/span><span class=\"BZ_Pyq_fadeIn\">Superiore <\/span><span class=\"BZ_Pyq_fadeIn\">e <\/span><span class=\"BZ_Pyq_fadeIn\">presidente <\/span><span class=\"BZ_Pyq_fadeIn\">del <\/span><span class=\"BZ_Pyq_fadeIn\">Consorzio <\/span><span class=\"BZ_Pyq_fadeIn\">BIM <\/span><span class=\"BZ_Pyq_fadeIn\">Piave, <\/span><span class=\"BZ_Pyq_fadeIn\">\u00e8 <\/span><span class=\"BZ_Pyq_fadeIn\">stato <\/span><span class=\"BZ_Pyq_fadeIn\">scelto <\/span><span class=\"BZ_Pyq_fadeIn\">dalla <\/span><span class=\"BZ_Pyq_fadeIn\">coalizione <\/span><span class=\"BZ_Pyq_fadeIn\">di <\/span><span class=\"BZ_Pyq_fadeIn\">centrodestra <\/span><span class=\"BZ_Pyq_fadeIn\">come <\/span><span class=\"BZ_Pyq_fadeIn\">figura <\/span><span class=\"BZ_Pyq_fadeIn\">di <\/span><span class=\"BZ_Pyq_fadeIn\">sintesi <\/span><span class=\"BZ_Pyq_fadeIn\">tra <\/span><span class=\"BZ_Pyq_fadeIn\">i <\/span><span class=\"BZ_Pyq_fadeIn\">territori <\/span><span class=\"BZ_Pyq_fadeIn\">e <\/span><span class=\"BZ_Pyq_fadeIn\">le <\/span><span class=\"BZ_Pyq_fadeIn\">amministrazioni <\/span><span class=\"BZ_Pyq_fadeIn\">locali. <\/span><span class=\"BZ_Pyq_fadeIn\">Vieceli, <\/span><span class=\"BZ_Pyq_fadeIn\">sindaco <\/span><span class=\"BZ_Pyq_fadeIn\">di <\/span><span class=\"BZ_Pyq_fadeIn\">San <\/span><span class=\"BZ_Pyq_fadeIn\">Gregorio <\/span><span class=\"BZ_Pyq_fadeIn\">nelle <\/span><span class=\"BZ_Pyq_fadeIn\">Alpi <\/span><span class=\"BZ_Pyq_fadeIn\">e <\/span><span class=\"BZ_Pyq_fadeIn\">consigliere <\/span><span class=\"BZ_Pyq_fadeIn\">provinciale, <\/span><span class=\"BZ_Pyq_fadeIn\">rappresenta <\/span><span class=\"BZ_Pyq_fadeIn\">invece <\/span><span class=\"BZ_Pyq_fadeIn\">la <\/span><span class=\"BZ_Pyq_fadeIn\">proposta <\/span><span class=\"BZ_Pyq_fadeIn\">del <\/span><span class=\"BZ_Pyq_fadeIn\">centrosinistra. <\/span><span class=\"BZ_Pyq_fadeIn\">A <\/span><span class=\"BZ_Pyq_fadeIn\">votare <\/span><span class=\"BZ_Pyq_fadeIn\">saranno <\/span><span class=\"BZ_Pyq_fadeIn\">sindaci <\/span><span class=\"BZ_Pyq_fadeIn\">e <\/span><span class=\"BZ_Pyq_fadeIn\">consiglieri <\/span><span class=\"BZ_Pyq_fadeIn\">comunali <\/span><span class=\"BZ_Pyq_fadeIn\">della <\/span><span class=\"BZ_Pyq_fadeIn\">provincia, <\/span><span class=\"BZ_Pyq_fadeIn\">secondo <\/span><span class=\"BZ_Pyq_fadeIn\">il <\/span><span class=\"BZ_Pyq_fadeIn\">sistema <\/span><span class=\"BZ_Pyq_fadeIn\">delle <\/span><span class=\"BZ_Pyq_fadeIn\">elezioni <\/span><span class=\"BZ_Pyq_fadeIn\">provinciali <\/span><span class=\"BZ_Pyq_fadeIn\">di <\/span><span class=\"BZ_Pyq_fadeIn\">secondo <\/span><span class=\"BZ_Pyq_fadeIn\">livello.<\/span><\/p>\n<p><strong>LE INTERVISTE DI MARINA DONA&#8217;<\/strong><\/p>\n<audio class=\"wp-audio-shortcode\" id=\"audio-501864-5\" preload=\"none\" style=\"width: 100%;\" controls=\"controls\"><source type=\"audio\/mpeg\" src=\"https:\/\/www.radiopiu.net\/wordpress\/wp-content\/uploads\/2026\/03\/INT-PROV.mp3?_=5\" \/><a href=\"https:\/\/www.radiopiu.net\/wordpress\/wp-content\/uploads\/2026\/03\/INT-PROV.mp3\">https:\/\/www.radiopiu.net\/wordpress\/wp-content\/uploads\/2026\/03\/INT-PROV.mp3<\/a><\/audio>\n<p>&nbsp;<\/p>\n<p><strong>L&#8217;INCONTRO IN SALA DON TAMIS AD AGORDO<\/strong><\/p>\n<p><iframe loading=\"lazy\" title=\"INCONTRO AD AGORDO PER LA PRESENTAZIONE DEI CANDIDATI ALLA PRESIDENZA DELLA PROVINCIA\" width=\"1200\" height=\"675\" src=\"https:\/\/www.youtube.com\/embed\/DahBjE_rU6g?start=3489&#038;feature=oembed\" frameborder=\"0\" allow=\"accelerometer; autoplay; clipboard-write; encrypted-media; gyroscope; picture-in-picture; web-share\" referrerpolicy=\"strict-origin-when-cross-origin\" allowfullscreen><\/iframe><\/p>\n<p>&nbsp;<\/p>\n<hr \/>\n<p>&nbsp;<\/p>\n<blockquote>\n<h3 style=\"text-align: center;\">DOPO LE PARALIMPIADI 2026: ORGOGLIO, INCLUSIONE E NUOVE SFIDE PER LA MONTAGNA<\/h3>\n<\/blockquote>\n<p><strong><a class=\"dt-pswp-item\" href=\"https:\/\/www.radiopiu.net\/wordpress\/wp-content\/uploads\/2026\/02\/Presidente_Lorraine_Berton.jpeg\" data-dt-img-description=\"\" data-large_image_width=\"1067\" data-large_image_height=\"1600\"><img loading=\"lazy\" decoding=\"async\" class=\"aligncenter wp-image-495209\" src=\"https:\/\/www.radiopiu.net\/wordpress\/wp-content\/uploads\/2026\/02\/Presidente_Lorraine_Berton-200x300.jpeg\" alt=\"\" width=\"129\" height=\"194\" srcset=\"https:\/\/www.radiopiu.net\/wordpress\/wp-content\/uploads\/2026\/02\/Presidente_Lorraine_Berton-200x300.jpeg 200w, https:\/\/www.radiopiu.net\/wordpress\/wp-content\/uploads\/2026\/02\/Presidente_Lorraine_Berton-683x1024.jpeg 683w, https:\/\/www.radiopiu.net\/wordpress\/wp-content\/uploads\/2026\/02\/Presidente_Lorraine_Berton-768x1152.jpeg 768w, https:\/\/www.radiopiu.net\/wordpress\/wp-content\/uploads\/2026\/02\/Presidente_Lorraine_Berton-1024x1536.jpeg 1024w, https:\/\/www.radiopiu.net\/wordpress\/wp-content\/uploads\/2026\/02\/Presidente_Lorraine_Berton.jpeg 1067w\" sizes=\"auto, (max-width: 129px) 100vw, 129px\" \/><\/a>\u00a0<\/strong><\/p>\n<p><strong>BELLUNO <\/strong>Dopo la cerimonia di chiusura delle Paralimpiadi di Milano Cortina 2026, la presidente di Confindustria Belluno Dolomiti Lorraine Berton ha definito l\u2019evento un capitolo memorabile per il territorio e un punto di partenza per il futuro. Le Olimpiadi e Paralimpiadi hanno superato le aspettative, dimostrando la capacit\u00e0 delle Dolomiti di ospitare un grande evento internazionale e portando l\u2019attenzione di oltre due miliardi di persone sulla bellezza della montagna italiana. Un valore centrale emerso \u00e8 quello dell\u2019inclusione: accessibilit\u00e0, integrazione delle persone con disabilit\u00e0 e innovazione sociale sono stati protagonisti, come dimostrato anche dall\u2019evento \u201cOgni cosa \u00e8 un miracolo\u201d a Belluno. Berton sottolinea inoltre l\u2019importanza dell\u2019eredit\u00e0 olimpica: infrastrutture, visibilit\u00e0 e opportunit\u00e0 di sviluppo per il territorio. Ora la sfida \u00e8 trasformare questo patrimonio in progetti concreti, completando le opere e rafforzando la collaborazione tra istituzioni, imprese e comunit\u00e0 per garantire un futuro di crescita e qualit\u00e0 della vita nelle terre di montagna.<\/p>\n<p>&nbsp;<\/p>\n<p>&nbsp;<\/p>\n<hr \/>\n<p>&nbsp;<\/p>\n<blockquote>\n<h3 style=\"text-align: center;\">POLEMICA SULLA CENTRALE IDROELETTRICA SUL VAJONT: FUTURA ATTACCA LA PROVINCIA<\/h3>\n<\/blockquote>\n<p><strong><a class=\"dt-pswp-item\" href=\"https:\/\/www.radiopiu.net\/wordpress\/wp-content\/uploads\/2023\/07\/Diga_del_Vajont.jpg\" data-dt-img-description=\"\" data-large_image_width=\"833\" data-large_image_height=\"488\"><img loading=\"lazy\" decoding=\"async\" class=\"aligncenter size-medium wp-image-343438\" src=\"https:\/\/www.radiopiu.net\/wordpress\/wp-content\/uploads\/2023\/07\/Diga_del_Vajont-300x176.jpg\" alt=\"\" width=\"300\" height=\"176\" srcset=\"https:\/\/www.radiopiu.net\/wordpress\/wp-content\/uploads\/2023\/07\/Diga_del_Vajont-300x176.jpg 300w, https:\/\/www.radiopiu.net\/wordpress\/wp-content\/uploads\/2023\/07\/Diga_del_Vajont-768x450.jpg 768w, https:\/\/www.radiopiu.net\/wordpress\/wp-content\/uploads\/2023\/07\/Diga_del_Vajont.jpg 833w\" sizes=\"auto, (max-width: 300px) 100vw, 300px\" \/><\/a>\u00a0<\/strong><\/p>\n<p><strong>BELLUNO <\/strong>La lista Futura Centrosinistra Bellunese critica duramente la Provincia di Belluno per non aver presentato osservazioni sul progetto di una nuova centrale idroelettrica sul torrente Vajont, proposto dalla societ\u00e0 Welly RED S.r.l. e attualmente in fase di verifica ambientale presso la Regione Friuli Venezia Giulia. Secondo Futura \u00e8 \u201cinaccettabile\u201d il silenzio della Provincia e del Comune di Longarone, soprattutto considerando il valore simbolico e storico del Vajont, teatro della tragedia del 1963. Il progetto prevede interventi sulla galleria di sorpasso costruita prima del disastro, in un\u2019area soggetta a vincoli paesaggistici e a elevata pericolosit\u00e0 geologica. Anche dal punto di vista economico le ricadute per il territorio sarebbero limitate rispetto all\u2019investimento previsto di circa 12 milioni di euro. Per questo Futura annuncia una mozione affinch\u00e9 la Provincia esprima contrariet\u00e0 al progetto, ribadendo che il Vajont rappresenta un luogo di memoria collettiva che non pu\u00f2 essere trattato come una semplice infrastruttura energetica.<\/p>\n<p>&nbsp;<\/p>\n<p>&nbsp;<\/p>\n<hr \/>\n<p>&nbsp;<\/p>\n<blockquote>\n<h3 style=\"text-align: center;\">ASSEMBLEA DEL GRUPPO ALPINI CIMONEGA, BILANCIO DELL\u2019ANNO E SGUARDO AI PROSSIMI IMPEGNI<\/h3>\n<\/blockquote>\n<p><strong>DI ALESSIA DALL&#8217;O&#8217;<\/strong><\/p>\n<p><strong>CESIOMAGGIORE <\/strong>Si \u00e8 svolta domenica a Soranzen l\u2019assemblea annuale del gruppo Alpini Cimonega. Durante l\u2019incontro il capogruppo Biagio Zanella ha presentato la relazione sulle attivit\u00e0 dell\u2019ultimo anno. Il gruppo che conta attualmente 270 iscritti, ha un bilancio economico positivo e ha svolto numerose iniziative realizzate nel 2025. Consegnato inoltre un riconoscimento a Omar Del Zenero per l\u2019impegno svolto dal 2017 come responsabile delle squadre di protezione civile di Cesiomaggiore e Pez, con gli auguri di buon lavoro al suo successore Denis Cecchin. Guardando ai prossimi mesi, grande attenzione \u00e8 gi\u00e0 rivolta ai Campionati nazionali ANA di mountain bike che si terranno a settembre a Cesiomaggiore, un appuntamento che porter\u00e0 in paese alpini e appassionati da tutta Italia.<\/p>\n\n\t\t\t<style type='text\/css'>\n\t\t\t\t#gallery-3 {\n\t\t\t\t\tmargin: auto;\n\t\t\t\t}\n\t\t\t\t#gallery-3 .gallery-item {\n\t\t\t\t\tfloat: left;\n\t\t\t\t\tmargin-top: 10px;\n\t\t\t\t\ttext-align: center;\n\t\t\t\t\twidth: 50%;\n\t\t\t\t}\n\t\t\t\t#gallery-3 img {\n\t\t\t\t\tborder: 2px solid #cfcfcf;\n\t\t\t\t}\n\t\t\t\t#gallery-3 .gallery-caption {\n\t\t\t\t\tmargin-left: 0;\n\t\t\t\t}\n\t\t\t\t\/* see gallery_shortcode() in wp-includes\/media.php *\/\n\t\t\t<\/style>\n\t\t<div id='gallery-3' class='dt-gallery-container gallery galleryid-501864 gallery-columns-2 gallery-size-medium'><dl class='gallery-item'>\n\t\t\t\t<dt class='gallery-icon landscape'>\n\t\t\t\t\t<a class=\"rollover rollover-zoom dt-pswp-item\" title=\"_AXG6790\" data-dt-img-description=\"\" data-large_image_width=\"2560\" data-large_image_height=\"1709\"href='https:\/\/www.radiopiu.net\/wordpress\/wp-content\/uploads\/2026\/03\/AXG6790-scaled.jpg'><img loading=\"lazy\" decoding=\"async\" width=\"300\" height=\"200\" src=\"https:\/\/www.radiopiu.net\/wordpress\/wp-content\/uploads\/2026\/03\/AXG6790-300x200.jpg\" class=\"attachment-medium size-medium\" alt=\"\" srcset=\"https:\/\/www.radiopiu.net\/wordpress\/wp-content\/uploads\/2026\/03\/AXG6790-300x200.jpg 300w, https:\/\/www.radiopiu.net\/wordpress\/wp-content\/uploads\/2026\/03\/AXG6790-1024x684.jpg 1024w, https:\/\/www.radiopiu.net\/wordpress\/wp-content\/uploads\/2026\/03\/AXG6790-768x513.jpg 768w, https:\/\/www.radiopiu.net\/wordpress\/wp-content\/uploads\/2026\/03\/AXG6790-1536x1025.jpg 1536w, https:\/\/www.radiopiu.net\/wordpress\/wp-content\/uploads\/2026\/03\/AXG6790-2048x1367.jpg 2048w\" sizes=\"auto, (max-width: 300px) 100vw, 300px\" \/><\/a>\n\t\t\t\t<\/dt><\/dl><dl class='gallery-item'>\n\t\t\t\t<dt class='gallery-icon landscape'>\n\t\t\t\t\t<a class=\"rollover rollover-zoom dt-pswp-item\" title=\"GAX_8441\" data-dt-img-description=\"\" data-large_image_width=\"2560\" data-large_image_height=\"1699\"href='https:\/\/www.radiopiu.net\/wordpress\/wp-content\/uploads\/2026\/03\/GAX_8441-scaled.jpg'><img loading=\"lazy\" decoding=\"async\" width=\"300\" height=\"199\" src=\"https:\/\/www.radiopiu.net\/wordpress\/wp-content\/uploads\/2026\/03\/GAX_8441-300x199.jpg\" class=\"attachment-medium size-medium\" alt=\"\" srcset=\"https:\/\/www.radiopiu.net\/wordpress\/wp-content\/uploads\/2026\/03\/GAX_8441-300x199.jpg 300w, https:\/\/www.radiopiu.net\/wordpress\/wp-content\/uploads\/2026\/03\/GAX_8441-1024x680.jpg 1024w, https:\/\/www.radiopiu.net\/wordpress\/wp-content\/uploads\/2026\/03\/GAX_8441-768x510.jpg 768w, https:\/\/www.radiopiu.net\/wordpress\/wp-content\/uploads\/2026\/03\/GAX_8441-1536x1020.jpg 1536w, https:\/\/www.radiopiu.net\/wordpress\/wp-content\/uploads\/2026\/03\/GAX_8441-2048x1359.jpg 2048w\" sizes=\"auto, (max-width: 300px) 100vw, 300px\" \/><\/a>\n\t\t\t\t<\/dt><\/dl><br style=\"clear: both\" \/>\n\t\t\t<\/div>\n\n<p>&nbsp;<\/p>\n<p>&nbsp;<\/p>\n<hr \/>\n<p>&nbsp;<\/p>\n<blockquote>\n<h3 style=\"text-align: center;\">LA CAMPANELLA PARALIMPICA ARRIVA A BELLUNO: UN MESSAGGIO DI PACE E INCLUSIONE<\/h3>\n<\/blockquote>\n<p><strong><a class=\"dt-pswp-item\" href=\"https:\/\/www.radiopiu.net\/wordpress\/wp-content\/uploads\/2026\/03\/Foto-di-gruppo.jpeg\" data-dt-img-description=\"\" data-large_image_width=\"1600\" data-large_image_height=\"1200\"><img loading=\"lazy\" decoding=\"async\" class=\"aligncenter size-medium wp-image-501996\" src=\"https:\/\/www.radiopiu.net\/wordpress\/wp-content\/uploads\/2026\/03\/Foto-di-gruppo-300x225.jpeg\" alt=\"\" width=\"300\" height=\"225\" srcset=\"https:\/\/www.radiopiu.net\/wordpress\/wp-content\/uploads\/2026\/03\/Foto-di-gruppo-300x225.jpeg 300w, https:\/\/www.radiopiu.net\/wordpress\/wp-content\/uploads\/2026\/03\/Foto-di-gruppo-1024x768.jpeg 1024w, https:\/\/www.radiopiu.net\/wordpress\/wp-content\/uploads\/2026\/03\/Foto-di-gruppo-768x576.jpeg 768w, https:\/\/www.radiopiu.net\/wordpress\/wp-content\/uploads\/2026\/03\/Foto-di-gruppo-1536x1152.jpeg 1536w, https:\/\/www.radiopiu.net\/wordpress\/wp-content\/uploads\/2026\/03\/Foto-di-gruppo.jpeg 1600w\" sizes=\"auto, (max-width: 300px) 100vw, 300px\" \/><\/a>\u00a0<\/strong><\/p>\n<p><strong>BELLUNO <\/strong>Ha fatto tappa nella Sala Consiglio del Comune di Belluno la campanella delle Paralimpiadi, realizzata in vetro colorato e donata dalla comunit\u00e0 di Villa San Francesco alla Fondazione Cortina. L\u2019oggetto simbolico sta attraversando la provincia bellunese portando un messaggio di pace, inclusione e dialogo tra le comunit\u00e0. Il viaggio, partito da Cortina, terminer\u00e0 a Feltre dove la campanella entrer\u00e0 nella collezione del Museo dei Sogni e della Memoria della Cooperativa Arcobaleno \u201986, che custodisce oltre 700 campane provenienti da 99 Paesi. Accolta dal sindaco Oscar De Pellegrin, dalla giunta comunale e da Aldo Bertelle, direttore di Villa San Francesco, la campanella rappresenta i valori delle Paralimpiadi: rispetto, partecipazione e capacit\u00e0 dello sport di unire le persone oltre ogni barriera. Belluno rilancia cos\u00ec il significato pi\u00f9 profondo dello spirito olimpico.<\/p>\n<p>&nbsp;<\/p>\n<p>&nbsp;<\/p>\n<hr \/>\n<p>&nbsp;<\/p>\n<h3 style=\"text-align: center;\">CAMPANELLA DELLE PARALIMPIADI DI COMUNIT\u00c0 VILLA SAN FRANCESCO ARRIVA A FELTRE<\/h3>\n<p><strong><a class=\"dt-pswp-item\" href=\"https:\/\/www.radiopiu.net\/wordpress\/wp-content\/uploads\/2026\/03\/Immagine-Cortina-Lounge.jpg\" data-dt-img-description=\"\" data-large_image_width=\"1440\" data-large_image_height=\"1080\"><img loading=\"lazy\" decoding=\"async\" class=\"aligncenter size-medium wp-image-502048\" src=\"https:\/\/www.radiopiu.net\/wordpress\/wp-content\/uploads\/2026\/03\/Immagine-Cortina-Lounge-300x225.jpg\" alt=\"\" width=\"300\" height=\"225\" srcset=\"https:\/\/www.radiopiu.net\/wordpress\/wp-content\/uploads\/2026\/03\/Immagine-Cortina-Lounge-300x225.jpg 300w, https:\/\/www.radiopiu.net\/wordpress\/wp-content\/uploads\/2026\/03\/Immagine-Cortina-Lounge-1024x768.jpg 1024w, https:\/\/www.radiopiu.net\/wordpress\/wp-content\/uploads\/2026\/03\/Immagine-Cortina-Lounge-768x576.jpg 768w, https:\/\/www.radiopiu.net\/wordpress\/wp-content\/uploads\/2026\/03\/Immagine-Cortina-Lounge.jpg 1440w\" sizes=\"auto, (max-width: 300px) 100vw, 300px\" \/><\/a>\u00a0<\/strong><\/p>\n<p><strong>DI ALESSIA DALL&#8217;O&#8217;<\/strong><\/p>\n<p><strong>FELTRE\u00a0<\/strong>Luned\u00ec 16 marzo la \u201cCampanella delle Paralimpiadi\u201d \u00e8 arrivata a Feltre, alla Cooperativa Arcobaleno \u201886. Realizzata dai ragazzi della Comunit\u00e0 Villa San Francesco di Pedavena, e presentata a Cortina durante le Paralimpiadi, la campanella ha attraversato ill territorio bellunese come simbolo di inclusione e sport. Ad accoglierla nel Feltrino sono state tre campane simboliche, legate a figure importanti della zona, insieme alla mostra\u00a0 \u201cCampane dal Mondo\u201d che \u00e8 anche punto di partenza dell\u2019iniziativa.\u00a0 Un\u2019expo che \u00e8 attualmente in corso al Museo dei Sogni e della Memoria, ed ospita oltre 700 campane da pi\u00f9 di 90 Paesi,che rimarr\u00e0 visitabile fino a Pasqua.<\/p>\n<p>&nbsp;<\/p>\n<p>&nbsp;<\/p>\n<hr \/>\n<p>&nbsp;<\/p>\n<blockquote>\n<h3 style=\"text-align: center;\">AGORDO CERCA NUOVE ENERGIE PER FAR RIPARTIRE LA PRO LOCO<\/h3>\n<\/blockquote>\n<p><strong><a class=\"dt-pswp-item\" href=\"https:\/\/www.radiopiu.net\/wordpress\/wp-content\/uploads\/2020\/04\/AD-AGORDO-PROLOCO-LOGO_colors.jpg\" data-dt-img-description=\"\" data-large_image_width=\"1920\" data-large_image_height=\"1920\"><img loading=\"lazy\" decoding=\"async\" class=\"aligncenter size-medium wp-image-129089\" src=\"https:\/\/www.radiopiu.net\/wordpress\/wp-content\/uploads\/2020\/04\/AD-AGORDO-PROLOCO-LOGO_colors-300x300.jpg\" alt=\"\" width=\"300\" height=\"300\" srcset=\"https:\/\/www.radiopiu.net\/wordpress\/wp-content\/uploads\/2020\/04\/AD-AGORDO-PROLOCO-LOGO_colors-300x300.jpg 300w, https:\/\/www.radiopiu.net\/wordpress\/wp-content\/uploads\/2020\/04\/AD-AGORDO-PROLOCO-LOGO_colors-1024x1024.jpg 1024w, https:\/\/www.radiopiu.net\/wordpress\/wp-content\/uploads\/2020\/04\/AD-AGORDO-PROLOCO-LOGO_colors-150x150.jpg 150w, https:\/\/www.radiopiu.net\/wordpress\/wp-content\/uploads\/2020\/04\/AD-AGORDO-PROLOCO-LOGO_colors-768x768.jpg 768w, https:\/\/www.radiopiu.net\/wordpress\/wp-content\/uploads\/2020\/04\/AD-AGORDO-PROLOCO-LOGO_colors-1536x1536.jpg 1536w, https:\/\/www.radiopiu.net\/wordpress\/wp-content\/uploads\/2020\/04\/AD-AGORDO-PROLOCO-LOGO_colors.jpg 1920w\" sizes=\"auto, (max-width: 300px) 100vw, 300px\" \/><\/a>\u00a0<\/strong><\/p>\n<p><strong>AGORDO <\/strong>Dopo lo scioglimento della Pro Loco di Agordo, il paese si trova ad affrontare una fase delicata. Per anni l\u2019associazione ha rappresentato un punto di riferimento per la promozione del territorio, l\u2019organizzazione di eventi e la valorizzazione delle tradizioni locali, contribuendo in modo significativo alla vita sociale e culturale della comunit\u00e0. Per dare continuit\u00e0 a questa importante realt\u00e0, il Comune di Agordo ha deciso di promuovere un momento di confronto aperto a tutta la cittadinanza. L\u2019appuntamento \u00e8 fissato per stasera alle 20 nella sala della Biblioteca Civica di Agordo. L\u2019incontro sar\u00e0 l\u2019occasione per informare i cittadini e verificare la disponibilit\u00e0 a costituire un nuovo direttivo capace di raccogliere idee, energie e proposte per il futuro. Durante la serata interverr\u00e0 anche un rappresentante di UNPLI, l\u2019Unione Nazionale Pro Loco d\u2019Italia, che illustrer\u00e0 il ruolo dell\u2019associazione e il supporto che potr\u00e0 essere garantito al nuovo gruppo. La partecipazione della comunit\u00e0 sar\u00e0 fondamentale per rilanciare le iniziative del paese.<\/p>\n<p><strong>DI GIANNI SANTOMASO<\/strong><\/p>\n<audio class=\"wp-audio-shortcode\" id=\"audio-501864-6\" preload=\"none\" style=\"width: 100%;\" controls=\"controls\"><source type=\"audio\/mpeg\" src=\"https:\/\/www.radiopiu.net\/wordpress\/wp-content\/uploads\/2026\/03\/GIANNI-PRO-LOCO-AGORDO.mp3?_=6\" \/><a href=\"https:\/\/www.radiopiu.net\/wordpress\/wp-content\/uploads\/2026\/03\/GIANNI-PRO-LOCO-AGORDO.mp3\">https:\/\/www.radiopiu.net\/wordpress\/wp-content\/uploads\/2026\/03\/GIANNI-PRO-LOCO-AGORDO.mp3<\/a><\/audio>\n<p>&nbsp;<\/p>\n<p>&nbsp;<\/p>\n<hr \/>\n<p>&nbsp;<\/p>\n<blockquote>\n<h3 style=\"text-align: center;\">DMO E DOLOMITI: RISORSA O STRUTTURA LONTANA DAL TERRITORIO?<\/h3>\n<\/blockquote>\n<p><strong><a class=\"dt-pswp-item\" href=\"https:\/\/www.radiopiu.net\/wordpress\/wp-content\/uploads\/2026\/03\/0c08dade-a17f-47ae-b9eb-a911f07a12b8.png\" data-dt-img-description=\"\" data-large_image_width=\"1536\" data-large_image_height=\"1024\"><img loading=\"lazy\" decoding=\"async\" class=\"aligncenter size-medium wp-image-501968\" src=\"https:\/\/www.radiopiu.net\/wordpress\/wp-content\/uploads\/2026\/03\/0c08dade-a17f-47ae-b9eb-a911f07a12b8-300x200.png\" alt=\"\" width=\"300\" height=\"200\" srcset=\"https:\/\/www.radiopiu.net\/wordpress\/wp-content\/uploads\/2026\/03\/0c08dade-a17f-47ae-b9eb-a911f07a12b8-300x200.png 300w, https:\/\/www.radiopiu.net\/wordpress\/wp-content\/uploads\/2026\/03\/0c08dade-a17f-47ae-b9eb-a911f07a12b8-1024x683.png 1024w, https:\/\/www.radiopiu.net\/wordpress\/wp-content\/uploads\/2026\/03\/0c08dade-a17f-47ae-b9eb-a911f07a12b8-768x512.png 768w, https:\/\/www.radiopiu.net\/wordpress\/wp-content\/uploads\/2026\/03\/0c08dade-a17f-47ae-b9eb-a911f07a12b8.png 1536w\" sizes=\"auto, (max-width: 300px) 100vw, 300px\" \/><\/a>\u00a0<\/strong><\/p>\n<p><strong>DI MIRKO MEZZACASA<\/strong><\/p>\n<p>Per anni si \u00e8 parlato della necessit\u00e0 di unire le forze per promuovere questa provincia dolomitica. Un\u2019idea semplice: lavorare insieme, dal Comelico ad Arabba, da Pedavena al Passo San Pellegrino, da Cortina alla Valle di San Lucano, dove sopra Taibon domina l\u2019Agner. Un sistema territoriale vero, capace di parlare con una sola voce. Esattamente come accade da sempre in Alto Adige. Nel frattempo, per\u00f2, il turismo locale \u00e8 andato avanti grazie soprattutto a chi lavora sul territorio. Associazioni, volontari, operatori che con poche risorse hanno costruito siti promozionali, organizzato eventi, tenuto viva l\u2019offerta turistica. Spesso senza compensi, senza rimborsi spese, senza riflettori. Ma con risultati concreti. I numeri delle presenze lo dimostrano. Poi \u00e8 arrivata la DMO. Un acronimo inglese che sembra gi\u00e0 raccontare molto. \u201cDMO\u2026 e cosa vuol dire?\u201d potrebbe chiedere Maria dalla frazione Rif di Agordo. Domanda pi\u00f9 che legittima. Perch\u00e9 se un progetto che dovrebbe riguardare un intero territorio parte con una sigla incomprensibile alla maggior parte delle persone, forse c\u2019\u00e8 gi\u00e0 un problema di fondo. Sarebbero bastate tre parole chiare, magari in ladino o in italiano. Invece no: l\u2019ennesima etichetta internazionale, perfetta per slide e convegni, molto meno per spiegare ai cittadini cosa sta realmente succedendo. Nel frattempo la DMO \u00e8 entrata spesso nelle cronache locali. Non tanto per risultati concreti, quanto per polemiche, contrapposizioni e discussioni interne. Ed \u00e8 qui che nasce la domanda vera. Che cosa rester\u00e0 all\u2019Agordino della DMO dopo le Olimpiadi? Non tra vent\u2019anni. Dopo. Le. Olimpiadi. E ancora: che cosa sta facendo oggi la DMO per il territorio oltre Cortina d\u2019Ampezzo? Perch\u00e9, al momento, la percezione diffusa \u00e8 che Cortina sia il centro del progetto e tutto il resto la cornice. Una cornice utile quando serve riempire una brochure, molto meno quando si tratta di investimenti, strategie e visione. Eppure parliamo di risorse pubbliche importanti. Soldi utilizzati per stipendi, dirigenti, funzionari, partecipazioni a eventi, attivit\u00e0 di rappresentanza, campagne promozionali, pagine sui giornali e spot televisivi. Nazionali e locali. Non tutte le televisioni, naturalmente. Alcune. Scelte secondo criteri che, prima o poi, sarebbe interessante conoscere. Nel frattempo chi vive davvero di turismo continua a lavorare senza slogan e senza marketing territoriale da manuale universitario. Per molti non \u00e8 una voce nel curriculum o un incarico temporaneo. \u00c8 la propria vita. E allora una riflessione seria dovrebbero farla anche gli amministratori locali, da La Valle Agordina a Gosaldo. Perch\u00e9 qui non si sta discutendo di un acronimo o di un progetto di comunicazione. Qui si sta parlando del futuro economico di una valle. Le grandi industrie non sono eterne. Prima o poi cambiano, ridimensionano o se ne vanno. Il turismo invece potrebbe essere davvero il futuro di questa provincia \u2014 come gi\u00e0 accade nelle aree confinanti \u2014 se fosse costruito con visione, competenza e conoscenza reale del territorio. Non con comunicati stampa copia-incolla. E quindi la domanda finale, forse la pi\u00f9 semplice e la pi\u00f9 scomoda: chi governa la DMO conosce davvero questi territori? Perch\u00e9 se l\u2019Agordino diventa solo un nome su una mappa promozionale, allora non stiamo costruendo il futuro. Stiamo solo finanziando l\u2019ennesima operazione di immagine, degli altri.<\/p>\n<p>&nbsp;<\/p>\n<hr \/>\n<p>&nbsp;<\/p>\n<div class=\"page-title-head hgroup\">\n<h2 class=\"entry-title\" style=\"text-align: center;\">BORSE DI STUDIO PER INFERMIERI, L\u2019UNIONE MONTANA SOSTIENE I GIOVANI AGORDINI<\/h2>\n<\/div>\n<div class=\"page-title-breadcrumbs\"><\/div>\n<p class=\"photoswipe-wrapper\"><a class=\"dt-pswp-item pspw-wrap-ready\" href=\"https:\/\/www.radiopiu.net\/wordpress\/wp-content\/uploads\/2023\/11\/unione-montana-agordina.png\" data-dt-img-description=\"\" data-large_image_width=\"791\" data-large_image_height=\"517\"><img loading=\"lazy\" decoding=\"async\" class=\"aligncenter size-medium wp-image-363432\" src=\"https:\/\/www.radiopiu.net\/wordpress\/wp-content\/uploads\/2023\/11\/unione-montana-agordina-300x196.png\" sizes=\"auto, (max-width: 300px) 100vw, 300px\" srcset=\"https:\/\/www.radiopiu.net\/wordpress\/wp-content\/uploads\/2023\/11\/unione-montana-agordina-300x196.png 300w, https:\/\/www.radiopiu.net\/wordpress\/wp-content\/uploads\/2023\/11\/unione-montana-agordina-768x502.png 768w, https:\/\/www.radiopiu.net\/wordpress\/wp-content\/uploads\/2023\/11\/unione-montana-agordina.png 791w\" alt=\"\" width=\"300\" height=\"196\" \/><\/a><\/p>\n<p>L\u2019Unione Montana Agordina rinnova il proprio impegno a sostegno dei giovani del territorio che scelgono di intraprendere la professione infermieristica. Per l\u2019anno accademico 2025-2026 sono state infatti istituite tre borse di studio e tre premi di incentivazione destinati agli studenti agordini iscritti al corso di laurea in Infermieristica.<\/p>\n<p>Le borse di studio, del valore di 775 euro, sono rivolte agli studenti iscritti al primo anno, mentre i premi di incentivazione, del valore di 260 euro, sono destinati agli studenti del secondo o terzo anno di corso.<\/p>\n<p>L\u2019iniziativa viene riproposta ogni anno con l\u2019obiettivo di incoraggiare i giovani del territorio a scegliere una professione fondamentale per il sistema sanitario, sostenendo chi ha deciso di intraprendere questo percorso di studi o lo sta portando avanti con impegno.<\/p>\n<p>Le domande devono essere compilate sull\u2019apposito modulo disponibile presso gli uffici dell\u2019Unione Montana Agordina o scaricabile dal sito dell\u2019ente, e presentate direttamente alla sede dell\u2019ente oppure inviate per posta entro il 31 marzo.<\/p>\n<p>Le borse di studio e i premi saranno assegnati entro il 30 giugno agli studenti che risulteranno ai primi tre posti delle graduatorie. Sar\u00e0 data priorit\u00e0 a chi non ha rapporti di lavoro in corso. Eventuali contributi non assegnati potranno essere destinati anche ai candidati classificati oltre il terzo posto.<\/p>\n<p>&nbsp;<\/p>\n<hr \/>\n<p>&nbsp;<\/p>\n<blockquote>\n<h3 style=\"text-align: center;\">IL FELTRINO SI TINGE DI LILLA PER LA GIORNATA DEDICATA AI DISTURBI ALIMENTARI<\/h3>\n<\/blockquote>\n<p><strong>DI ALESSIA DALL&#8217;O&#8217;<\/strong><\/p>\n<p><strong>FELTRINO\u00a0<\/strong>Il Feltrino si \u00e8 tinto di lilla nei giorni scorsi in occasione della Giornata internazionale del Fiocchetto Lilla, dedicata alla sensibilizzazione sui disturbi della nutrizione e dell\u2019alimentazione. A Feltre la Torre del Castello \u00e8 stata illuminata di lilla nelle serate del 14 e 15 marzo, mentre iniziative simili si sono svolte anche negli altri comuni del territorio: a Pedavena il municipio \u00e8 stato illuminato dello stesso colore, a Santa Giustina il palazzo comunale \u00e8 stato adornato con fiocchi lilla nell\u2019ambito delle iniziative \u201cFame di vita\u201d, e a Seren del Grappa si \u00e8 tenuta una serata informativa. Alle iniziative dei comuni si sono affiancate quelle dell\u2019Ulss 1 Dolomiti e di Associazioen MArgherita Fenice, presidi stabili e vicini a famiglie e pazienti nell\u2019arco di tutto l\u2019anno. Secondo i dati dell\u2019azienda sanitaria, oggi in provincia di Belluno sono oltre 200 le persone seguite per disturbi della nutrizione e dell\u2019alimentazione, patologie spesso ancora silenziose ma che richiedono attenzione, ascolto e percorsi di cura dedicati.<\/p>\n\n\t\t\t<style type='text\/css'>\n\t\t\t\t#gallery-4 {\n\t\t\t\t\tmargin: auto;\n\t\t\t\t}\n\t\t\t\t#gallery-4 .gallery-item {\n\t\t\t\t\tfloat: left;\n\t\t\t\t\tmargin-top: 10px;\n\t\t\t\t\ttext-align: center;\n\t\t\t\t\twidth: 33%;\n\t\t\t\t}\n\t\t\t\t#gallery-4 img {\n\t\t\t\t\tborder: 2px solid #cfcfcf;\n\t\t\t\t}\n\t\t\t\t#gallery-4 .gallery-caption {\n\t\t\t\t\tmargin-left: 0;\n\t\t\t\t}\n\t\t\t\t\/* see gallery_shortcode() in wp-includes\/media.php *\/\n\t\t\t<\/style>\n\t\t<div id='gallery-4' class='dt-gallery-container gallery galleryid-501864 gallery-columns-3 gallery-size-medium'><dl class='gallery-item'>\n\t\t\t\t<dt class='gallery-icon portrait'>\n\t\t\t\t\t<a class=\"rollover rollover-zoom dt-pswp-item\" title=\"Comune di Santa Giustina fiocchi lilla\" data-dt-img-description=\"\" data-large_image_width=\"1152\" data-large_image_height=\"2048\"href='https:\/\/www.radiopiu.net\/wordpress\/wp-content\/uploads\/2026\/03\/Comune-di-Santa-Giustina-fiocchi-lilla.jpeg'><img loading=\"lazy\" decoding=\"async\" width=\"169\" height=\"300\" src=\"https:\/\/www.radiopiu.net\/wordpress\/wp-content\/uploads\/2026\/03\/Comune-di-Santa-Giustina-fiocchi-lilla-169x300.jpeg\" class=\"attachment-medium size-medium\" alt=\"\" srcset=\"https:\/\/www.radiopiu.net\/wordpress\/wp-content\/uploads\/2026\/03\/Comune-di-Santa-Giustina-fiocchi-lilla-169x300.jpeg 169w, https:\/\/www.radiopiu.net\/wordpress\/wp-content\/uploads\/2026\/03\/Comune-di-Santa-Giustina-fiocchi-lilla-576x1024.jpeg 576w, https:\/\/www.radiopiu.net\/wordpress\/wp-content\/uploads\/2026\/03\/Comune-di-Santa-Giustina-fiocchi-lilla-768x1365.jpeg 768w, https:\/\/www.radiopiu.net\/wordpress\/wp-content\/uploads\/2026\/03\/Comune-di-Santa-Giustina-fiocchi-lilla-864x1536.jpeg 864w, https:\/\/www.radiopiu.net\/wordpress\/wp-content\/uploads\/2026\/03\/Comune-di-Santa-Giustina-fiocchi-lilla.jpeg 1152w\" sizes=\"auto, (max-width: 169px) 100vw, 169px\" \/><\/a>\n\t\t\t\t<\/dt><\/dl><dl class='gallery-item'>\n\t\t\t\t<dt class='gallery-icon portrait'>\n\t\t\t\t\t<a class=\"rollover rollover-zoom dt-pswp-item\" title=\"Pedavena fiocchetto Lilla\" data-dt-img-description=\"\" data-large_image_width=\"1440\" data-large_image_height=\"1918\"href='https:\/\/www.radiopiu.net\/wordpress\/wp-content\/uploads\/2026\/03\/Pedavena-fiocchetto-Lilla.jpg'><img loading=\"lazy\" decoding=\"async\" width=\"225\" height=\"300\" src=\"https:\/\/www.radiopiu.net\/wordpress\/wp-content\/uploads\/2026\/03\/Pedavena-fiocchetto-Lilla-225x300.jpg\" class=\"attachment-medium size-medium\" alt=\"\" srcset=\"https:\/\/www.radiopiu.net\/wordpress\/wp-content\/uploads\/2026\/03\/Pedavena-fiocchetto-Lilla-225x300.jpg 225w, https:\/\/www.radiopiu.net\/wordpress\/wp-content\/uploads\/2026\/03\/Pedavena-fiocchetto-Lilla-769x1024.jpg 769w, https:\/\/www.radiopiu.net\/wordpress\/wp-content\/uploads\/2026\/03\/Pedavena-fiocchetto-Lilla-768x1023.jpg 768w, https:\/\/www.radiopiu.net\/wordpress\/wp-content\/uploads\/2026\/03\/Pedavena-fiocchetto-Lilla-1153x1536.jpg 1153w, https:\/\/www.radiopiu.net\/wordpress\/wp-content\/uploads\/2026\/03\/Pedavena-fiocchetto-Lilla.jpg 1440w\" sizes=\"auto, (max-width: 225px) 100vw, 225px\" \/><\/a>\n\t\t\t\t<\/dt><\/dl><dl class='gallery-item'>\n\t\t\t\t<dt class='gallery-icon landscape'>\n\t\t\t\t\t<a class=\"rollover rollover-zoom dt-pswp-item\" title=\"Torre Fiocchetto Lilla_1\" data-dt-img-description=\"\" data-large_image_width=\"2048\" data-large_image_height=\"1536\"href='https:\/\/www.radiopiu.net\/wordpress\/wp-content\/uploads\/2026\/03\/Torre-Fiocchetto-Lilla_1-1.jpeg'><img loading=\"lazy\" decoding=\"async\" width=\"300\" height=\"225\" src=\"https:\/\/www.radiopiu.net\/wordpress\/wp-content\/uploads\/2026\/03\/Torre-Fiocchetto-Lilla_1-1-300x225.jpeg\" class=\"attachment-medium size-medium\" alt=\"\" srcset=\"https:\/\/www.radiopiu.net\/wordpress\/wp-content\/uploads\/2026\/03\/Torre-Fiocchetto-Lilla_1-1-300x225.jpeg 300w, https:\/\/www.radiopiu.net\/wordpress\/wp-content\/uploads\/2026\/03\/Torre-Fiocchetto-Lilla_1-1-1024x768.jpeg 1024w, https:\/\/www.radiopiu.net\/wordpress\/wp-content\/uploads\/2026\/03\/Torre-Fiocchetto-Lilla_1-1-768x576.jpeg 768w, https:\/\/www.radiopiu.net\/wordpress\/wp-content\/uploads\/2026\/03\/Torre-Fiocchetto-Lilla_1-1-1536x1152.jpeg 1536w, https:\/\/www.radiopiu.net\/wordpress\/wp-content\/uploads\/2026\/03\/Torre-Fiocchetto-Lilla_1-1.jpeg 2048w\" sizes=\"auto, (max-width: 300px) 100vw, 300px\" \/><\/a>\n\t\t\t\t<\/dt><\/dl><br style=\"clear: both\" \/>\n\t\t\t<\/div>\n\n<p>&nbsp;<\/p>\n<p>&nbsp;<\/p>\n<hr \/>\n<p>&nbsp;<\/p>\n<blockquote>\n<h3 style=\"text-align: center;\">PARI OPPORTUNIT\u00c0 TRA CLIMA E LINGUAGGIO: A FELTRE GLI INCONTRI CON VERA GHENO E MARTINA ROGATO<\/h3>\n<\/blockquote>\n<p><strong>DI ALESSIA DALL&#8217;O&#8217;<\/strong><\/p>\n<p><strong>FELTRE\u00a0 <\/strong>Due appuntamenti al Teatro de la Sena dedicati ai temi del linguaggio inclusivo, della parit\u00e0 di genere e della crisi climatica. Il 18 e 19 marzo il festival \u201cYou and Me: We\u201d, promosso dal Comune di Feltre con la Commissione Pari Opportunit\u00e0, porter\u00e0 in citt\u00e0 due ospiti di rilievo. Mercoled\u00ec 18 marzo alle 20.30 interverr\u00e0 la sociolinguista Vera Gheno con l\u2019incontro \u201cLe molte facce del sessismo linguistico\u201d, dedicato al rapporto tra lingua, stereotipi e relazioni di potere tra i generi. Gioved\u00ec 19 marzo, sempre alle 20.30, sar\u00e0 la volta di Martina Rogato, esperta di sostenibilit\u00e0 e co-presidente di Women7 Italy, che parler\u00e0 del legame tra crisi climatica e disuguaglianze di genere nell\u2019incontro \u201cDonne, clima e futuro delle comunit\u00e0\u201d. L\u2019ingresso alle serate \u00e8 gratuito e senza prenotazione fino a esaurimento posti. L\u2019iniziativa rientra nel progetto transfrontaliero EQUALIT-\u00c0 del programma Interreg Italia-Austria.<\/p>\n\n\t\t\t<style type='text\/css'>\n\t\t\t\t#gallery-5 {\n\t\t\t\t\tmargin: auto;\n\t\t\t\t}\n\t\t\t\t#gallery-5 .gallery-item {\n\t\t\t\t\tfloat: left;\n\t\t\t\t\tmargin-top: 10px;\n\t\t\t\t\ttext-align: center;\n\t\t\t\t\twidth: 50%;\n\t\t\t\t}\n\t\t\t\t#gallery-5 img {\n\t\t\t\t\tborder: 2px solid #cfcfcf;\n\t\t\t\t}\n\t\t\t\t#gallery-5 .gallery-caption {\n\t\t\t\t\tmargin-left: 0;\n\t\t\t\t}\n\t\t\t\t\/* see gallery_shortcode() in wp-includes\/media.php *\/\n\t\t\t<\/style>\n\t\t<div id='gallery-5' class='dt-gallery-container gallery galleryid-501864 gallery-columns-2 gallery-size-medium'><dl class='gallery-item'>\n\t\t\t\t<dt class='gallery-icon portrait'>\n\t\t\t\t\t<a class=\"rollover rollover-zoom dt-pswp-item\" title=\"Vera Gheno\" data-dt-img-description=\"\" data-large_image_width=\"1279\" data-large_image_height=\"1600\"href='https:\/\/www.radiopiu.net\/wordpress\/wp-content\/uploads\/2026\/03\/Vera-Gheno.jpeg'><img loading=\"lazy\" decoding=\"async\" width=\"240\" height=\"300\" src=\"https:\/\/www.radiopiu.net\/wordpress\/wp-content\/uploads\/2026\/03\/Vera-Gheno-240x300.jpeg\" class=\"attachment-medium size-medium\" alt=\"\" srcset=\"https:\/\/www.radiopiu.net\/wordpress\/wp-content\/uploads\/2026\/03\/Vera-Gheno-240x300.jpeg 240w, https:\/\/www.radiopiu.net\/wordpress\/wp-content\/uploads\/2026\/03\/Vera-Gheno-819x1024.jpeg 819w, https:\/\/www.radiopiu.net\/wordpress\/wp-content\/uploads\/2026\/03\/Vera-Gheno-768x961.jpeg 768w, https:\/\/www.radiopiu.net\/wordpress\/wp-content\/uploads\/2026\/03\/Vera-Gheno-1228x1536.jpeg 1228w, https:\/\/www.radiopiu.net\/wordpress\/wp-content\/uploads\/2026\/03\/Vera-Gheno.jpeg 1279w\" sizes=\"auto, (max-width: 240px) 100vw, 240px\" \/><\/a>\n\t\t\t\t<\/dt><\/dl><dl class='gallery-item'>\n\t\t\t\t<dt class='gallery-icon portrait'>\n\t\t\t\t\t<a class=\"rollover rollover-zoom dt-pswp-item\" title=\"Martina Rogato\" data-dt-img-description=\"\" data-large_image_width=\"1279\" data-large_image_height=\"1600\"href='https:\/\/www.radiopiu.net\/wordpress\/wp-content\/uploads\/2026\/03\/Martina-Rogato.jpeg'><img loading=\"lazy\" decoding=\"async\" width=\"240\" height=\"300\" src=\"https:\/\/www.radiopiu.net\/wordpress\/wp-content\/uploads\/2026\/03\/Martina-Rogato-240x300.jpeg\" class=\"attachment-medium size-medium\" alt=\"\" srcset=\"https:\/\/www.radiopiu.net\/wordpress\/wp-content\/uploads\/2026\/03\/Martina-Rogato-240x300.jpeg 240w, https:\/\/www.radiopiu.net\/wordpress\/wp-content\/uploads\/2026\/03\/Martina-Rogato-819x1024.jpeg 819w, https:\/\/www.radiopiu.net\/wordpress\/wp-content\/uploads\/2026\/03\/Martina-Rogato-768x961.jpeg 768w, https:\/\/www.radiopiu.net\/wordpress\/wp-content\/uploads\/2026\/03\/Martina-Rogato-1228x1536.jpeg 1228w, https:\/\/www.radiopiu.net\/wordpress\/wp-content\/uploads\/2026\/03\/Martina-Rogato.jpeg 1279w\" sizes=\"auto, (max-width: 240px) 100vw, 240px\" \/><\/a>\n\t\t\t\t<\/dt><\/dl><br style=\"clear: both\" \/>\n\t\t\t<\/div>\n\n<p>&nbsp;<\/p>\n<hr \/>\n<p>&nbsp;<\/p>\n<blockquote>\n<h3 style=\"text-align: center;\"><span class=\"BZ_Pyq_fadeIn\">CORSO <\/span><span class=\"BZ_Pyq_fadeIn\">BASE <\/span><span class=\"BZ_Pyq_fadeIn\">DI <\/span><span class=\"BZ_Pyq_fadeIn\">MICOLOGIA <\/span><span class=\"BZ_Pyq_fadeIn\">A <\/span><span class=\"BZ_Pyq_fadeIn\">LIMANA: <\/span><span class=\"BZ_Pyq_fadeIn\">ULTIMI <\/span><span class=\"BZ_Pyq_fadeIn\">POSTI <\/span><span class=\"BZ_Pyq_fadeIn\">DISPONIBILI <\/span><span class=\"BZ_Pyq_fadeIn\">PER <\/span><span class=\"BZ_Pyq_fadeIn\">IMPARARE <\/span><span class=\"BZ_Pyq_fadeIn\">A <\/span><span class=\"BZ_Pyq_fadeIn\">CONOSCERE <\/span><span class=\"BZ_Pyq_fadeIn\">I <\/span><span class=\"BZ_Pyq_fadeIn\">FUNGHI<\/span><\/h3>\n<\/blockquote>\n<p><strong><a href=\"https:\/\/www.radiopiu.net\/wordpress\/wp-content\/uploads\/2022\/02\/mushrooms-548360__340.webp\"><img loading=\"lazy\" decoding=\"async\" class=\"aligncenter wp-image-262157\" src=\"https:\/\/www.radiopiu.net\/wordpress\/wp-content\/uploads\/2022\/02\/mushrooms-548360__340-300x200.webp\" alt=\"\" width=\"161\" height=\"107\" srcset=\"https:\/\/www.radiopiu.net\/wordpress\/wp-content\/uploads\/2022\/02\/mushrooms-548360__340-300x200.webp 300w, https:\/\/www.radiopiu.net\/wordpress\/wp-content\/uploads\/2022\/02\/mushrooms-548360__340.webp 510w\" sizes=\"auto, (max-width: 161px) 100vw, 161px\" \/><\/a>\u00a0<\/strong><\/p>\n<p><strong>LIMANA <\/strong>Sono ancora pochi i posti disponibili per partecipare al corso base di micologia per conoscere i funghi organizzato dal Comune di Limana in collaborazione con l&#8217;Associazione Micologia &#8220;Bresadola&#8221; di Belluno. La prima lezione \u00e8 prevista per venerd\u00ec 27 marzo 2026 a cui seguiranno ulteriori 7 lezioni teoriche. 2 uscite in campo per la parte pratica saranno concordate a fine corso. Per maggiori informazioni e iscrizioni \u00e8 possibile visitare la pagina web\u00a0<a href=\"http:\/\/www.limana.org\/corsofunghi\">www.limana.org\/corsofunghi<\/a><\/p>\n<p>&nbsp;<\/p>\n<p>&nbsp;<\/p>\n<hr \/>\n<p>&nbsp;<\/p>\n<h2 style=\"text-align: center;\"><span style=\"color: #ff0000;\">CONSIGLI COMUNALI IN AGORDINO<\/span><\/h2>\n<p><strong><a class=\"dt-pswp-item\" href=\"https:\/\/www.radiopiu.net\/wordpress\/wp-content\/uploads\/2023\/10\/CANALE-DAGORDO.jpg\" data-dt-img-description=\"\" data-large_image_width=\"1280\" data-large_image_height=\"720\"><img loading=\"lazy\" decoding=\"async\" class=\"aligncenter size-medium wp-image-355525\" src=\"https:\/\/www.radiopiu.net\/wordpress\/wp-content\/uploads\/2023\/10\/CANALE-DAGORDO-300x169.jpg\" alt=\"\" width=\"300\" height=\"169\" srcset=\"https:\/\/www.radiopiu.net\/wordpress\/wp-content\/uploads\/2023\/10\/CANALE-DAGORDO-300x169.jpg 300w, https:\/\/www.radiopiu.net\/wordpress\/wp-content\/uploads\/2023\/10\/CANALE-DAGORDO-1024x576.jpg 1024w, https:\/\/www.radiopiu.net\/wordpress\/wp-content\/uploads\/2023\/10\/CANALE-DAGORDO-768x432.jpg 768w, https:\/\/www.radiopiu.net\/wordpress\/wp-content\/uploads\/2023\/10\/CANALE-DAGORDO.jpg 1280w\" sizes=\"auto, (max-width: 300px) 100vw, 300px\" \/><\/a>\u00a0<\/strong><\/p>\n<p><strong>CANALE D&#8217;AGORDO<\/strong> Consiglio comunale convocato gioved\u00ec alle ore 20 nella Sala Lina Zand\u00f2 \u201cBolda\u201d. All\u2019ordine del giorno: ratifica della variazione urgente al bilancio di previsione 2026-2028, rinnovo della convenzione con l\u2019Unione Montana Agordina per il servizio autorizzazioni paesaggistiche e nuova convenzione con la Fondazione Papa Luciani per la gestione del museo.<\/p>\n<p><strong>RIVAMONTE<\/strong> Consiglio comunale venerd\u00ec alle 18:30. Due punti in discussione: una variazione a bilancio e modifiche al regolamento sull&#8217;imposta di soggiorno<\/p>\n<p>&nbsp;<\/p>\n<p>&nbsp;<\/p>\n<hr \/>\n<p>&nbsp;<\/p>\n<blockquote>\n<h3 style=\"text-align: center;\">CONVOCAZIONE ASSEMBLEA ANNUALE 2026 DEL COMITATO DI GEMELLAGGIO DI AGORDO<\/h3>\n<\/blockquote>\n<p><strong><a class=\"dt-pswp-item\" href=\"https:\/\/www.radiopiu.net\/wordpress\/wp-content\/uploads\/2026\/03\/COMITATO-GEMELLAGGIO-AGORDO.png\" data-dt-img-description=\"\" data-large_image_width=\"552\" data-large_image_height=\"284\"><img loading=\"lazy\" decoding=\"async\" class=\"aligncenter size-medium wp-image-501761\" src=\"https:\/\/www.radiopiu.net\/wordpress\/wp-content\/uploads\/2026\/03\/COMITATO-GEMELLAGGIO-AGORDO-300x154.png\" alt=\"\" width=\"300\" height=\"154\" srcset=\"https:\/\/www.radiopiu.net\/wordpress\/wp-content\/uploads\/2026\/03\/COMITATO-GEMELLAGGIO-AGORDO-300x154.png 300w, https:\/\/www.radiopiu.net\/wordpress\/wp-content\/uploads\/2026\/03\/COMITATO-GEMELLAGGIO-AGORDO.png 552w\" sizes=\"auto, (max-width: 300px) 100vw, 300px\" \/><\/a>\u00a0<\/strong><\/p>\n<p><strong>AGORDO <\/strong>Il Comitato di Gemellaggio di Agordo invita soci e simpatizzanti all\u2019Assemblea ordinaria annuale che si terr\u00e0 mercoled\u00ec 25 marzo 2026 presso la saletta del Bar Schenot in via Pragrande ad Agordo. La riunione \u00e8 fissata alle 20.30. All\u2019ordine del giorno: rendicontazione 2025 e approvazione del bilancio, tesseramento 2026, iniziative e programmi per il nuovo anno, oltre a varie ed eventuali. I soci sono invitati a partecipare numerosi.<\/p>\n<p>&nbsp;<\/p>\n<p>&nbsp;<\/p>\n<hr \/>\n<p>&nbsp;<\/p>\n<blockquote>\n<h3 style=\"text-align: center;\">BIODIVERSIT\u00c0 E AGRICOLTURA, DUE SEMINARI NEL BELLUNESE CON IL GENETISTA SALVATORE CECCARELLI<\/h3>\n<\/blockquote>\n<p><strong><a class=\"dt-pswp-item\" href=\"https:\/\/www.radiopiu.net\/wordpress\/wp-content\/uploads\/2026\/03\/JFHLJGHSo.jpg\" data-dt-img-description=\"\" data-large_image_width=\"558\" data-large_image_height=\"643\"><img loading=\"lazy\" decoding=\"async\" class=\"aligncenter size-medium wp-image-501280\" src=\"https:\/\/www.radiopiu.net\/wordpress\/wp-content\/uploads\/2026\/03\/JFHLJGHSo-260x300.jpg\" alt=\"\" width=\"260\" height=\"300\" srcset=\"https:\/\/www.radiopiu.net\/wordpress\/wp-content\/uploads\/2026\/03\/JFHLJGHSo-260x300.jpg 260w, https:\/\/www.radiopiu.net\/wordpress\/wp-content\/uploads\/2026\/03\/JFHLJGHSo.jpg 558w\" sizes=\"auto, (max-width: 260px) 100vw, 260px\" \/><\/a>\u00a0<\/strong><\/p>\n<p><strong>SEDICO\/AGORDO <\/strong><span class=\"BZ_Pyq_fadeIn\">La <\/span><span class=\"BZ_Pyq_fadeIn\">biodiversit\u00e0 <\/span><span class=\"BZ_Pyq_fadeIn\">come <\/span><span class=\"BZ_Pyq_fadeIn\">chiave <\/span><span class=\"BZ_Pyq_fadeIn\">per <\/span><span class=\"BZ_Pyq_fadeIn\">un\u2019agricoltura <\/span><span class=\"BZ_Pyq_fadeIn\">pi\u00f9 <\/span><span class=\"BZ_Pyq_fadeIn\">resiliente, <\/span><span class=\"BZ_Pyq_fadeIn\">sostenibile <\/span><span class=\"BZ_Pyq_fadeIn\">e <\/span><span class=\"BZ_Pyq_fadeIn\">partecipata. <\/span><span class=\"BZ_Pyq_fadeIn\">\u00c8 <\/span><span class=\"BZ_Pyq_fadeIn\">questo <\/span><span class=\"BZ_Pyq_fadeIn\">il <\/span><span class=\"BZ_Pyq_fadeIn\">tema <\/span><span class=\"BZ_Pyq_fadeIn\">al <\/span><span class=\"BZ_Pyq_fadeIn\">centro <\/span><span class=\"BZ_Pyq_fadeIn\">dei <\/span><span class=\"BZ_Pyq_fadeIn\">due <\/span><span class=\"BZ_Pyq_fadeIn\">seminari <\/span><span class=\"BZ_Pyq_fadeIn\">pubblici <\/span><span class=\"BZ_Pyq_fadeIn\">promossi <\/span><span class=\"BZ_Pyq_fadeIn\">dal <\/span><span class=\"BZ_Pyq_fadeIn\">Biodistretto <\/span><span class=\"BZ_Pyq_fadeIn\">Terre <\/span><span class=\"BZ_Pyq_fadeIn\">Bellunesi <\/span><span class=\"BZ_Pyq_fadeIn\">con <\/span><span class=\"BZ_Pyq_fadeIn\">il <\/span><span class=\"BZ_Pyq_fadeIn\">contributo <\/span><span class=\"BZ_Pyq_fadeIn\">del <\/span><span class=\"BZ_Pyq_fadeIn\">Ministero <\/span><span class=\"BZ_Pyq_fadeIn\">dell\u2019Agricoltura, <\/span><span class=\"BZ_Pyq_fadeIn\">della <\/span><span class=\"BZ_Pyq_fadeIn\">Sovranit\u00e0 <\/span><span class=\"BZ_Pyq_fadeIn\">Alimentare <\/span><span class=\"BZ_Pyq_fadeIn\">e <\/span><span class=\"BZ_Pyq_fadeIn\">delle <\/span><span class=\"BZ_Pyq_fadeIn\">Foreste (<\/span><span class=\"BZ_Pyq_fadeIn\">MASAF)<\/span><span class=\"BZ_Pyq_fadeIn\">. <\/span><span class=\"BZ_Pyq_fadeIn\">Protagonista <\/span><span class=\"BZ_Pyq_fadeIn\">degli <\/span><span class=\"BZ_Pyq_fadeIn\">incontri <\/span><span class=\"BZ_Pyq_fadeIn\">sar\u00e0 <\/span><span class=\"BZ_Pyq_fadeIn\">il <\/span><span class=\"BZ_Pyq_fadeIn\">professor <\/span><span class=\"BZ_Pyq_fadeIn\">Salvatore <\/span><span class=\"BZ_Pyq_fadeIn\">Ceccarelli, <\/span><span class=\"BZ_Pyq_fadeIn\">genetista <\/span><span class=\"BZ_Pyq_fadeIn\">agrario <\/span><span class=\"BZ_Pyq_fadeIn\">di <\/span><span class=\"BZ_Pyq_fadeIn\">fama <\/span><span class=\"BZ_Pyq_fadeIn\">mondiale <\/span><span class=\"BZ_Pyq_fadeIn\">e <\/span><span class=\"BZ_Pyq_fadeIn\">pioniere <\/span><span class=\"BZ_Pyq_fadeIn\">del <\/span><span class=\"BZ_Pyq_fadeIn\">miglioramento <\/span><span class=\"BZ_Pyq_fadeIn\">genetico <\/span><span class=\"BZ_Pyq_fadeIn\">partecipativo, <\/span><span class=\"BZ_Pyq_fadeIn\">da <\/span><span class=\"BZ_Pyq_fadeIn\">anni <\/span><span class=\"BZ_Pyq_fadeIn\">impegnato <\/span><span class=\"BZ_Pyq_fadeIn\">nella <\/span><span class=\"BZ_Pyq_fadeIn\">promozione <\/span><span class=\"BZ_Pyq_fadeIn\">della <\/span><span class=\"BZ_Pyq_fadeIn\">biodiversit\u00e0 <\/span><span class=\"BZ_Pyq_fadeIn\">agricola. <\/span><span class=\"BZ_Pyq_fadeIn\">Il <\/span><span class=\"BZ_Pyq_fadeIn\">primo <\/span><span class=\"BZ_Pyq_fadeIn\">seminario <\/span><span class=\"BZ_Pyq_fadeIn\">si <\/span><span class=\"BZ_Pyq_fadeIn\">terr\u00e0 <\/span><span class=\"BZ_Pyq_fadeIn\">gioved\u00ec <\/span><span class=\"BZ_Pyq_fadeIn\">19 <\/span><span class=\"BZ_Pyq_fadeIn\">marzo <\/span><span class=\"BZ_Pyq_fadeIn\">dalle <\/span><span class=\"BZ_Pyq_fadeIn\">9 <\/span><span class=\"BZ_Pyq_fadeIn\">alle <\/span><span class=\"BZ_Pyq_fadeIn\">12 <\/span><span class=\"BZ_Pyq_fadeIn\">al <\/span><span class=\"BZ_Pyq_fadeIn\">Centro <\/span><span class=\"BZ_Pyq_fadeIn\">Consorzi <\/span><span class=\"BZ_Pyq_fadeIn\">di <\/span><span class=\"BZ_Pyq_fadeIn\">Sedico (<\/span><span class=\"BZ_Pyq_fadeIn\">zona <\/span><span class=\"BZ_Pyq_fadeIn\">industriale <\/span><span class=\"BZ_Pyq_fadeIn\">Gresal), <\/span><span class=\"BZ_Pyq_fadeIn\">con <\/span><span class=\"BZ_Pyq_fadeIn\">registrazione <\/span><span class=\"BZ_Pyq_fadeIn\">dei <\/span><span class=\"BZ_Pyq_fadeIn\">partecipanti <\/span><span class=\"BZ_Pyq_fadeIn\">dalle <\/span><span class=\"BZ_Pyq_fadeIn\">8.30. <\/span><span class=\"BZ_Pyq_fadeIn\">L\u2019incontro <\/span><span class=\"BZ_Pyq_fadeIn\">approfondir\u00e0 <\/span><span class=\"BZ_Pyq_fadeIn\">il <\/span><span class=\"BZ_Pyq_fadeIn\">ruolo <\/span><span class=\"BZ_Pyq_fadeIn\">della <\/span><span class=\"BZ_Pyq_fadeIn\">biodiversit\u00e0 <\/span><span class=\"BZ_Pyq_fadeIn\">nel <\/span><span class=\"BZ_Pyq_fadeIn\">suolo, <\/span><span class=\"BZ_Pyq_fadeIn\">negli <\/span><span class=\"BZ_Pyq_fadeIn\">ecosistemi <\/span><span class=\"BZ_Pyq_fadeIn\">e <\/span><span class=\"BZ_Pyq_fadeIn\">nell\u2019organismo <\/span><span class=\"BZ_Pyq_fadeIn\">umano, <\/span><span class=\"BZ_Pyq_fadeIn\">analizzando <\/span><span class=\"BZ_Pyq_fadeIn\">le <\/span><span class=\"BZ_Pyq_fadeIn\">cause <\/span><span class=\"BZ_Pyq_fadeIn\">e <\/span><span class=\"BZ_Pyq_fadeIn\">le <\/span><span class=\"BZ_Pyq_fadeIn\">conseguenze <\/span><span class=\"BZ_Pyq_fadeIn\">della <\/span><span class=\"BZ_Pyq_fadeIn\">sua <\/span><span class=\"BZ_Pyq_fadeIn\">progressiva <\/span><span class=\"BZ_Pyq_fadeIn\">perdita. <\/span><span class=\"BZ_Pyq_fadeIn\">Sar\u00e0 <\/span><span class=\"BZ_Pyq_fadeIn\">inoltre <\/span><span class=\"BZ_Pyq_fadeIn\">esplorato <\/span><span class=\"BZ_Pyq_fadeIn\">il <\/span><span class=\"BZ_Pyq_fadeIn\">legame <\/span><span class=\"BZ_Pyq_fadeIn\">tra <\/span><span class=\"BZ_Pyq_fadeIn\">diversit\u00e0 <\/span><span class=\"BZ_Pyq_fadeIn\">della <\/span><span class=\"BZ_Pyq_fadeIn\">dieta, <\/span><span class=\"BZ_Pyq_fadeIn\">salute <\/span><span class=\"BZ_Pyq_fadeIn\">fisica <\/span><span class=\"BZ_Pyq_fadeIn\">e <\/span><span class=\"BZ_Pyq_fadeIn\">mentale <\/span><span class=\"BZ_Pyq_fadeIn\">e <\/span><span class=\"BZ_Pyq_fadeIn\">modelli <\/span><span class=\"BZ_Pyq_fadeIn\">di <\/span><span class=\"BZ_Pyq_fadeIn\">produzione <\/span><span class=\"BZ_Pyq_fadeIn\">e <\/span><span class=\"BZ_Pyq_fadeIn\">distribuzione <\/span><span class=\"BZ_Pyq_fadeIn\">del <\/span><span class=\"BZ_Pyq_fadeIn\">cibo. <\/span><span class=\"BZ_Pyq_fadeIn\">Il <\/span><span class=\"BZ_Pyq_fadeIn\">secondo <\/span><span class=\"BZ_Pyq_fadeIn\">appuntamento <\/span><span class=\"BZ_Pyq_fadeIn\">\u00e8 <\/span><span class=\"BZ_Pyq_fadeIn\">previsto <\/span><span class=\"BZ_Pyq_fadeIn\">lo <\/span><span class=\"BZ_Pyq_fadeIn\">stesso <\/span><span class=\"BZ_Pyq_fadeIn\">giorno <\/span><span class=\"BZ_Pyq_fadeIn\">ad <\/span><span class=\"BZ_Pyq_fadeIn\">Agordo, <\/span><span class=\"BZ_Pyq_fadeIn\">dalle <\/span><span class=\"BZ_Pyq_fadeIn\">14.30 <\/span><span class=\"BZ_Pyq_fadeIn\">alle <\/span><span class=\"BZ_Pyq_fadeIn\">17.30 <\/span><span class=\"BZ_Pyq_fadeIn\">nella <\/span><span class=\"BZ_Pyq_fadeIn\">sala <\/span><span class=\"BZ_Pyq_fadeIn\">convegni <\/span><span class=\"BZ_Pyq_fadeIn\">Don <\/span><span class=\"BZ_Pyq_fadeIn\">Tamis. <\/span><span class=\"BZ_Pyq_fadeIn\">Il <\/span><span class=\"BZ_Pyq_fadeIn\">focus <\/span><span class=\"BZ_Pyq_fadeIn\">sar\u00e0 <\/span><span class=\"BZ_Pyq_fadeIn\">sull\u2019evoluzione <\/span><span class=\"BZ_Pyq_fadeIn\">delle <\/span><span class=\"BZ_Pyq_fadeIn\">specie <\/span><span class=\"BZ_Pyq_fadeIn\">coltivate <\/span><span class=\"BZ_Pyq_fadeIn\">e <\/span><span class=\"BZ_Pyq_fadeIn\">sul <\/span><span class=\"BZ_Pyq_fadeIn\">confronto <\/span><span class=\"BZ_Pyq_fadeIn\">tra <\/span><span class=\"BZ_Pyq_fadeIn\">miglioramento <\/span><span class=\"BZ_Pyq_fadeIn\">genetico <\/span><span class=\"BZ_Pyq_fadeIn\">convenzionale <\/span><span class=\"BZ_Pyq_fadeIn\">e <\/span><span class=\"BZ_Pyq_fadeIn\">approcci <\/span><span class=\"BZ_Pyq_fadeIn\">partecipativi.<\/span><\/p>\n<p><strong>Iniziativa finanziata dal Ministero dell\u2019Agricoltura, della Sovranit\u00e0 Alimentare e delle Foreste, MASAF con Decreto DG del 28\/11\/2024<\/strong><\/p>\n<p>&nbsp;<\/p>\n<p>&nbsp;<\/p>\n<hr \/>\n<p>&nbsp;<\/p>\n<blockquote>\n<h3 style=\"text-align: center;\">SAVE THE DATE: MUSICA E OSPITI D\u2019ECCEZIONE AL RIFUGIO LARESEI<\/h3>\n<\/blockquote>\n<p><strong><a class=\"dt-pswp-item\" href=\"https:\/\/www.radiopiu.net\/wordpress\/wp-content\/uploads\/2026\/03\/521cd068-a2ac-47be-8a3b-f1488d1c7c13.jpg\" data-dt-img-description=\"\" data-large_image_width=\"513\" data-large_image_height=\"640\"><img loading=\"lazy\" decoding=\"async\" class=\"aligncenter size-medium wp-image-500078\" src=\"https:\/\/www.radiopiu.net\/wordpress\/wp-content\/uploads\/2026\/03\/521cd068-a2ac-47be-8a3b-f1488d1c7c13-240x300.jpg\" alt=\"\" width=\"240\" height=\"300\" srcset=\"https:\/\/www.radiopiu.net\/wordpress\/wp-content\/uploads\/2026\/03\/521cd068-a2ac-47be-8a3b-f1488d1c7c13-240x300.jpg 240w, https:\/\/www.radiopiu.net\/wordpress\/wp-content\/uploads\/2026\/03\/521cd068-a2ac-47be-8a3b-f1488d1c7c13.jpg 513w\" sizes=\"auto, (max-width: 240px) 100vw, 240px\" \/><\/a>\u00a0<\/strong><\/p>\n<p><strong>FALCADE<\/strong> Luned\u00ec 6 aprile dalle 10.30 il Rifugio Laresei di Falcade ospiter\u00e0 \u201cSave the Date \u2013 Unstoppable Festival\u201d, evento che promette energia, musica e divertimento nel cuore delle Dolomiti Bellunesi. Protagonisti della giornata saranno special guest di primo piano: Prezioso, storico volto di Radio Deejay e Radio m2o, Walter Pizzulli e Marco Melandri, pronti ad animare il pubblico con performance coinvolgenti. Alla consolle anche i resident dj Morgan e Battaglia, che accompagneranno la festa in un\u2019atmosfera tutta da vivere. L\u2019iniziativa unisce musica, sport e promozione della montagna. In caso di maltempo l\u2019evento sar\u00e0 cancellato. L\u2019appuntamento si preannuncia come uno dei momenti clou del fine stagione invernale a Falcade.<\/p>\n\n\t\t\t<style type='text\/css'>\n\t\t\t\t#gallery-6 {\n\t\t\t\t\tmargin: auto;\n\t\t\t\t}\n\t\t\t\t#gallery-6 .gallery-item {\n\t\t\t\t\tfloat: left;\n\t\t\t\t\tmargin-top: 10px;\n\t\t\t\t\ttext-align: center;\n\t\t\t\t\twidth: 25%;\n\t\t\t\t}\n\t\t\t\t#gallery-6 img {\n\t\t\t\t\tborder: 2px solid #cfcfcf;\n\t\t\t\t}\n\t\t\t\t#gallery-6 .gallery-caption {\n\t\t\t\t\tmargin-left: 0;\n\t\t\t\t}\n\t\t\t\t\/* see gallery_shortcode() in wp-includes\/media.php *\/\n\t\t\t<\/style>\n\t\t<div id='gallery-6' class='dt-gallery-container gallery galleryid-501864 gallery-columns-4 gallery-size-medium'><dl class='gallery-item'>\n\t\t\t\t<dt class='gallery-icon portrait'>\n\t\t\t\t\t<a class=\"rollover\" href='https:\/\/www.radiopiu.net\/wordpress\/save-the-date-musica-e-ospiti-deccezione-al-rifugio-laresei\/0a293717-7580-42db-9140-07e13797c2e3\/'><img loading=\"lazy\" decoding=\"async\" width=\"240\" height=\"300\" src=\"https:\/\/www.radiopiu.net\/wordpress\/wp-content\/uploads\/2026\/03\/0a293717-7580-42db-9140-07e13797c2e3-240x300.jpg\" class=\"attachment-medium size-medium\" alt=\"\" srcset=\"https:\/\/www.radiopiu.net\/wordpress\/wp-content\/uploads\/2026\/03\/0a293717-7580-42db-9140-07e13797c2e3-240x300.jpg 240w, https:\/\/www.radiopiu.net\/wordpress\/wp-content\/uploads\/2026\/03\/0a293717-7580-42db-9140-07e13797c2e3-819x1024.jpg 819w, https:\/\/www.radiopiu.net\/wordpress\/wp-content\/uploads\/2026\/03\/0a293717-7580-42db-9140-07e13797c2e3-768x960.jpg 768w, https:\/\/www.radiopiu.net\/wordpress\/wp-content\/uploads\/2026\/03\/0a293717-7580-42db-9140-07e13797c2e3.jpg 1080w\" sizes=\"auto, (max-width: 240px) 100vw, 240px\" \/><\/a>\n\t\t\t\t<\/dt><\/dl><dl class='gallery-item'>\n\t\t\t\t<dt class='gallery-icon portrait'>\n\t\t\t\t\t<a class=\"rollover\" href='https:\/\/www.radiopiu.net\/wordpress\/save-the-date-musica-e-ospiti-deccezione-al-rifugio-laresei\/4b7ad474-1c5a-49f0-8045-ee37f2b03787\/'><img loading=\"lazy\" decoding=\"async\" width=\"240\" height=\"300\" src=\"https:\/\/www.radiopiu.net\/wordpress\/wp-content\/uploads\/2026\/03\/4b7ad474-1c5a-49f0-8045-ee37f2b03787-240x300.jpg\" class=\"attachment-medium size-medium\" alt=\"\" srcset=\"https:\/\/www.radiopiu.net\/wordpress\/wp-content\/uploads\/2026\/03\/4b7ad474-1c5a-49f0-8045-ee37f2b03787-240x300.jpg 240w, https:\/\/www.radiopiu.net\/wordpress\/wp-content\/uploads\/2026\/03\/4b7ad474-1c5a-49f0-8045-ee37f2b03787-819x1024.jpg 819w, https:\/\/www.radiopiu.net\/wordpress\/wp-content\/uploads\/2026\/03\/4b7ad474-1c5a-49f0-8045-ee37f2b03787-768x960.jpg 768w, https:\/\/www.radiopiu.net\/wordpress\/wp-content\/uploads\/2026\/03\/4b7ad474-1c5a-49f0-8045-ee37f2b03787.jpg 1080w\" sizes=\"auto, (max-width: 240px) 100vw, 240px\" \/><\/a>\n\t\t\t\t<\/dt><\/dl><dl class='gallery-item'>\n\t\t\t\t<dt class='gallery-icon portrait'>\n\t\t\t\t\t<a class=\"rollover\" href='https:\/\/www.radiopiu.net\/wordpress\/save-the-date-musica-e-ospiti-deccezione-al-rifugio-laresei\/6e8a3e61-45a7-4fad-8148-a84b0950b861\/'><img loading=\"lazy\" decoding=\"async\" width=\"240\" height=\"300\" src=\"https:\/\/www.radiopiu.net\/wordpress\/wp-content\/uploads\/2026\/03\/6e8a3e61-45a7-4fad-8148-a84b0950b861-240x300.jpg\" class=\"attachment-medium size-medium\" alt=\"\" srcset=\"https:\/\/www.radiopiu.net\/wordpress\/wp-content\/uploads\/2026\/03\/6e8a3e61-45a7-4fad-8148-a84b0950b861-240x300.jpg 240w, https:\/\/www.radiopiu.net\/wordpress\/wp-content\/uploads\/2026\/03\/6e8a3e61-45a7-4fad-8148-a84b0950b861-819x1024.jpg 819w, https:\/\/www.radiopiu.net\/wordpress\/wp-content\/uploads\/2026\/03\/6e8a3e61-45a7-4fad-8148-a84b0950b861-768x960.jpg 768w, https:\/\/www.radiopiu.net\/wordpress\/wp-content\/uploads\/2026\/03\/6e8a3e61-45a7-4fad-8148-a84b0950b861.jpg 1080w\" sizes=\"auto, (max-width: 240px) 100vw, 240px\" \/><\/a>\n\t\t\t\t<\/dt><\/dl><dl class='gallery-item'>\n\t\t\t\t<dt class='gallery-icon portrait'>\n\t\t\t\t\t<a class=\"rollover\" href='https:\/\/www.radiopiu.net\/wordpress\/save-the-date-musica-e-ospiti-deccezione-al-rifugio-laresei\/117e1797-e85b-4f6a-a904-ebf5315c0332\/'><img loading=\"lazy\" decoding=\"async\" width=\"240\" height=\"300\" src=\"https:\/\/www.radiopiu.net\/wordpress\/wp-content\/uploads\/2026\/03\/117e1797-e85b-4f6a-a904-ebf5315c0332-240x300.jpg\" class=\"attachment-medium size-medium\" alt=\"\" srcset=\"https:\/\/www.radiopiu.net\/wordpress\/wp-content\/uploads\/2026\/03\/117e1797-e85b-4f6a-a904-ebf5315c0332-240x300.jpg 240w, https:\/\/www.radiopiu.net\/wordpress\/wp-content\/uploads\/2026\/03\/117e1797-e85b-4f6a-a904-ebf5315c0332-819x1024.jpg 819w, https:\/\/www.radiopiu.net\/wordpress\/wp-content\/uploads\/2026\/03\/117e1797-e85b-4f6a-a904-ebf5315c0332-768x960.jpg 768w, https:\/\/www.radiopiu.net\/wordpress\/wp-content\/uploads\/2026\/03\/117e1797-e85b-4f6a-a904-ebf5315c0332.jpg 1080w\" sizes=\"auto, (max-width: 240px) 100vw, 240px\" \/><\/a>\n\t\t\t\t<\/dt><\/dl><br style=\"clear: both\" \/>\n\t\t\t<\/div>\n\n<p>&nbsp;<\/p>\n<hr \/>\n<p>&nbsp;<\/p>\n<blockquote>\n<h3 style=\"text-align: center;\">CAMMINATA DI PRIMAVERA CTG TRA MEDIL E PIANDELMONTE<\/h3>\n<\/blockquote>\n<p><strong>BELLUNO <\/strong>Domenica 22 marzo 2026 il CTG organizza una camminata di primavera nella Valle del Cicogna, tra le contrade di Medil, Tassei e Piandelmonte, per riscoprire paesaggio, storia e tradizioni della Valbelluna. Il ritrovo \u00e8 alle 14.30 a Belluno, in piazzale Resistenza, oppure presso il cimitero di Piandelmonte. Il percorso a piedi, di circa 3,5 km tra andata e ritorno con un dislivello di circa 150 metri, offrir\u00e0 spunti di interesse antropologico, naturalistico e storico. Alle 17 \u00e8 prevista la Messa nella chiesa di Piandelmonte, seguita da un rinfresco. L\u2019iniziativa \u00e8 aperta a tutti con prenotazione obbligatoria entro sabato 21 marzo. Posti disponibili: 30 partecipanti.<\/p>\n\n\t\t\t<style type='text\/css'>\n\t\t\t\t#gallery-7 {\n\t\t\t\t\tmargin: auto;\n\t\t\t\t}\n\t\t\t\t#gallery-7 .gallery-item {\n\t\t\t\t\tfloat: left;\n\t\t\t\t\tmargin-top: 10px;\n\t\t\t\t\ttext-align: center;\n\t\t\t\t\twidth: 50%;\n\t\t\t\t}\n\t\t\t\t#gallery-7 img {\n\t\t\t\t\tborder: 2px solid #cfcfcf;\n\t\t\t\t}\n\t\t\t\t#gallery-7 .gallery-caption {\n\t\t\t\t\tmargin-left: 0;\n\t\t\t\t}\n\t\t\t\t\/* see gallery_shortcode() in wp-includes\/media.php *\/\n\t\t\t<\/style>\n\t\t<div id='gallery-7' class='dt-gallery-container gallery galleryid-501864 gallery-columns-2 gallery-size-medium'><dl class='gallery-item'>\n\t\t\t\t<dt class='gallery-icon landscape'>\n\t\t\t\t\t<a class=\"rollover rollover-zoom dt-pswp-item\" title=\"P1150818\" data-dt-img-description=\"\" data-large_image_width=\"2048\" data-large_image_height=\"1536\"href='https:\/\/www.radiopiu.net\/wordpress\/wp-content\/uploads\/2026\/03\/P1150818.jpg'><img loading=\"lazy\" decoding=\"async\" width=\"300\" height=\"225\" src=\"https:\/\/www.radiopiu.net\/wordpress\/wp-content\/uploads\/2026\/03\/P1150818-300x225.jpg\" class=\"attachment-medium size-medium\" alt=\"\" srcset=\"https:\/\/www.radiopiu.net\/wordpress\/wp-content\/uploads\/2026\/03\/P1150818-300x225.jpg 300w, https:\/\/www.radiopiu.net\/wordpress\/wp-content\/uploads\/2026\/03\/P1150818-1024x768.jpg 1024w, https:\/\/www.radiopiu.net\/wordpress\/wp-content\/uploads\/2026\/03\/P1150818-768x576.jpg 768w, https:\/\/www.radiopiu.net\/wordpress\/wp-content\/uploads\/2026\/03\/P1150818-1536x1152.jpg 1536w, https:\/\/www.radiopiu.net\/wordpress\/wp-content\/uploads\/2026\/03\/P1150818.jpg 2048w\" sizes=\"auto, (max-width: 300px) 100vw, 300px\" \/><\/a>\n\t\t\t\t<\/dt><\/dl><dl class='gallery-item'>\n\t\t\t\t<dt class='gallery-icon landscape'>\n\t\t\t\t\t<a class=\"rollover rollover-zoom dt-pswp-item\" title=\"P1150835\" data-dt-img-description=\"\" data-large_image_width=\"2048\" data-large_image_height=\"1536\"href='https:\/\/www.radiopiu.net\/wordpress\/wp-content\/uploads\/2026\/03\/P1150835.jpg'><img loading=\"lazy\" decoding=\"async\" width=\"300\" height=\"225\" src=\"https:\/\/www.radiopiu.net\/wordpress\/wp-content\/uploads\/2026\/03\/P1150835-300x225.jpg\" class=\"attachment-medium size-medium\" alt=\"\" srcset=\"https:\/\/www.radiopiu.net\/wordpress\/wp-content\/uploads\/2026\/03\/P1150835-300x225.jpg 300w, https:\/\/www.radiopiu.net\/wordpress\/wp-content\/uploads\/2026\/03\/P1150835-1024x768.jpg 1024w, https:\/\/www.radiopiu.net\/wordpress\/wp-content\/uploads\/2026\/03\/P1150835-768x576.jpg 768w, https:\/\/www.radiopiu.net\/wordpress\/wp-content\/uploads\/2026\/03\/P1150835-1536x1152.jpg 1536w, https:\/\/www.radiopiu.net\/wordpress\/wp-content\/uploads\/2026\/03\/P1150835.jpg 2048w\" sizes=\"auto, (max-width: 300px) 100vw, 300px\" \/><\/a>\n\t\t\t\t<\/dt><\/dl><br style=\"clear: both\" \/>\n\t\t\t<\/div>\n\n<p>&nbsp;<\/p>\n<p>&nbsp;<\/p>\n<hr \/>\n<p>&nbsp;<\/p>\n<blockquote>\n<h3 style=\"text-align: center;\">CAMMINANDO FESTIVAL 2026: A MEL IL CONVEGNO SU TURISMO, SOCIAL E TERRITORI<\/h3>\n<\/blockquote>\n<p><strong><a class=\"dt-pswp-item\" href=\"https:\/\/www.radiopiu.net\/wordpress\/wp-content\/uploads\/2026\/03\/KHGSAIUS.jpeg\" data-dt-img-description=\"\" data-large_image_width=\"1126\" data-large_image_height=\"439\"><img loading=\"lazy\" decoding=\"async\" class=\"aligncenter size-medium wp-image-501993\" src=\"https:\/\/www.radiopiu.net\/wordpress\/wp-content\/uploads\/2026\/03\/KHGSAIUS-300x117.jpeg\" alt=\"\" width=\"300\" height=\"117\" srcset=\"https:\/\/www.radiopiu.net\/wordpress\/wp-content\/uploads\/2026\/03\/KHGSAIUS-300x117.jpeg 300w, https:\/\/www.radiopiu.net\/wordpress\/wp-content\/uploads\/2026\/03\/KHGSAIUS-1024x399.jpeg 1024w, https:\/\/www.radiopiu.net\/wordpress\/wp-content\/uploads\/2026\/03\/KHGSAIUS-768x299.jpeg 768w, https:\/\/www.radiopiu.net\/wordpress\/wp-content\/uploads\/2026\/03\/KHGSAIUS.jpeg 1126w\" sizes=\"auto, (max-width: 300px) 100vw, 300px\" \/><\/a>\u00a0<\/strong><\/p>\n<p><strong>BORGO VALBELLUNA <\/strong>Si apre l\u2019edizione 2026 di Camminando Festival, iniziativa dedicata alla valorizzazione paesaggistica e culturale della Valbelluna attraverso la promozione della cultura del cammino. Il progetto \u00e8 guidato dall\u2019associazione Il Veses Aps insieme a Borgo Valbelluna Safe Walking. Novit\u00e0 di quest\u2019anno \u00e8 il convegno \u201cPasso leggero, sguardo aperto: l\u2019accoglienza nell\u2019era dei social\u201d, in programma sabato 21 marzo all\u2019Auditorium della Chiesa di San Pietro di Mel. L\u2019incontro rifletter\u00e0 sulle sfide del turismo contemporaneo, tra promozione dei territori, sostenibilit\u00e0 e impatto dei social media. Interverranno esperti di turismo, antropologia e comunicazione, con contributi su turismo responsabile, festival culturali e rigenerazione dei territori. L\u2019evento, moderato da Marco Giovenco, \u00e8 aperto anche ai giornalisti con crediti formativi. Durante il festival sar\u00e0 inoltre ospitato un press week-end con giornalisti del turismo per promuovere la Valbelluna.<\/p>\n<p>&nbsp;<\/p>\n<p>&nbsp;<\/p>\n<hr \/>\n<p>&nbsp;<\/p>\n<blockquote class=\"wp-embedded-content\" data-secret=\"o6xEpOnGx2\"><p><a href=\"https:\/\/www.radiopiu.net\/wordpress\/rivamonte-la-raccolta-di-giuliano-laveder-torna-alla-luce\/\">RIVAMONTE \u2013 LA RACCOLTA DI GIULIANO LAVEDER TORNA ALLA LUCE<\/a><\/p><\/blockquote>\n<p><iframe loading=\"lazy\" class=\"wp-embedded-content\" sandbox=\"allow-scripts\" security=\"restricted\" style=\"position: absolute; visibility: hidden;\" title=\"&#8220;RIVAMONTE \u2013 LA RACCOLTA DI GIULIANO LAVEDER TORNA ALLA LUCE&#8221; &#8212; Radio Pi\u00f9\" src=\"https:\/\/www.radiopiu.net\/wordpress\/rivamonte-la-raccolta-di-giuliano-laveder-torna-alla-luce\/embed\/#?secret=CQe4x4W3Sg#?secret=o6xEpOnGx2\" data-secret=\"o6xEpOnGx2\" width=\"600\" height=\"338\" frameborder=\"0\" marginwidth=\"0\" marginheight=\"0\" scrolling=\"no\"><\/iframe><\/p>\n<p>&nbsp;<\/p>\n<hr \/>\n<p>&nbsp;<\/p>\n<blockquote class=\"wp-embedded-content\" data-secret=\"f7B2yoOYQJ\"><p><a href=\"https:\/\/www.radiopiu.net\/wordpress\/raccolta2026-2-16\/\">L\u2019ARTE CHE NASCE TRA POLVERE, LEGNO E MEMORIA<\/a><\/p><\/blockquote>\n<p><iframe loading=\"lazy\" class=\"wp-embedded-content\" sandbox=\"allow-scripts\" security=\"restricted\" style=\"position: absolute; visibility: hidden;\" title=\"&#8220;L\u2019ARTE CHE NASCE TRA POLVERE, LEGNO E MEMORIA&#8221; &#8212; Radio Pi\u00f9\" src=\"https:\/\/www.radiopiu.net\/wordpress\/raccolta2026-2-16\/embed\/#?secret=INKe6vXGI6#?secret=f7B2yoOYQJ\" data-secret=\"f7B2yoOYQJ\" width=\"600\" height=\"338\" frameborder=\"0\" marginwidth=\"0\" marginheight=\"0\" scrolling=\"no\"><\/iframe><\/p>\n<p>&nbsp;<\/p>\n<hr \/>\n<p>&nbsp;<\/p>\n<h1 style=\"text-align: center;\"><span style=\"color: #ff6600;\">IERI ALLA RADIO<\/span><\/h1>\n<h2 style=\"text-align: center;\"><span style=\"color: #ff0000;\">GIORNATA DELLA MEMORIA E DELL&#8217;IMPEGNO IN RICORDO DELLE VITTIME INNOCENTI DI MAFIA<\/span><\/h2>\n<p><strong>REDAZIONE<\/strong> In occasione del 21 marzo, 31a giornata della memoria e dell&#8217;impegno in ricordo delle vittime innocenti delle mafie che quest&#8217;anno si svolger\u00e0 a Torino, i quattro presidi bellunesi di Libera fanno la loro parte nel raccontare le storie di alcune delle oltre mille persone innocenti uccise dalla criminalit\u00e0 organizzata. Dall&#8217;Agordino alla Valbelluna, dal Bellunese Orientale al Cadore la memoria continua ad essere impegno per costruire un mondo pi\u00f9 giusto. Su Radio Pi\u00f9&#8230;il lunedi e il giovedi alle 13.10 e alle 20.10.<\/p>\n<p><strong>PUNTATA 01 &#8211; GIUSEPPE LETIZIA<\/strong><\/p>\n<audio class=\"wp-audio-shortcode\" id=\"audio-501864-7\" preload=\"none\" style=\"width: 100%;\" controls=\"controls\"><source type=\"audio\/mpeg\" src=\"https:\/\/www.radiopiu.net\/wordpress\/wp-content\/uploads\/2026\/03\/LIBERA-PRIMA-PUNTATA.mp3?_=7\" \/><a href=\"https:\/\/www.radiopiu.net\/wordpress\/wp-content\/uploads\/2026\/03\/LIBERA-PRIMA-PUNTATA.mp3\">https:\/\/www.radiopiu.net\/wordpress\/wp-content\/uploads\/2026\/03\/LIBERA-PRIMA-PUNTATA.mp3<\/a><\/audio>\n<p>&nbsp;<\/p>\n<p><a class=\"dt-pswp-item\" href=\"https:\/\/www.radiopiu.net\/wordpress\/wp-content\/uploads\/2026\/03\/03d8d8db-41a0-4840-8526-e78d379004cb.jpg\" data-dt-img-description=\"\" data-large_image_width=\"183\" data-large_image_height=\"275\"><img loading=\"lazy\" decoding=\"async\" class=\"aligncenter size-full wp-image-502009\" src=\"https:\/\/www.radiopiu.net\/wordpress\/wp-content\/uploads\/2026\/03\/03d8d8db-41a0-4840-8526-e78d379004cb.jpg\" alt=\"\" width=\"183\" height=\"275\" \/><\/a><\/p>\n<p>&nbsp;<\/p>\n<p>&nbsp;<\/p>\n<hr \/>\n<p>&nbsp;<\/p>\n<h2 style=\"text-align: center;\"><span style=\"color: #800080;\">OGGI COME IERI, QUARTO ANNO. CON SILVIA BALDO<\/span><\/h2>\n<p><strong><a class=\"dt-pswp-item\" href=\"https:\/\/www.radiopiu.net\/wordpress\/wp-content\/uploads\/2026\/03\/eccidio-via-fani.jpg\" data-dt-img-description=\"\" data-large_image_width=\"640\" data-large_image_height=\"450\"><img loading=\"lazy\" decoding=\"async\" class=\"wp-image-502024 aligncenter\" src=\"https:\/\/www.radiopiu.net\/wordpress\/wp-content\/uploads\/2026\/03\/eccidio-via-fani-300x211.jpg\" alt=\"\" width=\"221\" height=\"155\" srcset=\"https:\/\/www.radiopiu.net\/wordpress\/wp-content\/uploads\/2026\/03\/eccidio-via-fani-300x211.jpg 300w, https:\/\/www.radiopiu.net\/wordpress\/wp-content\/uploads\/2026\/03\/eccidio-via-fani.jpg 640w\" sizes=\"auto, (max-width: 221px) 100vw, 221px\" \/><\/a> <\/strong><\/p>\n<p><strong>16 MARZO<\/strong><\/p>\n<audio class=\"wp-audio-shortcode\" id=\"audio-501864-8\" preload=\"none\" style=\"width: 100%;\" controls=\"controls\"><source type=\"audio\/mpeg\" src=\"https:\/\/www.radiopiu.net\/wordpress\/wp-content\/uploads\/2026\/03\/SIBI1-2.mp3?_=8\" \/><a href=\"https:\/\/www.radiopiu.net\/wordpress\/wp-content\/uploads\/2026\/03\/SIBI1-2.mp3\">https:\/\/www.radiopiu.net\/wordpress\/wp-content\/uploads\/2026\/03\/SIBI1-2.mp3<\/a><\/audio>\n<p>&nbsp;<\/p>\n<h2><strong>LA RACCOLTA COMPLETA <a href=\"https:\/\/www.radiopiu.net\/wordpress\/quartoanno16mar\/\"><span style=\"color: #3366ff;\">CLICCA QUI<\/span><\/a><\/strong><\/h2>\n<p>&nbsp;<\/p>\n<hr \/>\n<p>&nbsp;<\/p>\n<blockquote>\n<h2 style=\"text-align: center;\"><span style=\"color: #00ccff;\">SIB INFORMA: LA DEPURAZIONE DELLE ACQUE<\/span><\/h2>\n<\/blockquote>\n<p><strong><a class=\"dt-pswp-item\" href=\"https:\/\/www.radiopiu.net\/wordpress\/wp-content\/uploads\/2025\/03\/3_vasca-del-depuratore-di-Feltre.jpg\" data-dt-img-description=\"\" data-large_image_width=\"1134\" data-large_image_height=\"638\"><img loading=\"lazy\" decoding=\"async\" class=\"aligncenter size-medium wp-image-442553\" src=\"https:\/\/www.radiopiu.net\/wordpress\/wp-content\/uploads\/2025\/03\/3_vasca-del-depuratore-di-Feltre-300x169.jpg\" alt=\"\" width=\"300\" height=\"169\" srcset=\"https:\/\/www.radiopiu.net\/wordpress\/wp-content\/uploads\/2025\/03\/3_vasca-del-depuratore-di-Feltre-300x169.jpg 300w, https:\/\/www.radiopiu.net\/wordpress\/wp-content\/uploads\/2025\/03\/3_vasca-del-depuratore-di-Feltre-1024x576.jpg 1024w, https:\/\/www.radiopiu.net\/wordpress\/wp-content\/uploads\/2025\/03\/3_vasca-del-depuratore-di-Feltre-768x432.jpg 768w, https:\/\/www.radiopiu.net\/wordpress\/wp-content\/uploads\/2025\/03\/3_vasca-del-depuratore-di-Feltre.jpg 1134w\" sizes=\"auto, (max-width: 300px) 100vw, 300px\" \/><\/a>\u00a0<\/strong><\/p>\n<p><strong>DI BARBARA PAOLAZZI<\/strong><\/p>\n<p>OSPITI: Mattia Bertoncin (coordinatore degli impianti di depurazione), Luca Grigoletto (tecnico di SIB) e Nicola Busetti (responsabile degli impianti di depurazione)<\/p>\n<audio class=\"wp-audio-shortcode\" id=\"audio-501864-9\" preload=\"none\" style=\"width: 100%;\" controls=\"controls\"><source type=\"audio\/mpeg\" src=\"https:\/\/www.radiopiu.net\/wordpress\/wp-content\/uploads\/2026\/03\/31-SIB-INFORMA-16-03-2026-depurazione-1.mp3?_=9\" \/><a href=\"https:\/\/www.radiopiu.net\/wordpress\/wp-content\/uploads\/2026\/03\/31-SIB-INFORMA-16-03-2026-depurazione-1.mp3\">https:\/\/www.radiopiu.net\/wordpress\/wp-content\/uploads\/2026\/03\/31-SIB-INFORMA-16-03-2026-depurazione-1.mp3<\/a><\/audio>\n<p>&nbsp;<\/p>\n<blockquote class=\"wp-embedded-content\" data-secret=\"SlFjd42PfQ\"><p><a href=\"https:\/\/www.radiopiu.net\/wordpress\/gsp-informa\/\">SIB informa<\/a><\/p><\/blockquote>\n<p><iframe loading=\"lazy\" class=\"wp-embedded-content\" sandbox=\"allow-scripts\" security=\"restricted\" style=\"position: absolute; visibility: hidden;\" title=\"&#8220;SIB informa&#8221; &#8212; Radio Pi\u00f9\" src=\"https:\/\/www.radiopiu.net\/wordpress\/gsp-informa\/embed\/#?secret=paoDe05yL6#?secret=SlFjd42PfQ\" data-secret=\"SlFjd42PfQ\" width=\"600\" height=\"338\" frameborder=\"0\" marginwidth=\"0\" marginheight=\"0\" scrolling=\"no\"><\/iframe><\/p>\n<p>&nbsp;<\/p>\n<hr \/>\n<p>&nbsp;<\/p>\n<h2 style=\"text-align: center;\"><span style=\"color: #33cccc;\">PERITI MINERARI DALL&#8217;AGORDINO AL MONDO SECONDA EDIZIONE<\/span><\/h2>\n<p><strong>27 IVANO MARIOTTI<\/strong><\/p>\n<p><iframe loading=\"lazy\" title=\"27 IVANO MARIOTTI\" width=\"1200\" height=\"675\" src=\"https:\/\/www.youtube.com\/embed\/4XvgK7IVJmA?feature=oembed\" frameborder=\"0\" allow=\"accelerometer; autoplay; clipboard-write; encrypted-media; gyroscope; picture-in-picture; web-share\" referrerpolicy=\"strict-origin-when-cross-origin\" allowfullscreen><\/iframe><\/p>\n<p>&nbsp;<\/p>\n<h2><strong>LA RACCOLTA COMPLETA <span style=\"color: #3366ff;\"><a style=\"color: #3366ff;\" href=\"https:\/\/www.radiopiu.net\/wordpress\/periti-minerari-dallagordino-al-mondo\/\">CLICCA QUI<\/a><\/span><\/strong><\/h2>\n<p>&nbsp;<\/p>\n<hr \/>\n<p>&nbsp;<\/p>\n<h2 style=\"text-align: center;\"><span style=\"color: #ffcc00;\">SALUTE E SOCIETA&#8217;<\/span><\/h2>\n<p><strong>PUNTATA DEL 16 MARZO 2026<\/strong><\/p>\n<p><strong><a class=\"dt-pswp-item\" href=\"https:\/\/www.radiopiu.net\/wordpress\/wp-content\/uploads\/2026\/03\/WhatsApp-Image-2026-03-16-at-09.01.03.jpeg\" data-dt-img-description=\"\" data-large_image_width=\"1600\" data-large_image_height=\"900\"><img loading=\"lazy\" decoding=\"async\" class=\"aligncenter size-medium wp-image-501926\" src=\"https:\/\/www.radiopiu.net\/wordpress\/wp-content\/uploads\/2026\/03\/WhatsApp-Image-2026-03-16-at-09.01.03-300x169.jpeg\" alt=\"\" width=\"300\" height=\"169\" srcset=\"https:\/\/www.radiopiu.net\/wordpress\/wp-content\/uploads\/2026\/03\/WhatsApp-Image-2026-03-16-at-09.01.03-300x169.jpeg 300w, https:\/\/www.radiopiu.net\/wordpress\/wp-content\/uploads\/2026\/03\/WhatsApp-Image-2026-03-16-at-09.01.03-1024x576.jpeg 1024w, https:\/\/www.radiopiu.net\/wordpress\/wp-content\/uploads\/2026\/03\/WhatsApp-Image-2026-03-16-at-09.01.03-768x432.jpeg 768w, https:\/\/www.radiopiu.net\/wordpress\/wp-content\/uploads\/2026\/03\/WhatsApp-Image-2026-03-16-at-09.01.03-1536x864.jpeg 1536w, https:\/\/www.radiopiu.net\/wordpress\/wp-content\/uploads\/2026\/03\/WhatsApp-Image-2026-03-16-at-09.01.03.jpeg 1600w\" sizes=\"auto, (max-width: 300px) 100vw, 300px\" \/><\/a>\u00a0<\/strong><\/p>\n<p><strong>Obesit\u00e0 e fertilit\u00e0 femminile <\/strong>un legame pi\u00f9 stretto di quanto si pensi. Secondo gli esperti, le donne con un indice di massa corporea superiore a trentadue hanno fino a tre volte pi\u00f9 probabilit\u00e0 di infertilit\u00e0 da mancata ovulazione. Il meccanismo \u00e8 ormonale: il grasso in eccesso \u2014 soprattutto quello addominale \u2014 altera l\u2019equilibrio tra insulina, testosterone e ormoni sessuali, compromettendo il ciclo ovulatorio. La buona notizia \u00e8 che basta perdere tra il cinque e il dieci per cento del proprio peso per vedere miglioramenti significativi della fertilit\u00e0.<\/p>\n<audio class=\"wp-audio-shortcode\" id=\"audio-501864-10\" preload=\"none\" style=\"width: 100%;\" controls=\"controls\"><source type=\"audio\/mpeg\" src=\"https:\/\/www.radiopiu.net\/wordpress\/wp-content\/uploads\/2026\/03\/SALUTE-2.mp3?_=10\" \/><a href=\"https:\/\/www.radiopiu.net\/wordpress\/wp-content\/uploads\/2026\/03\/SALUTE-2.mp3\">https:\/\/www.radiopiu.net\/wordpress\/wp-content\/uploads\/2026\/03\/SALUTE-2.mp3<\/a><\/audio>\n<p>&nbsp;<\/p>\n<hr \/>\n<p>&nbsp;<\/p>\n<h2 style=\"text-align: center;\"><span style=\"color: #cc99ff;\">I RACCONTI DI PAOLO SOPPELSA<\/span><\/h2>\n<p><strong>ATTIMI D&#8217;INVERNO<\/strong><\/p>\n<p><strong>AUDIO<\/strong><\/p>\n<audio class=\"wp-audio-shortcode\" id=\"audio-501864-11\" preload=\"none\" style=\"width: 100%;\" controls=\"controls\"><source type=\"audio\/mpeg\" src=\"https:\/\/www.radiopiu.net\/wordpress\/wp-content\/uploads\/2026\/03\/PAOLOS-2.mp3?_=11\" \/><a href=\"https:\/\/www.radiopiu.net\/wordpress\/wp-content\/uploads\/2026\/03\/PAOLOS-2.mp3\">https:\/\/www.radiopiu.net\/wordpress\/wp-content\/uploads\/2026\/03\/PAOLOS-2.mp3<\/a><\/audio>\n<p>&nbsp;<\/p>\n<p><a class=\"dt-pswp-item\" href=\"https:\/\/www.radiopiu.net\/wordpress\/wp-content\/uploads\/2026\/03\/e337dadd-6154-432d-b965-11d43e5c2ddf.jpg\" data-dt-img-description=\"\" data-large_image_width=\"1920\" data-large_image_height=\"1440\"><img loading=\"lazy\" decoding=\"async\" class=\"aligncenter size-medium wp-image-501812\" src=\"https:\/\/www.radiopiu.net\/wordpress\/wp-content\/uploads\/2026\/03\/e337dadd-6154-432d-b965-11d43e5c2ddf-300x225.jpg\" alt=\"\" width=\"300\" height=\"225\" srcset=\"https:\/\/www.radiopiu.net\/wordpress\/wp-content\/uploads\/2026\/03\/e337dadd-6154-432d-b965-11d43e5c2ddf-300x225.jpg 300w, https:\/\/www.radiopiu.net\/wordpress\/wp-content\/uploads\/2026\/03\/e337dadd-6154-432d-b965-11d43e5c2ddf-1024x768.jpg 1024w, https:\/\/www.radiopiu.net\/wordpress\/wp-content\/uploads\/2026\/03\/e337dadd-6154-432d-b965-11d43e5c2ddf-768x576.jpg 768w, https:\/\/www.radiopiu.net\/wordpress\/wp-content\/uploads\/2026\/03\/e337dadd-6154-432d-b965-11d43e5c2ddf-1536x1152.jpg 1536w, https:\/\/www.radiopiu.net\/wordpress\/wp-content\/uploads\/2026\/03\/e337dadd-6154-432d-b965-11d43e5c2ddf.jpg 1920w\" sizes=\"auto, (max-width: 300px) 100vw, 300px\" \/><\/a><\/p>\n<p>A cosa pensavano, mi chiedevo mentre osservavo i gesti lenti, ponderati e sempre uguali che scandivano le loro vite di montagna. Forse al lungo inverno dal quale stavano lentamente uscendo, oppure ad una visita da fare all&#8217;ospedale di Agordo. Oppure alla legna bruciata durante i primi due mesi freddi e a quella risparmiata durante quel febbraio che era stato tutto sommato gentile. Non sapevo a cosa stavano pensando mentre li vedevo accendere il fuoco con un fiammifero, oppure mentre prendevano l&#8217;acqua calda dalla vasca della cucina economica. C&#8217;era silenzio mentre si attendeva una probabile pioggia di marzo. Silenzio di uomini e bambini, scricchiolare di travi e borbottare della moka sopra i cerchi roventi della stufa. Chiss\u00e0 a cosa pensavano durante quei momenti di inverno stanco e primavera ancora da venire. Che cosa avevano in mente quando uscivano a prendere la legna oppure mentre spazzavano il pavimento di linoleum giallino. Forse vedevano scorrere la loro vita faticosa vissuta a mezza costa, forse pensavano a quella maledetta guerra che si era presa i loro anni migliori, quelli delle forze e dei sogni al massimo. Li vedevo compiere in silenzio quei gesti all&#8217;apparenza semplici, gesti che rappresentavano la loro vita anziana. Tagliare il pane per i canederli, pelare le patate, cucire uno strappo su dei pantaloni. Li vedevo intenti a vivere una vita semplice condotta in un luogo in cui la modernit\u00e0 entrava centellinata. Durante quei primi anni \u201880 il mondo correva all&#8217;impazzata mentre loro rallentavano. Certo, c&#8217;era stata un&#8217;epoca in cui pure loro erano stati al passo con i tempi. Era accaduto circa tre decenni prima, quando l&#8217;Italia stava risorgendo dalle macerie lasciate dalla guerra e da quando erano riusciti finalmente a far decollare le loro vite. Le fatiche, l\u2019emigrazione in Svizzera, il saper risparmiare avevano permesso di avere il bagno in casa e poi la radio e, pi\u00f9 tardi, la lavatrice e il grande congelatore. Un giorno arriv\u00f2 anche la televisione, che all&#8217;inizio, quando andava in onda il Rischiatutto, guardavano al bar del paese. Forse pensavano proprio a quegli anni duri ma carichi di speranza. Del resto, in passato il fondo l&#8217;avevano gi\u00e0 toccato al tempo triste della guerra e poi erano risaliti guadagnandosi a suon di sacrifici un dignitoso seppur parco vivere. Avevano costruito una casa e un tabi\u00e0, messo al mondo dei figli, acquistato dei terreni e allevato vacche e maiali. Ora che la vecchiaia iniziava a farsi sentire, forse potevano riposare un po\u2019, ma non troppo. C&#8217;era un&#8217;altra primavera da vivere, c&#8217;era il campo da preparare, e anche se gli animali non c&#8217;erano pi\u00f9 c&#8217;era la legna da tagliare e accatastare per l&#8217;inverno successivo. Forse a questo pensavano mentre osservavano dalla finestra il cielo inquieto di marzo. Forse, mentre il cielo grigio prometteva una pioggia mista a neve di quasi primavera, pensavano a quella loro vita di montagna, faticosa e silenziosa. E nel frattempo guardavano me intento, come loro, ad osservare le nuvole, pensando che loro sarebbero stati gli ultimi a vivere quella vita vissuta seguendo il ritmo delle stagioni. Andati loro sarebbe cambiata pure la montagna. Poi, mentre la cucina economica iniziava davvero a scaldare, le prime parole e un sereno sorriso; dai, ven con mi che don de fora a ciole doi legne\u2026<\/p>\n<p>&nbsp;<\/p>\n<p>&nbsp;<\/p>\n<hr \/>\n<p>&nbsp;<\/p>\n<h2 style=\"text-align: center;\"><span style=\"color: #99cc00;\">LO SPORT DEL LUNEDI&#8217; POMERIGGIO<\/span><\/h2>\n<p><strong><a class=\"dt-pswp-item\" href=\"https:\/\/www.radiopiu.net\/wordpress\/wp-content\/uploads\/2025\/12\/SPORT-RADIO.jpg\" data-dt-img-description=\"\" data-large_image_width=\"1536\" data-large_image_height=\"1075\"><img loading=\"lazy\" decoding=\"async\" class=\"wp-image-483417 aligncenter\" src=\"https:\/\/www.radiopiu.net\/wordpress\/wp-content\/uploads\/2025\/12\/SPORT-RADIO-300x210.jpg\" alt=\"\" width=\"161\" height=\"113\" srcset=\"https:\/\/www.radiopiu.net\/wordpress\/wp-content\/uploads\/2025\/12\/SPORT-RADIO-300x210.jpg 300w, https:\/\/www.radiopiu.net\/wordpress\/wp-content\/uploads\/2025\/12\/SPORT-RADIO-1024x717.jpg 1024w, https:\/\/www.radiopiu.net\/wordpress\/wp-content\/uploads\/2025\/12\/SPORT-RADIO-768x538.jpg 768w, https:\/\/www.radiopiu.net\/wordpress\/wp-content\/uploads\/2025\/12\/SPORT-RADIO.jpg 1536w\" sizes=\"auto, (max-width: 161px) 100vw, 161px\" \/><\/a> <\/strong><\/p>\n<p><strong>DI MARCO GAZ<\/strong><\/p>\n<p><span style=\"color: #ff0000;\"><strong>PRIMA PARTE<\/strong><\/span><\/p>\n<audio class=\"wp-audio-shortcode\" id=\"audio-501864-12\" preload=\"none\" style=\"width: 100%;\" controls=\"controls\"><source type=\"audio\/mpeg\" src=\"https:\/\/www.radiopiu.net\/wordpress\/wp-content\/uploads\/2026\/03\/POM1-2.mp3?_=12\" \/><a href=\"https:\/\/www.radiopiu.net\/wordpress\/wp-content\/uploads\/2026\/03\/POM1-2.mp3\">https:\/\/www.radiopiu.net\/wordpress\/wp-content\/uploads\/2026\/03\/POM1-2.mp3<\/a><\/audio>\n<p>&nbsp;<\/p>\n<p><span style=\"color: #ff0000;\"><strong>SECONDA PARTE<\/strong><\/span><\/p>\n<audio class=\"wp-audio-shortcode\" id=\"audio-501864-13\" preload=\"none\" style=\"width: 100%;\" controls=\"controls\"><source type=\"audio\/mpeg\" src=\"https:\/\/www.radiopiu.net\/wordpress\/wp-content\/uploads\/2026\/03\/POM2-2.mp3?_=13\" \/><a href=\"https:\/\/www.radiopiu.net\/wordpress\/wp-content\/uploads\/2026\/03\/POM2-2.mp3\">https:\/\/www.radiopiu.net\/wordpress\/wp-content\/uploads\/2026\/03\/POM2-2.mp3<\/a><\/audio>\n<p>&nbsp;<\/p>\n<hr \/>\n<p>&nbsp;<\/p>\n<h2 style=\"text-align: center;\"><span style=\"color: #808000;\">IL GRAPHIC DESIGNER GABRIELE RIVA<\/span><\/h2>\n<p><strong><a class=\"dt-pswp-item\" href=\"https:\/\/www.radiopiu.net\/wordpress\/wp-content\/uploads\/2026\/03\/1db66e9e-d468-450c-9feb-21675ddf222d.jpg\" data-dt-img-description=\"\" data-large_image_width=\"2048\" data-large_image_height=\"1152\"><img loading=\"lazy\" decoding=\"async\" class=\"aligncenter size-medium wp-image-501498\" src=\"https:\/\/www.radiopiu.net\/wordpress\/wp-content\/uploads\/2026\/03\/1db66e9e-d468-450c-9feb-21675ddf222d-300x169.jpg\" alt=\"\" width=\"300\" height=\"169\" srcset=\"https:\/\/www.radiopiu.net\/wordpress\/wp-content\/uploads\/2026\/03\/1db66e9e-d468-450c-9feb-21675ddf222d-300x169.jpg 300w, https:\/\/www.radiopiu.net\/wordpress\/wp-content\/uploads\/2026\/03\/1db66e9e-d468-450c-9feb-21675ddf222d-1024x576.jpg 1024w, https:\/\/www.radiopiu.net\/wordpress\/wp-content\/uploads\/2026\/03\/1db66e9e-d468-450c-9feb-21675ddf222d-768x432.jpg 768w, https:\/\/www.radiopiu.net\/wordpress\/wp-content\/uploads\/2026\/03\/1db66e9e-d468-450c-9feb-21675ddf222d-1536x864.jpg 1536w, https:\/\/www.radiopiu.net\/wordpress\/wp-content\/uploads\/2026\/03\/1db66e9e-d468-450c-9feb-21675ddf222d.jpg 2048w\" sizes=\"auto, (max-width: 300px) 100vw, 300px\" \/><\/a>\u00a0<\/strong><\/p>\n<p><strong>DI MIRKO MEZZACASA<\/strong><\/p>\n<p>OSPITE: Gabriele Riva<\/p>\n<audio class=\"wp-audio-shortcode\" id=\"audio-501864-14\" preload=\"none\" style=\"width: 100%;\" controls=\"controls\"><source type=\"audio\/mpeg\" src=\"https:\/\/www.radiopiu.net\/wordpress\/wp-content\/uploads\/2026\/03\/GABRIELE-RVA-MARZO-2026.mp3?_=14\" \/><a href=\"https:\/\/www.radiopiu.net\/wordpress\/wp-content\/uploads\/2026\/03\/GABRIELE-RVA-MARZO-2026.mp3\">https:\/\/www.radiopiu.net\/wordpress\/wp-content\/uploads\/2026\/03\/GABRIELE-RVA-MARZO-2026.mp3<\/a><\/audio>\n<p>&nbsp;<\/p>\n<hr \/>\n<p>&nbsp;<\/p>\n<h2 style=\"text-align: center;\"><span style=\"color: #33cccc;\">TORNA IL GRON TROPHY A SOSPIROLO<\/span><\/h2>\n<p><strong><a class=\"dt-pswp-item\" href=\"https:\/\/www.radiopiu.net\/wordpress\/wp-content\/uploads\/2026\/03\/44e90af7-d0da-422f-b67f-2b6457393637.jpg\" data-dt-img-description=\"\" data-large_image_width=\"1600\" data-large_image_height=\"1200\"><img loading=\"lazy\" decoding=\"async\" class=\"aligncenter size-medium wp-image-501504\" src=\"https:\/\/www.radiopiu.net\/wordpress\/wp-content\/uploads\/2026\/03\/44e90af7-d0da-422f-b67f-2b6457393637-300x225.jpg\" alt=\"\" width=\"300\" height=\"225\" srcset=\"https:\/\/www.radiopiu.net\/wordpress\/wp-content\/uploads\/2026\/03\/44e90af7-d0da-422f-b67f-2b6457393637-300x225.jpg 300w, https:\/\/www.radiopiu.net\/wordpress\/wp-content\/uploads\/2026\/03\/44e90af7-d0da-422f-b67f-2b6457393637-1024x768.jpg 1024w, https:\/\/www.radiopiu.net\/wordpress\/wp-content\/uploads\/2026\/03\/44e90af7-d0da-422f-b67f-2b6457393637-768x576.jpg 768w, https:\/\/www.radiopiu.net\/wordpress\/wp-content\/uploads\/2026\/03\/44e90af7-d0da-422f-b67f-2b6457393637-1536x1152.jpg 1536w, https:\/\/www.radiopiu.net\/wordpress\/wp-content\/uploads\/2026\/03\/44e90af7-d0da-422f-b67f-2b6457393637.jpg 1600w\" sizes=\"auto, (max-width: 300px) 100vw, 300px\" \/><\/a>\u00a0<\/strong><\/p>\n<p><strong>DI MIRKO MEZZACASA<\/strong><\/p>\n<p>OSPITE: Kevin dal Pont<\/p>\n<audio class=\"wp-audio-shortcode\" id=\"audio-501864-15\" preload=\"none\" style=\"width: 100%;\" controls=\"controls\"><source type=\"audio\/mpeg\" src=\"https:\/\/www.radiopiu.net\/wordpress\/wp-content\/uploads\/2026\/03\/KEVIN-DAL-PONT.mp3?_=15\" \/><a href=\"https:\/\/www.radiopiu.net\/wordpress\/wp-content\/uploads\/2026\/03\/KEVIN-DAL-PONT.mp3\">https:\/\/www.radiopiu.net\/wordpress\/wp-content\/uploads\/2026\/03\/KEVIN-DAL-PONT.mp3<\/a><\/audio>\n<p>&nbsp;<\/p>\n<hr \/>\n<p>&nbsp;<\/p>\n<h2 style=\"text-align: center;\"><span style=\"color: #00ffff;\">SPLASH PARTY CON ALLEGHE FUNIVIE<\/span><\/h2>\n<p><strong>DI MIRKO MEZZACASA<\/strong><\/p>\n<p>OSPITE: Andrea Dal Farra<\/p>\n<audio class=\"wp-audio-shortcode\" id=\"audio-501864-16\" preload=\"none\" style=\"width: 100%;\" controls=\"controls\"><source type=\"audio\/mpeg\" src=\"https:\/\/www.radiopiu.net\/wordpress\/wp-content\/uploads\/2026\/03\/ANDREA-DAL-FARRA-SPLASH-E-BAITE.mp3?_=16\" \/><a href=\"https:\/\/www.radiopiu.net\/wordpress\/wp-content\/uploads\/2026\/03\/ANDREA-DAL-FARRA-SPLASH-E-BAITE.mp3\">https:\/\/www.radiopiu.net\/wordpress\/wp-content\/uploads\/2026\/03\/ANDREA-DAL-FARRA-SPLASH-E-BAITE.mp3<\/a><\/audio>\n<p>&nbsp;<\/p>\n\n\t\t\t<style type='text\/css'>\n\t\t\t\t#gallery-8 {\n\t\t\t\t\tmargin: auto;\n\t\t\t\t}\n\t\t\t\t#gallery-8 .gallery-item {\n\t\t\t\t\tfloat: left;\n\t\t\t\t\tmargin-top: 10px;\n\t\t\t\t\ttext-align: center;\n\t\t\t\t\twidth: 50%;\n\t\t\t\t}\n\t\t\t\t#gallery-8 img {\n\t\t\t\t\tborder: 2px solid #cfcfcf;\n\t\t\t\t}\n\t\t\t\t#gallery-8 .gallery-caption {\n\t\t\t\t\tmargin-left: 0;\n\t\t\t\t}\n\t\t\t\t\/* see gallery_shortcode() in wp-includes\/media.php *\/\n\t\t\t<\/style>\n\t\t<div id='gallery-8' class='dt-gallery-container gallery galleryid-501864 gallery-columns-2 gallery-size-medium'><dl class='gallery-item'>\n\t\t\t\t<dt class='gallery-icon landscape'>\n\t\t\t\t\t<a class=\"rollover rollover-zoom dt-pswp-item\" title=\"2.baite_sito\" data-dt-img-description=\"\" data-large_image_width=\"2555\" data-large_image_height=\"1048\"href='https:\/\/www.radiopiu.net\/wordpress\/wp-content\/uploads\/2026\/03\/2.baite_sito.png'><img loading=\"lazy\" decoding=\"async\" width=\"300\" height=\"123\" src=\"https:\/\/www.radiopiu.net\/wordpress\/wp-content\/uploads\/2026\/03\/2.baite_sito-300x123.png\" class=\"attachment-medium size-medium\" alt=\"\" srcset=\"https:\/\/www.radiopiu.net\/wordpress\/wp-content\/uploads\/2026\/03\/2.baite_sito-300x123.png 300w, https:\/\/www.radiopiu.net\/wordpress\/wp-content\/uploads\/2026\/03\/2.baite_sito-1024x420.png 1024w, https:\/\/www.radiopiu.net\/wordpress\/wp-content\/uploads\/2026\/03\/2.baite_sito-768x315.png 768w, https:\/\/www.radiopiu.net\/wordpress\/wp-content\/uploads\/2026\/03\/2.baite_sito-1536x630.png 1536w, https:\/\/www.radiopiu.net\/wordpress\/wp-content\/uploads\/2026\/03\/2.baite_sito-2048x840.png 2048w\" sizes=\"auto, (max-width: 300px) 100vw, 300px\" \/><\/a>\n\t\t\t\t<\/dt><\/dl><dl class='gallery-item'>\n\t\t\t\t<dt class='gallery-icon portrait'>\n\t\t\t\t\t<a class=\"rollover rollover-zoom dt-pswp-item\" title=\"3c7fa214-99cc-47e4-8d26-d1df3cd8b201\" data-dt-img-description=\"\" data-large_image_width=\"1190\" data-large_image_height=\"1600\"href='https:\/\/www.radiopiu.net\/wordpress\/wp-content\/uploads\/2026\/03\/3c7fa214-99cc-47e4-8d26-d1df3cd8b201.jpg'><img loading=\"lazy\" decoding=\"async\" width=\"223\" height=\"300\" src=\"https:\/\/www.radiopiu.net\/wordpress\/wp-content\/uploads\/2026\/03\/3c7fa214-99cc-47e4-8d26-d1df3cd8b201-223x300.jpg\" class=\"attachment-medium size-medium\" alt=\"\" srcset=\"https:\/\/www.radiopiu.net\/wordpress\/wp-content\/uploads\/2026\/03\/3c7fa214-99cc-47e4-8d26-d1df3cd8b201-223x300.jpg 223w, https:\/\/www.radiopiu.net\/wordpress\/wp-content\/uploads\/2026\/03\/3c7fa214-99cc-47e4-8d26-d1df3cd8b201-762x1024.jpg 762w, https:\/\/www.radiopiu.net\/wordpress\/wp-content\/uploads\/2026\/03\/3c7fa214-99cc-47e4-8d26-d1df3cd8b201-768x1033.jpg 768w, https:\/\/www.radiopiu.net\/wordpress\/wp-content\/uploads\/2026\/03\/3c7fa214-99cc-47e4-8d26-d1df3cd8b201-1142x1536.jpg 1142w, https:\/\/www.radiopiu.net\/wordpress\/wp-content\/uploads\/2026\/03\/3c7fa214-99cc-47e4-8d26-d1df3cd8b201.jpg 1190w\" sizes=\"auto, (max-width: 223px) 100vw, 223px\" \/><\/a>\n\t\t\t\t<\/dt><\/dl><br style=\"clear: both\" \/>\n\t\t\t<\/div>\n\n<p>&nbsp;<\/p>\n<hr \/>\n<p>&nbsp;<\/p>\n<h2 style=\"text-align: center;\"><span style=\"color: #ff9900;\">RIMANDATA AL 22 MARZO LA VECIA POPA 2026 SUL BROI DI AGORDO<\/span><\/h2>\n<p><strong><a class=\"dt-pswp-item\" href=\"https:\/\/www.radiopiu.net\/wordpress\/wp-content\/uploads\/2026\/03\/50537a87-d49c-4004-941d-253662bef73f.jpg\" data-dt-img-description=\"\" data-large_image_width=\"1024\" data-large_image_height=\"1536\"><img loading=\"lazy\" decoding=\"async\" class=\"aligncenter size-medium wp-image-501460\" src=\"https:\/\/www.radiopiu.net\/wordpress\/wp-content\/uploads\/2026\/03\/50537a87-d49c-4004-941d-253662bef73f-200x300.jpg\" alt=\"\" width=\"200\" height=\"300\" srcset=\"https:\/\/www.radiopiu.net\/wordpress\/wp-content\/uploads\/2026\/03\/50537a87-d49c-4004-941d-253662bef73f-200x300.jpg 200w, https:\/\/www.radiopiu.net\/wordpress\/wp-content\/uploads\/2026\/03\/50537a87-d49c-4004-941d-253662bef73f-683x1024.jpg 683w, https:\/\/www.radiopiu.net\/wordpress\/wp-content\/uploads\/2026\/03\/50537a87-d49c-4004-941d-253662bef73f-768x1152.jpg 768w, https:\/\/www.radiopiu.net\/wordpress\/wp-content\/uploads\/2026\/03\/50537a87-d49c-4004-941d-253662bef73f.jpg 1024w\" sizes=\"auto, (max-width: 200px) 100vw, 200px\" \/><\/a>\u00a0<\/strong><\/p>\n<p><strong>AGORDO<\/strong> La Vecia Popa 2026, in programma domenica sul Broi di Agordo, \u00e8 stata rimandata di una settimana a causa delle previsioni meteo che per il fine settimana prevedono maltempo. L&#8217;appuntamento \u00e8 rimandato a domenica 22 marzo.<\/p>\n<p><strong>DI MIRKO MEZZACASA<\/strong><\/p>\n<p>OSPITI: Thomaso Manfroi e Valentina De Nardin<\/p>\n<audio class=\"wp-audio-shortcode\" id=\"audio-501864-17\" preload=\"none\" style=\"width: 100%;\" controls=\"controls\"><source type=\"audio\/mpeg\" src=\"https:\/\/www.radiopiu.net\/wordpress\/wp-content\/uploads\/2026\/03\/valentina-e-thomas-vecia-popa-2026-m.mp3?_=17\" \/><a href=\"https:\/\/www.radiopiu.net\/wordpress\/wp-content\/uploads\/2026\/03\/valentina-e-thomas-vecia-popa-2026-m.mp3\">https:\/\/www.radiopiu.net\/wordpress\/wp-content\/uploads\/2026\/03\/valentina-e-thomas-vecia-popa-2026-m.mp3<\/a><\/audio>\n<p>&nbsp;<\/p>\n<hr \/>\n<p>&nbsp;<\/p>\n<h2 style=\"text-align: center;\"><span style=\"color: #00ccff;\">IL TEMPO DELLA MONTAGNA \u2013 FILM SULL\u2019ARCHITETTURA ALPINA<\/span><\/h2>\n<p><strong><a href=\"https:\/\/www.radiopiu.net\/wordpress\/wp-content\/uploads\/2026\/03\/image.webp\"><img loading=\"lazy\" decoding=\"async\" class=\"aligncenter size-medium wp-image-500775\" src=\"https:\/\/www.radiopiu.net\/wordpress\/wp-content\/uploads\/2026\/03\/image-300x150.webp\" alt=\"\" width=\"300\" height=\"150\" srcset=\"https:\/\/www.radiopiu.net\/wordpress\/wp-content\/uploads\/2026\/03\/image-300x150.webp 300w, https:\/\/www.radiopiu.net\/wordpress\/wp-content\/uploads\/2026\/03\/image-768x384.webp 768w, https:\/\/www.radiopiu.net\/wordpress\/wp-content\/uploads\/2026\/03\/image.webp 940w\" sizes=\"auto, (max-width: 300px) 100vw, 300px\" \/><\/a>\u00a0<\/strong><\/p>\n<p><strong>BELLUNO <\/strong>Gioved\u00ec 19 marzo alle 17.30 al Cinema Italia di Belluno verr\u00e0 proiettato in anteprima provinciale \u201cIl Tempo della Montagna \u2013 ArchitetturAlpinA in dieci storie\u201d, documentario promosso dall\u2019Associazione Architetti Arco Alpino e prodotto da MUSE, con regia di Francesca Molteni e Davide Fois. Il film esplora dieci architetture alpine, raccontando storie di sviluppo sociale, ambientale ed economico. Tra le protagoniste, a Belluno, il nuovo plesso scolastico di Puos d\u2019Alpago progettato dagli architetti Facchinelli, Da Boit e Saviane.<\/p>\n<p><strong>L&#8217;INTERVISTA<\/strong><\/p>\n<p><strong>DI MIRKO MEZZACASA<\/strong><\/p>\n<p>OSPITE: Fabiola De Battista<\/p>\n<audio class=\"wp-audio-shortcode\" id=\"audio-501864-18\" preload=\"none\" style=\"width: 100%;\" controls=\"controls\"><source type=\"audio\/mpeg\" src=\"https:\/\/www.radiopiu.net\/wordpress\/wp-content\/uploads\/2026\/03\/fabiola-de-battista.mp3?_=18\" \/><a href=\"https:\/\/www.radiopiu.net\/wordpress\/wp-content\/uploads\/2026\/03\/fabiola-de-battista.mp3\">https:\/\/www.radiopiu.net\/wordpress\/wp-content\/uploads\/2026\/03\/fabiola-de-battista.mp3<\/a><\/audio>\n<p>&nbsp;<\/p>\n<hr \/>\n<p>&nbsp;<\/p>\n<blockquote class=\"wp-embedded-content\" data-secret=\"6mfrMMhsD4\"><p><a href=\"https:\/\/www.radiopiu.net\/wordpress\/curiosando-il-programmaa\/\">CURIOSANDO&#8230; IL PROGRAMMA DI PAOLA LANCIATO<\/a><\/p><\/blockquote>\n<p><iframe loading=\"lazy\" class=\"wp-embedded-content\" sandbox=\"allow-scripts\" security=\"restricted\" style=\"position: absolute; visibility: hidden;\" title=\"&#8220;CURIOSANDO&#8230; IL PROGRAMMA DI PAOLA LANCIATO&#8221; &#8212; Radio Pi\u00f9\" src=\"https:\/\/www.radiopiu.net\/wordpress\/curiosando-il-programmaa\/embed\/#?secret=irvGwsXpAS#?secret=6mfrMMhsD4\" data-secret=\"6mfrMMhsD4\" width=\"600\" height=\"338\" frameborder=\"0\" marginwidth=\"0\" marginheight=\"0\" scrolling=\"no\"><\/iframe><\/p>\n<p>&nbsp;<\/p>\n<hr \/>\n<p>&nbsp;<\/p>\n<p><span style=\"color: #ff0000;\"><img loading=\"lazy\" decoding=\"async\" class=\"wp-image-61958 size-full aligncenter\" src=\"https:\/\/www.radiopiu.net\/wordpress\/wp-content\/uploads\/2018\/09\/appuntamenti.jpeg\" alt=\"\" width=\"800\" height=\"100\" srcset=\"https:\/\/www.radiopiu.net\/wordpress\/wp-content\/uploads\/2018\/09\/appuntamenti.jpeg 800w, https:\/\/www.radiopiu.net\/wordpress\/wp-content\/uploads\/2018\/09\/appuntamenti-300x38.jpeg 300w, https:\/\/www.radiopiu.net\/wordpress\/wp-content\/uploads\/2018\/09\/appuntamenti-768x96.jpeg 768w\" sizes=\"auto, (max-width: 800px) 100vw, 800px\" \/><\/span><\/p>\n<p>&nbsp;<\/p>\n\n\t\t\t<style type='text\/css'>\n\t\t\t\t#gallery-9 {\n\t\t\t\t\tmargin: auto;\n\t\t\t\t}\n\t\t\t\t#gallery-9 .gallery-item {\n\t\t\t\t\tfloat: left;\n\t\t\t\t\tmargin-top: 10px;\n\t\t\t\t\ttext-align: center;\n\t\t\t\t\twidth: 20%;\n\t\t\t\t}\n\t\t\t\t#gallery-9 img {\n\t\t\t\t\tborder: 2px solid #cfcfcf;\n\t\t\t\t}\n\t\t\t\t#gallery-9 .gallery-caption {\n\t\t\t\t\tmargin-left: 0;\n\t\t\t\t}\n\t\t\t\t\/* see gallery_shortcode() in wp-includes\/media.php *\/\n\t\t\t<\/style>\n\t\t<div id='gallery-9' class='dt-gallery-container gallery galleryid-501864 gallery-columns-5 gallery-size-thumbnail'><dl class='gallery-item'>\n\t\t\t\t<dt class='gallery-icon portrait'>\n\t\t\t\t\t<a class=\"rollover rollover-zoom dt-pswp-item\" title=\"4e967043-c873-4f5f-b1c6-d5dbc3a0bb33\" data-dt-img-description=\"\" data-large_image_width=\"1414\" data-large_image_height=\"2000\"href='https:\/\/www.radiopiu.net\/wordpress\/wp-content\/uploads\/2026\/01\/4e967043-c873-4f5f-b1c6-d5dbc3a0bb33.jpg'><img loading=\"lazy\" decoding=\"async\" width=\"150\" height=\"150\" src=\"https:\/\/www.radiopiu.net\/wordpress\/wp-content\/uploads\/2026\/01\/4e967043-c873-4f5f-b1c6-d5dbc3a0bb33-150x150.jpg\" class=\"attachment-thumbnail size-thumbnail\" alt=\"\" \/><\/a>\n\t\t\t\t<\/dt><\/dl><dl class='gallery-item'>\n\t\t\t\t<dt class='gallery-icon portrait'>\n\t\t\t\t\t<a class=\"rollover rollover-zoom dt-pswp-item\" title=\"rEsistere 1\" data-dt-img-description=\"\" data-large_image_width=\"1587\" data-large_image_height=\"2245\"href='https:\/\/www.radiopiu.net\/wordpress\/wp-content\/uploads\/2026\/02\/rEsistere-1.jpg'><img loading=\"lazy\" decoding=\"async\" width=\"150\" height=\"150\" src=\"https:\/\/www.radiopiu.net\/wordpress\/wp-content\/uploads\/2026\/02\/rEsistere-1-150x150.jpg\" class=\"attachment-thumbnail size-thumbnail\" alt=\"\" \/><\/a>\n\t\t\t\t<\/dt><\/dl><dl class='gallery-item'>\n\t\t\t\t<dt class='gallery-icon portrait'>\n\t\t\t\t\t<a class=\"rollover rollover-zoom dt-pswp-item\" title=\"Grandiosamente locandina 2026\" data-dt-img-description=\"\" data-large_image_width=\"1240\" data-large_image_height=\"1754\"href='https:\/\/www.radiopiu.net\/wordpress\/wp-content\/uploads\/2026\/03\/Grandiosamente-locandina-2026.jpg'><img loading=\"lazy\" decoding=\"async\" width=\"150\" height=\"150\" src=\"https:\/\/www.radiopiu.net\/wordpress\/wp-content\/uploads\/2026\/03\/Grandiosamente-locandina-2026-150x150.jpg\" class=\"attachment-thumbnail size-thumbnail\" alt=\"\" \/><\/a>\n\t\t\t\t<\/dt><\/dl><dl class='gallery-item'>\n\t\t\t\t<dt class='gallery-icon portrait'>\n\t\t\t\t\t<a class=\"rollover rollover-zoom dt-pswp-item\" title=\"646322451_1334817498686844_8579841250699781747_n\" data-dt-img-description=\"\" data-large_image_width=\"1240\" data-large_image_height=\"1754\"href='https:\/\/www.radiopiu.net\/wordpress\/wp-content\/uploads\/2026\/03\/646322451_1334817498686844_8579841250699781747_n.jpg'><img loading=\"lazy\" decoding=\"async\" width=\"150\" height=\"150\" src=\"https:\/\/www.radiopiu.net\/wordpress\/wp-content\/uploads\/2026\/03\/646322451_1334817498686844_8579841250699781747_n-150x150.jpg\" class=\"attachment-thumbnail size-thumbnail\" alt=\"\" \/><\/a>\n\t\t\t\t<\/dt><\/dl><dl class='gallery-item'>\n\t\t\t\t<dt class='gallery-icon portrait'>\n\t\t\t\t\t<a class=\"rollover rollover-zoom dt-pswp-item\" title=\"JFHLJGHS\u00f2\" data-dt-img-description=\"\" data-large_image_width=\"558\" data-large_image_height=\"643\"href='https:\/\/www.radiopiu.net\/wordpress\/wp-content\/uploads\/2026\/03\/JFHLJGHSo-1.jpg'><img loading=\"lazy\" decoding=\"async\" width=\"150\" height=\"150\" src=\"https:\/\/www.radiopiu.net\/wordpress\/wp-content\/uploads\/2026\/03\/JFHLJGHSo-1-150x150.jpg\" class=\"attachment-thumbnail size-thumbnail\" alt=\"\" \/><\/a>\n\t\t\t\t<\/dt><\/dl><br style=\"clear: both\" \/><dl class='gallery-item'>\n\t\t\t\t<dt class='gallery-icon portrait'>\n\t\t\t\t\t<a class=\"rollover rollover-zoom dt-pswp-item\" title=\"Faoro 2026\" data-dt-img-description=\"\" data-large_image_width=\"1414\" data-large_image_height=\"2000\"href='https:\/\/www.radiopiu.net\/wordpress\/wp-content\/uploads\/2026\/03\/Faoro-2026.png'><img loading=\"lazy\" decoding=\"async\" width=\"150\" height=\"150\" src=\"https:\/\/www.radiopiu.net\/wordpress\/wp-content\/uploads\/2026\/03\/Faoro-2026-150x150.png\" class=\"attachment-thumbnail size-thumbnail\" alt=\"\" \/><\/a>\n\t\t\t\t<\/dt><\/dl><dl class='gallery-item'>\n\t\t\t\t<dt class='gallery-icon portrait'>\n\t\t\t\t\t<a class=\"rollover rollover-zoom dt-pswp-item\" title=\"2026.3.20 Belluno programma (1)\" data-dt-img-description=\"\" data-large_image_width=\"595\" data-large_image_height=\"841\"href='https:\/\/www.radiopiu.net\/wordpress\/wp-content\/uploads\/2026\/03\/2026.3.20-Belluno-programma-1.jpg'><img loading=\"lazy\" decoding=\"async\" width=\"150\" height=\"150\" src=\"https:\/\/www.radiopiu.net\/wordpress\/wp-content\/uploads\/2026\/03\/2026.3.20-Belluno-programma-1-150x150.jpg\" class=\"attachment-thumbnail size-thumbnail\" alt=\"\" \/><\/a>\n\t\t\t\t<\/dt><\/dl><dl class='gallery-item'>\n\t\t\t\t<dt class='gallery-icon portrait'>\n\t\t\t\t\t<a class=\"rollover rollover-zoom dt-pswp-item\" title=\"eaba0432-f993-4a2c-9e60-c03da4aed240\" data-dt-img-description=\"\" data-large_image_width=\"983\" data-large_image_height=\"1374\"href='https:\/\/www.radiopiu.net\/wordpress\/wp-content\/uploads\/2026\/03\/eaba0432-f993-4a2c-9e60-c03da4aed240.jpg'><img loading=\"lazy\" decoding=\"async\" width=\"150\" height=\"150\" src=\"https:\/\/www.radiopiu.net\/wordpress\/wp-content\/uploads\/2026\/03\/eaba0432-f993-4a2c-9e60-c03da4aed240-150x150.jpg\" class=\"attachment-thumbnail size-thumbnail\" alt=\"\" \/><\/a>\n\t\t\t\t<\/dt><\/dl><dl class='gallery-item'>\n\t\t\t\t<dt class='gallery-icon portrait'>\n\t\t\t\t\t<a class=\"rollover rollover-zoom dt-pswp-item\" title=\"586740953_1283004097175673_3623727418094522816_n\" data-dt-img-description=\"\" data-large_image_width=\"514\" data-large_image_height=\"720\"href='https:\/\/www.radiopiu.net\/wordpress\/wp-content\/uploads\/2025\/11\/586740953_1283004097175673_3623727418094522816_n.jpg'><img loading=\"lazy\" decoding=\"async\" width=\"150\" height=\"150\" src=\"https:\/\/www.radiopiu.net\/wordpress\/wp-content\/uploads\/2025\/11\/586740953_1283004097175673_3623727418094522816_n-150x150.jpg\" class=\"attachment-thumbnail size-thumbnail\" alt=\"\" \/><\/a>\n\t\t\t\t<\/dt><\/dl><dl class='gallery-item'>\n\t\t\t\t<dt class='gallery-icon portrait'>\n\t\t\t\t\t<a class=\"rollover rollover-zoom dt-pswp-item\" title=\"584332528_1279625560846860_1524691345192499574_n\" data-dt-img-description=\"\" data-large_image_width=\"417\" data-large_image_height=\"590\"href='https:\/\/www.radiopiu.net\/wordpress\/wp-content\/uploads\/2025\/11\/584332528_1279625560846860_1524691345192499574_n.jpg'><img loading=\"lazy\" decoding=\"async\" width=\"150\" height=\"150\" src=\"https:\/\/www.radiopiu.net\/wordpress\/wp-content\/uploads\/2025\/11\/584332528_1279625560846860_1524691345192499574_n-150x150.jpg\" class=\"attachment-thumbnail size-thumbnail\" alt=\"\" \/><\/a>\n\t\t\t\t<\/dt><\/dl><br style=\"clear: both\" \/><dl class='gallery-item'>\n\t\t\t\t<dt class='gallery-icon portrait'>\n\t\t\t\t\t<a class=\"rollover rollover-zoom dt-pswp-item\" title=\"e65e010f-2ee0-47e6-9114-dacef690c3d1\" data-dt-img-description=\"\" data-large_image_width=\"1024\" data-large_image_height=\"1280\"href='https:\/\/www.radiopiu.net\/wordpress\/wp-content\/uploads\/2026\/01\/e65e010f-2ee0-47e6-9114-dacef690c3d1.jpg'><img loading=\"lazy\" decoding=\"async\" width=\"150\" height=\"150\" src=\"https:\/\/www.radiopiu.net\/wordpress\/wp-content\/uploads\/2026\/01\/e65e010f-2ee0-47e6-9114-dacef690c3d1-150x150.jpg\" class=\"attachment-thumbnail size-thumbnail\" alt=\"\" \/><\/a>\n\t\t\t\t<\/dt><\/dl><dl class='gallery-item'>\n\t\t\t\t<dt class='gallery-icon portrait'>\n\t\t\t\t\t<a class=\"rollover rollover-zoom dt-pswp-item\" title=\"521cd068-a2ac-47be-8a3b-f1488d1c7c13\" data-dt-img-description=\"\" data-large_image_width=\"513\" data-large_image_height=\"640\"href='https:\/\/www.radiopiu.net\/wordpress\/wp-content\/uploads\/2026\/03\/521cd068-a2ac-47be-8a3b-f1488d1c7c13.jpg'><img loading=\"lazy\" decoding=\"async\" width=\"150\" height=\"150\" src=\"https:\/\/www.radiopiu.net\/wordpress\/wp-content\/uploads\/2026\/03\/521cd068-a2ac-47be-8a3b-f1488d1c7c13-150x150.jpg\" class=\"attachment-thumbnail size-thumbnail\" alt=\"\" \/><\/a>\n\t\t\t\t<\/dt><\/dl><dl class='gallery-item'>\n\t\t\t\t<dt class='gallery-icon portrait'>\n\t\t\t\t\t<a class=\"rollover rollover-zoom dt-pswp-item\" title=\"3c7fa214-99cc-47e4-8d26-d1df3cd8b201\" data-dt-img-description=\"\" data-large_image_width=\"1190\" data-large_image_height=\"1600\"href='https:\/\/www.radiopiu.net\/wordpress\/wp-content\/uploads\/2026\/03\/3c7fa214-99cc-47e4-8d26-d1df3cd8b201.jpg'><img loading=\"lazy\" decoding=\"async\" width=\"150\" height=\"150\" src=\"https:\/\/www.radiopiu.net\/wordpress\/wp-content\/uploads\/2026\/03\/3c7fa214-99cc-47e4-8d26-d1df3cd8b201-150x150.jpg\" class=\"attachment-thumbnail size-thumbnail\" alt=\"\" \/><\/a>\n\t\t\t\t<\/dt><\/dl><dl class='gallery-item'>\n\t\t\t\t<dt class='gallery-icon portrait'>\n\t\t\t\t\t<a class=\"rollover rollover-zoom dt-pswp-item\" title=\"ac3bec6c-9d20-4068-b6cc-fe32828b8691\" data-dt-img-description=\"\" data-large_image_width=\"939\" data-large_image_height=\"1302\"href='https:\/\/www.radiopiu.net\/wordpress\/wp-content\/uploads\/2026\/03\/ac3bec6c-9d20-4068-b6cc-fe32828b8691.jpg'><img loading=\"lazy\" decoding=\"async\" width=\"150\" height=\"150\" src=\"https:\/\/www.radiopiu.net\/wordpress\/wp-content\/uploads\/2026\/03\/ac3bec6c-9d20-4068-b6cc-fe32828b8691-150x150.jpg\" class=\"attachment-thumbnail size-thumbnail\" alt=\"\" \/><\/a>\n\t\t\t\t<\/dt><\/dl><dl class='gallery-item'>\n\t\t\t\t<dt class='gallery-icon portrait'>\n\t\t\t\t\t<a class=\"rollover rollover-zoom dt-pswp-item\" title=\"gin post can\" data-dt-img-description=\"\" data-large_image_width=\"648\" data-large_image_height=\"819\"href='https:\/\/www.radiopiu.net\/wordpress\/wp-content\/uploads\/2026\/03\/gin-post-can.jpg'><img loading=\"lazy\" decoding=\"async\" width=\"150\" height=\"150\" src=\"https:\/\/www.radiopiu.net\/wordpress\/wp-content\/uploads\/2026\/03\/gin-post-can-150x150.jpg\" class=\"attachment-thumbnail size-thumbnail\" alt=\"\" \/><\/a>\n\t\t\t\t<\/dt><\/dl><br style=\"clear: both\" \/><dl class='gallery-item'>\n\t\t\t\t<dt class='gallery-icon portrait'>\n\t\t\t\t\t<a class=\"rollover rollover-zoom dt-pswp-item\" title=\"649829132_1399275798668081_1623068814339304057_n\" data-dt-img-description=\"\" data-large_image_width=\"1131\" data-large_image_height=\"1600\"href='https:\/\/www.radiopiu.net\/wordpress\/wp-content\/uploads\/2026\/03\/649829132_1399275798668081_1623068814339304057_n.jpg'><img loading=\"lazy\" decoding=\"async\" width=\"150\" height=\"150\" src=\"https:\/\/www.radiopiu.net\/wordpress\/wp-content\/uploads\/2026\/03\/649829132_1399275798668081_1623068814339304057_n-150x150.jpg\" class=\"attachment-thumbnail size-thumbnail\" alt=\"\" \/><\/a>\n\t\t\t\t<\/dt><\/dl><dl class='gallery-item'>\n\t\t\t\t<dt class='gallery-icon portrait'>\n\t\t\t\t\t<a class=\"rollover rollover-zoom dt-pswp-item\" title=\"corso di pasqua\" data-dt-img-description=\"\" data-large_image_width=\"1131\" data-large_image_height=\"1600\"href='https:\/\/www.radiopiu.net\/wordpress\/wp-content\/uploads\/2026\/03\/corso-di-pasqua.jpg'><img loading=\"lazy\" decoding=\"async\" width=\"150\" height=\"150\" src=\"https:\/\/www.radiopiu.net\/wordpress\/wp-content\/uploads\/2026\/03\/corso-di-pasqua-150x150.jpg\" class=\"attachment-thumbnail size-thumbnail\" alt=\"\" \/><\/a>\n\t\t\t\t<\/dt><\/dl><dl class='gallery-item'>\n\t\t\t\t<dt class='gallery-icon landscape'>\n\t\t\t\t\t<a class=\"rollover rollover-zoom dt-pswp-item\" title=\"EQUIPE SPRING DAYS\" data-dt-img-description=\"\" data-large_image_width=\"1280\" data-large_image_height=\"851\"href='https:\/\/www.radiopiu.net\/wordpress\/wp-content\/uploads\/2026\/03\/EQUIPE-SPRING-DAYS.jpg'><img loading=\"lazy\" decoding=\"async\" width=\"150\" height=\"150\" src=\"https:\/\/www.radiopiu.net\/wordpress\/wp-content\/uploads\/2026\/03\/EQUIPE-SPRING-DAYS-150x150.jpg\" class=\"attachment-thumbnail size-thumbnail\" alt=\"\" \/><\/a>\n\t\t\t\t<\/dt><\/dl>\n\t\t\t\t<br style='clear: both' \/>\n\t\t\t<\/div>\n\n<p>&nbsp;<\/p>\n<p>&nbsp;<\/p>\n<hr \/>\n<p>&nbsp;<\/p>\n<p class=\"mceTemp\"><a class=\"dt-pswp-item\" href=\"https:\/\/www.radiopiu.net\/wordpress\/wp-content\/uploads\/2018\/09\/WhatsApp-Image-2018-09-20-at-16.04.06.jpeg\" data-dt-img-description=\"\" data-large_image_width=\"800\" data-large_image_height=\"100\"><img loading=\"lazy\" decoding=\"async\" class=\"wp-image-61378 size-full aligncenter\" src=\"https:\/\/www.radiopiu.net\/wordpress\/wp-content\/uploads\/2018\/09\/WhatsApp-Image-2018-09-20-at-16.04.06.jpeg\" alt=\"\" width=\"800\" height=\"100\" srcset=\"https:\/\/www.radiopiu.net\/wordpress\/wp-content\/uploads\/2018\/09\/WhatsApp-Image-2018-09-20-at-16.04.06.jpeg 800w, https:\/\/www.radiopiu.net\/wordpress\/wp-content\/uploads\/2018\/09\/WhatsApp-Image-2018-09-20-at-16.04.06-300x38.jpeg 300w, https:\/\/www.radiopiu.net\/wordpress\/wp-content\/uploads\/2018\/09\/WhatsApp-Image-2018-09-20-at-16.04.06-768x96.jpeg 768w\" sizes=\"auto, (max-width: 800px) 100vw, 800px\" \/><\/a><\/p>\n<p>&nbsp;<\/p>\n<p><center><b>OGGI<\/b><\/center>Fino al primo mattino cielo poco nuvoloso, in seguito generale aumento della nuvolosit\u00e0 fino a tratti nuvoloso nel pomeriggio ed in serata.<br \/>\n<b>Precipitazioni: <\/b>Su Prealpi nel pomeriggio e alla sera non esclusi isolati piovaschi o rovesci, con eventuale quota neve oltre i 1500-1600 m.<br \/>\nTemperature in generale calo specie le minime.<\/p>\n<hr \/>\n<p><center><b>DOMANI<\/b><\/center>Nuvolosit\u00e0 variabile a tratti estesa durante le ore centrali. Ampie schiarite dal pomeriggio\/sera.<br \/>\n<b>Precipitazioni: <\/b>Generalmente assente ma non del tutto esclusa qualche debolissima precipitazione, con eventuali fiocchi oltre i 1500 m.<br \/>\n<b>Temperature: <\/b>Temperature stazionarie<\/p>\n<hr \/>\n<p><center><b>GIOVEDI<\/b><\/center>Cielo sereno con aria tersa ed ottima visibilit\u00e0. Temperature minime stazionarie o in lieve calo, massime in aumento.<\/p>\n<hr \/>\n<p><center><b>VENERDI<\/b><\/center>Nuvolosit\u00e0 in aumento con possibile deterioramento delle condizioni meteorologiche in serata e nella notte su sabato.<\/p>\n<p>&nbsp;<\/p>\n<p>&nbsp;<\/p>\n<hr \/>\n<p>&nbsp;<\/p>\n<p class=\"mceTemp\"><a class=\"dt-pswp-item\" href=\"https:\/\/www.radiopiu.net\/wordpress\/wp-content\/uploads\/2018\/09\/sport.jpg\" data-dt-img-description=\"\" data-large_image_width=\"800\" data-large_image_height=\"100\"><img loading=\"lazy\" decoding=\"async\" class=\"aligncenter wp-image-60761 size-full\" src=\"https:\/\/www.radiopiu.net\/wordpress\/wp-content\/uploads\/2018\/09\/sport.jpg\" alt=\"\" width=\"800\" height=\"100\" srcset=\"https:\/\/www.radiopiu.net\/wordpress\/wp-content\/uploads\/2018\/09\/sport.jpg 800w, https:\/\/www.radiopiu.net\/wordpress\/wp-content\/uploads\/2018\/09\/sport-300x38.jpg 300w, https:\/\/www.radiopiu.net\/wordpress\/wp-content\/uploads\/2018\/09\/sport-768x96.jpg 768w\" sizes=\"auto, (max-width: 800px) 100vw, 800px\" \/> <\/a><\/p>\n<p><span style=\"color: #0000ff;\"><strong>\u00a0 \u00a0<\/strong><\/span><\/p>\n<p><span style=\"color: #0000ff;\"><strong>CALCIO<\/strong><\/span><\/p>\n<blockquote>\n<h3 style=\"text-align: center;\">IL SETTORE FEMMINILE DELLA DOLOMITI BELLUNESI<\/h3>\n<\/blockquote>\n<p><strong><a class=\"dt-pswp-item\" href=\"https:\/\/www.radiopiu.net\/wordpress\/wp-content\/uploads\/2025\/05\/dolomiti-bellunesi-calcio-logo.png\" data-dt-img-description=\"\" data-large_image_width=\"300\" data-large_image_height=\"117\"><img loading=\"lazy\" decoding=\"async\" class=\"aligncenter size-full wp-image-447883\" src=\"https:\/\/www.radiopiu.net\/wordpress\/wp-content\/uploads\/2025\/05\/dolomiti-bellunesi-calcio-logo.png\" alt=\"\" width=\"300\" height=\"117\" \/><\/a>\u00a0<\/strong><\/p>\n<p><strong>DI ALESSIO DA ROLD<\/strong><\/p>\n<audio class=\"wp-audio-shortcode\" id=\"audio-501864-19\" preload=\"none\" style=\"width: 100%;\" controls=\"controls\"><source type=\"audio\/mpeg\" src=\"https:\/\/www.radiopiu.net\/wordpress\/wp-content\/uploads\/2026\/03\/ALESSIO-FEMM.mp3?_=19\" \/><a href=\"https:\/\/www.radiopiu.net\/wordpress\/wp-content\/uploads\/2026\/03\/ALESSIO-FEMM.mp3\">https:\/\/www.radiopiu.net\/wordpress\/wp-content\/uploads\/2026\/03\/ALESSIO-FEMM.mp3<\/a><\/audio>\n<p>&nbsp;<\/p>\n<p><span style=\"color: #0000ff;\"><strong>KARATE<\/strong><\/span><\/p>\n<blockquote>\n<h3 style=\"text-align: center;\">TSKS BELLUNO TRIONFA ALLA HEART CUP: ORO NEL KATA A SQUADRA UNDER 20 E KIDS<\/h3>\n<\/blockquote>\n<p><a class=\"dt-pswp-item\" href=\"https:\/\/www.radiopiu.net\/wordpress\/wp-content\/uploads\/2026\/03\/IMG-20260314-WA0030.jpg\" data-dt-img-description=\"\" data-large_image_width=\"1600\" data-large_image_height=\"1510\"><img loading=\"lazy\" decoding=\"async\" class=\"aligncenter size-medium wp-image-502038\" src=\"https:\/\/www.radiopiu.net\/wordpress\/wp-content\/uploads\/2026\/03\/IMG-20260314-WA0030-300x283.jpg\" alt=\"\" width=\"300\" height=\"283\" srcset=\"https:\/\/www.radiopiu.net\/wordpress\/wp-content\/uploads\/2026\/03\/IMG-20260314-WA0030-300x283.jpg 300w, https:\/\/www.radiopiu.net\/wordpress\/wp-content\/uploads\/2026\/03\/IMG-20260314-WA0030-1024x966.jpg 1024w, https:\/\/www.radiopiu.net\/wordpress\/wp-content\/uploads\/2026\/03\/IMG-20260314-WA0030-768x725.jpg 768w, https:\/\/www.radiopiu.net\/wordpress\/wp-content\/uploads\/2026\/03\/IMG-20260314-WA0030-1536x1450.jpg 1536w, https:\/\/www.radiopiu.net\/wordpress\/wp-content\/uploads\/2026\/03\/IMG-20260314-WA0030.jpg 1600w\" sizes=\"auto, (max-width: 300px) 100vw, 300px\" \/><\/a><\/p>\n<p>Prestigiosi risultati per il Tsks Belluno nella Heart Cup di Treviso, gara internazionale di Shotokan con 1.600 atleti provenienti da tutta Italia. La societ\u00e0 bellunese ha conquistato l\u2019oro nel kata a squadra Under 20, superando 13 formazioni avversarie grazie alla perfetta esecuzione di Giulia Cecconi, Letizia Zanetto e Giada Gaspari. Successo anche nella prova individuale Kids, con Sara Pagotto al primo posto. Il maestro e direttore tecnico Roberto Bacchilega ha sottolineato lo spirito di squadra e l\u2019impegno costante degli atleti. Il Tsks Belluno si conferma cos\u00ec tra le realt\u00e0 pi\u00f9 solide delle arti marziali italiane, dopo i brillanti risultati ottenuti nelle recenti tappe di Ros\u00e0 e Ponte di Piave, tra qualificazioni ai campionati nazionali Seniores e il Trofeo Veneto. Questi successi premiano dedizione, grinta e preparazione tecnica della squadra cadorina, protagonista anche a livello nazionale.<\/p>\n<p>&nbsp;<\/p>\n","protected":false},"excerpt":{"rendered":"<p>********** LA\u00a0 \u00a0 APP LA\u00a0 APP PER IOS-IPHONE di Nicola Vettorello https:\/\/apps.apple.com\/it\/app\/radio-pi%C3%B9-emittente-agordina\/id1515939845 LA\u00a0 APP RADIO\u00a0 PER ANDROID di Nicola Vettorello https:\/\/play.google.com\/store\/apps\/details?id=net.radiopiu.iniko\u00a0\u00a0\u00a0\u00a0\u00a0 &nbsp; &nbsp; &nbsp; DALLA MATITA DI\u00a0 &#8220;VIP&#8221; Due vignette satiriche firmate PIERALDO Vignazia\u00a0 &#8220;VIP&#8221; puntano il dito sulle contraddizioni della politica e del linguaggio pubblico. Nella prima, intitolata \u201cIndipendenza all\u2019italiana\u201d, la battuta gioca sul&hellip;<\/p>\n","protected":false},"author":4,"featured_media":501902,"comment_status":"closed","ping_status":"closed","sticky":false,"template":"","format":"standard","meta":{"_monsterinsights_skip_tracking":false,"_monsterinsights_sitenote_active":false,"_monsterinsights_sitenote_note":"","_monsterinsights_sitenote_category":0,"footnotes":""},"categories":[51,86,49],"tags":[],"class_list":["post-501864","post","type-post","status-publish","format-standard","has-post-thumbnail","hentry","category-evidenza-top","category-gr","category-news-18","category-51","category-86","category-49","description-off"],"img_url":"https:\/\/www.radiopiu.net\/wordpress\/wp-content\/uploads\/2026\/03\/Screenshot-2026-03-16-052328.png","_links":{"self":[{"href":"https:\/\/www.radiopiu.net\/wordpress\/wp-json\/wp\/v2\/posts\/501864","targetHints":{"allow":["GET"]}}],"collection":[{"href":"https:\/\/www.radiopiu.net\/wordpress\/wp-json\/wp\/v2\/posts"}],"about":[{"href":"https:\/\/www.radiopiu.net\/wordpress\/wp-json\/wp\/v2\/types\/post"}],"author":[{"embeddable":true,"href":"https:\/\/www.radiopiu.net\/wordpress\/wp-json\/wp\/v2\/users\/4"}],"replies":[{"embeddable":true,"href":"https:\/\/www.radiopiu.net\/wordpress\/wp-json\/wp\/v2\/comments?post=501864"}],"version-history":[{"count":39,"href":"https:\/\/www.radiopiu.net\/wordpress\/wp-json\/wp\/v2\/posts\/501864\/revisions"}],"predecessor-version":[{"id":502122,"href":"https:\/\/www.radiopiu.net\/wordpress\/wp-json\/wp\/v2\/posts\/501864\/revisions\/502122"}],"wp:featuredmedia":[{"embeddable":true,"href":"https:\/\/www.radiopiu.net\/wordpress\/wp-json\/wp\/v2\/media\/501902"}],"wp:attachment":[{"href":"https:\/\/www.radiopiu.net\/wordpress\/wp-json\/wp\/v2\/media?parent=501864"}],"wp:term":[{"taxonomy":"category","embeddable":true,"href":"https:\/\/www.radiopiu.net\/wordpress\/wp-json\/wp\/v2\/categories?post=501864"},{"taxonomy":"post_tag","embeddable":true,"href":"https:\/\/www.radiopiu.net\/wordpress\/wp-json\/wp\/v2\/tags?post=501864"}],"curies":[{"name":"wp","href":"https:\/\/api.w.org\/{rel}","templated":true}]}}