{"id":501919,"date":"2026-03-17T07:56:55","date_gmt":"2026-03-17T06:56:55","guid":{"rendered":"https:\/\/www.radiopiu.net\/wordpress\/?p=501919"},"modified":"2026-03-17T08:23:53","modified_gmt":"2026-03-17T07:23:53","slug":"essilorluxottica-e-dolcegabbana-rinnovano-la-partnership-fino-al-2050","status":"publish","type":"post","link":"https:\/\/www.radiopiu.net\/wordpress\/essilorluxottica-e-dolcegabbana-rinnovano-la-partnership-fino-al-2050\/","title":{"rendered":"ESSILORLUXOTTICA E DOLCE&#038;GABBANA RINNOVANO LA PARTNERSHIP FINO AL 2050"},"content":{"rendered":"<p>***<\/p>\n<p><strong>di mirko mezzacasa<\/strong><\/p>\n<article class=\"text-token-text-primary w-full focus:outline-none [--shadow-height:45px] has-data-writing-block:pointer-events-none has-data-writing-block:-mt-(--shadow-height) has-data-writing-block:pt-(--shadow-height) [&amp;:has([data-writing-block])&gt;*]:pointer-events-auto scroll-mt-[calc(var(--header-height)+min(200px,max(70px,20svh)))]\" dir=\"auto\" tabindex=\"-1\" data-turn-id=\"request-WEB:a435df5d-81d5-4aa2-b1b8-6cfba477e99d-36\" data-testid=\"conversation-turn-74\" data-scroll-anchor=\"false\" data-turn=\"assistant\">\n<div class=\"text-base my-auto mx-auto [--thread-content-margin:var(--thread-content-margin-xs,calc(var(--spacing)*4))] @w-sm\/main:[--thread-content-margin:var(--thread-content-margin-sm,calc(var(--spacing)*6))] @w-lg\/main:[--thread-content-margin:var(--thread-content-margin-lg,calc(var(--spacing)*16))] px-(--thread-content-margin)\">\n<div class=\"[--thread-content-max-width:40rem] @w-lg\/main:[--thread-content-max-width:48rem] mx-auto max-w-(--thread-content-max-width) flex-1 group\/turn-messages focus-visible:outline-hidden relative flex w-full min-w-0 flex-col agent-turn\" tabindex=\"-1\">\n<div class=\"flex max-w-full flex-col gap-4 grow\">\n<div class=\"min-h-8 text-message relative flex w-full flex-col items-end gap-2 text-start break-words whitespace-normal [.text-message+&amp;]:mt-1\" dir=\"auto\" data-message-author-role=\"assistant\" data-message-id=\"2505bcae-11e7-451e-822f-e5ce112d7ac2\" data-message-model-slug=\"gpt-5-3\">\n<div class=\"flex w-full flex-col gap-1 empty:hidden\">\n<div class=\"markdown prose dark:prose-invert w-full wrap-break-word dark markdown-new-styling\">\n<p data-start=\"298\" data-end=\"759\"><strong>PARIGI_MILANO<\/strong> \u2013 EssilorLuxottica e Dolce&amp;Gabbana rafforzano la loro alleanza strategica annunciando l\u2019estensione fino al 2050 dell\u2019accordo di licenza per lo sviluppo, la produzione e la distribuzione a livello globale degli occhiali da vista e da sole firmati Dolce&amp;Gabbana. Un\u2019intesa di lungo periodo che consolida una collaborazione iniziata oltre vent\u2019anni fa e che rappresenta uno dei legami pi\u00f9 duraturi tra industria dell\u2019eyewear e mondo della moda.<\/p>\n<p data-start=\"761\" data-end=\"1019\">L\u2019accordo, rinnovato con un orizzonte temporale di venticinque anni, conferma la volont\u00e0 delle due aziende di proseguire un percorso condiviso fondato su innovazione, qualit\u00e0 del prodotto e valorizzazione dello stile italiano nel panorama internazionale.<\/p>\n<p data-start=\"761\" data-end=\"1019\"><img loading=\"lazy\" decoding=\"async\" class=\"aligncenter\" src=\"https:\/\/www.radiopiu.net\/wordpress\/wp-content\/uploads\/2024\/04\/essilorluxottica-300x300.png\" width=\"182\" height=\"182\" \/><\/p>\n<p data-start=\"1021\" data-end=\"1606\">\u201cSiamo particolarmente orgogliosi di questo nuovo accordo \u2013 ha dichiarato Francesco Milleri, presidente e amministratore delegato di EssilorLuxottica \u2013 perch\u00e9 ci permetter\u00e0 di accompagnare Dolce&amp;Gabbana, uno dei marchi pi\u00f9 iconici al mondo e a cui siamo molto legati, in un percorso idealmente senza fine. Con un orizzonte temporale cos\u00ec ampio, la collaborazione conferma l\u2019evoluzione del nostro modello di partnership sempre pi\u00f9 orientato al lungo termine, capace di integrare valori, visioni strategiche e cultura del prodotto per generare progressi solidi e duraturi nel tempo\u201d.<\/p>\n<p data-start=\"1608\" data-end=\"1878\">La collaborazione tra EssilorLuxottica e Dolce&amp;Gabbana \u00e8 attiva dal 2004 e negli anni ha dato vita a collezioni di occhiali che uniscono l\u2019eccellenza tecnologica del gruppo leader mondiale dell\u2019eyewear con la creativit\u00e0 e l\u2019identit\u00e0 stilistica della maison italiana.<\/p>\n<p data-start=\"1880\" data-end=\"2296\"><a class=\"dt-pswp-item\" href=\"https:\/\/www.radiopiu.net\/wordpress\/wp-content\/uploads\/2026\/03\/download.png\" data-dt-img-description=\"\" data-large_image_width=\"318\" data-large_image_height=\"159\"><img loading=\"lazy\" decoding=\"async\" class=\"aligncenter size-medium wp-image-501920\" src=\"https:\/\/www.radiopiu.net\/wordpress\/wp-content\/uploads\/2026\/03\/download-300x150.png\" alt=\"\" width=\"300\" height=\"150\" srcset=\"https:\/\/www.radiopiu.net\/wordpress\/wp-content\/uploads\/2026\/03\/download-300x150.png 300w, https:\/\/www.radiopiu.net\/wordpress\/wp-content\/uploads\/2026\/03\/download.png 318w\" sizes=\"auto, (max-width: 300px) 100vw, 300px\" \/><\/a>\u201cDal 2004 portiamo avanti una partnership solida \u2013 ha sottolineato Alfonso Dolce, amministratore delegato di Dolce&amp;Gabbana \u2013 capace di coniugare risultati di business, visione creativa e sviluppo di un progetto condiviso. Il consolidamento della collaborazione a lungo termine conferma la fiducia reciproca nel futuro e nelle opportunit\u00e0 che entrambe le aziende potranno cogliere continuando a lavorare insieme\u201d.<\/p>\n<p data-start=\"2298\" data-end=\"2621\" data-is-last-node=\"\" data-is-only-node=\"\">Il rinnovo dell\u2019accordo rafforza quindi un legame industriale e creativo che guarda ai prossimi decenni, puntando sulla qualit\u00e0 manifatturiera, sull\u2019innovazione tecnologica e su una rete distributiva globale che ha reso gli occhiali Dolce&amp;Gabbana uno dei prodotti di riferimento nel mercato internazionale dell\u2019eyewear.<\/p>\n<\/div>\n<\/div>\n<\/div>\n<\/div>\n<div class=\"z-0 flex min-h-[46px] justify-start\"><\/div>\n<\/div>\n<\/div>\n<\/article>\n<article class=\"text-token-text-primary w-full focus:outline-none [--shadow-height:45px] has-data-writing-block:pointer-events-none has-data-writing-block:-mt-(--shadow-height) has-data-writing-block:pt-(--shadow-height) [&amp;:has([data-writing-block])&gt;*]:pointer-events-auto scroll-mt-(--header-height)\" dir=\"auto\" tabindex=\"-1\" data-turn-id=\"7c1997d1-8ad0-44e1-af17-fb4e323bd50b\" data-testid=\"conversation-turn-75\" data-scroll-anchor=\"false\" data-turn=\"user\">\n<div class=\"text-base my-auto mx-auto pt-12 [--thread-content-margin:var(--thread-content-margin-xs,calc(var(--spacing)*4))] @w-sm\/main:[--thread-content-margin:var(--thread-content-margin-sm,calc(var(--spacing)*6))] @w-lg\/main:[--thread-content-margin:var(--thread-content-margin-lg,calc(var(--spacing)*16))] px-(--thread-content-margin)\">\n<div class=\"[--thread-content-max-width:40rem] @w-lg\/main:[--thread-content-max-width:48rem] mx-auto max-w-(--thread-content-max-width) flex-1 group\/turn-messages focus-visible:outline-hidden relative flex w-full min-w-0 flex-col\" tabindex=\"-1\">\n<div class=\"flex max-w-full flex-col gap-4 grow\">\n<div class=\"min-h-8 text-message relative flex w-full flex-col items-end gap-2 text-start break-words whitespace-normal [.text-message+&amp;]:mt-1\" dir=\"auto\" data-message-author-role=\"user\" data-message-id=\"7c1997d1-8ad0-44e1-af17-fb4e323bd50b\">\n<div class=\"flex w-full flex-col gap-1 empty:hidden items-end rtl:items-start\">\n<div class=\"user-message-bubble-color corner-superellipse\/0.98 relative rounded-[22px] px-4 py-2.5 leading-6 max-w-(--user-chat-width,70%)\">\n<div class=\"whitespace-pre-wrap\">__<\/div>\n<\/div>\n<\/div>\n<\/div>\n<\/div>\n<\/div>\n<\/div>\n<\/article>\n","protected":false},"excerpt":{"rendered":"<p>*** di mirko mezzacasa PARIGI_MILANO \u2013 EssilorLuxottica e Dolce&amp;Gabbana rafforzano la loro alleanza strategica annunciando l\u2019estensione fino al 2050 dell\u2019accordo di licenza per lo sviluppo, la produzione e la distribuzione a livello globale degli occhiali da vista e da sole firmati Dolce&amp;Gabbana. Un\u2019intesa di lungo periodo che consolida una collaborazione iniziata oltre vent\u2019anni fa e&hellip;<\/p>\n","protected":false},"author":4,"featured_media":501923,"comment_status":"closed","ping_status":"closed","sticky":false,"template":"","format":"standard","meta":{"_monsterinsights_skip_tracking":false,"_monsterinsights_sitenote_active":false,"_monsterinsights_sitenote_note":"","_monsterinsights_sitenote_category":0,"footnotes":""},"categories":[51,49],"tags":[],"class_list":["post-501919","post","type-post","status-publish","format-standard","has-post-thumbnail","hentry","category-evidenza-top","category-news-18","category-51","category-49","description-off"],"img_url":"https:\/\/www.radiopiu.net\/wordpress\/wp-content\/uploads\/2026\/03\/Screenshot-2026-03-16-085709.png","_links":{"self":[{"href":"https:\/\/www.radiopiu.net\/wordpress\/wp-json\/wp\/v2\/posts\/501919","targetHints":{"allow":["GET"]}}],"collection":[{"href":"https:\/\/www.radiopiu.net\/wordpress\/wp-json\/wp\/v2\/posts"}],"about":[{"href":"https:\/\/www.radiopiu.net\/wordpress\/wp-json\/wp\/v2\/types\/post"}],"author":[{"embeddable":true,"href":"https:\/\/www.radiopiu.net\/wordpress\/wp-json\/wp\/v2\/users\/4"}],"replies":[{"embeddable":true,"href":"https:\/\/www.radiopiu.net\/wordpress\/wp-json\/wp\/v2\/comments?post=501919"}],"version-history":[{"count":1,"href":"https:\/\/www.radiopiu.net\/wordpress\/wp-json\/wp\/v2\/posts\/501919\/revisions"}],"predecessor-version":[{"id":501922,"href":"https:\/\/www.radiopiu.net\/wordpress\/wp-json\/wp\/v2\/posts\/501919\/revisions\/501922"}],"wp:featuredmedia":[{"embeddable":true,"href":"https:\/\/www.radiopiu.net\/wordpress\/wp-json\/wp\/v2\/media\/501923"}],"wp:attachment":[{"href":"https:\/\/www.radiopiu.net\/wordpress\/wp-json\/wp\/v2\/media?parent=501919"}],"wp:term":[{"taxonomy":"category","embeddable":true,"href":"https:\/\/www.radiopiu.net\/wordpress\/wp-json\/wp\/v2\/categories?post=501919"},{"taxonomy":"post_tag","embeddable":true,"href":"https:\/\/www.radiopiu.net\/wordpress\/wp-json\/wp\/v2\/tags?post=501919"}],"curies":[{"name":"wp","href":"https:\/\/api.w.org\/{rel}","templated":true}]}}