{"id":501974,"date":"2026-03-16T15:43:25","date_gmt":"2026-03-16T14:43:25","guid":{"rendered":"https:\/\/www.radiopiu.net\/wordpress\/?p=501974"},"modified":"2026-03-16T15:43:25","modified_gmt":"2026-03-16T14:43:25","slug":"lavori-sulla-ss52-carnica-senso-unico-alternato-a-santo-stefano-di-cadore","status":"publish","type":"post","link":"https:\/\/www.radiopiu.net\/wordpress\/lavori-sulla-ss52-carnica-senso-unico-alternato-a-santo-stefano-di-cadore\/","title":{"rendered":"LAVORI SULLA SS52 CARNICA: SENSO UNICO ALTERNATO A SANTO STEFANO DI CADORE"},"content":{"rendered":"<p>********<\/p>\n<p>&nbsp;<\/p>\n<p><strong><a class=\"dt-pswp-item\" href=\"https:\/\/www.radiopiu.net\/wordpress\/wp-content\/uploads\/2024\/10\/ANAS.jpg\" data-dt-img-description=\"\" data-large_image_width=\"842\" data-large_image_height=\"595\"><img loading=\"lazy\" decoding=\"async\" class=\"aligncenter  wp-image-414157\" src=\"https:\/\/www.radiopiu.net\/wordpress\/wp-content\/uploads\/2024\/10\/ANAS-300x212.jpg\" alt=\"\" width=\"194\" height=\"137\" srcset=\"https:\/\/www.radiopiu.net\/wordpress\/wp-content\/uploads\/2024\/10\/ANAS-300x212.jpg 300w, https:\/\/www.radiopiu.net\/wordpress\/wp-content\/uploads\/2024\/10\/ANAS-768x543.jpg 768w, https:\/\/www.radiopiu.net\/wordpress\/wp-content\/uploads\/2024\/10\/ANAS.jpg 842w\" sizes=\"auto, (max-width: 194px) 100vw, 194px\" \/><\/a>\u00a0<\/strong><\/p>\n<p><strong>VENEZIA <\/strong>Anas informa che lungo la strada statale 52 \u201cCarnica\u201d sar\u00e0 attivato il senso unico alternato nel territorio comunale di Santo Stefano di Cadore per consentire la prosecuzione degli interventi di protezione del corpo stradale. La limitazione riguarda il tratto dal km 86,000 al km 86,900 e sar\u00e0 in vigore dalle ore 8.00 del 18 marzo fino alle ore 19.00 del 24 giugno 2026. Il traffico sar\u00e0 regolato da impianto semaforico con supporto di movieri in caso di necessit\u00e0. Sul tratto interessato saranno inoltre in vigore il limite di velocit\u00e0 di 30 km\/h e il divieto di sorpasso. I lavori riguardano la realizzazione di barriere paramassi e il prolungamento delle opere di protezione in corrispondenza della galleria Laste, interventi finalizzati al miglioramento della sicurezza della statale.<\/p>\n<p>&nbsp;<\/p>\n<p>&nbsp;<\/p>\n<p>&nbsp;<\/p>\n<p>*********<\/p>\n","protected":false},"excerpt":{"rendered":"<p>******** &nbsp; \u00a0 VENEZIA Anas informa che lungo la strada statale 52 \u201cCarnica\u201d sar\u00e0 attivato il senso unico alternato nel territorio comunale di Santo Stefano di Cadore per consentire la prosecuzione degli interventi di protezione del corpo stradale. La limitazione riguarda il tratto dal km 86,000 al km 86,900 e sar\u00e0 in vigore dalle ore&hellip;<\/p>\n","protected":false},"author":4,"featured_media":414157,"comment_status":"closed","ping_status":"closed","sticky":false,"template":"","format":"standard","meta":{"_monsterinsights_skip_tracking":false,"_monsterinsights_sitenote_active":false,"_monsterinsights_sitenote_note":"","_monsterinsights_sitenote_category":0,"footnotes":""},"categories":[51,49],"tags":[],"class_list":["post-501974","post","type-post","status-publish","format-standard","has-post-thumbnail","hentry","category-evidenza-top","category-news-18","category-51","category-49","description-off"],"img_url":"https:\/\/www.radiopiu.net\/wordpress\/wp-content\/uploads\/2024\/10\/ANAS.jpg","_links":{"self":[{"href":"https:\/\/www.radiopiu.net\/wordpress\/wp-json\/wp\/v2\/posts\/501974","targetHints":{"allow":["GET"]}}],"collection":[{"href":"https:\/\/www.radiopiu.net\/wordpress\/wp-json\/wp\/v2\/posts"}],"about":[{"href":"https:\/\/www.radiopiu.net\/wordpress\/wp-json\/wp\/v2\/types\/post"}],"author":[{"embeddable":true,"href":"https:\/\/www.radiopiu.net\/wordpress\/wp-json\/wp\/v2\/users\/4"}],"replies":[{"embeddable":true,"href":"https:\/\/www.radiopiu.net\/wordpress\/wp-json\/wp\/v2\/comments?post=501974"}],"version-history":[{"count":1,"href":"https:\/\/www.radiopiu.net\/wordpress\/wp-json\/wp\/v2\/posts\/501974\/revisions"}],"predecessor-version":[{"id":501976,"href":"https:\/\/www.radiopiu.net\/wordpress\/wp-json\/wp\/v2\/posts\/501974\/revisions\/501976"}],"wp:featuredmedia":[{"embeddable":true,"href":"https:\/\/www.radiopiu.net\/wordpress\/wp-json\/wp\/v2\/media\/414157"}],"wp:attachment":[{"href":"https:\/\/www.radiopiu.net\/wordpress\/wp-json\/wp\/v2\/media?parent=501974"}],"wp:term":[{"taxonomy":"category","embeddable":true,"href":"https:\/\/www.radiopiu.net\/wordpress\/wp-json\/wp\/v2\/categories?post=501974"},{"taxonomy":"post_tag","embeddable":true,"href":"https:\/\/www.radiopiu.net\/wordpress\/wp-json\/wp\/v2\/tags?post=501974"}],"curies":[{"name":"wp","href":"https:\/\/api.w.org\/{rel}","templated":true}]}}