{"id":502041,"date":"2026-03-16T18:53:43","date_gmt":"2026-03-16T17:53:43","guid":{"rendered":"https:\/\/www.radiopiu.net\/wordpress\/?p=502041"},"modified":"2026-03-16T18:53:43","modified_gmt":"2026-03-16T17:53:43","slug":"pari-opportunita-tra-clima-e-linguaggio-a-feltre-gli-incontri-con-vera-gheno-e-martina-rogato","status":"publish","type":"post","link":"https:\/\/www.radiopiu.net\/wordpress\/pari-opportunita-tra-clima-e-linguaggio-a-feltre-gli-incontri-con-vera-gheno-e-martina-rogato\/","title":{"rendered":"PARI OPPORTUNIT\u00c0 TRA CLIMA E LINGUAGGIO: A FELTRE GLI INCONTRI CON VERA GHENO E MARTINA ROGATO"},"content":{"rendered":"<p>********<\/p>\n<p>&nbsp;<\/p>\n<p><strong>DI ALESSIA DALL&#8217;O&#8217;<\/strong><\/p>\n<p><strong>FELTRE <\/strong>Due serate di approfondimento dedicate al rapporto tra linguaggio, parit\u00e0 di genere e crisi climatica animeranno il Teatro de la Sena il prossimo 18 e 19 marzo nell\u2019ambito del festival \u201cYou and Me: We\u201d, promosso dall\u2019Assessorato alla Cultura e alle Pari Opportunit\u00e0 del Comune di Feltre insieme alla Commissione Pari Opportunit\u00e0.L\u2019ingresso alle due serate \u00e8 gratuito e non \u00e8 prevista prenotazione: i posti saranno assegnati fino a esaurimento in base all\u2019ordine di arrivo.<\/p>\n<p><strong>VERA GHENO AL TEATRO DE LA SENA<\/strong><\/p>\n<p>Il primo appuntamento \u00e8 in programma mercoled\u00ec 18 marzo alle 20.30 con l\u2019intervento della sociolinguista e divulgatrice Vera Gheno, che terr\u00e0 l\u2019incontro intitolato \u201cLe molte facce del sessismo linguistico\u201d. Durante la serata verr\u00e0 affrontato il tema del rapporto tra lingua e costruzione sociale delle differenze di genere, con particolare attenzione a come parole, espressioni e abitudini linguistiche possano riflettere stereotipi e rapporti di potere presenti nella societ\u00e0. L\u2019incontro intende offrire spunti di riflessione sull\u2019uso consapevole e inclusivo della lingua italiana nella comunicazione quotidiana.<\/p>\n<p><strong>SOSTENIBILITA\u2019, ECOLOGIA DEL FEMMINILE<\/strong><\/p>\n<p>Gioved\u00ec 19 marzo, sempre alle 20.30, sar\u00e0 invece ospite Martina Rogato, esperta di sostenibilit\u00e0 e co-presidente del gruppo Women7 Italy. Il suo intervento, intitolato \u201cDonne, clima e futuro delle comunit\u00e0\u201d, si concentrer\u00e0 sul legame tra crisi ambientale e disuguaglianze di genere. Nel corso dell\u2019incontro verr\u00e0 analizzato come la prospettiva della giustizia climatica possa contribuire allo sviluppo di comunit\u00e0 locali pi\u00f9 resilienti e inclusive.<\/p>\n<p><strong>IL COMMENTO DELL\u2019AMMINISTRAZIONE<\/strong><\/p>\n<p>Secondo l\u2019assessora alle Pari Opportunit\u00e0 del Comune di Feltre, Flavia Colle, il festival rappresenta un\u2019occasione per ospitare in citt\u00e0 figure impegnate in diversi campi: \u201cCon il festival \u201cYou and Me: We\u201d portiamo a Feltre, nel nostro meraviglioso teatro, due esperte di notevole calibro nell\u2019ambito della linguistica e degli studi sulla sostenibilit\u00e0 e l\u2019inclusivit\u00e0. Le comunit\u00e0 transfrontaliere avranno modo di incontrarsi e confrontarsi, riflettendo insieme su come si possano abbattere barriere, stereotipi e pregiudizi, per costruire una comunit\u00e0 pi\u00f9 accogliente, equa e partecipativa.\u201d L\u2019iniziativa rientra nel programma di cooperazione transfrontaliera Interreg Italia-Austria ed \u00e8 parte del progetto \u201cEQUALIT-\u00c0\u201d, coordinato dal GAL Prealpi e Dolomiti. L\u2019obiettivo \u00e8 promuovere una rete tra istituzioni e territori italiani e austriaci per diffondere una cultura delle pari opportunit\u00e0 e sviluppare forme condivise di governance su questi temi. Tra i partner del progetto figurano, tra gli altri, la Camera di Commercio Treviso-Belluno Dolomiti, il Comune di Belluno, il Comune di Irschen e il GECT Euregio Senza Confini.<\/p>\n\n\t\t\t<style type='text\/css'>\n\t\t\t\t#gallery-1 {\n\t\t\t\t\tmargin: auto;\n\t\t\t\t}\n\t\t\t\t#gallery-1 .gallery-item {\n\t\t\t\t\tfloat: left;\n\t\t\t\t\tmargin-top: 10px;\n\t\t\t\t\ttext-align: center;\n\t\t\t\t\twidth: 50%;\n\t\t\t\t}\n\t\t\t\t#gallery-1 img {\n\t\t\t\t\tborder: 2px solid #cfcfcf;\n\t\t\t\t}\n\t\t\t\t#gallery-1 .gallery-caption {\n\t\t\t\t\tmargin-left: 0;\n\t\t\t\t}\n\t\t\t\t\/* see gallery_shortcode() in wp-includes\/media.php *\/\n\t\t\t<\/style>\n\t\t<div id='gallery-1' class='dt-gallery-container gallery galleryid-502041 gallery-columns-2 gallery-size-medium'><dl class='gallery-item'>\n\t\t\t\t<dt class='gallery-icon portrait'>\n\t\t\t\t\t<a class=\"rollover rollover-zoom dt-pswp-item\" title=\"Vera Gheno\" data-dt-img-description=\"\" data-large_image_width=\"1279\" data-large_image_height=\"1600\"href='https:\/\/www.radiopiu.net\/wordpress\/wp-content\/uploads\/2026\/03\/Vera-Gheno.jpeg'><img loading=\"lazy\" decoding=\"async\" width=\"240\" height=\"300\" src=\"https:\/\/www.radiopiu.net\/wordpress\/wp-content\/uploads\/2026\/03\/Vera-Gheno-240x300.jpeg\" class=\"attachment-medium size-medium\" alt=\"\" srcset=\"https:\/\/www.radiopiu.net\/wordpress\/wp-content\/uploads\/2026\/03\/Vera-Gheno-240x300.jpeg 240w, https:\/\/www.radiopiu.net\/wordpress\/wp-content\/uploads\/2026\/03\/Vera-Gheno-819x1024.jpeg 819w, https:\/\/www.radiopiu.net\/wordpress\/wp-content\/uploads\/2026\/03\/Vera-Gheno-768x961.jpeg 768w, https:\/\/www.radiopiu.net\/wordpress\/wp-content\/uploads\/2026\/03\/Vera-Gheno-1228x1536.jpeg 1228w, https:\/\/www.radiopiu.net\/wordpress\/wp-content\/uploads\/2026\/03\/Vera-Gheno.jpeg 1279w\" sizes=\"auto, (max-width: 240px) 100vw, 240px\" \/><\/a>\n\t\t\t\t<\/dt><\/dl><dl class='gallery-item'>\n\t\t\t\t<dt class='gallery-icon portrait'>\n\t\t\t\t\t<a class=\"rollover rollover-zoom dt-pswp-item\" title=\"Martina Rogato\" data-dt-img-description=\"\" data-large_image_width=\"1279\" data-large_image_height=\"1600\"href='https:\/\/www.radiopiu.net\/wordpress\/wp-content\/uploads\/2026\/03\/Martina-Rogato.jpeg'><img loading=\"lazy\" decoding=\"async\" width=\"240\" height=\"300\" src=\"https:\/\/www.radiopiu.net\/wordpress\/wp-content\/uploads\/2026\/03\/Martina-Rogato-240x300.jpeg\" class=\"attachment-medium size-medium\" alt=\"\" srcset=\"https:\/\/www.radiopiu.net\/wordpress\/wp-content\/uploads\/2026\/03\/Martina-Rogato-240x300.jpeg 240w, https:\/\/www.radiopiu.net\/wordpress\/wp-content\/uploads\/2026\/03\/Martina-Rogato-819x1024.jpeg 819w, https:\/\/www.radiopiu.net\/wordpress\/wp-content\/uploads\/2026\/03\/Martina-Rogato-768x961.jpeg 768w, https:\/\/www.radiopiu.net\/wordpress\/wp-content\/uploads\/2026\/03\/Martina-Rogato-1228x1536.jpeg 1228w, https:\/\/www.radiopiu.net\/wordpress\/wp-content\/uploads\/2026\/03\/Martina-Rogato.jpeg 1279w\" sizes=\"auto, (max-width: 240px) 100vw, 240px\" \/><\/a>\n\t\t\t\t<\/dt><\/dl><br style=\"clear: both\" \/>\n\t\t\t<\/div>\n\n<p>&nbsp;<\/p>\n<p>&nbsp;<\/p>\n<p>&nbsp;<\/p>\n<p>&nbsp;<\/p>\n<p>********<\/p>\n","protected":false},"excerpt":{"rendered":"<p>******** &nbsp; DI ALESSIA DALL&#8217;O&#8217; FELTRE Due serate di approfondimento dedicate al rapporto tra linguaggio, parit\u00e0 di genere e crisi climatica animeranno il Teatro de la Sena il prossimo 18 e 19 marzo nell\u2019ambito del festival \u201cYou and Me: We\u201d, promosso dall\u2019Assessorato alla Cultura e alle Pari Opportunit\u00e0 del Comune di Feltre insieme alla Commissione&hellip;<\/p>\n","protected":false},"author":4,"featured_media":502044,"comment_status":"closed","ping_status":"closed","sticky":false,"template":"","format":"standard","meta":{"_monsterinsights_skip_tracking":false,"_monsterinsights_sitenote_active":false,"_monsterinsights_sitenote_note":"","_monsterinsights_sitenote_category":0,"footnotes":""},"categories":[49],"tags":[],"class_list":["post-502041","post","type-post","status-publish","format-standard","has-post-thumbnail","hentry","category-news-18","category-49","description-off"],"img_url":"https:\/\/www.radiopiu.net\/wordpress\/wp-content\/uploads\/2026\/03\/Vera-Gheno-Gettyeditorial-26-6-2023.jpg","_links":{"self":[{"href":"https:\/\/www.radiopiu.net\/wordpress\/wp-json\/wp\/v2\/posts\/502041","targetHints":{"allow":["GET"]}}],"collection":[{"href":"https:\/\/www.radiopiu.net\/wordpress\/wp-json\/wp\/v2\/posts"}],"about":[{"href":"https:\/\/www.radiopiu.net\/wordpress\/wp-json\/wp\/v2\/types\/post"}],"author":[{"embeddable":true,"href":"https:\/\/www.radiopiu.net\/wordpress\/wp-json\/wp\/v2\/users\/4"}],"replies":[{"embeddable":true,"href":"https:\/\/www.radiopiu.net\/wordpress\/wp-json\/wp\/v2\/comments?post=502041"}],"version-history":[{"count":1,"href":"https:\/\/www.radiopiu.net\/wordpress\/wp-json\/wp\/v2\/posts\/502041\/revisions"}],"predecessor-version":[{"id":502045,"href":"https:\/\/www.radiopiu.net\/wordpress\/wp-json\/wp\/v2\/posts\/502041\/revisions\/502045"}],"wp:featuredmedia":[{"embeddable":true,"href":"https:\/\/www.radiopiu.net\/wordpress\/wp-json\/wp\/v2\/media\/502044"}],"wp:attachment":[{"href":"https:\/\/www.radiopiu.net\/wordpress\/wp-json\/wp\/v2\/media?parent=502041"}],"wp:term":[{"taxonomy":"category","embeddable":true,"href":"https:\/\/www.radiopiu.net\/wordpress\/wp-json\/wp\/v2\/categories?post=502041"},{"taxonomy":"post_tag","embeddable":true,"href":"https:\/\/www.radiopiu.net\/wordpress\/wp-json\/wp\/v2\/tags?post=502041"}],"curies":[{"name":"wp","href":"https:\/\/api.w.org\/{rel}","templated":true}]}}