{"id":502047,"date":"2026-03-16T18:57:45","date_gmt":"2026-03-16T17:57:45","guid":{"rendered":"https:\/\/www.radiopiu.net\/wordpress\/?p=502047"},"modified":"2026-03-16T18:57:45","modified_gmt":"2026-03-16T17:57:45","slug":"la-campanella-delle-paralimpiadi-di-comunita-villa-san-francesco-arriva-a-feltre","status":"publish","type":"post","link":"https:\/\/www.radiopiu.net\/wordpress\/la-campanella-delle-paralimpiadi-di-comunita-villa-san-francesco-arriva-a-feltre\/","title":{"rendered":"LA CAMPANELLA DELLE PARALIMPIADI DI COMUNIT\u00c0 VILLA SAN FRANCESCO ARRIVA A FELTRE"},"content":{"rendered":"<p>********<\/p>\n<p>&nbsp;<\/p>\n<p><strong><a class=\"dt-pswp-item\" href=\"https:\/\/www.radiopiu.net\/wordpress\/wp-content\/uploads\/2026\/03\/Immagine-Cortina-Lounge.jpg\" data-dt-img-description=\"\" data-large_image_width=\"1440\" data-large_image_height=\"1080\"><img loading=\"lazy\" decoding=\"async\" class=\"aligncenter size-medium wp-image-502048\" src=\"https:\/\/www.radiopiu.net\/wordpress\/wp-content\/uploads\/2026\/03\/Immagine-Cortina-Lounge-300x225.jpg\" alt=\"\" width=\"300\" height=\"225\" srcset=\"https:\/\/www.radiopiu.net\/wordpress\/wp-content\/uploads\/2026\/03\/Immagine-Cortina-Lounge-300x225.jpg 300w, https:\/\/www.radiopiu.net\/wordpress\/wp-content\/uploads\/2026\/03\/Immagine-Cortina-Lounge-1024x768.jpg 1024w, https:\/\/www.radiopiu.net\/wordpress\/wp-content\/uploads\/2026\/03\/Immagine-Cortina-Lounge-768x576.jpg 768w, https:\/\/www.radiopiu.net\/wordpress\/wp-content\/uploads\/2026\/03\/Immagine-Cortina-Lounge.jpg 1440w\" sizes=\"auto, (max-width: 300px) 100vw, 300px\" \/><\/a>\u00a0<\/strong><\/p>\n<p><strong>DI ALESSIA DALL&#8217;O&#8217;<\/strong><\/p>\n<p><strong>FELTRE<\/strong> Un suono che diventa simbolo di inclusione, partecipazione e soprattutto speranza per il futuro. La \u201cCampanella delle Paralimpiadi\u201d, realizzata dalla comunit\u00e0 di Comunit\u00e0 Villa San Francesco di Facen di Pedavena, attraverser\u00e0 il territorio bellunese,nella giornata odierna &#8211; luned\u00ec 16 marzo &#8211; in seguito alla conclusione dei Giochi di Paralimpici Milano Cortina 2026.<\/p>\n<p><strong>I RAGAZZI DELLA COMUNITA\u2019 A CORTINA<\/strong><\/p>\n<p>Questa storia inizia lo scorso 9 marzo, quando la campanella pedavenese \u00e8 stata accolta e presentata dalla Fondazione Milano Cortina nel Cortina Dolomiti Lounge. L\u2019iniziativa nasce nel contesto della mostra \u201cCampane dal Mondo\u201d, ospitata al Museo dei Sogni e della Memoria della Cooperativa Sociale Arcobaleno &#8217;86 di Feltre. Questa esposizione raccoglie oltre 700 campane provenienti da pi\u00f9 di 90 Paesi e rimarr\u00e0 visitabile fino al prossimo periodo pasquale, offrendo un affascinante viaggio tra culture, tradizioni e questi diversissimi simboli sonori provenienti da ogni parte del mondo.<br \/>\nAll\u2019incontro del 9 marzo erano presenti numerose autorit\u00e0 e rappresentanti del territorio: il presidente della Fondazione Milano Cortina 2026 Giovanni Malag\u00f2, il vescovo della diocesi di Diocesi di Belluno-Feltre Renato Marangoni, il parroco di Cortina don Ivano Brambilla, insieme al sindaco di Pedavena Nicola Castellaz, Loris Paoletti, e il direttore Aldo Bertelle con i ragazzi della comunit\u00e0 di Villa San Francesco, veri protagonisti di questo momento di condivisione.<\/p>\n<p><strong>UNA STAFFETTA PER TRASPORTARE I PIU\u2019 ALTI VALORI DELLO SPORT<\/strong><\/p>\n<p>Il viaggio simbolico della campanella \u00e8 per\u00f2 entrato nel vivo oggi, luned\u00ec 16 marzo. La partenza si \u00e8 svolta stamane dalla sede comunale di Cortina d\u2019Ampezzo, da dove \u00e8 iniziato un viaggio-staffetta attraverso il territorio provinciale. Il passaggio toccher\u00e0 San Vito di Cadore, Pieve di Cadore, Longarone, Fortogna, Ponte nelle Alpi, Belluno, Sedico e Busche, per arrivare in serata a Feltre, alla Cooperativa Arcobaleno \u201986, intorno alle ore 20. Ad accogliere la \u201cCampanella delle paralimpiadi\u201d saranno altre tre campane simboliche che rappresentano altrettante storie significative del territorio. La prima \u00e8 una campana dedicata alla Fabbrica Birra Pedavena, che sar\u00e0 suonata da Enrico Buttironi, presidente di Birra Castello, in ricordo del salvataggio dello storico stabilimento nel 2006, di quella che verr\u00e0, di l\u00ec in poi, denominata la \u201cfabbrica paese\u201d. La seconda campana \u00e8 dedicata alla figura simbolica nella storia di beato Bernardino Tomitano da Feltre e sar\u00e0 suonata da don Giuseppe Bernardi, attuale parroco di Tomo. La terza e ultima campana ricorda invece l\u2019ingegner Ugo Gobbato, fondatore della Metallurgica di Feltre, oggi parte del gruppo Hydro, gi\u00e0 nota alle cronache locali per le ultime vicende che riguardano la chiusura dello stabilimento. A farla risuonare sar\u00e0 Maria Semenzin di Volpago del Montello. A raccontare il significato di queste storie saranno le voci di Maria Teresa De Bortoli, Miriam Dal Canton e Franco Della Libera, accompagnando il pubblico in un momento che vuole essere insieme memoria, comunit\u00e0 e attenzione al presente.<\/p>\n<p>&nbsp;<\/p>\n<p>&nbsp;<\/p>\n<p>&nbsp;<\/p>\n<p>*********<\/p>\n","protected":false},"excerpt":{"rendered":"<p>******** &nbsp; \u00a0 DI ALESSIA DALL&#8217;O&#8217; FELTRE Un suono che diventa simbolo di inclusione, partecipazione e soprattutto speranza per il futuro. La \u201cCampanella delle Paralimpiadi\u201d, realizzata dalla comunit\u00e0 di Comunit\u00e0 Villa San Francesco di Facen di Pedavena, attraverser\u00e0 il territorio bellunese,nella giornata odierna &#8211; luned\u00ec 16 marzo &#8211; in seguito alla conclusione dei Giochi di&hellip;<\/p>\n","protected":false},"author":4,"featured_media":502048,"comment_status":"closed","ping_status":"closed","sticky":false,"template":"","format":"standard","meta":{"_monsterinsights_skip_tracking":false,"_monsterinsights_sitenote_active":false,"_monsterinsights_sitenote_note":"","_monsterinsights_sitenote_category":0,"footnotes":""},"categories":[49],"tags":[],"class_list":["post-502047","post","type-post","status-publish","format-standard","has-post-thumbnail","hentry","category-news-18","category-49","description-off"],"img_url":"https:\/\/www.radiopiu.net\/wordpress\/wp-content\/uploads\/2026\/03\/Immagine-Cortina-Lounge.jpg","_links":{"self":[{"href":"https:\/\/www.radiopiu.net\/wordpress\/wp-json\/wp\/v2\/posts\/502047","targetHints":{"allow":["GET"]}}],"collection":[{"href":"https:\/\/www.radiopiu.net\/wordpress\/wp-json\/wp\/v2\/posts"}],"about":[{"href":"https:\/\/www.radiopiu.net\/wordpress\/wp-json\/wp\/v2\/types\/post"}],"author":[{"embeddable":true,"href":"https:\/\/www.radiopiu.net\/wordpress\/wp-json\/wp\/v2\/users\/4"}],"replies":[{"embeddable":true,"href":"https:\/\/www.radiopiu.net\/wordpress\/wp-json\/wp\/v2\/comments?post=502047"}],"version-history":[{"count":1,"href":"https:\/\/www.radiopiu.net\/wordpress\/wp-json\/wp\/v2\/posts\/502047\/revisions"}],"predecessor-version":[{"id":502049,"href":"https:\/\/www.radiopiu.net\/wordpress\/wp-json\/wp\/v2\/posts\/502047\/revisions\/502049"}],"wp:featuredmedia":[{"embeddable":true,"href":"https:\/\/www.radiopiu.net\/wordpress\/wp-json\/wp\/v2\/media\/502048"}],"wp:attachment":[{"href":"https:\/\/www.radiopiu.net\/wordpress\/wp-json\/wp\/v2\/media?parent=502047"}],"wp:term":[{"taxonomy":"category","embeddable":true,"href":"https:\/\/www.radiopiu.net\/wordpress\/wp-json\/wp\/v2\/categories?post=502047"},{"taxonomy":"post_tag","embeddable":true,"href":"https:\/\/www.radiopiu.net\/wordpress\/wp-json\/wp\/v2\/tags?post=502047"}],"curies":[{"name":"wp","href":"https:\/\/api.w.org\/{rel}","templated":true}]}}