{"id":502051,"date":"2026-03-16T19:01:33","date_gmt":"2026-03-16T18:01:33","guid":{"rendered":"https:\/\/www.radiopiu.net\/wordpress\/?p=502051"},"modified":"2026-03-16T19:01:33","modified_gmt":"2026-03-16T18:01:33","slug":"il-feltrino-si-tinge-di-lilla-per-la-giornata-dedicata-ai-disturbi-alimentari","status":"publish","type":"post","link":"https:\/\/www.radiopiu.net\/wordpress\/il-feltrino-si-tinge-di-lilla-per-la-giornata-dedicata-ai-disturbi-alimentari\/","title":{"rendered":"IL FELTRINO SI TINGE DI LILLA PER LA GIORNATA DEDICATA AI DISTURBI ALIMENTARI"},"content":{"rendered":"<p>********<\/p>\n<p>&nbsp;<\/p>\n<p><strong>DI ALESSIA DALL&#8217;O&#8217;<\/strong><\/p>\n<p><strong>FELTRINO <\/strong>Il Feltrino si \u00e8 colorato di lilla nei giorni scorsi in occasione della Giornata internazionale del Fiocchetto Lilla, che ogni anno il 15 marzo richiama l\u2019attenzione sui disturbi della nutrizione e dell\u2019alimentazione. Un gesto simbolico ma carico di significato, che ha unito diversi comuni del territorio nel segno della sensibilizzazione e della consapevolezza su tematiche ancora troppo spesso avvolte dal silenzio.<\/p>\n<p><strong>LA TORRE DEL CASTELLO ILLUMINATA DI LILLA<\/strong><\/p>\n<p>A Feltre, nelle serate di sabato 14 e domenica 15 marzo, la Torre del Castello si \u00e8 illuminata di lilla. Un segnale visibile nel cuore della citt\u00e0 per ricordare una realt\u00e0 che riguarda molte persone e famiglie anche nel Bellunese. \u00abFare cultura su questi temi \u00e8 essenziale\u00bb ha sottolineato l\u2019assessora alla cultura Flavia Colle. \u00abParlare dei disturbi della nutrizione e dell\u2019alimentazione, diffondere informazioni corrette e contribuire a superare lo stigma che spesso li accompagna \u00e8 il primo passo per non far sentire sole le persone coinvolte. Iniziative come questa aiutano a creare consapevolezza e a costruire una comunit\u00e0 pi\u00f9 attenta e solidale\u00bb.<\/p>\n<p><strong>UNA GIORNATA DI SENSIBILIZZAZIONE NAZIONALE<\/strong><\/p>\n<p>La Giornata del Fiocchetto Lilla \u00e8 promossa a livello nazionale da Consult@noi e dal Coordinamento nazionale DCA, realt\u00e0 che riuniscono circa quaranta associazioni di familiari impegnate nel sostegno e nella sensibilizzazione sui disturbi della nutrizione e dell\u2019alimentazione. In tutta Italia la ricorrenza \u00e8 accompagnata da incontri, eventi, mostre e momenti di confronto dedicati a questi temi.<\/p>\n<p><strong>LE INIZIATIVE NEL TERRITORIO FELTRINO<\/strong><\/p>\n<p>Anche nel territorio feltrino la partecipazione \u00e8 stata diffusa. A Pedavena il municipio \u00e8 stato illuminato di lilla, mentre a Santa Giustina il palazzo comunale \u00e8 stato adornato con numerosi fiocchi dello stesso colore nell\u2019ambito delle iniziative riunite sotto il titolo \u201cFame di vita\u201d, che continueranno per tutto il mese e danno vita ad un gruppo di auto mutuo aiuto \u201cincontro con l\u2019oro\u201d. A Seren del Grappa si \u00e8 svolta invece una serata informativa dedicata al tema, segno di una sensibilit\u00e0 crescente che attraversa l\u2019intera area.<\/p>\n<p><strong>L\u2019IMPEGNO DELL\u2019ULSS 1 DOLOMITI<\/strong><\/p>\n<p>Alle iniziative dei comuni si sono aggiunte quelle promosse dall\u2019Ulss 1 Dolomiti. In occasione della ricorrenza \u00e8 tornato infatti a Belluno l\u2019open day dedicato ai disturbi della nutrizione e dell\u2019alimentazione: il 14 marzo il Centro di salute mentale di Belluno e il Centro diurno di Feltre hanno aperto le porte al pubblico, offrendo la possibilit\u00e0 di ricevere informazioni e confrontarsi direttamente con gli specialisti, in collaborazione con l\u2019Associazione Margherita Fenice, che svolge nel territorio un\u2019importante presidio, che tra le altre cose offre attivit\u00e0 di auto-mutuo-aiuto per genitori e familiari di persone con disturbi alimentari.<\/p>\n<p><strong>OLTRE I NUMERI, IL PESO DEL SILENZIO<\/strong><\/p>\n<p>I numeri restituiscono solo in parte la portata del fenomeno: oggi in provincia di Belluno sono oltre 200 le persone seguite dai servizi per queste problematiche. Dietro ai dati, per\u00f2, ci sono storie individuali, percorsi complessi e patologie che spesso rimangono invisibili a lungo, anche perch\u00e9 ancora accompagnate da stigma e incomprensioni. Per questo il lilla che nei giorni scorsi ha illuminato piazze e municipi del Feltrino non \u00e8 stato soltanto un colore. \u00c8 stato soprattutto un invito a parlare di pi\u00f9, a informarsi meglio e a non lasciare sole le persone che affrontano questi disturbi. Una luce simbolica che, almeno per una sera, ha reso visibile ci\u00f2 che troppo spesso resta nascosto.<\/p>\n\n\t\t\t<style type='text\/css'>\n\t\t\t\t#gallery-1 {\n\t\t\t\t\tmargin: auto;\n\t\t\t\t}\n\t\t\t\t#gallery-1 .gallery-item {\n\t\t\t\t\tfloat: left;\n\t\t\t\t\tmargin-top: 10px;\n\t\t\t\t\ttext-align: center;\n\t\t\t\t\twidth: 33%;\n\t\t\t\t}\n\t\t\t\t#gallery-1 img {\n\t\t\t\t\tborder: 2px solid #cfcfcf;\n\t\t\t\t}\n\t\t\t\t#gallery-1 .gallery-caption {\n\t\t\t\t\tmargin-left: 0;\n\t\t\t\t}\n\t\t\t\t\/* see gallery_shortcode() in wp-includes\/media.php *\/\n\t\t\t<\/style>\n\t\t<div id='gallery-1' class='dt-gallery-container gallery galleryid-502051 gallery-columns-3 gallery-size-medium'><dl class='gallery-item'>\n\t\t\t\t<dt class='gallery-icon portrait'>\n\t\t\t\t\t<a class=\"rollover rollover-zoom dt-pswp-item\" title=\"Comune di Santa Giustina fiocchi lilla\" data-dt-img-description=\"\" data-large_image_width=\"1152\" data-large_image_height=\"2048\"href='https:\/\/www.radiopiu.net\/wordpress\/wp-content\/uploads\/2026\/03\/Comune-di-Santa-Giustina-fiocchi-lilla.jpeg'><img loading=\"lazy\" decoding=\"async\" width=\"169\" height=\"300\" src=\"https:\/\/www.radiopiu.net\/wordpress\/wp-content\/uploads\/2026\/03\/Comune-di-Santa-Giustina-fiocchi-lilla-169x300.jpeg\" class=\"attachment-medium size-medium\" alt=\"\" srcset=\"https:\/\/www.radiopiu.net\/wordpress\/wp-content\/uploads\/2026\/03\/Comune-di-Santa-Giustina-fiocchi-lilla-169x300.jpeg 169w, https:\/\/www.radiopiu.net\/wordpress\/wp-content\/uploads\/2026\/03\/Comune-di-Santa-Giustina-fiocchi-lilla-576x1024.jpeg 576w, https:\/\/www.radiopiu.net\/wordpress\/wp-content\/uploads\/2026\/03\/Comune-di-Santa-Giustina-fiocchi-lilla-768x1365.jpeg 768w, https:\/\/www.radiopiu.net\/wordpress\/wp-content\/uploads\/2026\/03\/Comune-di-Santa-Giustina-fiocchi-lilla-864x1536.jpeg 864w, https:\/\/www.radiopiu.net\/wordpress\/wp-content\/uploads\/2026\/03\/Comune-di-Santa-Giustina-fiocchi-lilla.jpeg 1152w\" sizes=\"auto, (max-width: 169px) 100vw, 169px\" \/><\/a>\n\t\t\t\t<\/dt><\/dl><dl class='gallery-item'>\n\t\t\t\t<dt class='gallery-icon portrait'>\n\t\t\t\t\t<a class=\"rollover rollover-zoom dt-pswp-item\" title=\"Pedavena fiocchetto Lilla\" data-dt-img-description=\"\" data-large_image_width=\"1440\" data-large_image_height=\"1918\"href='https:\/\/www.radiopiu.net\/wordpress\/wp-content\/uploads\/2026\/03\/Pedavena-fiocchetto-Lilla.jpg'><img loading=\"lazy\" decoding=\"async\" width=\"225\" height=\"300\" src=\"https:\/\/www.radiopiu.net\/wordpress\/wp-content\/uploads\/2026\/03\/Pedavena-fiocchetto-Lilla-225x300.jpg\" class=\"attachment-medium size-medium\" alt=\"\" srcset=\"https:\/\/www.radiopiu.net\/wordpress\/wp-content\/uploads\/2026\/03\/Pedavena-fiocchetto-Lilla-225x300.jpg 225w, https:\/\/www.radiopiu.net\/wordpress\/wp-content\/uploads\/2026\/03\/Pedavena-fiocchetto-Lilla-769x1024.jpg 769w, https:\/\/www.radiopiu.net\/wordpress\/wp-content\/uploads\/2026\/03\/Pedavena-fiocchetto-Lilla-768x1023.jpg 768w, https:\/\/www.radiopiu.net\/wordpress\/wp-content\/uploads\/2026\/03\/Pedavena-fiocchetto-Lilla-1153x1536.jpg 1153w, https:\/\/www.radiopiu.net\/wordpress\/wp-content\/uploads\/2026\/03\/Pedavena-fiocchetto-Lilla.jpg 1440w\" sizes=\"auto, (max-width: 225px) 100vw, 225px\" \/><\/a>\n\t\t\t\t<\/dt><\/dl><dl class='gallery-item'>\n\t\t\t\t<dt class='gallery-icon landscape'>\n\t\t\t\t\t<a class=\"rollover rollover-zoom dt-pswp-item\" title=\"Torre Fiocchetto Lilla_1\" data-dt-img-description=\"\" data-large_image_width=\"2048\" data-large_image_height=\"1536\"href='https:\/\/www.radiopiu.net\/wordpress\/wp-content\/uploads\/2026\/03\/Torre-Fiocchetto-Lilla_1-1.jpeg'><img loading=\"lazy\" decoding=\"async\" width=\"300\" height=\"225\" src=\"https:\/\/www.radiopiu.net\/wordpress\/wp-content\/uploads\/2026\/03\/Torre-Fiocchetto-Lilla_1-1-300x225.jpeg\" class=\"attachment-medium size-medium\" alt=\"\" srcset=\"https:\/\/www.radiopiu.net\/wordpress\/wp-content\/uploads\/2026\/03\/Torre-Fiocchetto-Lilla_1-1-300x225.jpeg 300w, https:\/\/www.radiopiu.net\/wordpress\/wp-content\/uploads\/2026\/03\/Torre-Fiocchetto-Lilla_1-1-1024x768.jpeg 1024w, https:\/\/www.radiopiu.net\/wordpress\/wp-content\/uploads\/2026\/03\/Torre-Fiocchetto-Lilla_1-1-768x576.jpeg 768w, https:\/\/www.radiopiu.net\/wordpress\/wp-content\/uploads\/2026\/03\/Torre-Fiocchetto-Lilla_1-1-1536x1152.jpeg 1536w, https:\/\/www.radiopiu.net\/wordpress\/wp-content\/uploads\/2026\/03\/Torre-Fiocchetto-Lilla_1-1.jpeg 2048w\" sizes=\"auto, (max-width: 300px) 100vw, 300px\" \/><\/a>\n\t\t\t\t<\/dt><\/dl><br style=\"clear: both\" \/>\n\t\t\t<\/div>\n\n<p>&nbsp;<\/p>\n<p>&nbsp;<\/p>\n<p>&nbsp;<\/p>\n<p>*********<\/p>\n","protected":false},"excerpt":{"rendered":"<p>******** &nbsp; DI ALESSIA DALL&#8217;O&#8217; FELTRINO Il Feltrino si \u00e8 colorato di lilla nei giorni scorsi in occasione della Giornata internazionale del Fiocchetto Lilla, che ogni anno il 15 marzo richiama l\u2019attenzione sui disturbi della nutrizione e dell\u2019alimentazione. Un gesto simbolico ma carico di significato, che ha unito diversi comuni del territorio nel segno della&hellip;<\/p>\n","protected":false},"author":4,"featured_media":502053,"comment_status":"closed","ping_status":"closed","sticky":false,"template":"","format":"standard","meta":{"_monsterinsights_skip_tracking":false,"_monsterinsights_sitenote_active":false,"_monsterinsights_sitenote_note":"","_monsterinsights_sitenote_category":0,"footnotes":""},"categories":[49],"tags":[],"class_list":["post-502051","post","type-post","status-publish","format-standard","has-post-thumbnail","hentry","category-news-18","category-49","description-off"],"img_url":"https:\/\/www.radiopiu.net\/wordpress\/wp-content\/uploads\/2026\/03\/Pedavena-fiocchetto-Lilla.jpg","_links":{"self":[{"href":"https:\/\/www.radiopiu.net\/wordpress\/wp-json\/wp\/v2\/posts\/502051","targetHints":{"allow":["GET"]}}],"collection":[{"href":"https:\/\/www.radiopiu.net\/wordpress\/wp-json\/wp\/v2\/posts"}],"about":[{"href":"https:\/\/www.radiopiu.net\/wordpress\/wp-json\/wp\/v2\/types\/post"}],"author":[{"embeddable":true,"href":"https:\/\/www.radiopiu.net\/wordpress\/wp-json\/wp\/v2\/users\/4"}],"replies":[{"embeddable":true,"href":"https:\/\/www.radiopiu.net\/wordpress\/wp-json\/wp\/v2\/comments?post=502051"}],"version-history":[{"count":1,"href":"https:\/\/www.radiopiu.net\/wordpress\/wp-json\/wp\/v2\/posts\/502051\/revisions"}],"predecessor-version":[{"id":502055,"href":"https:\/\/www.radiopiu.net\/wordpress\/wp-json\/wp\/v2\/posts\/502051\/revisions\/502055"}],"wp:featuredmedia":[{"embeddable":true,"href":"https:\/\/www.radiopiu.net\/wordpress\/wp-json\/wp\/v2\/media\/502053"}],"wp:attachment":[{"href":"https:\/\/www.radiopiu.net\/wordpress\/wp-json\/wp\/v2\/media?parent=502051"}],"wp:term":[{"taxonomy":"category","embeddable":true,"href":"https:\/\/www.radiopiu.net\/wordpress\/wp-json\/wp\/v2\/categories?post=502051"},{"taxonomy":"post_tag","embeddable":true,"href":"https:\/\/www.radiopiu.net\/wordpress\/wp-json\/wp\/v2\/tags?post=502051"}],"curies":[{"name":"wp","href":"https:\/\/api.w.org\/{rel}","templated":true}]}}