{"id":502057,"date":"2026-03-16T23:59:48","date_gmt":"2026-03-16T22:59:48","guid":{"rendered":"https:\/\/www.radiopiu.net\/wordpress\/?p=502057"},"modified":"2026-03-16T19:06:36","modified_gmt":"2026-03-16T18:06:36","slug":"assemblea-del-gruppo-alpini-cimonega-bilancio-dellanno-e-sguardo-ai-prossimi-impegni","status":"publish","type":"post","link":"https:\/\/www.radiopiu.net\/wordpress\/assemblea-del-gruppo-alpini-cimonega-bilancio-dellanno-e-sguardo-ai-prossimi-impegni\/","title":{"rendered":"ASSEMBLEA DEL GRUPPO ALPINI CIMONEGA, BILANCIO DELL\u2019ANNO E SGUARDO AI PROSSIMI IMPEGNI"},"content":{"rendered":"<p>*********<\/p>\n<p><strong>\u00a0<\/strong><\/p>\n<p><strong>DI ALESSIA DALL&#8217;O&#8217;<\/strong><\/p>\n<p><strong>CESIOMAGGIORE<\/strong> Si \u00e8 tenuta domenica a Soranzen l\u2019assemblea annuale del gruppo Alpini Cimonega, un momento partecipato che ha permesso di ripercorrere le attivit\u00e0 dell\u2019ultimo anno e di delineare i prossimi appuntamenti dell\u2019associazione. Dopo la messa e il consueto alzabandiera che ha visto anche la presenza del vicesindaco Martina Stach, e l\u2019onore ai caduti, \u00e8 stato il capogruppo Biagio Zanella ad aprire l\u2019assemblea, che nella sua relazione economica e morale ha ricordato i principali momenti di vita associativa del 2025. Il gruppo conta attualmente 270 iscritti complessivi: 164 soci alpini, 39 amici e 67 aggregati, numeri sostanzialmente stabili rispetto all\u2019anno precedente. Anche dal punto di vista economico il bilancio si \u00e8 chiuso in modo positivo, permettendo al gruppo di continuare a sostenere diverse iniziative solidali, tra cui l\u2019adozione a distanza attiva da anni, il contributo alla scuola dell\u2019infanzia \u201cM. Muffoni\u201d e il supporto alla parrocchia. Numerose le attivit\u00e0 enunciate nel corso dell\u2019assemblea. Tra queste la tradizionale festa della Befana, la fiaccolata di Santa Giuliana organizzata insieme al Gruppo Escursionisti Cesio e la partecipazione all\u2019Adunata nazionale degli Alpini. Il gruppo ha inoltre collaborato con diverse realt\u00e0 del territorio, prendendo parte a iniziative come la corsa di Pasquetta a Toschian, il torneo di calcetto in memoria di Franco Bortolas e il supporto alla festa della patata. Non sono mancate neppure le attivit\u00e0 con le scuole, tra cui la visita degli studenti al Sacrario di Cima Grappa. Particolare attenzione \u00e8 stata riservata anche alle iniziative sociali: dalle castagnate organizzate nelle scuole e nella RSA, alle attivit\u00e0 con i ragazzi del Grest, fino alle collaborazioni con associazioni e amministrazione comunale in occasione delle commemorazioni del 4 novembre. Nel corso dell\u2019assemblea \u00e8 stato inoltre consegnato un riconoscimento importante all&#8217;alpino Omar Del Zenero per l\u2019impegno svolto dal 2017 come responsabile delle squadre di protezione civile di Cesiomaggiore e Pez. Durante la cerimonia sono stati rivolti anche gli auguri di buon lavoro al suo successore, Denis Cecchin. Guardando ai prossimi mesi, grande attenzione \u00e8 gi\u00e0 rivolta a un appuntamento di rilievo nazionale. A settembre Cesiomaggiore ospiter\u00e0 infatti i Campionati nazionali ANA di mountain bike, una manifestazione che porter\u00e0 in paese alpini e appassionati provenienti da tutta Italia. Come spiegato durante l\u2019assemblea dal presidente di sezione Feltre, Stefano Mariech, l\u2019evento sar\u00e0 preceduto da un direttivo nazionale previsto proprio nel feltrino, con la possibilit\u00e0 che i vertici dell\u2019associazione raggiungano successivamente anche Cesiomaggiore. Un appuntamento importante per il territorio e per il gruppo Alpini locale, che si prepara ad affrontare l\u2019organizzazione con il consueto spirito di servizio e la volont\u00e0 di rafforzare il senso di comunit\u00e0.<\/p>\n\n\t\t\t<style type='text\/css'>\n\t\t\t\t#gallery-1 {\n\t\t\t\t\tmargin: auto;\n\t\t\t\t}\n\t\t\t\t#gallery-1 .gallery-item {\n\t\t\t\t\tfloat: left;\n\t\t\t\t\tmargin-top: 10px;\n\t\t\t\t\ttext-align: center;\n\t\t\t\t\twidth: 50%;\n\t\t\t\t}\n\t\t\t\t#gallery-1 img {\n\t\t\t\t\tborder: 2px solid #cfcfcf;\n\t\t\t\t}\n\t\t\t\t#gallery-1 .gallery-caption {\n\t\t\t\t\tmargin-left: 0;\n\t\t\t\t}\n\t\t\t\t\/* see gallery_shortcode() in wp-includes\/media.php *\/\n\t\t\t<\/style>\n\t\t<div id='gallery-1' class='dt-gallery-container gallery galleryid-502057 gallery-columns-2 gallery-size-medium'><dl class='gallery-item'>\n\t\t\t\t<dt class='gallery-icon landscape'>\n\t\t\t\t\t<a class=\"rollover rollover-zoom dt-pswp-item\" title=\"_AXG6790\" data-dt-img-description=\"\" data-large_image_width=\"2560\" data-large_image_height=\"1709\"href='https:\/\/www.radiopiu.net\/wordpress\/wp-content\/uploads\/2026\/03\/AXG6790-scaled.jpg'><img loading=\"lazy\" decoding=\"async\" width=\"300\" height=\"200\" src=\"https:\/\/www.radiopiu.net\/wordpress\/wp-content\/uploads\/2026\/03\/AXG6790-300x200.jpg\" class=\"attachment-medium size-medium\" alt=\"\" srcset=\"https:\/\/www.radiopiu.net\/wordpress\/wp-content\/uploads\/2026\/03\/AXG6790-300x200.jpg 300w, https:\/\/www.radiopiu.net\/wordpress\/wp-content\/uploads\/2026\/03\/AXG6790-1024x684.jpg 1024w, https:\/\/www.radiopiu.net\/wordpress\/wp-content\/uploads\/2026\/03\/AXG6790-768x513.jpg 768w, https:\/\/www.radiopiu.net\/wordpress\/wp-content\/uploads\/2026\/03\/AXG6790-1536x1025.jpg 1536w, https:\/\/www.radiopiu.net\/wordpress\/wp-content\/uploads\/2026\/03\/AXG6790-2048x1367.jpg 2048w\" sizes=\"auto, (max-width: 300px) 100vw, 300px\" \/><\/a>\n\t\t\t\t<\/dt><\/dl><dl class='gallery-item'>\n\t\t\t\t<dt class='gallery-icon landscape'>\n\t\t\t\t\t<a class=\"rollover rollover-zoom dt-pswp-item\" title=\"GAX_8441\" data-dt-img-description=\"\" data-large_image_width=\"2560\" data-large_image_height=\"1699\"href='https:\/\/www.radiopiu.net\/wordpress\/wp-content\/uploads\/2026\/03\/GAX_8441-scaled.jpg'><img loading=\"lazy\" decoding=\"async\" width=\"300\" height=\"199\" src=\"https:\/\/www.radiopiu.net\/wordpress\/wp-content\/uploads\/2026\/03\/GAX_8441-300x199.jpg\" class=\"attachment-medium size-medium\" alt=\"\" srcset=\"https:\/\/www.radiopiu.net\/wordpress\/wp-content\/uploads\/2026\/03\/GAX_8441-300x199.jpg 300w, https:\/\/www.radiopiu.net\/wordpress\/wp-content\/uploads\/2026\/03\/GAX_8441-1024x680.jpg 1024w, https:\/\/www.radiopiu.net\/wordpress\/wp-content\/uploads\/2026\/03\/GAX_8441-768x510.jpg 768w, https:\/\/www.radiopiu.net\/wordpress\/wp-content\/uploads\/2026\/03\/GAX_8441-1536x1020.jpg 1536w, https:\/\/www.radiopiu.net\/wordpress\/wp-content\/uploads\/2026\/03\/GAX_8441-2048x1359.jpg 2048w\" sizes=\"auto, (max-width: 300px) 100vw, 300px\" \/><\/a>\n\t\t\t\t<\/dt><\/dl><br style=\"clear: both\" \/>\n\t\t\t<\/div>\n\n<p>&nbsp;<\/p>\n<p>&nbsp;<\/p>\n<p>********<\/p>\n","protected":false},"excerpt":{"rendered":"<p>********* \u00a0 DI ALESSIA DALL&#8217;O&#8217; CESIOMAGGIORE Si \u00e8 tenuta domenica a Soranzen l\u2019assemblea annuale del gruppo Alpini Cimonega, un momento partecipato che ha permesso di ripercorrere le attivit\u00e0 dell\u2019ultimo anno e di delineare i prossimi appuntamenti dell\u2019associazione. Dopo la messa e il consueto alzabandiera che ha visto anche la presenza del vicesindaco Martina Stach, e&hellip;<\/p>\n","protected":false},"author":4,"featured_media":502059,"comment_status":"closed","ping_status":"closed","sticky":false,"template":"","format":"standard","meta":{"_monsterinsights_skip_tracking":false,"_monsterinsights_sitenote_active":false,"_monsterinsights_sitenote_note":"","_monsterinsights_sitenote_category":0,"footnotes":""},"categories":[51,49],"tags":[],"class_list":["post-502057","post","type-post","status-publish","format-standard","has-post-thumbnail","hentry","category-evidenza-top","category-news-18","category-51","category-49","description-off"],"img_url":"https:\/\/www.radiopiu.net\/wordpress\/wp-content\/uploads\/2026\/03\/GAX_8441-scaled.jpg","_links":{"self":[{"href":"https:\/\/www.radiopiu.net\/wordpress\/wp-json\/wp\/v2\/posts\/502057","targetHints":{"allow":["GET"]}}],"collection":[{"href":"https:\/\/www.radiopiu.net\/wordpress\/wp-json\/wp\/v2\/posts"}],"about":[{"href":"https:\/\/www.radiopiu.net\/wordpress\/wp-json\/wp\/v2\/types\/post"}],"author":[{"embeddable":true,"href":"https:\/\/www.radiopiu.net\/wordpress\/wp-json\/wp\/v2\/users\/4"}],"replies":[{"embeddable":true,"href":"https:\/\/www.radiopiu.net\/wordpress\/wp-json\/wp\/v2\/comments?post=502057"}],"version-history":[{"count":1,"href":"https:\/\/www.radiopiu.net\/wordpress\/wp-json\/wp\/v2\/posts\/502057\/revisions"}],"predecessor-version":[{"id":502060,"href":"https:\/\/www.radiopiu.net\/wordpress\/wp-json\/wp\/v2\/posts\/502057\/revisions\/502060"}],"wp:featuredmedia":[{"embeddable":true,"href":"https:\/\/www.radiopiu.net\/wordpress\/wp-json\/wp\/v2\/media\/502059"}],"wp:attachment":[{"href":"https:\/\/www.radiopiu.net\/wordpress\/wp-json\/wp\/v2\/media?parent=502057"}],"wp:term":[{"taxonomy":"category","embeddable":true,"href":"https:\/\/www.radiopiu.net\/wordpress\/wp-json\/wp\/v2\/categories?post=502057"},{"taxonomy":"post_tag","embeddable":true,"href":"https:\/\/www.radiopiu.net\/wordpress\/wp-json\/wp\/v2\/tags?post=502057"}],"curies":[{"name":"wp","href":"https:\/\/api.w.org\/{rel}","templated":true}]}}