{"id":502066,"date":"2026-03-17T05:48:05","date_gmt":"2026-03-17T04:48:05","guid":{"rendered":"https:\/\/www.radiopiu.net\/wordpress\/?p=502066"},"modified":"2026-03-19T09:04:28","modified_gmt":"2026-03-19T08:04:28","slug":"feritoinvestita-a-sedico-donna-in-gravissime-condizioni","status":"publish","type":"post","link":"https:\/\/www.radiopiu.net\/wordpress\/feritoinvestita-a-sedico-donna-in-gravissime-condizioni\/","title":{"rendered":"INVESTITA A SEDICO, DONNA IN GRAVISSIME CONDIZIONI"},"content":{"rendered":"<p>*********<\/p>\n<p data-start=\"99\" data-end=\"315\">Grave incidente ieri sera poco dopo le 19 a Sedico, in via del Boscon. Una donna di circa cinquant\u2019anni \u00e8 stata investita da un\u2019auto mentre stava passeggiando lungo la strada insieme a un\u2019altra persona. L\u2019impatto \u00e8 stato molto violento: la donna \u00e8 stata sbalzata in aria e poi caduta sull\u2019asfalto, riportando un grave trauma cranico. Immediato l\u2019allarme al 118. Sul posto sono arrivati l\u2019ambulanza dell\u2019ospedale di Belluno e successivamente l\u2019elicottero del Suem. Dopo essere stata intubata e stabilizzata, la paziente \u00e8 stata trasferita d\u2019urgenza all\u2019ospedale di Treviso. Sul luogo dell\u2019incidente sono intervenuti anche vigili del fuoco e carabinieri, che hanno effettuato i rilievi e chiuso temporaneamente la strada. Il conducente dell\u2019auto, sotto shock, \u00e8 stato ascoltato dai militari. Grande preoccupazione tra i residenti della zona per le condizioni della donna.<\/p>\n<p>&nbsp;<\/p>\n<p><strong><a class=\"dt-pswp-item\" href=\"https:\/\/www.radiopiu.net\/wordpress\/wp-content\/uploads\/2021\/12\/ambulanze-3.jpeg\" data-dt-img-description=\"\" data-large_image_width=\"1600\" data-large_image_height=\"1200\"><img loading=\"lazy\" decoding=\"async\" class=\"aligncenter size-medium wp-image-250918\" src=\"https:\/\/www.radiopiu.net\/wordpress\/wp-content\/uploads\/2021\/12\/ambulanze-3-300x225.jpeg\" alt=\"\" width=\"300\" height=\"225\" srcset=\"https:\/\/www.radiopiu.net\/wordpress\/wp-content\/uploads\/2021\/12\/ambulanze-3-300x225.jpeg 300w, https:\/\/www.radiopiu.net\/wordpress\/wp-content\/uploads\/2021\/12\/ambulanze-3-1024x768.jpeg 1024w, https:\/\/www.radiopiu.net\/wordpress\/wp-content\/uploads\/2021\/12\/ambulanze-3-768x576.jpeg 768w, https:\/\/www.radiopiu.net\/wordpress\/wp-content\/uploads\/2021\/12\/ambulanze-3-1536x1152.jpeg 1536w, https:\/\/www.radiopiu.net\/wordpress\/wp-content\/uploads\/2021\/12\/ambulanze-3.jpeg 1600w\" sizes=\"auto, (max-width: 300px) 100vw, 300px\" \/><\/a>\u00a0<\/strong><\/p>\n<h2 style=\"text-align: center;\"><strong>INCIDENTE A BELLUNO, 48ENNE<br \/>\n<\/strong><\/h2>\n<p style=\"text-align: center;\"><strong>REDAZIONE<\/strong> Diversi interventi del Suem 118 nella giornata appena conclusa. Due incidenti si sono verificati sulle piste di Arabba: in entrambi i casi gli sciatori coinvolti sono stati soccorsi dal personale sanitario, ma fortunatamente non hanno riportato conseguenze rilevanti. Un intervento pi\u00f9 significativo \u00e8 avvenuto invece a Limana, dove un uomo di 47 anni \u00e8 rimasto coinvolto in un incidente mentre si trovava in bicicletta. L\u2019uomo ha riportato traumi giudicati di media gravit\u00e0 ed \u00e8 stato trasportato in ospedale per gli accertamenti e le cure necessarie. Altro intervento nel capoluogo: a Belluno, in via San Lorenzo, un uomo di 48 anni \u00e8 rimasto ferito in un incidente. Anche in questo caso \u00e8 stato soccorso dal personale del Suem e trasferito all\u2019ospedale con ferite di media gravit\u00e0.<\/p>\n<p>&nbsp;<\/p>\n<p>&nbsp;<\/p>\n<p>&nbsp;<\/p>\n<p>*******<\/p>\n","protected":false},"excerpt":{"rendered":"<p>********* Grave incidente ieri sera poco dopo le 19 a Sedico, in via del Boscon. Una donna di circa cinquant\u2019anni \u00e8 stata investita da un\u2019auto mentre stava passeggiando lungo la strada insieme a un\u2019altra persona. L\u2019impatto \u00e8 stato molto violento: la donna \u00e8 stata sbalzata in aria e poi caduta sull\u2019asfalto, riportando un grave trauma&hellip;<\/p>\n","protected":false},"author":4,"featured_media":502082,"comment_status":"closed","ping_status":"closed","sticky":false,"template":"","format":"standard","meta":{"_monsterinsights_skip_tracking":false,"_monsterinsights_sitenote_active":false,"_monsterinsights_sitenote_note":"","_monsterinsights_sitenote_category":0,"footnotes":""},"categories":[51,49],"tags":[],"class_list":["post-502066","post","type-post","status-publish","format-standard","has-post-thumbnail","hentry","category-evidenza-top","category-news-18","category-51","category-49","description-off"],"img_url":"https:\/\/www.radiopiu.net\/wordpress\/wp-content\/uploads\/2026\/03\/ambulanza-notte-118-650x432-1.jpg","_links":{"self":[{"href":"https:\/\/www.radiopiu.net\/wordpress\/wp-json\/wp\/v2\/posts\/502066","targetHints":{"allow":["GET"]}}],"collection":[{"href":"https:\/\/www.radiopiu.net\/wordpress\/wp-json\/wp\/v2\/posts"}],"about":[{"href":"https:\/\/www.radiopiu.net\/wordpress\/wp-json\/wp\/v2\/types\/post"}],"author":[{"embeddable":true,"href":"https:\/\/www.radiopiu.net\/wordpress\/wp-json\/wp\/v2\/users\/4"}],"replies":[{"embeddable":true,"href":"https:\/\/www.radiopiu.net\/wordpress\/wp-json\/wp\/v2\/comments?post=502066"}],"version-history":[{"count":5,"href":"https:\/\/www.radiopiu.net\/wordpress\/wp-json\/wp\/v2\/posts\/502066\/revisions"}],"predecessor-version":[{"id":502511,"href":"https:\/\/www.radiopiu.net\/wordpress\/wp-json\/wp\/v2\/posts\/502066\/revisions\/502511"}],"wp:featuredmedia":[{"embeddable":true,"href":"https:\/\/www.radiopiu.net\/wordpress\/wp-json\/wp\/v2\/media\/502082"}],"wp:attachment":[{"href":"https:\/\/www.radiopiu.net\/wordpress\/wp-json\/wp\/v2\/media?parent=502066"}],"wp:term":[{"taxonomy":"category","embeddable":true,"href":"https:\/\/www.radiopiu.net\/wordpress\/wp-json\/wp\/v2\/categories?post=502066"},{"taxonomy":"post_tag","embeddable":true,"href":"https:\/\/www.radiopiu.net\/wordpress\/wp-json\/wp\/v2\/tags?post=502066"}],"curies":[{"name":"wp","href":"https:\/\/api.w.org\/{rel}","templated":true}]}}