{"id":502129,"date":"2026-03-18T07:32:05","date_gmt":"2026-03-18T06:32:05","guid":{"rendered":"https:\/\/www.radiopiu.net\/wordpress\/?p=502129"},"modified":"2026-03-18T09:48:13","modified_gmt":"2026-03-18T08:48:13","slug":"campigat-casera-usata-e-abbandonata-nel-degrado","status":"publish","type":"post","link":"https:\/\/www.radiopiu.net\/wordpress\/campigat-casera-usata-e-abbandonata-nel-degrado\/","title":{"rendered":"CAMPIGAT: CASERA USATA E ABBANDONATA NEL DEGRADO"},"content":{"rendered":"<p>**<\/p>\n<p>&nbsp;<\/p>\n<div class=\"flex flex-col text-sm pb-25\">\n<article class=\"text-token-text-primary w-full focus:outline-none [--shadow-height:45px] has-data-writing-block:pointer-events-none has-data-writing-block:-mt-(--shadow-height) has-data-writing-block:pt-(--shadow-height) [&amp;:has([data-writing-block])&gt;*]:pointer-events-auto scroll-mt-[calc(var(--header-height)+min(200px,max(70px,20svh)))]\" dir=\"auto\" tabindex=\"-1\" data-turn-id=\"request-WEB:a7edcfc4-a291-47c4-9f8a-d62256b38be6-34\" data-testid=\"conversation-turn-70\" data-scroll-anchor=\"true\" data-turn=\"assistant\">\n<div class=\"text-base my-auto mx-auto pb-10 [--thread-content-margin:var(--thread-content-margin-xs,calc(var(--spacing)*4))] @w-sm\/main:[--thread-content-margin:var(--thread-content-margin-sm,calc(var(--spacing)*6))] @w-lg\/main:[--thread-content-margin:var(--thread-content-margin-lg,calc(var(--spacing)*16))] px-(--thread-content-margin)\">\n<div class=\"[--thread-content-max-width:40rem] @w-lg\/main:[--thread-content-max-width:48rem] mx-auto max-w-(--thread-content-max-width) flex-1 group\/turn-messages focus-visible:outline-hidden relative flex w-full min-w-0 flex-col agent-turn\" tabindex=\"-1\">\n<div class=\"flex max-w-full flex-col gap-4 grow\">\n<div class=\"min-h-8 text-message relative flex w-full flex-col items-end gap-2 text-start break-words whitespace-normal [.text-message+&amp;]:mt-1\" dir=\"auto\" data-message-author-role=\"assistant\" data-message-id=\"931390e4-e730-4c75-bfb7-95bd18fa9476\" data-message-model-slug=\"gpt-5-3\">\n<div class=\"flex w-full flex-col gap-1 empty:hidden\">\n<div class=\"markdown prose dark:prose-invert w-full wrap-break-word dark markdown-new-styling\">\n<p data-start=\"58\" data-end=\"197\">Una segnalazione arrivata alla rubrica \u201cDillo a Radio Pi\u00f9\u201d riporta l\u2019attenzione sul rispetto delle malghe e dei ricoveri di montagna. Un ascoltatore racconta di essere salito ieri mattina martedi\u00a0 a Malga Campigat e di aver trovato la casera in condizioni di forte sporcizia e degrado, probabilmente dopo il passaggio di alcune persone. Tra l&#8217;altro nel fine settimana alcuni sopresi da mezzo metro di neve sono rimasti bloccati in quota e recuperati successivamente dall\u2019elicottero dei Vigili del Fuoco. Secondo il racconto, il gruppo era salito da Gares sabato mattina e avrebbe trascorso la notte nella casera prima dell\u2019intervento dei soccorsi avvenuto il giorno successivo. L\u2019autore della segnalazione precisa di non voler polemizzare sulla scelta di salire in montagna nonostante le allerte meteo per forti nevicate e pericolo valanghe, ma sottolinea soprattutto la mancanza di senso civico nel lasciare il ricovero in condizioni di disordine. <em>\u00abDa quando hanno chiamato i soccorsi a quando \u00e8 arrivato l\u2019elicottero \u2013 scrive \u2013 avrebbero avuto tutto il tempo per raccogliere le immondizie e lasciare la casera come l\u2019avevano trovata\u00bb.<\/em> Le fotografie inviate mostrano chiaramente la situazione. Nella prima immagine si vede l\u2019esterno della casera, con la porta staccata e appoggiata nella neve davanti all\u2019ingresso, segno di un utilizzo poco attento della struttura. Nella seconda foto, all\u2019interno della malga, si notano la stufa aperta, legna sparsa sul pavimento, cenere e sporco attorno all\u2019area del fuoco, oltre a oggetti lasciati disordinatamente nella stanza. Situazioni che purtroppo si verificano talvolta nei ricoveri di montagna, strutture spesso lasciate aperte proprio per offrire un riparo di emergenza agli escursionisti.<\/p>\n\n\t\t\t<style type='text\/css'>\n\t\t\t\t#gallery-1 {\n\t\t\t\t\tmargin: auto;\n\t\t\t\t}\n\t\t\t\t#gallery-1 .gallery-item {\n\t\t\t\t\tfloat: left;\n\t\t\t\t\tmargin-top: 10px;\n\t\t\t\t\ttext-align: center;\n\t\t\t\t\twidth: 50%;\n\t\t\t\t}\n\t\t\t\t#gallery-1 img {\n\t\t\t\t\tborder: 2px solid #cfcfcf;\n\t\t\t\t}\n\t\t\t\t#gallery-1 .gallery-caption {\n\t\t\t\t\tmargin-left: 0;\n\t\t\t\t}\n\t\t\t\t\/* see gallery_shortcode() in wp-includes\/media.php *\/\n\t\t\t<\/style>\n\t\t<div id='gallery-1' class='dt-gallery-container gallery galleryid-502129 gallery-columns-2 gallery-size-medium'><dl class='gallery-item'>\n\t\t\t\t<dt class='gallery-icon portrait'>\n\t\t\t\t\t<a class=\"rollover rollover-zoom dt-pswp-item\" title=\"650979005_1259660132299963_4380625889775158289_n\" data-dt-img-description=\"\" data-large_image_width=\"720\" data-large_image_height=\"1284\"href='https:\/\/www.radiopiu.net\/wordpress\/wp-content\/uploads\/2026\/03\/650979005_1259660132299963_4380625889775158289_n.jpg'><img loading=\"lazy\" decoding=\"async\" width=\"168\" height=\"300\" src=\"https:\/\/www.radiopiu.net\/wordpress\/wp-content\/uploads\/2026\/03\/650979005_1259660132299963_4380625889775158289_n-168x300.jpg\" class=\"attachment-medium size-medium\" alt=\"\" srcset=\"https:\/\/www.radiopiu.net\/wordpress\/wp-content\/uploads\/2026\/03\/650979005_1259660132299963_4380625889775158289_n-168x300.jpg 168w, https:\/\/www.radiopiu.net\/wordpress\/wp-content\/uploads\/2026\/03\/650979005_1259660132299963_4380625889775158289_n-574x1024.jpg 574w, https:\/\/www.radiopiu.net\/wordpress\/wp-content\/uploads\/2026\/03\/650979005_1259660132299963_4380625889775158289_n.jpg 720w\" sizes=\"auto, (max-width: 168px) 100vw, 168px\" \/><\/a>\n\t\t\t\t<\/dt><\/dl><dl class='gallery-item'>\n\t\t\t\t<dt class='gallery-icon portrait'>\n\t\t\t\t\t<a class=\"rollover rollover-zoom dt-pswp-item\" title=\"598129728_2749404628734061_5940695188665297549_n\" data-dt-img-description=\"\" data-large_image_width=\"720\" data-large_image_height=\"1284\"href='https:\/\/www.radiopiu.net\/wordpress\/wp-content\/uploads\/2026\/03\/598129728_2749404628734061_5940695188665297549_n.jpg'><img loading=\"lazy\" decoding=\"async\" width=\"168\" height=\"300\" src=\"https:\/\/www.radiopiu.net\/wordpress\/wp-content\/uploads\/2026\/03\/598129728_2749404628734061_5940695188665297549_n-168x300.jpg\" class=\"attachment-medium size-medium\" alt=\"\" srcset=\"https:\/\/www.radiopiu.net\/wordpress\/wp-content\/uploads\/2026\/03\/598129728_2749404628734061_5940695188665297549_n-168x300.jpg 168w, https:\/\/www.radiopiu.net\/wordpress\/wp-content\/uploads\/2026\/03\/598129728_2749404628734061_5940695188665297549_n-574x1024.jpg 574w, https:\/\/www.radiopiu.net\/wordpress\/wp-content\/uploads\/2026\/03\/598129728_2749404628734061_5940695188665297549_n.jpg 720w\" sizes=\"auto, (max-width: 168px) 100vw, 168px\" \/><\/a>\n\t\t\t\t<\/dt><\/dl><br style=\"clear: both\" \/>\n\t\t\t<\/div>\n\n<\/div>\n<\/div>\n<\/div>\n<\/div>\n<div class=\"z-0 flex min-h-[46px] justify-start\">\n<p>la Casera Campigat (1801 mslm), che consta di due edifici. Uno \u00e8 adibito a stalla, mentre il secondo, poco pi\u00f9 in basso \u00e8\u00a0<strong>una vera e propria casera<\/strong> con funzione bivacco. Gi\u00e0 da fuori lo scenario \u00e8 unico. \u00a0All\u2019interno la casera ha tutto quello che serve, e forse anche qualcosa in pi\u00f9. Panche di legno, ben 3 fornelle, dei viveri e 6 posti letto con brande (senza materasso).<\/p>\n<p>&nbsp;<\/p>\n<\/div>\n<div class=\"mt-3 w-full empty:hidden\">\n<div class=\"text-center\">\n<div style=\"width: 1024px;\" class=\"wp-video\"><video class=\"wp-video-shortcode\" id=\"video-502129-1\" width=\"1024\" height=\"576\" preload=\"metadata\" controls=\"controls\"><source type=\"video\/mp4\" src=\"https:\/\/www.radiopiu.net\/wordpress\/wp-content\/uploads\/2026\/03\/WhatsApp-Video-2026-03-17-at-10.56.32.mp4?_=1\" \/><a href=\"https:\/\/www.radiopiu.net\/wordpress\/wp-content\/uploads\/2026\/03\/WhatsApp-Video-2026-03-17-at-10.56.32.mp4\">https:\/\/www.radiopiu.net\/wordpress\/wp-content\/uploads\/2026\/03\/WhatsApp-Video-2026-03-17-at-10.56.32.mp4<\/a><\/video><\/div>\n<p>__<br \/>\n_<\/p>\n<\/div>\n<\/div>\n<\/div>\n<\/div>\n<\/article>\n<\/div>\n<div class=\"pointer-events-none h-px w-px absolute bottom-0\" aria-hidden=\"true\" data-edge=\"true\"><\/div>\n","protected":false},"excerpt":{"rendered":"<p>** &nbsp; Una segnalazione arrivata alla rubrica \u201cDillo a Radio Pi\u00f9\u201d riporta l\u2019attenzione sul rispetto delle malghe e dei ricoveri di montagna. Un ascoltatore racconta di essere salito ieri mattina martedi\u00a0 a Malga Campigat e di aver trovato la casera in condizioni di forte sporcizia e degrado, probabilmente dopo il passaggio di alcune persone. Tra&hellip;<\/p>\n","protected":false},"author":4,"featured_media":502313,"comment_status":"closed","ping_status":"closed","sticky":false,"template":"","format":"standard","meta":{"_monsterinsights_skip_tracking":false,"_monsterinsights_sitenote_active":false,"_monsterinsights_sitenote_note":"","_monsterinsights_sitenote_category":0,"footnotes":""},"categories":[51,49],"tags":[],"class_list":["post-502129","post","type-post","status-publish","format-standard","has-post-thumbnail","hentry","category-evidenza-top","category-news-18","category-51","category-49","description-off"],"img_url":"https:\/\/www.radiopiu.net\/wordpress\/wp-content\/uploads\/2026\/03\/52767019-5225-4643-8d7f-3572a4f29523.png","_links":{"self":[{"href":"https:\/\/www.radiopiu.net\/wordpress\/wp-json\/wp\/v2\/posts\/502129","targetHints":{"allow":["GET"]}}],"collection":[{"href":"https:\/\/www.radiopiu.net\/wordpress\/wp-json\/wp\/v2\/posts"}],"about":[{"href":"https:\/\/www.radiopiu.net\/wordpress\/wp-json\/wp\/v2\/types\/post"}],"author":[{"embeddable":true,"href":"https:\/\/www.radiopiu.net\/wordpress\/wp-json\/wp\/v2\/users\/4"}],"replies":[{"embeddable":true,"href":"https:\/\/www.radiopiu.net\/wordpress\/wp-json\/wp\/v2\/comments?post=502129"}],"version-history":[{"count":6,"href":"https:\/\/www.radiopiu.net\/wordpress\/wp-json\/wp\/v2\/posts\/502129\/revisions"}],"predecessor-version":[{"id":502314,"href":"https:\/\/www.radiopiu.net\/wordpress\/wp-json\/wp\/v2\/posts\/502129\/revisions\/502314"}],"wp:featuredmedia":[{"embeddable":true,"href":"https:\/\/www.radiopiu.net\/wordpress\/wp-json\/wp\/v2\/media\/502313"}],"wp:attachment":[{"href":"https:\/\/www.radiopiu.net\/wordpress\/wp-json\/wp\/v2\/media?parent=502129"}],"wp:term":[{"taxonomy":"category","embeddable":true,"href":"https:\/\/www.radiopiu.net\/wordpress\/wp-json\/wp\/v2\/categories?post=502129"},{"taxonomy":"post_tag","embeddable":true,"href":"https:\/\/www.radiopiu.net\/wordpress\/wp-json\/wp\/v2\/tags?post=502129"}],"curies":[{"name":"wp","href":"https:\/\/api.w.org\/{rel}","templated":true}]}}