{"id":502165,"date":"2026-03-17T16:10:54","date_gmt":"2026-03-17T15:10:54","guid":{"rendered":"https:\/\/www.radiopiu.net\/wordpress\/?p=502165"},"modified":"2026-03-17T16:10:54","modified_gmt":"2026-03-17T15:10:54","slug":"d-v-b-55-anni-di-artigianato-che-partono-dal-bellunese-e-guardano-al-mondo","status":"publish","type":"post","link":"https:\/\/www.radiopiu.net\/wordpress\/d-v-b-55-anni-di-artigianato-che-partono-dal-bellunese-e-guardano-al-mondo\/","title":{"rendered":"D.V.B., 55 ANNI DI ARTIGIANATO CHE PARTONO DAL BELLUNESE E GUARDANO AL MONDO"},"content":{"rendered":"<p>*******<\/p>\n<p>&nbsp;<\/p>\n<p><strong><a class=\"dt-pswp-item\" href=\"https:\/\/www.radiopiu.net\/wordpress\/wp-content\/uploads\/2026\/03\/KLJDLAHGAoL.jpg\" data-dt-img-description=\"\" data-large_image_width=\"2136\" data-large_image_height=\"1281\"><img loading=\"lazy\" decoding=\"async\" class=\"aligncenter size-medium wp-image-502167\" src=\"https:\/\/www.radiopiu.net\/wordpress\/wp-content\/uploads\/2026\/03\/KLJDLAHGAoL-300x180.jpg\" alt=\"\" width=\"300\" height=\"180\" srcset=\"https:\/\/www.radiopiu.net\/wordpress\/wp-content\/uploads\/2026\/03\/KLJDLAHGAoL-300x180.jpg 300w, https:\/\/www.radiopiu.net\/wordpress\/wp-content\/uploads\/2026\/03\/KLJDLAHGAoL-1024x614.jpg 1024w, https:\/\/www.radiopiu.net\/wordpress\/wp-content\/uploads\/2026\/03\/KLJDLAHGAoL-768x461.jpg 768w, https:\/\/www.radiopiu.net\/wordpress\/wp-content\/uploads\/2026\/03\/KLJDLAHGAoL-1536x921.jpg 1536w, https:\/\/www.radiopiu.net\/wordpress\/wp-content\/uploads\/2026\/03\/KLJDLAHGAoL-2048x1228.jpg 2048w\" sizes=\"auto, (max-width: 300px) 100vw, 300px\" \/><\/a>\u00a0<\/strong><\/p>\n<p><strong>DI ALESSIA DALL&#8217;O&#8217;<\/strong><\/p>\n<p><strong>PONTE NELLE ALPI <\/strong>C\u2019\u00e8 un filo fatto di mani e passione che attraversa pi\u00f9 di mezzo secolo di storia artigiana. Parte da Col di Cugnan, nel comune di Ponte nelle Alpi, e arriva lontano, oltre i confini nazionali. \u00c8 la storia della D.V.B., realt\u00e0 specializzata nella posa di piastrelle, marmi e pietre naturali, che nel 2026 festeggia 55 anni di attivit\u00e0.<\/p>\n<p><strong>ARTIGIANATO DELLA VECCHIA<\/strong><\/p>\n<p>Un traguardo che racconta molto pi\u00f9 di una semplice impresa. Racconta piuttosto un territorio, una cultura del lavoro e una generazione cresciuta con il valore della vecchia gavetta. Tutto ha inizio ufficialmente nel 1971, quando Bernardo \u201cDino\u201d Della Vecchia, insieme al fratello Gianluigi, d\u00e0 forma a un progetto imprenditoriale nato per\u00f2 gi\u00e0 negli anni Sessanta. Dopo il percorso al Centro professionale di Ponte nelle Alpi, Dino affronta sette anni di apprendistato: anni duri, fatti di cantieri, esperienza e sacrificio. \u00c8 l\u00ec che si costruiscono le basi di un\u2019attivit\u00e0 destinata a durare. La scomparsa prematura del fratello nel 1978 segna una ferita, ma non interrompe il cammino.<\/p>\n<p><strong>GRANDI COLLABORAZIONI IN TUTTO IL MONDO<\/strong><\/p>\n<p>Negli anni, la D.V.B. si afferma come punto di riferimento nel settore, firmando interventi importanti sul territorio bellunese: dai supermercati all\u2019ospedale di Belluno, fino a ville e residenze tra Cadore e Cortina d\u2019Ampezzo. L\u2019attenzione al dettaglio e la qualit\u00e0 del lavoro portano l\u2019azienda anche oltre confine, con cantieri in Germania, Francia, Svizzera e Stati Uniti, in ambito sia commerciale sia residenziale. Tra le commesse pi\u00f9 significative, anche collaborazioni con realt\u00e0 di primo piano come Ferrovie dello Stato ed Enel. Un percorso che ha conosciuto il suo apice tra il 2000 e il 2015, quando l\u2019azienda ha raggiunto il massimo sviluppo anche dal punto di vista occupazionale, arrivando a impiegare fino a sei operai.<\/p>\n<p><strong>D.V.B. OGGI<\/strong><\/p>\n<p>Cinquantacinque anni raccontano una storia che ha il passo lento e solido della montagna. Una storia fatta di lavoro quotidiano, di competenze tramandate e di un saper fare che, ancora oggi, porta il nome del Bellunese ben oltre i suoi confini. Inevitabilmente, dall\u2019inizio, la dimensione \u00e8 cambiata, come per molte realt\u00e0 artigiane di montagna. Bernardo Della Vecchia, gi\u00e0 in pensione, continua a lavorare affiancato da un collaboratore. I figli hanno scelto altre strade, ma resta intatto il patrimonio di esperienza costruito in oltre mezzo secolo. Accanto all\u2019attivit\u00e0 d\u2019impresa, anche un impegno costante nella vita associativa. Fin dalla fondazione, la D.V.B. \u00e8 legata ad Appia CNA Belluno, che negli anni ha supportato l\u2019azienda negli aspetti fiscali, amministrativi e formativi e proprio nella giornata odierna &#8211; 17 marzo &#8211; ha voluto citare questa storia in una comunicazione agli organi di stampa, ma non solo: tra gli anni Novanta e Duemila, Della Vecchia ha ricoperto per circa vent\u2019anni il ruolo di presidente della categoria posatori, contribuendo alla crescita professionale del settore.<\/p>\n<p>&nbsp;<\/p>\n<p>&nbsp;<\/p>\n<p>&nbsp;<\/p>\n<p>&nbsp;<\/p>\n<p>&nbsp;<\/p>\n<p>************<\/p>\n","protected":false},"excerpt":{"rendered":"<p>******* &nbsp; \u00a0 DI ALESSIA DALL&#8217;O&#8217; PONTE NELLE ALPI C\u2019\u00e8 un filo fatto di mani e passione che attraversa pi\u00f9 di mezzo secolo di storia artigiana. Parte da Col di Cugnan, nel comune di Ponte nelle Alpi, e arriva lontano, oltre i confini nazionali. \u00c8 la storia della D.V.B., realt\u00e0 specializzata nella posa di piastrelle,&hellip;<\/p>\n","protected":false},"author":4,"featured_media":502167,"comment_status":"closed","ping_status":"closed","sticky":false,"template":"","format":"standard","meta":{"_monsterinsights_skip_tracking":false,"_monsterinsights_sitenote_active":false,"_monsterinsights_sitenote_note":"","_monsterinsights_sitenote_category":0,"footnotes":""},"categories":[51,49],"tags":[],"class_list":["post-502165","post","type-post","status-publish","format-standard","has-post-thumbnail","hentry","category-evidenza-top","category-news-18","category-51","category-49","description-off"],"img_url":"https:\/\/www.radiopiu.net\/wordpress\/wp-content\/uploads\/2026\/03\/KLJDLAHGAoL.jpg","_links":{"self":[{"href":"https:\/\/www.radiopiu.net\/wordpress\/wp-json\/wp\/v2\/posts\/502165","targetHints":{"allow":["GET"]}}],"collection":[{"href":"https:\/\/www.radiopiu.net\/wordpress\/wp-json\/wp\/v2\/posts"}],"about":[{"href":"https:\/\/www.radiopiu.net\/wordpress\/wp-json\/wp\/v2\/types\/post"}],"author":[{"embeddable":true,"href":"https:\/\/www.radiopiu.net\/wordpress\/wp-json\/wp\/v2\/users\/4"}],"replies":[{"embeddable":true,"href":"https:\/\/www.radiopiu.net\/wordpress\/wp-json\/wp\/v2\/comments?post=502165"}],"version-history":[{"count":1,"href":"https:\/\/www.radiopiu.net\/wordpress\/wp-json\/wp\/v2\/posts\/502165\/revisions"}],"predecessor-version":[{"id":502168,"href":"https:\/\/www.radiopiu.net\/wordpress\/wp-json\/wp\/v2\/posts\/502165\/revisions\/502168"}],"wp:featuredmedia":[{"embeddable":true,"href":"https:\/\/www.radiopiu.net\/wordpress\/wp-json\/wp\/v2\/media\/502167"}],"wp:attachment":[{"href":"https:\/\/www.radiopiu.net\/wordpress\/wp-json\/wp\/v2\/media?parent=502165"}],"wp:term":[{"taxonomy":"category","embeddable":true,"href":"https:\/\/www.radiopiu.net\/wordpress\/wp-json\/wp\/v2\/categories?post=502165"},{"taxonomy":"post_tag","embeddable":true,"href":"https:\/\/www.radiopiu.net\/wordpress\/wp-json\/wp\/v2\/tags?post=502165"}],"curies":[{"name":"wp","href":"https:\/\/api.w.org\/{rel}","templated":true}]}}