{"id":502189,"date":"2026-03-17T16:44:00","date_gmt":"2026-03-17T15:44:00","guid":{"rendered":"https:\/\/www.radiopiu.net\/wordpress\/?p=502189"},"modified":"2026-03-17T16:44:00","modified_gmt":"2026-03-17T15:44:00","slug":"sib-apre-le-candidature-per-il-nuovo-cda-scadenza-27-marzo","status":"publish","type":"post","link":"https:\/\/www.radiopiu.net\/wordpress\/sib-apre-le-candidature-per-il-nuovo-cda-scadenza-27-marzo\/","title":{"rendered":"SIB APRE LE CANDIDATURE PER IL NUOVO CDA: SCADENZA 27 MARZO"},"content":{"rendered":"<p>********<\/p>\n<p>&nbsp;<\/p>\n<p><strong><a class=\"dt-pswp-item\" href=\"https:\/\/www.radiopiu.net\/wordpress\/wp-content\/uploads\/2026\/03\/2_Il-CdA-di-SIB-da-destra-Attilio-Sommavilla-Lara-Stefani-e-Andrea-Menin.jpg\" data-dt-img-description=\"\" data-large_image_width=\"1438\" data-large_image_height=\"866\"><img loading=\"lazy\" decoding=\"async\" class=\"aligncenter size-medium wp-image-502190\" src=\"https:\/\/www.radiopiu.net\/wordpress\/wp-content\/uploads\/2026\/03\/2_Il-CdA-di-SIB-da-destra-Attilio-Sommavilla-Lara-Stefani-e-Andrea-Menin-300x181.jpg\" alt=\"\" width=\"300\" height=\"181\" srcset=\"https:\/\/www.radiopiu.net\/wordpress\/wp-content\/uploads\/2026\/03\/2_Il-CdA-di-SIB-da-destra-Attilio-Sommavilla-Lara-Stefani-e-Andrea-Menin-300x181.jpg 300w, https:\/\/www.radiopiu.net\/wordpress\/wp-content\/uploads\/2026\/03\/2_Il-CdA-di-SIB-da-destra-Attilio-Sommavilla-Lara-Stefani-e-Andrea-Menin-1024x617.jpg 1024w, https:\/\/www.radiopiu.net\/wordpress\/wp-content\/uploads\/2026\/03\/2_Il-CdA-di-SIB-da-destra-Attilio-Sommavilla-Lara-Stefani-e-Andrea-Menin-768x463.jpg 768w, https:\/\/www.radiopiu.net\/wordpress\/wp-content\/uploads\/2026\/03\/2_Il-CdA-di-SIB-da-destra-Attilio-Sommavilla-Lara-Stefani-e-Andrea-Menin.jpg 1438w\" sizes=\"auto, (max-width: 300px) 100vw, 300px\" \/><\/a>\u00a0<\/strong><\/p>\n<p><strong>BELLUNO <\/strong>Scadr\u00e0 con l\u2019approvazione del bilancio di esercizio 2025, prevista indicativamente per la fine del prossimo mese di aprile, il mandato del Consiglio di Amministrazione di SIB attualmente in carica, composto da Attilio Sommavilla (presidente), Lara Stefani (vicepresidente) e Andrea Menin (consigliere). Nominati il 1\u00b0 luglio 2020 e riconfermati il 4 maggio 2023, i tre componenti del CdA, salvo rinnovo, concluderanno a breve il proprio incarico. Per questo, la societ\u00e0 ha pubblicato un avviso per la raccolta di candidature, che dovranno essere presentate entro il 27 marzo ore 12 mediante invio del curriculum alla PEC <a href=\"mailto:sibspa@legalmail.it\">sibspa@legalmail.it<\/a> oppure con raccomandata A.R. o consegna a mano all\u2019ufficio protocollo di via Tiziano Vecellio n. 27\/29 a Belluno. Tra i requisiti richiesti ai candidati, l\u2019aver maturato un&#8217;esperienza pluriennale in attivit\u00e0 professionali, di amministrazione, di controllo, aver ricoperto compiti direttivi, di insegnamento universitario, funzioni amministrative o dirigenziali in enti pubblici, in aziende comparabili o settori attinenti. I candidati, inoltre, dovranno possedere i requisiti di onorabilit\u00e0, professionalit\u00e0 e autonomia e non incorrere in cause di incompatibilit\u00e0 e\/o inconferibilit\u00e0, come disposto dalla normativa vigente. I soggetti in possesso dei requisiti potranno essere valutati dai Soci per l\u2019eventuale inserimento nelle liste che saranno sottoposte alla successiva votazione assembleare. L\u2019esito della presente manifestazione di interesse non \u00e8 in ogni caso vincolante per i Soci che potranno valutare anche altre figure. Il compenso totale erogabile all\u2019intero Consiglio di Amministrazione, che potr\u00e0 essere di tre o cinque membri, \u00e8 pari a \u20ac 28.000,00 lordi annui. Nella composizione dell\u2019organo sar\u00e0 garantito l\u2019equilibrio di genere. L\u2019incarico avr\u00e0 durata triennale e scadr\u00e0 con l\u2019approvazione del bilancio di esercizio 2028. Maggiori dettagli sono disponibili nell\u2019avviso integrale pubblicato nelle news del sito <a href=\"http:\/\/www.sibspa.it\">www.sibspa.it <\/a>\u201cIn questi sei anni di attivit\u00e0, grazie alla fiducia dei Soci, alla collaborazione con il Consiglio di Bacino Dolomiti Bellunesi e all\u2019elevata professionalit\u00e0 della struttura interna, abbiamo raggiunto risultati significativi \u2013 spiega, a nome dell\u2019intero CdA, il presidente di SIB Attilio Sommavilla \u2013. \u00a0Penso ai fondi extra tariffa ottenuti, come i 25 milioni di euro del PNRR ma anche i 21 milioni reperiti con la vendita delle azioni detenute in Ascotrade, che ci hanno consentito di avviare importanti interventi per la riduzione delle perdite idriche e il miglioramento dei processi di depurazione. Abbiamo, inoltre, rafforzato la capacit\u00e0 di realizzare investimenti, oggi cresciuta fino al 300% rispetto al 2019, con un valore messo a terra nel 2025 di circa 30 milioni di euro e una proiezione di circa 90 milioni nei prossimi tre anni. Risultati che hanno orientato e orientano tuttora l\u2019azione della societ\u00e0 sempre pi\u00f9 verso l\u2019efficienza e l\u2019innovazione. A questo si affianca il percorso di riorganizzazione interna avviato a inizio mandato, finalizzato a migliorare il servizio alla comunit\u00e0. Non meno rilevante la recente fusione tra Gsp e Bim Infrastrutture, da cui \u00e8 nata SIB, che ha permesso di consolidare il patrimonio societario, oggi superiore ai 100 milioni di euro, e di acquisire l\u2019asset energetico, base strategica per lo sviluppo di nuovi scenari utili per il territorio. Molto \u00e8 stato fatto, e ne siamo naturalmente soddisfatti, ma restano obiettivi sfidanti da raggiungere e molti lavori da completare rispetto a quanto fino ad oggi fatto: proprio per questo, con senso di responsabilit\u00e0 e spirito di servizio, siamo nuovamente a disposizione dei soci per proseguire il lavoro avviato e portare a compimento il percorso intrapreso\u201d conclude Sommavilla.<\/p>\n<p>&nbsp;<\/p>\n<p>&nbsp;<\/p>\n<p>&nbsp;<\/p>\n<p>&nbsp;<\/p>\n<p>&nbsp;<\/p>\n<p>&nbsp;<\/p>\n<p>**********<\/p>\n","protected":false},"excerpt":{"rendered":"<p>******** &nbsp; \u00a0 BELLUNO Scadr\u00e0 con l\u2019approvazione del bilancio di esercizio 2025, prevista indicativamente per la fine del prossimo mese di aprile, il mandato del Consiglio di Amministrazione di SIB attualmente in carica, composto da Attilio Sommavilla (presidente), Lara Stefani (vicepresidente) e Andrea Menin (consigliere). Nominati il 1\u00b0 luglio 2020 e riconfermati il 4 maggio&hellip;<\/p>\n","protected":false},"author":4,"featured_media":502190,"comment_status":"closed","ping_status":"closed","sticky":false,"template":"","format":"standard","meta":{"_monsterinsights_skip_tracking":false,"_monsterinsights_sitenote_active":false,"_monsterinsights_sitenote_note":"","_monsterinsights_sitenote_category":0,"footnotes":""},"categories":[104,49],"tags":[],"class_list":["post-502189","post","type-post","status-publish","format-standard","has-post-thumbnail","hentry","category-evidenza_3","category-news-18","category-104","category-49","description-off"],"img_url":"https:\/\/www.radiopiu.net\/wordpress\/wp-content\/uploads\/2026\/03\/2_Il-CdA-di-SIB-da-destra-Attilio-Sommavilla-Lara-Stefani-e-Andrea-Menin.jpg","_links":{"self":[{"href":"https:\/\/www.radiopiu.net\/wordpress\/wp-json\/wp\/v2\/posts\/502189","targetHints":{"allow":["GET"]}}],"collection":[{"href":"https:\/\/www.radiopiu.net\/wordpress\/wp-json\/wp\/v2\/posts"}],"about":[{"href":"https:\/\/www.radiopiu.net\/wordpress\/wp-json\/wp\/v2\/types\/post"}],"author":[{"embeddable":true,"href":"https:\/\/www.radiopiu.net\/wordpress\/wp-json\/wp\/v2\/users\/4"}],"replies":[{"embeddable":true,"href":"https:\/\/www.radiopiu.net\/wordpress\/wp-json\/wp\/v2\/comments?post=502189"}],"version-history":[{"count":1,"href":"https:\/\/www.radiopiu.net\/wordpress\/wp-json\/wp\/v2\/posts\/502189\/revisions"}],"predecessor-version":[{"id":502191,"href":"https:\/\/www.radiopiu.net\/wordpress\/wp-json\/wp\/v2\/posts\/502189\/revisions\/502191"}],"wp:featuredmedia":[{"embeddable":true,"href":"https:\/\/www.radiopiu.net\/wordpress\/wp-json\/wp\/v2\/media\/502190"}],"wp:attachment":[{"href":"https:\/\/www.radiopiu.net\/wordpress\/wp-json\/wp\/v2\/media?parent=502189"}],"wp:term":[{"taxonomy":"category","embeddable":true,"href":"https:\/\/www.radiopiu.net\/wordpress\/wp-json\/wp\/v2\/categories?post=502189"},{"taxonomy":"post_tag","embeddable":true,"href":"https:\/\/www.radiopiu.net\/wordpress\/wp-json\/wp\/v2\/tags?post=502189"}],"curies":[{"name":"wp","href":"https:\/\/api.w.org\/{rel}","templated":true}]}}