{"id":502216,"date":"2026-03-18T06:10:29","date_gmt":"2026-03-18T05:10:29","guid":{"rendered":"https:\/\/www.radiopiu.net\/wordpress\/?p=502216"},"modified":"2026-03-18T06:10:37","modified_gmt":"2026-03-18T05:10:37","slug":"tragedia-sul-grappa-escursionista-muore-cadendo-in-un-canale","status":"publish","type":"post","link":"https:\/\/www.radiopiu.net\/wordpress\/tragedia-sul-grappa-escursionista-muore-cadendo-in-un-canale\/","title":{"rendered":"TRAGEDIA SUL GRAPPA: ESCURSIONISTA MUORE CADENDO IN UN CANALE"},"content":{"rendered":"<p>*********<\/p>\n<p>&nbsp;<\/p>\n<p><strong><a class=\"dt-pswp-item\" href=\"https:\/\/www.radiopiu.net\/wordpress\/wp-content\/uploads\/2026\/03\/unnamed-1.jpg\" data-dt-img-description=\"\" data-large_image_width=\"899\" data-large_image_height=\"1599\"><img loading=\"lazy\" decoding=\"async\" class=\"aligncenter size-medium wp-image-502217\" src=\"https:\/\/www.radiopiu.net\/wordpress\/wp-content\/uploads\/2026\/03\/unnamed-1-169x300.jpg\" alt=\"\" width=\"169\" height=\"300\" srcset=\"https:\/\/www.radiopiu.net\/wordpress\/wp-content\/uploads\/2026\/03\/unnamed-1-169x300.jpg 169w, https:\/\/www.radiopiu.net\/wordpress\/wp-content\/uploads\/2026\/03\/unnamed-1-576x1024.jpg 576w, https:\/\/www.radiopiu.net\/wordpress\/wp-content\/uploads\/2026\/03\/unnamed-1-768x1366.jpg 768w, https:\/\/www.radiopiu.net\/wordpress\/wp-content\/uploads\/2026\/03\/unnamed-1-864x1536.jpg 864w, https:\/\/www.radiopiu.net\/wordpress\/wp-content\/uploads\/2026\/03\/unnamed-1.jpg 899w\" sizes=\"auto, (max-width: 169px) 100vw, 169px\" \/><\/a>\u00a0<\/strong><\/p>\n<p><strong>SEREN DEL GRAPPA <\/strong>Attorno a mezzogiorno la Centrale del 118 \u00e8 stata attivata per un escursionista ruzzolato in un canale, non distante dal Bivacco Murelon, dove era diretto assieme ad altri 5 amici, due dei quali si trovavano in difficolt\u00e0 loro stessi: uno avendo cercato di raggiungere l&#8217;amico caduto, un altro dopo essere a sua volta scivolato mentre si trovava poco piu avanti. Dalle prime informazioni, partiti dopo aver lasciato l&#8217;auto parcheggiata al Rifugio Bassano, i sei amici si stavano avvicinando al Bivacco Murelon Scopel, posto a 1.483 metri sul Col dell&#8217;orso nel Massiccio del Grappa, quando, 200 metri prima, uno aveva perso l&#8217;equilibrio sul sentiero innevato ed era finito in un canale sottostante, fermandosi 250 metri pi\u00f9 in basso. Uno dei compagni aveva quindi iniziato a ridiscendere il pendio, salvo poi essere costretto a fermarsi. Un terzo componente del gruppo che si trovava pi\u00f9 avanti era a sua volta scivolato per un centinaio di metri, riportando escoriazioni al volto. Gli altri tre erano rimasti fermi sul sentiero Ricevute le coordinate del luogo dai chiamanti, Falco 2 \u00e8 decollato da Belluno. Una volta individuato il luogo dell&#8217;incidente, medico, infermiere e tecnico di elisoccorso sono stati calati nel punto dove si trovava l&#8217;escursionista precipitato e hanno solamente potuto constatarne il decesso. Il tecnico di elisoccorso \u00e8 stato quindi trasportato in alto nel canale e ha provveduto al recupero dell&#8217;amico bloccato. Di seguito l&#8217;elicottero si \u00e8 spostato pi\u00f9 avanti, cos\u00ec da issare a bordo il secondo escursionista con le escoriazioni al volto. Entrambi sono stati lasciati al Rifugio Bassano e affidati al personale sanitario del Suem di Pieve del Grappa. L&#8217;eliambulanza \u00e8 tornata in seguito a recuperare l&#8217;equipe medica e la salma assieme al tecnico di elisoccorso. Anche due amici rimasti sul sentiero sono stati trasportati a valle dall&#8217;elicottero, mentre un terzo \u00e8 rientrato autonomamente. Le operazioni, durate a lungo, si sono svolte con il contributo di un soccorritore di Feltre. Una squadra del Soccorso alpino era inoltre presente in supporto al Campo sportivo di Rasai. La vittima \u00e8 Paolo Pagan, 67 anni di Chioggia.<\/p>\n<p>&nbsp;<\/p>\n<p>&nbsp;<\/p>\n<p>&nbsp;<\/p>\n<p>&nbsp;<\/p>\n<p>********<\/p>\n","protected":false},"excerpt":{"rendered":"<p>********* &nbsp; \u00a0 SEREN DEL GRAPPA Attorno a mezzogiorno la Centrale del 118 \u00e8 stata attivata per un escursionista ruzzolato in un canale, non distante dal Bivacco Murelon, dove era diretto assieme ad altri 5 amici, due dei quali si trovavano in difficolt\u00e0 loro stessi: uno avendo cercato di raggiungere l&#8217;amico caduto, un altro dopo&hellip;<\/p>\n","protected":false},"author":4,"featured_media":410721,"comment_status":"closed","ping_status":"closed","sticky":false,"template":"","format":"standard","meta":{"_monsterinsights_skip_tracking":false,"_monsterinsights_sitenote_active":false,"_monsterinsights_sitenote_note":"","_monsterinsights_sitenote_category":0,"footnotes":""},"categories":[51,49],"tags":[],"class_list":["post-502216","post","type-post","status-publish","format-standard","has-post-thumbnail","hentry","category-evidenza-top","category-news-18","category-51","category-49","description-off"],"img_url":"https:\/\/www.radiopiu.net\/wordpress\/wp-content\/uploads\/2024\/09\/SALT.jpeg","_links":{"self":[{"href":"https:\/\/www.radiopiu.net\/wordpress\/wp-json\/wp\/v2\/posts\/502216","targetHints":{"allow":["GET"]}}],"collection":[{"href":"https:\/\/www.radiopiu.net\/wordpress\/wp-json\/wp\/v2\/posts"}],"about":[{"href":"https:\/\/www.radiopiu.net\/wordpress\/wp-json\/wp\/v2\/types\/post"}],"author":[{"embeddable":true,"href":"https:\/\/www.radiopiu.net\/wordpress\/wp-json\/wp\/v2\/users\/4"}],"replies":[{"embeddable":true,"href":"https:\/\/www.radiopiu.net\/wordpress\/wp-json\/wp\/v2\/comments?post=502216"}],"version-history":[{"count":3,"href":"https:\/\/www.radiopiu.net\/wordpress\/wp-json\/wp\/v2\/posts\/502216\/revisions"}],"predecessor-version":[{"id":502246,"href":"https:\/\/www.radiopiu.net\/wordpress\/wp-json\/wp\/v2\/posts\/502216\/revisions\/502246"}],"wp:featuredmedia":[{"embeddable":true,"href":"https:\/\/www.radiopiu.net\/wordpress\/wp-json\/wp\/v2\/media\/410721"}],"wp:attachment":[{"href":"https:\/\/www.radiopiu.net\/wordpress\/wp-json\/wp\/v2\/media?parent=502216"}],"wp:term":[{"taxonomy":"category","embeddable":true,"href":"https:\/\/www.radiopiu.net\/wordpress\/wp-json\/wp\/v2\/categories?post=502216"},{"taxonomy":"post_tag","embeddable":true,"href":"https:\/\/www.radiopiu.net\/wordpress\/wp-json\/wp\/v2\/tags?post=502216"}],"curies":[{"name":"wp","href":"https:\/\/api.w.org\/{rel}","templated":true}]}}