{"id":502443,"date":"2026-03-18T23:59:44","date_gmt":"2026-03-18T22:59:44","guid":{"rendered":"https:\/\/www.radiopiu.net\/wordpress\/?p=502443"},"modified":"2026-03-18T19:06:41","modified_gmt":"2026-03-18T18:06:41","slug":"storie-di-paese-una-serata-per-comprendere-e-riflettere-sulla-violenza-sui-minori","status":"publish","type":"post","link":"https:\/\/www.radiopiu.net\/wordpress\/storie-di-paese-una-serata-per-comprendere-e-riflettere-sulla-violenza-sui-minori\/","title":{"rendered":"\u201cSTORIE DI PAESE\u201d: UNA SERATA PER COMPRENDERE E RIFLETTERE SULLA VIOLENZA SUI MINORI"},"content":{"rendered":"<p>*********<\/p>\n<p>&nbsp;<\/p>\n<p><strong><a class=\"dt-pswp-item\" href=\"https:\/\/www.radiopiu.net\/wordpress\/wp-content\/uploads\/2026\/03\/LOCANDINA.jpeg\" data-dt-img-description=\"\" data-large_image_width=\"1131\" data-large_image_height=\"1600\"><img loading=\"lazy\" decoding=\"async\" class=\"aligncenter size-medium wp-image-502444\" src=\"https:\/\/www.radiopiu.net\/wordpress\/wp-content\/uploads\/2026\/03\/LOCANDINA-212x300.jpeg\" alt=\"\" width=\"212\" height=\"300\" srcset=\"https:\/\/www.radiopiu.net\/wordpress\/wp-content\/uploads\/2026\/03\/LOCANDINA-212x300.jpeg 212w, https:\/\/www.radiopiu.net\/wordpress\/wp-content\/uploads\/2026\/03\/LOCANDINA-724x1024.jpeg 724w, https:\/\/www.radiopiu.net\/wordpress\/wp-content\/uploads\/2026\/03\/LOCANDINA-768x1086.jpeg 768w, https:\/\/www.radiopiu.net\/wordpress\/wp-content\/uploads\/2026\/03\/LOCANDINA-1086x1536.jpeg 1086w, https:\/\/www.radiopiu.net\/wordpress\/wp-content\/uploads\/2026\/03\/LOCANDINA.jpeg 1131w\" sizes=\"auto, (max-width: 212px) 100vw, 212px\" \/><\/a>\u00a0<\/strong><\/p>\n<p><strong>DI ALESSIA DALL&#8217;O&#8217;<\/strong><\/p>\n<p><strong>CESIOMAGGIORE <\/strong>La violenza contro i minori e la violazione dei loro diritti non \u00e8 solo una ferita privata, ma una responsabilit\u00e0 collettiva. Si tratta di un tema difficile da affrontare, che spesso preferiamo ignorare perch\u00e9 troppo doloroso. Eppure, la conoscenza e la consapevolezza sono strumenti essenziali per proteggere i pi\u00f9 vulnerabili e per comprendere come la comunit\u00e0 possa contribuire a prevenire questi abusi.<\/p>\n<p><strong>UN DIALOGO CON LA COMUNITA\u2019 PER INFORMARE<\/strong><\/p>\n<p>Per approfondire questi temi, il 20 marzo alle ore 20 presso la Pro Loco di Soranzen a Cesiomaggiore si terr\u00e0 la serata informativa \u201cStorie di Paese- Un dialogo per fare consapevolezza sui diritti dei minori e sulla ferita della violenza\u201d, organizzata dalla Pro Loco e dal Comune, con il patrocinio e il supporto delle associazioni Lex Civitas e Dafne. La serata inizier\u00e0 con la proiezione del cortometraggio \u201cL\u2019Aurora\u201d, diretto dal regista Lorenzo Cassol, seguito dalla testimonianza diretta dell\u2019Associazione Dafne di Borgo Valbelluna, che racconter\u00e0 esperienze concrete legate a \u201cUna storia di paese\u201d. L\u2019incontro proseguir\u00e0 con una tavola rotonda alla quale parteciperanno i Carabinieri di Feltre, la Questura di Belluno e la psicologa criminologa esperta di EMDR Giada Larosa. Al termine, tutti i relatori saranno disponibili per rispondere alle domande del pubblico, creando uno spazio di confronto aperto e informato.<\/p>\n<p><strong>UN FENOMENO SU AMPIA E STRETTA SCALA<\/strong><\/p>\n<p>I dati a livello globale, europeo e nazionale confermano quanto sia urgente affrontare il tema con consapevolezza e quanto, informarsi e conoscere possa fare la differenza. Nel mondo, ogni quattro minuti un minorenne viene ucciso a seguito di violenze, circa novanta milioni subiscono violenza sessuale e una ragazza o donna su cinque ha subito abusi sessuali nell\u2019infanzia. Due terzi dei minorenni sperimentano punizioni violente in casa e oltre 500 milioni vivono con madri esposte a violenza domestica. In Europa, diciotto milioni di minori sono vittime di violenza sessuale, quarantaquattro milioni subiscono violenza fisica e cinquantacinque milioni abuso psicologico, con ottocentocinquanta morti tra bambini e bambine sotto i quindici anni ogni anno.<\/p>\n<p><strong>L\u201987% DELLE VIOLENZE PROVIENE DA UNA PERSONA CONOSCIUTA<\/strong><\/p>\n<p>La \u201cIII INDAGINE NAZIONALE SUL MALTRATTAMENTO DEI BAMBINI E DEGLI ADOLESCENTI IN ITALIA\u201d presentata dall\u2019Autorit\u00e0 Garante per l\u2019Infanzia e l\u2019Adolescenza dimostra che in Italia, nel 2018, 401.766 minorenni erano in carico ai Servizi Sociali e 77.493 di questi per maltrattamenti. Nove minori ogni mille residenti subiscono abusi e la maggior parte degli abusi, l\u201987%, proviene da persone conosciute e vicine al bambino o all\u2019adolescente. A questi dati, si aggiunge una parte sommersa, per cui parlare di violenza sui minori \u00e8 ancora tutt\u2019oggi un tab\u00f9 o una vergogna. Tale considerazione dimostra quanto sia cruciale il ruolo della comunit\u00e0, luogo in cui ignorare o tacere significa contribuire indirettamente a perpetuare la violenza.<\/p>\n<p><strong>UNA COMUNITA\u2019 ATTENTA E CONSAPEVOLE<\/strong><\/p>\n<p>In un contesto mondiale che ha visto da poco schiudersi la vicenda \u201cEpstein Files\u201d e costellata da cronache che raccontano fatti di violenza inaudita, la serata \u201cStorie di Paese\u201d \u00e8 pensata per fornire strumenti di comprensione e stimolare il confronto su un tema dove sono ancora poche e spesso confuse le consapevolezze. Essere informati infatti \u00e8 solo un piccolo passo, non sufficiente per proteggere i pi\u00f9 fragili, ma che pu\u00f2 aiutare anche a costruire una comunit\u00e0 pi\u00f9 responsabile e attenta, dove di fronte a ci\u00f2 che lede, non si pu\u00f2 pi\u00f9 tacere.<\/p>\n<p>&nbsp;<\/p>\n<p>&nbsp;<\/p>\n<p>&nbsp;<\/p>\n<p>&nbsp;<\/p>\n<p>**********<\/p>\n","protected":false},"excerpt":{"rendered":"<p>********* &nbsp; \u00a0 DI ALESSIA DALL&#8217;O&#8217; CESIOMAGGIORE La violenza contro i minori e la violazione dei loro diritti non \u00e8 solo una ferita privata, ma una responsabilit\u00e0 collettiva. Si tratta di un tema difficile da affrontare, che spesso preferiamo ignorare perch\u00e9 troppo doloroso. Eppure, la conoscenza e la consapevolezza sono strumenti essenziali per proteggere i&hellip;<\/p>\n","protected":false},"author":4,"featured_media":502445,"comment_status":"closed","ping_status":"closed","sticky":false,"template":"","format":"standard","meta":{"_monsterinsights_skip_tracking":false,"_monsterinsights_sitenote_active":false,"_monsterinsights_sitenote_note":"","_monsterinsights_sitenote_category":0,"footnotes":""},"categories":[51,49],"tags":[],"class_list":["post-502443","post","type-post","status-publish","format-standard","has-post-thumbnail","hentry","category-evidenza-top","category-news-18","category-51","category-49","description-off"],"img_url":"https:\/\/www.radiopiu.net\/wordpress\/wp-content\/uploads\/2026\/03\/SCR-20260318-qqxo.jpeg","_links":{"self":[{"href":"https:\/\/www.radiopiu.net\/wordpress\/wp-json\/wp\/v2\/posts\/502443","targetHints":{"allow":["GET"]}}],"collection":[{"href":"https:\/\/www.radiopiu.net\/wordpress\/wp-json\/wp\/v2\/posts"}],"about":[{"href":"https:\/\/www.radiopiu.net\/wordpress\/wp-json\/wp\/v2\/types\/post"}],"author":[{"embeddable":true,"href":"https:\/\/www.radiopiu.net\/wordpress\/wp-json\/wp\/v2\/users\/4"}],"replies":[{"embeddable":true,"href":"https:\/\/www.radiopiu.net\/wordpress\/wp-json\/wp\/v2\/comments?post=502443"}],"version-history":[{"count":1,"href":"https:\/\/www.radiopiu.net\/wordpress\/wp-json\/wp\/v2\/posts\/502443\/revisions"}],"predecessor-version":[{"id":502446,"href":"https:\/\/www.radiopiu.net\/wordpress\/wp-json\/wp\/v2\/posts\/502443\/revisions\/502446"}],"wp:featuredmedia":[{"embeddable":true,"href":"https:\/\/www.radiopiu.net\/wordpress\/wp-json\/wp\/v2\/media\/502445"}],"wp:attachment":[{"href":"https:\/\/www.radiopiu.net\/wordpress\/wp-json\/wp\/v2\/media?parent=502443"}],"wp:term":[{"taxonomy":"category","embeddable":true,"href":"https:\/\/www.radiopiu.net\/wordpress\/wp-json\/wp\/v2\/categories?post=502443"},{"taxonomy":"post_tag","embeddable":true,"href":"https:\/\/www.radiopiu.net\/wordpress\/wp-json\/wp\/v2\/tags?post=502443"}],"curies":[{"name":"wp","href":"https:\/\/api.w.org\/{rel}","templated":true}]}}