{"id":502470,"date":"2026-03-19T05:32:13","date_gmt":"2026-03-19T04:32:13","guid":{"rendered":"https:\/\/www.radiopiu.net\/wordpress\/?p=502470"},"modified":"2026-03-19T05:43:47","modified_gmt":"2026-03-19T04:43:47","slug":"bellunese-tra-disagi-e-cantieri-acqua-luci-e-strade-in-difficolta","status":"publish","type":"post","link":"https:\/\/www.radiopiu.net\/wordpress\/bellunese-tra-disagi-e-cantieri-acqua-luci-e-strade-in-difficolta\/","title":{"rendered":"BELLUNESE TRA DISAGI E CANTIERI: ACQUA, LUCI E STRADE IN DIFFICOLT\u00c0"},"content":{"rendered":"<p data-start=\"63\" data-end=\"412\">\n**<\/p>\n<p data-start=\"63\" data-end=\"412\"><a class=\"dt-pswp-item\" href=\"https:\/\/www.radiopiu.net\/wordpress\/wp-content\/uploads\/2026\/03\/2963cf2c-1cfd-48b4-b515-36d725fc05ca.png\" data-dt-img-description=\"\" data-large_image_width=\"1536\" data-large_image_height=\"1024\"><img loading=\"lazy\" decoding=\"async\" class=\"aligncenter size-medium wp-image-502471\" src=\"https:\/\/www.radiopiu.net\/wordpress\/wp-content\/uploads\/2026\/03\/2963cf2c-1cfd-48b4-b515-36d725fc05ca-300x200.png\" alt=\"\" width=\"300\" height=\"200\" srcset=\"https:\/\/www.radiopiu.net\/wordpress\/wp-content\/uploads\/2026\/03\/2963cf2c-1cfd-48b4-b515-36d725fc05ca-300x200.png 300w, https:\/\/www.radiopiu.net\/wordpress\/wp-content\/uploads\/2026\/03\/2963cf2c-1cfd-48b4-b515-36d725fc05ca-1024x683.png 1024w, https:\/\/www.radiopiu.net\/wordpress\/wp-content\/uploads\/2026\/03\/2963cf2c-1cfd-48b4-b515-36d725fc05ca-768x512.png 768w, https:\/\/www.radiopiu.net\/wordpress\/wp-content\/uploads\/2026\/03\/2963cf2c-1cfd-48b4-b515-36d725fc05ca.png 1536w\" sizes=\"auto, (max-width: 300px) 100vw, 300px\" \/><\/a><br \/>\nGiornata segnata da diversi disservizi e interventi sul territorio bellunese. A Livinallongo del Col di Lana l\u2019acqua non \u00e8 potabile in alcune localit\u00e0, tra cui Alfauro, Crepaz e Arabba: pu\u00f2 essere utilizzata solo previa bollitura. \u00c8 stato attivato un servizio sostitutivo con cisterna e sono in corso operazioni di pulizia e disinfezione della rete.<\/p>\n<p data-start=\"414\" data-end=\"724\">A Belluno, notte al buio nella frazione di Nogar\u00e8 per un guasto all\u2019illuminazione pubblica, con disagi e timori legati alla sicurezza. Sempre in citt\u00e0 problemi anche alla viabilit\u00e0: fuori uso il semaforo sul ponte della Vittoria, danneggiato durante lavori di scavo. Non sono ancora noti i tempi di ripristino.<\/p>\n<p data-start=\"726\" data-end=\"1014\">Sul fronte stradale, a Lamon la Sp 19 sar\u00e0 chiusa per cinque giorni per i lavori alla galleria Pala Rossa, con deviazioni obbligatorie per i residenti. Infine, senso unico alternato sulla statale 52 Carnica a Santo Stefano di Cadore fino al 24 giugno per interventi di messa in sicurezza.<\/p>\n<p>__<\/p>\n","protected":false},"excerpt":{"rendered":"<p>** Giornata segnata da diversi disservizi e interventi sul territorio bellunese. A Livinallongo del Col di Lana l\u2019acqua non \u00e8 potabile in alcune localit\u00e0, tra cui Alfauro, Crepaz e Arabba: pu\u00f2 essere utilizzata solo previa bollitura. \u00c8 stato attivato un servizio sostitutivo con cisterna e sono in corso operazioni di pulizia e disinfezione della rete.&hellip;<\/p>\n","protected":false},"author":4,"featured_media":502471,"comment_status":"closed","ping_status":"closed","sticky":false,"template":"","format":"standard","meta":{"_monsterinsights_skip_tracking":false,"_monsterinsights_sitenote_active":false,"_monsterinsights_sitenote_note":"","_monsterinsights_sitenote_category":0,"footnotes":""},"categories":[51,49],"tags":[],"class_list":["post-502470","post","type-post","status-publish","format-standard","has-post-thumbnail","hentry","category-evidenza-top","category-news-18","category-51","category-49","description-off"],"img_url":"https:\/\/www.radiopiu.net\/wordpress\/wp-content\/uploads\/2026\/03\/2963cf2c-1cfd-48b4-b515-36d725fc05ca.png","_links":{"self":[{"href":"https:\/\/www.radiopiu.net\/wordpress\/wp-json\/wp\/v2\/posts\/502470","targetHints":{"allow":["GET"]}}],"collection":[{"href":"https:\/\/www.radiopiu.net\/wordpress\/wp-json\/wp\/v2\/posts"}],"about":[{"href":"https:\/\/www.radiopiu.net\/wordpress\/wp-json\/wp\/v2\/types\/post"}],"author":[{"embeddable":true,"href":"https:\/\/www.radiopiu.net\/wordpress\/wp-json\/wp\/v2\/users\/4"}],"replies":[{"embeddable":true,"href":"https:\/\/www.radiopiu.net\/wordpress\/wp-json\/wp\/v2\/comments?post=502470"}],"version-history":[{"count":1,"href":"https:\/\/www.radiopiu.net\/wordpress\/wp-json\/wp\/v2\/posts\/502470\/revisions"}],"predecessor-version":[{"id":502472,"href":"https:\/\/www.radiopiu.net\/wordpress\/wp-json\/wp\/v2\/posts\/502470\/revisions\/502472"}],"wp:featuredmedia":[{"embeddable":true,"href":"https:\/\/www.radiopiu.net\/wordpress\/wp-json\/wp\/v2\/media\/502471"}],"wp:attachment":[{"href":"https:\/\/www.radiopiu.net\/wordpress\/wp-json\/wp\/v2\/media?parent=502470"}],"wp:term":[{"taxonomy":"category","embeddable":true,"href":"https:\/\/www.radiopiu.net\/wordpress\/wp-json\/wp\/v2\/categories?post=502470"},{"taxonomy":"post_tag","embeddable":true,"href":"https:\/\/www.radiopiu.net\/wordpress\/wp-json\/wp\/v2\/tags?post=502470"}],"curies":[{"name":"wp","href":"https:\/\/api.w.org\/{rel}","templated":true}]}}