{"id":508603,"date":"2026-04-27T05:34:35","date_gmt":"2026-04-27T03:34:35","guid":{"rendered":"https:\/\/www.radiopiu.net\/wordpress\/?p=508603"},"modified":"2026-04-27T08:36:37","modified_gmt":"2026-04-27T06:36:37","slug":"giornale-radiopiu-27-aprile-2026-direttore-mirko-mezzacasa","status":"publish","type":"post","link":"https:\/\/www.radiopiu.net\/wordpress\/giornale-radiopiu-27-aprile-2026-direttore-mirko-mezzacasa\/","title":{"rendered":"GIORNALE RADIOPIU 27 APRILE 2026 DIRETTORE MIRKO MEZZACASA"},"content":{"rendered":"<p>***********<\/p>\n<p>&nbsp;<\/p>\n<h1 style=\"text-align: center;\"><a class=\"dt-pswp-item\" href=\"https:\/\/www.radiopiu.net\/wordpress\/wp-content\/uploads\/2026\/04\/a692ea04-f950-4374-ae10-b9dd0dfb6fb9-768x512-1.png\" data-dt-img-description=\"\" data-large_image_width=\"768\" data-large_image_height=\"512\"><img loading=\"lazy\" decoding=\"async\" class=\"aligncenter wp-image-507192 size-full\" src=\"https:\/\/www.radiopiu.net\/wordpress\/wp-content\/uploads\/2026\/04\/a692ea04-f950-4374-ae10-b9dd0dfb6fb9-768x512-1.png\" alt=\"\" width=\"768\" height=\"512\" srcset=\"https:\/\/www.radiopiu.net\/wordpress\/wp-content\/uploads\/2026\/04\/a692ea04-f950-4374-ae10-b9dd0dfb6fb9-768x512-1.png 768w, https:\/\/www.radiopiu.net\/wordpress\/wp-content\/uploads\/2026\/04\/a692ea04-f950-4374-ae10-b9dd0dfb6fb9-768x512-1-300x200.png 300w\" sizes=\"auto, (max-width: 768px) 100vw, 768px\" \/><\/a><\/h1>\n<div class=\"flex flex-col text-sm pb-25\">\n<article class=\"text-token-text-primary w-full focus:outline-none [--shadow-height:45px] has-data-writing-block:pointer-events-none has-data-writing-block:-mt-(--shadow-height) has-data-writing-block:pt-(--shadow-height) [&amp;:has([data-writing-block])&gt;*]:pointer-events-auto scroll-mt-[calc(var(--header-height)+min(200px,max(70px,20svh)))]\" dir=\"auto\" tabindex=\"-1\" data-turn-id=\"request-WEB:545a5307-a0c9-41c7-9a5f-bf65aefdb8ec-5\" data-testid=\"conversation-turn-12\" data-scroll-anchor=\"true\" data-turn=\"assistant\">\n<div class=\"text-base my-auto mx-auto pb-10 [--thread-content-margin:--spacing(4)] @w-sm\/main:[--thread-content-margin:--spacing(6)] @w-lg\/main:[--thread-content-margin:--spacing(16)] px-(--thread-content-margin)\">\n<div class=\"[--thread-content-max-width:40rem] @w-lg\/main:[--thread-content-max-width:48rem] mx-auto max-w-(--thread-content-max-width) flex-1 group\/turn-messages focus-visible:outline-hidden relative flex w-full min-w-0 flex-col agent-turn\" tabindex=\"-1\">\n<div class=\"z-0 flex min-h-[46px] justify-start\">\n<h1><\/h1>\n<h1 style=\"text-align: center;\">LA\u00a0 \u00a0 APP<\/h1>\n<p><strong><em><span style=\"color: #ff0000;\">LA\u00a0 APP PER IOS-IPHONE di Nicola Vettorello<\/span><\/em><\/strong><\/p>\n<p><strong><span style=\"color: #0000ff;\"><a style=\"color: #0000ff;\" href=\"https:\/\/apps.apple.com\/it\/app\/radio-pi%C3%B9-emittente-agordina\/id1515939845\">https:\/\/apps.apple.com\/it\/app\/radio-pi%C3%B9-emittente-agordina\/id1515939845<\/a><\/span><\/strong><\/p>\n<p><strong><em style=\"color: #ff0000;\">LA\u00a0 APP RADIO\u00a0 PER ANDROID di Nicola Vettorello<\/em><\/strong><\/p>\n<p><strong><span style=\"color: #0000ff;\"><a style=\"color: #0000ff;\" href=\"https:\/\/play.google.com\/store\/apps\/details?id=net.radiopiu.iniko\" target=\"_blank\" rel=\"noopener noreferrer\">https:\/\/<\/a><a style=\"color: #0000ff;\" href=\"https:\/\/play.google.com\/store\/apps\/details?id=net.radiopiu.iniko\" target=\"_blank\" rel=\"noopener noreferrer\">play.google.com\/store\/apps\/details?id=net.radiopiu.iniko\u00a0\u00a0\u00a0\u00a0\u00a0<\/a><\/span><\/strong><\/p>\n<p>&nbsp;<\/p>\n<\/div>\n<\/div>\n<\/div>\n<\/article>\n<\/div>\n<p>&nbsp;<\/p>\n<hr \/>\n<p>&nbsp;<\/p>\n<div class=\"flex flex-col text-sm pb-25\">\n<article class=\"text-token-text-primary w-full focus:outline-none [--shadow-height:45px] has-data-writing-block:pointer-events-none has-data-writing-block:-mt-(--shadow-height) has-data-writing-block:pt-(--shadow-height) [&amp;:has([data-writing-block])&gt;*]:pointer-events-auto scroll-mt-[calc(var(--header-height)+min(200px,max(70px,20svh)))]\" dir=\"auto\" tabindex=\"-1\" data-turn-id=\"request-WEB:545a5307-a0c9-41c7-9a5f-bf65aefdb8ec-5\" data-testid=\"conversation-turn-12\" data-scroll-anchor=\"true\" data-turn=\"assistant\">\n<div class=\"text-base my-auto mx-auto pb-10 [--thread-content-margin:--spacing(4)] @w-sm\/main:[--thread-content-margin:--spacing(6)] @w-lg\/main:[--thread-content-margin:--spacing(16)] px-(--thread-content-margin)\">\n<div class=\"[--thread-content-max-width:40rem] @w-lg\/main:[--thread-content-max-width:48rem] mx-auto max-w-(--thread-content-max-width) flex-1 group\/turn-messages focus-visible:outline-hidden relative flex w-full min-w-0 flex-col agent-turn\" tabindex=\"-1\">\n<div class=\"z-0 flex min-h-[46px] justify-start\">\n<div class=\"flex flex-col text-sm pb-25\">\n<article class=\"text-token-text-primary w-full focus:outline-none [--shadow-height:45px] has-data-writing-block:pointer-events-none has-data-writing-block:-mt-(--shadow-height) has-data-writing-block:pt-(--shadow-height) [&amp;:has([data-writing-block])&gt;*]:pointer-events-auto scroll-mt-[calc(var(--header-height)+min(200px,max(70px,20svh)))]\" dir=\"auto\" tabindex=\"-1\" data-turn-id=\"da2f8a29-4751-44ac-b06a-20d94aeccf8b\" data-testid=\"conversation-turn-28\" data-scroll-anchor=\"true\" data-turn=\"assistant\">\n<div class=\"text-base my-auto mx-auto pb-10 [--thread-content-margin:--spacing(4)] @w-sm\/main:[--thread-content-margin:--spacing(6)] @w-lg\/main:[--thread-content-margin:--spacing(16)] px-(--thread-content-margin)\">\n<div class=\"[--thread-content-max-width:40rem] @w-lg\/main:[--thread-content-max-width:48rem] mx-auto max-w-(--thread-content-max-width) flex-1 group\/turn-messages focus-visible:outline-hidden relative flex w-full min-w-0 flex-col agent-turn\" tabindex=\"-1\">\n<div class=\"flex max-w-full flex-col grow\">\n<div class=\"min-h-8 text-message relative flex w-full flex-col items-end gap-2 text-start break-words whitespace-normal [.text-message+&amp;]:mt-1\" dir=\"auto\" data-message-author-role=\"assistant\" data-message-id=\"77cb542f-301b-441f-9a5c-c89ea331616b\" data-message-model-slug=\"gpt-5-2\">\n<div class=\"flex w-full flex-col gap-1 empty:hidden first:pt-[1px]\">\n<div class=\"markdown prose dark:prose-invert w-full break-words dark markdown-new-styling\">\n<div id=\"writing-block-77cb542f-301b-441f-9a5c-c89ea331616b\" class=\"group relative z-0 my-4 w-full overflow-visible rounded-2xl bg-token-bg-primary dark:bg-[#2a2a2a] shadow-[0px_0px_0px_1px_rgba(0,0,0,0.07),0px_4px_80px_rgba(0,0,0,0.02)]\" data-writing-block=\"true\">\n<div class=\"writing-block-editor markdown-new-styling relative flow-root pt-(--writing-block-editor-pt) pe-(--writing-block-editor-pr) pb-(--writing-block-editor-pb) ps-(--writing-block-editor-pl)\">\n<div class=\"ProseMirror markdown prose dark:prose-invert w-full min-h-6 break-words focus:outline-none\" contenteditable=\"true\" translate=\"no\" aria-disabled=\"false\">\n<h2 style=\"text-align: center;\" data-start=\"0\" data-end=\"59\"><strong data-start=\"0\" data-end=\"59\">RADIO, LA GIORNATA IN DIRETTA TRA INFORMAZIONE E MUSICA<\/strong><\/h2>\n<p>&nbsp;<\/p>\n<section class=\"text-token-text-primary w-full focus:outline-none [--shadow-height:45px] has-data-writing-block:pointer-events-none has-data-writing-block:-mt-(--shadow-height) has-data-writing-block:pt-(--shadow-height) [&amp;:has([data-writing-block])&gt;*]:pointer-events-auto [content-visibility:auto] supports-[content-visibility:auto]:[contain-intrinsic-size:auto_100lvh] R6Vx5W_threadScrollVars scroll-mb-[calc(var(--scroll-root-safe-area-inset-bottom,0px)+var(--thread-response-height))] scroll-mt-[calc(var(--header-height)+min(200px,max(70px,20svh)))]\" dir=\"auto\" data-turn-id=\"request-WEB:e48e00b1-5287-4490-8a92-048a3e25e88f-15\" data-testid=\"conversation-turn-32\" data-scroll-anchor=\"false\" data-turn=\"assistant\">\n<div class=\"text-base my-auto mx-auto pb-10 [--thread-content-margin:var(--thread-content-margin-xs,calc(var(--spacing)*4))] @w-sm\/main:[--thread-content-margin:var(--thread-content-margin-sm,calc(var(--spacing)*6))] @w-lg\/main:[--thread-content-margin:var(--thread-content-margin-lg,calc(var(--spacing)*16))] px-(--thread-content-margin)\">\n<div class=\"[--thread-content-max-width:40rem] @w-lg\/main:[--thread-content-max-width:48rem] mx-auto max-w-(--thread-content-max-width) flex-1 group\/turn-messages focus-visible:outline-hidden relative flex w-full min-w-0 flex-col agent-turn\">\n<div class=\"flex max-w-full flex-col gap-4 grow\">\n<div class=\"min-h-8 text-message relative flex w-full flex-col items-end gap-2 text-start break-words whitespace-normal outline-none keyboard-focused:focus-ring [.text-message+&amp;]:mt-1\" dir=\"auto\" tabindex=\"0\" data-message-author-role=\"assistant\" data-message-id=\"8d0724d4-4c18-4d95-9420-9f03f05db15e\" data-message-model-slug=\"gpt-5-3\" data-turn-start-message=\"true\">\n<div class=\"flex w-full flex-col gap-1 empty:hidden\">\n<div class=\"markdown prose dark:prose-invert w-full wrap-break-word dark markdown-new-styling\">\n<p data-start=\"61\" data-end=\"418\"><a class=\"dt-pswp-item\" href=\"https:\/\/www.radiopiu.net\/wordpress\/wp-content\/uploads\/2026\/04\/69d7f470-2003-4a2e-9f62-5ed649f33a4f.png\" data-dt-img-description=\"\" data-large_image_width=\"1536\" data-large_image_height=\"1024\"><img loading=\"lazy\" decoding=\"async\" class=\"aligncenter size-medium wp-image-509040\" src=\"https:\/\/www.radiopiu.net\/wordpress\/wp-content\/uploads\/2026\/04\/69d7f470-2003-4a2e-9f62-5ed649f33a4f-300x200.png\" alt=\"\" width=\"300\" height=\"200\" srcset=\"https:\/\/www.radiopiu.net\/wordpress\/wp-content\/uploads\/2026\/04\/69d7f470-2003-4a2e-9f62-5ed649f33a4f-300x200.png 300w, https:\/\/www.radiopiu.net\/wordpress\/wp-content\/uploads\/2026\/04\/69d7f470-2003-4a2e-9f62-5ed649f33a4f-1024x683.png 1024w, https:\/\/www.radiopiu.net\/wordpress\/wp-content\/uploads\/2026\/04\/69d7f470-2003-4a2e-9f62-5ed649f33a4f-768x512.png 768w, https:\/\/www.radiopiu.net\/wordpress\/wp-content\/uploads\/2026\/04\/69d7f470-2003-4a2e-9f62-5ed649f33a4f.png 1536w\" sizes=\"auto, (max-width: 300px) 100vw, 300px\" \/><\/a><\/p>\n<p data-start=\"61\" data-end=\"418\">Una giornata ricca di voci, storie e musica accompagna gli ascoltatori fin dal mattino. Si parte alle 8.05 con la rassegna stampa locale di Mirko Mezzacasa, seguita alle 8.30 da \u201cPi\u00f9 siamo\u201d con Marina Don\u00e0. Alle 9.30 spazio alla memoria con Silvia Baldo in \u201cOggi come ieri\u201d, mentre alle 9.45 arrivano i racconti del luned\u00ec mattina firmati da Paolo Soppelsa. Alle 10 10 SPECIALE MIRCO DE BONA&#8230; IL RIPARATORE SECONDA PUNTATA marco gaz 10.20 uno speciale con Laura Ballis, e alle 10.30 si viaggia nel mondo dei Periti Minerari con Antonio Pollazzon. La tarda mattinata prosegue tra musica e curiosit\u00e0: alle 11.10 \u201cPrimavera hit\u201d e alle 11.30 gli approfondimenti di Paola Lanciato. A mezzogiorno il ritmo cambia con \u201cLiscio non ti lascio\u201d di Mirco Bencivenni, 13 05 salute e societa&#8217; dottor marco caracciolo 13.10 SIB INFORMA,\u00a0 PER LE TRE RADIO &#8211; BARBARA PAOLAZZI\u00a0 mentre alle 13.30 arriva \u201cCollage Operazione Nostalgia\u201d con Loris Scussel. Il pomeriggio e\u00a0 lo sport del luned\u00ec alle 15.10 con Marco Gaz, seguito dal rock di Marco Costantini alle 16.10 e dalle hit raccontate da Mirco Bencivenni alle 16.45. In chiusura, alle 19.10, le anticipazioni dal Tg di Antenna 3. Un palinsesto completo, tra informazione, intrattenimento e passione per la radio.<\/p>\n<p data-start=\"61\" data-end=\"418\">*<\/p>\n<\/div>\n<\/div>\n<\/div>\n<\/div>\n<\/div>\n<\/div>\n<\/section>\n<div class=\"relative basis-auto flex-col -mb-(--composer-overlap-px) pb-(--composer-overlap-px) [--composer-overlap-px:28px] grow flex\">\n<div class=\"flex flex-col text-sm pb-25\">\n<section class=\"text-token-text-primary w-full focus:outline-none [--shadow-height:45px] has-data-writing-block:pointer-events-none has-data-writing-block:-mt-(--shadow-height) has-data-writing-block:pt-(--shadow-height) [&amp;:has([data-writing-block])&gt;*]:pointer-events-auto scroll-mt-[calc(var(--header-height)+min(200px,max(70px,20svh)))]\" dir=\"auto\" data-turn-id=\"request-WEB:14e60ddb-bebf-42de-a335-d96ac69402b5-11\" data-testid=\"conversation-turn-24\" data-scroll-anchor=\"false\" data-turn=\"assistant\">\n<div class=\"text-base my-auto mx-auto [--thread-content-margin:var(--thread-content-margin-xs,calc(var(--spacing)*4))] @w-sm\/main:[--thread-content-margin:var(--thread-content-margin-sm,calc(var(--spacing)*6))] @w-lg\/main:[--thread-content-margin:var(--thread-content-margin-lg,calc(var(--spacing)*16))] px-(--thread-content-margin)\">\n<div class=\"[--thread-content-max-width:40rem] @w-lg\/main:[--thread-content-max-width:48rem] mx-auto max-w-(--thread-content-max-width) flex-1 group\/turn-messages focus-visible:outline-hidden relative flex w-full min-w-0 flex-col agent-turn\">\n<div class=\"flex max-w-full flex-col gap-4 grow\">\n<div class=\"min-h-8 text-message relative flex w-full flex-col items-end gap-2 text-start break-words whitespace-normal outline-none keyboard-focused:focus-ring [.text-message+&amp;]:mt-1\" dir=\"auto\" data-message-author-role=\"assistant\" data-message-id=\"dc8d96b7-ccaa-47fb-ae20-dd1c4854198f\" data-message-model-slug=\"gpt-5-3\">\n<div class=\"flex w-full flex-col gap-1 empty:hidden\"><span style=\"color: #0000ff;\"><strong>LA SEGNALAZIONE&#8230; FACEBOOOK^<\/strong><\/span><\/div>\n<\/div>\n<\/div>\n<\/div>\n<\/div>\n<\/section>\n<\/div>\n<\/div>\n<div class=\"pointer-events-none h-px w-px absolute bottom-0\" aria-hidden=\"true\" data-edge=\"true\">\n<section class=\"text-token-text-primary w-full focus:outline-none [--shadow-height:45px] has-data-writing-block:pointer-events-none has-data-writing-block:-mt-(--shadow-height) has-data-writing-block:pt-(--shadow-height) [&amp;:has([data-writing-block])&gt;*]:pointer-events-auto [content-visibility:auto] supports-[content-visibility:auto]:[contain-intrinsic-size:auto_100lvh] R6Vx5W_threadScrollVars scroll-mb-[calc(var(--scroll-root-safe-area-inset-bottom,0px)+var(--thread-response-height))] scroll-mt-[calc(var(--header-height)+min(200px,max(70px,20svh)))]\" dir=\"auto\" data-turn-id=\"request-69de0cba-c540-8385-80e9-3695a47f511b-34\" data-testid=\"conversation-turn-46\" data-scroll-anchor=\"false\" data-turn=\"assistant\">\n<div class=\"text-base my-auto mx-auto pb-10 [--thread-content-margin:var(--thread-content-margin-xs,calc(var(--spacing)*4))] @w-sm\/main:[--thread-content-margin:var(--thread-content-margin-sm,calc(var(--spacing)*6))] @w-lg\/main:[--thread-content-margin:var(--thread-content-margin-lg,calc(var(--spacing)*16))] px-(--thread-content-margin)\">\n<div class=\"[--thread-content-max-width:40rem] @w-lg\/main:[--thread-content-max-width:48rem] mx-auto max-w-(--thread-content-max-width) flex-1 group\/turn-messages focus-visible:outline-hidden relative flex w-full min-w-0 flex-col agent-turn\">\n<div class=\"mt-3 w-full empty:hidden\">\n<div class=\"text-center\">\n<section class=\"text-token-text-primary w-full focus:outline-none [--shadow-height:45px] has-data-writing-block:pointer-events-none has-data-writing-block:-mt-(--shadow-height) has-data-writing-block:pt-(--shadow-height) [&amp;:has([data-writing-block])&gt;*]:pointer-events-auto [content-visibility:auto] supports-[content-visibility:auto]:[contain-intrinsic-size:auto_100lvh] R6Vx5W_threadScrollVars scroll-mb-[calc(var(--scroll-root-safe-area-inset-bottom,0px)+var(--thread-response-height))] scroll-mt-[calc(var(--header-height)+min(200px,max(70px,20svh)))]\" dir=\"auto\" data-turn-id=\"request-69de0cba-c540-8385-80e9-3695a47f511b-35\" data-testid=\"conversation-turn-48\" data-scroll-anchor=\"false\" data-turn=\"assistant\">\n<div class=\"text-base my-auto mx-auto pb-10 [--thread-content-margin:var(--thread-content-margin-xs,calc(var(--spacing)*4))] @w-sm\/main:[--thread-content-margin:var(--thread-content-margin-sm,calc(var(--spacing)*6))] @w-lg\/main:[--thread-content-margin:var(--thread-content-margin-lg,calc(var(--spacing)*16))] px-(--thread-content-margin)\">\n<div class=\"[--thread-content-max-width:40rem] @w-lg\/main:[--thread-content-max-width:48rem] mx-auto max-w-(--thread-content-max-width) flex-1 group\/turn-messages focus-visible:outline-hidden relative flex w-full min-w-0 flex-col agent-turn\">\n<div class=\"flex max-w-full flex-col gap-4 grow\">\n<div class=\"min-h-8 text-message relative flex w-full flex-col items-end gap-2 text-start break-words whitespace-normal outline-none keyboard-focused:focus-ring [.text-message+&amp;]:mt-1\" dir=\"auto\" tabindex=\"0\" data-message-author-role=\"assistant\" data-message-id=\"f896908d-b22c-4133-9f29-a976b3f8eecd\" data-message-model-slug=\"gpt-5-3\" data-turn-start-message=\"true\">\n<div class=\"flex w-full flex-col gap-1 empty:hidden\">\n<div class=\"markdown prose dark:prose-invert w-full wrap-break-word dark markdown-new-styling\"><a class=\"dt-pswp-item\" href=\"https:\/\/www.radiopiu.net\/wordpress\/wp-content\/uploads\/2026\/04\/680258579_1308652684482737_2640583250782580846_n.jpg\" data-dt-img-description=\"\" data-large_image_width=\"720\" data-large_image_height=\"497\"><img loading=\"lazy\" decoding=\"async\" class=\"aligncenter wp-image-509058 size-full\" src=\"https:\/\/www.radiopiu.net\/wordpress\/wp-content\/uploads\/2026\/04\/680258579_1308652684482737_2640583250782580846_n.jpg\" alt=\"\" width=\"720\" height=\"497\" srcset=\"https:\/\/www.radiopiu.net\/wordpress\/wp-content\/uploads\/2026\/04\/680258579_1308652684482737_2640583250782580846_n.jpg 720w, https:\/\/www.radiopiu.net\/wordpress\/wp-content\/uploads\/2026\/04\/680258579_1308652684482737_2640583250782580846_n-300x207.jpg 300w\" sizes=\"auto, (max-width: 720px) 100vw, 720px\" \/><\/a><\/div>\n<\/div>\n<\/div>\n<\/div>\n<\/div>\n<\/div>\n<\/section>\n<div class=\"pointer-events-none -mt-px h-px translate-y-[calc(var(--scroll-root-safe-area-inset-bottom)-14*var(--spacing))]\" aria-hidden=\"true\">*<\/div>\n<\/div>\n<\/div>\n<\/div>\n<\/div>\n<\/section>\n<\/div>\n<\/div>\n<\/div>\n<\/div>\n<\/div>\n<\/div>\n<\/div>\n<\/div>\n<\/div>\n<\/div>\n<\/article>\n<\/div>\n<div class=\"x11i5rnm xat24cr x1mh8g0r x1vvkbs xtlvy1s x126k92a\">\n<hr \/>\n<h1><\/h1>\n<h1><span style=\"color: #0000ff;\">N di parom &#8211; L Almanach de la nosta jent<\/span><\/h1>\n<h1><strong style=\"font-size: 14px;\"><span style=\"color: #ff0000;\">OGNI GIORNO ALLE CINQUE E ALLE NOVE E DIECI\u00a0 DEL MATTINO<\/span><\/strong><\/h1>\n<h1><strong style=\"font-size: 14px;\">LA PUNTATA DI OGGI, 27 APRILE 2026<\/strong><\/h1>\n<audio class=\"wp-audio-shortcode\" id=\"audio-508603-1\" preload=\"none\" style=\"width: 100%;\" controls=\"controls\"><source type=\"audio\/mpeg\" src=\"https:\/\/www.radiopiu.net\/wordpress\/wp-content\/uploads\/2026\/04\/AL1-4.mp3?_=1\" \/><a href=\"https:\/\/www.radiopiu.net\/wordpress\/wp-content\/uploads\/2026\/04\/AL1-4.mp3\">https:\/\/www.radiopiu.net\/wordpress\/wp-content\/uploads\/2026\/04\/AL1-4.mp3<\/a><\/audio>\n<p>&nbsp;<\/p>\n<p>&nbsp;<\/p>\n<\/div>\n<div class=\"x11i5rnm xat24cr x1mh8g0r x1vvkbs xtlvy1s x126k92a\">\n<div dir=\"auto\">\n<hr \/>\n<\/div>\n<\/div>\n<blockquote>\n<h1><\/h1>\n<\/blockquote>\n<h1 style=\"text-align: center;\"><strong>NOTIZIE DELLA NOTTE LA RASSEGNA STAMPA NAZIONALE, AGGIORNAMENTO OGNI GIORNO ALLE SEI DEL MATTINO\u00a0<\/strong><\/h1>\n<h1 style=\"text-align: center;\"><strong><br \/>\n<a class=\"dt-pswp-item\" href=\"https:\/\/www.radiopiu.net\/wordpress\/wp-content\/uploads\/2026\/04\/Screenshot-2026-04-27-051747.png\" data-dt-img-description=\"\" data-large_image_width=\"661\" data-large_image_height=\"194\"><img loading=\"lazy\" decoding=\"async\" class=\"aligncenter wp-image-509035 size-full\" src=\"https:\/\/www.radiopiu.net\/wordpress\/wp-content\/uploads\/2026\/04\/Screenshot-2026-04-27-051747.png\" alt=\"\" width=\"661\" height=\"194\" srcset=\"https:\/\/www.radiopiu.net\/wordpress\/wp-content\/uploads\/2026\/04\/Screenshot-2026-04-27-051747.png 661w, https:\/\/www.radiopiu.net\/wordpress\/wp-content\/uploads\/2026\/04\/Screenshot-2026-04-27-051747-300x88.png 300w\" sizes=\"auto, (max-width: 661px) 100vw, 661px\" \/><\/a><br \/>\n<\/strong><\/h1>\n<div class=\"flex max-w-full flex-col gap-4 grow\">\n<div class=\"min-h-8 text-message relative flex w-full flex-col items-end gap-2 text-start break-words whitespace-normal outline-none keyboard-focused:focus-ring [.text-message+&amp;]:mt-1\" dir=\"auto\" tabindex=\"0\" data-message-author-role=\"assistant\" data-message-id=\"7e5a3e9a-66d9-486b-9a77-4933f84fe42e\" data-message-model-slug=\"gpt-5-3\" data-turn-start-message=\"true\">\n<div class=\"flex w-full flex-col gap-1 empty:hidden\">\n<div class=\"markdown prose dark:prose-invert w-full wrap-break-word dark markdown-new-styling\">\n<section class=\"text-token-text-primary w-full focus:outline-none [--shadow-height:45px] has-data-writing-block:pointer-events-none has-data-writing-block:-mt-(--shadow-height) has-data-writing-block:pt-(--shadow-height) [&amp;:has([data-writing-block])&gt;*]:pointer-events-auto [content-visibility:auto] supports-[content-visibility:auto]:[contain-intrinsic-size:auto_100lvh] R6Vx5W_threadScrollVars scroll-mb-[calc(var(--scroll-root-safe-area-inset-bottom,0px)+var(--thread-response-height))] scroll-mt-[calc(var(--header-height)+min(200px,max(70px,20svh)))]\" dir=\"auto\" data-turn-id=\"request-WEB:e48e00b1-5287-4490-8a92-048a3e25e88f-7\" data-testid=\"conversation-turn-16\" data-scroll-anchor=\"false\" data-turn=\"assistant\">\n<div class=\"text-base my-auto mx-auto pb-10 [--thread-content-margin:var(--thread-content-margin-xs,calc(var(--spacing)*4))] @w-sm\/main:[--thread-content-margin:var(--thread-content-margin-sm,calc(var(--spacing)*6))] @w-lg\/main:[--thread-content-margin:var(--thread-content-margin-lg,calc(var(--spacing)*16))] px-(--thread-content-margin)\">\n<div class=\"[--thread-content-max-width:40rem] @w-lg\/main:[--thread-content-max-width:48rem] mx-auto max-w-(--thread-content-max-width) flex-1 group\/turn-messages focus-visible:outline-hidden relative flex w-full min-w-0 flex-col agent-turn\">\n<div class=\"flex max-w-full flex-col gap-4 grow\">\n<div class=\"min-h-8 text-message relative flex w-full flex-col items-end gap-2 text-start break-words whitespace-normal outline-none keyboard-focused:focus-ring [.text-message+&amp;]:mt-1\" dir=\"auto\" tabindex=\"0\" data-message-author-role=\"assistant\" data-message-id=\"27339825-96aa-4adb-8628-6acf38e7243a\" data-message-model-slug=\"gpt-5-3\" data-turn-start-message=\"true\">\n<div class=\"flex w-full flex-col gap-1 empty:hidden\">\n<div class=\"markdown prose dark:prose-invert w-full wrap-break-word dark markdown-new-styling\">\n<p data-start=\"0\" data-end=\"15\"><strong data-start=\"0\" data-end=\"15\">STATI UNITI<\/strong><\/p>\n<p data-start=\"17\" data-end=\"399\">Spari durante un gala legato a Donald Trump con la presenza di giornalisti: un uomo ha aperto il fuoco, ferendo un agente prima di essere arrestato. Gli investigatori stanno ricostruendo la dinamica e verificando eventuali collegamenti. Condanna bipartisan: Barack Obama ha parlato di violenza inaccettabile, mentre Giorgia Meloni ha ribadito che non c\u2019\u00e8 spazio per l\u2019odio politico.<\/p>\n<hr data-start=\"629\" data-end=\"632\" \/>\n<p data-start=\"634\" data-end=\"642\"><strong data-start=\"634\" data-end=\"642\">ROMA<\/strong><\/p>\n<p data-start=\"644\" data-end=\"809\">Indagini in corso dopo una sparatoria: gli investigatori sono sulle tracce di un uomo fuggito con il casco. Si cerca di chiarire il movente e ricostruire l\u2019accaduto.<\/p>\n<hr data-start=\"811\" data-end=\"814\" \/>\n<p data-start=\"816\" data-end=\"833\"><strong data-start=\"816\" data-end=\"833\">MEDIO ORIENTE<\/strong><\/p>\n<p data-start=\"835\" data-end=\"1054\">Tensione alta: almeno 14 morti negli attacchi israeliani nel sud del Libano. Intanto il ministro degli Esteri iraniano \u00e8 a San Pietroburgo per colloqui con Vladimir Putin, mentre Mosca rafforza i rapporti con Pyongyang<\/p>\n<hr \/>\n<div class=\"flex max-w-full flex-col gap-4 grow\">\n<div class=\"min-h-8 text-message relative flex w-full flex-col items-end gap-2 text-start break-words whitespace-normal outline-none keyboard-focused:focus-ring [.text-message+&amp;]:mt-1\" dir=\"auto\" tabindex=\"0\" data-message-author-role=\"assistant\" data-message-id=\"27339825-96aa-4adb-8628-6acf38e7243a\" data-message-model-slug=\"gpt-5-3\" data-turn-start-message=\"true\">\n<div class=\"flex w-full flex-col gap-1 empty:hidden\">\n<div class=\"markdown prose dark:prose-invert w-full wrap-break-word dark markdown-new-styling\">\n<p data-start=\"1559\" data-end=\"1580\"><strong data-start=\"1559\" data-end=\"1580\">REGNO UNITO \/ USA<\/strong><\/p>\n<p data-start=\"1582\" data-end=\"1649\">Buckingham Palace conferma la visita di re Carlo negli Stati Uniti.<\/p>\n<hr data-start=\"1651\" data-end=\"1654\" \/>\n<p data-start=\"1656\" data-end=\"1664\"><strong data-start=\"1656\" data-end=\"1664\">IRAN<\/strong><\/p>\n<p data-start=\"1666\" data-end=\"1793\" data-is-last-node=\"\" data-is-only-node=\"\">Donald Trump avverte: il sistema petrolifero iraniano rischia il collasso in pochi giorni, aumentando le tensioni geopolitiche.<\/p>\n<\/div>\n<\/div>\n<\/div>\n<\/div>\n<hr data-start=\"1056\" data-end=\"1059\" \/>\n<p data-start=\"1061\" data-end=\"1076\"><strong data-start=\"1061\" data-end=\"1076\">EL SALVADOR<\/strong><\/p>\n<p data-start=\"1078\" data-end=\"1216\">Svolta dura sulla sicurezza: entra in vigore l\u2019ergastolo anche per i minorenni, misura che sta facendo discutere a livello internazionale.<\/p>\n<hr data-start=\"1218\" data-end=\"1221\" \/>\n<p data-start=\"1223\" data-end=\"1233\"><strong data-start=\"1223\" data-end=\"1233\">ITALIA<\/strong><\/p>\n<p data-start=\"1235\" data-end=\"1409\">A Milano corteo del 25 aprile tra tensioni e contestazioni pro Palestina. Polemiche anche per i raduni a Dongo e Predappio con saluti romani legati alla memoria di Mussolini.<\/p>\n<hr data-start=\"1411\" data-end=\"1414\" \/>\n<p data-start=\"1416\" data-end=\"1425\"><strong data-start=\"1416\" data-end=\"1425\">SPORT<\/strong><\/p>\n<p data-start=\"1427\" data-end=\"1552\">Tadej Pogacar trionfa ancora alla Liegi-Bastogne-Liegi 2026, firmando un poker storico. In Serie A, Torino-Inter finisce 2-2.<br \/>\n*<\/p>\n<p>*<\/p>\n<hr data-start=\"1554\" data-end=\"1557\" \/>\n<\/div>\n<\/div>\n<\/div>\n<\/div>\n<div class=\"z-0 flex min-h-[46px] justify-start\"><\/div>\n<\/div>\n<\/div>\n<\/section>\n<\/div>\n<\/div>\n<\/div>\n<\/div>\n<h1>IL GIORNALE DELLE SEI DEL MATTINO<\/h1>\n<audio class=\"wp-audio-shortcode\" id=\"audio-508603-2\" preload=\"none\" style=\"width: 100%;\" controls=\"controls\"><source type=\"audio\/mpeg\" src=\"https:\/\/www.radiopiu.net\/wordpress\/wp-content\/uploads\/2026\/04\/GIORNALEDELLESEI-19.mp3?_=2\" \/><a href=\"https:\/\/www.radiopiu.net\/wordpress\/wp-content\/uploads\/2026\/04\/GIORNALEDELLESEI-19.mp3\">https:\/\/www.radiopiu.net\/wordpress\/wp-content\/uploads\/2026\/04\/GIORNALEDELLESEI-19.mp3<\/a><\/audio>\n<p>&nbsp;<\/p>\n<p>&nbsp;<\/p>\n<hr \/>\n<p>&nbsp;<\/p>\n<h1 style=\"text-align: center;\"><span style=\"color: #ff0000;\">I podcast informativi del mattino &#8211; audio &#8211;\u00a0<\/span><\/h1>\n<p><strong>OGNI GIORNO ALLE SETTE DEL MATTINO, LA RASSEGNA STAMPA LOCALE FLASH&#8230; PER CHI VA IN FRETTA. I TITOLI DAI GIORNALI E DAL SITO WWW.RADIOPIU.NET <span style=\"color: #0000ff;\">viene pubblicato alle 7.00<\/span> <span style=\"color: #ff0000;\">DIRETTA RADIO\u00a0 <\/span><\/strong><em><span style=\"color: #ff0000;\">per chi va in fretta&#8230; tante notizie in pochi minuti. L&#8217;informazione locale alla radio, ogni ora dalle 7 del mattino alle 19 della sera.<\/span><\/em><\/p>\n<h1 style=\"text-align: center;\">DALL&#8217;ITALIA<\/h1>\n<div class=\"text-base my-auto mx-auto [--thread-content-margin:--spacing(4)] @w-sm\/main:[--thread-content-margin:--spacing(6)] @w-lg\/main:[--thread-content-margin:--spacing(16)] px-(--thread-content-margin)\">\n<div class=\"[--thread-content-max-width:40rem] @w-lg\/main:[--thread-content-max-width:48rem] mx-auto max-w-(--thread-content-max-width) flex-1 group\/turn-messages focus-visible:outline-hidden relative flex w-full min-w-0 flex-col agent-turn\" tabindex=\"-1\">\n<div class=\"flex max-w-full flex-col grow\">\n<div class=\"min-h-8 text-message relative flex w-full flex-col items-end gap-2 text-start break-words whitespace-normal [.text-message+&amp;]:mt-1\" dir=\"auto\" data-message-author-role=\"assistant\" data-message-id=\"267fcfff-1a0f-4670-9dc4-51b6552dafd9\" data-message-model-slug=\"gpt-5-2\">\n<div class=\"flex w-full flex-col gap-1 empty:hidden first:pt-[1px]\">\n<div class=\"markdown prose dark:prose-invert w-full wrap-break-word dark markdown-new-styling\">\n<div>\n<div class=\"flex h-svh w-screen flex-col\">\n<div class=\"relative z-0 flex min-h-0 w-full flex-1\">\n<div class=\"relative flex min-h-0 w-full flex-1\">\n<div class=\"@container\/main relative flex min-w-0 flex-1 flex-col -translate-y-[calc(env(safe-area-inset-bottom,0px)\/2)] pt-[calc(env(safe-area-inset-bottom,0px)\/2)]\">\n<div class=\"@w-sm\/main:[scrollbar-gutter:var(--stage-scroll-gutter)] touch:[scrollbar-width:none] group\/scroll-root relative flex min-h-0 min-w-0 flex-1 flex-col [scrollbar-gutter:stable] not-print:overflow-x-clip not-print:overflow-y-auto group-data-stream-active\/scroll-root:[overflow-anchor:none] scroll-pt-(--header-height) [--sticky-padding-top:var(--header-height)] [--sticky-padding-bottom:0px] [--scroll-root-safe-area-inset-top:calc(var(--sticky-padding-top)+env(safe-area-inset-top,0px))] [--scroll-root-safe-area-inset-bottom:calc(var(--sticky-padding-bottom)+var(--screen-keyboard-height,0px)+env(safe-area-inset-bottom,0px))] [--scroll-root-safe-area-height:calc(100lvh-var(--scroll-root-safe-area-inset-top)-var(--scroll-root-safe-area-inset-bottom))] has-data-[fixed-header=less-than-xl]:@w-xl\/main:scroll-pt-0 has-data-[fixed-header=less-than-xl]:@w-xl\/main:[--sticky-padding-top:0px] has-data-[fixed-header=less-than-xxl]:@w-2xl\/main:scroll-pt-0 has-data-[fixed-header=less-than-xxl]:@w-2xl\/main:[--sticky-padding-top:0px]\" data-scroll-root=\"\" data-scroll-from-top=\"\">\n<p>&nbsp;<\/p>\n<div id=\"thread\" class=\"group\/thread flex flex-col min-h-full\">\n<div class=\"composer-parent flex flex-1 flex-col focus-visible:outline-0\" role=\"presentation\">\n<div class=\"relative basis-auto flex-col -mb-(--composer-overlap-px) pb-(--composer-overlap-px) [--composer-overlap-px:28px] grow flex\">\n<div class=\"flex flex-col text-sm\">\n<section class=\"text-token-text-primary w-full focus:outline-none [--shadow-height:45px] has-data-writing-block:pointer-events-none has-data-writing-block:-mt-(--shadow-height) has-data-writing-block:pt-(--shadow-height) [&amp;:has([data-writing-block])&gt;*]:pointer-events-auto [content-visibility:auto] supports-[content-visibility:auto]:[contain-intrinsic-size:auto_100lvh] R6Vx5W_threadScrollVars scroll-mb-[calc(var(--scroll-root-safe-area-inset-bottom,0px)+var(--thread-response-height))] scroll-mt-[calc(var(--header-height)+min(200px,max(70px,20svh)))]\" dir=\"auto\" data-turn-id=\"request-WEB:e48e00b1-5287-4490-8a92-048a3e25e88f-9\" data-testid=\"conversation-turn-20\" data-scroll-anchor=\"false\" data-turn=\"assistant\">\n<div class=\"text-base my-auto mx-auto pb-10 [--thread-content-margin:var(--thread-content-margin-xs,calc(var(--spacing)*4))] @w-sm\/main:[--thread-content-margin:var(--thread-content-margin-sm,calc(var(--spacing)*6))] @w-lg\/main:[--thread-content-margin:var(--thread-content-margin-lg,calc(var(--spacing)*16))] px-(--thread-content-margin)\">\n<div class=\"[--thread-content-max-width:40rem] @w-lg\/main:[--thread-content-max-width:48rem] mx-auto max-w-(--thread-content-max-width) flex-1 group\/turn-messages focus-visible:outline-hidden relative flex w-full min-w-0 flex-col agent-turn\">\n<div class=\"flex max-w-full flex-col gap-4 grow\">\n<div class=\"min-h-8 text-message relative flex w-full flex-col items-end gap-2 text-start break-words whitespace-normal outline-none keyboard-focused:focus-ring [.text-message+&amp;]:mt-1\" dir=\"auto\" tabindex=\"0\" data-message-author-role=\"assistant\" data-message-id=\"a7a2358b-1889-4742-a5e2-a494fe594d98\" data-message-model-slug=\"gpt-5-3\" data-turn-start-message=\"true\">\n<div class=\"flex w-full flex-col gap-1 empty:hidden\">\n<div class=\"markdown prose dark:prose-invert w-full wrap-break-word dark markdown-new-styling\">\n<p data-start=\"0\" data-end=\"8\"><strong data-start=\"0\" data-end=\"8\"><a class=\"dt-pswp-item\" href=\"https:\/\/www.radiopiu.net\/wordpress\/wp-content\/uploads\/2026\/04\/Screenshot-2026-04-27-052020.png\" data-dt-img-description=\"\" data-large_image_width=\"647\" data-large_image_height=\"186\"><img loading=\"lazy\" decoding=\"async\" class=\"aligncenter wp-image-509036 size-full\" src=\"https:\/\/www.radiopiu.net\/wordpress\/wp-content\/uploads\/2026\/04\/Screenshot-2026-04-27-052020.png\" alt=\"\" width=\"647\" height=\"186\" srcset=\"https:\/\/www.radiopiu.net\/wordpress\/wp-content\/uploads\/2026\/04\/Screenshot-2026-04-27-052020.png 647w, https:\/\/www.radiopiu.net\/wordpress\/wp-content\/uploads\/2026\/04\/Screenshot-2026-04-27-052020-300x86.png 300w\" sizes=\"auto, (max-width: 647px) 100vw, 647px\" \/><\/a>ROMA<\/strong><\/p>\n<p data-start=\"10\" data-end=\"255\">Indagini della Procura sul caso del video intimo che coinvolge il conduttore Stefano De Martino. Nel mirino un tecnico della sicurezza informatica, accusato di aver diffuso il materiale. L\u2019inchiesta parte da un esposto dello stesso presentatore.<\/p>\n<hr data-start=\"257\" data-end=\"260\" \/>\n<p data-start=\"262\" data-end=\"276\"><strong data-start=\"262\" data-end=\"276\">VALTELLINA<\/strong><\/p>\n<p data-start=\"278\" data-end=\"474\">Tragedia in montagna: una donna \u00e8 morta sbranata da cinque Dogo argentini mentre percorreva un sentiero. I cani sono stati sequestrati, mentre il proprietario \u00e8 sotto indagine per omessa custodia.<\/p>\n<hr data-start=\"476\" data-end=\"479\" \/>\n<p data-start=\"481\" data-end=\"489\"><strong data-start=\"481\" data-end=\"489\">ROMA<\/strong><\/p>\n<p data-start=\"491\" data-end=\"680\">Spari in citt\u00e0, feriti due attivisti dell\u2019Anpi. Gli investigatori cercano un uomo fuggito con il casco, analizzando le immagini delle telecamere. Indagini affidate anche all\u2019Antiterrorismo.<\/p>\n<hr data-start=\"682\" data-end=\"685\" \/>\n<p data-start=\"687\" data-end=\"700\"><strong data-start=\"687\" data-end=\"700\">CATANZARO<\/strong><\/p>\n<p data-start=\"702\" data-end=\"861\">Commozione ai funerali della donna che si \u00e8 tolta la vita lanciandosi dal balcone insieme ai figli. Una tragedia che ha scosso profondamente l\u2019intera comunit\u00e0.<\/p>\n<hr data-start=\"863\" data-end=\"866\" \/>\n<p data-start=\"868\" data-end=\"877\"><strong data-start=\"868\" data-end=\"877\">PAVIA<\/strong><\/p>\n<p data-start=\"879\" data-end=\"1071\">Nuovo capitolo nel caso Garlasco: la Procura punta alla revisione del processo per l\u2019omicidio di Chiara Poggi. Sarebbe la terza richiesta, mentre resta al centro la posizione di Alberto Stasi.<\/p>\n<hr data-start=\"1073\" data-end=\"1076\" \/>\n<p data-start=\"1078\" data-end=\"1097\"><strong data-start=\"1078\" data-end=\"1097\">NAPOLI \/ MILANO<\/strong><\/p>\n<p data-start=\"1099\" data-end=\"1273\">Tensioni nelle piazze: a Napoli scontri tra manifestanti e polizia durante una protesta, mentre a Milano il corteo del 25 aprile \u00e8 stato segnato da contestazioni e polemiche.<\/p>\n<hr data-start=\"1275\" data-end=\"1278\" \/>\n<p data-start=\"1280\" data-end=\"1289\"><strong data-start=\"1280\" data-end=\"1289\">PARMA<\/strong><\/p>\n<p data-start=\"1291\" data-end=\"1471\">Chiara Petrolini condannata a 24 anni e 3 mesi per il caso dei neonati sepolti. Assolta invece dall\u2019accusa di omicidio del primogenito. Dopo la sentenza, il pianto con i familiari.<\/p>\n<hr data-start=\"1473\" data-end=\"1476\" \/>\n<p data-start=\"1478\" data-end=\"1489\"><strong data-start=\"1478\" data-end=\"1489\">SALENTO<\/strong><\/p>\n<p data-start=\"1491\" data-end=\"1675\">Paura in mare a Gallipoli: uno squalo mako ha attaccato un motoscafo. Nessun ferito, ma forte apprensione tra i pescatori. L\u2019animale, probabilmente ferito, \u00e8 stato avvistato pi\u00f9 volte.<\/p>\n<hr data-start=\"1677\" data-end=\"1680\" \/>\n<p data-start=\"1682\" data-end=\"1703\"><strong data-start=\"1682\" data-end=\"1703\">SVIZZERA \/ ITALIA<\/strong><\/p>\n<p data-start=\"1705\" data-end=\"1853\">Caso Crans-Montana: la Svizzera pronta a chiedere il rimborso delle spese mediche all\u2019Italia. Il governo respinge la richiesta, definita \u201cignobile\u201d.<\/p>\n<hr data-start=\"1855\" data-end=\"1858\" \/>\n<p data-start=\"1860\" data-end=\"1869\"><strong data-start=\"1860\" data-end=\"1869\">SPORT<\/strong><\/p>\n<p data-start=\"1871\" data-end=\"1986\" data-is-last-node=\"\" data-is-only-node=\"\">Bufera arbitrale: il designatore Rocchi e l\u2019Inter respingono le accuse, mentre la Lega valuta possibili interventi.<br \/>\n*<\/p>\n<p>*<\/p>\n<\/div>\n<\/div>\n<\/div>\n<\/div>\n<\/div>\n<\/div>\n<\/section>\n<\/div>\n<\/div>\n<\/div>\n<\/div>\n<\/div>\n<\/div>\n<\/div>\n<\/div>\n<\/div>\n<\/div>\n<\/div>\n<\/div>\n<\/div>\n<\/div>\n<\/div>\n<\/div>\n<div class=\"flex flex-col text-sm pb-25\">\n<article class=\"text-token-text-primary w-full focus:outline-none [--shadow-height:45px] has-data-writing-block:pointer-events-none has-data-writing-block:-mt-(--shadow-height) has-data-writing-block:pt-(--shadow-height) [&amp;:has([data-writing-block])&gt;*]:pointer-events-auto scroll-mt-[calc(var(--header-height)+min(200px,max(70px,20svh)))]\" dir=\"auto\" tabindex=\"-1\" data-turn-id=\"4725b8e7-448d-49ef-90cd-737bcdd880f6\" data-testid=\"conversation-turn-10\" data-scroll-anchor=\"true\" data-turn=\"assistant\">\n<div class=\"text-base my-auto mx-auto pb-10 [--thread-content-margin:--spacing(4)] @w-sm\/main:[--thread-content-margin:--spacing(6)] @w-lg\/main:[--thread-content-margin:--spacing(16)] px-(--thread-content-margin)\">\n<div class=\"[--thread-content-max-width:40rem] @w-lg\/main:[--thread-content-max-width:48rem] mx-auto max-w-(--thread-content-max-width) flex-1 group\/turn-messages focus-visible:outline-hidden relative flex w-full min-w-0 flex-col agent-turn\" tabindex=\"-1\">\n<hr \/>\n<h1><\/h1>\n<h1 style=\"text-align: center;\">DALLA REGIONE VENETO, la cronaca del fine settimane del 25 aprile<\/h1>\n<div class=\"flex flex-col text-sm pb-25\">\n<article class=\"text-token-text-primary w-full focus:outline-none [--shadow-height:45px] has-data-writing-block:pointer-events-none has-data-writing-block:-mt-(--shadow-height) has-data-writing-block:pt-(--shadow-height) [&amp;:has([data-writing-block])&gt;*]:pointer-events-auto scroll-mt-[calc(var(--header-height)+min(200px,max(70px,20svh)))]\" dir=\"auto\" tabindex=\"-1\" data-turn-id=\"request-WEB:395a30ce-c02d-48c6-adac-8c26190c19fc-13\" data-testid=\"conversation-turn-28\" data-scroll-anchor=\"true\" data-turn=\"assistant\">\n<div class=\"text-base my-auto mx-auto pb-10 [--thread-content-margin:--spacing(4)] @w-sm\/main:[--thread-content-margin:--spacing(6)] @w-lg\/main:[--thread-content-margin:--spacing(16)] px-(--thread-content-margin)\">\n<div class=\"[--thread-content-max-width:40rem] @w-lg\/main:[--thread-content-max-width:48rem] mx-auto max-w-(--thread-content-max-width) flex-1 group\/turn-messages focus-visible:outline-hidden relative flex w-full min-w-0 flex-col agent-turn\" tabindex=\"-1\">\n<div class=\"flex max-w-full flex-col grow\">\n<div class=\"min-h-8 text-message relative flex w-full flex-col items-end gap-2 text-start break-words whitespace-normal [.text-message+&amp;]:mt-1\" dir=\"auto\" data-message-author-role=\"assistant\" data-message-id=\"591443fe-dd2a-4daf-aacb-ee3a0ce88286\" data-message-model-slug=\"gpt-5-2\">\n<div class=\"flex w-full flex-col gap-1 empty:hidden first:pt-[1px]\">\n<div class=\"markdown prose dark:prose-invert w-full wrap-break-word dark markdown-new-styling\">\n<div class=\"flex flex-col text-sm pb-25\">\n<article class=\"text-token-text-primary w-full focus:outline-none [--shadow-height:45px] has-data-writing-block:pointer-events-none has-data-writing-block:-mt-(--shadow-height) has-data-writing-block:pt-(--shadow-height) [&amp;:has([data-writing-block])&gt;*]:pointer-events-auto scroll-mt-[calc(var(--header-height)+min(200px,max(70px,20svh)))]\" dir=\"auto\" tabindex=\"-1\" data-turn-id=\"request-WEB:8a5e7093-3d62-4bde-8de5-bd2a8fc79713-22\" data-testid=\"conversation-turn-46\" data-scroll-anchor=\"true\" data-turn=\"assistant\">\n<div class=\"text-base my-auto mx-auto pb-10 [--thread-content-margin:--spacing(4)] @w-sm\/main:[--thread-content-margin:--spacing(6)] @w-lg\/main:[--thread-content-margin:--spacing(16)] px-(--thread-content-margin)\">\n<div class=\"[--thread-content-max-width:40rem] @w-lg\/main:[--thread-content-max-width:48rem] mx-auto max-w-(--thread-content-max-width) flex-1 group\/turn-messages focus-visible:outline-hidden relative flex w-full min-w-0 flex-col agent-turn\" tabindex=\"-1\">\n<div class=\"flex max-w-full flex-col grow\">\n<div class=\"min-h-8 text-message relative flex w-full flex-col items-end gap-2 text-start break-words whitespace-normal [.text-message+&amp;]:mt-1\" dir=\"auto\" data-message-author-role=\"assistant\" data-message-id=\"fd94cd0c-b9c7-45f7-a79b-d93166b5150e\" data-message-model-slug=\"gpt-5-2\">\n<div class=\"flex w-full flex-col gap-1 empty:hidden first:pt-[1px]\">\n<div class=\"markdown prose dark:prose-invert w-full wrap-break-word dark markdown-new-styling\">\n<div class=\"relative basis-auto flex-col -mb-(--composer-overlap-px) pb-(--composer-overlap-px) [--composer-overlap-px:28px] grow flex\">\n<div class=\"flex flex-col text-sm\">\n<section class=\"text-token-text-primary w-full focus:outline-none [--shadow-height:45px] has-data-writing-block:pointer-events-none has-data-writing-block:-mt-(--shadow-height) has-data-writing-block:pt-(--shadow-height) [&amp;:has([data-writing-block])&gt;*]:pointer-events-auto [content-visibility:auto] supports-[content-visibility:auto]:[contain-intrinsic-size:auto_100lvh] R6Vx5W_threadScrollVars scroll-mb-[calc(var(--scroll-root-safe-area-inset-bottom,0px)+var(--thread-response-height))] scroll-mt-[calc(var(--header-height)+min(200px,max(70px,20svh)))]\" dir=\"auto\" data-turn-id=\"request-WEB:e48e00b1-5287-4490-8a92-048a3e25e88f-11\" data-testid=\"conversation-turn-24\" data-scroll-anchor=\"false\" data-turn=\"assistant\">\n<div class=\"text-base my-auto mx-auto pb-10 [--thread-content-margin:var(--thread-content-margin-xs,calc(var(--spacing)*4))] @w-sm\/main:[--thread-content-margin:var(--thread-content-margin-sm,calc(var(--spacing)*6))] @w-lg\/main:[--thread-content-margin:var(--thread-content-margin-lg,calc(var(--spacing)*16))] px-(--thread-content-margin)\">\n<div class=\"[--thread-content-max-width:40rem] @w-lg\/main:[--thread-content-max-width:48rem] mx-auto max-w-(--thread-content-max-width) flex-1 group\/turn-messages focus-visible:outline-hidden relative flex w-full min-w-0 flex-col agent-turn\">\n<div class=\"flex max-w-full flex-col gap-4 grow\">\n<div class=\"min-h-8 text-message relative flex w-full flex-col items-end gap-2 text-start break-words whitespace-normal outline-none keyboard-focused:focus-ring [.text-message+&amp;]:mt-1\" dir=\"auto\" tabindex=\"0\" data-message-author-role=\"assistant\" data-message-id=\"c25c5658-fd1a-4b6e-a7a3-3b36109f551d\" data-message-model-slug=\"gpt-5-3\" data-turn-start-message=\"true\">\n<div class=\"flex w-full flex-col gap-1 empty:hidden\">\n<div class=\"markdown prose dark:prose-invert w-full wrap-break-word dark markdown-new-styling\">\n<p data-start=\"0\" data-end=\"11\"><a class=\"dt-pswp-item\" href=\"https:\/\/www.radiopiu.net\/wordpress\/wp-content\/uploads\/2026\/04\/721b80a8-96c0-4d4e-95e5-ef43973e59a6.png\" data-dt-img-description=\"\" data-large_image_width=\"1536\" data-large_image_height=\"1024\"><img loading=\"lazy\" decoding=\"async\" class=\"aligncenter size-medium wp-image-509037\" src=\"https:\/\/www.radiopiu.net\/wordpress\/wp-content\/uploads\/2026\/04\/721b80a8-96c0-4d4e-95e5-ef43973e59a6-300x200.png\" alt=\"\" width=\"300\" height=\"200\" srcset=\"https:\/\/www.radiopiu.net\/wordpress\/wp-content\/uploads\/2026\/04\/721b80a8-96c0-4d4e-95e5-ef43973e59a6-300x200.png 300w, https:\/\/www.radiopiu.net\/wordpress\/wp-content\/uploads\/2026\/04\/721b80a8-96c0-4d4e-95e5-ef43973e59a6-1024x683.png 1024w, https:\/\/www.radiopiu.net\/wordpress\/wp-content\/uploads\/2026\/04\/721b80a8-96c0-4d4e-95e5-ef43973e59a6-768x512.png 768w, https:\/\/www.radiopiu.net\/wordpress\/wp-content\/uploads\/2026\/04\/721b80a8-96c0-4d4e-95e5-ef43973e59a6.png 1536w\" sizes=\"auto, (max-width: 300px) 100vw, 300px\" \/><\/a><\/p>\n<p data-start=\"0\" data-end=\"11\"><strong data-start=\"0\" data-end=\"11\">VENEZIA<\/strong><\/p>\n<p data-start=\"13\" data-end=\"206\">Tragedia nel Canal Grande: un uomo senza fissa dimora \u00e8 morto dopo essere precipitato in acqua. Tra le ipotesi quella di un malore. Indagini affidate alla Polfer, con rilievi della Scientifica.<\/p>\n<hr data-start=\"208\" data-end=\"211\" \/>\n<p data-start=\"213\" data-end=\"227\"><strong data-start=\"213\" data-end=\"227\">TREVIGIANO<\/strong><\/p>\n<p data-start=\"229\" data-end=\"399\">\u00c8 gravissima una bambina di 18 mesi rimasta incastrata in un tosaerba guidato dal padre. La piccola ha riportato ferite gravissime ed \u00e8 ricoverata in condizioni critiche.<\/p>\n<hr data-start=\"401\" data-end=\"404\" \/>\n<p data-start=\"406\" data-end=\"417\"><strong data-start=\"406\" data-end=\"417\">VICENZA<\/strong><\/p>\n<p data-start=\"419\" data-end=\"570\">Grave incidente tra due moto: tre feriti, tra cui un ragazzo di 15 anni in condizioni disperate. In codice rosso anche il padre. Accertamenti in corso.<\/p>\n<hr data-start=\"572\" data-end=\"575\" \/>\n<p data-start=\"577\" data-end=\"587\"><strong data-start=\"577\" data-end=\"587\">VENETO<\/strong><\/p>\n<p data-start=\"589\" data-end=\"761\">Arrestato un latitante di 46 anni, responsabile di sequestri di persona e rapine in abitazione commessi tra Bologna e Padova nel 2012. Deve scontare una condanna a 10 anni.<\/p>\n<hr data-start=\"763\" data-end=\"766\" \/>\n<p data-start=\"768\" data-end=\"789\"><strong data-start=\"768\" data-end=\"789\">VIA DELLA LIBERT\u00c0<\/strong><\/p>\n<p data-start=\"791\" data-end=\"918\">Una donna \u00e8 stata travolta da un\u2019auto mentre attraversava la strada: \u00e8 ricoverata in gravi condizioni. Indagini sulla dinamica.<\/p>\n<hr data-start=\"920\" data-end=\"923\" \/>\n<p data-start=\"925\" data-end=\"944\"><strong data-start=\"925\" data-end=\"944\">PADOVA \/ MESTRE<\/strong><\/p>\n<p data-start=\"946\" data-end=\"1098\">Migliaia in piazza per il 25 aprile: circa 5mila persone a Padova e 3mila a Mestre. Cortei tra partecipazione e presenza di sigle sindacali e movimenti.<\/p>\n<hr data-start=\"1100\" data-end=\"1103\" \/>\n<p data-start=\"1105\" data-end=\"1116\"><strong data-start=\"1105\" data-end=\"1116\">LEGNAGO<\/strong><\/p>\n<p data-start=\"1118\" data-end=\"1263\">Denunciati due minorenni per aver sparato con una scacciacani vicino a una fermata dell\u2019autobus. Il gesto era stato filmato e diffuso sui social.<\/p>\n<hr data-start=\"1265\" data-end=\"1268\" \/>\n<p data-start=\"1270\" data-end=\"1280\"><strong data-start=\"1270\" data-end=\"1280\">PADOVA<\/strong><\/p>\n<p data-start=\"1282\" data-end=\"1443\">Un neonato rischia di soffocare ma viene salvato grazie alle indicazioni telefoniche di un operatore del 118, che ha guidato la madre nelle manovre di emergenza.<\/p>\n<hr data-start=\"1445\" data-end=\"1448\" \/>\n<p data-start=\"1450\" data-end=\"1461\"><strong data-start=\"1450\" data-end=\"1461\">VENEZIA<\/strong><\/p>\n<p data-start=\"1463\" data-end=\"1553\">Inaugurato il nuovo Centro di giustizia riparativa, operativo anche per Treviso e Belluno.<\/p>\n<hr data-start=\"1555\" data-end=\"1558\" \/>\n<p data-start=\"1560\" data-end=\"1584\"><strong data-start=\"1560\" data-end=\"1584\">SAN NICOLO\u2019 COMELICO<\/strong><\/p>\n<p data-start=\"1586\" data-end=\"1708\">Avviata l\u2019organizzazione per i 60 anni della strage di Cima Vallona nel 2027, con l\u2019invito al Presidente della Repubblica.<\/p>\n<hr data-start=\"1710\" data-end=\"1713\" \/>\n<p data-start=\"1715\" data-end=\"1726\"><strong data-start=\"1715\" data-end=\"1726\">RICERCA<\/strong><\/p>\n<p data-start=\"1728\" data-end=\"1884\" data-is-last-node=\"\" data-is-only-node=\"\">In Italia uno studio su cellule staminali riprogrammate per la cura della maculopatia, con il progetto \u201cLucy\u201d coordinato dalla Fondazione Banca degli Occhi.<\/p>\n<\/div>\n<\/div>\n<\/div>\n<\/div>\n<\/div>\n<\/div>\n<\/section>\n<\/div>\n<\/div>\n<div id=\"thread-bottom-container\" class=\"sticky bottom-0 z-10 group\/thread-bottom-container relative isolate w-full basis-auto has-data-has-thread-error:pt-2 has-data-has-thread-error:[box-shadow:var(--sharp-edge-bottom-shadow)] md:border-transparent md:pt-0 dark:border-white\/20 md:dark:border-transparent print:hidden content-fade single-line flex flex-col\">\n<div class=\"relative mx-auto h-0\"><\/div>\n<div id=\"thread-bottom\">\n<div>\n<div class=\"text-base mx-auto [--thread-content-margin:var(--thread-content-margin-xs,calc(var(--spacing)*4))] @w-sm\/main:[--thread-content-margin:var(--thread-content-margin-sm,calc(var(--spacing)*6))] @w-lg\/main:[--thread-content-margin:var(--thread-content-margin-lg,calc(var(--spacing)*16))] px-(--thread-content-margin)\">\n<div>\n<div class=\"[--thread-content-max-width:40rem] @w-lg\/main:[--thread-content-max-width:48rem] mx-auto max-w-(--thread-content-max-width) flex-1 mb-[var(--thread-component-gap,1rem)]\">\n<div class=\"pointer-events-auto relative z-1 flex h-(--composer-container-height,100%) max-w-full flex-(--composer-container-flex,1) flex-col\">\n<form class=\"group\/composer w-full\" data-type=\"unified-composer\">\n<div class=\"\">\n<div class=\"bg-token-bg-primary dark:bg-token-bg-elevated-primary dark-oled:bg-token-bg-primary corner-superellipse\/1.1 cursor-text overflow-clip bg-clip-padding p-2.5 contain-inline-size motion-safe:transition-colors motion-safe:duration-200 motion-safe:ease-in-out grid grid-cols-[auto_1fr_auto] [grid-template-areas:'header_header_header'_'leading_primary_trailing'_'._footer_.'] group-data-expanded\/composer:[grid-template-areas:'header_header_header'_'primary_primary_primary'_'leading_footer_trailing'] shadow-short-composer\" data-composer-surface=\"true\">\n<div class=\"-my-2.5 flex min-h-14 items-center overflow-x-hidden px-1.5 [grid-area:primary] group-data-expanded\/composer:mb-0 group-data-expanded\/composer:px-2.5\">\n<div class=\"wcDTda_prosemirror-parent text-token-text-primary max-h-[max(30svh,5rem)] max-h-52 min-h-[var(--deep-research-composer-extra-height,unset)] flex-1 overflow-auto [scrollbar-width:thin] default-browser vertical-scroll-fade-mask\"><\/div>\n<\/div>\n<\/div>\n<\/div>\n<\/form>\n<\/div>\n<\/div>\n<\/div>\n<\/div>\n<\/div>\n<\/div>\n<\/div>\n<\/div>\n<\/div>\n<\/div>\n<\/div>\n<\/div>\n<\/div>\n<\/article>\n<\/div>\n<div class=\"pointer-events-none h-px w-px absolute bottom-0\" aria-hidden=\"true\" data-edge=\"true\">\n<h1 class=\"_title post-title entry-title\">PONZANO VENETO | FINTI CARABINIERI IN AZIONE: RUBATI GIOIELLI PER OLTRE 30 MILA EURO<\/h1>\n<\/div>\n<\/div>\n<\/div>\n<\/div>\n<\/div>\n<\/div>\n<\/div>\n<\/article>\n<\/div>\n<p><iframe loading=\"lazy\" title=\"FINTI CARABINIERI IN AZIONE: RUBATI GIOIELLI PER OLTRE 30 MILA EURO | 26\/04\/2026\" width=\"1200\" height=\"675\" src=\"https:\/\/www.youtube.com\/embed\/7x26qDOGU_4?feature=oembed\" frameborder=\"0\" allow=\"accelerometer; autoplay; clipboard-write; encrypted-media; gyroscope; picture-in-picture; web-share\" referrerpolicy=\"strict-origin-when-cross-origin\" allowfullscreen><\/iframe><\/p>\n<\/div>\n<\/div>\n<\/article>\n<\/div>\n<hr \/>\n<p>&nbsp;<\/p>\n<blockquote>\n<h1><\/h1>\n<h1><a class=\"dt-pswp-item\" href=\"https:\/\/www.radiopiu.net\/wordpress\/wp-content\/uploads\/2026\/04\/mirko-rassegna.png\" data-dt-img-description=\"\" data-large_image_width=\"511\" data-large_image_height=\"287\"><img loading=\"lazy\" decoding=\"async\" class=\"aligncenter wp-image-507211 size-full\" src=\"https:\/\/www.radiopiu.net\/wordpress\/wp-content\/uploads\/2026\/04\/mirko-rassegna.png\" alt=\"\" width=\"511\" height=\"287\" srcset=\"https:\/\/www.radiopiu.net\/wordpress\/wp-content\/uploads\/2026\/04\/mirko-rassegna.png 511w, https:\/\/www.radiopiu.net\/wordpress\/wp-content\/uploads\/2026\/04\/mirko-rassegna-300x168.png 300w\" sizes=\"auto, (max-width: 511px) 100vw, 511px\" \/><\/a><\/h1>\n<\/blockquote>\n<div class=\"flex flex-col text-sm pb-25\">\n<article class=\"text-token-text-primary w-full focus:outline-none [--shadow-height:45px] has-data-writing-block:pointer-events-none has-data-writing-block:-mt-(--shadow-height) has-data-writing-block:pt-(--shadow-height) [&amp;:has([data-writing-block])&gt;*]:pointer-events-auto scroll-mt-[calc(var(--header-height)+min(200px,max(70px,20svh)))]\" dir=\"auto\" tabindex=\"-1\" data-turn-id=\"request-WEB:395a30ce-c02d-48c6-adac-8c26190c19fc-24\" data-testid=\"conversation-turn-50\" data-scroll-anchor=\"true\" data-turn=\"assistant\">\n<div class=\"text-base my-auto mx-auto pb-10 [--thread-content-margin:--spacing(4)] @w-sm\/main:[--thread-content-margin:--spacing(6)] @w-lg\/main:[--thread-content-margin:--spacing(16)] px-(--thread-content-margin)\"><\/div>\n<\/article>\n<\/div>\n<h1 data-start=\"128\" data-end=\"155\">&#x1f4f0; RASSEGNA STAMPA LOCALE, OGNI GIORNO ALLE 7 PER CHI VA DI FRETTA, ALLE 8.05 DA 43 ANNI<\/h1>\n<\/div>\n<\/div>\n<\/div>\n<\/article>\n<\/div>\n<div class=\"flex flex-col text-sm pb-25\">\n<article class=\"text-token-text-primary w-full focus:outline-none [--shadow-height:45px] has-data-writing-block:pointer-events-none has-data-writing-block:-mt-(--shadow-height) has-data-writing-block:pt-(--shadow-height) [&amp;:has([data-writing-block])&gt;*]:pointer-events-auto scroll-mt-[calc(var(--header-height)+min(200px,max(70px,20svh)))]\" dir=\"auto\" tabindex=\"-1\" data-turn-id=\"request-WEB:545a5307-a0c9-41c7-9a5f-bf65aefdb8ec-5\" data-testid=\"conversation-turn-12\" data-scroll-anchor=\"true\" data-turn=\"assistant\">\n<div class=\"text-base my-auto mx-auto pb-10 [--thread-content-margin:--spacing(4)] @w-sm\/main:[--thread-content-margin:--spacing(6)] @w-lg\/main:[--thread-content-margin:--spacing(16)] px-(--thread-content-margin)\">\n<div class=\"[--thread-content-max-width:40rem] @w-lg\/main:[--thread-content-max-width:48rem] mx-auto max-w-(--thread-content-max-width) flex-1 group\/turn-messages focus-visible:outline-hidden relative flex w-full min-w-0 flex-col agent-turn\" tabindex=\"-1\">\n<div class=\"z-0 flex min-h-[46px] justify-start\">\n<div class=\"pointer-events-none h-px w-px absolute bottom-0\" aria-hidden=\"true\" data-edge=\"true\">\n<article class=\"text-token-text-primary w-full focus:outline-none [--shadow-height:45px] has-data-writing-block:pointer-events-none has-data-writing-block:-mt-(--shadow-height) has-data-writing-block:pt-(--shadow-height) [&amp;:has([data-writing-block])&gt;*]:pointer-events-auto scroll-mt-[calc(var(--header-height)+min(200px,max(70px,20svh)))]\" dir=\"auto\" tabindex=\"-1\" data-turn-id=\"request-WEB:395a30ce-c02d-48c6-adac-8c26190c19fc-23\" data-testid=\"conversation-turn-48\" data-scroll-anchor=\"false\" data-turn=\"assistant\">\n<div class=\"text-base my-auto mx-auto [--thread-content-margin:--spacing(4)] @w-sm\/main:[--thread-content-margin:--spacing(6)] @w-lg\/main:[--thread-content-margin:--spacing(16)] px-(--thread-content-margin)\">\n<div class=\"[--thread-content-max-width:40rem] @w-lg\/main:[--thread-content-max-width:48rem] mx-auto max-w-(--thread-content-max-width) flex-1 group\/turn-messages focus-visible:outline-hidden relative flex w-full min-w-0 flex-col agent-turn\" tabindex=\"-1\">\n<div class=\"z-0 flex min-h-[46px] justify-start\">\n<div class=\"pointer-events-none h-px w-px absolute bottom-0\" aria-hidden=\"true\" data-edge=\"true\">\n<article class=\"text-token-text-primary w-full focus:outline-none [--shadow-height:45px] has-data-writing-block:pointer-events-none has-data-writing-block:-mt-(--shadow-height) has-data-writing-block:pt-(--shadow-height) [&amp;:has([data-writing-block])&gt;*]:pointer-events-auto scroll-mt-(--header-height)\" dir=\"auto\" tabindex=\"-1\" data-turn-id=\"be71d048-10d6-4822-b6f8-d8ba31ea41c6\" data-testid=\"conversation-turn-49\" data-scroll-anchor=\"false\" data-turn=\"user\">\n<div class=\"text-base my-auto mx-auto pt-12 [--thread-content-margin:--spacing(4)] @w-sm\/main:[--thread-content-margin:--spacing(6)] @w-lg\/main:[--thread-content-margin:--spacing(16)] px-(--thread-content-margin)\">\n<div class=\"[--thread-content-max-width:40rem] @w-lg\/main:[--thread-content-max-width:48rem] mx-auto max-w-(--thread-content-max-width) flex-1 group\/turn-messages focus-visible:outline-hidden relative flex w-full min-w-0 flex-col\" tabindex=\"-1\">\n<div class=\"flex max-w-full flex-col grow\">\n<div class=\"min-h-8 text-message relative flex w-full flex-col items-end gap-2 text-start break-words whitespace-normal [.text-message+&amp;]:mt-1\" dir=\"auto\" data-message-author-role=\"user\" data-message-id=\"be71d048-10d6-4822-b6f8-d8ba31ea41c6\">\n<div class=\"flex w-full flex-col gap-1 empty:hidden items-end rtl:items-start\">\n<div class=\"user-message-bubble-color corner-superellipse\/1.1 relative rounded-[18px] px-4 py-1.5 data-[multiline]:py-3 max-w-[var(--user-chat-width,70%)]\">\n<p>DI MIRKO MEZZACASA<\/p>\n<audio class=\"wp-audio-shortcode\" id=\"audio-508603-3\" preload=\"none\" style=\"width: 100%;\" controls=\"controls\"><source type=\"audio\/mpeg\" src=\"https:\/\/www.radiopiu.net\/wordpress\/wp-content\/uploads\/2026\/04\/GF07-18.mp3?_=3\" \/><a href=\"https:\/\/www.radiopiu.net\/wordpress\/wp-content\/uploads\/2026\/04\/GF07-18.mp3\">https:\/\/www.radiopiu.net\/wordpress\/wp-content\/uploads\/2026\/04\/GF07-18.mp3<\/a><\/audio>\n<p>&nbsp;<\/p>\n<\/div>\n<\/div>\n<\/div>\n<\/div>\n<\/div>\n<\/div>\n<\/article>\n<\/div>\n<\/div>\n<\/div>\n<\/div>\n<\/article>\n<\/div>\n<\/div>\n<\/div>\n<\/div>\n<\/article>\n<\/div>\n<div class=\"flex flex-col text-sm pb-25\">\n<article class=\"text-token-text-primary w-full focus:outline-none [--shadow-height:45px] has-data-writing-block:pointer-events-none has-data-writing-block:-mt-(--shadow-height) has-data-writing-block:pt-(--shadow-height) [&amp;:has([data-writing-block])&gt;*]:pointer-events-auto scroll-mt-[calc(var(--header-height)+min(200px,max(70px,20svh)))]\" dir=\"auto\" tabindex=\"-1\" data-turn-id=\"request-WEB:545a5307-a0c9-41c7-9a5f-bf65aefdb8ec-5\" data-testid=\"conversation-turn-12\" data-scroll-anchor=\"true\" data-turn=\"assistant\">\n<div class=\"text-base my-auto mx-auto pb-10 [--thread-content-margin:--spacing(4)] @w-sm\/main:[--thread-content-margin:--spacing(6)] @w-lg\/main:[--thread-content-margin:--spacing(16)] px-(--thread-content-margin)\">\n<div class=\"[--thread-content-max-width:40rem] @w-lg\/main:[--thread-content-max-width:48rem] mx-auto max-w-(--thread-content-max-width) flex-1 group\/turn-messages focus-visible:outline-hidden relative flex w-full min-w-0 flex-col agent-turn\" tabindex=\"-1\">\n<div class=\"z-0 flex min-h-[46px] justify-start\">\n<p>&nbsp;<\/p>\n<p>&nbsp;<\/p>\n<hr \/>\n<p>&nbsp;<\/p>\n<h1><span style=\"color: #ff0000;\"><a class=\"dt-pswp-item\" href=\"https:\/\/www.radiopiu.net\/wordpress\/wp-content\/uploads\/2024\/11\/8.jpg\" data-dt-img-description=\"\" data-large_image_width=\"180\" data-large_image_height=\"180\"><img loading=\"lazy\" decoding=\"async\" class=\"size-full wp-image-417910 aligncenter\" src=\"https:\/\/www.radiopiu.net\/wordpress\/wp-content\/uploads\/2024\/11\/8.jpg\" alt=\"\" width=\"180\" height=\"180\" srcset=\"https:\/\/www.radiopiu.net\/wordpress\/wp-content\/uploads\/2024\/11\/8.jpg 180w, https:\/\/www.radiopiu.net\/wordpress\/wp-content\/uploads\/2024\/11\/8-150x150.jpg 150w\" sizes=\"auto, (max-width: 180px) 100vw, 180px\" \/><\/a><\/span><\/h1>\n<h1><span style=\"color: #ff0000;\">I podcast informativi del mattino &#8211; video &#8211;\u00a0<\/span><\/h1>\n<h2 style=\"text-align: left;\"><strong>RASSEGNA STAMPA LOCALE, ORE OTTO<\/strong><\/h2>\n<h2><strong><span style=\"color: #0000ff;\">viene\u00a0 <\/span><\/strong><strong><span style=\"color: #0000ff;\">pubblicata alle 8.05 <span style=\"color: #ff0000;\">DIRETTA RADIO\u00a0 \u00a0<\/span><\/span><\/strong><strong>DI MIRKO MEZZACASA<\/strong><\/h2>\n<h1><span style=\"color: #ff0000;\"><strong>VIDEO\u00a0 \u00a0in diretta AGGIORNAMENTO\u00a0 dalle 8 del mattino<\/strong><\/span><\/h1>\n<p><iframe loading=\"lazy\" title=\"DAL 1983 LA RASSEGNA STAMPA LOCALE di mirko mezzacasa. L&#039;ORIGINALE\" width=\"1200\" height=\"675\" src=\"https:\/\/www.youtube.com\/embed\/fwr4HEP9c7A?feature=oembed\" frameborder=\"0\" allow=\"accelerometer; autoplay; clipboard-write; encrypted-media; gyroscope; picture-in-picture; web-share\" referrerpolicy=\"strict-origin-when-cross-origin\" allowfullscreen><\/iframe><\/p>\n<\/div>\n<\/div>\n<\/div>\n<\/article>\n<\/div>\n<p>&nbsp;<\/p>\n<hr \/>\n<p>&nbsp;<\/p>\n<blockquote>\n<h3 style=\"text-align: center;\">ACQUA NON POTABILE A CENCENIGHE IN LOCALITA PRA&#8217; DI MEZZO<\/h3>\n<\/blockquote>\n<p><strong><a class=\"dt-pswp-item\" href=\"https:\/\/www.radiopiu.net\/wordpress\/wp-content\/uploads\/2021\/09\/BICCHIERE-ACQUA.jpg\" data-dt-img-description=\"\" data-large_image_width=\"1920\" data-large_image_height=\"1280\"><img loading=\"lazy\" decoding=\"async\" class=\"aligncenter size-medium wp-image-234651\" src=\"https:\/\/www.radiopiu.net\/wordpress\/wp-content\/uploads\/2021\/09\/BICCHIERE-ACQUA-300x200.jpg\" alt=\"\" width=\"300\" height=\"200\" srcset=\"https:\/\/www.radiopiu.net\/wordpress\/wp-content\/uploads\/2021\/09\/BICCHIERE-ACQUA-300x200.jpg 300w, https:\/\/www.radiopiu.net\/wordpress\/wp-content\/uploads\/2021\/09\/BICCHIERE-ACQUA-1024x683.jpg 1024w, https:\/\/www.radiopiu.net\/wordpress\/wp-content\/uploads\/2021\/09\/BICCHIERE-ACQUA-768x512.jpg 768w, https:\/\/www.radiopiu.net\/wordpress\/wp-content\/uploads\/2021\/09\/BICCHIERE-ACQUA-1536x1024.jpg 1536w, https:\/\/www.radiopiu.net\/wordpress\/wp-content\/uploads\/2021\/09\/BICCHIERE-ACQUA.jpg 1920w\" sizes=\"auto, (max-width: 300px) 100vw, 300px\" \/><\/a>\u00a0<\/strong><\/p>\n<p><strong>CENCENIGHE <\/strong>Servizi Integrati Bellunesi (SIB) ha emesso un avviso di allerta per la frazione di Pra&#8217; di Mezzo. A causa di alcune non conformit\u00e0, l&#8217;acqua erogata dall&#8217;acquedotto locale \u00e8 stata dichiarata non potabile. I cittadini sono invitati a utilizzare l&#8217;acqua per scopi alimentari esclusivamente previa bollitura. Per limitare il disagio, SIB ha gi\u00e0 predisposto un servizio sostitutivo tramite cisterna, posizionata direttamente nella localit\u00e0 interessata. L&#8217;ente gestore assicura di aver gi\u00e0 avviato le operazioni di pulizia e disinfezione dei serbatoi e della rete idrica. Il ripristino della potabilit\u00e0 verr\u00e0 comunicato tempestivamente al termine degli interventi tecnici.<\/p>\n<p>&nbsp;<\/p>\n<blockquote>\n<h3 style=\"text-align: center;\">LAVORI PROGRAMMATI SIB<\/h3>\n<\/blockquote>\n<p><strong>SELVA DI CADORE<\/strong> Servizi Integrati Bellunesi comunica che oggi, dalle 8 alle 12, sar\u00e0 sospesa l\u2019erogazione dell\u2019acqua nel comune di Selva di Cadore, nelle vie Verdal, Al Monico e San Lorenzo, per consentire lavori programmati alla rete idrica comunale. L\u2019intervento si rende necessario per migliorare l\u2019efficienza del servizio. Il personale incaricato sar\u00e0 operativo per ridurre al minimo i disagi ai residenti coinvolti.<\/p>\n<p>&nbsp;<\/p>\n<p>&nbsp;<\/p>\n<hr \/>\n<p>&nbsp;<\/p>\n<blockquote>\n<p style=\"text-align: center;\" data-start=\"0\" data-end=\"61\"><strong data-start=\"0\" data-end=\"61\">PEDAVENA, SCONTRO IN CAMPO: CALCIATORE 15ENNE IN OSPEDALE<\/strong><\/p>\n<p style=\"text-align: center;\" data-start=\"0\" data-end=\"61\"><strong data-start=\"0\" data-end=\"61\"><a class=\"dt-pswp-item\" href=\"https:\/\/www.radiopiu.net\/wordpress\/wp-content\/uploads\/2026\/04\/Screenshot-2026-04-27-045545.png\" data-dt-img-description=\"\" data-large_image_width=\"183\" data-large_image_height=\"158\"><img loading=\"lazy\" decoding=\"async\" class=\"aligncenter size-full wp-image-509025\" src=\"https:\/\/www.radiopiu.net\/wordpress\/wp-content\/uploads\/2026\/04\/Screenshot-2026-04-27-045545.png\" alt=\"\" width=\"183\" height=\"158\" \/><\/a><\/strong><\/p>\n<\/blockquote>\n<p data-start=\"63\" data-end=\"382\"><strong>PEDAVENA<\/strong><\/p>\n<p data-start=\"63\" data-end=\"382\">Momenti di paura a Pedavena durante una partita degli Allievi Under 17. Un ragazzo di 15 anni ha perso conoscenza per alcuni minuti dopo un violento scontro testa contro testa con un avversario. Il giovane, rimasto a terra privo di sensi, \u00e8 stato subito soccorso e trasportato in ambulanza al pronto soccorso di Feltre. L\u2019incidente \u00e8 avvenuto nel primo tempo della gara tra Pedavena e Castion, iniziata alle 10. Dopo circa mezz\u2019ora di gioco, l\u2019impatto tra i due calciatori ha reso necessario l\u2019intervento immediato del 118. Fortunatamente le condizioni del ragazzo non sono risultate gravi: dopo gli accertamenti \u00e8 stato dimesso nel tardo pomeriggio, intorno alle 18, e far\u00e0 rientro a casa. Per precauzione rester\u00e0 sotto osservazione nelle prossime 48 ore. La partita \u00e8 stata sospesa.<br \/>\n*<\/p>\n<p>*<\/p>\n<hr \/>\n<p style=\"text-align: center;\" data-start=\"0\" data-end=\"49\"><strong data-start=\"0\" data-end=\"49\">QUERO, L\u2019ULTIMO SALUTO AL MARESCIALLO MOTTOLA<\/strong><\/p>\n<p style=\"text-align: center;\" data-start=\"0\" data-end=\"49\"><strong data-start=\"0\" data-end=\"49\"><br \/>\n<a class=\"dt-pswp-item\" href=\"https:\/\/www.radiopiu.net\/wordpress\/wp-content\/uploads\/2026\/04\/Screenshot-2026-04-27-045322.png\" data-dt-img-description=\"\" data-large_image_width=\"222\" data-large_image_height=\"183\"><img loading=\"lazy\" decoding=\"async\" class=\"aligncenter size-full wp-image-509024\" src=\"https:\/\/www.radiopiu.net\/wordpress\/wp-content\/uploads\/2026\/04\/Screenshot-2026-04-27-045322.png\" alt=\"\" width=\"222\" height=\"183\" \/><\/a><\/strong><\/p>\n<p>&nbsp;<\/p>\n<p data-start=\"0\" data-end=\"49\"><strong>SETTEVILLE<\/strong><\/p>\n<p data-start=\"51\" data-end=\"279\">Quero si stringe oggi attorno alla famiglia di Francesco Mottola, 66 anni, storico comandante della stazione dei carabinieri dal 1991 fino al pensionamento nel 2012. I funerali saranno celebrati alle 15 nella chiesa arcipretale. Originario di Vietri sul Mare, ma falcadino di adozione, Mottola era arrivato dal Comelico nel Basso Feltrino, dove aveva costruito un legame profondo con la comunit\u00e0 locale, diventando un punto di riferimento per tanti cittadini. Appassionato motociclista, nel 2008 era stato insignito dell\u2019onorificenza di Cavaliere. La sua scomparsa lascia un segno forte in tutto il territorio.<br \/>\n*<\/p>\n<p>*<\/p>\n<hr \/>\n<p>&nbsp;<\/p>\n<p style=\"text-align: center;\" data-start=\"0\" data-end=\"67\"><strong data-start=\"0\" data-end=\"67\">BELLUNO, INTOSSICAZIONE ALLA CLIVET: DECINE DI OPERAI COINVOLTI<\/strong><\/p>\n<p><strong><a class=\"dt-pswp-item\" href=\"https:\/\/www.radiopiu.net\/wordpress\/wp-content\/uploads\/2026\/04\/813368db-eadf-4c1d-8dfb-1e94853195eb.png\" data-dt-img-description=\"\" data-large_image_width=\"1536\" data-large_image_height=\"1024\"><img loading=\"lazy\" decoding=\"async\" class=\"aligncenter size-medium wp-image-509031\" src=\"https:\/\/www.radiopiu.net\/wordpress\/wp-content\/uploads\/2026\/04\/813368db-eadf-4c1d-8dfb-1e94853195eb-300x200.png\" alt=\"\" width=\"300\" height=\"200\" srcset=\"https:\/\/www.radiopiu.net\/wordpress\/wp-content\/uploads\/2026\/04\/813368db-eadf-4c1d-8dfb-1e94853195eb-300x200.png 300w, https:\/\/www.radiopiu.net\/wordpress\/wp-content\/uploads\/2026\/04\/813368db-eadf-4c1d-8dfb-1e94853195eb-1024x683.png 1024w, https:\/\/www.radiopiu.net\/wordpress\/wp-content\/uploads\/2026\/04\/813368db-eadf-4c1d-8dfb-1e94853195eb-768x512.png 768w, https:\/\/www.radiopiu.net\/wordpress\/wp-content\/uploads\/2026\/04\/813368db-eadf-4c1d-8dfb-1e94853195eb.png 1536w\" sizes=\"auto, (max-width: 300px) 100vw, 300px\" \/><\/a><br \/>\nFELTRE<\/strong> Presunti casi di intossicazione alimentare nello stabilimento <span class=\"hover:entity-accent entity-underline inline cursor-pointer align-baseline\"><span class=\"whitespace-normal\">Clivet<\/span><\/span> di Feltre, nel Bellunese. Nell\u2019ultima settimana circa cinquanta lavoratori hanno accusato malesseri come nausea, crampi addominali e stanchezza, sintomi riconducibili a un\u2019infezione intestinale. Non si tratterebbe &#8211; secondo l&#8217;articolo pubblicato oggi dal Gazzettino &#8211;\u00a0 di episodi isolati: alcuni dipendenti, preoccupati dal persistere dei disturbi, si sono rivolti anche al pronto soccorso, seppur per sintomi lievi e in fase di miglioramento. L\u2019azienda ha attivato subito le procedure di controllo e profilassi, coinvolgendo anche sindacati e rappresentanze interne. Sotto osservazione soprattutto acqua e alimenti della mensa, possibili veicoli di batteri come l\u2019<span class=\"hover:entity-accent entity-underline inline cursor-pointer align-baseline\"><span class=\"whitespace-normal\">Escherichia coli<\/span><\/span>. Secondo <span class=\"hover:entity-accent entity-underline inline cursor-pointer align-baseline\"><span class=\"whitespace-normal\">Stefano Bona<\/span><\/span>, segretario provinciale della <span class=\"hover:entity-accent entity-underline inline cursor-pointer align-baseline\"><span class=\"whitespace-normal\">FIOM CGIL<\/span><\/span>, i casi sarebbero tra i 50 e i 60, ma fortunatamente con sintomi non gravi. I controlli effettuati finora su acqua e distributori hanno dato esito negativo, mentre resta sotto verifica il servizio mensa. Un episodio simile si era gi\u00e0 verificato un anno fa in un\u2019altra fabbrica della Valbelluna. Anche in questo caso si attende di chiarire l\u2019origine del problema, mentre la situazione sembra gi\u00e0 in via di rientro.<br \/>\n*<\/p>\n<p><strong>IL GAZZETTINO<\/strong><a class=\"dt-pswp-item\" href=\"https:\/\/www.radiopiu.net\/wordpress\/wp-content\/uploads\/2026\/04\/Screenshot-2026-04-27-050041-1.png\" data-dt-img-description=\"\" data-large_image_width=\"1210\" data-large_image_height=\"178\"><br \/>\n<img loading=\"lazy\" decoding=\"async\" class=\"aligncenter size-medium wp-image-509030\" src=\"https:\/\/www.radiopiu.net\/wordpress\/wp-content\/uploads\/2026\/04\/Screenshot-2026-04-27-050041-1-300x44.png\" alt=\"\" width=\"300\" height=\"44\" srcset=\"https:\/\/www.radiopiu.net\/wordpress\/wp-content\/uploads\/2026\/04\/Screenshot-2026-04-27-050041-1-300x44.png 300w, https:\/\/www.radiopiu.net\/wordpress\/wp-content\/uploads\/2026\/04\/Screenshot-2026-04-27-050041-1-1024x151.png 1024w, https:\/\/www.radiopiu.net\/wordpress\/wp-content\/uploads\/2026\/04\/Screenshot-2026-04-27-050041-1-768x113.png 768w, https:\/\/www.radiopiu.net\/wordpress\/wp-content\/uploads\/2026\/04\/Screenshot-2026-04-27-050041-1.png 1210w\" sizes=\"auto, (max-width: 300px) 100vw, 300px\" \/><\/a><\/p>\n<p>*<\/p>\n<section class=\"text-token-text-primary w-full focus:outline-none [--shadow-height:45px] has-data-writing-block:pointer-events-none has-data-writing-block:-mt-(--shadow-height) has-data-writing-block:pt-(--shadow-height) [&amp;:has([data-writing-block])&gt;*]:pointer-events-auto [content-visibility:auto] supports-[content-visibility:auto]:[contain-intrinsic-size:auto_100lvh] R6Vx5W_threadScrollVars scroll-mb-[calc(var(--scroll-root-safe-area-inset-bottom,0px)+var(--thread-response-height))] scroll-mt-[calc(var(--header-height)+min(200px,max(70px,20svh)))]\" dir=\"auto\" data-turn-id=\"request-WEB:e48e00b1-5287-4490-8a92-048a3e25e88f-5\" data-testid=\"conversation-turn-12\" data-scroll-anchor=\"false\" data-turn=\"assistant\">\n<div class=\"text-base my-auto mx-auto pb-10 [--thread-content-margin:var(--thread-content-margin-xs,calc(var(--spacing)*4))] @w-sm\/main:[--thread-content-margin:var(--thread-content-margin-sm,calc(var(--spacing)*6))] @w-lg\/main:[--thread-content-margin:var(--thread-content-margin-lg,calc(var(--spacing)*16))] px-(--thread-content-margin)\">\n<div class=\"[--thread-content-max-width:40rem] @w-lg\/main:[--thread-content-max-width:48rem] mx-auto max-w-(--thread-content-max-width) flex-1 group\/turn-messages focus-visible:outline-hidden relative flex w-full min-w-0 flex-col agent-turn\">\n<div class=\"z-0 flex min-h-[46px] justify-start\">\n<hr \/>\n<blockquote>\n<h3 style=\"text-align: center;\">FRANA SULLA VECCHIA STRADA PER AVOSCAN<\/h3>\n<\/blockquote>\n<p><strong>SAN TOMASO<\/strong> Una frana ha interessato la vecchia strada che conduce ad Avoscan, creando disagi soprattutto per chi la percorreva in bicicletta. Il cedimento del terreno si \u00e8 verificato circa 300 metri dopo il ponte della strada regionale sul torrente Cordevole. Sebbene il tratto fosse ufficialmente chiuso al traffico, era diventato un passaggio molto frequentato da ciclisti ed escursionisti, grazie alle buone condizioni del fondo stradale. L\u2019evento ha reso ora impossibile il transito in sicurezza. Resta da capire se e quando verranno effettuati interventi di messa in sicurezza o ripristino del percorso.<\/p>\n\n\t\t\t<style type='text\/css'>\n\t\t\t\t#gallery-1 {\n\t\t\t\t\tmargin: auto;\n\t\t\t\t}\n\t\t\t\t#gallery-1 .gallery-item {\n\t\t\t\t\tfloat: left;\n\t\t\t\t\tmargin-top: 10px;\n\t\t\t\t\ttext-align: center;\n\t\t\t\t\twidth: 50%;\n\t\t\t\t}\n\t\t\t\t#gallery-1 img {\n\t\t\t\t\tborder: 2px solid #cfcfcf;\n\t\t\t\t}\n\t\t\t\t#gallery-1 .gallery-caption {\n\t\t\t\t\tmargin-left: 0;\n\t\t\t\t}\n\t\t\t\t\/* see gallery_shortcode() in wp-includes\/media.php *\/\n\t\t\t<\/style>\n\t\t<div id='gallery-1' class='dt-gallery-container gallery galleryid-508603 gallery-columns-2 gallery-size-medium'><dl class='gallery-item'>\n\t\t\t\t<dt class='gallery-icon landscape'>\n\t\t\t\t\t<a class=\"rollover rollover-zoom dt-pswp-item\" title=\"10e10a5c-624b-4a21-81ba-9cbbee41ef77\" data-dt-img-description=\"\" data-large_image_width=\"1599\" data-large_image_height=\"899\"href='https:\/\/www.radiopiu.net\/wordpress\/wp-content\/uploads\/2026\/04\/10e10a5c-624b-4a21-81ba-9cbbee41ef77.jpg'><img loading=\"lazy\" decoding=\"async\" width=\"300\" height=\"169\" src=\"https:\/\/www.radiopiu.net\/wordpress\/wp-content\/uploads\/2026\/04\/10e10a5c-624b-4a21-81ba-9cbbee41ef77-300x169.jpg\" class=\"attachment-medium size-medium\" alt=\"\" srcset=\"https:\/\/www.radiopiu.net\/wordpress\/wp-content\/uploads\/2026\/04\/10e10a5c-624b-4a21-81ba-9cbbee41ef77-300x169.jpg 300w, https:\/\/www.radiopiu.net\/wordpress\/wp-content\/uploads\/2026\/04\/10e10a5c-624b-4a21-81ba-9cbbee41ef77-1024x576.jpg 1024w, https:\/\/www.radiopiu.net\/wordpress\/wp-content\/uploads\/2026\/04\/10e10a5c-624b-4a21-81ba-9cbbee41ef77-768x432.jpg 768w, https:\/\/www.radiopiu.net\/wordpress\/wp-content\/uploads\/2026\/04\/10e10a5c-624b-4a21-81ba-9cbbee41ef77-1536x864.jpg 1536w, https:\/\/www.radiopiu.net\/wordpress\/wp-content\/uploads\/2026\/04\/10e10a5c-624b-4a21-81ba-9cbbee41ef77.jpg 1599w\" sizes=\"auto, (max-width: 300px) 100vw, 300px\" \/><\/a>\n\t\t\t\t<\/dt><\/dl><dl class='gallery-item'>\n\t\t\t\t<dt class='gallery-icon landscape'>\n\t\t\t\t\t<a class=\"rollover rollover-zoom dt-pswp-item\" title=\"95b07e8a-49aa-493c-88b1-fa1cabd65c7b\" data-dt-img-description=\"\" data-large_image_width=\"1599\" data-large_image_height=\"899\"href='https:\/\/www.radiopiu.net\/wordpress\/wp-content\/uploads\/2026\/04\/95b07e8a-49aa-493c-88b1-fa1cabd65c7b.jpg'><img loading=\"lazy\" decoding=\"async\" width=\"300\" height=\"169\" src=\"https:\/\/www.radiopiu.net\/wordpress\/wp-content\/uploads\/2026\/04\/95b07e8a-49aa-493c-88b1-fa1cabd65c7b-300x169.jpg\" class=\"attachment-medium size-medium\" alt=\"\" srcset=\"https:\/\/www.radiopiu.net\/wordpress\/wp-content\/uploads\/2026\/04\/95b07e8a-49aa-493c-88b1-fa1cabd65c7b-300x169.jpg 300w, https:\/\/www.radiopiu.net\/wordpress\/wp-content\/uploads\/2026\/04\/95b07e8a-49aa-493c-88b1-fa1cabd65c7b-1024x576.jpg 1024w, https:\/\/www.radiopiu.net\/wordpress\/wp-content\/uploads\/2026\/04\/95b07e8a-49aa-493c-88b1-fa1cabd65c7b-768x432.jpg 768w, https:\/\/www.radiopiu.net\/wordpress\/wp-content\/uploads\/2026\/04\/95b07e8a-49aa-493c-88b1-fa1cabd65c7b-1536x864.jpg 1536w, https:\/\/www.radiopiu.net\/wordpress\/wp-content\/uploads\/2026\/04\/95b07e8a-49aa-493c-88b1-fa1cabd65c7b.jpg 1599w\" sizes=\"auto, (max-width: 300px) 100vw, 300px\" \/><\/a>\n\t\t\t\t<\/dt><\/dl><br style=\"clear: both\" \/>\n\t\t\t<\/div>\n\n<p>&nbsp;<\/p>\n<\/div>\n<\/div>\n<\/div>\n<\/section>\n<p>&nbsp;<\/p>\n<hr \/>\n<p>&nbsp;<\/p>\n<blockquote>\n<h3 style=\"text-align: center;\">DIMISSIONI IN BLOCCO DEI TRE MEMBRI DEL CONSIGLIO DI AMMINISTRAZIONE DI ASCA<\/h3>\n<\/blockquote>\n<p><strong><a class=\"dt-pswp-item\" href=\"https:\/\/www.radiopiu.net\/wordpress\/wp-content\/uploads\/2020\/04\/ASCA.png\" data-dt-img-description=\"\" data-large_image_width=\"1211\" data-large_image_height=\"668\"><img loading=\"lazy\" decoding=\"async\" class=\"aligncenter size-medium wp-image-128881\" src=\"https:\/\/www.radiopiu.net\/wordpress\/wp-content\/uploads\/2020\/04\/ASCA-300x165.png\" alt=\"\" width=\"300\" height=\"165\" srcset=\"https:\/\/www.radiopiu.net\/wordpress\/wp-content\/uploads\/2020\/04\/ASCA-300x165.png 300w, https:\/\/www.radiopiu.net\/wordpress\/wp-content\/uploads\/2020\/04\/ASCA-1024x565.png 1024w, https:\/\/www.radiopiu.net\/wordpress\/wp-content\/uploads\/2020\/04\/ASCA-768x424.png 768w, https:\/\/www.radiopiu.net\/wordpress\/wp-content\/uploads\/2020\/04\/ASCA.png 1211w\" sizes=\"auto, (max-width: 300px) 100vw, 300px\" \/><\/a>\u00a0<\/strong><\/p>\n<p><strong>AGORDO<\/strong><\/p>\n<p>DI GIANNI SANTOMASO<\/p>\n<audio class=\"wp-audio-shortcode\" id=\"audio-508603-4\" preload=\"none\" style=\"width: 100%;\" controls=\"controls\"><source type=\"audio\/mpeg\" src=\"https:\/\/www.radiopiu.net\/wordpress\/wp-content\/uploads\/2026\/04\/GIANNI-ASCA.mp3?_=4\" \/><a href=\"https:\/\/www.radiopiu.net\/wordpress\/wp-content\/uploads\/2026\/04\/GIANNI-ASCA.mp3\">https:\/\/www.radiopiu.net\/wordpress\/wp-content\/uploads\/2026\/04\/GIANNI-ASCA.mp3<\/a><\/audio>\n<p>&nbsp;<\/p>\n<hr \/>\n<p style=\"text-align: center;\" data-start=\"0\" data-end=\"62\"><strong data-start=\"0\" data-end=\"62\">ELEZIONI AMMINISTRATIVE, NOVE COMUNI AL VOTO NEL BELLUNESE<\/strong><\/p>\n<p data-start=\"64\" data-end=\"425\"><a class=\"dt-pswp-item\" href=\"https:\/\/www.radiopiu.net\/wordpress\/wp-content\/uploads\/2026\/04\/icona_sindaco.png\" data-dt-img-description=\"\" data-large_image_width=\"300\" data-large_image_height=\"400\"><img loading=\"lazy\" decoding=\"async\" class=\"aligncenter wp-image-509034\" src=\"https:\/\/www.radiopiu.net\/wordpress\/wp-content\/uploads\/2026\/04\/icona_sindaco-225x300.png\" alt=\"\" width=\"154\" height=\"205\" srcset=\"https:\/\/www.radiopiu.net\/wordpress\/wp-content\/uploads\/2026\/04\/icona_sindaco-225x300.png 225w, https:\/\/www.radiopiu.net\/wordpress\/wp-content\/uploads\/2026\/04\/icona_sindaco.png 300w\" sizes=\"auto, (max-width: 154px) 100vw, 154px\" \/><\/a><\/p>\n<p data-start=\"64\" data-end=\"425\">Saranno nove i Comuni bellunesi chiamati alle urne per il rinnovo delle amministrazioni il 24 e 25 maggio. Si tratta complessivamente di 8.967 residenti e 11.298 elettori, compresi quelli residenti all\u2019estero. In ogni Comune verranno eletti il sindaco e 10 consiglieri comunali. Non si voter\u00e0 invece a Vodo di Cadore, dove non sono state presentate candidature. Nel dettaglio, i Comuni interessati sono Borca di Cadore, Cibiana di Cadore, Colle Santa Lucia, Gosaldo, Lamon, Valle di Cadore, Vigo di Cadore e Zopp\u00e8 di Cadore, con Lamon che risulta il pi\u00f9 popoloso. Proprio a Lamon la sfida \u00e8 particolarmente significativa: saranno tre i candidati sindaco, Vania Malacarne, Ornella Noventa e Davide Toscano Pante. Una competizione a tre che ha sorpreso parte della popolazione e che si inserisce in un clima politico ancora segnato dalla recente caduta dell\u2019amministrazione guidata da Loris Maccagnan, avvenuta dopo le dimissioni di otto consiglieri e il successivo commissariamento. Le tre liste presentano una composizione eterogenea, con la presenza di giovani, professionisti, imprenditori e figure con esperienza amministrativa. Tra i nomi spiccano tecnici e professionisti qualificati, a conferma di una competizione che si preannuncia articolata e seguita con attenzione dalla comunit\u00e0 locale.<\/p>\n<blockquote>\n<h3 style=\"text-align: center;\">PRESENTATE LE LISTE PER LE ELEZIONI COMUNALI DI COLLE SANTA LUCIA E GOSALDO<\/h3>\n<\/blockquote>\n<p><strong>COLLE SANTA LUCIA<\/strong> Colle Santa Lucia si prepara al rinnovo dell\u2019amministrazione comunale con la presentazione ufficiale della lista \u201cAuna per Col\u201d, guidata dal candidato sindaco uscente Paolo Frena. La squadra unisce esperienza amministrativa e nuove energie, con l\u2019obiettivo di garantire continuit\u00e0.<\/p>\n<table>\n<thead>\n<tr>\n<th>Comune<\/th>\n<th>Candidato Sindaco<\/th>\n<th>Lista<\/th>\n<th>Candidati<\/th>\n<\/tr>\n<\/thead>\n<tbody>\n<tr>\n<td>Colle Santa Lucia<\/td>\n<td>Paolo Frena<\/td>\n<td>Auna per Col<\/td>\n<td>Carlo Agostini, Lorenzo Chizzali, Luca Degasper, Thomas Kerer, Davide Pallabazzer, Alfonso Pezzei, Giulia Tasser, Mattia Troi<\/td>\n<\/tr>\n<\/tbody>\n<\/table>\n<p>&nbsp;<\/p>\n<p><strong>GOSALDO <\/strong>Si entra nel vivo della campagna elettorale nel comune di Gosaldo, dove sono state ufficialmente presentate le liste in vista delle prossime elezioni amministrative. La sfida sar\u00e0 guidata dal sindaco uscente Stefano Da Zanche con la lista &#8220;Viviamo Gosaldo&#8221;. Dall\u2019altra Morena Dal Don, alla guida della lista \u201cCon Voi\u201d.<\/p>\n<table>\n<thead>\n<tr>\n<th>Comune<\/th>\n<th>Candidato Sindaco<\/th>\n<th>Lista<\/th>\n<th>Candidati<\/th>\n<\/tr>\n<\/thead>\n<tbody>\n<tr>\n<td>Gosaldo<\/td>\n<td>Stefano Da Zanche<\/td>\n<td>Viviamo Gosaldo<\/td>\n<td>Florinda Cialdella, Oscar Casaril, Shamira Broch, Claudia Dal Don, Guido Porini, Michela De Dorigo, Mirko Da Zanche, Stefania Modonesi<\/td>\n<\/tr>\n<tr>\n<td>Gosaldo<\/td>\n<td>Morena Dal Don<\/td>\n<td>Con Voi<\/td>\n<td>Riccardo Laveder, Sara Laveder, Romina Harrison Laveder, Prest Conte, Tatiana De Nard, Daniele Libralon, Moreno Da Zanche<\/td>\n<\/tr>\n<\/tbody>\n<\/table>\n<p>&nbsp;<\/p>\n<p><strong><a class=\"dt-pswp-item\" href=\"https:\/\/www.radiopiu.net\/wordpress\/wp-content\/uploads\/2019\/05\/ELEZIONI-COMUNALI.jpg\" data-dt-img-description=\"\" data-large_image_width=\"751\" data-large_image_height=\"488\"><img loading=\"lazy\" decoding=\"async\" class=\"aligncenter size-medium wp-image-86550\" src=\"https:\/\/www.radiopiu.net\/wordpress\/wp-content\/uploads\/2019\/05\/ELEZIONI-COMUNALI-300x195.jpg\" alt=\"\" width=\"300\" height=\"195\" srcset=\"https:\/\/www.radiopiu.net\/wordpress\/wp-content\/uploads\/2019\/05\/ELEZIONI-COMUNALI-300x195.jpg 300w, https:\/\/www.radiopiu.net\/wordpress\/wp-content\/uploads\/2019\/05\/ELEZIONI-COMUNALI.jpg 751w\" sizes=\"auto, (max-width: 300px) 100vw, 300px\" \/><\/a>\u00a0<\/strong><\/p>\n<p><strong>COLLE SANTA LUCIA\/GOSALDO<\/strong><\/p>\n<p><strong>DI GIANNI SANTOMASO<\/strong><\/p>\n<audio class=\"wp-audio-shortcode\" id=\"audio-508603-5\" preload=\"none\" style=\"width: 100%;\" controls=\"controls\"><source type=\"audio\/mpeg\" src=\"https:\/\/www.radiopiu.net\/wordpress\/wp-content\/uploads\/2026\/04\/GIANNI-ELEZIONI.mp3?_=5\" \/><a href=\"https:\/\/www.radiopiu.net\/wordpress\/wp-content\/uploads\/2026\/04\/GIANNI-ELEZIONI.mp3\">https:\/\/www.radiopiu.net\/wordpress\/wp-content\/uploads\/2026\/04\/GIANNI-ELEZIONI.mp3<\/a><\/audio>\n<p>&nbsp;<\/p>\n<p>&nbsp;<\/p>\n<hr \/>\n<p>&nbsp;<\/p>\n<blockquote>\n<h3 style=\"text-align: center;\">OSPEDALE SAN MARTINO, RICONOSCIMENTO NAZIONALE PER LA GASTROENTEROLOGIA<\/h3>\n<\/blockquote>\n<p><strong><a class=\"dt-pswp-item\" href=\"https:\/\/www.radiopiu.net\/wordpress\/wp-content\/uploads\/2026\/04\/Collage_HD-1.jpg\" data-dt-img-description=\"\" data-large_image_width=\"2560\" data-large_image_height=\"1836\"><img loading=\"lazy\" decoding=\"async\" class=\"aligncenter size-medium wp-image-508925\" src=\"https:\/\/www.radiopiu.net\/wordpress\/wp-content\/uploads\/2026\/04\/Collage_HD-1-300x215.jpg\" alt=\"\" width=\"300\" height=\"215\" srcset=\"https:\/\/www.radiopiu.net\/wordpress\/wp-content\/uploads\/2026\/04\/Collage_HD-1-300x215.jpg 300w, https:\/\/www.radiopiu.net\/wordpress\/wp-content\/uploads\/2026\/04\/Collage_HD-1-1024x735.jpg 1024w, https:\/\/www.radiopiu.net\/wordpress\/wp-content\/uploads\/2026\/04\/Collage_HD-1-768x551.jpg 768w, https:\/\/www.radiopiu.net\/wordpress\/wp-content\/uploads\/2026\/04\/Collage_HD-1-1536x1102.jpg 1536w, https:\/\/www.radiopiu.net\/wordpress\/wp-content\/uploads\/2026\/04\/Collage_HD-1-2048x1469.jpg 2048w\" sizes=\"auto, (max-width: 300px) 100vw, 300px\" \/><\/a>\u00a0<\/strong><\/p>\n<p><strong>BELLUNO <\/strong>L\u2019Unit\u00e0 Operativa Complessa di Gastroenterologia dell\u2019Ospedale San Martino ha ottenuto l\u2019accreditamento ufficiale come centro di riferimento per le patologie funzionali digestive. Il prestigioso riconoscimento arriva dalla SINGEM al termine di una rigorosa valutazione che ha certificato l\u2019elevata qualit\u00e0 clinica, tecnologica e organizzativa della struttura. La consegna \u00e8 avvenuta durante il Congresso Nazionale delle Malattie Digestive FISMAD 2026, uno dei principali appuntamenti italiani del settore. Protagonista il direttore Bastianello German\u00e0, che ha sottolineato l\u2019impegno costante dell\u2019\u00e9quipe nel garantire cure avanzate e percorsi personalizzati. Fiore all\u2019occhiello \u00e8 l\u2019ambulatorio di fisiopatologia digestiva, dotato di tecnologie innovative come pH-impedenzometria e manometria ad alta risoluzione 3D. Il servizio, guidato dal dottor Ermenegildo Galliani, si avvale di personale altamente specializzato. Nel 2025 sono state eseguite 162 procedure, confermando una crescita costante e un\u2019attrattivit\u00e0 che supera i confini dell\u2019ULSS 1 Dolomiti. Un traguardo che rafforza il ruolo del San Martino come centro di eccellenza sanitaria.<\/p>\n<p>&nbsp;<\/p>\n<p>&nbsp;<\/p>\n<hr \/>\n<p>&nbsp;<\/p>\n<blockquote>\n<h3 style=\"text-align: center;\">QUANDO CHIUDE UNA BOTTEGA DI PAESE: L\u2019ALIMENTARI DI KETTY DAL PIVA E IL SILENZIO CHE AVANZA IN MONTAGNA<\/h3>\n<\/blockquote>\n<p><strong><a class=\"dt-pswp-item\" href=\"https:\/\/www.radiopiu.net\/wordpress\/wp-content\/uploads\/2026\/04\/Ketty-Dal-Piva-2.jpeg\" data-dt-img-description=\"\" data-large_image_width=\"1600\" data-large_image_height=\"1200\"><img loading=\"lazy\" decoding=\"async\" class=\"aligncenter size-medium wp-image-508918\" src=\"https:\/\/www.radiopiu.net\/wordpress\/wp-content\/uploads\/2026\/04\/Ketty-Dal-Piva-2-300x225.jpeg\" alt=\"\" width=\"300\" height=\"225\" srcset=\"https:\/\/www.radiopiu.net\/wordpress\/wp-content\/uploads\/2026\/04\/Ketty-Dal-Piva-2-300x225.jpeg 300w, https:\/\/www.radiopiu.net\/wordpress\/wp-content\/uploads\/2026\/04\/Ketty-Dal-Piva-2-1024x768.jpeg 1024w, https:\/\/www.radiopiu.net\/wordpress\/wp-content\/uploads\/2026\/04\/Ketty-Dal-Piva-2-768x576.jpeg 768w, https:\/\/www.radiopiu.net\/wordpress\/wp-content\/uploads\/2026\/04\/Ketty-Dal-Piva-2-1536x1152.jpeg 1536w, https:\/\/www.radiopiu.net\/wordpress\/wp-content\/uploads\/2026\/04\/Ketty-Dal-Piva-2.jpeg 1600w\" sizes=\"auto, (max-width: 300px) 100vw, 300px\" \/><\/a>\u00a0<\/strong><\/p>\n<p><strong>DI ALESSIA DALL&#8217;O&#8217;<\/strong><\/p>\n<p><strong>SAN GREGORIO NELLE ALPI <\/strong>Il 30 aprile a San Gregorio nelle Alpi chiude lo storico negozio di alimentari di Ketty Dal Piva, segnando la fine di una storia familiare iniziata negli anni \u201950 con un panificio. Non \u00e8 solo la cessazione di un\u2019attivit\u00e0, ma la perdita di un punto di riferimento sociale per la comunit\u00e0. Nel tempo il negozio si era adattato ai cambiamenti, puntando su prodotti locali e soluzioni sostenibili, ma la concorrenza della grande distribuzione e le difficolt\u00e0 economiche hanno reso inevitabile la chiusura. Il caso riflette una crisi pi\u00f9 ampia: nella provincia di Belluno le attivit\u00e0 commerciali sono diminuite del 35,8% dal 2012. Nei territori montani, ogni chiusura significa meno servizi, pi\u00f9 isolamento e maggiori difficolt\u00e0 soprattutto per gli anziani, mettendo a rischio la vitalit\u00e0 delle comunit\u00e0 locali.<br \/>\n*<\/p>\n<p>*<\/p>\n<hr \/>\n<h3 style=\"text-align: center;\">25 APRILE: LA FESTA DELLA LIBERAZIONE AD AGORDO &#8211; LA DIRETTA<\/h3>\n<p><strong>AGORDO<\/strong>\u00a0In occasione della Festa della Liberazione le celebrazioni di fronte al monumento ai caduti ad Agordo<\/p>\n<p><strong>LA DIRETTA RADIO PIU\u2019<\/strong><\/p>\n<p><iframe loading=\"lazy\" title=\"25 APRILE 2026: LA FESTA DELLA LIBERAZIONE AD AGORDO\" width=\"1200\" height=\"675\" src=\"https:\/\/www.youtube.com\/embed\/N5-DAA6U4FE?feature=oembed\" frameborder=\"0\" allow=\"accelerometer; autoplay; clipboard-write; encrypted-media; gyroscope; picture-in-picture; web-share\" referrerpolicy=\"strict-origin-when-cross-origin\" allowfullscreen><\/iframe><\/p>\n<p>&nbsp;<\/p>\n<p>&nbsp;<\/p>\n<hr \/>\n<p>&nbsp;<\/p>\n<blockquote>\n<h3 style=\"text-align: center;\">VA NEL CAPOLUOGO IL PRIMO PREMIO DELLA TERZA EDIZIONE DEL CONCORSO DI DISEGNO \u201cCONTRO OGNI DISCRIMINAZIONE\u201d<\/h3>\n<\/blockquote>\n<p><b>BORGO VALBELLUNA <\/b>Va nel capoluogo il primo premio della terza edizione del concorso di disegno \u201cContro ogni discriminazione\u201d promosso dal Centro Servizi per il Volontariato di Belluno e Treviso.<b><br \/>\n<\/b><\/p>\n<p><strong>DI DANIELE DALVIT<\/strong><\/p>\n<audio class=\"wp-audio-shortcode\" id=\"audio-508603-6\" preload=\"none\" style=\"width: 100%;\" controls=\"controls\"><source type=\"audio\/mpeg\" src=\"https:\/\/www.radiopiu.net\/wordpress\/wp-content\/uploads\/2026\/04\/Servizio-Premio-scuola-lotta-discriminazioni-CSV.mp3?_=6\" \/><a href=\"https:\/\/www.radiopiu.net\/wordpress\/wp-content\/uploads\/2026\/04\/Servizio-Premio-scuola-lotta-discriminazioni-CSV.mp3\">https:\/\/www.radiopiu.net\/wordpress\/wp-content\/uploads\/2026\/04\/Servizio-Premio-scuola-lotta-discriminazioni-CSV.mp3<\/a><\/audio>\n<p>&nbsp;<\/p>\n\n\t\t\t<style type='text\/css'>\n\t\t\t\t#gallery-2 {\n\t\t\t\t\tmargin: auto;\n\t\t\t\t}\n\t\t\t\t#gallery-2 .gallery-item {\n\t\t\t\t\tfloat: left;\n\t\t\t\t\tmargin-top: 10px;\n\t\t\t\t\ttext-align: center;\n\t\t\t\t\twidth: 50%;\n\t\t\t\t}\n\t\t\t\t#gallery-2 img {\n\t\t\t\t\tborder: 2px solid #cfcfcf;\n\t\t\t\t}\n\t\t\t\t#gallery-2 .gallery-caption {\n\t\t\t\t\tmargin-left: 0;\n\t\t\t\t}\n\t\t\t\t\/* see gallery_shortcode() in wp-includes\/media.php *\/\n\t\t\t<\/style>\n\t\t<div id='gallery-2' class='dt-gallery-container gallery galleryid-508603 gallery-columns-2 gallery-size-medium'><dl class='gallery-item'>\n\t\t\t\t<dt class='gallery-icon landscape'>\n\t\t\t\t\t<a class=\"rollover rollover-zoom dt-pswp-item\" title=\"6793ed70-294c-4ba6-83e0-d698fe8c2d5b\" data-dt-img-description=\"\" data-large_image_width=\"1330\" data-large_image_height=\"1080\"href='https:\/\/www.radiopiu.net\/wordpress\/wp-content\/uploads\/2026\/04\/6793ed70-294c-4ba6-83e0-d698fe8c2d5b.jpg'><img loading=\"lazy\" decoding=\"async\" width=\"300\" height=\"244\" src=\"https:\/\/www.radiopiu.net\/wordpress\/wp-content\/uploads\/2026\/04\/6793ed70-294c-4ba6-83e0-d698fe8c2d5b-300x244.jpg\" class=\"attachment-medium size-medium\" alt=\"\" srcset=\"https:\/\/www.radiopiu.net\/wordpress\/wp-content\/uploads\/2026\/04\/6793ed70-294c-4ba6-83e0-d698fe8c2d5b-300x244.jpg 300w, https:\/\/www.radiopiu.net\/wordpress\/wp-content\/uploads\/2026\/04\/6793ed70-294c-4ba6-83e0-d698fe8c2d5b-1024x832.jpg 1024w, https:\/\/www.radiopiu.net\/wordpress\/wp-content\/uploads\/2026\/04\/6793ed70-294c-4ba6-83e0-d698fe8c2d5b-768x624.jpg 768w, https:\/\/www.radiopiu.net\/wordpress\/wp-content\/uploads\/2026\/04\/6793ed70-294c-4ba6-83e0-d698fe8c2d5b.jpg 1330w\" sizes=\"auto, (max-width: 300px) 100vw, 300px\" \/><\/a>\n\t\t\t\t<\/dt><\/dl><dl class='gallery-item'>\n\t\t\t\t<dt class='gallery-icon landscape'>\n\t\t\t\t\t<a class=\"rollover rollover-zoom dt-pswp-item\" title=\"a9be8d91-de13-4959-9214-6d8bb145e2b7\" data-dt-img-description=\"\" data-large_image_width=\"1600\" data-large_image_height=\"1199\"href='https:\/\/www.radiopiu.net\/wordpress\/wp-content\/uploads\/2026\/04\/a9be8d91-de13-4959-9214-6d8bb145e2b7.jpg'><img loading=\"lazy\" decoding=\"async\" width=\"300\" height=\"225\" src=\"https:\/\/www.radiopiu.net\/wordpress\/wp-content\/uploads\/2026\/04\/a9be8d91-de13-4959-9214-6d8bb145e2b7-300x225.jpg\" class=\"attachment-medium size-medium\" alt=\"\" srcset=\"https:\/\/www.radiopiu.net\/wordpress\/wp-content\/uploads\/2026\/04\/a9be8d91-de13-4959-9214-6d8bb145e2b7-300x225.jpg 300w, https:\/\/www.radiopiu.net\/wordpress\/wp-content\/uploads\/2026\/04\/a9be8d91-de13-4959-9214-6d8bb145e2b7-1024x767.jpg 1024w, https:\/\/www.radiopiu.net\/wordpress\/wp-content\/uploads\/2026\/04\/a9be8d91-de13-4959-9214-6d8bb145e2b7-768x576.jpg 768w, https:\/\/www.radiopiu.net\/wordpress\/wp-content\/uploads\/2026\/04\/a9be8d91-de13-4959-9214-6d8bb145e2b7-1536x1151.jpg 1536w, https:\/\/www.radiopiu.net\/wordpress\/wp-content\/uploads\/2026\/04\/a9be8d91-de13-4959-9214-6d8bb145e2b7.jpg 1600w\" sizes=\"auto, (max-width: 300px) 100vw, 300px\" \/><\/a>\n\t\t\t\t<\/dt><\/dl><br style=\"clear: both\" \/>\n\t\t\t<\/div>\n\n<p>&nbsp;<\/p>\n<hr \/>\n<p>&nbsp;<\/p>\n<blockquote>\n<h3 style=\"text-align: center;\">WELFARE DOLOMITI BELLUNO: NUOVI PROGETTI PER COMUNIT\u00c0 PI\u00d9 FORTI<\/h3>\n<\/blockquote>\n<p><strong><a class=\"dt-pswp-item\" href=\"https:\/\/www.radiopiu.net\/wordpress\/wp-content\/uploads\/2026\/04\/Fondazione-Welfare-Dolomiti-Belluno-i-lavori-assembleari.jpeg\" data-dt-img-description=\"\" data-large_image_width=\"2000\" data-large_image_height=\"1500\"><img loading=\"lazy\" decoding=\"async\" class=\"aligncenter size-medium wp-image-508875\" src=\"https:\/\/www.radiopiu.net\/wordpress\/wp-content\/uploads\/2026\/04\/Fondazione-Welfare-Dolomiti-Belluno-i-lavori-assembleari-300x225.jpeg\" alt=\"\" width=\"300\" height=\"225\" srcset=\"https:\/\/www.radiopiu.net\/wordpress\/wp-content\/uploads\/2026\/04\/Fondazione-Welfare-Dolomiti-Belluno-i-lavori-assembleari-300x225.jpeg 300w, https:\/\/www.radiopiu.net\/wordpress\/wp-content\/uploads\/2026\/04\/Fondazione-Welfare-Dolomiti-Belluno-i-lavori-assembleari-1024x768.jpeg 1024w, https:\/\/www.radiopiu.net\/wordpress\/wp-content\/uploads\/2026\/04\/Fondazione-Welfare-Dolomiti-Belluno-i-lavori-assembleari-768x576.jpeg 768w, https:\/\/www.radiopiu.net\/wordpress\/wp-content\/uploads\/2026\/04\/Fondazione-Welfare-Dolomiti-Belluno-i-lavori-assembleari-1536x1152.jpeg 1536w, https:\/\/www.radiopiu.net\/wordpress\/wp-content\/uploads\/2026\/04\/Fondazione-Welfare-Dolomiti-Belluno-i-lavori-assembleari.jpeg 2000w\" sizes=\"auto, (max-width: 300px) 100vw, 300px\" \/><\/a>\u00a0<\/strong><\/p>\n<p><strong>BELLUNO <\/strong>Ripartire dalle persone per rafforzare le comunit\u00e0: \u00e8 questa la visione della Fondazione Welfare Dolomiti Belluno, che rilancia il proprio impegno contro spopolamento e fragilit\u00e0 sociali. Durante l\u2019assemblea, alla presenza del presidente della Provincia Marco Staunovo Polacco, sono state definite le nuove linee strategiche. Tra i risultati spicca il rilancio del Microcredito, strumento che ha gi\u00e0 aiutato oltre 500 persone e che oggi offre supporto economico e consulenza a chi non accede al credito bancario. Proseguono anche iniziative come \u201cUn Aiuto Subito\u201d, per famiglie colpite da gravi infortuni sul lavoro, e \u201cNido in montagna\u201d, a sostegno della genitorialit\u00e0 nelle aree alte. La Fondazione interviene inoltre contro la violenza sulle donne e promuove progetti per i giovani. Tra le novit\u00e0 future, borse di studio e un fondo per facilitare l\u2019accesso alla casa.<\/p>\n<p>&nbsp;<\/p>\n<p>&nbsp;<\/p>\n<hr \/>\n<p>&nbsp;<\/p>\n<blockquote>\n<h3 style=\"text-align: center;\">DILLO A RADIO PIU&#8217;: &#8220;DOLOMITIBUS ESISTIAMO ANCHE NOI, ANCHE LA DOMENICA&#8221;<\/h3>\n<\/blockquote>\n<p><strong><a class=\"dt-pswp-item\" href=\"https:\/\/www.radiopiu.net\/wordpress\/wp-content\/uploads\/2026\/04\/Screenshot-2026-04-24-092358.png\" data-dt-img-description=\"\" data-large_image_width=\"421\" data-large_image_height=\"265\"><img loading=\"lazy\" decoding=\"async\" class=\"aligncenter size-medium wp-image-508655\" src=\"https:\/\/www.radiopiu.net\/wordpress\/wp-content\/uploads\/2026\/04\/Screenshot-2026-04-24-092358-300x189.png\" alt=\"\" width=\"300\" height=\"189\" srcset=\"https:\/\/www.radiopiu.net\/wordpress\/wp-content\/uploads\/2026\/04\/Screenshot-2026-04-24-092358-300x189.png 300w, https:\/\/www.radiopiu.net\/wordpress\/wp-content\/uploads\/2026\/04\/Screenshot-2026-04-24-092358.png 421w\" sizes=\"auto, (max-width: 300px) 100vw, 300px\" \/><\/a>\u00a0<\/strong><\/p>\n<p><strong>AGORDINO<\/strong> Torna al centro dell\u2019attenzione il tema del trasporto pubblico nell\u2019Agordino, grazie alla lettera inviata da Valentina alla rubrica \u201cDillo a Radio Pi\u00f9\u201d. Una testimonianza che, pi\u00f9 che una semplice segnalazione, suona come un appello diretto alle istituzioni. La lettrice denuncia una criticit\u00e0 ben nota a molti residenti: l\u2019assenza del servizio di trasporto pubblico nei giorni festivi e nelle domeniche, fatta eccezione per il periodo estivo. Una situazione che, secondo quanto riportato, si protrae da anni e che continua a generare disagi concreti. Le conseguenze sono evidenti: aumento del traffico e dell\u2019inquinamento, difficolt\u00e0 negli spostamenti per chi non dispone di un\u2019auto, ma anche problemi per studenti e lavoratori fuori sede, impossibilitati a rientrare o a muoversi in coincidenza con i treni. Senza contare l\u2019impatto sul turismo, con visitatori e proprietari di seconde case scoraggiati dalla mancanza di collegamenti nei fine settimana. <em>\u201cMolte persone vorrebbero utilizzare il trasporto pubblico, ma semplicemente non c\u2019\u00e8\u201d, sottolinea Valentina, citando come esempio concreto il prossimo ponte del primo maggio, durante il quale \u2013 evidenzia \u2013 mancherebbero sia i collegamenti in arrivo sia quelli per il rientro&#8221;. <\/em>La richiesta \u00e8 chiara: una risposta concreta. Un tema che tocca da vicino qualit\u00e0 della vita, sviluppo turistico e futuro del territorio. Ora la parola passa alle istituzioni.<\/p>\n<p>&nbsp;<\/p>\n<blockquote class=\"wp-embedded-content\" data-secret=\"5CU57FxU0m\"><p><a href=\"https:\/\/www.radiopiu.net\/wordpress\/videofoto1a\/\">AGORDO, GRANDE PARTECIPAZIONE PER \u201cSTUPEFATTO\u201d: TEATRO E IMPEGNO CONTRO LE DROGHE<\/a><\/p><\/blockquote>\n<p><iframe loading=\"lazy\" class=\"wp-embedded-content\" sandbox=\"allow-scripts\" security=\"restricted\" style=\"position: absolute; visibility: hidden;\" title=\"&#8220;AGORDO, GRANDE PARTECIPAZIONE PER \u201cSTUPEFATTO\u201d: TEATRO E IMPEGNO CONTRO LE DROGHE&#8221; &#8212; Radio Pi\u00f9\" src=\"https:\/\/www.radiopiu.net\/wordpress\/videofoto1a\/embed\/#?secret=PPGyvvUHCn#?secret=5CU57FxU0m\" data-secret=\"5CU57FxU0m\" width=\"600\" height=\"338\" frameborder=\"0\" marginwidth=\"0\" marginheight=\"0\" scrolling=\"no\"><\/iframe><\/p>\n<p>&nbsp;<\/p>\n<hr \/>\n<p>&nbsp;<\/p>\n<blockquote>\n<h3 style=\"text-align: center;\">5 NUOVI SENTIERI ATTREZZATI A FELTRE: INAUGURATA LA NUOVA RETE REALIZZATA DAI VOLONTARI CON COMUNE E PARCO NAZIONALE DOLOMITI BELLUNESI<\/h3>\n<\/blockquote>\n<p><strong>DI ALESSIA DALL&#8217;O&#8217;<\/strong><\/p>\n<p><strong>FELTRE <\/strong>Si \u00e8 svolta nella mattina di domanica 26 aprile l\u2019inaugurazione della nuova rete sentieristica tra Lamen, Pren e Vignui. All\u2019evento erano presenti il commissario straordinario del Parco Nazionale Dolomiti Bellunesi Ennio Vigne e una folta rappresentanza dell\u2019amministrazione di Feltre, con il vicesindaco Claudio Dalla Palma, l\u2019assessore Maurizio Zatta, i consiglieri Sebastiano Slongo e Alberto Vettoretto, anche consigliere provinciale e una rappresentanza del limitrofo Comune di Pedavena, anch\u2019esso coinvolto in un percorso. Il progetto, dal valore di circa 50 mila euro, ha permesso la sistemazione e la manutenzione dei tracciati, la realizzazione di segnaletica, bacheche informative, aree attrezzate e opere di sicurezza lungo i percorsi. Molto sentito il momento dedicato ai volontari, protagonisti fin dal 2023 dell\u2019idea nata come gruppo spontaneo di cittadini della valle di Lamen e poi sviluppata insieme agli enti.<strong><br \/>\n<\/strong><\/p>\n\n\t\t\t<style type='text\/css'>\n\t\t\t\t#gallery-3 {\n\t\t\t\t\tmargin: auto;\n\t\t\t\t}\n\t\t\t\t#gallery-3 .gallery-item {\n\t\t\t\t\tfloat: left;\n\t\t\t\t\tmargin-top: 10px;\n\t\t\t\t\ttext-align: center;\n\t\t\t\t\twidth: 50%;\n\t\t\t\t}\n\t\t\t\t#gallery-3 img {\n\t\t\t\t\tborder: 2px solid #cfcfcf;\n\t\t\t\t}\n\t\t\t\t#gallery-3 .gallery-caption {\n\t\t\t\t\tmargin-left: 0;\n\t\t\t\t}\n\t\t\t\t\/* see gallery_shortcode() in wp-includes\/media.php *\/\n\t\t\t<\/style>\n\t\t<div id='gallery-3' class='dt-gallery-container gallery galleryid-508603 gallery-columns-2 gallery-size-medium'><dl class='gallery-item'>\n\t\t\t\t<dt class='gallery-icon landscape'>\n\t\t\t\t\t<a class=\"rollover rollover-zoom dt-pswp-item\" title=\"Inaugurazione Sentieri\" data-dt-img-description=\"\" data-large_image_width=\"1600\" data-large_image_height=\"1200\"href='https:\/\/www.radiopiu.net\/wordpress\/wp-content\/uploads\/2026\/04\/Inaugurazione-Sentieri.jpeg'><img loading=\"lazy\" decoding=\"async\" width=\"300\" height=\"225\" src=\"https:\/\/www.radiopiu.net\/wordpress\/wp-content\/uploads\/2026\/04\/Inaugurazione-Sentieri-300x225.jpeg\" class=\"attachment-medium size-medium\" alt=\"\" srcset=\"https:\/\/www.radiopiu.net\/wordpress\/wp-content\/uploads\/2026\/04\/Inaugurazione-Sentieri-300x225.jpeg 300w, https:\/\/www.radiopiu.net\/wordpress\/wp-content\/uploads\/2026\/04\/Inaugurazione-Sentieri-1024x768.jpeg 1024w, https:\/\/www.radiopiu.net\/wordpress\/wp-content\/uploads\/2026\/04\/Inaugurazione-Sentieri-768x576.jpeg 768w, https:\/\/www.radiopiu.net\/wordpress\/wp-content\/uploads\/2026\/04\/Inaugurazione-Sentieri-1536x1152.jpeg 1536w, https:\/\/www.radiopiu.net\/wordpress\/wp-content\/uploads\/2026\/04\/Inaugurazione-Sentieri.jpeg 1600w\" sizes=\"auto, (max-width: 300px) 100vw, 300px\" \/><\/a>\n\t\t\t\t<\/dt><\/dl><dl class='gallery-item'>\n\t\t\t\t<dt class='gallery-icon landscape'>\n\t\t\t\t\t<a class=\"rollover rollover-zoom dt-pswp-item\" title=\"Inaugurazione Sentieri2\" data-dt-img-description=\"\" data-large_image_width=\"1600\" data-large_image_height=\"1200\"href='https:\/\/www.radiopiu.net\/wordpress\/wp-content\/uploads\/2026\/04\/Inaugurazione-Sentieri2.jpeg'><img loading=\"lazy\" decoding=\"async\" width=\"300\" height=\"225\" src=\"https:\/\/www.radiopiu.net\/wordpress\/wp-content\/uploads\/2026\/04\/Inaugurazione-Sentieri2-300x225.jpeg\" class=\"attachment-medium size-medium\" alt=\"\" srcset=\"https:\/\/www.radiopiu.net\/wordpress\/wp-content\/uploads\/2026\/04\/Inaugurazione-Sentieri2-300x225.jpeg 300w, https:\/\/www.radiopiu.net\/wordpress\/wp-content\/uploads\/2026\/04\/Inaugurazione-Sentieri2-1024x768.jpeg 1024w, https:\/\/www.radiopiu.net\/wordpress\/wp-content\/uploads\/2026\/04\/Inaugurazione-Sentieri2-768x576.jpeg 768w, https:\/\/www.radiopiu.net\/wordpress\/wp-content\/uploads\/2026\/04\/Inaugurazione-Sentieri2-1536x1152.jpeg 1536w, https:\/\/www.radiopiu.net\/wordpress\/wp-content\/uploads\/2026\/04\/Inaugurazione-Sentieri2.jpeg 1600w\" sizes=\"auto, (max-width: 300px) 100vw, 300px\" \/><\/a>\n\t\t\t\t<\/dt><\/dl><br style=\"clear: both\" \/>\n\t\t\t<\/div>\n\n<p>&nbsp;<\/p>\n<p>&nbsp;<\/p>\n<hr \/>\n<p>&nbsp;<\/p>\n<blockquote>\n<h3 style=\"text-align: center;\">RIQUALIFICAZIONE STADIO ZUGNI TAURO: VIA LIBERA AL NUOVO PROGETTO<\/h3>\n<\/blockquote>\n<p><strong><a class=\"dt-pswp-item\" href=\"https:\/\/www.radiopiu.net\/wordpress\/wp-content\/uploads\/2026\/04\/Ex-spogliatoi-stato-attuale.jpeg\" data-dt-img-description=\"\" data-large_image_width=\"1600\" data-large_image_height=\"900\"><img loading=\"lazy\" decoding=\"async\" class=\"aligncenter size-medium wp-image-508711\" src=\"https:\/\/www.radiopiu.net\/wordpress\/wp-content\/uploads\/2026\/04\/Ex-spogliatoi-stato-attuale-300x169.jpeg\" alt=\"\" width=\"300\" height=\"169\" srcset=\"https:\/\/www.radiopiu.net\/wordpress\/wp-content\/uploads\/2026\/04\/Ex-spogliatoi-stato-attuale-300x169.jpeg 300w, https:\/\/www.radiopiu.net\/wordpress\/wp-content\/uploads\/2026\/04\/Ex-spogliatoi-stato-attuale-1024x576.jpeg 1024w, https:\/\/www.radiopiu.net\/wordpress\/wp-content\/uploads\/2026\/04\/Ex-spogliatoi-stato-attuale-768x432.jpeg 768w, https:\/\/www.radiopiu.net\/wordpress\/wp-content\/uploads\/2026\/04\/Ex-spogliatoi-stato-attuale-1536x864.jpeg 1536w, https:\/\/www.radiopiu.net\/wordpress\/wp-content\/uploads\/2026\/04\/Ex-spogliatoi-stato-attuale.jpeg 1600w\" sizes=\"auto, (max-width: 300px) 100vw, 300px\" \/><\/a>\u00a0<\/strong><\/p>\n<p><strong>FELTRE <\/strong>La giunta comunale ha approvato il progetto esecutivo per la riqualificazione dell\u2019area degli ex spogliatoi dello stadio Zugni Tauro, sbloccando un intervento atteso da anni. L\u2019opera rappresenta un passo significativo nel rinnovamento dell\u2019impianto sportivo cittadino. Il vecchio fabbricato, risalente agli anni Sessanta e ormai in stato di abbandono, sar\u00e0 demolito per fare spazio a una struttura moderna, sicura e funzionale. Il nuovo edificio sar\u00e0 destinato a deposito per attrezzature di atletica leggera e includer\u00e0 servizi igienici accessibili, distinti per uomini e donne. Previsto anche un portico centrale per l\u2019accesso e il riparo dei mezzi. Tra le novit\u00e0, un nuovo accesso carraio su via Venture per migliorare la viabilit\u00e0 interna. L\u2019intervento, dal valore complessivo di 241 mila euro, sar\u00e0 finanziato tramite mutuo e contributo regionale. Grande attenzione \u00e8 riservata all\u2019accessibilit\u00e0, con percorsi e spazi privi di barriere architettoniche.<\/p>\n<p>&nbsp;<\/p>\n<p>&nbsp;<\/p>\n<hr \/>\n<p>&nbsp;<\/p>\n<blockquote>\n<h3 style=\"text-align: center;\">VIABILIT\u00c0 PI\u00d9 SICURA A NEMEGGIO: INTERVENTI QUASI CONCLUSI<\/h3>\n<\/blockquote>\n<p><strong><a class=\"dt-pswp-item\" href=\"https:\/\/www.radiopiu.net\/wordpress\/wp-content\/uploads\/2026\/04\/lavori-staccionata-16.jpeg\" data-dt-img-description=\"\" data-large_image_width=\"1200\" data-large_image_height=\"1600\"><img loading=\"lazy\" decoding=\"async\" class=\"aligncenter size-medium wp-image-508877\" src=\"https:\/\/www.radiopiu.net\/wordpress\/wp-content\/uploads\/2026\/04\/lavori-staccionata-16-225x300.jpeg\" alt=\"\" width=\"225\" height=\"300\" srcset=\"https:\/\/www.radiopiu.net\/wordpress\/wp-content\/uploads\/2026\/04\/lavori-staccionata-16-225x300.jpeg 225w, https:\/\/www.radiopiu.net\/wordpress\/wp-content\/uploads\/2026\/04\/lavori-staccionata-16-768x1024.jpeg 768w, https:\/\/www.radiopiu.net\/wordpress\/wp-content\/uploads\/2026\/04\/lavori-staccionata-16-1152x1536.jpeg 1152w, https:\/\/www.radiopiu.net\/wordpress\/wp-content\/uploads\/2026\/04\/lavori-staccionata-16.jpeg 1200w\" sizes=\"auto, (max-width: 225px) 100vw, 225px\" \/><\/a>\u00a0<\/strong><\/p>\n<p><strong>FELTRE <\/strong>Sono in fase di conclusione i lavori di adeguamento della viabilit\u00e0 in via San Michele a Nemeggio, parte di un progetto da 250 mila euro che coinvolge anche le frazioni di Foen e Arson. L\u2019intervento ha restituito sicurezza e piena percorribilit\u00e0 a un tratto stradale compromesso, fondamentale per l\u2019accesso alla chiesa e al cimitero. Tra le principali opere, la ricostruzione del muro di sostegno in pietrame, precedentemente instabile, e il rifacimento del manto stradale, deteriorato da buche e cedimenti. Sono stati inoltre eseguiti lavori di drenaggio, sistemazione del sottofondo e asfaltatura, migliorando la stabilit\u00e0 complessiva. Come sottolineato dal sindaco Viviana Fusaro, la sicurezza nelle frazioni \u00e8 una priorit\u00e0. L\u2019intervento, nato anche dalle segnalazioni dei residenti, si concluder\u00e0 con la posa della segnaletica, completando un\u2019opera attesa e strategica per il territorio.<\/p>\n<p>&nbsp;<\/p>\n<p>&nbsp;<\/p>\n<hr \/>\n<p>&nbsp;<\/p>\n<blockquote>\n<h3 style=\"text-align: center;\">SAN DORDI E INNOVATION FAIR SOVRAMONTE, L\u2019EDIZIONE DEI RECORD TRA TRADIZIONE SECOLARE E SGUARDO AL FUTURO<\/h3>\n<\/blockquote>\n<p><strong><a class=\"dt-pswp-item\" href=\"https:\/\/www.radiopiu.net\/wordpress\/wp-content\/uploads\/2026\/04\/Foto-ragazzi-IFS-e-Sindaco-Dalla-Torre.jpeg\" data-dt-img-description=\"\" data-large_image_width=\"1280\" data-large_image_height=\"853\"><img loading=\"lazy\" decoding=\"async\" class=\"aligncenter size-medium wp-image-508967\" src=\"https:\/\/www.radiopiu.net\/wordpress\/wp-content\/uploads\/2026\/04\/Foto-ragazzi-IFS-e-Sindaco-Dalla-Torre-300x200.jpeg\" alt=\"\" width=\"300\" height=\"200\" srcset=\"https:\/\/www.radiopiu.net\/wordpress\/wp-content\/uploads\/2026\/04\/Foto-ragazzi-IFS-e-Sindaco-Dalla-Torre-300x200.jpeg 300w, https:\/\/www.radiopiu.net\/wordpress\/wp-content\/uploads\/2026\/04\/Foto-ragazzi-IFS-e-Sindaco-Dalla-Torre-1024x682.jpeg 1024w, https:\/\/www.radiopiu.net\/wordpress\/wp-content\/uploads\/2026\/04\/Foto-ragazzi-IFS-e-Sindaco-Dalla-Torre-768x512.jpeg 768w, https:\/\/www.radiopiu.net\/wordpress\/wp-content\/uploads\/2026\/04\/Foto-ragazzi-IFS-e-Sindaco-Dalla-Torre.jpeg 1280w\" sizes=\"auto, (max-width: 300px) 100vw, 300px\" \/><\/a>\u00a0<\/strong><\/p>\n<p><strong>DI ALESSIA DALL&#8217;O&#8217;<\/strong><\/p>\n<p><strong>SOVRAMONTE\u00a0<\/strong>Edizione da record per la Festa de San Dordi e l\u2019Innovation Fair Sovramonte.A migliaia i visitatori accorsi per la tradizionale \u201cmenestra de San Dordi\u201d, workshop sold out e centinaia di persone collegate alle dirette online hanno segnato il successo delle due manifestazioni che seppur divise, hanno unito tradizione e tecnologia per quattro giornate di festa. La storica festa dedicata a San Giorgio, nata da un voto del 1631 contro la peste, ha vissuto anche due \u201cprime volte\u201d: la benedizione del tradizionale minestrone affidata a un parroco straniero, Don Vladimir, e la preparazione della pietanza da parte del sindaco Federico Dalla Torre, con la sua famiglia. Grande soddisfazione anche per l\u2019Innovation Fair. \u00ab\u00c8 stata un\u2019edizione da record\u00bb, sottolinea Simone Klinkon. Tra i momenti pi\u00f9 spettacolari, il lancio di un pallone aerostatico con radiosonda che ha raggiunto i 34 chilometri di altezza, mostrando anche la curvatura terrestre.<\/p>\n<p>&nbsp;<\/p>\n<p>&nbsp;<\/p>\n<hr \/>\n<p>&nbsp;<\/p>\n<blockquote>\n<h3 style=\"text-align: center;\">CORSO CONCORSI PUBBLICI: FORMAZIONE E COOPERAZIONE TRA COMUNI<\/h3>\n<\/blockquote>\n<p><strong><a class=\"dt-pswp-item\" href=\"https:\/\/www.radiopiu.net\/wordpress\/wp-content\/uploads\/2026\/04\/foto-consegna-attestati-corso-concorso-PA-agordino.jpg\" data-dt-img-description=\"\" data-large_image_width=\"2040\" data-large_image_height=\"912\"><img loading=\"lazy\" decoding=\"async\" class=\"aligncenter size-medium wp-image-508706\" src=\"https:\/\/www.radiopiu.net\/wordpress\/wp-content\/uploads\/2026\/04\/foto-consegna-attestati-corso-concorso-PA-agordino-300x134.jpg\" alt=\"\" width=\"300\" height=\"134\" srcset=\"https:\/\/www.radiopiu.net\/wordpress\/wp-content\/uploads\/2026\/04\/foto-consegna-attestati-corso-concorso-PA-agordino-300x134.jpg 300w, https:\/\/www.radiopiu.net\/wordpress\/wp-content\/uploads\/2026\/04\/foto-consegna-attestati-corso-concorso-PA-agordino-1024x458.jpg 1024w, https:\/\/www.radiopiu.net\/wordpress\/wp-content\/uploads\/2026\/04\/foto-consegna-attestati-corso-concorso-PA-agordino-768x343.jpg 768w, https:\/\/www.radiopiu.net\/wordpress\/wp-content\/uploads\/2026\/04\/foto-consegna-attestati-corso-concorso-PA-agordino-1536x687.jpg 1536w, https:\/\/www.radiopiu.net\/wordpress\/wp-content\/uploads\/2026\/04\/foto-consegna-attestati-corso-concorso-PA-agordino.jpg 2040w\" sizes=\"auto, (max-width: 300px) 100vw, 300px\" \/><\/a>\u00a0<\/strong><\/p>\n<p><strong>VOLTAGO\/TAIBON <\/strong>Si \u00e8 concluso a met\u00e0 aprile il corso di preparazione ai concorsi pubblici promosso dai Comuni di Taibon Agordino e Voltago Agordino, con il supporto del Centro Studi Bellunese e la collaborazione dell\u2019Unione Montana Feltrina. Hanno partecipato 35 iscritti per un totale di 36 ore di formazione. L\u2019iniziativa mira a rafforzare la capacit\u00e0 amministrativa locale e garantire continuit\u00e0 nei servizi, soprattutto in caso di assenze del personale. Il progetto si inserisce nella strategia di creare un \u201cUfficio Comune\u201d tra i due enti, per condividere funzioni e costruire una struttura stabile. Il sindaco Schena sottolinea il valore sperimentale dell\u2019iniziativa, replicabile in altre aree. Il modello consente flessibilit\u00e0 rispetto a una fusione, mantenendo la possibilit\u00e0 di riorganizzazione. Il corso ha trattato temi chiave per i concorsi pubblici, con lezioni in presenza e accesso online, concludendosi con simulazioni d\u2019esame.<\/p>\n<p>&nbsp;<\/p>\n<p>&nbsp;<\/p>\n<hr \/>\n<p>&nbsp;<\/p>\n<blockquote>\n<h3 style=\"text-align: center;\">ADDESTRAMENTO AEREO IN VAL BELLUNA CON IL 51\u00b0 STORMO<\/h3>\n<\/blockquote>\n<p><strong><a class=\"dt-pswp-item\" href=\"https:\/\/www.radiopiu.net\/wordpress\/wp-content\/uploads\/2026\/04\/F-18-svizzeri-esercitazione-Alpha-One-4.jpg\" data-dt-img-description=\"\" data-large_image_width=\"1024\" data-large_image_height=\"683\"><img loading=\"lazy\" decoding=\"async\" class=\"aligncenter size-medium wp-image-508950\" src=\"https:\/\/www.radiopiu.net\/wordpress\/wp-content\/uploads\/2026\/04\/F-18-svizzeri-esercitazione-Alpha-One-4-300x200.jpg\" alt=\"\" width=\"300\" height=\"200\" srcset=\"https:\/\/www.radiopiu.net\/wordpress\/wp-content\/uploads\/2026\/04\/F-18-svizzeri-esercitazione-Alpha-One-4-300x200.jpg 300w, https:\/\/www.radiopiu.net\/wordpress\/wp-content\/uploads\/2026\/04\/F-18-svizzeri-esercitazione-Alpha-One-4-768x512.jpg 768w, https:\/\/www.radiopiu.net\/wordpress\/wp-content\/uploads\/2026\/04\/F-18-svizzeri-esercitazione-Alpha-One-4.jpg 1024w\" sizes=\"auto, (max-width: 300px) 100vw, 300px\" \/><\/a>\u00a0<\/strong><\/p>\n<p><strong>REDAZIONE<\/strong> Il <span class=\"hover:entity-accent entity-underline inline cursor-pointer align-baseline\"><span class=\"whitespace-normal\">51\u00b0 Stormo dell&#8217;Aeronautica Militare<\/span><\/span> di Istrana ha programmato un\u2019attivit\u00e0 addestrativa in Val Belluna nelle giornate di loggi e domani. Le operazioni si svolgeranno il primo giorno tra le 16:00 e le 17:30 circa, mentre il secondo appuntamento \u00e8 previsto in fascia serale, dalle 21:00 alle 22:00. L\u2019esercitazione prevede voli a quote medio-alte, finalizzati al mantenimento dell\u2019efficienza operativa dei piloti e degli equipaggi. Le attivit\u00e0 saranno coordinate con un distaccamento del <span class=\"hover:entity-accent entity-underline inline cursor-pointer align-baseline\"><span class=\"whitespace-normal\">Comando delle Truppe Alpine<\/span><\/span> impegnato a terra nella stessa area. Possibili rumori saranno legati alle normali manovre di volo.<\/p>\n<p>&nbsp;<\/p>\n<p>&nbsp;<\/p>\n<hr \/>\n<p>&nbsp;<\/p>\n<blockquote>\n<h3 style=\"text-align: center;\">SETTIMANA DELLA SALUTE MENTALE 2026: INCONTRI E INIZIATIVE SUL TERRITORIO<\/h3>\n<\/blockquote>\n<p><strong><a class=\"dt-pswp-item\" href=\"https:\/\/www.radiopiu.net\/wordpress\/wp-content\/uploads\/2025\/11\/ULSS-1-300x158-1.jpg\" data-dt-img-description=\"\" data-large_image_width=\"300\" data-large_image_height=\"158\"><img loading=\"lazy\" decoding=\"async\" class=\"aligncenter size-full wp-image-479364\" src=\"https:\/\/www.radiopiu.net\/wordpress\/wp-content\/uploads\/2025\/11\/ULSS-1-300x158-1.jpg\" alt=\"\" width=\"300\" height=\"158\" \/><\/a>\u00a0<\/strong><\/p>\n<p><strong>BELLUNO <\/strong>In vista della Giornata della Salute Mentale di ottobre, l\u2019Ulss Dolomiti lancia la \u201cSettimana della Salute Mentale\u201d, in programma dal 9 al 18 ottobre 2026. L\u2019iniziativa prevede eventi, dibattiti e appuntamenti culturali diffusi sul territorio, aperti alla partecipazione di enti, associazioni e cittadini. Per presentare il progetto e raccogliere proposte, sono stati organizzati tre incontri pubblici mercoled\u00ec 29 aprile alle 18: a Pieve di Cadore, Belluno e Feltre, nelle sedi dei Centri di Salute Mentale. Sar\u00e0 possibile partecipare anche da remoto su richiesta. L\u2019obiettivo \u00e8 promuovere la sensibilizzazione sul tema e contrastare stigma e pregiudizi, coinvolgendo attivamente la comunit\u00e0. Le proposte potranno essere inviate tramite un modulo online sul sito dell\u2019Ulss Dolomiti e saranno valutate da una commissione dedicata. Gli eventi selezionati riceveranno il patrocinio dell\u2019azienda sanitaria.<\/p>\n<p>&nbsp;<\/p>\n<p>&nbsp;<\/p>\n<hr \/>\n<p>&nbsp;<\/p>\n<blockquote>\n<h3 style=\"text-align: center;\">LAURA BALLIS E I SUOI ALLIEVI DELL&#8217;UNIVERSIT\u00c0 ADULTI E ANZIANI<\/h3>\n<\/blockquote>\n<p><strong><a class=\"dt-pswp-item\" href=\"https:\/\/www.radiopiu.net\/wordpress\/wp-content\/uploads\/2026\/04\/1408dbc3-a7e5-4038-adc0-5803c64018d1.jpg\" data-dt-img-description=\"\" data-large_image_width=\"2000\" data-large_image_height=\"1500\"><img loading=\"lazy\" decoding=\"async\" class=\"aligncenter size-medium wp-image-508849\" src=\"https:\/\/www.radiopiu.net\/wordpress\/wp-content\/uploads\/2026\/04\/1408dbc3-a7e5-4038-adc0-5803c64018d1-300x225.jpg\" alt=\"\" width=\"300\" height=\"225\" srcset=\"https:\/\/www.radiopiu.net\/wordpress\/wp-content\/uploads\/2026\/04\/1408dbc3-a7e5-4038-adc0-5803c64018d1-300x225.jpg 300w, https:\/\/www.radiopiu.net\/wordpress\/wp-content\/uploads\/2026\/04\/1408dbc3-a7e5-4038-adc0-5803c64018d1-1024x768.jpg 1024w, https:\/\/www.radiopiu.net\/wordpress\/wp-content\/uploads\/2026\/04\/1408dbc3-a7e5-4038-adc0-5803c64018d1-768x576.jpg 768w, https:\/\/www.radiopiu.net\/wordpress\/wp-content\/uploads\/2026\/04\/1408dbc3-a7e5-4038-adc0-5803c64018d1-1536x1152.jpg 1536w, https:\/\/www.radiopiu.net\/wordpress\/wp-content\/uploads\/2026\/04\/1408dbc3-a7e5-4038-adc0-5803c64018d1.jpg 2000w\" sizes=\"auto, (max-width: 300px) 100vw, 300px\" \/><\/a>\u00a0<\/strong><\/p>\n<p><strong>DI MARINA DONA&#8217;<\/strong><\/p>\n<p><strong>AGORDO<\/strong> Gioved\u00ec 23 aprile 2026 \u00e8 giunta al termine l&#8217;ennesima stagione del laboratorio artistico di Laura Ballis con i suoi allievi, che da pi\u00f9 di vent&#8217;anni contribuisce a dare un valore aggiunto all&#8217; Agordino sotto il profilo artistico culturale. Quest&#8217;anno ci sar\u00e0 una mostra in esposizione delle opere realizzate dagli allievi, presso la sala Don Tamis di Agordo in via XXVII Aprile, con inaugurazione aperta a tutti marted\u00ec 28 aprile alle ore 16:30. La mostra ha come tema conduttore la citt\u00e0 di Agordo tra presente e passato. La mostra sar\u00e0 aperta fino al 3 maggio, tutti i giorni dalle ore 16. 00alle ore 19.00 e negli orari mattutini dalle 10:00 alle 12:00 anche il mercoled\u00ec sabato e domenica, con ingresso libero.<\/p>\n<p><strong>LO SPECIALE ALLA RADIO<\/strong><\/p>\n<audio class=\"wp-audio-shortcode\" id=\"audio-508603-7\" preload=\"none\" style=\"width: 100%;\" controls=\"controls\"><source type=\"audio\/mpeg\" src=\"https:\/\/www.radiopiu.net\/wordpress\/wp-content\/uploads\/2026\/04\/REPORTER-LABORATORIO-ARTISTICO-LAURA-BALLIS-FINE-STAGIONE-E-MOSTRA-DAL-28-APRILE.mp3?_=7\" \/><a href=\"https:\/\/www.radiopiu.net\/wordpress\/wp-content\/uploads\/2026\/04\/REPORTER-LABORATORIO-ARTISTICO-LAURA-BALLIS-FINE-STAGIONE-E-MOSTRA-DAL-28-APRILE.mp3\">https:\/\/www.radiopiu.net\/wordpress\/wp-content\/uploads\/2026\/04\/REPORTER-LABORATORIO-ARTISTICO-LAURA-BALLIS-FINE-STAGIONE-E-MOSTRA-DAL-28-APRILE.mp3<\/a><\/audio>\n<p>&nbsp;<\/p>\n<div style=\"width: 1024px;\" class=\"wp-video\"><video class=\"wp-video-shortcode\" id=\"video-508603-1\" width=\"1024\" height=\"576\" preload=\"metadata\" controls=\"controls\"><source type=\"video\/mp4\" src=\"https:\/\/www.radiopiu.net\/wordpress\/wp-content\/uploads\/2026\/04\/WhatsApp-Video-2026-04-25-at-10.33.17.mp4?_=1\" \/><a href=\"https:\/\/www.radiopiu.net\/wordpress\/wp-content\/uploads\/2026\/04\/WhatsApp-Video-2026-04-25-at-10.33.17.mp4\">https:\/\/www.radiopiu.net\/wordpress\/wp-content\/uploads\/2026\/04\/WhatsApp-Video-2026-04-25-at-10.33.17.mp4<\/a><\/video><\/div>\n<p>&nbsp;<\/p>\n<hr \/>\n<p>&nbsp;<\/p>\n<blockquote>\n<h3 style=\"text-align: center;\">A LA VALLE AGORDINA LA FESTA DE L&#8217;OM SALVARECH<\/h3>\n<\/blockquote>\n<p><strong>DI MARINA DONA&#8217;<\/strong><\/p>\n<p><strong>LA VALLE AGORDINA\u00a0<\/strong>Festa de &#8220;L&#8217;om Salvarech&#8221; a La Valle Agordina sabato 25 aprile 2026. Nella serata il suo tanto atteso testamento , tra politica, religione, fatti di paese come lavori in corso o fatti di cronaca, tra sport e attualit\u00e0, e a fine testamento l&#8217;Om Salvarech che viene bruciato simboleggiando la fine di un ciclo e l&#8217;inizio di uno nuovo. Una grandissima partecipazione di pubblico che ha proseguito la serata con la musica di Eros e Karin e a seguire la musica dance di RDJ, gustando i piatti tipici del team dell&#8217;organizzazione dell&#8217;evento con la Pro Loco e tutti i volontari. Soddisfatta la presidente della Pro Loco di La Valle Agordina Federica Mezzacasa, per la grande presenza di pubblico di questa edizione 2026. La festa prosegue anche domenica 26 aprile.<\/p>\n<p><strong>EL TESTAMENT DE L&#8217;OM SALVARECH<\/strong><\/p>\n<audio class=\"wp-audio-shortcode\" id=\"audio-508603-8\" preload=\"none\" style=\"width: 100%;\" controls=\"controls\"><source type=\"audio\/mpeg\" src=\"https:\/\/www.radiopiu.net\/wordpress\/wp-content\/uploads\/2026\/04\/TESTAMENT-OM-SALVARECH-2026.mp3?_=8\" \/><a href=\"https:\/\/www.radiopiu.net\/wordpress\/wp-content\/uploads\/2026\/04\/TESTAMENT-OM-SALVARECH-2026.mp3\">https:\/\/www.radiopiu.net\/wordpress\/wp-content\/uploads\/2026\/04\/TESTAMENT-OM-SALVARECH-2026.mp3<\/a><\/audio>\n<p>&nbsp;<\/p>\n<div style=\"width: 1024px;\" class=\"wp-video\"><video class=\"wp-video-shortcode\" id=\"video-508603-2\" width=\"1024\" height=\"576\" preload=\"metadata\" controls=\"controls\"><source type=\"video\/mp4\" src=\"https:\/\/www.radiopiu.net\/wordpress\/wp-content\/uploads\/2026\/04\/WhatsApp-Video-2026-04-26-at-09.17.42.mp4?_=2\" \/><a href=\"https:\/\/www.radiopiu.net\/wordpress\/wp-content\/uploads\/2026\/04\/WhatsApp-Video-2026-04-26-at-09.17.42.mp4\">https:\/\/www.radiopiu.net\/wordpress\/wp-content\/uploads\/2026\/04\/WhatsApp-Video-2026-04-26-at-09.17.42.mp4<\/a><\/video><\/div>\n<p>&nbsp;<\/p>\n\n\t\t\t<style type='text\/css'>\n\t\t\t\t#gallery-4 {\n\t\t\t\t\tmargin: auto;\n\t\t\t\t}\n\t\t\t\t#gallery-4 .gallery-item {\n\t\t\t\t\tfloat: left;\n\t\t\t\t\tmargin-top: 10px;\n\t\t\t\t\ttext-align: center;\n\t\t\t\t\twidth: 25%;\n\t\t\t\t}\n\t\t\t\t#gallery-4 img {\n\t\t\t\t\tborder: 2px solid #cfcfcf;\n\t\t\t\t}\n\t\t\t\t#gallery-4 .gallery-caption {\n\t\t\t\t\tmargin-left: 0;\n\t\t\t\t}\n\t\t\t\t\/* see gallery_shortcode() in wp-includes\/media.php *\/\n\t\t\t<\/style>\n\t\t<div id='gallery-4' class='dt-gallery-container gallery galleryid-508603 gallery-columns-4 gallery-size-thumbnail'><dl class='gallery-item'>\n\t\t\t\t<dt class='gallery-icon landscape'>\n\t\t\t\t\t<a class=\"rollover rollover-zoom dt-pswp-item\" title=\"910ef8eb-bb87-4b81-8ee8-d6ca8430546e\" data-dt-img-description=\"\" data-large_image_width=\"1224\" data-large_image_height=\"677\"href='https:\/\/www.radiopiu.net\/wordpress\/wp-content\/uploads\/2026\/04\/910ef8eb-bb87-4b81-8ee8-d6ca8430546e.jpg'><img loading=\"lazy\" decoding=\"async\" width=\"150\" height=\"150\" src=\"https:\/\/www.radiopiu.net\/wordpress\/wp-content\/uploads\/2026\/04\/910ef8eb-bb87-4b81-8ee8-d6ca8430546e-150x150.jpg\" class=\"attachment-thumbnail size-thumbnail\" alt=\"\" \/><\/a>\n\t\t\t\t<\/dt><\/dl><dl class='gallery-item'>\n\t\t\t\t<dt class='gallery-icon landscape'>\n\t\t\t\t\t<a class=\"rollover rollover-zoom dt-pswp-item\" title=\"5b2ae5dd-dd8d-4c55-bae4-23465a92a6bb\" data-dt-img-description=\"\" data-large_image_width=\"2000\" data-large_image_height=\"1500\"href='https:\/\/www.radiopiu.net\/wordpress\/wp-content\/uploads\/2026\/04\/5b2ae5dd-dd8d-4c55-bae4-23465a92a6bb.jpg'><img loading=\"lazy\" decoding=\"async\" width=\"150\" height=\"150\" src=\"https:\/\/www.radiopiu.net\/wordpress\/wp-content\/uploads\/2026\/04\/5b2ae5dd-dd8d-4c55-bae4-23465a92a6bb-150x150.jpg\" class=\"attachment-thumbnail size-thumbnail\" alt=\"\" \/><\/a>\n\t\t\t\t<\/dt><\/dl><dl class='gallery-item'>\n\t\t\t\t<dt class='gallery-icon landscape'>\n\t\t\t\t\t<a class=\"rollover rollover-zoom dt-pswp-item\" title=\"54271512-4a5b-46f0-bab6-ad45dc7b48f3\" data-dt-img-description=\"\" data-large_image_width=\"2000\" data-large_image_height=\"1500\"href='https:\/\/www.radiopiu.net\/wordpress\/wp-content\/uploads\/2026\/04\/54271512-4a5b-46f0-bab6-ad45dc7b48f3.jpg'><img loading=\"lazy\" decoding=\"async\" width=\"150\" height=\"150\" src=\"https:\/\/www.radiopiu.net\/wordpress\/wp-content\/uploads\/2026\/04\/54271512-4a5b-46f0-bab6-ad45dc7b48f3-150x150.jpg\" class=\"attachment-thumbnail size-thumbnail\" alt=\"\" \/><\/a>\n\t\t\t\t<\/dt><\/dl><dl class='gallery-item'>\n\t\t\t\t<dt class='gallery-icon landscape'>\n\t\t\t\t\t<a class=\"rollover rollover-zoom dt-pswp-item\" title=\"87519911-da44-400b-be94-9181ddc618e2\" data-dt-img-description=\"\" data-large_image_width=\"2000\" data-large_image_height=\"1500\"href='https:\/\/www.radiopiu.net\/wordpress\/wp-content\/uploads\/2026\/04\/87519911-da44-400b-be94-9181ddc618e2.jpg'><img loading=\"lazy\" decoding=\"async\" width=\"150\" height=\"150\" src=\"https:\/\/www.radiopiu.net\/wordpress\/wp-content\/uploads\/2026\/04\/87519911-da44-400b-be94-9181ddc618e2-150x150.jpg\" class=\"attachment-thumbnail size-thumbnail\" alt=\"\" \/><\/a>\n\t\t\t\t<\/dt><\/dl><br style=\"clear: both\" \/><dl class='gallery-item'>\n\t\t\t\t<dt class='gallery-icon landscape'>\n\t\t\t\t\t<a class=\"rollover rollover-zoom dt-pswp-item\" title=\"4a4ff555-dc86-4e80-a137-2979015bfaf8\" data-dt-img-description=\"\" data-large_image_width=\"2000\" data-large_image_height=\"1500\"href='https:\/\/www.radiopiu.net\/wordpress\/wp-content\/uploads\/2026\/04\/4a4ff555-dc86-4e80-a137-2979015bfaf8.jpg'><img loading=\"lazy\" decoding=\"async\" width=\"150\" height=\"150\" src=\"https:\/\/www.radiopiu.net\/wordpress\/wp-content\/uploads\/2026\/04\/4a4ff555-dc86-4e80-a137-2979015bfaf8-150x150.jpg\" class=\"attachment-thumbnail size-thumbnail\" alt=\"\" \/><\/a>\n\t\t\t\t<\/dt><\/dl><dl class='gallery-item'>\n\t\t\t\t<dt class='gallery-icon landscape'>\n\t\t\t\t\t<a class=\"rollover rollover-zoom dt-pswp-item\" title=\"0ee788a4-bfb2-452a-afaf-6c95b3a67333\" data-dt-img-description=\"\" data-large_image_width=\"2000\" data-large_image_height=\"1500\"href='https:\/\/www.radiopiu.net\/wordpress\/wp-content\/uploads\/2026\/04\/0ee788a4-bfb2-452a-afaf-6c95b3a67333.jpg'><img loading=\"lazy\" decoding=\"async\" width=\"150\" height=\"150\" src=\"https:\/\/www.radiopiu.net\/wordpress\/wp-content\/uploads\/2026\/04\/0ee788a4-bfb2-452a-afaf-6c95b3a67333-150x150.jpg\" class=\"attachment-thumbnail size-thumbnail\" alt=\"\" \/><\/a>\n\t\t\t\t<\/dt><\/dl><dl class='gallery-item'>\n\t\t\t\t<dt class='gallery-icon landscape'>\n\t\t\t\t\t<a class=\"rollover rollover-zoom dt-pswp-item\" title=\"73246faf-53cf-4554-a58a-96d7ebb8ca0a\" data-dt-img-description=\"\" data-large_image_width=\"2000\" data-large_image_height=\"1500\"href='https:\/\/www.radiopiu.net\/wordpress\/wp-content\/uploads\/2026\/04\/73246faf-53cf-4554-a58a-96d7ebb8ca0a.jpg'><img loading=\"lazy\" decoding=\"async\" width=\"150\" height=\"150\" src=\"https:\/\/www.radiopiu.net\/wordpress\/wp-content\/uploads\/2026\/04\/73246faf-53cf-4554-a58a-96d7ebb8ca0a-150x150.jpg\" class=\"attachment-thumbnail size-thumbnail\" alt=\"\" \/><\/a>\n\t\t\t\t<\/dt><\/dl><dl class='gallery-item'>\n\t\t\t\t<dt class='gallery-icon landscape'>\n\t\t\t\t\t<a class=\"rollover rollover-zoom dt-pswp-item\" title=\"6a3b0d88-83b6-4b74-afbc-868ebd7cb6f9\" data-dt-img-description=\"\" data-large_image_width=\"2000\" data-large_image_height=\"1500\"href='https:\/\/www.radiopiu.net\/wordpress\/wp-content\/uploads\/2026\/04\/6a3b0d88-83b6-4b74-afbc-868ebd7cb6f9.jpg'><img loading=\"lazy\" decoding=\"async\" width=\"150\" height=\"150\" src=\"https:\/\/www.radiopiu.net\/wordpress\/wp-content\/uploads\/2026\/04\/6a3b0d88-83b6-4b74-afbc-868ebd7cb6f9-150x150.jpg\" class=\"attachment-thumbnail size-thumbnail\" alt=\"\" \/><\/a>\n\t\t\t\t<\/dt><\/dl><br style=\"clear: both\" \/><dl class='gallery-item'>\n\t\t\t\t<dt class='gallery-icon landscape'>\n\t\t\t\t\t<a class=\"rollover rollover-zoom dt-pswp-item\" title=\"6b325dbc-b45e-45de-b32d-cdf8042f1021\" data-dt-img-description=\"\" data-large_image_width=\"2000\" data-large_image_height=\"1500\"href='https:\/\/www.radiopiu.net\/wordpress\/wp-content\/uploads\/2026\/04\/6b325dbc-b45e-45de-b32d-cdf8042f1021-e1777187926457.jpg'><img loading=\"lazy\" decoding=\"async\" width=\"150\" height=\"150\" src=\"https:\/\/www.radiopiu.net\/wordpress\/wp-content\/uploads\/2026\/04\/6b325dbc-b45e-45de-b32d-cdf8042f1021-e1777187926457-150x150.jpg\" class=\"attachment-thumbnail size-thumbnail\" alt=\"\" \/><\/a>\n\t\t\t\t<\/dt><\/dl><dl class='gallery-item'>\n\t\t\t\t<dt class='gallery-icon landscape'>\n\t\t\t\t\t<a class=\"rollover rollover-zoom dt-pswp-item\" title=\"e0d41b2f-2e4b-4fdd-b1b2-81a1a0a74c14\" data-dt-img-description=\"\" data-large_image_width=\"2000\" data-large_image_height=\"1500\"href='https:\/\/www.radiopiu.net\/wordpress\/wp-content\/uploads\/2026\/04\/e0d41b2f-2e4b-4fdd-b1b2-81a1a0a74c14.jpg'><img loading=\"lazy\" decoding=\"async\" width=\"150\" height=\"150\" src=\"https:\/\/www.radiopiu.net\/wordpress\/wp-content\/uploads\/2026\/04\/e0d41b2f-2e4b-4fdd-b1b2-81a1a0a74c14-150x150.jpg\" class=\"attachment-thumbnail size-thumbnail\" alt=\"\" \/><\/a>\n\t\t\t\t<\/dt><\/dl><dl class='gallery-item'>\n\t\t\t\t<dt class='gallery-icon landscape'>\n\t\t\t\t\t<a class=\"rollover rollover-zoom dt-pswp-item\" title=\"b7efa77e-5ebb-4c33-af65-026c7d07ea5e\" data-dt-img-description=\"\" data-large_image_width=\"2000\" data-large_image_height=\"1500\"href='https:\/\/www.radiopiu.net\/wordpress\/wp-content\/uploads\/2026\/04\/b7efa77e-5ebb-4c33-af65-026c7d07ea5e.jpg'><img loading=\"lazy\" decoding=\"async\" width=\"150\" height=\"150\" src=\"https:\/\/www.radiopiu.net\/wordpress\/wp-content\/uploads\/2026\/04\/b7efa77e-5ebb-4c33-af65-026c7d07ea5e-150x150.jpg\" class=\"attachment-thumbnail size-thumbnail\" alt=\"\" \/><\/a>\n\t\t\t\t<\/dt><\/dl><dl class='gallery-item'>\n\t\t\t\t<dt class='gallery-icon landscape'>\n\t\t\t\t\t<a class=\"rollover rollover-zoom dt-pswp-item\" title=\"fdbfa168-8550-4d94-8a18-9ae8465e0b7b\" data-dt-img-description=\"\" data-large_image_width=\"2048\" data-large_image_height=\"1536\"href='https:\/\/www.radiopiu.net\/wordpress\/wp-content\/uploads\/2026\/04\/fdbfa168-8550-4d94-8a18-9ae8465e0b7b.jpg'><img loading=\"lazy\" decoding=\"async\" width=\"150\" height=\"150\" src=\"https:\/\/www.radiopiu.net\/wordpress\/wp-content\/uploads\/2026\/04\/fdbfa168-8550-4d94-8a18-9ae8465e0b7b-150x150.jpg\" class=\"attachment-thumbnail size-thumbnail\" alt=\"\" \/><\/a>\n\t\t\t\t<\/dt><\/dl><br style=\"clear: both\" \/>\n\t\t\t<\/div>\n\n<p>&nbsp;<\/p>\n<p>&nbsp;<\/p>\n<hr \/>\n<p>&nbsp;<\/p>\n<blockquote>\n<h3 style=\"text-align: center;\">SOFT CLUBBING AL BAR COOP DI CAVIOLA<\/h3>\n<\/blockquote>\n<p><strong>DI MARINA DONA&#8217;<\/strong><\/p>\n<p><strong>FALCADE<\/strong> Un appuntamento che sicuramente verr\u00e0 ripetuto a Caviola al Bar Coop dai Romani, con l&#8217;evento &#8220;Soft clubbing&#8221;: colazione e aperitivo con la musica di DJ Jack. Tavolini all&#8217;aperto e una giornata di sole. C&#8217;\u00e8 bisogno di creare eventi attrattivi adatti per tutte le et\u00e0 per la comunit\u00e0 per creare occasione di convivialit\u00e0, e i Romani hanno pensato di portare nell&#8217; Agordino questa idea, che vista la presenza \u00e8 stata molto apprezzata dai clienti. Un evento che verr\u00e0 sicuramente ripetuto a breve.<\/p>\n<div style=\"width: 1024px;\" class=\"wp-video\"><video class=\"wp-video-shortcode\" id=\"video-508603-3\" width=\"1024\" height=\"576\" preload=\"metadata\" controls=\"controls\"><source type=\"video\/mp4\" src=\"https:\/\/www.radiopiu.net\/wordpress\/wp-content\/uploads\/2026\/04\/WhatsApp-Video-2026-04-26-at-14.11.05.mp4?_=3\" \/><a href=\"https:\/\/www.radiopiu.net\/wordpress\/wp-content\/uploads\/2026\/04\/WhatsApp-Video-2026-04-26-at-14.11.05.mp4\">https:\/\/www.radiopiu.net\/wordpress\/wp-content\/uploads\/2026\/04\/WhatsApp-Video-2026-04-26-at-14.11.05.mp4<\/a><\/video><\/div>\n<p>&nbsp;<\/p>\n\n\t\t\t<style type='text\/css'>\n\t\t\t\t#gallery-5 {\n\t\t\t\t\tmargin: auto;\n\t\t\t\t}\n\t\t\t\t#gallery-5 .gallery-item {\n\t\t\t\t\tfloat: left;\n\t\t\t\t\tmargin-top: 10px;\n\t\t\t\t\ttext-align: center;\n\t\t\t\t\twidth: 33%;\n\t\t\t\t}\n\t\t\t\t#gallery-5 img {\n\t\t\t\t\tborder: 2px solid #cfcfcf;\n\t\t\t\t}\n\t\t\t\t#gallery-5 .gallery-caption {\n\t\t\t\t\tmargin-left: 0;\n\t\t\t\t}\n\t\t\t\t\/* see gallery_shortcode() in wp-includes\/media.php *\/\n\t\t\t<\/style>\n\t\t<div id='gallery-5' class='dt-gallery-container gallery galleryid-508603 gallery-columns-3 gallery-size-medium'><dl class='gallery-item'>\n\t\t\t\t<dt class='gallery-icon landscape'>\n\t\t\t\t\t<a class=\"rollover rollover-zoom dt-pswp-item\" title=\"ecd50506-3868-493a-9ac7-8763d80f9d1f\" data-dt-img-description=\"\" data-large_image_width=\"2048\" data-large_image_height=\"1536\"href='https:\/\/www.radiopiu.net\/wordpress\/wp-content\/uploads\/2026\/04\/ecd50506-3868-493a-9ac7-8763d80f9d1f.jpg'><img loading=\"lazy\" decoding=\"async\" width=\"300\" height=\"225\" src=\"https:\/\/www.radiopiu.net\/wordpress\/wp-content\/uploads\/2026\/04\/ecd50506-3868-493a-9ac7-8763d80f9d1f-300x225.jpg\" class=\"attachment-medium size-medium\" alt=\"\" srcset=\"https:\/\/www.radiopiu.net\/wordpress\/wp-content\/uploads\/2026\/04\/ecd50506-3868-493a-9ac7-8763d80f9d1f-300x225.jpg 300w, https:\/\/www.radiopiu.net\/wordpress\/wp-content\/uploads\/2026\/04\/ecd50506-3868-493a-9ac7-8763d80f9d1f-1024x768.jpg 1024w, https:\/\/www.radiopiu.net\/wordpress\/wp-content\/uploads\/2026\/04\/ecd50506-3868-493a-9ac7-8763d80f9d1f-768x576.jpg 768w, https:\/\/www.radiopiu.net\/wordpress\/wp-content\/uploads\/2026\/04\/ecd50506-3868-493a-9ac7-8763d80f9d1f-1536x1152.jpg 1536w, https:\/\/www.radiopiu.net\/wordpress\/wp-content\/uploads\/2026\/04\/ecd50506-3868-493a-9ac7-8763d80f9d1f.jpg 2048w\" sizes=\"auto, (max-width: 300px) 100vw, 300px\" \/><\/a>\n\t\t\t\t<\/dt><\/dl><dl class='gallery-item'>\n\t\t\t\t<dt class='gallery-icon landscape'>\n\t\t\t\t\t<a class=\"rollover rollover-zoom dt-pswp-item\" title=\"dcd7df4f-8d9a-4785-be59-f2bca11cae4c\" data-dt-img-description=\"\" data-large_image_width=\"2000\" data-large_image_height=\"1500\"href='https:\/\/www.radiopiu.net\/wordpress\/wp-content\/uploads\/2026\/04\/dcd7df4f-8d9a-4785-be59-f2bca11cae4c.jpg'><img loading=\"lazy\" decoding=\"async\" width=\"300\" height=\"225\" src=\"https:\/\/www.radiopiu.net\/wordpress\/wp-content\/uploads\/2026\/04\/dcd7df4f-8d9a-4785-be59-f2bca11cae4c-300x225.jpg\" class=\"attachment-medium size-medium\" alt=\"\" srcset=\"https:\/\/www.radiopiu.net\/wordpress\/wp-content\/uploads\/2026\/04\/dcd7df4f-8d9a-4785-be59-f2bca11cae4c-300x225.jpg 300w, https:\/\/www.radiopiu.net\/wordpress\/wp-content\/uploads\/2026\/04\/dcd7df4f-8d9a-4785-be59-f2bca11cae4c-1024x768.jpg 1024w, https:\/\/www.radiopiu.net\/wordpress\/wp-content\/uploads\/2026\/04\/dcd7df4f-8d9a-4785-be59-f2bca11cae4c-768x576.jpg 768w, https:\/\/www.radiopiu.net\/wordpress\/wp-content\/uploads\/2026\/04\/dcd7df4f-8d9a-4785-be59-f2bca11cae4c-1536x1152.jpg 1536w, https:\/\/www.radiopiu.net\/wordpress\/wp-content\/uploads\/2026\/04\/dcd7df4f-8d9a-4785-be59-f2bca11cae4c.jpg 2000w\" sizes=\"auto, (max-width: 300px) 100vw, 300px\" \/><\/a>\n\t\t\t\t<\/dt><\/dl><dl class='gallery-item'>\n\t\t\t\t<dt class='gallery-icon landscape'>\n\t\t\t\t\t<a class=\"rollover rollover-zoom dt-pswp-item\" title=\"db7c58d1-38f9-4abc-a72b-60379e3d5dfa\" data-dt-img-description=\"\" data-large_image_width=\"2000\" data-large_image_height=\"1500\"href='https:\/\/www.radiopiu.net\/wordpress\/wp-content\/uploads\/2026\/04\/db7c58d1-38f9-4abc-a72b-60379e3d5dfa.jpg'><img loading=\"lazy\" decoding=\"async\" width=\"300\" height=\"225\" src=\"https:\/\/www.radiopiu.net\/wordpress\/wp-content\/uploads\/2026\/04\/db7c58d1-38f9-4abc-a72b-60379e3d5dfa-300x225.jpg\" class=\"attachment-medium size-medium\" alt=\"\" srcset=\"https:\/\/www.radiopiu.net\/wordpress\/wp-content\/uploads\/2026\/04\/db7c58d1-38f9-4abc-a72b-60379e3d5dfa-300x225.jpg 300w, https:\/\/www.radiopiu.net\/wordpress\/wp-content\/uploads\/2026\/04\/db7c58d1-38f9-4abc-a72b-60379e3d5dfa-1024x768.jpg 1024w, https:\/\/www.radiopiu.net\/wordpress\/wp-content\/uploads\/2026\/04\/db7c58d1-38f9-4abc-a72b-60379e3d5dfa-768x576.jpg 768w, https:\/\/www.radiopiu.net\/wordpress\/wp-content\/uploads\/2026\/04\/db7c58d1-38f9-4abc-a72b-60379e3d5dfa-1536x1152.jpg 1536w, https:\/\/www.radiopiu.net\/wordpress\/wp-content\/uploads\/2026\/04\/db7c58d1-38f9-4abc-a72b-60379e3d5dfa.jpg 2000w\" sizes=\"auto, (max-width: 300px) 100vw, 300px\" \/><\/a>\n\t\t\t\t<\/dt><\/dl><br style=\"clear: both\" \/><dl class='gallery-item'>\n\t\t\t\t<dt class='gallery-icon landscape'>\n\t\t\t\t\t<a class=\"rollover rollover-zoom dt-pswp-item\" title=\"c439ba2d-03d9-4efe-a77a-00146d3b3e18\" data-dt-img-description=\"\" data-large_image_width=\"2000\" data-large_image_height=\"1500\"href='https:\/\/www.radiopiu.net\/wordpress\/wp-content\/uploads\/2026\/04\/c439ba2d-03d9-4efe-a77a-00146d3b3e18.jpg'><img loading=\"lazy\" decoding=\"async\" width=\"300\" height=\"225\" src=\"https:\/\/www.radiopiu.net\/wordpress\/wp-content\/uploads\/2026\/04\/c439ba2d-03d9-4efe-a77a-00146d3b3e18-300x225.jpg\" class=\"attachment-medium size-medium\" alt=\"\" srcset=\"https:\/\/www.radiopiu.net\/wordpress\/wp-content\/uploads\/2026\/04\/c439ba2d-03d9-4efe-a77a-00146d3b3e18-300x225.jpg 300w, https:\/\/www.radiopiu.net\/wordpress\/wp-content\/uploads\/2026\/04\/c439ba2d-03d9-4efe-a77a-00146d3b3e18-1024x768.jpg 1024w, https:\/\/www.radiopiu.net\/wordpress\/wp-content\/uploads\/2026\/04\/c439ba2d-03d9-4efe-a77a-00146d3b3e18-768x576.jpg 768w, https:\/\/www.radiopiu.net\/wordpress\/wp-content\/uploads\/2026\/04\/c439ba2d-03d9-4efe-a77a-00146d3b3e18-1536x1152.jpg 1536w, https:\/\/www.radiopiu.net\/wordpress\/wp-content\/uploads\/2026\/04\/c439ba2d-03d9-4efe-a77a-00146d3b3e18.jpg 2000w\" sizes=\"auto, (max-width: 300px) 100vw, 300px\" \/><\/a>\n\t\t\t\t<\/dt><\/dl><dl class='gallery-item'>\n\t\t\t\t<dt class='gallery-icon landscape'>\n\t\t\t\t\t<a class=\"rollover rollover-zoom dt-pswp-item\" title=\"f956cf10-37bf-4e76-8542-b6f8b974473c\" data-dt-img-description=\"\" data-large_image_width=\"2000\" data-large_image_height=\"1500\"href='https:\/\/www.radiopiu.net\/wordpress\/wp-content\/uploads\/2026\/04\/f956cf10-37bf-4e76-8542-b6f8b974473c.jpg'><img loading=\"lazy\" decoding=\"async\" width=\"300\" height=\"225\" src=\"https:\/\/www.radiopiu.net\/wordpress\/wp-content\/uploads\/2026\/04\/f956cf10-37bf-4e76-8542-b6f8b974473c-300x225.jpg\" class=\"attachment-medium size-medium\" alt=\"\" srcset=\"https:\/\/www.radiopiu.net\/wordpress\/wp-content\/uploads\/2026\/04\/f956cf10-37bf-4e76-8542-b6f8b974473c-300x225.jpg 300w, https:\/\/www.radiopiu.net\/wordpress\/wp-content\/uploads\/2026\/04\/f956cf10-37bf-4e76-8542-b6f8b974473c-1024x768.jpg 1024w, https:\/\/www.radiopiu.net\/wordpress\/wp-content\/uploads\/2026\/04\/f956cf10-37bf-4e76-8542-b6f8b974473c-768x576.jpg 768w, https:\/\/www.radiopiu.net\/wordpress\/wp-content\/uploads\/2026\/04\/f956cf10-37bf-4e76-8542-b6f8b974473c-1536x1152.jpg 1536w, https:\/\/www.radiopiu.net\/wordpress\/wp-content\/uploads\/2026\/04\/f956cf10-37bf-4e76-8542-b6f8b974473c.jpg 2000w\" sizes=\"auto, (max-width: 300px) 100vw, 300px\" \/><\/a>\n\t\t\t\t<\/dt><\/dl><dl class='gallery-item'>\n\t\t\t\t<dt class='gallery-icon landscape'>\n\t\t\t\t\t<a class=\"rollover rollover-zoom dt-pswp-item\" title=\"43f67520-868b-452e-af4c-588988137779\" data-dt-img-description=\"\" data-large_image_width=\"2000\" data-large_image_height=\"1500\"href='https:\/\/www.radiopiu.net\/wordpress\/wp-content\/uploads\/2026\/04\/43f67520-868b-452e-af4c-588988137779.jpg'><img loading=\"lazy\" decoding=\"async\" width=\"300\" height=\"225\" src=\"https:\/\/www.radiopiu.net\/wordpress\/wp-content\/uploads\/2026\/04\/43f67520-868b-452e-af4c-588988137779-300x225.jpg\" class=\"attachment-medium size-medium\" alt=\"\" srcset=\"https:\/\/www.radiopiu.net\/wordpress\/wp-content\/uploads\/2026\/04\/43f67520-868b-452e-af4c-588988137779-300x225.jpg 300w, https:\/\/www.radiopiu.net\/wordpress\/wp-content\/uploads\/2026\/04\/43f67520-868b-452e-af4c-588988137779-1024x768.jpg 1024w, https:\/\/www.radiopiu.net\/wordpress\/wp-content\/uploads\/2026\/04\/43f67520-868b-452e-af4c-588988137779-768x576.jpg 768w, https:\/\/www.radiopiu.net\/wordpress\/wp-content\/uploads\/2026\/04\/43f67520-868b-452e-af4c-588988137779-1536x1152.jpg 1536w, https:\/\/www.radiopiu.net\/wordpress\/wp-content\/uploads\/2026\/04\/43f67520-868b-452e-af4c-588988137779.jpg 2000w\" sizes=\"auto, (max-width: 300px) 100vw, 300px\" \/><\/a>\n\t\t\t\t<\/dt><\/dl><br style=\"clear: both\" \/>\n\t\t\t<\/div>\n\n<p>&nbsp;<\/p>\n<hr \/>\n<p>&nbsp;<\/p>\n<blockquote>\n<h3 style=\"text-align: center;\">TIR VENETI: DOPO 2 MESI DI GUERRA, IL CARO GASOLIO E\u2019 COSTATO 150 MILIONI IN PIU\u2019<\/h3>\n<\/blockquote>\n<p><strong>REDAZIONE <\/strong>Il settore dell\u2019autotrasporto merci in Italia attraversa una fase particolarmente critica, aggravata dal recente aumento del costo del carburante. A seguito della guerra nel Golfo, il prezzo del diesel \u00e8 cresciuto di circa il 20%, passando da 1,676 a 2,005 euro al litro. Nonostante il taglio temporaneo delle accise, nelle prime settimane di crisi il comparto ha sostenuto un extracosto stimato in 1,5 miliardi di euro, di cui circa 150 milioni a carico delle imprese venete. Il Veneto si conferma uno snodo strategico della logistica nazionale: movimenta 148,6 milioni di tonnellate di merci all\u2019anno, pari a circa il 15% del totale italiano, e figura in ben otto dei principali flussi interregionali. Pi\u00f9 in generale, il trasporto su strada in Italia resta fortemente interno, con oltre un miliardo di tonnellate movimentate nel 2024 e una netta concentrazione nel Nord, da cui parte il 68% delle merci. Persistono per\u00f2 forti squilibri territoriali. Nel Nord le tariffe di trasporto sono mediamente pi\u00f9 alte e i viaggi a pieno carico pi\u00f9 frequenti; al Sud, invece, incidono maggiormente i viaggi a vuoto e le tariffe pi\u00f9 basse, riducendo i margini operativi. A queste criticit\u00e0 si aggiunge il problema dei ritardi nei pagamenti, che pu\u00f2 arrivare fino a 120 giorni, mettendo in difficolt\u00e0 la liquidit\u00e0 delle imprese, gi\u00e0 provate da costi immediati elevati e margini ridotti. Il rischio di insolvenza \u00e8 concreto, soprattutto per le aziende pi\u00f9 piccole. In questo contesto, il settore attende interventi urgenti dal Governo per evitare il fermo nazionale proclamato a fine maggio e garantire la sopravvivenza di molte imprese.<\/p>\n\n\t\t\t<style type='text\/css'>\n\t\t\t\t#gallery-6 {\n\t\t\t\t\tmargin: auto;\n\t\t\t\t}\n\t\t\t\t#gallery-6 .gallery-item {\n\t\t\t\t\tfloat: left;\n\t\t\t\t\tmargin-top: 10px;\n\t\t\t\t\ttext-align: center;\n\t\t\t\t\twidth: 50%;\n\t\t\t\t}\n\t\t\t\t#gallery-6 img {\n\t\t\t\t\tborder: 2px solid #cfcfcf;\n\t\t\t\t}\n\t\t\t\t#gallery-6 .gallery-caption {\n\t\t\t\t\tmargin-left: 0;\n\t\t\t\t}\n\t\t\t\t\/* see gallery_shortcode() in wp-includes\/media.php *\/\n\t\t\t<\/style>\n\t\t<div id='gallery-6' class='dt-gallery-container gallery galleryid-508603 gallery-columns-2 gallery-size-medium'><dl class='gallery-item'>\n\t\t\t\t<dt class='gallery-icon landscape'>\n\t\t\t\t\t<a class=\"rollover rollover-zoom dt-pswp-item\" title=\"111\" data-dt-img-description=\"\" data-large_image_width=\"1256\" data-large_image_height=\"1124\"href='https:\/\/www.radiopiu.net\/wordpress\/wp-content\/uploads\/2026\/04\/111.png'><img loading=\"lazy\" decoding=\"async\" width=\"300\" height=\"268\" src=\"https:\/\/www.radiopiu.net\/wordpress\/wp-content\/uploads\/2026\/04\/111-300x268.png\" class=\"attachment-medium size-medium\" alt=\"\" srcset=\"https:\/\/www.radiopiu.net\/wordpress\/wp-content\/uploads\/2026\/04\/111-300x268.png 300w, https:\/\/www.radiopiu.net\/wordpress\/wp-content\/uploads\/2026\/04\/111-1024x916.png 1024w, https:\/\/www.radiopiu.net\/wordpress\/wp-content\/uploads\/2026\/04\/111-768x687.png 768w, https:\/\/www.radiopiu.net\/wordpress\/wp-content\/uploads\/2026\/04\/111.png 1256w\" sizes=\"auto, (max-width: 300px) 100vw, 300px\" \/><\/a>\n\t\t\t\t<\/dt><\/dl><dl class='gallery-item'>\n\t\t\t\t<dt class='gallery-icon portrait'>\n\t\t\t\t\t<a class=\"rollover rollover-zoom dt-pswp-item\" title=\"1112\" data-dt-img-description=\"\" data-large_image_width=\"807\" data-large_image_height=\"1624\"href='https:\/\/www.radiopiu.net\/wordpress\/wp-content\/uploads\/2026\/04\/1112.png'><img loading=\"lazy\" decoding=\"async\" width=\"149\" height=\"300\" src=\"https:\/\/www.radiopiu.net\/wordpress\/wp-content\/uploads\/2026\/04\/1112-149x300.png\" class=\"attachment-medium size-medium\" alt=\"\" srcset=\"https:\/\/www.radiopiu.net\/wordpress\/wp-content\/uploads\/2026\/04\/1112-149x300.png 149w, https:\/\/www.radiopiu.net\/wordpress\/wp-content\/uploads\/2026\/04\/1112-509x1024.png 509w, https:\/\/www.radiopiu.net\/wordpress\/wp-content\/uploads\/2026\/04\/1112-768x1546.png 768w, https:\/\/www.radiopiu.net\/wordpress\/wp-content\/uploads\/2026\/04\/1112-763x1536.png 763w, https:\/\/www.radiopiu.net\/wordpress\/wp-content\/uploads\/2026\/04\/1112.png 807w\" sizes=\"auto, (max-width: 149px) 100vw, 149px\" \/><\/a>\n\t\t\t\t<\/dt><\/dl><br style=\"clear: both\" \/>\n\t\t\t<\/div>\n\n<p>&nbsp;<\/p>\n<p>&nbsp;<\/p>\n<hr \/>\n<p>&nbsp;<\/p>\n<h2 style=\"text-align: center;\"><span style=\"color: #ff0000;\">CONSIGLI COMUNALI IN AGORDINO<\/span><\/h2>\n<p><strong><a class=\"dt-pswp-item\" href=\"https:\/\/www.radiopiu.net\/wordpress\/wp-content\/uploads\/2025\/10\/municipio_di_agordo.jpg\" data-dt-img-description=\"\" data-large_image_width=\"320\" data-large_image_height=\"180\"><img loading=\"lazy\" decoding=\"async\" class=\"aligncenter size-medium wp-image-477596\" src=\"https:\/\/www.radiopiu.net\/wordpress\/wp-content\/uploads\/2025\/10\/municipio_di_agordo-300x169.jpg\" alt=\"\" width=\"300\" height=\"169\" srcset=\"https:\/\/www.radiopiu.net\/wordpress\/wp-content\/uploads\/2025\/10\/municipio_di_agordo-300x169.jpg 300w, https:\/\/www.radiopiu.net\/wordpress\/wp-content\/uploads\/2025\/10\/municipio_di_agordo.jpg 320w\" sizes=\"auto, (max-width: 300px) 100vw, 300px\" \/><\/a>\u00a0<\/strong><\/p>\n<p><strong>AGORDO<\/strong> Il Consiglio Comunale \u00e8 convocato per oggi alle 18. La seduta affronter\u00e0 temi cruciali per l&#8217;amministrazione cittadina. All\u2019ordine del giorno figurano l&#8217;approvazione del bilancio d&#8217;esercizio dell&#8217;Azienda Speciale Agordo Servizi e il rendiconto della gestione per l&#8217;anno 2025.<\/p>\n<p><strong>SAN TOMASO<\/strong> Consiglio comunale mercoled\u00ec, alle 20.\u00a0All&#8217;ordine del giorno spiccano l&#8217;approvazione del rendiconto della gestione 2025 e la richiesta di modifica del grado di protezione per un edificio in localit\u00e0 Sot Colar\u00f9. Previsto inoltre il rinnovo della convenzione con l&#8217;Unione Montana Agordina per il rilascio delle autorizzazioni paesaggistiche.<\/p>\n<p><strong>ROCCA PIETORE<\/strong> Consiglio comunale\u00a0 gioved\u00ec alle 18. All\u2019ordine del giorno figurano l\u2019aggiornamento del DUP 2026-2028 relativo al programma triennale degli acquisti, una variazione al bilancio di previsione e un\u2019interrogazione della minoranza sul progetto di una piazzola per l\u2019atterraggio dell\u2019elicottero.<\/p>\n<p><strong>COLLE SANTA LUCIA<\/strong> Consiglio comunale gioved\u00ec alle 20. All\u2019ordine del giorno: ratifica di una variazione di bilancio, approvazione rendiconto 2025 e relazione attivit\u00e0 dell\u2019associazione locale &#8220;Colle Santa Lucia &#8211; Dolomiti&#8221;.<\/p>\n<p>&nbsp;<\/p>\n<p>&nbsp;<\/p>\n<hr \/>\n<p>&nbsp;<\/p>\n<blockquote>\n<h3 style=\"text-align: center;\">CONSIGLIO PROVINCIALE DI BELLUNO: CONVOCAZIONE E ORDINE DEL GIORNO<\/h3>\n<\/blockquote>\n<p><strong><a class=\"dt-pswp-item\" href=\"https:\/\/www.radiopiu.net\/wordpress\/wp-content\/uploads\/2020\/06\/palazzo_piloni_belluno.jpg\" data-dt-img-description=\"\" data-large_image_width=\"1000\" data-large_image_height=\"667\"><img loading=\"lazy\" decoding=\"async\" class=\"aligncenter size-medium wp-image-144771\" src=\"https:\/\/www.radiopiu.net\/wordpress\/wp-content\/uploads\/2020\/06\/palazzo_piloni_belluno-300x200.jpg\" alt=\"\" width=\"300\" height=\"200\" srcset=\"https:\/\/www.radiopiu.net\/wordpress\/wp-content\/uploads\/2020\/06\/palazzo_piloni_belluno-300x200.jpg 300w, https:\/\/www.radiopiu.net\/wordpress\/wp-content\/uploads\/2020\/06\/palazzo_piloni_belluno-768x512.jpg 768w, https:\/\/www.radiopiu.net\/wordpress\/wp-content\/uploads\/2020\/06\/palazzo_piloni_belluno.jpg 1000w\" sizes=\"auto, (max-width: 300px) 100vw, 300px\" \/><\/a>\u00a0<\/strong><\/p>\n<p><strong>BELLUNO <\/strong>Il Presidente della Provincia ha convocato il Consiglio Provinciale di Belluno domani alle 14, in Sala Piloni. All\u2019ordine del giorno figurano la seconda variazione al programma triennale dei lavori pubblici 2026-2028 e la ratifica di una variazione urgente al bilancio. Prevista inoltre l\u2019approvazione del rendiconto della gestione per l\u2019esercizio 2025.<\/p>\n<p>&nbsp;<\/p>\n<p>&nbsp;<\/p>\n<hr \/>\n<p>&nbsp;<\/p>\n<blockquote>\n<h3 style=\"text-align: center;\">ASSEMBLEA SINDACI: CONVOCAZIONE A BELLUNO<\/h3>\n<\/blockquote>\n<p><strong><a class=\"dt-pswp-item\" href=\"https:\/\/www.radiopiu.net\/wordpress\/wp-content\/uploads\/2026\/02\/CONSIGLIO-DI-BACINO-DOLOMITI-BELLUNESI.jpg\" data-dt-img-description=\"\" data-large_image_width=\"147\" data-large_image_height=\"150\"><img loading=\"lazy\" decoding=\"async\" class=\"aligncenter size-full wp-image-498631\" src=\"https:\/\/www.radiopiu.net\/wordpress\/wp-content\/uploads\/2026\/02\/CONSIGLIO-DI-BACINO-DOLOMITI-BELLUNESI.jpg\" alt=\"\" width=\"147\" height=\"150\" \/><\/a>\u00a0<\/strong><\/p>\n<p><strong>BELLUNO <\/strong>L\u2019Assemblea dei Sindaci del Consiglio di Bacino Dolomiti Bellunesi si riunir\u00e0 in seconda convocazione domani. L\u2019appuntamento \u00e8 fissato per le 15 nella Sala Bianchi, in via Fantuzzi 11 a Belluno. Un incontro in presenza fondamentale per il coordinamento e le decisioni strategiche del territorio.<\/p>\n<p>&nbsp;<\/p>\n<p>&nbsp;<\/p>\n<hr \/>\n<p>&nbsp;<\/p>\n<blockquote>\n<h3 style=\"text-align: center;\">CONCORSO POLIZIA DI STATO: 220 COMMISSARI<\/h3>\n<\/blockquote>\n<p><strong><a class=\"dt-pswp-item\" href=\"https:\/\/www.radiopiu.net\/wordpress\/wp-content\/uploads\/2022\/05\/POLIZIA-2.jpg\" data-dt-img-description=\"\" data-large_image_width=\"1920\" data-large_image_height=\"1080\"><img loading=\"lazy\" decoding=\"async\" class=\"aligncenter size-medium wp-image-278033\" src=\"https:\/\/www.radiopiu.net\/wordpress\/wp-content\/uploads\/2022\/05\/POLIZIA-2-300x169.jpg\" alt=\"\" width=\"300\" height=\"169\" srcset=\"https:\/\/www.radiopiu.net\/wordpress\/wp-content\/uploads\/2022\/05\/POLIZIA-2-300x169.jpg 300w, https:\/\/www.radiopiu.net\/wordpress\/wp-content\/uploads\/2022\/05\/POLIZIA-2-1024x576.jpg 1024w, https:\/\/www.radiopiu.net\/wordpress\/wp-content\/uploads\/2022\/05\/POLIZIA-2-768x432.jpg 768w, https:\/\/www.radiopiu.net\/wordpress\/wp-content\/uploads\/2022\/05\/POLIZIA-2-1536x864.jpg 1536w, https:\/\/www.radiopiu.net\/wordpress\/wp-content\/uploads\/2022\/05\/POLIZIA-2.jpg 1920w\" sizes=\"auto, (max-width: 300px) 100vw, 300px\" \/><\/a>\u00a0<\/strong><\/p>\n<p><strong>BELLUNO <\/strong>\u00c8 stato pubblicato il bando per il concorso pubblico della Polizia di Stato per l\u2019assunzione di 220 commissari della carriera dei funzionari. La selezione, per titoli ed esami, \u00e8 indetta con decreto del 17 aprile 2026. Le domande potranno essere presentate online dal 21 aprile al 20 maggio 2026 tramite il portale dedicato o il Portale unico del reclutamento <a href=\"http:\/\/www.inpa.gov.it\/\">www.inpa.gov.it<\/a>. La procedura \u00e8 disponibile sul sito della Polizia di Stato. Il concorso mira a rafforzare l\u2019organico dei funzionari e garantire nuove risorse qualificate al corpo.<\/p>\n<p>&nbsp;<\/p>\n<p>&nbsp;<\/p>\n<hr \/>\n<p>&nbsp;<\/p>\n<blockquote>\n<h3 style=\"text-align: center;\">ALLEGHE SI TINGE DI ROSA: SAGAN E BRUSEGHIN APRONO IL COUNTDOWN<\/h3>\n<\/blockquote>\n<p><strong><a class=\"dt-pswp-item\" href=\"https:\/\/www.radiopiu.net\/wordpress\/wp-content\/uploads\/2026\/04\/image001.jpg\" data-dt-img-description=\"\" data-large_image_width=\"994\" data-large_image_height=\"238\"><img loading=\"lazy\" decoding=\"async\" class=\"aligncenter size-medium wp-image-508211\" src=\"https:\/\/www.radiopiu.net\/wordpress\/wp-content\/uploads\/2026\/04\/image001-300x72.jpg\" alt=\"\" width=\"300\" height=\"72\" srcset=\"https:\/\/www.radiopiu.net\/wordpress\/wp-content\/uploads\/2026\/04\/image001-300x72.jpg 300w, https:\/\/www.radiopiu.net\/wordpress\/wp-content\/uploads\/2026\/04\/image001-768x184.jpg 768w, https:\/\/www.radiopiu.net\/wordpress\/wp-content\/uploads\/2026\/04\/image001.jpg 994w\" sizes=\"auto, (max-width: 300px) 100vw, 300px\" \/><\/a>\u00a0<\/strong><\/p>\n<p><strong>ALLEGHE <\/strong>Il 109esimo Giro d\u2019Italia scalda i motori e Alleghe risponde con un evento d&#8217;eccezione. Il 29 aprile, a un mese esatto dalla storica tappa ai Piani di Pezz\u00e8, la Sala Convegni &#8220;Don Tamis&#8221; di Agordo ospiter\u00e0 un talk show imperdibile con due leggende del ciclismo: Peter Sagan e Marzio Bruseghin. Dalle ore 20:30, sotto la guida del giornalista Ilario Tancon, i riflettori si accenderanno su &#8220;Tourminator&#8221;, l\u2019unico ad aver vinto tre mondiali consecutivi, e sul trevigiano Bruseghin, gi\u00e0 podio al Giro 2008. Sar\u00e0 una serata di aneddoti e retroscena per lanciare la volata verso il 29 maggio, quando la carovana rosa affronter\u00e0 i 151 km e i 5.000 metri di dislivello della tappa interamente bellunese. Il Giro 2026, che partir\u00e0 dalla Bulgaria, trover\u00e0 proprio ad Alleghe uno dei suoi snodi cruciali. Il Comitato di Tappa ha previsto un ricco calendario di appuntamenti per accompagnare tifosi e curiosi verso l&#8217;arrivo in quota. Per maggiori dettagli su eventi e concorsi, \u00e8 possibile consultare il portale ufficiale: <i data-path-to-node=\"3\" data-index-in-node=\"311\">alleghe-dolomiti.it<\/i>.<\/p>\n<p>&nbsp;<\/p>\n<p>&nbsp;<\/p>\n<hr \/>\n<p>&nbsp;<\/p>\n<blockquote>\n<h3 style=\"text-align: center;\">PELLEGRINAGGIO TRA FEDE E NATURA A CHIUSA E BRESSANONE<\/h3>\n<\/blockquote>\n<p><strong><a class=\"dt-pswp-item\" href=\"https:\/\/www.radiopiu.net\/wordpress\/wp-content\/uploads\/2026\/04\/ljhdlka.jpg\" data-dt-img-description=\"\" data-large_image_width=\"670\" data-large_image_height=\"948\"><img loading=\"lazy\" decoding=\"async\" class=\"aligncenter wp-image-506937\" src=\"https:\/\/www.radiopiu.net\/wordpress\/wp-content\/uploads\/2026\/04\/ljhdlka-212x300.jpg\" alt=\"\" width=\"143\" height=\"202\" srcset=\"https:\/\/www.radiopiu.net\/wordpress\/wp-content\/uploads\/2026\/04\/ljhdlka-212x300.jpg 212w, https:\/\/www.radiopiu.net\/wordpress\/wp-content\/uploads\/2026\/04\/ljhdlka.jpg 670w\" sizes=\"auto, (max-width: 143px) 100vw, 143px\" \/><\/a>\u00a0<\/strong><\/p>\n<p><strong>CANALE D&#8217;AGORDO <\/strong>Un\u2019occasione unica per vivere un\u2019esperienza che unisce spiritualit\u00e0, natura e cultura: \u00e8 il pellegrinaggio a Chiusa e Bressanone, in programma l\u20198 e 9 maggio con partenza da Canale d\u2019Agordo. L\u2019iniziativa prevede due giornate tra cammini, visite guidate e momenti di preghiera, con la possibilit\u00e0 di partecipare anche solo sabato 9 maggio. Il viaggio \u00e8 organizzato dall\u2019agenzia Think Blue Dolomiti Tour di Falcade in collaborazione con la parrocchia e la Fondazione Papa Luciani. I posti sono limitati e la prenotazione \u00e8 obbligatoria. Per informazioni e iscrizioni \u00e8 possibile contattare il numero 377 9665237 o scrivere via email.<\/p>\n<p>&nbsp;<\/p>\n<p>&nbsp;<\/p>\n<hr \/>\n<p>&nbsp;<\/p>\n<blockquote>\n<h3 style=\"text-align: center;\">VOCI E ARCHI IN CONCERTO A VOLTAGO AGORDINO<\/h3>\n<\/blockquote>\n<p><strong><a class=\"dt-pswp-item\" href=\"https:\/\/www.radiopiu.net\/wordpress\/wp-content\/uploads\/2026\/04\/1000089694.jpg\" data-dt-img-description=\"\" data-large_image_width=\"1131\" data-large_image_height=\"1600\"><img loading=\"lazy\" decoding=\"async\" class=\"aligncenter size-medium wp-image-508524\" src=\"https:\/\/www.radiopiu.net\/wordpress\/wp-content\/uploads\/2026\/04\/1000089694-212x300.jpg\" alt=\"\" width=\"212\" height=\"300\" srcset=\"https:\/\/www.radiopiu.net\/wordpress\/wp-content\/uploads\/2026\/04\/1000089694-212x300.jpg 212w, https:\/\/www.radiopiu.net\/wordpress\/wp-content\/uploads\/2026\/04\/1000089694-724x1024.jpg 724w, https:\/\/www.radiopiu.net\/wordpress\/wp-content\/uploads\/2026\/04\/1000089694-768x1086.jpg 768w, https:\/\/www.radiopiu.net\/wordpress\/wp-content\/uploads\/2026\/04\/1000089694-1086x1536.jpg 1086w, https:\/\/www.radiopiu.net\/wordpress\/wp-content\/uploads\/2026\/04\/1000089694.jpg 1131w\" sizes=\"auto, (max-width: 212px) 100vw, 212px\" \/><\/a>\u00a0<\/strong><\/p>\n<p><strong>VOLTAGO <\/strong>Nella chiesa di Voltago Agordino si terr\u00e0 sabato 16 maggio 2026 alle 20.30 il concerto \u201cVoci e Archi in Concerto\u201d, organizzato dal Consiglio Pastorale delle parrocchie del P\u00f2i. Protagonisti saranno il Coro Agordo, diretto da Anna Devich, e il Coro Fodom guidato da Lorenzo Vallazza, uniti da stima e affinit\u00e0 artistiche. L\u2019evento sar\u00e0 arricchito dal Quartetto Padova Ensemble, formato da musicisti legati da amicizia e passione per il repertorio classico. La serata offrir\u00e0 un suggestivo dialogo tra voci e strumenti, creando un\u2019atmosfera coinvolgente e rilassante, capace di trasportare il pubblico lontano dalle preoccupazioni quotidiane attraverso la bellezza della musica.<\/p>\n<p>&nbsp;<\/p>\n<p>&nbsp;<\/p>\n<hr \/>\n<p>&nbsp;<\/p>\n<blockquote>\n<h3 style=\"text-align: center;\">IL GIARDINO DEI SEMPLICI IN CONCERTO A FELTRE: 50 ANNI DI MUSICA ED EMOZIONI<\/h3>\n<\/blockquote>\n<p><strong><a class=\"dt-pswp-item\" href=\"https:\/\/www.radiopiu.net\/wordpress\/wp-content\/uploads\/2026\/03\/ac3bec6c-9d20-4068-b6cc-fe32828b8691.jpg\" data-dt-img-description=\"\" data-large_image_width=\"939\" data-large_image_height=\"1302\"><img loading=\"lazy\" decoding=\"async\" class=\"aligncenter size-medium wp-image-500762\" src=\"https:\/\/www.radiopiu.net\/wordpress\/wp-content\/uploads\/2026\/03\/ac3bec6c-9d20-4068-b6cc-fe32828b8691-216x300.jpg\" alt=\"\" width=\"216\" height=\"300\" srcset=\"https:\/\/www.radiopiu.net\/wordpress\/wp-content\/uploads\/2026\/03\/ac3bec6c-9d20-4068-b6cc-fe32828b8691-216x300.jpg 216w, https:\/\/www.radiopiu.net\/wordpress\/wp-content\/uploads\/2026\/03\/ac3bec6c-9d20-4068-b6cc-fe32828b8691-739x1024.jpg 739w, https:\/\/www.radiopiu.net\/wordpress\/wp-content\/uploads\/2026\/03\/ac3bec6c-9d20-4068-b6cc-fe32828b8691-768x1065.jpg 768w, https:\/\/www.radiopiu.net\/wordpress\/wp-content\/uploads\/2026\/03\/ac3bec6c-9d20-4068-b6cc-fe32828b8691.jpg 939w\" sizes=\"auto, (max-width: 216px) 100vw, 216px\" \/><\/a>\u00a0<\/strong><\/p>\n<p><strong>FELTRE<\/strong>\u00a0 Arriva a Feltre uno degli appuntamenti musicali pi\u00f9 attesi dell\u2019estate: il concerto de <span class=\"hover:entity-accent entity-underline inline cursor-pointer align-baseline\"><span class=\"whitespace-normal\">Il Giardino dei Semplici<\/span><\/span>, storica band napoletana protagonista della scena pop melodica italiana dagli anni Settanta. Il gruppo, nato nel 1974, ha conquistato il pubblico con brani intramontabili come \u201cM\u2019innamorai\u201d e \u201cMiele\u201d, portata anche al Festival di Sanremo. Con oltre 50 anni di carriera, milioni di dischi venduti e migliaia di concerti, la band continua a emozionare generazioni diverse grazie a uno stile che unisce romanticismo e sonorit\u00e0 pop-rock. L\u2019appuntamento \u00e8 per il 6 giugno all\u2019Auditorium Canossiane: una serata speciale tra grandi successi e nuove emozioni, capace di far cantare il pubblico di tutte le et\u00e0.<\/p>\n<p>&nbsp;<\/p>\n<hr \/>\n<p>&nbsp;<\/p>\n<blockquote>\n<h3 style=\"text-align: center;\">MISS DOLOMITI BELLUNESI: SOSPIROLO INCORONA LA BELLEZZA DEL TERRITORIO<\/h3>\n<\/blockquote>\n<p><strong><a href=\"https:\/\/www.radiopiu.net\/wordpress\/wp-content\/uploads\/2026\/04\/CENTRO-CIVICO-SOSPIROLO.webp\"><img loading=\"lazy\" decoding=\"async\" class=\"aligncenter size-medium wp-image-508046\" src=\"https:\/\/www.radiopiu.net\/wordpress\/wp-content\/uploads\/2026\/04\/CENTRO-CIVICO-SOSPIROLO-300x225.webp\" alt=\"\" width=\"300\" height=\"225\" srcset=\"https:\/\/www.radiopiu.net\/wordpress\/wp-content\/uploads\/2026\/04\/CENTRO-CIVICO-SOSPIROLO-300x225.webp 300w, https:\/\/www.radiopiu.net\/wordpress\/wp-content\/uploads\/2026\/04\/CENTRO-CIVICO-SOSPIROLO-1024x768.webp 1024w, https:\/\/www.radiopiu.net\/wordpress\/wp-content\/uploads\/2026\/04\/CENTRO-CIVICO-SOSPIROLO-768x576.webp 768w, https:\/\/www.radiopiu.net\/wordpress\/wp-content\/uploads\/2026\/04\/CENTRO-CIVICO-SOSPIROLO-1536x1152.webp 1536w, https:\/\/www.radiopiu.net\/wordpress\/wp-content\/uploads\/2026\/04\/CENTRO-CIVICO-SOSPIROLO-2048x1536.webp 2048w\" sizes=\"auto, (max-width: 300px) 100vw, 300px\" \/><\/a>\u00a0<\/strong><\/p>\n<p><strong>SOSPIROLO\u00a0 <\/strong>La bellezza autentica sposa il cuore delle vette. Domenica 28 giugno, a partire dalle 18, il Centro Civico di Sospirolo ospiter\u00e0 la sfilata di Miss Dolomiti Bellunesi, un evento nato per esaltare l\u2019identit\u00e0 e lo splendore del territorio. Tra i riflettori e l\u2019eccellenza locale, le aspiranti miss sfileranno accompagnate dalle note suggestive di DJ Komoro. La serata, guidata da una presentatrice d&#8217;eccezione, vedr\u00e0 la partecipazione di ospiti speciali del mondo dello spettacolo. Mentre la giuria si ritirer\u00e0 per deliberare, il pubblico potr\u00e0 vivere un\u2019atmosfera magica dove il talento incontra le radici bellunesi. La partecipazione \u00e8 gratuita e le iscrizioni restano aperte fino al 20 giugno al numero 3471859436. Un&#8217;occasione imperdibile per brillare in un contesto unico.<\/p>\n<p>&nbsp;<\/p>\n<p>&nbsp;<\/p>\n<hr \/>\n<p>&nbsp;<\/p>\n<blockquote class=\"wp-embedded-content\" data-secret=\"iSgFoIQJBS\"><p><a href=\"https:\/\/www.radiopiu.net\/wordpress\/40-anni-dopo-lesplosione-della-centrale-di-chernobyl\/\">40 ANNI DOPO L&#8217;ESPLOSIONE DELLA CENTRALE DI CHERNOBYL<\/a><\/p><\/blockquote>\n<p><iframe loading=\"lazy\" class=\"wp-embedded-content\" sandbox=\"allow-scripts\" security=\"restricted\" style=\"position: absolute; visibility: hidden;\" title=\"&#8220;40 ANNI DOPO L&#8217;ESPLOSIONE DELLA CENTRALE DI CHERNOBYL&#8221; &#8212; Radio Pi\u00f9\" src=\"https:\/\/www.radiopiu.net\/wordpress\/40-anni-dopo-lesplosione-della-centrale-di-chernobyl\/embed\/#?secret=peVS6Rlc9b#?secret=iSgFoIQJBS\" data-secret=\"iSgFoIQJBS\" width=\"600\" height=\"338\" frameborder=\"0\" marginwidth=\"0\" marginheight=\"0\" scrolling=\"no\"><\/iframe><\/p>\n<p>&nbsp;<\/p>\n<hr \/>\n<p>&nbsp;<\/p>\n<h1 style=\"text-align: center;\"><span style=\"color: #ff6600;\">IERI ALLA RADIO<\/span><\/h1>\n<h2 style=\"text-align: center;\"><span style=\"color: #33cccc;\">LA RASSEGNA STAMPA DA L&#8217;AMICO DEL POPOLO<\/span><\/h2>\n<p><strong><a class=\"dt-pswp-item\" href=\"https:\/\/www.radiopiu.net\/wordpress\/wp-content\/uploads\/2020\/03\/AMICO-POPOLOpng.png\" data-dt-img-description=\"\" data-large_image_width=\"225\" data-large_image_height=\"225\"><img loading=\"lazy\" decoding=\"async\" class=\"aligncenter size-full wp-image-123043\" src=\"https:\/\/www.radiopiu.net\/wordpress\/wp-content\/uploads\/2020\/03\/AMICO-POPOLOpng.png\" alt=\"\" width=\"225\" height=\"225\" srcset=\"https:\/\/www.radiopiu.net\/wordpress\/wp-content\/uploads\/2020\/03\/AMICO-POPOLOpng.png 225w, https:\/\/www.radiopiu.net\/wordpress\/wp-content\/uploads\/2020\/03\/AMICO-POPOLOpng-150x150.png 150w\" sizes=\"auto, (max-width: 225px) 100vw, 225px\" \/><\/a>\u00a0<\/strong><\/p>\n<p><strong>DI GIANNI SANTOMASO<\/strong><\/p>\n<audio class=\"wp-audio-shortcode\" id=\"audio-508603-9\" preload=\"none\" style=\"width: 100%;\" controls=\"controls\"><source type=\"audio\/mpeg\" src=\"https:\/\/www.radiopiu.net\/wordpress\/wp-content\/uploads\/2026\/04\/RASSEGNA-GIANNI-2.mp3?_=9\" \/><a href=\"https:\/\/www.radiopiu.net\/wordpress\/wp-content\/uploads\/2026\/04\/RASSEGNA-GIANNI-2.mp3\">https:\/\/www.radiopiu.net\/wordpress\/wp-content\/uploads\/2026\/04\/RASSEGNA-GIANNI-2.mp3<\/a><\/audio>\n<p>&nbsp;<\/p>\n<hr \/>\n<p>&nbsp;<\/p>\n<h2 style=\"text-align: center;\"><span style=\"color: #cc99ff;\">DUE MINUTI PER TE<\/span><\/h2>\n<p><strong><a class=\"dt-pswp-item\" href=\"https:\/\/www.radiopiu.net\/wordpress\/wp-content\/uploads\/2025\/09\/DON-GIORGIO-LISE.jpg\" data-dt-img-description=\"\" data-large_image_width=\"768\" data-large_image_height=\"448\"><img loading=\"lazy\" decoding=\"async\" class=\"aligncenter size-medium wp-image-470788\" src=\"https:\/\/www.radiopiu.net\/wordpress\/wp-content\/uploads\/2025\/09\/DON-GIORGIO-LISE-300x175.jpg\" alt=\"\" width=\"300\" height=\"175\" srcset=\"https:\/\/www.radiopiu.net\/wordpress\/wp-content\/uploads\/2025\/09\/DON-GIORGIO-LISE-300x175.jpg 300w, https:\/\/www.radiopiu.net\/wordpress\/wp-content\/uploads\/2025\/09\/DON-GIORGIO-LISE.jpg 768w\" sizes=\"auto, (max-width: 300px) 100vw, 300px\" \/><\/a>\u00a0<\/strong><\/p>\n<p><strong>APPUNTAMENTO DELLA DOMENICA CON IL PENSIERO SETTIMANALE DI MONSIGNOR GIORGIO LISE<\/strong><\/p>\n<audio class=\"wp-audio-shortcode\" id=\"audio-508603-10\" preload=\"none\" style=\"width: 100%;\" controls=\"controls\"><source type=\"audio\/mpeg\" src=\"https:\/\/www.radiopiu.net\/wordpress\/wp-content\/uploads\/2026\/04\/DON-GIORGIO-3.mp3?_=10\" \/><a href=\"https:\/\/www.radiopiu.net\/wordpress\/wp-content\/uploads\/2026\/04\/DON-GIORGIO-3.mp3\">https:\/\/www.radiopiu.net\/wordpress\/wp-content\/uploads\/2026\/04\/DON-GIORGIO-3.mp3<\/a><\/audio>\n<p>&nbsp;<\/p>\n<hr \/>\n<p>&nbsp;<\/p>\n<blockquote class=\"wp-embedded-content\" data-secret=\"ba2WDZdICN\"><p><a href=\"https:\/\/www.radiopiu.net\/wordpress\/piu-siamo-con-marina-settimana-dal-20-al-24-aprile-2026\/\">PIU&#8217; SIAMO&#8230;CON MARINA &#8211; SETTIMANA DAL 20 AL 24 APRILE 2026<\/a><\/p><\/blockquote>\n<p><iframe loading=\"lazy\" class=\"wp-embedded-content\" sandbox=\"allow-scripts\" security=\"restricted\" style=\"position: absolute; visibility: hidden;\" title=\"&#8220;PIU&#8217; SIAMO&#8230;CON MARINA &#8211; SETTIMANA DAL 20 AL 24 APRILE 2026&#8221; &#8212; Radio Pi\u00f9\" src=\"https:\/\/www.radiopiu.net\/wordpress\/piu-siamo-con-marina-settimana-dal-20-al-24-aprile-2026\/embed\/#?secret=a3ispi6Qvf#?secret=ba2WDZdICN\" data-secret=\"ba2WDZdICN\" width=\"600\" height=\"338\" frameborder=\"0\" marginwidth=\"0\" marginheight=\"0\" scrolling=\"no\"><\/iframe><\/p>\n<p>&nbsp;<\/p>\n<hr \/>\n<p>&nbsp;<\/p>\n<p><span style=\"color: #ff0000;\"><img loading=\"lazy\" decoding=\"async\" class=\"wp-image-61958 size-full aligncenter\" src=\"https:\/\/www.radiopiu.net\/wordpress\/wp-content\/uploads\/2018\/09\/appuntamenti.jpeg\" alt=\"\" width=\"800\" height=\"100\" srcset=\"https:\/\/www.radiopiu.net\/wordpress\/wp-content\/uploads\/2018\/09\/appuntamenti.jpeg 800w, https:\/\/www.radiopiu.net\/wordpress\/wp-content\/uploads\/2018\/09\/appuntamenti-300x38.jpeg 300w, https:\/\/www.radiopiu.net\/wordpress\/wp-content\/uploads\/2018\/09\/appuntamenti-768x96.jpeg 768w\" sizes=\"auto, (max-width: 800px) 100vw, 800px\" \/><\/span><\/p>\n\n\t\t\t<style type='text\/css'>\n\t\t\t\t#gallery-7 {\n\t\t\t\t\tmargin: auto;\n\t\t\t\t}\n\t\t\t\t#gallery-7 .gallery-item {\n\t\t\t\t\tfloat: left;\n\t\t\t\t\tmargin-top: 10px;\n\t\t\t\t\ttext-align: center;\n\t\t\t\t\twidth: 20%;\n\t\t\t\t}\n\t\t\t\t#gallery-7 img {\n\t\t\t\t\tborder: 2px solid #cfcfcf;\n\t\t\t\t}\n\t\t\t\t#gallery-7 .gallery-caption {\n\t\t\t\t\tmargin-left: 0;\n\t\t\t\t}\n\t\t\t\t\/* see gallery_shortcode() in wp-includes\/media.php *\/\n\t\t\t<\/style>\n\t\t<div id='gallery-7' class='dt-gallery-container gallery galleryid-508603 gallery-columns-5 gallery-size-thumbnail'><dl class='gallery-item'>\n\t\t\t\t<dt class='gallery-icon portrait'>\n\t\t\t\t\t<a class=\"rollover rollover-zoom dt-pswp-item\" title=\"47631a02-b657-4b1d-8efb-4e2c0113f35a\" data-dt-img-description=\"\" data-large_image_width=\"1131\" data-large_image_height=\"1600\"href='https:\/\/www.radiopiu.net\/wordpress\/wp-content\/uploads\/2026\/04\/47631a02-b657-4b1d-8efb-4e2c0113f35a.jpg'><img loading=\"lazy\" decoding=\"async\" width=\"150\" height=\"150\" src=\"https:\/\/www.radiopiu.net\/wordpress\/wp-content\/uploads\/2026\/04\/47631a02-b657-4b1d-8efb-4e2c0113f35a-150x150.jpg\" class=\"attachment-thumbnail size-thumbnail\" alt=\"\" \/><\/a>\n\t\t\t\t<\/dt><\/dl><dl class='gallery-item'>\n\t\t\t\t<dt class='gallery-icon portrait'>\n\t\t\t\t\t<a class=\"rollover rollover-zoom dt-pswp-item\" title=\"Prejentazion ATLANTE TOPONOMASTICO\" data-dt-img-description=\"\" data-large_image_width=\"1754\" data-large_image_height=\"2480\"href='https:\/\/www.radiopiu.net\/wordpress\/wp-content\/uploads\/2026\/04\/Prejentazion-ATLANTE-TOPONOMASTICO.jpg'><img loading=\"lazy\" decoding=\"async\" width=\"150\" height=\"150\" src=\"https:\/\/www.radiopiu.net\/wordpress\/wp-content\/uploads\/2026\/04\/Prejentazion-ATLANTE-TOPONOMASTICO-150x150.jpg\" class=\"attachment-thumbnail size-thumbnail\" alt=\"\" \/><\/a>\n\t\t\t\t<\/dt><\/dl><dl class='gallery-item'>\n\t\t\t\t<dt class='gallery-icon portrait'>\n\t\t\t\t\t<a class=\"rollover rollover-zoom dt-pswp-item\" title=\"ad42cc66-7054-4c91-87b7-d7c7dc136a96\" data-dt-img-description=\"\" data-large_image_width=\"842\" data-large_image_height=\"1191\"href='https:\/\/www.radiopiu.net\/wordpress\/wp-content\/uploads\/2026\/04\/ad42cc66-7054-4c91-87b7-d7c7dc136a96.jpg'><img loading=\"lazy\" decoding=\"async\" width=\"150\" height=\"150\" src=\"https:\/\/www.radiopiu.net\/wordpress\/wp-content\/uploads\/2026\/04\/ad42cc66-7054-4c91-87b7-d7c7dc136a96-150x150.jpg\" class=\"attachment-thumbnail size-thumbnail\" alt=\"\" \/><\/a>\n\t\t\t\t<\/dt><\/dl><dl class='gallery-item'>\n\t\t\t\t<dt class='gallery-icon portrait'>\n\t\t\t\t\t<a class=\"rollover rollover-zoom dt-pswp-item\" title=\"54a3ec7a-a263-4781-8fb5-d822527d27f1\" data-dt-img-description=\"\" data-large_image_width=\"1131\" data-large_image_height=\"1600\"href='https:\/\/www.radiopiu.net\/wordpress\/wp-content\/uploads\/2026\/04\/54a3ec7a-a263-4781-8fb5-d822527d27f1.jpg'><img loading=\"lazy\" decoding=\"async\" width=\"150\" height=\"150\" src=\"https:\/\/www.radiopiu.net\/wordpress\/wp-content\/uploads\/2026\/04\/54a3ec7a-a263-4781-8fb5-d822527d27f1-150x150.jpg\" class=\"attachment-thumbnail size-thumbnail\" alt=\"\" \/><\/a>\n\t\t\t\t<\/dt><\/dl><dl class='gallery-item'>\n\t\t\t\t<dt class='gallery-icon portrait'>\n\t\t\t\t\t<a class=\"rollover rollover-zoom dt-pswp-item\" title=\"0db842f7-53cc-4757-8aa1-eca8bcf5642e\" data-dt-img-description=\"\" data-large_image_width=\"839\" data-large_image_height=\"1210\"href='https:\/\/www.radiopiu.net\/wordpress\/wp-content\/uploads\/2026\/04\/0db842f7-53cc-4757-8aa1-eca8bcf5642e.jpg'><img loading=\"lazy\" decoding=\"async\" width=\"150\" height=\"150\" src=\"https:\/\/www.radiopiu.net\/wordpress\/wp-content\/uploads\/2026\/04\/0db842f7-53cc-4757-8aa1-eca8bcf5642e-150x150.jpg\" class=\"attachment-thumbnail size-thumbnail\" alt=\"\" \/><\/a>\n\t\t\t\t<\/dt><\/dl><br style=\"clear: both\" \/><dl class='gallery-item'>\n\t\t\t\t<dt class='gallery-icon portrait'>\n\t\t\t\t\t<a class=\"rollover rollover-zoom dt-pswp-item\" title=\"ljhdlka\" data-dt-img-description=\"\" data-large_image_width=\"670\" data-large_image_height=\"948\"href='https:\/\/www.radiopiu.net\/wordpress\/wp-content\/uploads\/2026\/04\/ljhdlka.jpg'><img loading=\"lazy\" decoding=\"async\" width=\"150\" height=\"150\" src=\"https:\/\/www.radiopiu.net\/wordpress\/wp-content\/uploads\/2026\/04\/ljhdlka-150x150.jpg\" class=\"attachment-thumbnail size-thumbnail\" alt=\"\" \/><\/a>\n\t\t\t\t<\/dt><\/dl><dl class='gallery-item'>\n\t\t\t\t<dt class='gallery-icon portrait'>\n\t\t\t\t\t<a class=\"rollover rollover-zoom dt-pswp-item\" title=\"1000089694\" data-dt-img-description=\"\" data-large_image_width=\"1131\" data-large_image_height=\"1600\"href='https:\/\/www.radiopiu.net\/wordpress\/wp-content\/uploads\/2026\/04\/1000089694.jpg'><img loading=\"lazy\" decoding=\"async\" width=\"150\" height=\"150\" src=\"https:\/\/www.radiopiu.net\/wordpress\/wp-content\/uploads\/2026\/04\/1000089694-150x150.jpg\" class=\"attachment-thumbnail size-thumbnail\" alt=\"\" \/><\/a>\n\t\t\t\t<\/dt><\/dl><dl class='gallery-item'>\n\t\t\t\t<dt class='gallery-icon portrait'>\n\t\t\t\t\t<a class=\"rollover rollover-zoom dt-pswp-item\" title=\"ac3bec6c-9d20-4068-b6cc-fe32828b8691\" data-dt-img-description=\"\" data-large_image_width=\"939\" data-large_image_height=\"1302\"href='https:\/\/www.radiopiu.net\/wordpress\/wp-content\/uploads\/2026\/03\/ac3bec6c-9d20-4068-b6cc-fe32828b8691.jpg'><img loading=\"lazy\" decoding=\"async\" width=\"150\" height=\"150\" src=\"https:\/\/www.radiopiu.net\/wordpress\/wp-content\/uploads\/2026\/03\/ac3bec6c-9d20-4068-b6cc-fe32828b8691-150x150.jpg\" class=\"attachment-thumbnail size-thumbnail\" alt=\"\" \/><\/a>\n\t\t\t\t<\/dt><\/dl><dl class='gallery-item'>\n\t\t\t\t<dt class='gallery-icon portrait'>\n\t\t\t\t\t<a class=\"rollover rollover-zoom dt-pswp-item\" title=\"oC0c5oUr-7i9\" data-dt-img-description=\"\" data-large_image_width=\"600\" data-large_image_height=\"849\"href='https:\/\/www.radiopiu.net\/wordpress\/wp-content\/uploads\/2026\/04\/oC0c5oUr-7i9.jpg'><img loading=\"lazy\" decoding=\"async\" width=\"150\" height=\"150\" src=\"https:\/\/www.radiopiu.net\/wordpress\/wp-content\/uploads\/2026\/04\/oC0c5oUr-7i9-150x150.jpg\" class=\"attachment-thumbnail size-thumbnail\" alt=\"\" \/><\/a>\n\t\t\t\t<\/dt><\/dl><dl class='gallery-item'>\n\t\t\t\t<dt class='gallery-icon portrait'>\n\t\t\t\t\t<a class=\"rollover rollover-zoom dt-pswp-item\" title=\"Grandiosamente locandina 2026\" data-dt-img-description=\"\" data-large_image_width=\"1240\" data-large_image_height=\"1754\"href='https:\/\/www.radiopiu.net\/wordpress\/wp-content\/uploads\/2026\/03\/Grandiosamente-locandina-2026.jpg'><img loading=\"lazy\" decoding=\"async\" width=\"150\" height=\"150\" src=\"https:\/\/www.radiopiu.net\/wordpress\/wp-content\/uploads\/2026\/03\/Grandiosamente-locandina-2026-150x150.jpg\" class=\"attachment-thumbnail size-thumbnail\" alt=\"\" \/><\/a>\n\t\t\t\t<\/dt><\/dl><br style=\"clear: both\" \/><dl class='gallery-item'>\n\t\t\t\t<dt class='gallery-icon portrait'>\n\t\t\t\t\t<a class=\"rollover rollover-zoom dt-pswp-item\" title=\"649829132_1399275798668081_1623068814339304057_n\" data-dt-img-description=\"\" data-large_image_width=\"1131\" data-large_image_height=\"1600\"href='https:\/\/www.radiopiu.net\/wordpress\/wp-content\/uploads\/2026\/03\/649829132_1399275798668081_1623068814339304057_n.jpg'><img loading=\"lazy\" decoding=\"async\" width=\"150\" height=\"150\" src=\"https:\/\/www.radiopiu.net\/wordpress\/wp-content\/uploads\/2026\/03\/649829132_1399275798668081_1623068814339304057_n-150x150.jpg\" class=\"attachment-thumbnail size-thumbnail\" alt=\"\" \/><\/a>\n\t\t\t\t<\/dt><\/dl><dl class='gallery-item'>\n\t\t\t\t<dt class='gallery-icon portrait'>\n\t\t\t\t\t<a class=\"rollover rollover-zoom dt-pswp-item\" title=\"Comune di Limana Fantalibrando Locandina istituzionale\" data-dt-img-description=\"\" data-large_image_width=\"1240\" data-large_image_height=\"1754\"href='https:\/\/www.radiopiu.net\/wordpress\/wp-content\/uploads\/2026\/03\/Comune-di-Limana-Fantalibrando-Locandina-istituzionale.jpg'><img loading=\"lazy\" decoding=\"async\" width=\"150\" height=\"150\" src=\"https:\/\/www.radiopiu.net\/wordpress\/wp-content\/uploads\/2026\/03\/Comune-di-Limana-Fantalibrando-Locandina-istituzionale-150x150.jpg\" class=\"attachment-thumbnail size-thumbnail\" alt=\"\" \/><\/a>\n\t\t\t\t<\/dt><\/dl><dl class='gallery-item'>\n\t\t\t\t<dt class='gallery-icon portrait'>\n\t\t\t\t\t<a class=\"rollover rollover-zoom dt-pswp-item\" title=\"LocandinaA3Concerto60\" data-dt-img-description=\"\" data-large_image_width=\"1810\" data-large_image_height=\"2560\"href='https:\/\/www.radiopiu.net\/wordpress\/wp-content\/uploads\/2026\/04\/LocandinaA3Concerto60-scaled.jpg'><img loading=\"lazy\" decoding=\"async\" width=\"150\" height=\"150\" src=\"https:\/\/www.radiopiu.net\/wordpress\/wp-content\/uploads\/2026\/04\/LocandinaA3Concerto60-150x150.jpg\" class=\"attachment-thumbnail size-thumbnail\" alt=\"\" \/><\/a>\n\t\t\t\t<\/dt><\/dl><dl class='gallery-item'>\n\t\t\t\t<dt class='gallery-icon portrait'>\n\t\t\t\t\t<a class=\"rollover rollover-zoom dt-pswp-item\" title=\"a3749080-1a18-49e5-ac64-b214cb864fb3\" data-dt-img-description=\"\" data-large_image_width=\"1131\" data-large_image_height=\"1600\"href='https:\/\/www.radiopiu.net\/wordpress\/wp-content\/uploads\/2026\/03\/a3749080-1a18-49e5-ac64-b214cb864fb3.jpg'><img loading=\"lazy\" decoding=\"async\" width=\"150\" height=\"150\" src=\"https:\/\/www.radiopiu.net\/wordpress\/wp-content\/uploads\/2026\/03\/a3749080-1a18-49e5-ac64-b214cb864fb3-150x150.jpg\" class=\"attachment-thumbnail size-thumbnail\" alt=\"\" \/><\/a>\n\t\t\t\t<\/dt><\/dl><dl class='gallery-item'>\n\t\t\t\t<dt class='gallery-icon portrait'>\n\t\t\t\t\t<a class=\"rollover rollover-zoom dt-pswp-item\" title=\"b0d67f90-d904-4b63-b518-a812c647cad7\" data-dt-img-description=\"\" data-large_image_width=\"1024\" data-large_image_height=\"1536\"href='https:\/\/www.radiopiu.net\/wordpress\/wp-content\/uploads\/2026\/04\/b0d67f90-d904-4b63-b518-a812c647cad7.jpg'><img loading=\"lazy\" decoding=\"async\" width=\"150\" height=\"150\" src=\"https:\/\/www.radiopiu.net\/wordpress\/wp-content\/uploads\/2026\/04\/b0d67f90-d904-4b63-b518-a812c647cad7-150x150.jpg\" class=\"attachment-thumbnail size-thumbnail\" alt=\"\" \/><\/a>\n\t\t\t\t<\/dt><\/dl><br style=\"clear: both\" \/>\n\t\t\t<\/div>\n\n<p>&nbsp;<\/p>\n<p>&nbsp;<\/p>\n<hr \/>\n<p>&nbsp;<\/p>\n<p class=\"mceTemp\"><a class=\"dt-pswp-item\" href=\"https:\/\/www.radiopiu.net\/wordpress\/wp-content\/uploads\/2018\/09\/WhatsApp-Image-2018-09-20-at-16.04.06.jpeg\" data-dt-img-description=\"\" data-large_image_width=\"800\" data-large_image_height=\"100\"><img loading=\"lazy\" decoding=\"async\" class=\"wp-image-61378 size-full aligncenter\" src=\"https:\/\/www.radiopiu.net\/wordpress\/wp-content\/uploads\/2018\/09\/WhatsApp-Image-2018-09-20-at-16.04.06.jpeg\" alt=\"\" width=\"800\" height=\"100\" srcset=\"https:\/\/www.radiopiu.net\/wordpress\/wp-content\/uploads\/2018\/09\/WhatsApp-Image-2018-09-20-at-16.04.06.jpeg 800w, https:\/\/www.radiopiu.net\/wordpress\/wp-content\/uploads\/2018\/09\/WhatsApp-Image-2018-09-20-at-16.04.06-300x38.jpeg 300w, https:\/\/www.radiopiu.net\/wordpress\/wp-content\/uploads\/2018\/09\/WhatsApp-Image-2018-09-20-at-16.04.06-768x96.jpeg 768w\" sizes=\"auto, (max-width: 800px) 100vw, 800px\" \/><\/a><\/p>\n<p>&nbsp;<\/p>\n<p><center><b>OGGI<\/b><\/center>Minore soleggiamento rispetto a domenica con nuvolosit\u00e0 crescente, specie nelle ore calde, associata a possibili e modesti fenomeni.<br \/>\n<b>Precipitazioni: <\/b>Al mattino generalmente assenti. Tra il pomeriggio e la sera probabilit\u00e0 medio-bassa di modeste precipitazioni da locali a sparse specie nel settore dolomitico<br \/>\n<b>Temperature: <\/b>In generale lieve o contenuta flessione, eccetto un aumento delle minime in alcune valli, in un contesto diurno leggermente pi\u00f9 fresco rispetto ai giorni precedenti.<\/p>\n<hr \/>\n<p><center><b>DOMANI<\/b><\/center>Cielo da nuvoloso a molto nuvoloso per estesi stratocumuli e per addensamenti irregolari con poche occasioni per le schiarite.<br \/>\n<b>Precipitazioni: <\/b>Probabilit\u00e0 medio-alta di fenomeni frequenti e intermittenti da sparsi a diffusi, anche a carattere di rovescio.<br \/>\n<b>Temperature: <\/b>Minime lieve o contenuto aumento specie nelle valli, massime in lieve o contenuta diminuzione. Clima diurno pi\u00f9 fresco rispetto a luned\u00ec con una modesta escursione termica giornaliera.<\/p>\n<hr \/>\n<p><center><b>MERCOLEDI<\/b><\/center>Cielo irregolarmente nuvoloso con nuvolosit\u00e0 variabile associata a possibili piovaschi\/rovesci sparsi, frequenti e intermittenti. Temperature in ulteriore lieve o contenuta diminuzione con valori diurni prossimi o leggermente pi\u00f9 bassi della norma.<\/p>\n<hr \/>\n<p><center><b>GIOVEDI<\/b><\/center>Sulle Dolomiti, tempo stabile e soleggiato con aria tersa ed ottima visibilit\u00e0, salvo qualche modesto annuvolamento diurno; sulle Prealpi, in genere poco o parzialmente nuvoloso con nuvolosit\u00e0 a tratti irregolari, associata a fenomeni scarsi o assenti. Temperature minime in diminuzione specie nelle valli, massime in aumento soprattutto sulle Dolomiti.<\/p>\n<p>&nbsp;<\/p>\n<p>&nbsp;<\/p>\n<hr \/>\n<p>&nbsp;<\/p>\n<p class=\"mceTemp\"><a class=\"dt-pswp-item\" href=\"https:\/\/www.radiopiu.net\/wordpress\/wp-content\/uploads\/2018\/09\/sport.jpg\" data-dt-img-description=\"\" data-large_image_width=\"800\" data-large_image_height=\"100\"><img loading=\"lazy\" decoding=\"async\" class=\"aligncenter wp-image-60761 size-full\" src=\"https:\/\/www.radiopiu.net\/wordpress\/wp-content\/uploads\/2018\/09\/sport.jpg\" alt=\"\" width=\"800\" height=\"100\" srcset=\"https:\/\/www.radiopiu.net\/wordpress\/wp-content\/uploads\/2018\/09\/sport.jpg 800w, https:\/\/www.radiopiu.net\/wordpress\/wp-content\/uploads\/2018\/09\/sport-300x38.jpg 300w, https:\/\/www.radiopiu.net\/wordpress\/wp-content\/uploads\/2018\/09\/sport-768x96.jpg 768w\" sizes=\"auto, (max-width: 800px) 100vw, 800px\" \/> <\/a><\/p>\n<p>&nbsp;<\/p>\n<p><span style=\"color: #0000ff;\"><strong>CALCIO<\/strong><\/span><\/p>\n<blockquote>\n<h3 style=\"text-align: center;\">L&#8217;AGORDINA PAREGGIA CON IL COMELICO E SI SALVA. PROSSIMA STAGIONE ANCORA IN SECONDA CATEGORIA<\/h3>\n<\/blockquote>\n<p><strong><a class=\"dt-pswp-item\" href=\"https:\/\/www.radiopiu.net\/wordpress\/wp-content\/uploads\/2026\/04\/8adf195b-181c-4496-bb02-d62a409dd0b2.jpg\" data-dt-img-description=\"\" data-large_image_width=\"1179\" data-large_image_height=\"775\"><img loading=\"lazy\" decoding=\"async\" class=\"aligncenter size-medium wp-image-508963\" src=\"https:\/\/www.radiopiu.net\/wordpress\/wp-content\/uploads\/2026\/04\/8adf195b-181c-4496-bb02-d62a409dd0b2-300x197.jpg\" alt=\"\" width=\"300\" height=\"197\" srcset=\"https:\/\/www.radiopiu.net\/wordpress\/wp-content\/uploads\/2026\/04\/8adf195b-181c-4496-bb02-d62a409dd0b2-300x197.jpg 300w, https:\/\/www.radiopiu.net\/wordpress\/wp-content\/uploads\/2026\/04\/8adf195b-181c-4496-bb02-d62a409dd0b2-1024x673.jpg 1024w, https:\/\/www.radiopiu.net\/wordpress\/wp-content\/uploads\/2026\/04\/8adf195b-181c-4496-bb02-d62a409dd0b2-768x505.jpg 768w, https:\/\/www.radiopiu.net\/wordpress\/wp-content\/uploads\/2026\/04\/8adf195b-181c-4496-bb02-d62a409dd0b2.jpg 1179w\" sizes=\"auto, (max-width: 300px) 100vw, 300px\" \/><\/a>\u00a0\u00a0<\/strong><\/p>\n<p><strong>DI MARCO GAZ<\/strong><\/p>\n<p><span style=\"color: #ff0000;\"><strong>SECONDA CATEGORIA \u2013 30\u00aa GIORNATA<\/strong><\/span><\/p>\n<p><strong>AGORDINA \u2013 COMELICO 0-0<\/strong><\/p>\n<p>Termina a reti inviolate l\u2019ultima sfida della stagione per l\u2019Agordina. Uno 0 a 0 contro il Comelico che consegna la salvezza matematica alla squadra di Agordo che la prossima stagione torner\u00e0 a giocare nel campionato regionale. Una stagione che termina con l\u2019obbiettivo centrato dopo un campionato fatto di alti e bassi ed alcune volte con la dea bendata che ha voltato le spalle agli agordini. Agordina che evita i playout per un punto sulla Follinese. Ora un meritato riposo in attesa di tornare in campo a settembre con una nuova squadra. Prima frazione di gara con poche occasioni da una parte e dall\u2019altra. La partita si accende nella ripresa, pi\u00f9 precisamente al 75\u2019 quando nel giro di pochi minuti arrivano due occasioni per parte. Marchiori sfiora l\u2019incrocio dei pali mentre Crepaz non centra la porta da buona posizione. Comelico che risponde su due palle inattive ma la sfida termina a reti inviolate con l\u2019Agordina che festeggia la salvezza.<\/p>\n<p><strong>LA CLASSIFICA:<\/strong> JM Feltre 84, Ponte Nelle Alpi 77, Comelico 65, Itlas Santa Giustina 53, Sospirolese 49, Plavis 48, Cadore\/Domegge 43, San Michele Salsa 40, Auronzo 36, Sarmede 32, Nogar\u00e8 e Fulgor Farra 29, Agordina 27, Follinese 26, Lamonese 21, San Vittore 14<\/p>\n<p><span style=\"color: #3366ff;\"><strong>SETTORE GIOVANILE<\/strong><\/span><\/p>\n<p><span style=\"color: #ff0000;\"><strong>JUNIORES PROVINCIALE<\/strong><\/span><\/p>\n<p><strong>AGORDINA \u2013 LONGARONE\/ALPINA 2-1<\/strong><\/p>\n<p>Torna a vincere la Juniores dell\u2019Agordina e lo fa sul campo di casa battendo di misura il Longarone\/Alpina. Tre punti che fanno tirare un sospiro di sollievo ai giovani di Agordo che ora si trovano al quinto posto in classifica. Dopo un primo tempo a reti inviolate, a passare in vantaggio sono gli ospiti alla mezz\u2019ora della ripresa. Nel finale di gara l\u2019Agordina ingrana la marcia giusta pareggiando i conti con Farenzena e in pieno recupero arriva il gol vittoria a firma di Soccol.<\/p>\n<p><span style=\"color: #ff0000;\"><strong>ALLIEVI REGIONALI<\/strong><\/span><\/p>\n<p><strong>CADORE\/DOMEGGE \u2013 AGORDINA \u2013 5-0<\/strong><\/p>\n<p>Passerella finale per gli allevi di De Lazzer che, dopo essersi matematicamente salvati la scorsa settimana, hanno perso contro il Cadore\/Domegge in una partita che non serviva a nessuna delle due formazioni. Ultima partita della stagione per entrambe le formazioni che nella prossima stagione si ritroveranno di fronte nel campionato regionale Allievi.<\/p>\n<p>&nbsp;<\/p>\n<blockquote class=\"wp-embedded-content\" data-secret=\"E8DR2DdGrH\"><p><a href=\"https:\/\/www.radiopiu.net\/wordpress\/agordina-in-prima-linea-ogni-domenica-su-radio-piu-il-podcast\/\">AGORDINA IN PRIMA LINEA, OGNI DOMENICA SU RADIO PIU&#8217; &#8211; IL PODCAST<\/a><\/p><\/blockquote>\n<p><iframe loading=\"lazy\" class=\"wp-embedded-content\" sandbox=\"allow-scripts\" security=\"restricted\" style=\"position: absolute; visibility: hidden;\" title=\"&#8220;AGORDINA IN PRIMA LINEA, OGNI DOMENICA SU RADIO PIU&#8217; &#8211; IL PODCAST&#8221; &#8212; Radio Pi\u00f9\" src=\"https:\/\/www.radiopiu.net\/wordpress\/agordina-in-prima-linea-ogni-domenica-su-radio-piu-il-podcast\/embed\/#?secret=ymjascPjEn#?secret=E8DR2DdGrH\" data-secret=\"E8DR2DdGrH\" width=\"600\" height=\"338\" frameborder=\"0\" marginwidth=\"0\" marginheight=\"0\" scrolling=\"no\"><\/iframe><\/p>\n<p>&nbsp;<\/p>\n<p><span style=\"color: #0000ff;\"><strong>PATTINAGGIO ARTISTICO<\/strong><\/span><\/p>\n<blockquote>\n<h3 style=\"text-align: center;\">AGORDINO GHIACCIO E SPORT PROTAGONISTA ALLE FINALI NAZIONALI DI VARESE<\/h3>\n<\/blockquote>\n<p>Si sono svolte dal 25 al 26 aprile allo stadio di Stadio del Ghiaccio di Varese le finali nazionali fascia bronze di pattinaggio di figura. Ottimi risultati per l\u2019associazione Agordino Ghiaccio e Sport, che ha rappresentato il Veneto con quattro atlete. Nella categoria interpretativo B grande successo con il primo posto di Paola Francesca Galligani e il secondo di Irene De Pra, protagoniste di prove convincenti. Nella categoria principianti A, ottavo posto per Rita Masiero, mentre tra le cadette Marica Rossi ha chiuso in dodicesima posizione. Un bilancio complessivamente positivo per il sodalizio agordino, che continua a distinguersi a livello nazionale, confermando la crescita del movimento e la qualit\u00e0 delle giovani atlete.<\/p>\n\n\t\t\t<style type='text\/css'>\n\t\t\t\t#gallery-8 {\n\t\t\t\t\tmargin: auto;\n\t\t\t\t}\n\t\t\t\t#gallery-8 .gallery-item {\n\t\t\t\t\tfloat: left;\n\t\t\t\t\tmargin-top: 10px;\n\t\t\t\t\ttext-align: center;\n\t\t\t\t\twidth: 50%;\n\t\t\t\t}\n\t\t\t\t#gallery-8 img {\n\t\t\t\t\tborder: 2px solid #cfcfcf;\n\t\t\t\t}\n\t\t\t\t#gallery-8 .gallery-caption {\n\t\t\t\t\tmargin-left: 0;\n\t\t\t\t}\n\t\t\t\t\/* see gallery_shortcode() in wp-includes\/media.php *\/\n\t\t\t<\/style>\n\t\t<div id='gallery-8' class='dt-gallery-container gallery galleryid-508603 gallery-columns-2 gallery-size-medium'><dl class='gallery-item'>\n\t\t\t\t<dt class='gallery-icon landscape'>\n\t\t\t\t\t<a class=\"rollover rollover-zoom dt-pswp-item\" title=\"1000092636\" data-dt-img-description=\"\" data-large_image_width=\"1224\" data-large_image_height=\"921\"href='https:\/\/www.radiopiu.net\/wordpress\/wp-content\/uploads\/2026\/04\/1000092636.jpg'><img loading=\"lazy\" decoding=\"async\" width=\"300\" height=\"226\" src=\"https:\/\/www.radiopiu.net\/wordpress\/wp-content\/uploads\/2026\/04\/1000092636-300x226.jpg\" class=\"attachment-medium size-medium\" alt=\"\" srcset=\"https:\/\/www.radiopiu.net\/wordpress\/wp-content\/uploads\/2026\/04\/1000092636-300x226.jpg 300w, https:\/\/www.radiopiu.net\/wordpress\/wp-content\/uploads\/2026\/04\/1000092636-1024x771.jpg 1024w, https:\/\/www.radiopiu.net\/wordpress\/wp-content\/uploads\/2026\/04\/1000092636-768x578.jpg 768w, https:\/\/www.radiopiu.net\/wordpress\/wp-content\/uploads\/2026\/04\/1000092636.jpg 1224w\" sizes=\"auto, (max-width: 300px) 100vw, 300px\" \/><\/a>\n\t\t\t\t<\/dt><\/dl><dl class='gallery-item'>\n\t\t\t\t<dt class='gallery-icon portrait'>\n\t\t\t\t\t<a class=\"rollover rollover-zoom dt-pswp-item\" title=\"1000092643\" data-dt-img-description=\"\" data-large_image_width=\"921\" data-large_image_height=\"1224\"href='https:\/\/www.radiopiu.net\/wordpress\/wp-content\/uploads\/2026\/04\/1000092643.jpg'><img loading=\"lazy\" decoding=\"async\" width=\"226\" height=\"300\" src=\"https:\/\/www.radiopiu.net\/wordpress\/wp-content\/uploads\/2026\/04\/1000092643-226x300.jpg\" class=\"attachment-medium size-medium\" alt=\"\" srcset=\"https:\/\/www.radiopiu.net\/wordpress\/wp-content\/uploads\/2026\/04\/1000092643-226x300.jpg 226w, https:\/\/www.radiopiu.net\/wordpress\/wp-content\/uploads\/2026\/04\/1000092643-771x1024.jpg 771w, https:\/\/www.radiopiu.net\/wordpress\/wp-content\/uploads\/2026\/04\/1000092643-768x1021.jpg 768w, https:\/\/www.radiopiu.net\/wordpress\/wp-content\/uploads\/2026\/04\/1000092643.jpg 921w\" sizes=\"auto, (max-width: 226px) 100vw, 226px\" \/><\/a>\n\t\t\t\t<\/dt><\/dl><br style=\"clear: both\" \/>\n\t\t\t<\/div>\n\n<p>&nbsp;<\/p>\n<p><span style=\"color: #0000ff;\"><strong>CORSA IN MONTAGNA<\/strong><\/span><\/p>\n<blockquote>\n<h3 style=\"text-align: center;\">RECORD DI PARTECIPANTI ALLA \u201cSU E DO PER I COI\u201d<\/h3>\n<\/blockquote>\n<p><strong>LA VALLE <\/strong>Grande successo per la corsa in montagna \u201cSu e Do per i Coi\u201d, Memorial Flavio De Cassai, che ha fatto registrare il record di partecipanti con ben 180 concorrenti al via. Una giornata di sport e passione che ha richiamato atleti e appassionati lungo uno dei percorsi pi\u00f9 suggestivi del territorio. A imporsi nella gara maschile \u00e8 stato lo zoldano <span class=\"hover:entity-accent entity-underline inline cursor-pointer align-baseline\"><span class=\"whitespace-normal\">Luca Mosena<\/span><\/span>, che ha tagliato il traguardo davanti all\u2019atleta di casa <span class=\"hover:entity-accent entity-underline inline cursor-pointer align-baseline\"><span class=\"whitespace-normal\">Ivan Dell\u2019Osbel<\/span><\/span> e a <span class=\"hover:entity-accent entity-underline inline cursor-pointer align-baseline\"><span class=\"whitespace-normal\">Jhan Moji<\/span><\/span>, protagonisti di un\u2019entusiasmante sfida fino all\u2019ultimo tratto. In campo femminile, vittoria per <span class=\"hover:entity-accent entity-underline inline cursor-pointer align-baseline\"><span class=\"whitespace-normal\">Ornella Bona<\/span><\/span>, che ha preceduto <span class=\"hover:entity-accent entity-underline inline cursor-pointer align-baseline\"><span class=\"whitespace-normal\">Debora Capraro<\/span><\/span> e <span class=\"hover:entity-accent entity-underline inline cursor-pointer align-baseline\"><span class=\"whitespace-normal\">Martina De Mas<\/span><\/span>.<\/p>\n<p><strong>PER CONSULTARE LE CLASSIFICHE IL SITO DELLO SCI CLUB LA VALLE <a href=\"https:\/\/www.sciclublavalleagordina.com\/su-e-do-per-i-coi-2026\/\"><span style=\"color: #3366ff;\">CLICCA QUI<\/span><\/a><\/strong><\/p>\n<p><strong>LE FOTO DELLE PREMIAZIONI<\/strong><\/p>\n\n\t\t\t<style type='text\/css'>\n\t\t\t\t#gallery-9 {\n\t\t\t\t\tmargin: auto;\n\t\t\t\t}\n\t\t\t\t#gallery-9 .gallery-item {\n\t\t\t\t\tfloat: left;\n\t\t\t\t\tmargin-top: 10px;\n\t\t\t\t\ttext-align: center;\n\t\t\t\t\twidth: 20%;\n\t\t\t\t}\n\t\t\t\t#gallery-9 img {\n\t\t\t\t\tborder: 2px solid #cfcfcf;\n\t\t\t\t}\n\t\t\t\t#gallery-9 .gallery-caption {\n\t\t\t\t\tmargin-left: 0;\n\t\t\t\t}\n\t\t\t\t\/* see gallery_shortcode() in wp-includes\/media.php *\/\n\t\t\t<\/style>\n\t\t<div id='gallery-9' class='dt-gallery-container gallery galleryid-508603 gallery-columns-5 gallery-size-thumbnail'><dl class='gallery-item'>\n\t\t\t\t<dt class='gallery-icon portrait'>\n\t\t\t\t\t<a class=\"rollover rollover-zoom dt-pswp-item\" title=\"e9290ea8-3c5e-4d22-8cd3-55691df5b8ac\" data-dt-img-description=\"\" data-large_image_width=\"1920\" data-large_image_height=\"2560\"href='https:\/\/www.radiopiu.net\/wordpress\/wp-content\/uploads\/2026\/04\/e9290ea8-3c5e-4d22-8cd3-55691df5b8ac-scaled.jpg'><img loading=\"lazy\" decoding=\"async\" width=\"150\" height=\"150\" src=\"https:\/\/www.radiopiu.net\/wordpress\/wp-content\/uploads\/2026\/04\/e9290ea8-3c5e-4d22-8cd3-55691df5b8ac-150x150.jpg\" class=\"attachment-thumbnail size-thumbnail\" alt=\"\" \/><\/a>\n\t\t\t\t<\/dt><\/dl><dl class='gallery-item'>\n\t\t\t\t<dt class='gallery-icon portrait'>\n\t\t\t\t\t<a class=\"rollover rollover-zoom dt-pswp-item\" title=\"60c8ee87-32a3-428e-92ee-09e7914252f2\" data-dt-img-description=\"\" data-large_image_width=\"1920\" data-large_image_height=\"2560\"href='https:\/\/www.radiopiu.net\/wordpress\/wp-content\/uploads\/2026\/04\/60c8ee87-32a3-428e-92ee-09e7914252f2-scaled.jpg'><img loading=\"lazy\" decoding=\"async\" width=\"150\" height=\"150\" src=\"https:\/\/www.radiopiu.net\/wordpress\/wp-content\/uploads\/2026\/04\/60c8ee87-32a3-428e-92ee-09e7914252f2-150x150.jpg\" class=\"attachment-thumbnail size-thumbnail\" alt=\"\" \/><\/a>\n\t\t\t\t<\/dt><\/dl><dl class='gallery-item'>\n\t\t\t\t<dt class='gallery-icon portrait'>\n\t\t\t\t\t<a class=\"rollover rollover-zoom dt-pswp-item\" title=\"4e337b93-d85b-4843-9e67-7179bfe355e0\" data-dt-img-description=\"\" data-large_image_width=\"1920\" data-large_image_height=\"2560\"href='https:\/\/www.radiopiu.net\/wordpress\/wp-content\/uploads\/2026\/04\/4e337b93-d85b-4843-9e67-7179bfe355e0-scaled.jpg'><img loading=\"lazy\" decoding=\"async\" width=\"150\" height=\"150\" src=\"https:\/\/www.radiopiu.net\/wordpress\/wp-content\/uploads\/2026\/04\/4e337b93-d85b-4843-9e67-7179bfe355e0-150x150.jpg\" class=\"attachment-thumbnail size-thumbnail\" alt=\"\" \/><\/a>\n\t\t\t\t<\/dt><\/dl><dl class='gallery-item'>\n\t\t\t\t<dt class='gallery-icon portrait'>\n\t\t\t\t\t<a class=\"rollover rollover-zoom dt-pswp-item\" title=\"e6f198e8-39a5-41aa-962b-748f8165753f\" data-dt-img-description=\"\" data-large_image_width=\"1920\" data-large_image_height=\"2560\"href='https:\/\/www.radiopiu.net\/wordpress\/wp-content\/uploads\/2026\/04\/e6f198e8-39a5-41aa-962b-748f8165753f-scaled.jpg'><img loading=\"lazy\" decoding=\"async\" width=\"150\" height=\"150\" src=\"https:\/\/www.radiopiu.net\/wordpress\/wp-content\/uploads\/2026\/04\/e6f198e8-39a5-41aa-962b-748f8165753f-150x150.jpg\" class=\"attachment-thumbnail size-thumbnail\" alt=\"\" \/><\/a>\n\t\t\t\t<\/dt><\/dl><dl class='gallery-item'>\n\t\t\t\t<dt class='gallery-icon portrait'>\n\t\t\t\t\t<a class=\"rollover rollover-zoom dt-pswp-item\" title=\"792c3585-e13b-4699-bbdb-213f97728da4\" data-dt-img-description=\"\" data-large_image_width=\"1920\" data-large_image_height=\"2560\"href='https:\/\/www.radiopiu.net\/wordpress\/wp-content\/uploads\/2026\/04\/792c3585-e13b-4699-bbdb-213f97728da4-scaled.jpg'><img loading=\"lazy\" decoding=\"async\" width=\"150\" height=\"150\" src=\"https:\/\/www.radiopiu.net\/wordpress\/wp-content\/uploads\/2026\/04\/792c3585-e13b-4699-bbdb-213f97728da4-150x150.jpg\" class=\"attachment-thumbnail size-thumbnail\" alt=\"\" \/><\/a>\n\t\t\t\t<\/dt><\/dl><br style=\"clear: both\" \/><dl class='gallery-item'>\n\t\t\t\t<dt class='gallery-icon portrait'>\n\t\t\t\t\t<a class=\"rollover rollover-zoom dt-pswp-item\" title=\"68accf37-64b5-4917-8442-67a394e4e939\" data-dt-img-description=\"\" data-large_image_width=\"1920\" data-large_image_height=\"2560\"href='https:\/\/www.radiopiu.net\/wordpress\/wp-content\/uploads\/2026\/04\/68accf37-64b5-4917-8442-67a394e4e939-scaled.jpg'><img loading=\"lazy\" decoding=\"async\" width=\"150\" height=\"150\" src=\"https:\/\/www.radiopiu.net\/wordpress\/wp-content\/uploads\/2026\/04\/68accf37-64b5-4917-8442-67a394e4e939-150x150.jpg\" class=\"attachment-thumbnail size-thumbnail\" alt=\"\" \/><\/a>\n\t\t\t\t<\/dt><\/dl><dl class='gallery-item'>\n\t\t\t\t<dt class='gallery-icon portrait'>\n\t\t\t\t\t<a class=\"rollover rollover-zoom dt-pswp-item\" title=\"e81d4635-54cc-4696-8b66-6db630c3499a\" data-dt-img-description=\"\" data-large_image_width=\"1920\" data-large_image_height=\"2560\"href='https:\/\/www.radiopiu.net\/wordpress\/wp-content\/uploads\/2026\/04\/e81d4635-54cc-4696-8b66-6db630c3499a-scaled.jpg'><img loading=\"lazy\" decoding=\"async\" width=\"150\" height=\"150\" src=\"https:\/\/www.radiopiu.net\/wordpress\/wp-content\/uploads\/2026\/04\/e81d4635-54cc-4696-8b66-6db630c3499a-150x150.jpg\" class=\"attachment-thumbnail size-thumbnail\" alt=\"\" \/><\/a>\n\t\t\t\t<\/dt><\/dl><dl class='gallery-item'>\n\t\t\t\t<dt class='gallery-icon portrait'>\n\t\t\t\t\t<a class=\"rollover rollover-zoom dt-pswp-item\" title=\"9d3bcd4a-f2c4-4990-8367-556870dd096a\" data-dt-img-description=\"\" data-large_image_width=\"1920\" data-large_image_height=\"2560\"href='https:\/\/www.radiopiu.net\/wordpress\/wp-content\/uploads\/2026\/04\/9d3bcd4a-f2c4-4990-8367-556870dd096a-scaled.jpg'><img loading=\"lazy\" decoding=\"async\" width=\"150\" height=\"150\" src=\"https:\/\/www.radiopiu.net\/wordpress\/wp-content\/uploads\/2026\/04\/9d3bcd4a-f2c4-4990-8367-556870dd096a-150x150.jpg\" class=\"attachment-thumbnail size-thumbnail\" alt=\"\" \/><\/a>\n\t\t\t\t<\/dt><\/dl><dl class='gallery-item'>\n\t\t\t\t<dt class='gallery-icon portrait'>\n\t\t\t\t\t<a class=\"rollover rollover-zoom dt-pswp-item\" title=\"75f69452-a066-4a0a-b609-af67c960c999\" data-dt-img-description=\"\" data-large_image_width=\"1920\" data-large_image_height=\"2560\"href='https:\/\/www.radiopiu.net\/wordpress\/wp-content\/uploads\/2026\/04\/75f69452-a066-4a0a-b609-af67c960c999-scaled.jpg'><img loading=\"lazy\" decoding=\"async\" width=\"150\" height=\"150\" src=\"https:\/\/www.radiopiu.net\/wordpress\/wp-content\/uploads\/2026\/04\/75f69452-a066-4a0a-b609-af67c960c999-150x150.jpg\" class=\"attachment-thumbnail size-thumbnail\" alt=\"\" \/><\/a>\n\t\t\t\t<\/dt><\/dl>\n\t\t\t\t<br style='clear: both' \/>\n\t\t\t<\/div>\n\n<p>&nbsp;<\/p>\n<blockquote>\n<h3 style=\"text-align: center;\">TRAIL DE LE LONGANE, IN 300 A LOZZO DI CADORE: TRIONFANO CAGNATI E DI SOPRA<\/h3>\n<\/blockquote>\n<p>Sono stati circa 300 i partecipanti al Trail de le Longane, disputato domenica 26 aprile a Lozzo di Cadore, sulle Dolomiti Bellunesi. L\u2019evento, organizzato dal Gruppo Fatti di Lozzo e dall\u2019Unione sportiva Aquilotti con il supporto di numerose realt\u00e0 locali, ha proposto un percorso di 15 chilometri con 1.100 metri di dislivello positivo. A imporsi \u00e8 stato Luca Cagnati, che ha chiuso in 1h10\u201946\u201d, replicando il successo del 2014. Alle sue spalle Devid Caresani e Lorenzo Buttazzoni. \u00abDopo una partenza controllata ho aumentato il ritmo, gestendo bene la gara\u00bb, ha spiegato il vincitore, soddisfatto in vista dei prossimi impegni tricolori. In campo femminile vittoria per Francesca Di Sopra in 1h29\u201930\u201d, davanti a Sara Nait e Caterina Bellina. Accanto alla gara competitiva si \u00e8 svolta anche una prova non agonistica. Premi speciali infine per Andrea Forni e Olivo Da Pra, ideatori della manifestazione.<\/p>\n\n\t\t\t<style type='text\/css'>\n\t\t\t\t#gallery-10 {\n\t\t\t\t\tmargin: auto;\n\t\t\t\t}\n\t\t\t\t#gallery-10 .gallery-item {\n\t\t\t\t\tfloat: left;\n\t\t\t\t\tmargin-top: 10px;\n\t\t\t\t\ttext-align: center;\n\t\t\t\t\twidth: 50%;\n\t\t\t\t}\n\t\t\t\t#gallery-10 img {\n\t\t\t\t\tborder: 2px solid #cfcfcf;\n\t\t\t\t}\n\t\t\t\t#gallery-10 .gallery-caption {\n\t\t\t\t\tmargin-left: 0;\n\t\t\t\t}\n\t\t\t\t\/* see gallery_shortcode() in wp-includes\/media.php *\/\n\t\t\t<\/style>\n\t\t<div id='gallery-10' class='dt-gallery-container gallery galleryid-508603 gallery-columns-2 gallery-size-medium'><dl class='gallery-item'>\n\t\t\t\t<dt class='gallery-icon landscape'>\n\t\t\t\t\t<a class=\"rollover rollover-zoom dt-pswp-item\" title=\"trail de le longane 26 aprile 2026 - podio maschile\" data-dt-img-description=\"\" data-large_image_width=\"1637\" data-large_image_height=\"1091\"href='https:\/\/www.radiopiu.net\/wordpress\/wp-content\/uploads\/2026\/04\/trail-de-le-longane-26-aprile-2026-podio-maschile.jpeg'><img loading=\"lazy\" decoding=\"async\" width=\"300\" height=\"200\" src=\"https:\/\/www.radiopiu.net\/wordpress\/wp-content\/uploads\/2026\/04\/trail-de-le-longane-26-aprile-2026-podio-maschile-300x200.jpeg\" class=\"attachment-medium size-medium\" alt=\"\" srcset=\"https:\/\/www.radiopiu.net\/wordpress\/wp-content\/uploads\/2026\/04\/trail-de-le-longane-26-aprile-2026-podio-maschile-300x200.jpeg 300w, https:\/\/www.radiopiu.net\/wordpress\/wp-content\/uploads\/2026\/04\/trail-de-le-longane-26-aprile-2026-podio-maschile-1024x682.jpeg 1024w, https:\/\/www.radiopiu.net\/wordpress\/wp-content\/uploads\/2026\/04\/trail-de-le-longane-26-aprile-2026-podio-maschile-768x512.jpeg 768w, https:\/\/www.radiopiu.net\/wordpress\/wp-content\/uploads\/2026\/04\/trail-de-le-longane-26-aprile-2026-podio-maschile-1536x1024.jpeg 1536w, https:\/\/www.radiopiu.net\/wordpress\/wp-content\/uploads\/2026\/04\/trail-de-le-longane-26-aprile-2026-podio-maschile.jpeg 1637w\" sizes=\"auto, (max-width: 300px) 100vw, 300px\" \/><\/a>\n\t\t\t\t<\/dt><\/dl><dl class='gallery-item'>\n\t\t\t\t<dt class='gallery-icon landscape'>\n\t\t\t\t\t<a class=\"rollover rollover-zoom dt-pswp-item\" title=\"trail de le longane 26 aprile 2026 - podio femminile\" data-dt-img-description=\"\" data-large_image_width=\"1200\" data-large_image_height=\"800\"href='https:\/\/www.radiopiu.net\/wordpress\/wp-content\/uploads\/2026\/04\/trail-de-le-longane-26-aprile-2026-podio-femminile.jpeg'><img loading=\"lazy\" decoding=\"async\" width=\"300\" height=\"200\" src=\"https:\/\/www.radiopiu.net\/wordpress\/wp-content\/uploads\/2026\/04\/trail-de-le-longane-26-aprile-2026-podio-femminile-300x200.jpeg\" class=\"attachment-medium size-medium\" alt=\"\" srcset=\"https:\/\/www.radiopiu.net\/wordpress\/wp-content\/uploads\/2026\/04\/trail-de-le-longane-26-aprile-2026-podio-femminile-300x200.jpeg 300w, https:\/\/www.radiopiu.net\/wordpress\/wp-content\/uploads\/2026\/04\/trail-de-le-longane-26-aprile-2026-podio-femminile-1024x683.jpeg 1024w, https:\/\/www.radiopiu.net\/wordpress\/wp-content\/uploads\/2026\/04\/trail-de-le-longane-26-aprile-2026-podio-femminile-768x512.jpeg 768w, https:\/\/www.radiopiu.net\/wordpress\/wp-content\/uploads\/2026\/04\/trail-de-le-longane-26-aprile-2026-podio-femminile.jpeg 1200w\" sizes=\"auto, (max-width: 300px) 100vw, 300px\" \/><\/a>\n\t\t\t\t<\/dt><\/dl><br style=\"clear: both\" \/>\n\t\t\t<\/div>\n\n<p>&nbsp;<\/p>\n<p><span style=\"color: #0000ff;\"><strong>MOUNTAIN BIKE<\/strong><\/span><\/p>\n<blockquote>\n<h3 style=\"text-align: center;\">SUCCESSO PER MTB CANEVA TROPHY 2026 TRA SPETTACOLO E GRANDI NOMI<\/h3>\n<\/blockquote>\n<p><a class=\"dt-pswp-item\" href=\"https:\/\/www.radiopiu.net\/wordpress\/wp-content\/uploads\/2026\/04\/CanevaTrophy26PressPills-ARRIVO-GARA-ELITE-UOMINI.jpg\" data-dt-img-description=\"\" data-large_image_width=\"1920\" data-large_image_height=\"1280\"><img loading=\"lazy\" decoding=\"async\" class=\"aligncenter size-medium wp-image-509013\" src=\"https:\/\/www.radiopiu.net\/wordpress\/wp-content\/uploads\/2026\/04\/CanevaTrophy26PressPills-ARRIVO-GARA-ELITE-UOMINI-300x200.jpg\" alt=\"\" width=\"300\" height=\"200\" srcset=\"https:\/\/www.radiopiu.net\/wordpress\/wp-content\/uploads\/2026\/04\/CanevaTrophy26PressPills-ARRIVO-GARA-ELITE-UOMINI-300x200.jpg 300w, https:\/\/www.radiopiu.net\/wordpress\/wp-content\/uploads\/2026\/04\/CanevaTrophy26PressPills-ARRIVO-GARA-ELITE-UOMINI-1024x683.jpg 1024w, https:\/\/www.radiopiu.net\/wordpress\/wp-content\/uploads\/2026\/04\/CanevaTrophy26PressPills-ARRIVO-GARA-ELITE-UOMINI-768x512.jpg 768w, https:\/\/www.radiopiu.net\/wordpress\/wp-content\/uploads\/2026\/04\/CanevaTrophy26PressPills-ARRIVO-GARA-ELITE-UOMINI-1536x1024.jpg 1536w, https:\/\/www.radiopiu.net\/wordpress\/wp-content\/uploads\/2026\/04\/CanevaTrophy26PressPills-ARRIVO-GARA-ELITE-UOMINI.jpg 1920w\" sizes=\"auto, (max-width: 300px) 100vw, 300px\" \/><\/a><\/p>\n<p>Ottimo successo per l\u2019edizione 2026 di Mtb Caneva Trophy, evento di riferimento nel panorama italiano della mountain bike. La manifestazione, organizzata da La Roccia Team, si \u00e8 svolta il 25 e 26 aprile a Steven\u00e0 di Caneva con circa mille partecipanti. Sabato spazio alla prova internazionale Uci C1, valida anche per l\u2019Italia Bike Cup. Tra gli Elite uomini vittoria in volata di Nadir Colledani su Filippo Fontana e Gioele Bertolini. Tra le donne dominio di Giada Specia. Successi Under 23 per Ettore Fabbro e Sabrina Rizzi, tra gli Juniores per Giovanni Bosio e Nicole Azzetti. Domenica protagonisti i giovani, con vittorie distribuite tra diverse squadre e territori.<\/p>\n<p>&nbsp;<\/p>\n<p>&nbsp;<\/p>\n<p>&nbsp;<\/p>\n<p>&nbsp;<\/p>\n<p>&nbsp;<\/p>\n","protected":false},"excerpt":{"rendered":"<p>*********** &nbsp; LA\u00a0 \u00a0 APP LA\u00a0 APP PER IOS-IPHONE di Nicola Vettorello https:\/\/apps.apple.com\/it\/app\/radio-pi%C3%B9-emittente-agordina\/id1515939845 LA\u00a0 APP RADIO\u00a0 PER ANDROID di Nicola Vettorello https:\/\/play.google.com\/store\/apps\/details?id=net.radiopiu.iniko\u00a0\u00a0\u00a0\u00a0\u00a0 &nbsp; &nbsp; &nbsp; RADIO, LA GIORNATA IN DIRETTA TRA INFORMAZIONE E MUSICA &nbsp; Una giornata ricca di voci, storie e musica accompagna gli ascoltatori fin dal mattino. Si parte alle 8.05 con la&hellip;<\/p>\n","protected":false},"author":4,"featured_media":509041,"comment_status":"closed","ping_status":"closed","sticky":false,"template":"","format":"standard","meta":{"_monsterinsights_skip_tracking":false,"_monsterinsights_sitenote_active":false,"_monsterinsights_sitenote_note":"","_monsterinsights_sitenote_category":0,"footnotes":""},"categories":[51,86,49],"tags":[],"class_list":["post-508603","post","type-post","status-publish","format-standard","has-post-thumbnail","hentry","category-evidenza-top","category-gr","category-news-18","category-51","category-86","category-49","description-off"],"img_url":"https:\/\/www.radiopiu.net\/wordpress\/wp-content\/uploads\/2026\/04\/88b4e066-a8bf-49bc-af54-8d03bdc16259.png","_links":{"self":[{"href":"https:\/\/www.radiopiu.net\/wordpress\/wp-json\/wp\/v2\/posts\/508603","targetHints":{"allow":["GET"]}}],"collection":[{"href":"https:\/\/www.radiopiu.net\/wordpress\/wp-json\/wp\/v2\/posts"}],"about":[{"href":"https:\/\/www.radiopiu.net\/wordpress\/wp-json\/wp\/v2\/types\/post"}],"author":[{"embeddable":true,"href":"https:\/\/www.radiopiu.net\/wordpress\/wp-json\/wp\/v2\/users\/4"}],"replies":[{"embeddable":true,"href":"https:\/\/www.radiopiu.net\/wordpress\/wp-json\/wp\/v2\/comments?post=508603"}],"version-history":[{"count":53,"href":"https:\/\/www.radiopiu.net\/wordpress\/wp-json\/wp\/v2\/posts\/508603\/revisions"}],"predecessor-version":[{"id":509071,"href":"https:\/\/www.radiopiu.net\/wordpress\/wp-json\/wp\/v2\/posts\/508603\/revisions\/509071"}],"wp:featuredmedia":[{"embeddable":true,"href":"https:\/\/www.radiopiu.net\/wordpress\/wp-json\/wp\/v2\/media\/509041"}],"wp:attachment":[{"href":"https:\/\/www.radiopiu.net\/wordpress\/wp-json\/wp\/v2\/media?parent=508603"}],"wp:term":[{"taxonomy":"category","embeddable":true,"href":"https:\/\/www.radiopiu.net\/wordpress\/wp-json\/wp\/v2\/categories?post=508603"},{"taxonomy":"post_tag","embeddable":true,"href":"https:\/\/www.radiopiu.net\/wordpress\/wp-json\/wp\/v2\/tags?post=508603"}],"curies":[{"name":"wp","href":"https:\/\/api.w.org\/{rel}","templated":true}]}}