{"id":508949,"date":"2026-04-26T15:57:02","date_gmt":"2026-04-26T13:57:02","guid":{"rendered":"https:\/\/www.radiopiu.net\/wordpress\/?p=508949"},"modified":"2026-04-26T15:57:02","modified_gmt":"2026-04-26T13:57:02","slug":"addestramento-aereo-in-val-belluna-con-il-51-stormo","status":"publish","type":"post","link":"https:\/\/www.radiopiu.net\/wordpress\/addestramento-aereo-in-val-belluna-con-il-51-stormo\/","title":{"rendered":"ADDESTRAMENTO AEREO IN VAL BELLUNA CON IL 51\u00b0 STORMO"},"content":{"rendered":"<p>*******<\/p>\n<p>&nbsp;<\/p>\n<p><strong><a class=\"dt-pswp-item\" href=\"https:\/\/www.radiopiu.net\/wordpress\/wp-content\/uploads\/2026\/04\/F-18-svizzeri-esercitazione-Alpha-One-4.jpg\" data-dt-img-description=\"\" data-large_image_width=\"1024\" data-large_image_height=\"683\"><img loading=\"lazy\" decoding=\"async\" class=\"aligncenter size-medium wp-image-508950\" src=\"https:\/\/www.radiopiu.net\/wordpress\/wp-content\/uploads\/2026\/04\/F-18-svizzeri-esercitazione-Alpha-One-4-300x200.jpg\" alt=\"\" width=\"300\" height=\"200\" srcset=\"https:\/\/www.radiopiu.net\/wordpress\/wp-content\/uploads\/2026\/04\/F-18-svizzeri-esercitazione-Alpha-One-4-300x200.jpg 300w, https:\/\/www.radiopiu.net\/wordpress\/wp-content\/uploads\/2026\/04\/F-18-svizzeri-esercitazione-Alpha-One-4-768x512.jpg 768w, https:\/\/www.radiopiu.net\/wordpress\/wp-content\/uploads\/2026\/04\/F-18-svizzeri-esercitazione-Alpha-One-4.jpg 1024w\" sizes=\"auto, (max-width: 300px) 100vw, 300px\" \/><\/a>\u00a0<\/strong><\/p>\n<p><strong>REDAZIONE<\/strong> Il <span class=\"hover:entity-accent entity-underline inline cursor-pointer align-baseline\"><span class=\"whitespace-normal\">51\u00b0 Stormo dell&#8217;Aeronautica Militare<\/span><\/span> di Istrana ha programmato un\u2019attivit\u00e0 addestrativa in Val Belluna nelle giornate di luned\u00ec 27 e marted\u00ec 28 aprile 2026. Le operazioni si svolgeranno il primo giorno tra le 16:00 e le 17:30 circa, mentre il secondo appuntamento \u00e8 previsto in fascia serale, dalle 21:00 alle 22:00. L\u2019esercitazione prevede voli a quote medio-alte, finalizzati al mantenimento dell\u2019efficienza operativa dei piloti e degli equipaggi. Le attivit\u00e0 saranno coordinate con un distaccamento del <span class=\"hover:entity-accent entity-underline inline cursor-pointer align-baseline\"><span class=\"whitespace-normal\">Comando delle Truppe Alpine<\/span><\/span> impegnato a terra nella stessa area. Possibili rumori saranno legati alle normali manovre di volo.<\/p>\n<p>&nbsp;<\/p>\n<p>&nbsp;<\/p>\n<p>&nbsp;<\/p>\n<p>&nbsp;<\/p>\n<p>*******<\/p>\n","protected":false},"excerpt":{"rendered":"<p>******* &nbsp; \u00a0 REDAZIONE Il 51\u00b0 Stormo dell&#8217;Aeronautica Militare di Istrana ha programmato un\u2019attivit\u00e0 addestrativa in Val Belluna nelle giornate di luned\u00ec 27 e marted\u00ec 28 aprile 2026. Le operazioni si svolgeranno il primo giorno tra le 16:00 e le 17:30 circa, mentre il secondo appuntamento \u00e8 previsto in fascia serale, dalle 21:00 alle 22:00.&hellip;<\/p>\n","protected":false},"author":4,"featured_media":508950,"comment_status":"closed","ping_status":"closed","sticky":false,"template":"","format":"standard","meta":{"_monsterinsights_skip_tracking":false,"_monsterinsights_sitenote_active":false,"_monsterinsights_sitenote_note":"","_monsterinsights_sitenote_category":0,"footnotes":""},"categories":[51,49],"tags":[],"class_list":["post-508949","post","type-post","status-publish","format-standard","has-post-thumbnail","hentry","category-evidenza-top","category-news-18","category-51","category-49","description-off"],"img_url":"https:\/\/www.radiopiu.net\/wordpress\/wp-content\/uploads\/2026\/04\/F-18-svizzeri-esercitazione-Alpha-One-4.jpg","_links":{"self":[{"href":"https:\/\/www.radiopiu.net\/wordpress\/wp-json\/wp\/v2\/posts\/508949","targetHints":{"allow":["GET"]}}],"collection":[{"href":"https:\/\/www.radiopiu.net\/wordpress\/wp-json\/wp\/v2\/posts"}],"about":[{"href":"https:\/\/www.radiopiu.net\/wordpress\/wp-json\/wp\/v2\/types\/post"}],"author":[{"embeddable":true,"href":"https:\/\/www.radiopiu.net\/wordpress\/wp-json\/wp\/v2\/users\/4"}],"replies":[{"embeddable":true,"href":"https:\/\/www.radiopiu.net\/wordpress\/wp-json\/wp\/v2\/comments?post=508949"}],"version-history":[{"count":1,"href":"https:\/\/www.radiopiu.net\/wordpress\/wp-json\/wp\/v2\/posts\/508949\/revisions"}],"predecessor-version":[{"id":508951,"href":"https:\/\/www.radiopiu.net\/wordpress\/wp-json\/wp\/v2\/posts\/508949\/revisions\/508951"}],"wp:featuredmedia":[{"embeddable":true,"href":"https:\/\/www.radiopiu.net\/wordpress\/wp-json\/wp\/v2\/media\/508950"}],"wp:attachment":[{"href":"https:\/\/www.radiopiu.net\/wordpress\/wp-json\/wp\/v2\/media?parent=508949"}],"wp:term":[{"taxonomy":"category","embeddable":true,"href":"https:\/\/www.radiopiu.net\/wordpress\/wp-json\/wp\/v2\/categories?post=508949"},{"taxonomy":"post_tag","embeddable":true,"href":"https:\/\/www.radiopiu.net\/wordpress\/wp-json\/wp\/v2\/tags?post=508949"}],"curies":[{"name":"wp","href":"https:\/\/api.w.org\/{rel}","templated":true}]}}