{"id":508966,"date":"2026-04-26T23:59:02","date_gmt":"2026-04-26T21:59:02","guid":{"rendered":"https:\/\/www.radiopiu.net\/wordpress\/?p=508966"},"modified":"2026-04-26T18:44:31","modified_gmt":"2026-04-26T16:44:31","slug":"san-dordi-e-innovation-fair-sovramonte-ledizione-dei-record-tra-tradizione-secolare-e-sguardo-al-futuro","status":"publish","type":"post","link":"https:\/\/www.radiopiu.net\/wordpress\/san-dordi-e-innovation-fair-sovramonte-ledizione-dei-record-tra-tradizione-secolare-e-sguardo-al-futuro\/","title":{"rendered":"SAN DORDI E INNOVATION FAIR SOVRAMONTE, L\u2019EDIZIONE DEI RECORD TRA TRADIZIONE SECOLARE E SGUARDO AL FUTURO"},"content":{"rendered":"<p>*********<\/p>\n<p>&nbsp;<\/p>\n<p><strong><a class=\"dt-pswp-item\" href=\"https:\/\/www.radiopiu.net\/wordpress\/wp-content\/uploads\/2026\/04\/Foto-ragazzi-IFS-e-Sindaco-Dalla-Torre.jpeg\" data-dt-img-description=\"\" data-large_image_width=\"1280\" data-large_image_height=\"853\"><img loading=\"lazy\" decoding=\"async\" class=\"aligncenter size-medium wp-image-508967\" src=\"https:\/\/www.radiopiu.net\/wordpress\/wp-content\/uploads\/2026\/04\/Foto-ragazzi-IFS-e-Sindaco-Dalla-Torre-300x200.jpeg\" alt=\"\" width=\"300\" height=\"200\" srcset=\"https:\/\/www.radiopiu.net\/wordpress\/wp-content\/uploads\/2026\/04\/Foto-ragazzi-IFS-e-Sindaco-Dalla-Torre-300x200.jpeg 300w, https:\/\/www.radiopiu.net\/wordpress\/wp-content\/uploads\/2026\/04\/Foto-ragazzi-IFS-e-Sindaco-Dalla-Torre-1024x682.jpeg 1024w, https:\/\/www.radiopiu.net\/wordpress\/wp-content\/uploads\/2026\/04\/Foto-ragazzi-IFS-e-Sindaco-Dalla-Torre-768x512.jpeg 768w, https:\/\/www.radiopiu.net\/wordpress\/wp-content\/uploads\/2026\/04\/Foto-ragazzi-IFS-e-Sindaco-Dalla-Torre.jpeg 1280w\" sizes=\"auto, (max-width: 300px) 100vw, 300px\" \/><\/a>\u00a0<\/strong><\/p>\n<p><strong>DI ALESSIA DALL&#8217;O&#8217;<\/strong><\/p>\n<p><strong>SOVRAMONTE <\/strong>Per Sovramonte, il bilancio \u00e8 chiaro: quattro giorni di festa, partecipazione e risultati oltre le aspettative. La Festa de San Dordi e l\u2019Innovation Fair Sovramonte hanno chiuso un\u2019edizione destinata a rimanere negli annali del paese: numeri record, appuntamenti sold out e una combinazione sempre pi\u00f9 riuscita tra una tradizione secolare e le sfide dell\u2019innovazione.<\/p>\n<p><strong>LA FESTA DE SAN DORDI<\/strong><\/p>\n<p>La ricorrenza dedicata a San Giorgio resta uno degli eventi pi\u00f9 radicati nel territorio feltrino. Le sue origini risalgono al 1631, quando la comunit\u00e0 fece voto al santo per chiedere la fine della peste. Da allora, la promessa viene rinnovata ogni anno attraverso celebrazioni religiose, momenti comunitari e la distribuzione del tradizionale \u201cmenestron de San Dordi\u201d, simbolo di condivisione e memoria collettiva. Proprio attorno a questo rito, l\u2019edizione 2026 ha registrato alcune novit\u00e0 storiche. Per la prima volta, la benedizione della minestra \u00e8 stata affidata a un sacerdote straniero, Don Vladimir, proveniente dalla diocesi di Breslavia e attualmente impegnato a Sovramonte in attesa del nuovo parroco. Un fatto senza precedenti in quasi quattro secoli di celebrazioni. Altra curiosit\u00e0 eche entrer\u00e0 nella storia locale dell\u2019edizione 2026 \u00e8 il fatto che per la prima volta \u00e8 stato proprio anche il sindaco a cucinare il sostanzioso e tradizionale piatto, in virt\u00f9 della tradizione che assegna alle famiglie del paese, a rotazione, la preparazione della pietanza.<\/p>\n<p><strong>IFS: LA FIERA DELL\u2019INNOVAZIONE IN MONTAGNA<\/strong><\/p>\n<p>Accanto al cuore religioso e popolare della festa, si \u00e8 confermata protagonista l\u2019Innovation Fair Sovramonte, giunta alla quarta edizione. L\u2019iniziativa, promossa da un gruppo di volontari e appassionati di nuove tecnologie, ha portato nel piccolo comune workshop, dimostrazioni, robotica, aerospazio e divulgazione scientifica. I risultati parlano di un\u2019edizione eccezionale: oltre 2.500 visitatori conteggiati entro il pomeriggio di domenica, workshop a numero chiuso esauriti in poche ore e centinaia di persone collegate alle dirette online. \u00ab\u00c8 stata un\u2019edizione da record, con numeri molto alti\u00bb, spiega Simone Klinkon. \u00abI nostri workshop sono andati sold out in pochissimo tempo e anche le live hanno registrato una partecipazione importante, con 300-400 persone collegate contemporaneamente\u00bb. Tra gli appuntamenti pi\u00f9 seguiti, il lancio di un pallone aerostatico con radiosonda, che ha superato gli obiettivi prefissati. \u00abPensavamo di raggiungere i 30 chilometri di altezza, invece siamo arrivati a 34. Le immagini trasmesse hanno mostrato perfino la curvatura terrestre: un risultato straordinario\u00bb.<\/p>\n<p>&nbsp;<\/p>\n<p>&nbsp;<\/p>\n<p>&nbsp;<\/p>\n<p>&nbsp;<\/p>\n<p>**********<\/p>\n","protected":false},"excerpt":{"rendered":"<p>********* &nbsp; \u00a0 DI ALESSIA DALL&#8217;O&#8217; SOVRAMONTE Per Sovramonte, il bilancio \u00e8 chiaro: quattro giorni di festa, partecipazione e risultati oltre le aspettative. La Festa de San Dordi e l\u2019Innovation Fair Sovramonte hanno chiuso un\u2019edizione destinata a rimanere negli annali del paese: numeri record, appuntamenti sold out e una combinazione sempre pi\u00f9 riuscita tra una&hellip;<\/p>\n","protected":false},"author":4,"featured_media":508967,"comment_status":"closed","ping_status":"closed","sticky":false,"template":"","format":"standard","meta":{"_monsterinsights_skip_tracking":false,"_monsterinsights_sitenote_active":false,"_monsterinsights_sitenote_note":"","_monsterinsights_sitenote_category":0,"footnotes":""},"categories":[51,49],"tags":[],"class_list":["post-508966","post","type-post","status-publish","format-standard","has-post-thumbnail","hentry","category-evidenza-top","category-news-18","category-51","category-49","description-off"],"img_url":"https:\/\/www.radiopiu.net\/wordpress\/wp-content\/uploads\/2026\/04\/Foto-ragazzi-IFS-e-Sindaco-Dalla-Torre.jpeg","_links":{"self":[{"href":"https:\/\/www.radiopiu.net\/wordpress\/wp-json\/wp\/v2\/posts\/508966","targetHints":{"allow":["GET"]}}],"collection":[{"href":"https:\/\/www.radiopiu.net\/wordpress\/wp-json\/wp\/v2\/posts"}],"about":[{"href":"https:\/\/www.radiopiu.net\/wordpress\/wp-json\/wp\/v2\/types\/post"}],"author":[{"embeddable":true,"href":"https:\/\/www.radiopiu.net\/wordpress\/wp-json\/wp\/v2\/users\/4"}],"replies":[{"embeddable":true,"href":"https:\/\/www.radiopiu.net\/wordpress\/wp-json\/wp\/v2\/comments?post=508966"}],"version-history":[{"count":1,"href":"https:\/\/www.radiopiu.net\/wordpress\/wp-json\/wp\/v2\/posts\/508966\/revisions"}],"predecessor-version":[{"id":508968,"href":"https:\/\/www.radiopiu.net\/wordpress\/wp-json\/wp\/v2\/posts\/508966\/revisions\/508968"}],"wp:featuredmedia":[{"embeddable":true,"href":"https:\/\/www.radiopiu.net\/wordpress\/wp-json\/wp\/v2\/media\/508967"}],"wp:attachment":[{"href":"https:\/\/www.radiopiu.net\/wordpress\/wp-json\/wp\/v2\/media?parent=508966"}],"wp:term":[{"taxonomy":"category","embeddable":true,"href":"https:\/\/www.radiopiu.net\/wordpress\/wp-json\/wp\/v2\/categories?post=508966"},{"taxonomy":"post_tag","embeddable":true,"href":"https:\/\/www.radiopiu.net\/wordpress\/wp-json\/wp\/v2\/tags?post=508966"}],"curies":[{"name":"wp","href":"https:\/\/api.w.org\/{rel}","templated":true}]}}