{"id":509072,"date":"2026-04-27T09:32:52","date_gmt":"2026-04-27T07:32:52","guid":{"rendered":"https:\/\/www.radiopiu.net\/wordpress\/?p=509072"},"modified":"2026-04-27T09:32:52","modified_gmt":"2026-04-27T07:32:52","slug":"dillo-a-radiopiu-agordo-troppa-pubblicita-alla-rotonda-e-la-sicurezza","status":"publish","type":"post","link":"https:\/\/www.radiopiu.net\/wordpress\/dillo-a-radiopiu-agordo-troppa-pubblicita-alla-rotonda-e-la-sicurezza\/","title":{"rendered":"dillo a radiopiu AGORDO, \u201cTROPPA PUBBLICIT\u00c0 ALLA ROTONDA: E LA SICUREZZA?\u201d"},"content":{"rendered":"<p>**<\/p>\n<p data-start=\"63\" data-end=\"239\"><strong><a class=\"dt-pswp-item\" href=\"https:\/\/www.radiopiu.net\/wordpress\/wp-content\/uploads\/2026\/04\/Screenshot-2026-04-27-093219.png\" data-dt-img-description=\"\" data-large_image_width=\"236\" data-large_image_height=\"142\"><img loading=\"lazy\" decoding=\"async\" class=\"aligncenter size-full wp-image-509076\" src=\"https:\/\/www.radiopiu.net\/wordpress\/wp-content\/uploads\/2026\/04\/Screenshot-2026-04-27-093219.png\" alt=\"\" width=\"236\" height=\"142\" \/><\/a>AGORDO<\/strong><\/p>\n<p data-start=\"63\" data-end=\"239\">Un lettore-ascoltatore scrive a \u201cDillo a Radio Pi\u00f9\u201d per segnalare una situazione che riguarda la viabilit\u00e0 ad Agordo, in particolare la rotonda nei pressi dei vigili del fuoco, ma spesso anche al bivio per Strapont a Taibon Agordino lungo la regionale 203 agordina. Secondo quanto riportato, lungo le aree compaiono con frequenza,\u00a0 grandi vele pubblicitarie posizionate ai lati della strada, talvolta anche in doppia fila. Una presenza che, a suo dire, rischia di creare distrazione per gli automobilisti proprio in un punto gi\u00e0 molto trafficato e pi\u00f9 volte teatro di incidenti. La preoccupazione non riguarda solo la visibilit\u00e0 alla guida, ma anche la sicurezza: in giornate di forte vento, infatti, alcuni di questi carrelli pubblicitari sarebbero finiti rovesciati, con potenziali rischi per chi transita. Il lettore si rivolge direttamente agli enti competenti, in particolare al Comune di Agordo, al Comune di Taibon e a Veneto Strade, chiedendo una valutazione della situazione e un eventuale intervento. Nella segnalazione emerge anche un confronto con il passato: anni fa, ricorda, non venne autorizzata l\u2019installazione di un monumento dedicato a Leonardo Del Vecchio perch\u00e9 ritenuto impattante sull\u2019ambiente. Oggi, invece, si moltiplicherebbero strutture pubblicitarie considerate meno decorose. Una riflessione che riporta al centro il tema dell\u2019equilibrio tra promozione, decoro urbano e sicurezza stradale. Ora la parola passa alle istituzioni.<\/p>\n<p>___<\/p>\n","protected":false},"excerpt":{"rendered":"<p>** AGORDO Un lettore-ascoltatore scrive a \u201cDillo a Radio Pi\u00f9\u201d per segnalare una situazione che riguarda la viabilit\u00e0 ad Agordo, in particolare la rotonda nei pressi dei vigili del fuoco, ma spesso anche al bivio per Strapont a Taibon Agordino lungo la regionale 203 agordina. Secondo quanto riportato, lungo le aree compaiono con frequenza,\u00a0 grandi&hellip;<\/p>\n","protected":false},"author":4,"featured_media":509076,"comment_status":"closed","ping_status":"closed","sticky":false,"template":"","format":"standard","meta":{"_monsterinsights_skip_tracking":false,"_monsterinsights_sitenote_active":false,"_monsterinsights_sitenote_note":"","_monsterinsights_sitenote_category":0,"footnotes":""},"categories":[51,49],"tags":[],"class_list":["post-509072","post","type-post","status-publish","format-standard","has-post-thumbnail","hentry","category-evidenza-top","category-news-18","category-51","category-49","description-off"],"img_url":"https:\/\/www.radiopiu.net\/wordpress\/wp-content\/uploads\/2026\/04\/Screenshot-2026-04-27-093219.png","_links":{"self":[{"href":"https:\/\/www.radiopiu.net\/wordpress\/wp-json\/wp\/v2\/posts\/509072","targetHints":{"allow":["GET"]}}],"collection":[{"href":"https:\/\/www.radiopiu.net\/wordpress\/wp-json\/wp\/v2\/posts"}],"about":[{"href":"https:\/\/www.radiopiu.net\/wordpress\/wp-json\/wp\/v2\/types\/post"}],"author":[{"embeddable":true,"href":"https:\/\/www.radiopiu.net\/wordpress\/wp-json\/wp\/v2\/users\/4"}],"replies":[{"embeddable":true,"href":"https:\/\/www.radiopiu.net\/wordpress\/wp-json\/wp\/v2\/comments?post=509072"}],"version-history":[{"count":1,"href":"https:\/\/www.radiopiu.net\/wordpress\/wp-json\/wp\/v2\/posts\/509072\/revisions"}],"predecessor-version":[{"id":509077,"href":"https:\/\/www.radiopiu.net\/wordpress\/wp-json\/wp\/v2\/posts\/509072\/revisions\/509077"}],"wp:featuredmedia":[{"embeddable":true,"href":"https:\/\/www.radiopiu.net\/wordpress\/wp-json\/wp\/v2\/media\/509076"}],"wp:attachment":[{"href":"https:\/\/www.radiopiu.net\/wordpress\/wp-json\/wp\/v2\/media?parent=509072"}],"wp:term":[{"taxonomy":"category","embeddable":true,"href":"https:\/\/www.radiopiu.net\/wordpress\/wp-json\/wp\/v2\/categories?post=509072"},{"taxonomy":"post_tag","embeddable":true,"href":"https:\/\/www.radiopiu.net\/wordpress\/wp-json\/wp\/v2\/tags?post=509072"}],"curies":[{"name":"wp","href":"https:\/\/api.w.org\/{rel}","templated":true}]}}