{"id":509093,"date":"2026-04-27T15:42:23","date_gmt":"2026-04-27T13:42:23","guid":{"rendered":"https:\/\/www.radiopiu.net\/wordpress\/?p=509093"},"modified":"2026-04-27T15:42:23","modified_gmt":"2026-04-27T13:42:23","slug":"sicurezza-sul-lavoro-in-veneto-resta-lallarme-infortuni","status":"publish","type":"post","link":"https:\/\/www.radiopiu.net\/wordpress\/sicurezza-sul-lavoro-in-veneto-resta-lallarme-infortuni\/","title":{"rendered":"SICUREZZA SUL LAVORO IN VENETO: RESTA L\u2019ALLARME INFORTUNI"},"content":{"rendered":"<p>********<\/p>\n<p>&nbsp;<\/p>\n<p><strong>MESTRE (VE) <\/strong>Intaccare lo \u201czoccolo duro\u201d degli infortuni sul lavoro in Veneto deve rimanere un obiettivo prioritario non solo del sindacato, ma anche delle istituzioni e della societ\u00e0 intera. Alla vigilia della Giornata mondiale su Salute e Sicurezza nei luoghi di lavoro, che ricorre il 28 aprile, la CISL Veneto ha organizzato un Attivo delle delegate e dei delegati RLS (Rappresentanti dei lavoratori per la sicurezza) e RLST (Rappresentanti dei lavoratori per la sicurezza territoriali) dedicato a \u201cPer un lavoro sempre pi\u00f9 sicuro\u201d. L\u2019evento ha riunito al Capannone Petrolchimico di Marghera oltre 250 persone che si occupano in concreto della prevenzione e della tutela contro gli infortuni nelle aziende, nelle categorie e nei territori, provenienti da tutta la regione. Dopo i saluti istituzionali di Vera Comiati, della Direzione Prevenzione e Sanit\u00e0 pubblica della Regione Veneto, e di Enza Scarpa, Direttrice dell\u2019Inail Veneto, la mattinata ha visto gli interventi di numerosi delegati e delegate che hanno portato la testimonianza delle loro esperienze dirette. Sono intervenuti, inoltre, Cinzia Frascheri, responsabile nazionale CISL salute e sicurezza, Massimiliano Paglini, Segretario generale di CISL Veneto e Luca Mori, Segretario regionale con delega a Salute e Sicurezza, mentre le conclusioni sono state affidate a Mattia Pirulli, Segretario confederale CISL nazionale. Con l\u2019aiuto della Fondazione Corazzin, la CISL Veneto monitora costantemente l&#8217;andamento degli infortuni. L\u2019analisi delle ultime annate evidenzia come, a livello regionale, sussista una sorta di \u201czoccolo duro\u201d intorno ai 70mila infortuni, di cui circa un centinaio mortali: le variazioni di anno in anno risultano contenute, in un senso e nell\u2019altro, e, finora, non si \u00e8 riusciti a innescare una decisa tendenza alla riduzione. In questo senso, l\u2019impegno della CISL \u00e8 di approfondire il fenomeno per attuare azioni sindacali sempre pi\u00f9 efficaci. Nel corso dell\u2019Attivo \u00e8 stato presentato un primo aggiornamento sui dati di gennaio e febbraio 2026 (ultimi disponibili). La platea complessiva delle denunce di infortunio ammonta a 10.821, in lieve aumento rispetto alle 10.793 del primo bimestre 2025. Gli infortuni mortali segnano, invece, un rallentamento: 8 vittime, a fronte delle 15 nel corrispondente periodo dell\u2019anno scorso. L\u2019arco temporale di osservazione, tuttavia, \u00e8 ancora troppo breve per poter trarre previsioni o valutazioni definitive. In tutto il 2025, in Veneto, erano stati denunciati 71.867 infortuni sul lavoro. Al netto dei casi di Covid, si tratta del dato pi\u00f9 elevato dell\u2019ultimo quinquennio. Durante lo scorso anno, il 3,23% degli occupati veneti ha subito un incidente sul lavoro. Peggiora, soprattutto, la voce relativa ai sinistri con esito mortale: dopo essere scesi sotto quota cento nel 2024, l\u2019anno passato i decessi sono tornati a salire fino a 111. A riportare conseguenze letali sono state soprattutto persone tra i 45 e i 54 anni (42 vittime), ma sempre pi\u00f9 spesso sono coinvolti in infortuni anche gli under 25, con 1.177 eventi in pi\u00f9 nel corso dell\u2019ultimo anno. Gli stranieri rappresentano il 26% degli infortunati, ma il 40% dei deceduti (passando da 20 a 45). Nel 2025 sono in aumento anche le malattie professionali: 5.990 (pi\u00f9 8,7%), con 2,7 casi ogni mille addetti. In questo ambito, invece, \u00e8 possibile rilevare un trend di crescita evidente, indice di una maggiore sensibilit\u00e0 e consapevolezza nel denunciare e nel riconoscere il fenomeno. <strong>Mattia Pirulli, Segretario confederale CISL nazionale<\/strong>: \u201cQuesta iniziativa \u00e8 molto importante, perch\u00e9 mette insieme RLS e RLST, che sono il cuore pulsante sindacale all\u2019interno delle imprese e nel territorio per rigenerare attenzione sul tema della salute e della sicurezza. Dobbiamo rafforzare la rappresentanza sulla sicurezza nei luoghi di lavoro e nei territori. Come Cisl siamo convinti che RLS e RLST siano sentinelle fondamentali nella prevenzione. Spesso si parla degli infortuni accaduti, ma non della preziosa opera che svolgono quotidianamente questi rappresentanti e degli infortuni che riescono a prevenire con la loro attivit\u00e0. Come Cisl, anche a livello nazionale, chiediamo maggiori interventi da parte dell\u2019Inail, in particolare di reinvestire tutte le risorse nella prevenzione e nell\u2019ampliamento del sostegno alle persone, cos\u00ec come, nei tavoli di confronto sollecitiamo maggiore attenzione e investimenti concreti sulla sicurezza\u201d. <strong>Massimiliano Paglini, Segretario generale di CISL Veneto<\/strong>: \u201cLa strada maestra della sicurezza nei luoghi di lavoro passa per la formazione, in particolare degli occupati \u201csenior\u201d, ma anche dei datori di lavoro. Va rafforzato il ruolo della bilateralit\u00e0 e la partecipazione dei lavoratori nella gestione delle imprese, per rafforzare la formazione stessa e i sistemi di prevenzione e protezione in cui gi\u00e0 oggi il ruolo degli RLS ed RLST \u00e8 fondamentale per presidiare la sicurezza sul lavoro. Non \u00e8 un caso la scelta di organizzare questa assemblea in un luogo simbolo dello sviluppo economico del Veneto e dell\u2019Italia, ma anche del prezzo altissimo pagato dal territorio e dai lavoratori in termini di infortuni e malattie professionali. Uno Sviluppo non governato e irrispettoso dell\u2019impatto sociale \u00e8 ci\u00f2 che continueremo a contrastare, non a caso l\u2019obbligo della formazione per i datori di lavoro \u00e8 un passo fondamentale nella direzione di armonizzare la consapevolezza dei rischi per la salute e le responsabilit\u00e0 di chi deve garantire la sicurezza.\u00a0 Siamo a pochi giorni dalla storica celebrazione del 1\u00b0 Maggio unitario a Marghera, la prima volta in Veneto con un titolo della manifestazione che deve essere monito per tutti. \u201cIl Lavoro dignitoso\u201d deve iniziare da un Lavoro sempre pi\u00f9 sicuro\u201d.<\/p>\n\n\t\t\t<style type='text\/css'>\n\t\t\t\t#gallery-1 {\n\t\t\t\t\tmargin: auto;\n\t\t\t\t}\n\t\t\t\t#gallery-1 .gallery-item {\n\t\t\t\t\tfloat: left;\n\t\t\t\t\tmargin-top: 10px;\n\t\t\t\t\ttext-align: center;\n\t\t\t\t\twidth: 33%;\n\t\t\t\t}\n\t\t\t\t#gallery-1 img {\n\t\t\t\t\tborder: 2px solid #cfcfcf;\n\t\t\t\t}\n\t\t\t\t#gallery-1 .gallery-caption {\n\t\t\t\t\tmargin-left: 0;\n\t\t\t\t}\n\t\t\t\t\/* see gallery_shortcode() in wp-includes\/media.php *\/\n\t\t\t<\/style>\n\t\t<div id='gallery-1' class='dt-gallery-container gallery galleryid-509093 gallery-columns-3 gallery-size-medium'><dl class='gallery-item'>\n\t\t\t\t<dt class='gallery-icon landscape'>\n\t\t\t\t\t<a class=\"rollover rollover-zoom dt-pswp-item\" title=\"cisl_lavorosicuro_27-04-26(1)\" data-dt-img-description=\"\" data-large_image_width=\"2000\" data-large_image_height=\"1500\"href='https:\/\/www.radiopiu.net\/wordpress\/wp-content\/uploads\/2026\/04\/cisl_lavorosicuro_27-04-261.jpg'><img loading=\"lazy\" decoding=\"async\" width=\"300\" height=\"225\" src=\"https:\/\/www.radiopiu.net\/wordpress\/wp-content\/uploads\/2026\/04\/cisl_lavorosicuro_27-04-261-300x225.jpg\" class=\"attachment-medium size-medium\" alt=\"\" srcset=\"https:\/\/www.radiopiu.net\/wordpress\/wp-content\/uploads\/2026\/04\/cisl_lavorosicuro_27-04-261-300x225.jpg 300w, https:\/\/www.radiopiu.net\/wordpress\/wp-content\/uploads\/2026\/04\/cisl_lavorosicuro_27-04-261-1024x768.jpg 1024w, https:\/\/www.radiopiu.net\/wordpress\/wp-content\/uploads\/2026\/04\/cisl_lavorosicuro_27-04-261-768x576.jpg 768w, https:\/\/www.radiopiu.net\/wordpress\/wp-content\/uploads\/2026\/04\/cisl_lavorosicuro_27-04-261-1536x1152.jpg 1536w, https:\/\/www.radiopiu.net\/wordpress\/wp-content\/uploads\/2026\/04\/cisl_lavorosicuro_27-04-261.jpg 2000w\" sizes=\"auto, (max-width: 300px) 100vw, 300px\" \/><\/a>\n\t\t\t\t<\/dt><\/dl><dl class='gallery-item'>\n\t\t\t\t<dt class='gallery-icon landscape'>\n\t\t\t\t\t<a class=\"rollover rollover-zoom dt-pswp-item\" title=\"cisl_lavorosicuro_27-04-26(2)\" data-dt-img-description=\"\" data-large_image_width=\"2000\" data-large_image_height=\"1500\"href='https:\/\/www.radiopiu.net\/wordpress\/wp-content\/uploads\/2026\/04\/cisl_lavorosicuro_27-04-262.jpg'><img loading=\"lazy\" decoding=\"async\" width=\"300\" height=\"225\" src=\"https:\/\/www.radiopiu.net\/wordpress\/wp-content\/uploads\/2026\/04\/cisl_lavorosicuro_27-04-262-300x225.jpg\" class=\"attachment-medium size-medium\" alt=\"\" srcset=\"https:\/\/www.radiopiu.net\/wordpress\/wp-content\/uploads\/2026\/04\/cisl_lavorosicuro_27-04-262-300x225.jpg 300w, https:\/\/www.radiopiu.net\/wordpress\/wp-content\/uploads\/2026\/04\/cisl_lavorosicuro_27-04-262-1024x768.jpg 1024w, https:\/\/www.radiopiu.net\/wordpress\/wp-content\/uploads\/2026\/04\/cisl_lavorosicuro_27-04-262-768x576.jpg 768w, https:\/\/www.radiopiu.net\/wordpress\/wp-content\/uploads\/2026\/04\/cisl_lavorosicuro_27-04-262-1536x1152.jpg 1536w, https:\/\/www.radiopiu.net\/wordpress\/wp-content\/uploads\/2026\/04\/cisl_lavorosicuro_27-04-262.jpg 2000w\" sizes=\"auto, (max-width: 300px) 100vw, 300px\" \/><\/a>\n\t\t\t\t<\/dt><\/dl><dl class='gallery-item'>\n\t\t\t\t<dt class='gallery-icon landscape'>\n\t\t\t\t\t<a class=\"rollover rollover-zoom dt-pswp-item\" title=\"cisl_lavorosicuro_27-04-26(3)\" data-dt-img-description=\"\" data-large_image_width=\"2000\" data-large_image_height=\"1500\"href='https:\/\/www.radiopiu.net\/wordpress\/wp-content\/uploads\/2026\/04\/cisl_lavorosicuro_27-04-263.jpg'><img loading=\"lazy\" decoding=\"async\" width=\"300\" height=\"225\" src=\"https:\/\/www.radiopiu.net\/wordpress\/wp-content\/uploads\/2026\/04\/cisl_lavorosicuro_27-04-263-300x225.jpg\" class=\"attachment-medium size-medium\" alt=\"\" srcset=\"https:\/\/www.radiopiu.net\/wordpress\/wp-content\/uploads\/2026\/04\/cisl_lavorosicuro_27-04-263-300x225.jpg 300w, https:\/\/www.radiopiu.net\/wordpress\/wp-content\/uploads\/2026\/04\/cisl_lavorosicuro_27-04-263-1024x768.jpg 1024w, https:\/\/www.radiopiu.net\/wordpress\/wp-content\/uploads\/2026\/04\/cisl_lavorosicuro_27-04-263-768x576.jpg 768w, https:\/\/www.radiopiu.net\/wordpress\/wp-content\/uploads\/2026\/04\/cisl_lavorosicuro_27-04-263-1536x1152.jpg 1536w, https:\/\/www.radiopiu.net\/wordpress\/wp-content\/uploads\/2026\/04\/cisl_lavorosicuro_27-04-263.jpg 2000w\" sizes=\"auto, (max-width: 300px) 100vw, 300px\" \/><\/a>\n\t\t\t\t<\/dt><\/dl><br style=\"clear: both\" \/><dl class='gallery-item'>\n\t\t\t\t<dt class='gallery-icon landscape'>\n\t\t\t\t\t<a class=\"rollover rollover-zoom dt-pswp-item\" title=\"Da sx Massimiliano Paglini (segr gen CISL Veneto), Luca Mori (segr reg CISL Veneto), Cinzia Frascheri (responsabile nazionale CISL salute e sicurezza), Mattia Pirulli (segr confederale CISL)\" data-dt-img-description=\"\" data-large_image_width=\"2000\" data-large_image_height=\"1500\"href='https:\/\/www.radiopiu.net\/wordpress\/wp-content\/uploads\/2026\/04\/Da-sx-Massimiliano-Paglini-segr-gen-CISL-Veneto-Luca-Mori-segr-reg-CISL-Veneto-Cinzia-Frascheri-responsabile-nazionale-CISL-salute-e-sicurezza-Mattia-Pirulli-segr-confederale-CISL.jpg'><img loading=\"lazy\" decoding=\"async\" width=\"300\" height=\"225\" src=\"https:\/\/www.radiopiu.net\/wordpress\/wp-content\/uploads\/2026\/04\/Da-sx-Massimiliano-Paglini-segr-gen-CISL-Veneto-Luca-Mori-segr-reg-CISL-Veneto-Cinzia-Frascheri-responsabile-nazionale-CISL-salute-e-sicurezza-Mattia-Pirulli-segr-confederale-CISL-300x225.jpg\" class=\"attachment-medium size-medium\" alt=\"\" srcset=\"https:\/\/www.radiopiu.net\/wordpress\/wp-content\/uploads\/2026\/04\/Da-sx-Massimiliano-Paglini-segr-gen-CISL-Veneto-Luca-Mori-segr-reg-CISL-Veneto-Cinzia-Frascheri-responsabile-nazionale-CISL-salute-e-sicurezza-Mattia-Pirulli-segr-confederale-CISL-300x225.jpg 300w, https:\/\/www.radiopiu.net\/wordpress\/wp-content\/uploads\/2026\/04\/Da-sx-Massimiliano-Paglini-segr-gen-CISL-Veneto-Luca-Mori-segr-reg-CISL-Veneto-Cinzia-Frascheri-responsabile-nazionale-CISL-salute-e-sicurezza-Mattia-Pirulli-segr-confederale-CISL-1024x768.jpg 1024w, https:\/\/www.radiopiu.net\/wordpress\/wp-content\/uploads\/2026\/04\/Da-sx-Massimiliano-Paglini-segr-gen-CISL-Veneto-Luca-Mori-segr-reg-CISL-Veneto-Cinzia-Frascheri-responsabile-nazionale-CISL-salute-e-sicurezza-Mattia-Pirulli-segr-confederale-CISL-768x576.jpg 768w, https:\/\/www.radiopiu.net\/wordpress\/wp-content\/uploads\/2026\/04\/Da-sx-Massimiliano-Paglini-segr-gen-CISL-Veneto-Luca-Mori-segr-reg-CISL-Veneto-Cinzia-Frascheri-responsabile-nazionale-CISL-salute-e-sicurezza-Mattia-Pirulli-segr-confederale-CISL-1536x1152.jpg 1536w, https:\/\/www.radiopiu.net\/wordpress\/wp-content\/uploads\/2026\/04\/Da-sx-Massimiliano-Paglini-segr-gen-CISL-Veneto-Luca-Mori-segr-reg-CISL-Veneto-Cinzia-Frascheri-responsabile-nazionale-CISL-salute-e-sicurezza-Mattia-Pirulli-segr-confederale-CISL.jpg 2000w\" sizes=\"auto, (max-width: 300px) 100vw, 300px\" \/><\/a>\n\t\t\t\t<\/dt><\/dl><dl class='gallery-item'>\n\t\t\t\t<dt class='gallery-icon landscape'>\n\t\t\t\t\t<a class=\"rollover rollover-zoom dt-pswp-item\" title=\"Massimiliano Paglini (segr gen CISL Veneto)\" data-dt-img-description=\"\" data-large_image_width=\"2000\" data-large_image_height=\"1577\"href='https:\/\/www.radiopiu.net\/wordpress\/wp-content\/uploads\/2026\/04\/Massimiliano-Paglini-segr-gen-CISL-Veneto.jpg'><img loading=\"lazy\" decoding=\"async\" width=\"300\" height=\"237\" src=\"https:\/\/www.radiopiu.net\/wordpress\/wp-content\/uploads\/2026\/04\/Massimiliano-Paglini-segr-gen-CISL-Veneto-300x237.jpg\" class=\"attachment-medium size-medium\" alt=\"\" srcset=\"https:\/\/www.radiopiu.net\/wordpress\/wp-content\/uploads\/2026\/04\/Massimiliano-Paglini-segr-gen-CISL-Veneto-300x237.jpg 300w, https:\/\/www.radiopiu.net\/wordpress\/wp-content\/uploads\/2026\/04\/Massimiliano-Paglini-segr-gen-CISL-Veneto-1024x807.jpg 1024w, https:\/\/www.radiopiu.net\/wordpress\/wp-content\/uploads\/2026\/04\/Massimiliano-Paglini-segr-gen-CISL-Veneto-768x606.jpg 768w, https:\/\/www.radiopiu.net\/wordpress\/wp-content\/uploads\/2026\/04\/Massimiliano-Paglini-segr-gen-CISL-Veneto-1536x1211.jpg 1536w, https:\/\/www.radiopiu.net\/wordpress\/wp-content\/uploads\/2026\/04\/Massimiliano-Paglini-segr-gen-CISL-Veneto.jpg 2000w\" sizes=\"auto, (max-width: 300px) 100vw, 300px\" \/><\/a>\n\t\t\t\t<\/dt><\/dl><dl class='gallery-item'>\n\t\t\t\t<dt class='gallery-icon landscape'>\n\t\t\t\t\t<a class=\"rollover rollover-zoom dt-pswp-item\" title=\"Mattia Pirulli (segretario confederale CISL)\" data-dt-img-description=\"\" data-large_image_width=\"2000\" data-large_image_height=\"1500\"href='https:\/\/www.radiopiu.net\/wordpress\/wp-content\/uploads\/2026\/04\/Mattia-Pirulli-segretario-confederale-CISL.jpg'><img loading=\"lazy\" decoding=\"async\" width=\"300\" height=\"225\" src=\"https:\/\/www.radiopiu.net\/wordpress\/wp-content\/uploads\/2026\/04\/Mattia-Pirulli-segretario-confederale-CISL-300x225.jpg\" class=\"attachment-medium size-medium\" alt=\"\" srcset=\"https:\/\/www.radiopiu.net\/wordpress\/wp-content\/uploads\/2026\/04\/Mattia-Pirulli-segretario-confederale-CISL-300x225.jpg 300w, https:\/\/www.radiopiu.net\/wordpress\/wp-content\/uploads\/2026\/04\/Mattia-Pirulli-segretario-confederale-CISL-1024x768.jpg 1024w, https:\/\/www.radiopiu.net\/wordpress\/wp-content\/uploads\/2026\/04\/Mattia-Pirulli-segretario-confederale-CISL-768x576.jpg 768w, https:\/\/www.radiopiu.net\/wordpress\/wp-content\/uploads\/2026\/04\/Mattia-Pirulli-segretario-confederale-CISL-1536x1152.jpg 1536w, https:\/\/www.radiopiu.net\/wordpress\/wp-content\/uploads\/2026\/04\/Mattia-Pirulli-segretario-confederale-CISL.jpg 2000w\" sizes=\"auto, (max-width: 300px) 100vw, 300px\" \/><\/a>\n\t\t\t\t<\/dt><\/dl><br style=\"clear: both\" \/>\n\t\t\t<\/div>\n\n<p>&nbsp;<\/p>\n<p>&nbsp;<\/p>\n<p>&nbsp;<\/p>\n<p>&nbsp;<\/p>\n<p>*********<\/p>\n","protected":false},"excerpt":{"rendered":"<p>******** &nbsp; MESTRE (VE) Intaccare lo \u201czoccolo duro\u201d degli infortuni sul lavoro in Veneto deve rimanere un obiettivo prioritario non solo del sindacato, ma anche delle istituzioni e della societ\u00e0 intera. Alla vigilia della Giornata mondiale su Salute e Sicurezza nei luoghi di lavoro, che ricorre il 28 aprile, la CISL Veneto ha organizzato un&hellip;<\/p>\n","protected":false},"author":4,"featured_media":509094,"comment_status":"closed","ping_status":"closed","sticky":false,"template":"","format":"standard","meta":{"_monsterinsights_skip_tracking":false,"_monsterinsights_sitenote_active":false,"_monsterinsights_sitenote_note":"","_monsterinsights_sitenote_category":0,"footnotes":""},"categories":[51,49],"tags":[],"class_list":["post-509093","post","type-post","status-publish","format-standard","has-post-thumbnail","hentry","category-evidenza-top","category-news-18","category-51","category-49","description-off"],"img_url":"https:\/\/www.radiopiu.net\/wordpress\/wp-content\/uploads\/2026\/04\/cisl_lavorosicuro_27-04-261.jpg","_links":{"self":[{"href":"https:\/\/www.radiopiu.net\/wordpress\/wp-json\/wp\/v2\/posts\/509093","targetHints":{"allow":["GET"]}}],"collection":[{"href":"https:\/\/www.radiopiu.net\/wordpress\/wp-json\/wp\/v2\/posts"}],"about":[{"href":"https:\/\/www.radiopiu.net\/wordpress\/wp-json\/wp\/v2\/types\/post"}],"author":[{"embeddable":true,"href":"https:\/\/www.radiopiu.net\/wordpress\/wp-json\/wp\/v2\/users\/4"}],"replies":[{"embeddable":true,"href":"https:\/\/www.radiopiu.net\/wordpress\/wp-json\/wp\/v2\/comments?post=509093"}],"version-history":[{"count":1,"href":"https:\/\/www.radiopiu.net\/wordpress\/wp-json\/wp\/v2\/posts\/509093\/revisions"}],"predecessor-version":[{"id":509100,"href":"https:\/\/www.radiopiu.net\/wordpress\/wp-json\/wp\/v2\/posts\/509093\/revisions\/509100"}],"wp:featuredmedia":[{"embeddable":true,"href":"https:\/\/www.radiopiu.net\/wordpress\/wp-json\/wp\/v2\/media\/509094"}],"wp:attachment":[{"href":"https:\/\/www.radiopiu.net\/wordpress\/wp-json\/wp\/v2\/media?parent=509093"}],"wp:term":[{"taxonomy":"category","embeddable":true,"href":"https:\/\/www.radiopiu.net\/wordpress\/wp-json\/wp\/v2\/categories?post=509093"},{"taxonomy":"post_tag","embeddable":true,"href":"https:\/\/www.radiopiu.net\/wordpress\/wp-json\/wp\/v2\/tags?post=509093"}],"curies":[{"name":"wp","href":"https:\/\/api.w.org\/{rel}","templated":true}]}}