{"id":509109,"date":"2026-04-27T16:01:55","date_gmt":"2026-04-27T14:01:55","guid":{"rendered":"https:\/\/www.radiopiu.net\/wordpress\/?p=509109"},"modified":"2026-04-27T16:01:55","modified_gmt":"2026-04-27T14:01:55","slug":"san-tomaso-trenta-volontari-ripuliscono-le-strade-del-paese","status":"publish","type":"post","link":"https:\/\/www.radiopiu.net\/wordpress\/san-tomaso-trenta-volontari-ripuliscono-le-strade-del-paese\/","title":{"rendered":"SAN TOMASO, TRENTA VOLONTARI RIPULISCONO LE STRADE DEL PAESE"},"content":{"rendered":"<p>********<\/p>\n<p>&nbsp;<\/p>\n<p><strong><a class=\"dt-pswp-item\" href=\"https:\/\/www.radiopiu.net\/wordpress\/wp-content\/uploads\/2026\/04\/1000199726-scaled.jpg\" data-dt-img-description=\"\" data-large_image_width=\"2560\" data-large_image_height=\"1920\"><img loading=\"lazy\" decoding=\"async\" class=\"aligncenter size-medium wp-image-509110\" src=\"https:\/\/www.radiopiu.net\/wordpress\/wp-content\/uploads\/2026\/04\/1000199726-300x225.jpg\" alt=\"\" width=\"300\" height=\"225\" srcset=\"https:\/\/www.radiopiu.net\/wordpress\/wp-content\/uploads\/2026\/04\/1000199726-300x225.jpg 300w, https:\/\/www.radiopiu.net\/wordpress\/wp-content\/uploads\/2026\/04\/1000199726-1024x768.jpg 1024w, https:\/\/www.radiopiu.net\/wordpress\/wp-content\/uploads\/2026\/04\/1000199726-768x576.jpg 768w, https:\/\/www.radiopiu.net\/wordpress\/wp-content\/uploads\/2026\/04\/1000199726-1536x1152.jpg 1536w, https:\/\/www.radiopiu.net\/wordpress\/wp-content\/uploads\/2026\/04\/1000199726-2048x1536.jpg 2048w\" sizes=\"auto, (max-width: 300px) 100vw, 300px\" \/><\/a>\u00a0<\/strong><\/p>\n<p><strong>SAN TOMASO <\/strong>La comunit\u00e0 di San Tomaso ha risposto con entusiasmo all\u2019iniziativa ecologica dedicata alla pulizia dei margini stradali del paese. Una trentina di volontari si \u00e8 infatti ritrovata per raccogliere rifiuti abbandonati lungo scarpate e bordi delle strade: sacchi, bottiglie e materiali di vario genere lasciati incivilmente nell\u2019ambiente. Divisi in squadre operative, i partecipanti hanno lavorato con impegno e spirito di collaborazione, affrontando anche una breve interruzione causata dalla pioggia. Il maltempo non ha per\u00f2 fermato la giornata: dopo una pausa, i volontari hanno ripreso il lavoro fino al completamento degli interventi previsti. Il risultato \u00e8 stato evidente, con diverse vie del paese restituite a un aspetto pi\u00f9 decoroso e pulito. Ma il valore dell\u2019iniziativa \u00e8 andato oltre il semplice decoro urbano, rafforzando il senso di comunit\u00e0 e la volont\u00e0 condivisa di prendersi cura del territorio. La mattinata si \u00e8 aperta con la colazione offerta dalla Pizzeria Offline e si \u00e8 conclusa con un momento conviviale al Vertik Rustik Bar. Un ringraziamento speciale \u00e8 stato rivolto anche al Bar Alimentari San Tomaso per il supporto garantito all\u2019iniziativa.<\/p>\n<p>&nbsp;<\/p>\n<p>&nbsp;<\/p>\n<p>&nbsp;<\/p>\n<p>&nbsp;<\/p>\n<p>*******<\/p>\n","protected":false},"excerpt":{"rendered":"<p>******** &nbsp; \u00a0 SAN TOMASO La comunit\u00e0 di San Tomaso ha risposto con entusiasmo all\u2019iniziativa ecologica dedicata alla pulizia dei margini stradali del paese. Una trentina di volontari si \u00e8 infatti ritrovata per raccogliere rifiuti abbandonati lungo scarpate e bordi delle strade: sacchi, bottiglie e materiali di vario genere lasciati incivilmente nell\u2019ambiente. Divisi in squadre&hellip;<\/p>\n","protected":false},"author":4,"featured_media":509110,"comment_status":"closed","ping_status":"closed","sticky":false,"template":"","format":"standard","meta":{"_monsterinsights_skip_tracking":false,"_monsterinsights_sitenote_active":false,"_monsterinsights_sitenote_note":"","_monsterinsights_sitenote_category":0,"footnotes":""},"categories":[104,49],"tags":[],"class_list":["post-509109","post","type-post","status-publish","format-standard","has-post-thumbnail","hentry","category-evidenza_3","category-news-18","category-104","category-49","description-off"],"img_url":"https:\/\/www.radiopiu.net\/wordpress\/wp-content\/uploads\/2026\/04\/1000199726-scaled.jpg","_links":{"self":[{"href":"https:\/\/www.radiopiu.net\/wordpress\/wp-json\/wp\/v2\/posts\/509109","targetHints":{"allow":["GET"]}}],"collection":[{"href":"https:\/\/www.radiopiu.net\/wordpress\/wp-json\/wp\/v2\/posts"}],"about":[{"href":"https:\/\/www.radiopiu.net\/wordpress\/wp-json\/wp\/v2\/types\/post"}],"author":[{"embeddable":true,"href":"https:\/\/www.radiopiu.net\/wordpress\/wp-json\/wp\/v2\/users\/4"}],"replies":[{"embeddable":true,"href":"https:\/\/www.radiopiu.net\/wordpress\/wp-json\/wp\/v2\/comments?post=509109"}],"version-history":[{"count":1,"href":"https:\/\/www.radiopiu.net\/wordpress\/wp-json\/wp\/v2\/posts\/509109\/revisions"}],"predecessor-version":[{"id":509111,"href":"https:\/\/www.radiopiu.net\/wordpress\/wp-json\/wp\/v2\/posts\/509109\/revisions\/509111"}],"wp:featuredmedia":[{"embeddable":true,"href":"https:\/\/www.radiopiu.net\/wordpress\/wp-json\/wp\/v2\/media\/509110"}],"wp:attachment":[{"href":"https:\/\/www.radiopiu.net\/wordpress\/wp-json\/wp\/v2\/media?parent=509109"}],"wp:term":[{"taxonomy":"category","embeddable":true,"href":"https:\/\/www.radiopiu.net\/wordpress\/wp-json\/wp\/v2\/categories?post=509109"},{"taxonomy":"post_tag","embeddable":true,"href":"https:\/\/www.radiopiu.net\/wordpress\/wp-json\/wp\/v2\/tags?post=509109"}],"curies":[{"name":"wp","href":"https:\/\/api.w.org\/{rel}","templated":true}]}}