{"id":509113,"date":"2026-04-27T16:05:47","date_gmt":"2026-04-27T14:05:47","guid":{"rendered":"https:\/\/www.radiopiu.net\/wordpress\/?p=509113"},"modified":"2026-04-27T16:05:47","modified_gmt":"2026-04-27T14:05:47","slug":"a-falcade-torna-il-camp-estivo-della-fundacion-real-madrid","status":"publish","type":"post","link":"https:\/\/www.radiopiu.net\/wordpress\/a-falcade-torna-il-camp-estivo-della-fundacion-real-madrid\/","title":{"rendered":"A FALCADE TORNA IL CAMP ESTIVO DELLA FUNDACI\u00d3N REAL MADRID"},"content":{"rendered":"<p>********<\/p>\n<p>&nbsp;<\/p>\n<p><strong><a class=\"dt-pswp-item\" href=\"https:\/\/www.radiopiu.net\/wordpress\/wp-content\/uploads\/2026\/04\/WhatsApp-Image-2026-01-29-at-16.41.46.jpeg\" data-dt-img-description=\"\" data-large_image_width=\"1600\" data-large_image_height=\"1338\"><img loading=\"lazy\" decoding=\"async\" class=\"aligncenter size-medium wp-image-509114\" src=\"https:\/\/www.radiopiu.net\/wordpress\/wp-content\/uploads\/2026\/04\/WhatsApp-Image-2026-01-29-at-16.41.46-300x251.jpeg\" alt=\"\" width=\"300\" height=\"251\" srcset=\"https:\/\/www.radiopiu.net\/wordpress\/wp-content\/uploads\/2026\/04\/WhatsApp-Image-2026-01-29-at-16.41.46-300x251.jpeg 300w, https:\/\/www.radiopiu.net\/wordpress\/wp-content\/uploads\/2026\/04\/WhatsApp-Image-2026-01-29-at-16.41.46-1024x856.jpeg 1024w, https:\/\/www.radiopiu.net\/wordpress\/wp-content\/uploads\/2026\/04\/WhatsApp-Image-2026-01-29-at-16.41.46-768x642.jpeg 768w, https:\/\/www.radiopiu.net\/wordpress\/wp-content\/uploads\/2026\/04\/WhatsApp-Image-2026-01-29-at-16.41.46-1536x1284.jpeg 1536w, https:\/\/www.radiopiu.net\/wordpress\/wp-content\/uploads\/2026\/04\/WhatsApp-Image-2026-01-29-at-16.41.46.jpeg 1600w\" sizes=\"auto, (max-width: 300px) 100vw, 300px\" \/><\/a>\u00a0<\/strong><\/p>\n<p><strong>FALCADE <\/strong>Per il secondo anno consecutivo Falcade ospiter\u00e0 il camp estivo di calcio organizzato dalla <span class=\"hover:entity-accent entity-underline inline cursor-pointer align-baseline\"><span class=\"whitespace-normal\">Fundaci\u00f3n Real Madrid<\/span><\/span>, realt\u00e0 impegnata a diffondere nel mondo i valori sportivi e l\u2019immagine del celebre club spagnolo <span class=\"hover:entity-accent entity-underline inline cursor-pointer align-baseline\"><span class=\"whitespace-normal\">Real Madrid<\/span><\/span>. Il clinic si svolger\u00e0 dal 27 al 31 luglio 2026 presso il campo sportivo di <span class=\"hover:entity-accent entity-underline inline cursor-pointer align-baseline\"><span class=\"whitespace-normal\">Falcade<\/span><\/span> ed \u00e8 rivolto a bambini e bambine dai 6 ai 16 anni. A guidare gli allenamenti saranno i tecnici della Fundaci\u00f3n Real Madrid Italia, affiancati da colleghi spagnoli, con sessioni basate sulle metodologie moderne del calcio iberico. Durante il camp verranno utilizzate anche tecnologie innovative come le porte telescopiche BazookaGoal e la Sportstation, sistema laser in grado di misurare velocit\u00e0 e traiettoria del dribbling. Ogni partecipante ricever\u00e0 il primo giorno la tradizionale \u201ccamiseta blanca\u201d, divisa Adidas del Real Madrid, oltre a pallone, borraccia e gym-bag. Al termine della settimana sar\u00e0 consegnata una valutazione personalizzata delle prestazioni in campo. Ampio spazio sar\u00e0 riservato anche ai valori di correttezza, lealt\u00e0 e fair play, con premi finali dedicati ai ragazzi che meglio li avranno rappresentati.<\/p>\n<p>&nbsp;<\/p>\n<p>&nbsp;<\/p>\n<p>&nbsp;<\/p>\n<p>&nbsp;<\/p>\n<p>&nbsp;<\/p>\n<p>********<\/p>\n","protected":false},"excerpt":{"rendered":"<p>******** &nbsp; \u00a0 FALCADE Per il secondo anno consecutivo Falcade ospiter\u00e0 il camp estivo di calcio organizzato dalla Fundaci\u00f3n Real Madrid, realt\u00e0 impegnata a diffondere nel mondo i valori sportivi e l\u2019immagine del celebre club spagnolo Real Madrid. Il clinic si svolger\u00e0 dal 27 al 31 luglio 2026 presso il campo sportivo di Falcade ed&hellip;<\/p>\n","protected":false},"author":4,"featured_media":509114,"comment_status":"closed","ping_status":"closed","sticky":false,"template":"","format":"standard","meta":{"_monsterinsights_skip_tracking":false,"_monsterinsights_sitenote_active":false,"_monsterinsights_sitenote_note":"","_monsterinsights_sitenote_category":0,"footnotes":""},"categories":[49],"tags":[],"class_list":["post-509113","post","type-post","status-publish","format-standard","has-post-thumbnail","hentry","category-news-18","category-49","description-off"],"img_url":"https:\/\/www.radiopiu.net\/wordpress\/wp-content\/uploads\/2026\/04\/WhatsApp-Image-2026-01-29-at-16.41.46.jpeg","_links":{"self":[{"href":"https:\/\/www.radiopiu.net\/wordpress\/wp-json\/wp\/v2\/posts\/509113","targetHints":{"allow":["GET"]}}],"collection":[{"href":"https:\/\/www.radiopiu.net\/wordpress\/wp-json\/wp\/v2\/posts"}],"about":[{"href":"https:\/\/www.radiopiu.net\/wordpress\/wp-json\/wp\/v2\/types\/post"}],"author":[{"embeddable":true,"href":"https:\/\/www.radiopiu.net\/wordpress\/wp-json\/wp\/v2\/users\/4"}],"replies":[{"embeddable":true,"href":"https:\/\/www.radiopiu.net\/wordpress\/wp-json\/wp\/v2\/comments?post=509113"}],"version-history":[{"count":1,"href":"https:\/\/www.radiopiu.net\/wordpress\/wp-json\/wp\/v2\/posts\/509113\/revisions"}],"predecessor-version":[{"id":509115,"href":"https:\/\/www.radiopiu.net\/wordpress\/wp-json\/wp\/v2\/posts\/509113\/revisions\/509115"}],"wp:featuredmedia":[{"embeddable":true,"href":"https:\/\/www.radiopiu.net\/wordpress\/wp-json\/wp\/v2\/media\/509114"}],"wp:attachment":[{"href":"https:\/\/www.radiopiu.net\/wordpress\/wp-json\/wp\/v2\/media?parent=509113"}],"wp:term":[{"taxonomy":"category","embeddable":true,"href":"https:\/\/www.radiopiu.net\/wordpress\/wp-json\/wp\/v2\/categories?post=509113"},{"taxonomy":"post_tag","embeddable":true,"href":"https:\/\/www.radiopiu.net\/wordpress\/wp-json\/wp\/v2\/tags?post=509113"}],"curies":[{"name":"wp","href":"https:\/\/api.w.org\/{rel}","templated":true}]}}