{"id":509124,"date":"2026-04-27T18:36:25","date_gmt":"2026-04-27T16:36:25","guid":{"rendered":"https:\/\/www.radiopiu.net\/wordpress\/?p=509124"},"modified":"2026-04-27T18:37:04","modified_gmt":"2026-04-27T16:37:04","slug":"delfin-via-libera-al-risetto-leonardo-maria-del-vecchio-sale-al-375","status":"publish","type":"post","link":"https:\/\/www.radiopiu.net\/wordpress\/delfin-via-libera-al-risetto-leonardo-maria-del-vecchio-sale-al-375\/","title":{"rendered":"DELFIN, VIA LIBERA AL RISETTO: LEONARDO MARIA DEL VECCHIO SALE AL 37,5%"},"content":{"rendered":"<p>********<\/p>\n<p>&nbsp;<\/p>\n<p><strong><a class=\"dt-pswp-item\" href=\"https:\/\/www.radiopiu.net\/wordpress\/wp-content\/uploads\/2024\/05\/LEONARDO-MARIA-DEL-VECCHIO-FORBES.jpg\" data-dt-img-description=\"\" data-large_image_width=\"1537\" data-large_image_height=\"988\"><img loading=\"lazy\" decoding=\"async\" class=\"aligncenter size-medium wp-image-388132\" src=\"https:\/\/www.radiopiu.net\/wordpress\/wp-content\/uploads\/2024\/05\/LEONARDO-MARIA-DEL-VECCHIO-FORBES-300x193.jpg\" alt=\"\" width=\"300\" height=\"193\" srcset=\"https:\/\/www.radiopiu.net\/wordpress\/wp-content\/uploads\/2024\/05\/LEONARDO-MARIA-DEL-VECCHIO-FORBES-300x193.jpg 300w, https:\/\/www.radiopiu.net\/wordpress\/wp-content\/uploads\/2024\/05\/LEONARDO-MARIA-DEL-VECCHIO-FORBES-1024x658.jpg 1024w, https:\/\/www.radiopiu.net\/wordpress\/wp-content\/uploads\/2024\/05\/LEONARDO-MARIA-DEL-VECCHIO-FORBES-768x494.jpg 768w, https:\/\/www.radiopiu.net\/wordpress\/wp-content\/uploads\/2024\/05\/LEONARDO-MARIA-DEL-VECCHIO-FORBES.jpg 1537w\" sizes=\"auto, (max-width: 300px) 100vw, 300px\" \/><\/a>\u00a0<\/strong><\/p>\n<p><strong>REDAZIONE <\/strong>Sette voti favorevoli su otto per i dividendi e sei su otto per il trasferimento delle quote. Con questo doppio via libera si \u00e8 chiusa nella mattinata di luned\u00ec 27 aprile l\u2019assemblea degli azionisti di Delfin, la holding di famiglia che controlla EssilorLuxottica e possiede partecipazioni rilevanti in Banca Monte dei Paschi di Siena, Assicurazioni Generali e UniCredit. Il passaggio pi\u00f9 rilevante riguarda il nuovo assetto societario, che porter\u00e0 Leonardo Maria Del Vecchio a diventare il principale azionista della finanziaria con una quota del 37,5%. Una posizione di primo piano che, tuttavia, non consentir\u00e0 il controllo diretto della societ\u00e0, poich\u00e9 lo statuto non lo prevede neppure con tale percentuale. All\u2019ordine del giorno figuravano due questioni centrali: la distribuzione dell\u201980% degli utili nel triennio 2025-2027 e l\u2019acquisto delle quote detenute da Luca Del Vecchio e Paola Del Vecchio attraverso il veicolo societario LMDV Fin. Sui dividendi ha votato contro soltanto Rocco Basilico, mentre sul trasferimento delle partecipazioni i contrari sono stati due: Basilico e Claudio Del Vecchio. L\u2019esito dell\u2019assemblea segna comunque un passaggio decisivo verso una governance pi\u00f9 stabile della storica cassaforte di famiglia.<\/p>\n<p>&nbsp;<\/p>\n<p>&nbsp;<\/p>\n<p>&nbsp;<\/p>\n<p>*********<\/p>\n","protected":false},"excerpt":{"rendered":"<p>******** &nbsp; \u00a0 REDAZIONE Sette voti favorevoli su otto per i dividendi e sei su otto per il trasferimento delle quote. Con questo doppio via libera si \u00e8 chiusa nella mattinata di luned\u00ec 27 aprile l\u2019assemblea degli azionisti di Delfin, la holding di famiglia che controlla EssilorLuxottica e possiede partecipazioni rilevanti in Banca Monte dei&hellip;<\/p>\n","protected":false},"author":4,"featured_media":388132,"comment_status":"closed","ping_status":"closed","sticky":false,"template":"","format":"standard","meta":{"_monsterinsights_skip_tracking":false,"_monsterinsights_sitenote_active":false,"_monsterinsights_sitenote_note":"","_monsterinsights_sitenote_category":0,"footnotes":""},"categories":[51,49],"tags":[],"class_list":["post-509124","post","type-post","status-publish","format-standard","has-post-thumbnail","hentry","category-evidenza-top","category-news-18","category-51","category-49","description-off"],"img_url":"https:\/\/www.radiopiu.net\/wordpress\/wp-content\/uploads\/2024\/05\/LEONARDO-MARIA-DEL-VECCHIO-FORBES.jpg","_links":{"self":[{"href":"https:\/\/www.radiopiu.net\/wordpress\/wp-json\/wp\/v2\/posts\/509124","targetHints":{"allow":["GET"]}}],"collection":[{"href":"https:\/\/www.radiopiu.net\/wordpress\/wp-json\/wp\/v2\/posts"}],"about":[{"href":"https:\/\/www.radiopiu.net\/wordpress\/wp-json\/wp\/v2\/types\/post"}],"author":[{"embeddable":true,"href":"https:\/\/www.radiopiu.net\/wordpress\/wp-json\/wp\/v2\/users\/4"}],"replies":[{"embeddable":true,"href":"https:\/\/www.radiopiu.net\/wordpress\/wp-json\/wp\/v2\/comments?post=509124"}],"version-history":[{"count":1,"href":"https:\/\/www.radiopiu.net\/wordpress\/wp-json\/wp\/v2\/posts\/509124\/revisions"}],"predecessor-version":[{"id":509125,"href":"https:\/\/www.radiopiu.net\/wordpress\/wp-json\/wp\/v2\/posts\/509124\/revisions\/509125"}],"wp:featuredmedia":[{"embeddable":true,"href":"https:\/\/www.radiopiu.net\/wordpress\/wp-json\/wp\/v2\/media\/388132"}],"wp:attachment":[{"href":"https:\/\/www.radiopiu.net\/wordpress\/wp-json\/wp\/v2\/media?parent=509124"}],"wp:term":[{"taxonomy":"category","embeddable":true,"href":"https:\/\/www.radiopiu.net\/wordpress\/wp-json\/wp\/v2\/categories?post=509124"},{"taxonomy":"post_tag","embeddable":true,"href":"https:\/\/www.radiopiu.net\/wordpress\/wp-json\/wp\/v2\/tags?post=509124"}],"curies":[{"name":"wp","href":"https:\/\/api.w.org\/{rel}","templated":true}]}}