{"id":509127,"date":"2026-04-27T16:36:51","date_gmt":"2026-04-27T14:36:51","guid":{"rendered":"https:\/\/www.radiopiu.net\/wordpress\/?p=509127"},"modified":"2026-04-27T16:36:51","modified_gmt":"2026-04-27T14:36:51","slug":"dolomiti-in-rosa-il-giro-e-qui-la-tappa-di-casa-cinque-appuntamenti-per-vivere-levento","status":"publish","type":"post","link":"https:\/\/www.radiopiu.net\/wordpress\/dolomiti-in-rosa-il-giro-e-qui-la-tappa-di-casa-cinque-appuntamenti-per-vivere-levento\/","title":{"rendered":"DOLOMITI IN ROSA, IL GIRO \u00c8 QUI: LA TAPPA DI CASA, CINQUE APPUNTAMENTI PER VIVERE L\u2019EVENTO"},"content":{"rendered":"<p>********<\/p>\n<p>&nbsp;<\/p>\n<p><a class=\"dt-pswp-item\" href=\"https:\/\/www.radiopiu.net\/wordpress\/wp-content\/uploads\/2026\/04\/ALLEGHE-GIRO-2026.jpg\" data-dt-img-description=\"\" data-large_image_width=\"532\" data-large_image_height=\"234\"><img loading=\"lazy\" decoding=\"async\" class=\"aligncenter size-medium wp-image-509136\" src=\"https:\/\/www.radiopiu.net\/wordpress\/wp-content\/uploads\/2026\/04\/ALLEGHE-GIRO-2026-300x132.jpg\" alt=\"\" width=\"300\" height=\"132\" srcset=\"https:\/\/www.radiopiu.net\/wordpress\/wp-content\/uploads\/2026\/04\/ALLEGHE-GIRO-2026-300x132.jpg 300w, https:\/\/www.radiopiu.net\/wordpress\/wp-content\/uploads\/2026\/04\/ALLEGHE-GIRO-2026.jpg 532w\" sizes=\"auto, (max-width: 300px) 100vw, 300px\" \/><\/a><\/p>\n<h2 style=\"text-align: center;\"><span style=\"color: #ff99cc;\"><strong> VERSO IL GIRO&#8230; RICORDANDO I GRANDI EVENTI CON DOLOMITISTARS<\/strong><\/span><\/h2>\n<p><strong>PUNTATA 01 &#8211; OSPITI: MORENA STEFANON (CONSIGLIERE COMUNALE) E DANILO DE TONI (SINDACO DI ALLEGHE)<\/strong><\/p>\n<audio class=\"wp-audio-shortcode\" id=\"audio-509127-1\" preload=\"none\" style=\"width: 100%;\" controls=\"controls\"><source type=\"audio\/mpeg\" src=\"https:\/\/www.radiopiu.net\/wordpress\/wp-content\/uploads\/2026\/04\/daniloe-e-morena-prima-puntata-giro-ditalia.mp3?_=1\" \/><a href=\"https:\/\/www.radiopiu.net\/wordpress\/wp-content\/uploads\/2026\/04\/daniloe-e-morena-prima-puntata-giro-ditalia.mp3\">https:\/\/www.radiopiu.net\/wordpress\/wp-content\/uploads\/2026\/04\/daniloe-e-morena-prima-puntata-giro-ditalia.mp3<\/a><\/audio>\n<p>&nbsp;<\/p>\n<h2><span style=\"color: #ff0000;\"><strong>ARCHIVIO RADIO PIU&#8217;<\/strong><\/span><\/h2>\n<blockquote>\n<h2 style=\"text-align: center;\">ALLEGHE SI TINGE DI ROSA: SAGAN E BRUSEGHIN APRONO IL COUNTDOWN<\/h2>\n<\/blockquote>\n<p><strong><a class=\"dt-pswp-item\" href=\"https:\/\/www.radiopiu.net\/wordpress\/wp-content\/uploads\/2026\/04\/image001.jpg\" data-dt-img-description=\"\" data-large_image_width=\"994\" data-large_image_height=\"238\"><img loading=\"lazy\" decoding=\"async\" class=\"aligncenter size-medium wp-image-508211\" src=\"https:\/\/www.radiopiu.net\/wordpress\/wp-content\/uploads\/2026\/04\/image001-300x72.jpg\" alt=\"\" width=\"300\" height=\"72\" srcset=\"https:\/\/www.radiopiu.net\/wordpress\/wp-content\/uploads\/2026\/04\/image001-300x72.jpg 300w, https:\/\/www.radiopiu.net\/wordpress\/wp-content\/uploads\/2026\/04\/image001-768x184.jpg 768w, https:\/\/www.radiopiu.net\/wordpress\/wp-content\/uploads\/2026\/04\/image001.jpg 994w\" sizes=\"auto, (max-width: 300px) 100vw, 300px\" \/><\/a>\u00a0<\/strong><\/p>\n<p><strong>ALLEGHE <\/strong>Alleghe si prepara all\u2019arrivo del Giro d\u2019Italia, e il 29 aprile accoglie in uno speciale talk show due giganti del ciclismo: Peter Sagan e Marzio Bruseghin. Dalle 20.30 i due saliranno sul palco della Sala Convegni Don Tamis di Agordo per raccontarsi tra aneddoti, curiosit\u00e0 e retroscena, in una serata moderata dal giornalista Ilario Tancon. Maggio si avvicina e manca sempre meno alla partenza del 109esimo Giro d\u2019Italia. L\u2019entusiasmo per la corsa rosa cresce di giorno in giorno e lo stesso vale per il paese di Alleghe, che il 29 maggio ospiter\u00e0 ai Piani di Pezz\u00e8 il traguardo di un\u2019attesissima e determinante 19.a tappa del Giro 2026. L\u2019appuntamento \u00e8 storico, e per l\u2019occasione il Comitato di Tappa di Alleghe ha messo in calendario una serie di eventi che consentiranno di entrare nell\u2019atmosfera unica di quella che sar\u00e0 una giornata indimenticabile. Il 29 aprile, ad un mese esatto dall\u2019atteso arrivo del Giro d\u2019Italia ai Piani di Pezz\u00e8, Alleghe lancia il proprio countdown proponendo una serata speciale dedicata agli appassionati di ciclismo ma anche ai semplici curiosi. Sul palco della sala convegni Don Tamis saliranno due atleti che hanno scritto la storia recente delle corse su strada: Peter Sagan non ha bisogno di presentazioni, l\u2019ex ciclista slovacco vanta pi\u00f9 di 100 vittorie in carriera ed \u00e8 stato l\u2019unico capace di conquistare tre titoli mondiali consecutivi. Tre sono anche le sue partecipazioni ai Giochi Olimpici, mentre ben 12 le vittorie di tappa al Tour de France, successi che gli valsero il soprannome di \u201cTourminator\u201d. Il fuoriclasse nato a \u017dilina ha lasciato il segno anche al Giro d&#8217;Italia nel 2020 e nel 2021, ottenendo una vittoria di tappa in ciascuna edizione e vincendo la maglia ciclamino come vincitore della classifica a punti nel 2021. Al suo fianco ci sar\u00e0 tutta l&#8217;esperienza di Marzio Bruseghin, professionista dal 1997 al 2012, anni in cui il trevigiano si lev\u00f2 numerose soddisfazioni diventando campione italiano a cronometro, ottenendo la maglia azzurra in sette Mondiali e concludendo sul podio finale del Giro d\u2019Italia 2008. Proprio nel 2008 fu convocato sia per la prova in linea che per la cronometro ai Giochi Olimpici di Pechino. I preparativi per la serata sono stati ultimati. La moderazione del talk show \u00e8 affidata al giornalista Ilario Tancon, che guider\u00e0 il racconto di queste due grandi personalit\u00e0 del ciclismo, oltre a snocciolare le emozioni di una carovana rosa che torna ad Alleghe e ai Piani di Pezz\u00e8. Il Giro d\u2019Italia 2026 prende il via l\u20198 maggio da Nessebar, in Bulgaria e approda in Italia il 12 maggio. Un totale di 3.466 km attendono la carovana rosa, che giunger\u00e0 ad Alleghe ai Piani di Pezz\u00e8 il 29 maggio, per una tappa interamente bellunese che si estende per ben 151 km e 5.000 metri di dislivello. Oltre al talk del 29 aprile, il countdown di Alleghe verso il Giro non si ferma qui e si prepara a mettere in scena una serie di appuntamenti e concorsi che scandiranno il ritmo a tinte rosa fino a fine maggio.<\/p>\n<p>&nbsp;<\/p>\n<blockquote>\n<h2 style=\"text-align: center;\">FELTRE E ALLEGHE IN ROSA PER IL GIRO D\u2019ITALIA<\/h2>\n<\/blockquote>\n<div class=\"flex flex-col text-sm pb-25\">\n<article class=\"text-token-text-primary w-full focus:outline-none [--shadow-height:45px] has-data-writing-block:pointer-events-none has-data-writing-block:-mt-(--shadow-height) has-data-writing-block:pt-(--shadow-height) [&amp;:has([data-writing-block])&gt;*]:pointer-events-auto scroll-mt-[calc(var(--header-height)+min(200px,max(70px,20svh)))]\" dir=\"auto\" tabindex=\"-1\" data-turn-id=\"10eb7240-d478-4027-9ff8-a541407b400c\" data-testid=\"conversation-turn-154\" data-scroll-anchor=\"true\" data-turn=\"assistant\">\n<div class=\"text-base my-auto mx-auto pb-10 [--thread-content-margin:--spacing(4)] @w-sm\/main:[--thread-content-margin:--spacing(6)] @w-lg\/main:[--thread-content-margin:--spacing(16)] px-(--thread-content-margin)\">\n<div class=\"[--thread-content-max-width:40rem] @w-lg\/main:[--thread-content-max-width:48rem] mx-auto max-w-(--thread-content-max-width) flex-1 group\/turn-messages focus-visible:outline-hidden relative flex w-full min-w-0 flex-col agent-turn\" tabindex=\"-1\">\n<div class=\"flex max-w-full flex-col grow\">\n<div class=\"min-h-8 text-message relative flex w-full flex-col items-end gap-2 text-start break-words whitespace-normal [.text-message+&amp;]:mt-1\" dir=\"auto\" data-message-author-role=\"assistant\" data-message-id=\"3f072e6d-5701-44dc-b59d-b145ca559ed0\" data-message-model-slug=\"gpt-5-2\">\n<div class=\"flex w-full flex-col gap-1 empty:hidden first:pt-[1px]\">\n<div class=\"markdown prose dark:prose-invert w-full wrap-break-word dark markdown-new-styling\">\n<p data-start=\"51\" data-end=\"628\" data-is-last-node=\"\" data-is-only-node=\"\">A cento giorni dalla partenza del Giro d\u2019Italia 109, anche Feltre e Alleghe hanno aderito all\u2019iniziativa \u201cCitt\u00e0 in Rosa\u201d, illuminando luoghi simbolo in vista della tappa tutta bellunese del 29 maggio. Feltre, sede di partenza, ha acceso di rosa la Torre del Castello di Alboino, mentre Alleghe, arrivo di tappa, ha valorizzato la chiesa di San Biagio. La frazione attraverser\u00e0 le Dolomiti, con passi iconici come Duran, Giau e Falzarego, prima dell\u2019arrivo ai Piani di Pezz\u00e8. Un evento sportivo ma anche una grande occasione di promozione turistica e identit\u00e0 per il territorio.<\/p>\n<\/div>\n<\/div>\n<\/div>\n<\/div>\n<div class=\"z-0 flex min-h-[46px] justify-start\"><\/div>\n<\/div>\n<\/div>\n<\/article>\n<\/div>\n<p><strong>ARCHIVIO RADIOPIU<\/strong><\/p>\n<p>GIRO D\u2019ITALIA 2026 ALLEGHE TORNA TAPPA D\u2019ARRIVO<\/p>\n<p align=\"CENTER\"><strong><em><span style=\"font-family: Arial, sans-serif;\">Il 29 maggio il Giro d\u2019Italia fa tappa ad Alleghe con l\u2019arrivo a Piani di Pezz\u00e8 <\/span><span style=\"font-family: Arial, sans-serif;\">Presentata la 109esima edizione del Giro, l\u20198 maggio il via, il 29 arrivo ad Alleghe <\/span><span style=\"font-family: Arial, sans-serif;\">Istituito il nuovo Comitato di Tappa pronto a coinvolgere il territorio bellunese <\/span><span style=\"font-family: Arial, sans-serif;\">Soddisfazione anche da parte del Sindaco di Alleghe Danilo De Toni<\/span><\/em><\/strong><\/p>\n<p align=\"JUSTIFY\"><span style=\"font-family: Arial, sans-serif;\"><a class=\"dt-pswp-item\" href=\"https:\/\/www.radiopiu.net\/wordpress\/wp-content\/uploads\/2025\/11\/e2cc15b8-1627-472a-9920-7fca127d3170.jpg\" data-dt-img-description=\"\" data-large_image_width=\"718\" data-large_image_height=\"1600\"><img loading=\"lazy\" decoding=\"async\" class=\"size-medium wp-image-484096 alignleft\" src=\"https:\/\/www.radiopiu.net\/wordpress\/wp-content\/uploads\/2025\/11\/e2cc15b8-1627-472a-9920-7fca127d3170-135x300.jpg\" alt=\"\" width=\"135\" height=\"300\" srcset=\"https:\/\/www.radiopiu.net\/wordpress\/wp-content\/uploads\/2025\/11\/e2cc15b8-1627-472a-9920-7fca127d3170-135x300.jpg 135w, https:\/\/www.radiopiu.net\/wordpress\/wp-content\/uploads\/2025\/11\/e2cc15b8-1627-472a-9920-7fca127d3170-460x1024.jpg 460w, https:\/\/www.radiopiu.net\/wordpress\/wp-content\/uploads\/2025\/11\/e2cc15b8-1627-472a-9920-7fca127d3170-689x1536.jpg 689w, https:\/\/www.radiopiu.net\/wordpress\/wp-content\/uploads\/2025\/11\/e2cc15b8-1627-472a-9920-7fca127d3170.jpg 718w\" sizes=\"auto, (max-width: 135px) 100vw, 135px\" \/><\/a>Dopo la presentazione ufficiale del Giro d\u2019Italia di luned\u00ec a Roma \u00e8 stata accolta con entusiasmo la conferma della tappa di Alleghe, in programma venerd\u00ec 29 maggio, quando le tinte rosa torneranno ad emozionare la localit\u00e0 bellunese con l\u2019arrivo in salita, stavolta, ai Piani di Pezz\u00e8, che ospiter\u00e0 il traguardo della 19esima tappa del Giro d\u2019Italia 2026.<\/span><\/p>\n<p align=\"JUSTIFY\"><span style=\"font-family: Arial, sans-serif;\">Emozioni, campioni immensi e una promozione territoriale unica sono elementi che hanno contraddistinto la storia del Giro, una finestra sulle bellezze del Paese, che il prossimo anno giunge alla sua 109esima edizione e che il territorio bellunese accoglier\u00e0 con la terzultima tappa. L\u2019ultima volta in cui Alleghe fu teatro di un arrivo della corsa rosa fu nell\u2019edizione del 1975, vinta dal belga Roger De Vlaeminck, mentre nel 2005 ospit\u00f2 la partenza della 12esima tappa; per quanto riguarda Piani di Pezz\u00e8 l\u2019ultimo precedente risale al Giro d\u2019Italia dilettanti del 1992, salite e Giro dominati da un allora giovane Marco Pantani.<\/span><\/p>\n<p align=\"JUSTIFY\"><span style=\"font-family: Arial, sans-serif;\">Montagne, passi e salite impegnative sono gli aspetti che rendono l\u2019alto bellunese un luogo ideale per ospitare percorsi decisivi, dove a dominare la vista sono scenari mozzafiato contraddistinti dalle Dolomiti e dalla natura circostante.<\/span><\/p>\n<p align=\"JUSTIFY\"><span style=\"font-family: Arial, sans-serif;\">In vista di uno degli eventi mediatici pi\u00f9 seguiti d\u2019Italia, che vede ogni anno 200 Paesi collegati e 650 milioni di spettatori televisivi complessivi, la localit\u00e0 bellunese sta gi\u00e0 lavorando a pieno ritmo; \u00e8 stato infatti formato il Comitato di Tappa che punter\u00e0 a coinvolgere il territorio mettendosi al fianco delle numerose realt\u00e0 locali e portando avanti l\u2019aspetto turistico e le iniziative collaterali che arricchiranno l\u2019evento.<\/span><\/p>\n<p align=\"JUSTIFY\"><span style=\"font-family: Arial, sans-serif;\">Nel Comitato sono presenti, il sindaco del Comune di Alleghe, Danilo De Toni, Sergio Pra, presidente di Alleghe Funivie, Morena Stefanon, consigliera comunale con delega allo Sport, Andrea Dal Farra, responsabile marketing di Alleghe Funivie, Elisa Calcamuggi, responsabile marketing DMO, Paolo D\u2019Imperio, responsabile ufficio informazioni e accoglienza turistica di Alleghe, Enrico De Bona referente rapporti con Rcs.<\/span><\/p>\n<p align=\"JUSTIFY\"><span style=\"font-family: Arial, sans-serif;\">Il Sindaco Danilo De Toni sottolinea con grande soddisfazione \u201cUn ringraziamento va fatto a RCS, alla Regione Veneto e alla Provincia di Belluno per aver scelto Alleghe come sede d\u2019arrivo di tappa, e altrettanto alla Fondazione DMO Dolomiti per l\u2019attivit\u00e0 di gestione del progetto Grandi Eventi finanziato dal Fondo Comuni Confinanti.\u201d De Toni ha poi proseguito: \u201cIn questi anni Alleghe ha visto transitare la carovana del Giro per le proprie strade, sognando di ritornare ad essere sede di tappa. Ora questo \u00e8 diventato realt\u00e0 e la comunit\u00e0 si sta mobilitando con entusiasmo per accogliere questo evento. L&#8217;amministrazione di Alleghe si \u00e8 gi\u00e0 attivata con la propria struttura, con le associazioni locali e le aziende del territorio per la migliore organizzazione, costituendo il Comitato di Tappa che coordiner\u00e0 tutte le iniziative. Nel ricordo degli alleghesi \u00e8 sempre presente l&#8217;arrivo ai Piani di Pezz\u00e8 della tappa del Giro d&#8217;Italia dilettanti del 26 giugno 1992 vinto da Pantani. Questo ricordo \u00e8 anche nella mente di tanti appassionati di ciclismo che in estate si cimentano a sfidare questa salita di 5 km con 470 metri di dislivello. Per Alleghe l&#8217;arrivo della tappa sar\u00e0 sicuramente una vetrina per farsi conoscere a livello internazionale e da chi ancora non ha avuto modo di apprezzare la bellezza del nostro territorio\u201d.<\/span><\/p>\n<p align=\"JUSTIFY\"><span style=\"font-family: Arial, sans-serif;\">Il presidente di Alleghe Funivie Sergio Pra, componente del Comitato di Tappa aggiunge: \u201cLa tappa del Giro d\u2019Italia con l\u2019arrivo ad Alleghe\u2013Piani di Pezz\u00e8, in programma a fine maggio 2026, rappresenta un\u2019occasione unica per Alleghe, per il Comprensorio Civetta e per l\u2019intera vallata. La carovana arriver\u00e0 nel cuore della nostra area sciistica, offrendo al pubblico e ai media internazionali un panorama straordinario anche d\u2019estate. Come Alleghe Funivie investiremo nell\u2019evento con iniziative collaterali e soprattutto valorizzando al massimo la visibilit\u00e0 che ne deriver\u00e0 per la nostra destinazione, sia nella stagione estiva sia in quella invernale, promuovendo Alleghe, i Piani di Pezz\u00e8 e l\u2019intero comprensorio alla stampa e ai media di tutto il mondo\u201d.<\/span><\/p>\n<p align=\"JUSTIFY\"><span style=\"font-family: Arial, sans-serif;\">Luned\u00ec pomeriggio all\u2019Auditorium \u2018Parco della Musica Ennio Morricone\u2019 di Roma si \u00e8 svolta la conferenza di presentazione della prossima edizione del Giro d\u2019Italia con l\u2019annuncio del percorso ufficiale, che vede la tappa bellunese prendere il via da Feltre e concludersi ad Alleghe ai 1456 metri di Piani di Pezz\u00e8, all\u2019ombra del Monte Civetta. Una tappa tutta bellunese dunque, che si svolger\u00e0 lungo un tracciato impegnativo di 151 km caratterizzato dai Passi Cereda, Duran, Staulanza, Giau e Falzarego, ed infine il tratto finale ai Piani di Pezz\u00e8, una salita conclusiva di appena cinque chilometri ma con una pendenza media che sfiora il 10% e picchi massimi del 15%, che si preannuncia determinante e da vivere tutta d\u2019un fiato. Oggi Piani di Pezz\u00e8 \u00e8 una localit\u00e0 innevata del comprensorio sciistico Ski Civetta, ma il tratto in salita dell\u2019arrivo di tappa \u00e8 accessibile e gi\u00e0 frequentato dai primi aficionados delle due ruote.<\/span><\/p>\n<p>&nbsp;<\/p>\n<h1><strong>archivio RADIOPIU 02 dicembre 2025<\/strong><\/h1>\n<p><strong><a class=\"dt-pswp-item\" href=\"https:\/\/www.radiopiu.net\/wordpress\/wp-content\/uploads\/2018\/04\/giroditalia2016-2.jpg\" data-dt-img-description=\"\" data-large_image_width=\"300\" data-large_image_height=\"169\"><img loading=\"lazy\" decoding=\"async\" class=\" wp-image-46330 alignleft\" src=\"https:\/\/www.radiopiu.net\/wordpress\/wp-content\/uploads\/2018\/04\/giroditalia2016-2-300x169.jpg\" alt=\"\" width=\"273\" height=\"154\" \/><\/a>BELLUNO <\/strong>Il presidente del Comitato di Gestione del Fondo Comuni Confinanti, on. Dario Bond, esprime profonda soddisfazione per l\u2019assegnazione alla provincia di Belluno della diciannovesima tappa del Giro d\u2019Italia 2026, il cui percorso \u00e8 stato presentato ufficialmente nel pomeriggio di oggi a Roma. Il tracciato di 151 km, che partir\u00e0 dalla citt\u00e0 di Feltre per concludersi ad Alleghe, ai suggestivi Piani di Pezz\u00e8, rappresenta un importante riconoscimento per l\u2019intero territorio bellunese. Territorio che sar\u00e0 grande protagonista anche del Giro Women, con la cronoscalata da Belluno al Nevegal e il \u201ctappone\u201d che condurr\u00e0 le cicliste da Longarone a Santo Stefano di Cadore. Bond sottolinea \u201cil grande impegno messo in campo dalla DMO Dolomiti Bellunesi, sostenuto in maniera determinante dal Fondo Comuni Confinanti, che ha creduto fin dall\u2019inizio nel valore di un evento capace di garantire visibilit\u00e0 nazionale e internazionale alla nostra provincia e alle sue straordinarie bellezze naturali.\u201d \u201cI grandi eventi, e in particolare quelli sportivi, \u2013 afferma Bond \u2013 sono uno strumento fondamentale di promozione del nostro patrimonio naturalistico, culturale e storico. Devono diventare sempre di pi\u00f9 una leva strategica per contribuire allo sviluppo della montagna bellunese e delle sue comunit\u00e0. Il Giro d\u2019Italia \u00e8 un\u2019occasione unica per mostrare al mondo la qualit\u00e0 del nostro territorio e per generare ricadute positive che vadano oltre il singolo appuntamento.\u201d Il presidente del Comitato di Gestione ribadisce infine la volont\u00e0 del Fondo Comuni Confinanti di continuare a sostenere iniziative capaci di valorizzare i territori, consolidando un percorso di crescita condiviso tra istituzioni, enti turistici e realt\u00e0 locali.<\/p>\n<p><strong>DARIO BOND<\/strong><\/p>\n<audio class=\"wp-audio-shortcode\" id=\"audio-509127-2\" preload=\"none\" style=\"width: 100%;\" controls=\"controls\"><source type=\"audio\/mpeg\" src=\"https:\/\/www.radiopiu.net\/wordpress\/wp-content\/uploads\/2025\/12\/BOND-GIRO.mp3?_=2\" \/><a href=\"https:\/\/www.radiopiu.net\/wordpress\/wp-content\/uploads\/2025\/12\/BOND-GIRO.mp3\">https:\/\/www.radiopiu.net\/wordpress\/wp-content\/uploads\/2025\/12\/BOND-GIRO.mp3<\/a><\/audio>\n<p>&nbsp;<\/p>\n<p><strong>LA TAPPA DEL GIRO IN PROVINCIA DI BELLUNO<\/strong><\/p>\n<p><a class=\"dt-pswp-item\" href=\"https:\/\/www.radiopiu.net\/wordpress\/wp-content\/uploads\/2025\/12\/35e63caa-f001-418b-a764-dead3c87eb64.jpg\" data-dt-img-description=\"\" data-large_image_width=\"1600\" data-large_image_height=\"914\"><img loading=\"lazy\" decoding=\"async\" class=\"aligncenter wp-image-483432 size-large\" src=\"https:\/\/www.radiopiu.net\/wordpress\/wp-content\/uploads\/2025\/12\/35e63caa-f001-418b-a764-dead3c87eb64-1024x585.jpg\" alt=\"\" width=\"1024\" height=\"585\" srcset=\"https:\/\/www.radiopiu.net\/wordpress\/wp-content\/uploads\/2025\/12\/35e63caa-f001-418b-a764-dead3c87eb64-1024x585.jpg 1024w, https:\/\/www.radiopiu.net\/wordpress\/wp-content\/uploads\/2025\/12\/35e63caa-f001-418b-a764-dead3c87eb64-300x171.jpg 300w, https:\/\/www.radiopiu.net\/wordpress\/wp-content\/uploads\/2025\/12\/35e63caa-f001-418b-a764-dead3c87eb64-768x439.jpg 768w, https:\/\/www.radiopiu.net\/wordpress\/wp-content\/uploads\/2025\/12\/35e63caa-f001-418b-a764-dead3c87eb64-1536x877.jpg 1536w, https:\/\/www.radiopiu.net\/wordpress\/wp-content\/uploads\/2025\/12\/35e63caa-f001-418b-a764-dead3c87eb64.jpg 1600w\" sizes=\"auto, (max-width: 1024px) 100vw, 1024px\" \/><\/a><\/p>\n<p>&nbsp;<\/p>\n<p>********<\/p>\n<h1><strong>archivio RADIOPIU 10 NOVEMBRE 2025<\/strong><\/h1>\n<h3>VENERDI 29 MAGGIO: IL GIRO D\u2019ITALIA 2026 ARRIVA AD ALLEGHE: TRAGUARDO AI PIANI DI PEZZ\u00c8<\/h3>\n<p data-start=\"76\" data-end=\"474\">Sale l\u2019attesa per la presentazione ufficiale del Giro d\u2019Italia 2026, che sar\u00e0 svelato il 1\u00b0 dicembre a Roma. La 109\u00aa edizione scatter\u00e0 il 9 maggio dalla Bulgaria e si concluder\u00e0, come da tradizione, nella capitale. Ma la grande notizia per il Bellunese \u00e8 il ritorno della corsa rosa ad Alleghe, con un arrivo spettacolare ai Piani di Pezz\u00e8, previsto per venerd\u00ec 29 maggio. Sar\u00e0 una tappa tutta bellunese, con partenza da Feltre e arrivo ai 1.470 metri dei Piani di Pezz\u00e8, al termine di una salita di 5,1 chilometri e 487 metri di dislivello, con pendenza media del 9,5%. Prima dell\u2019ascesa finale, i corridori dovranno affrontare Passo Duran e Passo Staulanza, rendendo la frazione una delle pi\u00f9 dure e spettacolari del Giro. L\u2019ultima volta che Alleghe aveva ospitato un traguardo era il 1975, con la vittoria del belga Roger De Vlaeminck. Nel 2005 il paese fu invece sede di partenza.<\/p>\n<p>&nbsp;<\/p>\n<p><span style=\"color: #ff0000;\">ARCHICIO PUBBLICAZIONE 31 OTTOBRE 2025<\/span><\/p>\n<blockquote>\n<h2>ALLEGHE \u2014 RITORNO AL PASSATO: IL GIRO D\u2019ITALIA TORNA SOTTO IL CIVETTA<\/h2>\n<\/blockquote>\n<p data-start=\"77\" data-end=\"696\"><strong><img loading=\"lazy\" decoding=\"async\" class=\"alignleft\" src=\"https:\/\/www.radiopiu.net\/wordpress\/wp-content\/uploads\/2025\/10\/20240130_201125.jpg\" width=\"311\" height=\"233\" \/>ALLEGHE<\/strong> Domani come allora. L\u2019eco del passato torna a vibrare tra le montagne dell\u2019Agordino, dove la grande passione per il ciclismo \u00e8 di casa. Negli anni Novanta, grazie all\u2019impegno del dottor Fiorendo Dalla C\u00e0, allora assessore allo sport, le strade di queste vallate accolsero i corridori del Giro d\u2019Italia dilettanti. Tra loro c\u2019era un giovane dal talento straordinario destinato a entrare nella leggenda: Marco Pantani. L\u2019arrivo ad Agordo e la salita verso i Piani di Pezz\u00e8 (1992), sotto le pareti maestose del Civetta, restano impressi nella memoria collettiva come pagine di sport e di emozione autentica.<\/p>\n<p data-start=\"698\" data-end=\"1060\">Oggi, a distanza di trent\u2019anni, la storia si ripete. A maggio il Giro d\u2019Italia 2026 riporter\u00e0 il grande ciclismo sulle stesse strade. La tappa Feltre\u2013Piani di Pezz\u00e8 sar\u00e0 un vero e proprio omaggio al territorio bellunese: un percorso affascinante e impegnativo che attraverser\u00e0 l\u2019intera provincia, unendo in un solo respiro Dolomiti e passione sportiva.<\/p>\n<p data-start=\"1062\" data-end=\"1369\">L\u2019arrivo ad Alleghe, ai Piani di Pezz\u00e8, rappresenter\u00e0 uno dei momenti clou della 109\u00aa edizione della corsa rosa. Un tappone di montagna che potrebbe risultare decisivo per la classifica generale, con pendenze e scenari capaci di esaltare il pubblico e mettere alla prova anche i pi\u00f9 forti.<\/p>\n<p data-start=\"1371\" data-end=\"1733\" data-is-last-node=\"\" data-is-only-node=\"\">Per l\u2019Agordino sar\u00e0 molto pi\u00f9 di un evento sportivo: un ritorno alle radici, alla memoria di giornate che hanno fatto la storia e all\u2019orgoglio di un territorio che continua a credere nella forza dello sport come motore di comunit\u00e0, turismo e identit\u00e0. Come allora, il Civetta far\u00e0 da sfondo e da simbolo. E come allora, Alleghe si preparer\u00e0 a tingersi di rosa.<\/p>\n<p data-start=\"1371\" data-end=\"1733\" data-is-last-node=\"\" data-is-only-node=\"\">Mentre il Tour de France ha gi\u00e0 presentato ufficialmente il suo percorso per l&#8217;edizione 2026, il\u00a0Giro d&#8217;Italia scoprir\u00e0 definitivamente le sue carte solo tra qualche settimana. Non risultano ancora ufficialmente pubblicati il percorso dettagliato delle tappe della Giro d&#8217;Italia 2026, n\u00e9 i tracciati completi. Ecco comunque le informazioni finora disponibili: Le date dell\u2019edizione 2026 sono dal 9 al 31 maggio 2026. \u00c8 confermato che la partenza (Grande D\u00e9part) sar\u00e0 per la prima volta in Bulgaria. I dettagli delle singole tappe, percorsi e sedi intermedie verranno svelati pi\u00f9 avanti.<\/p>\n<p><span style=\"color: #ff0000;\"><strong>DAL SITO: https:\/\/it.blastingnews.com\/<\/strong><\/span><\/p>\n<p>&nbsp;<\/p>\n<p>&nbsp;<\/p>\n<p>&nbsp;<\/p>\n<p>&nbsp;<\/p>\n<p>&nbsp;<\/p>\n<p>**********<\/p>\n","protected":false},"excerpt":{"rendered":"<p>******** &nbsp; VERSO IL GIRO&#8230; RICORDANDO I GRANDI EVENTI CON DOLOMITISTARS PUNTATA 01 &#8211; OSPITI: MORENA STEFANON (CONSIGLIERE COMUNALE) E DANILO DE TONI (SINDACO DI ALLEGHE) &nbsp; ARCHIVIO RADIO PIU&#8217; ALLEGHE SI TINGE DI ROSA: SAGAN E BRUSEGHIN APRONO IL COUNTDOWN \u00a0 ALLEGHE Alleghe si prepara all\u2019arrivo del Giro d\u2019Italia, e il 29 aprile accoglie&hellip;<\/p>\n","protected":false},"author":4,"featured_media":509136,"comment_status":"closed","ping_status":"closed","sticky":false,"template":"","format":"standard","meta":{"_monsterinsights_skip_tracking":false,"_monsterinsights_sitenote_active":false,"_monsterinsights_sitenote_note":"","_monsterinsights_sitenote_category":0,"footnotes":""},"categories":[104,49],"tags":[],"class_list":["post-509127","post","type-post","status-publish","format-standard","has-post-thumbnail","hentry","category-evidenza_3","category-news-18","category-104","category-49","description-off"],"img_url":"https:\/\/www.radiopiu.net\/wordpress\/wp-content\/uploads\/2026\/04\/ALLEGHE-GIRO-2026.jpg","_links":{"self":[{"href":"https:\/\/www.radiopiu.net\/wordpress\/wp-json\/wp\/v2\/posts\/509127","targetHints":{"allow":["GET"]}}],"collection":[{"href":"https:\/\/www.radiopiu.net\/wordpress\/wp-json\/wp\/v2\/posts"}],"about":[{"href":"https:\/\/www.radiopiu.net\/wordpress\/wp-json\/wp\/v2\/types\/post"}],"author":[{"embeddable":true,"href":"https:\/\/www.radiopiu.net\/wordpress\/wp-json\/wp\/v2\/users\/4"}],"replies":[{"embeddable":true,"href":"https:\/\/www.radiopiu.net\/wordpress\/wp-json\/wp\/v2\/comments?post=509127"}],"version-history":[{"count":1,"href":"https:\/\/www.radiopiu.net\/wordpress\/wp-json\/wp\/v2\/posts\/509127\/revisions"}],"predecessor-version":[{"id":509137,"href":"https:\/\/www.radiopiu.net\/wordpress\/wp-json\/wp\/v2\/posts\/509127\/revisions\/509137"}],"wp:featuredmedia":[{"embeddable":true,"href":"https:\/\/www.radiopiu.net\/wordpress\/wp-json\/wp\/v2\/media\/509136"}],"wp:attachment":[{"href":"https:\/\/www.radiopiu.net\/wordpress\/wp-json\/wp\/v2\/media?parent=509127"}],"wp:term":[{"taxonomy":"category","embeddable":true,"href":"https:\/\/www.radiopiu.net\/wordpress\/wp-json\/wp\/v2\/categories?post=509127"},{"taxonomy":"post_tag","embeddable":true,"href":"https:\/\/www.radiopiu.net\/wordpress\/wp-json\/wp\/v2\/tags?post=509127"}],"curies":[{"name":"wp","href":"https:\/\/api.w.org\/{rel}","templated":true}]}}