{"id":509177,"date":"2026-04-27T18:28:56","date_gmt":"2026-04-27T16:28:56","guid":{"rendered":"https:\/\/www.radiopiu.net\/wordpress\/?p=509177"},"modified":"2026-04-27T18:28:56","modified_gmt":"2026-04-27T16:28:56","slug":"miss-dolomiti-bellunesi-sospirolo-incorona-la-bellezza-del-territorio-2","status":"publish","type":"post","link":"https:\/\/www.radiopiu.net\/wordpress\/miss-dolomiti-bellunesi-sospirolo-incorona-la-bellezza-del-territorio-2\/","title":{"rendered":"MISS DOLOMITI BELLUNESI: SOSPIROLO INCORONA LA BELLEZZA DEL TERRITORIO"},"content":{"rendered":"<p>***<\/p>\n<blockquote>\n<h3 style=\"text-align: center;\"><\/h3>\n<\/blockquote>\n<p><strong><a class=\"dt-pswp-item\" href=\"https:\/\/www.radiopiu.net\/wordpress\/wp-content\/uploads\/2026\/04\/c184d22d-a91e-4f2d-8876-5b5db715c288.png\" data-dt-img-description=\"\" data-large_image_width=\"1690\" data-large_image_height=\"931\"><img loading=\"lazy\" decoding=\"async\" class=\"aligncenter size-medium wp-image-509174\" src=\"https:\/\/www.radiopiu.net\/wordpress\/wp-content\/uploads\/2026\/04\/c184d22d-a91e-4f2d-8876-5b5db715c288-300x165.png\" alt=\"\" width=\"300\" height=\"165\" srcset=\"https:\/\/www.radiopiu.net\/wordpress\/wp-content\/uploads\/2026\/04\/c184d22d-a91e-4f2d-8876-5b5db715c288-300x165.png 300w, https:\/\/www.radiopiu.net\/wordpress\/wp-content\/uploads\/2026\/04\/c184d22d-a91e-4f2d-8876-5b5db715c288-1024x564.png 1024w, https:\/\/www.radiopiu.net\/wordpress\/wp-content\/uploads\/2026\/04\/c184d22d-a91e-4f2d-8876-5b5db715c288-768x423.png 768w, https:\/\/www.radiopiu.net\/wordpress\/wp-content\/uploads\/2026\/04\/c184d22d-a91e-4f2d-8876-5b5db715c288-1536x846.png 1536w, https:\/\/www.radiopiu.net\/wordpress\/wp-content\/uploads\/2026\/04\/c184d22d-a91e-4f2d-8876-5b5db715c288.png 1690w\" sizes=\"auto, (max-width: 300px) 100vw, 300px\" \/><\/a>\u00a0<\/strong><\/p>\n<p><strong>SOSPIROLO\u00a0 <\/strong>La bellezza autentica sposa il cuore delle vette. Domenica 28 giugno, a partire dalle 18, il Centro Civico di Sospirolo ospiter\u00e0 la sfilata di Miss Dolomiti Bellunesi, un evento nato per esaltare l\u2019identit\u00e0 e lo splendore del territorio. Tra i riflettori e l\u2019eccellenza locale, le aspiranti miss sfileranno accompagnate dalle note suggestive di DJ Komoro. La serata, guidata da una presentatrice d&#8217;eccezione, vedr\u00e0 la partecipazione di ospiti speciali del mondo dello spettacolo. Mentre la giuria si ritirer\u00e0 per deliberare, il pubblico potr\u00e0 vivere un\u2019atmosfera magica dove il talento incontra le radici bellunesi. La partecipazione \u00e8 gratuita (et\u00e0 minima 18 anni, massima 30)\u00a0 e le iscrizioni restano aperte fino al 20 giugno al numero 3471859436. Un&#8217;occasione imperdibile per brillare in un contesto unico.<\/p>\n<p>&nbsp;<\/p>\n<p>&nbsp;<\/p>\n<hr \/>\n<p>&nbsp;<\/p>\n","protected":false},"excerpt":{"rendered":"<p>*** \u00a0 SOSPIROLO\u00a0 La bellezza autentica sposa il cuore delle vette. Domenica 28 giugno, a partire dalle 18, il Centro Civico di Sospirolo ospiter\u00e0 la sfilata di Miss Dolomiti Bellunesi, un evento nato per esaltare l\u2019identit\u00e0 e lo splendore del territorio. Tra i riflettori e l\u2019eccellenza locale, le aspiranti miss sfileranno accompagnate dalle note suggestive&hellip;<\/p>\n","protected":false},"author":4,"featured_media":509175,"comment_status":"closed","ping_status":"closed","sticky":false,"template":"","format":"standard","meta":{"_monsterinsights_skip_tracking":false,"_monsterinsights_sitenote_active":false,"_monsterinsights_sitenote_note":"","_monsterinsights_sitenote_category":0,"footnotes":""},"categories":[49],"tags":[],"class_list":["post-509177","post","type-post","status-publish","format-standard","has-post-thumbnail","hentry","category-news-18","category-49","description-off"],"img_url":"https:\/\/www.radiopiu.net\/wordpress\/wp-content\/uploads\/2026\/04\/c184d22d-a91e-4f2d-8876-5b5db715c288-1.png","_links":{"self":[{"href":"https:\/\/www.radiopiu.net\/wordpress\/wp-json\/wp\/v2\/posts\/509177","targetHints":{"allow":["GET"]}}],"collection":[{"href":"https:\/\/www.radiopiu.net\/wordpress\/wp-json\/wp\/v2\/posts"}],"about":[{"href":"https:\/\/www.radiopiu.net\/wordpress\/wp-json\/wp\/v2\/types\/post"}],"author":[{"embeddable":true,"href":"https:\/\/www.radiopiu.net\/wordpress\/wp-json\/wp\/v2\/users\/4"}],"replies":[{"embeddable":true,"href":"https:\/\/www.radiopiu.net\/wordpress\/wp-json\/wp\/v2\/comments?post=509177"}],"version-history":[{"count":1,"href":"https:\/\/www.radiopiu.net\/wordpress\/wp-json\/wp\/v2\/posts\/509177\/revisions"}],"predecessor-version":[{"id":509178,"href":"https:\/\/www.radiopiu.net\/wordpress\/wp-json\/wp\/v2\/posts\/509177\/revisions\/509178"}],"wp:featuredmedia":[{"embeddable":true,"href":"https:\/\/www.radiopiu.net\/wordpress\/wp-json\/wp\/v2\/media\/509175"}],"wp:attachment":[{"href":"https:\/\/www.radiopiu.net\/wordpress\/wp-json\/wp\/v2\/media?parent=509177"}],"wp:term":[{"taxonomy":"category","embeddable":true,"href":"https:\/\/www.radiopiu.net\/wordpress\/wp-json\/wp\/v2\/categories?post=509177"},{"taxonomy":"post_tag","embeddable":true,"href":"https:\/\/www.radiopiu.net\/wordpress\/wp-json\/wp\/v2\/tags?post=509177"}],"curies":[{"name":"wp","href":"https:\/\/api.w.org\/{rel}","templated":true}]}}