{"id":509194,"date":"2026-04-29T05:59:38","date_gmt":"2026-04-29T03:59:38","guid":{"rendered":"https:\/\/www.radiopiu.net\/wordpress\/?p=509194"},"modified":"2026-04-29T08:19:02","modified_gmt":"2026-04-29T06:19:02","slug":"giornale-radiopi29-aprile-2026-direttore-mirko-mezzacasa","status":"publish","type":"post","link":"https:\/\/www.radiopiu.net\/wordpress\/giornale-radiopi29-aprile-2026-direttore-mirko-mezzacasa\/","title":{"rendered":"GIORNALE RADIOPIU 29 APRILE 2026 DIRETTORE MIRKO MEZZACASA"},"content":{"rendered":"<p>***********<\/p>\n<p>&nbsp;<\/p>\n<div class=\"flex flex-col text-sm pb-25\">\n<article class=\"text-token-text-primary w-full focus:outline-none [--shadow-height:45px] has-data-writing-block:pointer-events-none has-data-writing-block:-mt-(--shadow-height) has-data-writing-block:pt-(--shadow-height) [&amp;:has([data-writing-block])&gt;*]:pointer-events-auto scroll-mt-[calc(var(--header-height)+min(200px,max(70px,20svh)))]\" dir=\"auto\" tabindex=\"-1\" data-turn-id=\"request-WEB:545a5307-a0c9-41c7-9a5f-bf65aefdb8ec-5\" data-testid=\"conversation-turn-12\" data-scroll-anchor=\"true\" data-turn=\"assistant\">\n<div class=\"text-base my-auto mx-auto pb-10 [--thread-content-margin:--spacing(4)] @w-sm\/main:[--thread-content-margin:--spacing(6)] @w-lg\/main:[--thread-content-margin:--spacing(16)] px-(--thread-content-margin)\">\n<div class=\"[--thread-content-max-width:40rem] @w-lg\/main:[--thread-content-max-width:48rem] mx-auto max-w-(--thread-content-max-width) flex-1 group\/turn-messages focus-visible:outline-hidden relative flex w-full min-w-0 flex-col agent-turn\" tabindex=\"-1\">\n<div class=\"z-0 flex min-h-[46px] justify-start\">\n<h1><a class=\"dt-pswp-item\" href=\"https:\/\/www.radiopiu.net\/wordpress\/wp-content\/uploads\/2026\/04\/7efb304e-60e5-4f05-8117-f5a3b5f88af7.png\" data-dt-img-description=\"\" data-large_image_width=\"1535\" data-large_image_height=\"1024\"><img loading=\"lazy\" decoding=\"async\" class=\"aligncenter size-medium wp-image-509182\" src=\"https:\/\/www.radiopiu.net\/wordpress\/wp-content\/uploads\/2026\/04\/7efb304e-60e5-4f05-8117-f5a3b5f88af7-300x200.png\" alt=\"\" width=\"300\" height=\"200\" srcset=\"https:\/\/www.radiopiu.net\/wordpress\/wp-content\/uploads\/2026\/04\/7efb304e-60e5-4f05-8117-f5a3b5f88af7-300x200.png 300w, https:\/\/www.radiopiu.net\/wordpress\/wp-content\/uploads\/2026\/04\/7efb304e-60e5-4f05-8117-f5a3b5f88af7-1024x683.png 1024w, https:\/\/www.radiopiu.net\/wordpress\/wp-content\/uploads\/2026\/04\/7efb304e-60e5-4f05-8117-f5a3b5f88af7-768x512.png 768w, https:\/\/www.radiopiu.net\/wordpress\/wp-content\/uploads\/2026\/04\/7efb304e-60e5-4f05-8117-f5a3b5f88af7.png 1535w\" sizes=\"auto, (max-width: 300px) 100vw, 300px\" \/><\/a><\/h1>\n<h1 style=\"text-align: center;\">LA\u00a0 \u00a0 APP<\/h1>\n<p><strong><em><span style=\"color: #ff0000;\">LA\u00a0 APP PER IOS-IPHONE di Nicola Vettorello<\/span><\/em><\/strong><\/p>\n<p><strong><span style=\"color: #0000ff;\"><a style=\"color: #0000ff;\" href=\"https:\/\/apps.apple.com\/it\/app\/radio-pi%C3%B9-emittente-agordina\/id1515939845\">https:\/\/apps.apple.com\/it\/app\/radio-pi%C3%B9-emittente-agordina\/id1515939845<\/a><\/span><\/strong><\/p>\n<p><strong><em style=\"color: #ff0000;\">LA\u00a0 APP RADIO\u00a0 PER ANDROID di Nicola Vettorello<\/em><\/strong><\/p>\n<p><strong><span style=\"color: #0000ff;\"><a style=\"color: #0000ff;\" href=\"https:\/\/play.google.com\/store\/apps\/details?id=net.radiopiu.iniko\" target=\"_blank\" rel=\"noopener noreferrer\">https:\/\/<\/a><a style=\"color: #0000ff;\" href=\"https:\/\/play.google.com\/store\/apps\/details?id=net.radiopiu.iniko\" target=\"_blank\" rel=\"noopener noreferrer\">play.google.com\/store\/apps\/details?id=net.radiopiu.iniko\u00a0\u00a0\u00a0\u00a0\u00a0<\/a><\/span><\/strong><\/p>\n<p>&nbsp;<\/p>\n<\/div>\n<\/div>\n<\/div>\n<\/article>\n<\/div>\n<p>&nbsp;<\/p>\n<hr \/>\n<p>&nbsp;<\/p>\n<div class=\"flex flex-col text-sm pb-25\">\n<article class=\"text-token-text-primary w-full focus:outline-none [--shadow-height:45px] has-data-writing-block:pointer-events-none has-data-writing-block:-mt-(--shadow-height) has-data-writing-block:pt-(--shadow-height) [&amp;:has([data-writing-block])&gt;*]:pointer-events-auto scroll-mt-[calc(var(--header-height)+min(200px,max(70px,20svh)))]\" dir=\"auto\" tabindex=\"-1\" data-turn-id=\"request-WEB:545a5307-a0c9-41c7-9a5f-bf65aefdb8ec-5\" data-testid=\"conversation-turn-12\" data-scroll-anchor=\"true\" data-turn=\"assistant\">\n<div class=\"text-base my-auto mx-auto pb-10 [--thread-content-margin:--spacing(4)] @w-sm\/main:[--thread-content-margin:--spacing(6)] @w-lg\/main:[--thread-content-margin:--spacing(16)] px-(--thread-content-margin)\">\n<div class=\"[--thread-content-max-width:40rem] @w-lg\/main:[--thread-content-max-width:48rem] mx-auto max-w-(--thread-content-max-width) flex-1 group\/turn-messages focus-visible:outline-hidden relative flex w-full min-w-0 flex-col agent-turn\" tabindex=\"-1\">\n<div class=\"z-0 flex min-h-[46px] justify-start\">\n<div class=\"flex flex-col text-sm pb-25\">\n<article class=\"text-token-text-primary w-full focus:outline-none [--shadow-height:45px] has-data-writing-block:pointer-events-none has-data-writing-block:-mt-(--shadow-height) has-data-writing-block:pt-(--shadow-height) [&amp;:has([data-writing-block])&gt;*]:pointer-events-auto scroll-mt-[calc(var(--header-height)+min(200px,max(70px,20svh)))]\" dir=\"auto\" tabindex=\"-1\" data-turn-id=\"da2f8a29-4751-44ac-b06a-20d94aeccf8b\" data-testid=\"conversation-turn-28\" data-scroll-anchor=\"true\" data-turn=\"assistant\">\n<div class=\"text-base my-auto mx-auto pb-10 [--thread-content-margin:--spacing(4)] @w-sm\/main:[--thread-content-margin:--spacing(6)] @w-lg\/main:[--thread-content-margin:--spacing(16)] px-(--thread-content-margin)\">\n<div class=\"[--thread-content-max-width:40rem] @w-lg\/main:[--thread-content-max-width:48rem] mx-auto max-w-(--thread-content-max-width) flex-1 group\/turn-messages focus-visible:outline-hidden relative flex w-full min-w-0 flex-col agent-turn\" tabindex=\"-1\">\n<div class=\"flex max-w-full flex-col grow\">\n<div class=\"min-h-8 text-message relative flex w-full flex-col items-end gap-2 text-start break-words whitespace-normal [.text-message+&amp;]:mt-1\" dir=\"auto\" data-message-author-role=\"assistant\" data-message-id=\"77cb542f-301b-441f-9a5c-c89ea331616b\" data-message-model-slug=\"gpt-5-2\">\n<div class=\"flex w-full flex-col gap-1 empty:hidden first:pt-[1px]\">\n<div class=\"markdown prose dark:prose-invert w-full break-words dark markdown-new-styling\">\n<div id=\"writing-block-77cb542f-301b-441f-9a5c-c89ea331616b\" class=\"group relative z-0 my-4 w-full overflow-visible rounded-2xl bg-token-bg-primary dark:bg-[#2a2a2a] shadow-[0px_0px_0px_1px_rgba(0,0,0,0.07),0px_4px_80px_rgba(0,0,0,0.02)]\" data-writing-block=\"true\">\n<div class=\"writing-block-editor markdown-new-styling relative flow-root pt-(--writing-block-editor-pt) pe-(--writing-block-editor-pr) pb-(--writing-block-editor-pb) ps-(--writing-block-editor-pl)\">\n<div class=\"ProseMirror markdown prose dark:prose-invert w-full min-h-6 break-words focus:outline-none\" contenteditable=\"true\" translate=\"no\" aria-disabled=\"false\">\n<h1 style=\"text-align: center;\" data-start=\"0\" data-end=\"50\"><em data-start=\"54\" data-end=\"130\">Informazione, musica e curiosit\u00e0 per accompagnarti dalla mattina alla sera<\/em><\/h1>\n<h1 style=\"text-align: center;\" data-start=\"0\" data-end=\"50\"><em data-start=\"54\" data-end=\"130\"><br \/>\n<a class=\"dt-pswp-item\" href=\"https:\/\/www.radiopiu.net\/wordpress\/wp-content\/uploads\/2026\/04\/d92f87bc-b3b8-4140-add5-6626d6d7f97f.png\" data-dt-img-description=\"\" data-large_image_width=\"1694\" data-large_image_height=\"928\"><img loading=\"lazy\" decoding=\"async\" class=\"aligncenter wp-image-509403 \" src=\"https:\/\/www.radiopiu.net\/wordpress\/wp-content\/uploads\/2026\/04\/d92f87bc-b3b8-4140-add5-6626d6d7f97f.png\" alt=\"\" width=\"490\" height=\"268\" srcset=\"https:\/\/www.radiopiu.net\/wordpress\/wp-content\/uploads\/2026\/04\/d92f87bc-b3b8-4140-add5-6626d6d7f97f.png 1694w, https:\/\/www.radiopiu.net\/wordpress\/wp-content\/uploads\/2026\/04\/d92f87bc-b3b8-4140-add5-6626d6d7f97f-300x164.png 300w, https:\/\/www.radiopiu.net\/wordpress\/wp-content\/uploads\/2026\/04\/d92f87bc-b3b8-4140-add5-6626d6d7f97f-1024x561.png 1024w, https:\/\/www.radiopiu.net\/wordpress\/wp-content\/uploads\/2026\/04\/d92f87bc-b3b8-4140-add5-6626d6d7f97f-768x421.png 768w, https:\/\/www.radiopiu.net\/wordpress\/wp-content\/uploads\/2026\/04\/d92f87bc-b3b8-4140-add5-6626d6d7f97f-1536x841.png 1536w\" sizes=\"auto, (max-width: 490px) 100vw, 490px\" \/><\/a><br \/>\n<\/em><\/h1>\n<div class=\"relative basis-auto flex-col -mb-(--composer-overlap-px) pb-(--composer-overlap-px) [--composer-overlap-px:28px] grow flex\">\n<div class=\"flex flex-col text-sm pb-25\">\n<section class=\"text-token-text-primary w-full focus:outline-none [--shadow-height:45px] has-data-writing-block:pointer-events-none has-data-writing-block:-mt-(--shadow-height) has-data-writing-block:pt-(--shadow-height) [&amp;:has([data-writing-block])&gt;*]:pointer-events-auto scroll-mt-[calc(var(--header-height)+min(200px,max(70px,20svh)))]\" dir=\"auto\" data-turn-id=\"request-WEB:14e60ddb-bebf-42de-a335-d96ac69402b5-11\" data-testid=\"conversation-turn-24\" data-scroll-anchor=\"false\" data-turn=\"assistant\">\n<div class=\"text-base my-auto mx-auto [--thread-content-margin:var(--thread-content-margin-xs,calc(var(--spacing)*4))] @w-sm\/main:[--thread-content-margin:var(--thread-content-margin-sm,calc(var(--spacing)*6))] @w-lg\/main:[--thread-content-margin:var(--thread-content-margin-lg,calc(var(--spacing)*16))] px-(--thread-content-margin)\">\n<div class=\"[--thread-content-max-width:40rem] @w-lg\/main:[--thread-content-max-width:48rem] mx-auto max-w-(--thread-content-max-width) flex-1 group\/turn-messages focus-visible:outline-hidden relative flex w-full min-w-0 flex-col agent-turn\">\n<div class=\"flex max-w-full flex-col gap-4 grow\">\n<div class=\"min-h-8 text-message relative flex w-full flex-col items-end gap-2 text-start break-words whitespace-normal outline-none keyboard-focused:focus-ring [.text-message+&amp;]:mt-1\" dir=\"auto\" data-message-author-role=\"assistant\" data-message-id=\"dc8d96b7-ccaa-47fb-ae20-dd1c4854198f\" data-message-model-slug=\"gpt-5-3\">\n<div class=\"flex w-full flex-col gap-1 empty:hidden\">\n<div class=\"markdown prose dark:prose-invert w-full wrap-break-word dark markdown-new-styling\">\n<p data-start=\"132\" data-end=\"284\">Su RadioPi\u00f9 anche oggi il palinsesto \u00e8 ricco, vario e tutto da ascoltare, con appuntamenti pensati per tenervi compagnia in ogni momento della giornata.<\/p>\n<p data-start=\"286\" data-end=\"629\">Si parte alle 8.05 con la rassegna stampa locale: notizie dal territorio ma anche uno sguardo pi\u00f9 ampio su ci\u00f2 che accade. Alle 8.30 spazio all\u2019energia e alle storie di \u201cPi\u00f9 Siamo\u201d con Marina Don\u00e0, seguita alle 9.30 da \u201cOggi come ieri\u201d con Silvia Baldo. Alle 9.45 si parla di libri e cultura sulle orme di Liana Cavallet con Claudia Cattadori.<\/p>\n<p data-start=\"631\" data-end=\"951\">Alle 10.10 torna Reporter con Marina Don\u00e0 e l\u2019ospite Chiara Mazzel, mentre alle 10.30 la professoressa Maria Rosa Salmazo ci riporta\u2026 tra i banchi di scuola con \u201cSe non la smetti ti mando dal preside\u201d. La mattinata continua tra musica e leggerezza: alle 11.10 \u201cPrimavera Hit\u201d e alle 11.30 le curiosit\u00e0 di Paola Lanciato.<\/p>\n<p data-start=\"953\" data-end=\"1205\">Nel pomeriggio, alle 13.10 uno speciale dedicato alla mostra di Laura Ballis, poi alle 13.30 \u201cCollage Operazione Nostalgia\u201d con Loris Scussel. Alle 14.10 la classifica ufficiale di RadioPi\u00f9 con Marco Gaz e alle 15.10 \u201cBatticinque\u201d con Alessio e Marina.<\/p>\n<p data-start=\"1207\" data-end=\"1407\">Dalle 16 si torna a spingere con la musica: rock con Marco Costantini e alle 16.45 le hit che hanno fatto la storia con Mirco Bencivenni. In chiusura, alle 19.10, le anticipazioni dal TG di Antenna 3.<\/p>\n<p data-start=\"1409\" data-end=\"1497\" data-is-last-node=\"\" data-is-only-node=\"\">RadioPi\u00f9: ogni giorno una compagnia che non si spegne mai\u2026 basta accendere la radio!<\/p>\n<\/div>\n<\/div>\n<\/div>\n<\/div>\n<\/div>\n<\/div>\n<\/section>\n<\/div>\n<\/div>\n<div class=\"pointer-events-none h-px w-px absolute bottom-0\" aria-hidden=\"true\" data-edge=\"true\">\n<section class=\"text-token-text-primary w-full focus:outline-none [--shadow-height:45px] has-data-writing-block:pointer-events-none has-data-writing-block:-mt-(--shadow-height) has-data-writing-block:pt-(--shadow-height) [&amp;:has([data-writing-block])&gt;*]:pointer-events-auto [content-visibility:auto] supports-[content-visibility:auto]:[contain-intrinsic-size:auto_100lvh] R6Vx5W_threadScrollVars scroll-mb-[calc(var(--scroll-root-safe-area-inset-bottom,0px)+var(--thread-response-height))] scroll-mt-[calc(var(--header-height)+min(200px,max(70px,20svh)))]\" dir=\"auto\" data-turn-id=\"request-69de0cba-c540-8385-80e9-3695a47f511b-34\" data-testid=\"conversation-turn-46\" data-scroll-anchor=\"false\" data-turn=\"assistant\">\n<div class=\"text-base my-auto mx-auto pb-10 [--thread-content-margin:var(--thread-content-margin-xs,calc(var(--spacing)*4))] @w-sm\/main:[--thread-content-margin:var(--thread-content-margin-sm,calc(var(--spacing)*6))] @w-lg\/main:[--thread-content-margin:var(--thread-content-margin-lg,calc(var(--spacing)*16))] px-(--thread-content-margin)\">\n<div class=\"[--thread-content-max-width:40rem] @w-lg\/main:[--thread-content-max-width:48rem] mx-auto max-w-(--thread-content-max-width) flex-1 group\/turn-messages focus-visible:outline-hidden relative flex w-full min-w-0 flex-col agent-turn\">\n<div class=\"mt-3 w-full empty:hidden\">\n<div class=\"text-center\">\n<section class=\"text-token-text-primary w-full focus:outline-none [--shadow-height:45px] has-data-writing-block:pointer-events-none has-data-writing-block:-mt-(--shadow-height) has-data-writing-block:pt-(--shadow-height) [&amp;:has([data-writing-block])&gt;*]:pointer-events-auto [content-visibility:auto] supports-[content-visibility:auto]:[contain-intrinsic-size:auto_100lvh] R6Vx5W_threadScrollVars scroll-mb-[calc(var(--scroll-root-safe-area-inset-bottom,0px)+var(--thread-response-height))] scroll-mt-[calc(var(--header-height)+min(200px,max(70px,20svh)))]\" dir=\"auto\" data-turn-id=\"request-69de0cba-c540-8385-80e9-3695a47f511b-35\" data-testid=\"conversation-turn-48\" data-scroll-anchor=\"false\" data-turn=\"assistant\">\n<div class=\"text-base my-auto mx-auto pb-10 [--thread-content-margin:var(--thread-content-margin-xs,calc(var(--spacing)*4))] @w-sm\/main:[--thread-content-margin:var(--thread-content-margin-sm,calc(var(--spacing)*6))] @w-lg\/main:[--thread-content-margin:var(--thread-content-margin-lg,calc(var(--spacing)*16))] px-(--thread-content-margin)\">\n<div class=\"[--thread-content-max-width:40rem] @w-lg\/main:[--thread-content-max-width:48rem] mx-auto max-w-(--thread-content-max-width) flex-1 group\/turn-messages focus-visible:outline-hidden relative flex w-full min-w-0 flex-col agent-turn\">\n<div class=\"flex max-w-full flex-col gap-4 grow\">\n<div class=\"min-h-8 text-message relative flex w-full flex-col items-end gap-2 text-start break-words whitespace-normal outline-none keyboard-focused:focus-ring [.text-message+&amp;]:mt-1\" dir=\"auto\" tabindex=\"0\" data-message-author-role=\"assistant\" data-message-id=\"f896908d-b22c-4133-9f29-a976b3f8eecd\" data-message-model-slug=\"gpt-5-3\" data-turn-start-message=\"true\">\n<div class=\"flex w-full flex-col gap-1 empty:hidden\">\n<div class=\"markdown prose dark:prose-invert w-full wrap-break-word dark markdown-new-styling\"><\/div>\n<\/div>\n<\/div>\n<\/div>\n<\/div>\n<\/div>\n<\/section>\n<div class=\"pointer-events-none -mt-px h-px translate-y-[calc(var(--scroll-root-safe-area-inset-bottom)-14*var(--spacing))]\" aria-hidden=\"true\"><\/div>\n<\/div>\n<\/div>\n<\/div>\n<\/div>\n<\/section>\n<\/div>\n<\/div>\n<\/div>\n<\/div>\n<\/div>\n<\/div>\n<\/div>\n<\/div>\n<\/div>\n<\/div>\n<\/article>\n<\/div>\n<div class=\"x11i5rnm xat24cr x1mh8g0r x1vvkbs xtlvy1s x126k92a\">\n<hr \/>\n<h1><span style=\"color: #0000ff;\">N di parom &#8211; L Almanach de la nosta jent<\/span><\/h1>\n<h1><strong style=\"font-size: 14px;\"><span style=\"color: #ff0000;\">OGNI GIORNO ALLE CINQUE E ALLE NOVE E DIECI\u00a0 DEL MATTINO<\/span><\/strong><\/h1>\n<h1><strong style=\"font-size: 14px;\">LA PUNTATA DI OGGI, 29 APRILE 2026<\/strong><\/h1>\n<audio class=\"wp-audio-shortcode\" id=\"audio-509194-1\" preload=\"none\" style=\"width: 100%;\" controls=\"controls\"><source type=\"audio\/mpeg\" src=\"https:\/\/www.radiopiu.net\/wordpress\/wp-content\/uploads\/2026\/04\/AL3-4.mp3?_=1\" \/><a href=\"https:\/\/www.radiopiu.net\/wordpress\/wp-content\/uploads\/2026\/04\/AL3-4.mp3\">https:\/\/www.radiopiu.net\/wordpress\/wp-content\/uploads\/2026\/04\/AL3-4.mp3<\/a><\/audio>\n<p>&nbsp;<\/p>\n<\/div>\n<div class=\"x11i5rnm xat24cr x1mh8g0r x1vvkbs xtlvy1s x126k92a\">\n<div dir=\"auto\">\n<hr \/>\n<\/div>\n<\/div>\n<blockquote>\n<h1><\/h1>\n<\/blockquote>\n<h1 style=\"text-align: center;\"><strong>NOTIZIE DELLA NOTTE LA RASSEGNA STAMPA NAZIONALE, AGGIORNAMENTO OGNI GIORNO ALLE SEI DEL MATTINO<\/strong><\/h1>\n<p><a class=\"dt-pswp-item\" href=\"https:\/\/www.radiopiu.net\/wordpress\/?attachment_id=509404\" data-dt-img-description=\"\" data-large_image_width=\"696\" data-large_image_height=\"201\"><img loading=\"lazy\" decoding=\"async\" class=\"aligncenter wp-image-509404 size-full\" src=\"https:\/\/www.radiopiu.net\/wordpress\/wp-content\/uploads\/2026\/04\/Screenshot-2026-04-29-053133.png\" alt=\"\" width=\"696\" height=\"201\" srcset=\"https:\/\/www.radiopiu.net\/wordpress\/wp-content\/uploads\/2026\/04\/Screenshot-2026-04-29-053133.png 696w, https:\/\/www.radiopiu.net\/wordpress\/wp-content\/uploads\/2026\/04\/Screenshot-2026-04-29-053133-300x87.png 300w\" sizes=\"auto, (max-width: 696px) 100vw, 696px\" \/><\/a><\/p>\n<div class=\"flex max-w-full flex-col gap-4 grow\">\n<div class=\"min-h-8 text-message relative flex w-full flex-col items-end gap-2 text-start break-words whitespace-normal outline-none keyboard-focused:focus-ring [.text-message+&amp;]:mt-1\" dir=\"auto\" tabindex=\"0\" data-message-author-role=\"assistant\" data-message-id=\"7e5a3e9a-66d9-486b-9a77-4933f84fe42e\" data-message-model-slug=\"gpt-5-3\" data-turn-start-message=\"true\">\n<div class=\"flex w-full flex-col gap-1 empty:hidden\">\n<div class=\"markdown prose dark:prose-invert w-full wrap-break-word dark markdown-new-styling\">\n<p data-start=\"0\" data-end=\"48\"><strong data-start=\"0\" data-end=\"48\">MONDO \u2013 TENSIONI POLITICHE E ALLARMI GLOBALI<\/strong><\/p>\n<p data-start=\"50\" data-end=\"582\">Scenario internazionale segnato da tensioni e dichiarazioni forti. Negli Stati Uniti, nuovo scontro politico con un mandato d\u2019arresto per l\u2019ex capo dell\u2019FBI James Comey, mentre Donald Trump rilancia parlando di una presunta vittoria contro l\u2019Iran. Sullo sfondo, i rapporti con Teheran restano delicati e al centro delle preoccupazioni globali. Dall\u2019Europa arriva anche l\u2019allarme climatico: secondo Copernicus, nel 2025 il 95% del continente ha registrato temperature sopra la media, confermando una tendenza sempre pi\u00f9 preoccupante.<\/p>\n<p data-start=\"584\" data-end=\"619\"><strong data-start=\"584\" data-end=\"619\">EUROPA \u2013 DIRITTI E ALLARME ODIO<\/strong><\/p>\n<p data-start=\"621\" data-end=\"995\">Tema diritti umani in primo piano. In Egitto confermata la condanna per adulterio dell\u2019italiana Nessy Guerra, che lancia un appello di aiuto. In Italia, la senatrice Liliana Segre denuncia l\u2019aumento dell\u2019odio e delle minacce online. Sempre sul fronte sociale, uno chef \u00e8 stato condannato per discriminazione dopo aver escluso lavoratori per orientamento politico e sessuale.<\/p>\n<p data-start=\"997\" data-end=\"1029\"><strong data-start=\"997\" data-end=\"1029\">ITALIA \u2013 CRONACA E GIUSTIZIA<\/strong><\/p>\n<p data-start=\"1031\" data-end=\"1382\">Cronaca nera in evidenza con il ritrovamento del corpo di una giovane di 22 anni in una scarpata: perquisita l\u2019abitazione di un conoscente, mentre gli inquirenti non escludono alcuna pista. Sul piano giudiziario, tiene banco anche il caso Minetti: la premier Meloni difende il ministro Nordio mentre proseguono gli accertamenti della procura generale.<\/p>\n<\/div>\n<\/div>\n<\/div>\n<\/div>\n<h1>IL GIORNALE DELLE SEI DEL MATTINO<\/h1>\n<audio class=\"wp-audio-shortcode\" id=\"audio-509194-2\" preload=\"none\" style=\"width: 100%;\" controls=\"controls\"><source type=\"audio\/mpeg\" src=\"https:\/\/www.radiopiu.net\/wordpress\/wp-content\/uploads\/2026\/04\/GIORNALEDELLESEI-21.mp3?_=2\" \/><a href=\"https:\/\/www.radiopiu.net\/wordpress\/wp-content\/uploads\/2026\/04\/GIORNALEDELLESEI-21.mp3\">https:\/\/www.radiopiu.net\/wordpress\/wp-content\/uploads\/2026\/04\/GIORNALEDELLESEI-21.mp3<\/a><\/audio>\n<p>&nbsp;<\/p>\n<p>&nbsp;<\/p>\n<hr \/>\n<p>&nbsp;<\/p>\n<h1 style=\"text-align: center;\"><span style=\"color: #ff0000;\">I podcast informativi del mattino &#8211; audio &#8211;\u00a0<\/span><\/h1>\n<p><strong>OGNI GIORNO ALLE SETTE DEL MATTINO, LA RASSEGNA STAMPA LOCALE FLASH&#8230; PER CHI VA IN FRETTA. I TITOLI DAI GIORNALI E DAL SITO WWW.RADIOPIU.NET <span style=\"color: #0000ff;\">viene pubblicato alle 7.00<\/span> <span style=\"color: #ff0000;\">DIRETTA RADIO\u00a0 <\/span><\/strong><em><span style=\"color: #ff0000;\">per chi va in fretta&#8230; tante notizie in pochi minuti. L&#8217;informazione locale alla radio, ogni ora dalle 7 del mattino alle 19 della sera.<\/span><\/em><\/p>\n<h1 style=\"text-align: center;\">DALL&#8217;ITALIA<\/h1>\n<div class=\"text-base my-auto mx-auto [--thread-content-margin:--spacing(4)] @w-sm\/main:[--thread-content-margin:--spacing(6)] @w-lg\/main:[--thread-content-margin:--spacing(16)] px-(--thread-content-margin)\">\n<div class=\"[--thread-content-max-width:40rem] @w-lg\/main:[--thread-content-max-width:48rem] mx-auto max-w-(--thread-content-max-width) flex-1 group\/turn-messages focus-visible:outline-hidden relative flex w-full min-w-0 flex-col agent-turn\" tabindex=\"-1\">\n<div class=\"flex max-w-full flex-col grow\">\n<div class=\"min-h-8 text-message relative flex w-full flex-col items-end gap-2 text-start break-words whitespace-normal [.text-message+&amp;]:mt-1\" dir=\"auto\" data-message-author-role=\"assistant\" data-message-id=\"267fcfff-1a0f-4670-9dc4-51b6552dafd9\" data-message-model-slug=\"gpt-5-2\">\n<div class=\"flex w-full flex-col gap-1 empty:hidden first:pt-[1px]\">\n<div class=\"markdown prose dark:prose-invert w-full wrap-break-word dark markdown-new-styling\">\n<section class=\"text-token-text-primary w-full focus:outline-none [--shadow-height:45px] has-data-writing-block:pointer-events-none has-data-writing-block:-mt-(--shadow-height) has-data-writing-block:pt-(--shadow-height) [&amp;:has([data-writing-block])&gt;*]:pointer-events-auto [content-visibility:auto] supports-[content-visibility:auto]:[contain-intrinsic-size:auto_100lvh] R6Vx5W_threadScrollVars scroll-mb-[calc(var(--scroll-root-safe-area-inset-bottom,0px)+var(--thread-response-height))] scroll-mt-[calc(var(--header-height)+min(200px,max(70px,20svh)))]\" dir=\"auto\" data-turn-id=\"request-69e835a5-2840-83eb-a809-48889abdca39-31\" data-testid=\"conversation-turn-168\" data-scroll-anchor=\"false\" data-turn=\"assistant\">\n<div class=\"text-base my-auto mx-auto pb-10 [--thread-content-margin:var(--thread-content-margin-xs,calc(var(--spacing)*4))] @w-sm\/main:[--thread-content-margin:var(--thread-content-margin-sm,calc(var(--spacing)*6))] @w-lg\/main:[--thread-content-margin:var(--thread-content-margin-lg,calc(var(--spacing)*16))] px-(--thread-content-margin)\">\n<div class=\"[--thread-content-max-width:40rem] @w-lg\/main:[--thread-content-max-width:48rem] mx-auto max-w-(--thread-content-max-width) flex-1 group\/turn-messages focus-visible:outline-hidden relative flex w-full min-w-0 flex-col agent-turn\">\n<div class=\"flex max-w-full flex-col gap-4 grow\">\n<div class=\"min-h-8 text-message relative flex w-full flex-col items-end gap-2 text-start break-words whitespace-normal outline-none keyboard-focused:focus-ring [.text-message+&amp;]:mt-1\" dir=\"auto\" tabindex=\"0\" data-message-author-role=\"assistant\" data-message-id=\"d2d5a28b-0550-47c8-9381-f30b99fd6b8c\" data-message-model-slug=\"gpt-5-3\" data-turn-start-message=\"true\">\n<div class=\"flex w-full flex-col gap-1 empty:hidden\">\n<div class=\"markdown prose dark:prose-invert w-full wrap-break-word dark markdown-new-styling\">\n<p data-start=\"46\" data-end=\"320\"><a class=\"dt-pswp-item\" href=\"https:\/\/www.radiopiu.net\/wordpress\/wp-content\/uploads\/2026\/04\/Screenshot-2026-04-29-053622.png\" data-dt-img-description=\"\" data-large_image_width=\"739\" data-large_image_height=\"202\"><img loading=\"lazy\" decoding=\"async\" class=\"aligncenter wp-image-509405 size-full\" src=\"https:\/\/www.radiopiu.net\/wordpress\/wp-content\/uploads\/2026\/04\/Screenshot-2026-04-29-053622.png\" alt=\"\" width=\"739\" height=\"202\" srcset=\"https:\/\/www.radiopiu.net\/wordpress\/wp-content\/uploads\/2026\/04\/Screenshot-2026-04-29-053622.png 739w, https:\/\/www.radiopiu.net\/wordpress\/wp-content\/uploads\/2026\/04\/Screenshot-2026-04-29-053622-300x82.png 300w\" sizes=\"auto, (max-width: 739px) 100vw, 739px\" \/><\/a><\/p>\n<p data-start=\"46\" data-end=\"320\">Cronaca in primo piano con sviluppi su pi\u00f9 fronti giudiziari. <strong>In Sicilia,<\/strong> nel caso dell\u2019uomo ucciso e trovato avvolto in lenzuola nel Catanese, sono state fermate tre persone: tra le ipotesi investigative anche un movente legato a prelievi di denaro dal conto della vittima.<\/p>\n<p data-start=\"322\" data-end=\"521\">Attenzione anche al caso del piccolo Domenico, il bambino di <strong>Bari<\/strong> trapiantato: partono gli accertamenti per rispondere ai quesiti del giudice, mentre proseguono verifiche delicate su responsabilit\u00e0 e procedure.<\/p>\n<p data-start=\"523\" data-end=\"813\">Sul fronte delle inchieste, emergono nuovi elementi nel caso dell\u2019incendio di <strong>Crans-Montana<\/strong>: i video mostrano Jessica Moretti proprieraria del locale tra le prime a fuggire subito dopo le fiamme. Intanto, bufera nel mondo del calcio per presunte irregolarit\u00e0 tra arbitri, con ipotesi di combine ancora tutte da verificare.<\/p>\n<p data-start=\"815\" data-end=\"1081\">Capitolo sociale e giudiziario: uno chef a <strong>Madonna di Campiglio<\/strong> \u00e8 stato condannato per discriminazione dopo aver escluso lavoratori per orientamento politico e sessuale. Niente comunisti, meglio se non propensi alle rivendicazioni sindacali e senza problemi di orientamento sessuale.\u00a0 Questo, nei desiderata del noto chef Paolo Cappuccio, era l&#8217;identikit perfetto della persona che poteva ambire a lavorare nella &#8220;brigata di cuochi&#8221; di un importante hotel di Madonna di Campiglio.<\/p>\n<p data-start=\"815\" data-end=\"1081\">Proseguono inoltre le indagini su un presunto giro di escort, con interrogatori e accuse che parlano di vite distrutte.<\/p>\n<p data-start=\"1083\" data-end=\"1298\"><strong>A Roma<\/strong>, tensione per lo sgombero del centro sociale Laurentino 38, con proteste degli attivisti. Sul fronte istituzionale, la Commissione Orlandi esclude la pista della tratta delle ragazze scomparse negli anni \u201980.<\/p>\n<p data-start=\"1300\" data-end=\"1527\">Infine, emergenze ambientali e sociali: in <strong>Alto Adig<\/strong>e preoccupa il calo delle riserve di neve e il rischio siccit\u00e0, mentre continua il dibattito sulla sanit\u00e0 con la proposta di estendere l\u2019assistenza pediatrica fino ai 18 anni.<\/p>\n<\/div>\n<\/div>\n<\/div>\n<\/div>\n<div class=\"z-0 flex min-h-[46px] justify-start\"><\/div>\n<div class=\"mt-3 w-full empty:hidden\">\n<div class=\"text-center\"><\/div>\n<\/div>\n<\/div>\n<\/div>\n<\/section>\n<div class=\"pointer-events-none -mt-px h-px translate-y-[calc(var(--scroll-root-safe-area-inset-bottom)-14*var(--spacing))]\" aria-hidden=\"true\"><\/div>\n<\/div>\n<\/div>\n<\/div>\n<\/div>\n<\/div>\n<\/div>\n<div class=\"pointer-events-none h-px w-px absolute bottom-0\" aria-hidden=\"true\" data-edge=\"true\"><\/div>\n<p>&nbsp;<\/p>\n<div class=\"flex flex-col text-sm pb-25\">\n<article class=\"text-token-text-primary w-full focus:outline-none [--shadow-height:45px] has-data-writing-block:pointer-events-none has-data-writing-block:-mt-(--shadow-height) has-data-writing-block:pt-(--shadow-height) [&amp;:has([data-writing-block])&gt;*]:pointer-events-auto scroll-mt-[calc(var(--header-height)+min(200px,max(70px,20svh)))]\" dir=\"auto\" tabindex=\"-1\" data-turn-id=\"4725b8e7-448d-49ef-90cd-737bcdd880f6\" data-testid=\"conversation-turn-10\" data-scroll-anchor=\"true\" data-turn=\"assistant\">\n<div class=\"text-base my-auto mx-auto pb-10 [--thread-content-margin:--spacing(4)] @w-sm\/main:[--thread-content-margin:--spacing(6)] @w-lg\/main:[--thread-content-margin:--spacing(16)] px-(--thread-content-margin)\">\n<div class=\"[--thread-content-max-width:40rem] @w-lg\/main:[--thread-content-max-width:48rem] mx-auto max-w-(--thread-content-max-width) flex-1 group\/turn-messages focus-visible:outline-hidden relative flex w-full min-w-0 flex-col agent-turn\" tabindex=\"-1\">\n<hr \/>\n<h1><\/h1>\n<h1 style=\"text-align: center;\">DALLA REGIONE VENETO<\/h1>\n<div class=\"flex flex-col text-sm pb-25\">\n<article class=\"text-token-text-primary w-full focus:outline-none [--shadow-height:45px] has-data-writing-block:pointer-events-none has-data-writing-block:-mt-(--shadow-height) has-data-writing-block:pt-(--shadow-height) [&amp;:has([data-writing-block])&gt;*]:pointer-events-auto scroll-mt-[calc(var(--header-height)+min(200px,max(70px,20svh)))]\" dir=\"auto\" tabindex=\"-1\" data-turn-id=\"request-WEB:395a30ce-c02d-48c6-adac-8c26190c19fc-13\" data-testid=\"conversation-turn-28\" data-scroll-anchor=\"true\" data-turn=\"assistant\">\n<div class=\"text-base my-auto mx-auto pb-10 [--thread-content-margin:--spacing(4)] @w-sm\/main:[--thread-content-margin:--spacing(6)] @w-lg\/main:[--thread-content-margin:--spacing(16)] px-(--thread-content-margin)\">\n<div class=\"[--thread-content-max-width:40rem] @w-lg\/main:[--thread-content-max-width:48rem] mx-auto max-w-(--thread-content-max-width) flex-1 group\/turn-messages focus-visible:outline-hidden relative flex w-full min-w-0 flex-col agent-turn\" tabindex=\"-1\">\n<div class=\"flex max-w-full flex-col grow\">\n<div class=\"min-h-8 text-message relative flex w-full flex-col items-end gap-2 text-start break-words whitespace-normal [.text-message+&amp;]:mt-1\" dir=\"auto\" data-message-author-role=\"assistant\" data-message-id=\"591443fe-dd2a-4daf-aacb-ee3a0ce88286\" data-message-model-slug=\"gpt-5-2\">\n<div class=\"flex w-full flex-col gap-1 empty:hidden first:pt-[1px]\">\n<div class=\"markdown prose dark:prose-invert w-full wrap-break-word dark markdown-new-styling\">\n<div class=\"flex flex-col text-sm pb-25\">\n<article class=\"text-token-text-primary w-full focus:outline-none [--shadow-height:45px] has-data-writing-block:pointer-events-none has-data-writing-block:-mt-(--shadow-height) has-data-writing-block:pt-(--shadow-height) [&amp;:has([data-writing-block])&gt;*]:pointer-events-auto scroll-mt-[calc(var(--header-height)+min(200px,max(70px,20svh)))]\" dir=\"auto\" tabindex=\"-1\" data-turn-id=\"request-WEB:8a5e7093-3d62-4bde-8de5-bd2a8fc79713-22\" data-testid=\"conversation-turn-46\" data-scroll-anchor=\"true\" data-turn=\"assistant\">\n<div class=\"text-base my-auto mx-auto pb-10 [--thread-content-margin:--spacing(4)] @w-sm\/main:[--thread-content-margin:--spacing(6)] @w-lg\/main:[--thread-content-margin:--spacing(16)] px-(--thread-content-margin)\">\n<div class=\"[--thread-content-max-width:40rem] @w-lg\/main:[--thread-content-max-width:48rem] mx-auto max-w-(--thread-content-max-width) flex-1 group\/turn-messages focus-visible:outline-hidden relative flex w-full min-w-0 flex-col agent-turn\" tabindex=\"-1\">\n<div class=\"flex max-w-full flex-col grow\">\n<div class=\"min-h-8 text-message relative flex w-full flex-col items-end gap-2 text-start break-words whitespace-normal [.text-message+&amp;]:mt-1\" dir=\"auto\" data-message-author-role=\"assistant\" data-message-id=\"fd94cd0c-b9c7-45f7-a79b-d93166b5150e\" data-message-model-slug=\"gpt-5-2\">\n<div class=\"flex w-full flex-col gap-1 empty:hidden first:pt-[1px]\">\n<div class=\"markdown prose dark:prose-invert w-full wrap-break-word dark markdown-new-styling\">\n<p data-start=\"0\" data-end=\"260\"><strong data-start=\"0\" data-end=\"48\"><a class=\"dt-pswp-item\" href=\"https:\/\/www.radiopiu.net\/wordpress\/wp-content\/uploads\/2026\/04\/16e25ea6-1222-426d-bbeb-824f01c7dd55.png\" data-dt-img-description=\"\" data-large_image_width=\"1693\" data-large_image_height=\"929\"><img loading=\"lazy\" decoding=\"async\" class=\"aligncenter wp-image-509406 size-large\" src=\"https:\/\/www.radiopiu.net\/wordpress\/wp-content\/uploads\/2026\/04\/16e25ea6-1222-426d-bbeb-824f01c7dd55-1024x562.png\" alt=\"\" width=\"1024\" height=\"562\" srcset=\"https:\/\/www.radiopiu.net\/wordpress\/wp-content\/uploads\/2026\/04\/16e25ea6-1222-426d-bbeb-824f01c7dd55-1024x562.png 1024w, https:\/\/www.radiopiu.net\/wordpress\/wp-content\/uploads\/2026\/04\/16e25ea6-1222-426d-bbeb-824f01c7dd55-300x165.png 300w, https:\/\/www.radiopiu.net\/wordpress\/wp-content\/uploads\/2026\/04\/16e25ea6-1222-426d-bbeb-824f01c7dd55-768x421.png 768w, https:\/\/www.radiopiu.net\/wordpress\/wp-content\/uploads\/2026\/04\/16e25ea6-1222-426d-bbeb-824f01c7dd55-1536x843.png 1536w, https:\/\/www.radiopiu.net\/wordpress\/wp-content\/uploads\/2026\/04\/16e25ea6-1222-426d-bbeb-824f01c7dd55.png 1693w\" sizes=\"auto, (max-width: 1024px) 100vw, 1024px\" \/><\/a><\/strong><\/p>\n<p data-start=\"0\" data-end=\"260\"><strong data-start=\"0\" data-end=\"48\">VENEZIA \u2013 BARCA A FUOCO IN CENTRO, UN FERITO<\/strong><br data-start=\"48\" data-end=\"51\" \/>Incendio su un\u2019imbarcazione nel cuore della citt\u00e0: una persona \u00e8 rimasta ferita e le fiamme hanno coinvolto anche una seconda barca. Immediato l\u2019intervento dei vigili del fuoco per mettere in sicurezza l\u2019area.<\/p>\n<p data-start=\"262\" data-end=\"503\"><strong data-start=\"262\" data-end=\"313\">BURANO \u2013 ARRESTATO PER STALKING ALL\u2019EX COMPAGNA<\/strong><br data-start=\"313\" data-end=\"316\" \/>Un uomo \u00e8 stato arrestato dopo aver continuato a perseguitare l\u2019ex partner nonostante i provvedimenti di allontanamento gi\u00e0 disposti. La donna lo aveva denunciato per ripetute vessazioni.<\/p>\n<p data-start=\"505\" data-end=\"679\"><strong data-start=\"505\" data-end=\"556\">PADOVA \u2013 SPACCIO E RESISTENZA, 22ENNE ARRESTATO<\/strong><br data-start=\"556\" data-end=\"559\" \/>Fermato per droga, ha reagito danneggiando l\u2019auto della polizia e opponendo resistenza: arrestato un giovane di 22 anni.<\/p>\n<p data-start=\"681\" data-end=\"857\"><strong data-start=\"681\" data-end=\"729\">PADOVA \u2013 CASO MINETTI, \u2018MAI CURATO IL BIMBO\u2019<\/strong><br data-start=\"729\" data-end=\"732\" \/>Il primario di neurochirurgia pediatrica smentisce ogni coinvolgimento nel caso: \u201cNessun contatto con il piccolo\u201d, chiarisce.<\/p>\n<p data-start=\"859\" data-end=\"1050\"><strong data-start=\"859\" data-end=\"904\">VERONA \u2013 STRAPPATO IL TRICOLORE DELL\u2019ANPI<\/strong><br data-start=\"904\" data-end=\"907\" \/>Condanna per un gesto definito vile: ignoti hanno rimosso la bandiera dell\u2019associazione partigiani, episodio che riaccende il dibattito civile.<\/p>\n<p data-start=\"1052\" data-end=\"1235\"><strong data-start=\"1052\" data-end=\"1105\">VENEZIA \u2013 IMPIANTI COCLEARI, ECCELLENZA SANITARIA<\/strong><br data-start=\"1105\" data-end=\"1108\" \/>All\u2019ospedale veneziano effettuati nove interventi innovativi, confermando il ruolo di riferimento nazionale nella otochirurgia.<\/p>\n<p data-start=\"1237\" data-end=\"1416\"><strong data-start=\"1237\" data-end=\"1297\">SAN DON\u00c0 DI PIAVE \u2013 TURISMO, 22 INTERPRETI PER LA SANIT\u00c0<\/strong><br data-start=\"1297\" data-end=\"1300\" \/>Formati nuovi operatori linguistici per assistere i turisti sul litorale, migliorando l\u2019accesso ai servizi sanitari.<\/p>\n<p data-start=\"1418\" data-end=\"1580\"><strong data-start=\"1418\" data-end=\"1465\">ROVIGO \u2013 RECORD PER IL GIOVANE LANCIA-RAZZI<\/strong><br data-start=\"1465\" data-end=\"1468\" \/>Il rodigino Tommaso Schiesaro stabilisce un nuovo primato lanciando una sonda fino a 34,5 chilometri di altezza.<\/p>\n<p data-start=\"1582\" data-end=\"1750\"><strong data-start=\"1582\" data-end=\"1633\">PADOVA \u2013 STUDIO SUL MIRTO CONTRO GLI INQUINANTI<\/strong><br data-start=\"1633\" data-end=\"1636\" \/>Ricerca universitaria dimostra come il mirto possa proteggere gli spermatozoi dagli effetti nocivi della plastica.<\/p>\n<p data-start=\"1752\" data-end=\"1919\"><strong data-start=\"1752\" data-end=\"1799\">VERONA \u2013 NASCE UN RARO COCCODRILLO AFRICANO<\/strong><br data-start=\"1799\" data-end=\"1802\" \/>Evento eccezionale al Parco Natura Viva: venuto alla luce un esemplare raro, segnale importante per la conservazione.<\/p>\n<p data-start=\"1921\" data-end=\"2085\" data-is-last-node=\"\" data-is-only-node=\"\"><strong data-start=\"1921\" data-end=\"1969\">VENETO \u2013 VILLE STORICHE CONTRO L\u2019OVERTOURISM<\/strong><br data-start=\"1969\" data-end=\"1972\" \/>Le ville venete si candidano come alternativa al turismo di massa, generando gi\u00e0 un importante impatto economico.<\/p>\n<\/div>\n<\/div>\n<\/div>\n<\/div>\n<\/div>\n<\/div>\n<\/article>\n<\/div>\n<\/div>\n<\/div>\n<\/div>\n<\/div>\n<\/div>\n<\/div>\n<\/article>\n<\/div>\n<p data-start=\"0\" data-end=\"260\">(Servizio di\u00a0<a href=\"https:\/\/antennatre.medianordest.it\/redazione\/Ilaria-Marchiori\/\">Ilaria Marchiori<\/a>) DAL TG DI ANTENNA 3, OGNI SERA ALLE 19 LE ANTICIPAZIONI ALLA RADIO<\/p>\n<p><iframe loading=\"lazy\" title=\"BARCHINO A FUOCO: PAURA A VENEZIA, FERITO IL PROPRIETARIO | 28\/04\/2026\" width=\"1200\" height=\"675\" src=\"https:\/\/www.youtube.com\/embed\/UMVUHwnS-VI?feature=oembed\" frameborder=\"0\" allow=\"accelerometer; autoplay; clipboard-write; encrypted-media; gyroscope; picture-in-picture; web-share\" referrerpolicy=\"strict-origin-when-cross-origin\" allowfullscreen><\/iframe><\/p>\n<p data-start=\"262\" data-end=\"503\">\n<\/div>\n<\/div>\n<\/article>\n<\/div>\n<hr \/>\n<p>&nbsp;<\/p>\n<blockquote>\n<h1><\/h1>\n<h1><a class=\"dt-pswp-item\" href=\"https:\/\/www.radiopiu.net\/wordpress\/wp-content\/uploads\/2026\/04\/mirko-rassegna.png\" data-dt-img-description=\"\" data-large_image_width=\"511\" data-large_image_height=\"287\"><img loading=\"lazy\" decoding=\"async\" class=\"aligncenter wp-image-507211 size-full\" src=\"https:\/\/www.radiopiu.net\/wordpress\/wp-content\/uploads\/2026\/04\/mirko-rassegna.png\" alt=\"\" width=\"511\" height=\"287\" srcset=\"https:\/\/www.radiopiu.net\/wordpress\/wp-content\/uploads\/2026\/04\/mirko-rassegna.png 511w, https:\/\/www.radiopiu.net\/wordpress\/wp-content\/uploads\/2026\/04\/mirko-rassegna-300x168.png 300w\" sizes=\"auto, (max-width: 511px) 100vw, 511px\" \/><\/a><\/h1>\n<\/blockquote>\n<div class=\"flex flex-col text-sm pb-25\">\n<article class=\"text-token-text-primary w-full focus:outline-none [--shadow-height:45px] has-data-writing-block:pointer-events-none has-data-writing-block:-mt-(--shadow-height) has-data-writing-block:pt-(--shadow-height) [&amp;:has([data-writing-block])&gt;*]:pointer-events-auto scroll-mt-[calc(var(--header-height)+min(200px,max(70px,20svh)))]\" dir=\"auto\" tabindex=\"-1\" data-turn-id=\"request-WEB:395a30ce-c02d-48c6-adac-8c26190c19fc-24\" data-testid=\"conversation-turn-50\" data-scroll-anchor=\"true\" data-turn=\"assistant\">\n<div class=\"text-base my-auto mx-auto pb-10 [--thread-content-margin:--spacing(4)] @w-sm\/main:[--thread-content-margin:--spacing(6)] @w-lg\/main:[--thread-content-margin:--spacing(16)] px-(--thread-content-margin)\"><\/div>\n<\/article>\n<\/div>\n<h1 data-start=\"128\" data-end=\"155\">&#x1f4f0; RASSEGNA STAMPA LOCALE, OGNI GIORNO ALLE 7 PER CHI VA DI FRETTA, ALLE 8.05 DA 43 ANNI<\/h1>\n<\/div>\n<\/div>\n<\/div>\n<\/article>\n<\/div>\n<div class=\"flex flex-col text-sm pb-25\">\n<article class=\"text-token-text-primary w-full focus:outline-none [--shadow-height:45px] has-data-writing-block:pointer-events-none has-data-writing-block:-mt-(--shadow-height) has-data-writing-block:pt-(--shadow-height) [&amp;:has([data-writing-block])&gt;*]:pointer-events-auto scroll-mt-[calc(var(--header-height)+min(200px,max(70px,20svh)))]\" dir=\"auto\" tabindex=\"-1\" data-turn-id=\"request-WEB:545a5307-a0c9-41c7-9a5f-bf65aefdb8ec-5\" data-testid=\"conversation-turn-12\" data-scroll-anchor=\"true\" data-turn=\"assistant\">\n<div class=\"text-base my-auto mx-auto pb-10 [--thread-content-margin:--spacing(4)] @w-sm\/main:[--thread-content-margin:--spacing(6)] @w-lg\/main:[--thread-content-margin:--spacing(16)] px-(--thread-content-margin)\">\n<div class=\"[--thread-content-max-width:40rem] @w-lg\/main:[--thread-content-max-width:48rem] mx-auto max-w-(--thread-content-max-width) flex-1 group\/turn-messages focus-visible:outline-hidden relative flex w-full min-w-0 flex-col agent-turn\" tabindex=\"-1\">\n<div class=\"z-0 flex min-h-[46px] justify-start\">\n<div class=\"pointer-events-none h-px w-px absolute bottom-0\" aria-hidden=\"true\" data-edge=\"true\">\n<article class=\"text-token-text-primary w-full focus:outline-none [--shadow-height:45px] has-data-writing-block:pointer-events-none has-data-writing-block:-mt-(--shadow-height) has-data-writing-block:pt-(--shadow-height) [&amp;:has([data-writing-block])&gt;*]:pointer-events-auto scroll-mt-[calc(var(--header-height)+min(200px,max(70px,20svh)))]\" dir=\"auto\" tabindex=\"-1\" data-turn-id=\"request-WEB:395a30ce-c02d-48c6-adac-8c26190c19fc-23\" data-testid=\"conversation-turn-48\" data-scroll-anchor=\"false\" data-turn=\"assistant\">\n<div class=\"text-base my-auto mx-auto [--thread-content-margin:--spacing(4)] @w-sm\/main:[--thread-content-margin:--spacing(6)] @w-lg\/main:[--thread-content-margin:--spacing(16)] px-(--thread-content-margin)\">\n<div class=\"[--thread-content-max-width:40rem] @w-lg\/main:[--thread-content-max-width:48rem] mx-auto max-w-(--thread-content-max-width) flex-1 group\/turn-messages focus-visible:outline-hidden relative flex w-full min-w-0 flex-col agent-turn\" tabindex=\"-1\">\n<div class=\"z-0 flex min-h-[46px] justify-start\">\n<div class=\"pointer-events-none h-px w-px absolute bottom-0\" aria-hidden=\"true\" data-edge=\"true\">\n<article class=\"text-token-text-primary w-full focus:outline-none [--shadow-height:45px] has-data-writing-block:pointer-events-none has-data-writing-block:-mt-(--shadow-height) has-data-writing-block:pt-(--shadow-height) [&amp;:has([data-writing-block])&gt;*]:pointer-events-auto scroll-mt-(--header-height)\" dir=\"auto\" tabindex=\"-1\" data-turn-id=\"be71d048-10d6-4822-b6f8-d8ba31ea41c6\" data-testid=\"conversation-turn-49\" data-scroll-anchor=\"false\" data-turn=\"user\">\n<div class=\"text-base my-auto mx-auto pt-12 [--thread-content-margin:--spacing(4)] @w-sm\/main:[--thread-content-margin:--spacing(6)] @w-lg\/main:[--thread-content-margin:--spacing(16)] px-(--thread-content-margin)\">\n<div class=\"[--thread-content-max-width:40rem] @w-lg\/main:[--thread-content-max-width:48rem] mx-auto max-w-(--thread-content-max-width) flex-1 group\/turn-messages focus-visible:outline-hidden relative flex w-full min-w-0 flex-col\" tabindex=\"-1\">\n<div class=\"flex max-w-full flex-col grow\">\n<div class=\"min-h-8 text-message relative flex w-full flex-col items-end gap-2 text-start break-words whitespace-normal [.text-message+&amp;]:mt-1\" dir=\"auto\" data-message-author-role=\"user\" data-message-id=\"be71d048-10d6-4822-b6f8-d8ba31ea41c6\">\n<div class=\"flex w-full flex-col gap-1 empty:hidden items-end rtl:items-start\">\n<div class=\"user-message-bubble-color corner-superellipse\/1.1 relative rounded-[18px] px-4 py-1.5 data-[multiline]:py-3 max-w-[var(--user-chat-width,70%)]\">\n<p>DI MIRKO MEZZACASA<\/p>\n<audio class=\"wp-audio-shortcode\" id=\"audio-509194-3\" preload=\"none\" style=\"width: 100%;\" controls=\"controls\"><source type=\"audio\/mpeg\" src=\"https:\/\/www.radiopiu.net\/wordpress\/wp-content\/uploads\/2026\/04\/GF07-20.mp3?_=3\" \/><a href=\"https:\/\/www.radiopiu.net\/wordpress\/wp-content\/uploads\/2026\/04\/GF07-20.mp3\">https:\/\/www.radiopiu.net\/wordpress\/wp-content\/uploads\/2026\/04\/GF07-20.mp3<\/a><\/audio>\n<p>&nbsp;<\/p>\n<p>&nbsp;<\/p>\n<p>&nbsp;<\/p>\n<\/div>\n<\/div>\n<\/div>\n<\/div>\n<\/div>\n<\/div>\n<\/article>\n<\/div>\n<div class=\"flex flex-col text-sm pb-25\">\n<article class=\"text-token-text-primary w-full focus:outline-none [--shadow-height:45px] has-data-writing-block:pointer-events-none has-data-writing-block:-mt-(--shadow-height) has-data-writing-block:pt-(--shadow-height) [&amp;:has([data-writing-block])&gt;*]:pointer-events-auto scroll-mt-[calc(var(--header-height)+min(200px,max(70px,20svh)))]\" dir=\"auto\" tabindex=\"-1\" data-turn-id=\"6396bcad-d60e-4a56-bb34-35612dfbda6f\" data-testid=\"conversation-turn-128\" data-scroll-anchor=\"true\" data-turn=\"assistant\">\n<div class=\"text-base my-auto mx-auto pb-10 [--thread-content-margin:--spacing(4)] @w-sm\/main:[--thread-content-margin:--spacing(6)] @w-lg\/main:[--thread-content-margin:--spacing(16)] px-(--thread-content-margin)\">\n<div class=\"[--thread-content-max-width:40rem] @w-lg\/main:[--thread-content-max-width:48rem] mx-auto max-w-(--thread-content-max-width) flex-1 group\/turn-messages focus-visible:outline-hidden relative flex w-full min-w-0 flex-col agent-turn\" tabindex=\"-1\">\n<div class=\"flex max-w-full flex-col grow\">\n<div class=\"min-h-8 text-message relative flex w-full flex-col items-end gap-2 text-start break-words whitespace-normal [.text-message+&amp;]:mt-1\" dir=\"auto\" data-message-author-role=\"assistant\" data-message-id=\"e1f3858c-d840-4462-97ca-2f881886e23b\" data-message-model-slug=\"gpt-5-2\">\n<div class=\"flex w-full flex-col gap-1 empty:hidden first:pt-[1px]\">\n<div class=\"markdown prose dark:prose-invert w-full wrap-break-word dark markdown-new-styling\">\n<div class=\"flex h-svh w-screen flex-col\">\n<div class=\"relative z-0 flex min-h-0 w-full flex-1\">\n<div class=\"relative flex min-h-0 w-full flex-1\">\n<div class=\"@container\/main relative flex min-w-0 flex-1 flex-col -translate-y-[calc(env(safe-area-inset-bottom,0px)\/2)] pt-[calc(env(safe-area-inset-bottom,0px)\/2)]\">\n<div class=\"@w-sm\/main:[scrollbar-gutter:stable_both-edges] touch:[scrollbar-width:none] relative flex min-h-0 min-w-0 flex-1 flex-col [scrollbar-gutter:stable] not-print:overflow-x-clip not-print:overflow-y-auto scroll-pt-(--header-height) [--sticky-padding-top:var(--header-height)] has-data-[fixed-header=less-than-xl]:@w-xl\/main:scroll-pt-0 has-data-[fixed-header=less-than-xl]:@w-xl\/main:[--sticky-padding-top:0px] has-data-[fixed-header=less-than-xxl]:@w-2xl\/main:scroll-pt-0 has-data-[fixed-header=less-than-xxl]:@w-2xl\/main:[--sticky-padding-top:0px]\" data-scroll-root=\"\">\n<div id=\"thread\" class=\"group\/thread flex flex-col min-h-full\">\n<div class=\"composer-parent flex flex-1 flex-col focus-visible:outline-0\" role=\"presentation\">\n<div class=\"relative basis-auto flex-col -mb-(--composer-overlap-px) [--composer-overlap-px:28px] grow flex\">\n<div class=\"flex flex-col text-sm pb-25\">\n<article class=\"text-token-text-primary w-full focus:outline-none [--shadow-height:45px] has-data-writing-block:pointer-events-none has-data-writing-block:-mt-(--shadow-height) has-data-writing-block:pt-(--shadow-height) [&amp;:has([data-writing-block])&gt;*]:pointer-events-auto scroll-mt-[calc(var(--header-height)+min(200px,max(70px,20svh)))]\" dir=\"auto\" tabindex=\"-1\" data-turn-id=\"aa5cda40-ad08-42ce-bf30-0508940a0d23\" data-testid=\"conversation-turn-62\" data-scroll-anchor=\"true\" data-turn=\"assistant\">\n<div class=\"text-base my-auto mx-auto pb-10 [--thread-content-margin:--spacing(4)] @w-sm\/main:[--thread-content-margin:--spacing(6)] @w-lg\/main:[--thread-content-margin:--spacing(16)] px-(--thread-content-margin)\">\n<div class=\"[--thread-content-max-width:40rem] @w-lg\/main:[--thread-content-max-width:48rem] mx-auto max-w-(--thread-content-max-width) flex-1 group\/turn-messages focus-visible:outline-hidden relative flex w-full min-w-0 flex-col agent-turn\" tabindex=\"-1\">\n<div class=\"flex max-w-full flex-col grow\">\n<div class=\"min-h-8 text-message relative flex w-full flex-col items-end gap-2 text-start break-words whitespace-normal [.text-message+&amp;]:mt-1\" dir=\"auto\" data-message-author-role=\"assistant\" data-message-id=\"d4146dd0-662c-4cdd-bbea-6d96efca9319\" data-message-model-slug=\"gpt-5-2\">\n<div class=\"flex w-full flex-col gap-1 empty:hidden first:pt-[1px]\">\n<div class=\"markdown prose dark:prose-invert w-full wrap-break-word dark markdown-new-styling\">\n<div class=\"relative basis-auto flex-col -mb-(--composer-overlap-px) [--composer-overlap-px:28px] grow flex\">\n<div class=\"flex flex-col text-sm pb-25\">\n<article class=\"text-token-text-primary w-full focus:outline-none [--shadow-height:45px] has-data-writing-block:pointer-events-none has-data-writing-block:-mt-(--shadow-height) has-data-writing-block:pt-(--shadow-height) [&amp;:has([data-writing-block])&gt;*]:pointer-events-auto scroll-mt-[calc(var(--header-height)+min(200px,max(70px,20svh)))]\" dir=\"auto\" tabindex=\"-1\" data-turn-id=\"81350bf5-52fb-42ef-83ef-88b4111dbe54\" data-testid=\"conversation-turn-28\" data-scroll-anchor=\"true\" data-turn=\"assistant\">\n<div class=\"text-base my-auto mx-auto pb-10 [--thread-content-margin:--spacing(4)] @w-sm\/main:[--thread-content-margin:--spacing(6)] @w-lg\/main:[--thread-content-margin:--spacing(16)] px-(--thread-content-margin)\">\n<div class=\"[--thread-content-max-width:40rem] @w-lg\/main:[--thread-content-max-width:48rem] mx-auto max-w-(--thread-content-max-width) flex-1 group\/turn-messages focus-visible:outline-hidden relative flex w-full min-w-0 flex-col agent-turn\" tabindex=\"-1\">\n<div class=\"flex max-w-full flex-col grow\">\n<div class=\"min-h-8 text-message relative flex w-full flex-col items-end gap-2 text-start break-words whitespace-normal [.text-message+&amp;]:mt-1\" dir=\"auto\" data-message-author-role=\"assistant\" data-message-id=\"199cbd49-05ce-45fd-b525-d3c7639e2a69\" data-message-model-slug=\"gpt-5-2\">\n<div class=\"flex w-full flex-col gap-1 empty:hidden first:pt-[1px]\">\n<div class=\"markdown prose dark:prose-invert w-full wrap-break-word dark markdown-new-styling\">\n<div class=\"flex flex-col text-sm pb-25\">\n<article class=\"text-token-text-primary w-full focus:outline-none [--shadow-height:45px] has-data-writing-block:pointer-events-none has-data-writing-block:-mt-(--shadow-height) has-data-writing-block:pt-(--shadow-height) [&amp;:has([data-writing-block])&gt;*]:pointer-events-auto scroll-mt-[calc(var(--header-height)+min(200px,max(70px,20svh)))]\" dir=\"auto\" tabindex=\"-1\" data-turn-id=\"78c97f80-bdc6-43b1-a375-f3de13fb174c\" data-testid=\"conversation-turn-34\" data-scroll-anchor=\"true\" data-turn=\"assistant\">\n<div class=\"text-base my-auto mx-auto pb-10 [--thread-content-margin:--spacing(4)] @w-sm\/main:[--thread-content-margin:--spacing(6)] @w-lg\/main:[--thread-content-margin:--spacing(16)] px-(--thread-content-margin)\">\n<div class=\"[--thread-content-max-width:40rem] @w-lg\/main:[--thread-content-max-width:48rem] mx-auto max-w-(--thread-content-max-width) flex-1 group\/turn-messages focus-visible:outline-hidden relative flex w-full min-w-0 flex-col agent-turn\" tabindex=\"-1\">\n<div class=\"flex max-w-full flex-col grow\">\n<div class=\"min-h-8 text-message relative flex w-full flex-col items-end gap-2 text-start break-words whitespace-normal [.text-message+&amp;]:mt-1\" dir=\"auto\" data-message-author-role=\"assistant\" data-message-id=\"3bb62ed5-4654-4deb-83da-f5b920ca13b7\" data-message-model-slug=\"gpt-5-2\">\n<div class=\"flex w-full flex-col gap-1 empty:hidden first:pt-[1px]\">\n<div class=\"markdown prose dark:prose-invert w-full wrap-break-word dark markdown-new-styling\">\n<div class=\"flex flex-col text-sm pb-25\">\n<article class=\"text-token-text-primary w-full focus:outline-none [--shadow-height:45px] has-data-writing-block:pointer-events-none has-data-writing-block:-mt-(--shadow-height) has-data-writing-block:pt-(--shadow-height) [&amp;:has([data-writing-block])&gt;*]:pointer-events-auto scroll-mt-[calc(var(--header-height)+min(200px,max(70px,20svh)))]\" dir=\"auto\" tabindex=\"-1\" data-turn-id=\"1c73cbbe-8723-4066-99eb-75301fa1d490\" data-testid=\"conversation-turn-122\" data-scroll-anchor=\"true\" data-turn=\"assistant\">\n<div class=\"text-base my-auto mx-auto pb-10 [--thread-content-margin:--spacing(4)] @w-sm\/main:[--thread-content-margin:--spacing(6)] @w-lg\/main:[--thread-content-margin:--spacing(16)] px-(--thread-content-margin)\">\n<div class=\"[--thread-content-max-width:40rem] @w-lg\/main:[--thread-content-max-width:48rem] mx-auto max-w-(--thread-content-max-width) flex-1 group\/turn-messages focus-visible:outline-hidden relative flex w-full min-w-0 flex-col agent-turn\" tabindex=\"-1\">\n<div class=\"z-0 flex min-h-[46px] justify-start\"><\/div>\n<\/div>\n<\/div>\n<\/article>\n<\/div>\n<\/div>\n<\/div>\n<\/div>\n<\/div>\n<\/div>\n<\/div>\n<\/article>\n<\/div>\n<\/div>\n<\/div>\n<\/div>\n<\/div>\n<\/div>\n<\/div>\n<\/article>\n<\/div>\n<\/div>\n<\/div>\n<\/div>\n<\/div>\n<\/div>\n<\/div>\n<\/div>\n<\/article>\n<\/div>\n<\/div>\n<\/div>\n<\/div>\n<\/div>\n<\/div>\n<\/div>\n<\/div>\n<\/div>\n<\/div>\n<\/div>\n<\/div>\n<\/div>\n<\/div>\n<\/div>\n<\/article>\n<\/div>\n<\/div>\n<\/div>\n<\/div>\n<\/article>\n<\/div>\n<hr \/>\n<p>&nbsp;<\/p>\n<h1 style=\"text-align: center;\">ALLE 19 OGNI SERA SU RADIOPIU&#8230; TIZIANA BOLOGNANI, FABIO FIORAVANZI, STEFANO BOZZI: LE ANTICIPAZIONI DAL TELEGIORNALE DI ANTENNA 3<\/h1>\n<div class=\"flex flex-col text-sm pb-25\">\n<article class=\"text-token-text-primary w-full focus:outline-none [--shadow-height:45px] has-data-writing-block:pointer-events-none has-data-writing-block:-mt-(--shadow-height) has-data-writing-block:pt-(--shadow-height) [&amp;:has([data-writing-block])&gt;*]:pointer-events-auto scroll-mt-[calc(var(--header-height)+min(200px,max(70px,20svh)))]\" dir=\"auto\" tabindex=\"-1\" data-turn-id=\"request-WEB:545a5307-a0c9-41c7-9a5f-bf65aefdb8ec-5\" data-testid=\"conversation-turn-12\" data-scroll-anchor=\"true\" data-turn=\"assistant\">\n<div class=\"text-base my-auto mx-auto pb-10 [--thread-content-margin:--spacing(4)] @w-sm\/main:[--thread-content-margin:--spacing(6)] @w-lg\/main:[--thread-content-margin:--spacing(16)] px-(--thread-content-margin)\">\n<div class=\"[--thread-content-max-width:40rem] @w-lg\/main:[--thread-content-max-width:48rem] mx-auto max-w-(--thread-content-max-width) flex-1 group\/turn-messages focus-visible:outline-hidden relative flex w-full min-w-0 flex-col agent-turn\" tabindex=\"-1\">\n<div class=\"z-0 flex min-h-[46px] justify-start\">\n<p><a class=\"dt-pswp-item\" href=\"https:\/\/www.radiopiu.net\/wordpress\/wp-content\/uploads\/2026\/03\/Screenshot-2026-03-26-045908.png\" data-dt-img-description=\"\" data-large_image_width=\"194\" data-large_image_height=\"236\"><img loading=\"lazy\" decoding=\"async\" class=\"aligncenter size-full wp-image-503855\" src=\"https:\/\/www.radiopiu.net\/wordpress\/wp-content\/uploads\/2026\/03\/Screenshot-2026-03-26-045908.png\" alt=\"\" width=\"194\" height=\"236\" \/><\/a>ogni sera alle 19 le anticipazioni alla radio, quello che poi seguirete nel TELEGIORNALE BELLUNESE\u00a0 in onda alle 19.30 sul CANALE 10 del digitale terrestre.<\/p>\n<blockquote>\n<h2>ANTICIPAZIONI,\u00a0 DI\u00a0 \u00a0TIZIANA BOLOGNANI<\/h2>\n<audio class=\"wp-audio-shortcode\" id=\"audio-509194-4\" preload=\"none\" style=\"width: 100%;\" controls=\"controls\"><source type=\"audio\/mpeg\" src=\"https:\/\/www.radiopiu.net\/wordpress\/wp-content\/uploads\/2026\/04\/ANTENNA3-19.mp3?_=4\" \/><a href=\"https:\/\/www.radiopiu.net\/wordpress\/wp-content\/uploads\/2026\/04\/ANTENNA3-19.mp3\">https:\/\/www.radiopiu.net\/wordpress\/wp-content\/uploads\/2026\/04\/ANTENNA3-19.mp3<\/a><\/audio><\/blockquote>\n<\/div>\n<\/div>\n<\/div>\n<\/article>\n<\/div>\n<p>&nbsp;<\/p>\n<\/div>\n<\/div>\n<\/div>\n<\/article>\n<\/div>\n<div class=\"flex flex-col text-sm pb-25\">\n<article class=\"text-token-text-primary w-full focus:outline-none [--shadow-height:45px] has-data-writing-block:pointer-events-none has-data-writing-block:-mt-(--shadow-height) has-data-writing-block:pt-(--shadow-height) [&amp;:has([data-writing-block])&gt;*]:pointer-events-auto scroll-mt-[calc(var(--header-height)+min(200px,max(70px,20svh)))]\" dir=\"auto\" tabindex=\"-1\" data-turn-id=\"request-WEB:545a5307-a0c9-41c7-9a5f-bf65aefdb8ec-5\" data-testid=\"conversation-turn-12\" data-scroll-anchor=\"true\" data-turn=\"assistant\">\n<div class=\"text-base my-auto mx-auto pb-10 [--thread-content-margin:--spacing(4)] @w-sm\/main:[--thread-content-margin:--spacing(6)] @w-lg\/main:[--thread-content-margin:--spacing(16)] px-(--thread-content-margin)\">\n<div class=\"[--thread-content-max-width:40rem] @w-lg\/main:[--thread-content-max-width:48rem] mx-auto max-w-(--thread-content-max-width) flex-1 group\/turn-messages focus-visible:outline-hidden relative flex w-full min-w-0 flex-col agent-turn\" tabindex=\"-1\">\n<div class=\"z-0 flex min-h-[46px] justify-start\">\n<p>&nbsp;<\/p>\n<p>&nbsp;<\/p>\n<hr \/>\n<p>&nbsp;<\/p>\n<h1><span style=\"color: #ff0000;\"><a class=\"dt-pswp-item\" href=\"https:\/\/www.radiopiu.net\/wordpress\/wp-content\/uploads\/2024\/11\/8.jpg\" data-dt-img-description=\"\" data-large_image_width=\"180\" data-large_image_height=\"180\"><img loading=\"lazy\" decoding=\"async\" class=\"size-full wp-image-417910 aligncenter\" src=\"https:\/\/www.radiopiu.net\/wordpress\/wp-content\/uploads\/2024\/11\/8.jpg\" alt=\"\" width=\"180\" height=\"180\" srcset=\"https:\/\/www.radiopiu.net\/wordpress\/wp-content\/uploads\/2024\/11\/8.jpg 180w, https:\/\/www.radiopiu.net\/wordpress\/wp-content\/uploads\/2024\/11\/8-150x150.jpg 150w\" sizes=\"auto, (max-width: 180px) 100vw, 180px\" \/><\/a><\/span><\/h1>\n<h1><span style=\"color: #ff0000;\">I podcast informativi del mattino &#8211; video &#8211;\u00a0<\/span><\/h1>\n<h2 style=\"text-align: left;\"><strong>RASSEGNA STAMPA LOCALE, ORE OTTO<\/strong><\/h2>\n<h2><strong><span style=\"color: #0000ff;\">viene\u00a0 <\/span><\/strong><strong><span style=\"color: #0000ff;\">pubblicata alle 8.05 <span style=\"color: #ff0000;\">DIRETTA RADIO\u00a0 \u00a0<\/span><\/span><\/strong><strong>DI MIRKO MEZZACASA<\/strong><\/h2>\n<h1><span style=\"color: #ff0000;\"><strong>VIDEO\u00a0 \u00a0in diretta AGGIORNAMENTO\u00a0 dalle 8 del mattino<\/strong><\/span><\/h1>\n\n\t\t\t<style type='text\/css'>\n\t\t\t\t#gallery-1 {\n\t\t\t\t\tmargin: auto;\n\t\t\t\t}\n\t\t\t\t#gallery-1 .gallery-item {\n\t\t\t\t\tfloat: left;\n\t\t\t\t\tmargin-top: 10px;\n\t\t\t\t\ttext-align: center;\n\t\t\t\t\twidth: 33%;\n\t\t\t\t}\n\t\t\t\t#gallery-1 img {\n\t\t\t\t\tborder: 2px solid #cfcfcf;\n\t\t\t\t}\n\t\t\t\t#gallery-1 .gallery-caption {\n\t\t\t\t\tmargin-left: 0;\n\t\t\t\t}\n\t\t\t\t\/* see gallery_shortcode() in wp-includes\/media.php *\/\n\t\t\t<\/style>\n\t\t<div id='gallery-1' class='dt-gallery-container gallery galleryid-509194 gallery-columns-3 gallery-size-medium'><dl class='gallery-item'>\n\t\t\t\t<dt class='gallery-icon landscape'>\n\t\t\t\t\t<a class=\"rollover rollover-zoom dt-pswp-item\" title=\"Screenshot 2026-04-29 045450\" data-dt-img-description=\"\" data-large_image_width=\"583\" data-large_image_height=\"288\"href='https:\/\/www.radiopiu.net\/wordpress\/wp-content\/uploads\/2026\/04\/Screenshot-2026-04-29-045450.png'><img loading=\"lazy\" decoding=\"async\" width=\"300\" height=\"148\" src=\"https:\/\/www.radiopiu.net\/wordpress\/wp-content\/uploads\/2026\/04\/Screenshot-2026-04-29-045450-300x148.png\" class=\"attachment-medium size-medium\" alt=\"\" srcset=\"https:\/\/www.radiopiu.net\/wordpress\/wp-content\/uploads\/2026\/04\/Screenshot-2026-04-29-045450-300x148.png 300w, https:\/\/www.radiopiu.net\/wordpress\/wp-content\/uploads\/2026\/04\/Screenshot-2026-04-29-045450.png 583w\" sizes=\"auto, (max-width: 300px) 100vw, 300px\" \/><\/a>\n\t\t\t\t<\/dt><\/dl><dl class='gallery-item'>\n\t\t\t\t<dt class='gallery-icon landscape'>\n\t\t\t\t\t<a class=\"rollover rollover-zoom dt-pswp-item\" title=\"Screenshot 2026-04-29 045558\" data-dt-img-description=\"\" data-large_image_width=\"580\" data-large_image_height=\"284\"href='https:\/\/www.radiopiu.net\/wordpress\/wp-content\/uploads\/2026\/04\/Screenshot-2026-04-29-045558.png'><img loading=\"lazy\" decoding=\"async\" width=\"300\" height=\"147\" src=\"https:\/\/www.radiopiu.net\/wordpress\/wp-content\/uploads\/2026\/04\/Screenshot-2026-04-29-045558-300x147.png\" class=\"attachment-medium size-medium\" alt=\"\" srcset=\"https:\/\/www.radiopiu.net\/wordpress\/wp-content\/uploads\/2026\/04\/Screenshot-2026-04-29-045558-300x147.png 300w, https:\/\/www.radiopiu.net\/wordpress\/wp-content\/uploads\/2026\/04\/Screenshot-2026-04-29-045558.png 580w\" sizes=\"auto, (max-width: 300px) 100vw, 300px\" \/><\/a>\n\t\t\t\t<\/dt><\/dl><dl class='gallery-item'>\n\t\t\t\t<dt class='gallery-icon landscape'>\n\t\t\t\t\t<a class=\"rollover rollover-zoom dt-pswp-item\" title=\"Screenshot 2026-04-29 051105\" data-dt-img-description=\"\" data-large_image_width=\"591\" data-large_image_height=\"256\"href='https:\/\/www.radiopiu.net\/wordpress\/wp-content\/uploads\/2026\/04\/Screenshot-2026-04-29-051105.png'><img loading=\"lazy\" decoding=\"async\" width=\"300\" height=\"130\" src=\"https:\/\/www.radiopiu.net\/wordpress\/wp-content\/uploads\/2026\/04\/Screenshot-2026-04-29-051105-300x130.png\" class=\"attachment-medium size-medium\" alt=\"\" srcset=\"https:\/\/www.radiopiu.net\/wordpress\/wp-content\/uploads\/2026\/04\/Screenshot-2026-04-29-051105-300x130.png 300w, https:\/\/www.radiopiu.net\/wordpress\/wp-content\/uploads\/2026\/04\/Screenshot-2026-04-29-051105.png 591w\" sizes=\"auto, (max-width: 300px) 100vw, 300px\" \/><\/a>\n\t\t\t\t<\/dt><\/dl><br style=\"clear: both\" \/>\n\t\t\t<\/div>\n\n<\/div>\n<\/div>\n<\/div>\n<\/article>\n<\/div>\n<p><iframe loading=\"lazy\" title=\"DAL 1983 LA RASSEGNA STAMPA LOCALE di mirko mezzacasa. L&#039;ORIGINALE\" width=\"1200\" height=\"675\" src=\"https:\/\/www.youtube.com\/embed\/511ZnKBiSno?feature=oembed\" frameborder=\"0\" allow=\"accelerometer; autoplay; clipboard-write; encrypted-media; gyroscope; picture-in-picture; web-share\" referrerpolicy=\"strict-origin-when-cross-origin\" allowfullscreen><\/iframe><\/p>\n<p>&nbsp;<\/p>\n<hr \/>\n<p>&nbsp;<\/p>\n<blockquote>\n<h3 style=\"text-align: center;\">ACQUA NON POTABILE A CENCENIGHE IN LOCALITA PRA&#8217; DI MEZZO<\/h3>\n<\/blockquote>\n<p><strong><a class=\"dt-pswp-item\" href=\"https:\/\/www.radiopiu.net\/wordpress\/wp-content\/uploads\/2021\/09\/BICCHIERE-ACQUA.jpg\" data-dt-img-description=\"\" data-large_image_width=\"1920\" data-large_image_height=\"1280\"><img loading=\"lazy\" decoding=\"async\" class=\"aligncenter size-medium wp-image-234651\" src=\"https:\/\/www.radiopiu.net\/wordpress\/wp-content\/uploads\/2021\/09\/BICCHIERE-ACQUA-300x200.jpg\" alt=\"\" width=\"300\" height=\"200\" srcset=\"https:\/\/www.radiopiu.net\/wordpress\/wp-content\/uploads\/2021\/09\/BICCHIERE-ACQUA-300x200.jpg 300w, https:\/\/www.radiopiu.net\/wordpress\/wp-content\/uploads\/2021\/09\/BICCHIERE-ACQUA-1024x683.jpg 1024w, https:\/\/www.radiopiu.net\/wordpress\/wp-content\/uploads\/2021\/09\/BICCHIERE-ACQUA-768x512.jpg 768w, https:\/\/www.radiopiu.net\/wordpress\/wp-content\/uploads\/2021\/09\/BICCHIERE-ACQUA-1536x1024.jpg 1536w, https:\/\/www.radiopiu.net\/wordpress\/wp-content\/uploads\/2021\/09\/BICCHIERE-ACQUA.jpg 1920w\" sizes=\"auto, (max-width: 300px) 100vw, 300px\" \/><\/a>\u00a0<\/strong><\/p>\n<p><strong>CENCENIGHE <\/strong>Servizi Integrati Bellunesi (SIB) ha emesso un avviso di allerta per la frazione di Pra&#8217; di Mezzo. A causa di alcune non conformit\u00e0, l&#8217;acqua erogata dall&#8217;acquedotto locale \u00e8 stata dichiarata non potabile. I cittadini sono invitati a utilizzare l&#8217;acqua per scopi alimentari esclusivamente previa bollitura. Per limitare il disagio, SIB ha gi\u00e0 predisposto un servizio sostitutivo tramite cisterna, posizionata direttamente nella localit\u00e0 interessata. L&#8217;ente gestore assicura di aver gi\u00e0 avviato le operazioni di pulizia e disinfezione dei serbatoi e della rete idrica. Il ripristino della potabilit\u00e0 verr\u00e0 comunicato tempestivamente al termine degli interventi tecnici.<\/p>\n<p>&nbsp;<\/p>\n<p>&nbsp;<\/p>\n<hr \/>\n<p>&nbsp;<\/p>\n<blockquote>\n<h3 style=\"text-align: center;\">PEDOPORNOGRAFIA: ARRESTATO UN SETTANTENNE BELLUNESE<\/h3>\n<\/blockquote>\n<p><strong><em data-start=\"62\" data-end=\"130\"><a class=\"dt-pswp-item\" href=\"https:\/\/www.radiopiu.net\/wordpress\/wp-content\/uploads\/2020\/01\/postale-10.jpg\" data-dt-img-description=\"\" data-large_image_width=\"720\" data-large_image_height=\"405\"><img loading=\"lazy\" decoding=\"async\" class=\"aligncenter size-medium wp-image-114649\" src=\"https:\/\/www.radiopiu.net\/wordpress\/wp-content\/uploads\/2020\/01\/postale-10-300x169.jpg\" alt=\"\" width=\"300\" height=\"169\" srcset=\"https:\/\/www.radiopiu.net\/wordpress\/wp-content\/uploads\/2020\/01\/postale-10-300x169.jpg 300w, https:\/\/www.radiopiu.net\/wordpress\/wp-content\/uploads\/2020\/01\/postale-10.jpg 720w\" sizes=\"auto, (max-width: 300px) 100vw, 300px\" \/><\/a><\/em>\u00a0<\/strong><\/p>\n<p><strong>REDAZIONE<\/strong> <em data-start=\"62\" data-end=\"130\">Indagine nazionale della Polizia con perquisizioni in tutta Italia.\u00a0 <\/em>Tre arresti, sei denunce e nove perquisizioni domiciliari: \u00e8 il bilancio di una vasta operazione della Polizia contro la diffusione di materiale pedopornografico online. In manette un 70enne in provincia di Belluno, un 63enne nel Mantovano e un 28enne nel Comasco, trovati in possesso di migliaia di file illegali. Altre sei persone, tra i 30 e i 70 anni, sono state denunciate. L\u2019indagine, avviata nel 2024 dal Centro nazionale per il contrasto alla pedopornografia online, \u00e8 stata condotta anche sotto copertura e con il supporto dell\u2019Fbi. Monitorati canali internazionali di diffusione, anche con contenuti generati tramite intelligenza artificiale. Operazione coordinata dalla Procura di Roma, con 50 agenti impegnati in nove citt\u00e0 italiane.<\/p>\n<div class=\"relative basis-auto flex-col -mb-(--composer-overlap-px) pb-(--composer-overlap-px) [--composer-overlap-px:28px] grow flex\">\n<div class=\"flex flex-col text-sm\">\n<section class=\"text-token-text-primary w-full focus:outline-none [--shadow-height:45px] has-data-writing-block:pointer-events-none has-data-writing-block:-mt-(--shadow-height) has-data-writing-block:pt-(--shadow-height) [&amp;:has([data-writing-block])&gt;*]:pointer-events-auto [content-visibility:auto] supports-[content-visibility:auto]:[contain-intrinsic-size:auto_100lvh] R6Vx5W_threadScrollVars scroll-mb-[calc(var(--scroll-root-safe-area-inset-bottom,0px)+var(--thread-response-height))] scroll-mt-[calc(var(--header-height)+min(200px,max(70px,20svh)))]\" dir=\"auto\" data-turn-id=\"request-69e835a5-2840-83eb-a809-48889abdca39-22\" data-testid=\"conversation-turn-150\" data-scroll-anchor=\"false\" data-turn=\"assistant\">\n<div class=\"text-base my-auto mx-auto pb-10 [--thread-content-margin:var(--thread-content-margin-xs,calc(var(--spacing)*4))] @w-sm\/main:[--thread-content-margin:var(--thread-content-margin-sm,calc(var(--spacing)*6))] @w-lg\/main:[--thread-content-margin:var(--thread-content-margin-lg,calc(var(--spacing)*16))] px-(--thread-content-margin)\">\n<div class=\"[--thread-content-max-width:40rem] @w-lg\/main:[--thread-content-max-width:48rem] mx-auto max-w-(--thread-content-max-width) flex-1 group\/turn-messages focus-visible:outline-hidden relative flex w-full min-w-0 flex-col agent-turn\">\n<div class=\"flex max-w-full flex-col gap-4 grow\">\n<div class=\"min-h-8 text-message relative flex w-full flex-col items-end gap-2 text-start break-words whitespace-normal outline-none keyboard-focused:focus-ring [.text-message+&amp;]:mt-1\" dir=\"auto\" tabindex=\"0\" data-message-author-role=\"assistant\" data-message-id=\"d98bb62e-91bd-4b3a-947d-fe1188421721\" data-message-model-slug=\"gpt-5-3\" data-turn-start-message=\"true\">\n<div class=\"flex w-full flex-col gap-1 empty:hidden\">\n<div class=\"markdown prose dark:prose-invert w-full wrap-break-word dark markdown-new-styling\">\n<p data-start=\"62\" data-end=\"130\"><strong>DAL GIORNALE RADIO NAZIONALE, EDIZIONE DELLE 10.00<\/strong><\/p>\n<\/div>\n<\/div>\n<\/div>\n<\/div>\n<\/div>\n<\/div>\n<\/section>\n<\/div>\n<\/div>\n<div id=\"thread-bottom-container\" class=\"sticky bottom-0 z-10 group\/thread-bottom-container relative isolate w-full basis-auto has-data-has-thread-error:pt-2 has-data-has-thread-error:[box-shadow:var(--sharp-edge-bottom-shadow)] md:border-transparent md:pt-0 dark:border-white\/20 md:dark:border-transparent print:hidden content-fade single-line flex flex-col\">\n<div id=\"thread-bottom\">\n<div class=\"text-base mx-auto [--thread-content-margin:var(--thread-content-margin-xs,calc(var(--spacing)*4))] @w-sm\/main:[--thread-content-margin:var(--thread-content-margin-sm,calc(var(--spacing)*6))] @w-lg\/main:[--thread-content-margin:var(--thread-content-margin-lg,calc(var(--spacing)*16))] px-(--thread-content-margin)\">\n<div class=\"[--thread-content-max-width:40rem] @w-lg\/main:[--thread-content-max-width:48rem] mx-auto max-w-(--thread-content-max-width) flex-1 mb-[var(--thread-component-gap,1rem)]\">\n<div class=\"pointer-events-auto relative z-1 flex h-(--composer-container-height,100%) max-w-full flex-(--composer-container-flex,1) flex-col\">\n<form class=\"group\/composer w-full\" data-type=\"unified-composer\">\n<div class=\"\">\n<div class=\"bg-token-bg-primary dark:bg-token-bg-elevated-primary dark-oled:bg-token-bg-primary corner-superellipse\/1.1 cursor-text overflow-clip bg-clip-padding p-2.5 contain-inline-size motion-safe:transition-colors motion-safe:duration-200 motion-safe:ease-in-out grid grid-cols-[auto_1fr_auto] [grid-template-areas:'header_header_header'_'leading_primary_trailing'_'._footer_.'] group-data-expanded\/composer:[grid-template-areas:'header_header_header'_'primary_primary_primary'_'leading_footer_trailing'] shadow-short-composer\" data-composer-surface=\"true\">\n<div class=\"-my-2.5 flex min-h-14 items-center overflow-x-hidden px-1.5 [grid-area:primary] group-data-expanded\/composer:mb-0 group-data-expanded\/composer:px-2.5\">\n<div class=\"wcDTda_prosemirror-parent text-token-text-primary max-h-[max(30svh,5rem)] max-h-52 min-h-[var(--deep-research-composer-extra-height,unset)] flex-1 overflow-auto [scrollbar-width:thin] default-browser vertical-scroll-fade-mask\">\n<div id=\"prompt-textarea\" class=\"ProseMirror\" role=\"textbox\" contenteditable=\"true\" translate=\"no\" data-virtualkeyboard=\"true\" aria-multiline=\"true\" aria-label=\"Chatta con ChatGPT\">\n<audio class=\"wp-audio-shortcode\" id=\"audio-509194-5\" preload=\"none\" style=\"width: 100%;\" controls=\"controls\"><source type=\"audio\/mpeg\" src=\"https:\/\/www.radiopiu.net\/wordpress\/wp-content\/uploads\/2026\/04\/GRRRRR.mp3?_=5\" \/><a href=\"https:\/\/www.radiopiu.net\/wordpress\/wp-content\/uploads\/2026\/04\/GRRRRR.mp3\">https:\/\/www.radiopiu.net\/wordpress\/wp-content\/uploads\/2026\/04\/GRRRRR.mp3<\/a><\/audio>\n<p><strong>ANTICIPAZIONI AL TG DI ANTENNA TRE, DAL GIORNALE RADIO DI IERI, 19.10 DI TIZIANA BOLOGNANI<\/strong><\/p>\n<audio class=\"wp-audio-shortcode\" id=\"audio-509194-6\" preload=\"none\" style=\"width: 100%;\" controls=\"controls\"><source type=\"audio\/mpeg\" src=\"https:\/\/www.radiopiu.net\/wordpress\/wp-content\/uploads\/2026\/04\/tizzzzi.mp3?_=6\" \/><a href=\"https:\/\/www.radiopiu.net\/wordpress\/wp-content\/uploads\/2026\/04\/tizzzzi.mp3\">https:\/\/www.radiopiu.net\/wordpress\/wp-content\/uploads\/2026\/04\/tizzzzi.mp3<\/a><\/audio>\n<\/div>\n<\/div>\n<\/div>\n<\/div>\n<\/div>\n<\/form>\n<\/div>\n<\/div>\n<\/div>\n<\/div>\n<\/div>\n<p>&nbsp;<\/p>\n<h1 class=\"_title post-title entry-title\" style=\"text-align: center;\">PEDOPORNOGRAFIA ONLINE: ARRESTATO 70ENNE BELLUNESE<\/h1>\n<p>(Servizio di\u00a0<a href=\"https:\/\/antennatre.medianordest.it\/redazione\/Tiziana-Bolognani\/\">Tiziana Bolognani<\/a>)<\/p>\n<p><iframe loading=\"lazy\" title=\"PEDOPORNOGRAFIA ONLINE: ARRESTATO 70ENNE BELLUNESE | 28\/04\/2026\" width=\"1200\" height=\"675\" src=\"https:\/\/www.youtube.com\/embed\/3EmKkaymyk8?start=1&#038;feature=oembed\" frameborder=\"0\" allow=\"accelerometer; autoplay; clipboard-write; encrypted-media; gyroscope; picture-in-picture; web-share\" referrerpolicy=\"strict-origin-when-cross-origin\" allowfullscreen><\/iframe><\/p>\n<hr \/>\n<p>&nbsp;<\/p>\n<blockquote>\n<h3 style=\"text-align: center;\">STEFANI: PLAUSO ALLA POLIZIA CONTRO LA PEDOPORNOGRAFIA ONLINE<\/h3>\n<\/blockquote>\n<p><strong><a class=\"dt-pswp-item\" href=\"https:\/\/www.radiopiu.net\/wordpress\/wp-content\/uploads\/2025\/11\/stefani-e1763134367584.jpg\" data-dt-img-description=\"\" data-large_image_width=\"2048\" data-large_image_height=\"1294\"><img loading=\"lazy\" decoding=\"async\" class=\"aligncenter size-medium wp-image-482158\" src=\"https:\/\/www.radiopiu.net\/wordpress\/wp-content\/uploads\/2025\/11\/stefani-e1763134367584-300x190.jpg\" alt=\"\" width=\"300\" height=\"190\" srcset=\"https:\/\/www.radiopiu.net\/wordpress\/wp-content\/uploads\/2025\/11\/stefani-e1763134367584-300x190.jpg 300w, https:\/\/www.radiopiu.net\/wordpress\/wp-content\/uploads\/2025\/11\/stefani-e1763134367584-1024x647.jpg 1024w, https:\/\/www.radiopiu.net\/wordpress\/wp-content\/uploads\/2025\/11\/stefani-e1763134367584-768x485.jpg 768w, https:\/\/www.radiopiu.net\/wordpress\/wp-content\/uploads\/2025\/11\/stefani-e1763134367584-1536x971.jpg 1536w, https:\/\/www.radiopiu.net\/wordpress\/wp-content\/uploads\/2025\/11\/stefani-e1763134367584.jpg 2048w\" sizes=\"auto, (max-width: 300px) 100vw, 300px\" \/><\/a>\u00a0<\/strong><\/p>\n<p><strong>VENEZIA<\/strong> <span class=\"hover:entity-accent entity-underline inline cursor-pointer align-baseline\"><span class=\"whitespace-normal\">Alberto Stefani<\/span><\/span> ha espresso apprezzamento per gli specialisti del Centro nazionale per il contrasto alla pedopornografia online della Polizia di Stato, protagonisti di una complessa operazione contro la diffusione di materiale illecito su Internet. Il presidente ha definito la pedopornografia un crimine gravissimo e odioso, che colpisce vittime estremamente vulnerabili, spesso bambini molto piccoli. L\u2019indagine, condotta anche attraverso infiltrazioni negli ambienti virtuali criminali e con cooperazione internazionale, ha portato a tre arresti e sei denunce. Tra i fermati figura un uomo di 70 anni bloccato in provincia di <span class=\"hover:entity-accent entity-underline inline cursor-pointer align-baseline\"><span class=\"whitespace-normal\">Belluno<\/span><\/span>, trovato con migliaia di file ottenuti tramite sfruttamento sessuale di minori. Secondo Stefani, il caso conferma l\u2019urgenza di misure concrete per la tutela dei giovani, tra cui limiti di accesso ai social network per gli under 14 e un rapido rafforzamento delle norme per prevenire i rischi del web.<\/p>\n<p>&nbsp;<\/p>\n<p>&nbsp;<\/p>\n<hr \/>\n<p>&nbsp;<\/p>\n<blockquote>\n<h3 style=\"text-align: center;\">EVADE DAI DOMICILIARI, DENUNCIATO DAI CARABINIERI DI SEDICO<\/h3>\n<\/blockquote>\n<p><strong><a class=\"dt-pswp-item\" href=\"https:\/\/www.radiopiu.net\/wordpress\/wp-content\/uploads\/2026\/04\/Screenshot-2026-04-28-100351.png\" data-dt-img-description=\"\" data-large_image_width=\"320\" data-large_image_height=\"238\"><img loading=\"lazy\" decoding=\"async\" class=\"aligncenter size-medium wp-image-509262\" src=\"https:\/\/www.radiopiu.net\/wordpress\/wp-content\/uploads\/2026\/04\/Screenshot-2026-04-28-100351-300x223.png\" alt=\"\" width=\"300\" height=\"223\" srcset=\"https:\/\/www.radiopiu.net\/wordpress\/wp-content\/uploads\/2026\/04\/Screenshot-2026-04-28-100351-300x223.png 300w, https:\/\/www.radiopiu.net\/wordpress\/wp-content\/uploads\/2026\/04\/Screenshot-2026-04-28-100351.png 320w\" sizes=\"auto, (max-width: 300px) 100vw, 300px\" \/><\/a>\u00a0<\/strong><\/p>\n<p><strong>FELTRE<\/strong> Controlli straordinari dei Carabinieri nel Feltrino con tre denunce e due segnalazioni per droga, a conferma dell\u2019alta attenzione sul territorio di Feltre e dintorni. L\u2019operazione della Compagnia locale ha interessato centri urbani, periferie e luoghi di ritrovo giovanile per prevenire illegalit\u00e0 e degrado. Il Nucleo Operativo e Radiomobile ha denunciato un giovane per detenzione ai fini di spaccio dopo aver accertato la cessione di stupefacenti a coetanei; nella perquisizione sono stati sequestrati hashish, bilancino di precisione e materiale per il confezionamento. Controlli mirati anche a Borgo Valbelluna, in localit\u00e0 Lentiai, dove un ragazzo \u00e8 stato trovato con sette grammi di marijuana ed \u00e8 stato segnalato, mentre un altro \u00e8 stato denunciato per porto abusivo di un coltello a scatto di 19 centimetri. A Trichiana un soggetto \u00e8 stato segnalato come assuntore. Infine, a Sedico un uomo ai domiciliari \u00e8 stato denunciato per evasione.<\/p>\n<p>&nbsp;<\/p>\n<hr \/>\n<p>&nbsp;<\/p>\n<div>\n<div class=\"flex h-svh w-screen flex-col\">\n<div class=\"relative z-0 flex min-h-0 w-full flex-1\">\n<div class=\"relative flex min-h-0 w-full flex-1\">\n<div class=\"@container\/main relative flex min-w-0 flex-1 flex-col -translate-y-[calc(env(safe-area-inset-bottom,0px)\/2)] pt-[calc(env(safe-area-inset-bottom,0px)\/2)]\">\n<div class=\"@w-sm\/main:[scrollbar-gutter:var(--stage-scroll-gutter)] touch:[scrollbar-width:none] group\/scroll-root relative flex min-h-0 min-w-0 flex-1 flex-col [scrollbar-gutter:stable] not-print:overflow-x-clip not-print:overflow-y-auto group-data-stream-active\/scroll-root:[overflow-anchor:none] scroll-pt-(--header-height) [--sticky-padding-top:var(--header-height)] [--sticky-padding-bottom:0px] [--scroll-root-safe-area-inset-top:calc(var(--sticky-padding-top)+env(safe-area-inset-top,0px))] [--scroll-root-safe-area-inset-bottom:calc(var(--sticky-padding-bottom)+var(--screen-keyboard-height,0px)+env(safe-area-inset-bottom,0px))] [--scroll-root-safe-area-height:calc(100lvh-var(--scroll-root-safe-area-inset-top)-var(--scroll-root-safe-area-inset-bottom))] has-data-[fixed-header=less-than-xl]:@w-xl\/main:scroll-pt-0 has-data-[fixed-header=less-than-xl]:@w-xl\/main:[--sticky-padding-top:0px] has-data-[fixed-header=less-than-xxl]:@w-2xl\/main:scroll-pt-0 has-data-[fixed-header=less-than-xxl]:@w-2xl\/main:[--sticky-padding-top:0px]\" data-scroll-root=\"\" data-scroll-from-top=\"\" data-scroll-from-end=\"\">\n<p>&nbsp;<\/p>\n<div id=\"thread\" class=\"group\/thread flex flex-col min-h-full\">\n<div class=\"composer-parent flex flex-1 flex-col focus-visible:outline-0\" role=\"presentation\">\n<div class=\"relative basis-auto flex-col -mb-(--composer-overlap-px) pb-(--composer-overlap-px) [--composer-overlap-px:28px] grow flex\">\n<div class=\"flex flex-col text-sm\">\n<section class=\"text-token-text-primary w-full focus:outline-none [--shadow-height:45px] has-data-writing-block:pointer-events-none has-data-writing-block:-mt-(--shadow-height) has-data-writing-block:pt-(--shadow-height) [&amp;:has([data-writing-block])&gt;*]:pointer-events-auto [content-visibility:auto] supports-[content-visibility:auto]:[contain-intrinsic-size:auto_100lvh] R6Vx5W_threadScrollVars scroll-mb-[calc(var(--scroll-root-safe-area-inset-bottom,0px)+var(--thread-response-height))] scroll-mt-[calc(var(--header-height)+min(200px,max(70px,20svh)))]\" dir=\"auto\" data-turn-id=\"request-69e835a5-2840-83eb-a809-48889abdca39-23\" data-testid=\"conversation-turn-152\" data-scroll-anchor=\"false\" data-turn=\"assistant\">\n<div class=\"text-base my-auto mx-auto pb-10 [--thread-content-margin:var(--thread-content-margin-xs,calc(var(--spacing)*4))] @w-sm\/main:[--thread-content-margin:var(--thread-content-margin-sm,calc(var(--spacing)*6))] @w-lg\/main:[--thread-content-margin:var(--thread-content-margin-lg,calc(var(--spacing)*16))] px-(--thread-content-margin)\">\n<div class=\"[--thread-content-max-width:40rem] @w-lg\/main:[--thread-content-max-width:48rem] mx-auto max-w-(--thread-content-max-width) flex-1 group\/turn-messages focus-visible:outline-hidden relative flex w-full min-w-0 flex-col agent-turn\">\n<div class=\"flex max-w-full flex-col gap-4 grow\">\n<div class=\"min-h-8 text-message relative flex w-full flex-col items-end gap-2 text-start break-words whitespace-normal outline-none keyboard-focused:focus-ring [.text-message+&amp;]:mt-1\" dir=\"auto\" tabindex=\"0\" data-message-author-role=\"assistant\" data-message-id=\"1495c35b-cd29-42ee-ad89-322989a607fd\" data-message-model-slug=\"gpt-5-3\" data-turn-start-message=\"true\">\n<div class=\"flex w-full flex-col gap-1 empty:hidden\">\n<div class=\"markdown prose dark:prose-invert w-full wrap-break-word dark markdown-new-styling\">\n<p style=\"text-align: center;\" data-start=\"0\" data-end=\"48\"><strong data-start=\"0\" data-end=\"48\">POLPET IN LUTTO, ADDIO A DUE FIGURE STORICHE<\/strong><\/p>\n<p data-start=\"50\" data-end=\"216\"><a class=\"dt-pswp-item\" href=\"https:\/\/www.radiopiu.net\/wordpress\/wp-content\/uploads\/2026\/04\/Screenshot-2026-04-29-045651-1.png\" data-dt-img-description=\"\" data-large_image_width=\"680\" data-large_image_height=\"414\"><img loading=\"lazy\" decoding=\"async\" class=\"aligncenter size-medium wp-image-509388\" src=\"https:\/\/www.radiopiu.net\/wordpress\/wp-content\/uploads\/2026\/04\/Screenshot-2026-04-29-045651-1-300x183.png\" alt=\"\" width=\"300\" height=\"183\" srcset=\"https:\/\/www.radiopiu.net\/wordpress\/wp-content\/uploads\/2026\/04\/Screenshot-2026-04-29-045651-1-300x183.png 300w, https:\/\/www.radiopiu.net\/wordpress\/wp-content\/uploads\/2026\/04\/Screenshot-2026-04-29-045651-1.png 680w\" sizes=\"auto, (max-width: 300px) 100vw, 300px\" \/><\/a><br \/>\nLa comunit\u00e0 di Polpet, a Ponte nelle Alpi, piange la scomparsa nello stesso giorno di due punti di riferimento: Giancarlo Collarin, 89 anni, e Orlando Lazzaretti, 80. Collarin, ex consigliere comunale e anima dell\u2019associazionismo locale, ha lasciato un segno profondo tra sport, cultura e tradizioni del paese. Lazzaretti, ex ferroviere, \u00e8 stato attivo nel sindacato e nelle iniziative solidali. Due vite dedicate alla comunit\u00e0, che ora si stringe nel ricordo e nel cordoglio. L&#8217;ultimo saluto a Giancarlo Collarin oggi alle 14,30 nella chiesa parrocchiale della frazione. Le esequie di Orlando Lazzaretti si terranno invece domani alle 15, sempre nella chiesa parrocchiale di Polpet. La famiglia ha annunciato che eventuali offerte verranno devolute alla casa di riposo di Ponte nelle Alpi.<\/p>\n<\/div>\n<\/div>\n<\/div>\n<\/div>\n<div class=\"z-0 flex min-h-[46px] justify-start\"><\/div>\n<div class=\"mt-3 w-full empty:hidden\">\n<div class=\"text-center\"><\/div>\n<\/div>\n<\/div>\n<\/div>\n<\/section>\n<div class=\"pointer-events-none translate-y-(--scroll-root-safe-area-inset-bottom) R6Vx5W_threadScrollVars min-h-(--gutter-remaining-height,0px) group-data-stream-active\/scroll-root:h-[calc(var(--thread-response-height)-16*var(--spacing))]\"><\/div>\n<\/div>\n<\/div>\n<\/div>\n<\/div>\n<p>&nbsp;<\/p>\n<\/div>\n<\/div>\n<\/div>\n<\/div>\n<\/div>\n<\/div>\n<p>&nbsp;<\/p>\n<hr \/>\n<p>&nbsp;<\/p>\n<h3 style=\"text-align: center;\">ESSILORLUXOTTICA: APPROVATO DIVIDENDO 2025 E OPZIONE DI PAGAMENTO IN AZIONI<\/h3>\n<p><a class=\"dt-pswp-item\" href=\"https:\/\/www.radiopiu.net\/wordpress\/wp-content\/uploads\/2026\/04\/essilorluxottica-2026-agm-april-28.jpg\" data-dt-img-description=\"\" data-large_image_width=\"1194\" data-large_image_height=\"634\"><img loading=\"lazy\" decoding=\"async\" class=\"aligncenter size-medium wp-image-509338\" src=\"https:\/\/www.radiopiu.net\/wordpress\/wp-content\/uploads\/2026\/04\/essilorluxottica-2026-agm-april-28-300x159.jpg\" alt=\"\" width=\"300\" height=\"159\" srcset=\"https:\/\/www.radiopiu.net\/wordpress\/wp-content\/uploads\/2026\/04\/essilorluxottica-2026-agm-april-28-300x159.jpg 300w, https:\/\/www.radiopiu.net\/wordpress\/wp-content\/uploads\/2026\/04\/essilorluxottica-2026-agm-april-28-1024x544.jpg 1024w, https:\/\/www.radiopiu.net\/wordpress\/wp-content\/uploads\/2026\/04\/essilorluxottica-2026-agm-april-28-768x408.jpg 768w, https:\/\/www.radiopiu.net\/wordpress\/wp-content\/uploads\/2026\/04\/essilorluxottica-2026-agm-april-28.jpg 1194w\" sizes=\"auto, (max-width: 300px) 100vw, 300px\" \/><\/a><\/p>\n<p>Si \u00e8 svolta a Parigi l\u2019Assemblea Annuale degli Azionisti di EssilorLuxottica, che ha approvato tutte le 30 delibere del Consiglio di Amministrazione, inclusa la distribuzione di un dividendo di 4,00 euro per azione per l\u2019esercizio 2025 e la politica di remunerazione degli amministratori esecutivi. Il management ha sottolineato come il risultato rappresenti un riconoscimento della trasformazione in corso e della strategia del gruppo nel settore della cura della vista e dei wearable, evidenziando la crescita del dividendo rispetto al 2018. \u00c8 stata approvata anche la possibilit\u00e0 per gli azionisti di ricevere il dividendo in azioni, con prezzo fissato a 175,06 euro, calcolato sulla base della media dei prezzi di Borsa a Parigi nei 20 giorni precedenti l\u2019Assemblea. La data di stacco \u00e8 il 5 maggio 2026, mentre la record date \u00e8 il 6 maggio 2026. L\u2019opzione sar\u00e0 esercitabile dal 7 al 28 maggio 2026. Le nuove azioni avranno gli stessi diritti delle esistenti e saranno quotate su Euronext Parigi. Il pagamento del dividendo o la consegna delle azioni avverr\u00e0 dal 3 giugno 2026. In caso di frazioni, sar\u00e0 riconosciuto un conguaglio in denaro.<\/p>\n<p>&nbsp;<\/p>\n<p>&nbsp;<\/p>\n<hr \/>\n<p>&nbsp;<\/p>\n<blockquote>\n<h3 style=\"text-align: center;\">21 NUOVI MAESTRI DEL LAVORO IN PROVINCIA DI BELLUNO<\/h3>\n<\/blockquote>\n<p><strong>BELLUNO <\/strong>La \u201cStella al Merito del Lavoro\u201d \u00e8 un prestigioso riconoscimento, istituito nel 1923, che premia lavoratrici e lavoratori che si sono distinti per meriti di perizia, laboriosit\u00e0 e buona condotta morale. La \u201cStella\u201d, per legge, comporta il titolo di Maestro del Lavoro e viene concessa, ogni anno, ad un ristretto numero di lavoratori dipendenti.\u00a0 Quest\u2019anno sono ventuno i bellunesi insigniti di tale Onorificenza. Un numero significativo che riflette la grande operosit\u00e0 e professionalit\u00e0 presente nella nostra area, dimostrando come il tessuto produttivo bellunese sia composto da persone di grande valore e dedizione. I premiati sono persone che, nel corso della loro carriera, hanno contribuito in modo significativo alla crescita e allo sviluppo delle loro rispettive Aziende e Settori. Sono modelli di professionalit\u00e0 ed integrit\u00e0, rappresentando il meglio del mondo del lavoro italiano e sono fonte di ispirazione per tutti. La \u201cStella al Merito del Lavoro\u201d \u00e8 quindi molto pi\u00f9 di un semplice premio: \u00e8 il simbolo di una vita dedicata al lavoro con passione ed integrit\u00e0. Il riconoscimento, decretato dal Presidente della Repubblica, sar\u00e0 consegnato ai premiati il prossimo 1\u00b0 maggio durante una cerimonia ufficiale organizzata dalla Prefettura di Venezia presso il Teatro Toniolo a Mestre<strong>.<\/strong><\/p>\n<p><strong>Questi i nuovi Maestri bellunesi:<\/strong> Adriana Alfonsi (Blackfin S.p.A., Taibon Agordino), Lucia Benvegn\u00f9 (Imap S.r.l., Sedico), Michele Bristot (Luxottica S.r.l., Agordo), Massimo Calderini (De Rigo Vision S.p.A., Longarone), Stefano Casal ( NPE S.r.l., Longarone), Alessandra Casanova (Luxottica S.r.l., Agordo), Livio Cassol (Acil S.r.l., Sedico), Nicola Da Rin (SGM S.r.l., Auronzo di Cadore), Stephanie De Valerio (De Rigo Vision S.p.A., Longarone), Andrea Del Longo (Enel Green Power Italia S.r.l., Soverzene), Giovanna Fornasier (Safilo S.p.A., Padova), Silvana Lucchetta (Meccanostampi S.r.l. Limana), Fabrizio Moretti (Luxottica Group S.p.A., Sedico), Elio Padovan (Robertshaw Italy S.r.l., Alpago), Edit Peterle (Trenti Industria Occhiali S.p.A., Perarolo di Cadore), Teresa Polito (Giorgio Fedon&amp;Figli S.p.A., Alpago), Luigino Santomaso (Luxottica S.r.l., Sedico), Tommaso Sponga (Rolmec S.r.l., Sedico), Agostino Tegner (Finblok S.r.l., Sedico), Giovanni Tomea (Sopracolle S.r.l., Perarolo di Cadore), Fabio Zambon (Clivet S.p.A., Feltre).<\/p>\n\n\t\t\t<style type='text\/css'>\n\t\t\t\t#gallery-2 {\n\t\t\t\t\tmargin: auto;\n\t\t\t\t}\n\t\t\t\t#gallery-2 .gallery-item {\n\t\t\t\t\tfloat: left;\n\t\t\t\t\tmargin-top: 10px;\n\t\t\t\t\ttext-align: center;\n\t\t\t\t\twidth: 50%;\n\t\t\t\t}\n\t\t\t\t#gallery-2 img {\n\t\t\t\t\tborder: 2px solid #cfcfcf;\n\t\t\t\t}\n\t\t\t\t#gallery-2 .gallery-caption {\n\t\t\t\t\tmargin-left: 0;\n\t\t\t\t}\n\t\t\t\t\/* see gallery_shortcode() in wp-includes\/media.php *\/\n\t\t\t<\/style>\n\t\t<div id='gallery-2' class='dt-gallery-container gallery galleryid-509194 gallery-columns-2 gallery-size-full'><dl class='gallery-item'>\n\t\t\t\t<dt class='gallery-icon landscape'>\n\t\t\t\t\t<a class=\"rollover rollover-zoom dt-pswp-item\" title=\"MAESTRI LAVORO 2026 1\" data-dt-img-description=\"\" data-large_image_width=\"989\" data-large_image_height=\"678\"href='https:\/\/www.radiopiu.net\/wordpress\/wp-content\/uploads\/2026\/04\/MAESTRI-LAVORO-2026-1.jpg'><img loading=\"lazy\" decoding=\"async\" width=\"989\" height=\"678\" src=\"https:\/\/www.radiopiu.net\/wordpress\/wp-content\/uploads\/2026\/04\/MAESTRI-LAVORO-2026-1.jpg\" class=\"attachment-full size-full\" alt=\"\" srcset=\"https:\/\/www.radiopiu.net\/wordpress\/wp-content\/uploads\/2026\/04\/MAESTRI-LAVORO-2026-1.jpg 989w, https:\/\/www.radiopiu.net\/wordpress\/wp-content\/uploads\/2026\/04\/MAESTRI-LAVORO-2026-1-300x206.jpg 300w, https:\/\/www.radiopiu.net\/wordpress\/wp-content\/uploads\/2026\/04\/MAESTRI-LAVORO-2026-1-768x526.jpg 768w\" sizes=\"auto, (max-width: 989px) 100vw, 989px\" \/><\/a>\n\t\t\t\t<\/dt><\/dl><dl class='gallery-item'>\n\t\t\t\t<dt class='gallery-icon landscape'>\n\t\t\t\t\t<a class=\"rollover rollover-zoom dt-pswp-item\" title=\"MAESTRI LAVORO 2026 2\" data-dt-img-description=\"\" data-large_image_width=\"992\" data-large_image_height=\"624\"href='https:\/\/www.radiopiu.net\/wordpress\/wp-content\/uploads\/2026\/04\/MAESTRI-LAVORO-2026-2.jpg'><img loading=\"lazy\" decoding=\"async\" width=\"992\" height=\"624\" src=\"https:\/\/www.radiopiu.net\/wordpress\/wp-content\/uploads\/2026\/04\/MAESTRI-LAVORO-2026-2.jpg\" class=\"attachment-full size-full\" alt=\"\" srcset=\"https:\/\/www.radiopiu.net\/wordpress\/wp-content\/uploads\/2026\/04\/MAESTRI-LAVORO-2026-2.jpg 992w, https:\/\/www.radiopiu.net\/wordpress\/wp-content\/uploads\/2026\/04\/MAESTRI-LAVORO-2026-2-300x189.jpg 300w, https:\/\/www.radiopiu.net\/wordpress\/wp-content\/uploads\/2026\/04\/MAESTRI-LAVORO-2026-2-768x483.jpg 768w\" sizes=\"auto, (max-width: 992px) 100vw, 992px\" \/><\/a>\n\t\t\t\t<\/dt><\/dl><br style=\"clear: both\" \/>\n\t\t\t<\/div>\n\n<hr \/>\n<p>&nbsp;<\/p>\n<div class=\"page-title-head hgroup\">\n<h1 class=\"entry-title\" style=\"text-align: center;\">AGORDO, FARMACIA COMUNALE IN CRESCITA<\/h1>\n<\/div>\n<p>&nbsp;<\/p>\n<p><strong>AGORDO<\/strong><\/p>\n<p data-start=\"43\" data-end=\"267\">La farmacia di Agordo Servizi chiude il 2025 con conti in ordine e servizi in espansione. Apertura ampliata da 40 a 66 ore settimanali e nuovi servizi, tra cui l\u2019elettrocardiogramma, hanno portato a un aumento dell\u2019attivit\u00e0.<\/p>\n<p data-start=\"269\" data-end=\"470\">Il fatturato cresce del 30% e le ricette superano quota 29 mila, segno di una maggiore affluenza. Il bilancio \u00e8 in pareggio con un piccolo utile, sostenuto anche dal contributo comunale e di Luxottica.<\/p>\n<p data-start=\"472\" data-end=\"621\" data-is-last-node=\"\" data-is-only-node=\"\">Obiettivo per il 2026: mantenere gli orari e introdurre nuovi servizi, come holter cardiaco e pressorio, per rispondere alle esigenze del territorio.<\/p>\n<p><strong>DAL CONSIGLIO COMUNALE DI AGORDO, LA DIRETTA SUI CANALI SOCIAL DI RADIOPIU. IN APERTURA LA RELAZIONE SULLA FARMACIA COMUNALE<br \/>\n<\/strong><\/p>\n<p>&nbsp;<\/p>\n<p><iframe loading=\"lazy\" title=\"IL CONSIGLIO COMUNALE DI AGORDO - 27 APRILE 2026\" width=\"1200\" height=\"675\" src=\"https:\/\/www.youtube.com\/embed\/CD1P1VIxbHc?feature=oembed\" frameborder=\"0\" allow=\"accelerometer; autoplay; clipboard-write; encrypted-media; gyroscope; picture-in-picture; web-share\" referrerpolicy=\"strict-origin-when-cross-origin\" allowfullscreen><\/iframe><\/p>\n<p>&nbsp;<\/p>\n<hr \/>\n<p>&nbsp;<\/p>\n<blockquote>\n<h3 style=\"text-align: center;\">CARO MATERIALI, ANCE BELLUNO LANCIA L\u2019ALLARME<\/h3>\n<\/blockquote>\n<p><strong><a class=\"dt-pswp-item\" href=\"https:\/\/www.radiopiu.net\/wordpress\/wp-content\/uploads\/2026\/04\/CANTIERE-EDILE.jpg\" data-dt-img-description=\"\" data-large_image_width=\"556\" data-large_image_height=\"312\"><img loading=\"lazy\" decoding=\"async\" class=\"aligncenter size-medium wp-image-509302\" src=\"https:\/\/www.radiopiu.net\/wordpress\/wp-content\/uploads\/2026\/04\/CANTIERE-EDILE-300x168.jpg\" alt=\"\" width=\"300\" height=\"168\" srcset=\"https:\/\/www.radiopiu.net\/wordpress\/wp-content\/uploads\/2026\/04\/CANTIERE-EDILE-300x168.jpg 300w, https:\/\/www.radiopiu.net\/wordpress\/wp-content\/uploads\/2026\/04\/CANTIERE-EDILE.jpg 556w\" sizes=\"auto, (max-width: 300px) 100vw, 300px\" \/><\/a>\u00a0<\/strong><\/p>\n<p><strong>BELLUNO <\/strong>Con una lettera inviata alle stazioni appaltanti della provincia, Ance Belluno chiede interventi urgenti contro il caro materiali che sta mettendo in forte difficolt\u00e0 il settore delle costruzioni. Il presidente Paolo De Cian parla di una situazione precipitata in poche settimane, con rincari dal 20 al 50 per cento su materiali e carburanti rispetto ai prezzi su cui molte imprese avevano formulato offerte mesi o anni fa. Tra i dati pi\u00f9 preoccupanti figurano il bitume aumentato fino al 56%, il gasolio industriale salito del 28% e ferro e acciaio rincarati fino al 20%. Aumenti che rischiano di compromettere la sostenibilit\u00e0 economica dei cantieri pubblici gi\u00e0 avviati. \u201cI conti non tornano e molti lavori sono in bilico\u201d, avverte De Cian. L\u2019allarme \u00e8 condiviso anche da Confindustria Belluno Dolomiti. La presidente Lorraine Berton invoca un rapido sostegno istituzionale per evitare effetti pesanti sull\u2019economia locale. Particolarmente esposto il territorio bellunese, dove i trasporti su strada incidono maggiormente sui costi e dove asfaltature e manutenzioni viarie sono diffuse. Ance propone tavoli tecnici territoriali, valutazioni tempestive delle richieste delle imprese e percorsi di riequilibrio contrattuale per salvaguardare i cantieri, compresi quelli legati al Pnrr.<\/p>\n<p>&nbsp;<\/p>\n<hr \/>\n<p>FRANA SULLA VECCHIA STRADA PER AVOSCAN<\/p>\n<p><strong>SAN TOMASO<\/strong> Una frana ha interessato la vecchia strada che conduce ad Avoscan, creando disagi soprattutto per chi la percorreva in bicicletta. Il cedimento del terreno si \u00e8 verificato circa 300 metri dopo il ponte della strada regionale sul torrente Cordevole. Sebbene il tratto fosse ufficialmente chiuso al traffico, era diventato un passaggio molto frequentato da ciclisti ed escursionisti, grazie alle buone condizioni del fondo stradale. L\u2019evento ha reso ora impossibile il transito in sicurezza. Resta da capire se e quando verranno effettuati interventi di messa in sicurezza o ripristino del percorso.<\/p>\n\n\t\t\t<style type='text\/css'>\n\t\t\t\t#gallery-3 {\n\t\t\t\t\tmargin: auto;\n\t\t\t\t}\n\t\t\t\t#gallery-3 .gallery-item {\n\t\t\t\t\tfloat: left;\n\t\t\t\t\tmargin-top: 10px;\n\t\t\t\t\ttext-align: center;\n\t\t\t\t\twidth: 50%;\n\t\t\t\t}\n\t\t\t\t#gallery-3 img {\n\t\t\t\t\tborder: 2px solid #cfcfcf;\n\t\t\t\t}\n\t\t\t\t#gallery-3 .gallery-caption {\n\t\t\t\t\tmargin-left: 0;\n\t\t\t\t}\n\t\t\t\t\/* see gallery_shortcode() in wp-includes\/media.php *\/\n\t\t\t<\/style>\n\t\t<div id='gallery-3' class='dt-gallery-container gallery galleryid-509194 gallery-columns-2 gallery-size-medium'><dl class='gallery-item'>\n\t\t\t\t<dt class='gallery-icon landscape'>\n\t\t\t\t\t<a class=\"rollover rollover-zoom dt-pswp-item\" title=\"10e10a5c-624b-4a21-81ba-9cbbee41ef77\" data-dt-img-description=\"\" data-large_image_width=\"1599\" data-large_image_height=\"899\"href='https:\/\/www.radiopiu.net\/wordpress\/wp-content\/uploads\/2026\/04\/10e10a5c-624b-4a21-81ba-9cbbee41ef77.jpg'><img loading=\"lazy\" decoding=\"async\" width=\"300\" height=\"169\" src=\"https:\/\/www.radiopiu.net\/wordpress\/wp-content\/uploads\/2026\/04\/10e10a5c-624b-4a21-81ba-9cbbee41ef77-300x169.jpg\" class=\"attachment-medium size-medium\" alt=\"\" srcset=\"https:\/\/www.radiopiu.net\/wordpress\/wp-content\/uploads\/2026\/04\/10e10a5c-624b-4a21-81ba-9cbbee41ef77-300x169.jpg 300w, https:\/\/www.radiopiu.net\/wordpress\/wp-content\/uploads\/2026\/04\/10e10a5c-624b-4a21-81ba-9cbbee41ef77-1024x576.jpg 1024w, https:\/\/www.radiopiu.net\/wordpress\/wp-content\/uploads\/2026\/04\/10e10a5c-624b-4a21-81ba-9cbbee41ef77-768x432.jpg 768w, https:\/\/www.radiopiu.net\/wordpress\/wp-content\/uploads\/2026\/04\/10e10a5c-624b-4a21-81ba-9cbbee41ef77-1536x864.jpg 1536w, https:\/\/www.radiopiu.net\/wordpress\/wp-content\/uploads\/2026\/04\/10e10a5c-624b-4a21-81ba-9cbbee41ef77.jpg 1599w\" sizes=\"auto, (max-width: 300px) 100vw, 300px\" \/><\/a>\n\t\t\t\t<\/dt><\/dl><dl class='gallery-item'>\n\t\t\t\t<dt class='gallery-icon landscape'>\n\t\t\t\t\t<a class=\"rollover rollover-zoom dt-pswp-item\" title=\"95b07e8a-49aa-493c-88b1-fa1cabd65c7b\" data-dt-img-description=\"\" data-large_image_width=\"1599\" data-large_image_height=\"899\"href='https:\/\/www.radiopiu.net\/wordpress\/wp-content\/uploads\/2026\/04\/95b07e8a-49aa-493c-88b1-fa1cabd65c7b.jpg'><img loading=\"lazy\" decoding=\"async\" width=\"300\" height=\"169\" src=\"https:\/\/www.radiopiu.net\/wordpress\/wp-content\/uploads\/2026\/04\/95b07e8a-49aa-493c-88b1-fa1cabd65c7b-300x169.jpg\" class=\"attachment-medium size-medium\" alt=\"\" srcset=\"https:\/\/www.radiopiu.net\/wordpress\/wp-content\/uploads\/2026\/04\/95b07e8a-49aa-493c-88b1-fa1cabd65c7b-300x169.jpg 300w, https:\/\/www.radiopiu.net\/wordpress\/wp-content\/uploads\/2026\/04\/95b07e8a-49aa-493c-88b1-fa1cabd65c7b-1024x576.jpg 1024w, https:\/\/www.radiopiu.net\/wordpress\/wp-content\/uploads\/2026\/04\/95b07e8a-49aa-493c-88b1-fa1cabd65c7b-768x432.jpg 768w, https:\/\/www.radiopiu.net\/wordpress\/wp-content\/uploads\/2026\/04\/95b07e8a-49aa-493c-88b1-fa1cabd65c7b-1536x864.jpg 1536w, https:\/\/www.radiopiu.net\/wordpress\/wp-content\/uploads\/2026\/04\/95b07e8a-49aa-493c-88b1-fa1cabd65c7b.jpg 1599w\" sizes=\"auto, (max-width: 300px) 100vw, 300px\" \/><\/a>\n\t\t\t\t<\/dt><\/dl><br style=\"clear: both\" \/>\n\t\t\t<\/div>\n\n<p>&nbsp;<\/p>\n<p data-start=\"76\" data-end=\"110\"><strong data-start=\"76\" data-end=\"90\">IL SINDACO<\/strong><\/p>\n<p data-start=\"76\" data-end=\"110\"><strong data-start=\"93\" data-end=\"110\">Moreno De Val\u00a0<\/strong><\/p>\n<p data-start=\"112\" data-end=\"282\"><a class=\"dt-pswp-item\" href=\"https:\/\/www.radiopiu.net\/wordpress\/wp-content\/uploads\/2020\/12\/MORENO-DE-VAL.jpg\" data-dt-img-description=\"\" data-large_image_width=\"257\" data-large_image_height=\"244\"><img loading=\"lazy\" decoding=\"async\" class=\"aligncenter size-full wp-image-179073\" src=\"https:\/\/www.radiopiu.net\/wordpress\/wp-content\/uploads\/2020\/12\/MORENO-DE-VAL.jpg\" alt=\"\" width=\"257\" height=\"244\" \/><\/a>Cari amici,<br data-start=\"123\" data-end=\"126\" \/>la strada \u00e8 ufficialmente chiusa a seguito della tempesta Vaia e lo rimarr\u00e0 finch\u00e9 non verranno reperiti gli 11 milioni di euro necessari per il ripristino. Tengo a precisare (anche se comprendo che non tutti possano essere a conoscenza di queste informazioni) che, nonostante le numerose comunicazioni e i contatti avuti con la Regione e con il Genio Civile \u2014 che ha in carico l\u2019intera tratta del Cordevole \u2014 la situazione attuale \u00e8 questa. Oggi esiste un progetto preciso e dettagliato, commissionato dalla mia amministrazione. Ora \u00e8 necessario trovare le risorse economiche per poter intervenire. Un\u2019ultima osservazione: chi ha scattato la foto, nonostante la presenza degli sbarramenti, si \u00e8 probabilmente esposto a dei rischi.<\/p>\n<p><strong>AUDIO<\/strong><\/p>\n<audio class=\"wp-audio-shortcode\" id=\"audio-509194-7\" preload=\"none\" style=\"width: 100%;\" controls=\"controls\"><source type=\"audio\/mpeg\" src=\"https:\/\/www.radiopiu.net\/wordpress\/wp-content\/uploads\/2026\/04\/moreno-eccola.mp3?_=7\" \/><a href=\"https:\/\/www.radiopiu.net\/wordpress\/wp-content\/uploads\/2026\/04\/moreno-eccola.mp3\">https:\/\/www.radiopiu.net\/wordpress\/wp-content\/uploads\/2026\/04\/moreno-eccola.mp3<\/a><\/audio>\n<p>&nbsp;<\/p>\n<p>&nbsp;<\/p>\n<hr \/>\n<p>&nbsp;<\/p>\n<blockquote>\n<h3 style=\"text-align: center;\">VIA FELTRE CAMBIA VOLTO: AL VIA IL PROGETTO DI RIQUALIFICAZIONE DA UN CHILOMETRO<\/h3>\n<\/blockquote>\n<p><strong><a class=\"dt-pswp-item\" href=\"https:\/\/www.radiopiu.net\/wordpress\/wp-content\/uploads\/2026\/04\/Screenshot-2026-04-15-051548.png\" data-dt-img-description=\"\" data-large_image_width=\"509\" data-large_image_height=\"266\"><img loading=\"lazy\" decoding=\"async\" class=\"aligncenter size-medium wp-image-507174\" src=\"https:\/\/www.radiopiu.net\/wordpress\/wp-content\/uploads\/2026\/04\/Screenshot-2026-04-15-051548-300x157.png\" alt=\"\" width=\"300\" height=\"157\" srcset=\"https:\/\/www.radiopiu.net\/wordpress\/wp-content\/uploads\/2026\/04\/Screenshot-2026-04-15-051548-300x157.png 300w, https:\/\/www.radiopiu.net\/wordpress\/wp-content\/uploads\/2026\/04\/Screenshot-2026-04-15-051548.png 509w\" sizes=\"auto, (max-width: 300px) 100vw, 300px\" \/><\/a>\u00a0<\/strong><\/p>\n<p><strong>BELLUNO <\/strong>Risolvere criticit\u00e0 storiche e migliorare la qualit\u00e0 della vita dei cittadini. Con questi obiettivi nasce il progetto di riqualificazione di via Feltre, uno degli assi principali di accesso a Belluno. L\u2019intervento interesser\u00e0 circa un chilometro di strada, tra le rotatorie di piazzale Marconi e via dei Dendrofori, coinvolgendo viabilit\u00e0, percorsi ciclopedonali, verde pubblico e infrastrutture. \u201cGovernare significa assumersi la responsabilit\u00e0 di scelte che guardano al bene complessivo della comunit\u00e0\u201d, sottolinea il sindaco Oscar De Pellegrin, ricordando che l\u2019ultima sistemazione della via risale agli anni Sessanta. Sul fronte della viabilit\u00e0 saranno ridisegnate e ampliate le due rotatorie principali, con una nuova configurazione della carreggiata per rendere pi\u00f9 chiari i flussi di traffico e aumentare la sicurezza. Previsti inoltre sei attraversamenti pedonali rialzati per rallentare i veicoli e migliorare la visibilit\u00e0. Grande attenzione anche a pedoni e ciclisti: nascer\u00e0 un percorso ciclopedonale continuo lungo un chilometro, con marciapiedi pi\u00f9 ampi e attraversamenti illuminati. Il verde rester\u00e0 protagonista, con la sostituzione delle alberature esistenti con nuove piante inserite in spazi adeguati. Il progetto comprende anche nuova illuminazione a LED, rete acque potenziata e riorganizzazione dei parcheggi.<\/p>\n<p>&nbsp;<\/p>\n<p>&nbsp;<\/p>\n<hr \/>\n<p>&nbsp;<\/p>\n<blockquote>\n<h3 style=\"text-align: center;\">FELTRE, STRADE PI\u00d9 SICURE NELLE FRAZIONI: AVANTI IL PIANO DI INTERVENTI<\/h3>\n<\/blockquote>\n<p><strong>FELTRE<\/strong> Il Comune prosegue il piano da 250 mila euro per migliorare viabilit\u00e0 e sicurezza nelle frazioni di Feltre. Conclusi i lavori ad Arson e in fase finale quelli a Foen, mentre il progetto comprende anche via San Michele a Nemeggio. Il sindaco Viviana Fusaro sottolinea l\u2019importanza di interventi concreti su accessibilit\u00e0 e collegamenti. Ad Arson, in via Mutten, su una strada collinare stretta e in tratti esposti, sono state installate barriere di protezione in acciaio e legno integrate nel paesaggio. A Foen, in via Zenta, area residenziale in crescita, \u00e8 stato sistemato il fondo stradale e posato nuovo asfalto per risolvere i problemi causati da pioggia e neve. L\u2019assessore Andrea Bona evidenzia anche l\u2019adeguamento dei sottoservizi. Nei prossimi mesi saranno completati segnaletica e illuminazione pubblica con sei nuovi punti luce, per rendere le frazioni pi\u00f9 sicure e vivibili.<\/p>\n\n\t\t\t<style type='text\/css'>\n\t\t\t\t#gallery-4 {\n\t\t\t\t\tmargin: auto;\n\t\t\t\t}\n\t\t\t\t#gallery-4 .gallery-item {\n\t\t\t\t\tfloat: left;\n\t\t\t\t\tmargin-top: 10px;\n\t\t\t\t\ttext-align: center;\n\t\t\t\t\twidth: 50%;\n\t\t\t\t}\n\t\t\t\t#gallery-4 img {\n\t\t\t\t\tborder: 2px solid #cfcfcf;\n\t\t\t\t}\n\t\t\t\t#gallery-4 .gallery-caption {\n\t\t\t\t\tmargin-left: 0;\n\t\t\t\t}\n\t\t\t\t\/* see gallery_shortcode() in wp-includes\/media.php *\/\n\t\t\t<\/style>\n\t\t<div id='gallery-4' class='dt-gallery-container gallery galleryid-509194 gallery-columns-2 gallery-size-medium'><dl class='gallery-item'>\n\t\t\t\t<dt class='gallery-icon landscape'>\n\t\t\t\t\t<a class=\"rollover rollover-zoom dt-pswp-item\" title=\"griglia case rosse\" data-dt-img-description=\"\" data-large_image_width=\"2560\" data-large_image_height=\"1920\"href='https:\/\/www.radiopiu.net\/wordpress\/wp-content\/uploads\/2026\/04\/griglia-case-rosse-scaled.jpg'><img loading=\"lazy\" decoding=\"async\" width=\"300\" height=\"225\" src=\"https:\/\/www.radiopiu.net\/wordpress\/wp-content\/uploads\/2026\/04\/griglia-case-rosse-300x225.jpg\" class=\"attachment-medium size-medium\" alt=\"\" srcset=\"https:\/\/www.radiopiu.net\/wordpress\/wp-content\/uploads\/2026\/04\/griglia-case-rosse-300x225.jpg 300w, https:\/\/www.radiopiu.net\/wordpress\/wp-content\/uploads\/2026\/04\/griglia-case-rosse-1024x768.jpg 1024w, https:\/\/www.radiopiu.net\/wordpress\/wp-content\/uploads\/2026\/04\/griglia-case-rosse-768x576.jpg 768w, https:\/\/www.radiopiu.net\/wordpress\/wp-content\/uploads\/2026\/04\/griglia-case-rosse-1536x1152.jpg 1536w, https:\/\/www.radiopiu.net\/wordpress\/wp-content\/uploads\/2026\/04\/griglia-case-rosse-2048x1536.jpg 2048w\" sizes=\"auto, (max-width: 300px) 100vw, 300px\" \/><\/a>\n\t\t\t\t<\/dt><\/dl><dl class='gallery-item'>\n\t\t\t\t<dt class='gallery-icon portrait'>\n\t\t\t\t\t<a class=\"rollover rollover-zoom dt-pswp-item\" title=\"via mutten\" data-dt-img-description=\"\" data-large_image_width=\"1200\" data-large_image_height=\"1600\"href='https:\/\/www.radiopiu.net\/wordpress\/wp-content\/uploads\/2026\/04\/via-mutten.jpg'><img loading=\"lazy\" decoding=\"async\" width=\"225\" height=\"300\" src=\"https:\/\/www.radiopiu.net\/wordpress\/wp-content\/uploads\/2026\/04\/via-mutten-225x300.jpg\" class=\"attachment-medium size-medium\" alt=\"\" srcset=\"https:\/\/www.radiopiu.net\/wordpress\/wp-content\/uploads\/2026\/04\/via-mutten-225x300.jpg 225w, https:\/\/www.radiopiu.net\/wordpress\/wp-content\/uploads\/2026\/04\/via-mutten-768x1024.jpg 768w, https:\/\/www.radiopiu.net\/wordpress\/wp-content\/uploads\/2026\/04\/via-mutten-1152x1536.jpg 1152w, https:\/\/www.radiopiu.net\/wordpress\/wp-content\/uploads\/2026\/04\/via-mutten.jpg 1200w\" sizes=\"auto, (max-width: 225px) 100vw, 225px\" \/><\/a>\n\t\t\t\t<\/dt><\/dl><br style=\"clear: both\" \/>\n\t\t\t<\/div>\n\n<p>&nbsp;<\/p>\n<hr \/>\n<p>&nbsp;<\/p>\n<p style=\"text-align: center;\" data-start=\"0\" data-end=\"70\"><strong data-start=\"0\" data-end=\"70\">CANALE D\u2019AGORDO, RICORDO DI DON SIRIO A DIECI ANNI DALLA SCOMPARSA<\/strong><\/p>\n<blockquote>\n<p data-start=\"0\" data-end=\"70\"><em>A questo prete si deve la nascita del Museo Albino Luciani, della cui santit\u00e0 si era pian piano reso buon sostenitore, rendendone convinto anche il vescovo Savio.\u00a0<\/em><\/p>\n<\/blockquote>\n<p data-start=\"72\" data-end=\"229\"><a class=\"dt-pswp-item\" href=\"https:\/\/www.radiopiu.net\/wordpress\/wp-content\/uploads\/2026\/04\/Screenshot-2026-04-29-050628.png\" data-dt-img-description=\"\" data-large_image_width=\"342\" data-large_image_height=\"299\"><img loading=\"lazy\" decoding=\"async\" class=\"aligncenter size-medium wp-image-509394\" src=\"https:\/\/www.radiopiu.net\/wordpress\/wp-content\/uploads\/2026\/04\/Screenshot-2026-04-29-050628-300x262.png\" alt=\"\" width=\"300\" height=\"262\" srcset=\"https:\/\/www.radiopiu.net\/wordpress\/wp-content\/uploads\/2026\/04\/Screenshot-2026-04-29-050628-300x262.png 300w, https:\/\/www.radiopiu.net\/wordpress\/wp-content\/uploads\/2026\/04\/Screenshot-2026-04-29-050628.png 342w\" sizes=\"auto, (max-width: 300px) 100vw, 300px\" \/><\/a><\/p>\n<p data-start=\"72\" data-end=\"229\"><strong>CANALE D&#8217;AGORDO<\/strong><\/p>\n<p data-start=\"72\" data-end=\"229\">La comunit\u00e0 di Canale d\u2019Agordo ha ricordato don Sirio Da Corte Zandatina, a dieci anni dalla morte, con una messa partecipata e un incontro di testimonianze. Parroco apprezzato e figura di riferimento per l\u2019Agordino, don Sirio \u00e8 ricordato anche per il suo impegno decisivo nella difesa dell\u2019ospedale di Agordo, contribuendo a evitarne il ridimensionamento. Sacerdote capace di unire fede e iniziative concrete, lasci\u00f2 un segno profondo nella comunit\u00e0, tra opere sociali, restauri e progetti culturali, come il Museo Albino Luciani. Un\u2019eredit\u00e0 ancora viva nel territorio. Loris Serafini, direttore del Museo Papa Luciani, ha ricordato quando don Sirio <em>\u00absi mise a capo del clero agordino \u2013 di cui, pur non essendo titolarmente il rappresentante, godeva unanimemente la massima autorevolezza \u2013 nel combattere contro il ridimensionamento dell&#8217;ospedale di Agordo\u00bb.<\/em><\/p>\n<p>&nbsp;<\/p>\n<hr \/>\n<p>&nbsp;<\/p>\n<h1 class=\"_title post-title entry-title\" style=\"text-align: center;\">TRIBUNALE: IPOTESI ACCORPAMENTO, MA RESTANO DUBBI SULLA FATTIBILITA\u2019<\/h1>\n<p>\u2013 Intervistati SILVIA FERRARI (PRESIDENTE TRIBUNALE DI BELLUNO) (Servizio di\u00a0<a href=\"https:\/\/antennatre.medianordest.it\/redazione\/Tiziana-Bolognani\/\">Tiziana Bolognani<\/a>)<\/p>\n<p><iframe loading=\"lazy\" title=\"TRIBUNALE: IPOTESI ACCORPAMENTO, MA RESTANO DUBBI SULLA FATTIBILITA&#039; | 28\/04\/2026\" width=\"1200\" height=\"675\" src=\"https:\/\/www.youtube.com\/embed\/_SZ8SuMnEgA?feature=oembed\" frameborder=\"0\" allow=\"accelerometer; autoplay; clipboard-write; encrypted-media; gyroscope; picture-in-picture; web-share\" referrerpolicy=\"strict-origin-when-cross-origin\" allowfullscreen><\/iframe><\/p>\n<p>&nbsp;<\/p>\n<hr \/>\n<p>&nbsp;<\/p>\n<blockquote>\n<h3 style=\"text-align: center;\">CINQUE CICLISTI BELLUNESI IN VIAGGIO VERSO LA ROMANIA: AL VIA LA RACCOLTA FONDI PER CASA POLLICINO<\/h3>\n<\/blockquote>\n<p><strong><a class=\"dt-pswp-item\" href=\"https:\/\/www.radiopiu.net\/wordpress\/wp-content\/uploads\/2026\/04\/a8e619f3-a1e7-41bd-8616-078f997f6f2f.jpg\" data-dt-img-description=\"\" data-large_image_width=\"2048\" data-large_image_height=\"1536\"><img loading=\"lazy\" decoding=\"async\" class=\"aligncenter size-medium wp-image-506901\" src=\"https:\/\/www.radiopiu.net\/wordpress\/wp-content\/uploads\/2026\/04\/a8e619f3-a1e7-41bd-8616-078f997f6f2f-300x225.jpg\" alt=\"\" width=\"300\" height=\"225\" srcset=\"https:\/\/www.radiopiu.net\/wordpress\/wp-content\/uploads\/2026\/04\/a8e619f3-a1e7-41bd-8616-078f997f6f2f-300x225.jpg 300w, https:\/\/www.radiopiu.net\/wordpress\/wp-content\/uploads\/2026\/04\/a8e619f3-a1e7-41bd-8616-078f997f6f2f-1024x768.jpg 1024w, https:\/\/www.radiopiu.net\/wordpress\/wp-content\/uploads\/2026\/04\/a8e619f3-a1e7-41bd-8616-078f997f6f2f-768x576.jpg 768w, https:\/\/www.radiopiu.net\/wordpress\/wp-content\/uploads\/2026\/04\/a8e619f3-a1e7-41bd-8616-078f997f6f2f-1536x1152.jpg 1536w, https:\/\/www.radiopiu.net\/wordpress\/wp-content\/uploads\/2026\/04\/a8e619f3-a1e7-41bd-8616-078f997f6f2f.jpg 2048w\" sizes=\"auto, (max-width: 300px) 100vw, 300px\" \/><\/a>\u00a0<\/strong><\/p>\n<p><strong>BELLUNO<\/strong> Partir\u00e0 tra due settimane il grande viaggio dei cinque ciclisti bellunesi che in nove giorni raggiungeranno la Romania, a Petrosani, sede di Casa Pollicino. Per rendere ancora pi\u00f9 concreta questa avventura, \u00e8 partita ufficialmente oggi la raccolta fondi a sostegno dell&#8217;attivit\u00e0 di Comitato Pollicino.<\/p>\n<p><strong>DI DANIELE DALVIT<\/strong><\/p>\n<audio class=\"wp-audio-shortcode\" id=\"audio-509194-8\" preload=\"none\" style=\"width: 100%;\" controls=\"controls\"><source type=\"audio\/mpeg\" src=\"https:\/\/www.radiopiu.net\/wordpress\/wp-content\/uploads\/2026\/04\/Servizio-Raccolta-fondi-Pollicino-Belluno-Petrosani-in-bici-2026.mp3?_=8\" \/><a href=\"https:\/\/www.radiopiu.net\/wordpress\/wp-content\/uploads\/2026\/04\/Servizio-Raccolta-fondi-Pollicino-Belluno-Petrosani-in-bici-2026.mp3\">https:\/\/www.radiopiu.net\/wordpress\/wp-content\/uploads\/2026\/04\/Servizio-Raccolta-fondi-Pollicino-Belluno-Petrosani-in-bici-2026.mp3<\/a><\/audio>\n<p>&nbsp;<\/p>\n<hr \/>\n<p>&nbsp;<\/p>\n<blockquote>\n<h3 style=\"text-align: center;\">GLI STUDENTI DI PIEVE DI CADORE A ROMA PER IL CONCORSO &#8220;VORREI UNA LEGGE CHE&#8230;&#8221;<\/h3>\n<\/blockquote>\n<p><strong><a class=\"dt-pswp-item\" href=\"https:\/\/www.radiopiu.net\/wordpress\/wp-content\/uploads\/2026\/04\/SCR-20260428-qoue.jpeg\" data-dt-img-description=\"\" data-large_image_width=\"1270\" data-large_image_height=\"936\"><img loading=\"lazy\" decoding=\"async\" class=\"aligncenter size-medium wp-image-509344\" src=\"https:\/\/www.radiopiu.net\/wordpress\/wp-content\/uploads\/2026\/04\/SCR-20260428-qoue-300x221.jpeg\" alt=\"\" width=\"300\" height=\"221\" srcset=\"https:\/\/www.radiopiu.net\/wordpress\/wp-content\/uploads\/2026\/04\/SCR-20260428-qoue-300x221.jpeg 300w, https:\/\/www.radiopiu.net\/wordpress\/wp-content\/uploads\/2026\/04\/SCR-20260428-qoue-1024x755.jpeg 1024w, https:\/\/www.radiopiu.net\/wordpress\/wp-content\/uploads\/2026\/04\/SCR-20260428-qoue-768x566.jpeg 768w, https:\/\/www.radiopiu.net\/wordpress\/wp-content\/uploads\/2026\/04\/SCR-20260428-qoue.jpeg 1270w\" sizes=\"auto, (max-width: 300px) 100vw, 300px\" \/><\/a>\u00a0<\/strong><\/p>\n<p><strong>PIEVE DI CADORE <\/strong>Ed ora vi portiamo a Roma dove la classe quinta B dell\u2019Istituto Comprensivo di Pieve di Cadore ha vissuto un\u2019esperienza speciale nel concorso &#8220;Vorrei una legge che&#8230;&#8221; I bambini con i maestri Federico Paniz, Elena Chiesa e Anita Ronchin hanno partecipato alla premiazione e scoperto il funzionamento delle istituzioni e come nasce una legge. Un\u2019esperienza formativa e significativa raccontata dal maestro Paniz. Un\u2019occasione importante per avvicinare i pi\u00f9 giovani alla cittadinanza attiva e alle regole della democrazia italiana oggi.<\/p>\n<p><strong>PER LE TRE RADIO BARBARA PAOLAZZI<\/strong><\/p>\n<audio class=\"wp-audio-shortcode\" id=\"audio-509194-9\" preload=\"none\" style=\"width: 100%;\" controls=\"controls\"><source type=\"audio\/mpeg\" src=\"https:\/\/www.radiopiu.net\/wordpress\/wp-content\/uploads\/2026\/04\/PAOLAZZI-ROMA.mp3?_=9\" \/><a href=\"https:\/\/www.radiopiu.net\/wordpress\/wp-content\/uploads\/2026\/04\/PAOLAZZI-ROMA.mp3\">https:\/\/www.radiopiu.net\/wordpress\/wp-content\/uploads\/2026\/04\/PAOLAZZI-ROMA.mp3<\/a><\/audio>\n<p>&nbsp;<\/p>\n<hr \/>\n<p>&nbsp;<\/p>\n<blockquote>\n<h3 style=\"text-align: center;\">IL SENATO APPROVA LA LEGGE SUL PANE<\/h3>\n<\/blockquote>\n<p><strong><a class=\"dt-pswp-item\" href=\"https:\/\/www.radiopiu.net\/wordpress\/wp-content\/uploads\/2019\/03\/diventare_panettiere.jpg\" data-dt-img-description=\"\" data-large_image_width=\"345\" data-large_image_height=\"415\"><img loading=\"lazy\" decoding=\"async\" class=\"aligncenter size-medium wp-image-79114\" src=\"https:\/\/www.radiopiu.net\/wordpress\/wp-content\/uploads\/2019\/03\/diventare_panettiere-249x300.jpg\" alt=\"\" width=\"249\" height=\"300\" srcset=\"https:\/\/www.radiopiu.net\/wordpress\/wp-content\/uploads\/2019\/03\/diventare_panettiere-249x300.jpg 249w, https:\/\/www.radiopiu.net\/wordpress\/wp-content\/uploads\/2019\/03\/diventare_panettiere.jpg 345w\" sizes=\"auto, (max-width: 249px) 100vw, 249px\" \/><\/a>\u00a0<\/strong><\/p>\n<p><strong>ROMA <\/strong>Il Senato ha approvato il disegno di legge del senatore Luca De Carlo sulla produzione e vendita del pane. De Carlo ha definito il risultato frutto di un lungo lavoro, nato per difendere tradizione, Made in Italy e occupazione. La norma aggiorna dopo quasi sessant\u2019anni le regole del settore, adeguandole a nuove tecniche produttive, distribuzione moderna e maggiori diritti dei consumatori. L\u2019obiettivo \u00e8 valorizzare i territori, le produzioni DOP e IGP e sostenere migliaia di imprese artigianali italiane, coniugando storia, qualit\u00e0, innovazione e sviluppo economico nazionale futuro sostenibile.<\/p>\n<p>&nbsp;<\/p>\n<p>&nbsp;<\/p>\n<hr \/>\n<p>&nbsp;<\/p>\n<blockquote>\n<h3 style=\"text-align: center;\">AL VIA I CORSI GRATUITI SULLA SICUREZZA PER IL VOLONTARIATO A CENCENIGHE<\/h3>\n<\/blockquote>\n<p><strong><a class=\"dt-pswp-item\" href=\"https:\/\/www.radiopiu.net\/wordpress\/wp-content\/uploads\/2026\/04\/20260430_CSV-corsi-sicurezza.jpg\" data-dt-img-description=\"\" data-large_image_width=\"2048\" data-large_image_height=\"2560\"><img loading=\"lazy\" decoding=\"async\" class=\"aligncenter size-medium wp-image-509278\" src=\"https:\/\/www.radiopiu.net\/wordpress\/wp-content\/uploads\/2026\/04\/20260430_CSV-corsi-sicurezza-240x300.jpg\" alt=\"\" width=\"240\" height=\"300\" srcset=\"https:\/\/www.radiopiu.net\/wordpress\/wp-content\/uploads\/2026\/04\/20260430_CSV-corsi-sicurezza-240x300.jpg 240w, https:\/\/www.radiopiu.net\/wordpress\/wp-content\/uploads\/2026\/04\/20260430_CSV-corsi-sicurezza-819x1024.jpg 819w, https:\/\/www.radiopiu.net\/wordpress\/wp-content\/uploads\/2026\/04\/20260430_CSV-corsi-sicurezza-768x960.jpg 768w, https:\/\/www.radiopiu.net\/wordpress\/wp-content\/uploads\/2026\/04\/20260430_CSV-corsi-sicurezza-1229x1536.jpg 1229w, https:\/\/www.radiopiu.net\/wordpress\/wp-content\/uploads\/2026\/04\/20260430_CSV-corsi-sicurezza-1638x2048.jpg 1638w, https:\/\/www.radiopiu.net\/wordpress\/wp-content\/uploads\/2026\/04\/20260430_CSV-corsi-sicurezza.jpg 2048w\" sizes=\"auto, (max-width: 240px) 100vw, 240px\" \/><\/a>\u00a0<\/strong><\/p>\n<p><strong>CENCENIGHE <\/strong>Nell\u2019ambito del progetto \u201cImpegno oltre i confini \u2013 Il volontariato unisce\u201d, promosso dal programma Interreg VI-A Italia-Austria CLLD Dolomiti Live, <span class=\"hover:entity-accent entity-underline inline cursor-pointer align-baseline\"><span class=\"whitespace-normal\">Csv Belluno Treviso<\/span><\/span> presenta un nuovo programma formativo dedicato al territorio dell\u2019Alto Bellunese. L\u2019iniziativa propone una serie di corsi gratuiti sulla sicurezza che si svolgeranno nelle prossime settimane a <span class=\"hover:entity-accent entity-underline inline cursor-pointer align-baseline\"><span class=\"whitespace-normal\">Cencenighe Agordino<\/span><\/span>. Il calendario prevede il corso di Formazione generale sulla sicurezza il 5 maggio, il Primo soccorso gruppo A a partire dal 12 maggio, il corso Antincendio livello 3 dal 19 maggio e il Blsd il 6 giugno. Per quest\u2019ultimo appuntamento i posti disponibili risultano gi\u00e0 esauriti, ma \u00e8 comunque possibile iscriversi alla lista d\u2019attesa. La partecipazione \u00e8 gratuita, mentre l\u2019iscrizione \u00e8 obbligatoria fino a esaurimento posti. Chi ha gi\u00e0 inviato il modulo ricever\u00e0 nei prossimi giorni una mail di conferma con i dettagli organizzativi. Per ulteriori informazioni \u00e8 possibile contattare Csv Belluno Treviso via email all\u2019indirizzo <a class=\"decorated-link cursor-pointer\" rel=\"noopener\" data-start=\"1136\" data-end=\"1157\">formazione@csvbltv.it<\/a> oppure telefonare allo 0437 950374, interno 106.<\/p>\n<p>&nbsp;<\/p>\n<p>&nbsp;<\/p>\n<hr \/>\n<p>&nbsp;<\/p>\n<blockquote>\n<h3 style=\"text-align: center;\">CORTINABANCA, ASSEMBLEA DEI SOCI TRA CONTI RECORD E RINNOVO DELLE CARICHE<\/h3>\n<\/blockquote>\n<p><strong><a class=\"dt-pswp-item\" href=\"https:\/\/www.radiopiu.net\/wordpress\/wp-content\/uploads\/2026\/04\/CORTINA-BANCA.jpg\" data-dt-img-description=\"\" data-large_image_width=\"345\" data-large_image_height=\"104\"><img loading=\"lazy\" decoding=\"async\" class=\"aligncenter size-medium wp-image-509283\" src=\"https:\/\/www.radiopiu.net\/wordpress\/wp-content\/uploads\/2026\/04\/CORTINA-BANCA-300x90.jpg\" alt=\"\" width=\"300\" height=\"90\" srcset=\"https:\/\/www.radiopiu.net\/wordpress\/wp-content\/uploads\/2026\/04\/CORTINA-BANCA-300x90.jpg 300w, https:\/\/www.radiopiu.net\/wordpress\/wp-content\/uploads\/2026\/04\/CORTINA-BANCA.jpg 345w\" sizes=\"auto, (max-width: 300px) 100vw, 300px\" \/><\/a>\u00a0<\/strong><\/p>\n<p><strong>CORTINA <\/strong>\u00c8 stata convocata l\u2019annuale Assemblea dei Soci di CORTINABANCA, in programma in seconda convocazione gioved\u00ec 14 maggio 2026 alle ore 17 al Centro Congressi Alexander Girardi Hall di Cortina d\u2019Ampezzo. Al centro dei lavori ci saranno l\u2019esame e l\u2019approvazione del Bilancio d\u2019Esercizio chiuso al 31 dicembre 2025, oltre al rinnovo delle cariche sociali per il triennio 2026-2029, con l\u2019elezione del Consiglio di Amministrazione e del Collegio Sindacale. Il bilancio 2025 si chiude con un utile superiore ai 10 milioni di euro e con un Total Capital Ratio del 41,9%, dato che conferma solidit\u00e0 e capacit\u00e0 gestionale dell\u2019istituto, unico con sede in provincia di Belluno. \u201cPossiamo essere orgogliosi dei risultati raggiunti\u201d, ha dichiarato il presidente Massimo Antonelli, sottolineando anche l\u2019impegno verso soci e territorio. Nel 2025 la banca ha sostenuto oltre 300 associazioni locali con contributi superiori a 1,5 milioni di euro. Previsti inoltre premi ai soci fedeli da 50 anni.<\/p>\n<p>&nbsp;<\/p>\n<p>&nbsp;<\/p>\n<hr \/>\n<p>&nbsp;<\/p>\n<blockquote>\n<h3 style=\"text-align: center;\">MOSTRA DELLE OPERE DEGLI ALLIEVI DI LAURA BALLIS STAGIONE 2025\/26<\/h3>\n<\/blockquote>\n<p><strong>DI MARINA DONA&#8217;<\/strong><\/p>\n<p><strong>AGORDO<\/strong> Marted\u00ec 28 aprile 2026 nel tardo pomeriggio c&#8217;\u00e8 stata l&#8217; inaugurazione della mostra delle opere realizzate dagli allievi dell&#8217;Universit\u00e0 Adulti Anziani di Belluno, sezione di Agordo, nella sala Don Tamis, mostra che sar\u00e0 aperta fino al 3 maggio 2026 con orari pomeridiani tutti i giorni dalle 16 alle 19, e mattutini dalle 10 alle 12 il mercoled\u00ec, sabato e domenica. Protagonista della mostra la stessa citt\u00e0 di Agordo, tra passato e presente, tema che ha trovato consenso in primis dal primo cittadino Roberto Chissal\u00e9. Grande soddisfazione espressa anche dalla coordinatrice Fiorella Candiani. Per concludere la novit\u00e0, e anche sorpresa, annunciata dalla docente Laura Ballis, dell&#8217;acquisto di un torchio, strumento utile per lo stampaggio di opere realizzate con la punta secca su plexiglass, una tecnica che sta scomparendo ma che \u00e8 ancora viva in un laboratorio artigianale di Vicenza. Giancarlo Busato, \u00e8 il proprietario, che ha preso in eredit\u00e0 dai genitori e dai nonni l&#8217;azienda, e che sta portando avanti questa tecnica. Ora per chi fosse interessato \u00e8 possibile stampare anche in Agordino, e realizzare delle piccole opere d&#8217;arte personalizzate senza particolari capacit\u00e0 artistiche. La docente \u00e8 a disposizione per chi ne fosse interessato. Arte e cultura in primo piano per dare un valore in primis all&#8217;agordino ma anche alla provincia.<\/p>\n<div style=\"width: 1024px;\" class=\"wp-video\"><video class=\"wp-video-shortcode\" id=\"video-509194-1\" width=\"1024\" height=\"576\" preload=\"metadata\" controls=\"controls\"><source type=\"video\/mp4\" src=\"https:\/\/www.radiopiu.net\/wordpress\/wp-content\/uploads\/2026\/04\/WhatsApp-Video-2026-04-28-at-19.57.57.mp4?_=1\" \/><a href=\"https:\/\/www.radiopiu.net\/wordpress\/wp-content\/uploads\/2026\/04\/WhatsApp-Video-2026-04-28-at-19.57.57.mp4\">https:\/\/www.radiopiu.net\/wordpress\/wp-content\/uploads\/2026\/04\/WhatsApp-Video-2026-04-28-at-19.57.57.mp4<\/a><\/video><\/div>\n<p>&nbsp;<\/p>\n\n\t\t\t<style type='text\/css'>\n\t\t\t\t#gallery-5 {\n\t\t\t\t\tmargin: auto;\n\t\t\t\t}\n\t\t\t\t#gallery-5 .gallery-item {\n\t\t\t\t\tfloat: left;\n\t\t\t\t\tmargin-top: 10px;\n\t\t\t\t\ttext-align: center;\n\t\t\t\t\twidth: 16%;\n\t\t\t\t}\n\t\t\t\t#gallery-5 img {\n\t\t\t\t\tborder: 2px solid #cfcfcf;\n\t\t\t\t}\n\t\t\t\t#gallery-5 .gallery-caption {\n\t\t\t\t\tmargin-left: 0;\n\t\t\t\t}\n\t\t\t\t\/* see gallery_shortcode() in wp-includes\/media.php *\/\n\t\t\t<\/style>\n\t\t<div id='gallery-5' class='dt-gallery-container gallery galleryid-509194 gallery-columns-6 gallery-size-thumbnail'><dl class='gallery-item'>\n\t\t\t\t<dt class='gallery-icon landscape'>\n\t\t\t\t\t<a class=\"rollover rollover-zoom dt-pswp-item\" title=\"4a40817e-cba4-416c-8730-cb0fc356357c\" data-dt-img-description=\"\" data-large_image_width=\"2000\" data-large_image_height=\"1500\"href='https:\/\/www.radiopiu.net\/wordpress\/wp-content\/uploads\/2026\/04\/4a40817e-cba4-416c-8730-cb0fc356357c.jpg'><img loading=\"lazy\" decoding=\"async\" width=\"150\" height=\"150\" src=\"https:\/\/www.radiopiu.net\/wordpress\/wp-content\/uploads\/2026\/04\/4a40817e-cba4-416c-8730-cb0fc356357c-150x150.jpg\" class=\"attachment-thumbnail size-thumbnail\" alt=\"\" \/><\/a>\n\t\t\t\t<\/dt><\/dl><dl class='gallery-item'>\n\t\t\t\t<dt class='gallery-icon landscape'>\n\t\t\t\t\t<a class=\"rollover rollover-zoom dt-pswp-item\" title=\"ed27f51f-397e-4278-882b-f937817c065d\" data-dt-img-description=\"\" data-large_image_width=\"2000\" data-large_image_height=\"1500\"href='https:\/\/www.radiopiu.net\/wordpress\/wp-content\/uploads\/2026\/04\/ed27f51f-397e-4278-882b-f937817c065d.jpg'><img loading=\"lazy\" decoding=\"async\" width=\"150\" height=\"150\" src=\"https:\/\/www.radiopiu.net\/wordpress\/wp-content\/uploads\/2026\/04\/ed27f51f-397e-4278-882b-f937817c065d-150x150.jpg\" class=\"attachment-thumbnail size-thumbnail\" alt=\"\" \/><\/a>\n\t\t\t\t<\/dt><\/dl><dl class='gallery-item'>\n\t\t\t\t<dt class='gallery-icon landscape'>\n\t\t\t\t\t<a class=\"rollover rollover-zoom dt-pswp-item\" title=\"4f8c93f6-b482-459d-8f88-0a3a22d00dd5\" data-dt-img-description=\"\" data-large_image_width=\"2000\" data-large_image_height=\"1500\"href='https:\/\/www.radiopiu.net\/wordpress\/wp-content\/uploads\/2026\/04\/4f8c93f6-b482-459d-8f88-0a3a22d00dd5.jpg'><img loading=\"lazy\" decoding=\"async\" width=\"150\" height=\"150\" src=\"https:\/\/www.radiopiu.net\/wordpress\/wp-content\/uploads\/2026\/04\/4f8c93f6-b482-459d-8f88-0a3a22d00dd5-150x150.jpg\" class=\"attachment-thumbnail size-thumbnail\" alt=\"\" \/><\/a>\n\t\t\t\t<\/dt><\/dl><dl class='gallery-item'>\n\t\t\t\t<dt class='gallery-icon landscape'>\n\t\t\t\t\t<a class=\"rollover rollover-zoom dt-pswp-item\" title=\"85264f6f-b5c4-480d-af2d-f55cfe49effa\" data-dt-img-description=\"\" data-large_image_width=\"2000\" data-large_image_height=\"1500\"href='https:\/\/www.radiopiu.net\/wordpress\/wp-content\/uploads\/2026\/04\/85264f6f-b5c4-480d-af2d-f55cfe49effa.jpg'><img loading=\"lazy\" decoding=\"async\" width=\"150\" height=\"150\" src=\"https:\/\/www.radiopiu.net\/wordpress\/wp-content\/uploads\/2026\/04\/85264f6f-b5c4-480d-af2d-f55cfe49effa-150x150.jpg\" class=\"attachment-thumbnail size-thumbnail\" alt=\"\" \/><\/a>\n\t\t\t\t<\/dt><\/dl><dl class='gallery-item'>\n\t\t\t\t<dt class='gallery-icon landscape'>\n\t\t\t\t\t<a class=\"rollover rollover-zoom dt-pswp-item\" title=\"e90a03c5-8c69-4aea-9585-39a7b8de8121\" data-dt-img-description=\"\" data-large_image_width=\"2000\" data-large_image_height=\"1500\"href='https:\/\/www.radiopiu.net\/wordpress\/wp-content\/uploads\/2026\/04\/e90a03c5-8c69-4aea-9585-39a7b8de8121.jpg'><img loading=\"lazy\" decoding=\"async\" width=\"150\" height=\"150\" src=\"https:\/\/www.radiopiu.net\/wordpress\/wp-content\/uploads\/2026\/04\/e90a03c5-8c69-4aea-9585-39a7b8de8121-150x150.jpg\" class=\"attachment-thumbnail size-thumbnail\" alt=\"\" \/><\/a>\n\t\t\t\t<\/dt><\/dl><dl class='gallery-item'>\n\t\t\t\t<dt class='gallery-icon landscape'>\n\t\t\t\t\t<a class=\"rollover rollover-zoom dt-pswp-item\" title=\"6a830bbe-48e1-4945-91ba-39da7012e225\" data-dt-img-description=\"\" data-large_image_width=\"2000\" data-large_image_height=\"1500\"href='https:\/\/www.radiopiu.net\/wordpress\/wp-content\/uploads\/2026\/04\/6a830bbe-48e1-4945-91ba-39da7012e225.jpg'><img loading=\"lazy\" decoding=\"async\" width=\"150\" height=\"150\" src=\"https:\/\/www.radiopiu.net\/wordpress\/wp-content\/uploads\/2026\/04\/6a830bbe-48e1-4945-91ba-39da7012e225-150x150.jpg\" class=\"attachment-thumbnail size-thumbnail\" alt=\"\" \/><\/a>\n\t\t\t\t<\/dt><\/dl><br style=\"clear: both\" \/><dl class='gallery-item'>\n\t\t\t\t<dt class='gallery-icon landscape'>\n\t\t\t\t\t<a class=\"rollover rollover-zoom dt-pswp-item\" title=\"101071d6-90de-4023-9e2d-12c97bd4c756\" data-dt-img-description=\"\" data-large_image_width=\"2000\" data-large_image_height=\"1500\"href='https:\/\/www.radiopiu.net\/wordpress\/wp-content\/uploads\/2026\/04\/101071d6-90de-4023-9e2d-12c97bd4c756.jpg'><img loading=\"lazy\" decoding=\"async\" width=\"150\" height=\"150\" src=\"https:\/\/www.radiopiu.net\/wordpress\/wp-content\/uploads\/2026\/04\/101071d6-90de-4023-9e2d-12c97bd4c756-150x150.jpg\" class=\"attachment-thumbnail size-thumbnail\" alt=\"\" \/><\/a>\n\t\t\t\t<\/dt><\/dl><dl class='gallery-item'>\n\t\t\t\t<dt class='gallery-icon landscape'>\n\t\t\t\t\t<a class=\"rollover rollover-zoom dt-pswp-item\" title=\"dcff90b0-c182-4308-bf4b-00a2c61587cd\" data-dt-img-description=\"\" data-large_image_width=\"2000\" data-large_image_height=\"1500\"href='https:\/\/www.radiopiu.net\/wordpress\/wp-content\/uploads\/2026\/04\/dcff90b0-c182-4308-bf4b-00a2c61587cd.jpg'><img loading=\"lazy\" decoding=\"async\" width=\"150\" height=\"150\" src=\"https:\/\/www.radiopiu.net\/wordpress\/wp-content\/uploads\/2026\/04\/dcff90b0-c182-4308-bf4b-00a2c61587cd-150x150.jpg\" class=\"attachment-thumbnail size-thumbnail\" alt=\"\" \/><\/a>\n\t\t\t\t<\/dt><\/dl><dl class='gallery-item'>\n\t\t\t\t<dt class='gallery-icon landscape'>\n\t\t\t\t\t<a class=\"rollover rollover-zoom dt-pswp-item\" title=\"cf0e348a-08db-4731-9334-4553bec646f3\" data-dt-img-description=\"\" data-large_image_width=\"2000\" data-large_image_height=\"1500\"href='https:\/\/www.radiopiu.net\/wordpress\/wp-content\/uploads\/2026\/04\/cf0e348a-08db-4731-9334-4553bec646f3.jpg'><img loading=\"lazy\" decoding=\"async\" width=\"150\" height=\"150\" src=\"https:\/\/www.radiopiu.net\/wordpress\/wp-content\/uploads\/2026\/04\/cf0e348a-08db-4731-9334-4553bec646f3-150x150.jpg\" class=\"attachment-thumbnail size-thumbnail\" alt=\"\" \/><\/a>\n\t\t\t\t<\/dt><\/dl><dl class='gallery-item'>\n\t\t\t\t<dt class='gallery-icon landscape'>\n\t\t\t\t\t<a class=\"rollover rollover-zoom dt-pswp-item\" title=\"515667a1-1075-426d-9296-cc245332d36f\" data-dt-img-description=\"\" data-large_image_width=\"2000\" data-large_image_height=\"1500\"href='https:\/\/www.radiopiu.net\/wordpress\/wp-content\/uploads\/2026\/04\/515667a1-1075-426d-9296-cc245332d36f.jpg'><img loading=\"lazy\" decoding=\"async\" width=\"150\" height=\"150\" src=\"https:\/\/www.radiopiu.net\/wordpress\/wp-content\/uploads\/2026\/04\/515667a1-1075-426d-9296-cc245332d36f-150x150.jpg\" class=\"attachment-thumbnail size-thumbnail\" alt=\"\" \/><\/a>\n\t\t\t\t<\/dt><\/dl><dl class='gallery-item'>\n\t\t\t\t<dt class='gallery-icon landscape'>\n\t\t\t\t\t<a class=\"rollover rollover-zoom dt-pswp-item\" title=\"a7a89c97-0816-4b86-b28c-d6ea984bc4f1\" data-dt-img-description=\"\" data-large_image_width=\"2000\" data-large_image_height=\"1500\"href='https:\/\/www.radiopiu.net\/wordpress\/wp-content\/uploads\/2026\/04\/a7a89c97-0816-4b86-b28c-d6ea984bc4f1.jpg'><img loading=\"lazy\" decoding=\"async\" width=\"150\" height=\"150\" src=\"https:\/\/www.radiopiu.net\/wordpress\/wp-content\/uploads\/2026\/04\/a7a89c97-0816-4b86-b28c-d6ea984bc4f1-150x150.jpg\" class=\"attachment-thumbnail size-thumbnail\" alt=\"\" \/><\/a>\n\t\t\t\t<\/dt><\/dl><dl class='gallery-item'>\n\t\t\t\t<dt class='gallery-icon landscape'>\n\t\t\t\t\t<a class=\"rollover rollover-zoom dt-pswp-item\" title=\"a4cf0060-4240-4e28-aa7c-0f2fe918a961\" data-dt-img-description=\"\" data-large_image_width=\"2000\" data-large_image_height=\"1500\"href='https:\/\/www.radiopiu.net\/wordpress\/wp-content\/uploads\/2026\/04\/a4cf0060-4240-4e28-aa7c-0f2fe918a961.jpg'><img loading=\"lazy\" decoding=\"async\" width=\"150\" height=\"150\" src=\"https:\/\/www.radiopiu.net\/wordpress\/wp-content\/uploads\/2026\/04\/a4cf0060-4240-4e28-aa7c-0f2fe918a961-150x150.jpg\" class=\"attachment-thumbnail size-thumbnail\" alt=\"\" \/><\/a>\n\t\t\t\t<\/dt><\/dl><br style=\"clear: both\" \/><dl class='gallery-item'>\n\t\t\t\t<dt class='gallery-icon landscape'>\n\t\t\t\t\t<a class=\"rollover rollover-zoom dt-pswp-item\" title=\"004e2aa2-3215-453e-aee6-e937739acd19\" data-dt-img-description=\"\" data-large_image_width=\"2000\" data-large_image_height=\"1500\"href='https:\/\/www.radiopiu.net\/wordpress\/wp-content\/uploads\/2026\/04\/004e2aa2-3215-453e-aee6-e937739acd19.jpg'><img loading=\"lazy\" decoding=\"async\" width=\"150\" height=\"150\" src=\"https:\/\/www.radiopiu.net\/wordpress\/wp-content\/uploads\/2026\/04\/004e2aa2-3215-453e-aee6-e937739acd19-150x150.jpg\" class=\"attachment-thumbnail size-thumbnail\" alt=\"\" \/><\/a>\n\t\t\t\t<\/dt><\/dl><dl class='gallery-item'>\n\t\t\t\t<dt class='gallery-icon landscape'>\n\t\t\t\t\t<a class=\"rollover rollover-zoom dt-pswp-item\" title=\"7d30bb7a-a038-45fc-9c1e-3a2f5ce5a326\" data-dt-img-description=\"\" data-large_image_width=\"2000\" data-large_image_height=\"1500\"href='https:\/\/www.radiopiu.net\/wordpress\/wp-content\/uploads\/2026\/04\/7d30bb7a-a038-45fc-9c1e-3a2f5ce5a326.jpg'><img loading=\"lazy\" decoding=\"async\" width=\"150\" height=\"150\" src=\"https:\/\/www.radiopiu.net\/wordpress\/wp-content\/uploads\/2026\/04\/7d30bb7a-a038-45fc-9c1e-3a2f5ce5a326-150x150.jpg\" class=\"attachment-thumbnail size-thumbnail\" alt=\"\" \/><\/a>\n\t\t\t\t<\/dt><\/dl><dl class='gallery-item'>\n\t\t\t\t<dt class='gallery-icon landscape'>\n\t\t\t\t\t<a class=\"rollover rollover-zoom dt-pswp-item\" title=\"cfeb4026-14c3-4102-ada0-a3f1b3d815bf\" data-dt-img-description=\"\" data-large_image_width=\"2000\" data-large_image_height=\"1500\"href='https:\/\/www.radiopiu.net\/wordpress\/wp-content\/uploads\/2026\/04\/cfeb4026-14c3-4102-ada0-a3f1b3d815bf.jpg'><img loading=\"lazy\" decoding=\"async\" width=\"150\" height=\"150\" src=\"https:\/\/www.radiopiu.net\/wordpress\/wp-content\/uploads\/2026\/04\/cfeb4026-14c3-4102-ada0-a3f1b3d815bf-150x150.jpg\" class=\"attachment-thumbnail size-thumbnail\" alt=\"\" \/><\/a>\n\t\t\t\t<\/dt><\/dl><dl class='gallery-item'>\n\t\t\t\t<dt class='gallery-icon landscape'>\n\t\t\t\t\t<a class=\"rollover rollover-zoom dt-pswp-item\" title=\"0916acee-2cae-4938-8a1e-ba12a511c3c2\" data-dt-img-description=\"\" data-large_image_width=\"2000\" data-large_image_height=\"1500\"href='https:\/\/www.radiopiu.net\/wordpress\/wp-content\/uploads\/2026\/04\/0916acee-2cae-4938-8a1e-ba12a511c3c2.jpg'><img loading=\"lazy\" decoding=\"async\" width=\"150\" height=\"150\" src=\"https:\/\/www.radiopiu.net\/wordpress\/wp-content\/uploads\/2026\/04\/0916acee-2cae-4938-8a1e-ba12a511c3c2-150x150.jpg\" class=\"attachment-thumbnail size-thumbnail\" alt=\"\" \/><\/a>\n\t\t\t\t<\/dt><\/dl><dl class='gallery-item'>\n\t\t\t\t<dt class='gallery-icon landscape'>\n\t\t\t\t\t<a class=\"rollover rollover-zoom dt-pswp-item\" title=\"11f6bbfb-7831-45bf-a26c-52c2f0070ecc\" data-dt-img-description=\"\" data-large_image_width=\"2000\" data-large_image_height=\"1500\"href='https:\/\/www.radiopiu.net\/wordpress\/wp-content\/uploads\/2026\/04\/11f6bbfb-7831-45bf-a26c-52c2f0070ecc.jpg'><img loading=\"lazy\" decoding=\"async\" width=\"150\" height=\"150\" src=\"https:\/\/www.radiopiu.net\/wordpress\/wp-content\/uploads\/2026\/04\/11f6bbfb-7831-45bf-a26c-52c2f0070ecc-150x150.jpg\" class=\"attachment-thumbnail size-thumbnail\" alt=\"\" \/><\/a>\n\t\t\t\t<\/dt><\/dl><dl class='gallery-item'>\n\t\t\t\t<dt class='gallery-icon landscape'>\n\t\t\t\t\t<a class=\"rollover rollover-zoom dt-pswp-item\" title=\"805633d9-adff-4071-a511-a910dac8228f\" data-dt-img-description=\"\" data-large_image_width=\"2000\" data-large_image_height=\"1500\"href='https:\/\/www.radiopiu.net\/wordpress\/wp-content\/uploads\/2026\/04\/805633d9-adff-4071-a511-a910dac8228f.jpg'><img loading=\"lazy\" decoding=\"async\" width=\"150\" height=\"150\" src=\"https:\/\/www.radiopiu.net\/wordpress\/wp-content\/uploads\/2026\/04\/805633d9-adff-4071-a511-a910dac8228f-150x150.jpg\" class=\"attachment-thumbnail size-thumbnail\" alt=\"\" \/><\/a>\n\t\t\t\t<\/dt><\/dl><br style=\"clear: both\" \/>\n\t\t\t<\/div>\n\n<p>&nbsp;<\/p>\n<hr \/>\n<p>&nbsp;<\/p>\n<h2 style=\"text-align: center;\"><span style=\"color: #ff0000;\">CONSIGLI COMUNALI IN AGORDINO<\/span><\/h2>\n<p><a class=\"dt-pswp-item\" href=\"https:\/\/www.radiopiu.net\/wordpress\/wp-content\/uploads\/2021\/07\/SAN-TOMASO-AGORDINO.png\" data-dt-img-description=\"\" data-large_image_width=\"1906\" data-large_image_height=\"1514\"><img loading=\"lazy\" decoding=\"async\" class=\"aligncenter size-medium wp-image-224233\" src=\"https:\/\/www.radiopiu.net\/wordpress\/wp-content\/uploads\/2021\/07\/SAN-TOMASO-AGORDINO-300x238.png\" alt=\"\" width=\"300\" height=\"238\" srcset=\"https:\/\/www.radiopiu.net\/wordpress\/wp-content\/uploads\/2021\/07\/SAN-TOMASO-AGORDINO-300x238.png 300w, https:\/\/www.radiopiu.net\/wordpress\/wp-content\/uploads\/2021\/07\/SAN-TOMASO-AGORDINO-1024x813.png 1024w, https:\/\/www.radiopiu.net\/wordpress\/wp-content\/uploads\/2021\/07\/SAN-TOMASO-AGORDINO-768x610.png 768w, https:\/\/www.radiopiu.net\/wordpress\/wp-content\/uploads\/2021\/07\/SAN-TOMASO-AGORDINO-1536x1220.png 1536w, https:\/\/www.radiopiu.net\/wordpress\/wp-content\/uploads\/2021\/07\/SAN-TOMASO-AGORDINO.png 1906w\" sizes=\"auto, (max-width: 300px) 100vw, 300px\" \/><\/a><\/p>\n<p><strong>SAN TOMASO<\/strong> Consiglio comunale oggi, alle 20. All&#8217;ordine del giorno spiccano l&#8217;approvazione del rendiconto della gestione 2025 e la richiesta di modifica del grado di protezione per un edificio in localit\u00e0 Sot Colar\u00f9. Previsto inoltre il rinnovo della convenzione con l&#8217;Unione Montana Agordina per il rilascio delle autorizzazioni paesaggistiche.<\/p>\n<p><strong>ROCCA PIETORE<\/strong> Consiglio comunale\u00a0 domani alle 18. All\u2019ordine del giorno figurano l\u2019aggiornamento del DUP 2026-2028 relativo al programma triennale degli acquisti, una variazione al bilancio di previsione e un\u2019interrogazione della minoranza sul progetto di una piazzola per l\u2019atterraggio dell\u2019elicottero.<\/p>\n<p><strong>COLLE SANTA LUCIA<\/strong> Consiglio comunale domani alle 20. All\u2019ordine del giorno: ratifica di una variazione di bilancio, approvazione rendiconto 2025 e relazione attivit\u00e0 dell\u2019associazione locale &#8220;Colle Santa Lucia &#8211; Dolomiti&#8221;.<\/p>\n<p>&nbsp;<\/p>\n<p>&nbsp;<\/p>\n<hr \/>\n<p>&nbsp;<\/p>\n<blockquote>\n<h3 style=\"text-align: center;\">CONCORSO POLIZIA DI STATO: 220 COMMISSARI<\/h3>\n<\/blockquote>\n<p><strong><a class=\"dt-pswp-item\" href=\"https:\/\/www.radiopiu.net\/wordpress\/wp-content\/uploads\/2022\/05\/POLIZIA-2.jpg\" data-dt-img-description=\"\" data-large_image_width=\"1920\" data-large_image_height=\"1080\"><img loading=\"lazy\" decoding=\"async\" class=\"aligncenter size-medium wp-image-278033\" src=\"https:\/\/www.radiopiu.net\/wordpress\/wp-content\/uploads\/2022\/05\/POLIZIA-2-300x169.jpg\" alt=\"\" width=\"300\" height=\"169\" srcset=\"https:\/\/www.radiopiu.net\/wordpress\/wp-content\/uploads\/2022\/05\/POLIZIA-2-300x169.jpg 300w, https:\/\/www.radiopiu.net\/wordpress\/wp-content\/uploads\/2022\/05\/POLIZIA-2-1024x576.jpg 1024w, https:\/\/www.radiopiu.net\/wordpress\/wp-content\/uploads\/2022\/05\/POLIZIA-2-768x432.jpg 768w, https:\/\/www.radiopiu.net\/wordpress\/wp-content\/uploads\/2022\/05\/POLIZIA-2-1536x864.jpg 1536w, https:\/\/www.radiopiu.net\/wordpress\/wp-content\/uploads\/2022\/05\/POLIZIA-2.jpg 1920w\" sizes=\"auto, (max-width: 300px) 100vw, 300px\" \/><\/a>\u00a0<\/strong><\/p>\n<p><strong>BELLUNO <\/strong>\u00c8 stato pubblicato il bando per il concorso pubblico della Polizia di Stato per l\u2019assunzione di 220 commissari della carriera dei funzionari. La selezione, per titoli ed esami, \u00e8 indetta con decreto del 17 aprile 2026. Le domande potranno essere presentate online dal 21 aprile al 20 maggio 2026 tramite il portale dedicato o il Portale unico del reclutamento <a href=\"http:\/\/www.inpa.gov.it\/\">www.inpa.gov.it<\/a>. La procedura \u00e8 disponibile sul sito della Polizia di Stato. Il concorso mira a rafforzare l\u2019organico dei funzionari e garantire nuove risorse qualificate al corpo.<\/p>\n<section class=\"text-token-text-primary w-full focus:outline-none [--shadow-height:45px] has-data-writing-block:pointer-events-none has-data-writing-block:-mt-(--shadow-height) has-data-writing-block:pt-(--shadow-height) [&amp;:has([data-writing-block])&gt;*]:pointer-events-auto [content-visibility:auto] supports-[content-visibility:auto]:[contain-intrinsic-size:auto_100lvh] R6Vx5W_threadScrollVars scroll-mb-[calc(var(--scroll-root-safe-area-inset-bottom,0px)+var(--thread-response-height))] scroll-mt-[calc(var(--header-height)+min(200px,max(70px,20svh)))]\" dir=\"auto\" data-turn-id=\"request-WEB:e48e00b1-5287-4490-8a92-048a3e25e88f-35\" data-testid=\"conversation-turn-70\" data-scroll-anchor=\"false\" data-turn=\"assistant\">\n<div class=\"text-base my-auto mx-auto pb-10 [--thread-content-margin:var(--thread-content-margin-xs,calc(var(--spacing)*4))] @w-sm\/main:[--thread-content-margin:var(--thread-content-margin-sm,calc(var(--spacing)*6))] @w-lg\/main:[--thread-content-margin:var(--thread-content-margin-lg,calc(var(--spacing)*16))] px-(--thread-content-margin)\">\n<div class=\"[--thread-content-max-width:40rem] @w-lg\/main:[--thread-content-max-width:48rem] mx-auto max-w-(--thread-content-max-width) flex-1 group\/turn-messages focus-visible:outline-hidden relative flex w-full min-w-0 flex-col agent-turn\">\n<div class=\"z-0 flex min-h-[46px] justify-start\"><\/div>\n<\/div>\n<\/div>\n<\/section>\n<p>&nbsp;<\/p>\n<hr \/>\n<p>&nbsp;<\/p>\n<blockquote>\n<h3 style=\"text-align: center;\">ALLEGHE SI TINGE DI ROSA: SAGAN E BRUSEGHIN APRONO IL COUNTDOWN<\/h3>\n<\/blockquote>\n<p><strong><a class=\"dt-pswp-item\" href=\"https:\/\/www.radiopiu.net\/wordpress\/wp-content\/uploads\/2026\/04\/image001.jpg\" data-dt-img-description=\"\" data-large_image_width=\"994\" data-large_image_height=\"238\"><img loading=\"lazy\" decoding=\"async\" class=\"aligncenter size-medium wp-image-508211\" src=\"https:\/\/www.radiopiu.net\/wordpress\/wp-content\/uploads\/2026\/04\/image001-300x72.jpg\" alt=\"\" width=\"300\" height=\"72\" srcset=\"https:\/\/www.radiopiu.net\/wordpress\/wp-content\/uploads\/2026\/04\/image001-300x72.jpg 300w, https:\/\/www.radiopiu.net\/wordpress\/wp-content\/uploads\/2026\/04\/image001-768x184.jpg 768w, https:\/\/www.radiopiu.net\/wordpress\/wp-content\/uploads\/2026\/04\/image001.jpg 994w\" sizes=\"auto, (max-width: 300px) 100vw, 300px\" \/><\/a>\u00a0<\/strong><\/p>\n<p><strong>ALLEGHE <\/strong>Il 109esimo Giro d\u2019Italia scalda i motori e Alleghe risponde con un evento d&#8217;eccezione. Oggi, a un mese esatto dalla storica tappa ai Piani di Pezz\u00e8, la Sala Convegni &#8220;Don Tamis&#8221; di Agordo ospiter\u00e0 un talk show imperdibile con due leggende del ciclismo: Peter Sagan e Marzio Bruseghin. Dalle ore 20:30, sotto la guida del giornalista Ilario Tancon, i riflettori si accenderanno su &#8220;Tourminator&#8221;, l\u2019unico ad aver vinto tre mondiali consecutivi, e sul trevigiano Bruseghin, gi\u00e0 podio al Giro 2008. Sar\u00e0 una serata di aneddoti e retroscena per lanciare la volata verso il 29 maggio, quando la carovana rosa affronter\u00e0 i 151 km e i 5.000 metri di dislivello della tappa interamente bellunese. Il Giro 2026, che partir\u00e0 dalla Bulgaria, trover\u00e0 proprio ad Alleghe uno dei suoi snodi cruciali. Il Comitato di Tappa ha previsto un ricco calendario di appuntamenti per accompagnare tifosi e curiosi verso l&#8217;arrivo in quota. Per maggiori dettagli su eventi e concorsi, \u00e8 possibile consultare il portale ufficiale: <i data-path-to-node=\"3\" data-index-in-node=\"311\">alleghe-dolomiti.it<\/i>.<\/p>\n<p>&nbsp;<\/p>\n<p>&nbsp;<\/p>\n<hr \/>\n<p>&nbsp;<\/p>\n<blockquote>\n<h3 style=\"text-align: center;\">RECOVERY COLLEGE: PROSSIMI INCONTRI A BELLUNO<\/h3>\n<\/blockquote>\n<p><strong><a class=\"dt-pswp-item\" href=\"https:\/\/www.radiopiu.net\/wordpress\/wp-content\/uploads\/2026\/04\/RECOVERY-COLLEGE.jpg\" data-dt-img-description=\"\" data-large_image_width=\"498\" data-large_image_height=\"346\"><img loading=\"lazy\" decoding=\"async\" class=\"aligncenter size-medium wp-image-509309\" src=\"https:\/\/www.radiopiu.net\/wordpress\/wp-content\/uploads\/2026\/04\/RECOVERY-COLLEGE-300x208.jpg\" alt=\"\" width=\"300\" height=\"208\" srcset=\"https:\/\/www.radiopiu.net\/wordpress\/wp-content\/uploads\/2026\/04\/RECOVERY-COLLEGE-300x208.jpg 300w, https:\/\/www.radiopiu.net\/wordpress\/wp-content\/uploads\/2026\/04\/RECOVERY-COLLEGE.jpg 498w\" sizes=\"auto, (max-width: 300px) 100vw, 300px\" \/><\/a>\u00a0<\/strong><\/p>\n<p><strong>BELLUNO <\/strong>Proseguono a Belluno gli incontri del Recovery College \u201cEco di Voci Cangianti\u201d, progetto promosso dai Centri di Salute Mentale dell\u2019Ulss Dolomiti insieme a numerose associazioni del territorio, che collaborano attivamente alla realizzazione del programma formativo e di condivisione. Il percorso propone attivit\u00e0, esperienze e formazione condivisa con l\u2019obiettivo di migliorare la comunicazione e la consapevolezza emotiva tra i partecipanti. Tra i prossimi appuntamenti figura l\u2019incontro \u201cParlare meglio, capirsi di pi\u00f9 \u2013 Le emozioni\u201d, previsto il domani dalle 17.00 alle 19.00 presso la Casa dei Beni Comuni in via Tiziano Vecellio 82 a Belluno. Un incontro aperto a tutti per riconoscere, esprimere e comunicare meglio le emozioni, favorendo relazioni pi\u00f9 consapevoli e benessere personale quotidiano nella vita sociale quotidiana.<\/p>\n<p>&nbsp;<\/p>\n<p>&nbsp;<\/p>\n<hr \/>\n<p>&nbsp;<\/p>\n<blockquote>\n<h3 style=\"text-align: center;\">MUSICA TRA VENEZIA E NAPOLI A MEL<\/h3>\n<\/blockquote>\n<p><strong><a class=\"dt-pswp-item\" href=\"https:\/\/www.radiopiu.net\/wordpress\/wp-content\/uploads\/2026\/04\/LFH.jpeg\" data-dt-img-description=\"\" data-large_image_width=\"1040\" data-large_image_height=\"558\"><img loading=\"lazy\" decoding=\"async\" class=\"aligncenter size-medium wp-image-509312\" src=\"https:\/\/www.radiopiu.net\/wordpress\/wp-content\/uploads\/2026\/04\/LFH-300x161.jpeg\" alt=\"\" width=\"300\" height=\"161\" srcset=\"https:\/\/www.radiopiu.net\/wordpress\/wp-content\/uploads\/2026\/04\/LFH-300x161.jpeg 300w, https:\/\/www.radiopiu.net\/wordpress\/wp-content\/uploads\/2026\/04\/LFH-1024x549.jpeg 1024w, https:\/\/www.radiopiu.net\/wordpress\/wp-content\/uploads\/2026\/04\/LFH-768x412.jpeg 768w, https:\/\/www.radiopiu.net\/wordpress\/wp-content\/uploads\/2026\/04\/LFH.jpeg 1040w\" sizes=\"auto, (max-width: 300px) 100vw, 300px\" \/><\/a>\u00a0<\/strong><\/p>\n<p><strong>BORGO VALBELLUNA <\/strong>Sar\u00e0 una serata musicale domani alle 20.45 all\u2019Auditorium ex chiesa di San Pietro a Mel, con un viaggio tra Venezia e Napoli tra Ottocento e Novecento. Il concerto esplora la canzone tra le due citt\u00e0, tra tradizione e affinit\u00e0 culturali, ripercorrendo brani storici come &#8216;Te voglio bene assaje&#8217; e la canzone da batelo. Pina Sabbatini e Bepi Santuzzo, amici e musicisti, hanno ideato il progetto durante la pandemia, arrangiando brani per chitarra e mandolino. Il programma, intitolato Musica dai due Golfi, unisce musica e narrazione in forma quasi teatrale.<\/p>\n<p>&nbsp;<\/p>\n<p>&nbsp;<\/p>\n<hr \/>\n<p>&nbsp;<\/p>\n<h3 style=\"text-align: center;\">CONCERTO IN RICORDO DI MARINA NESSENZIA<\/h3>\n<p><strong><a class=\"dt-pswp-item\" href=\"https:\/\/www.radiopiu.net\/wordpress\/wp-content\/uploads\/2026\/04\/NESSENZIA-CONC-2026.jpg\" data-dt-img-description=\"\" data-large_image_width=\"904\" data-large_image_height=\"709\"><img loading=\"lazy\" decoding=\"async\" class=\"aligncenter size-medium wp-image-509162\" src=\"https:\/\/www.radiopiu.net\/wordpress\/wp-content\/uploads\/2026\/04\/NESSENZIA-CONC-2026-300x235.jpg\" alt=\"\" width=\"300\" height=\"235\" srcset=\"https:\/\/www.radiopiu.net\/wordpress\/wp-content\/uploads\/2026\/04\/NESSENZIA-CONC-2026-300x235.jpg 300w, https:\/\/www.radiopiu.net\/wordpress\/wp-content\/uploads\/2026\/04\/NESSENZIA-CONC-2026-768x602.jpg 768w, https:\/\/www.radiopiu.net\/wordpress\/wp-content\/uploads\/2026\/04\/NESSENZIA-CONC-2026.jpg 904w\" sizes=\"auto, (max-width: 300px) 100vw, 300px\" \/><\/a>\u00a0<\/strong><\/p>\n<p><strong>AGORDO <\/strong>Anche quest\u2019anno l\u2019Associazione Valle dei Sogni di Col di Pr\u00e0 ha organizzato un concerto in memoria di Marina Nessenzia, musicista e insegnante di Agordo, figura molto amata nel territorio. L\u2019evento vedr\u00e0 la partecipazione della Schola femminile \u201cIn dulci Jubilo\u201d di Verona, coro al quale la stessa Marina aveva appartenuto per molti anni, mantenendo un forte legame artistico e umano. Il concerto, intitolato \u201cMUSICA TRA CIELO E TERRA. Dante e il canto gregoriano\u201d, propone l\u2019esecuzione dei brani citati nella Divina Commedia, alternati alla lettura dei versi del Sommo Poeta, in un intreccio tra musica e letteratura. L\u2019appuntamento \u00e8 fissato per venerd\u00ec 1 maggio alle ore 17.30 nella chiesa Arcidiaconale di Agordo. Le offerte raccolte saranno devolute all\u2019associazione Pettirosso Agordino.<\/p>\n<p>&nbsp;<\/p>\n<hr \/>\n<p>&nbsp;<\/p>\n<blockquote class=\"wp-embedded-content\" data-secret=\"QrqDuxeons\"><p><a href=\"https:\/\/www.radiopiu.net\/wordpress\/raccolta20262002aa\/\">VENT\u2019ANNI DI AMICIZIA IN UNO SGUARDO: ELIO ARIC\u00d2 RACCONTA FRANCO FIABANE<\/a><\/p><\/blockquote>\n<p><iframe loading=\"lazy\" class=\"wp-embedded-content\" sandbox=\"allow-scripts\" security=\"restricted\" style=\"position: absolute; visibility: hidden;\" title=\"&#8220;VENT\u2019ANNI DI AMICIZIA IN UNO SGUARDO: ELIO ARIC\u00d2 RACCONTA FRANCO FIABANE&#8221; &#8212; Radio Pi\u00f9\" src=\"https:\/\/www.radiopiu.net\/wordpress\/raccolta20262002aa\/embed\/#?secret=sqTvQpGfEU#?secret=QrqDuxeons\" data-secret=\"QrqDuxeons\" width=\"600\" height=\"338\" frameborder=\"0\" marginwidth=\"0\" marginheight=\"0\" scrolling=\"no\"><\/iframe><\/p>\n<p>&nbsp;<\/p>\n<hr \/>\n<p>&nbsp;<\/p>\n<blockquote>\n<h3 style=\"text-align: center;\">PELLEGRINAGGIO TRA FEDE E NATURA A CHIUSA E BRESSANONE<\/h3>\n<\/blockquote>\n<p><strong><a class=\"dt-pswp-item\" href=\"https:\/\/www.radiopiu.net\/wordpress\/wp-content\/uploads\/2026\/04\/ljhdlka.jpg\" data-dt-img-description=\"\" data-large_image_width=\"670\" data-large_image_height=\"948\"><img loading=\"lazy\" decoding=\"async\" class=\"aligncenter wp-image-506937\" src=\"https:\/\/www.radiopiu.net\/wordpress\/wp-content\/uploads\/2026\/04\/ljhdlka-212x300.jpg\" alt=\"\" width=\"143\" height=\"202\" srcset=\"https:\/\/www.radiopiu.net\/wordpress\/wp-content\/uploads\/2026\/04\/ljhdlka-212x300.jpg 212w, https:\/\/www.radiopiu.net\/wordpress\/wp-content\/uploads\/2026\/04\/ljhdlka.jpg 670w\" sizes=\"auto, (max-width: 143px) 100vw, 143px\" \/><\/a>\u00a0<\/strong><\/p>\n<p><strong>CANALE D&#8217;AGORDO <\/strong>Un\u2019occasione unica per vivere un\u2019esperienza che unisce spiritualit\u00e0, natura e cultura: \u00e8 il pellegrinaggio a Chiusa e Bressanone, in programma l\u20198 e 9 maggio con partenza da Canale d\u2019Agordo. L\u2019iniziativa prevede due giornate tra cammini, visite guidate e momenti di preghiera, con la possibilit\u00e0 di partecipare anche solo sabato 9 maggio. Il viaggio \u00e8 organizzato dall\u2019agenzia Think Blue Dolomiti Tour di Falcade in collaborazione con la parrocchia e la Fondazione Papa Luciani. I posti sono limitati e la prenotazione \u00e8 obbligatoria. Per informazioni e iscrizioni \u00e8 possibile contattare il numero 377 9665237 o scrivere via email.<\/p>\n<p>&nbsp;<\/p>\n<p>&nbsp;<\/p>\n<hr \/>\n<p>&nbsp;<\/p>\n<blockquote>\n<h3 style=\"text-align: center;\">VOCI E ARCHI IN CONCERTO A VOLTAGO AGORDINO<\/h3>\n<\/blockquote>\n<p><strong><a class=\"dt-pswp-item\" href=\"https:\/\/www.radiopiu.net\/wordpress\/wp-content\/uploads\/2026\/04\/1000089694.jpg\" data-dt-img-description=\"\" data-large_image_width=\"1131\" data-large_image_height=\"1600\"><img loading=\"lazy\" decoding=\"async\" class=\"aligncenter size-medium wp-image-508524\" src=\"https:\/\/www.radiopiu.net\/wordpress\/wp-content\/uploads\/2026\/04\/1000089694-212x300.jpg\" alt=\"\" width=\"212\" height=\"300\" srcset=\"https:\/\/www.radiopiu.net\/wordpress\/wp-content\/uploads\/2026\/04\/1000089694-212x300.jpg 212w, https:\/\/www.radiopiu.net\/wordpress\/wp-content\/uploads\/2026\/04\/1000089694-724x1024.jpg 724w, https:\/\/www.radiopiu.net\/wordpress\/wp-content\/uploads\/2026\/04\/1000089694-768x1086.jpg 768w, https:\/\/www.radiopiu.net\/wordpress\/wp-content\/uploads\/2026\/04\/1000089694-1086x1536.jpg 1086w, https:\/\/www.radiopiu.net\/wordpress\/wp-content\/uploads\/2026\/04\/1000089694.jpg 1131w\" sizes=\"auto, (max-width: 212px) 100vw, 212px\" \/><\/a>\u00a0<\/strong><\/p>\n<p><strong>VOLTAGO <\/strong>Nella chiesa di Voltago Agordino si terr\u00e0 sabato 16 maggio 2026 alle 20.30 il concerto \u201cVoci e Archi in Concerto\u201d, organizzato dal Consiglio Pastorale delle parrocchie del P\u00f2i. Protagonisti saranno il Coro Agordo, diretto da Anna Devich, e il Coro Fodom guidato da Lorenzo Vallazza, uniti da stima e affinit\u00e0 artistiche. L\u2019evento sar\u00e0 arricchito dal Quartetto Padova Ensemble, formato da musicisti legati da amicizia e passione per il repertorio classico. La serata offrir\u00e0 un suggestivo dialogo tra voci e strumenti, creando un\u2019atmosfera coinvolgente e rilassante, capace di trasportare il pubblico lontano dalle preoccupazioni quotidiane attraverso la bellezza della musica.<\/p>\n<p>&nbsp;<\/p>\n<p>&nbsp;<\/p>\n<hr \/>\n<p>&nbsp;<\/p>\n<blockquote>\n<h3 style=\"text-align: center;\">IL GIARDINO DEI SEMPLICI IN CONCERTO A FELTRE: 50 ANNI DI MUSICA ED EMOZIONI<\/h3>\n<\/blockquote>\n<p><strong><a class=\"dt-pswp-item\" href=\"https:\/\/www.radiopiu.net\/wordpress\/wp-content\/uploads\/2026\/03\/ac3bec6c-9d20-4068-b6cc-fe32828b8691.jpg\" data-dt-img-description=\"\" data-large_image_width=\"939\" data-large_image_height=\"1302\"><img loading=\"lazy\" decoding=\"async\" class=\"aligncenter size-medium wp-image-500762\" src=\"https:\/\/www.radiopiu.net\/wordpress\/wp-content\/uploads\/2026\/03\/ac3bec6c-9d20-4068-b6cc-fe32828b8691-216x300.jpg\" alt=\"\" width=\"216\" height=\"300\" srcset=\"https:\/\/www.radiopiu.net\/wordpress\/wp-content\/uploads\/2026\/03\/ac3bec6c-9d20-4068-b6cc-fe32828b8691-216x300.jpg 216w, https:\/\/www.radiopiu.net\/wordpress\/wp-content\/uploads\/2026\/03\/ac3bec6c-9d20-4068-b6cc-fe32828b8691-739x1024.jpg 739w, https:\/\/www.radiopiu.net\/wordpress\/wp-content\/uploads\/2026\/03\/ac3bec6c-9d20-4068-b6cc-fe32828b8691-768x1065.jpg 768w, https:\/\/www.radiopiu.net\/wordpress\/wp-content\/uploads\/2026\/03\/ac3bec6c-9d20-4068-b6cc-fe32828b8691.jpg 939w\" sizes=\"auto, (max-width: 216px) 100vw, 216px\" \/><\/a>\u00a0<\/strong><\/p>\n<p><strong>FELTRE<\/strong>\u00a0 Arriva a Feltre uno degli appuntamenti musicali pi\u00f9 attesi dell\u2019estate: il concerto de <span class=\"hover:entity-accent entity-underline inline cursor-pointer align-baseline\"><span class=\"whitespace-normal\">Il Giardino dei Semplici<\/span><\/span>, storica band napoletana protagonista della scena pop melodica italiana dagli anni Settanta. Il gruppo, nato nel 1974, ha conquistato il pubblico con brani intramontabili come \u201cM\u2019innamorai\u201d e \u201cMiele\u201d, portata anche al Festival di Sanremo. Con oltre 50 anni di carriera, milioni di dischi venduti e migliaia di concerti, la band continua a emozionare generazioni diverse grazie a uno stile che unisce romanticismo e sonorit\u00e0 pop-rock. L\u2019appuntamento \u00e8 per il 6 giugno all\u2019Auditorium Canossiane: una serata speciale tra grandi successi e nuove emozioni, capace di far cantare il pubblico di tutte le et\u00e0.<\/p>\n<p>&nbsp;<\/p>\n<hr \/>\n<p>&nbsp;<\/p>\n<blockquote>\n<h3 style=\"text-align: center;\">MISS DOLOMITI BELLUNESI: SOSPIROLO INCORONA LA BELLEZZA DEL TERRITORIO<\/h3>\n<\/blockquote>\n<p><strong><a class=\"dt-pswp-item\" href=\"https:\/\/www.radiopiu.net\/wordpress\/wp-content\/uploads\/2026\/04\/c184d22d-a91e-4f2d-8876-5b5db715c288.png\" data-dt-img-description=\"\" data-large_image_width=\"1690\" data-large_image_height=\"931\"><img loading=\"lazy\" decoding=\"async\" class=\"aligncenter size-medium wp-image-509174\" src=\"https:\/\/www.radiopiu.net\/wordpress\/wp-content\/uploads\/2026\/04\/c184d22d-a91e-4f2d-8876-5b5db715c288-300x165.png\" alt=\"\" width=\"300\" height=\"165\" srcset=\"https:\/\/www.radiopiu.net\/wordpress\/wp-content\/uploads\/2026\/04\/c184d22d-a91e-4f2d-8876-5b5db715c288-300x165.png 300w, https:\/\/www.radiopiu.net\/wordpress\/wp-content\/uploads\/2026\/04\/c184d22d-a91e-4f2d-8876-5b5db715c288-1024x564.png 1024w, https:\/\/www.radiopiu.net\/wordpress\/wp-content\/uploads\/2026\/04\/c184d22d-a91e-4f2d-8876-5b5db715c288-768x423.png 768w, https:\/\/www.radiopiu.net\/wordpress\/wp-content\/uploads\/2026\/04\/c184d22d-a91e-4f2d-8876-5b5db715c288-1536x846.png 1536w, https:\/\/www.radiopiu.net\/wordpress\/wp-content\/uploads\/2026\/04\/c184d22d-a91e-4f2d-8876-5b5db715c288.png 1690w\" sizes=\"auto, (max-width: 300px) 100vw, 300px\" \/><\/a>\u00a0<\/strong><\/p>\n<p><strong>SOSPIROLO\u00a0 <\/strong>La bellezza autentica sposa il cuore delle vette. Domenica 28 giugno, a partire dalle 18, il Centro Civico di Sospirolo ospiter\u00e0 la sfilata di Miss Dolomiti Bellunesi, un evento nato per esaltare l\u2019identit\u00e0 e lo splendore del territorio. Tra i riflettori e l\u2019eccellenza locale, le aspiranti miss sfileranno accompagnate dalle note suggestive di DJ Komoro. La serata, guidata da una presentatrice d&#8217;eccezione, vedr\u00e0 la partecipazione di ospiti speciali del mondo dello spettacolo. Mentre la giuria si ritirer\u00e0 per deliberare, il pubblico potr\u00e0 vivere un\u2019atmosfera magica dove il talento incontra le radici bellunesi. La partecipazione \u00e8 gratuita (et\u00e0 minima 18 anni, massima 30)\u00a0 e le iscrizioni restano aperte fino al 20 giugno al numero 3471859436. Un&#8217;occasione imperdibile per brillare in un contesto unico.<\/p>\n<p>&nbsp;<\/p>\n<hr \/>\n<p>da &#8220;ODIO LA RADIO&#8221;&#8230; LA STORIA DELLA RADIO LIBERA<\/p>\n<p><span style=\"color: #ff0000;\"><strong>PUNTATA 02<\/strong><\/span><\/p>\n<p><a class=\"dt-pswp-item\" href=\"https:\/\/www.radiopiu.net\/wordpress\/wp-content\/uploads\/2026\/04\/70238311-9a83-4e9f-99c5-f8db650d3997.jpg\" data-dt-img-description=\"\" data-large_image_width=\"1552\" data-large_image_height=\"813\"><img loading=\"lazy\" decoding=\"async\" class=\"aligncenter size-medium wp-image-509347\" src=\"https:\/\/www.radiopiu.net\/wordpress\/wp-content\/uploads\/2026\/04\/70238311-9a83-4e9f-99c5-f8db650d3997-300x157.jpg\" alt=\"\" width=\"300\" height=\"157\" srcset=\"https:\/\/www.radiopiu.net\/wordpress\/wp-content\/uploads\/2026\/04\/70238311-9a83-4e9f-99c5-f8db650d3997-300x157.jpg 300w, https:\/\/www.radiopiu.net\/wordpress\/wp-content\/uploads\/2026\/04\/70238311-9a83-4e9f-99c5-f8db650d3997-1024x536.jpg 1024w, https:\/\/www.radiopiu.net\/wordpress\/wp-content\/uploads\/2026\/04\/70238311-9a83-4e9f-99c5-f8db650d3997-768x402.jpg 768w, https:\/\/www.radiopiu.net\/wordpress\/wp-content\/uploads\/2026\/04\/70238311-9a83-4e9f-99c5-f8db650d3997-1536x805.jpg 1536w, https:\/\/www.radiopiu.net\/wordpress\/wp-content\/uploads\/2026\/04\/70238311-9a83-4e9f-99c5-f8db650d3997.jpg 1552w\" sizes=\"auto, (max-width: 300px) 100vw, 300px\" \/><\/a><\/p>\n<p><strong>PODCAST, FONTE &#8220;Odio La Radio&#8221;, il libro di Mirko Mezzacasa 2013<\/strong><\/p>\n<p data-start=\"131\" data-end=\"163\"><strong data-start=\"131\" data-end=\"163\">Radio Pi\u00f9 \u2013 Speciale podcast<\/strong><\/p>\n<p data-start=\"165\" data-end=\"242\">Trent\u2019anni di Radio Pi\u00f9 tra storia, territorio e identit\u00e0.\u00a0 Dal libro <em data-start=\"254\" data-end=\"269\">Odio la radio<\/em> di Mirko Mezzacasa (2013), nasce un racconto che attraversa tre decenni di vita dell\u2019emittente agordina, intrecciando memoria, informazione e trasformazioni sociali. A trent\u2019anni dalla fondazione di Radio Pi\u00f9, emergevano riflessioni e punti di vista sul ruolo della radio nel territorio, tra passato e presente. Le opinioni del giornalista Giorgio Fontanive e dell\u2019allora presidente della Comunit\u00e0 Montana Agordina, Elio Daur\u00f9, aiutavano a ricostruire il senso di un\u2019esperienza che va oltre la semplice comunicazione. La storia della radio si intreccia anche con la musica e la cultura, a partire dal riferimento alla canzone di Eugenio Finardi, fino all\u2019intervista realizzata a Feltre, presso l\u2019istituto Canossiane. Sul fondo resta una domanda aperta, ancora attuale: quale \u00e8 stato il compito di Radio Pi\u00f9? E quale pu\u00f2 essere oggi, in un territorio segnato da spopolamento, desertificazione e dalla monocultura dell\u2019occhiale? Una riflessione che diventa racconto, memoria collettiva e sguardo sul futuro.<strong><br \/>\n<\/strong><\/p>\n<p><strong>OGGI, 43 ANNI DOPO<\/strong><\/p>\n<audio class=\"wp-audio-shortcode\" id=\"audio-509194-10\" preload=\"none\" style=\"width: 100%;\" controls=\"controls\"><source type=\"audio\/mpeg\" src=\"https:\/\/www.radiopiu.net\/wordpress\/wp-content\/uploads\/2026\/04\/Radio_Piu_la_voce_dell_Agordino.mp3?_=10\" \/><a href=\"https:\/\/www.radiopiu.net\/wordpress\/wp-content\/uploads\/2026\/04\/Radio_Piu_la_voce_dell_Agordino.mp3\">https:\/\/www.radiopiu.net\/wordpress\/wp-content\/uploads\/2026\/04\/Radio_Piu_la_voce_dell_Agordino.mp3<\/a><\/audio>\n<p>&nbsp;<\/p>\n<p>**<\/p>\n<hr \/>\n<p><span style=\"color: #ff0000;\"><strong>PUNTATE 01<\/strong><\/span><\/p>\n<p><strong><a class=\"dt-pswp-item\" href=\"https:\/\/www.radiopiu.net\/wordpress\/wp-content\/uploads\/2026\/04\/4c38c05b-7485-4fe1-987d-7b9dc48aae7b.png\" data-dt-img-description=\"\" data-large_image_width=\"1536\" data-large_image_height=\"1024\"><img loading=\"lazy\" decoding=\"async\" class=\"aligncenter size-medium wp-image-509350\" src=\"https:\/\/www.radiopiu.net\/wordpress\/wp-content\/uploads\/2026\/04\/4c38c05b-7485-4fe1-987d-7b9dc48aae7b-300x200.png\" alt=\"\" width=\"300\" height=\"200\" srcset=\"https:\/\/www.radiopiu.net\/wordpress\/wp-content\/uploads\/2026\/04\/4c38c05b-7485-4fe1-987d-7b9dc48aae7b-300x200.png 300w, https:\/\/www.radiopiu.net\/wordpress\/wp-content\/uploads\/2026\/04\/4c38c05b-7485-4fe1-987d-7b9dc48aae7b-1024x683.png 1024w, https:\/\/www.radiopiu.net\/wordpress\/wp-content\/uploads\/2026\/04\/4c38c05b-7485-4fe1-987d-7b9dc48aae7b-768x512.png 768w, https:\/\/www.radiopiu.net\/wordpress\/wp-content\/uploads\/2026\/04\/4c38c05b-7485-4fe1-987d-7b9dc48aae7b.png 1536w\" sizes=\"auto, (max-width: 300px) 100vw, 300px\" \/><\/a><\/strong><\/p>\n<p><strong>LA POLIZIA POSTALE<\/strong><\/p>\n<audio class=\"wp-audio-shortcode\" id=\"audio-509194-11\" preload=\"none\" style=\"width: 100%;\" controls=\"controls\"><source type=\"audio\/mpeg\" src=\"https:\/\/www.radiopiu.net\/wordpress\/wp-content\/uploads\/2026\/04\/Radio-Piu-la-postale.mp3?_=11\" \/><a href=\"https:\/\/www.radiopiu.net\/wordpress\/wp-content\/uploads\/2026\/04\/Radio-Piu-la-postale.mp3\">https:\/\/www.radiopiu.net\/wordpress\/wp-content\/uploads\/2026\/04\/Radio-Piu-la-postale.mp3<\/a><\/audio>\n<h2 style=\"text-align: center;\"><\/h2>\n<hr \/>\n<p>&nbsp;<\/p>\n<h2 style=\"text-align: center;\"><span style=\"color: #ff0000;\">L&#8217;OPINIONE&#8230;DI FRANCO PIACENTINI<\/span><\/h2>\n<p>Nel nostro Paese le riforme sociali e le conquiste contrattuali sono state raggiunte grazie alle mobilitazioni delle forze progressiste e alle azioni unitarie dei lavoratori, dei pensionati e degli studenti. Negli ultimi anni (con evidenti preoccupanti riflessi di difficolt\u00e0 reddituali per i ceti meno abbienti) sono emerse notevoli sofferenze che riducono pericolosamente le condizioni di vita di molte persone disoccupate, non autosufficienti, disabili, povere e malate. Alle porte del volontariato e a quelle delle associazioni caritatevoli, bussano ogni giorno migliaia di persone (donne e uomini) disperatamente abbandonate a s\u00e9 stessi, che vedono preclusa la speranza di uscire dal tunnel della sofferenza. \u00a0Le risposte di solidariet\u00e0 e di sussidiariet\u00e0 del volontariato, certamente importanti per umanizzare il contatto di aiuto con gli emarginati, vanno supportate da precisi ed esigibili interventi da parte delle pubbliche amministrazioni, per contrastare le povert\u00e0, per rilanciare l\u2019occupazione e per garantire sufficienti livelli di reddito alle famiglie, ai lavoratori e ai pensionati. \u00a0Invece dell\u2019impegno, assistiamo all\u2019immobilismo e all\u2019indifferenza delle istituzioni governative, negativit\u00e0 che provocano la caduta di valori costituzionali. Non va assolutamente sottovalutato l\u2019ampio malaffare che si traveste in piovra per dissanguare le risorse pubbliche. L\u2019indifferenza della \u201cpolitica governativa\u201d determina l\u2019abbattimento del welfare generativo, l\u2019azzeramento della rete pubblica sociosanitaria, della previdenza, dell\u2019assistenza e del diritto all\u2019apprendimento permanente per tutti e in tutte le et\u00e0. La parte sana del Paese non deve rassegnarsi all\u2019azzeramento dei diritti di cittadinanza e all\u2019annientamento delle conquiste sociali. \u00a0Non va nascosta la caduta del consenso istituzionale e politico. \u00a0La crisi di rappresentanza pu\u00f2 essere (in parte) figlia della crisi economica, ma \u00e8 anche la conseguenza della mancanza di credibili e concrete soluzioni ai problemi della gente. \u00a0Le promesse fumose e gli impegni astratti stroncano pazienza e sopportazione delle persone. Rappresentanza e rappresentativit\u00e0 possono riemergere dalle sabbie mobili nelle quali sono scivolate, se la sordit\u00e0 e la cecit\u00e0 dei soggetti democraticamente eletti, riprenderanno a governare con giustizia, e se le organizzazioni sindacali Cgil Cisl Uil unitariamente svilupperanno concertazione, negoziazione e contrattazione. \u00a0Le micro-iniziative interne alla singola organizzazione non sono portatrici di significativi risultati, molto spesso si fermano alla denuncia o a qualche proposta di parte. \u00a0Per essere protagonisti e propositivi, anche qui in Veneto, sulla necessit\u00e0 di ricercare, proporre e sostenere credibili ed efficienti risposte alle grandi emerge (occupazione \u2013 sanit\u00e0 \u2013 pensioni \u2013 assistenza \u2013 accoglienza \u2013 ambiente \u2013 scuola \u2013 viabilit\u00e0), i portatori di interessi devono convergere in una coesa e ampia massa critica, la quale dovr\u00e0 programmare e realizzare delle visibili, incisive e coinvolgenti azioni, per scuotere il \u201ctorpore\u201d politico dei governanti nazionali, regionali e locali. \u00a0La massa critica sociale pu\u00f2 effettivamente contribuire all\u2019apertura di una nuova stagione di riforme per riformare, nella trasparenza e nell\u2019equit\u00e0, il nostro Paese.<\/p>\n<p><em>Franco Piacentini<\/em><\/p>\n<p>&nbsp;<\/p>\n<p>&nbsp;<\/p>\n<hr \/>\n<p>&nbsp;<\/p>\n<h1 style=\"text-align: center;\"><span style=\"color: #ff6600;\">IERI ALLA RADIO<\/span><\/h1>\n<h2 style=\"text-align: center;\"><span style=\"color: #00ccff;\">OGGI COME IERI, QUARTO ANNO. CON SILVIA BALDO<\/span><\/h2>\n<p><strong><a class=\"dt-pswp-item\" href=\"https:\/\/www.radiopiu.net\/wordpress\/wp-content\/uploads\/2025\/04\/Giornata-sicurezza-CNL.jpg\" data-dt-img-description=\"\" data-large_image_width=\"1200\" data-large_image_height=\"630\"><img loading=\"lazy\" decoding=\"async\" class=\" wp-image-447105 alignleft\" src=\"https:\/\/www.radiopiu.net\/wordpress\/wp-content\/uploads\/2025\/04\/Giornata-sicurezza-CNL-300x158.jpg\" alt=\"\" width=\"165\" height=\"87\" srcset=\"https:\/\/www.radiopiu.net\/wordpress\/wp-content\/uploads\/2025\/04\/Giornata-sicurezza-CNL-300x158.jpg 300w, https:\/\/www.radiopiu.net\/wordpress\/wp-content\/uploads\/2025\/04\/Giornata-sicurezza-CNL-1024x538.jpg 1024w, https:\/\/www.radiopiu.net\/wordpress\/wp-content\/uploads\/2025\/04\/Giornata-sicurezza-CNL-768x403.jpg 768w, https:\/\/www.radiopiu.net\/wordpress\/wp-content\/uploads\/2025\/04\/Giornata-sicurezza-CNL.jpg 1200w\" sizes=\"auto, (max-width: 165px) 100vw, 165px\" \/><\/a>28 APRILE<\/strong><\/p>\n<audio class=\"wp-audio-shortcode\" id=\"audio-509194-12\" preload=\"none\" style=\"width: 100%;\" controls=\"controls\"><source type=\"audio\/mpeg\" src=\"https:\/\/www.radiopiu.net\/wordpress\/wp-content\/uploads\/2026\/04\/SIBI2-3.mp3?_=12\" \/><a href=\"https:\/\/www.radiopiu.net\/wordpress\/wp-content\/uploads\/2026\/04\/SIBI2-3.mp3\">https:\/\/www.radiopiu.net\/wordpress\/wp-content\/uploads\/2026\/04\/SIBI2-3.mp3<\/a><\/audio>\n<p>&nbsp;<\/p>\n<h2><strong>LA RACCOLTA COMPLETA <a href=\"https:\/\/www.radiopiu.net\/wordpress\/quartoanno22-apr2026\/\"><span style=\"color: #3366ff;\">CLICCA QUI<\/span><\/a><\/strong><\/h2>\n<p>&nbsp;<\/p>\n<hr \/>\n<p>&nbsp;<\/p>\n<h2 style=\"text-align: center;\"><span style=\"color: #ffcc00;\">\u00a0&#8220;DINTORN E FORA VIA&#8221;\u00a0 IL PROGRAMMA\u00a0 A CURA DEL MUSLA<\/span><\/h2>\n<p><strong><a class=\"dt-pswp-item\" href=\"https:\/\/www.radiopiu.net\/wordpress\/wp-content\/uploads\/2025\/06\/473399720_578280188404606_6255733984754386806_n-e1749178553813.jpg\" data-dt-img-description=\"\" data-large_image_width=\"640\" data-large_image_height=\"640\"><img loading=\"lazy\" decoding=\"async\" class=\" wp-image-452567 alignleft\" src=\"https:\/\/www.radiopiu.net\/wordpress\/wp-content\/uploads\/2025\/06\/473399720_578280188404606_6255733984754386806_n-e1749178553813-300x300.jpg\" alt=\"\" width=\"154\" height=\"154\" srcset=\"https:\/\/www.radiopiu.net\/wordpress\/wp-content\/uploads\/2025\/06\/473399720_578280188404606_6255733984754386806_n-e1749178553813-300x300.jpg 300w, https:\/\/www.radiopiu.net\/wordpress\/wp-content\/uploads\/2025\/06\/473399720_578280188404606_6255733984754386806_n-e1749178553813-150x150.jpg 150w, https:\/\/www.radiopiu.net\/wordpress\/wp-content\/uploads\/2025\/06\/473399720_578280188404606_6255733984754386806_n-e1749178553813.jpg 640w\" sizes=\"auto, (max-width: 154px) 100vw, 154px\" \/><\/a>PUNTATA DEL 28 APRILE 2026 ERIC MARCON<\/strong><\/p>\n<audio class=\"wp-audio-shortcode\" id=\"audio-509194-13\" preload=\"none\" style=\"width: 100%;\" controls=\"controls\"><source type=\"audio\/mpeg\" src=\"https:\/\/www.radiopiu.net\/wordpress\/wp-content\/uploads\/2026\/04\/MUSLA-8.mp3?_=13\" \/><a href=\"https:\/\/www.radiopiu.net\/wordpress\/wp-content\/uploads\/2026\/04\/MUSLA-8.mp3\">https:\/\/www.radiopiu.net\/wordpress\/wp-content\/uploads\/2026\/04\/MUSLA-8.mp3<\/a><\/audio>\n<p>&nbsp;<\/p>\n<h2><strong>LA RACCOLTA COMPLETA <a href=\"https:\/\/www.radiopiu.net\/wordpress\/musla\/\"><span style=\"color: #3366ff;\">CLICCA QUI<\/span><\/a><\/strong><\/h2>\n<p>&nbsp;<\/p>\n<hr \/>\n<p>&nbsp;<\/p>\n<h2 style=\"text-align: center;\"><span style=\"color: #ff99cc;\">CHIARA MAZZEL, L&#8217;ATLETA PARALIMPICA PLURIMEDAGLIATA<\/span><\/h2>\n<p><strong><a class=\"dt-pswp-item\" href=\"https:\/\/www.radiopiu.net\/wordpress\/wp-content\/uploads\/2026\/04\/chiara-mazzel.jpg\" data-dt-img-description=\"\" data-large_image_width=\"1024\" data-large_image_height=\"604\"><img loading=\"lazy\" decoding=\"async\" class=\"aligncenter size-medium wp-image-509330\" src=\"https:\/\/www.radiopiu.net\/wordpress\/wp-content\/uploads\/2026\/04\/chiara-mazzel-300x177.jpg\" alt=\"\" width=\"300\" height=\"177\" srcset=\"https:\/\/www.radiopiu.net\/wordpress\/wp-content\/uploads\/2026\/04\/chiara-mazzel-300x177.jpg 300w, https:\/\/www.radiopiu.net\/wordpress\/wp-content\/uploads\/2026\/04\/chiara-mazzel-768x453.jpg 768w, https:\/\/www.radiopiu.net\/wordpress\/wp-content\/uploads\/2026\/04\/chiara-mazzel.jpg 1024w\" sizes=\"auto, (max-width: 300px) 100vw, 300px\" \/><\/a>\u00a0<\/strong><\/p>\n<p><strong>DI MARINA DONA&#8217;<\/strong><\/p>\n<p>OSPITE: Chiara Mazzel<\/p>\n<p>(Foto: Il T Quotidiano)<\/p>\n<audio class=\"wp-audio-shortcode\" id=\"audio-509194-14\" preload=\"none\" style=\"width: 100%;\" controls=\"controls\"><source type=\"audio\/mpeg\" src=\"https:\/\/www.radiopiu.net\/wordpress\/wp-content\/uploads\/2026\/04\/REPORTER-CHIARA-MAZZEL-APRILE-2026.mp3?_=14\" \/><a href=\"https:\/\/www.radiopiu.net\/wordpress\/wp-content\/uploads\/2026\/04\/REPORTER-CHIARA-MAZZEL-APRILE-2026.mp3\">https:\/\/www.radiopiu.net\/wordpress\/wp-content\/uploads\/2026\/04\/REPORTER-CHIARA-MAZZEL-APRILE-2026.mp3<\/a><\/audio>\n<p>&nbsp;<\/p>\n<hr \/>\n<p>&nbsp;<\/p>\n<h2 style=\"text-align: center;\"><span style=\"color: #800080;\">LO SPORT DEL MARTEDI&#8217; POMERIGGIO<\/span><\/h2>\n<p><strong><a class=\"dt-pswp-item\" href=\"https:\/\/www.radiopiu.net\/wordpress\/wp-content\/uploads\/2025\/12\/SPORT-RADIO.jpg\" data-dt-img-description=\"\" data-large_image_width=\"1536\" data-large_image_height=\"1075\"><img loading=\"lazy\" decoding=\"async\" class=\"aligncenter size-medium wp-image-483417\" src=\"https:\/\/www.radiopiu.net\/wordpress\/wp-content\/uploads\/2025\/12\/SPORT-RADIO-300x210.jpg\" alt=\"\" width=\"300\" height=\"210\" srcset=\"https:\/\/www.radiopiu.net\/wordpress\/wp-content\/uploads\/2025\/12\/SPORT-RADIO-300x210.jpg 300w, https:\/\/www.radiopiu.net\/wordpress\/wp-content\/uploads\/2025\/12\/SPORT-RADIO-1024x717.jpg 1024w, https:\/\/www.radiopiu.net\/wordpress\/wp-content\/uploads\/2025\/12\/SPORT-RADIO-768x538.jpg 768w, https:\/\/www.radiopiu.net\/wordpress\/wp-content\/uploads\/2025\/12\/SPORT-RADIO.jpg 1536w\" sizes=\"auto, (max-width: 300px) 100vw, 300px\" \/><\/a>\u00a0<\/strong><\/p>\n<p><strong>DI MARCO GAZ<\/strong><\/p>\n<audio class=\"wp-audio-shortcode\" id=\"audio-509194-15\" preload=\"none\" style=\"width: 100%;\" controls=\"controls\"><source type=\"audio\/mpeg\" src=\"https:\/\/www.radiopiu.net\/wordpress\/wp-content\/uploads\/2026\/04\/SPORT-MARTEDI-POMERIGGIO.mp3?_=15\" \/><a href=\"https:\/\/www.radiopiu.net\/wordpress\/wp-content\/uploads\/2026\/04\/SPORT-MARTEDI-POMERIGGIO.mp3\">https:\/\/www.radiopiu.net\/wordpress\/wp-content\/uploads\/2026\/04\/SPORT-MARTEDI-POMERIGGIO.mp3<\/a><\/audio>\n<p>&nbsp;<\/p>\n<hr \/>\n<p>&nbsp;<\/p>\n<h2 style=\"text-align: center;\"><span style=\"color: #ff00ff;\">IL PRIMO MAGGIO CON I BOCE DA RIF AD AGORDO<\/span><\/h2>\n<p><strong><a class=\"dt-pswp-item\" href=\"https:\/\/www.radiopiu.net\/wordpress\/wp-content\/uploads\/2026\/04\/488253778_1085184736963059_1199608985807734_n.jpg\" data-dt-img-description=\"\" data-large_image_width=\"2048\" data-large_image_height=\"1153\"><img loading=\"lazy\" decoding=\"async\" class=\"aligncenter size-medium wp-image-506627\" src=\"https:\/\/www.radiopiu.net\/wordpress\/wp-content\/uploads\/2026\/04\/488253778_1085184736963059_1199608985807734_n-300x169.jpg\" alt=\"\" width=\"300\" height=\"169\" srcset=\"https:\/\/www.radiopiu.net\/wordpress\/wp-content\/uploads\/2026\/04\/488253778_1085184736963059_1199608985807734_n-300x169.jpg 300w, https:\/\/www.radiopiu.net\/wordpress\/wp-content\/uploads\/2026\/04\/488253778_1085184736963059_1199608985807734_n-1024x577.jpg 1024w, https:\/\/www.radiopiu.net\/wordpress\/wp-content\/uploads\/2026\/04\/488253778_1085184736963059_1199608985807734_n-768x432.jpg 768w, https:\/\/www.radiopiu.net\/wordpress\/wp-content\/uploads\/2026\/04\/488253778_1085184736963059_1199608985807734_n-1536x865.jpg 1536w, https:\/\/www.radiopiu.net\/wordpress\/wp-content\/uploads\/2026\/04\/488253778_1085184736963059_1199608985807734_n.jpg 2048w\" sizes=\"auto, (max-width: 300px) 100vw, 300px\" \/><\/a>\u00a0<\/strong><\/p>\n<p><strong>DI MIRKO MEZZACASA<\/strong><\/p>\n<p>OSPITE: Eva Olivier<\/p>\n<audio class=\"wp-audio-shortcode\" id=\"audio-509194-16\" preload=\"none\" style=\"width: 100%;\" controls=\"controls\"><source type=\"audio\/mpeg\" src=\"https:\/\/www.radiopiu.net\/wordpress\/wp-content\/uploads\/2026\/04\/rif-di-agordo-2026-eva-olivier.mp3?_=16\" \/><a href=\"https:\/\/www.radiopiu.net\/wordpress\/wp-content\/uploads\/2026\/04\/rif-di-agordo-2026-eva-olivier.mp3\">https:\/\/www.radiopiu.net\/wordpress\/wp-content\/uploads\/2026\/04\/rif-di-agordo-2026-eva-olivier.mp3<\/a><\/audio>\n<p>&nbsp;<\/p>\n<hr \/>\n<p>&nbsp;<\/p>\n<blockquote class=\"wp-embedded-content\" data-secret=\"lIXJCUllw1\"><p><a href=\"https:\/\/www.radiopiu.net\/wordpress\/curiosando-il-programmaa\/\">CURIOSANDO&#8230; IL PROGRAMMA DI PAOLA LANCIATO<\/a><\/p><\/blockquote>\n<p><iframe loading=\"lazy\" class=\"wp-embedded-content\" sandbox=\"allow-scripts\" security=\"restricted\" style=\"position: absolute; visibility: hidden;\" title=\"&#8220;CURIOSANDO&#8230; IL PROGRAMMA DI PAOLA LANCIATO&#8221; &#8212; Radio Pi\u00f9\" src=\"https:\/\/www.radiopiu.net\/wordpress\/curiosando-il-programmaa\/embed\/#?secret=XpESu466UQ#?secret=lIXJCUllw1\" data-secret=\"lIXJCUllw1\" width=\"600\" height=\"338\" frameborder=\"0\" marginwidth=\"0\" marginheight=\"0\" scrolling=\"no\"><\/iframe><\/p>\n<p>&nbsp;<\/p>\n<hr \/>\n<p>&nbsp;<\/p>\n<h2 style=\"text-align: center;\"><span style=\"color: #99cc00;\">AL DOLOMITI BEER &amp; WINE SHOP DI TAIBON SI PARLA SPAGNOLO<\/span><\/h2>\n<p><strong>TAIBON<\/strong> Tornano le degustazioni al Dolomiti Beer &amp; Wine Shop da Napi a Taibon. Appuntamento da non perdere domani dalle 17 alle 19 con un selezioni di vini spagnoli. Lo staff vi aspetta per farvi assaggiare le specialit\u00e0 vinicole della Spagna.<\/p>\n<p>&nbsp;<\/p>\n<audio class=\"wp-audio-shortcode\" id=\"audio-509194-17\" preload=\"none\" style=\"width: 100%;\" controls=\"controls\"><source type=\"audio\/mpeg\" src=\"https:\/\/www.radiopiu.net\/wordpress\/wp-content\/uploads\/2026\/04\/GWINE1A-13.mp3?_=17\" \/><a href=\"https:\/\/www.radiopiu.net\/wordpress\/wp-content\/uploads\/2026\/04\/GWINE1A-13.mp3\">https:\/\/www.radiopiu.net\/wordpress\/wp-content\/uploads\/2026\/04\/GWINE1A-13.mp3<\/a><\/audio>\n<p><a class=\"dt-pswp-item\" href=\"https:\/\/www.radiopiu.net\/wordpress\/wp-content\/uploads\/2026\/04\/30-APRILE.jpg\" data-dt-img-description=\"\" data-large_image_width=\"1080\" data-large_image_height=\"1080\"><img loading=\"lazy\" decoding=\"async\" class=\"aligncenter size-medium wp-image-509325\" src=\"https:\/\/www.radiopiu.net\/wordpress\/wp-content\/uploads\/2026\/04\/30-APRILE-300x300.jpg\" alt=\"\" width=\"300\" height=\"300\" srcset=\"https:\/\/www.radiopiu.net\/wordpress\/wp-content\/uploads\/2026\/04\/30-APRILE-300x300.jpg 300w, https:\/\/www.radiopiu.net\/wordpress\/wp-content\/uploads\/2026\/04\/30-APRILE-1024x1024.jpg 1024w, https:\/\/www.radiopiu.net\/wordpress\/wp-content\/uploads\/2026\/04\/30-APRILE-150x150.jpg 150w, https:\/\/www.radiopiu.net\/wordpress\/wp-content\/uploads\/2026\/04\/30-APRILE-768x768.jpg 768w, https:\/\/www.radiopiu.net\/wordpress\/wp-content\/uploads\/2026\/04\/30-APRILE.jpg 1080w\" sizes=\"auto, (max-width: 300px) 100vw, 300px\" \/><\/a><\/p>\n<p>&nbsp;<\/p>\n<p>&nbsp;<\/p>\n<hr \/>\n<p>&nbsp;<\/p>\n<p><span style=\"color: #ff0000;\"><img loading=\"lazy\" decoding=\"async\" class=\"wp-image-61958 size-full aligncenter\" src=\"https:\/\/www.radiopiu.net\/wordpress\/wp-content\/uploads\/2018\/09\/appuntamenti.jpeg\" alt=\"\" width=\"800\" height=\"100\" srcset=\"https:\/\/www.radiopiu.net\/wordpress\/wp-content\/uploads\/2018\/09\/appuntamenti.jpeg 800w, https:\/\/www.radiopiu.net\/wordpress\/wp-content\/uploads\/2018\/09\/appuntamenti-300x38.jpeg 300w, https:\/\/www.radiopiu.net\/wordpress\/wp-content\/uploads\/2018\/09\/appuntamenti-768x96.jpeg 768w\" sizes=\"auto, (max-width: 800px) 100vw, 800px\" \/><\/span><\/p>\n\n\t\t\t<style type='text\/css'>\n\t\t\t\t#gallery-6 {\n\t\t\t\t\tmargin: auto;\n\t\t\t\t}\n\t\t\t\t#gallery-6 .gallery-item {\n\t\t\t\t\tfloat: left;\n\t\t\t\t\tmargin-top: 10px;\n\t\t\t\t\ttext-align: center;\n\t\t\t\t\twidth: 20%;\n\t\t\t\t}\n\t\t\t\t#gallery-6 img {\n\t\t\t\t\tborder: 2px solid #cfcfcf;\n\t\t\t\t}\n\t\t\t\t#gallery-6 .gallery-caption {\n\t\t\t\t\tmargin-left: 0;\n\t\t\t\t}\n\t\t\t\t\/* see gallery_shortcode() in wp-includes\/media.php *\/\n\t\t\t<\/style>\n\t\t<div id='gallery-6' class='dt-gallery-container gallery galleryid-509194 gallery-columns-5 gallery-size-thumbnail'><dl class='gallery-item'>\n\t\t\t\t<dt class='gallery-icon portrait'>\n\t\t\t\t\t<a class=\"rollover rollover-zoom dt-pswp-item\" title=\"9a582681-8587-4df5-b606-7f412ac4a276\" data-dt-img-description=\"\" data-large_image_width=\"1240\" data-large_image_height=\"1754\"href='https:\/\/www.radiopiu.net\/wordpress\/wp-content\/uploads\/2026\/04\/9a582681-8587-4df5-b606-7f412ac4a276.jpg'><img loading=\"lazy\" decoding=\"async\" width=\"150\" height=\"150\" src=\"https:\/\/www.radiopiu.net\/wordpress\/wp-content\/uploads\/2026\/04\/9a582681-8587-4df5-b606-7f412ac4a276-150x150.jpg\" class=\"attachment-thumbnail size-thumbnail\" alt=\"\" \/><\/a>\n\t\t\t\t<\/dt><\/dl><dl class='gallery-item'>\n\t\t\t\t<dt class='gallery-icon portrait'>\n\t\t\t\t\t<a class=\"rollover rollover-zoom dt-pswp-item\" title=\"Prejentazion ATLANTE TOPONOMASTICO\" data-dt-img-description=\"\" data-large_image_width=\"1754\" data-large_image_height=\"2480\"href='https:\/\/www.radiopiu.net\/wordpress\/wp-content\/uploads\/2026\/04\/Prejentazion-ATLANTE-TOPONOMASTICO.jpg'><img loading=\"lazy\" decoding=\"async\" width=\"150\" height=\"150\" src=\"https:\/\/www.radiopiu.net\/wordpress\/wp-content\/uploads\/2026\/04\/Prejentazion-ATLANTE-TOPONOMASTICO-150x150.jpg\" class=\"attachment-thumbnail size-thumbnail\" alt=\"\" \/><\/a>\n\t\t\t\t<\/dt><\/dl><dl class='gallery-item'>\n\t\t\t\t<dt class='gallery-icon portrait'>\n\t\t\t\t\t<a class=\"rollover rollover-zoom dt-pswp-item\" title=\"WhatsApp Image 2026-04-27 at 16.11.33\" data-dt-img-description=\"\" data-large_image_width=\"1131\" data-large_image_height=\"1600\"href='https:\/\/www.radiopiu.net\/wordpress\/wp-content\/uploads\/2026\/04\/WhatsApp-Image-2026-04-27-at-16.11.33.jpeg'><img loading=\"lazy\" decoding=\"async\" width=\"150\" height=\"150\" src=\"https:\/\/www.radiopiu.net\/wordpress\/wp-content\/uploads\/2026\/04\/WhatsApp-Image-2026-04-27-at-16.11.33-150x150.jpeg\" class=\"attachment-thumbnail size-thumbnail\" alt=\"\" \/><\/a>\n\t\t\t\t<\/dt><\/dl><dl class='gallery-item'>\n\t\t\t\t<dt class='gallery-icon portrait'>\n\t\t\t\t\t<a class=\"rollover rollover-zoom dt-pswp-item\" title=\"1000096151\" data-dt-img-description=\"\" data-large_image_width=\"905\" data-large_image_height=\"1280\"href='https:\/\/www.radiopiu.net\/wordpress\/wp-content\/uploads\/2026\/04\/1000096151.jpg'><img loading=\"lazy\" decoding=\"async\" width=\"150\" height=\"150\" src=\"https:\/\/www.radiopiu.net\/wordpress\/wp-content\/uploads\/2026\/04\/1000096151-150x150.jpg\" class=\"attachment-thumbnail size-thumbnail\" alt=\"\" \/><\/a>\n\t\t\t\t<\/dt><\/dl><dl class='gallery-item'>\n\t\t\t\t<dt class='gallery-icon portrait'>\n\t\t\t\t\t<a class=\"rollover rollover-zoom dt-pswp-item\" title=\"ad42cc66-7054-4c91-87b7-d7c7dc136a96\" data-dt-img-description=\"\" data-large_image_width=\"842\" data-large_image_height=\"1191\"href='https:\/\/www.radiopiu.net\/wordpress\/wp-content\/uploads\/2026\/04\/ad42cc66-7054-4c91-87b7-d7c7dc136a96.jpg'><img loading=\"lazy\" decoding=\"async\" width=\"150\" height=\"150\" src=\"https:\/\/www.radiopiu.net\/wordpress\/wp-content\/uploads\/2026\/04\/ad42cc66-7054-4c91-87b7-d7c7dc136a96-150x150.jpg\" class=\"attachment-thumbnail size-thumbnail\" alt=\"\" \/><\/a>\n\t\t\t\t<\/dt><\/dl><br style=\"clear: both\" \/><dl class='gallery-item'>\n\t\t\t\t<dt class='gallery-icon portrait'>\n\t\t\t\t\t<a class=\"rollover rollover-zoom dt-pswp-item\" title=\"54a3ec7a-a263-4781-8fb5-d822527d27f1\" data-dt-img-description=\"\" data-large_image_width=\"1131\" data-large_image_height=\"1600\"href='https:\/\/www.radiopiu.net\/wordpress\/wp-content\/uploads\/2026\/04\/54a3ec7a-a263-4781-8fb5-d822527d27f1.jpg'><img loading=\"lazy\" decoding=\"async\" width=\"150\" height=\"150\" src=\"https:\/\/www.radiopiu.net\/wordpress\/wp-content\/uploads\/2026\/04\/54a3ec7a-a263-4781-8fb5-d822527d27f1-150x150.jpg\" class=\"attachment-thumbnail size-thumbnail\" alt=\"\" \/><\/a>\n\t\t\t\t<\/dt><\/dl><dl class='gallery-item'>\n\t\t\t\t<dt class='gallery-icon portrait'>\n\t\t\t\t\t<a class=\"rollover rollover-zoom dt-pswp-item\" title=\"0db842f7-53cc-4757-8aa1-eca8bcf5642e\" data-dt-img-description=\"\" data-large_image_width=\"839\" data-large_image_height=\"1210\"href='https:\/\/www.radiopiu.net\/wordpress\/wp-content\/uploads\/2026\/04\/0db842f7-53cc-4757-8aa1-eca8bcf5642e.jpg'><img loading=\"lazy\" decoding=\"async\" width=\"150\" height=\"150\" src=\"https:\/\/www.radiopiu.net\/wordpress\/wp-content\/uploads\/2026\/04\/0db842f7-53cc-4757-8aa1-eca8bcf5642e-150x150.jpg\" class=\"attachment-thumbnail size-thumbnail\" alt=\"\" \/><\/a>\n\t\t\t\t<\/dt><\/dl><dl class='gallery-item'>\n\t\t\t\t<dt class='gallery-icon portrait'>\n\t\t\t\t\t<a class=\"rollover rollover-zoom dt-pswp-item\" title=\"ljhdlka\" data-dt-img-description=\"\" data-large_image_width=\"670\" data-large_image_height=\"948\"href='https:\/\/www.radiopiu.net\/wordpress\/wp-content\/uploads\/2026\/04\/ljhdlka.jpg'><img loading=\"lazy\" decoding=\"async\" width=\"150\" height=\"150\" src=\"https:\/\/www.radiopiu.net\/wordpress\/wp-content\/uploads\/2026\/04\/ljhdlka-150x150.jpg\" class=\"attachment-thumbnail size-thumbnail\" alt=\"\" \/><\/a>\n\t\t\t\t<\/dt><\/dl><dl class='gallery-item'>\n\t\t\t\t<dt class='gallery-icon portrait'>\n\t\t\t\t\t<a class=\"rollover rollover-zoom dt-pswp-item\" title=\"1000647926\" data-dt-img-description=\"\" data-large_image_width=\"678\" data-large_image_height=\"960\"href='https:\/\/www.radiopiu.net\/wordpress\/wp-content\/uploads\/2026\/04\/1000647926.jpg'><img loading=\"lazy\" decoding=\"async\" width=\"150\" height=\"150\" src=\"https:\/\/www.radiopiu.net\/wordpress\/wp-content\/uploads\/2026\/04\/1000647926-150x150.jpg\" class=\"attachment-thumbnail size-thumbnail\" alt=\"\" \/><\/a>\n\t\t\t\t<\/dt><\/dl><dl class='gallery-item'>\n\t\t\t\t<dt class='gallery-icon portrait'>\n\t\t\t\t\t<a class=\"rollover rollover-zoom dt-pswp-item\" title=\"1000089694\" data-dt-img-description=\"\" data-large_image_width=\"1131\" data-large_image_height=\"1600\"href='https:\/\/www.radiopiu.net\/wordpress\/wp-content\/uploads\/2026\/04\/1000089694.jpg'><img loading=\"lazy\" decoding=\"async\" width=\"150\" height=\"150\" src=\"https:\/\/www.radiopiu.net\/wordpress\/wp-content\/uploads\/2026\/04\/1000089694-150x150.jpg\" class=\"attachment-thumbnail size-thumbnail\" alt=\"\" \/><\/a>\n\t\t\t\t<\/dt><\/dl><br style=\"clear: both\" \/><dl class='gallery-item'>\n\t\t\t\t<dt class='gallery-icon portrait'>\n\t\t\t\t\t<a class=\"rollover rollover-zoom dt-pswp-item\" title=\"ac3bec6c-9d20-4068-b6cc-fe32828b8691\" data-dt-img-description=\"\" data-large_image_width=\"939\" data-large_image_height=\"1302\"href='https:\/\/www.radiopiu.net\/wordpress\/wp-content\/uploads\/2026\/03\/ac3bec6c-9d20-4068-b6cc-fe32828b8691.jpg'><img loading=\"lazy\" decoding=\"async\" width=\"150\" height=\"150\" src=\"https:\/\/www.radiopiu.net\/wordpress\/wp-content\/uploads\/2026\/03\/ac3bec6c-9d20-4068-b6cc-fe32828b8691-150x150.jpg\" class=\"attachment-thumbnail size-thumbnail\" alt=\"\" \/><\/a>\n\t\t\t\t<\/dt><\/dl><dl class='gallery-item'>\n\t\t\t\t<dt class='gallery-icon portrait'>\n\t\t\t\t\t<a class=\"rollover rollover-zoom dt-pswp-item\" title=\"oC0c5oUr-7i9\" data-dt-img-description=\"\" data-large_image_width=\"600\" data-large_image_height=\"849\"href='https:\/\/www.radiopiu.net\/wordpress\/wp-content\/uploads\/2026\/04\/oC0c5oUr-7i9.jpg'><img loading=\"lazy\" decoding=\"async\" width=\"150\" height=\"150\" src=\"https:\/\/www.radiopiu.net\/wordpress\/wp-content\/uploads\/2026\/04\/oC0c5oUr-7i9-150x150.jpg\" class=\"attachment-thumbnail size-thumbnail\" alt=\"\" \/><\/a>\n\t\t\t\t<\/dt><\/dl><dl class='gallery-item'>\n\t\t\t\t<dt class='gallery-icon portrait'>\n\t\t\t\t\t<a class=\"rollover rollover-zoom dt-pswp-item\" title=\"Grandiosamente locandina 2026\" data-dt-img-description=\"\" data-large_image_width=\"1240\" data-large_image_height=\"1754\"href='https:\/\/www.radiopiu.net\/wordpress\/wp-content\/uploads\/2026\/03\/Grandiosamente-locandina-2026.jpg'><img loading=\"lazy\" decoding=\"async\" width=\"150\" height=\"150\" src=\"https:\/\/www.radiopiu.net\/wordpress\/wp-content\/uploads\/2026\/03\/Grandiosamente-locandina-2026-150x150.jpg\" class=\"attachment-thumbnail size-thumbnail\" alt=\"\" \/><\/a>\n\t\t\t\t<\/dt><\/dl><dl class='gallery-item'>\n\t\t\t\t<dt class='gallery-icon portrait'>\n\t\t\t\t\t<a class=\"rollover rollover-zoom dt-pswp-item\" title=\"649829132_1399275798668081_1623068814339304057_n\" data-dt-img-description=\"\" data-large_image_width=\"1131\" data-large_image_height=\"1600\"href='https:\/\/www.radiopiu.net\/wordpress\/wp-content\/uploads\/2026\/03\/649829132_1399275798668081_1623068814339304057_n.jpg'><img loading=\"lazy\" decoding=\"async\" width=\"150\" height=\"150\" src=\"https:\/\/www.radiopiu.net\/wordpress\/wp-content\/uploads\/2026\/03\/649829132_1399275798668081_1623068814339304057_n-150x150.jpg\" class=\"attachment-thumbnail size-thumbnail\" alt=\"\" \/><\/a>\n\t\t\t\t<\/dt><\/dl><dl class='gallery-item'>\n\t\t\t\t<dt class='gallery-icon portrait'>\n\t\t\t\t\t<a class=\"rollover rollover-zoom dt-pswp-item\" title=\"Comune di Limana Fantalibrando Locandina istituzionale\" data-dt-img-description=\"\" data-large_image_width=\"1240\" data-large_image_height=\"1754\"href='https:\/\/www.radiopiu.net\/wordpress\/wp-content\/uploads\/2026\/03\/Comune-di-Limana-Fantalibrando-Locandina-istituzionale.jpg'><img loading=\"lazy\" decoding=\"async\" width=\"150\" height=\"150\" src=\"https:\/\/www.radiopiu.net\/wordpress\/wp-content\/uploads\/2026\/03\/Comune-di-Limana-Fantalibrando-Locandina-istituzionale-150x150.jpg\" class=\"attachment-thumbnail size-thumbnail\" alt=\"\" \/><\/a>\n\t\t\t\t<\/dt><\/dl><br style=\"clear: both\" \/><dl class='gallery-item'>\n\t\t\t\t<dt class='gallery-icon portrait'>\n\t\t\t\t\t<a class=\"rollover rollover-zoom dt-pswp-item\" title=\"LocandinaA3Concerto60\" data-dt-img-description=\"\" data-large_image_width=\"1810\" data-large_image_height=\"2560\"href='https:\/\/www.radiopiu.net\/wordpress\/wp-content\/uploads\/2026\/04\/LocandinaA3Concerto60-scaled.jpg'><img loading=\"lazy\" decoding=\"async\" width=\"150\" height=\"150\" src=\"https:\/\/www.radiopiu.net\/wordpress\/wp-content\/uploads\/2026\/04\/LocandinaA3Concerto60-150x150.jpg\" class=\"attachment-thumbnail size-thumbnail\" alt=\"\" \/><\/a>\n\t\t\t\t<\/dt><\/dl><dl class='gallery-item'>\n\t\t\t\t<dt class='gallery-icon portrait'>\n\t\t\t\t\t<a class=\"rollover rollover-zoom dt-pswp-item\" title=\"a3749080-1a18-49e5-ac64-b214cb864fb3\" data-dt-img-description=\"\" data-large_image_width=\"1131\" data-large_image_height=\"1600\"href='https:\/\/www.radiopiu.net\/wordpress\/wp-content\/uploads\/2026\/03\/a3749080-1a18-49e5-ac64-b214cb864fb3.jpg'><img loading=\"lazy\" decoding=\"async\" width=\"150\" height=\"150\" src=\"https:\/\/www.radiopiu.net\/wordpress\/wp-content\/uploads\/2026\/03\/a3749080-1a18-49e5-ac64-b214cb864fb3-150x150.jpg\" class=\"attachment-thumbnail size-thumbnail\" alt=\"\" \/><\/a>\n\t\t\t\t<\/dt><\/dl><dl class='gallery-item'>\n\t\t\t\t<dt class='gallery-icon portrait'>\n\t\t\t\t\t<a class=\"rollover rollover-zoom dt-pswp-item\" title=\"b0d67f90-d904-4b63-b518-a812c647cad7\" data-dt-img-description=\"\" data-large_image_width=\"1024\" data-large_image_height=\"1536\"href='https:\/\/www.radiopiu.net\/wordpress\/wp-content\/uploads\/2026\/04\/b0d67f90-d904-4b63-b518-a812c647cad7.jpg'><img loading=\"lazy\" decoding=\"async\" width=\"150\" height=\"150\" src=\"https:\/\/www.radiopiu.net\/wordpress\/wp-content\/uploads\/2026\/04\/b0d67f90-d904-4b63-b518-a812c647cad7-150x150.jpg\" class=\"attachment-thumbnail size-thumbnail\" alt=\"\" \/><\/a>\n\t\t\t\t<\/dt><\/dl>\n\t\t\t\t<br style='clear: both' \/>\n\t\t\t<\/div>\n\n<p>&nbsp;<\/p>\n<p>&nbsp;<\/p>\n<hr \/>\n<p>&nbsp;<\/p>\n<p class=\"mceTemp\"><a class=\"dt-pswp-item\" href=\"https:\/\/www.radiopiu.net\/wordpress\/wp-content\/uploads\/2018\/09\/WhatsApp-Image-2018-09-20-at-16.04.06.jpeg\" data-dt-img-description=\"\" data-large_image_width=\"800\" data-large_image_height=\"100\"><img loading=\"lazy\" decoding=\"async\" class=\"wp-image-61378 size-full aligncenter\" src=\"https:\/\/www.radiopiu.net\/wordpress\/wp-content\/uploads\/2018\/09\/WhatsApp-Image-2018-09-20-at-16.04.06.jpeg\" alt=\"\" width=\"800\" height=\"100\" srcset=\"https:\/\/www.radiopiu.net\/wordpress\/wp-content\/uploads\/2018\/09\/WhatsApp-Image-2018-09-20-at-16.04.06.jpeg 800w, https:\/\/www.radiopiu.net\/wordpress\/wp-content\/uploads\/2018\/09\/WhatsApp-Image-2018-09-20-at-16.04.06-300x38.jpeg 300w, https:\/\/www.radiopiu.net\/wordpress\/wp-content\/uploads\/2018\/09\/WhatsApp-Image-2018-09-20-at-16.04.06-768x96.jpeg 768w\" sizes=\"auto, (max-width: 800px) 100vw, 800px\" \/><\/a><\/p>\n<p>&nbsp;<\/p>\n<p><center><b>OGGI<\/b><\/center>Cielo irregolarmente nuvoloso con nuvolosit\u00e0 variabile associata a probabili fenomeni.<br \/>\n<b>Precipitazioni: <\/b>Probabilit\u00e0 medio-alta di piovaschi\/rovesci sparsi, frequenti e intermittenti con locali temporali,<br \/>\n<b>Temperature: <\/b>In ulteriore lieve o contenuta diminuzione con valori diurni prossimi o leggermente pi\u00f9 bassi della norma e le minime misurate a fine giornata.<\/p>\n<hr \/>\n<p><center><b>DOMANI<\/b><\/center>Sulle Dolomiti, tempo stabile e soleggiato specie al mattino salvo della nuvolosit\u00e0 residua tra la notte e l&#8217;alba; tuttavia, nelle ore diurne saranno ancora possibili degli annuvolamenti a carattere cumuliforme che saranno pressoch\u00e9 innocui; sulle Prealpi, nelle prime ore ancora nuvoloso a tratti anche molto nuvoloso con residui modesti fenomeni; in seguito, graduali schiarite in un contesto in genere parzialmente nuvoloso.<br \/>\n<b>Precipitazioni: <\/b>Tra la notte e l&#8217;alba possibili residue e modeste precipitazioni soprattutto nell&#8217;area prealpina, mentre sulle Dolomiti saranno generalmente assenti. Nel corso della giornata saranno assenti pressoch\u00e9 ovunque, salvo qualche sporadica pioviggine nel pomeriggio sulle Prealpi.<br \/>\n<b>Temperature: <\/b>Minime in diminuzione specie nelle valli, massime in lieve o contenuta ripresa soprattutto sulle Dolomiti.<\/p>\n<hr \/>\n<p><center><b>VENERDI<\/b><\/center>Giornata con un clima di stampo primaverile con un tempo stabile e ben soleggiato a tutte le quote con aria tersa ed ottima visibilit\u00e0. Temperature minime in calo e leggermente inferiori alla norma, massime in aumento e superiori alla norma.<\/p>\n<hr \/>\n<p><center><b>SABATO<\/b><\/center>Tempo stabile e soleggiato, salvo il transito di sottili nubi alte che non attenueranno affatto la radiazione solare. Temperature in contenuto aumento.<\/p>\n<p>&nbsp;<\/p>\n<p>&nbsp;<\/p>\n<hr \/>\n<p>&nbsp;<\/p>\n<p class=\"mceTemp\"><a class=\"dt-pswp-item\" href=\"https:\/\/www.radiopiu.net\/wordpress\/wp-content\/uploads\/2018\/09\/sport.jpg\" data-dt-img-description=\"\" data-large_image_width=\"800\" data-large_image_height=\"100\"><img loading=\"lazy\" decoding=\"async\" class=\"aligncenter wp-image-60761 size-full\" src=\"https:\/\/www.radiopiu.net\/wordpress\/wp-content\/uploads\/2018\/09\/sport.jpg\" alt=\"\" width=\"800\" height=\"100\" srcset=\"https:\/\/www.radiopiu.net\/wordpress\/wp-content\/uploads\/2018\/09\/sport.jpg 800w, https:\/\/www.radiopiu.net\/wordpress\/wp-content\/uploads\/2018\/09\/sport-300x38.jpg 300w, https:\/\/www.radiopiu.net\/wordpress\/wp-content\/uploads\/2018\/09\/sport-768x96.jpg 768w\" sizes=\"auto, (max-width: 800px) 100vw, 800px\" \/> <\/a><\/p>\n<p>&nbsp;<\/p>\n<p><span style=\"color: #0000ff;\"><strong>CORSA CAMPESTRE<\/strong><\/span><\/p>\n<blockquote>\n<h3 style=\"text-align: center;\">AL VIA IL CRITERIUM CADORINO 2026: CINQUE TAPPE DI ATLETICA PER TUTTE LE ET\u00c0<\/h3>\n<\/blockquote>\n<p><a class=\"dt-pswp-item\" href=\"https:\/\/www.radiopiu.net\/wordpress\/wp-content\/uploads\/2026\/04\/criterium-cadorino-2025-scaled.jpg\" data-dt-img-description=\"\" data-large_image_width=\"2560\" data-large_image_height=\"1707\"><img loading=\"lazy\" decoding=\"async\" class=\"aligncenter size-medium wp-image-509300\" src=\"https:\/\/www.radiopiu.net\/wordpress\/wp-content\/uploads\/2026\/04\/criterium-cadorino-2025-300x200.jpg\" alt=\"\" width=\"300\" height=\"200\" srcset=\"https:\/\/www.radiopiu.net\/wordpress\/wp-content\/uploads\/2026\/04\/criterium-cadorino-2025-300x200.jpg 300w, https:\/\/www.radiopiu.net\/wordpress\/wp-content\/uploads\/2026\/04\/criterium-cadorino-2025-1024x683.jpg 1024w, https:\/\/www.radiopiu.net\/wordpress\/wp-content\/uploads\/2026\/04\/criterium-cadorino-2025-768x512.jpg 768w, https:\/\/www.radiopiu.net\/wordpress\/wp-content\/uploads\/2026\/04\/criterium-cadorino-2025-1536x1024.jpg 1536w, https:\/\/www.radiopiu.net\/wordpress\/wp-content\/uploads\/2026\/04\/criterium-cadorino-2025-2048x1365.jpg 2048w\" sizes=\"auto, (max-width: 300px) 100vw, 300px\" \/><\/a><\/p>\n<p>Prender\u00e0 il via domenica 3 maggio l\u2019edizione 2026 del Criterium Cadorino di atletica, storica manifestazione promossa dal comitato di Belluno del Centro Sportivo Italiano insieme alle societ\u00e0 affiliate, con il sostegno di Sportway e Volksbank. L\u2019evento assegner\u00e0 il Trofeo Sportway e il Trofeo Giovanile Memorial Riccardo De Martin \u2013 Claudio Del Favero. Il calendario prevede cinque appuntamenti distribuiti per tutto il mese di maggio. Si comincer\u00e0 domenica 3 maggio allo stadio di Vallesella di Domegge di Cadore con una prova su pista, valida anche come prima prova del campionato provinciale. Il via alle gare \u00e8 fissato alle 9.30. Domenica 10 maggio spazio alla corsa in montagna in una sede inedita: il Villaggio Corte delle Dolomiti di Borca di Cadore, suggestivo complesso progettato da Edoardo Gellner su impulso di Enrico Mattei. Il 17 maggio il circuito far\u00e0 tappa a Pelos di Vigo di Cadore per la corsa campestre. Il 24 maggio si torner\u00e0 in pista a Fiames di Cortina d\u2019Ampezzo, mentre la chiusura sar\u00e0 il 31 maggio al lago di Mosigo, a San Vito di Cadore, con la corsa su strada. In gara atleti dai pi\u00f9 piccoli ai veterani.<\/p>\n<p>&nbsp;<\/p>\n<p>***********<\/p>\n","protected":false},"excerpt":{"rendered":"<p>*********** &nbsp; LA\u00a0 \u00a0 APP LA\u00a0 APP PER IOS-IPHONE di Nicola Vettorello https:\/\/apps.apple.com\/it\/app\/radio-pi%C3%B9-emittente-agordina\/id1515939845 LA\u00a0 APP RADIO\u00a0 PER ANDROID di Nicola Vettorello https:\/\/play.google.com\/store\/apps\/details?id=net.radiopiu.iniko\u00a0\u00a0\u00a0\u00a0\u00a0 &nbsp; &nbsp; &nbsp; Informazione, musica e curiosit\u00e0 per accompagnarti dalla mattina alla sera Su RadioPi\u00f9 anche oggi il palinsesto \u00e8 ricco, vario e tutto da ascoltare, con appuntamenti pensati per tenervi compagnia in&hellip;<\/p>\n","protected":false},"author":4,"featured_media":509415,"comment_status":"closed","ping_status":"closed","sticky":false,"template":"","format":"standard","meta":{"_monsterinsights_skip_tracking":false,"_monsterinsights_sitenote_active":false,"_monsterinsights_sitenote_note":"","_monsterinsights_sitenote_category":0,"footnotes":""},"categories":[51,86,49],"tags":[],"class_list":["post-509194","post","type-post","status-publish","format-standard","has-post-thumbnail","hentry","category-evidenza-top","category-gr","category-news-18","category-51","category-86","category-49","description-off"],"img_url":"https:\/\/www.radiopiu.net\/wordpress\/wp-content\/uploads\/2026\/04\/674cfec0-c18a-4e97-8307-022fc49c12fb.png","_links":{"self":[{"href":"https:\/\/www.radiopiu.net\/wordpress\/wp-json\/wp\/v2\/posts\/509194","targetHints":{"allow":["GET"]}}],"collection":[{"href":"https:\/\/www.radiopiu.net\/wordpress\/wp-json\/wp\/v2\/posts"}],"about":[{"href":"https:\/\/www.radiopiu.net\/wordpress\/wp-json\/wp\/v2\/types\/post"}],"author":[{"embeddable":true,"href":"https:\/\/www.radiopiu.net\/wordpress\/wp-json\/wp\/v2\/users\/4"}],"replies":[{"embeddable":true,"href":"https:\/\/www.radiopiu.net\/wordpress\/wp-json\/wp\/v2\/comments?post=509194"}],"version-history":[{"count":37,"href":"https:\/\/www.radiopiu.net\/wordpress\/wp-json\/wp\/v2\/posts\/509194\/revisions"}],"predecessor-version":[{"id":509417,"href":"https:\/\/www.radiopiu.net\/wordpress\/wp-json\/wp\/v2\/posts\/509194\/revisions\/509417"}],"wp:featuredmedia":[{"embeddable":true,"href":"https:\/\/www.radiopiu.net\/wordpress\/wp-json\/wp\/v2\/media\/509415"}],"wp:attachment":[{"href":"https:\/\/www.radiopiu.net\/wordpress\/wp-json\/wp\/v2\/media?parent=509194"}],"wp:term":[{"taxonomy":"category","embeddable":true,"href":"https:\/\/www.radiopiu.net\/wordpress\/wp-json\/wp\/v2\/categories?post=509194"},{"taxonomy":"post_tag","embeddable":true,"href":"https:\/\/www.radiopiu.net\/wordpress\/wp-json\/wp\/v2\/tags?post=509194"}],"curies":[{"name":"wp","href":"https:\/\/api.w.org\/{rel}","templated":true}]}}