{"id":509205,"date":"2026-04-28T05:04:30","date_gmt":"2026-04-28T03:04:30","guid":{"rendered":"https:\/\/www.radiopiu.net\/wordpress\/?p=509205"},"modified":"2026-04-28T05:04:44","modified_gmt":"2026-04-28T03:04:44","slug":"ponte-del-1-maggio-salvo-torna-il-sole","status":"publish","type":"post","link":"https:\/\/www.radiopiu.net\/wordpress\/ponte-del-1-maggio-salvo-torna-il-sole\/","title":{"rendered":"PONTE DEL 1\u00b0 MAGGIO SALVO, TORNA IL SOLE"},"content":{"rendered":"<p>**<\/p>\n<p data-start=\"46\" data-end=\"306\"><a class=\"dt-pswp-item\" href=\"https:\/\/www.radiopiu.net\/wordpress\/wp-content\/uploads\/2026\/04\/de048442-b3f9-41e8-b37f-636d32943492.png\" data-dt-img-description=\"\" data-large_image_width=\"1536\" data-large_image_height=\"1024\"><img loading=\"lazy\" decoding=\"async\" class=\"aligncenter size-medium wp-image-509206\" src=\"https:\/\/www.radiopiu.net\/wordpress\/wp-content\/uploads\/2026\/04\/de048442-b3f9-41e8-b37f-636d32943492-300x200.png\" alt=\"\" width=\"300\" height=\"200\" srcset=\"https:\/\/www.radiopiu.net\/wordpress\/wp-content\/uploads\/2026\/04\/de048442-b3f9-41e8-b37f-636d32943492-300x200.png 300w, https:\/\/www.radiopiu.net\/wordpress\/wp-content\/uploads\/2026\/04\/de048442-b3f9-41e8-b37f-636d32943492-1024x683.png 1024w, https:\/\/www.radiopiu.net\/wordpress\/wp-content\/uploads\/2026\/04\/de048442-b3f9-41e8-b37f-636d32943492-768x512.png 768w, https:\/\/www.radiopiu.net\/wordpress\/wp-content\/uploads\/2026\/04\/de048442-b3f9-41e8-b37f-636d32943492.png 1536w\" sizes=\"auto, (max-width: 300px) 100vw, 300px\" \/><\/a><\/p>\n<p data-start=\"46\" data-end=\"306\">Il ponte del 1\u00b0 maggio \u00e8 salvo: dopo alcuni giorni di instabilit\u00e0, il tempo migliorer\u00e0 e torner\u00e0 il sole, anche se meno intenso rispetto al weekend del 25-26 aprile. Tra oggi e domani sono previste piogge sparse e qualche rovescio, con neve oltre i 2600 metri. Si tratta di una fase instabile ma senza fenomeni intensi: precipitazioni deboli e neve limitata alle alte quote. Le temperature restano miti, con lo zero termico attorno ai 2800 metri. Da gioved\u00ec \u00e8 atteso un miglioramento progressivo, mentre per il 1\u00b0 maggio il cielo sar\u00e0 sereno o poco nuvoloso, con temperature in ripresa durante il giorno.<\/p>\n<p>___<\/p>\n","protected":false},"excerpt":{"rendered":"<p>** Il ponte del 1\u00b0 maggio \u00e8 salvo: dopo alcuni giorni di instabilit\u00e0, il tempo migliorer\u00e0 e torner\u00e0 il sole, anche se meno intenso rispetto al weekend del 25-26 aprile. Tra oggi e domani sono previste piogge sparse e qualche rovescio, con neve oltre i 2600 metri. Si tratta di una fase instabile ma senza&hellip;<\/p>\n","protected":false},"author":4,"featured_media":509206,"comment_status":"closed","ping_status":"closed","sticky":false,"template":"","format":"standard","meta":{"_monsterinsights_skip_tracking":false,"_monsterinsights_sitenote_active":false,"_monsterinsights_sitenote_note":"","_monsterinsights_sitenote_category":0,"footnotes":""},"categories":[104,49],"tags":[],"class_list":["post-509205","post","type-post","status-publish","format-standard","has-post-thumbnail","hentry","category-evidenza_3","category-news-18","category-104","category-49","description-off"],"img_url":"https:\/\/www.radiopiu.net\/wordpress\/wp-content\/uploads\/2026\/04\/de048442-b3f9-41e8-b37f-636d32943492.png","_links":{"self":[{"href":"https:\/\/www.radiopiu.net\/wordpress\/wp-json\/wp\/v2\/posts\/509205","targetHints":{"allow":["GET"]}}],"collection":[{"href":"https:\/\/www.radiopiu.net\/wordpress\/wp-json\/wp\/v2\/posts"}],"about":[{"href":"https:\/\/www.radiopiu.net\/wordpress\/wp-json\/wp\/v2\/types\/post"}],"author":[{"embeddable":true,"href":"https:\/\/www.radiopiu.net\/wordpress\/wp-json\/wp\/v2\/users\/4"}],"replies":[{"embeddable":true,"href":"https:\/\/www.radiopiu.net\/wordpress\/wp-json\/wp\/v2\/comments?post=509205"}],"version-history":[{"count":2,"href":"https:\/\/www.radiopiu.net\/wordpress\/wp-json\/wp\/v2\/posts\/509205\/revisions"}],"predecessor-version":[{"id":509208,"href":"https:\/\/www.radiopiu.net\/wordpress\/wp-json\/wp\/v2\/posts\/509205\/revisions\/509208"}],"wp:featuredmedia":[{"embeddable":true,"href":"https:\/\/www.radiopiu.net\/wordpress\/wp-json\/wp\/v2\/media\/509206"}],"wp:attachment":[{"href":"https:\/\/www.radiopiu.net\/wordpress\/wp-json\/wp\/v2\/media?parent=509205"}],"wp:term":[{"taxonomy":"category","embeddable":true,"href":"https:\/\/www.radiopiu.net\/wordpress\/wp-json\/wp\/v2\/categories?post=509205"},{"taxonomy":"post_tag","embeddable":true,"href":"https:\/\/www.radiopiu.net\/wordpress\/wp-json\/wp\/v2\/tags?post=509205"}],"curies":[{"name":"wp","href":"https:\/\/api.w.org\/{rel}","templated":true}]}}