{"id":509212,"date":"2026-04-28T05:11:50","date_gmt":"2026-04-28T03:11:50","guid":{"rendered":"https:\/\/www.radiopiu.net\/wordpress\/?p=509212"},"modified":"2026-04-28T05:57:37","modified_gmt":"2026-04-28T03:57:37","slug":"falcade-malghe-assegnate-nuova-asta-per-ai-lach","status":"publish","type":"post","link":"https:\/\/www.radiopiu.net\/wordpress\/falcade-malghe-assegnate-nuova-asta-per-ai-lach\/","title":{"rendered":"FALCADE: MALGHE ASSEGNATE, NUOVA ASTA PER AI LACH"},"content":{"rendered":"<p>**<\/p>\n<p data-start=\"55\" data-end=\"339\"><a class=\"dt-pswp-item\" href=\"https:\/\/www.radiopiu.net\/wordpress\/wp-content\/uploads\/2026\/04\/valfredda-malga-ai-lach-47.jpg\" data-dt-img-description=\"\" data-large_image_width=\"2200\" data-large_image_height=\"1467\"><img loading=\"lazy\" decoding=\"async\" class=\"aligncenter size-medium wp-image-509213\" src=\"https:\/\/www.radiopiu.net\/wordpress\/wp-content\/uploads\/2026\/04\/valfredda-malga-ai-lach-47-300x200.jpg\" alt=\"\" width=\"300\" height=\"200\" srcset=\"https:\/\/www.radiopiu.net\/wordpress\/wp-content\/uploads\/2026\/04\/valfredda-malga-ai-lach-47-300x200.jpg 300w, https:\/\/www.radiopiu.net\/wordpress\/wp-content\/uploads\/2026\/04\/valfredda-malga-ai-lach-47-1024x683.jpg 1024w, https:\/\/www.radiopiu.net\/wordpress\/wp-content\/uploads\/2026\/04\/valfredda-malga-ai-lach-47-768x512.jpg 768w, https:\/\/www.radiopiu.net\/wordpress\/wp-content\/uploads\/2026\/04\/valfredda-malga-ai-lach-47-1536x1024.jpg 1536w, https:\/\/www.radiopiu.net\/wordpress\/wp-content\/uploads\/2026\/04\/valfredda-malga-ai-lach-47-2048x1366.jpg 2048w\" sizes=\"auto, (max-width: 300px) 100vw, 300px\" \/><\/a><\/p>\n<p data-start=\"55\" data-end=\"339\"><strong>FALCADE<\/strong> Buone notizie a met\u00e0 per la gestione delle malghe comunali di Falcade. \u00c8 infatti andata a buon fine l\u2019asta per <strong data-start=\"166\" data-end=\"206\">Malga Valles Basso e Valles di Mezzo<\/strong>, assegnate provvisoriamente alla societ\u00e0 agricola <em data-start=\"257\" data-end=\"268\">La Casera<\/em> di Campolongo Maggiore, nel veneziano, con un\u2019offerta di 13 mila euro. Diversa invece la situazione per <strong data-start=\"374\" data-end=\"391\">Malga Ai Lach<\/strong>, rimasta senza gestore. Le offerte presentate sono state ritenute non ammissibili, costringendo il Comune a indire una nuova asta. Il secondo bando \u00e8 gi\u00e0 stato aperto e rester\u00e0 attivo fino al <strong data-start=\"585\" data-end=\"597\">4 maggio<\/strong>, nella speranza di trovare un operatore interessato alla gestione della struttura.<\/p>\n<p>__<\/p>\n","protected":false},"excerpt":{"rendered":"<p>** FALCADE Buone notizie a met\u00e0 per la gestione delle malghe comunali di Falcade. \u00c8 infatti andata a buon fine l\u2019asta per Malga Valles Basso e Valles di Mezzo, assegnate provvisoriamente alla societ\u00e0 agricola La Casera di Campolongo Maggiore, nel veneziano, con un\u2019offerta di 13 mila euro. Diversa invece la situazione per Malga Ai Lach,&hellip;<\/p>\n","protected":false},"author":4,"featured_media":509213,"comment_status":"closed","ping_status":"closed","sticky":false,"template":"","format":"standard","meta":{"_monsterinsights_skip_tracking":false,"_monsterinsights_sitenote_active":false,"_monsterinsights_sitenote_note":"","_monsterinsights_sitenote_category":0,"footnotes":""},"categories":[51,49],"tags":[],"class_list":["post-509212","post","type-post","status-publish","format-standard","has-post-thumbnail","hentry","category-evidenza-top","category-news-18","category-51","category-49","description-off"],"img_url":"https:\/\/www.radiopiu.net\/wordpress\/wp-content\/uploads\/2026\/04\/valfredda-malga-ai-lach-47.jpg","_links":{"self":[{"href":"https:\/\/www.radiopiu.net\/wordpress\/wp-json\/wp\/v2\/posts\/509212","targetHints":{"allow":["GET"]}}],"collection":[{"href":"https:\/\/www.radiopiu.net\/wordpress\/wp-json\/wp\/v2\/posts"}],"about":[{"href":"https:\/\/www.radiopiu.net\/wordpress\/wp-json\/wp\/v2\/types\/post"}],"author":[{"embeddable":true,"href":"https:\/\/www.radiopiu.net\/wordpress\/wp-json\/wp\/v2\/users\/4"}],"replies":[{"embeddable":true,"href":"https:\/\/www.radiopiu.net\/wordpress\/wp-json\/wp\/v2\/comments?post=509212"}],"version-history":[{"count":2,"href":"https:\/\/www.radiopiu.net\/wordpress\/wp-json\/wp\/v2\/posts\/509212\/revisions"}],"predecessor-version":[{"id":509215,"href":"https:\/\/www.radiopiu.net\/wordpress\/wp-json\/wp\/v2\/posts\/509212\/revisions\/509215"}],"wp:featuredmedia":[{"embeddable":true,"href":"https:\/\/www.radiopiu.net\/wordpress\/wp-json\/wp\/v2\/media\/509213"}],"wp:attachment":[{"href":"https:\/\/www.radiopiu.net\/wordpress\/wp-json\/wp\/v2\/media?parent=509212"}],"wp:term":[{"taxonomy":"category","embeddable":true,"href":"https:\/\/www.radiopiu.net\/wordpress\/wp-json\/wp\/v2\/categories?post=509212"},{"taxonomy":"post_tag","embeddable":true,"href":"https:\/\/www.radiopiu.net\/wordpress\/wp-json\/wp\/v2\/tags?post=509212"}],"curies":[{"name":"wp","href":"https:\/\/api.w.org\/{rel}","templated":true}]}}