{"id":509269,"date":"2026-04-28T11:17:27","date_gmt":"2026-04-28T09:17:27","guid":{"rendered":"https:\/\/www.radiopiu.net\/wordpress\/?p=509269"},"modified":"2026-04-28T11:17:27","modified_gmt":"2026-04-28T09:17:27","slug":"feltre-strade-piu-sicure-nelle-frazioni-avanti-il-piano-di-interventi","status":"publish","type":"post","link":"https:\/\/www.radiopiu.net\/wordpress\/feltre-strade-piu-sicure-nelle-frazioni-avanti-il-piano-di-interventi\/","title":{"rendered":"FELTRE, STRADE PI\u00d9 SICURE NELLE FRAZIONI: AVANTI IL PIANO DI INTERVENTI"},"content":{"rendered":"<p>***<\/p>\n<p style=\"text-align: center;\" data-start=\"77\" data-end=\"193\"><a class=\"dt-pswp-item\" href=\"https:\/\/www.radiopiu.net\/wordpress\/wp-content\/uploads\/2026\/04\/griglia-case-rosse-scaled.jpg\" data-dt-img-description=\"\" data-large_image_width=\"2560\" data-large_image_height=\"1920\"><img loading=\"lazy\" decoding=\"async\" class=\"aligncenter size-medium wp-image-509270\" src=\"https:\/\/www.radiopiu.net\/wordpress\/wp-content\/uploads\/2026\/04\/griglia-case-rosse-300x225.jpg\" alt=\"\" width=\"300\" height=\"225\" srcset=\"https:\/\/www.radiopiu.net\/wordpress\/wp-content\/uploads\/2026\/04\/griglia-case-rosse-300x225.jpg 300w, https:\/\/www.radiopiu.net\/wordpress\/wp-content\/uploads\/2026\/04\/griglia-case-rosse-1024x768.jpg 1024w, https:\/\/www.radiopiu.net\/wordpress\/wp-content\/uploads\/2026\/04\/griglia-case-rosse-768x576.jpg 768w, https:\/\/www.radiopiu.net\/wordpress\/wp-content\/uploads\/2026\/04\/griglia-case-rosse-1536x1152.jpg 1536w, https:\/\/www.radiopiu.net\/wordpress\/wp-content\/uploads\/2026\/04\/griglia-case-rosse-2048x1536.jpg 2048w\" sizes=\"auto, (max-width: 300px) 100vw, 300px\" \/><\/a><\/p>\n<p style=\"text-align: center;\" data-start=\"77\" data-end=\"193\"><em data-start=\"77\" data-end=\"193\">Conclusi i lavori ad Arson, in dirittura d\u2019arrivo quelli a Foen: investimenti per sicurezza e viabilit\u00e0 quotidiana<\/em><\/p>\n<p data-start=\"195\" data-end=\"370\"><strong>FELTRE<\/strong> Prosegue il piano del Comune per migliorare la viabilit\u00e0 e la sicurezza nelle frazioni, con interventi mirati che incidono direttamente sulla qualit\u00e0 della vita dei residenti. Sono stati completati i lavori ad Arson, mentre sono in fase di conclusione quelli a Foen, entrambi inseriti nel progetto complessivo da 250 mila euro che comprende anche via San Michele a Nemeggio. <em>\u201cParliamo di interventi concreti, che incidono sulla vita quotidiana delle persone \u2013 sottolinea il sindaco Viviana Fusaro \u2013. La sicurezza e la qualit\u00e0 delle strade nelle frazioni sono un tema centrale, perch\u00e9 significano accessibilit\u00e0, collegamenti pi\u00f9 agevoli e maggiore tranquillit\u00e0 per chi vive questi territori\u201d. <\/em>Ad Arson, in via Mutten, \u00e8 stato realizzato un intervento importante su una strada collinare stretta e con tratti esposti. Nei punti pi\u00f9 critici sono state installate barriere di protezione in acciaio e legno, studiate per integrarsi con l\u2019ambiente circostante e migliorare la sicurezza della percorrenza. A Foen, invece, i lavori hanno riguardato via Zenta, in un\u2019area residenziale in espansione. Qui il problema principale era rappresentato dal fondo sterrato della strada, che con pioggia e neve diventava difficilmente praticabile. L\u2019intervento ha previsto la sistemazione del piano stradale e la posa di nuovo asfalto, creando una superficie stabile e duratura. <em>\u201cI lavori hanno interessato la regolarizzazione del fondo, la stesura del conglomerato bituminoso e l\u2019adeguamento dei sottoservizi \u2013 spiega l\u2019assessore ai lavori pubblici Andrea Bona \u2013. Si tratta di un\u2019opera attesa, perch\u00e9 riguarda una zona abitata e utilizzata ogni giorno\u201d. <\/em>Nei prossimi mesi saranno completati gli ultimi dettagli: segnaletica orizzontale e verticale e la realizzazione dell\u2019illuminazione pubblica con sei nuovi punti luce, a conferma di un impegno che punta a rendere le frazioni sempre pi\u00f9 sicure e vivibili.<\/p>\n<p data-start=\"195\" data-end=\"370\"><a class=\"dt-pswp-item\" href=\"https:\/\/www.radiopiu.net\/wordpress\/wp-content\/uploads\/2026\/04\/via-mutten.jpg\" data-dt-img-description=\"\" data-large_image_width=\"1200\" data-large_image_height=\"1600\"><img loading=\"lazy\" decoding=\"async\" class=\"aligncenter size-medium wp-image-509271\" src=\"https:\/\/www.radiopiu.net\/wordpress\/wp-content\/uploads\/2026\/04\/via-mutten-225x300.jpg\" alt=\"\" width=\"225\" height=\"300\" srcset=\"https:\/\/www.radiopiu.net\/wordpress\/wp-content\/uploads\/2026\/04\/via-mutten-225x300.jpg 225w, https:\/\/www.radiopiu.net\/wordpress\/wp-content\/uploads\/2026\/04\/via-mutten-768x1024.jpg 768w, https:\/\/www.radiopiu.net\/wordpress\/wp-content\/uploads\/2026\/04\/via-mutten-1152x1536.jpg 1152w, https:\/\/www.radiopiu.net\/wordpress\/wp-content\/uploads\/2026\/04\/via-mutten.jpg 1200w\" sizes=\"auto, (max-width: 225px) 100vw, 225px\" \/><\/a><\/p>\n<p>___<\/p>\n","protected":false},"excerpt":{"rendered":"<p>*** Conclusi i lavori ad Arson, in dirittura d\u2019arrivo quelli a Foen: investimenti per sicurezza e viabilit\u00e0 quotidiana FELTRE Prosegue il piano del Comune per migliorare la viabilit\u00e0 e la sicurezza nelle frazioni, con interventi mirati che incidono direttamente sulla qualit\u00e0 della vita dei residenti. Sono stati completati i lavori ad Arson, mentre sono in&hellip;<\/p>\n","protected":false},"author":4,"featured_media":509270,"comment_status":"closed","ping_status":"closed","sticky":false,"template":"","format":"standard","meta":{"_monsterinsights_skip_tracking":false,"_monsterinsights_sitenote_active":false,"_monsterinsights_sitenote_note":"","_monsterinsights_sitenote_category":0,"footnotes":""},"categories":[49],"tags":[],"class_list":["post-509269","post","type-post","status-publish","format-standard","has-post-thumbnail","hentry","category-news-18","category-49","description-off"],"img_url":"https:\/\/www.radiopiu.net\/wordpress\/wp-content\/uploads\/2026\/04\/griglia-case-rosse-scaled.jpg","_links":{"self":[{"href":"https:\/\/www.radiopiu.net\/wordpress\/wp-json\/wp\/v2\/posts\/509269","targetHints":{"allow":["GET"]}}],"collection":[{"href":"https:\/\/www.radiopiu.net\/wordpress\/wp-json\/wp\/v2\/posts"}],"about":[{"href":"https:\/\/www.radiopiu.net\/wordpress\/wp-json\/wp\/v2\/types\/post"}],"author":[{"embeddable":true,"href":"https:\/\/www.radiopiu.net\/wordpress\/wp-json\/wp\/v2\/users\/4"}],"replies":[{"embeddable":true,"href":"https:\/\/www.radiopiu.net\/wordpress\/wp-json\/wp\/v2\/comments?post=509269"}],"version-history":[{"count":1,"href":"https:\/\/www.radiopiu.net\/wordpress\/wp-json\/wp\/v2\/posts\/509269\/revisions"}],"predecessor-version":[{"id":509272,"href":"https:\/\/www.radiopiu.net\/wordpress\/wp-json\/wp\/v2\/posts\/509269\/revisions\/509272"}],"wp:featuredmedia":[{"embeddable":true,"href":"https:\/\/www.radiopiu.net\/wordpress\/wp-json\/wp\/v2\/media\/509270"}],"wp:attachment":[{"href":"https:\/\/www.radiopiu.net\/wordpress\/wp-json\/wp\/v2\/media?parent=509269"}],"wp:term":[{"taxonomy":"category","embeddable":true,"href":"https:\/\/www.radiopiu.net\/wordpress\/wp-json\/wp\/v2\/categories?post=509269"},{"taxonomy":"post_tag","embeddable":true,"href":"https:\/\/www.radiopiu.net\/wordpress\/wp-json\/wp\/v2\/tags?post=509269"}],"curies":[{"name":"wp","href":"https:\/\/api.w.org\/{rel}","templated":true}]}}