{"id":509286,"date":"2026-04-28T15:33:34","date_gmt":"2026-04-28T13:33:34","guid":{"rendered":"https:\/\/www.radiopiu.net\/wordpress\/?p=509286"},"modified":"2026-04-28T15:33:34","modified_gmt":"2026-04-28T13:33:34","slug":"21-nuovi-maestri-del-lavoro-in-provincia-di-belluno","status":"publish","type":"post","link":"https:\/\/www.radiopiu.net\/wordpress\/21-nuovi-maestri-del-lavoro-in-provincia-di-belluno\/","title":{"rendered":"21 NUOVI MAESTRI DEL LAVORO IN PROVINCIA DI BELLUNO"},"content":{"rendered":"<p>*******<\/p>\n<p>&nbsp;<\/p>\n<p><strong>BELLUNO <\/strong>La \u201cStella al Merito del Lavoro\u201d \u00e8 un prestigioso riconoscimento, istituito nel 1923, che premia lavoratrici e lavoratori che si sono distinti per meriti di perizia, laboriosit\u00e0 e buona condotta morale. La \u201cStella\u201d, per legge, comporta il titolo di Maestro del Lavoro e viene concessa, ogni anno, ad un ristretto numero di lavoratori dipendenti.\u00a0 Quest\u2019anno sono ventuno i bellunesi insigniti di tale Onorificenza. Un numero significativo che riflette la grande operosit\u00e0 e professionalit\u00e0 presente nella nostra area, dimostrando come il tessuto produttivo bellunese sia composto da persone di grande valore e dedizione. I premiati sono persone che, nel corso della loro carriera, hanno contribuito in modo significativo alla crescita e allo sviluppo delle loro rispettive Aziende e Settori. Sono modelli di professionalit\u00e0 ed integrit\u00e0, rappresentando il meglio del mondo del lavoro italiano e sono fonte di ispirazione per tutti. La \u201cStella al Merito del Lavoro\u201d \u00e8 quindi molto pi\u00f9 di un semplice premio: \u00e8 il simbolo di una vita dedicata al lavoro con passione ed integrit\u00e0. Il riconoscimento, decretato dal Presidente della Repubblica, sar\u00e0 consegnato ai premiati il prossimo 1\u00b0 maggio durante una cerimonia ufficiale organizzata dalla Prefettura di Venezia presso il Teatro Toniolo a Mestre<strong>.<\/strong><\/p>\n<p><strong>Questi i nuovi Maestri bellunesi:<\/strong> Adriana Alfonsi (Blackfin S.p.A., Taibon Agordino), Lucia Benvegn\u00f9 (Imap S.r.l., Sedico), Michele Bristot (Luxottica S.r.l., Agordo), Massimo Calderini (De Rigo Vision S.p.A., Longarone), Stefano Casal ( NPE S.r.l., Longarone), Alessandra Casanova (Luxottica S.r.l., Agordo), Livio Cassol (Acil S.r.l., Sedico), Nicola Da Rin (SGM S.r.l., Auronzo di Cadore), Stephanie De Valerio (De Rigo Vision S.p.A., Longarone), Andrea Del Longo (Enel Green Power Italia S.r.l., Soverzene), Giovanna Fornasier (Safilo S.p.A., Padova), Silvana Lucchetta (Meccanostampi S.r.l. Limana), Fabrizio Moretti (Luxottica Group S.p.A., Sedico), Elio Padovan (Robertshaw Italy S.r.l., Alpago), Edit Peterle (Trenti Industria Occhiali S.p.A., Perarolo di Cadore), Teresa Polito (Giorgio Fedon&amp;Figli S.p.A., Alpago), Luigino Santomaso (Luxottica S.r.l., Sedico), Tommaso Sponga (Rolmec S.r.l., Sedico), Agostino Tegner (Finblok S.r.l., Sedico), Giovanni Tomea (Sopracolle S.r.l., Perarolo di Cadore), Fabio Zambon (Clivet S.p.A., Feltre).<\/p>\n\n\t\t\t<style type='text\/css'>\n\t\t\t\t#gallery-1 {\n\t\t\t\t\tmargin: auto;\n\t\t\t\t}\n\t\t\t\t#gallery-1 .gallery-item {\n\t\t\t\t\tfloat: left;\n\t\t\t\t\tmargin-top: 10px;\n\t\t\t\t\ttext-align: center;\n\t\t\t\t\twidth: 50%;\n\t\t\t\t}\n\t\t\t\t#gallery-1 img {\n\t\t\t\t\tborder: 2px solid #cfcfcf;\n\t\t\t\t}\n\t\t\t\t#gallery-1 .gallery-caption {\n\t\t\t\t\tmargin-left: 0;\n\t\t\t\t}\n\t\t\t\t\/* see gallery_shortcode() in wp-includes\/media.php *\/\n\t\t\t<\/style>\n\t\t<div id='gallery-1' class='dt-gallery-container gallery galleryid-509286 gallery-columns-2 gallery-size-medium'><dl class='gallery-item'>\n\t\t\t\t<dt class='gallery-icon landscape'>\n\t\t\t\t\t<a class=\"rollover rollover-zoom dt-pswp-item\" title=\"MAESTRI LAVORO 2026 1\" data-dt-img-description=\"\" data-large_image_width=\"989\" data-large_image_height=\"678\"href='https:\/\/www.radiopiu.net\/wordpress\/wp-content\/uploads\/2026\/04\/MAESTRI-LAVORO-2026-1.jpg'><img loading=\"lazy\" decoding=\"async\" width=\"300\" height=\"206\" src=\"https:\/\/www.radiopiu.net\/wordpress\/wp-content\/uploads\/2026\/04\/MAESTRI-LAVORO-2026-1-300x206.jpg\" class=\"attachment-medium size-medium\" alt=\"\" srcset=\"https:\/\/www.radiopiu.net\/wordpress\/wp-content\/uploads\/2026\/04\/MAESTRI-LAVORO-2026-1-300x206.jpg 300w, https:\/\/www.radiopiu.net\/wordpress\/wp-content\/uploads\/2026\/04\/MAESTRI-LAVORO-2026-1-768x526.jpg 768w, https:\/\/www.radiopiu.net\/wordpress\/wp-content\/uploads\/2026\/04\/MAESTRI-LAVORO-2026-1.jpg 989w\" sizes=\"auto, (max-width: 300px) 100vw, 300px\" \/><\/a>\n\t\t\t\t<\/dt><\/dl><dl class='gallery-item'>\n\t\t\t\t<dt class='gallery-icon landscape'>\n\t\t\t\t\t<a class=\"rollover rollover-zoom dt-pswp-item\" title=\"MAESTRI LAVORO 2026 2\" data-dt-img-description=\"\" data-large_image_width=\"992\" data-large_image_height=\"624\"href='https:\/\/www.radiopiu.net\/wordpress\/wp-content\/uploads\/2026\/04\/MAESTRI-LAVORO-2026-2.jpg'><img loading=\"lazy\" decoding=\"async\" width=\"300\" height=\"189\" src=\"https:\/\/www.radiopiu.net\/wordpress\/wp-content\/uploads\/2026\/04\/MAESTRI-LAVORO-2026-2-300x189.jpg\" class=\"attachment-medium size-medium\" alt=\"\" srcset=\"https:\/\/www.radiopiu.net\/wordpress\/wp-content\/uploads\/2026\/04\/MAESTRI-LAVORO-2026-2-300x189.jpg 300w, https:\/\/www.radiopiu.net\/wordpress\/wp-content\/uploads\/2026\/04\/MAESTRI-LAVORO-2026-2-768x483.jpg 768w, https:\/\/www.radiopiu.net\/wordpress\/wp-content\/uploads\/2026\/04\/MAESTRI-LAVORO-2026-2.jpg 992w\" sizes=\"auto, (max-width: 300px) 100vw, 300px\" \/><\/a>\n\t\t\t\t<\/dt><\/dl><br style=\"clear: both\" \/>\n\t\t\t<\/div>\n\n<p>&nbsp;<\/p>\n<p>&nbsp;<\/p>\n<p>&nbsp;<\/p>\n<p>&nbsp;<\/p>\n<p>***********<\/p>\n","protected":false},"excerpt":{"rendered":"<p>******* &nbsp; BELLUNO La \u201cStella al Merito del Lavoro\u201d \u00e8 un prestigioso riconoscimento, istituito nel 1923, che premia lavoratrici e lavoratori che si sono distinti per meriti di perizia, laboriosit\u00e0 e buona condotta morale. La \u201cStella\u201d, per legge, comporta il titolo di Maestro del Lavoro e viene concessa, ogni anno, ad un ristretto numero di&hellip;<\/p>\n","protected":false},"author":4,"featured_media":219413,"comment_status":"closed","ping_status":"closed","sticky":false,"template":"","format":"standard","meta":{"_monsterinsights_skip_tracking":false,"_monsterinsights_sitenote_active":false,"_monsterinsights_sitenote_note":"","_monsterinsights_sitenote_category":0,"footnotes":""},"categories":[51,49],"tags":[],"class_list":["post-509286","post","type-post","status-publish","format-standard","has-post-thumbnail","hentry","category-evidenza-top","category-news-18","category-51","category-49","description-off"],"img_url":"https:\/\/www.radiopiu.net\/wordpress\/wp-content\/uploads\/2021\/07\/MAESTRI-DEL-LAVORO.jpg","_links":{"self":[{"href":"https:\/\/www.radiopiu.net\/wordpress\/wp-json\/wp\/v2\/posts\/509286","targetHints":{"allow":["GET"]}}],"collection":[{"href":"https:\/\/www.radiopiu.net\/wordpress\/wp-json\/wp\/v2\/posts"}],"about":[{"href":"https:\/\/www.radiopiu.net\/wordpress\/wp-json\/wp\/v2\/types\/post"}],"author":[{"embeddable":true,"href":"https:\/\/www.radiopiu.net\/wordpress\/wp-json\/wp\/v2\/users\/4"}],"replies":[{"embeddable":true,"href":"https:\/\/www.radiopiu.net\/wordpress\/wp-json\/wp\/v2\/comments?post=509286"}],"version-history":[{"count":1,"href":"https:\/\/www.radiopiu.net\/wordpress\/wp-json\/wp\/v2\/posts\/509286\/revisions"}],"predecessor-version":[{"id":509289,"href":"https:\/\/www.radiopiu.net\/wordpress\/wp-json\/wp\/v2\/posts\/509286\/revisions\/509289"}],"wp:featuredmedia":[{"embeddable":true,"href":"https:\/\/www.radiopiu.net\/wordpress\/wp-json\/wp\/v2\/media\/219413"}],"wp:attachment":[{"href":"https:\/\/www.radiopiu.net\/wordpress\/wp-json\/wp\/v2\/media?parent=509286"}],"wp:term":[{"taxonomy":"category","embeddable":true,"href":"https:\/\/www.radiopiu.net\/wordpress\/wp-json\/wp\/v2\/categories?post=509286"},{"taxonomy":"post_tag","embeddable":true,"href":"https:\/\/www.radiopiu.net\/wordpress\/wp-json\/wp\/v2\/tags?post=509286"}],"curies":[{"name":"wp","href":"https:\/\/api.w.org\/{rel}","templated":true}]}}