{"id":509334,"date":"2026-04-28T18:54:14","date_gmt":"2026-04-28T16:54:14","guid":{"rendered":"https:\/\/www.radiopiu.net\/wordpress\/?p=509334"},"modified":"2026-04-28T18:57:08","modified_gmt":"2026-04-28T16:57:08","slug":"essilorluxottica-approvato-dividendo-2025-e-opzione-di-pagamento-in-azioni","status":"publish","type":"post","link":"https:\/\/www.radiopiu.net\/wordpress\/essilorluxottica-approvato-dividendo-2025-e-opzione-di-pagamento-in-azioni\/","title":{"rendered":"ESSILORLUXOTTICA: APPROVATO DIVIDENDO 2025 E OPZIONE DI PAGAMENTO IN AZIONI"},"content":{"rendered":"<p>*********<\/p>\n<p>&nbsp;<\/p>\n<p><a class=\"dt-pswp-item\" href=\"https:\/\/www.radiopiu.net\/wordpress\/wp-content\/uploads\/2026\/04\/essilorluxottica-2026-agm-april-28.jpg\" data-dt-img-description=\"\" data-large_image_width=\"1194\" data-large_image_height=\"634\"><img loading=\"lazy\" decoding=\"async\" class=\"aligncenter size-medium wp-image-509338\" src=\"https:\/\/www.radiopiu.net\/wordpress\/wp-content\/uploads\/2026\/04\/essilorluxottica-2026-agm-april-28-300x159.jpg\" alt=\"\" width=\"300\" height=\"159\" srcset=\"https:\/\/www.radiopiu.net\/wordpress\/wp-content\/uploads\/2026\/04\/essilorluxottica-2026-agm-april-28-300x159.jpg 300w, https:\/\/www.radiopiu.net\/wordpress\/wp-content\/uploads\/2026\/04\/essilorluxottica-2026-agm-april-28-1024x544.jpg 1024w, https:\/\/www.radiopiu.net\/wordpress\/wp-content\/uploads\/2026\/04\/essilorluxottica-2026-agm-april-28-768x408.jpg 768w, https:\/\/www.radiopiu.net\/wordpress\/wp-content\/uploads\/2026\/04\/essilorluxottica-2026-agm-april-28.jpg 1194w\" sizes=\"auto, (max-width: 300px) 100vw, 300px\" \/><\/a><\/p>\n<p>&nbsp;<\/p>\n<p><strong>PARIGI (FRANCIA) <\/strong>Si \u00e8 tenuta oggi l\u2019Assemblea Annuale degli Azionisti di EssilorLuxottica presso il 3 Mazarium di Parigi. Gli azionisti hanno approvato tutte le 30 delibere presentate dal Consiglio di Amministrazione all\u2019Assemblea Ordinaria e Straordinaria, comprese quelle relative alla distribuzione di un dividendo di Euro 4,00 per azione per l\u2019esercizio 2025 e alla politica di remunerazione applicabile agli Amministratori Esecutivi della Societ\u00e0. \u201cLa fiducia espressa oggi dai nostri azionisti in Assemblea \u00e8 un chiaro riconoscimento del valore della profonda trasformazione che stiamo realizzando. Una strategia chiara e ambiziosa, fondata su solide competenze nella cura della vista e nei wearable, che sappiamo tradurre in risultati tangibili, come dimostra l\u2019approvazione odierna di un dividendo di 4,00 euro, quasi il doppio rispetto al primo distribuito nel 2018. Forti di questa fiducia, proseguiamo il nostro percorso con ambizione e una solida capacit\u00e0 di esecuzione, per creare valore duraturo per tutti\u201d, hanno commentato Francesco Milleri, Presidente e Amministratore Delegato, e Paul du Saillant, Vice Amministratore Delegato di EssilorLuxottica, dopo l\u2019Assemblea.<\/p>\n<p><strong>Pagamento del dividendo e opzione di pagamento in azioni <\/strong><\/p>\n<p>\u00c8 stata approvata la delibera che attribuisce agli azionisti la facolt\u00e0 di percepire in azioni il dividendo finale da corrispondere per l\u2019esercizio chiuso il 31 dicembre 2025. Come debitamente riconosciuto dal Consiglio di Amministrazione, il prezzo delle azioni di nuova emissione per il pagamento del dividendo \u00e8 stato fissato a Euro 175,06 per azione. Il prezzo corrisponde al 90% della media dei prezzi di apertura delle azioni della Societ\u00e0 sul mercato Euronext di Parigi durante i venti giorni di negoziazione precedenti la data dell\u2019Assemblea Annuale degli Azionisti, al netto dell\u2019importo del dividendo finale da distribuire per l\u2019esercizio chiuso al 31 dicembre 2025, il tutto arrotondato al centesimo di euro pi\u00f9 vicino. La data di stacco del dividendo finale \u00e8 fissata al 5 maggio 2026. La data limite per determinare la legittimazione al pagamento del dividendo \u00e8 fissata al 6 maggio 2026 (record date). Gli azionisti avranno diritto di esercitare tale opzione tra il 7 maggio 2026 e il 28 maggio 2026 inclusi (ad eccezione degli azionisti titolari di azioni in forma nominativa pura, che dovranno esercitare tale opzione entro e non oltre il 26 maggio 2026 se effettuata tramite posta ordinaria, o il 27 maggio 2026 se effettuata online). Per esercitare tale opzione, gli azionisti dovranno rivolgersi agli intermediari finanziari autorizzati. Gli azionisti che detengono azioni in forma nominativa pura dovranno rivolgersi all\u2019agente della Societ\u00e0 (Uptevia, 90\u2013110 Esplanade du G\u00e9n\u00e9ral de Gaulle \u2013 92931 Paris La D\u00e9fense Cedex). Gli azionisti che non eserciteranno la propria opzione entro le scadenze sopra indicate riceveranno il dividendo finale interamente in contanti. La Societ\u00e0 presenter\u00e0 domanda di ammissione alle negoziazioni delle nuove azioni sul mercato Euronext di Parigi. Le nuove azioni ordinarie assegnate in pagamento conferiranno gli stessi diritti delle azioni esistenti e avranno diritto ai dividendi correnti (\u201cjouissance courante\u201d), ovvero conferiranno il diritto a qualsiasi distribuzione effettuata a partire dalla data della loro emissione. Se l\u2019importo del dividendo finale rispetto al quale verr\u00e0 eventualmente esercitata l\u2019opzione non corrisponde a un numero intero di azioni, l\u2019azionista ricever\u00e0 un numero di azioni arrotondato per difetto al numero intero pi\u00f9 vicino e integrato da un saldo in contanti (\u201csoulte\u201d). Il pagamento del dividendo o la consegna delle nuove azioni a seguito dell\u2019esercizio dell\u2019opzione avverr\u00e0 a partire dal 3 giugno 2026. Gli azionisti possono collegarsi al sito <a class=\"decorated-link\" href=\"http:\/\/www.essilorluxottica.com\" target=\"_new\" rel=\"noopener\" data-start=\"3927\" data-end=\"3951\">www.essilorluxottica.com<\/a> per consultare il documento di Domande e Risposte dedicato al pagamento del dividendo in azioni.<\/p>\n<p>&nbsp;<\/p>\n<p>&nbsp;<\/p>\n<p>&nbsp;<\/p>\n<p>&nbsp;<\/p>\n<p>&nbsp;<\/p>\n<p>*******<\/p>\n","protected":false},"excerpt":{"rendered":"<p>********* &nbsp; &nbsp; PARIGI (FRANCIA) Si \u00e8 tenuta oggi l\u2019Assemblea Annuale degli Azionisti di EssilorLuxottica presso il 3 Mazarium di Parigi. Gli azionisti hanno approvato tutte le 30 delibere presentate dal Consiglio di Amministrazione all\u2019Assemblea Ordinaria e Straordinaria, comprese quelle relative alla distribuzione di un dividendo di Euro 4,00 per azione per l\u2019esercizio 2025 e&hellip;<\/p>\n","protected":false},"author":4,"featured_media":386124,"comment_status":"closed","ping_status":"closed","sticky":false,"template":"","format":"standard","meta":{"_monsterinsights_skip_tracking":false,"_monsterinsights_sitenote_active":false,"_monsterinsights_sitenote_note":"","_monsterinsights_sitenote_category":0,"footnotes":""},"categories":[51,49],"tags":[],"class_list":["post-509334","post","type-post","status-publish","format-standard","has-post-thumbnail","hentry","category-evidenza-top","category-news-18","category-51","category-49","description-off"],"img_url":"https:\/\/www.radiopiu.net\/wordpress\/wp-content\/uploads\/2024\/04\/essilorluxottica.png","_links":{"self":[{"href":"https:\/\/www.radiopiu.net\/wordpress\/wp-json\/wp\/v2\/posts\/509334","targetHints":{"allow":["GET"]}}],"collection":[{"href":"https:\/\/www.radiopiu.net\/wordpress\/wp-json\/wp\/v2\/posts"}],"about":[{"href":"https:\/\/www.radiopiu.net\/wordpress\/wp-json\/wp\/v2\/types\/post"}],"author":[{"embeddable":true,"href":"https:\/\/www.radiopiu.net\/wordpress\/wp-json\/wp\/v2\/users\/4"}],"replies":[{"embeddable":true,"href":"https:\/\/www.radiopiu.net\/wordpress\/wp-json\/wp\/v2\/comments?post=509334"}],"version-history":[{"count":2,"href":"https:\/\/www.radiopiu.net\/wordpress\/wp-json\/wp\/v2\/posts\/509334\/revisions"}],"predecessor-version":[{"id":509339,"href":"https:\/\/www.radiopiu.net\/wordpress\/wp-json\/wp\/v2\/posts\/509334\/revisions\/509339"}],"wp:featuredmedia":[{"embeddable":true,"href":"https:\/\/www.radiopiu.net\/wordpress\/wp-json\/wp\/v2\/media\/386124"}],"wp:attachment":[{"href":"https:\/\/www.radiopiu.net\/wordpress\/wp-json\/wp\/v2\/media?parent=509334"}],"wp:term":[{"taxonomy":"category","embeddable":true,"href":"https:\/\/www.radiopiu.net\/wordpress\/wp-json\/wp\/v2\/categories?post=509334"},{"taxonomy":"post_tag","embeddable":true,"href":"https:\/\/www.radiopiu.net\/wordpress\/wp-json\/wp\/v2\/tags?post=509334"}],"curies":[{"name":"wp","href":"https:\/\/api.w.org\/{rel}","templated":true}]}}